{"id":142424,"date":"2021-09-07T00:24:43","date_gmt":"2021-09-07T04:24:43","guid":{"rendered":"https:\/\/digital58.com.ve\/site\/?p=142424"},"modified":"2021-09-07T00:24:43","modified_gmt":"2021-09-07T04:24:43","slug":"venezuela-llega-a-4-115-muertes-por-la-covid-19-desde-el-comienzo-de-pandemia","status":"publish","type":"post","link":"https:\/\/digital58.com.ve\/site\/2021\/09\/07\/venezuela-llega-a-4-115-muertes-por-la-covid-19-desde-el-comienzo-de-pandemia\/","title":{"rendered":"Venezuela llega a 4.115 muertes por la COVID-19 desde el comienzo de pandemia"},"content":{"rendered":"<p><a href=\"https:\/\/digital58.com.ve\/site\/wp-content\/uploads\/2021\/07\/covid-vzla.jpg\"><img loading=\"lazy\" decoding=\"async\" class=\"aligncenter size-full wp-image-140515\" src=\"https:\/\/digital58.com.ve\/site\/wp-content\/uploads\/2021\/07\/covid-vzla.jpg\" alt=\"\" width=\"900\" height=\"600\" srcset=\"https:\/\/digital58.com.ve\/site\/wp-content\/uploads\/2021\/07\/covid-vzla.jpg 900w, https:\/\/digital58.com.ve\/site\/wp-content\/uploads\/2021\/07\/covid-vzla-300x200.jpg 300w, https:\/\/digital58.com.ve\/site\/wp-content\/uploads\/2021\/07\/covid-vzla-768x512.jpg 768w, https:\/\/digital58.com.ve\/site\/wp-content\/uploads\/2021\/07\/covid-vzla-720x480.jpg 720w, https:\/\/digital58.com.ve\/site\/wp-content\/uploads\/2021\/07\/covid-vzla-480x320.jpg 480w\" sizes=\"auto, (max-width: 900px) 100vw, 900px\" \/><\/a><\/p>\n<p>Hasta la fecha, seg\u00fan el mandatario venezolano, el pa\u00eds lleva \u00abun 30 % de poblaci\u00f3n vacunada\u00bb, pero no especific\u00f3 que ese porcentaje corresponde a ciudadanos que han recibido una sola dosis, pues solo el 10 % ha recibido la pauta completa, seg\u00fan el c\u00f3mputo de la OPS.<\/p>\n<p><strong>Maracaibo, Zulia, Venezuela, 07 de septiembre de 2021 (ND58).-<\/strong> Venezuela lleg\u00f3 este lunes a 4.115 muertes a causa de la COVID-19, despu\u00e9s de que las autoridades sanitarias registraran 17 nuevos fallecimientos en las \u00faltimas 24 horas, inform\u00f3 el ministro de Comunicaci\u00f3n del pa\u00eds caribe\u00f1o, Freddy \u00d1\u00e1\u00f1ez.<\/p>\n<p>\u00abLamentablemente, tenemos 17 nuevos fallecidos para llegar a 4.115\u00bb, indic\u00f3 \u00d1\u00e1\u00f1ez en su cuenta de la red social Twitter, donde detall\u00f3 que seis de los nuevos decesos ocurrieron en Aragua, cuatro en Caracas, dos en La Guaira, dos m\u00e1s en Yaracuy, otros dos en Zulia y uno en Miranda.<\/p>\n<p>Asimismo, inform\u00f3 que en esta jornada el pa\u00eds registr\u00f3 \u00ab1.127 nuevos contagios\u00bb, siendo Caracas la entidad con mayor cantidad de casos con 272. Le sigue Miranda con 235, Lara con 151, Nueva Esparta con 91, Aragua con 71, Yaracuy con 69, T\u00e1chira con 51, La Guaira con 41, Monagas con 37, Portuguesa con 36, Zulia con 24, Amazonas con 18.<\/p>\n<p>En la lista de contagios de las \u00faltimas horas tambi\u00e9n destaca Falc\u00f3n con catorce, Anzo\u00e1tegui con trece, Carabobo con dos y Trujillo y Bol\u00edvar con uno cada uno.<\/p>\n<p>Con estos datos, Venezuela lleg\u00f3 a 341.314 casos confirmados desde que se inici\u00f3 la pandemia en el pa\u00eds, y seg\u00fan los datos del Gobierno, de este total, 325.336 personas se han recuperado y 11.863 contagios se encuentran activos.<\/p>\n<p>Las cifras, sin embargo, son cuestionadas por diversos sindicatos de salud que tambi\u00e9n exigen informaci\u00f3n sobre c\u00f3mo avanza el proceso de vacunaci\u00f3n, el cual \u2014denuncian\u2014 es desordenado.<\/p>\n<p>El ministro record\u00f3 hoy que, durante esta semana, las personas mayores de 50 a\u00f1os pueden \u00abasistir a cualquier centro de vacunaci\u00f3n, sin previa cita a recibir su respectiva dosis\u00bb, anticovid.<\/p>\n<p>Venezuela recibi\u00f3 este lunes un nuevo lote de la segunda dosis de la vacuna rusa Sputnik V \u2014con una formulaci\u00f3n diferente a la primera\u2014, aunque no fue detallada la cantidad de f\u00e1rmacos que llegaron al pa\u00eds.<\/p>\n<p>La naci\u00f3n caribe\u00f1a tambi\u00e9n est\u00e1 a la espera de recibir las primeras vacunas del mecanismo Covax, que administra la Organizaci\u00f3n Mundial de la Salud (OMS) y que, seg\u00fan asegur\u00f3 el domingo el presidente Nicol\u00e1s Maduro, llegar\u00e1n \u00abesta semana\u00bb.<\/p>\n<p>El mandatario ya hab\u00eda dicho el pasado 2 de agosto que Venezuela recibir\u00eda vacunas del sistema Covax \u00aben los pr\u00f3ximos d\u00edas\u00bb, una promesa que no se ha cumplido m\u00e1s de un mes despu\u00e9s.<\/p>\n<p>Sin embargo, la Organizaci\u00f3n Panamericana de la Salud (OPS) se\u00f1al\u00f3 que ser\u00e1 \u00abhacia finales de septiembre\u00bb cuando se env\u00ede a Venezuela el primer lote procedente del mecanismo Covax.<\/p>\n<p><strong>Redacci\u00f3n ND58 | Fuente: EFE<\/strong><br \/>\n<strong>Edici\u00f3n: Villasmil, Henry<\/strong><br \/>\n<strong>Gr\u00e1fica: Archivo<\/strong><\/p>\n<p>&nbsp;<\/p><div class=\"gqamn6a96c156acc7d\" ><p style=\"text-align: center;\"><a href=\"https:\/\/t.me\/noticiasdigital58\" target=\"_blank\" rel=\"noopener\"><img class=\"aligncenter size-full wp-image-125363\" src=\"https:\/\/digital58.com.ve\/site\/wp-content\/uploads\/2021\/04\/banner-telegram-web-2021.png\" alt=\"\" width=\"600\" height=\"90\" \/><\/a><\/p><\/div><style type=\"text\/css\">\r\n@media screen and (min-width: 1201px) {\r\n.gqamn6a96c156acc7d {\r\ndisplay: block;\r\n}\r\n}\r\n@media screen and (min-width: 993px) and (max-width: 1200px) {\r\n.gqamn6a96c156acc7d {\r\ndisplay: block;\r\n}\r\n}\r\n@media screen and (min-width: 769px) and (max-width: 992px) {\r\n.gqamn6a96c156acc7d {\r\ndisplay: block;\r\n}\r\n}\r\n@media screen and (min-width: 768px) and (max-width: 768px) {\r\n.gqamn6a96c156acc7d {\r\ndisplay: block;\r\n}\r\n}\r\n@media screen and (max-width: 767px) {\r\n.gqamn6a96c156acc7d {\r\ndisplay: block;\r\n}\r\n}\r\n<\/style>\r\n\n<p>&nbsp;<\/p>\n<div style=\"margin-top: 0px; margin-bottom: 0px;\" class=\"sharethis-inline-share-buttons\" ><\/div>","protected":false},"excerpt":{"rendered":"<p>Hasta la fecha, seg\u00fan el mandatario venezolano, el pa\u00eds lleva \u00abun 30 % de poblaci\u00f3n vacunada\u00bb, pero no especific\u00f3 que<\/p>\n","protected":false},"author":1,"featured_media":141746,"comment_status":"open","ping_status":"closed","sticky":false,"template":"","format":"standard","meta":{"colormag_page_container_layout":"default_layout","colormag_page_sidebar_layout":"default_layout","_uag_custom_page_level_css":"","footnotes":""},"categories":[16454],"tags":[13352,13648,233,13723,14457,13793],"class_list":["post-142424","post","type-post","status-publish","format-standard","has-post-thumbnail","hentry","category-venezuela","tag-coronavirus","tag-covid-19","tag-nacionales","tag-pandemia","tag-reporte-diario-covid-19","tag-sars-cov-2"],"yoast_head":"<!-- This site is optimized with the Yoast SEO plugin v28.3 - https:\/\/yoast.com\/product\/yoast-seo-wordpress\/ -->\n<title>Venezuela llega a 4.115 muertes por la COVID-19 desde el comienzo de pandemia<\/title>\n<meta name=\"description\" content=\"Venezuela\" \/>\n<meta name=\"robots\" content=\"index, follow, max-snippet:-1, max-image-preview:large, max-video-preview:-1\" \/>\n<link rel=\"canonical\" href=\"https:\/\/digital58.com.ve\/site\/2021\/09\/07\/venezuela-llega-a-4-115-muertes-por-la-covid-19-desde-el-comienzo-de-pandemia\/\" \/>\n<meta property=\"og:locale\" content=\"es_ES\" \/>\n<meta property=\"og:type\" content=\"article\" \/>\n<meta property=\"og:title\" content=\"Venezuela llega a 4.115 muertes por la COVID-19 desde el comienzo de pandemia\" \/>\n<meta property=\"og:description\" content=\"Venezuela\" \/>\n<meta property=\"og:url\" content=\"https:\/\/digital58.com.ve\/site\/2021\/09\/07\/venezuela-llega-a-4-115-muertes-por-la-covid-19-desde-el-comienzo-de-pandemia\/\" \/>\n<meta property=\"og:site_name\" content=\"Noticias Digital58\" \/>\n<meta property=\"article:published_time\" content=\"2021-09-07T04:24:43+00:00\" \/>\n<meta property=\"og:image\" content=\"https:\/\/digital58.com.ve\/site\/wp-content\/uploads\/2021\/07\/muertos-covid-vzla.jpg\" \/>\n\t<meta property=\"og:image:width\" content=\"900\" \/>\n\t<meta property=\"og:image:height\" content=\"600\" \/>\n\t<meta property=\"og:image:type\" content=\"image\/jpeg\" \/>\n<meta name=\"author\" content=\"Villasmil Henry\" \/>\n<meta name=\"twitter:card\" content=\"summary_large_image\" \/>\n<meta name=\"twitter:creator\" content=\"@https:\/\/twitter.com\/villasmilhfoto\" \/>\n<meta name=\"twitter:site\" content=\"@villasmilhfoto\" \/>\n<meta name=\"twitter:label1\" content=\"Escrito por\" \/>\n\t<meta name=\"twitter:data1\" content=\"Villasmil Henry\" \/>\n\t<meta name=\"twitter:label2\" content=\"Tiempo estimado de lectura\" \/>\n\t<meta name=\"twitter:data2\" content=\"3 minutos\" \/>\n<script type=\"application\/ld+json\" class=\"yoast-schema-graph\">{\"@context\":\"https:\\\/\\\/schema.org\",\"@graph\":[{\"@type\":\"Article\",\"@id\":\"https:\\\/\\\/digital58.com.ve\\\/site\\\/2021\\\/09\\\/07\\\/venezuela-llega-a-4-115-muertes-por-la-covid-19-desde-el-comienzo-de-pandemia\\\/#article\",\"isPartOf\":{\"@id\":\"https:\\\/\\\/digital58.com.ve\\\/site\\\/2021\\\/09\\\/07\\\/venezuela-llega-a-4-115-muertes-por-la-covid-19-desde-el-comienzo-de-pandemia\\\/\"},\"author\":{\"name\":\"Villasmil Henry\",\"@id\":\"https:\\\/\\\/digital58.com.ve\\\/site\\\/#\\\/schema\\\/person\\\/64d1c2e4d0d4fd1b849980c4331c2951\"},\"headline\":\"Venezuela llega a 4.115 muertes por la COVID-19 desde el comienzo de pandemia\",\"datePublished\":\"2021-09-07T04:24:43+00:00\",\"mainEntityOfPage\":{\"@id\":\"https:\\\/\\\/digital58.com.ve\\\/site\\\/2021\\\/09\\\/07\\\/venezuela-llega-a-4-115-muertes-por-la-covid-19-desde-el-comienzo-de-pandemia\\\/\"},\"wordCount\":501,\"commentCount\":0,\"publisher\":{\"@id\":\"https:\\\/\\\/digital58.com.ve\\\/site\\\/#\\\/schema\\\/person\\\/64d1c2e4d0d4fd1b849980c4331c2951\"},\"image\":{\"@id\":\"https:\\\/\\\/digital58.com.ve\\\/site\\\/2021\\\/09\\\/07\\\/venezuela-llega-a-4-115-muertes-por-la-covid-19-desde-el-comienzo-de-pandemia\\\/#primaryimage\"},\"thumbnailUrl\":\"https:\\\/\\\/digital58.com.ve\\\/site\\\/wp-content\\\/uploads\\\/2021\\\/07\\\/muertos-covid-vzla.jpg\",\"keywords\":[\"Coronavirus\",\"COVID-19\",\"Nacionales\",\"Pandemia\",\"Reporte Diario COVID-19\",\"SARS-CoV-2\"],\"articleSection\":[\"Venezuela\"],\"inLanguage\":\"es\",\"potentialAction\":[{\"@type\":\"CommentAction\",\"name\":\"Comment\",\"target\":[\"https:\\\/\\\/digital58.com.ve\\\/site\\\/2021\\\/09\\\/07\\\/venezuela-llega-a-4-115-muertes-por-la-covid-19-desde-el-comienzo-de-pandemia\\\/#respond\"]}]},{\"@type\":\"WebPage\",\"@id\":\"https:\\\/\\\/digital58.com.ve\\\/site\\\/2021\\\/09\\\/07\\\/venezuela-llega-a-4-115-muertes-por-la-covid-19-desde-el-comienzo-de-pandemia\\\/\",\"url\":\"https:\\\/\\\/digital58.com.ve\\\/site\\\/2021\\\/09\\\/07\\\/venezuela-llega-a-4-115-muertes-por-la-covid-19-desde-el-comienzo-de-pandemia\\\/\",\"name\":\"Venezuela llega a 4.115 muertes por la COVID-19 desde el comienzo de pandemia\",\"isPartOf\":{\"@id\":\"https:\\\/\\\/digital58.com.ve\\\/site\\\/#website\"},\"primaryImageOfPage\":{\"@id\":\"https:\\\/\\\/digital58.com.ve\\\/site\\\/2021\\\/09\\\/07\\\/venezuela-llega-a-4-115-muertes-por-la-covid-19-desde-el-comienzo-de-pandemia\\\/#primaryimage\"},\"image\":{\"@id\":\"https:\\\/\\\/digital58.com.ve\\\/site\\\/2021\\\/09\\\/07\\\/venezuela-llega-a-4-115-muertes-por-la-covid-19-desde-el-comienzo-de-pandemia\\\/#primaryimage\"},\"thumbnailUrl\":\"https:\\\/\\\/digital58.com.ve\\\/site\\\/wp-content\\\/uploads\\\/2021\\\/07\\\/muertos-covid-vzla.jpg\",\"datePublished\":\"2021-09-07T04:24:43+00:00\",\"description\":\"Venezuela\",\"breadcrumb\":{\"@id\":\"https:\\\/\\\/digital58.com.ve\\\/site\\\/2021\\\/09\\\/07\\\/venezuela-llega-a-4-115-muertes-por-la-covid-19-desde-el-comienzo-de-pandemia\\\/#breadcrumb\"},\"inLanguage\":\"es\",\"potentialAction\":[{\"@type\":\"ReadAction\",\"target\":[\"https:\\\/\\\/digital58.com.ve\\\/site\\\/2021\\\/09\\\/07\\\/venezuela-llega-a-4-115-muertes-por-la-covid-19-desde-el-comienzo-de-pandemia\\\/\"]}]},{\"@type\":\"ImageObject\",\"inLanguage\":\"es\",\"@id\":\"https:\\\/\\\/digital58.com.ve\\\/site\\\/2021\\\/09\\\/07\\\/venezuela-llega-a-4-115-muertes-por-la-covid-19-desde-el-comienzo-de-pandemia\\\/#primaryimage\",\"url\":\"https:\\\/\\\/digital58.com.ve\\\/site\\\/wp-content\\\/uploads\\\/2021\\\/07\\\/muertos-covid-vzla.jpg\",\"contentUrl\":\"https:\\\/\\\/digital58.com.ve\\\/site\\\/wp-content\\\/uploads\\\/2021\\\/07\\\/muertos-covid-vzla.jpg\",\"width\":900,\"height\":600},{\"@type\":\"BreadcrumbList\",\"@id\":\"https:\\\/\\\/digital58.com.ve\\\/site\\\/2021\\\/09\\\/07\\\/venezuela-llega-a-4-115-muertes-por-la-covid-19-desde-el-comienzo-de-pandemia\\\/#breadcrumb\",\"itemListElement\":[{\"@type\":\"ListItem\",\"position\":1,\"name\":\"Home\",\"item\":\"https:\\\/\\\/digital58.com.ve\\\/site\\\/\"},{\"@type\":\"ListItem\",\"position\":2,\"name\":\"Venezuela llega a 4.115 muertes por la COVID-19 desde el comienzo de pandemia\"}]},{\"@type\":\"WebSite\",\"@id\":\"https:\\\/\\\/digital58.com.ve\\\/site\\\/#website\",\"url\":\"https:\\\/\\\/digital58.com.ve\\\/site\\\/\",\"name\":\"Noticias Digital58\",\"description\":\"Portal de Noticias \u00a1Periodismo web de verdad! Lanzamiento web 22.11.2005 \\\/ Maracaibo, Venezuela\",\"publisher\":{\"@id\":\"https:\\\/\\\/digital58.com.ve\\\/site\\\/#\\\/schema\\\/person\\\/64d1c2e4d0d4fd1b849980c4331c2951\"},\"alternateName\":\"ND58\",\"potentialAction\":[{\"@type\":\"SearchAction\",\"target\":{\"@type\":\"EntryPoint\",\"urlTemplate\":\"https:\\\/\\\/digital58.com.ve\\\/site\\\/?s={search_term_string}\"},\"query-input\":{\"@type\":\"PropertyValueSpecification\",\"valueRequired\":true,\"valueName\":\"search_term_string\"}}],\"inLanguage\":\"es\"},{\"@type\":[\"Person\",\"Organization\"],\"@id\":\"https:\\\/\\\/digital58.com.ve\\\/site\\\/#\\\/schema\\\/person\\\/64d1c2e4d0d4fd1b849980c4331c2951\",\"name\":\"Villasmil Henry\",\"image\":{\"@type\":\"ImageObject\",\"inLanguage\":\"es\",\"@id\":\"https:\\\/\\\/secure.gravatar.com\\\/avatar\\\/bb0c4a2fcb7970138239f7e404ea75757b1b507b28b5ce4c53fbd62d797c5a7c?s=96&d=mm&r=g\",\"url\":\"https:\\\/\\\/secure.gravatar.com\\\/avatar\\\/bb0c4a2fcb7970138239f7e404ea75757b1b507b28b5ce4c53fbd62d797c5a7c?s=96&d=mm&r=g\",\"contentUrl\":\"https:\\\/\\\/secure.gravatar.com\\\/avatar\\\/bb0c4a2fcb7970138239f7e404ea75757b1b507b28b5ce4c53fbd62d797c5a7c?s=96&d=mm&r=g\",\"caption\":\"Villasmil Henry\"},\"logo\":{\"@id\":\"https:\\\/\\\/secure.gravatar.com\\\/avatar\\\/bb0c4a2fcb7970138239f7e404ea75757b1b507b28b5ce4c53fbd62d797c5a7c?s=96&d=mm&r=g\"},\"sameAs\":[\"http:\\\/\\\/www.henryvillasmil.com.ve\",\"https:\\\/\\\/www.instagram.com\\\/villasmilhfoto\\\/\",\"https:\\\/\\\/x.com\\\/https:\\\/\\\/twitter.com\\\/villasmilhfoto\"],\"url\":\"https:\\\/\\\/digital58.com.ve\\\/site\\\/author\\\/droopy_68\\\/\"}]}<\/script>\n<!-- \/ Yoast SEO plugin. -->","yoast_head_json":{"title":"Venezuela llega a 4.115 muertes por la COVID-19 desde el comienzo de pandemia","description":"Venezuela","robots":{"index":"index","follow":"follow","max-snippet":"max-snippet:-1","max-image-preview":"max-image-preview:large","max-video-preview":"max-video-preview:-1"},"canonical":"https:\/\/digital58.com.ve\/site\/2021\/09\/07\/venezuela-llega-a-4-115-muertes-por-la-covid-19-desde-el-comienzo-de-pandemia\/","og_locale":"es_ES","og_type":"article","og_title":"Venezuela llega a 4.115 muertes por la COVID-19 desde el comienzo de pandemia","og_description":"Venezuela","og_url":"https:\/\/digital58.com.ve\/site\/2021\/09\/07\/venezuela-llega-a-4-115-muertes-por-la-covid-19-desde-el-comienzo-de-pandemia\/","og_site_name":"Noticias Digital58","article_published_time":"2021-09-07T04:24:43+00:00","og_image":[{"width":900,"height":600,"url":"https:\/\/digital58.com.ve\/site\/wp-content\/uploads\/2021\/07\/muertos-covid-vzla.jpg","type":"image\/jpeg"}],"author":"Villasmil Henry","twitter_card":"summary_large_image","twitter_creator":"@https:\/\/twitter.com\/villasmilhfoto","twitter_site":"@villasmilhfoto","twitter_misc":{"Escrito por":"Villasmil Henry","Tiempo estimado de lectura":"3 minutos"},"schema":{"@context":"https:\/\/schema.org","@graph":[{"@type":"Article","@id":"https:\/\/digital58.com.ve\/site\/2021\/09\/07\/venezuela-llega-a-4-115-muertes-por-la-covid-19-desde-el-comienzo-de-pandemia\/#article","isPartOf":{"@id":"https:\/\/digital58.com.ve\/site\/2021\/09\/07\/venezuela-llega-a-4-115-muertes-por-la-covid-19-desde-el-comienzo-de-pandemia\/"},"author":{"name":"Villasmil Henry","@id":"https:\/\/digital58.com.ve\/site\/#\/schema\/person\/64d1c2e4d0d4fd1b849980c4331c2951"},"headline":"Venezuela llega a 4.115 muertes por la COVID-19 desde el comienzo de pandemia","datePublished":"2021-09-07T04:24:43+00:00","mainEntityOfPage":{"@id":"https:\/\/digital58.com.ve\/site\/2021\/09\/07\/venezuela-llega-a-4-115-muertes-por-la-covid-19-desde-el-comienzo-de-pandemia\/"},"wordCount":501,"commentCount":0,"publisher":{"@id":"https:\/\/digital58.com.ve\/site\/#\/schema\/person\/64d1c2e4d0d4fd1b849980c4331c2951"},"image":{"@id":"https:\/\/digital58.com.ve\/site\/2021\/09\/07\/venezuela-llega-a-4-115-muertes-por-la-covid-19-desde-el-comienzo-de-pandemia\/#primaryimage"},"thumbnailUrl":"https:\/\/digital58.com.ve\/site\/wp-content\/uploads\/2021\/07\/muertos-covid-vzla.jpg","keywords":["Coronavirus","COVID-19","Nacionales","Pandemia","Reporte Diario COVID-19","SARS-CoV-2"],"articleSection":["Venezuela"],"inLanguage":"es","potentialAction":[{"@type":"CommentAction","name":"Comment","target":["https:\/\/digital58.com.ve\/site\/2021\/09\/07\/venezuela-llega-a-4-115-muertes-por-la-covid-19-desde-el-comienzo-de-pandemia\/#respond"]}]},{"@type":"WebPage","@id":"https:\/\/digital58.com.ve\/site\/2021\/09\/07\/venezuela-llega-a-4-115-muertes-por-la-covid-19-desde-el-comienzo-de-pandemia\/","url":"https:\/\/digital58.com.ve\/site\/2021\/09\/07\/venezuela-llega-a-4-115-muertes-por-la-covid-19-desde-el-comienzo-de-pandemia\/","name":"Venezuela llega a 4.115 muertes por la COVID-19 desde el comienzo de pandemia","isPartOf":{"@id":"https:\/\/digital58.com.ve\/site\/#website"},"primaryImageOfPage":{"@id":"https:\/\/digital58.com.ve\/site\/2021\/09\/07\/venezuela-llega-a-4-115-muertes-por-la-covid-19-desde-el-comienzo-de-pandemia\/#primaryimage"},"image":{"@id":"https:\/\/digital58.com.ve\/site\/2021\/09\/07\/venezuela-llega-a-4-115-muertes-por-la-covid-19-desde-el-comienzo-de-pandemia\/#primaryimage"},"thumbnailUrl":"https:\/\/digital58.com.ve\/site\/wp-content\/uploads\/2021\/07\/muertos-covid-vzla.jpg","datePublished":"2021-09-07T04:24:43+00:00","description":"Venezuela","breadcrumb":{"@id":"https:\/\/digital58.com.ve\/site\/2021\/09\/07\/venezuela-llega-a-4-115-muertes-por-la-covid-19-desde-el-comienzo-de-pandemia\/#breadcrumb"},"inLanguage":"es","potentialAction":[{"@type":"ReadAction","target":["https:\/\/digital58.com.ve\/site\/2021\/09\/07\/venezuela-llega-a-4-115-muertes-por-la-covid-19-desde-el-comienzo-de-pandemia\/"]}]},{"@type":"ImageObject","inLanguage":"es","@id":"https:\/\/digital58.com.ve\/site\/2021\/09\/07\/venezuela-llega-a-4-115-muertes-por-la-covid-19-desde-el-comienzo-de-pandemia\/#primaryimage","url":"https:\/\/digital58.com.ve\/site\/wp-content\/uploads\/2021\/07\/muertos-covid-vzla.jpg","contentUrl":"https:\/\/digital58.com.ve\/site\/wp-content\/uploads\/2021\/07\/muertos-covid-vzla.jpg","width":900,"height":600},{"@type":"BreadcrumbList","@id":"https:\/\/digital58.com.ve\/site\/2021\/09\/07\/venezuela-llega-a-4-115-muertes-por-la-covid-19-desde-el-comienzo-de-pandemia\/#breadcrumb","itemListElement":[{"@type":"ListItem","position":1,"name":"Home","item":"https:\/\/digital58.com.ve\/site\/"},{"@type":"ListItem","position":2,"name":"Venezuela llega a 4.115 muertes por la COVID-19 desde el comienzo de pandemia"}]},{"@type":"WebSite","@id":"https:\/\/digital58.com.ve\/site\/#website","url":"https:\/\/digital58.com.ve\/site\/","name":"Noticias Digital58","description":"Portal de Noticias \u00a1Periodismo web de verdad! Lanzamiento web 22.11.2005 \/ Maracaibo, Venezuela","publisher":{"@id":"https:\/\/digital58.com.ve\/site\/#\/schema\/person\/64d1c2e4d0d4fd1b849980c4331c2951"},"alternateName":"ND58","potentialAction":[{"@type":"SearchAction","target":{"@type":"EntryPoint","urlTemplate":"https:\/\/digital58.com.ve\/site\/?s={search_term_string}"},"query-input":{"@type":"PropertyValueSpecification","valueRequired":true,"valueName":"search_term_string"}}],"inLanguage":"es"},{"@type":["Person","Organization"],"@id":"https:\/\/digital58.com.ve\/site\/#\/schema\/person\/64d1c2e4d0d4fd1b849980c4331c2951","name":"Villasmil Henry","image":{"@type":"ImageObject","inLanguage":"es","@id":"https:\/\/secure.gravatar.com\/avatar\/bb0c4a2fcb7970138239f7e404ea75757b1b507b28b5ce4c53fbd62d797c5a7c?s=96&d=mm&r=g","url":"https:\/\/secure.gravatar.com\/avatar\/bb0c4a2fcb7970138239f7e404ea75757b1b507b28b5ce4c53fbd62d797c5a7c?s=96&d=mm&r=g","contentUrl":"https:\/\/secure.gravatar.com\/avatar\/bb0c4a2fcb7970138239f7e404ea75757b1b507b28b5ce4c53fbd62d797c5a7c?s=96&d=mm&r=g","caption":"Villasmil Henry"},"logo":{"@id":"https:\/\/secure.gravatar.com\/avatar\/bb0c4a2fcb7970138239f7e404ea75757b1b507b28b5ce4c53fbd62d797c5a7c?s=96&d=mm&r=g"},"sameAs":["http:\/\/www.henryvillasmil.com.ve","https:\/\/www.instagram.com\/villasmilhfoto\/","https:\/\/x.com\/https:\/\/twitter.com\/villasmilhfoto"],"url":"https:\/\/digital58.com.ve\/site\/author\/droopy_68\/"}]}},"uagb_featured_image_src":{"full":["https:\/\/digital58.com.ve\/site\/wp-content\/uploads\/2021\/07\/muertos-covid-vzla.jpg",900,600,false],"thumbnail":["https:\/\/digital58.com.ve\/site\/wp-content\/uploads\/2021\/07\/muertos-covid-vzla-150x150.jpg",150,150,true],"medium":["https:\/\/digital58.com.ve\/site\/wp-content\/uploads\/2021\/07\/muertos-covid-vzla-300x200.jpg",300,200,true],"medium_large":["https:\/\/digital58.com.ve\/site\/wp-content\/uploads\/2021\/07\/muertos-covid-vzla-768x512.jpg",768,512,true],"large":["https:\/\/digital58.com.ve\/site\/wp-content\/uploads\/2021\/07\/muertos-covid-vzla.jpg",800,533,false],"1536x1536":["https:\/\/digital58.com.ve\/site\/wp-content\/uploads\/2021\/07\/muertos-covid-vzla.jpg",900,600,false],"2048x2048":["https:\/\/digital58.com.ve\/site\/wp-content\/uploads\/2021\/07\/muertos-covid-vzla.jpg",900,600,false],"colormag-highlighted-post":["https:\/\/digital58.com.ve\/site\/wp-content\/uploads\/2021\/07\/muertos-covid-vzla.jpg",392,261,false],"colormag-featured-post-medium":["https:\/\/digital58.com.ve\/site\/wp-content\/uploads\/2021\/07\/muertos-covid-vzla.jpg",308,205,false],"colormag-featured-post-small":["https:\/\/digital58.com.ve\/site\/wp-content\/uploads\/2021\/07\/muertos-covid-vzla.jpg",130,87,false],"colormag-featured-image":["https:\/\/digital58.com.ve\/site\/wp-content\/uploads\/2021\/07\/muertos-covid-vzla.jpg",668,445,false],"colormag-default-news":["https:\/\/digital58.com.ve\/site\/wp-content\/uploads\/2021\/07\/muertos-covid-vzla.jpg",150,100,false],"colormag-featured-image-large":["https:\/\/digital58.com.ve\/site\/wp-content\/uploads\/2021\/07\/muertos-covid-vzla.jpg",900,600,false]},"uagb_author_info":{"display_name":"Villasmil Henry","author_link":"https:\/\/digital58.com.ve\/site\/author\/droopy_68\/"},"uagb_comment_info":0,"uagb_excerpt":"Hasta la fecha, seg\u00fan el mandatario venezolano, el pa\u00eds lleva \u00abun 30 % de poblaci\u00f3n vacunada\u00bb, pero no especific\u00f3 que","_links":{"self":[{"href":"https:\/\/digital58.com.ve\/site\/wp-json\/wp\/v2\/posts\/142424","targetHints":{"allow":["GET"]}}],"collection":[{"href":"https:\/\/digital58.com.ve\/site\/wp-json\/wp\/v2\/posts"}],"about":[{"href":"https:\/\/digital58.com.ve\/site\/wp-json\/wp\/v2\/types\/post"}],"author":[{"embeddable":true,"href":"https:\/\/digital58.com.ve\/site\/wp-json\/wp\/v2\/users\/1"}],"replies":[{"embeddable":true,"href":"https:\/\/digital58.com.ve\/site\/wp-json\/wp\/v2\/comments?post=142424"}],"version-history":[{"count":0,"href":"https:\/\/digital58.com.ve\/site\/wp-json\/wp\/v2\/posts\/142424\/revisions"}],"wp:featuredmedia":[{"embeddable":true,"href":"https:\/\/digital58.com.ve\/site\/wp-json\/wp\/v2\/media\/141746"}],"wp:attachment":[{"href":"https:\/\/digital58.com.ve\/site\/wp-json\/wp\/v2\/media?parent=142424"}],"wp:term":[{"taxonomy":"category","embeddable":true,"href":"https:\/\/digital58.com.ve\/site\/wp-json\/wp\/v2\/categories?post=142424"},{"taxonomy":"post_tag","embeddable":true,"href":"https:\/\/digital58.com.ve\/site\/wp-json\/wp\/v2\/tags?post=142424"}],"curies":[{"name":"wp","href":"https:\/\/api.w.org\/{rel}","templated":true}]}}