{"id":142467,"date":"2021-09-08T18:16:59","date_gmt":"2021-09-08T22:16:59","guid":{"rendered":"https:\/\/digital58.com.ve\/site\/?p=142467"},"modified":"2021-09-08T18:16:59","modified_gmt":"2021-09-08T22:16:59","slug":"llega-a-venezuela-el-nuevo-jefe-de-mision-de-la-delegacion-de-la-ue","status":"publish","type":"post","link":"https:\/\/digital58.com.ve\/site\/2021\/09\/08\/llega-a-venezuela-el-nuevo-jefe-de-mision-de-la-delegacion-de-la-ue\/","title":{"rendered":"Llega a Venezuela el nuevo jefe de misi\u00f3n de la delegaci\u00f3n de la UE"},"content":{"rendered":"<p><a href=\"https:\/\/digital58.com.ve\/site\/wp-content\/uploads\/2021\/09\/Rafael-Dochao.jpg\"><img loading=\"lazy\" decoding=\"async\" class=\"aligncenter size-full wp-image-142468\" src=\"https:\/\/digital58.com.ve\/site\/wp-content\/uploads\/2021\/09\/Rafael-Dochao.jpg\" alt=\"\" width=\"900\" height=\"600\" srcset=\"https:\/\/digital58.com.ve\/site\/wp-content\/uploads\/2021\/09\/Rafael-Dochao.jpg 900w, https:\/\/digital58.com.ve\/site\/wp-content\/uploads\/2021\/09\/Rafael-Dochao-300x200.jpg 300w, https:\/\/digital58.com.ve\/site\/wp-content\/uploads\/2021\/09\/Rafael-Dochao-768x512.jpg 768w, https:\/\/digital58.com.ve\/site\/wp-content\/uploads\/2021\/09\/Rafael-Dochao-720x480.jpg 720w, https:\/\/digital58.com.ve\/site\/wp-content\/uploads\/2021\/09\/Rafael-Dochao-480x320.jpg 480w\" sizes=\"auto, (max-width: 900px) 100vw, 900px\" \/><\/a><\/p>\n<p>El nuevo jefe de misi\u00f3n de la delegaci\u00f3n de la Uni\u00f3n Europea (UE) en Venezuela, el espa\u00f1ol Rafael Dochao Moreno, lleg\u00f3 este mi\u00e9rcoles al pa\u00eds caribe\u00f1o, donde estar\u00e1 acreditado como encargado de negocios, seg\u00fan un comunicado remitido por el bloque comunitario.<\/p>\n<p><strong>Maracaibo, Zulia, Venezuela, 08 de septiembre de 2021 (ND58).-<\/strong> \u00abCon su nombramiento, se busca seguir manteniendo un di\u00e1logo tanto cr\u00edtico como constructivo con el pa\u00eds y sus representantes\u00bb, adem\u00e1s de \u00abun paso adelante en el restablecimiento de las relaciones entre Venezuela y la UE\u00bb, tras la expulsi\u00f3n, en marzo pasado, de la embajadora Isabel Brilhante Pedrosa.<\/p>\n<p>Adem\u00e1s, el bloque comunitario destac\u00f3 que \u00abseguir\u00e1 centrando su atenci\u00f3n y apoyando \u2014cuando las partes lo crean \u00fatil\u2014 los dos procesos principales en marcha en estos momentos\u00bb.<\/p>\n<p>Esos dos procesos son el di\u00e1logo abierto entre el Ejecutivo de Nicol\u00e1s Maduro y la oposici\u00f3n, que tiene M\u00e9xico como sede y cuenta con la mediaci\u00f3n de Noruega, y las elecciones locales y regionales que se celebrar\u00e1n el pr\u00f3ximo 21 de noviembre, \u00abcomo primer paso hacia una mejora de condiciones electorales en vista de futuros comicios\u00bb.<\/p>\n<p>A esos comicios acudir\u00e1, por primera vez desde 2017, la mayor\u00eda de la oposici\u00f3n venezolana, incluyendo la agrupada alrededor de Juan Guaid\u00f3, que mostr\u00f3 su escepticismo acerca de ir a las urnas, incluso despu\u00e9s de que fuera anunciada la participaci\u00f3n de su grupo.<\/p>\n<p>Por otra parte, la UE \u00abseguir\u00e1 brindando tambi\u00e9n su apoyo a la poblaci\u00f3n venezolana a trav\u00e9s de todos sus programas de asistencia humanitaria y para el desarrollo\u00bb, se\u00f1al\u00f3 la nota.<\/p>\n<p>En este sentido, el bloque comunitario record\u00f3 que es \u00abel principal donante para actividades que se desarrollan dentro de Venezuela, en programas implementados por organismos internacionales\u00bb y ONG \u00abcon un monto total de casi 80 millones de euros movilizados en el \u00faltimo a\u00f1o y medio para atender las necesidades de la poblaci\u00f3n venezolana\u00bb.<\/p>\n<p>El nombramiento de Dochao fue anunciado, oficialmente, este martes por el alto representante de la UE para la Pol\u00edtica Exterior, Josep Borrell.<\/p>\n<p>El nuevo jefe de misi\u00f3n hab\u00eda sido previamente jefe de la Divisi\u00f3n de la Sala de Situaci\u00f3n del Servicio Europeo de Acci\u00f3n Exterior (SEAE) y jefe de delegaci\u00f3n de la UE ante Chile.<\/p>\n<p>El diplom\u00e1tico espa\u00f1ol, que est\u00e1 al frente oficialmente de su nuevo puesto desde el pasado 1 de septiembre, explic\u00f3 este lunes en la red social Twitter que hab\u00eda recogido su visado en la embajada venezolana en Madrid, momento que aprovech\u00f3 para saludar al jefe de misi\u00f3n de Venezuela y mantener una \u00ablarga e interesante conversaci\u00f3n sobre cultura\u00bb.<\/p><div class=\"eyuzv69eeb3bbdc459\" ><p style=\"text-align: center;\"><a href=\"https:\/\/t.me\/noticiasdigital58\" target=\"_blank\" rel=\"noopener\"><img class=\"aligncenter size-full wp-image-125363\" src=\"https:\/\/digital58.com.ve\/site\/wp-content\/uploads\/2021\/04\/banner-telegram-web-2021.png\" alt=\"\" width=\"600\" height=\"90\" \/><\/a><\/p><\/div><style type=\"text\/css\">\r\n@media screen and (min-width: 1201px) {\r\n.eyuzv69eeb3bbdc459 {\r\ndisplay: block;\r\n}\r\n}\r\n@media screen and (min-width: 993px) and (max-width: 1200px) {\r\n.eyuzv69eeb3bbdc459 {\r\ndisplay: block;\r\n}\r\n}\r\n@media screen and (min-width: 769px) and (max-width: 992px) {\r\n.eyuzv69eeb3bbdc459 {\r\ndisplay: block;\r\n}\r\n}\r\n@media screen and (min-width: 768px) and (max-width: 768px) {\r\n.eyuzv69eeb3bbdc459 {\r\ndisplay: block;\r\n}\r\n}\r\n@media screen and (max-width: 767px) {\r\n.eyuzv69eeb3bbdc459 {\r\ndisplay: block;\r\n}\r\n}\r\n<\/style>\r\n\n<p><strong>Redacci\u00f3n ND58 | Fuente: EFE<\/strong><br \/>\n<strong>Edici\u00f3n: Villasmil, Henry<\/strong><br \/>\n<strong>Gr\u00e1fica: Archivo<\/strong><\/p>\n<div style=\"margin-top: 0px; margin-bottom: 0px;\" class=\"sharethis-inline-share-buttons\" ><\/div>","protected":false},"excerpt":{"rendered":"<p>El nuevo jefe de misi\u00f3n de la delegaci\u00f3n de la Uni\u00f3n Europea (UE) en Venezuela, el espa\u00f1ol Rafael Dochao Moreno,<\/p>\n","protected":false},"author":1,"featured_media":142468,"comment_status":"open","ping_status":"closed","sticky":false,"template":"","format":"standard","meta":{"colormag_page_container_layout":"default_layout","colormag_page_sidebar_layout":"default_layout","_uag_custom_page_level_css":"","footnotes":""},"categories":[16454],"tags":[29,22127,16630,233,2724,25277,25276,2503],"class_list":["post-142467","post","type-post","status-publish","format-standard","has-post-thumbnail","hentry","category-venezuela","tag-caracas","tag-diplomacia","tag-isabel-brilhante-pedrosa","tag-nacionales","tag-nicolas-maduro","tag-politica-exterior","tag-rafael-dochao","tag-union-europea"],"yoast_head":"<!-- This site is optimized with the Yoast SEO plugin v27.4 - https:\/\/yoast.com\/product\/yoast-seo-wordpress\/ -->\n<title>Llega a Venezuela el nuevo jefe de misi\u00f3n de la delegaci\u00f3n de la UE<\/title>\n<meta name=\"description\" content=\"Venezuela\" \/>\n<meta name=\"robots\" content=\"index, follow, max-snippet:-1, max-image-preview:large, max-video-preview:-1\" \/>\n<link rel=\"canonical\" href=\"https:\/\/digital58.com.ve\/site\/2021\/09\/08\/llega-a-venezuela-el-nuevo-jefe-de-mision-de-la-delegacion-de-la-ue\/\" \/>\n<meta property=\"og:locale\" content=\"es_ES\" \/>\n<meta property=\"og:type\" content=\"article\" \/>\n<meta property=\"og:title\" content=\"Llega a Venezuela el nuevo jefe de misi\u00f3n de la delegaci\u00f3n de la UE\" \/>\n<meta property=\"og:description\" content=\"Venezuela\" \/>\n<meta property=\"og:url\" content=\"https:\/\/digital58.com.ve\/site\/2021\/09\/08\/llega-a-venezuela-el-nuevo-jefe-de-mision-de-la-delegacion-de-la-ue\/\" \/>\n<meta property=\"og:site_name\" content=\"Noticias Digital58\" \/>\n<meta property=\"article:published_time\" content=\"2021-09-08T22:16:59+00:00\" \/>\n<meta property=\"og:image\" content=\"https:\/\/digital58.com.ve\/site\/wp-content\/uploads\/2021\/09\/Rafael-Dochao.jpg\" \/>\n\t<meta property=\"og:image:width\" content=\"900\" \/>\n\t<meta property=\"og:image:height\" content=\"600\" \/>\n\t<meta property=\"og:image:type\" content=\"image\/jpeg\" \/>\n<meta name=\"author\" content=\"Villasmil Henry\" \/>\n<meta name=\"twitter:card\" content=\"summary_large_image\" \/>\n<meta name=\"twitter:creator\" content=\"@https:\/\/twitter.com\/villasmilhfoto\" \/>\n<meta name=\"twitter:site\" content=\"@villasmilhfoto\" \/>\n<meta name=\"twitter:label1\" content=\"Escrito por\" \/>\n\t<meta name=\"twitter:data1\" content=\"Villasmil Henry\" \/>\n\t<meta name=\"twitter:label2\" content=\"Tiempo estimado de lectura\" \/>\n\t<meta name=\"twitter:data2\" content=\"3 minutos\" \/>\n<script type=\"application\/ld+json\" class=\"yoast-schema-graph\">{\"@context\":\"https:\\\/\\\/schema.org\",\"@graph\":[{\"@type\":\"Article\",\"@id\":\"https:\\\/\\\/digital58.com.ve\\\/site\\\/2021\\\/09\\\/08\\\/llega-a-venezuela-el-nuevo-jefe-de-mision-de-la-delegacion-de-la-ue\\\/#article\",\"isPartOf\":{\"@id\":\"https:\\\/\\\/digital58.com.ve\\\/site\\\/2021\\\/09\\\/08\\\/llega-a-venezuela-el-nuevo-jefe-de-mision-de-la-delegacion-de-la-ue\\\/\"},\"author\":{\"name\":\"Villasmil Henry\",\"@id\":\"https:\\\/\\\/digital58.com.ve\\\/site\\\/#\\\/schema\\\/person\\\/64d1c2e4d0d4fd1b849980c4331c2951\"},\"headline\":\"Llega a Venezuela el nuevo jefe de misi\u00f3n de la delegaci\u00f3n de la UE\",\"datePublished\":\"2021-09-08T22:16:59+00:00\",\"mainEntityOfPage\":{\"@id\":\"https:\\\/\\\/digital58.com.ve\\\/site\\\/2021\\\/09\\\/08\\\/llega-a-venezuela-el-nuevo-jefe-de-mision-de-la-delegacion-de-la-ue\\\/\"},\"wordCount\":485,\"commentCount\":0,\"publisher\":{\"@id\":\"https:\\\/\\\/digital58.com.ve\\\/site\\\/#\\\/schema\\\/person\\\/64d1c2e4d0d4fd1b849980c4331c2951\"},\"image\":{\"@id\":\"https:\\\/\\\/digital58.com.ve\\\/site\\\/2021\\\/09\\\/08\\\/llega-a-venezuela-el-nuevo-jefe-de-mision-de-la-delegacion-de-la-ue\\\/#primaryimage\"},\"thumbnailUrl\":\"https:\\\/\\\/digital58.com.ve\\\/site\\\/wp-content\\\/uploads\\\/2021\\\/09\\\/Rafael-Dochao.jpg\",\"keywords\":[\"Caracas\",\"Diplomacia\",\"Isabel Brilhante Pedrosa\",\"Nacionales\",\"Nicol\u00e1s Maduro\",\"Pol\u00edtica Exterior\",\"Rafael Dochao\",\"Uni\u00f3n Europea\"],\"articleSection\":[\"Venezuela\"],\"inLanguage\":\"es\",\"potentialAction\":[{\"@type\":\"CommentAction\",\"name\":\"Comment\",\"target\":[\"https:\\\/\\\/digital58.com.ve\\\/site\\\/2021\\\/09\\\/08\\\/llega-a-venezuela-el-nuevo-jefe-de-mision-de-la-delegacion-de-la-ue\\\/#respond\"]}]},{\"@type\":\"WebPage\",\"@id\":\"https:\\\/\\\/digital58.com.ve\\\/site\\\/2021\\\/09\\\/08\\\/llega-a-venezuela-el-nuevo-jefe-de-mision-de-la-delegacion-de-la-ue\\\/\",\"url\":\"https:\\\/\\\/digital58.com.ve\\\/site\\\/2021\\\/09\\\/08\\\/llega-a-venezuela-el-nuevo-jefe-de-mision-de-la-delegacion-de-la-ue\\\/\",\"name\":\"Llega a Venezuela el nuevo jefe de misi\u00f3n de la delegaci\u00f3n de la UE\",\"isPartOf\":{\"@id\":\"https:\\\/\\\/digital58.com.ve\\\/site\\\/#website\"},\"primaryImageOfPage\":{\"@id\":\"https:\\\/\\\/digital58.com.ve\\\/site\\\/2021\\\/09\\\/08\\\/llega-a-venezuela-el-nuevo-jefe-de-mision-de-la-delegacion-de-la-ue\\\/#primaryimage\"},\"image\":{\"@id\":\"https:\\\/\\\/digital58.com.ve\\\/site\\\/2021\\\/09\\\/08\\\/llega-a-venezuela-el-nuevo-jefe-de-mision-de-la-delegacion-de-la-ue\\\/#primaryimage\"},\"thumbnailUrl\":\"https:\\\/\\\/digital58.com.ve\\\/site\\\/wp-content\\\/uploads\\\/2021\\\/09\\\/Rafael-Dochao.jpg\",\"datePublished\":\"2021-09-08T22:16:59+00:00\",\"description\":\"Venezuela\",\"breadcrumb\":{\"@id\":\"https:\\\/\\\/digital58.com.ve\\\/site\\\/2021\\\/09\\\/08\\\/llega-a-venezuela-el-nuevo-jefe-de-mision-de-la-delegacion-de-la-ue\\\/#breadcrumb\"},\"inLanguage\":\"es\",\"potentialAction\":[{\"@type\":\"ReadAction\",\"target\":[\"https:\\\/\\\/digital58.com.ve\\\/site\\\/2021\\\/09\\\/08\\\/llega-a-venezuela-el-nuevo-jefe-de-mision-de-la-delegacion-de-la-ue\\\/\"]}]},{\"@type\":\"ImageObject\",\"inLanguage\":\"es\",\"@id\":\"https:\\\/\\\/digital58.com.ve\\\/site\\\/2021\\\/09\\\/08\\\/llega-a-venezuela-el-nuevo-jefe-de-mision-de-la-delegacion-de-la-ue\\\/#primaryimage\",\"url\":\"https:\\\/\\\/digital58.com.ve\\\/site\\\/wp-content\\\/uploads\\\/2021\\\/09\\\/Rafael-Dochao.jpg\",\"contentUrl\":\"https:\\\/\\\/digital58.com.ve\\\/site\\\/wp-content\\\/uploads\\\/2021\\\/09\\\/Rafael-Dochao.jpg\",\"width\":900,\"height\":600},{\"@type\":\"BreadcrumbList\",\"@id\":\"https:\\\/\\\/digital58.com.ve\\\/site\\\/2021\\\/09\\\/08\\\/llega-a-venezuela-el-nuevo-jefe-de-mision-de-la-delegacion-de-la-ue\\\/#breadcrumb\",\"itemListElement\":[{\"@type\":\"ListItem\",\"position\":1,\"name\":\"Home\",\"item\":\"https:\\\/\\\/digital58.com.ve\\\/site\\\/\"},{\"@type\":\"ListItem\",\"position\":2,\"name\":\"Llega a Venezuela el nuevo jefe de misi\u00f3n de la delegaci\u00f3n de la UE\"}]},{\"@type\":\"WebSite\",\"@id\":\"https:\\\/\\\/digital58.com.ve\\\/site\\\/#website\",\"url\":\"https:\\\/\\\/digital58.com.ve\\\/site\\\/\",\"name\":\"Noticias Digital58\",\"description\":\"Portal de Noticias \u00a1Periodismo web de verdad! Lanzamiento web 22.11.2005 \\\/ Maracaibo, Venezuela\",\"publisher\":{\"@id\":\"https:\\\/\\\/digital58.com.ve\\\/site\\\/#\\\/schema\\\/person\\\/64d1c2e4d0d4fd1b849980c4331c2951\"},\"alternateName\":\"ND58\",\"potentialAction\":[{\"@type\":\"SearchAction\",\"target\":{\"@type\":\"EntryPoint\",\"urlTemplate\":\"https:\\\/\\\/digital58.com.ve\\\/site\\\/?s={search_term_string}\"},\"query-input\":{\"@type\":\"PropertyValueSpecification\",\"valueRequired\":true,\"valueName\":\"search_term_string\"}}],\"inLanguage\":\"es\"},{\"@type\":[\"Person\",\"Organization\"],\"@id\":\"https:\\\/\\\/digital58.com.ve\\\/site\\\/#\\\/schema\\\/person\\\/64d1c2e4d0d4fd1b849980c4331c2951\",\"name\":\"Villasmil Henry\",\"image\":{\"@type\":\"ImageObject\",\"inLanguage\":\"es\",\"@id\":\"https:\\\/\\\/secure.gravatar.com\\\/avatar\\\/bb0c4a2fcb7970138239f7e404ea75757b1b507b28b5ce4c53fbd62d797c5a7c?s=96&d=mm&r=g\",\"url\":\"https:\\\/\\\/secure.gravatar.com\\\/avatar\\\/bb0c4a2fcb7970138239f7e404ea75757b1b507b28b5ce4c53fbd62d797c5a7c?s=96&d=mm&r=g\",\"contentUrl\":\"https:\\\/\\\/secure.gravatar.com\\\/avatar\\\/bb0c4a2fcb7970138239f7e404ea75757b1b507b28b5ce4c53fbd62d797c5a7c?s=96&d=mm&r=g\",\"caption\":\"Villasmil Henry\"},\"logo\":{\"@id\":\"https:\\\/\\\/secure.gravatar.com\\\/avatar\\\/bb0c4a2fcb7970138239f7e404ea75757b1b507b28b5ce4c53fbd62d797c5a7c?s=96&d=mm&r=g\"},\"sameAs\":[\"http:\\\/\\\/www.henryvillasmil.com.ve\",\"https:\\\/\\\/www.instagram.com\\\/villasmilhfoto\\\/\",\"https:\\\/\\\/x.com\\\/https:\\\/\\\/twitter.com\\\/villasmilhfoto\"],\"url\":\"https:\\\/\\\/digital58.com.ve\\\/site\\\/author\\\/droopy_68\\\/\"}]}<\/script>\n<!-- \/ Yoast SEO plugin. -->","yoast_head_json":{"title":"Llega a Venezuela el nuevo jefe de misi\u00f3n de la delegaci\u00f3n de la UE","description":"Venezuela","robots":{"index":"index","follow":"follow","max-snippet":"max-snippet:-1","max-image-preview":"max-image-preview:large","max-video-preview":"max-video-preview:-1"},"canonical":"https:\/\/digital58.com.ve\/site\/2021\/09\/08\/llega-a-venezuela-el-nuevo-jefe-de-mision-de-la-delegacion-de-la-ue\/","og_locale":"es_ES","og_type":"article","og_title":"Llega a Venezuela el nuevo jefe de misi\u00f3n de la delegaci\u00f3n de la UE","og_description":"Venezuela","og_url":"https:\/\/digital58.com.ve\/site\/2021\/09\/08\/llega-a-venezuela-el-nuevo-jefe-de-mision-de-la-delegacion-de-la-ue\/","og_site_name":"Noticias Digital58","article_published_time":"2021-09-08T22:16:59+00:00","og_image":[{"width":900,"height":600,"url":"https:\/\/digital58.com.ve\/site\/wp-content\/uploads\/2021\/09\/Rafael-Dochao.jpg","type":"image\/jpeg"}],"author":"Villasmil Henry","twitter_card":"summary_large_image","twitter_creator":"@https:\/\/twitter.com\/villasmilhfoto","twitter_site":"@villasmilhfoto","twitter_misc":{"Escrito por":"Villasmil Henry","Tiempo estimado de lectura":"3 minutos"},"schema":{"@context":"https:\/\/schema.org","@graph":[{"@type":"Article","@id":"https:\/\/digital58.com.ve\/site\/2021\/09\/08\/llega-a-venezuela-el-nuevo-jefe-de-mision-de-la-delegacion-de-la-ue\/#article","isPartOf":{"@id":"https:\/\/digital58.com.ve\/site\/2021\/09\/08\/llega-a-venezuela-el-nuevo-jefe-de-mision-de-la-delegacion-de-la-ue\/"},"author":{"name":"Villasmil Henry","@id":"https:\/\/digital58.com.ve\/site\/#\/schema\/person\/64d1c2e4d0d4fd1b849980c4331c2951"},"headline":"Llega a Venezuela el nuevo jefe de misi\u00f3n de la delegaci\u00f3n de la UE","datePublished":"2021-09-08T22:16:59+00:00","mainEntityOfPage":{"@id":"https:\/\/digital58.com.ve\/site\/2021\/09\/08\/llega-a-venezuela-el-nuevo-jefe-de-mision-de-la-delegacion-de-la-ue\/"},"wordCount":485,"commentCount":0,"publisher":{"@id":"https:\/\/digital58.com.ve\/site\/#\/schema\/person\/64d1c2e4d0d4fd1b849980c4331c2951"},"image":{"@id":"https:\/\/digital58.com.ve\/site\/2021\/09\/08\/llega-a-venezuela-el-nuevo-jefe-de-mision-de-la-delegacion-de-la-ue\/#primaryimage"},"thumbnailUrl":"https:\/\/digital58.com.ve\/site\/wp-content\/uploads\/2021\/09\/Rafael-Dochao.jpg","keywords":["Caracas","Diplomacia","Isabel Brilhante Pedrosa","Nacionales","Nicol\u00e1s Maduro","Pol\u00edtica Exterior","Rafael Dochao","Uni\u00f3n Europea"],"articleSection":["Venezuela"],"inLanguage":"es","potentialAction":[{"@type":"CommentAction","name":"Comment","target":["https:\/\/digital58.com.ve\/site\/2021\/09\/08\/llega-a-venezuela-el-nuevo-jefe-de-mision-de-la-delegacion-de-la-ue\/#respond"]}]},{"@type":"WebPage","@id":"https:\/\/digital58.com.ve\/site\/2021\/09\/08\/llega-a-venezuela-el-nuevo-jefe-de-mision-de-la-delegacion-de-la-ue\/","url":"https:\/\/digital58.com.ve\/site\/2021\/09\/08\/llega-a-venezuela-el-nuevo-jefe-de-mision-de-la-delegacion-de-la-ue\/","name":"Llega a Venezuela el nuevo jefe de misi\u00f3n de la delegaci\u00f3n de la UE","isPartOf":{"@id":"https:\/\/digital58.com.ve\/site\/#website"},"primaryImageOfPage":{"@id":"https:\/\/digital58.com.ve\/site\/2021\/09\/08\/llega-a-venezuela-el-nuevo-jefe-de-mision-de-la-delegacion-de-la-ue\/#primaryimage"},"image":{"@id":"https:\/\/digital58.com.ve\/site\/2021\/09\/08\/llega-a-venezuela-el-nuevo-jefe-de-mision-de-la-delegacion-de-la-ue\/#primaryimage"},"thumbnailUrl":"https:\/\/digital58.com.ve\/site\/wp-content\/uploads\/2021\/09\/Rafael-Dochao.jpg","datePublished":"2021-09-08T22:16:59+00:00","description":"Venezuela","breadcrumb":{"@id":"https:\/\/digital58.com.ve\/site\/2021\/09\/08\/llega-a-venezuela-el-nuevo-jefe-de-mision-de-la-delegacion-de-la-ue\/#breadcrumb"},"inLanguage":"es","potentialAction":[{"@type":"ReadAction","target":["https:\/\/digital58.com.ve\/site\/2021\/09\/08\/llega-a-venezuela-el-nuevo-jefe-de-mision-de-la-delegacion-de-la-ue\/"]}]},{"@type":"ImageObject","inLanguage":"es","@id":"https:\/\/digital58.com.ve\/site\/2021\/09\/08\/llega-a-venezuela-el-nuevo-jefe-de-mision-de-la-delegacion-de-la-ue\/#primaryimage","url":"https:\/\/digital58.com.ve\/site\/wp-content\/uploads\/2021\/09\/Rafael-Dochao.jpg","contentUrl":"https:\/\/digital58.com.ve\/site\/wp-content\/uploads\/2021\/09\/Rafael-Dochao.jpg","width":900,"height":600},{"@type":"BreadcrumbList","@id":"https:\/\/digital58.com.ve\/site\/2021\/09\/08\/llega-a-venezuela-el-nuevo-jefe-de-mision-de-la-delegacion-de-la-ue\/#breadcrumb","itemListElement":[{"@type":"ListItem","position":1,"name":"Home","item":"https:\/\/digital58.com.ve\/site\/"},{"@type":"ListItem","position":2,"name":"Llega a Venezuela el nuevo jefe de misi\u00f3n de la delegaci\u00f3n de la UE"}]},{"@type":"WebSite","@id":"https:\/\/digital58.com.ve\/site\/#website","url":"https:\/\/digital58.com.ve\/site\/","name":"Noticias Digital58","description":"Portal de Noticias \u00a1Periodismo web de verdad! Lanzamiento web 22.11.2005 \/ Maracaibo, Venezuela","publisher":{"@id":"https:\/\/digital58.com.ve\/site\/#\/schema\/person\/64d1c2e4d0d4fd1b849980c4331c2951"},"alternateName":"ND58","potentialAction":[{"@type":"SearchAction","target":{"@type":"EntryPoint","urlTemplate":"https:\/\/digital58.com.ve\/site\/?s={search_term_string}"},"query-input":{"@type":"PropertyValueSpecification","valueRequired":true,"valueName":"search_term_string"}}],"inLanguage":"es"},{"@type":["Person","Organization"],"@id":"https:\/\/digital58.com.ve\/site\/#\/schema\/person\/64d1c2e4d0d4fd1b849980c4331c2951","name":"Villasmil Henry","image":{"@type":"ImageObject","inLanguage":"es","@id":"https:\/\/secure.gravatar.com\/avatar\/bb0c4a2fcb7970138239f7e404ea75757b1b507b28b5ce4c53fbd62d797c5a7c?s=96&d=mm&r=g","url":"https:\/\/secure.gravatar.com\/avatar\/bb0c4a2fcb7970138239f7e404ea75757b1b507b28b5ce4c53fbd62d797c5a7c?s=96&d=mm&r=g","contentUrl":"https:\/\/secure.gravatar.com\/avatar\/bb0c4a2fcb7970138239f7e404ea75757b1b507b28b5ce4c53fbd62d797c5a7c?s=96&d=mm&r=g","caption":"Villasmil Henry"},"logo":{"@id":"https:\/\/secure.gravatar.com\/avatar\/bb0c4a2fcb7970138239f7e404ea75757b1b507b28b5ce4c53fbd62d797c5a7c?s=96&d=mm&r=g"},"sameAs":["http:\/\/www.henryvillasmil.com.ve","https:\/\/www.instagram.com\/villasmilhfoto\/","https:\/\/x.com\/https:\/\/twitter.com\/villasmilhfoto"],"url":"https:\/\/digital58.com.ve\/site\/author\/droopy_68\/"}]}},"uagb_featured_image_src":{"full":["https:\/\/digital58.com.ve\/site\/wp-content\/uploads\/2021\/09\/Rafael-Dochao.jpg",900,600,false],"thumbnail":["https:\/\/digital58.com.ve\/site\/wp-content\/uploads\/2021\/09\/Rafael-Dochao-150x150.jpg",150,150,true],"medium":["https:\/\/digital58.com.ve\/site\/wp-content\/uploads\/2021\/09\/Rafael-Dochao-300x200.jpg",300,200,true],"medium_large":["https:\/\/digital58.com.ve\/site\/wp-content\/uploads\/2021\/09\/Rafael-Dochao-768x512.jpg",768,512,true],"large":["https:\/\/digital58.com.ve\/site\/wp-content\/uploads\/2021\/09\/Rafael-Dochao.jpg",800,533,false],"1536x1536":["https:\/\/digital58.com.ve\/site\/wp-content\/uploads\/2021\/09\/Rafael-Dochao.jpg",900,600,false],"2048x2048":["https:\/\/digital58.com.ve\/site\/wp-content\/uploads\/2021\/09\/Rafael-Dochao.jpg",900,600,false],"colormag-highlighted-post":["https:\/\/digital58.com.ve\/site\/wp-content\/uploads\/2021\/09\/Rafael-Dochao.jpg",392,261,false],"colormag-featured-post-medium":["https:\/\/digital58.com.ve\/site\/wp-content\/uploads\/2021\/09\/Rafael-Dochao.jpg",308,205,false],"colormag-featured-post-small":["https:\/\/digital58.com.ve\/site\/wp-content\/uploads\/2021\/09\/Rafael-Dochao.jpg",130,87,false],"colormag-featured-image":["https:\/\/digital58.com.ve\/site\/wp-content\/uploads\/2021\/09\/Rafael-Dochao.jpg",668,445,false],"colormag-default-news":["https:\/\/digital58.com.ve\/site\/wp-content\/uploads\/2021\/09\/Rafael-Dochao.jpg",150,100,false],"colormag-featured-image-large":["https:\/\/digital58.com.ve\/site\/wp-content\/uploads\/2021\/09\/Rafael-Dochao.jpg",900,600,false]},"uagb_author_info":{"display_name":"Villasmil Henry","author_link":"https:\/\/digital58.com.ve\/site\/author\/droopy_68\/"},"uagb_comment_info":0,"uagb_excerpt":"El nuevo jefe de misi\u00f3n de la delegaci\u00f3n de la Uni\u00f3n Europea (UE) en Venezuela, el espa\u00f1ol Rafael Dochao Moreno,","_links":{"self":[{"href":"https:\/\/digital58.com.ve\/site\/wp-json\/wp\/v2\/posts\/142467","targetHints":{"allow":["GET"]}}],"collection":[{"href":"https:\/\/digital58.com.ve\/site\/wp-json\/wp\/v2\/posts"}],"about":[{"href":"https:\/\/digital58.com.ve\/site\/wp-json\/wp\/v2\/types\/post"}],"author":[{"embeddable":true,"href":"https:\/\/digital58.com.ve\/site\/wp-json\/wp\/v2\/users\/1"}],"replies":[{"embeddable":true,"href":"https:\/\/digital58.com.ve\/site\/wp-json\/wp\/v2\/comments?post=142467"}],"version-history":[{"count":0,"href":"https:\/\/digital58.com.ve\/site\/wp-json\/wp\/v2\/posts\/142467\/revisions"}],"wp:featuredmedia":[{"embeddable":true,"href":"https:\/\/digital58.com.ve\/site\/wp-json\/wp\/v2\/media\/142468"}],"wp:attachment":[{"href":"https:\/\/digital58.com.ve\/site\/wp-json\/wp\/v2\/media?parent=142467"}],"wp:term":[{"taxonomy":"category","embeddable":true,"href":"https:\/\/digital58.com.ve\/site\/wp-json\/wp\/v2\/categories?post=142467"},{"taxonomy":"post_tag","embeddable":true,"href":"https:\/\/digital58.com.ve\/site\/wp-json\/wp\/v2\/tags?post=142467"}],"curies":[{"name":"wp","href":"https:\/\/api.w.org\/{rel}","templated":true}]}}