{"id":142545,"date":"2021-09-09T00:10:45","date_gmt":"2021-09-09T04:10:45","guid":{"rendered":"https:\/\/digital58.com.ve\/site\/?p=142545"},"modified":"2021-09-09T00:10:45","modified_gmt":"2021-09-09T04:10:45","slug":"el-cali-anuncia-al-exseleccionador-venezolano-rafael-dudamel-como-entrenador","status":"publish","type":"post","link":"https:\/\/digital58.com.ve\/site\/2021\/09\/09\/el-cali-anuncia-al-exseleccionador-venezolano-rafael-dudamel-como-entrenador\/","title":{"rendered":"El Cali anuncia al exseleccionador venezolano Rafael Dudamel como entrenador"},"content":{"rendered":"<p><a href=\"https:\/\/digital58.com.ve\/site\/wp-content\/uploads\/2017\/08\/rafael-dudamel.jpg\"><img loading=\"lazy\" decoding=\"async\" class=\"aligncenter size-full wp-image-69699\" src=\"https:\/\/digital58.com.ve\/site\/wp-content\/uploads\/2017\/08\/rafael-dudamel.jpg\" alt=\"\" width=\"1200\" height=\"800\" srcset=\"https:\/\/digital58.com.ve\/site\/wp-content\/uploads\/2017\/08\/rafael-dudamel.jpg 800w, https:\/\/digital58.com.ve\/site\/wp-content\/uploads\/2017\/08\/rafael-dudamel-300x200.jpg 300w, https:\/\/digital58.com.ve\/site\/wp-content\/uploads\/2017\/08\/rafael-dudamel-768x512.jpg 768w, https:\/\/digital58.com.ve\/site\/wp-content\/uploads\/2017\/08\/rafael-dudamel-720x480.jpg 720w, https:\/\/digital58.com.ve\/site\/wp-content\/uploads\/2017\/08\/rafael-dudamel-480x320.jpg 480w\" sizes=\"auto, (max-width: 1200px) 100vw, 1200px\" \/><\/a><\/p>\n<p>El estratega venezolano es muy recordado y querido en el club \u00abVerdiblanco\u00bb, pues ataj\u00f3 all\u00ed entre 1998 y 2001, tiempo en el que fue campe\u00f3n del f\u00fatbol colombiano en 1998 y subcampe\u00f3n de la Copa Libertadores de 1999, en la que el conjunto verde y blanco cay\u00f3 por penaltis ante el Palmeiras.<\/p>\n<p><strong>Colombia, 09 de septiembre de 2021 (ND58).-<\/strong> El Deportivo Cali anunci\u00f3 este mi\u00e9rcoles a Rafael Dudamel, exseleccionador de Venezuela, como nuevo t\u00e9cnico en reemplazo del uruguayo Alfredo Arias, quien dej\u00f3 el cargo por malos resultados.<\/p>\n<p>\u00abEl director t\u00e9cnico de nuestro primer equipo es el profesor Rafael Dudamel. Su v\u00ednculo inicial se acord\u00f3 por los pr\u00f3ximos 10 meses con posibilidad de prorrogar su permanencia por seis meses m\u00e1s\u00bb, detall\u00f3 el club \u00abAzucarero\u00bb en un comunicado.<\/p>\n<p>\u00abDudamel fue parte del plantel campe\u00f3n en 1998 y subcampe\u00f3n de la Copa Libertadores de Am\u00e9rica en 1999. El nuevo director t\u00e9cnico estar\u00e1 acompa\u00f1ado por Marcos Mathias (asistente t\u00e9cnico), de Joseph Ca\u00f1as (preparador f\u00edsico), de Juvenal Rodr\u00edguez (preparador de arqueros) y Rodr\u00edgo Pi\u00f1\u00f3n (analista t\u00e1ctico)\u00bb, agreg\u00f3 la informaci\u00f3n.<\/p>\n<p>El t\u00e9cnico venezolano llega tras haber dirigido a la Universidad de Chile y al Atl\u00e9tico Mineiro, as\u00ed como a las diferentes selecciones de Venezuela.<\/p>\n<p>Justamente con el equipo Sub-20 fue subcampe\u00f3n del Mundial de la categor\u00eda en 2017 cuando perdi\u00f3 0-1 la final con Inglaterra en Corea del Sur.<\/p>\n<p>Antes de dirigir a la selecci\u00f3n \u00abVinotinto\u00bb entren\u00f3 a los clubes de su pa\u00eds Estudiantes de M\u00e9rida y Deportivo Lara de Barquisimeto.<\/p>\n<p>Como futbolista, adem\u00e1s de su exitoso paso por el Deportivo Cali, ataj\u00f3 en Millonarios, Am\u00e9rica de Cali, Quilmes, Maracaibo y Deportivo T\u00e1chira, entre otros.<\/p>\n<p>El nuevo equipo de Dudamel, que vio este mi\u00e9rcoles c\u00f3mo los jugadores que dirigir\u00e1 igualaron 2-2 con el Am\u00e9rica en el partido de ida de los cuartos de final de la Copa Colombia, ocupa actualmente el decimotercer puesto de la liga con nueve unidades.<\/p><div class=\"yzowv69f3e028511af\" ><p style=\"text-align: center;\"><a href=\"https:\/\/t.me\/noticiasdigital58\" target=\"_blank\" rel=\"noopener\"><img class=\"aligncenter size-full wp-image-125363\" src=\"https:\/\/digital58.com.ve\/site\/wp-content\/uploads\/2021\/04\/banner-telegram-web-2021.png\" alt=\"\" width=\"600\" height=\"90\" \/><\/a><\/p><\/div><style type=\"text\/css\">\r\n@media screen and (min-width: 1201px) {\r\n.yzowv69f3e028511af {\r\ndisplay: block;\r\n}\r\n}\r\n@media screen and (min-width: 993px) and (max-width: 1200px) {\r\n.yzowv69f3e028511af {\r\ndisplay: block;\r\n}\r\n}\r\n@media screen and (min-width: 769px) and (max-width: 992px) {\r\n.yzowv69f3e028511af {\r\ndisplay: block;\r\n}\r\n}\r\n@media screen and (min-width: 768px) and (max-width: 768px) {\r\n.yzowv69f3e028511af {\r\ndisplay: block;\r\n}\r\n}\r\n@media screen and (max-width: 767px) {\r\n.yzowv69f3e028511af {\r\ndisplay: block;\r\n}\r\n}\r\n<\/style>\r\n\n<p><strong>Redacci\u00f3n ND58 | Fuente: EFE<\/strong><br \/>\n<strong>Edici\u00f3n: Villasmil, Henry<\/strong><br \/>\n<strong>Gr\u00e1fica: Archivo<\/strong><\/p>\n<div style=\"margin-top: 0px; margin-bottom: 0px;\" class=\"sharethis-inline-share-buttons\" ><\/div>","protected":false},"excerpt":{"rendered":"<p>El estratega venezolano es muy recordado y querido en el club \u00abVerdiblanco\u00bb, pues ataj\u00f3 all\u00ed entre 1998 y 2001, tiempo<\/p>\n","protected":false},"author":1,"featured_media":65680,"comment_status":"open","ping_status":"closed","sticky":false,"template":"","format":"standard","meta":{"colormag_page_container_layout":"default_layout","colormag_page_sidebar_layout":"default_layout","_uag_custom_page_level_css":"","footnotes":""},"categories":[5402],"tags":[25325,25323,8310,25324,13,11227,41,188,135],"class_list":["post-142545","post","type-post","status-publish","format-standard","has-post-thumbnail","hentry","category-deportes","tag-alfredo-arias","tag-deportivo-cali","tag-director-tecnico","tag-fichaje-futbol","tag-futbol","tag-futbol-colombiano","tag-futbol-internacional","tag-rafael-dudamel","tag-venezolanos-en-el-exterior"],"yoast_head":"<!-- This site is optimized with the Yoast SEO plugin v27.5 - https:\/\/yoast.com\/product\/yoast-seo-wordpress\/ -->\n<title>El Cali anuncia al exseleccionador venezolano Rafael Dudamel como entrenador<\/title>\n<meta name=\"description\" content=\"Deportes\" \/>\n<meta name=\"robots\" content=\"index, follow, max-snippet:-1, max-image-preview:large, max-video-preview:-1\" \/>\n<link rel=\"canonical\" href=\"https:\/\/digital58.com.ve\/site\/2021\/09\/09\/el-cali-anuncia-al-exseleccionador-venezolano-rafael-dudamel-como-entrenador\/\" \/>\n<meta property=\"og:locale\" content=\"es_ES\" \/>\n<meta property=\"og:type\" content=\"article\" \/>\n<meta property=\"og:title\" content=\"El Cali anuncia al exseleccionador venezolano Rafael Dudamel como entrenador\" \/>\n<meta property=\"og:description\" content=\"Deportes\" \/>\n<meta property=\"og:url\" content=\"https:\/\/digital58.com.ve\/site\/2021\/09\/09\/el-cali-anuncia-al-exseleccionador-venezolano-rafael-dudamel-como-entrenador\/\" \/>\n<meta property=\"og:site_name\" content=\"Noticias Digital58\" \/>\n<meta property=\"article:published_time\" content=\"2021-09-09T04:10:45+00:00\" \/>\n<meta property=\"og:image\" content=\"https:\/\/digital58.com.ve\/site\/wp-content\/uploads\/2017\/06\/dudamel.jpg\" \/>\n\t<meta property=\"og:image:width\" content=\"1501\" \/>\n\t<meta property=\"og:image:height\" content=\"1000\" \/>\n\t<meta property=\"og:image:type\" content=\"image\/jpeg\" \/>\n<meta name=\"author\" content=\"Villasmil Henry\" \/>\n<meta name=\"twitter:card\" content=\"summary_large_image\" \/>\n<meta name=\"twitter:creator\" content=\"@https:\/\/twitter.com\/villasmilhfoto\" \/>\n<meta name=\"twitter:site\" content=\"@villasmilhfoto\" \/>\n<meta name=\"twitter:label1\" content=\"Escrito por\" \/>\n\t<meta name=\"twitter:data1\" content=\"Villasmil Henry\" \/>\n\t<meta name=\"twitter:label2\" content=\"Tiempo estimado de lectura\" \/>\n\t<meta name=\"twitter:data2\" content=\"2 minutos\" \/>\n<script type=\"application\/ld+json\" class=\"yoast-schema-graph\">{\"@context\":\"https:\\\/\\\/schema.org\",\"@graph\":[{\"@type\":\"Article\",\"@id\":\"https:\\\/\\\/digital58.com.ve\\\/site\\\/2021\\\/09\\\/09\\\/el-cali-anuncia-al-exseleccionador-venezolano-rafael-dudamel-como-entrenador\\\/#article\",\"isPartOf\":{\"@id\":\"https:\\\/\\\/digital58.com.ve\\\/site\\\/2021\\\/09\\\/09\\\/el-cali-anuncia-al-exseleccionador-venezolano-rafael-dudamel-como-entrenador\\\/\"},\"author\":{\"name\":\"Villasmil Henry\",\"@id\":\"https:\\\/\\\/digital58.com.ve\\\/site\\\/#\\\/schema\\\/person\\\/64d1c2e4d0d4fd1b849980c4331c2951\"},\"headline\":\"El Cali anuncia al exseleccionador venezolano Rafael Dudamel como entrenador\",\"datePublished\":\"2021-09-09T04:10:45+00:00\",\"mainEntityOfPage\":{\"@id\":\"https:\\\/\\\/digital58.com.ve\\\/site\\\/2021\\\/09\\\/09\\\/el-cali-anuncia-al-exseleccionador-venezolano-rafael-dudamel-como-entrenador\\\/\"},\"wordCount\":361,\"commentCount\":0,\"publisher\":{\"@id\":\"https:\\\/\\\/digital58.com.ve\\\/site\\\/#\\\/schema\\\/person\\\/64d1c2e4d0d4fd1b849980c4331c2951\"},\"image\":{\"@id\":\"https:\\\/\\\/digital58.com.ve\\\/site\\\/2021\\\/09\\\/09\\\/el-cali-anuncia-al-exseleccionador-venezolano-rafael-dudamel-como-entrenador\\\/#primaryimage\"},\"thumbnailUrl\":\"https:\\\/\\\/digital58.com.ve\\\/site\\\/wp-content\\\/uploads\\\/2017\\\/06\\\/dudamel.jpg\",\"keywords\":[\"Alfredo Arias\",\"Deportivo Cali\",\"Director T\u00e9cnico\",\"Fichaje F\u00fatbol\",\"F\u00fatbol\",\"F\u00fatbol Colombiano\",\"F\u00fatbol Internacional\",\"Rafael Dudamel\",\"Venezolanos en el exterior\"],\"articleSection\":[\"Deportes\"],\"inLanguage\":\"es\",\"potentialAction\":[{\"@type\":\"CommentAction\",\"name\":\"Comment\",\"target\":[\"https:\\\/\\\/digital58.com.ve\\\/site\\\/2021\\\/09\\\/09\\\/el-cali-anuncia-al-exseleccionador-venezolano-rafael-dudamel-como-entrenador\\\/#respond\"]}]},{\"@type\":\"WebPage\",\"@id\":\"https:\\\/\\\/digital58.com.ve\\\/site\\\/2021\\\/09\\\/09\\\/el-cali-anuncia-al-exseleccionador-venezolano-rafael-dudamel-como-entrenador\\\/\",\"url\":\"https:\\\/\\\/digital58.com.ve\\\/site\\\/2021\\\/09\\\/09\\\/el-cali-anuncia-al-exseleccionador-venezolano-rafael-dudamel-como-entrenador\\\/\",\"name\":\"El Cali anuncia al exseleccionador venezolano Rafael Dudamel como entrenador\",\"isPartOf\":{\"@id\":\"https:\\\/\\\/digital58.com.ve\\\/site\\\/#website\"},\"primaryImageOfPage\":{\"@id\":\"https:\\\/\\\/digital58.com.ve\\\/site\\\/2021\\\/09\\\/09\\\/el-cali-anuncia-al-exseleccionador-venezolano-rafael-dudamel-como-entrenador\\\/#primaryimage\"},\"image\":{\"@id\":\"https:\\\/\\\/digital58.com.ve\\\/site\\\/2021\\\/09\\\/09\\\/el-cali-anuncia-al-exseleccionador-venezolano-rafael-dudamel-como-entrenador\\\/#primaryimage\"},\"thumbnailUrl\":\"https:\\\/\\\/digital58.com.ve\\\/site\\\/wp-content\\\/uploads\\\/2017\\\/06\\\/dudamel.jpg\",\"datePublished\":\"2021-09-09T04:10:45+00:00\",\"description\":\"Deportes\",\"breadcrumb\":{\"@id\":\"https:\\\/\\\/digital58.com.ve\\\/site\\\/2021\\\/09\\\/09\\\/el-cali-anuncia-al-exseleccionador-venezolano-rafael-dudamel-como-entrenador\\\/#breadcrumb\"},\"inLanguage\":\"es\",\"potentialAction\":[{\"@type\":\"ReadAction\",\"target\":[\"https:\\\/\\\/digital58.com.ve\\\/site\\\/2021\\\/09\\\/09\\\/el-cali-anuncia-al-exseleccionador-venezolano-rafael-dudamel-como-entrenador\\\/\"]}]},{\"@type\":\"ImageObject\",\"inLanguage\":\"es\",\"@id\":\"https:\\\/\\\/digital58.com.ve\\\/site\\\/2021\\\/09\\\/09\\\/el-cali-anuncia-al-exseleccionador-venezolano-rafael-dudamel-como-entrenador\\\/#primaryimage\",\"url\":\"https:\\\/\\\/digital58.com.ve\\\/site\\\/wp-content\\\/uploads\\\/2017\\\/06\\\/dudamel.jpg\",\"contentUrl\":\"https:\\\/\\\/digital58.com.ve\\\/site\\\/wp-content\\\/uploads\\\/2017\\\/06\\\/dudamel.jpg\",\"width\":800,\"height\":533},{\"@type\":\"BreadcrumbList\",\"@id\":\"https:\\\/\\\/digital58.com.ve\\\/site\\\/2021\\\/09\\\/09\\\/el-cali-anuncia-al-exseleccionador-venezolano-rafael-dudamel-como-entrenador\\\/#breadcrumb\",\"itemListElement\":[{\"@type\":\"ListItem\",\"position\":1,\"name\":\"Home\",\"item\":\"https:\\\/\\\/digital58.com.ve\\\/site\\\/\"},{\"@type\":\"ListItem\",\"position\":2,\"name\":\"El Cali anuncia al exseleccionador venezolano Rafael Dudamel como entrenador\"}]},{\"@type\":\"WebSite\",\"@id\":\"https:\\\/\\\/digital58.com.ve\\\/site\\\/#website\",\"url\":\"https:\\\/\\\/digital58.com.ve\\\/site\\\/\",\"name\":\"Noticias Digital58\",\"description\":\"Portal de Noticias \u00a1Periodismo web de verdad! Lanzamiento web 22.11.2005 \\\/ Maracaibo, Venezuela\",\"publisher\":{\"@id\":\"https:\\\/\\\/digital58.com.ve\\\/site\\\/#\\\/schema\\\/person\\\/64d1c2e4d0d4fd1b849980c4331c2951\"},\"alternateName\":\"ND58\",\"potentialAction\":[{\"@type\":\"SearchAction\",\"target\":{\"@type\":\"EntryPoint\",\"urlTemplate\":\"https:\\\/\\\/digital58.com.ve\\\/site\\\/?s={search_term_string}\"},\"query-input\":{\"@type\":\"PropertyValueSpecification\",\"valueRequired\":true,\"valueName\":\"search_term_string\"}}],\"inLanguage\":\"es\"},{\"@type\":[\"Person\",\"Organization\"],\"@id\":\"https:\\\/\\\/digital58.com.ve\\\/site\\\/#\\\/schema\\\/person\\\/64d1c2e4d0d4fd1b849980c4331c2951\",\"name\":\"Villasmil Henry\",\"image\":{\"@type\":\"ImageObject\",\"inLanguage\":\"es\",\"@id\":\"https:\\\/\\\/secure.gravatar.com\\\/avatar\\\/bb0c4a2fcb7970138239f7e404ea75757b1b507b28b5ce4c53fbd62d797c5a7c?s=96&d=mm&r=g\",\"url\":\"https:\\\/\\\/secure.gravatar.com\\\/avatar\\\/bb0c4a2fcb7970138239f7e404ea75757b1b507b28b5ce4c53fbd62d797c5a7c?s=96&d=mm&r=g\",\"contentUrl\":\"https:\\\/\\\/secure.gravatar.com\\\/avatar\\\/bb0c4a2fcb7970138239f7e404ea75757b1b507b28b5ce4c53fbd62d797c5a7c?s=96&d=mm&r=g\",\"caption\":\"Villasmil Henry\"},\"logo\":{\"@id\":\"https:\\\/\\\/secure.gravatar.com\\\/avatar\\\/bb0c4a2fcb7970138239f7e404ea75757b1b507b28b5ce4c53fbd62d797c5a7c?s=96&d=mm&r=g\"},\"sameAs\":[\"http:\\\/\\\/www.henryvillasmil.com.ve\",\"https:\\\/\\\/www.instagram.com\\\/villasmilhfoto\\\/\",\"https:\\\/\\\/x.com\\\/https:\\\/\\\/twitter.com\\\/villasmilhfoto\"],\"url\":\"https:\\\/\\\/digital58.com.ve\\\/site\\\/author\\\/droopy_68\\\/\"}]}<\/script>\n<!-- \/ Yoast SEO plugin. -->","yoast_head_json":{"title":"El Cali anuncia al exseleccionador venezolano Rafael Dudamel como entrenador","description":"Deportes","robots":{"index":"index","follow":"follow","max-snippet":"max-snippet:-1","max-image-preview":"max-image-preview:large","max-video-preview":"max-video-preview:-1"},"canonical":"https:\/\/digital58.com.ve\/site\/2021\/09\/09\/el-cali-anuncia-al-exseleccionador-venezolano-rafael-dudamel-como-entrenador\/","og_locale":"es_ES","og_type":"article","og_title":"El Cali anuncia al exseleccionador venezolano Rafael Dudamel como entrenador","og_description":"Deportes","og_url":"https:\/\/digital58.com.ve\/site\/2021\/09\/09\/el-cali-anuncia-al-exseleccionador-venezolano-rafael-dudamel-como-entrenador\/","og_site_name":"Noticias Digital58","article_published_time":"2021-09-09T04:10:45+00:00","og_image":[{"width":1501,"height":1000,"url":"https:\/\/digital58.com.ve\/site\/wp-content\/uploads\/2017\/06\/dudamel.jpg","type":"image\/jpeg"}],"author":"Villasmil Henry","twitter_card":"summary_large_image","twitter_creator":"@https:\/\/twitter.com\/villasmilhfoto","twitter_site":"@villasmilhfoto","twitter_misc":{"Escrito por":"Villasmil Henry","Tiempo estimado de lectura":"2 minutos"},"schema":{"@context":"https:\/\/schema.org","@graph":[{"@type":"Article","@id":"https:\/\/digital58.com.ve\/site\/2021\/09\/09\/el-cali-anuncia-al-exseleccionador-venezolano-rafael-dudamel-como-entrenador\/#article","isPartOf":{"@id":"https:\/\/digital58.com.ve\/site\/2021\/09\/09\/el-cali-anuncia-al-exseleccionador-venezolano-rafael-dudamel-como-entrenador\/"},"author":{"name":"Villasmil Henry","@id":"https:\/\/digital58.com.ve\/site\/#\/schema\/person\/64d1c2e4d0d4fd1b849980c4331c2951"},"headline":"El Cali anuncia al exseleccionador venezolano Rafael Dudamel como entrenador","datePublished":"2021-09-09T04:10:45+00:00","mainEntityOfPage":{"@id":"https:\/\/digital58.com.ve\/site\/2021\/09\/09\/el-cali-anuncia-al-exseleccionador-venezolano-rafael-dudamel-como-entrenador\/"},"wordCount":361,"commentCount":0,"publisher":{"@id":"https:\/\/digital58.com.ve\/site\/#\/schema\/person\/64d1c2e4d0d4fd1b849980c4331c2951"},"image":{"@id":"https:\/\/digital58.com.ve\/site\/2021\/09\/09\/el-cali-anuncia-al-exseleccionador-venezolano-rafael-dudamel-como-entrenador\/#primaryimage"},"thumbnailUrl":"https:\/\/digital58.com.ve\/site\/wp-content\/uploads\/2017\/06\/dudamel.jpg","keywords":["Alfredo Arias","Deportivo Cali","Director T\u00e9cnico","Fichaje F\u00fatbol","F\u00fatbol","F\u00fatbol Colombiano","F\u00fatbol Internacional","Rafael Dudamel","Venezolanos en el exterior"],"articleSection":["Deportes"],"inLanguage":"es","potentialAction":[{"@type":"CommentAction","name":"Comment","target":["https:\/\/digital58.com.ve\/site\/2021\/09\/09\/el-cali-anuncia-al-exseleccionador-venezolano-rafael-dudamel-como-entrenador\/#respond"]}]},{"@type":"WebPage","@id":"https:\/\/digital58.com.ve\/site\/2021\/09\/09\/el-cali-anuncia-al-exseleccionador-venezolano-rafael-dudamel-como-entrenador\/","url":"https:\/\/digital58.com.ve\/site\/2021\/09\/09\/el-cali-anuncia-al-exseleccionador-venezolano-rafael-dudamel-como-entrenador\/","name":"El Cali anuncia al exseleccionador venezolano Rafael Dudamel como entrenador","isPartOf":{"@id":"https:\/\/digital58.com.ve\/site\/#website"},"primaryImageOfPage":{"@id":"https:\/\/digital58.com.ve\/site\/2021\/09\/09\/el-cali-anuncia-al-exseleccionador-venezolano-rafael-dudamel-como-entrenador\/#primaryimage"},"image":{"@id":"https:\/\/digital58.com.ve\/site\/2021\/09\/09\/el-cali-anuncia-al-exseleccionador-venezolano-rafael-dudamel-como-entrenador\/#primaryimage"},"thumbnailUrl":"https:\/\/digital58.com.ve\/site\/wp-content\/uploads\/2017\/06\/dudamel.jpg","datePublished":"2021-09-09T04:10:45+00:00","description":"Deportes","breadcrumb":{"@id":"https:\/\/digital58.com.ve\/site\/2021\/09\/09\/el-cali-anuncia-al-exseleccionador-venezolano-rafael-dudamel-como-entrenador\/#breadcrumb"},"inLanguage":"es","potentialAction":[{"@type":"ReadAction","target":["https:\/\/digital58.com.ve\/site\/2021\/09\/09\/el-cali-anuncia-al-exseleccionador-venezolano-rafael-dudamel-como-entrenador\/"]}]},{"@type":"ImageObject","inLanguage":"es","@id":"https:\/\/digital58.com.ve\/site\/2021\/09\/09\/el-cali-anuncia-al-exseleccionador-venezolano-rafael-dudamel-como-entrenador\/#primaryimage","url":"https:\/\/digital58.com.ve\/site\/wp-content\/uploads\/2017\/06\/dudamel.jpg","contentUrl":"https:\/\/digital58.com.ve\/site\/wp-content\/uploads\/2017\/06\/dudamel.jpg","width":800,"height":533},{"@type":"BreadcrumbList","@id":"https:\/\/digital58.com.ve\/site\/2021\/09\/09\/el-cali-anuncia-al-exseleccionador-venezolano-rafael-dudamel-como-entrenador\/#breadcrumb","itemListElement":[{"@type":"ListItem","position":1,"name":"Home","item":"https:\/\/digital58.com.ve\/site\/"},{"@type":"ListItem","position":2,"name":"El Cali anuncia al exseleccionador venezolano Rafael Dudamel como entrenador"}]},{"@type":"WebSite","@id":"https:\/\/digital58.com.ve\/site\/#website","url":"https:\/\/digital58.com.ve\/site\/","name":"Noticias Digital58","description":"Portal de Noticias \u00a1Periodismo web de verdad! Lanzamiento web 22.11.2005 \/ Maracaibo, Venezuela","publisher":{"@id":"https:\/\/digital58.com.ve\/site\/#\/schema\/person\/64d1c2e4d0d4fd1b849980c4331c2951"},"alternateName":"ND58","potentialAction":[{"@type":"SearchAction","target":{"@type":"EntryPoint","urlTemplate":"https:\/\/digital58.com.ve\/site\/?s={search_term_string}"},"query-input":{"@type":"PropertyValueSpecification","valueRequired":true,"valueName":"search_term_string"}}],"inLanguage":"es"},{"@type":["Person","Organization"],"@id":"https:\/\/digital58.com.ve\/site\/#\/schema\/person\/64d1c2e4d0d4fd1b849980c4331c2951","name":"Villasmil Henry","image":{"@type":"ImageObject","inLanguage":"es","@id":"https:\/\/secure.gravatar.com\/avatar\/bb0c4a2fcb7970138239f7e404ea75757b1b507b28b5ce4c53fbd62d797c5a7c?s=96&d=mm&r=g","url":"https:\/\/secure.gravatar.com\/avatar\/bb0c4a2fcb7970138239f7e404ea75757b1b507b28b5ce4c53fbd62d797c5a7c?s=96&d=mm&r=g","contentUrl":"https:\/\/secure.gravatar.com\/avatar\/bb0c4a2fcb7970138239f7e404ea75757b1b507b28b5ce4c53fbd62d797c5a7c?s=96&d=mm&r=g","caption":"Villasmil Henry"},"logo":{"@id":"https:\/\/secure.gravatar.com\/avatar\/bb0c4a2fcb7970138239f7e404ea75757b1b507b28b5ce4c53fbd62d797c5a7c?s=96&d=mm&r=g"},"sameAs":["http:\/\/www.henryvillasmil.com.ve","https:\/\/www.instagram.com\/villasmilhfoto\/","https:\/\/x.com\/https:\/\/twitter.com\/villasmilhfoto"],"url":"https:\/\/digital58.com.ve\/site\/author\/droopy_68\/"}]}},"uagb_featured_image_src":{"full":["https:\/\/digital58.com.ve\/site\/wp-content\/uploads\/2017\/06\/dudamel.jpg",800,533,false],"thumbnail":["https:\/\/digital58.com.ve\/site\/wp-content\/uploads\/2017\/06\/dudamel-150x150.jpg",150,150,true],"medium":["https:\/\/digital58.com.ve\/site\/wp-content\/uploads\/2017\/06\/dudamel-300x200.jpg",300,200,true],"medium_large":["https:\/\/digital58.com.ve\/site\/wp-content\/uploads\/2017\/06\/dudamel-768x512.jpg",768,512,true],"large":["https:\/\/digital58.com.ve\/site\/wp-content\/uploads\/2017\/06\/dudamel-1500x999.jpg",800,533,true],"1536x1536":["https:\/\/digital58.com.ve\/site\/wp-content\/uploads\/2017\/06\/dudamel.jpg",800,533,false],"2048x2048":["https:\/\/digital58.com.ve\/site\/wp-content\/uploads\/2017\/06\/dudamel.jpg",800,533,false],"colormag-highlighted-post":["https:\/\/digital58.com.ve\/site\/wp-content\/uploads\/2017\/06\/dudamel.jpg",392,261,false],"colormag-featured-post-medium":["https:\/\/digital58.com.ve\/site\/wp-content\/uploads\/2017\/06\/dudamel.jpg",308,205,false],"colormag-featured-post-small":["https:\/\/digital58.com.ve\/site\/wp-content\/uploads\/2017\/06\/dudamel.jpg",130,87,false],"colormag-featured-image":["https:\/\/digital58.com.ve\/site\/wp-content\/uploads\/2017\/06\/dudamel.jpg",668,445,false],"colormag-default-news":["https:\/\/digital58.com.ve\/site\/wp-content\/uploads\/2017\/06\/dudamel.jpg",150,100,false],"colormag-featured-image-large":["https:\/\/digital58.com.ve\/site\/wp-content\/uploads\/2017\/06\/dudamel.jpg",800,533,false]},"uagb_author_info":{"display_name":"Villasmil Henry","author_link":"https:\/\/digital58.com.ve\/site\/author\/droopy_68\/"},"uagb_comment_info":0,"uagb_excerpt":"El estratega venezolano es muy recordado y querido en el club \u00abVerdiblanco\u00bb, pues ataj\u00f3 all\u00ed entre 1998 y 2001, tiempo","_links":{"self":[{"href":"https:\/\/digital58.com.ve\/site\/wp-json\/wp\/v2\/posts\/142545","targetHints":{"allow":["GET"]}}],"collection":[{"href":"https:\/\/digital58.com.ve\/site\/wp-json\/wp\/v2\/posts"}],"about":[{"href":"https:\/\/digital58.com.ve\/site\/wp-json\/wp\/v2\/types\/post"}],"author":[{"embeddable":true,"href":"https:\/\/digital58.com.ve\/site\/wp-json\/wp\/v2\/users\/1"}],"replies":[{"embeddable":true,"href":"https:\/\/digital58.com.ve\/site\/wp-json\/wp\/v2\/comments?post=142545"}],"version-history":[{"count":0,"href":"https:\/\/digital58.com.ve\/site\/wp-json\/wp\/v2\/posts\/142545\/revisions"}],"wp:featuredmedia":[{"embeddable":true,"href":"https:\/\/digital58.com.ve\/site\/wp-json\/wp\/v2\/media\/65680"}],"wp:attachment":[{"href":"https:\/\/digital58.com.ve\/site\/wp-json\/wp\/v2\/media?parent=142545"}],"wp:term":[{"taxonomy":"category","embeddable":true,"href":"https:\/\/digital58.com.ve\/site\/wp-json\/wp\/v2\/categories?post=142545"},{"taxonomy":"post_tag","embeddable":true,"href":"https:\/\/digital58.com.ve\/site\/wp-json\/wp\/v2\/tags?post=142545"}],"curies":[{"name":"wp","href":"https:\/\/api.w.org\/{rel}","templated":true}]}}