{"id":142621,"date":"2021-09-11T12:09:43","date_gmt":"2021-09-11T16:09:43","guid":{"rendered":"https:\/\/digital58.com.ve\/site\/?p=142621"},"modified":"2021-09-11T12:09:43","modified_gmt":"2021-09-11T16:09:43","slug":"evo-morales-se-reune-con-maduro-en-caracas-tras-visitar-a-diaz-canel-en-cuba","status":"publish","type":"post","link":"https:\/\/digital58.com.ve\/site\/2021\/09\/11\/evo-morales-se-reune-con-maduro-en-caracas-tras-visitar-a-diaz-canel-en-cuba\/","title":{"rendered":"Evo Morales se re\u00fane con Maduro en Caracas tras visitar a D\u00edaz-Canel en Cuba"},"content":{"rendered":"<p><a href=\"https:\/\/digital58.com.ve\/site\/wp-content\/uploads\/2021\/09\/morales-maduro.jpg\"><img loading=\"lazy\" decoding=\"async\" class=\"aligncenter size-full wp-image-142622\" src=\"https:\/\/digital58.com.ve\/site\/wp-content\/uploads\/2021\/09\/morales-maduro.jpg\" alt=\"\" width=\"900\" height=\"601\" srcset=\"https:\/\/digital58.com.ve\/site\/wp-content\/uploads\/2021\/09\/morales-maduro.jpg 900w, https:\/\/digital58.com.ve\/site\/wp-content\/uploads\/2021\/09\/morales-maduro-300x200.jpg 300w, https:\/\/digital58.com.ve\/site\/wp-content\/uploads\/2021\/09\/morales-maduro-768x513.jpg 768w, https:\/\/digital58.com.ve\/site\/wp-content\/uploads\/2021\/09\/morales-maduro-720x480.jpg 720w, https:\/\/digital58.com.ve\/site\/wp-content\/uploads\/2021\/09\/morales-maduro-480x320.jpg 480w\" sizes=\"auto, (max-width: 900px) 100vw, 900px\" \/><\/a><\/p>\n<p>Un d\u00eda antes, Morales se reuni\u00f3 con el presidente cubano, Miguel D\u00edaz-Canel, y le expres\u00f3 su apoyo y solidaridad al pueblo de la isla, seg\u00fan medios estatales.<\/p>\n<p><strong>Caracas, DC, Venezuela, 11 de septiembre de 2021 (ND58).-<\/strong> El expresidente boliviano Evo Morales se reuni\u00f3 este viernes en Caracas con el mandatario venezolano, Nicol\u00e1s Maduro, un d\u00eda despu\u00e9s de que visitara al jefe de Estado cubano, Miguel D\u00edaz-Canel, en La Habana.<\/p>\n<p>\u00abEn la tarde de hoy, 10 de septiembre, recib\u00ed la grata visita del jefe indio del sur, Evo Morales Ayma. Sus palabras siempre llevan la carga hist\u00f3rica de las luchas de nuestros pueblos ancestrales, y nos reafirma el compromiso de las luchas que est\u00e1n por venir \u00a1Gracias Evo!\u00bb, escribi\u00f3 el mandatario en su cuenta de Twitter.<\/p>\n<p>D\u00edaz-Canel debati\u00f3 sobre la situaci\u00f3n regional e internacional con el l\u00edder del Movimiento al Socialismo-Instrumento Pol\u00edtico por la Soberan\u00eda de los Pueblos (MAS-IPSP) del pa\u00eds andino, seg\u00fan los medios oficialistas cubanos.<\/p>\n<p>Morales estuvo en junio pasado en Venezuela, donde particip\u00f3 en los actos de conmemoraci\u00f3n del bicentenario de la Batalla de Carabobo, clave en la independencia del pa\u00eds.<\/p>\n<p>El exmandatario boliviano es uno de los mayores aliados de Maduro y mostr\u00f3 su apoyo en uno de los peores momentos del jefe de Estado venezolano, en febrero de 2019, apenas unos d\u00edas despu\u00e9s de que el l\u00edder opositor Juan Guaid\u00f3 se proclamara presidente interino de Venezuela.<\/p>\n<p>Entonces, Morales realiz\u00f3 una visita sorpresa a Caracas en la que escenific\u00f3 su apoyo a Maduro cuando comenz\u00f3 una cadena de reconocimientos internacionales a Guaid\u00f3.<\/p>\n<p>Tras la renuncia de Morales a la Presidencia en noviembre de 2019, en medio de una crisis, Maduro retir\u00f3 las credenciales de los agregados militares de Bolivia en Venezuela y les dio como plazo 72 horas para que abandonaran el pa\u00eds.<\/p>\n<p>Poco despu\u00e9s de asumir el cargo como mandataria interina de Bolivia en sustituci\u00f3n de Morales, Jeanine \u00c1\u00f1ez rompi\u00f3 relaciones con la Administraci\u00f3n de Nicol\u00e1s Maduro y reconoci\u00f3 como presidente encargado a Juan Guaid\u00f3.<\/p>\n<p>Sin embargo, la vuelta del Movimiento al Socialismo (MAS), de Evo Morales, al poder con el triunfo electoral de Luis Arce en octubre de 2020 supuso tambi\u00e9n un viraje en las relaciones exteriores bolivianas y la reanudaci\u00f3n de las suspendidas por el Ejecutivo interino, entre ellas con Venezuela.<\/p>\n<p><strong>Redacci\u00f3n ND58 | Fuente: EFE<\/strong><br \/>\n<strong>Edici\u00f3n: Villasmil, Henry<\/strong><br \/>\n<strong>Gr\u00e1fica: Archivo<\/strong><\/p>\n<p>&nbsp;<\/p>\n<p>&nbsp;<\/p><div class=\"mvukd69ec671bc65c3\" ><p style=\"text-align: center;\"><a href=\"https:\/\/t.me\/noticiasdigital58\" target=\"_blank\" rel=\"noopener\"><img class=\"aligncenter size-full wp-image-125363\" src=\"https:\/\/digital58.com.ve\/site\/wp-content\/uploads\/2021\/04\/banner-telegram-web-2021.png\" alt=\"\" width=\"600\" height=\"90\" \/><\/a><\/p><\/div><style type=\"text\/css\">\r\n@media screen and (min-width: 1201px) {\r\n.mvukd69ec671bc65c3 {\r\ndisplay: block;\r\n}\r\n}\r\n@media screen and (min-width: 993px) and (max-width: 1200px) {\r\n.mvukd69ec671bc65c3 {\r\ndisplay: block;\r\n}\r\n}\r\n@media screen and (min-width: 769px) and (max-width: 992px) {\r\n.mvukd69ec671bc65c3 {\r\ndisplay: block;\r\n}\r\n}\r\n@media screen and (min-width: 768px) and (max-width: 768px) {\r\n.mvukd69ec671bc65c3 {\r\ndisplay: block;\r\n}\r\n}\r\n@media screen and (max-width: 767px) {\r\n.mvukd69ec671bc65c3 {\r\ndisplay: block;\r\n}\r\n}\r\n<\/style>\r\n\n<p>&nbsp;<\/p>\n<div style=\"margin-top: 0px; margin-bottom: 0px;\" class=\"sharethis-inline-share-buttons\" ><\/div>","protected":false},"excerpt":{"rendered":"<p>Un d\u00eda antes, Morales se reuni\u00f3 con el presidente cubano, Miguel D\u00edaz-Canel, y le expres\u00f3 su apoyo y solidaridad al<\/p>\n","protected":false},"author":1,"featured_media":142622,"comment_status":"open","ping_status":"closed","sticky":false,"template":"","format":"standard","meta":{"colormag_page_container_layout":"default_layout","colormag_page_sidebar_layout":"default_layout","_uag_custom_page_level_css":"","footnotes":""},"categories":[16454],"tags":[29,8611,233,14182,21283],"class_list":["post-142621","post","type-post","status-publish","format-standard","has-post-thumbnail","hentry","category-venezuela","tag-caracas","tag-evo-morales","tag-nacionales","tag-nicolas-maduro-moros","tag-politicos"],"yoast_head":"<!-- This site is optimized with the Yoast SEO plugin v27.4 - https:\/\/yoast.com\/product\/yoast-seo-wordpress\/ -->\n<title>Evo Morales se re\u00fane con Maduro en Caracas tras visitar a D\u00edaz-Canel en Cuba<\/title>\n<meta name=\"description\" content=\"Venezuela\" \/>\n<meta name=\"robots\" content=\"index, follow, max-snippet:-1, max-image-preview:large, max-video-preview:-1\" \/>\n<link rel=\"canonical\" href=\"https:\/\/digital58.com.ve\/site\/2021\/09\/11\/evo-morales-se-reune-con-maduro-en-caracas-tras-visitar-a-diaz-canel-en-cuba\/\" \/>\n<meta property=\"og:locale\" content=\"es_ES\" \/>\n<meta property=\"og:type\" content=\"article\" \/>\n<meta property=\"og:title\" content=\"Evo Morales se re\u00fane con Maduro en Caracas tras visitar a D\u00edaz-Canel en Cuba\" \/>\n<meta property=\"og:description\" content=\"Venezuela\" \/>\n<meta property=\"og:url\" content=\"https:\/\/digital58.com.ve\/site\/2021\/09\/11\/evo-morales-se-reune-con-maduro-en-caracas-tras-visitar-a-diaz-canel-en-cuba\/\" \/>\n<meta property=\"og:site_name\" content=\"Noticias Digital58\" \/>\n<meta property=\"article:published_time\" content=\"2021-09-11T16:09:43+00:00\" \/>\n<meta property=\"og:image\" content=\"https:\/\/digital58.com.ve\/site\/wp-content\/uploads\/2021\/09\/morales-maduro.jpg\" \/>\n\t<meta property=\"og:image:width\" content=\"900\" \/>\n\t<meta property=\"og:image:height\" content=\"601\" \/>\n\t<meta property=\"og:image:type\" content=\"image\/jpeg\" \/>\n<meta name=\"author\" content=\"Villasmil Henry\" \/>\n<meta name=\"twitter:card\" content=\"summary_large_image\" \/>\n<meta name=\"twitter:creator\" content=\"@https:\/\/twitter.com\/villasmilhfoto\" \/>\n<meta name=\"twitter:site\" content=\"@villasmilhfoto\" \/>\n<meta name=\"twitter:label1\" content=\"Escrito por\" \/>\n\t<meta name=\"twitter:data1\" content=\"Villasmil Henry\" \/>\n\t<meta name=\"twitter:label2\" content=\"Tiempo estimado de lectura\" \/>\n\t<meta name=\"twitter:data2\" content=\"2 minutos\" \/>\n<script type=\"application\/ld+json\" class=\"yoast-schema-graph\">{\"@context\":\"https:\\\/\\\/schema.org\",\"@graph\":[{\"@type\":\"Article\",\"@id\":\"https:\\\/\\\/digital58.com.ve\\\/site\\\/2021\\\/09\\\/11\\\/evo-morales-se-reune-con-maduro-en-caracas-tras-visitar-a-diaz-canel-en-cuba\\\/#article\",\"isPartOf\":{\"@id\":\"https:\\\/\\\/digital58.com.ve\\\/site\\\/2021\\\/09\\\/11\\\/evo-morales-se-reune-con-maduro-en-caracas-tras-visitar-a-diaz-canel-en-cuba\\\/\"},\"author\":{\"name\":\"Villasmil Henry\",\"@id\":\"https:\\\/\\\/digital58.com.ve\\\/site\\\/#\\\/schema\\\/person\\\/64d1c2e4d0d4fd1b849980c4331c2951\"},\"headline\":\"Evo Morales se re\u00fane con Maduro en Caracas tras visitar a D\u00edaz-Canel en Cuba\",\"datePublished\":\"2021-09-11T16:09:43+00:00\",\"mainEntityOfPage\":{\"@id\":\"https:\\\/\\\/digital58.com.ve\\\/site\\\/2021\\\/09\\\/11\\\/evo-morales-se-reune-con-maduro-en-caracas-tras-visitar-a-diaz-canel-en-cuba\\\/\"},\"wordCount\":430,\"commentCount\":0,\"publisher\":{\"@id\":\"https:\\\/\\\/digital58.com.ve\\\/site\\\/#\\\/schema\\\/person\\\/64d1c2e4d0d4fd1b849980c4331c2951\"},\"image\":{\"@id\":\"https:\\\/\\\/digital58.com.ve\\\/site\\\/2021\\\/09\\\/11\\\/evo-morales-se-reune-con-maduro-en-caracas-tras-visitar-a-diaz-canel-en-cuba\\\/#primaryimage\"},\"thumbnailUrl\":\"https:\\\/\\\/digital58.com.ve\\\/site\\\/wp-content\\\/uploads\\\/2021\\\/09\\\/morales-maduro.jpg\",\"keywords\":[\"Caracas\",\"Evo Morales\",\"Nacionales\",\"Nicol\u00e1s Maduro Moros\",\"Pol\u00edticos\"],\"articleSection\":[\"Venezuela\"],\"inLanguage\":\"es\",\"potentialAction\":[{\"@type\":\"CommentAction\",\"name\":\"Comment\",\"target\":[\"https:\\\/\\\/digital58.com.ve\\\/site\\\/2021\\\/09\\\/11\\\/evo-morales-se-reune-con-maduro-en-caracas-tras-visitar-a-diaz-canel-en-cuba\\\/#respond\"]}]},{\"@type\":\"WebPage\",\"@id\":\"https:\\\/\\\/digital58.com.ve\\\/site\\\/2021\\\/09\\\/11\\\/evo-morales-se-reune-con-maduro-en-caracas-tras-visitar-a-diaz-canel-en-cuba\\\/\",\"url\":\"https:\\\/\\\/digital58.com.ve\\\/site\\\/2021\\\/09\\\/11\\\/evo-morales-se-reune-con-maduro-en-caracas-tras-visitar-a-diaz-canel-en-cuba\\\/\",\"name\":\"Evo Morales se re\u00fane con Maduro en Caracas tras visitar a D\u00edaz-Canel en Cuba\",\"isPartOf\":{\"@id\":\"https:\\\/\\\/digital58.com.ve\\\/site\\\/#website\"},\"primaryImageOfPage\":{\"@id\":\"https:\\\/\\\/digital58.com.ve\\\/site\\\/2021\\\/09\\\/11\\\/evo-morales-se-reune-con-maduro-en-caracas-tras-visitar-a-diaz-canel-en-cuba\\\/#primaryimage\"},\"image\":{\"@id\":\"https:\\\/\\\/digital58.com.ve\\\/site\\\/2021\\\/09\\\/11\\\/evo-morales-se-reune-con-maduro-en-caracas-tras-visitar-a-diaz-canel-en-cuba\\\/#primaryimage\"},\"thumbnailUrl\":\"https:\\\/\\\/digital58.com.ve\\\/site\\\/wp-content\\\/uploads\\\/2021\\\/09\\\/morales-maduro.jpg\",\"datePublished\":\"2021-09-11T16:09:43+00:00\",\"description\":\"Venezuela\",\"breadcrumb\":{\"@id\":\"https:\\\/\\\/digital58.com.ve\\\/site\\\/2021\\\/09\\\/11\\\/evo-morales-se-reune-con-maduro-en-caracas-tras-visitar-a-diaz-canel-en-cuba\\\/#breadcrumb\"},\"inLanguage\":\"es\",\"potentialAction\":[{\"@type\":\"ReadAction\",\"target\":[\"https:\\\/\\\/digital58.com.ve\\\/site\\\/2021\\\/09\\\/11\\\/evo-morales-se-reune-con-maduro-en-caracas-tras-visitar-a-diaz-canel-en-cuba\\\/\"]}]},{\"@type\":\"ImageObject\",\"inLanguage\":\"es\",\"@id\":\"https:\\\/\\\/digital58.com.ve\\\/site\\\/2021\\\/09\\\/11\\\/evo-morales-se-reune-con-maduro-en-caracas-tras-visitar-a-diaz-canel-en-cuba\\\/#primaryimage\",\"url\":\"https:\\\/\\\/digital58.com.ve\\\/site\\\/wp-content\\\/uploads\\\/2021\\\/09\\\/morales-maduro.jpg\",\"contentUrl\":\"https:\\\/\\\/digital58.com.ve\\\/site\\\/wp-content\\\/uploads\\\/2021\\\/09\\\/morales-maduro.jpg\",\"width\":900,\"height\":601},{\"@type\":\"BreadcrumbList\",\"@id\":\"https:\\\/\\\/digital58.com.ve\\\/site\\\/2021\\\/09\\\/11\\\/evo-morales-se-reune-con-maduro-en-caracas-tras-visitar-a-diaz-canel-en-cuba\\\/#breadcrumb\",\"itemListElement\":[{\"@type\":\"ListItem\",\"position\":1,\"name\":\"Home\",\"item\":\"https:\\\/\\\/digital58.com.ve\\\/site\\\/\"},{\"@type\":\"ListItem\",\"position\":2,\"name\":\"Evo Morales se re\u00fane con Maduro en Caracas tras visitar a D\u00edaz-Canel en Cuba\"}]},{\"@type\":\"WebSite\",\"@id\":\"https:\\\/\\\/digital58.com.ve\\\/site\\\/#website\",\"url\":\"https:\\\/\\\/digital58.com.ve\\\/site\\\/\",\"name\":\"Noticias Digital58\",\"description\":\"Portal de Noticias \u00a1Periodismo web de verdad! Lanzamiento web 22.11.2005 \\\/ Maracaibo, Venezuela\",\"publisher\":{\"@id\":\"https:\\\/\\\/digital58.com.ve\\\/site\\\/#\\\/schema\\\/person\\\/64d1c2e4d0d4fd1b849980c4331c2951\"},\"alternateName\":\"ND58\",\"potentialAction\":[{\"@type\":\"SearchAction\",\"target\":{\"@type\":\"EntryPoint\",\"urlTemplate\":\"https:\\\/\\\/digital58.com.ve\\\/site\\\/?s={search_term_string}\"},\"query-input\":{\"@type\":\"PropertyValueSpecification\",\"valueRequired\":true,\"valueName\":\"search_term_string\"}}],\"inLanguage\":\"es\"},{\"@type\":[\"Person\",\"Organization\"],\"@id\":\"https:\\\/\\\/digital58.com.ve\\\/site\\\/#\\\/schema\\\/person\\\/64d1c2e4d0d4fd1b849980c4331c2951\",\"name\":\"Villasmil Henry\",\"image\":{\"@type\":\"ImageObject\",\"inLanguage\":\"es\",\"@id\":\"https:\\\/\\\/secure.gravatar.com\\\/avatar\\\/bb0c4a2fcb7970138239f7e404ea75757b1b507b28b5ce4c53fbd62d797c5a7c?s=96&d=mm&r=g\",\"url\":\"https:\\\/\\\/secure.gravatar.com\\\/avatar\\\/bb0c4a2fcb7970138239f7e404ea75757b1b507b28b5ce4c53fbd62d797c5a7c?s=96&d=mm&r=g\",\"contentUrl\":\"https:\\\/\\\/secure.gravatar.com\\\/avatar\\\/bb0c4a2fcb7970138239f7e404ea75757b1b507b28b5ce4c53fbd62d797c5a7c?s=96&d=mm&r=g\",\"caption\":\"Villasmil Henry\"},\"logo\":{\"@id\":\"https:\\\/\\\/secure.gravatar.com\\\/avatar\\\/bb0c4a2fcb7970138239f7e404ea75757b1b507b28b5ce4c53fbd62d797c5a7c?s=96&d=mm&r=g\"},\"sameAs\":[\"http:\\\/\\\/www.henryvillasmil.com.ve\",\"https:\\\/\\\/www.instagram.com\\\/villasmilhfoto\\\/\",\"https:\\\/\\\/x.com\\\/https:\\\/\\\/twitter.com\\\/villasmilhfoto\"],\"url\":\"https:\\\/\\\/digital58.com.ve\\\/site\\\/author\\\/droopy_68\\\/\"}]}<\/script>\n<!-- \/ Yoast SEO plugin. -->","yoast_head_json":{"title":"Evo Morales se re\u00fane con Maduro en Caracas tras visitar a D\u00edaz-Canel en Cuba","description":"Venezuela","robots":{"index":"index","follow":"follow","max-snippet":"max-snippet:-1","max-image-preview":"max-image-preview:large","max-video-preview":"max-video-preview:-1"},"canonical":"https:\/\/digital58.com.ve\/site\/2021\/09\/11\/evo-morales-se-reune-con-maduro-en-caracas-tras-visitar-a-diaz-canel-en-cuba\/","og_locale":"es_ES","og_type":"article","og_title":"Evo Morales se re\u00fane con Maduro en Caracas tras visitar a D\u00edaz-Canel en Cuba","og_description":"Venezuela","og_url":"https:\/\/digital58.com.ve\/site\/2021\/09\/11\/evo-morales-se-reune-con-maduro-en-caracas-tras-visitar-a-diaz-canel-en-cuba\/","og_site_name":"Noticias Digital58","article_published_time":"2021-09-11T16:09:43+00:00","og_image":[{"width":900,"height":601,"url":"https:\/\/digital58.com.ve\/site\/wp-content\/uploads\/2021\/09\/morales-maduro.jpg","type":"image\/jpeg"}],"author":"Villasmil Henry","twitter_card":"summary_large_image","twitter_creator":"@https:\/\/twitter.com\/villasmilhfoto","twitter_site":"@villasmilhfoto","twitter_misc":{"Escrito por":"Villasmil Henry","Tiempo estimado de lectura":"2 minutos"},"schema":{"@context":"https:\/\/schema.org","@graph":[{"@type":"Article","@id":"https:\/\/digital58.com.ve\/site\/2021\/09\/11\/evo-morales-se-reune-con-maduro-en-caracas-tras-visitar-a-diaz-canel-en-cuba\/#article","isPartOf":{"@id":"https:\/\/digital58.com.ve\/site\/2021\/09\/11\/evo-morales-se-reune-con-maduro-en-caracas-tras-visitar-a-diaz-canel-en-cuba\/"},"author":{"name":"Villasmil Henry","@id":"https:\/\/digital58.com.ve\/site\/#\/schema\/person\/64d1c2e4d0d4fd1b849980c4331c2951"},"headline":"Evo Morales se re\u00fane con Maduro en Caracas tras visitar a D\u00edaz-Canel en Cuba","datePublished":"2021-09-11T16:09:43+00:00","mainEntityOfPage":{"@id":"https:\/\/digital58.com.ve\/site\/2021\/09\/11\/evo-morales-se-reune-con-maduro-en-caracas-tras-visitar-a-diaz-canel-en-cuba\/"},"wordCount":430,"commentCount":0,"publisher":{"@id":"https:\/\/digital58.com.ve\/site\/#\/schema\/person\/64d1c2e4d0d4fd1b849980c4331c2951"},"image":{"@id":"https:\/\/digital58.com.ve\/site\/2021\/09\/11\/evo-morales-se-reune-con-maduro-en-caracas-tras-visitar-a-diaz-canel-en-cuba\/#primaryimage"},"thumbnailUrl":"https:\/\/digital58.com.ve\/site\/wp-content\/uploads\/2021\/09\/morales-maduro.jpg","keywords":["Caracas","Evo Morales","Nacionales","Nicol\u00e1s Maduro Moros","Pol\u00edticos"],"articleSection":["Venezuela"],"inLanguage":"es","potentialAction":[{"@type":"CommentAction","name":"Comment","target":["https:\/\/digital58.com.ve\/site\/2021\/09\/11\/evo-morales-se-reune-con-maduro-en-caracas-tras-visitar-a-diaz-canel-en-cuba\/#respond"]}]},{"@type":"WebPage","@id":"https:\/\/digital58.com.ve\/site\/2021\/09\/11\/evo-morales-se-reune-con-maduro-en-caracas-tras-visitar-a-diaz-canel-en-cuba\/","url":"https:\/\/digital58.com.ve\/site\/2021\/09\/11\/evo-morales-se-reune-con-maduro-en-caracas-tras-visitar-a-diaz-canel-en-cuba\/","name":"Evo Morales se re\u00fane con Maduro en Caracas tras visitar a D\u00edaz-Canel en Cuba","isPartOf":{"@id":"https:\/\/digital58.com.ve\/site\/#website"},"primaryImageOfPage":{"@id":"https:\/\/digital58.com.ve\/site\/2021\/09\/11\/evo-morales-se-reune-con-maduro-en-caracas-tras-visitar-a-diaz-canel-en-cuba\/#primaryimage"},"image":{"@id":"https:\/\/digital58.com.ve\/site\/2021\/09\/11\/evo-morales-se-reune-con-maduro-en-caracas-tras-visitar-a-diaz-canel-en-cuba\/#primaryimage"},"thumbnailUrl":"https:\/\/digital58.com.ve\/site\/wp-content\/uploads\/2021\/09\/morales-maduro.jpg","datePublished":"2021-09-11T16:09:43+00:00","description":"Venezuela","breadcrumb":{"@id":"https:\/\/digital58.com.ve\/site\/2021\/09\/11\/evo-morales-se-reune-con-maduro-en-caracas-tras-visitar-a-diaz-canel-en-cuba\/#breadcrumb"},"inLanguage":"es","potentialAction":[{"@type":"ReadAction","target":["https:\/\/digital58.com.ve\/site\/2021\/09\/11\/evo-morales-se-reune-con-maduro-en-caracas-tras-visitar-a-diaz-canel-en-cuba\/"]}]},{"@type":"ImageObject","inLanguage":"es","@id":"https:\/\/digital58.com.ve\/site\/2021\/09\/11\/evo-morales-se-reune-con-maduro-en-caracas-tras-visitar-a-diaz-canel-en-cuba\/#primaryimage","url":"https:\/\/digital58.com.ve\/site\/wp-content\/uploads\/2021\/09\/morales-maduro.jpg","contentUrl":"https:\/\/digital58.com.ve\/site\/wp-content\/uploads\/2021\/09\/morales-maduro.jpg","width":900,"height":601},{"@type":"BreadcrumbList","@id":"https:\/\/digital58.com.ve\/site\/2021\/09\/11\/evo-morales-se-reune-con-maduro-en-caracas-tras-visitar-a-diaz-canel-en-cuba\/#breadcrumb","itemListElement":[{"@type":"ListItem","position":1,"name":"Home","item":"https:\/\/digital58.com.ve\/site\/"},{"@type":"ListItem","position":2,"name":"Evo Morales se re\u00fane con Maduro en Caracas tras visitar a D\u00edaz-Canel en Cuba"}]},{"@type":"WebSite","@id":"https:\/\/digital58.com.ve\/site\/#website","url":"https:\/\/digital58.com.ve\/site\/","name":"Noticias Digital58","description":"Portal de Noticias \u00a1Periodismo web de verdad! Lanzamiento web 22.11.2005 \/ Maracaibo, Venezuela","publisher":{"@id":"https:\/\/digital58.com.ve\/site\/#\/schema\/person\/64d1c2e4d0d4fd1b849980c4331c2951"},"alternateName":"ND58","potentialAction":[{"@type":"SearchAction","target":{"@type":"EntryPoint","urlTemplate":"https:\/\/digital58.com.ve\/site\/?s={search_term_string}"},"query-input":{"@type":"PropertyValueSpecification","valueRequired":true,"valueName":"search_term_string"}}],"inLanguage":"es"},{"@type":["Person","Organization"],"@id":"https:\/\/digital58.com.ve\/site\/#\/schema\/person\/64d1c2e4d0d4fd1b849980c4331c2951","name":"Villasmil Henry","image":{"@type":"ImageObject","inLanguage":"es","@id":"https:\/\/secure.gravatar.com\/avatar\/bb0c4a2fcb7970138239f7e404ea75757b1b507b28b5ce4c53fbd62d797c5a7c?s=96&d=mm&r=g","url":"https:\/\/secure.gravatar.com\/avatar\/bb0c4a2fcb7970138239f7e404ea75757b1b507b28b5ce4c53fbd62d797c5a7c?s=96&d=mm&r=g","contentUrl":"https:\/\/secure.gravatar.com\/avatar\/bb0c4a2fcb7970138239f7e404ea75757b1b507b28b5ce4c53fbd62d797c5a7c?s=96&d=mm&r=g","caption":"Villasmil Henry"},"logo":{"@id":"https:\/\/secure.gravatar.com\/avatar\/bb0c4a2fcb7970138239f7e404ea75757b1b507b28b5ce4c53fbd62d797c5a7c?s=96&d=mm&r=g"},"sameAs":["http:\/\/www.henryvillasmil.com.ve","https:\/\/www.instagram.com\/villasmilhfoto\/","https:\/\/x.com\/https:\/\/twitter.com\/villasmilhfoto"],"url":"https:\/\/digital58.com.ve\/site\/author\/droopy_68\/"}]}},"uagb_featured_image_src":{"full":["https:\/\/digital58.com.ve\/site\/wp-content\/uploads\/2021\/09\/morales-maduro.jpg",900,601,false],"thumbnail":["https:\/\/digital58.com.ve\/site\/wp-content\/uploads\/2021\/09\/morales-maduro-150x150.jpg",150,150,true],"medium":["https:\/\/digital58.com.ve\/site\/wp-content\/uploads\/2021\/09\/morales-maduro-300x200.jpg",300,200,true],"medium_large":["https:\/\/digital58.com.ve\/site\/wp-content\/uploads\/2021\/09\/morales-maduro-768x513.jpg",768,513,true],"large":["https:\/\/digital58.com.ve\/site\/wp-content\/uploads\/2021\/09\/morales-maduro.jpg",800,534,false],"1536x1536":["https:\/\/digital58.com.ve\/site\/wp-content\/uploads\/2021\/09\/morales-maduro.jpg",900,601,false],"2048x2048":["https:\/\/digital58.com.ve\/site\/wp-content\/uploads\/2021\/09\/morales-maduro.jpg",900,601,false],"colormag-highlighted-post":["https:\/\/digital58.com.ve\/site\/wp-content\/uploads\/2021\/09\/morales-maduro.jpg",392,262,false],"colormag-featured-post-medium":["https:\/\/digital58.com.ve\/site\/wp-content\/uploads\/2021\/09\/morales-maduro.jpg",307,205,false],"colormag-featured-post-small":["https:\/\/digital58.com.ve\/site\/wp-content\/uploads\/2021\/09\/morales-maduro.jpg",130,87,false],"colormag-featured-image":["https:\/\/digital58.com.ve\/site\/wp-content\/uploads\/2021\/09\/morales-maduro.jpg",666,445,false],"colormag-default-news":["https:\/\/digital58.com.ve\/site\/wp-content\/uploads\/2021\/09\/morales-maduro.jpg",150,100,false],"colormag-featured-image-large":["https:\/\/digital58.com.ve\/site\/wp-content\/uploads\/2021\/09\/morales-maduro.jpg",899,600,false]},"uagb_author_info":{"display_name":"Villasmil Henry","author_link":"https:\/\/digital58.com.ve\/site\/author\/droopy_68\/"},"uagb_comment_info":0,"uagb_excerpt":"Un d\u00eda antes, Morales se reuni\u00f3 con el presidente cubano, Miguel D\u00edaz-Canel, y le expres\u00f3 su apoyo y solidaridad al","_links":{"self":[{"href":"https:\/\/digital58.com.ve\/site\/wp-json\/wp\/v2\/posts\/142621","targetHints":{"allow":["GET"]}}],"collection":[{"href":"https:\/\/digital58.com.ve\/site\/wp-json\/wp\/v2\/posts"}],"about":[{"href":"https:\/\/digital58.com.ve\/site\/wp-json\/wp\/v2\/types\/post"}],"author":[{"embeddable":true,"href":"https:\/\/digital58.com.ve\/site\/wp-json\/wp\/v2\/users\/1"}],"replies":[{"embeddable":true,"href":"https:\/\/digital58.com.ve\/site\/wp-json\/wp\/v2\/comments?post=142621"}],"version-history":[{"count":0,"href":"https:\/\/digital58.com.ve\/site\/wp-json\/wp\/v2\/posts\/142621\/revisions"}],"wp:featuredmedia":[{"embeddable":true,"href":"https:\/\/digital58.com.ve\/site\/wp-json\/wp\/v2\/media\/142622"}],"wp:attachment":[{"href":"https:\/\/digital58.com.ve\/site\/wp-json\/wp\/v2\/media?parent=142621"}],"wp:term":[{"taxonomy":"category","embeddable":true,"href":"https:\/\/digital58.com.ve\/site\/wp-json\/wp\/v2\/categories?post=142621"},{"taxonomy":"post_tag","embeddable":true,"href":"https:\/\/digital58.com.ve\/site\/wp-json\/wp\/v2\/tags?post=142621"}],"curies":[{"name":"wp","href":"https:\/\/api.w.org\/{rel}","templated":true}]}}