{"id":142685,"date":"2021-09-14T14:21:05","date_gmt":"2021-09-14T18:21:05","guid":{"rendered":"https:\/\/digital58.com.ve\/site\/?p=142685"},"modified":"2021-09-14T14:21:05","modified_gmt":"2021-09-14T18:21:05","slug":"nicolas-maduro-encomienda-a-nuevo-ministro-fortalecer-y-garantizar-el-acceso-al-agua","status":"publish","type":"post","link":"https:\/\/digital58.com.ve\/site\/2021\/09\/14\/nicolas-maduro-encomienda-a-nuevo-ministro-fortalecer-y-garantizar-el-acceso-al-agua\/","title":{"rendered":"Nicol\u00e1s Maduro encomienda a nuevo ministro fortalecer y garantizar el acceso al agua"},"content":{"rendered":"<p><a href=\"https:\/\/digital58.com.ve\/site\/wp-content\/uploads\/2021\/09\/Rodolfo-Marco-Torres.jpg\"><img loading=\"lazy\" decoding=\"async\" class=\"aligncenter size-full wp-image-142686\" src=\"https:\/\/digital58.com.ve\/site\/wp-content\/uploads\/2021\/09\/Rodolfo-Marco-Torres.jpg\" alt=\"\" width=\"764\" height=\"445\" srcset=\"https:\/\/digital58.com.ve\/site\/wp-content\/uploads\/2021\/09\/Rodolfo-Marco-Torres.jpg 764w, https:\/\/digital58.com.ve\/site\/wp-content\/uploads\/2021\/09\/Rodolfo-Marco-Torres-300x175.jpg 300w\" sizes=\"auto, (max-width: 764px) 100vw, 764px\" \/><\/a><\/p>\n<p>El pasado 27 de agosto, Torres, que sustituye a Evelyn V\u00e1squez al frente de la cartera de Estado, renunci\u00f3 como gobernador luego de haber perdido en las primarias del Partido Socialista Unido de Venezuela (PSUV) donde intent\u00f3 conseguir el triunfo para la reelecci\u00f3n en dicho cargo.<\/p>\n<p><strong>Maracaibo, Zulia, Venezuela, 14 de septiembre de 2021 (ND58).-<\/strong> El presidente de Venezuela, Nicol\u00e1s Maduro, design\u00f3 al exgobernador del estado Aragua Rodolfo Marco Torres como el nuevo ministro de Atenci\u00f3n de las Aguas, un servicio que el mandatario busca \u00abfortalecer\u00bb y garantizar, tras a\u00f1os de denuncias por escasez, cortes y fallas constantes en el pa\u00eds.<\/p>\n<p>\u00abDesign\u00e9 como nuevo Ministro del Poder Popular de Atenci\u00f3n de las Aguas a Rodolfo Marco Torres. La tarea es fortalecer el cuidado y la preservaci\u00f3n de este importante recurso natural, garantizado el acceso del pueblo venezolano a este vital l\u00edquido\u00bb, indic\u00f3 el mandatario en su cuenta de Twitter.<\/p>\n<p>Las denuncias por fallas en el suministro de agua potable se han incrementado en los \u00faltimos a\u00f1os, pero la vicepresidenta ejecutiva, Delcy Rodr\u00edguez, asegur\u00f3 el s\u00e1bado que debido a las sanciones impuestas por Estados Unidos, la Uni\u00f3n Europea y otros pa\u00edses, empresas en el exterior se niegan a venderle al Gobierno piezas o repuestos para el sistema de bombeo.<\/p>\n<p>\u00abNosotros hemos mostrado y vamos a seguir mostrando cada prueba de c\u00f3mo el bloqueo criminal ha impedido que Venezuela acceda a las bombas de agua. Por escrito lo dicen: \u00abno podemos suministrarles piezas para el mecanismo el\u00e9ctrico del sistema de bombeo de agua por las sanciones de la OFAC\u00bb\u00bb, expres\u00f3 Rodr\u00edguez en un recorrido por la barriada de Petare, Miranda, transmitido por el canal estatal VTV.<\/p>\n<p>La oposici\u00f3n venezolana denunci\u00f3 el pasado 15 de junio, que m\u00e1s del 90 por ciento de los venezolanos no reciben agua potable de manera continua y que, desde hace m\u00e1s de 20 a\u00f1os, apenas se ha invertido para crear nuevas fuentes de agua o en adecuar las instalaciones de potabilizaci\u00f3n.<\/p>\n<p>\u00abLamentablemente, el problema del servicio de agua potable en Venezuela sigue ganando terreno y se agudiza por el riesgo que tenemos los venezolanos ante la pandemia mundial de la COVID-19\u00bb, dijo la exdiputada opositora Nora Bracho en un comunicado.<\/p>\n<p>En este sentido, subray\u00f3 que el agua \u00abes un derecho humano y el pa\u00eds dista mucho\u00bb de garantizarlo, pese a que es \u00abun elemento esencial para hacer efectivas otras prerrogativas como la salud y la alimentaci\u00f3n\u00bb.<\/p>\n<p>El escaso suministro de agua, tanto en las ciudades como en las zonas rurales, obliga a muchos venezolanos a acudir a manantiales para obtenerla y subsanar as\u00ed sus necesidades cotidianas de higiene, salud y nutrici\u00f3n.<\/p>\n<p><strong>Redacci\u00f3n ND58 | Fuente: EFE<\/strong><br \/>\n<strong>Edici\u00f3n: Villasmil, Henry<\/strong><br \/>\n<strong>Gr\u00e1fica: Archivos<\/strong><\/p>\n<p>&nbsp;<\/p>\n<p>&nbsp;<\/p><div class=\"ilgwg6a9840749f005\" ><p style=\"text-align: center;\"><a href=\"https:\/\/t.me\/noticiasdigital58\" target=\"_blank\" rel=\"noopener\"><img class=\"aligncenter size-full wp-image-125363\" src=\"https:\/\/digital58.com.ve\/site\/wp-content\/uploads\/2021\/04\/banner-telegram-web-2021.png\" alt=\"\" width=\"600\" height=\"90\" \/><\/a><\/p><\/div><style type=\"text\/css\">\r\n@media screen and (min-width: 1201px) {\r\n.ilgwg6a9840749f005 {\r\ndisplay: block;\r\n}\r\n}\r\n@media screen and (min-width: 993px) and (max-width: 1200px) {\r\n.ilgwg6a9840749f005 {\r\ndisplay: block;\r\n}\r\n}\r\n@media screen and (min-width: 769px) and (max-width: 992px) {\r\n.ilgwg6a9840749f005 {\r\ndisplay: block;\r\n}\r\n}\r\n@media screen and (min-width: 768px) and (max-width: 768px) {\r\n.ilgwg6a9840749f005 {\r\ndisplay: block;\r\n}\r\n}\r\n@media screen and (max-width: 767px) {\r\n.ilgwg6a9840749f005 {\r\ndisplay: block;\r\n}\r\n}\r\n<\/style>\r\n\n<p>&nbsp;<\/p>\n<div style=\"margin-top: 0px; margin-bottom: 0px;\" class=\"sharethis-inline-share-buttons\" ><\/div>","protected":false},"excerpt":{"rendered":"<p>El pasado 27 de agosto, Torres, que sustituye a Evelyn V\u00e1squez al frente de la cartera de Estado, renunci\u00f3 como<\/p>\n","protected":false},"author":1,"featured_media":142686,"comment_status":"open","ping_status":"closed","sticky":false,"template":"","format":"standard","meta":{"colormag_page_container_layout":"default_layout","colormag_page_sidebar_layout":"default_layout","_uag_custom_page_level_css":"","footnotes":""},"categories":[8608],"tags":[13455,24983,25383,233,14182,13959,16828,11941,19165,10665],"class_list":["post-142685","post","type-post","status-publish","format-standard","has-post-thumbnail","hentry","category-reportajes-especiales","tag-agua-potable","tag-evelyn-vasquez","tag-ministro-de-atencion-de-las-aguas","tag-nacionales","tag-nicolas-maduro-moros","tag-nora-bracho","tag-ofac","tag-presidencia-de-venezuela","tag-rodolfo-marco-torres","tag-servicios-publicos"],"yoast_head":"<!-- This site is optimized with the Yoast SEO plugin v28.4 - https:\/\/yoast.com\/product\/yoast-seo-wordpress\/ -->\n<title>Nicol\u00e1s Maduro encomienda a nuevo ministro fortalecer y garantizar el acceso al agua<\/title>\n<meta name=\"robots\" content=\"index, follow, max-snippet:-1, max-image-preview:large, max-video-preview:-1\" \/>\n<link rel=\"canonical\" href=\"https:\/\/digital58.com.ve\/site\/2021\/09\/14\/nicolas-maduro-encomienda-a-nuevo-ministro-fortalecer-y-garantizar-el-acceso-al-agua\/\" \/>\n<meta property=\"og:locale\" content=\"es_ES\" \/>\n<meta property=\"og:type\" content=\"article\" \/>\n<meta property=\"og:title\" content=\"Nicol\u00e1s Maduro encomienda a nuevo ministro fortalecer y garantizar el acceso al agua\" \/>\n<meta property=\"og:url\" content=\"https:\/\/digital58.com.ve\/site\/2021\/09\/14\/nicolas-maduro-encomienda-a-nuevo-ministro-fortalecer-y-garantizar-el-acceso-al-agua\/\" \/>\n<meta property=\"og:site_name\" content=\"Noticias Digital58\" \/>\n<meta property=\"article:published_time\" content=\"2021-09-14T18:21:05+00:00\" \/>\n<meta property=\"og:image\" content=\"https:\/\/digital58.com.ve\/site\/wp-content\/uploads\/2021\/09\/Rodolfo-Marco-Torres.jpg\" \/>\n\t<meta property=\"og:image:width\" content=\"764\" \/>\n\t<meta property=\"og:image:height\" content=\"445\" \/>\n\t<meta property=\"og:image:type\" content=\"image\/jpeg\" \/>\n<meta name=\"author\" content=\"Villasmil Henry\" \/>\n<meta name=\"twitter:card\" content=\"summary_large_image\" \/>\n<meta name=\"twitter:creator\" content=\"@https:\/\/twitter.com\/villasmilhfoto\" \/>\n<meta name=\"twitter:site\" content=\"@villasmilhfoto\" \/>\n<meta name=\"twitter:label1\" content=\"Escrito por\" \/>\n\t<meta name=\"twitter:data1\" content=\"Villasmil Henry\" \/>\n\t<meta name=\"twitter:label2\" content=\"Tiempo estimado de lectura\" \/>\n\t<meta name=\"twitter:data2\" content=\"3 minutos\" \/>\n<script type=\"application\/ld+json\" class=\"yoast-schema-graph\">{\"@context\":\"https:\\\/\\\/schema.org\",\"@graph\":[{\"@type\":\"Article\",\"@id\":\"https:\\\/\\\/digital58.com.ve\\\/site\\\/2021\\\/09\\\/14\\\/nicolas-maduro-encomienda-a-nuevo-ministro-fortalecer-y-garantizar-el-acceso-al-agua\\\/#article\",\"isPartOf\":{\"@id\":\"https:\\\/\\\/digital58.com.ve\\\/site\\\/2021\\\/09\\\/14\\\/nicolas-maduro-encomienda-a-nuevo-ministro-fortalecer-y-garantizar-el-acceso-al-agua\\\/\"},\"author\":{\"name\":\"Villasmil Henry\",\"@id\":\"https:\\\/\\\/digital58.com.ve\\\/site\\\/#\\\/schema\\\/person\\\/64d1c2e4d0d4fd1b849980c4331c2951\"},\"headline\":\"Nicol\u00e1s Maduro encomienda a nuevo ministro fortalecer y garantizar el acceso al agua\",\"datePublished\":\"2021-09-14T18:21:05+00:00\",\"mainEntityOfPage\":{\"@id\":\"https:\\\/\\\/digital58.com.ve\\\/site\\\/2021\\\/09\\\/14\\\/nicolas-maduro-encomienda-a-nuevo-ministro-fortalecer-y-garantizar-el-acceso-al-agua\\\/\"},\"wordCount\":483,\"commentCount\":0,\"publisher\":{\"@id\":\"https:\\\/\\\/digital58.com.ve\\\/site\\\/#\\\/schema\\\/person\\\/64d1c2e4d0d4fd1b849980c4331c2951\"},\"image\":{\"@id\":\"https:\\\/\\\/digital58.com.ve\\\/site\\\/2021\\\/09\\\/14\\\/nicolas-maduro-encomienda-a-nuevo-ministro-fortalecer-y-garantizar-el-acceso-al-agua\\\/#primaryimage\"},\"thumbnailUrl\":\"https:\\\/\\\/digital58.com.ve\\\/site\\\/wp-content\\\/uploads\\\/2021\\\/09\\\/Rodolfo-Marco-Torres.jpg\",\"keywords\":[\"Agua Potable\",\"Evelyn V\u00e1squez\",\"ministro de Atenci\u00f3n de las Aguas\",\"Nacionales\",\"Nicol\u00e1s Maduro Moros\",\"Nora Bracho\",\"OFAC\",\"Presidencia de Venezuela\",\"Rodolfo Marco Torres\",\"Servicios P\u00fablicos\"],\"articleSection\":[\"Reportajes Especiales\"],\"inLanguage\":\"es\",\"potentialAction\":[{\"@type\":\"CommentAction\",\"name\":\"Comment\",\"target\":[\"https:\\\/\\\/digital58.com.ve\\\/site\\\/2021\\\/09\\\/14\\\/nicolas-maduro-encomienda-a-nuevo-ministro-fortalecer-y-garantizar-el-acceso-al-agua\\\/#respond\"]}]},{\"@type\":\"WebPage\",\"@id\":\"https:\\\/\\\/digital58.com.ve\\\/site\\\/2021\\\/09\\\/14\\\/nicolas-maduro-encomienda-a-nuevo-ministro-fortalecer-y-garantizar-el-acceso-al-agua\\\/\",\"url\":\"https:\\\/\\\/digital58.com.ve\\\/site\\\/2021\\\/09\\\/14\\\/nicolas-maduro-encomienda-a-nuevo-ministro-fortalecer-y-garantizar-el-acceso-al-agua\\\/\",\"name\":\"Nicol\u00e1s Maduro encomienda a nuevo ministro fortalecer y garantizar el acceso al agua\",\"isPartOf\":{\"@id\":\"https:\\\/\\\/digital58.com.ve\\\/site\\\/#website\"},\"primaryImageOfPage\":{\"@id\":\"https:\\\/\\\/digital58.com.ve\\\/site\\\/2021\\\/09\\\/14\\\/nicolas-maduro-encomienda-a-nuevo-ministro-fortalecer-y-garantizar-el-acceso-al-agua\\\/#primaryimage\"},\"image\":{\"@id\":\"https:\\\/\\\/digital58.com.ve\\\/site\\\/2021\\\/09\\\/14\\\/nicolas-maduro-encomienda-a-nuevo-ministro-fortalecer-y-garantizar-el-acceso-al-agua\\\/#primaryimage\"},\"thumbnailUrl\":\"https:\\\/\\\/digital58.com.ve\\\/site\\\/wp-content\\\/uploads\\\/2021\\\/09\\\/Rodolfo-Marco-Torres.jpg\",\"datePublished\":\"2021-09-14T18:21:05+00:00\",\"breadcrumb\":{\"@id\":\"https:\\\/\\\/digital58.com.ve\\\/site\\\/2021\\\/09\\\/14\\\/nicolas-maduro-encomienda-a-nuevo-ministro-fortalecer-y-garantizar-el-acceso-al-agua\\\/#breadcrumb\"},\"inLanguage\":\"es\",\"potentialAction\":[{\"@type\":\"ReadAction\",\"target\":[\"https:\\\/\\\/digital58.com.ve\\\/site\\\/2021\\\/09\\\/14\\\/nicolas-maduro-encomienda-a-nuevo-ministro-fortalecer-y-garantizar-el-acceso-al-agua\\\/\"]}]},{\"@type\":\"ImageObject\",\"inLanguage\":\"es\",\"@id\":\"https:\\\/\\\/digital58.com.ve\\\/site\\\/2021\\\/09\\\/14\\\/nicolas-maduro-encomienda-a-nuevo-ministro-fortalecer-y-garantizar-el-acceso-al-agua\\\/#primaryimage\",\"url\":\"https:\\\/\\\/digital58.com.ve\\\/site\\\/wp-content\\\/uploads\\\/2021\\\/09\\\/Rodolfo-Marco-Torres.jpg\",\"contentUrl\":\"https:\\\/\\\/digital58.com.ve\\\/site\\\/wp-content\\\/uploads\\\/2021\\\/09\\\/Rodolfo-Marco-Torres.jpg\",\"width\":764,\"height\":445},{\"@type\":\"BreadcrumbList\",\"@id\":\"https:\\\/\\\/digital58.com.ve\\\/site\\\/2021\\\/09\\\/14\\\/nicolas-maduro-encomienda-a-nuevo-ministro-fortalecer-y-garantizar-el-acceso-al-agua\\\/#breadcrumb\",\"itemListElement\":[{\"@type\":\"ListItem\",\"position\":1,\"name\":\"Home\",\"item\":\"https:\\\/\\\/digital58.com.ve\\\/site\\\/\"},{\"@type\":\"ListItem\",\"position\":2,\"name\":\"Nicol\u00e1s Maduro encomienda a nuevo ministro fortalecer y garantizar el acceso al agua\"}]},{\"@type\":\"WebSite\",\"@id\":\"https:\\\/\\\/digital58.com.ve\\\/site\\\/#website\",\"url\":\"https:\\\/\\\/digital58.com.ve\\\/site\\\/\",\"name\":\"Noticias Digital58\",\"description\":\"Portal de Noticias \u00a1Periodismo web de verdad! Lanzamiento web 22.11.2005 \\\/ Maracaibo, Venezuela\",\"publisher\":{\"@id\":\"https:\\\/\\\/digital58.com.ve\\\/site\\\/#\\\/schema\\\/person\\\/64d1c2e4d0d4fd1b849980c4331c2951\"},\"alternateName\":\"ND58\",\"potentialAction\":[{\"@type\":\"SearchAction\",\"target\":{\"@type\":\"EntryPoint\",\"urlTemplate\":\"https:\\\/\\\/digital58.com.ve\\\/site\\\/?s={search_term_string}\"},\"query-input\":{\"@type\":\"PropertyValueSpecification\",\"valueRequired\":true,\"valueName\":\"search_term_string\"}}],\"inLanguage\":\"es\"},{\"@type\":[\"Person\",\"Organization\"],\"@id\":\"https:\\\/\\\/digital58.com.ve\\\/site\\\/#\\\/schema\\\/person\\\/64d1c2e4d0d4fd1b849980c4331c2951\",\"name\":\"Villasmil Henry\",\"image\":{\"@type\":\"ImageObject\",\"inLanguage\":\"es\",\"@id\":\"https:\\\/\\\/secure.gravatar.com\\\/avatar\\\/bb0c4a2fcb7970138239f7e404ea75757b1b507b28b5ce4c53fbd62d797c5a7c?s=96&d=mm&r=g\",\"url\":\"https:\\\/\\\/secure.gravatar.com\\\/avatar\\\/bb0c4a2fcb7970138239f7e404ea75757b1b507b28b5ce4c53fbd62d797c5a7c?s=96&d=mm&r=g\",\"contentUrl\":\"https:\\\/\\\/secure.gravatar.com\\\/avatar\\\/bb0c4a2fcb7970138239f7e404ea75757b1b507b28b5ce4c53fbd62d797c5a7c?s=96&d=mm&r=g\",\"caption\":\"Villasmil Henry\"},\"logo\":{\"@id\":\"https:\\\/\\\/secure.gravatar.com\\\/avatar\\\/bb0c4a2fcb7970138239f7e404ea75757b1b507b28b5ce4c53fbd62d797c5a7c?s=96&d=mm&r=g\"},\"sameAs\":[\"http:\\\/\\\/www.henryvillasmil.com.ve\",\"https:\\\/\\\/www.instagram.com\\\/villasmilhfoto\\\/\",\"https:\\\/\\\/x.com\\\/https:\\\/\\\/twitter.com\\\/villasmilhfoto\"],\"url\":\"https:\\\/\\\/digital58.com.ve\\\/site\\\/author\\\/droopy_68\\\/\"}]}<\/script>\n<!-- \/ Yoast SEO plugin. -->","yoast_head_json":{"title":"Nicol\u00e1s Maduro encomienda a nuevo ministro fortalecer y garantizar el acceso al agua","robots":{"index":"index","follow":"follow","max-snippet":"max-snippet:-1","max-image-preview":"max-image-preview:large","max-video-preview":"max-video-preview:-1"},"canonical":"https:\/\/digital58.com.ve\/site\/2021\/09\/14\/nicolas-maduro-encomienda-a-nuevo-ministro-fortalecer-y-garantizar-el-acceso-al-agua\/","og_locale":"es_ES","og_type":"article","og_title":"Nicol\u00e1s Maduro encomienda a nuevo ministro fortalecer y garantizar el acceso al agua","og_url":"https:\/\/digital58.com.ve\/site\/2021\/09\/14\/nicolas-maduro-encomienda-a-nuevo-ministro-fortalecer-y-garantizar-el-acceso-al-agua\/","og_site_name":"Noticias Digital58","article_published_time":"2021-09-14T18:21:05+00:00","og_image":[{"width":764,"height":445,"url":"https:\/\/digital58.com.ve\/site\/wp-content\/uploads\/2021\/09\/Rodolfo-Marco-Torres.jpg","type":"image\/jpeg"}],"author":"Villasmil Henry","twitter_card":"summary_large_image","twitter_creator":"@https:\/\/twitter.com\/villasmilhfoto","twitter_site":"@villasmilhfoto","twitter_misc":{"Escrito por":"Villasmil Henry","Tiempo estimado de lectura":"3 minutos"},"schema":{"@context":"https:\/\/schema.org","@graph":[{"@type":"Article","@id":"https:\/\/digital58.com.ve\/site\/2021\/09\/14\/nicolas-maduro-encomienda-a-nuevo-ministro-fortalecer-y-garantizar-el-acceso-al-agua\/#article","isPartOf":{"@id":"https:\/\/digital58.com.ve\/site\/2021\/09\/14\/nicolas-maduro-encomienda-a-nuevo-ministro-fortalecer-y-garantizar-el-acceso-al-agua\/"},"author":{"name":"Villasmil Henry","@id":"https:\/\/digital58.com.ve\/site\/#\/schema\/person\/64d1c2e4d0d4fd1b849980c4331c2951"},"headline":"Nicol\u00e1s Maduro encomienda a nuevo ministro fortalecer y garantizar el acceso al agua","datePublished":"2021-09-14T18:21:05+00:00","mainEntityOfPage":{"@id":"https:\/\/digital58.com.ve\/site\/2021\/09\/14\/nicolas-maduro-encomienda-a-nuevo-ministro-fortalecer-y-garantizar-el-acceso-al-agua\/"},"wordCount":483,"commentCount":0,"publisher":{"@id":"https:\/\/digital58.com.ve\/site\/#\/schema\/person\/64d1c2e4d0d4fd1b849980c4331c2951"},"image":{"@id":"https:\/\/digital58.com.ve\/site\/2021\/09\/14\/nicolas-maduro-encomienda-a-nuevo-ministro-fortalecer-y-garantizar-el-acceso-al-agua\/#primaryimage"},"thumbnailUrl":"https:\/\/digital58.com.ve\/site\/wp-content\/uploads\/2021\/09\/Rodolfo-Marco-Torres.jpg","keywords":["Agua Potable","Evelyn V\u00e1squez","ministro de Atenci\u00f3n de las Aguas","Nacionales","Nicol\u00e1s Maduro Moros","Nora Bracho","OFAC","Presidencia de Venezuela","Rodolfo Marco Torres","Servicios P\u00fablicos"],"articleSection":["Reportajes Especiales"],"inLanguage":"es","potentialAction":[{"@type":"CommentAction","name":"Comment","target":["https:\/\/digital58.com.ve\/site\/2021\/09\/14\/nicolas-maduro-encomienda-a-nuevo-ministro-fortalecer-y-garantizar-el-acceso-al-agua\/#respond"]}]},{"@type":"WebPage","@id":"https:\/\/digital58.com.ve\/site\/2021\/09\/14\/nicolas-maduro-encomienda-a-nuevo-ministro-fortalecer-y-garantizar-el-acceso-al-agua\/","url":"https:\/\/digital58.com.ve\/site\/2021\/09\/14\/nicolas-maduro-encomienda-a-nuevo-ministro-fortalecer-y-garantizar-el-acceso-al-agua\/","name":"Nicol\u00e1s Maduro encomienda a nuevo ministro fortalecer y garantizar el acceso al agua","isPartOf":{"@id":"https:\/\/digital58.com.ve\/site\/#website"},"primaryImageOfPage":{"@id":"https:\/\/digital58.com.ve\/site\/2021\/09\/14\/nicolas-maduro-encomienda-a-nuevo-ministro-fortalecer-y-garantizar-el-acceso-al-agua\/#primaryimage"},"image":{"@id":"https:\/\/digital58.com.ve\/site\/2021\/09\/14\/nicolas-maduro-encomienda-a-nuevo-ministro-fortalecer-y-garantizar-el-acceso-al-agua\/#primaryimage"},"thumbnailUrl":"https:\/\/digital58.com.ve\/site\/wp-content\/uploads\/2021\/09\/Rodolfo-Marco-Torres.jpg","datePublished":"2021-09-14T18:21:05+00:00","breadcrumb":{"@id":"https:\/\/digital58.com.ve\/site\/2021\/09\/14\/nicolas-maduro-encomienda-a-nuevo-ministro-fortalecer-y-garantizar-el-acceso-al-agua\/#breadcrumb"},"inLanguage":"es","potentialAction":[{"@type":"ReadAction","target":["https:\/\/digital58.com.ve\/site\/2021\/09\/14\/nicolas-maduro-encomienda-a-nuevo-ministro-fortalecer-y-garantizar-el-acceso-al-agua\/"]}]},{"@type":"ImageObject","inLanguage":"es","@id":"https:\/\/digital58.com.ve\/site\/2021\/09\/14\/nicolas-maduro-encomienda-a-nuevo-ministro-fortalecer-y-garantizar-el-acceso-al-agua\/#primaryimage","url":"https:\/\/digital58.com.ve\/site\/wp-content\/uploads\/2021\/09\/Rodolfo-Marco-Torres.jpg","contentUrl":"https:\/\/digital58.com.ve\/site\/wp-content\/uploads\/2021\/09\/Rodolfo-Marco-Torres.jpg","width":764,"height":445},{"@type":"BreadcrumbList","@id":"https:\/\/digital58.com.ve\/site\/2021\/09\/14\/nicolas-maduro-encomienda-a-nuevo-ministro-fortalecer-y-garantizar-el-acceso-al-agua\/#breadcrumb","itemListElement":[{"@type":"ListItem","position":1,"name":"Home","item":"https:\/\/digital58.com.ve\/site\/"},{"@type":"ListItem","position":2,"name":"Nicol\u00e1s Maduro encomienda a nuevo ministro fortalecer y garantizar el acceso al agua"}]},{"@type":"WebSite","@id":"https:\/\/digital58.com.ve\/site\/#website","url":"https:\/\/digital58.com.ve\/site\/","name":"Noticias Digital58","description":"Portal de Noticias \u00a1Periodismo web de verdad! Lanzamiento web 22.11.2005 \/ Maracaibo, Venezuela","publisher":{"@id":"https:\/\/digital58.com.ve\/site\/#\/schema\/person\/64d1c2e4d0d4fd1b849980c4331c2951"},"alternateName":"ND58","potentialAction":[{"@type":"SearchAction","target":{"@type":"EntryPoint","urlTemplate":"https:\/\/digital58.com.ve\/site\/?s={search_term_string}"},"query-input":{"@type":"PropertyValueSpecification","valueRequired":true,"valueName":"search_term_string"}}],"inLanguage":"es"},{"@type":["Person","Organization"],"@id":"https:\/\/digital58.com.ve\/site\/#\/schema\/person\/64d1c2e4d0d4fd1b849980c4331c2951","name":"Villasmil Henry","image":{"@type":"ImageObject","inLanguage":"es","@id":"https:\/\/secure.gravatar.com\/avatar\/bb0c4a2fcb7970138239f7e404ea75757b1b507b28b5ce4c53fbd62d797c5a7c?s=96&d=mm&r=g","url":"https:\/\/secure.gravatar.com\/avatar\/bb0c4a2fcb7970138239f7e404ea75757b1b507b28b5ce4c53fbd62d797c5a7c?s=96&d=mm&r=g","contentUrl":"https:\/\/secure.gravatar.com\/avatar\/bb0c4a2fcb7970138239f7e404ea75757b1b507b28b5ce4c53fbd62d797c5a7c?s=96&d=mm&r=g","caption":"Villasmil Henry"},"logo":{"@id":"https:\/\/secure.gravatar.com\/avatar\/bb0c4a2fcb7970138239f7e404ea75757b1b507b28b5ce4c53fbd62d797c5a7c?s=96&d=mm&r=g"},"sameAs":["http:\/\/www.henryvillasmil.com.ve","https:\/\/www.instagram.com\/villasmilhfoto\/","https:\/\/x.com\/https:\/\/twitter.com\/villasmilhfoto"],"url":"https:\/\/digital58.com.ve\/site\/author\/droopy_68\/"}]}},"uagb_featured_image_src":{"full":["https:\/\/digital58.com.ve\/site\/wp-content\/uploads\/2021\/09\/Rodolfo-Marco-Torres.jpg",764,445,false],"thumbnail":["https:\/\/digital58.com.ve\/site\/wp-content\/uploads\/2021\/09\/Rodolfo-Marco-Torres-150x150.jpg",150,150,true],"medium":["https:\/\/digital58.com.ve\/site\/wp-content\/uploads\/2021\/09\/Rodolfo-Marco-Torres-300x175.jpg",300,175,true],"medium_large":["https:\/\/digital58.com.ve\/site\/wp-content\/uploads\/2021\/09\/Rodolfo-Marco-Torres.jpg",764,445,false],"large":["https:\/\/digital58.com.ve\/site\/wp-content\/uploads\/2021\/09\/Rodolfo-Marco-Torres.jpg",764,445,false],"1536x1536":["https:\/\/digital58.com.ve\/site\/wp-content\/uploads\/2021\/09\/Rodolfo-Marco-Torres.jpg",764,445,false],"2048x2048":["https:\/\/digital58.com.ve\/site\/wp-content\/uploads\/2021\/09\/Rodolfo-Marco-Torres.jpg",764,445,false],"colormag-highlighted-post":["https:\/\/digital58.com.ve\/site\/wp-content\/uploads\/2021\/09\/Rodolfo-Marco-Torres.jpg",392,228,false],"colormag-featured-post-medium":["https:\/\/digital58.com.ve\/site\/wp-content\/uploads\/2021\/09\/Rodolfo-Marco-Torres.jpg",352,205,false],"colormag-featured-post-small":["https:\/\/digital58.com.ve\/site\/wp-content\/uploads\/2021\/09\/Rodolfo-Marco-Torres.jpg",130,76,false],"colormag-featured-image":["https:\/\/digital58.com.ve\/site\/wp-content\/uploads\/2021\/09\/Rodolfo-Marco-Torres.jpg",764,445,false],"colormag-default-news":["https:\/\/digital58.com.ve\/site\/wp-content\/uploads\/2021\/09\/Rodolfo-Marco-Torres.jpg",150,87,false],"colormag-featured-image-large":["https:\/\/digital58.com.ve\/site\/wp-content\/uploads\/2021\/09\/Rodolfo-Marco-Torres.jpg",764,445,false]},"uagb_author_info":{"display_name":"Villasmil Henry","author_link":"https:\/\/digital58.com.ve\/site\/author\/droopy_68\/"},"uagb_comment_info":0,"uagb_excerpt":"El pasado 27 de agosto, Torres, que sustituye a Evelyn V\u00e1squez al frente de la cartera de Estado, renunci\u00f3 como","_links":{"self":[{"href":"https:\/\/digital58.com.ve\/site\/wp-json\/wp\/v2\/posts\/142685","targetHints":{"allow":["GET"]}}],"collection":[{"href":"https:\/\/digital58.com.ve\/site\/wp-json\/wp\/v2\/posts"}],"about":[{"href":"https:\/\/digital58.com.ve\/site\/wp-json\/wp\/v2\/types\/post"}],"author":[{"embeddable":true,"href":"https:\/\/digital58.com.ve\/site\/wp-json\/wp\/v2\/users\/1"}],"replies":[{"embeddable":true,"href":"https:\/\/digital58.com.ve\/site\/wp-json\/wp\/v2\/comments?post=142685"}],"version-history":[{"count":0,"href":"https:\/\/digital58.com.ve\/site\/wp-json\/wp\/v2\/posts\/142685\/revisions"}],"wp:featuredmedia":[{"embeddable":true,"href":"https:\/\/digital58.com.ve\/site\/wp-json\/wp\/v2\/media\/142686"}],"wp:attachment":[{"href":"https:\/\/digital58.com.ve\/site\/wp-json\/wp\/v2\/media?parent=142685"}],"wp:term":[{"taxonomy":"category","embeddable":true,"href":"https:\/\/digital58.com.ve\/site\/wp-json\/wp\/v2\/categories?post=142685"},{"taxonomy":"post_tag","embeddable":true,"href":"https:\/\/digital58.com.ve\/site\/wp-json\/wp\/v2\/tags?post=142685"}],"curies":[{"name":"wp","href":"https:\/\/api.w.org\/{rel}","templated":true}]}}