{"id":142919,"date":"2021-09-24T00:19:00","date_gmt":"2021-09-24T04:19:00","guid":{"rendered":"https:\/\/digital58.com.ve\/site\/?p=142919"},"modified":"2021-09-24T00:19:00","modified_gmt":"2021-09-24T04:19:00","slug":"maduro-alerta-del-incremento-de-contagios-de-la-covid-19-en-la-gran-caracas","status":"publish","type":"post","link":"https:\/\/digital58.com.ve\/site\/2021\/09\/24\/maduro-alerta-del-incremento-de-contagios-de-la-covid-19-en-la-gran-caracas\/","title":{"rendered":"Maduro alerta del incremento de contagios de la COVID-19 en la Gran Caracas"},"content":{"rendered":"<p><a href=\"https:\/\/digital58.com.ve\/site\/wp-content\/uploads\/2021\/09\/nicolas-maduro-23.jpg\"><img loading=\"lazy\" decoding=\"async\" class=\"aligncenter size-full wp-image-142920\" src=\"https:\/\/digital58.com.ve\/site\/wp-content\/uploads\/2021\/09\/nicolas-maduro-23.jpg\" alt=\"\" width=\"900\" height=\"600\" srcset=\"https:\/\/digital58.com.ve\/site\/wp-content\/uploads\/2021\/09\/nicolas-maduro-23.jpg 900w, https:\/\/digital58.com.ve\/site\/wp-content\/uploads\/2021\/09\/nicolas-maduro-23-300x200.jpg 300w, https:\/\/digital58.com.ve\/site\/wp-content\/uploads\/2021\/09\/nicolas-maduro-23-768x512.jpg 768w, https:\/\/digital58.com.ve\/site\/wp-content\/uploads\/2021\/09\/nicolas-maduro-23-720x480.jpg 720w, https:\/\/digital58.com.ve\/site\/wp-content\/uploads\/2021\/09\/nicolas-maduro-23-480x320.jpg 480w\" sizes=\"auto, (max-width: 900px) 100vw, 900px\" \/><\/a><\/p>\n<p>El presidente venezolano, Nicol\u00e1s Maduro, alert\u00f3 este jueves del incremento de contagios de la COVID-19 en el \u00e1rea de la Gran Caracas y advirti\u00f3 de que, si sigue as\u00ed la situaci\u00f3n, quedar\u00e1 exceptuada de posibles flexibilizaciones de la cuarentena en noviembre y diciembre.<\/p>\n<p><strong>Caracas, DC, Venezuela, 23 de septiembre de 2021 (ND58).-<\/strong> \u00abYo quiero alertar a la Gran Caracas, alerta, porque los contagios de coronavirus en la Gran Caracas se han disparado desde hace dos semanas y no han bajado, algo est\u00e1 pasando en la Gran Caracas\u00bb, subray\u00f3 el mandatario en un acto de Gobierno transmitido por el canal estatal Venezolana de Televisi\u00f3n (VTV).<\/p>\n<p>Seg\u00fan los datos que difundi\u00f3, \u00abel promedio nacional de casos de coronavirus es de 23 casos por cada cien mil habitantes\u00bb, lo que supone \u00abun promedio bajo pero que pudiera estar mucho mas bajo si no es\u00bb por Caracas.<\/p>\n<p>En la capital, cuya \u00e1rea metropolitana abarca Caracas y territorio de dos estados vecinos, hay \u00ab90 casos por cada cien mil habitantes, m\u00e1s del triple del promedio nacional\u00bb.<\/p>\n<p>\u00abSi as\u00ed siguiere, no podr\u00edamos flexibilizar (en) noviembre y diciembre Caracas, quedar\u00eda la Gran Caracas exceptuada de la flexibilizaci\u00f3n y del inicio de clases\u00bb, explic\u00f3.<\/p>\n<p>Poco antes, hab\u00eda prometido el \u00abreinicio de clases en la tercera semana de octubre\u00bb con \u00abun plan especial para escuelas, liceos y universidades\u00bb, que no detall\u00f3.<\/p>\n<p>Por otra parte, prometi\u00f3 una \u00abflexibilizaci\u00f3n con cuidados y bioseguridad\u00bb en noviembre y diciembre, \u00abpara que sean meses de crecimiento econ\u00f3mico y comercial\u00bb, as\u00ed como de \u00abactividad familiar\u00bb.<\/p>\n<p>Actualmente, Venezuela tiene un plan gubernamental denominado 7+7 que consiste en una semana de cuarentena radical y otra de flexibilizaci\u00f3n parcial de la econom\u00eda para prevenir contagios de la COVID-19.<\/p>\n<p>Eso ser\u00e1 posible porque, seg\u00fan afirm\u00f3, ya se ha vacunado el 40 por ciento de la poblaci\u00f3n y, dentro de dos semanas, la cifra ser\u00e1 del 58 por ciento gracias a \u00abla llegada de las vacunas\u00bb de \u00abvarios sistemas\u00bb que tampoco detall\u00f3.<\/p>\n<p>De ese modo, espera que Venezuela llegue al 70 por ciento de los vacunados al final de octubre.<\/p>\n<p>Por su parte, la vicepresidenta Ejecutiva e integrante de la comisi\u00f3n presidencial para la prevenci\u00f3n y control de la COVID-19, Delcy Rodr\u00edguez, explic\u00f3 que est\u00e1n viendo \u00aben la regi\u00f3n capital es predominante en la circulaci\u00f3n es la variante delta\u00bb.<\/p>\n<p>Esta variante, seg\u00fan explic\u00f3, \u00abcontagia muy r\u00e1pido y contagia mucho\u00bb.<\/p>\n<p>En marzo pasado, Maduro ya decret\u00f3 un \u00abcerco sanitario\u00bb para la Gran Caracas para frenar la expansi\u00f3n de la COVID-19, lo que implic\u00f3, entre otras cosas, que se declaren \u00aben emergencia\u00bb y abran \u00abnuevas capacidades hospitalarias\u00bb.<\/p>\n<p><strong>Redacci\u00f3n ND58 | Fuente: EFE<\/strong><br \/>\n<strong>Edici\u00f3n: Villasmil, Henry<\/strong><br \/>\n<strong>Gr\u00e1fica: EFE<\/strong><\/p><div class=\"aldpg69f76b4d907bf\" ><p style=\"text-align: center;\"><a href=\"https:\/\/t.me\/noticiasdigital58\" target=\"_blank\" rel=\"noopener\"><img class=\"aligncenter size-full wp-image-125363\" src=\"https:\/\/digital58.com.ve\/site\/wp-content\/uploads\/2021\/04\/banner-telegram-web-2021.png\" alt=\"\" width=\"600\" height=\"90\" \/><\/a><\/p><\/div><style type=\"text\/css\">\r\n@media screen and (min-width: 1201px) {\r\n.aldpg69f76b4d907bf {\r\ndisplay: block;\r\n}\r\n}\r\n@media screen and (min-width: 993px) and (max-width: 1200px) {\r\n.aldpg69f76b4d907bf {\r\ndisplay: block;\r\n}\r\n}\r\n@media screen and (min-width: 769px) and (max-width: 992px) {\r\n.aldpg69f76b4d907bf {\r\ndisplay: block;\r\n}\r\n}\r\n@media screen and (min-width: 768px) and (max-width: 768px) {\r\n.aldpg69f76b4d907bf {\r\ndisplay: block;\r\n}\r\n}\r\n@media screen and (max-width: 767px) {\r\n.aldpg69f76b4d907bf {\r\ndisplay: block;\r\n}\r\n}\r\n<\/style>\r\n\n<p>&nbsp;<\/p>\n<div style=\"margin-top: 0px; margin-bottom: 0px;\" class=\"sharethis-inline-share-buttons\" ><\/div>","protected":false},"excerpt":{"rendered":"<p>El presidente venezolano, Nicol\u00e1s Maduro, alert\u00f3 este jueves del incremento de contagios de la COVID-19 en el \u00e1rea de la<\/p>\n","protected":false},"author":1,"featured_media":142920,"comment_status":"open","ping_status":"closed","sticky":false,"template":"","format":"standard","meta":{"colormag_page_container_layout":"default_layout","colormag_page_sidebar_layout":"default_layout","_uag_custom_page_level_css":"","footnotes":""},"categories":[16454],"tags":[233,14182],"class_list":["post-142919","post","type-post","status-publish","format-standard","has-post-thumbnail","hentry","category-venezuela","tag-nacionales","tag-nicolas-maduro-moros"],"yoast_head":"<!-- This site is optimized with the Yoast SEO plugin v27.5 - https:\/\/yoast.com\/product\/yoast-seo-wordpress\/ -->\n<title>Maduro alerta del incremento de contagios de la COVID-19 en la Gran Caracas<\/title>\n<meta name=\"description\" content=\"Venezuela\" \/>\n<meta name=\"robots\" content=\"index, follow, max-snippet:-1, max-image-preview:large, max-video-preview:-1\" \/>\n<link rel=\"canonical\" href=\"https:\/\/digital58.com.ve\/site\/2021\/09\/24\/maduro-alerta-del-incremento-de-contagios-de-la-covid-19-en-la-gran-caracas\/\" \/>\n<meta property=\"og:locale\" content=\"es_ES\" \/>\n<meta property=\"og:type\" content=\"article\" \/>\n<meta property=\"og:title\" content=\"Maduro alerta del incremento de contagios de la COVID-19 en la Gran Caracas\" \/>\n<meta property=\"og:description\" content=\"Venezuela\" \/>\n<meta property=\"og:url\" content=\"https:\/\/digital58.com.ve\/site\/2021\/09\/24\/maduro-alerta-del-incremento-de-contagios-de-la-covid-19-en-la-gran-caracas\/\" \/>\n<meta property=\"og:site_name\" content=\"Noticias Digital58\" \/>\n<meta property=\"article:published_time\" content=\"2021-09-24T04:19:00+00:00\" \/>\n<meta property=\"og:image\" content=\"https:\/\/digital58.com.ve\/site\/wp-content\/uploads\/2021\/09\/nicolas-maduro-23.jpg\" \/>\n\t<meta property=\"og:image:width\" content=\"900\" \/>\n\t<meta property=\"og:image:height\" content=\"600\" \/>\n\t<meta property=\"og:image:type\" content=\"image\/jpeg\" \/>\n<meta name=\"author\" content=\"Villasmil Henry\" \/>\n<meta name=\"twitter:card\" content=\"summary_large_image\" \/>\n<meta name=\"twitter:creator\" content=\"@https:\/\/twitter.com\/villasmilhfoto\" \/>\n<meta name=\"twitter:site\" content=\"@villasmilhfoto\" \/>\n<meta name=\"twitter:label1\" content=\"Escrito por\" \/>\n\t<meta name=\"twitter:data1\" content=\"Villasmil Henry\" \/>\n\t<meta name=\"twitter:label2\" content=\"Tiempo estimado de lectura\" \/>\n\t<meta name=\"twitter:data2\" content=\"3 minutos\" \/>\n<script type=\"application\/ld+json\" class=\"yoast-schema-graph\">{\"@context\":\"https:\\\/\\\/schema.org\",\"@graph\":[{\"@type\":\"Article\",\"@id\":\"https:\\\/\\\/digital58.com.ve\\\/site\\\/2021\\\/09\\\/24\\\/maduro-alerta-del-incremento-de-contagios-de-la-covid-19-en-la-gran-caracas\\\/#article\",\"isPartOf\":{\"@id\":\"https:\\\/\\\/digital58.com.ve\\\/site\\\/2021\\\/09\\\/24\\\/maduro-alerta-del-incremento-de-contagios-de-la-covid-19-en-la-gran-caracas\\\/\"},\"author\":{\"name\":\"Villasmil Henry\",\"@id\":\"https:\\\/\\\/digital58.com.ve\\\/site\\\/#\\\/schema\\\/person\\\/64d1c2e4d0d4fd1b849980c4331c2951\"},\"headline\":\"Maduro alerta del incremento de contagios de la COVID-19 en la Gran Caracas\",\"datePublished\":\"2021-09-24T04:19:00+00:00\",\"mainEntityOfPage\":{\"@id\":\"https:\\\/\\\/digital58.com.ve\\\/site\\\/2021\\\/09\\\/24\\\/maduro-alerta-del-incremento-de-contagios-de-la-covid-19-en-la-gran-caracas\\\/\"},\"wordCount\":468,\"commentCount\":0,\"publisher\":{\"@id\":\"https:\\\/\\\/digital58.com.ve\\\/site\\\/#\\\/schema\\\/person\\\/64d1c2e4d0d4fd1b849980c4331c2951\"},\"image\":{\"@id\":\"https:\\\/\\\/digital58.com.ve\\\/site\\\/2021\\\/09\\\/24\\\/maduro-alerta-del-incremento-de-contagios-de-la-covid-19-en-la-gran-caracas\\\/#primaryimage\"},\"thumbnailUrl\":\"https:\\\/\\\/digital58.com.ve\\\/site\\\/wp-content\\\/uploads\\\/2021\\\/09\\\/nicolas-maduro-23.jpg\",\"keywords\":[\"Nacionales\",\"Nicol\u00e1s Maduro Moros\"],\"articleSection\":[\"Venezuela\"],\"inLanguage\":\"es\",\"potentialAction\":[{\"@type\":\"CommentAction\",\"name\":\"Comment\",\"target\":[\"https:\\\/\\\/digital58.com.ve\\\/site\\\/2021\\\/09\\\/24\\\/maduro-alerta-del-incremento-de-contagios-de-la-covid-19-en-la-gran-caracas\\\/#respond\"]}]},{\"@type\":\"WebPage\",\"@id\":\"https:\\\/\\\/digital58.com.ve\\\/site\\\/2021\\\/09\\\/24\\\/maduro-alerta-del-incremento-de-contagios-de-la-covid-19-en-la-gran-caracas\\\/\",\"url\":\"https:\\\/\\\/digital58.com.ve\\\/site\\\/2021\\\/09\\\/24\\\/maduro-alerta-del-incremento-de-contagios-de-la-covid-19-en-la-gran-caracas\\\/\",\"name\":\"Maduro alerta del incremento de contagios de la COVID-19 en la Gran Caracas\",\"isPartOf\":{\"@id\":\"https:\\\/\\\/digital58.com.ve\\\/site\\\/#website\"},\"primaryImageOfPage\":{\"@id\":\"https:\\\/\\\/digital58.com.ve\\\/site\\\/2021\\\/09\\\/24\\\/maduro-alerta-del-incremento-de-contagios-de-la-covid-19-en-la-gran-caracas\\\/#primaryimage\"},\"image\":{\"@id\":\"https:\\\/\\\/digital58.com.ve\\\/site\\\/2021\\\/09\\\/24\\\/maduro-alerta-del-incremento-de-contagios-de-la-covid-19-en-la-gran-caracas\\\/#primaryimage\"},\"thumbnailUrl\":\"https:\\\/\\\/digital58.com.ve\\\/site\\\/wp-content\\\/uploads\\\/2021\\\/09\\\/nicolas-maduro-23.jpg\",\"datePublished\":\"2021-09-24T04:19:00+00:00\",\"description\":\"Venezuela\",\"breadcrumb\":{\"@id\":\"https:\\\/\\\/digital58.com.ve\\\/site\\\/2021\\\/09\\\/24\\\/maduro-alerta-del-incremento-de-contagios-de-la-covid-19-en-la-gran-caracas\\\/#breadcrumb\"},\"inLanguage\":\"es\",\"potentialAction\":[{\"@type\":\"ReadAction\",\"target\":[\"https:\\\/\\\/digital58.com.ve\\\/site\\\/2021\\\/09\\\/24\\\/maduro-alerta-del-incremento-de-contagios-de-la-covid-19-en-la-gran-caracas\\\/\"]}]},{\"@type\":\"ImageObject\",\"inLanguage\":\"es\",\"@id\":\"https:\\\/\\\/digital58.com.ve\\\/site\\\/2021\\\/09\\\/24\\\/maduro-alerta-del-incremento-de-contagios-de-la-covid-19-en-la-gran-caracas\\\/#primaryimage\",\"url\":\"https:\\\/\\\/digital58.com.ve\\\/site\\\/wp-content\\\/uploads\\\/2021\\\/09\\\/nicolas-maduro-23.jpg\",\"contentUrl\":\"https:\\\/\\\/digital58.com.ve\\\/site\\\/wp-content\\\/uploads\\\/2021\\\/09\\\/nicolas-maduro-23.jpg\",\"width\":900,\"height\":600},{\"@type\":\"BreadcrumbList\",\"@id\":\"https:\\\/\\\/digital58.com.ve\\\/site\\\/2021\\\/09\\\/24\\\/maduro-alerta-del-incremento-de-contagios-de-la-covid-19-en-la-gran-caracas\\\/#breadcrumb\",\"itemListElement\":[{\"@type\":\"ListItem\",\"position\":1,\"name\":\"Home\",\"item\":\"https:\\\/\\\/digital58.com.ve\\\/site\\\/\"},{\"@type\":\"ListItem\",\"position\":2,\"name\":\"Maduro alerta del incremento de contagios de la COVID-19 en la Gran Caracas\"}]},{\"@type\":\"WebSite\",\"@id\":\"https:\\\/\\\/digital58.com.ve\\\/site\\\/#website\",\"url\":\"https:\\\/\\\/digital58.com.ve\\\/site\\\/\",\"name\":\"Noticias Digital58\",\"description\":\"Portal de Noticias \u00a1Periodismo web de verdad! Lanzamiento web 22.11.2005 \\\/ Maracaibo, Venezuela\",\"publisher\":{\"@id\":\"https:\\\/\\\/digital58.com.ve\\\/site\\\/#\\\/schema\\\/person\\\/64d1c2e4d0d4fd1b849980c4331c2951\"},\"alternateName\":\"ND58\",\"potentialAction\":[{\"@type\":\"SearchAction\",\"target\":{\"@type\":\"EntryPoint\",\"urlTemplate\":\"https:\\\/\\\/digital58.com.ve\\\/site\\\/?s={search_term_string}\"},\"query-input\":{\"@type\":\"PropertyValueSpecification\",\"valueRequired\":true,\"valueName\":\"search_term_string\"}}],\"inLanguage\":\"es\"},{\"@type\":[\"Person\",\"Organization\"],\"@id\":\"https:\\\/\\\/digital58.com.ve\\\/site\\\/#\\\/schema\\\/person\\\/64d1c2e4d0d4fd1b849980c4331c2951\",\"name\":\"Villasmil Henry\",\"image\":{\"@type\":\"ImageObject\",\"inLanguage\":\"es\",\"@id\":\"https:\\\/\\\/secure.gravatar.com\\\/avatar\\\/bb0c4a2fcb7970138239f7e404ea75757b1b507b28b5ce4c53fbd62d797c5a7c?s=96&d=mm&r=g\",\"url\":\"https:\\\/\\\/secure.gravatar.com\\\/avatar\\\/bb0c4a2fcb7970138239f7e404ea75757b1b507b28b5ce4c53fbd62d797c5a7c?s=96&d=mm&r=g\",\"contentUrl\":\"https:\\\/\\\/secure.gravatar.com\\\/avatar\\\/bb0c4a2fcb7970138239f7e404ea75757b1b507b28b5ce4c53fbd62d797c5a7c?s=96&d=mm&r=g\",\"caption\":\"Villasmil Henry\"},\"logo\":{\"@id\":\"https:\\\/\\\/secure.gravatar.com\\\/avatar\\\/bb0c4a2fcb7970138239f7e404ea75757b1b507b28b5ce4c53fbd62d797c5a7c?s=96&d=mm&r=g\"},\"sameAs\":[\"http:\\\/\\\/www.henryvillasmil.com.ve\",\"https:\\\/\\\/www.instagram.com\\\/villasmilhfoto\\\/\",\"https:\\\/\\\/x.com\\\/https:\\\/\\\/twitter.com\\\/villasmilhfoto\"],\"url\":\"https:\\\/\\\/digital58.com.ve\\\/site\\\/author\\\/droopy_68\\\/\"}]}<\/script>\n<!-- \/ Yoast SEO plugin. -->","yoast_head_json":{"title":"Maduro alerta del incremento de contagios de la COVID-19 en la Gran Caracas","description":"Venezuela","robots":{"index":"index","follow":"follow","max-snippet":"max-snippet:-1","max-image-preview":"max-image-preview:large","max-video-preview":"max-video-preview:-1"},"canonical":"https:\/\/digital58.com.ve\/site\/2021\/09\/24\/maduro-alerta-del-incremento-de-contagios-de-la-covid-19-en-la-gran-caracas\/","og_locale":"es_ES","og_type":"article","og_title":"Maduro alerta del incremento de contagios de la COVID-19 en la Gran Caracas","og_description":"Venezuela","og_url":"https:\/\/digital58.com.ve\/site\/2021\/09\/24\/maduro-alerta-del-incremento-de-contagios-de-la-covid-19-en-la-gran-caracas\/","og_site_name":"Noticias Digital58","article_published_time":"2021-09-24T04:19:00+00:00","og_image":[{"width":900,"height":600,"url":"https:\/\/digital58.com.ve\/site\/wp-content\/uploads\/2021\/09\/nicolas-maduro-23.jpg","type":"image\/jpeg"}],"author":"Villasmil Henry","twitter_card":"summary_large_image","twitter_creator":"@https:\/\/twitter.com\/villasmilhfoto","twitter_site":"@villasmilhfoto","twitter_misc":{"Escrito por":"Villasmil Henry","Tiempo estimado de lectura":"3 minutos"},"schema":{"@context":"https:\/\/schema.org","@graph":[{"@type":"Article","@id":"https:\/\/digital58.com.ve\/site\/2021\/09\/24\/maduro-alerta-del-incremento-de-contagios-de-la-covid-19-en-la-gran-caracas\/#article","isPartOf":{"@id":"https:\/\/digital58.com.ve\/site\/2021\/09\/24\/maduro-alerta-del-incremento-de-contagios-de-la-covid-19-en-la-gran-caracas\/"},"author":{"name":"Villasmil Henry","@id":"https:\/\/digital58.com.ve\/site\/#\/schema\/person\/64d1c2e4d0d4fd1b849980c4331c2951"},"headline":"Maduro alerta del incremento de contagios de la COVID-19 en la Gran Caracas","datePublished":"2021-09-24T04:19:00+00:00","mainEntityOfPage":{"@id":"https:\/\/digital58.com.ve\/site\/2021\/09\/24\/maduro-alerta-del-incremento-de-contagios-de-la-covid-19-en-la-gran-caracas\/"},"wordCount":468,"commentCount":0,"publisher":{"@id":"https:\/\/digital58.com.ve\/site\/#\/schema\/person\/64d1c2e4d0d4fd1b849980c4331c2951"},"image":{"@id":"https:\/\/digital58.com.ve\/site\/2021\/09\/24\/maduro-alerta-del-incremento-de-contagios-de-la-covid-19-en-la-gran-caracas\/#primaryimage"},"thumbnailUrl":"https:\/\/digital58.com.ve\/site\/wp-content\/uploads\/2021\/09\/nicolas-maduro-23.jpg","keywords":["Nacionales","Nicol\u00e1s Maduro Moros"],"articleSection":["Venezuela"],"inLanguage":"es","potentialAction":[{"@type":"CommentAction","name":"Comment","target":["https:\/\/digital58.com.ve\/site\/2021\/09\/24\/maduro-alerta-del-incremento-de-contagios-de-la-covid-19-en-la-gran-caracas\/#respond"]}]},{"@type":"WebPage","@id":"https:\/\/digital58.com.ve\/site\/2021\/09\/24\/maduro-alerta-del-incremento-de-contagios-de-la-covid-19-en-la-gran-caracas\/","url":"https:\/\/digital58.com.ve\/site\/2021\/09\/24\/maduro-alerta-del-incremento-de-contagios-de-la-covid-19-en-la-gran-caracas\/","name":"Maduro alerta del incremento de contagios de la COVID-19 en la Gran Caracas","isPartOf":{"@id":"https:\/\/digital58.com.ve\/site\/#website"},"primaryImageOfPage":{"@id":"https:\/\/digital58.com.ve\/site\/2021\/09\/24\/maduro-alerta-del-incremento-de-contagios-de-la-covid-19-en-la-gran-caracas\/#primaryimage"},"image":{"@id":"https:\/\/digital58.com.ve\/site\/2021\/09\/24\/maduro-alerta-del-incremento-de-contagios-de-la-covid-19-en-la-gran-caracas\/#primaryimage"},"thumbnailUrl":"https:\/\/digital58.com.ve\/site\/wp-content\/uploads\/2021\/09\/nicolas-maduro-23.jpg","datePublished":"2021-09-24T04:19:00+00:00","description":"Venezuela","breadcrumb":{"@id":"https:\/\/digital58.com.ve\/site\/2021\/09\/24\/maduro-alerta-del-incremento-de-contagios-de-la-covid-19-en-la-gran-caracas\/#breadcrumb"},"inLanguage":"es","potentialAction":[{"@type":"ReadAction","target":["https:\/\/digital58.com.ve\/site\/2021\/09\/24\/maduro-alerta-del-incremento-de-contagios-de-la-covid-19-en-la-gran-caracas\/"]}]},{"@type":"ImageObject","inLanguage":"es","@id":"https:\/\/digital58.com.ve\/site\/2021\/09\/24\/maduro-alerta-del-incremento-de-contagios-de-la-covid-19-en-la-gran-caracas\/#primaryimage","url":"https:\/\/digital58.com.ve\/site\/wp-content\/uploads\/2021\/09\/nicolas-maduro-23.jpg","contentUrl":"https:\/\/digital58.com.ve\/site\/wp-content\/uploads\/2021\/09\/nicolas-maduro-23.jpg","width":900,"height":600},{"@type":"BreadcrumbList","@id":"https:\/\/digital58.com.ve\/site\/2021\/09\/24\/maduro-alerta-del-incremento-de-contagios-de-la-covid-19-en-la-gran-caracas\/#breadcrumb","itemListElement":[{"@type":"ListItem","position":1,"name":"Home","item":"https:\/\/digital58.com.ve\/site\/"},{"@type":"ListItem","position":2,"name":"Maduro alerta del incremento de contagios de la COVID-19 en la Gran Caracas"}]},{"@type":"WebSite","@id":"https:\/\/digital58.com.ve\/site\/#website","url":"https:\/\/digital58.com.ve\/site\/","name":"Noticias Digital58","description":"Portal de Noticias \u00a1Periodismo web de verdad! Lanzamiento web 22.11.2005 \/ Maracaibo, Venezuela","publisher":{"@id":"https:\/\/digital58.com.ve\/site\/#\/schema\/person\/64d1c2e4d0d4fd1b849980c4331c2951"},"alternateName":"ND58","potentialAction":[{"@type":"SearchAction","target":{"@type":"EntryPoint","urlTemplate":"https:\/\/digital58.com.ve\/site\/?s={search_term_string}"},"query-input":{"@type":"PropertyValueSpecification","valueRequired":true,"valueName":"search_term_string"}}],"inLanguage":"es"},{"@type":["Person","Organization"],"@id":"https:\/\/digital58.com.ve\/site\/#\/schema\/person\/64d1c2e4d0d4fd1b849980c4331c2951","name":"Villasmil Henry","image":{"@type":"ImageObject","inLanguage":"es","@id":"https:\/\/secure.gravatar.com\/avatar\/bb0c4a2fcb7970138239f7e404ea75757b1b507b28b5ce4c53fbd62d797c5a7c?s=96&d=mm&r=g","url":"https:\/\/secure.gravatar.com\/avatar\/bb0c4a2fcb7970138239f7e404ea75757b1b507b28b5ce4c53fbd62d797c5a7c?s=96&d=mm&r=g","contentUrl":"https:\/\/secure.gravatar.com\/avatar\/bb0c4a2fcb7970138239f7e404ea75757b1b507b28b5ce4c53fbd62d797c5a7c?s=96&d=mm&r=g","caption":"Villasmil Henry"},"logo":{"@id":"https:\/\/secure.gravatar.com\/avatar\/bb0c4a2fcb7970138239f7e404ea75757b1b507b28b5ce4c53fbd62d797c5a7c?s=96&d=mm&r=g"},"sameAs":["http:\/\/www.henryvillasmil.com.ve","https:\/\/www.instagram.com\/villasmilhfoto\/","https:\/\/x.com\/https:\/\/twitter.com\/villasmilhfoto"],"url":"https:\/\/digital58.com.ve\/site\/author\/droopy_68\/"}]}},"uagb_featured_image_src":{"full":["https:\/\/digital58.com.ve\/site\/wp-content\/uploads\/2021\/09\/nicolas-maduro-23.jpg",900,600,false],"thumbnail":["https:\/\/digital58.com.ve\/site\/wp-content\/uploads\/2021\/09\/nicolas-maduro-23-150x150.jpg",150,150,true],"medium":["https:\/\/digital58.com.ve\/site\/wp-content\/uploads\/2021\/09\/nicolas-maduro-23-300x200.jpg",300,200,true],"medium_large":["https:\/\/digital58.com.ve\/site\/wp-content\/uploads\/2021\/09\/nicolas-maduro-23-768x512.jpg",768,512,true],"large":["https:\/\/digital58.com.ve\/site\/wp-content\/uploads\/2021\/09\/nicolas-maduro-23.jpg",800,533,false],"1536x1536":["https:\/\/digital58.com.ve\/site\/wp-content\/uploads\/2021\/09\/nicolas-maduro-23.jpg",900,600,false],"2048x2048":["https:\/\/digital58.com.ve\/site\/wp-content\/uploads\/2021\/09\/nicolas-maduro-23.jpg",900,600,false],"colormag-highlighted-post":["https:\/\/digital58.com.ve\/site\/wp-content\/uploads\/2021\/09\/nicolas-maduro-23.jpg",392,261,false],"colormag-featured-post-medium":["https:\/\/digital58.com.ve\/site\/wp-content\/uploads\/2021\/09\/nicolas-maduro-23.jpg",308,205,false],"colormag-featured-post-small":["https:\/\/digital58.com.ve\/site\/wp-content\/uploads\/2021\/09\/nicolas-maduro-23.jpg",130,87,false],"colormag-featured-image":["https:\/\/digital58.com.ve\/site\/wp-content\/uploads\/2021\/09\/nicolas-maduro-23.jpg",668,445,false],"colormag-default-news":["https:\/\/digital58.com.ve\/site\/wp-content\/uploads\/2021\/09\/nicolas-maduro-23.jpg",150,100,false],"colormag-featured-image-large":["https:\/\/digital58.com.ve\/site\/wp-content\/uploads\/2021\/09\/nicolas-maduro-23.jpg",900,600,false]},"uagb_author_info":{"display_name":"Villasmil Henry","author_link":"https:\/\/digital58.com.ve\/site\/author\/droopy_68\/"},"uagb_comment_info":0,"uagb_excerpt":"El presidente venezolano, Nicol\u00e1s Maduro, alert\u00f3 este jueves del incremento de contagios de la COVID-19 en el \u00e1rea de la","_links":{"self":[{"href":"https:\/\/digital58.com.ve\/site\/wp-json\/wp\/v2\/posts\/142919","targetHints":{"allow":["GET"]}}],"collection":[{"href":"https:\/\/digital58.com.ve\/site\/wp-json\/wp\/v2\/posts"}],"about":[{"href":"https:\/\/digital58.com.ve\/site\/wp-json\/wp\/v2\/types\/post"}],"author":[{"embeddable":true,"href":"https:\/\/digital58.com.ve\/site\/wp-json\/wp\/v2\/users\/1"}],"replies":[{"embeddable":true,"href":"https:\/\/digital58.com.ve\/site\/wp-json\/wp\/v2\/comments?post=142919"}],"version-history":[{"count":0,"href":"https:\/\/digital58.com.ve\/site\/wp-json\/wp\/v2\/posts\/142919\/revisions"}],"wp:featuredmedia":[{"embeddable":true,"href":"https:\/\/digital58.com.ve\/site\/wp-json\/wp\/v2\/media\/142920"}],"wp:attachment":[{"href":"https:\/\/digital58.com.ve\/site\/wp-json\/wp\/v2\/media?parent=142919"}],"wp:term":[{"taxonomy":"category","embeddable":true,"href":"https:\/\/digital58.com.ve\/site\/wp-json\/wp\/v2\/categories?post=142919"},{"taxonomy":"post_tag","embeddable":true,"href":"https:\/\/digital58.com.ve\/site\/wp-json\/wp\/v2\/tags?post=142919"}],"curies":[{"name":"wp","href":"https:\/\/api.w.org\/{rel}","templated":true}]}}