{"id":143312,"date":"2021-10-06T09:46:36","date_gmt":"2021-10-06T13:46:36","guid":{"rendered":"https:\/\/digital58.com.ve\/site\/?p=143312"},"modified":"2021-10-06T09:46:36","modified_gmt":"2021-10-06T13:46:36","slug":"julio-castro-el-aumento-de-casos-de-la-semana-pasada-puede-ser-el-inicio-de-la-tercera-ola-pandemica","status":"publish","type":"post","link":"https:\/\/digital58.com.ve\/site\/2021\/10\/06\/julio-castro-el-aumento-de-casos-de-la-semana-pasada-puede-ser-el-inicio-de-la-tercera-ola-pandemica\/","title":{"rendered":"Julio Castro: El aumento de casos de la semana pasada puede ser el inicio de la tercera ola pand\u00e9mica"},"content":{"rendered":"<p>Julio Castro, internista e infect\u00f3logo, indic\u00f3 que el aumento de casos de Covid-19 de la semana pasada, puede ser el inicio de la tercera ola pand\u00e9mica en Venezuela.<\/p>\n<p>Destac\u00f3 que las cifras oficiales de la semana pasada establecen 11.400 casos de Covid-19. \u00abEmpezamos un pelda\u00f1o nuevo que puede ser el incio de la tercera onda pand\u00e9mica\u00bb, a\u00f1adi\u00f3.<\/p>\n<p>Julio Castro explic\u00f3 que seg\u00fan el IVIC, 50% de las variantes de Covid-19 que se ven en la regi\u00f3n capital, son Delta, mientras que la predominante en Zulia y T\u00e1chira es la Mu.<\/p>\n<p>\u00abLa gente est\u00e1 cansada y usa menos medidas de bioseguridad, tambi\u00e9n est\u00e1 la vuelta a clases y las elecciones como factores que aumentan la transmisi\u00f3n\u00bb, acot\u00f3.<\/p>\n<p>Record\u00f3 que el contexto de la inmunidad de reba\u00f1o viene de enfermedades como el sarampi\u00f3n, que genera inmunidad definitiva por la enfermedad o la vacuna.<\/p>\n<p>Julio Castro record\u00f3 que con el Covid-19, las personas pueden reinfectarse y que la vacuna a pesar de proteger contra muerte y enfermedad grave, no tiene protecci\u00f3n tan alta contra el contagio.<\/p>\n<p>\u00abLa inmunidad de reba\u00f1o como el fin de la pandemia empieza a verse como un espejismo; no va a estar cerca, eso nos debe acostumbrar a vivir con el virus por mucho m\u00e1s tiempo\u00bb, se\u00f1al\u00f3.<\/p>\n<p>El infect\u00f3logo asegur\u00f3 que la epidemia no se va a acabar en noviembre o diciembre, sino que esta puede durar \u00abdos a\u00f1os m\u00e1s\u00bb.<\/p>\n<p>\u00abLa vacunaci\u00f3n, un proceso normal en la vida de los seres humanos\u00ab<br \/>\nReferente a la vacuna, explic\u00f3 que esta no puede interrumpir el calendario normal de la vida de las personas. \u00abLa vacuna contra Covid-19 debe ser un proceso m\u00e1s de la vida de los seres humanos en estos momentos\u00bb, dijo.<\/p>\n<p>Julio Castro destac\u00f3 que no se debe agarrar reposo luego de la vacuna y que esta no produce PCR ni prueba de ant\u00edgenos positivo.<\/p>\n<p>Record\u00f3 que la gente no se contagia de Covid-19 producto de la vacuna, pero puede contagiarse en la cola para vacunarse.<\/p>\n<p>\u00abLa mayor\u00eda de los s\u00edntomas post vacuna duran unos d\u00edas, si pasas m\u00e1s de 4 d\u00edas con estos malestares, debes hacerte un PCR\u00bb, a\u00f1adi\u00f3.<\/p><div class=\"fhcne69f2807457783\" ><p style=\"text-align: center;\"><a href=\"https:\/\/t.me\/noticiasdigital58\" target=\"_blank\" rel=\"noopener\"><img class=\"aligncenter size-full wp-image-125363\" src=\"https:\/\/digital58.com.ve\/site\/wp-content\/uploads\/2021\/04\/banner-telegram-web-2021.png\" alt=\"\" width=\"600\" height=\"90\" \/><\/a><\/p><\/div><style type=\"text\/css\">\r\n@media screen and (min-width: 1201px) {\r\n.fhcne69f2807457783 {\r\ndisplay: block;\r\n}\r\n}\r\n@media screen and (min-width: 993px) and (max-width: 1200px) {\r\n.fhcne69f2807457783 {\r\ndisplay: block;\r\n}\r\n}\r\n@media screen and (min-width: 769px) and (max-width: 992px) {\r\n.fhcne69f2807457783 {\r\ndisplay: block;\r\n}\r\n}\r\n@media screen and (min-width: 768px) and (max-width: 768px) {\r\n.fhcne69f2807457783 {\r\ndisplay: block;\r\n}\r\n}\r\n@media screen and (max-width: 767px) {\r\n.fhcne69f2807457783 {\r\ndisplay: block;\r\n}\r\n}\r\n<\/style>\r\n\n<p><strong>Redacci\u00f3n ND58 | Agencias<\/strong><br \/>\n<strong>Edici\u00f3n: Villasmil, Henry<\/strong><br \/>\n<strong>Grafica: Cortes\u00eda<\/strong><\/p>\n<div style=\"margin-top: 0px; margin-bottom: 0px;\" class=\"sharethis-inline-share-buttons\" ><\/div>","protected":false},"excerpt":{"rendered":"<p>Julio Castro, internista e infect\u00f3logo, indic\u00f3 que el aumento de casos de Covid-19 de la semana pasada, puede ser el<\/p>\n","protected":false},"author":39,"featured_media":143313,"comment_status":"open","ping_status":"closed","sticky":false,"template":"","format":"standard","meta":{"colormag_page_container_layout":"default_layout","colormag_page_sidebar_layout":"default_layout","_uag_custom_page_level_css":"","footnotes":""},"categories":[5405,16454],"tags":[],"class_list":["post-143312","post","type-post","status-publish","format-standard","has-post-thumbnail","hentry","category-salud","category-venezuela"],"yoast_head":"<!-- This site is optimized with the Yoast SEO plugin v27.5 - https:\/\/yoast.com\/product\/yoast-seo-wordpress\/ -->\n<title>Julio Castro: El aumento de casos de la semana pasada puede ser el inicio de la tercera ola pand\u00e9mica<\/title>\n<meta name=\"description\" content=\"Salud\" \/>\n<meta name=\"robots\" content=\"index, follow, max-snippet:-1, max-image-preview:large, max-video-preview:-1\" \/>\n<link rel=\"canonical\" href=\"https:\/\/digital58.com.ve\/site\/2021\/10\/06\/julio-castro-el-aumento-de-casos-de-la-semana-pasada-puede-ser-el-inicio-de-la-tercera-ola-pandemica\/\" \/>\n<meta property=\"og:locale\" content=\"es_ES\" \/>\n<meta property=\"og:type\" content=\"article\" \/>\n<meta property=\"og:title\" content=\"Julio Castro: El aumento de casos de la semana pasada puede ser el inicio de la tercera ola pand\u00e9mica\" \/>\n<meta property=\"og:description\" content=\"Salud\" \/>\n<meta property=\"og:url\" content=\"https:\/\/digital58.com.ve\/site\/2021\/10\/06\/julio-castro-el-aumento-de-casos-de-la-semana-pasada-puede-ser-el-inicio-de-la-tercera-ola-pandemica\/\" \/>\n<meta property=\"og:site_name\" content=\"Noticias Digital58\" \/>\n<meta property=\"article:published_time\" content=\"2021-10-06T13:46:36+00:00\" \/>\n<meta property=\"og:image\" content=\"https:\/\/digital58.com.ve\/site\/wp-content\/uploads\/2021\/10\/JulioCastroMedico.jpg\" \/>\n\t<meta property=\"og:image:width\" content=\"600\" \/>\n\t<meta property=\"og:image:height\" content=\"338\" \/>\n\t<meta property=\"og:image:type\" content=\"image\/jpeg\" \/>\n<meta name=\"author\" content=\"Caren A\u00f1ez\" \/>\n<meta name=\"twitter:card\" content=\"summary_large_image\" \/>\n<meta name=\"twitter:creator\" content=\"@carenanez\" \/>\n<meta name=\"twitter:site\" content=\"@villasmilhfoto\" \/>\n<meta name=\"twitter:label1\" content=\"Escrito por\" \/>\n\t<meta name=\"twitter:data1\" content=\"Caren A\u00f1ez\" \/>\n\t<meta name=\"twitter:label2\" content=\"Tiempo estimado de lectura\" \/>\n\t<meta name=\"twitter:data2\" content=\"2 minutos\" \/>\n<script type=\"application\/ld+json\" class=\"yoast-schema-graph\">{\"@context\":\"https:\\\/\\\/schema.org\",\"@graph\":[{\"@type\":\"Article\",\"@id\":\"https:\\\/\\\/digital58.com.ve\\\/site\\\/2021\\\/10\\\/06\\\/julio-castro-el-aumento-de-casos-de-la-semana-pasada-puede-ser-el-inicio-de-la-tercera-ola-pandemica\\\/#article\",\"isPartOf\":{\"@id\":\"https:\\\/\\\/digital58.com.ve\\\/site\\\/2021\\\/10\\\/06\\\/julio-castro-el-aumento-de-casos-de-la-semana-pasada-puede-ser-el-inicio-de-la-tercera-ola-pandemica\\\/\"},\"author\":{\"name\":\"Caren A\u00f1ez\",\"@id\":\"https:\\\/\\\/digital58.com.ve\\\/site\\\/#\\\/schema\\\/person\\\/38596b127602deaa13fbcd7585635238\"},\"headline\":\"Julio Castro: El aumento de casos de la semana pasada puede ser el inicio de la tercera ola pand\u00e9mica\",\"datePublished\":\"2021-10-06T13:46:36+00:00\",\"mainEntityOfPage\":{\"@id\":\"https:\\\/\\\/digital58.com.ve\\\/site\\\/2021\\\/10\\\/06\\\/julio-castro-el-aumento-de-casos-de-la-semana-pasada-puede-ser-el-inicio-de-la-tercera-ola-pandemica\\\/\"},\"wordCount\":407,\"commentCount\":0,\"publisher\":{\"@id\":\"https:\\\/\\\/digital58.com.ve\\\/site\\\/#\\\/schema\\\/person\\\/64d1c2e4d0d4fd1b849980c4331c2951\"},\"image\":{\"@id\":\"https:\\\/\\\/digital58.com.ve\\\/site\\\/2021\\\/10\\\/06\\\/julio-castro-el-aumento-de-casos-de-la-semana-pasada-puede-ser-el-inicio-de-la-tercera-ola-pandemica\\\/#primaryimage\"},\"thumbnailUrl\":\"https:\\\/\\\/digital58.com.ve\\\/site\\\/wp-content\\\/uploads\\\/2021\\\/10\\\/JulioCastroMedico.jpg\",\"articleSection\":[\"Salud\",\"Venezuela\"],\"inLanguage\":\"es\",\"potentialAction\":[{\"@type\":\"CommentAction\",\"name\":\"Comment\",\"target\":[\"https:\\\/\\\/digital58.com.ve\\\/site\\\/2021\\\/10\\\/06\\\/julio-castro-el-aumento-de-casos-de-la-semana-pasada-puede-ser-el-inicio-de-la-tercera-ola-pandemica\\\/#respond\"]}]},{\"@type\":\"WebPage\",\"@id\":\"https:\\\/\\\/digital58.com.ve\\\/site\\\/2021\\\/10\\\/06\\\/julio-castro-el-aumento-de-casos-de-la-semana-pasada-puede-ser-el-inicio-de-la-tercera-ola-pandemica\\\/\",\"url\":\"https:\\\/\\\/digital58.com.ve\\\/site\\\/2021\\\/10\\\/06\\\/julio-castro-el-aumento-de-casos-de-la-semana-pasada-puede-ser-el-inicio-de-la-tercera-ola-pandemica\\\/\",\"name\":\"Julio Castro: El aumento de casos de la semana pasada puede ser el inicio de la tercera ola pand\u00e9mica\",\"isPartOf\":{\"@id\":\"https:\\\/\\\/digital58.com.ve\\\/site\\\/#website\"},\"primaryImageOfPage\":{\"@id\":\"https:\\\/\\\/digital58.com.ve\\\/site\\\/2021\\\/10\\\/06\\\/julio-castro-el-aumento-de-casos-de-la-semana-pasada-puede-ser-el-inicio-de-la-tercera-ola-pandemica\\\/#primaryimage\"},\"image\":{\"@id\":\"https:\\\/\\\/digital58.com.ve\\\/site\\\/2021\\\/10\\\/06\\\/julio-castro-el-aumento-de-casos-de-la-semana-pasada-puede-ser-el-inicio-de-la-tercera-ola-pandemica\\\/#primaryimage\"},\"thumbnailUrl\":\"https:\\\/\\\/digital58.com.ve\\\/site\\\/wp-content\\\/uploads\\\/2021\\\/10\\\/JulioCastroMedico.jpg\",\"datePublished\":\"2021-10-06T13:46:36+00:00\",\"description\":\"Salud\",\"breadcrumb\":{\"@id\":\"https:\\\/\\\/digital58.com.ve\\\/site\\\/2021\\\/10\\\/06\\\/julio-castro-el-aumento-de-casos-de-la-semana-pasada-puede-ser-el-inicio-de-la-tercera-ola-pandemica\\\/#breadcrumb\"},\"inLanguage\":\"es\",\"potentialAction\":[{\"@type\":\"ReadAction\",\"target\":[\"https:\\\/\\\/digital58.com.ve\\\/site\\\/2021\\\/10\\\/06\\\/julio-castro-el-aumento-de-casos-de-la-semana-pasada-puede-ser-el-inicio-de-la-tercera-ola-pandemica\\\/\"]}]},{\"@type\":\"ImageObject\",\"inLanguage\":\"es\",\"@id\":\"https:\\\/\\\/digital58.com.ve\\\/site\\\/2021\\\/10\\\/06\\\/julio-castro-el-aumento-de-casos-de-la-semana-pasada-puede-ser-el-inicio-de-la-tercera-ola-pandemica\\\/#primaryimage\",\"url\":\"https:\\\/\\\/digital58.com.ve\\\/site\\\/wp-content\\\/uploads\\\/2021\\\/10\\\/JulioCastroMedico.jpg\",\"contentUrl\":\"https:\\\/\\\/digital58.com.ve\\\/site\\\/wp-content\\\/uploads\\\/2021\\\/10\\\/JulioCastroMedico.jpg\",\"width\":600,\"height\":338},{\"@type\":\"BreadcrumbList\",\"@id\":\"https:\\\/\\\/digital58.com.ve\\\/site\\\/2021\\\/10\\\/06\\\/julio-castro-el-aumento-de-casos-de-la-semana-pasada-puede-ser-el-inicio-de-la-tercera-ola-pandemica\\\/#breadcrumb\",\"itemListElement\":[{\"@type\":\"ListItem\",\"position\":1,\"name\":\"Home\",\"item\":\"https:\\\/\\\/digital58.com.ve\\\/site\\\/\"},{\"@type\":\"ListItem\",\"position\":2,\"name\":\"Julio Castro: El aumento de casos de la semana pasada puede ser el inicio de la tercera ola pand\u00e9mica\"}]},{\"@type\":\"WebSite\",\"@id\":\"https:\\\/\\\/digital58.com.ve\\\/site\\\/#website\",\"url\":\"https:\\\/\\\/digital58.com.ve\\\/site\\\/\",\"name\":\"Noticias Digital58\",\"description\":\"Portal de Noticias \u00a1Periodismo web de verdad! Lanzamiento web 22.11.2005 \\\/ Maracaibo, Venezuela\",\"publisher\":{\"@id\":\"https:\\\/\\\/digital58.com.ve\\\/site\\\/#\\\/schema\\\/person\\\/64d1c2e4d0d4fd1b849980c4331c2951\"},\"alternateName\":\"ND58\",\"potentialAction\":[{\"@type\":\"SearchAction\",\"target\":{\"@type\":\"EntryPoint\",\"urlTemplate\":\"https:\\\/\\\/digital58.com.ve\\\/site\\\/?s={search_term_string}\"},\"query-input\":{\"@type\":\"PropertyValueSpecification\",\"valueRequired\":true,\"valueName\":\"search_term_string\"}}],\"inLanguage\":\"es\"},{\"@type\":[\"Person\",\"Organization\"],\"@id\":\"https:\\\/\\\/digital58.com.ve\\\/site\\\/#\\\/schema\\\/person\\\/64d1c2e4d0d4fd1b849980c4331c2951\",\"name\":\"Villasmil Henry\",\"image\":{\"@type\":\"ImageObject\",\"inLanguage\":\"es\",\"@id\":\"https:\\\/\\\/secure.gravatar.com\\\/avatar\\\/bb0c4a2fcb7970138239f7e404ea75757b1b507b28b5ce4c53fbd62d797c5a7c?s=96&d=mm&r=g\",\"url\":\"https:\\\/\\\/secure.gravatar.com\\\/avatar\\\/bb0c4a2fcb7970138239f7e404ea75757b1b507b28b5ce4c53fbd62d797c5a7c?s=96&d=mm&r=g\",\"contentUrl\":\"https:\\\/\\\/secure.gravatar.com\\\/avatar\\\/bb0c4a2fcb7970138239f7e404ea75757b1b507b28b5ce4c53fbd62d797c5a7c?s=96&d=mm&r=g\",\"caption\":\"Villasmil Henry\"},\"logo\":{\"@id\":\"https:\\\/\\\/secure.gravatar.com\\\/avatar\\\/bb0c4a2fcb7970138239f7e404ea75757b1b507b28b5ce4c53fbd62d797c5a7c?s=96&d=mm&r=g\"},\"sameAs\":[\"http:\\\/\\\/www.henryvillasmil.com.ve\",\"https:\\\/\\\/www.instagram.com\\\/villasmilhfoto\\\/\",\"https:\\\/\\\/x.com\\\/https:\\\/\\\/twitter.com\\\/villasmilhfoto\"]},{\"@type\":\"Person\",\"@id\":\"https:\\\/\\\/digital58.com.ve\\\/site\\\/#\\\/schema\\\/person\\\/38596b127602deaa13fbcd7585635238\",\"name\":\"Caren A\u00f1ez\",\"image\":{\"@type\":\"ImageObject\",\"inLanguage\":\"es\",\"@id\":\"https:\\\/\\\/secure.gravatar.com\\\/avatar\\\/53aadd693aa414991c9ff2f2b19c39be94d2c342463b80f5402d344911bc9782?s=96&d=mm&r=g\",\"url\":\"https:\\\/\\\/secure.gravatar.com\\\/avatar\\\/53aadd693aa414991c9ff2f2b19c39be94d2c342463b80f5402d344911bc9782?s=96&d=mm&r=g\",\"contentUrl\":\"https:\\\/\\\/secure.gravatar.com\\\/avatar\\\/53aadd693aa414991c9ff2f2b19c39be94d2c342463b80f5402d344911bc9782?s=96&d=mm&r=g\",\"caption\":\"Caren A\u00f1ez\"},\"description\":\"\ud83d\udc69\u200d\ud83c\udfa4Editora en @digital_58 \ud83d\udc69\ud83c\udffb\u200d\ud83c\udfebPeriodista musical y de entretenimiento. \ud83d\udcf8Fotografa \ud83d\udc69\ud83c\udffb\u200d\ud83d\udcbbMedia Management. \ud83d\udc69\u200d\ud83d\udc67\u200d\ud83d\udc67AspieMon 24\\\/7\",\"sameAs\":[\"https:\\\/\\\/www.instagram.com\\\/carenanez\\\/\",\"https:\\\/\\\/x.com\\\/carenanez\"],\"url\":\"https:\\\/\\\/digital58.com.ve\\\/site\\\/author\\\/carena21\\\/\"}]}<\/script>\n<!-- \/ Yoast SEO plugin. -->","yoast_head_json":{"title":"Julio Castro: El aumento de casos de la semana pasada puede ser el inicio de la tercera ola pand\u00e9mica","description":"Salud","robots":{"index":"index","follow":"follow","max-snippet":"max-snippet:-1","max-image-preview":"max-image-preview:large","max-video-preview":"max-video-preview:-1"},"canonical":"https:\/\/digital58.com.ve\/site\/2021\/10\/06\/julio-castro-el-aumento-de-casos-de-la-semana-pasada-puede-ser-el-inicio-de-la-tercera-ola-pandemica\/","og_locale":"es_ES","og_type":"article","og_title":"Julio Castro: El aumento de casos de la semana pasada puede ser el inicio de la tercera ola pand\u00e9mica","og_description":"Salud","og_url":"https:\/\/digital58.com.ve\/site\/2021\/10\/06\/julio-castro-el-aumento-de-casos-de-la-semana-pasada-puede-ser-el-inicio-de-la-tercera-ola-pandemica\/","og_site_name":"Noticias Digital58","article_published_time":"2021-10-06T13:46:36+00:00","og_image":[{"width":600,"height":338,"url":"https:\/\/digital58.com.ve\/site\/wp-content\/uploads\/2021\/10\/JulioCastroMedico.jpg","type":"image\/jpeg"}],"author":"Caren A\u00f1ez","twitter_card":"summary_large_image","twitter_creator":"@carenanez","twitter_site":"@villasmilhfoto","twitter_misc":{"Escrito por":"Caren A\u00f1ez","Tiempo estimado de lectura":"2 minutos"},"schema":{"@context":"https:\/\/schema.org","@graph":[{"@type":"Article","@id":"https:\/\/digital58.com.ve\/site\/2021\/10\/06\/julio-castro-el-aumento-de-casos-de-la-semana-pasada-puede-ser-el-inicio-de-la-tercera-ola-pandemica\/#article","isPartOf":{"@id":"https:\/\/digital58.com.ve\/site\/2021\/10\/06\/julio-castro-el-aumento-de-casos-de-la-semana-pasada-puede-ser-el-inicio-de-la-tercera-ola-pandemica\/"},"author":{"name":"Caren A\u00f1ez","@id":"https:\/\/digital58.com.ve\/site\/#\/schema\/person\/38596b127602deaa13fbcd7585635238"},"headline":"Julio Castro: El aumento de casos de la semana pasada puede ser el inicio de la tercera ola pand\u00e9mica","datePublished":"2021-10-06T13:46:36+00:00","mainEntityOfPage":{"@id":"https:\/\/digital58.com.ve\/site\/2021\/10\/06\/julio-castro-el-aumento-de-casos-de-la-semana-pasada-puede-ser-el-inicio-de-la-tercera-ola-pandemica\/"},"wordCount":407,"commentCount":0,"publisher":{"@id":"https:\/\/digital58.com.ve\/site\/#\/schema\/person\/64d1c2e4d0d4fd1b849980c4331c2951"},"image":{"@id":"https:\/\/digital58.com.ve\/site\/2021\/10\/06\/julio-castro-el-aumento-de-casos-de-la-semana-pasada-puede-ser-el-inicio-de-la-tercera-ola-pandemica\/#primaryimage"},"thumbnailUrl":"https:\/\/digital58.com.ve\/site\/wp-content\/uploads\/2021\/10\/JulioCastroMedico.jpg","articleSection":["Salud","Venezuela"],"inLanguage":"es","potentialAction":[{"@type":"CommentAction","name":"Comment","target":["https:\/\/digital58.com.ve\/site\/2021\/10\/06\/julio-castro-el-aumento-de-casos-de-la-semana-pasada-puede-ser-el-inicio-de-la-tercera-ola-pandemica\/#respond"]}]},{"@type":"WebPage","@id":"https:\/\/digital58.com.ve\/site\/2021\/10\/06\/julio-castro-el-aumento-de-casos-de-la-semana-pasada-puede-ser-el-inicio-de-la-tercera-ola-pandemica\/","url":"https:\/\/digital58.com.ve\/site\/2021\/10\/06\/julio-castro-el-aumento-de-casos-de-la-semana-pasada-puede-ser-el-inicio-de-la-tercera-ola-pandemica\/","name":"Julio Castro: El aumento de casos de la semana pasada puede ser el inicio de la tercera ola pand\u00e9mica","isPartOf":{"@id":"https:\/\/digital58.com.ve\/site\/#website"},"primaryImageOfPage":{"@id":"https:\/\/digital58.com.ve\/site\/2021\/10\/06\/julio-castro-el-aumento-de-casos-de-la-semana-pasada-puede-ser-el-inicio-de-la-tercera-ola-pandemica\/#primaryimage"},"image":{"@id":"https:\/\/digital58.com.ve\/site\/2021\/10\/06\/julio-castro-el-aumento-de-casos-de-la-semana-pasada-puede-ser-el-inicio-de-la-tercera-ola-pandemica\/#primaryimage"},"thumbnailUrl":"https:\/\/digital58.com.ve\/site\/wp-content\/uploads\/2021\/10\/JulioCastroMedico.jpg","datePublished":"2021-10-06T13:46:36+00:00","description":"Salud","breadcrumb":{"@id":"https:\/\/digital58.com.ve\/site\/2021\/10\/06\/julio-castro-el-aumento-de-casos-de-la-semana-pasada-puede-ser-el-inicio-de-la-tercera-ola-pandemica\/#breadcrumb"},"inLanguage":"es","potentialAction":[{"@type":"ReadAction","target":["https:\/\/digital58.com.ve\/site\/2021\/10\/06\/julio-castro-el-aumento-de-casos-de-la-semana-pasada-puede-ser-el-inicio-de-la-tercera-ola-pandemica\/"]}]},{"@type":"ImageObject","inLanguage":"es","@id":"https:\/\/digital58.com.ve\/site\/2021\/10\/06\/julio-castro-el-aumento-de-casos-de-la-semana-pasada-puede-ser-el-inicio-de-la-tercera-ola-pandemica\/#primaryimage","url":"https:\/\/digital58.com.ve\/site\/wp-content\/uploads\/2021\/10\/JulioCastroMedico.jpg","contentUrl":"https:\/\/digital58.com.ve\/site\/wp-content\/uploads\/2021\/10\/JulioCastroMedico.jpg","width":600,"height":338},{"@type":"BreadcrumbList","@id":"https:\/\/digital58.com.ve\/site\/2021\/10\/06\/julio-castro-el-aumento-de-casos-de-la-semana-pasada-puede-ser-el-inicio-de-la-tercera-ola-pandemica\/#breadcrumb","itemListElement":[{"@type":"ListItem","position":1,"name":"Home","item":"https:\/\/digital58.com.ve\/site\/"},{"@type":"ListItem","position":2,"name":"Julio Castro: El aumento de casos de la semana pasada puede ser el inicio de la tercera ola pand\u00e9mica"}]},{"@type":"WebSite","@id":"https:\/\/digital58.com.ve\/site\/#website","url":"https:\/\/digital58.com.ve\/site\/","name":"Noticias Digital58","description":"Portal de Noticias \u00a1Periodismo web de verdad! Lanzamiento web 22.11.2005 \/ Maracaibo, Venezuela","publisher":{"@id":"https:\/\/digital58.com.ve\/site\/#\/schema\/person\/64d1c2e4d0d4fd1b849980c4331c2951"},"alternateName":"ND58","potentialAction":[{"@type":"SearchAction","target":{"@type":"EntryPoint","urlTemplate":"https:\/\/digital58.com.ve\/site\/?s={search_term_string}"},"query-input":{"@type":"PropertyValueSpecification","valueRequired":true,"valueName":"search_term_string"}}],"inLanguage":"es"},{"@type":["Person","Organization"],"@id":"https:\/\/digital58.com.ve\/site\/#\/schema\/person\/64d1c2e4d0d4fd1b849980c4331c2951","name":"Villasmil Henry","image":{"@type":"ImageObject","inLanguage":"es","@id":"https:\/\/secure.gravatar.com\/avatar\/bb0c4a2fcb7970138239f7e404ea75757b1b507b28b5ce4c53fbd62d797c5a7c?s=96&d=mm&r=g","url":"https:\/\/secure.gravatar.com\/avatar\/bb0c4a2fcb7970138239f7e404ea75757b1b507b28b5ce4c53fbd62d797c5a7c?s=96&d=mm&r=g","contentUrl":"https:\/\/secure.gravatar.com\/avatar\/bb0c4a2fcb7970138239f7e404ea75757b1b507b28b5ce4c53fbd62d797c5a7c?s=96&d=mm&r=g","caption":"Villasmil Henry"},"logo":{"@id":"https:\/\/secure.gravatar.com\/avatar\/bb0c4a2fcb7970138239f7e404ea75757b1b507b28b5ce4c53fbd62d797c5a7c?s=96&d=mm&r=g"},"sameAs":["http:\/\/www.henryvillasmil.com.ve","https:\/\/www.instagram.com\/villasmilhfoto\/","https:\/\/x.com\/https:\/\/twitter.com\/villasmilhfoto"]},{"@type":"Person","@id":"https:\/\/digital58.com.ve\/site\/#\/schema\/person\/38596b127602deaa13fbcd7585635238","name":"Caren A\u00f1ez","image":{"@type":"ImageObject","inLanguage":"es","@id":"https:\/\/secure.gravatar.com\/avatar\/53aadd693aa414991c9ff2f2b19c39be94d2c342463b80f5402d344911bc9782?s=96&d=mm&r=g","url":"https:\/\/secure.gravatar.com\/avatar\/53aadd693aa414991c9ff2f2b19c39be94d2c342463b80f5402d344911bc9782?s=96&d=mm&r=g","contentUrl":"https:\/\/secure.gravatar.com\/avatar\/53aadd693aa414991c9ff2f2b19c39be94d2c342463b80f5402d344911bc9782?s=96&d=mm&r=g","caption":"Caren A\u00f1ez"},"description":"\ud83d\udc69\u200d\ud83c\udfa4Editora en @digital_58 \ud83d\udc69\ud83c\udffb\u200d\ud83c\udfebPeriodista musical y de entretenimiento. \ud83d\udcf8Fotografa \ud83d\udc69\ud83c\udffb\u200d\ud83d\udcbbMedia Management. \ud83d\udc69\u200d\ud83d\udc67\u200d\ud83d\udc67AspieMon 24\/7","sameAs":["https:\/\/www.instagram.com\/carenanez\/","https:\/\/x.com\/carenanez"],"url":"https:\/\/digital58.com.ve\/site\/author\/carena21\/"}]}},"uagb_featured_image_src":{"full":["https:\/\/digital58.com.ve\/site\/wp-content\/uploads\/2021\/10\/JulioCastroMedico.jpg",600,338,false],"thumbnail":["https:\/\/digital58.com.ve\/site\/wp-content\/uploads\/2021\/10\/JulioCastroMedico-150x150.jpg",150,150,true],"medium":["https:\/\/digital58.com.ve\/site\/wp-content\/uploads\/2021\/10\/JulioCastroMedico-300x169.jpg",300,169,true],"medium_large":["https:\/\/digital58.com.ve\/site\/wp-content\/uploads\/2021\/10\/JulioCastroMedico.jpg",600,338,false],"large":["https:\/\/digital58.com.ve\/site\/wp-content\/uploads\/2021\/10\/JulioCastroMedico.jpg",600,338,false],"1536x1536":["https:\/\/digital58.com.ve\/site\/wp-content\/uploads\/2021\/10\/JulioCastroMedico.jpg",600,338,false],"2048x2048":["https:\/\/digital58.com.ve\/site\/wp-content\/uploads\/2021\/10\/JulioCastroMedico.jpg",600,338,false],"colormag-highlighted-post":["https:\/\/digital58.com.ve\/site\/wp-content\/uploads\/2021\/10\/JulioCastroMedico.jpg",392,221,false],"colormag-featured-post-medium":["https:\/\/digital58.com.ve\/site\/wp-content\/uploads\/2021\/10\/JulioCastroMedico.jpg",364,205,false],"colormag-featured-post-small":["https:\/\/digital58.com.ve\/site\/wp-content\/uploads\/2021\/10\/JulioCastroMedico.jpg",130,73,false],"colormag-featured-image":["https:\/\/digital58.com.ve\/site\/wp-content\/uploads\/2021\/10\/JulioCastroMedico.jpg",600,338,false],"colormag-default-news":["https:\/\/digital58.com.ve\/site\/wp-content\/uploads\/2021\/10\/JulioCastroMedico.jpg",150,85,false],"colormag-featured-image-large":["https:\/\/digital58.com.ve\/site\/wp-content\/uploads\/2021\/10\/JulioCastroMedico.jpg",600,338,false]},"uagb_author_info":{"display_name":"Caren A\u00f1ez","author_link":"https:\/\/digital58.com.ve\/site\/author\/carena21\/"},"uagb_comment_info":0,"uagb_excerpt":"Julio Castro, internista e infect\u00f3logo, indic\u00f3 que el aumento de casos de Covid-19 de la semana pasada, puede ser el","_links":{"self":[{"href":"https:\/\/digital58.com.ve\/site\/wp-json\/wp\/v2\/posts\/143312","targetHints":{"allow":["GET"]}}],"collection":[{"href":"https:\/\/digital58.com.ve\/site\/wp-json\/wp\/v2\/posts"}],"about":[{"href":"https:\/\/digital58.com.ve\/site\/wp-json\/wp\/v2\/types\/post"}],"author":[{"embeddable":true,"href":"https:\/\/digital58.com.ve\/site\/wp-json\/wp\/v2\/users\/39"}],"replies":[{"embeddable":true,"href":"https:\/\/digital58.com.ve\/site\/wp-json\/wp\/v2\/comments?post=143312"}],"version-history":[{"count":0,"href":"https:\/\/digital58.com.ve\/site\/wp-json\/wp\/v2\/posts\/143312\/revisions"}],"wp:featuredmedia":[{"embeddable":true,"href":"https:\/\/digital58.com.ve\/site\/wp-json\/wp\/v2\/media\/143313"}],"wp:attachment":[{"href":"https:\/\/digital58.com.ve\/site\/wp-json\/wp\/v2\/media?parent=143312"}],"wp:term":[{"taxonomy":"category","embeddable":true,"href":"https:\/\/digital58.com.ve\/site\/wp-json\/wp\/v2\/categories?post=143312"},{"taxonomy":"post_tag","embeddable":true,"href":"https:\/\/digital58.com.ve\/site\/wp-json\/wp\/v2\/tags?post=143312"}],"curies":[{"name":"wp","href":"https:\/\/api.w.org\/{rel}","templated":true}]}}