{"id":143329,"date":"2021-10-06T10:59:38","date_gmt":"2021-10-06T14:59:38","guid":{"rendered":"https:\/\/digital58.com.ve\/site\/?p=143329"},"modified":"2021-10-06T11:53:08","modified_gmt":"2021-10-06T15:53:08","slug":"desenvuelven-la-obra-de-christo-y-jeanne-claude-en-el-arco-de-triunfo","status":"publish","type":"post","link":"https:\/\/digital58.com.ve\/site\/2021\/10\/06\/desenvuelven-la-obra-de-christo-y-jeanne-claude-en-el-arco-de-triunfo\/","title":{"rendered":"Desenvuelven la obra de Christo y Jeanne Claude en el Arco de Triunfo"},"content":{"rendered":"<p>Luego de dos semanas y media, la envoltura del Arco de Triunfo, ideada por la pareja de artistas Christo y Jeanne Claude, comenz\u00f3 a ser retirada este martes.<\/p>\n<p><strong>Internacionales, 06 de octubre de 2021 (ND58).-<\/strong> La obra consisti\u00f3 en 25.000 m2. de tela de polipropileno reciclable, que luce con tonos azulados al sol, sujetada al monumento con tres kil\u00f3metros de cuerdas de color rojo.<\/p>\n<p>Se trata de una obra p\u00f3stuma porque Christo falleci\u00f3 en 2020, mientras que Jeanne-Claude en 2009. Fue realizada por el sobrino del artista, Vladimir Yavachev.<\/p>\n<p>El empaquetado cost\u00f3 14 millones de euros (unos 16 millones de d\u00f3lares), totalmente sufragados por la venta de dibujos y maquetas de la Fundaci\u00f3n Christo, asegur\u00f3 Yavachev.<\/p>\n<p><img loading=\"lazy\" decoding=\"async\" class=\"aligncenter wp-image-143330 size-full\" src=\"https:\/\/digital58.com.ve\/site\/wp-content\/uploads\/2021\/10\/christo-jean_claude_arc_de_triomph_desmantelamiento5.jpg\" alt=\"\" width=\"567\" height=\"375\" srcset=\"https:\/\/digital58.com.ve\/site\/wp-content\/uploads\/2021\/10\/christo-jean_claude_arc_de_triomph_desmantelamiento5.jpg 567w, https:\/\/digital58.com.ve\/site\/wp-content\/uploads\/2021\/10\/christo-jean_claude_arc_de_triomph_desmantelamiento5-300x198.jpg 300w\" sizes=\"auto, (max-width: 567px) 100vw, 567px\" \/><\/p>\n<p>\u00abChristo siempre dec\u00eda que la parte m\u00e1s dif\u00edcil era lograr los permisos\u00bb, record\u00f3 el sobrino del artista en la rueda de prensa. Sin embargo, en esta ocasi\u00f3n la autorizaci\u00f3n lleg\u00f3 de forma inusualmente r\u00e1pida, desde la concepci\u00f3n del proyecto en 2017, precis\u00f3 el ejecutor de Arco de Triunfo empaquetado.<\/p>\n<p>\u00abEra un sue\u00f1o loco y lo has cumplido, Vladimir, muchas gracias\u00bb, dijo Emmanuel Macron, presidente de Francia, el 16 de septiembre, durante la inauguraci\u00f3n de la instalaci\u00f3n art\u00edstica.<\/p>\n<p>\u00abEs un formidable regalo para los parisinos, para los franceses y m\u00e1s all\u00e1, para todos los amantes del arte\u00bb, explic\u00f3 un poco antes la ministra de Cultura, Roselyne Bachelot.<\/p>\n<p><img loading=\"lazy\" decoding=\"async\" class=\"aligncenter wp-image-143331 size-full\" src=\"https:\/\/digital58.com.ve\/site\/wp-content\/uploads\/2021\/10\/christo-jean_claude_arc_de_triomph_desmantelamiento_ap.jpg\" alt=\"\" width=\"567\" height=\"375\" srcset=\"https:\/\/digital58.com.ve\/site\/wp-content\/uploads\/2021\/10\/christo-jean_claude_arc_de_triomph_desmantelamiento_ap.jpg 567w, https:\/\/digital58.com.ve\/site\/wp-content\/uploads\/2021\/10\/christo-jean_claude_arc_de_triomph_desmantelamiento_ap-300x198.jpg 300w\" sizes=\"auto, (max-width: 567px) 100vw, 567px\" \/><\/p>\n<p>\u00abEspero que est\u00e9 satisfecho del trabajo que hemos hecho y que all\u00e1 donde est\u00e9 nos d\u00e9 su sonrisa\u00bb, dijo Yavachev durante la conferencia de prensa que precedi\u00f3 a la inauguraci\u00f3n de la obra.<\/p>\n<p>En total, la ejecuci\u00f3n de la obra llev\u00f3 cinco a\u00f1os, un r\u00e9cord extraordinario en la trayectoria del artista, que lleg\u00f3 a esperar m\u00e1s de veinte a\u00f1os para poder embalar el Parlamento alem\u00e1n, en 1994, y una d\u00e9cada en el caso del puente parisino.<\/p>\n<p>Pero desde que Christo empez\u00f3 a pensar en envolver el Arco del Triunfo pasaron 60 a\u00f1os. Los dibujos realizados en ese tiempo, algunos de ellos subastados en los pr\u00f3ximos d\u00edas en Sotheby\u2019s, servir\u00e1n para financiar el proyecto, que ha costado en total 14 millones de euros.<\/p>\n<p><img loading=\"lazy\" decoding=\"async\" class=\"aligncenter wp-image-143332 size-full\" src=\"https:\/\/digital58.com.ve\/site\/wp-content\/uploads\/2021\/10\/christo-jean_claude_arc_de_triomph_desmantelamiento_afp_.jpg\" alt=\"\" width=\"567\" height=\"375\" srcset=\"https:\/\/digital58.com.ve\/site\/wp-content\/uploads\/2021\/10\/christo-jean_claude_arc_de_triomph_desmantelamiento_afp_.jpg 567w, https:\/\/digital58.com.ve\/site\/wp-content\/uploads\/2021\/10\/christo-jean_claude_arc_de_triomph_desmantelamiento_afp_-300x198.jpg 300w\" sizes=\"auto, (max-width: 567px) 100vw, 567px\" \/><\/p>\n<p>Los fondos, totalmente privados, no ir\u00e1n a la conservaci\u00f3n del Arco, lugar emblem\u00e1tico de la memoria patri\u00f3tica francesa donde se halla la tumba del soldado desconocido, s\u00edmbolo de los ca\u00eddos en la Primera Guerra Mundial.<\/p>\n<p>Sin embargo, el Centro de Monumentos Nacionales s\u00ed esperaba sacar provecho de la venta de im\u00e1genes y recuerdos de la instalaci\u00f3n ef\u00edmera.<\/p>\n<p><strong>Redacci\u00f3n ND58 | Fuente: Agencias<\/strong><br \/>\n<strong>Edici\u00f3n: Villasmil, Henry<\/strong><br \/>\n<strong>Grafica: Cortes\u00eda<\/strong><\/p>\n<p>&nbsp;<\/p><div class=\"zelqv6a9ccc24f26eb\" ><p style=\"text-align: center;\"><a href=\"https:\/\/t.me\/noticiasdigital58\" target=\"_blank\" rel=\"noopener\"><img class=\"aligncenter size-full wp-image-125363\" src=\"https:\/\/digital58.com.ve\/site\/wp-content\/uploads\/2021\/04\/banner-telegram-web-2021.png\" alt=\"\" width=\"600\" height=\"90\" \/><\/a><\/p><\/div><style type=\"text\/css\">\r\n@media screen and (min-width: 1201px) {\r\n.zelqv6a9ccc24f26eb {\r\ndisplay: block;\r\n}\r\n}\r\n@media screen and (min-width: 993px) and (max-width: 1200px) {\r\n.zelqv6a9ccc24f26eb {\r\ndisplay: block;\r\n}\r\n}\r\n@media screen and (min-width: 769px) and (max-width: 992px) {\r\n.zelqv6a9ccc24f26eb {\r\ndisplay: block;\r\n}\r\n}\r\n@media screen and (min-width: 768px) and (max-width: 768px) {\r\n.zelqv6a9ccc24f26eb {\r\ndisplay: block;\r\n}\r\n}\r\n@media screen and (max-width: 767px) {\r\n.zelqv6a9ccc24f26eb {\r\ndisplay: block;\r\n}\r\n}\r\n<\/style>\r\n\n<p>&nbsp;<\/p>\n<div style=\"margin-top: 0px; margin-bottom: 0px;\" class=\"sharethis-inline-share-buttons\" ><\/div>","protected":false},"excerpt":{"rendered":"<p>Luego de dos semanas y media, la envoltura del Arco de Triunfo, ideada por la pareja de artistas Christo y<\/p>\n","protected":false},"author":39,"featured_media":143333,"comment_status":"open","ping_status":"closed","sticky":false,"template":"","format":"standard","meta":{"colormag_page_container_layout":"default_layout","colormag_page_sidebar_layout":"default_layout","_uag_custom_page_level_css":"","footnotes":""},"categories":[5401],"tags":[16387,25603,5413,25604,94,7934,40,8,25605,25614,25602,25606],"class_list":["post-143329","post","type-post","status-publish","format-standard","has-post-thumbnail","hentry","category-artes","tag-arco-de-triunfo","tag-arco-de-triunfo-empaquetado","tag-arte","tag-christo","tag-cultura","tag-emmanuel-macron","tag-francia","tag-internacionales","tag-jeanne-claude","tag-primera-guerra-mundial","tag-roselyne-bachelot","tag-vladimir-yavachev"],"yoast_head":"<!-- This site is optimized with the Yoast SEO plugin v28.4 - https:\/\/yoast.com\/product\/yoast-seo-wordpress\/ -->\n<title>Desenvuelven la obra de Christo y Jeanne Claude en el Arco de Triunfo<\/title>\n<meta name=\"description\" content=\"Artes\" \/>\n<meta name=\"robots\" content=\"index, follow, max-snippet:-1, max-image-preview:large, max-video-preview:-1\" \/>\n<link rel=\"canonical\" href=\"https:\/\/digital58.com.ve\/site\/2021\/10\/06\/desenvuelven-la-obra-de-christo-y-jeanne-claude-en-el-arco-de-triunfo\/\" \/>\n<meta property=\"og:locale\" content=\"es_ES\" \/>\n<meta property=\"og:type\" content=\"article\" \/>\n<meta property=\"og:title\" content=\"Desenvuelven la obra de Christo y Jeanne Claude en el Arco de Triunfo\" \/>\n<meta property=\"og:description\" content=\"Artes\" \/>\n<meta property=\"og:url\" content=\"https:\/\/digital58.com.ve\/site\/2021\/10\/06\/desenvuelven-la-obra-de-christo-y-jeanne-claude-en-el-arco-de-triunfo\/\" \/>\n<meta property=\"og:site_name\" content=\"Noticias Digital58\" \/>\n<meta property=\"article:published_time\" content=\"2021-10-06T14:59:38+00:00\" \/>\n<meta property=\"article:modified_time\" content=\"2021-10-06T15:53:08+00:00\" \/>\n<meta property=\"og:image\" content=\"https:\/\/digital58.com.ve\/site\/wp-content\/uploads\/2021\/10\/arco_del_triunfo-696x429-1.jpg\" \/>\n\t<meta property=\"og:image:width\" content=\"696\" \/>\n\t<meta property=\"og:image:height\" content=\"429\" \/>\n\t<meta property=\"og:image:type\" content=\"image\/jpeg\" \/>\n<meta name=\"author\" content=\"Caren A\u00f1ez\" \/>\n<meta name=\"twitter:card\" content=\"summary_large_image\" \/>\n<meta name=\"twitter:creator\" content=\"@carenanez\" \/>\n<meta name=\"twitter:site\" content=\"@villasmilhfoto\" \/>\n<meta name=\"twitter:label1\" content=\"Escrito por\" \/>\n\t<meta name=\"twitter:data1\" content=\"Caren A\u00f1ez\" \/>\n\t<meta name=\"twitter:label2\" content=\"Tiempo estimado de lectura\" \/>\n\t<meta name=\"twitter:data2\" content=\"3 minutos\" \/>\n<script type=\"application\/ld+json\" class=\"yoast-schema-graph\">{\"@context\":\"https:\\\/\\\/schema.org\",\"@graph\":[{\"@type\":\"Article\",\"@id\":\"https:\\\/\\\/digital58.com.ve\\\/site\\\/2021\\\/10\\\/06\\\/desenvuelven-la-obra-de-christo-y-jeanne-claude-en-el-arco-de-triunfo\\\/#article\",\"isPartOf\":{\"@id\":\"https:\\\/\\\/digital58.com.ve\\\/site\\\/2021\\\/10\\\/06\\\/desenvuelven-la-obra-de-christo-y-jeanne-claude-en-el-arco-de-triunfo\\\/\"},\"author\":{\"name\":\"Caren A\u00f1ez\",\"@id\":\"https:\\\/\\\/digital58.com.ve\\\/site\\\/#\\\/schema\\\/person\\\/38596b127602deaa13fbcd7585635238\"},\"headline\":\"Desenvuelven la obra de Christo y Jeanne Claude en el Arco de Triunfo\",\"datePublished\":\"2021-10-06T14:59:38+00:00\",\"dateModified\":\"2021-10-06T15:53:08+00:00\",\"mainEntityOfPage\":{\"@id\":\"https:\\\/\\\/digital58.com.ve\\\/site\\\/2021\\\/10\\\/06\\\/desenvuelven-la-obra-de-christo-y-jeanne-claude-en-el-arco-de-triunfo\\\/\"},\"wordCount\":455,\"commentCount\":0,\"publisher\":{\"@id\":\"https:\\\/\\\/digital58.com.ve\\\/site\\\/#\\\/schema\\\/person\\\/64d1c2e4d0d4fd1b849980c4331c2951\"},\"image\":{\"@id\":\"https:\\\/\\\/digital58.com.ve\\\/site\\\/2021\\\/10\\\/06\\\/desenvuelven-la-obra-de-christo-y-jeanne-claude-en-el-arco-de-triunfo\\\/#primaryimage\"},\"thumbnailUrl\":\"https:\\\/\\\/digital58.com.ve\\\/site\\\/wp-content\\\/uploads\\\/2021\\\/10\\\/arco_del_triunfo-696x429-1.jpg\",\"keywords\":[\"Arco de Triunfo\",\"Arco de Triunfo empaquetado\",\"Arte\",\"Christo\",\"Cultura\",\"Emmanuel Macron\",\"Francia\",\"Internacionales\",\"Jeanne Claude\",\"Primera Guerra Mundial\",\"Roselyne Bachelot\",\"Vladimir Yavachev\"],\"articleSection\":[\"Artes\"],\"inLanguage\":\"es\",\"potentialAction\":[{\"@type\":\"CommentAction\",\"name\":\"Comment\",\"target\":[\"https:\\\/\\\/digital58.com.ve\\\/site\\\/2021\\\/10\\\/06\\\/desenvuelven-la-obra-de-christo-y-jeanne-claude-en-el-arco-de-triunfo\\\/#respond\"]}]},{\"@type\":\"WebPage\",\"@id\":\"https:\\\/\\\/digital58.com.ve\\\/site\\\/2021\\\/10\\\/06\\\/desenvuelven-la-obra-de-christo-y-jeanne-claude-en-el-arco-de-triunfo\\\/\",\"url\":\"https:\\\/\\\/digital58.com.ve\\\/site\\\/2021\\\/10\\\/06\\\/desenvuelven-la-obra-de-christo-y-jeanne-claude-en-el-arco-de-triunfo\\\/\",\"name\":\"Desenvuelven la obra de Christo y Jeanne Claude en el Arco de Triunfo\",\"isPartOf\":{\"@id\":\"https:\\\/\\\/digital58.com.ve\\\/site\\\/#website\"},\"primaryImageOfPage\":{\"@id\":\"https:\\\/\\\/digital58.com.ve\\\/site\\\/2021\\\/10\\\/06\\\/desenvuelven-la-obra-de-christo-y-jeanne-claude-en-el-arco-de-triunfo\\\/#primaryimage\"},\"image\":{\"@id\":\"https:\\\/\\\/digital58.com.ve\\\/site\\\/2021\\\/10\\\/06\\\/desenvuelven-la-obra-de-christo-y-jeanne-claude-en-el-arco-de-triunfo\\\/#primaryimage\"},\"thumbnailUrl\":\"https:\\\/\\\/digital58.com.ve\\\/site\\\/wp-content\\\/uploads\\\/2021\\\/10\\\/arco_del_triunfo-696x429-1.jpg\",\"datePublished\":\"2021-10-06T14:59:38+00:00\",\"dateModified\":\"2021-10-06T15:53:08+00:00\",\"description\":\"Artes\",\"breadcrumb\":{\"@id\":\"https:\\\/\\\/digital58.com.ve\\\/site\\\/2021\\\/10\\\/06\\\/desenvuelven-la-obra-de-christo-y-jeanne-claude-en-el-arco-de-triunfo\\\/#breadcrumb\"},\"inLanguage\":\"es\",\"potentialAction\":[{\"@type\":\"ReadAction\",\"target\":[\"https:\\\/\\\/digital58.com.ve\\\/site\\\/2021\\\/10\\\/06\\\/desenvuelven-la-obra-de-christo-y-jeanne-claude-en-el-arco-de-triunfo\\\/\"]}]},{\"@type\":\"ImageObject\",\"inLanguage\":\"es\",\"@id\":\"https:\\\/\\\/digital58.com.ve\\\/site\\\/2021\\\/10\\\/06\\\/desenvuelven-la-obra-de-christo-y-jeanne-claude-en-el-arco-de-triunfo\\\/#primaryimage\",\"url\":\"https:\\\/\\\/digital58.com.ve\\\/site\\\/wp-content\\\/uploads\\\/2021\\\/10\\\/arco_del_triunfo-696x429-1.jpg\",\"contentUrl\":\"https:\\\/\\\/digital58.com.ve\\\/site\\\/wp-content\\\/uploads\\\/2021\\\/10\\\/arco_del_triunfo-696x429-1.jpg\",\"width\":696,\"height\":429},{\"@type\":\"BreadcrumbList\",\"@id\":\"https:\\\/\\\/digital58.com.ve\\\/site\\\/2021\\\/10\\\/06\\\/desenvuelven-la-obra-de-christo-y-jeanne-claude-en-el-arco-de-triunfo\\\/#breadcrumb\",\"itemListElement\":[{\"@type\":\"ListItem\",\"position\":1,\"name\":\"Home\",\"item\":\"https:\\\/\\\/digital58.com.ve\\\/site\\\/\"},{\"@type\":\"ListItem\",\"position\":2,\"name\":\"Desenvuelven la obra de Christo y Jeanne Claude en el Arco de Triunfo\"}]},{\"@type\":\"WebSite\",\"@id\":\"https:\\\/\\\/digital58.com.ve\\\/site\\\/#website\",\"url\":\"https:\\\/\\\/digital58.com.ve\\\/site\\\/\",\"name\":\"Noticias Digital58\",\"description\":\"Portal de Noticias \u00a1Periodismo web de verdad! Lanzamiento web 22.11.2005 \\\/ Maracaibo, Venezuela\",\"publisher\":{\"@id\":\"https:\\\/\\\/digital58.com.ve\\\/site\\\/#\\\/schema\\\/person\\\/64d1c2e4d0d4fd1b849980c4331c2951\"},\"alternateName\":\"ND58\",\"potentialAction\":[{\"@type\":\"SearchAction\",\"target\":{\"@type\":\"EntryPoint\",\"urlTemplate\":\"https:\\\/\\\/digital58.com.ve\\\/site\\\/?s={search_term_string}\"},\"query-input\":{\"@type\":\"PropertyValueSpecification\",\"valueRequired\":true,\"valueName\":\"search_term_string\"}}],\"inLanguage\":\"es\"},{\"@type\":[\"Person\",\"Organization\"],\"@id\":\"https:\\\/\\\/digital58.com.ve\\\/site\\\/#\\\/schema\\\/person\\\/64d1c2e4d0d4fd1b849980c4331c2951\",\"name\":\"Villasmil Henry\",\"image\":{\"@type\":\"ImageObject\",\"inLanguage\":\"es\",\"@id\":\"https:\\\/\\\/secure.gravatar.com\\\/avatar\\\/bb0c4a2fcb7970138239f7e404ea75757b1b507b28b5ce4c53fbd62d797c5a7c?s=96&d=mm&r=g\",\"url\":\"https:\\\/\\\/secure.gravatar.com\\\/avatar\\\/bb0c4a2fcb7970138239f7e404ea75757b1b507b28b5ce4c53fbd62d797c5a7c?s=96&d=mm&r=g\",\"contentUrl\":\"https:\\\/\\\/secure.gravatar.com\\\/avatar\\\/bb0c4a2fcb7970138239f7e404ea75757b1b507b28b5ce4c53fbd62d797c5a7c?s=96&d=mm&r=g\",\"caption\":\"Villasmil Henry\"},\"logo\":{\"@id\":\"https:\\\/\\\/secure.gravatar.com\\\/avatar\\\/bb0c4a2fcb7970138239f7e404ea75757b1b507b28b5ce4c53fbd62d797c5a7c?s=96&d=mm&r=g\"},\"sameAs\":[\"http:\\\/\\\/www.henryvillasmil.com.ve\",\"https:\\\/\\\/www.instagram.com\\\/villasmilhfoto\\\/\",\"https:\\\/\\\/x.com\\\/https:\\\/\\\/twitter.com\\\/villasmilhfoto\"]},{\"@type\":\"Person\",\"@id\":\"https:\\\/\\\/digital58.com.ve\\\/site\\\/#\\\/schema\\\/person\\\/38596b127602deaa13fbcd7585635238\",\"name\":\"Caren A\u00f1ez\",\"image\":{\"@type\":\"ImageObject\",\"inLanguage\":\"es\",\"@id\":\"https:\\\/\\\/secure.gravatar.com\\\/avatar\\\/53aadd693aa414991c9ff2f2b19c39be94d2c342463b80f5402d344911bc9782?s=96&d=mm&r=g\",\"url\":\"https:\\\/\\\/secure.gravatar.com\\\/avatar\\\/53aadd693aa414991c9ff2f2b19c39be94d2c342463b80f5402d344911bc9782?s=96&d=mm&r=g\",\"contentUrl\":\"https:\\\/\\\/secure.gravatar.com\\\/avatar\\\/53aadd693aa414991c9ff2f2b19c39be94d2c342463b80f5402d344911bc9782?s=96&d=mm&r=g\",\"caption\":\"Caren A\u00f1ez\"},\"description\":\"\ud83d\udc69\u200d\ud83c\udfa4Editora en @digital_58 \ud83d\udc69\ud83c\udffb\u200d\ud83c\udfebPeriodista musical y de entretenimiento. \ud83d\udcf8Fotografa \ud83d\udc69\ud83c\udffb\u200d\ud83d\udcbbMedia Management. \ud83d\udc69\u200d\ud83d\udc67\u200d\ud83d\udc67AspieMon 24\\\/7\",\"sameAs\":[\"https:\\\/\\\/www.instagram.com\\\/carenanez\\\/\",\"https:\\\/\\\/x.com\\\/carenanez\"],\"url\":\"https:\\\/\\\/digital58.com.ve\\\/site\\\/author\\\/carena21\\\/\"}]}<\/script>\n<!-- \/ Yoast SEO plugin. -->","yoast_head_json":{"title":"Desenvuelven la obra de Christo y Jeanne Claude en el Arco de Triunfo","description":"Artes","robots":{"index":"index","follow":"follow","max-snippet":"max-snippet:-1","max-image-preview":"max-image-preview:large","max-video-preview":"max-video-preview:-1"},"canonical":"https:\/\/digital58.com.ve\/site\/2021\/10\/06\/desenvuelven-la-obra-de-christo-y-jeanne-claude-en-el-arco-de-triunfo\/","og_locale":"es_ES","og_type":"article","og_title":"Desenvuelven la obra de Christo y Jeanne Claude en el Arco de Triunfo","og_description":"Artes","og_url":"https:\/\/digital58.com.ve\/site\/2021\/10\/06\/desenvuelven-la-obra-de-christo-y-jeanne-claude-en-el-arco-de-triunfo\/","og_site_name":"Noticias Digital58","article_published_time":"2021-10-06T14:59:38+00:00","article_modified_time":"2021-10-06T15:53:08+00:00","og_image":[{"width":696,"height":429,"url":"https:\/\/digital58.com.ve\/site\/wp-content\/uploads\/2021\/10\/arco_del_triunfo-696x429-1.jpg","type":"image\/jpeg"}],"author":"Caren A\u00f1ez","twitter_card":"summary_large_image","twitter_creator":"@carenanez","twitter_site":"@villasmilhfoto","twitter_misc":{"Escrito por":"Caren A\u00f1ez","Tiempo estimado de lectura":"3 minutos"},"schema":{"@context":"https:\/\/schema.org","@graph":[{"@type":"Article","@id":"https:\/\/digital58.com.ve\/site\/2021\/10\/06\/desenvuelven-la-obra-de-christo-y-jeanne-claude-en-el-arco-de-triunfo\/#article","isPartOf":{"@id":"https:\/\/digital58.com.ve\/site\/2021\/10\/06\/desenvuelven-la-obra-de-christo-y-jeanne-claude-en-el-arco-de-triunfo\/"},"author":{"name":"Caren A\u00f1ez","@id":"https:\/\/digital58.com.ve\/site\/#\/schema\/person\/38596b127602deaa13fbcd7585635238"},"headline":"Desenvuelven la obra de Christo y Jeanne Claude en el Arco de Triunfo","datePublished":"2021-10-06T14:59:38+00:00","dateModified":"2021-10-06T15:53:08+00:00","mainEntityOfPage":{"@id":"https:\/\/digital58.com.ve\/site\/2021\/10\/06\/desenvuelven-la-obra-de-christo-y-jeanne-claude-en-el-arco-de-triunfo\/"},"wordCount":455,"commentCount":0,"publisher":{"@id":"https:\/\/digital58.com.ve\/site\/#\/schema\/person\/64d1c2e4d0d4fd1b849980c4331c2951"},"image":{"@id":"https:\/\/digital58.com.ve\/site\/2021\/10\/06\/desenvuelven-la-obra-de-christo-y-jeanne-claude-en-el-arco-de-triunfo\/#primaryimage"},"thumbnailUrl":"https:\/\/digital58.com.ve\/site\/wp-content\/uploads\/2021\/10\/arco_del_triunfo-696x429-1.jpg","keywords":["Arco de Triunfo","Arco de Triunfo empaquetado","Arte","Christo","Cultura","Emmanuel Macron","Francia","Internacionales","Jeanne Claude","Primera Guerra Mundial","Roselyne Bachelot","Vladimir Yavachev"],"articleSection":["Artes"],"inLanguage":"es","potentialAction":[{"@type":"CommentAction","name":"Comment","target":["https:\/\/digital58.com.ve\/site\/2021\/10\/06\/desenvuelven-la-obra-de-christo-y-jeanne-claude-en-el-arco-de-triunfo\/#respond"]}]},{"@type":"WebPage","@id":"https:\/\/digital58.com.ve\/site\/2021\/10\/06\/desenvuelven-la-obra-de-christo-y-jeanne-claude-en-el-arco-de-triunfo\/","url":"https:\/\/digital58.com.ve\/site\/2021\/10\/06\/desenvuelven-la-obra-de-christo-y-jeanne-claude-en-el-arco-de-triunfo\/","name":"Desenvuelven la obra de Christo y Jeanne Claude en el Arco de Triunfo","isPartOf":{"@id":"https:\/\/digital58.com.ve\/site\/#website"},"primaryImageOfPage":{"@id":"https:\/\/digital58.com.ve\/site\/2021\/10\/06\/desenvuelven-la-obra-de-christo-y-jeanne-claude-en-el-arco-de-triunfo\/#primaryimage"},"image":{"@id":"https:\/\/digital58.com.ve\/site\/2021\/10\/06\/desenvuelven-la-obra-de-christo-y-jeanne-claude-en-el-arco-de-triunfo\/#primaryimage"},"thumbnailUrl":"https:\/\/digital58.com.ve\/site\/wp-content\/uploads\/2021\/10\/arco_del_triunfo-696x429-1.jpg","datePublished":"2021-10-06T14:59:38+00:00","dateModified":"2021-10-06T15:53:08+00:00","description":"Artes","breadcrumb":{"@id":"https:\/\/digital58.com.ve\/site\/2021\/10\/06\/desenvuelven-la-obra-de-christo-y-jeanne-claude-en-el-arco-de-triunfo\/#breadcrumb"},"inLanguage":"es","potentialAction":[{"@type":"ReadAction","target":["https:\/\/digital58.com.ve\/site\/2021\/10\/06\/desenvuelven-la-obra-de-christo-y-jeanne-claude-en-el-arco-de-triunfo\/"]}]},{"@type":"ImageObject","inLanguage":"es","@id":"https:\/\/digital58.com.ve\/site\/2021\/10\/06\/desenvuelven-la-obra-de-christo-y-jeanne-claude-en-el-arco-de-triunfo\/#primaryimage","url":"https:\/\/digital58.com.ve\/site\/wp-content\/uploads\/2021\/10\/arco_del_triunfo-696x429-1.jpg","contentUrl":"https:\/\/digital58.com.ve\/site\/wp-content\/uploads\/2021\/10\/arco_del_triunfo-696x429-1.jpg","width":696,"height":429},{"@type":"BreadcrumbList","@id":"https:\/\/digital58.com.ve\/site\/2021\/10\/06\/desenvuelven-la-obra-de-christo-y-jeanne-claude-en-el-arco-de-triunfo\/#breadcrumb","itemListElement":[{"@type":"ListItem","position":1,"name":"Home","item":"https:\/\/digital58.com.ve\/site\/"},{"@type":"ListItem","position":2,"name":"Desenvuelven la obra de Christo y Jeanne Claude en el Arco de Triunfo"}]},{"@type":"WebSite","@id":"https:\/\/digital58.com.ve\/site\/#website","url":"https:\/\/digital58.com.ve\/site\/","name":"Noticias Digital58","description":"Portal de Noticias \u00a1Periodismo web de verdad! Lanzamiento web 22.11.2005 \/ Maracaibo, Venezuela","publisher":{"@id":"https:\/\/digital58.com.ve\/site\/#\/schema\/person\/64d1c2e4d0d4fd1b849980c4331c2951"},"alternateName":"ND58","potentialAction":[{"@type":"SearchAction","target":{"@type":"EntryPoint","urlTemplate":"https:\/\/digital58.com.ve\/site\/?s={search_term_string}"},"query-input":{"@type":"PropertyValueSpecification","valueRequired":true,"valueName":"search_term_string"}}],"inLanguage":"es"},{"@type":["Person","Organization"],"@id":"https:\/\/digital58.com.ve\/site\/#\/schema\/person\/64d1c2e4d0d4fd1b849980c4331c2951","name":"Villasmil Henry","image":{"@type":"ImageObject","inLanguage":"es","@id":"https:\/\/secure.gravatar.com\/avatar\/bb0c4a2fcb7970138239f7e404ea75757b1b507b28b5ce4c53fbd62d797c5a7c?s=96&d=mm&r=g","url":"https:\/\/secure.gravatar.com\/avatar\/bb0c4a2fcb7970138239f7e404ea75757b1b507b28b5ce4c53fbd62d797c5a7c?s=96&d=mm&r=g","contentUrl":"https:\/\/secure.gravatar.com\/avatar\/bb0c4a2fcb7970138239f7e404ea75757b1b507b28b5ce4c53fbd62d797c5a7c?s=96&d=mm&r=g","caption":"Villasmil Henry"},"logo":{"@id":"https:\/\/secure.gravatar.com\/avatar\/bb0c4a2fcb7970138239f7e404ea75757b1b507b28b5ce4c53fbd62d797c5a7c?s=96&d=mm&r=g"},"sameAs":["http:\/\/www.henryvillasmil.com.ve","https:\/\/www.instagram.com\/villasmilhfoto\/","https:\/\/x.com\/https:\/\/twitter.com\/villasmilhfoto"]},{"@type":"Person","@id":"https:\/\/digital58.com.ve\/site\/#\/schema\/person\/38596b127602deaa13fbcd7585635238","name":"Caren A\u00f1ez","image":{"@type":"ImageObject","inLanguage":"es","@id":"https:\/\/secure.gravatar.com\/avatar\/53aadd693aa414991c9ff2f2b19c39be94d2c342463b80f5402d344911bc9782?s=96&d=mm&r=g","url":"https:\/\/secure.gravatar.com\/avatar\/53aadd693aa414991c9ff2f2b19c39be94d2c342463b80f5402d344911bc9782?s=96&d=mm&r=g","contentUrl":"https:\/\/secure.gravatar.com\/avatar\/53aadd693aa414991c9ff2f2b19c39be94d2c342463b80f5402d344911bc9782?s=96&d=mm&r=g","caption":"Caren A\u00f1ez"},"description":"\ud83d\udc69\u200d\ud83c\udfa4Editora en @digital_58 \ud83d\udc69\ud83c\udffb\u200d\ud83c\udfebPeriodista musical y de entretenimiento. \ud83d\udcf8Fotografa \ud83d\udc69\ud83c\udffb\u200d\ud83d\udcbbMedia Management. \ud83d\udc69\u200d\ud83d\udc67\u200d\ud83d\udc67AspieMon 24\/7","sameAs":["https:\/\/www.instagram.com\/carenanez\/","https:\/\/x.com\/carenanez"],"url":"https:\/\/digital58.com.ve\/site\/author\/carena21\/"}]}},"uagb_featured_image_src":{"full":["https:\/\/digital58.com.ve\/site\/wp-content\/uploads\/2021\/10\/arco_del_triunfo-696x429-1.jpg",696,429,false],"thumbnail":["https:\/\/digital58.com.ve\/site\/wp-content\/uploads\/2021\/10\/arco_del_triunfo-696x429-1-150x150.jpg",150,150,true],"medium":["https:\/\/digital58.com.ve\/site\/wp-content\/uploads\/2021\/10\/arco_del_triunfo-696x429-1-300x185.jpg",300,185,true],"medium_large":["https:\/\/digital58.com.ve\/site\/wp-content\/uploads\/2021\/10\/arco_del_triunfo-696x429-1.jpg",696,429,false],"large":["https:\/\/digital58.com.ve\/site\/wp-content\/uploads\/2021\/10\/arco_del_triunfo-696x429-1.jpg",696,429,false],"1536x1536":["https:\/\/digital58.com.ve\/site\/wp-content\/uploads\/2021\/10\/arco_del_triunfo-696x429-1.jpg",696,429,false],"2048x2048":["https:\/\/digital58.com.ve\/site\/wp-content\/uploads\/2021\/10\/arco_del_triunfo-696x429-1.jpg",696,429,false],"colormag-highlighted-post":["https:\/\/digital58.com.ve\/site\/wp-content\/uploads\/2021\/10\/arco_del_triunfo-696x429-1.jpg",392,242,false],"colormag-featured-post-medium":["https:\/\/digital58.com.ve\/site\/wp-content\/uploads\/2021\/10\/arco_del_triunfo-696x429-1.jpg",333,205,false],"colormag-featured-post-small":["https:\/\/digital58.com.ve\/site\/wp-content\/uploads\/2021\/10\/arco_del_triunfo-696x429-1.jpg",130,80,false],"colormag-featured-image":["https:\/\/digital58.com.ve\/site\/wp-content\/uploads\/2021\/10\/arco_del_triunfo-696x429-1.jpg",696,429,false],"colormag-default-news":["https:\/\/digital58.com.ve\/site\/wp-content\/uploads\/2021\/10\/arco_del_triunfo-696x429-1.jpg",150,92,false],"colormag-featured-image-large":["https:\/\/digital58.com.ve\/site\/wp-content\/uploads\/2021\/10\/arco_del_triunfo-696x429-1.jpg",696,429,false]},"uagb_author_info":{"display_name":"Caren A\u00f1ez","author_link":"https:\/\/digital58.com.ve\/site\/author\/carena21\/"},"uagb_comment_info":0,"uagb_excerpt":"Luego de dos semanas y media, la envoltura del Arco de Triunfo, ideada por la pareja de artistas Christo y","_links":{"self":[{"href":"https:\/\/digital58.com.ve\/site\/wp-json\/wp\/v2\/posts\/143329","targetHints":{"allow":["GET"]}}],"collection":[{"href":"https:\/\/digital58.com.ve\/site\/wp-json\/wp\/v2\/posts"}],"about":[{"href":"https:\/\/digital58.com.ve\/site\/wp-json\/wp\/v2\/types\/post"}],"author":[{"embeddable":true,"href":"https:\/\/digital58.com.ve\/site\/wp-json\/wp\/v2\/users\/39"}],"replies":[{"embeddable":true,"href":"https:\/\/digital58.com.ve\/site\/wp-json\/wp\/v2\/comments?post=143329"}],"version-history":[{"count":0,"href":"https:\/\/digital58.com.ve\/site\/wp-json\/wp\/v2\/posts\/143329\/revisions"}],"wp:featuredmedia":[{"embeddable":true,"href":"https:\/\/digital58.com.ve\/site\/wp-json\/wp\/v2\/media\/143333"}],"wp:attachment":[{"href":"https:\/\/digital58.com.ve\/site\/wp-json\/wp\/v2\/media?parent=143329"}],"wp:term":[{"taxonomy":"category","embeddable":true,"href":"https:\/\/digital58.com.ve\/site\/wp-json\/wp\/v2\/categories?post=143329"},{"taxonomy":"post_tag","embeddable":true,"href":"https:\/\/digital58.com.ve\/site\/wp-json\/wp\/v2\/tags?post=143329"}],"curies":[{"name":"wp","href":"https:\/\/api.w.org\/{rel}","templated":true}]}}