{"id":143357,"date":"2021-10-06T12:47:09","date_gmt":"2021-10-06T16:47:09","guid":{"rendered":"https:\/\/digital58.com.ve\/site\/?p=143357"},"modified":"2021-10-06T16:32:13","modified_gmt":"2021-10-06T20:32:13","slug":"bernal-informo-que-apertura-comercial-de-frontera-comenzara-el-viernes-por-urena","status":"publish","type":"post","link":"https:\/\/digital58.com.ve\/site\/2021\/10\/06\/bernal-informo-que-apertura-comercial-de-frontera-comenzara-el-viernes-por-urena\/","title":{"rendered":"Bernal inform\u00f3 que apertura comercial de frontera comenzar\u00e1 el viernes por Ure\u00f1a"},"content":{"rendered":"<p><a href=\"https:\/\/digital58.com.ve\/site\/wp-content\/uploads\/2021\/10\/puente22.jpg\"><img loading=\"lazy\" decoding=\"async\" class=\"aligncenter size-large wp-image-143359\" src=\"https:\/\/digital58.com.ve\/site\/wp-content\/uploads\/2021\/10\/puente22-1462x1024.jpg\" alt=\"\" width=\"640\" height=\"448\" srcset=\"https:\/\/digital58.com.ve\/site\/wp-content\/uploads\/2021\/10\/puente22-1462x1024.jpg 1462w, https:\/\/digital58.com.ve\/site\/wp-content\/uploads\/2021\/10\/puente22-300x210.jpg 300w, https:\/\/digital58.com.ve\/site\/wp-content\/uploads\/2021\/10\/puente22-768x538.jpg 768w, https:\/\/digital58.com.ve\/site\/wp-content\/uploads\/2021\/10\/puente22-1536x1076.jpg 1536w, https:\/\/digital58.com.ve\/site\/wp-content\/uploads\/2021\/10\/puente22-2048x1434.jpg 2048w, https:\/\/digital58.com.ve\/site\/wp-content\/uploads\/2021\/10\/puente22.jpg 800w\" sizes=\"auto, (max-width: 640px) 100vw, 640px\" \/><\/a><\/p>\n<p>El protector y candidato a la gobernaci\u00f3n de T\u00e1chira, Freddy Bernal, precis\u00f3 este mi\u00e9rcoles que seg\u00fan lo acordado con las autoridades del Norte de Santander la apertura comercial de la frontera se estar\u00eda realizando el pr\u00f3ximo viernes y de manera progresiva.<\/p>\n<p><strong>Maracaibo, Zulia, Venezuela, 06 de octubre de 2021 (ND58).-<\/strong>Bernal respondi\u00f3 a los se\u00f1alamientos hechos por la mandataria regional, Laidy G\u00f3mez; quien afirm\u00f3 que el martes permaneci\u00f3 cerrado el paso fronterizo.<\/p>\n<p>Al respecto, el protector dijo que los actos conmemorativos por el aniversario del Congreso de C\u00facuta retrasaron la decisi\u00f3n.<\/p>\n<p>\u00abDespu\u00e9s de los actos conmemorativos de C\u00facuta, este viernes, si as\u00ed se logra acordar entre el Seniat y la Dian; vamos a abrir comercialmente por Ure\u00f1a. Porque vamos a ir midiendo lo que se denomina una apertura progresiva, porque ten\u00eda seis a\u00f1os sin el paso de mercanc\u00eda\u00bb, dijo Bernal en entrevista con Esther Quiaro en el programa Al instante de Uni\u00f3n Radio.<\/p>\n<p>El protector del T\u00e1chira calific\u00f3 como \u00abfundamental\u00bb la apertura comercial, progresiva y biosegura de la frontera con Colombia para dinamizar la econom\u00eda de la entidad andina.<\/p>\n<p>Record\u00f3 que la relaci\u00f3n entre T\u00e1chira y el Norte de Santander \u00abes humana, comercial, cultural, y no la va a parar nadie, est\u00e1 por encima de las ideolog\u00edas de Venezuela y Colombia\u00bb.<\/p>\n<p><strong>Redacci\u00f3n ND58\/Agencia<\/strong><br \/>\n<strong>Edici\u00f3n: Villasmil, Henry<\/strong><br \/>\n<strong>Grafica: Cortes\u00eda<\/strong><\/p>\n<p>&nbsp;<\/p><div class=\"dxnwx69f4fc0e303aa\" ><p style=\"text-align: center;\"><a href=\"https:\/\/t.me\/noticiasdigital58\" target=\"_blank\" rel=\"noopener\"><img class=\"aligncenter size-full wp-image-125363\" src=\"https:\/\/digital58.com.ve\/site\/wp-content\/uploads\/2021\/04\/banner-telegram-web-2021.png\" alt=\"\" width=\"600\" height=\"90\" \/><\/a><\/p><\/div><style type=\"text\/css\">\r\n@media screen and (min-width: 1201px) {\r\n.dxnwx69f4fc0e303aa {\r\ndisplay: block;\r\n}\r\n}\r\n@media screen and (min-width: 993px) and (max-width: 1200px) {\r\n.dxnwx69f4fc0e303aa {\r\ndisplay: block;\r\n}\r\n}\r\n@media screen and (min-width: 769px) and (max-width: 992px) {\r\n.dxnwx69f4fc0e303aa {\r\ndisplay: block;\r\n}\r\n}\r\n@media screen and (min-width: 768px) and (max-width: 768px) {\r\n.dxnwx69f4fc0e303aa {\r\ndisplay: block;\r\n}\r\n}\r\n@media screen and (max-width: 767px) {\r\n.dxnwx69f4fc0e303aa {\r\ndisplay: block;\r\n}\r\n}\r\n<\/style>\r\n\n<p>&nbsp;<\/p>\n<div style=\"margin-top: 0px; margin-bottom: 0px;\" class=\"sharethis-inline-share-buttons\" ><\/div>","protected":false},"excerpt":{"rendered":"<p>El protector y candidato a la gobernaci\u00f3n de T\u00e1chira, Freddy Bernal, precis\u00f3 este mi\u00e9rcoles que seg\u00fan lo acordado con las<\/p>\n","protected":false},"author":39,"featured_media":143359,"comment_status":"open","ping_status":"closed","sticky":false,"template":"","format":"standard","meta":{"colormag_page_container_layout":"default_layout","colormag_page_sidebar_layout":"default_layout","_uag_custom_page_level_css":"","footnotes":""},"categories":[16454],"tags":[12063,25620,17404,16624,15466,233,1758,9423],"class_list":["post-143357","post","type-post","status-publish","format-standard","has-post-thumbnail","hentry","category-venezuela","tag-cucuta","tag-el-protector-del-tachira","tag-freddy-bernal","tag-frontera-colombia-venezuela","tag-laidy-gomez","tag-nacionales","tag-tachira","tag-urena"],"yoast_head":"<!-- This site is optimized with the Yoast SEO plugin v27.5 - https:\/\/yoast.com\/product\/yoast-seo-wordpress\/ -->\n<title>Bernal inform\u00f3 que apertura comercial de frontera comenzar\u00e1 el viernes por Ure\u00f1a<\/title>\n<meta name=\"description\" content=\"Venezuela\" \/>\n<meta name=\"robots\" content=\"index, follow, max-snippet:-1, max-image-preview:large, max-video-preview:-1\" \/>\n<link rel=\"canonical\" href=\"https:\/\/digital58.com.ve\/site\/2021\/10\/06\/bernal-informo-que-apertura-comercial-de-frontera-comenzara-el-viernes-por-urena\/\" \/>\n<meta property=\"og:locale\" content=\"es_ES\" \/>\n<meta property=\"og:type\" content=\"article\" \/>\n<meta property=\"og:title\" content=\"Bernal inform\u00f3 que apertura comercial de frontera comenzar\u00e1 el viernes por Ure\u00f1a\" \/>\n<meta property=\"og:description\" content=\"Venezuela\" \/>\n<meta property=\"og:url\" content=\"https:\/\/digital58.com.ve\/site\/2021\/10\/06\/bernal-informo-que-apertura-comercial-de-frontera-comenzara-el-viernes-por-urena\/\" \/>\n<meta property=\"og:site_name\" content=\"Noticias Digital58\" \/>\n<meta property=\"article:published_time\" content=\"2021-10-06T16:47:09+00:00\" \/>\n<meta property=\"article:modified_time\" content=\"2021-10-06T20:32:13+00:00\" \/>\n<meta property=\"og:image\" content=\"https:\/\/digital58.com.ve\/site\/wp-content\/uploads\/2021\/10\/puente22.jpg\" \/>\n\t<meta property=\"og:image:width\" content=\"2480\" \/>\n\t<meta property=\"og:image:height\" content=\"1737\" \/>\n\t<meta property=\"og:image:type\" content=\"image\/jpeg\" \/>\n<meta name=\"author\" content=\"Caren A\u00f1ez\" \/>\n<meta name=\"twitter:card\" content=\"summary_large_image\" \/>\n<meta name=\"twitter:creator\" content=\"@carenanez\" \/>\n<meta name=\"twitter:site\" content=\"@villasmilhfoto\" \/>\n<meta name=\"twitter:label1\" content=\"Escrito por\" \/>\n\t<meta name=\"twitter:data1\" content=\"Caren A\u00f1ez\" \/>\n\t<meta name=\"twitter:label2\" content=\"Tiempo estimado de lectura\" \/>\n\t<meta name=\"twitter:data2\" content=\"2 minutos\" \/>\n<script type=\"application\/ld+json\" class=\"yoast-schema-graph\">{\"@context\":\"https:\\\/\\\/schema.org\",\"@graph\":[{\"@type\":\"Article\",\"@id\":\"https:\\\/\\\/digital58.com.ve\\\/site\\\/2021\\\/10\\\/06\\\/bernal-informo-que-apertura-comercial-de-frontera-comenzara-el-viernes-por-urena\\\/#article\",\"isPartOf\":{\"@id\":\"https:\\\/\\\/digital58.com.ve\\\/site\\\/2021\\\/10\\\/06\\\/bernal-informo-que-apertura-comercial-de-frontera-comenzara-el-viernes-por-urena\\\/\"},\"author\":{\"name\":\"Caren A\u00f1ez\",\"@id\":\"https:\\\/\\\/digital58.com.ve\\\/site\\\/#\\\/schema\\\/person\\\/38596b127602deaa13fbcd7585635238\"},\"headline\":\"Bernal inform\u00f3 que apertura comercial de frontera comenzar\u00e1 el viernes por Ure\u00f1a\",\"datePublished\":\"2021-10-06T16:47:09+00:00\",\"dateModified\":\"2021-10-06T20:32:13+00:00\",\"mainEntityOfPage\":{\"@id\":\"https:\\\/\\\/digital58.com.ve\\\/site\\\/2021\\\/10\\\/06\\\/bernal-informo-que-apertura-comercial-de-frontera-comenzara-el-viernes-por-urena\\\/\"},\"wordCount\":257,\"commentCount\":0,\"publisher\":{\"@id\":\"https:\\\/\\\/digital58.com.ve\\\/site\\\/#\\\/schema\\\/person\\\/64d1c2e4d0d4fd1b849980c4331c2951\"},\"image\":{\"@id\":\"https:\\\/\\\/digital58.com.ve\\\/site\\\/2021\\\/10\\\/06\\\/bernal-informo-que-apertura-comercial-de-frontera-comenzara-el-viernes-por-urena\\\/#primaryimage\"},\"thumbnailUrl\":\"https:\\\/\\\/digital58.com.ve\\\/site\\\/wp-content\\\/uploads\\\/2021\\\/10\\\/puente22.jpg\",\"keywords\":[\"C\u00facuta\",\"El protector del T\u00e1chira\",\"Freddy Bernal\",\"frontera Colombia-Venezuela\",\"Laidy G\u00f3mez\",\"Nacionales\",\"Tachira\",\"Ure\u00f1a\"],\"articleSection\":[\"Venezuela\"],\"inLanguage\":\"es\",\"potentialAction\":[{\"@type\":\"CommentAction\",\"name\":\"Comment\",\"target\":[\"https:\\\/\\\/digital58.com.ve\\\/site\\\/2021\\\/10\\\/06\\\/bernal-informo-que-apertura-comercial-de-frontera-comenzara-el-viernes-por-urena\\\/#respond\"]}]},{\"@type\":\"WebPage\",\"@id\":\"https:\\\/\\\/digital58.com.ve\\\/site\\\/2021\\\/10\\\/06\\\/bernal-informo-que-apertura-comercial-de-frontera-comenzara-el-viernes-por-urena\\\/\",\"url\":\"https:\\\/\\\/digital58.com.ve\\\/site\\\/2021\\\/10\\\/06\\\/bernal-informo-que-apertura-comercial-de-frontera-comenzara-el-viernes-por-urena\\\/\",\"name\":\"Bernal inform\u00f3 que apertura comercial de frontera comenzar\u00e1 el viernes por Ure\u00f1a\",\"isPartOf\":{\"@id\":\"https:\\\/\\\/digital58.com.ve\\\/site\\\/#website\"},\"primaryImageOfPage\":{\"@id\":\"https:\\\/\\\/digital58.com.ve\\\/site\\\/2021\\\/10\\\/06\\\/bernal-informo-que-apertura-comercial-de-frontera-comenzara-el-viernes-por-urena\\\/#primaryimage\"},\"image\":{\"@id\":\"https:\\\/\\\/digital58.com.ve\\\/site\\\/2021\\\/10\\\/06\\\/bernal-informo-que-apertura-comercial-de-frontera-comenzara-el-viernes-por-urena\\\/#primaryimage\"},\"thumbnailUrl\":\"https:\\\/\\\/digital58.com.ve\\\/site\\\/wp-content\\\/uploads\\\/2021\\\/10\\\/puente22.jpg\",\"datePublished\":\"2021-10-06T16:47:09+00:00\",\"dateModified\":\"2021-10-06T20:32:13+00:00\",\"description\":\"Venezuela\",\"breadcrumb\":{\"@id\":\"https:\\\/\\\/digital58.com.ve\\\/site\\\/2021\\\/10\\\/06\\\/bernal-informo-que-apertura-comercial-de-frontera-comenzara-el-viernes-por-urena\\\/#breadcrumb\"},\"inLanguage\":\"es\",\"potentialAction\":[{\"@type\":\"ReadAction\",\"target\":[\"https:\\\/\\\/digital58.com.ve\\\/site\\\/2021\\\/10\\\/06\\\/bernal-informo-que-apertura-comercial-de-frontera-comenzara-el-viernes-por-urena\\\/\"]}]},{\"@type\":\"ImageObject\",\"inLanguage\":\"es\",\"@id\":\"https:\\\/\\\/digital58.com.ve\\\/site\\\/2021\\\/10\\\/06\\\/bernal-informo-que-apertura-comercial-de-frontera-comenzara-el-viernes-por-urena\\\/#primaryimage\",\"url\":\"https:\\\/\\\/digital58.com.ve\\\/site\\\/wp-content\\\/uploads\\\/2021\\\/10\\\/puente22.jpg\",\"contentUrl\":\"https:\\\/\\\/digital58.com.ve\\\/site\\\/wp-content\\\/uploads\\\/2021\\\/10\\\/puente22.jpg\",\"width\":800,\"height\":560},{\"@type\":\"BreadcrumbList\",\"@id\":\"https:\\\/\\\/digital58.com.ve\\\/site\\\/2021\\\/10\\\/06\\\/bernal-informo-que-apertura-comercial-de-frontera-comenzara-el-viernes-por-urena\\\/#breadcrumb\",\"itemListElement\":[{\"@type\":\"ListItem\",\"position\":1,\"name\":\"Home\",\"item\":\"https:\\\/\\\/digital58.com.ve\\\/site\\\/\"},{\"@type\":\"ListItem\",\"position\":2,\"name\":\"Bernal inform\u00f3 que apertura comercial de frontera comenzar\u00e1 el viernes por Ure\u00f1a\"}]},{\"@type\":\"WebSite\",\"@id\":\"https:\\\/\\\/digital58.com.ve\\\/site\\\/#website\",\"url\":\"https:\\\/\\\/digital58.com.ve\\\/site\\\/\",\"name\":\"Noticias Digital58\",\"description\":\"Portal de Noticias \u00a1Periodismo web de verdad! Lanzamiento web 22.11.2005 \\\/ Maracaibo, Venezuela\",\"publisher\":{\"@id\":\"https:\\\/\\\/digital58.com.ve\\\/site\\\/#\\\/schema\\\/person\\\/64d1c2e4d0d4fd1b849980c4331c2951\"},\"alternateName\":\"ND58\",\"potentialAction\":[{\"@type\":\"SearchAction\",\"target\":{\"@type\":\"EntryPoint\",\"urlTemplate\":\"https:\\\/\\\/digital58.com.ve\\\/site\\\/?s={search_term_string}\"},\"query-input\":{\"@type\":\"PropertyValueSpecification\",\"valueRequired\":true,\"valueName\":\"search_term_string\"}}],\"inLanguage\":\"es\"},{\"@type\":[\"Person\",\"Organization\"],\"@id\":\"https:\\\/\\\/digital58.com.ve\\\/site\\\/#\\\/schema\\\/person\\\/64d1c2e4d0d4fd1b849980c4331c2951\",\"name\":\"Villasmil Henry\",\"image\":{\"@type\":\"ImageObject\",\"inLanguage\":\"es\",\"@id\":\"https:\\\/\\\/secure.gravatar.com\\\/avatar\\\/bb0c4a2fcb7970138239f7e404ea75757b1b507b28b5ce4c53fbd62d797c5a7c?s=96&d=mm&r=g\",\"url\":\"https:\\\/\\\/secure.gravatar.com\\\/avatar\\\/bb0c4a2fcb7970138239f7e404ea75757b1b507b28b5ce4c53fbd62d797c5a7c?s=96&d=mm&r=g\",\"contentUrl\":\"https:\\\/\\\/secure.gravatar.com\\\/avatar\\\/bb0c4a2fcb7970138239f7e404ea75757b1b507b28b5ce4c53fbd62d797c5a7c?s=96&d=mm&r=g\",\"caption\":\"Villasmil Henry\"},\"logo\":{\"@id\":\"https:\\\/\\\/secure.gravatar.com\\\/avatar\\\/bb0c4a2fcb7970138239f7e404ea75757b1b507b28b5ce4c53fbd62d797c5a7c?s=96&d=mm&r=g\"},\"sameAs\":[\"http:\\\/\\\/www.henryvillasmil.com.ve\",\"https:\\\/\\\/www.instagram.com\\\/villasmilhfoto\\\/\",\"https:\\\/\\\/x.com\\\/https:\\\/\\\/twitter.com\\\/villasmilhfoto\"]},{\"@type\":\"Person\",\"@id\":\"https:\\\/\\\/digital58.com.ve\\\/site\\\/#\\\/schema\\\/person\\\/38596b127602deaa13fbcd7585635238\",\"name\":\"Caren A\u00f1ez\",\"image\":{\"@type\":\"ImageObject\",\"inLanguage\":\"es\",\"@id\":\"https:\\\/\\\/secure.gravatar.com\\\/avatar\\\/53aadd693aa414991c9ff2f2b19c39be94d2c342463b80f5402d344911bc9782?s=96&d=mm&r=g\",\"url\":\"https:\\\/\\\/secure.gravatar.com\\\/avatar\\\/53aadd693aa414991c9ff2f2b19c39be94d2c342463b80f5402d344911bc9782?s=96&d=mm&r=g\",\"contentUrl\":\"https:\\\/\\\/secure.gravatar.com\\\/avatar\\\/53aadd693aa414991c9ff2f2b19c39be94d2c342463b80f5402d344911bc9782?s=96&d=mm&r=g\",\"caption\":\"Caren A\u00f1ez\"},\"description\":\"\ud83d\udc69\u200d\ud83c\udfa4Editora en @digital_58 \ud83d\udc69\ud83c\udffb\u200d\ud83c\udfebPeriodista musical y de entretenimiento. \ud83d\udcf8Fotografa \ud83d\udc69\ud83c\udffb\u200d\ud83d\udcbbMedia Management. \ud83d\udc69\u200d\ud83d\udc67\u200d\ud83d\udc67AspieMon 24\\\/7\",\"sameAs\":[\"https:\\\/\\\/www.instagram.com\\\/carenanez\\\/\",\"https:\\\/\\\/x.com\\\/carenanez\"],\"url\":\"https:\\\/\\\/digital58.com.ve\\\/site\\\/author\\\/carena21\\\/\"}]}<\/script>\n<!-- \/ Yoast SEO plugin. -->","yoast_head_json":{"title":"Bernal inform\u00f3 que apertura comercial de frontera comenzar\u00e1 el viernes por Ure\u00f1a","description":"Venezuela","robots":{"index":"index","follow":"follow","max-snippet":"max-snippet:-1","max-image-preview":"max-image-preview:large","max-video-preview":"max-video-preview:-1"},"canonical":"https:\/\/digital58.com.ve\/site\/2021\/10\/06\/bernal-informo-que-apertura-comercial-de-frontera-comenzara-el-viernes-por-urena\/","og_locale":"es_ES","og_type":"article","og_title":"Bernal inform\u00f3 que apertura comercial de frontera comenzar\u00e1 el viernes por Ure\u00f1a","og_description":"Venezuela","og_url":"https:\/\/digital58.com.ve\/site\/2021\/10\/06\/bernal-informo-que-apertura-comercial-de-frontera-comenzara-el-viernes-por-urena\/","og_site_name":"Noticias Digital58","article_published_time":"2021-10-06T16:47:09+00:00","article_modified_time":"2021-10-06T20:32:13+00:00","og_image":[{"width":2480,"height":1737,"url":"https:\/\/digital58.com.ve\/site\/wp-content\/uploads\/2021\/10\/puente22.jpg","type":"image\/jpeg"}],"author":"Caren A\u00f1ez","twitter_card":"summary_large_image","twitter_creator":"@carenanez","twitter_site":"@villasmilhfoto","twitter_misc":{"Escrito por":"Caren A\u00f1ez","Tiempo estimado de lectura":"2 minutos"},"schema":{"@context":"https:\/\/schema.org","@graph":[{"@type":"Article","@id":"https:\/\/digital58.com.ve\/site\/2021\/10\/06\/bernal-informo-que-apertura-comercial-de-frontera-comenzara-el-viernes-por-urena\/#article","isPartOf":{"@id":"https:\/\/digital58.com.ve\/site\/2021\/10\/06\/bernal-informo-que-apertura-comercial-de-frontera-comenzara-el-viernes-por-urena\/"},"author":{"name":"Caren A\u00f1ez","@id":"https:\/\/digital58.com.ve\/site\/#\/schema\/person\/38596b127602deaa13fbcd7585635238"},"headline":"Bernal inform\u00f3 que apertura comercial de frontera comenzar\u00e1 el viernes por Ure\u00f1a","datePublished":"2021-10-06T16:47:09+00:00","dateModified":"2021-10-06T20:32:13+00:00","mainEntityOfPage":{"@id":"https:\/\/digital58.com.ve\/site\/2021\/10\/06\/bernal-informo-que-apertura-comercial-de-frontera-comenzara-el-viernes-por-urena\/"},"wordCount":257,"commentCount":0,"publisher":{"@id":"https:\/\/digital58.com.ve\/site\/#\/schema\/person\/64d1c2e4d0d4fd1b849980c4331c2951"},"image":{"@id":"https:\/\/digital58.com.ve\/site\/2021\/10\/06\/bernal-informo-que-apertura-comercial-de-frontera-comenzara-el-viernes-por-urena\/#primaryimage"},"thumbnailUrl":"https:\/\/digital58.com.ve\/site\/wp-content\/uploads\/2021\/10\/puente22.jpg","keywords":["C\u00facuta","El protector del T\u00e1chira","Freddy Bernal","frontera Colombia-Venezuela","Laidy G\u00f3mez","Nacionales","Tachira","Ure\u00f1a"],"articleSection":["Venezuela"],"inLanguage":"es","potentialAction":[{"@type":"CommentAction","name":"Comment","target":["https:\/\/digital58.com.ve\/site\/2021\/10\/06\/bernal-informo-que-apertura-comercial-de-frontera-comenzara-el-viernes-por-urena\/#respond"]}]},{"@type":"WebPage","@id":"https:\/\/digital58.com.ve\/site\/2021\/10\/06\/bernal-informo-que-apertura-comercial-de-frontera-comenzara-el-viernes-por-urena\/","url":"https:\/\/digital58.com.ve\/site\/2021\/10\/06\/bernal-informo-que-apertura-comercial-de-frontera-comenzara-el-viernes-por-urena\/","name":"Bernal inform\u00f3 que apertura comercial de frontera comenzar\u00e1 el viernes por Ure\u00f1a","isPartOf":{"@id":"https:\/\/digital58.com.ve\/site\/#website"},"primaryImageOfPage":{"@id":"https:\/\/digital58.com.ve\/site\/2021\/10\/06\/bernal-informo-que-apertura-comercial-de-frontera-comenzara-el-viernes-por-urena\/#primaryimage"},"image":{"@id":"https:\/\/digital58.com.ve\/site\/2021\/10\/06\/bernal-informo-que-apertura-comercial-de-frontera-comenzara-el-viernes-por-urena\/#primaryimage"},"thumbnailUrl":"https:\/\/digital58.com.ve\/site\/wp-content\/uploads\/2021\/10\/puente22.jpg","datePublished":"2021-10-06T16:47:09+00:00","dateModified":"2021-10-06T20:32:13+00:00","description":"Venezuela","breadcrumb":{"@id":"https:\/\/digital58.com.ve\/site\/2021\/10\/06\/bernal-informo-que-apertura-comercial-de-frontera-comenzara-el-viernes-por-urena\/#breadcrumb"},"inLanguage":"es","potentialAction":[{"@type":"ReadAction","target":["https:\/\/digital58.com.ve\/site\/2021\/10\/06\/bernal-informo-que-apertura-comercial-de-frontera-comenzara-el-viernes-por-urena\/"]}]},{"@type":"ImageObject","inLanguage":"es","@id":"https:\/\/digital58.com.ve\/site\/2021\/10\/06\/bernal-informo-que-apertura-comercial-de-frontera-comenzara-el-viernes-por-urena\/#primaryimage","url":"https:\/\/digital58.com.ve\/site\/wp-content\/uploads\/2021\/10\/puente22.jpg","contentUrl":"https:\/\/digital58.com.ve\/site\/wp-content\/uploads\/2021\/10\/puente22.jpg","width":800,"height":560},{"@type":"BreadcrumbList","@id":"https:\/\/digital58.com.ve\/site\/2021\/10\/06\/bernal-informo-que-apertura-comercial-de-frontera-comenzara-el-viernes-por-urena\/#breadcrumb","itemListElement":[{"@type":"ListItem","position":1,"name":"Home","item":"https:\/\/digital58.com.ve\/site\/"},{"@type":"ListItem","position":2,"name":"Bernal inform\u00f3 que apertura comercial de frontera comenzar\u00e1 el viernes por Ure\u00f1a"}]},{"@type":"WebSite","@id":"https:\/\/digital58.com.ve\/site\/#website","url":"https:\/\/digital58.com.ve\/site\/","name":"Noticias Digital58","description":"Portal de Noticias \u00a1Periodismo web de verdad! Lanzamiento web 22.11.2005 \/ Maracaibo, Venezuela","publisher":{"@id":"https:\/\/digital58.com.ve\/site\/#\/schema\/person\/64d1c2e4d0d4fd1b849980c4331c2951"},"alternateName":"ND58","potentialAction":[{"@type":"SearchAction","target":{"@type":"EntryPoint","urlTemplate":"https:\/\/digital58.com.ve\/site\/?s={search_term_string}"},"query-input":{"@type":"PropertyValueSpecification","valueRequired":true,"valueName":"search_term_string"}}],"inLanguage":"es"},{"@type":["Person","Organization"],"@id":"https:\/\/digital58.com.ve\/site\/#\/schema\/person\/64d1c2e4d0d4fd1b849980c4331c2951","name":"Villasmil Henry","image":{"@type":"ImageObject","inLanguage":"es","@id":"https:\/\/secure.gravatar.com\/avatar\/bb0c4a2fcb7970138239f7e404ea75757b1b507b28b5ce4c53fbd62d797c5a7c?s=96&d=mm&r=g","url":"https:\/\/secure.gravatar.com\/avatar\/bb0c4a2fcb7970138239f7e404ea75757b1b507b28b5ce4c53fbd62d797c5a7c?s=96&d=mm&r=g","contentUrl":"https:\/\/secure.gravatar.com\/avatar\/bb0c4a2fcb7970138239f7e404ea75757b1b507b28b5ce4c53fbd62d797c5a7c?s=96&d=mm&r=g","caption":"Villasmil Henry"},"logo":{"@id":"https:\/\/secure.gravatar.com\/avatar\/bb0c4a2fcb7970138239f7e404ea75757b1b507b28b5ce4c53fbd62d797c5a7c?s=96&d=mm&r=g"},"sameAs":["http:\/\/www.henryvillasmil.com.ve","https:\/\/www.instagram.com\/villasmilhfoto\/","https:\/\/x.com\/https:\/\/twitter.com\/villasmilhfoto"]},{"@type":"Person","@id":"https:\/\/digital58.com.ve\/site\/#\/schema\/person\/38596b127602deaa13fbcd7585635238","name":"Caren A\u00f1ez","image":{"@type":"ImageObject","inLanguage":"es","@id":"https:\/\/secure.gravatar.com\/avatar\/53aadd693aa414991c9ff2f2b19c39be94d2c342463b80f5402d344911bc9782?s=96&d=mm&r=g","url":"https:\/\/secure.gravatar.com\/avatar\/53aadd693aa414991c9ff2f2b19c39be94d2c342463b80f5402d344911bc9782?s=96&d=mm&r=g","contentUrl":"https:\/\/secure.gravatar.com\/avatar\/53aadd693aa414991c9ff2f2b19c39be94d2c342463b80f5402d344911bc9782?s=96&d=mm&r=g","caption":"Caren A\u00f1ez"},"description":"\ud83d\udc69\u200d\ud83c\udfa4Editora en @digital_58 \ud83d\udc69\ud83c\udffb\u200d\ud83c\udfebPeriodista musical y de entretenimiento. \ud83d\udcf8Fotografa \ud83d\udc69\ud83c\udffb\u200d\ud83d\udcbbMedia Management. \ud83d\udc69\u200d\ud83d\udc67\u200d\ud83d\udc67AspieMon 24\/7","sameAs":["https:\/\/www.instagram.com\/carenanez\/","https:\/\/x.com\/carenanez"],"url":"https:\/\/digital58.com.ve\/site\/author\/carena21\/"}]}},"uagb_featured_image_src":{"full":["https:\/\/digital58.com.ve\/site\/wp-content\/uploads\/2021\/10\/puente22.jpg",800,560,false],"thumbnail":["https:\/\/digital58.com.ve\/site\/wp-content\/uploads\/2021\/10\/puente22-150x150.jpg",150,150,true],"medium":["https:\/\/digital58.com.ve\/site\/wp-content\/uploads\/2021\/10\/puente22-300x210.jpg",300,210,true],"medium_large":["https:\/\/digital58.com.ve\/site\/wp-content\/uploads\/2021\/10\/puente22-768x538.jpg",768,538,true],"large":["https:\/\/digital58.com.ve\/site\/wp-content\/uploads\/2021\/10\/puente22-1462x1024.jpg",800,560,true],"1536x1536":["https:\/\/digital58.com.ve\/site\/wp-content\/uploads\/2021\/10\/puente22-1536x1076.jpg",1536,1076,true],"2048x2048":["https:\/\/digital58.com.ve\/site\/wp-content\/uploads\/2021\/10\/puente22-2048x1434.jpg",2048,1434,true],"colormag-highlighted-post":["https:\/\/digital58.com.ve\/site\/wp-content\/uploads\/2021\/10\/puente22.jpg",389,272,false],"colormag-featured-post-medium":["https:\/\/digital58.com.ve\/site\/wp-content\/uploads\/2021\/10\/puente22.jpg",293,205,false],"colormag-featured-post-small":["https:\/\/digital58.com.ve\/site\/wp-content\/uploads\/2021\/10\/puente22.jpg",130,90,false],"colormag-featured-image":["https:\/\/digital58.com.ve\/site\/wp-content\/uploads\/2021\/10\/puente22.jpg",636,445,false],"colormag-default-news":["https:\/\/digital58.com.ve\/site\/wp-content\/uploads\/2021\/10\/puente22.jpg",150,105,false],"colormag-featured-image-large":["https:\/\/digital58.com.ve\/site\/wp-content\/uploads\/2021\/10\/puente22.jpg",800,560,false]},"uagb_author_info":{"display_name":"Caren A\u00f1ez","author_link":"https:\/\/digital58.com.ve\/site\/author\/carena21\/"},"uagb_comment_info":0,"uagb_excerpt":"El protector y candidato a la gobernaci\u00f3n de T\u00e1chira, Freddy Bernal, precis\u00f3 este mi\u00e9rcoles que seg\u00fan lo acordado con las","_links":{"self":[{"href":"https:\/\/digital58.com.ve\/site\/wp-json\/wp\/v2\/posts\/143357","targetHints":{"allow":["GET"]}}],"collection":[{"href":"https:\/\/digital58.com.ve\/site\/wp-json\/wp\/v2\/posts"}],"about":[{"href":"https:\/\/digital58.com.ve\/site\/wp-json\/wp\/v2\/types\/post"}],"author":[{"embeddable":true,"href":"https:\/\/digital58.com.ve\/site\/wp-json\/wp\/v2\/users\/39"}],"replies":[{"embeddable":true,"href":"https:\/\/digital58.com.ve\/site\/wp-json\/wp\/v2\/comments?post=143357"}],"version-history":[{"count":0,"href":"https:\/\/digital58.com.ve\/site\/wp-json\/wp\/v2\/posts\/143357\/revisions"}],"wp:featuredmedia":[{"embeddable":true,"href":"https:\/\/digital58.com.ve\/site\/wp-json\/wp\/v2\/media\/143359"}],"wp:attachment":[{"href":"https:\/\/digital58.com.ve\/site\/wp-json\/wp\/v2\/media?parent=143357"}],"wp:term":[{"taxonomy":"category","embeddable":true,"href":"https:\/\/digital58.com.ve\/site\/wp-json\/wp\/v2\/categories?post=143357"},{"taxonomy":"post_tag","embeddable":true,"href":"https:\/\/digital58.com.ve\/site\/wp-json\/wp\/v2\/tags?post=143357"}],"curies":[{"name":"wp","href":"https:\/\/api.w.org\/{rel}","templated":true}]}}