{"id":143850,"date":"2021-10-15T09:20:05","date_gmt":"2021-10-15T13:20:05","guid":{"rendered":"https:\/\/digital58.com.ve\/site\/?p=143850"},"modified":"2021-10-15T09:20:05","modified_gmt":"2021-10-15T13:20:05","slug":"camilo-y-evaluna-revelan-el-nombre-y-la-fecha-de-nacimiento-de-su-primer-bebe","status":"publish","type":"post","link":"https:\/\/digital58.com.ve\/site\/2021\/10\/15\/camilo-y-evaluna-revelan-el-nombre-y-la-fecha-de-nacimiento-de-su-primer-bebe\/","title":{"rendered":"Camilo y Evaluna revelan el nombre y la fecha de nacimiento de su primer beb\u00e9"},"content":{"rendered":"<p><img loading=\"lazy\" decoding=\"async\" class=\" wp-image-143852 aligncenter\" src=\"https:\/\/digital58.com.ve\/site\/wp-content\/uploads\/2021\/10\/pantilla_portadas_muii_1.jpg_1802170537-300x225.jpg\" alt=\"\" width=\"367\" height=\"275\" \/><\/p>\n<p>La pareja compuesta por los artistas Camilo y Evaluna Montaner revelaron este jueves en entrevistas con Efe que su primer hijo se llamar\u00e1 \u00cdndigo y que nacer\u00e1 en la primavera de 2022, momento en el que culminar\u00e1 un sue\u00f1o que llegara de forma no planificada pero sin duda \u00abm\u00e1s que bienvenida\u00bb.<\/p>\n<p><strong>Internacionales, 15 de octubre de 2021 (ND58).-<\/strong>\u00a0\u00abSea var\u00f3n o sea ni\u00f1a se va a llamar \u00cdndigo, es una palabra que representa much\u00edsimo para nosotros. No es solo el nombre de un color, que nos encanta, sino una presencia de luz que lleva milenios en la humanidad\u00bb, anunci\u00f3 Camilo.<\/p>\n<p>Evaluna Montaner expres\u00f3 por su parte: \u00abLa pas\u00e9 rudo en los primeros meses, ahora estoy en el segundo trimestre y ya me siento muy bien\u00bb.<\/p>\n<p>Aunque hablaban de lo mismo, su primer hijo, la pareja convers\u00f3 con Efe en distintas zonas de Miami, su ciudad de adopci\u00f3n y donde se casaron en febrero de 2020.<\/p>\n<p>Camilo fue el encargado de presentar el dueto con su esposa, precisamente \u00ab\u00cdndigo\u00bb y con el que revelaron el embarazo el mi\u00e9rcoles en la tarde. Ser\u00e1 adem\u00e1s la primera canci\u00f3n de su nuevo disco.<\/p>\n<p>Por su parte, la futura madre dio entrevistas en un cine sobre su pel\u00edcula animada Koati, que se estrena este viernes y en la que comparte carteles con Sof\u00eda Vergara, Adriana Barraza, Karol G y Sebasti\u00e1n Villalobos.<img loading=\"lazy\" decoding=\"async\" class=\" wp-image-143853 aligncenter\" src=\"https:\/\/digital58.com.ve\/site\/wp-content\/uploads\/2021\/10\/eva-300x168.jpg\" alt=\"\" width=\"354\" height=\"198\" srcset=\"https:\/\/digital58.com.ve\/site\/wp-content\/uploads\/2021\/10\/eva-300x168.jpg 300w, https:\/\/digital58.com.ve\/site\/wp-content\/uploads\/2021\/10\/eva-768x429.jpg 768w, https:\/\/digital58.com.ve\/site\/wp-content\/uploads\/2021\/10\/eva.jpg 980w\" sizes=\"auto, (max-width: 354px) 100vw, 354px\" \/><\/p>\n<p><strong>Evaluna<\/strong><\/p>\n<p>\u00abMe hace mucha ilusi\u00f3n estar presentando una pel\u00edcula que le podr\u00e9 poner a mi beb\u00e9 pronto\u00bb, indic\u00f3 Evaluna.<\/p>\n<p>A los 24 a\u00f1os de edad reci\u00e9n cumplidos, la protagonista de la serie de Nickelodeon Club 57 cont\u00f3 que a\u00fan le queda la mayor parte de su ropa. \u00abSolo los jeans ya no me cierran\u00bb, lament\u00f3.<\/p>\n<p>Vestida con traje tipo sastre color caqui, con la chaqueta grande, los pantalones a la pantorrilla y botas estilo militar con suela gruesa, Evaluna apenas mostraba una barriguita incipiente.<\/p>\n<p>Ambos aseguraron que est\u00e1n disfrutando la etapa al m\u00e1ximo y que seguir\u00e1n viajando juntos durante la parte estadounidense de la gira de Camilo, que comenzar\u00e1 en Miami el 20 de octubre.<\/p>\n<p>Tambi\u00e9n tienen planes de ir en familia, con todos los Montaner -sus cu\u00f1ados Mau y Ricky, y sus suegros Ricardo Montaner y su esposa, Marlene Rodr\u00edguez-, a Las Vegas a la gala de entrega de los Latin Grammy el 18 de noviembre.<\/p>\n<p>Camilo, el artista m\u00e1s nominado de la noche con diez candidaturas, no concibe \u00abc\u00f3mo es ser m\u00e1s feliz que ahora\u00bb, pero sabe que probablemente \u00abtodo se ir\u00e1 sintiendo m\u00e1s real a medida que vaya pasando el tiempo\u00bb.<\/p>\n<p>Ambos est\u00e1n emocionados por la distinci\u00f3n, pues Evaluna es tambi\u00e9n parte de \u00abAm\u00e9n\u00bb una canci\u00f3n que hizo con Camilo, su padre y sus hermanos Mau y Ricky, que compite en la categor\u00eda de Canci\u00f3n del a\u00f1o.<\/p>\n<p>Pero confiesan que los planes laborales se diluyen en su mente cuando piensan en tener a su beb\u00e9 en sus brazos \u00aba finales de marzo, principios de abril\u00bb.<\/p>\n<p>\u00abFue una sorpresa, no lo esper\u00e1bamos, pero no pudo llegar en un momento mejor\u00bb, indic\u00f3 Camilo, quien revel\u00f3 que durante la segunda parte de su gira europea \u00abya est\u00e1bamos viajando con \u00cdndigo\u00bb.<\/p>\n<div class=\"lyte-wrapper\" title=\"Camilo, Evaluna Montaner - &Iacute;ndigo (Official Video)\" style=\"width:640px;max-width:100%;margin:5px auto;\"><div class=\"lyMe\" id=\"WYL_DriCCFRQlj8\" itemprop=\"video\" itemscope itemtype=\"https:\/\/schema.org\/VideoObject\"><div><meta itemprop=\"thumbnailUrl\" content=\"https:\/\/i.ytimg.com\/vi\/DriCCFRQlj8\/hqdefault.jpg\" \/><meta itemprop=\"embedURL\" content=\"https:\/\/www.youtube.com\/embed\/DriCCFRQlj8\" \/><meta itemprop=\"duration\" content=\"PT3M32S\" \/><meta itemprop=\"uploadDate\" content=\"2021-10-13T19:00:10Z\" \/><\/div><meta itemprop=\"accessibilityFeature\" content=\"captions\" \/><div id=\"lyte_DriCCFRQlj8\" data-src=\"https:\/\/i.ytimg.com\/vi\/DriCCFRQlj8\/hqdefault.jpg\" class=\"pL\"><div class=\"tC\"><div class=\"tT\" itemprop=\"name\">Camilo, Evaluna Montaner - \u00cdndigo (Official Video)<\/div><\/div><div class=\"play\"><\/div><div class=\"ctrl\"><div class=\"Lctrl\"><\/div><div class=\"Rctrl\"><\/div><\/div><\/div><noscript><a href=\"https:\/\/youtu.be\/DriCCFRQlj8\" rel=\"nofollow\"><img loading=\"lazy\" decoding=\"async\" src=\"https:\/\/i.ytimg.com\/vi\/DriCCFRQlj8\/0.jpg\" alt=\"Camilo, Evaluna Montaner - &Iacute;ndigo (Official Video)\" width=\"640\" height=\"340\" \/><br \/>Ver este video en YouTube<\/a><\/noscript><meta itemprop=\"description\" content=\"Camilo &amp; Evaluna - \u00cdndigo (Official Video) M\u00fasica: Apple Music: https:\/\/SML.lnk.to\/Indigo\/applemusic Spotify: https:\/\/SML.lnk.to\/Indigo\/spotify Amazon: https:\/\/SML.lnk.to\/Indigo\/amazonmusicstreaming YouTube: https:\/\/SML.lnk.to\/Indigo\/youtube iTunes: https:\/\/SML.lnk.to\/Indigo\/itunes Deezer: https:\/\/SML.lnk.to\/Indigo\/deezer Camilo: Facebook: https:\/\/www.facebook.com\/camilomusica Twitter: https:\/\/twitter.com\/camilomusica Instagram: https:\/\/www.instagram.com\/camilomusica Evaluna: Facebook: https:\/\/www.facebook.com\/Evaluna-Montaner-598938530142367\/ Twitter: https:\/\/twitter.com\/Montanerevaluna Instagram: https:\/\/www.instagram.com\/evaluna\/ #Camilo #Evaluna #\u00cdndigo Official Music Video by Camilo and Evaluna performing \u201c\u00cdndigo&quot; (C) 2021 Sony Music Entertainment US Latin LLC\"><\/div><\/div><div class=\"lL\" style=\"max-width:100%;width:640px;margin:5px auto;\"><\/div><\/p>\n<p><strong>\u00ab\u00cdndigo\u00bb<\/strong><br \/>\nY precisamente \u00cdndigo es el nombre del tema que se present\u00f3 este mi\u00e9rcoles y que pronto se convirti\u00f3 en n\u00famero uno en la plataforma Apple Music en Am\u00e9rica Latina y Espa\u00f1a, donde se grab\u00f3 el videoclip, y el quinto video m\u00e1s visto de YouTube en Estados Unidos.<\/p>\n<p>Hasta el momento, y con solo un d\u00eda de vida, \u00cdndigo ya suma m\u00e1s de 12 millones de reproducciones en la plataforma de videos m\u00e1s popular del mundo.<\/p><div class=\"zrdsr69f375af9d629\" ><p style=\"text-align: center;\"><a href=\"https:\/\/t.me\/noticiasdigital58\" target=\"_blank\" rel=\"noopener\"><img class=\"aligncenter size-full wp-image-125363\" src=\"https:\/\/digital58.com.ve\/site\/wp-content\/uploads\/2021\/04\/banner-telegram-web-2021.png\" alt=\"\" width=\"600\" height=\"90\" \/><\/a><\/p><\/div><style type=\"text\/css\">\r\n@media screen and (min-width: 1201px) {\r\n.zrdsr69f375af9d629 {\r\ndisplay: block;\r\n}\r\n}\r\n@media screen and (min-width: 993px) and (max-width: 1200px) {\r\n.zrdsr69f375af9d629 {\r\ndisplay: block;\r\n}\r\n}\r\n@media screen and (min-width: 769px) and (max-width: 992px) {\r\n.zrdsr69f375af9d629 {\r\ndisplay: block;\r\n}\r\n}\r\n@media screen and (min-width: 768px) and (max-width: 768px) {\r\n.zrdsr69f375af9d629 {\r\ndisplay: block;\r\n}\r\n}\r\n@media screen and (max-width: 767px) {\r\n.zrdsr69f375af9d629 {\r\ndisplay: block;\r\n}\r\n}\r\n<\/style>\r\n\n<p><strong>Redacci\u00f3n ND58 | Fuente: EFE<\/strong><br \/>\n<strong>Edici\u00f3n: \u00c1\u00f1ez, Caren<\/strong><br \/>\n<strong>Gr\u00e1fica: Archivo<\/strong><\/p>\n<div style=\"margin-top: 0px; margin-bottom: 0px;\" class=\"sharethis-inline-share-buttons\" ><\/div>","protected":false},"excerpt":{"rendered":"<p>La pareja compuesta por los artistas Camilo y Evaluna Montaner revelaron este jueves en entrevistas con Efe que su primer<\/p>\n","protected":false},"author":39,"featured_media":143851,"comment_status":"open","ping_status":"closed","sticky":false,"template":"","format":"standard","meta":{"colormag_page_container_layout":"default_layout","colormag_page_sidebar_layout":"default_layout","_uag_custom_page_level_css":"","footnotes":""},"categories":[1],"tags":[25817,15087,78,25814,98,115,1492,25812,3246,3331,273,2574,12349,25815,487,6106,25813,131,16229,3595,8720,25816,1685,32],"class_list":["post-143850","post","type-post","status-publish","format-standard","has-post-thumbnail","hentry","category-fama","tag-adriana-barraza","tag-camilo","tag-cantantes","tag-club-57","tag-colombia","tag-espana","tag-europa","tag-evaluna","tag-evaluna-montaner","tag-fama","tag-farandula","tag-indigo","tag-karol-g","tag-koati","tag-lanzamiento","tag-latin-grammy","tag-latin-grammy-2021","tag-miami","tag-nickelodeon","tag-padres","tag-papas","tag-sebastian-villalobos","tag-sofia-vergara","tag-venezuela"],"yoast_head":"<!-- This site is optimized with the Yoast SEO plugin v27.5 - https:\/\/yoast.com\/product\/yoast-seo-wordpress\/ -->\n<title>Camilo y Evaluna revelan el nombre y la fecha de nacimiento de su primer beb\u00e9<\/title>\n<meta name=\"description\" content=\"Fama\" \/>\n<meta name=\"robots\" content=\"index, follow, max-snippet:-1, max-image-preview:large, max-video-preview:-1\" \/>\n<link rel=\"canonical\" href=\"https:\/\/digital58.com.ve\/site\/2021\/10\/15\/camilo-y-evaluna-revelan-el-nombre-y-la-fecha-de-nacimiento-de-su-primer-bebe\/\" \/>\n<meta property=\"og:locale\" content=\"es_ES\" \/>\n<meta property=\"og:type\" content=\"article\" \/>\n<meta property=\"og:title\" content=\"Camilo y Evaluna revelan el nombre y la fecha de nacimiento de su primer beb\u00e9\" \/>\n<meta property=\"og:description\" content=\"Fama\" \/>\n<meta property=\"og:url\" content=\"https:\/\/digital58.com.ve\/site\/2021\/10\/15\/camilo-y-evaluna-revelan-el-nombre-y-la-fecha-de-nacimiento-de-su-primer-bebe\/\" \/>\n<meta property=\"og:site_name\" content=\"Noticias Digital58\" \/>\n<meta property=\"article:published_time\" content=\"2021-10-15T13:20:05+00:00\" \/>\n<meta property=\"og:image\" content=\"https:\/\/digital58.com.ve\/site\/wp-content\/uploads\/2021\/10\/evaluna-montaner-camilo-echeverry-foto_7_0_950_591.jpg\" \/>\n\t<meta property=\"og:image:width\" content=\"958\" \/>\n\t<meta property=\"og:image:height\" content=\"596\" \/>\n\t<meta property=\"og:image:type\" content=\"image\/jpeg\" \/>\n<meta name=\"author\" content=\"Caren A\u00f1ez\" \/>\n<meta name=\"twitter:card\" content=\"summary_large_image\" \/>\n<meta name=\"twitter:creator\" content=\"@carenanez\" \/>\n<meta name=\"twitter:site\" content=\"@villasmilhfoto\" \/>\n<meta name=\"twitter:label1\" content=\"Escrito por\" \/>\n\t<meta name=\"twitter:data1\" content=\"Caren A\u00f1ez\" \/>\n\t<meta name=\"twitter:label2\" content=\"Tiempo estimado de lectura\" \/>\n\t<meta name=\"twitter:data2\" content=\"4 minutos\" \/>\n<script type=\"application\/ld+json\" class=\"yoast-schema-graph\">{\"@context\":\"https:\\\/\\\/schema.org\",\"@graph\":[{\"@type\":\"Article\",\"@id\":\"https:\\\/\\\/digital58.com.ve\\\/site\\\/2021\\\/10\\\/15\\\/camilo-y-evaluna-revelan-el-nombre-y-la-fecha-de-nacimiento-de-su-primer-bebe\\\/#article\",\"isPartOf\":{\"@id\":\"https:\\\/\\\/digital58.com.ve\\\/site\\\/2021\\\/10\\\/15\\\/camilo-y-evaluna-revelan-el-nombre-y-la-fecha-de-nacimiento-de-su-primer-bebe\\\/\"},\"author\":{\"name\":\"Caren A\u00f1ez\",\"@id\":\"https:\\\/\\\/digital58.com.ve\\\/site\\\/#\\\/schema\\\/person\\\/38596b127602deaa13fbcd7585635238\"},\"headline\":\"Camilo y Evaluna revelan el nombre y la fecha de nacimiento de su primer beb\u00e9\",\"datePublished\":\"2021-10-15T13:20:05+00:00\",\"mainEntityOfPage\":{\"@id\":\"https:\\\/\\\/digital58.com.ve\\\/site\\\/2021\\\/10\\\/15\\\/camilo-y-evaluna-revelan-el-nombre-y-la-fecha-de-nacimiento-de-su-primer-bebe\\\/\"},\"wordCount\":660,\"commentCount\":0,\"publisher\":{\"@id\":\"https:\\\/\\\/digital58.com.ve\\\/site\\\/#\\\/schema\\\/person\\\/64d1c2e4d0d4fd1b849980c4331c2951\"},\"image\":{\"@id\":\"https:\\\/\\\/digital58.com.ve\\\/site\\\/2021\\\/10\\\/15\\\/camilo-y-evaluna-revelan-el-nombre-y-la-fecha-de-nacimiento-de-su-primer-bebe\\\/#primaryimage\"},\"thumbnailUrl\":\"https:\\\/\\\/digital58.com.ve\\\/site\\\/wp-content\\\/uploads\\\/2021\\\/10\\\/evaluna-montaner-camilo-echeverry-foto_7_0_950_591.jpg\",\"keywords\":[\"Adriana Barraza\",\"Camilo\",\"Cantantes\",\"Club 57\",\"Colombia\",\"Espa\u00f1a\",\"Europa\",\"Evaluna\",\"Evaluna Montaner\",\"Fama\",\"Far\u00e1ndula\",\"\u00cdndigo\",\"Karol G\",\"Koati\",\"Lanzamiento\",\"Latin Grammy\",\"Latin Grammy 2021\",\"Miami\",\"Nickelodeon\",\"Padres\",\"Papas\",\"Sebasti\u00e1n Villalobos\",\"Sof\u00eda Vergara\",\"Venezuela\"],\"articleSection\":[\"Fama\"],\"inLanguage\":\"es\",\"potentialAction\":[{\"@type\":\"CommentAction\",\"name\":\"Comment\",\"target\":[\"https:\\\/\\\/digital58.com.ve\\\/site\\\/2021\\\/10\\\/15\\\/camilo-y-evaluna-revelan-el-nombre-y-la-fecha-de-nacimiento-de-su-primer-bebe\\\/#respond\"]}]},{\"@type\":\"WebPage\",\"@id\":\"https:\\\/\\\/digital58.com.ve\\\/site\\\/2021\\\/10\\\/15\\\/camilo-y-evaluna-revelan-el-nombre-y-la-fecha-de-nacimiento-de-su-primer-bebe\\\/\",\"url\":\"https:\\\/\\\/digital58.com.ve\\\/site\\\/2021\\\/10\\\/15\\\/camilo-y-evaluna-revelan-el-nombre-y-la-fecha-de-nacimiento-de-su-primer-bebe\\\/\",\"name\":\"Camilo y Evaluna revelan el nombre y la fecha de nacimiento de su primer beb\u00e9\",\"isPartOf\":{\"@id\":\"https:\\\/\\\/digital58.com.ve\\\/site\\\/#website\"},\"primaryImageOfPage\":{\"@id\":\"https:\\\/\\\/digital58.com.ve\\\/site\\\/2021\\\/10\\\/15\\\/camilo-y-evaluna-revelan-el-nombre-y-la-fecha-de-nacimiento-de-su-primer-bebe\\\/#primaryimage\"},\"image\":{\"@id\":\"https:\\\/\\\/digital58.com.ve\\\/site\\\/2021\\\/10\\\/15\\\/camilo-y-evaluna-revelan-el-nombre-y-la-fecha-de-nacimiento-de-su-primer-bebe\\\/#primaryimage\"},\"thumbnailUrl\":\"https:\\\/\\\/digital58.com.ve\\\/site\\\/wp-content\\\/uploads\\\/2021\\\/10\\\/evaluna-montaner-camilo-echeverry-foto_7_0_950_591.jpg\",\"datePublished\":\"2021-10-15T13:20:05+00:00\",\"description\":\"Fama\",\"breadcrumb\":{\"@id\":\"https:\\\/\\\/digital58.com.ve\\\/site\\\/2021\\\/10\\\/15\\\/camilo-y-evaluna-revelan-el-nombre-y-la-fecha-de-nacimiento-de-su-primer-bebe\\\/#breadcrumb\"},\"inLanguage\":\"es\",\"potentialAction\":[{\"@type\":\"ReadAction\",\"target\":[\"https:\\\/\\\/digital58.com.ve\\\/site\\\/2021\\\/10\\\/15\\\/camilo-y-evaluna-revelan-el-nombre-y-la-fecha-de-nacimiento-de-su-primer-bebe\\\/\"]}]},{\"@type\":\"ImageObject\",\"inLanguage\":\"es\",\"@id\":\"https:\\\/\\\/digital58.com.ve\\\/site\\\/2021\\\/10\\\/15\\\/camilo-y-evaluna-revelan-el-nombre-y-la-fecha-de-nacimiento-de-su-primer-bebe\\\/#primaryimage\",\"url\":\"https:\\\/\\\/digital58.com.ve\\\/site\\\/wp-content\\\/uploads\\\/2021\\\/10\\\/evaluna-montaner-camilo-echeverry-foto_7_0_950_591.jpg\",\"contentUrl\":\"https:\\\/\\\/digital58.com.ve\\\/site\\\/wp-content\\\/uploads\\\/2021\\\/10\\\/evaluna-montaner-camilo-echeverry-foto_7_0_950_591.jpg\",\"width\":800,\"height\":498},{\"@type\":\"BreadcrumbList\",\"@id\":\"https:\\\/\\\/digital58.com.ve\\\/site\\\/2021\\\/10\\\/15\\\/camilo-y-evaluna-revelan-el-nombre-y-la-fecha-de-nacimiento-de-su-primer-bebe\\\/#breadcrumb\",\"itemListElement\":[{\"@type\":\"ListItem\",\"position\":1,\"name\":\"Home\",\"item\":\"https:\\\/\\\/digital58.com.ve\\\/site\\\/\"},{\"@type\":\"ListItem\",\"position\":2,\"name\":\"Camilo y Evaluna revelan el nombre y la fecha de nacimiento de su primer beb\u00e9\"}]},{\"@type\":\"WebSite\",\"@id\":\"https:\\\/\\\/digital58.com.ve\\\/site\\\/#website\",\"url\":\"https:\\\/\\\/digital58.com.ve\\\/site\\\/\",\"name\":\"Noticias Digital58\",\"description\":\"Portal de Noticias \u00a1Periodismo web de verdad! Lanzamiento web 22.11.2005 \\\/ Maracaibo, Venezuela\",\"publisher\":{\"@id\":\"https:\\\/\\\/digital58.com.ve\\\/site\\\/#\\\/schema\\\/person\\\/64d1c2e4d0d4fd1b849980c4331c2951\"},\"alternateName\":\"ND58\",\"potentialAction\":[{\"@type\":\"SearchAction\",\"target\":{\"@type\":\"EntryPoint\",\"urlTemplate\":\"https:\\\/\\\/digital58.com.ve\\\/site\\\/?s={search_term_string}\"},\"query-input\":{\"@type\":\"PropertyValueSpecification\",\"valueRequired\":true,\"valueName\":\"search_term_string\"}}],\"inLanguage\":\"es\"},{\"@type\":[\"Person\",\"Organization\"],\"@id\":\"https:\\\/\\\/digital58.com.ve\\\/site\\\/#\\\/schema\\\/person\\\/64d1c2e4d0d4fd1b849980c4331c2951\",\"name\":\"Villasmil Henry\",\"image\":{\"@type\":\"ImageObject\",\"inLanguage\":\"es\",\"@id\":\"https:\\\/\\\/secure.gravatar.com\\\/avatar\\\/bb0c4a2fcb7970138239f7e404ea75757b1b507b28b5ce4c53fbd62d797c5a7c?s=96&d=mm&r=g\",\"url\":\"https:\\\/\\\/secure.gravatar.com\\\/avatar\\\/bb0c4a2fcb7970138239f7e404ea75757b1b507b28b5ce4c53fbd62d797c5a7c?s=96&d=mm&r=g\",\"contentUrl\":\"https:\\\/\\\/secure.gravatar.com\\\/avatar\\\/bb0c4a2fcb7970138239f7e404ea75757b1b507b28b5ce4c53fbd62d797c5a7c?s=96&d=mm&r=g\",\"caption\":\"Villasmil Henry\"},\"logo\":{\"@id\":\"https:\\\/\\\/secure.gravatar.com\\\/avatar\\\/bb0c4a2fcb7970138239f7e404ea75757b1b507b28b5ce4c53fbd62d797c5a7c?s=96&d=mm&r=g\"},\"sameAs\":[\"http:\\\/\\\/www.henryvillasmil.com.ve\",\"https:\\\/\\\/www.instagram.com\\\/villasmilhfoto\\\/\",\"https:\\\/\\\/x.com\\\/https:\\\/\\\/twitter.com\\\/villasmilhfoto\"]},{\"@type\":\"Person\",\"@id\":\"https:\\\/\\\/digital58.com.ve\\\/site\\\/#\\\/schema\\\/person\\\/38596b127602deaa13fbcd7585635238\",\"name\":\"Caren A\u00f1ez\",\"image\":{\"@type\":\"ImageObject\",\"inLanguage\":\"es\",\"@id\":\"https:\\\/\\\/secure.gravatar.com\\\/avatar\\\/53aadd693aa414991c9ff2f2b19c39be94d2c342463b80f5402d344911bc9782?s=96&d=mm&r=g\",\"url\":\"https:\\\/\\\/secure.gravatar.com\\\/avatar\\\/53aadd693aa414991c9ff2f2b19c39be94d2c342463b80f5402d344911bc9782?s=96&d=mm&r=g\",\"contentUrl\":\"https:\\\/\\\/secure.gravatar.com\\\/avatar\\\/53aadd693aa414991c9ff2f2b19c39be94d2c342463b80f5402d344911bc9782?s=96&d=mm&r=g\",\"caption\":\"Caren A\u00f1ez\"},\"description\":\"\ud83d\udc69\u200d\ud83c\udfa4Editora en @digital_58 \ud83d\udc69\ud83c\udffb\u200d\ud83c\udfebPeriodista musical y de entretenimiento. \ud83d\udcf8Fotografa \ud83d\udc69\ud83c\udffb\u200d\ud83d\udcbbMedia Management. \ud83d\udc69\u200d\ud83d\udc67\u200d\ud83d\udc67AspieMon 24\\\/7\",\"sameAs\":[\"https:\\\/\\\/www.instagram.com\\\/carenanez\\\/\",\"https:\\\/\\\/x.com\\\/carenanez\"],\"url\":\"https:\\\/\\\/digital58.com.ve\\\/site\\\/author\\\/carena21\\\/\"}]}<\/script>\n<!-- \/ Yoast SEO plugin. -->","yoast_head_json":{"title":"Camilo y Evaluna revelan el nombre y la fecha de nacimiento de su primer beb\u00e9","description":"Fama","robots":{"index":"index","follow":"follow","max-snippet":"max-snippet:-1","max-image-preview":"max-image-preview:large","max-video-preview":"max-video-preview:-1"},"canonical":"https:\/\/digital58.com.ve\/site\/2021\/10\/15\/camilo-y-evaluna-revelan-el-nombre-y-la-fecha-de-nacimiento-de-su-primer-bebe\/","og_locale":"es_ES","og_type":"article","og_title":"Camilo y Evaluna revelan el nombre y la fecha de nacimiento de su primer beb\u00e9","og_description":"Fama","og_url":"https:\/\/digital58.com.ve\/site\/2021\/10\/15\/camilo-y-evaluna-revelan-el-nombre-y-la-fecha-de-nacimiento-de-su-primer-bebe\/","og_site_name":"Noticias Digital58","article_published_time":"2021-10-15T13:20:05+00:00","og_image":[{"width":958,"height":596,"url":"https:\/\/digital58.com.ve\/site\/wp-content\/uploads\/2021\/10\/evaluna-montaner-camilo-echeverry-foto_7_0_950_591.jpg","type":"image\/jpeg"}],"author":"Caren A\u00f1ez","twitter_card":"summary_large_image","twitter_creator":"@carenanez","twitter_site":"@villasmilhfoto","twitter_misc":{"Escrito por":"Caren A\u00f1ez","Tiempo estimado de lectura":"4 minutos"},"schema":{"@context":"https:\/\/schema.org","@graph":[{"@type":"Article","@id":"https:\/\/digital58.com.ve\/site\/2021\/10\/15\/camilo-y-evaluna-revelan-el-nombre-y-la-fecha-de-nacimiento-de-su-primer-bebe\/#article","isPartOf":{"@id":"https:\/\/digital58.com.ve\/site\/2021\/10\/15\/camilo-y-evaluna-revelan-el-nombre-y-la-fecha-de-nacimiento-de-su-primer-bebe\/"},"author":{"name":"Caren A\u00f1ez","@id":"https:\/\/digital58.com.ve\/site\/#\/schema\/person\/38596b127602deaa13fbcd7585635238"},"headline":"Camilo y Evaluna revelan el nombre y la fecha de nacimiento de su primer beb\u00e9","datePublished":"2021-10-15T13:20:05+00:00","mainEntityOfPage":{"@id":"https:\/\/digital58.com.ve\/site\/2021\/10\/15\/camilo-y-evaluna-revelan-el-nombre-y-la-fecha-de-nacimiento-de-su-primer-bebe\/"},"wordCount":660,"commentCount":0,"publisher":{"@id":"https:\/\/digital58.com.ve\/site\/#\/schema\/person\/64d1c2e4d0d4fd1b849980c4331c2951"},"image":{"@id":"https:\/\/digital58.com.ve\/site\/2021\/10\/15\/camilo-y-evaluna-revelan-el-nombre-y-la-fecha-de-nacimiento-de-su-primer-bebe\/#primaryimage"},"thumbnailUrl":"https:\/\/digital58.com.ve\/site\/wp-content\/uploads\/2021\/10\/evaluna-montaner-camilo-echeverry-foto_7_0_950_591.jpg","keywords":["Adriana Barraza","Camilo","Cantantes","Club 57","Colombia","Espa\u00f1a","Europa","Evaluna","Evaluna Montaner","Fama","Far\u00e1ndula","\u00cdndigo","Karol G","Koati","Lanzamiento","Latin Grammy","Latin Grammy 2021","Miami","Nickelodeon","Padres","Papas","Sebasti\u00e1n Villalobos","Sof\u00eda Vergara","Venezuela"],"articleSection":["Fama"],"inLanguage":"es","potentialAction":[{"@type":"CommentAction","name":"Comment","target":["https:\/\/digital58.com.ve\/site\/2021\/10\/15\/camilo-y-evaluna-revelan-el-nombre-y-la-fecha-de-nacimiento-de-su-primer-bebe\/#respond"]}]},{"@type":"WebPage","@id":"https:\/\/digital58.com.ve\/site\/2021\/10\/15\/camilo-y-evaluna-revelan-el-nombre-y-la-fecha-de-nacimiento-de-su-primer-bebe\/","url":"https:\/\/digital58.com.ve\/site\/2021\/10\/15\/camilo-y-evaluna-revelan-el-nombre-y-la-fecha-de-nacimiento-de-su-primer-bebe\/","name":"Camilo y Evaluna revelan el nombre y la fecha de nacimiento de su primer beb\u00e9","isPartOf":{"@id":"https:\/\/digital58.com.ve\/site\/#website"},"primaryImageOfPage":{"@id":"https:\/\/digital58.com.ve\/site\/2021\/10\/15\/camilo-y-evaluna-revelan-el-nombre-y-la-fecha-de-nacimiento-de-su-primer-bebe\/#primaryimage"},"image":{"@id":"https:\/\/digital58.com.ve\/site\/2021\/10\/15\/camilo-y-evaluna-revelan-el-nombre-y-la-fecha-de-nacimiento-de-su-primer-bebe\/#primaryimage"},"thumbnailUrl":"https:\/\/digital58.com.ve\/site\/wp-content\/uploads\/2021\/10\/evaluna-montaner-camilo-echeverry-foto_7_0_950_591.jpg","datePublished":"2021-10-15T13:20:05+00:00","description":"Fama","breadcrumb":{"@id":"https:\/\/digital58.com.ve\/site\/2021\/10\/15\/camilo-y-evaluna-revelan-el-nombre-y-la-fecha-de-nacimiento-de-su-primer-bebe\/#breadcrumb"},"inLanguage":"es","potentialAction":[{"@type":"ReadAction","target":["https:\/\/digital58.com.ve\/site\/2021\/10\/15\/camilo-y-evaluna-revelan-el-nombre-y-la-fecha-de-nacimiento-de-su-primer-bebe\/"]}]},{"@type":"ImageObject","inLanguage":"es","@id":"https:\/\/digital58.com.ve\/site\/2021\/10\/15\/camilo-y-evaluna-revelan-el-nombre-y-la-fecha-de-nacimiento-de-su-primer-bebe\/#primaryimage","url":"https:\/\/digital58.com.ve\/site\/wp-content\/uploads\/2021\/10\/evaluna-montaner-camilo-echeverry-foto_7_0_950_591.jpg","contentUrl":"https:\/\/digital58.com.ve\/site\/wp-content\/uploads\/2021\/10\/evaluna-montaner-camilo-echeverry-foto_7_0_950_591.jpg","width":800,"height":498},{"@type":"BreadcrumbList","@id":"https:\/\/digital58.com.ve\/site\/2021\/10\/15\/camilo-y-evaluna-revelan-el-nombre-y-la-fecha-de-nacimiento-de-su-primer-bebe\/#breadcrumb","itemListElement":[{"@type":"ListItem","position":1,"name":"Home","item":"https:\/\/digital58.com.ve\/site\/"},{"@type":"ListItem","position":2,"name":"Camilo y Evaluna revelan el nombre y la fecha de nacimiento de su primer beb\u00e9"}]},{"@type":"WebSite","@id":"https:\/\/digital58.com.ve\/site\/#website","url":"https:\/\/digital58.com.ve\/site\/","name":"Noticias Digital58","description":"Portal de Noticias \u00a1Periodismo web de verdad! Lanzamiento web 22.11.2005 \/ Maracaibo, Venezuela","publisher":{"@id":"https:\/\/digital58.com.ve\/site\/#\/schema\/person\/64d1c2e4d0d4fd1b849980c4331c2951"},"alternateName":"ND58","potentialAction":[{"@type":"SearchAction","target":{"@type":"EntryPoint","urlTemplate":"https:\/\/digital58.com.ve\/site\/?s={search_term_string}"},"query-input":{"@type":"PropertyValueSpecification","valueRequired":true,"valueName":"search_term_string"}}],"inLanguage":"es"},{"@type":["Person","Organization"],"@id":"https:\/\/digital58.com.ve\/site\/#\/schema\/person\/64d1c2e4d0d4fd1b849980c4331c2951","name":"Villasmil Henry","image":{"@type":"ImageObject","inLanguage":"es","@id":"https:\/\/secure.gravatar.com\/avatar\/bb0c4a2fcb7970138239f7e404ea75757b1b507b28b5ce4c53fbd62d797c5a7c?s=96&d=mm&r=g","url":"https:\/\/secure.gravatar.com\/avatar\/bb0c4a2fcb7970138239f7e404ea75757b1b507b28b5ce4c53fbd62d797c5a7c?s=96&d=mm&r=g","contentUrl":"https:\/\/secure.gravatar.com\/avatar\/bb0c4a2fcb7970138239f7e404ea75757b1b507b28b5ce4c53fbd62d797c5a7c?s=96&d=mm&r=g","caption":"Villasmil Henry"},"logo":{"@id":"https:\/\/secure.gravatar.com\/avatar\/bb0c4a2fcb7970138239f7e404ea75757b1b507b28b5ce4c53fbd62d797c5a7c?s=96&d=mm&r=g"},"sameAs":["http:\/\/www.henryvillasmil.com.ve","https:\/\/www.instagram.com\/villasmilhfoto\/","https:\/\/x.com\/https:\/\/twitter.com\/villasmilhfoto"]},{"@type":"Person","@id":"https:\/\/digital58.com.ve\/site\/#\/schema\/person\/38596b127602deaa13fbcd7585635238","name":"Caren A\u00f1ez","image":{"@type":"ImageObject","inLanguage":"es","@id":"https:\/\/secure.gravatar.com\/avatar\/53aadd693aa414991c9ff2f2b19c39be94d2c342463b80f5402d344911bc9782?s=96&d=mm&r=g","url":"https:\/\/secure.gravatar.com\/avatar\/53aadd693aa414991c9ff2f2b19c39be94d2c342463b80f5402d344911bc9782?s=96&d=mm&r=g","contentUrl":"https:\/\/secure.gravatar.com\/avatar\/53aadd693aa414991c9ff2f2b19c39be94d2c342463b80f5402d344911bc9782?s=96&d=mm&r=g","caption":"Caren A\u00f1ez"},"description":"\ud83d\udc69\u200d\ud83c\udfa4Editora en @digital_58 \ud83d\udc69\ud83c\udffb\u200d\ud83c\udfebPeriodista musical y de entretenimiento. \ud83d\udcf8Fotografa \ud83d\udc69\ud83c\udffb\u200d\ud83d\udcbbMedia Management. \ud83d\udc69\u200d\ud83d\udc67\u200d\ud83d\udc67AspieMon 24\/7","sameAs":["https:\/\/www.instagram.com\/carenanez\/","https:\/\/x.com\/carenanez"],"url":"https:\/\/digital58.com.ve\/site\/author\/carena21\/"}]}},"uagb_featured_image_src":{"full":["https:\/\/digital58.com.ve\/site\/wp-content\/uploads\/2021\/10\/evaluna-montaner-camilo-echeverry-foto_7_0_950_591.jpg",800,498,false],"thumbnail":["https:\/\/digital58.com.ve\/site\/wp-content\/uploads\/2021\/10\/evaluna-montaner-camilo-echeverry-foto_7_0_950_591-150x150.jpg",150,150,true],"medium":["https:\/\/digital58.com.ve\/site\/wp-content\/uploads\/2021\/10\/evaluna-montaner-camilo-echeverry-foto_7_0_950_591-300x187.jpg",300,187,true],"medium_large":["https:\/\/digital58.com.ve\/site\/wp-content\/uploads\/2021\/10\/evaluna-montaner-camilo-echeverry-foto_7_0_950_591-768x478.jpg",768,478,true],"large":["https:\/\/digital58.com.ve\/site\/wp-content\/uploads\/2021\/10\/evaluna-montaner-camilo-echeverry-foto_7_0_950_591.jpg",800,498,false],"1536x1536":["https:\/\/digital58.com.ve\/site\/wp-content\/uploads\/2021\/10\/evaluna-montaner-camilo-echeverry-foto_7_0_950_591.jpg",800,498,false],"2048x2048":["https:\/\/digital58.com.ve\/site\/wp-content\/uploads\/2021\/10\/evaluna-montaner-camilo-echeverry-foto_7_0_950_591.jpg",800,498,false],"colormag-highlighted-post":["https:\/\/digital58.com.ve\/site\/wp-content\/uploads\/2021\/10\/evaluna-montaner-camilo-echeverry-foto_7_0_950_591.jpg",392,244,false],"colormag-featured-post-medium":["https:\/\/digital58.com.ve\/site\/wp-content\/uploads\/2021\/10\/evaluna-montaner-camilo-echeverry-foto_7_0_950_591.jpg",329,205,false],"colormag-featured-post-small":["https:\/\/digital58.com.ve\/site\/wp-content\/uploads\/2021\/10\/evaluna-montaner-camilo-echeverry-foto_7_0_950_591.jpg",130,81,false],"colormag-featured-image":["https:\/\/digital58.com.ve\/site\/wp-content\/uploads\/2021\/10\/evaluna-montaner-camilo-echeverry-foto_7_0_950_591.jpg",715,445,false],"colormag-default-news":["https:\/\/digital58.com.ve\/site\/wp-content\/uploads\/2021\/10\/evaluna-montaner-camilo-echeverry-foto_7_0_950_591.jpg",150,93,false],"colormag-featured-image-large":["https:\/\/digital58.com.ve\/site\/wp-content\/uploads\/2021\/10\/evaluna-montaner-camilo-echeverry-foto_7_0_950_591.jpg",800,498,false]},"uagb_author_info":{"display_name":"Caren A\u00f1ez","author_link":"https:\/\/digital58.com.ve\/site\/author\/carena21\/"},"uagb_comment_info":0,"uagb_excerpt":"La pareja compuesta por los artistas Camilo y Evaluna Montaner revelaron este jueves en entrevistas con Efe que su primer","_links":{"self":[{"href":"https:\/\/digital58.com.ve\/site\/wp-json\/wp\/v2\/posts\/143850","targetHints":{"allow":["GET"]}}],"collection":[{"href":"https:\/\/digital58.com.ve\/site\/wp-json\/wp\/v2\/posts"}],"about":[{"href":"https:\/\/digital58.com.ve\/site\/wp-json\/wp\/v2\/types\/post"}],"author":[{"embeddable":true,"href":"https:\/\/digital58.com.ve\/site\/wp-json\/wp\/v2\/users\/39"}],"replies":[{"embeddable":true,"href":"https:\/\/digital58.com.ve\/site\/wp-json\/wp\/v2\/comments?post=143850"}],"version-history":[{"count":0,"href":"https:\/\/digital58.com.ve\/site\/wp-json\/wp\/v2\/posts\/143850\/revisions"}],"wp:featuredmedia":[{"embeddable":true,"href":"https:\/\/digital58.com.ve\/site\/wp-json\/wp\/v2\/media\/143851"}],"wp:attachment":[{"href":"https:\/\/digital58.com.ve\/site\/wp-json\/wp\/v2\/media?parent=143850"}],"wp:term":[{"taxonomy":"category","embeddable":true,"href":"https:\/\/digital58.com.ve\/site\/wp-json\/wp\/v2\/categories?post=143850"},{"taxonomy":"post_tag","embeddable":true,"href":"https:\/\/digital58.com.ve\/site\/wp-json\/wp\/v2\/tags?post=143850"}],"curies":[{"name":"wp","href":"https:\/\/api.w.org\/{rel}","templated":true}]}}