{"id":144098,"date":"2021-10-20T12:46:48","date_gmt":"2021-10-20T16:46:48","guid":{"rendered":"https:\/\/digital58.com.ve\/site\/?p=144098"},"modified":"2021-10-20T12:48:11","modified_gmt":"2021-10-20T16:48:11","slug":"championsleague-vinicius-lidera-la-reaccion-del-real-madrid","status":"publish","type":"post","link":"https:\/\/digital58.com.ve\/site\/2021\/10\/20\/championsleague-vinicius-lidera-la-reaccion-del-real-madrid\/","title":{"rendered":"#ChampionsLeague | Vinicius lidera la reacci\u00f3n del Real Madrid"},"content":{"rendered":"<p><a href=\"https:\/\/digital58.com.ve\/site\/wp-content\/uploads\/2021\/10\/real-madrid.jpg\"><img loading=\"lazy\" decoding=\"async\" class=\"aligncenter size-full wp-image-144099\" src=\"https:\/\/digital58.com.ve\/site\/wp-content\/uploads\/2021\/10\/real-madrid.jpg\" alt=\"\" width=\"900\" height=\"600\" srcset=\"https:\/\/digital58.com.ve\/site\/wp-content\/uploads\/2021\/10\/real-madrid.jpg 900w, https:\/\/digital58.com.ve\/site\/wp-content\/uploads\/2021\/10\/real-madrid-300x200.jpg 300w, https:\/\/digital58.com.ve\/site\/wp-content\/uploads\/2021\/10\/real-madrid-768x512.jpg 768w, https:\/\/digital58.com.ve\/site\/wp-content\/uploads\/2021\/10\/real-madrid-720x480.jpg 720w, https:\/\/digital58.com.ve\/site\/wp-content\/uploads\/2021\/10\/real-madrid-480x320.jpg 480w\" sizes=\"auto, (max-width: 900px) 100vw, 900px\" \/><\/a><\/p>\n<p>La semana del cl\u00e1sico demandaba una reacci\u00f3n inmediata del Real Madrid a su primer bache de resultados.<\/p>\n<p><strong>Internacionales, 20 de octubre de 2021 (ND58).-<\/strong> Una exhibici\u00f3n de Vinicius, que recuper\u00f3 la pegada a lo grande un mes despu\u00e9s, lider\u00f3 la esperada reacci\u00f3n del Real Madrid antes de su visita al Camp Nou, con un triunfo repleto de firmeza en Kiev, anulando virtudes del Shakhtar, para enterrar el despiste del Sheriff y darle caza en el liderato.<\/p>\n<p>El par\u00f3n vino bien al equipo de Carlo Ancelotti, que recuper\u00f3 identidad con el regreso del 4-3-3 e hizo bueno su reencuentro con el Ol\u00edmpico de Kiev, el escenario de la decimotercera, donde se levant\u00f3 con grandeza, exhibiendo poder\u00edo.<\/p>\n<p>Un nuevo Shakhtar, m\u00e1s dominador con De Zerbi en el banquillo pero igual de el\u00e9ctrico en los \u00faltimos metros, con ese toque brasile\u00f1o que le aportan sus referentes, le plante\u00f3 un duelo por la posesi\u00f3n al Real Madrid. Jug\u00f3 sin complejos, con el recuerdo del \u00e9xito en sus dos enfrentamientos en el pasado curso, y present\u00f3 la oportunidad de vencer al que fuese m\u00e1s efectivo en las transiciones.<\/p>\n<p>No parece buena f\u00f3rmula ante un Real Madrid al que siempre le gust\u00f3 la velocidad, con Vinicius y Rodrygo volando en sus alas, y la precisi\u00f3n que aporta en el pase el regreso de un centro del campo hist\u00f3rico. Casemiro, Kroos y Modric comparec\u00edan juntos por primera vez en la temporada. Se estrenaba Mendy, al fin, cinco meses despu\u00e9s, salvador de la acci\u00f3n de mayor peligro del Shakhtar.<\/p>\n<p>La amenaza de gol es siempre Benzema, que avis\u00f3 nada m\u00e1s arrancar el encuentro con un disparo ajustado, y provoc\u00f3 la mejor parada de Trubin, con mano firme abajo al disparo seco desde la frontal del franc\u00e9s. Hasta cuatro de ocho disparos de la primera media hora llevaron su firma pero, curiosamente, el gol que rompi\u00f3 el partido lleg\u00f3 en propia puerta. Lucas V\u00e1zquez, novedad en banda derecha y un pu\u00f1al continuo desde el lateral, puso un pase preciso a Karim que Kryvstov mand\u00f3 a la red en su intento de evitar el gol.<\/p>\n<p>Con su nombre sonando cada d\u00eda con m\u00e1s fuerza para el Bal\u00f3n de Oro, con argumentos reforzados tras la conquista de la Liga de Naciones, Benzema quer\u00eda su gol y no ces\u00f3 hasta que lo consigui\u00f3. Antes intervino en todo. El nacimiento de cada jugada de peligro part\u00eda de sus botas.<\/p>\n<p>El cabreo del t\u00e9cnico del Shakhtar dej\u00f3 a su equipo sin dos de sus referentes al descanso y la respuesta no pudo ser peor. De un saque de banda a favor lleg\u00f3 el robo de Benzema, el pase m\u00e1gico entre l\u00edneas de Modric y la calidad en la definici\u00f3n de Vinicius. Bal\u00f3n picado al portero, sin pensar en el tiempo que perdi\u00f3 el acierto.<\/p>\n<p>Vinicius se sinti\u00f3 intocable y desequilibr\u00f3 en cada aparici\u00f3n. Si a su velocidad y regate le a\u00f1ade pegada, es imparable. El tercer gol le define como futbolista. Bicicleta en carrera, un recorte con el que sent\u00f3 a rivales y un zurdazo con potencia a la red.<\/p>\n<p>El equipo de Ancelotti estaba desatado y el pulso de brasile\u00f1os ca\u00eda de lado madridista con Rodrygo sum\u00e1ndose a la fiesta y a\u00f1adiendo gol a su gran actuaci\u00f3n. Como no, con Benzema creando y asoci\u00e1ndose, Vini poniendo el pase atr\u00e1s y Rodrygo el zurdazo arriba. Courtois salvaba el poco trabajo que tuvo y el partido no pod\u00eda acabar sin la recompensa de Karim que en el a\u00f1adido sum\u00f3 un nuevo tanto para dar caza a Carlos Santillana.<\/p>\n<p><strong>Ficha t\u00e9cnica:<\/strong><\/p>\n<p><strong>0 &#8211; Shakhtar:<\/strong> Trubin; Dodo, Marlon, Kryvstov, Ismaily (Korniienko, min. 74); Maycon, Alan Patrick (Stepanenko, min. 79); Tet\u00e9 (Marlos, min. 46), Pedrinho, Solomon (Marcos Antonio, min. 46) y Fernando (Mudryk, min. 74).<\/p>\n<p><strong>5 &#8211; Real Madrid:<\/strong> Courtois; Lucas V\u00e1zquez, Militao (Vallejo, min. 87), Alaba, Mendy (Marcelo, min. 69); Casemiro, Kroos (Valverde, min. 78), Modric (Camavinga, min. 78); Rodrygo (Marco Asensio, min. 78), Vinicius y Benzema.<\/p>\n<p><strong>Goles:<\/strong> 0-1, min. 37: Kryvstov en propia puerta. 0-2, min. 51: Vinicius. 0-3, min. 56: Vinicius. 0-4, min. 65: Rodrygo. 0-5, min. 91: Benzema.<\/p>\n<p><strong>\u00c1rbitro:<\/strong> Srdjan Jovanovic (Serbia). Amonest\u00f3 a Marcos Antonio (46) por el Shakhtar.<\/p>\n<p><strong>Incidencias:<\/strong> encuentro correspondiente a la tercera jornada de la Liga de Campeones disputado en el Ol\u00edmpico de Kiev ante 35.000 espectadores.<\/p>\n<p><strong>Redacci\u00f3n ND58 | Fuente: EFE<\/strong><br \/>\n<strong>Edici\u00f3n: Villasmil, Henry<\/strong><br \/>\n<strong>Gr\u00e1fica: EFE<\/strong><\/p><div class=\"aianu69f2012a32351\" ><p style=\"text-align: center;\"><a href=\"https:\/\/t.me\/noticiasdigital58\" target=\"_blank\" rel=\"noopener\"><img class=\"aligncenter size-full wp-image-125363\" src=\"https:\/\/digital58.com.ve\/site\/wp-content\/uploads\/2021\/04\/banner-telegram-web-2021.png\" alt=\"\" width=\"600\" height=\"90\" \/><\/a><\/p><\/div><style type=\"text\/css\">\r\n@media screen and (min-width: 1201px) {\r\n.aianu69f2012a32351 {\r\ndisplay: block;\r\n}\r\n}\r\n@media screen and (min-width: 993px) and (max-width: 1200px) {\r\n.aianu69f2012a32351 {\r\ndisplay: block;\r\n}\r\n}\r\n@media screen and (min-width: 769px) and (max-width: 992px) {\r\n.aianu69f2012a32351 {\r\ndisplay: block;\r\n}\r\n}\r\n@media screen and (min-width: 768px) and (max-width: 768px) {\r\n.aianu69f2012a32351 {\r\ndisplay: block;\r\n}\r\n}\r\n@media screen and (max-width: 767px) {\r\n.aianu69f2012a32351 {\r\ndisplay: block;\r\n}\r\n}\r\n<\/style>\r\n\n<p>&nbsp;<\/p>\n<div style=\"margin-top: 0px; margin-bottom: 0px;\" class=\"sharethis-inline-share-buttons\" ><\/div>","protected":false},"excerpt":{"rendered":"<p>La semana del cl\u00e1sico demandaba una reacci\u00f3n inmediata del Real Madrid a su primer bache de resultados. Internacionales, 20 de<\/p>\n","protected":false},"author":1,"featured_media":144099,"comment_status":"open","ping_status":"closed","sticky":false,"template":"","format":"standard","meta":{"colormag_page_container_layout":"default_layout","colormag_page_sidebar_layout":"default_layout","_uag_custom_page_level_css":"","footnotes":""},"categories":[5402],"tags":[2670,13,41,8,6410,6501,10218,43,25415],"class_list":["post-144098","post","type-post","status-publish","format-standard","has-post-thumbnail","hentry","category-deportes","tag-champions-league","tag-futbol","tag-futbol-internacional","tag-internacionales","tag-liga-de-campeones","tag-real-madrid-cf","tag-shakhtar-donetsk","tag-uefa","tag-uefa-champions-league-2021-22"],"yoast_head":"<!-- This site is optimized with the Yoast SEO plugin v27.5 - https:\/\/yoast.com\/product\/yoast-seo-wordpress\/ -->\n<title>#ChampionsLeague | Vinicius lidera la reacci\u00f3n del Real Madrid<\/title>\n<meta name=\"description\" content=\"Deportes\" \/>\n<meta name=\"robots\" content=\"index, follow, max-snippet:-1, max-image-preview:large, max-video-preview:-1\" \/>\n<link rel=\"canonical\" href=\"https:\/\/digital58.com.ve\/site\/2021\/10\/20\/championsleague-vinicius-lidera-la-reaccion-del-real-madrid\/\" \/>\n<meta property=\"og:locale\" content=\"es_ES\" \/>\n<meta property=\"og:type\" content=\"article\" \/>\n<meta property=\"og:title\" content=\"#ChampionsLeague | Vinicius lidera la reacci\u00f3n del Real Madrid\" \/>\n<meta property=\"og:description\" content=\"Deportes\" \/>\n<meta property=\"og:url\" content=\"https:\/\/digital58.com.ve\/site\/2021\/10\/20\/championsleague-vinicius-lidera-la-reaccion-del-real-madrid\/\" \/>\n<meta property=\"og:site_name\" content=\"Noticias Digital58\" \/>\n<meta property=\"article:published_time\" content=\"2021-10-20T16:46:48+00:00\" \/>\n<meta property=\"article:modified_time\" content=\"2021-10-20T16:48:11+00:00\" \/>\n<meta property=\"og:image\" content=\"https:\/\/digital58.com.ve\/site\/wp-content\/uploads\/2021\/10\/real-madrid.jpg\" \/>\n\t<meta property=\"og:image:width\" content=\"900\" \/>\n\t<meta property=\"og:image:height\" content=\"600\" \/>\n\t<meta property=\"og:image:type\" content=\"image\/jpeg\" \/>\n<meta name=\"author\" content=\"Villasmil Henry\" \/>\n<meta name=\"twitter:card\" content=\"summary_large_image\" \/>\n<meta name=\"twitter:creator\" content=\"@https:\/\/twitter.com\/villasmilhfoto\" \/>\n<meta name=\"twitter:site\" content=\"@villasmilhfoto\" \/>\n<meta name=\"twitter:label1\" content=\"Escrito por\" \/>\n\t<meta name=\"twitter:data1\" content=\"Villasmil Henry\" \/>\n\t<meta name=\"twitter:label2\" content=\"Tiempo estimado de lectura\" \/>\n\t<meta name=\"twitter:data2\" content=\"4 minutos\" \/>\n<script type=\"application\/ld+json\" class=\"yoast-schema-graph\">{\"@context\":\"https:\\\/\\\/schema.org\",\"@graph\":[{\"@type\":\"Article\",\"@id\":\"https:\\\/\\\/digital58.com.ve\\\/site\\\/2021\\\/10\\\/20\\\/championsleague-vinicius-lidera-la-reaccion-del-real-madrid\\\/#article\",\"isPartOf\":{\"@id\":\"https:\\\/\\\/digital58.com.ve\\\/site\\\/2021\\\/10\\\/20\\\/championsleague-vinicius-lidera-la-reaccion-del-real-madrid\\\/\"},\"author\":{\"name\":\"Villasmil Henry\",\"@id\":\"https:\\\/\\\/digital58.com.ve\\\/site\\\/#\\\/schema\\\/person\\\/64d1c2e4d0d4fd1b849980c4331c2951\"},\"headline\":\"#ChampionsLeague | Vinicius lidera la reacci\u00f3n del Real Madrid\",\"datePublished\":\"2021-10-20T16:46:48+00:00\",\"dateModified\":\"2021-10-20T16:48:11+00:00\",\"mainEntityOfPage\":{\"@id\":\"https:\\\/\\\/digital58.com.ve\\\/site\\\/2021\\\/10\\\/20\\\/championsleague-vinicius-lidera-la-reaccion-del-real-madrid\\\/\"},\"wordCount\":757,\"commentCount\":0,\"publisher\":{\"@id\":\"https:\\\/\\\/digital58.com.ve\\\/site\\\/#\\\/schema\\\/person\\\/64d1c2e4d0d4fd1b849980c4331c2951\"},\"image\":{\"@id\":\"https:\\\/\\\/digital58.com.ve\\\/site\\\/2021\\\/10\\\/20\\\/championsleague-vinicius-lidera-la-reaccion-del-real-madrid\\\/#primaryimage\"},\"thumbnailUrl\":\"https:\\\/\\\/digital58.com.ve\\\/site\\\/wp-content\\\/uploads\\\/2021\\\/10\\\/real-madrid.jpg\",\"keywords\":[\"Champions League\",\"F\u00fatbol\",\"F\u00fatbol Internacional\",\"Internacionales\",\"Liga de Campeones\",\"Real Madrid CF\",\"Shakhtar Donetsk\",\"UEFA\",\"UEFA Champions League 2021-22\"],\"articleSection\":[\"Deportes\"],\"inLanguage\":\"es\",\"potentialAction\":[{\"@type\":\"CommentAction\",\"name\":\"Comment\",\"target\":[\"https:\\\/\\\/digital58.com.ve\\\/site\\\/2021\\\/10\\\/20\\\/championsleague-vinicius-lidera-la-reaccion-del-real-madrid\\\/#respond\"]}]},{\"@type\":\"WebPage\",\"@id\":\"https:\\\/\\\/digital58.com.ve\\\/site\\\/2021\\\/10\\\/20\\\/championsleague-vinicius-lidera-la-reaccion-del-real-madrid\\\/\",\"url\":\"https:\\\/\\\/digital58.com.ve\\\/site\\\/2021\\\/10\\\/20\\\/championsleague-vinicius-lidera-la-reaccion-del-real-madrid\\\/\",\"name\":\"#ChampionsLeague | Vinicius lidera la reacci\u00f3n del Real Madrid\",\"isPartOf\":{\"@id\":\"https:\\\/\\\/digital58.com.ve\\\/site\\\/#website\"},\"primaryImageOfPage\":{\"@id\":\"https:\\\/\\\/digital58.com.ve\\\/site\\\/2021\\\/10\\\/20\\\/championsleague-vinicius-lidera-la-reaccion-del-real-madrid\\\/#primaryimage\"},\"image\":{\"@id\":\"https:\\\/\\\/digital58.com.ve\\\/site\\\/2021\\\/10\\\/20\\\/championsleague-vinicius-lidera-la-reaccion-del-real-madrid\\\/#primaryimage\"},\"thumbnailUrl\":\"https:\\\/\\\/digital58.com.ve\\\/site\\\/wp-content\\\/uploads\\\/2021\\\/10\\\/real-madrid.jpg\",\"datePublished\":\"2021-10-20T16:46:48+00:00\",\"dateModified\":\"2021-10-20T16:48:11+00:00\",\"description\":\"Deportes\",\"breadcrumb\":{\"@id\":\"https:\\\/\\\/digital58.com.ve\\\/site\\\/2021\\\/10\\\/20\\\/championsleague-vinicius-lidera-la-reaccion-del-real-madrid\\\/#breadcrumb\"},\"inLanguage\":\"es\",\"potentialAction\":[{\"@type\":\"ReadAction\",\"target\":[\"https:\\\/\\\/digital58.com.ve\\\/site\\\/2021\\\/10\\\/20\\\/championsleague-vinicius-lidera-la-reaccion-del-real-madrid\\\/\"]}]},{\"@type\":\"ImageObject\",\"inLanguage\":\"es\",\"@id\":\"https:\\\/\\\/digital58.com.ve\\\/site\\\/2021\\\/10\\\/20\\\/championsleague-vinicius-lidera-la-reaccion-del-real-madrid\\\/#primaryimage\",\"url\":\"https:\\\/\\\/digital58.com.ve\\\/site\\\/wp-content\\\/uploads\\\/2021\\\/10\\\/real-madrid.jpg\",\"contentUrl\":\"https:\\\/\\\/digital58.com.ve\\\/site\\\/wp-content\\\/uploads\\\/2021\\\/10\\\/real-madrid.jpg\",\"width\":900,\"height\":600},{\"@type\":\"BreadcrumbList\",\"@id\":\"https:\\\/\\\/digital58.com.ve\\\/site\\\/2021\\\/10\\\/20\\\/championsleague-vinicius-lidera-la-reaccion-del-real-madrid\\\/#breadcrumb\",\"itemListElement\":[{\"@type\":\"ListItem\",\"position\":1,\"name\":\"Home\",\"item\":\"https:\\\/\\\/digital58.com.ve\\\/site\\\/\"},{\"@type\":\"ListItem\",\"position\":2,\"name\":\"#ChampionsLeague | Vinicius lidera la reacci\u00f3n del Real Madrid\"}]},{\"@type\":\"WebSite\",\"@id\":\"https:\\\/\\\/digital58.com.ve\\\/site\\\/#website\",\"url\":\"https:\\\/\\\/digital58.com.ve\\\/site\\\/\",\"name\":\"Noticias Digital58\",\"description\":\"Portal de Noticias \u00a1Periodismo web de verdad! Lanzamiento web 22.11.2005 \\\/ Maracaibo, Venezuela\",\"publisher\":{\"@id\":\"https:\\\/\\\/digital58.com.ve\\\/site\\\/#\\\/schema\\\/person\\\/64d1c2e4d0d4fd1b849980c4331c2951\"},\"alternateName\":\"ND58\",\"potentialAction\":[{\"@type\":\"SearchAction\",\"target\":{\"@type\":\"EntryPoint\",\"urlTemplate\":\"https:\\\/\\\/digital58.com.ve\\\/site\\\/?s={search_term_string}\"},\"query-input\":{\"@type\":\"PropertyValueSpecification\",\"valueRequired\":true,\"valueName\":\"search_term_string\"}}],\"inLanguage\":\"es\"},{\"@type\":[\"Person\",\"Organization\"],\"@id\":\"https:\\\/\\\/digital58.com.ve\\\/site\\\/#\\\/schema\\\/person\\\/64d1c2e4d0d4fd1b849980c4331c2951\",\"name\":\"Villasmil Henry\",\"image\":{\"@type\":\"ImageObject\",\"inLanguage\":\"es\",\"@id\":\"https:\\\/\\\/secure.gravatar.com\\\/avatar\\\/bb0c4a2fcb7970138239f7e404ea75757b1b507b28b5ce4c53fbd62d797c5a7c?s=96&d=mm&r=g\",\"url\":\"https:\\\/\\\/secure.gravatar.com\\\/avatar\\\/bb0c4a2fcb7970138239f7e404ea75757b1b507b28b5ce4c53fbd62d797c5a7c?s=96&d=mm&r=g\",\"contentUrl\":\"https:\\\/\\\/secure.gravatar.com\\\/avatar\\\/bb0c4a2fcb7970138239f7e404ea75757b1b507b28b5ce4c53fbd62d797c5a7c?s=96&d=mm&r=g\",\"caption\":\"Villasmil Henry\"},\"logo\":{\"@id\":\"https:\\\/\\\/secure.gravatar.com\\\/avatar\\\/bb0c4a2fcb7970138239f7e404ea75757b1b507b28b5ce4c53fbd62d797c5a7c?s=96&d=mm&r=g\"},\"sameAs\":[\"http:\\\/\\\/www.henryvillasmil.com.ve\",\"https:\\\/\\\/www.instagram.com\\\/villasmilhfoto\\\/\",\"https:\\\/\\\/x.com\\\/https:\\\/\\\/twitter.com\\\/villasmilhfoto\"],\"url\":\"https:\\\/\\\/digital58.com.ve\\\/site\\\/author\\\/droopy_68\\\/\"}]}<\/script>\n<!-- \/ Yoast SEO plugin. -->","yoast_head_json":{"title":"#ChampionsLeague | Vinicius lidera la reacci\u00f3n del Real Madrid","description":"Deportes","robots":{"index":"index","follow":"follow","max-snippet":"max-snippet:-1","max-image-preview":"max-image-preview:large","max-video-preview":"max-video-preview:-1"},"canonical":"https:\/\/digital58.com.ve\/site\/2021\/10\/20\/championsleague-vinicius-lidera-la-reaccion-del-real-madrid\/","og_locale":"es_ES","og_type":"article","og_title":"#ChampionsLeague | Vinicius lidera la reacci\u00f3n del Real Madrid","og_description":"Deportes","og_url":"https:\/\/digital58.com.ve\/site\/2021\/10\/20\/championsleague-vinicius-lidera-la-reaccion-del-real-madrid\/","og_site_name":"Noticias Digital58","article_published_time":"2021-10-20T16:46:48+00:00","article_modified_time":"2021-10-20T16:48:11+00:00","og_image":[{"width":900,"height":600,"url":"https:\/\/digital58.com.ve\/site\/wp-content\/uploads\/2021\/10\/real-madrid.jpg","type":"image\/jpeg"}],"author":"Villasmil Henry","twitter_card":"summary_large_image","twitter_creator":"@https:\/\/twitter.com\/villasmilhfoto","twitter_site":"@villasmilhfoto","twitter_misc":{"Escrito por":"Villasmil Henry","Tiempo estimado de lectura":"4 minutos"},"schema":{"@context":"https:\/\/schema.org","@graph":[{"@type":"Article","@id":"https:\/\/digital58.com.ve\/site\/2021\/10\/20\/championsleague-vinicius-lidera-la-reaccion-del-real-madrid\/#article","isPartOf":{"@id":"https:\/\/digital58.com.ve\/site\/2021\/10\/20\/championsleague-vinicius-lidera-la-reaccion-del-real-madrid\/"},"author":{"name":"Villasmil Henry","@id":"https:\/\/digital58.com.ve\/site\/#\/schema\/person\/64d1c2e4d0d4fd1b849980c4331c2951"},"headline":"#ChampionsLeague | Vinicius lidera la reacci\u00f3n del Real Madrid","datePublished":"2021-10-20T16:46:48+00:00","dateModified":"2021-10-20T16:48:11+00:00","mainEntityOfPage":{"@id":"https:\/\/digital58.com.ve\/site\/2021\/10\/20\/championsleague-vinicius-lidera-la-reaccion-del-real-madrid\/"},"wordCount":757,"commentCount":0,"publisher":{"@id":"https:\/\/digital58.com.ve\/site\/#\/schema\/person\/64d1c2e4d0d4fd1b849980c4331c2951"},"image":{"@id":"https:\/\/digital58.com.ve\/site\/2021\/10\/20\/championsleague-vinicius-lidera-la-reaccion-del-real-madrid\/#primaryimage"},"thumbnailUrl":"https:\/\/digital58.com.ve\/site\/wp-content\/uploads\/2021\/10\/real-madrid.jpg","keywords":["Champions League","F\u00fatbol","F\u00fatbol Internacional","Internacionales","Liga de Campeones","Real Madrid CF","Shakhtar Donetsk","UEFA","UEFA Champions League 2021-22"],"articleSection":["Deportes"],"inLanguage":"es","potentialAction":[{"@type":"CommentAction","name":"Comment","target":["https:\/\/digital58.com.ve\/site\/2021\/10\/20\/championsleague-vinicius-lidera-la-reaccion-del-real-madrid\/#respond"]}]},{"@type":"WebPage","@id":"https:\/\/digital58.com.ve\/site\/2021\/10\/20\/championsleague-vinicius-lidera-la-reaccion-del-real-madrid\/","url":"https:\/\/digital58.com.ve\/site\/2021\/10\/20\/championsleague-vinicius-lidera-la-reaccion-del-real-madrid\/","name":"#ChampionsLeague | Vinicius lidera la reacci\u00f3n del Real Madrid","isPartOf":{"@id":"https:\/\/digital58.com.ve\/site\/#website"},"primaryImageOfPage":{"@id":"https:\/\/digital58.com.ve\/site\/2021\/10\/20\/championsleague-vinicius-lidera-la-reaccion-del-real-madrid\/#primaryimage"},"image":{"@id":"https:\/\/digital58.com.ve\/site\/2021\/10\/20\/championsleague-vinicius-lidera-la-reaccion-del-real-madrid\/#primaryimage"},"thumbnailUrl":"https:\/\/digital58.com.ve\/site\/wp-content\/uploads\/2021\/10\/real-madrid.jpg","datePublished":"2021-10-20T16:46:48+00:00","dateModified":"2021-10-20T16:48:11+00:00","description":"Deportes","breadcrumb":{"@id":"https:\/\/digital58.com.ve\/site\/2021\/10\/20\/championsleague-vinicius-lidera-la-reaccion-del-real-madrid\/#breadcrumb"},"inLanguage":"es","potentialAction":[{"@type":"ReadAction","target":["https:\/\/digital58.com.ve\/site\/2021\/10\/20\/championsleague-vinicius-lidera-la-reaccion-del-real-madrid\/"]}]},{"@type":"ImageObject","inLanguage":"es","@id":"https:\/\/digital58.com.ve\/site\/2021\/10\/20\/championsleague-vinicius-lidera-la-reaccion-del-real-madrid\/#primaryimage","url":"https:\/\/digital58.com.ve\/site\/wp-content\/uploads\/2021\/10\/real-madrid.jpg","contentUrl":"https:\/\/digital58.com.ve\/site\/wp-content\/uploads\/2021\/10\/real-madrid.jpg","width":900,"height":600},{"@type":"BreadcrumbList","@id":"https:\/\/digital58.com.ve\/site\/2021\/10\/20\/championsleague-vinicius-lidera-la-reaccion-del-real-madrid\/#breadcrumb","itemListElement":[{"@type":"ListItem","position":1,"name":"Home","item":"https:\/\/digital58.com.ve\/site\/"},{"@type":"ListItem","position":2,"name":"#ChampionsLeague | Vinicius lidera la reacci\u00f3n del Real Madrid"}]},{"@type":"WebSite","@id":"https:\/\/digital58.com.ve\/site\/#website","url":"https:\/\/digital58.com.ve\/site\/","name":"Noticias Digital58","description":"Portal de Noticias \u00a1Periodismo web de verdad! Lanzamiento web 22.11.2005 \/ Maracaibo, Venezuela","publisher":{"@id":"https:\/\/digital58.com.ve\/site\/#\/schema\/person\/64d1c2e4d0d4fd1b849980c4331c2951"},"alternateName":"ND58","potentialAction":[{"@type":"SearchAction","target":{"@type":"EntryPoint","urlTemplate":"https:\/\/digital58.com.ve\/site\/?s={search_term_string}"},"query-input":{"@type":"PropertyValueSpecification","valueRequired":true,"valueName":"search_term_string"}}],"inLanguage":"es"},{"@type":["Person","Organization"],"@id":"https:\/\/digital58.com.ve\/site\/#\/schema\/person\/64d1c2e4d0d4fd1b849980c4331c2951","name":"Villasmil Henry","image":{"@type":"ImageObject","inLanguage":"es","@id":"https:\/\/secure.gravatar.com\/avatar\/bb0c4a2fcb7970138239f7e404ea75757b1b507b28b5ce4c53fbd62d797c5a7c?s=96&d=mm&r=g","url":"https:\/\/secure.gravatar.com\/avatar\/bb0c4a2fcb7970138239f7e404ea75757b1b507b28b5ce4c53fbd62d797c5a7c?s=96&d=mm&r=g","contentUrl":"https:\/\/secure.gravatar.com\/avatar\/bb0c4a2fcb7970138239f7e404ea75757b1b507b28b5ce4c53fbd62d797c5a7c?s=96&d=mm&r=g","caption":"Villasmil Henry"},"logo":{"@id":"https:\/\/secure.gravatar.com\/avatar\/bb0c4a2fcb7970138239f7e404ea75757b1b507b28b5ce4c53fbd62d797c5a7c?s=96&d=mm&r=g"},"sameAs":["http:\/\/www.henryvillasmil.com.ve","https:\/\/www.instagram.com\/villasmilhfoto\/","https:\/\/x.com\/https:\/\/twitter.com\/villasmilhfoto"],"url":"https:\/\/digital58.com.ve\/site\/author\/droopy_68\/"}]}},"uagb_featured_image_src":{"full":["https:\/\/digital58.com.ve\/site\/wp-content\/uploads\/2021\/10\/real-madrid.jpg",900,600,false],"thumbnail":["https:\/\/digital58.com.ve\/site\/wp-content\/uploads\/2021\/10\/real-madrid-150x150.jpg",150,150,true],"medium":["https:\/\/digital58.com.ve\/site\/wp-content\/uploads\/2021\/10\/real-madrid-300x200.jpg",300,200,true],"medium_large":["https:\/\/digital58.com.ve\/site\/wp-content\/uploads\/2021\/10\/real-madrid-768x512.jpg",768,512,true],"large":["https:\/\/digital58.com.ve\/site\/wp-content\/uploads\/2021\/10\/real-madrid.jpg",800,533,false],"1536x1536":["https:\/\/digital58.com.ve\/site\/wp-content\/uploads\/2021\/10\/real-madrid.jpg",900,600,false],"2048x2048":["https:\/\/digital58.com.ve\/site\/wp-content\/uploads\/2021\/10\/real-madrid.jpg",900,600,false],"colormag-highlighted-post":["https:\/\/digital58.com.ve\/site\/wp-content\/uploads\/2021\/10\/real-madrid.jpg",392,261,false],"colormag-featured-post-medium":["https:\/\/digital58.com.ve\/site\/wp-content\/uploads\/2021\/10\/real-madrid.jpg",308,205,false],"colormag-featured-post-small":["https:\/\/digital58.com.ve\/site\/wp-content\/uploads\/2021\/10\/real-madrid.jpg",130,87,false],"colormag-featured-image":["https:\/\/digital58.com.ve\/site\/wp-content\/uploads\/2021\/10\/real-madrid.jpg",668,445,false],"colormag-default-news":["https:\/\/digital58.com.ve\/site\/wp-content\/uploads\/2021\/10\/real-madrid.jpg",150,100,false],"colormag-featured-image-large":["https:\/\/digital58.com.ve\/site\/wp-content\/uploads\/2021\/10\/real-madrid.jpg",900,600,false]},"uagb_author_info":{"display_name":"Villasmil Henry","author_link":"https:\/\/digital58.com.ve\/site\/author\/droopy_68\/"},"uagb_comment_info":0,"uagb_excerpt":"La semana del cl\u00e1sico demandaba una reacci\u00f3n inmediata del Real Madrid a su primer bache de resultados. Internacionales, 20 de","_links":{"self":[{"href":"https:\/\/digital58.com.ve\/site\/wp-json\/wp\/v2\/posts\/144098","targetHints":{"allow":["GET"]}}],"collection":[{"href":"https:\/\/digital58.com.ve\/site\/wp-json\/wp\/v2\/posts"}],"about":[{"href":"https:\/\/digital58.com.ve\/site\/wp-json\/wp\/v2\/types\/post"}],"author":[{"embeddable":true,"href":"https:\/\/digital58.com.ve\/site\/wp-json\/wp\/v2\/users\/1"}],"replies":[{"embeddable":true,"href":"https:\/\/digital58.com.ve\/site\/wp-json\/wp\/v2\/comments?post=144098"}],"version-history":[{"count":0,"href":"https:\/\/digital58.com.ve\/site\/wp-json\/wp\/v2\/posts\/144098\/revisions"}],"wp:featuredmedia":[{"embeddable":true,"href":"https:\/\/digital58.com.ve\/site\/wp-json\/wp\/v2\/media\/144099"}],"wp:attachment":[{"href":"https:\/\/digital58.com.ve\/site\/wp-json\/wp\/v2\/media?parent=144098"}],"wp:term":[{"taxonomy":"category","embeddable":true,"href":"https:\/\/digital58.com.ve\/site\/wp-json\/wp\/v2\/categories?post=144098"},{"taxonomy":"post_tag","embeddable":true,"href":"https:\/\/digital58.com.ve\/site\/wp-json\/wp\/v2\/tags?post=144098"}],"curies":[{"name":"wp","href":"https:\/\/api.w.org\/{rel}","templated":true}]}}