{"id":144132,"date":"2021-10-20T16:29:37","date_gmt":"2021-10-20T20:29:37","guid":{"rendered":"https:\/\/digital58.com.ve\/site\/?p=144132"},"modified":"2021-10-20T16:29:37","modified_gmt":"2021-10-20T20:29:37","slug":"venezuela-denuncia-ante-bachelet-la-persecucion-contra-migrantes-en-colombia","status":"publish","type":"post","link":"https:\/\/digital58.com.ve\/site\/2021\/10\/20\/venezuela-denuncia-ante-bachelet-la-persecucion-contra-migrantes-en-colombia\/","title":{"rendered":"Venezuela denuncia ante Bachelet la persecuci\u00f3n contra migrantes en Colombia"},"content":{"rendered":"<p><a href=\"https:\/\/digital58.com.ve\/site\/wp-content\/uploads\/2020\/10\/delcy-rodriguez.jpg\"><img loading=\"lazy\" decoding=\"async\" class=\"aligncenter size-full wp-image-131886\" src=\"https:\/\/digital58.com.ve\/site\/wp-content\/uploads\/2020\/10\/delcy-rodriguez.jpg\" alt=\"\" width=\"900\" height=\"600\" srcset=\"https:\/\/digital58.com.ve\/site\/wp-content\/uploads\/2020\/10\/delcy-rodriguez.jpg 800w, https:\/\/digital58.com.ve\/site\/wp-content\/uploads\/2020\/10\/delcy-rodriguez-300x200.jpg 300w, https:\/\/digital58.com.ve\/site\/wp-content\/uploads\/2020\/10\/delcy-rodriguez-768x512.jpg 768w, https:\/\/digital58.com.ve\/site\/wp-content\/uploads\/2020\/10\/delcy-rodriguez-720x480.jpg 720w, https:\/\/digital58.com.ve\/site\/wp-content\/uploads\/2020\/10\/delcy-rodriguez-480x320.jpg 480w\" sizes=\"auto, (max-width: 900px) 100vw, 900px\" \/><\/a><\/p>\n<p>El Gobierno de Venezuela envi\u00f3 este mi\u00e9rcoles una comunicaci\u00f3n a la alta comisionada para los Derechos Humanos de la ONU, Michelle Bachelet, en la que denunci\u00f3 \u00abla grave pol\u00edtica de persecuci\u00f3n, xenofobia y violencia\u00bb que ejecuta Colombia contra migrantes venezolanos, y por la que responsabilizan al presidente Iv\u00e1n Duque.<\/p>\n<p><strong>Caracas, DC, Venezuela, 20 de octubre de 2021 (ND58).-<\/strong> La vicepresidenta ejecutiva, Delcy Rodr\u00edguez, ley\u00f3 el documento enviado a Bachelet en el que Venezuela solicit\u00f3 la \u00abparticipaci\u00f3n activa\u00bb de la alta comisionada, ante \u00abla privaci\u00f3n de derechos fundamentales\u00bb de la poblaci\u00f3n venezolana en Colombia, que ha derivado en \u00abcr\u00edmenes de lesa humanidad\u00bb, seg\u00fan refiere la misiva le\u00edda en transmisi\u00f3n del canal estatal VTV.<\/p>\n<p>Adem\u00e1s, piden a Bachelet \u00abasegurar\u00bb que los cr\u00edmenes recientemente denunciados por el Gobierno por los asesinatos de venezolanos en territorio colombiano sean investigados y haya sanci\u00f3n para los \u00abresponsables por acci\u00f3n u omisi\u00f3n\u00bb.<\/p>\n<p>Recientemente, el Gobierno anunci\u00f3 que elevar\u00e1 una denuncia ante la Corte Penal Internacional (CPI) en contra del presidente colombiano por la \u00abpersecuci\u00f3n\u00bb y el \u00abexterminio\u00bb de venezolanos, despu\u00e9s de culparlo del asesinato de dos j\u00f3venes en el pa\u00eds vecino.<\/p>\n<p>La acusaci\u00f3n contra Duque incluir\u00e1, seg\u00fan refiri\u00f3 el presidente Nicol\u00e1s Maduro, la muerte de dos j\u00f3venes \u2014uno menor de edad y otro de 18 a\u00f1os\u2014 el pasado 8 de octubre, despu\u00e9s de ser detenidos cuando, supuestamente, robaban en un comercio de Tib\u00fa, en el departamento de Norte de Santander, y la desaparici\u00f3n de \u00abm\u00e1s de 860 migrantes venezolanos\u00bb.<\/p>\n<p>El texto puntualiza que los hechos \u00abson el resultado de una campa\u00f1a sostenida de estigmatizaci\u00f3n y xenofobia impulsada por las m\u00e1s altas autoridades de Colombia, en clara violaci\u00f3n a sus obligaciones internacionales en materia de protecci\u00f3n de los derechos humanos\u00bb.<\/p>\n<p>Venezuela expuso a Bachelet que se trata de acciones ejecutadas de forma \u00absistem\u00e1tica y consciente\u00bb, que se producen a la vez que las autoridades colombianas \u00absolicitan y reciben recursos de la comunidad internacional para, en apariencia, fortalecer programas de atenci\u00f3n a la poblaci\u00f3n migrante\u00bb.<\/p>\n<p>\u00abLas acciones u omisiones de las autoridades colombianas en la protecci\u00f3n de los derechos humanos de los migrantes venezolanos tienen un impacto real expresado mediante los actos de odio y xenofobia y de discriminaci\u00f3n contra los venezolanos\u00bb, dice la carta.<\/p>\n<p>Asimismo, citan cifras del Instituto Nacional de Medicina Legal y Ciencias Forenses de Colombia y ONG que defienden los derechos humanos que expresan que \u00abentre los a\u00f1os 2017 y 2020 un total de 2.061 venezolanos resultaron asesinados en la rep\u00fablica de Colombia\u00bb.<\/p>\n<p>Detallan, adem\u00e1s, que en 2021 han sido asesinados en Colombia 362 ciudadanos venezolanos y en los \u00faltimos 5 a\u00f1os un total de 836 migrantes del pa\u00eds caribe\u00f1o fueron reportados como desaparecidos.<\/p>\n<p><strong>Redacci\u00f3n ND58 | Fuente: EFE<\/strong><br \/>\n<strong>Edici\u00f3n: Villasmil, Henry<\/strong><br \/>\n<strong>Gr\u00e1fica: EFE<\/strong><\/p><div class=\"oajaz69f2d3a161a49\" ><p style=\"text-align: center;\"><a href=\"https:\/\/t.me\/noticiasdigital58\" target=\"_blank\" rel=\"noopener\"><img class=\"aligncenter size-full wp-image-125363\" src=\"https:\/\/digital58.com.ve\/site\/wp-content\/uploads\/2021\/04\/banner-telegram-web-2021.png\" alt=\"\" width=\"600\" height=\"90\" \/><\/a><\/p><\/div><style type=\"text\/css\">\r\n@media screen and (min-width: 1201px) {\r\n.oajaz69f2d3a161a49 {\r\ndisplay: block;\r\n}\r\n}\r\n@media screen and (min-width: 993px) and (max-width: 1200px) {\r\n.oajaz69f2d3a161a49 {\r\ndisplay: block;\r\n}\r\n}\r\n@media screen and (min-width: 769px) and (max-width: 992px) {\r\n.oajaz69f2d3a161a49 {\r\ndisplay: block;\r\n}\r\n}\r\n@media screen and (min-width: 768px) and (max-width: 768px) {\r\n.oajaz69f2d3a161a49 {\r\ndisplay: block;\r\n}\r\n}\r\n@media screen and (max-width: 767px) {\r\n.oajaz69f2d3a161a49 {\r\ndisplay: block;\r\n}\r\n}\r\n<\/style>\r\n\n<p>&nbsp;<\/p>\n<div style=\"margin-top: 0px; margin-bottom: 0px;\" class=\"sharethis-inline-share-buttons\" ><\/div>","protected":false},"excerpt":{"rendered":"<p>El Gobierno de Venezuela envi\u00f3 este mi\u00e9rcoles una comunicaci\u00f3n a la alta comisionada para los Derechos Humanos de la ONU,<\/p>\n","protected":false},"author":1,"featured_media":131886,"comment_status":"open","ping_status":"closed","sticky":false,"template":"","format":"standard","meta":{"colormag_page_container_layout":"default_layout","colormag_page_sidebar_layout":"default_layout","_uag_custom_page_level_css":"","footnotes":""},"categories":[16454],"tags":[98,18794,13753,5223,13852,14166,233,23603,16482],"class_list":["post-144132","post","type-post","status-publish","format-standard","has-post-thumbnail","hentry","category-venezuela","tag-colombia","tag-corte-penal-internacional","tag-delcy-rodiguez","tag-denuncias","tag-michelle-bachelet","tag-migrantes-venezolanos","tag-nacionales","tag-vicepresidenta-ejecutiva-de-venezuela","tag-xenofobia"],"yoast_head":"<!-- This site is optimized with the Yoast SEO plugin v27.5 - https:\/\/yoast.com\/product\/yoast-seo-wordpress\/ -->\n<title>Venezuela denuncia ante Bachelet la persecuci\u00f3n contra migrantes en Colombia<\/title>\n<meta name=\"description\" content=\"Venezuela\" \/>\n<meta name=\"robots\" content=\"index, follow, max-snippet:-1, max-image-preview:large, max-video-preview:-1\" \/>\n<link rel=\"canonical\" href=\"https:\/\/digital58.com.ve\/site\/2021\/10\/20\/venezuela-denuncia-ante-bachelet-la-persecucion-contra-migrantes-en-colombia\/\" \/>\n<meta property=\"og:locale\" content=\"es_ES\" \/>\n<meta property=\"og:type\" content=\"article\" \/>\n<meta property=\"og:title\" content=\"Venezuela denuncia ante Bachelet la persecuci\u00f3n contra migrantes en Colombia\" \/>\n<meta property=\"og:description\" content=\"Venezuela\" \/>\n<meta property=\"og:url\" content=\"https:\/\/digital58.com.ve\/site\/2021\/10\/20\/venezuela-denuncia-ante-bachelet-la-persecucion-contra-migrantes-en-colombia\/\" \/>\n<meta property=\"og:site_name\" content=\"Noticias Digital58\" \/>\n<meta property=\"article:published_time\" content=\"2021-10-20T20:29:37+00:00\" \/>\n<meta property=\"og:image\" content=\"https:\/\/digital58.com.ve\/site\/wp-content\/uploads\/2020\/10\/delcy-rodriguez.jpg\" \/>\n\t<meta property=\"og:image:width\" content=\"900\" \/>\n\t<meta property=\"og:image:height\" content=\"600\" \/>\n\t<meta property=\"og:image:type\" content=\"image\/jpeg\" \/>\n<meta name=\"author\" content=\"Villasmil Henry\" \/>\n<meta name=\"twitter:card\" content=\"summary_large_image\" \/>\n<meta name=\"twitter:creator\" content=\"@https:\/\/twitter.com\/villasmilhfoto\" \/>\n<meta name=\"twitter:site\" content=\"@villasmilhfoto\" \/>\n<meta name=\"twitter:label1\" content=\"Escrito por\" \/>\n\t<meta name=\"twitter:data1\" content=\"Villasmil Henry\" \/>\n\t<meta name=\"twitter:label2\" content=\"Tiempo estimado de lectura\" \/>\n\t<meta name=\"twitter:data2\" content=\"3 minutos\" \/>\n<script type=\"application\/ld+json\" class=\"yoast-schema-graph\">{\"@context\":\"https:\\\/\\\/schema.org\",\"@graph\":[{\"@type\":\"Article\",\"@id\":\"https:\\\/\\\/digital58.com.ve\\\/site\\\/2021\\\/10\\\/20\\\/venezuela-denuncia-ante-bachelet-la-persecucion-contra-migrantes-en-colombia\\\/#article\",\"isPartOf\":{\"@id\":\"https:\\\/\\\/digital58.com.ve\\\/site\\\/2021\\\/10\\\/20\\\/venezuela-denuncia-ante-bachelet-la-persecucion-contra-migrantes-en-colombia\\\/\"},\"author\":{\"name\":\"Villasmil Henry\",\"@id\":\"https:\\\/\\\/digital58.com.ve\\\/site\\\/#\\\/schema\\\/person\\\/64d1c2e4d0d4fd1b849980c4331c2951\"},\"headline\":\"Venezuela denuncia ante Bachelet la persecuci\u00f3n contra migrantes en Colombia\",\"datePublished\":\"2021-10-20T20:29:37+00:00\",\"mainEntityOfPage\":{\"@id\":\"https:\\\/\\\/digital58.com.ve\\\/site\\\/2021\\\/10\\\/20\\\/venezuela-denuncia-ante-bachelet-la-persecucion-contra-migrantes-en-colombia\\\/\"},\"wordCount\":498,\"commentCount\":0,\"publisher\":{\"@id\":\"https:\\\/\\\/digital58.com.ve\\\/site\\\/#\\\/schema\\\/person\\\/64d1c2e4d0d4fd1b849980c4331c2951\"},\"image\":{\"@id\":\"https:\\\/\\\/digital58.com.ve\\\/site\\\/2021\\\/10\\\/20\\\/venezuela-denuncia-ante-bachelet-la-persecucion-contra-migrantes-en-colombia\\\/#primaryimage\"},\"thumbnailUrl\":\"https:\\\/\\\/digital58.com.ve\\\/site\\\/wp-content\\\/uploads\\\/2020\\\/10\\\/delcy-rodriguez.jpg\",\"keywords\":[\"Colombia\",\"Corte Penal Internacional\",\"Delcy Rod\u00edguez\",\"Denuncias\",\"Michelle Bachelet\",\"Migrantes venezolanos\",\"Nacionales\",\"Vicepresidenta ejecutiva de Venezuela\",\"xenofobia\"],\"articleSection\":[\"Venezuela\"],\"inLanguage\":\"es\",\"potentialAction\":[{\"@type\":\"CommentAction\",\"name\":\"Comment\",\"target\":[\"https:\\\/\\\/digital58.com.ve\\\/site\\\/2021\\\/10\\\/20\\\/venezuela-denuncia-ante-bachelet-la-persecucion-contra-migrantes-en-colombia\\\/#respond\"]}]},{\"@type\":\"WebPage\",\"@id\":\"https:\\\/\\\/digital58.com.ve\\\/site\\\/2021\\\/10\\\/20\\\/venezuela-denuncia-ante-bachelet-la-persecucion-contra-migrantes-en-colombia\\\/\",\"url\":\"https:\\\/\\\/digital58.com.ve\\\/site\\\/2021\\\/10\\\/20\\\/venezuela-denuncia-ante-bachelet-la-persecucion-contra-migrantes-en-colombia\\\/\",\"name\":\"Venezuela denuncia ante Bachelet la persecuci\u00f3n contra migrantes en Colombia\",\"isPartOf\":{\"@id\":\"https:\\\/\\\/digital58.com.ve\\\/site\\\/#website\"},\"primaryImageOfPage\":{\"@id\":\"https:\\\/\\\/digital58.com.ve\\\/site\\\/2021\\\/10\\\/20\\\/venezuela-denuncia-ante-bachelet-la-persecucion-contra-migrantes-en-colombia\\\/#primaryimage\"},\"image\":{\"@id\":\"https:\\\/\\\/digital58.com.ve\\\/site\\\/2021\\\/10\\\/20\\\/venezuela-denuncia-ante-bachelet-la-persecucion-contra-migrantes-en-colombia\\\/#primaryimage\"},\"thumbnailUrl\":\"https:\\\/\\\/digital58.com.ve\\\/site\\\/wp-content\\\/uploads\\\/2020\\\/10\\\/delcy-rodriguez.jpg\",\"datePublished\":\"2021-10-20T20:29:37+00:00\",\"description\":\"Venezuela\",\"breadcrumb\":{\"@id\":\"https:\\\/\\\/digital58.com.ve\\\/site\\\/2021\\\/10\\\/20\\\/venezuela-denuncia-ante-bachelet-la-persecucion-contra-migrantes-en-colombia\\\/#breadcrumb\"},\"inLanguage\":\"es\",\"potentialAction\":[{\"@type\":\"ReadAction\",\"target\":[\"https:\\\/\\\/digital58.com.ve\\\/site\\\/2021\\\/10\\\/20\\\/venezuela-denuncia-ante-bachelet-la-persecucion-contra-migrantes-en-colombia\\\/\"]}]},{\"@type\":\"ImageObject\",\"inLanguage\":\"es\",\"@id\":\"https:\\\/\\\/digital58.com.ve\\\/site\\\/2021\\\/10\\\/20\\\/venezuela-denuncia-ante-bachelet-la-persecucion-contra-migrantes-en-colombia\\\/#primaryimage\",\"url\":\"https:\\\/\\\/digital58.com.ve\\\/site\\\/wp-content\\\/uploads\\\/2020\\\/10\\\/delcy-rodriguez.jpg\",\"contentUrl\":\"https:\\\/\\\/digital58.com.ve\\\/site\\\/wp-content\\\/uploads\\\/2020\\\/10\\\/delcy-rodriguez.jpg\",\"width\":800,\"height\":533},{\"@type\":\"BreadcrumbList\",\"@id\":\"https:\\\/\\\/digital58.com.ve\\\/site\\\/2021\\\/10\\\/20\\\/venezuela-denuncia-ante-bachelet-la-persecucion-contra-migrantes-en-colombia\\\/#breadcrumb\",\"itemListElement\":[{\"@type\":\"ListItem\",\"position\":1,\"name\":\"Home\",\"item\":\"https:\\\/\\\/digital58.com.ve\\\/site\\\/\"},{\"@type\":\"ListItem\",\"position\":2,\"name\":\"Venezuela denuncia ante Bachelet la persecuci\u00f3n contra migrantes en Colombia\"}]},{\"@type\":\"WebSite\",\"@id\":\"https:\\\/\\\/digital58.com.ve\\\/site\\\/#website\",\"url\":\"https:\\\/\\\/digital58.com.ve\\\/site\\\/\",\"name\":\"Noticias Digital58\",\"description\":\"Portal de Noticias \u00a1Periodismo web de verdad! Lanzamiento web 22.11.2005 \\\/ Maracaibo, Venezuela\",\"publisher\":{\"@id\":\"https:\\\/\\\/digital58.com.ve\\\/site\\\/#\\\/schema\\\/person\\\/64d1c2e4d0d4fd1b849980c4331c2951\"},\"alternateName\":\"ND58\",\"potentialAction\":[{\"@type\":\"SearchAction\",\"target\":{\"@type\":\"EntryPoint\",\"urlTemplate\":\"https:\\\/\\\/digital58.com.ve\\\/site\\\/?s={search_term_string}\"},\"query-input\":{\"@type\":\"PropertyValueSpecification\",\"valueRequired\":true,\"valueName\":\"search_term_string\"}}],\"inLanguage\":\"es\"},{\"@type\":[\"Person\",\"Organization\"],\"@id\":\"https:\\\/\\\/digital58.com.ve\\\/site\\\/#\\\/schema\\\/person\\\/64d1c2e4d0d4fd1b849980c4331c2951\",\"name\":\"Villasmil Henry\",\"image\":{\"@type\":\"ImageObject\",\"inLanguage\":\"es\",\"@id\":\"https:\\\/\\\/secure.gravatar.com\\\/avatar\\\/bb0c4a2fcb7970138239f7e404ea75757b1b507b28b5ce4c53fbd62d797c5a7c?s=96&d=mm&r=g\",\"url\":\"https:\\\/\\\/secure.gravatar.com\\\/avatar\\\/bb0c4a2fcb7970138239f7e404ea75757b1b507b28b5ce4c53fbd62d797c5a7c?s=96&d=mm&r=g\",\"contentUrl\":\"https:\\\/\\\/secure.gravatar.com\\\/avatar\\\/bb0c4a2fcb7970138239f7e404ea75757b1b507b28b5ce4c53fbd62d797c5a7c?s=96&d=mm&r=g\",\"caption\":\"Villasmil Henry\"},\"logo\":{\"@id\":\"https:\\\/\\\/secure.gravatar.com\\\/avatar\\\/bb0c4a2fcb7970138239f7e404ea75757b1b507b28b5ce4c53fbd62d797c5a7c?s=96&d=mm&r=g\"},\"sameAs\":[\"http:\\\/\\\/www.henryvillasmil.com.ve\",\"https:\\\/\\\/www.instagram.com\\\/villasmilhfoto\\\/\",\"https:\\\/\\\/x.com\\\/https:\\\/\\\/twitter.com\\\/villasmilhfoto\"],\"url\":\"https:\\\/\\\/digital58.com.ve\\\/site\\\/author\\\/droopy_68\\\/\"}]}<\/script>\n<!-- \/ Yoast SEO plugin. -->","yoast_head_json":{"title":"Venezuela denuncia ante Bachelet la persecuci\u00f3n contra migrantes en Colombia","description":"Venezuela","robots":{"index":"index","follow":"follow","max-snippet":"max-snippet:-1","max-image-preview":"max-image-preview:large","max-video-preview":"max-video-preview:-1"},"canonical":"https:\/\/digital58.com.ve\/site\/2021\/10\/20\/venezuela-denuncia-ante-bachelet-la-persecucion-contra-migrantes-en-colombia\/","og_locale":"es_ES","og_type":"article","og_title":"Venezuela denuncia ante Bachelet la persecuci\u00f3n contra migrantes en Colombia","og_description":"Venezuela","og_url":"https:\/\/digital58.com.ve\/site\/2021\/10\/20\/venezuela-denuncia-ante-bachelet-la-persecucion-contra-migrantes-en-colombia\/","og_site_name":"Noticias Digital58","article_published_time":"2021-10-20T20:29:37+00:00","og_image":[{"width":900,"height":600,"url":"https:\/\/digital58.com.ve\/site\/wp-content\/uploads\/2020\/10\/delcy-rodriguez.jpg","type":"image\/jpeg"}],"author":"Villasmil Henry","twitter_card":"summary_large_image","twitter_creator":"@https:\/\/twitter.com\/villasmilhfoto","twitter_site":"@villasmilhfoto","twitter_misc":{"Escrito por":"Villasmil Henry","Tiempo estimado de lectura":"3 minutos"},"schema":{"@context":"https:\/\/schema.org","@graph":[{"@type":"Article","@id":"https:\/\/digital58.com.ve\/site\/2021\/10\/20\/venezuela-denuncia-ante-bachelet-la-persecucion-contra-migrantes-en-colombia\/#article","isPartOf":{"@id":"https:\/\/digital58.com.ve\/site\/2021\/10\/20\/venezuela-denuncia-ante-bachelet-la-persecucion-contra-migrantes-en-colombia\/"},"author":{"name":"Villasmil Henry","@id":"https:\/\/digital58.com.ve\/site\/#\/schema\/person\/64d1c2e4d0d4fd1b849980c4331c2951"},"headline":"Venezuela denuncia ante Bachelet la persecuci\u00f3n contra migrantes en Colombia","datePublished":"2021-10-20T20:29:37+00:00","mainEntityOfPage":{"@id":"https:\/\/digital58.com.ve\/site\/2021\/10\/20\/venezuela-denuncia-ante-bachelet-la-persecucion-contra-migrantes-en-colombia\/"},"wordCount":498,"commentCount":0,"publisher":{"@id":"https:\/\/digital58.com.ve\/site\/#\/schema\/person\/64d1c2e4d0d4fd1b849980c4331c2951"},"image":{"@id":"https:\/\/digital58.com.ve\/site\/2021\/10\/20\/venezuela-denuncia-ante-bachelet-la-persecucion-contra-migrantes-en-colombia\/#primaryimage"},"thumbnailUrl":"https:\/\/digital58.com.ve\/site\/wp-content\/uploads\/2020\/10\/delcy-rodriguez.jpg","keywords":["Colombia","Corte Penal Internacional","Delcy Rod\u00edguez","Denuncias","Michelle Bachelet","Migrantes venezolanos","Nacionales","Vicepresidenta ejecutiva de Venezuela","xenofobia"],"articleSection":["Venezuela"],"inLanguage":"es","potentialAction":[{"@type":"CommentAction","name":"Comment","target":["https:\/\/digital58.com.ve\/site\/2021\/10\/20\/venezuela-denuncia-ante-bachelet-la-persecucion-contra-migrantes-en-colombia\/#respond"]}]},{"@type":"WebPage","@id":"https:\/\/digital58.com.ve\/site\/2021\/10\/20\/venezuela-denuncia-ante-bachelet-la-persecucion-contra-migrantes-en-colombia\/","url":"https:\/\/digital58.com.ve\/site\/2021\/10\/20\/venezuela-denuncia-ante-bachelet-la-persecucion-contra-migrantes-en-colombia\/","name":"Venezuela denuncia ante Bachelet la persecuci\u00f3n contra migrantes en Colombia","isPartOf":{"@id":"https:\/\/digital58.com.ve\/site\/#website"},"primaryImageOfPage":{"@id":"https:\/\/digital58.com.ve\/site\/2021\/10\/20\/venezuela-denuncia-ante-bachelet-la-persecucion-contra-migrantes-en-colombia\/#primaryimage"},"image":{"@id":"https:\/\/digital58.com.ve\/site\/2021\/10\/20\/venezuela-denuncia-ante-bachelet-la-persecucion-contra-migrantes-en-colombia\/#primaryimage"},"thumbnailUrl":"https:\/\/digital58.com.ve\/site\/wp-content\/uploads\/2020\/10\/delcy-rodriguez.jpg","datePublished":"2021-10-20T20:29:37+00:00","description":"Venezuela","breadcrumb":{"@id":"https:\/\/digital58.com.ve\/site\/2021\/10\/20\/venezuela-denuncia-ante-bachelet-la-persecucion-contra-migrantes-en-colombia\/#breadcrumb"},"inLanguage":"es","potentialAction":[{"@type":"ReadAction","target":["https:\/\/digital58.com.ve\/site\/2021\/10\/20\/venezuela-denuncia-ante-bachelet-la-persecucion-contra-migrantes-en-colombia\/"]}]},{"@type":"ImageObject","inLanguage":"es","@id":"https:\/\/digital58.com.ve\/site\/2021\/10\/20\/venezuela-denuncia-ante-bachelet-la-persecucion-contra-migrantes-en-colombia\/#primaryimage","url":"https:\/\/digital58.com.ve\/site\/wp-content\/uploads\/2020\/10\/delcy-rodriguez.jpg","contentUrl":"https:\/\/digital58.com.ve\/site\/wp-content\/uploads\/2020\/10\/delcy-rodriguez.jpg","width":800,"height":533},{"@type":"BreadcrumbList","@id":"https:\/\/digital58.com.ve\/site\/2021\/10\/20\/venezuela-denuncia-ante-bachelet-la-persecucion-contra-migrantes-en-colombia\/#breadcrumb","itemListElement":[{"@type":"ListItem","position":1,"name":"Home","item":"https:\/\/digital58.com.ve\/site\/"},{"@type":"ListItem","position":2,"name":"Venezuela denuncia ante Bachelet la persecuci\u00f3n contra migrantes en Colombia"}]},{"@type":"WebSite","@id":"https:\/\/digital58.com.ve\/site\/#website","url":"https:\/\/digital58.com.ve\/site\/","name":"Noticias Digital58","description":"Portal de Noticias \u00a1Periodismo web de verdad! Lanzamiento web 22.11.2005 \/ Maracaibo, Venezuela","publisher":{"@id":"https:\/\/digital58.com.ve\/site\/#\/schema\/person\/64d1c2e4d0d4fd1b849980c4331c2951"},"alternateName":"ND58","potentialAction":[{"@type":"SearchAction","target":{"@type":"EntryPoint","urlTemplate":"https:\/\/digital58.com.ve\/site\/?s={search_term_string}"},"query-input":{"@type":"PropertyValueSpecification","valueRequired":true,"valueName":"search_term_string"}}],"inLanguage":"es"},{"@type":["Person","Organization"],"@id":"https:\/\/digital58.com.ve\/site\/#\/schema\/person\/64d1c2e4d0d4fd1b849980c4331c2951","name":"Villasmil Henry","image":{"@type":"ImageObject","inLanguage":"es","@id":"https:\/\/secure.gravatar.com\/avatar\/bb0c4a2fcb7970138239f7e404ea75757b1b507b28b5ce4c53fbd62d797c5a7c?s=96&d=mm&r=g","url":"https:\/\/secure.gravatar.com\/avatar\/bb0c4a2fcb7970138239f7e404ea75757b1b507b28b5ce4c53fbd62d797c5a7c?s=96&d=mm&r=g","contentUrl":"https:\/\/secure.gravatar.com\/avatar\/bb0c4a2fcb7970138239f7e404ea75757b1b507b28b5ce4c53fbd62d797c5a7c?s=96&d=mm&r=g","caption":"Villasmil Henry"},"logo":{"@id":"https:\/\/secure.gravatar.com\/avatar\/bb0c4a2fcb7970138239f7e404ea75757b1b507b28b5ce4c53fbd62d797c5a7c?s=96&d=mm&r=g"},"sameAs":["http:\/\/www.henryvillasmil.com.ve","https:\/\/www.instagram.com\/villasmilhfoto\/","https:\/\/x.com\/https:\/\/twitter.com\/villasmilhfoto"],"url":"https:\/\/digital58.com.ve\/site\/author\/droopy_68\/"}]}},"uagb_featured_image_src":{"full":["https:\/\/digital58.com.ve\/site\/wp-content\/uploads\/2020\/10\/delcy-rodriguez.jpg",800,533,false],"thumbnail":["https:\/\/digital58.com.ve\/site\/wp-content\/uploads\/2020\/10\/delcy-rodriguez-150x150.jpg",150,150,true],"medium":["https:\/\/digital58.com.ve\/site\/wp-content\/uploads\/2020\/10\/delcy-rodriguez-300x200.jpg",300,200,true],"medium_large":["https:\/\/digital58.com.ve\/site\/wp-content\/uploads\/2020\/10\/delcy-rodriguez-768x512.jpg",768,512,true],"large":["https:\/\/digital58.com.ve\/site\/wp-content\/uploads\/2020\/10\/delcy-rodriguez.jpg",800,533,false],"1536x1536":["https:\/\/digital58.com.ve\/site\/wp-content\/uploads\/2020\/10\/delcy-rodriguez.jpg",800,533,false],"2048x2048":["https:\/\/digital58.com.ve\/site\/wp-content\/uploads\/2020\/10\/delcy-rodriguez.jpg",800,533,false],"colormag-highlighted-post":["https:\/\/digital58.com.ve\/site\/wp-content\/uploads\/2020\/10\/delcy-rodriguez.jpg",392,261,false],"colormag-featured-post-medium":["https:\/\/digital58.com.ve\/site\/wp-content\/uploads\/2020\/10\/delcy-rodriguez.jpg",308,205,false],"colormag-featured-post-small":["https:\/\/digital58.com.ve\/site\/wp-content\/uploads\/2020\/10\/delcy-rodriguez.jpg",130,87,false],"colormag-featured-image":["https:\/\/digital58.com.ve\/site\/wp-content\/uploads\/2020\/10\/delcy-rodriguez.jpg",668,445,false],"colormag-default-news":["https:\/\/digital58.com.ve\/site\/wp-content\/uploads\/2020\/10\/delcy-rodriguez.jpg",150,100,false],"colormag-featured-image-large":["https:\/\/digital58.com.ve\/site\/wp-content\/uploads\/2020\/10\/delcy-rodriguez.jpg",800,533,false]},"uagb_author_info":{"display_name":"Villasmil Henry","author_link":"https:\/\/digital58.com.ve\/site\/author\/droopy_68\/"},"uagb_comment_info":0,"uagb_excerpt":"El Gobierno de Venezuela envi\u00f3 este mi\u00e9rcoles una comunicaci\u00f3n a la alta comisionada para los Derechos Humanos de la ONU,","_links":{"self":[{"href":"https:\/\/digital58.com.ve\/site\/wp-json\/wp\/v2\/posts\/144132","targetHints":{"allow":["GET"]}}],"collection":[{"href":"https:\/\/digital58.com.ve\/site\/wp-json\/wp\/v2\/posts"}],"about":[{"href":"https:\/\/digital58.com.ve\/site\/wp-json\/wp\/v2\/types\/post"}],"author":[{"embeddable":true,"href":"https:\/\/digital58.com.ve\/site\/wp-json\/wp\/v2\/users\/1"}],"replies":[{"embeddable":true,"href":"https:\/\/digital58.com.ve\/site\/wp-json\/wp\/v2\/comments?post=144132"}],"version-history":[{"count":0,"href":"https:\/\/digital58.com.ve\/site\/wp-json\/wp\/v2\/posts\/144132\/revisions"}],"wp:featuredmedia":[{"embeddable":true,"href":"https:\/\/digital58.com.ve\/site\/wp-json\/wp\/v2\/media\/131886"}],"wp:attachment":[{"href":"https:\/\/digital58.com.ve\/site\/wp-json\/wp\/v2\/media?parent=144132"}],"wp:term":[{"taxonomy":"category","embeddable":true,"href":"https:\/\/digital58.com.ve\/site\/wp-json\/wp\/v2\/categories?post=144132"},{"taxonomy":"post_tag","embeddable":true,"href":"https:\/\/digital58.com.ve\/site\/wp-json\/wp\/v2\/tags?post=144132"}],"curies":[{"name":"wp","href":"https:\/\/api.w.org\/{rel}","templated":true}]}}