{"id":144584,"date":"2021-11-09T22:51:15","date_gmt":"2021-11-10T02:51:15","guid":{"rendered":"https:\/\/digital58.com.ve\/site\/?p=144584"},"modified":"2021-11-09T22:51:15","modified_gmt":"2021-11-10T02:51:15","slug":"omar-prieto-la-paz-de-los-zulianos-es-mi-responsabilidad-y-la-voy-a-garantizar","status":"publish","type":"post","link":"https:\/\/digital58.com.ve\/site\/2021\/11\/09\/omar-prieto-la-paz-de-los-zulianos-es-mi-responsabilidad-y-la-voy-a-garantizar\/","title":{"rendered":"Omar Prieto: \u00abLa paz de los zulianos es mi responsabilidad y la voy a garantizar\u00bb"},"content":{"rendered":"<p><a href=\"https:\/\/digital58.com.ve\/site\/wp-content\/uploads\/2021\/11\/omar-prieto.jpg\"><img loading=\"lazy\" decoding=\"async\" class=\"aligncenter size-full wp-image-144585\" src=\"https:\/\/digital58.com.ve\/site\/wp-content\/uploads\/2021\/11\/omar-prieto.jpg\" alt=\"\" width=\"900\" height=\"573\" srcset=\"https:\/\/digital58.com.ve\/site\/wp-content\/uploads\/2021\/11\/omar-prieto.jpg 900w, https:\/\/digital58.com.ve\/site\/wp-content\/uploads\/2021\/11\/omar-prieto-300x191.jpg 300w, https:\/\/digital58.com.ve\/site\/wp-content\/uploads\/2021\/11\/omar-prieto-768x489.jpg 768w\" sizes=\"auto, (max-width: 900px) 100vw, 900px\" \/><\/a><\/p>\n<p>Desde el Palacio de los C\u00f3ndores frente a la plaza Bol\u00edvar de Maracaibo el mandatario regional se dirigi\u00f3 al pueblo recordando que al inicio de su gesti\u00f3n recibi\u00f3 un sabotaje criminal al sistema el\u00e9ctrico y a\u00fan as\u00ed con un esfuerzo mancomunado con el Presidente Maduro se ha logrado estabilizar la generaci\u00f3n y distribuci\u00f3n de la energ\u00eda el\u00e9ctrica.<\/p>\n<p><strong>Maracaibo, Zulia, Venezuela, 09 de noviembre de 2021 (ND58).- E<\/strong>l Gobernador y candidato a la reelecci\u00f3n Omar Prieto Fern\u00e1ndez present\u00f3 ante el pueblo zuliano su Plan de Desarrollo Integral del Zulia (PDIZ) 2021-2025 que tiene el objetivo de continuar avanzando en revoluci\u00f3n hacia una regi\u00f3n unida, prospera y segura.<\/p>\n<p>La presentaci\u00f3n de Prieto Fern\u00e1ndez se desglos\u00f3 en ocho v\u00e9rtices que formar\u00e1n parte prioritarios de su pr\u00f3xima gesti\u00f3n; seguridad, electricidad, salud, petrole\u00f3 y petroqu\u00edmica, desarrollo econ\u00f3mico, agua, gas e infraestructura y desarrollo social.<\/p>\n<p>En primer lugar se refiri\u00f3 al tema de seguridad resaltando que la entidad actualmente es el estado m\u00e1s seguro del pa\u00eds con bajos \u00edndices delictivos producto de las acciones conjuntas entre los cuerpos policiales y militares que hacen vida en la regi\u00f3n.<\/p>\n<p>Explic\u00f3 que uno de los golpes a las mafias fue el reciente cierre y demolici\u00f3n del ret\u00e9n de Cabimas antiguo epicentro de los grupos criminales que operan en el occidente del pa\u00eds, \u00abla paz de los zulianos es mi responsabilidad y la voy a garantizar\u00bb.<\/p>\n<p>Destac\u00f3 que la regi\u00f3n en el pasado lleg\u00f3 a registrar hasta 100 secuestros por a\u00f1o y en la actualidad es un delito disminuido al m\u00e1ximo. Agreg\u00f3 que a partir del a\u00f1o pr\u00f3ximo se ejecutar\u00e1n planes de inversi\u00f3n para las polic\u00edas, adem\u00e1s de la creaci\u00f3n del centro policial con la adquisici\u00f3n de 500 armas de fuego y la graduaci\u00f3n de 3 mil 200 nuevos funcionarios y la activaci\u00f3n de 250 unidades de patrulla para fortalecer la vigilancia y control.<\/p>\n<p>Posteriormente abord\u00f3 el \u00e1rea de electricidad, enfatizando que a\u00fan cuando no es su competencia directa se aboc\u00f3 a trabajar por la estabilizaci\u00f3n del sistema el\u00e9ctrico el cual en los pr\u00f3ximos cuatro a\u00f1os el sistema estar\u00e1 optimizado por completo. inform\u00f3 que fue encendida otra turbina en TermoZulia para la generaci\u00f3n de 700 megavatios en la entidad.<\/p>\n<p>Otro de los aspectos destacados por el gobernante fue la Salud al recalcar que el Zulia es el estado con m\u00e1s personas vacunas contra la COVID-19 al registrar 2 millones 600 inmunizados y actualmente contabiliza menos contagios por ende, felicit\u00f3 al pueblo por su civismo y continuar cumpliendo las medidas de bioseguridad.<\/p>\n<p>Asimismo, indic\u00f3 que continuar\u00e1 la rehabilitaci\u00f3n de ambulatorios para lo que ser\u00e1n destinados 30 millones de d\u00f3lares potenciando el sistema de salud<\/p>\n<p>El servicio de agua fue priorizado por Omar Prieto quien crear\u00e1 un plan para aumentar la distribuci\u00f3n a 8 mil 600 litros por segundo, a trav\u00e9s de la instalaci\u00f3n de un cuarto motor de seis en Tul\u00e9. Agreg\u00f3 que en el 2022 realizara la reparaci\u00f3n del sexto motor para darle soluci\u00f3n al bombeo del vital l\u00edquido.<\/p>\n<p>Uno de los servicios p\u00fablicos importantes para la gesti\u00f3n del Gobernador del Zulia es el gas dom\u00e9stico por lo tanto tiene previsto repotenciar 338 camiones cisternas para atender a 721 mil familias y la construcci\u00f3n de 3 plantas de llenado de gas en los municipios Guajira, Baralt y San Francisco. Mientras que para el comercio se instalar\u00e1n tres mini plantas en los municipios San Francisco y Cabimas, que permitan la recarga de bombonas de puestos de comida r\u00e1pida.<\/p>\n<p>En el aspecto energ\u00e9tico y de generaci\u00f3n de divisas para el pa\u00eds se pronunci\u00f3 en torno al tema petrolero y petroqu\u00edmico, expresando que la meta es recuperar la producci\u00f3n petrolera y reactivar la industria m\u00e1s importante de la naci\u00f3n, en aras de seguir superando las sanciones y el bloqueo que aplica el gobierno norteamericano con la anuencia de la derecha venezolana.<\/p>\n<p>Tambi\u00e9n expuso los avances en infraestructura y desarrollo social, con los que ha logrado recuperar importantes arterias viales y se han aplicado pol\u00edticas sociales entre ellas las becas universitarias Luis H\u00f3mez que hasta la fecha beneficia a m\u00e1s de 18 mil j\u00f3venes.<\/p>\n<p>Culmin\u00f3 su intervenci\u00f3n refiri\u00e9ndose al aspecto pol\u00edtico con el cual ret\u00f3 a sus contrincantes de las oposiciones a solicitar a los Estados Unidos el cese del bloqueo y asedio a la econom\u00eda nacional para demostrarle al pueblo si verdaderamente defienden los intereses del pueblo venezolano.<\/p>\n<p>Vaticin\u00f3 un triunfo contundente del chavismo en la regi\u00f3n que facilitar\u00e1 el camino a la recuperaci\u00f3n econ\u00f3mica del Zulia en pro del mejoramiento de las condiciones de vida de la poblaci\u00f3n.<\/p>\n<p><strong>Redacci\u00f3n ND58 | Fuente: Esthefany Medina\/Oipeez<\/strong><br \/>\n<strong>Edici\u00f3n: Villasmil, Henry<\/strong><br \/>\n<strong>Gr\u00e1ficas: Cortes\u00eda Oipeez<\/strong><\/p>\n<p>&nbsp;<\/p>\n<p>&nbsp;<\/p>\n<p>&nbsp;<\/p><div class=\"gjqaq69f0a03a7b714\" ><p style=\"text-align: center;\"><a href=\"https:\/\/t.me\/noticiasdigital58\" target=\"_blank\" rel=\"noopener\"><img class=\"aligncenter size-full wp-image-125363\" src=\"https:\/\/digital58.com.ve\/site\/wp-content\/uploads\/2021\/04\/banner-telegram-web-2021.png\" alt=\"\" width=\"600\" height=\"90\" \/><\/a><\/p><\/div><style type=\"text\/css\">\r\n@media screen and (min-width: 1201px) {\r\n.gjqaq69f0a03a7b714 {\r\ndisplay: block;\r\n}\r\n}\r\n@media screen and (min-width: 993px) and (max-width: 1200px) {\r\n.gjqaq69f0a03a7b714 {\r\ndisplay: block;\r\n}\r\n}\r\n@media screen and (min-width: 769px) and (max-width: 992px) {\r\n.gjqaq69f0a03a7b714 {\r\ndisplay: block;\r\n}\r\n}\r\n@media screen and (min-width: 768px) and (max-width: 768px) {\r\n.gjqaq69f0a03a7b714 {\r\ndisplay: block;\r\n}\r\n}\r\n@media screen and (max-width: 767px) {\r\n.gjqaq69f0a03a7b714 {\r\ndisplay: block;\r\n}\r\n}\r\n<\/style>\r\n\n<p>&nbsp;<\/p>\n<div style=\"margin-top: 0px; margin-bottom: 0px;\" class=\"sharethis-inline-share-buttons\" ><\/div>","protected":false},"excerpt":{"rendered":"<p>Desde el Palacio de los C\u00f3ndores frente a la plaza Bol\u00edvar de Maracaibo el mandatario regional se dirigi\u00f3 al pueblo<\/p>\n","protected":false},"author":1,"featured_media":144585,"comment_status":"open","ping_status":"closed","sticky":false,"template":"","format":"standard","meta":{"colormag_page_container_layout":"default_layout","colormag_page_sidebar_layout":"default_layout","_uag_custom_page_level_css":"","footnotes":""},"categories":[14504],"tags":[25883,24139,13579,73,233,15065,2354,32,761],"class_list":["post-144584","post","type-post","status-publish","format-standard","has-post-thumbnail","hentry","category-zulia","tag-candidatos-a-la-gobernacion-del-zulia","tag-elecciones-regionales-y-municipales","tag-gobierno-del-zulia","tag-maracaibo","tag-nacionales","tag-omar-prieto-fernandez","tag-regionales","tag-venezuela","tag-zulia"],"yoast_head":"<!-- This site is optimized with the Yoast SEO plugin v27.5 - https:\/\/yoast.com\/product\/yoast-seo-wordpress\/ -->\n<title>Omar Prieto: \u00abLa paz de los zulianos es mi responsabilidad y la voy a garantizar\u00bb<\/title>\n<meta name=\"description\" content=\"Zulia\" \/>\n<meta name=\"robots\" content=\"index, follow, max-snippet:-1, max-image-preview:large, max-video-preview:-1\" \/>\n<link rel=\"canonical\" href=\"https:\/\/digital58.com.ve\/site\/2021\/11\/09\/omar-prieto-la-paz-de-los-zulianos-es-mi-responsabilidad-y-la-voy-a-garantizar\/\" \/>\n<meta property=\"og:locale\" content=\"es_ES\" \/>\n<meta property=\"og:type\" content=\"article\" \/>\n<meta property=\"og:title\" content=\"Omar Prieto: \u00abLa paz de los zulianos es mi responsabilidad y la voy a garantizar\u00bb\" \/>\n<meta property=\"og:description\" content=\"Zulia\" \/>\n<meta property=\"og:url\" content=\"https:\/\/digital58.com.ve\/site\/2021\/11\/09\/omar-prieto-la-paz-de-los-zulianos-es-mi-responsabilidad-y-la-voy-a-garantizar\/\" \/>\n<meta property=\"og:site_name\" content=\"Noticias Digital58\" \/>\n<meta property=\"article:published_time\" content=\"2021-11-10T02:51:15+00:00\" \/>\n<meta property=\"og:image\" content=\"https:\/\/digital58.com.ve\/site\/wp-content\/uploads\/2021\/11\/omar-prieto.jpg\" \/>\n\t<meta property=\"og:image:width\" content=\"900\" \/>\n\t<meta property=\"og:image:height\" content=\"573\" \/>\n\t<meta property=\"og:image:type\" content=\"image\/jpeg\" \/>\n<meta name=\"author\" content=\"Villasmil Henry\" \/>\n<meta name=\"twitter:card\" content=\"summary_large_image\" \/>\n<meta name=\"twitter:creator\" content=\"@https:\/\/twitter.com\/villasmilhfoto\" \/>\n<meta name=\"twitter:site\" content=\"@villasmilhfoto\" \/>\n<meta name=\"twitter:label1\" content=\"Escrito por\" \/>\n\t<meta name=\"twitter:data1\" content=\"Villasmil Henry\" \/>\n\t<meta name=\"twitter:label2\" content=\"Tiempo estimado de lectura\" \/>\n\t<meta name=\"twitter:data2\" content=\"4 minutos\" \/>\n<script type=\"application\/ld+json\" class=\"yoast-schema-graph\">{\"@context\":\"https:\\\/\\\/schema.org\",\"@graph\":[{\"@type\":\"Article\",\"@id\":\"https:\\\/\\\/digital58.com.ve\\\/site\\\/2021\\\/11\\\/09\\\/omar-prieto-la-paz-de-los-zulianos-es-mi-responsabilidad-y-la-voy-a-garantizar\\\/#article\",\"isPartOf\":{\"@id\":\"https:\\\/\\\/digital58.com.ve\\\/site\\\/2021\\\/11\\\/09\\\/omar-prieto-la-paz-de-los-zulianos-es-mi-responsabilidad-y-la-voy-a-garantizar\\\/\"},\"author\":{\"name\":\"Villasmil Henry\",\"@id\":\"https:\\\/\\\/digital58.com.ve\\\/site\\\/#\\\/schema\\\/person\\\/64d1c2e4d0d4fd1b849980c4331c2951\"},\"headline\":\"Omar Prieto: \u00abLa paz de los zulianos es mi responsabilidad y la voy a garantizar\u00bb\",\"datePublished\":\"2021-11-10T02:51:15+00:00\",\"mainEntityOfPage\":{\"@id\":\"https:\\\/\\\/digital58.com.ve\\\/site\\\/2021\\\/11\\\/09\\\/omar-prieto-la-paz-de-los-zulianos-es-mi-responsabilidad-y-la-voy-a-garantizar\\\/\"},\"wordCount\":846,\"commentCount\":0,\"publisher\":{\"@id\":\"https:\\\/\\\/digital58.com.ve\\\/site\\\/#\\\/schema\\\/person\\\/64d1c2e4d0d4fd1b849980c4331c2951\"},\"image\":{\"@id\":\"https:\\\/\\\/digital58.com.ve\\\/site\\\/2021\\\/11\\\/09\\\/omar-prieto-la-paz-de-los-zulianos-es-mi-responsabilidad-y-la-voy-a-garantizar\\\/#primaryimage\"},\"thumbnailUrl\":\"https:\\\/\\\/digital58.com.ve\\\/site\\\/wp-content\\\/uploads\\\/2021\\\/11\\\/omar-prieto.jpg\",\"keywords\":[\"Candidatos a la Gobernaci\u00f3n del Zulia\",\"Elecciones Regionales y Municipales\",\"Gobierno del Zulia\",\"Maracaibo\",\"Nacionales\",\"Omar Prieto Fernandez\",\"Regionales\",\"Venezuela\",\"Zulia\"],\"articleSection\":[\"Zulia\"],\"inLanguage\":\"es\",\"potentialAction\":[{\"@type\":\"CommentAction\",\"name\":\"Comment\",\"target\":[\"https:\\\/\\\/digital58.com.ve\\\/site\\\/2021\\\/11\\\/09\\\/omar-prieto-la-paz-de-los-zulianos-es-mi-responsabilidad-y-la-voy-a-garantizar\\\/#respond\"]}]},{\"@type\":\"WebPage\",\"@id\":\"https:\\\/\\\/digital58.com.ve\\\/site\\\/2021\\\/11\\\/09\\\/omar-prieto-la-paz-de-los-zulianos-es-mi-responsabilidad-y-la-voy-a-garantizar\\\/\",\"url\":\"https:\\\/\\\/digital58.com.ve\\\/site\\\/2021\\\/11\\\/09\\\/omar-prieto-la-paz-de-los-zulianos-es-mi-responsabilidad-y-la-voy-a-garantizar\\\/\",\"name\":\"Omar Prieto: \u00abLa paz de los zulianos es mi responsabilidad y la voy a garantizar\u00bb\",\"isPartOf\":{\"@id\":\"https:\\\/\\\/digital58.com.ve\\\/site\\\/#website\"},\"primaryImageOfPage\":{\"@id\":\"https:\\\/\\\/digital58.com.ve\\\/site\\\/2021\\\/11\\\/09\\\/omar-prieto-la-paz-de-los-zulianos-es-mi-responsabilidad-y-la-voy-a-garantizar\\\/#primaryimage\"},\"image\":{\"@id\":\"https:\\\/\\\/digital58.com.ve\\\/site\\\/2021\\\/11\\\/09\\\/omar-prieto-la-paz-de-los-zulianos-es-mi-responsabilidad-y-la-voy-a-garantizar\\\/#primaryimage\"},\"thumbnailUrl\":\"https:\\\/\\\/digital58.com.ve\\\/site\\\/wp-content\\\/uploads\\\/2021\\\/11\\\/omar-prieto.jpg\",\"datePublished\":\"2021-11-10T02:51:15+00:00\",\"description\":\"Zulia\",\"breadcrumb\":{\"@id\":\"https:\\\/\\\/digital58.com.ve\\\/site\\\/2021\\\/11\\\/09\\\/omar-prieto-la-paz-de-los-zulianos-es-mi-responsabilidad-y-la-voy-a-garantizar\\\/#breadcrumb\"},\"inLanguage\":\"es\",\"potentialAction\":[{\"@type\":\"ReadAction\",\"target\":[\"https:\\\/\\\/digital58.com.ve\\\/site\\\/2021\\\/11\\\/09\\\/omar-prieto-la-paz-de-los-zulianos-es-mi-responsabilidad-y-la-voy-a-garantizar\\\/\"]}]},{\"@type\":\"ImageObject\",\"inLanguage\":\"es\",\"@id\":\"https:\\\/\\\/digital58.com.ve\\\/site\\\/2021\\\/11\\\/09\\\/omar-prieto-la-paz-de-los-zulianos-es-mi-responsabilidad-y-la-voy-a-garantizar\\\/#primaryimage\",\"url\":\"https:\\\/\\\/digital58.com.ve\\\/site\\\/wp-content\\\/uploads\\\/2021\\\/11\\\/omar-prieto.jpg\",\"contentUrl\":\"https:\\\/\\\/digital58.com.ve\\\/site\\\/wp-content\\\/uploads\\\/2021\\\/11\\\/omar-prieto.jpg\",\"width\":900,\"height\":573},{\"@type\":\"BreadcrumbList\",\"@id\":\"https:\\\/\\\/digital58.com.ve\\\/site\\\/2021\\\/11\\\/09\\\/omar-prieto-la-paz-de-los-zulianos-es-mi-responsabilidad-y-la-voy-a-garantizar\\\/#breadcrumb\",\"itemListElement\":[{\"@type\":\"ListItem\",\"position\":1,\"name\":\"Home\",\"item\":\"https:\\\/\\\/digital58.com.ve\\\/site\\\/\"},{\"@type\":\"ListItem\",\"position\":2,\"name\":\"Omar Prieto: \u00abLa paz de los zulianos es mi responsabilidad y la voy a garantizar\u00bb\"}]},{\"@type\":\"WebSite\",\"@id\":\"https:\\\/\\\/digital58.com.ve\\\/site\\\/#website\",\"url\":\"https:\\\/\\\/digital58.com.ve\\\/site\\\/\",\"name\":\"Noticias Digital58\",\"description\":\"Portal de Noticias \u00a1Periodismo web de verdad! Lanzamiento web 22.11.2005 \\\/ Maracaibo, Venezuela\",\"publisher\":{\"@id\":\"https:\\\/\\\/digital58.com.ve\\\/site\\\/#\\\/schema\\\/person\\\/64d1c2e4d0d4fd1b849980c4331c2951\"},\"alternateName\":\"ND58\",\"potentialAction\":[{\"@type\":\"SearchAction\",\"target\":{\"@type\":\"EntryPoint\",\"urlTemplate\":\"https:\\\/\\\/digital58.com.ve\\\/site\\\/?s={search_term_string}\"},\"query-input\":{\"@type\":\"PropertyValueSpecification\",\"valueRequired\":true,\"valueName\":\"search_term_string\"}}],\"inLanguage\":\"es\"},{\"@type\":[\"Person\",\"Organization\"],\"@id\":\"https:\\\/\\\/digital58.com.ve\\\/site\\\/#\\\/schema\\\/person\\\/64d1c2e4d0d4fd1b849980c4331c2951\",\"name\":\"Villasmil Henry\",\"image\":{\"@type\":\"ImageObject\",\"inLanguage\":\"es\",\"@id\":\"https:\\\/\\\/secure.gravatar.com\\\/avatar\\\/bb0c4a2fcb7970138239f7e404ea75757b1b507b28b5ce4c53fbd62d797c5a7c?s=96&d=mm&r=g\",\"url\":\"https:\\\/\\\/secure.gravatar.com\\\/avatar\\\/bb0c4a2fcb7970138239f7e404ea75757b1b507b28b5ce4c53fbd62d797c5a7c?s=96&d=mm&r=g\",\"contentUrl\":\"https:\\\/\\\/secure.gravatar.com\\\/avatar\\\/bb0c4a2fcb7970138239f7e404ea75757b1b507b28b5ce4c53fbd62d797c5a7c?s=96&d=mm&r=g\",\"caption\":\"Villasmil Henry\"},\"logo\":{\"@id\":\"https:\\\/\\\/secure.gravatar.com\\\/avatar\\\/bb0c4a2fcb7970138239f7e404ea75757b1b507b28b5ce4c53fbd62d797c5a7c?s=96&d=mm&r=g\"},\"sameAs\":[\"http:\\\/\\\/www.henryvillasmil.com.ve\",\"https:\\\/\\\/www.instagram.com\\\/villasmilhfoto\\\/\",\"https:\\\/\\\/x.com\\\/https:\\\/\\\/twitter.com\\\/villasmilhfoto\"],\"url\":\"https:\\\/\\\/digital58.com.ve\\\/site\\\/author\\\/droopy_68\\\/\"}]}<\/script>\n<!-- \/ Yoast SEO plugin. -->","yoast_head_json":{"title":"Omar Prieto: \u00abLa paz de los zulianos es mi responsabilidad y la voy a garantizar\u00bb","description":"Zulia","robots":{"index":"index","follow":"follow","max-snippet":"max-snippet:-1","max-image-preview":"max-image-preview:large","max-video-preview":"max-video-preview:-1"},"canonical":"https:\/\/digital58.com.ve\/site\/2021\/11\/09\/omar-prieto-la-paz-de-los-zulianos-es-mi-responsabilidad-y-la-voy-a-garantizar\/","og_locale":"es_ES","og_type":"article","og_title":"Omar Prieto: \u00abLa paz de los zulianos es mi responsabilidad y la voy a garantizar\u00bb","og_description":"Zulia","og_url":"https:\/\/digital58.com.ve\/site\/2021\/11\/09\/omar-prieto-la-paz-de-los-zulianos-es-mi-responsabilidad-y-la-voy-a-garantizar\/","og_site_name":"Noticias Digital58","article_published_time":"2021-11-10T02:51:15+00:00","og_image":[{"width":900,"height":573,"url":"https:\/\/digital58.com.ve\/site\/wp-content\/uploads\/2021\/11\/omar-prieto.jpg","type":"image\/jpeg"}],"author":"Villasmil Henry","twitter_card":"summary_large_image","twitter_creator":"@https:\/\/twitter.com\/villasmilhfoto","twitter_site":"@villasmilhfoto","twitter_misc":{"Escrito por":"Villasmil Henry","Tiempo estimado de lectura":"4 minutos"},"schema":{"@context":"https:\/\/schema.org","@graph":[{"@type":"Article","@id":"https:\/\/digital58.com.ve\/site\/2021\/11\/09\/omar-prieto-la-paz-de-los-zulianos-es-mi-responsabilidad-y-la-voy-a-garantizar\/#article","isPartOf":{"@id":"https:\/\/digital58.com.ve\/site\/2021\/11\/09\/omar-prieto-la-paz-de-los-zulianos-es-mi-responsabilidad-y-la-voy-a-garantizar\/"},"author":{"name":"Villasmil Henry","@id":"https:\/\/digital58.com.ve\/site\/#\/schema\/person\/64d1c2e4d0d4fd1b849980c4331c2951"},"headline":"Omar Prieto: \u00abLa paz de los zulianos es mi responsabilidad y la voy a garantizar\u00bb","datePublished":"2021-11-10T02:51:15+00:00","mainEntityOfPage":{"@id":"https:\/\/digital58.com.ve\/site\/2021\/11\/09\/omar-prieto-la-paz-de-los-zulianos-es-mi-responsabilidad-y-la-voy-a-garantizar\/"},"wordCount":846,"commentCount":0,"publisher":{"@id":"https:\/\/digital58.com.ve\/site\/#\/schema\/person\/64d1c2e4d0d4fd1b849980c4331c2951"},"image":{"@id":"https:\/\/digital58.com.ve\/site\/2021\/11\/09\/omar-prieto-la-paz-de-los-zulianos-es-mi-responsabilidad-y-la-voy-a-garantizar\/#primaryimage"},"thumbnailUrl":"https:\/\/digital58.com.ve\/site\/wp-content\/uploads\/2021\/11\/omar-prieto.jpg","keywords":["Candidatos a la Gobernaci\u00f3n del Zulia","Elecciones Regionales y Municipales","Gobierno del Zulia","Maracaibo","Nacionales","Omar Prieto Fernandez","Regionales","Venezuela","Zulia"],"articleSection":["Zulia"],"inLanguage":"es","potentialAction":[{"@type":"CommentAction","name":"Comment","target":["https:\/\/digital58.com.ve\/site\/2021\/11\/09\/omar-prieto-la-paz-de-los-zulianos-es-mi-responsabilidad-y-la-voy-a-garantizar\/#respond"]}]},{"@type":"WebPage","@id":"https:\/\/digital58.com.ve\/site\/2021\/11\/09\/omar-prieto-la-paz-de-los-zulianos-es-mi-responsabilidad-y-la-voy-a-garantizar\/","url":"https:\/\/digital58.com.ve\/site\/2021\/11\/09\/omar-prieto-la-paz-de-los-zulianos-es-mi-responsabilidad-y-la-voy-a-garantizar\/","name":"Omar Prieto: \u00abLa paz de los zulianos es mi responsabilidad y la voy a garantizar\u00bb","isPartOf":{"@id":"https:\/\/digital58.com.ve\/site\/#website"},"primaryImageOfPage":{"@id":"https:\/\/digital58.com.ve\/site\/2021\/11\/09\/omar-prieto-la-paz-de-los-zulianos-es-mi-responsabilidad-y-la-voy-a-garantizar\/#primaryimage"},"image":{"@id":"https:\/\/digital58.com.ve\/site\/2021\/11\/09\/omar-prieto-la-paz-de-los-zulianos-es-mi-responsabilidad-y-la-voy-a-garantizar\/#primaryimage"},"thumbnailUrl":"https:\/\/digital58.com.ve\/site\/wp-content\/uploads\/2021\/11\/omar-prieto.jpg","datePublished":"2021-11-10T02:51:15+00:00","description":"Zulia","breadcrumb":{"@id":"https:\/\/digital58.com.ve\/site\/2021\/11\/09\/omar-prieto-la-paz-de-los-zulianos-es-mi-responsabilidad-y-la-voy-a-garantizar\/#breadcrumb"},"inLanguage":"es","potentialAction":[{"@type":"ReadAction","target":["https:\/\/digital58.com.ve\/site\/2021\/11\/09\/omar-prieto-la-paz-de-los-zulianos-es-mi-responsabilidad-y-la-voy-a-garantizar\/"]}]},{"@type":"ImageObject","inLanguage":"es","@id":"https:\/\/digital58.com.ve\/site\/2021\/11\/09\/omar-prieto-la-paz-de-los-zulianos-es-mi-responsabilidad-y-la-voy-a-garantizar\/#primaryimage","url":"https:\/\/digital58.com.ve\/site\/wp-content\/uploads\/2021\/11\/omar-prieto.jpg","contentUrl":"https:\/\/digital58.com.ve\/site\/wp-content\/uploads\/2021\/11\/omar-prieto.jpg","width":900,"height":573},{"@type":"BreadcrumbList","@id":"https:\/\/digital58.com.ve\/site\/2021\/11\/09\/omar-prieto-la-paz-de-los-zulianos-es-mi-responsabilidad-y-la-voy-a-garantizar\/#breadcrumb","itemListElement":[{"@type":"ListItem","position":1,"name":"Home","item":"https:\/\/digital58.com.ve\/site\/"},{"@type":"ListItem","position":2,"name":"Omar Prieto: \u00abLa paz de los zulianos es mi responsabilidad y la voy a garantizar\u00bb"}]},{"@type":"WebSite","@id":"https:\/\/digital58.com.ve\/site\/#website","url":"https:\/\/digital58.com.ve\/site\/","name":"Noticias Digital58","description":"Portal de Noticias \u00a1Periodismo web de verdad! Lanzamiento web 22.11.2005 \/ Maracaibo, Venezuela","publisher":{"@id":"https:\/\/digital58.com.ve\/site\/#\/schema\/person\/64d1c2e4d0d4fd1b849980c4331c2951"},"alternateName":"ND58","potentialAction":[{"@type":"SearchAction","target":{"@type":"EntryPoint","urlTemplate":"https:\/\/digital58.com.ve\/site\/?s={search_term_string}"},"query-input":{"@type":"PropertyValueSpecification","valueRequired":true,"valueName":"search_term_string"}}],"inLanguage":"es"},{"@type":["Person","Organization"],"@id":"https:\/\/digital58.com.ve\/site\/#\/schema\/person\/64d1c2e4d0d4fd1b849980c4331c2951","name":"Villasmil Henry","image":{"@type":"ImageObject","inLanguage":"es","@id":"https:\/\/secure.gravatar.com\/avatar\/bb0c4a2fcb7970138239f7e404ea75757b1b507b28b5ce4c53fbd62d797c5a7c?s=96&d=mm&r=g","url":"https:\/\/secure.gravatar.com\/avatar\/bb0c4a2fcb7970138239f7e404ea75757b1b507b28b5ce4c53fbd62d797c5a7c?s=96&d=mm&r=g","contentUrl":"https:\/\/secure.gravatar.com\/avatar\/bb0c4a2fcb7970138239f7e404ea75757b1b507b28b5ce4c53fbd62d797c5a7c?s=96&d=mm&r=g","caption":"Villasmil Henry"},"logo":{"@id":"https:\/\/secure.gravatar.com\/avatar\/bb0c4a2fcb7970138239f7e404ea75757b1b507b28b5ce4c53fbd62d797c5a7c?s=96&d=mm&r=g"},"sameAs":["http:\/\/www.henryvillasmil.com.ve","https:\/\/www.instagram.com\/villasmilhfoto\/","https:\/\/x.com\/https:\/\/twitter.com\/villasmilhfoto"],"url":"https:\/\/digital58.com.ve\/site\/author\/droopy_68\/"}]}},"uagb_featured_image_src":{"full":["https:\/\/digital58.com.ve\/site\/wp-content\/uploads\/2021\/11\/omar-prieto.jpg",900,573,false],"thumbnail":["https:\/\/digital58.com.ve\/site\/wp-content\/uploads\/2021\/11\/omar-prieto-150x150.jpg",150,150,true],"medium":["https:\/\/digital58.com.ve\/site\/wp-content\/uploads\/2021\/11\/omar-prieto-300x191.jpg",300,191,true],"medium_large":["https:\/\/digital58.com.ve\/site\/wp-content\/uploads\/2021\/11\/omar-prieto-768x489.jpg",768,489,true],"large":["https:\/\/digital58.com.ve\/site\/wp-content\/uploads\/2021\/11\/omar-prieto.jpg",800,509,false],"1536x1536":["https:\/\/digital58.com.ve\/site\/wp-content\/uploads\/2021\/11\/omar-prieto.jpg",900,573,false],"2048x2048":["https:\/\/digital58.com.ve\/site\/wp-content\/uploads\/2021\/11\/omar-prieto.jpg",900,573,false],"colormag-highlighted-post":["https:\/\/digital58.com.ve\/site\/wp-content\/uploads\/2021\/11\/omar-prieto.jpg",392,250,false],"colormag-featured-post-medium":["https:\/\/digital58.com.ve\/site\/wp-content\/uploads\/2021\/11\/omar-prieto.jpg",322,205,false],"colormag-featured-post-small":["https:\/\/digital58.com.ve\/site\/wp-content\/uploads\/2021\/11\/omar-prieto.jpg",130,83,false],"colormag-featured-image":["https:\/\/digital58.com.ve\/site\/wp-content\/uploads\/2021\/11\/omar-prieto.jpg",699,445,false],"colormag-default-news":["https:\/\/digital58.com.ve\/site\/wp-content\/uploads\/2021\/11\/omar-prieto.jpg",150,96,false],"colormag-featured-image-large":["https:\/\/digital58.com.ve\/site\/wp-content\/uploads\/2021\/11\/omar-prieto.jpg",900,573,false]},"uagb_author_info":{"display_name":"Villasmil Henry","author_link":"https:\/\/digital58.com.ve\/site\/author\/droopy_68\/"},"uagb_comment_info":0,"uagb_excerpt":"Desde el Palacio de los C\u00f3ndores frente a la plaza Bol\u00edvar de Maracaibo el mandatario regional se dirigi\u00f3 al pueblo","_links":{"self":[{"href":"https:\/\/digital58.com.ve\/site\/wp-json\/wp\/v2\/posts\/144584","targetHints":{"allow":["GET"]}}],"collection":[{"href":"https:\/\/digital58.com.ve\/site\/wp-json\/wp\/v2\/posts"}],"about":[{"href":"https:\/\/digital58.com.ve\/site\/wp-json\/wp\/v2\/types\/post"}],"author":[{"embeddable":true,"href":"https:\/\/digital58.com.ve\/site\/wp-json\/wp\/v2\/users\/1"}],"replies":[{"embeddable":true,"href":"https:\/\/digital58.com.ve\/site\/wp-json\/wp\/v2\/comments?post=144584"}],"version-history":[{"count":0,"href":"https:\/\/digital58.com.ve\/site\/wp-json\/wp\/v2\/posts\/144584\/revisions"}],"wp:featuredmedia":[{"embeddable":true,"href":"https:\/\/digital58.com.ve\/site\/wp-json\/wp\/v2\/media\/144585"}],"wp:attachment":[{"href":"https:\/\/digital58.com.ve\/site\/wp-json\/wp\/v2\/media?parent=144584"}],"wp:term":[{"taxonomy":"category","embeddable":true,"href":"https:\/\/digital58.com.ve\/site\/wp-json\/wp\/v2\/categories?post=144584"},{"taxonomy":"post_tag","embeddable":true,"href":"https:\/\/digital58.com.ve\/site\/wp-json\/wp\/v2\/tags?post=144584"}],"curies":[{"name":"wp","href":"https:\/\/api.w.org\/{rel}","templated":true}]}}