{"id":144931,"date":"2021-11-26T12:22:43","date_gmt":"2021-11-26T16:22:43","guid":{"rendered":"https:\/\/digital58.com.ve\/site\/?p=144931"},"modified":"2021-11-26T12:22:43","modified_gmt":"2021-11-26T16:22:43","slug":"justicia-espanola-confirma-extradicion-de-exjefa-del-tesoro-venezolana-a-eeuu","status":"publish","type":"post","link":"https:\/\/digital58.com.ve\/site\/2021\/11\/26\/justicia-espanola-confirma-extradicion-de-exjefa-del-tesoro-venezolana-a-eeuu\/","title":{"rendered":"Justicia espa\u00f1ola confirma extradici\u00f3n de exjefa del Tesoro venezolana a EEUU"},"content":{"rendered":"<p><a href=\"https:\/\/digital58.com.ve\/site\/wp-content\/uploads\/2021\/11\/Claudia-Patricia-Diaz-Guillen.jpg\"><img loading=\"lazy\" decoding=\"async\" class=\"aligncenter size-full wp-image-144932\" src=\"https:\/\/digital58.com.ve\/site\/wp-content\/uploads\/2021\/11\/Claudia-Patricia-Diaz-Guillen.jpg\" alt=\"\" width=\"900\" height=\"506\" srcset=\"https:\/\/digital58.com.ve\/site\/wp-content\/uploads\/2021\/11\/Claudia-Patricia-Diaz-Guillen.jpg 900w, https:\/\/digital58.com.ve\/site\/wp-content\/uploads\/2021\/11\/Claudia-Patricia-Diaz-Guillen-300x169.jpg 300w, https:\/\/digital58.com.ve\/site\/wp-content\/uploads\/2021\/11\/Claudia-Patricia-Diaz-Guillen-768x432.jpg 768w\" sizes=\"auto, (max-width: 900px) 100vw, 900px\" \/><\/a><\/p>\n<p>Los magistrados, en un auto conocido este viernes, desestimaron el recurso de s\u00faplica que present\u00f3 D\u00edaz Guill\u00e9n, conocida tambi\u00e9n como la enfermera de Hugo Ch\u00e1vez, contra su entrega, aprobada el pasado mes de octubre.<\/p>\n<p><strong>Espa\u00f1a, 26 de noviembre de 2021 (ND58).-<\/strong> La Audiencia Nacional espa\u00f1ola confirm\u00f3 la extradici\u00f3n de la exjefa del Tesoro de Venezuela Claudia Patricia D\u00edaz Guill\u00e9n a Estados Unidos, reclamada por blanqueo y organizaci\u00f3n criminal.<\/p>\n<p>Supuestamente favoreci\u00f3 al empresario Ra\u00fal Gorr\u00edn en una trama de cambio de moneda extranjera que le report\u00f3 ganancias de cientos de millones de d\u00f3lares.<\/p>\n<p>El tribunal argumenta que los hechos que atribuye la justicia norteamericana a la reclamada y que tipifica como asociaci\u00f3n delictiva para cometer lavado de dinero y dos delitos de lavado de instrumentos monetarios, tienen un equivalente en Espa\u00f1a, requisito para la extradci\u00f3n.<\/p>\n<p>Las autoridades de Estados Unidos sospechan que Gorr\u00edn pag\u00f3 cientos de millones de d\u00f3lares en sobornos para asegurarse el derecho a participar en transacciones de cambio de moneda que le reportaron ganancias millonarias<\/p>\n<p>Seg\u00fan la demanda de extradici\u00f3n, para ocultar los pagos que permit\u00edan que Ra\u00fal Gorr\u00edn efectuase cambios de moneda extranjera para el Gobierno venezolano y asegurarse una ventaja indebida en la adquisici\u00f3n del derecho de realizar dichas transacciones de cambio de moneda, los implicados utilizaron cuentas bancarias cuyos titulares eran empresas ficticias.<\/p>\n<p>\u00abY se disfraz\u00f3 numerosos pagos de sobornos a beneficio de Claudia Patricia D\u00edaz Guill\u00e9n\u00bb, a\u00f1ade la reclamaci\u00f3n, efectuando pagos a su esposo, Adri\u00e1n Vel\u00e1squez Figueroa, que fue guardaespaldas de Hugo Ch\u00e1vez y a cuya extradici\u00f3n por estos mismos delitos, pero tramitada en un procedimiento aparte, tambi\u00e9n dio luz verde la Audiencia Nacional.<\/p>\n<p>Los magistrados espa\u00f1oles destacan que el enmascaramiento de los importes transferidos a trav\u00e9s de sociedades ficticias es lo que implica el lavado del dinero del soborno a Claudia Patricia D\u00edaz Guill\u00e9n.<\/p>\n<p>De acuerdo con la reclamaci\u00f3n del Tribunal Federal de Distrito Sur de Florida, desde 2008 a 2017 Gorr\u00edn Belisario, junto a D\u00edaz Guill\u00e9n y su marido, participaron con otros en un \u00abestratagema corrupta\u00bb en relaci\u00f3n al cambio de moneda extranjera efectuado por el gobierno venezolano a cambio de sobornos.<\/p>\n<p><strong>Redacci\u00f3n ND58 | Fuente: EFE<\/strong><br \/>\n<strong>Edici\u00f3n: Villasmil, Henry<\/strong><br \/>\n<strong>Gr\u00e1fica: Archivo<\/strong><\/p>\n<p>&nbsp;<\/p>\n<p>&nbsp;<\/p><div class=\"djaqx69f2c671b37a6\" ><p style=\"text-align: center;\"><a href=\"https:\/\/t.me\/noticiasdigital58\" target=\"_blank\" rel=\"noopener\"><img class=\"aligncenter size-full wp-image-125363\" src=\"https:\/\/digital58.com.ve\/site\/wp-content\/uploads\/2021\/04\/banner-telegram-web-2021.png\" alt=\"\" width=\"600\" height=\"90\" \/><\/a><\/p><\/div><style type=\"text\/css\">\r\n@media screen and (min-width: 1201px) {\r\n.djaqx69f2c671b37a6 {\r\ndisplay: block;\r\n}\r\n}\r\n@media screen and (min-width: 993px) and (max-width: 1200px) {\r\n.djaqx69f2c671b37a6 {\r\ndisplay: block;\r\n}\r\n}\r\n@media screen and (min-width: 769px) and (max-width: 992px) {\r\n.djaqx69f2c671b37a6 {\r\ndisplay: block;\r\n}\r\n}\r\n@media screen and (min-width: 768px) and (max-width: 768px) {\r\n.djaqx69f2c671b37a6 {\r\ndisplay: block;\r\n}\r\n}\r\n@media screen and (max-width: 767px) {\r\n.djaqx69f2c671b37a6 {\r\ndisplay: block;\r\n}\r\n}\r\n<\/style>\r\n\n<p>&nbsp;<\/p>\n<div style=\"margin-top: 0px; margin-bottom: 0px;\" class=\"sharethis-inline-share-buttons\" ><\/div>","protected":false},"excerpt":{"rendered":"<p>Los magistrados, en un auto conocido este viernes, desestimaron el recurso de s\u00faplica que present\u00f3 D\u00edaz Guill\u00e9n, conocida tambi\u00e9n como<\/p>\n","protected":false},"author":1,"featured_media":144932,"comment_status":"open","ping_status":"closed","sticky":false,"template":"","format":"standard","meta":{"colormag_page_container_layout":"default_layout","colormag_page_sidebar_layout":"default_layout","_uag_custom_page_level_css":"","footnotes":""},"categories":[16451],"tags":[26094,15842,115,1304,13879,5207,14997],"class_list":["post-144931","post","type-post","status-publish","format-standard","has-post-thumbnail","hentry","category-mundo","tag-claudia-patricia-diaz-guillen","tag-corrupcion","tag-espana","tag-estados-unidos","tag-extradicion","tag-hugo-chavez","tag-raul-gorrin"],"yoast_head":"<!-- This site is optimized with the Yoast SEO plugin v27.5 - https:\/\/yoast.com\/product\/yoast-seo-wordpress\/ -->\n<title>Justicia espa\u00f1ola confirma extradici\u00f3n de exjefa del Tesoro venezolana a EEUU<\/title>\n<meta name=\"description\" content=\"Mundo\" \/>\n<meta name=\"robots\" content=\"index, follow, max-snippet:-1, max-image-preview:large, max-video-preview:-1\" \/>\n<link rel=\"canonical\" href=\"https:\/\/digital58.com.ve\/site\/2021\/11\/26\/justicia-espanola-confirma-extradicion-de-exjefa-del-tesoro-venezolana-a-eeuu\/\" \/>\n<meta property=\"og:locale\" content=\"es_ES\" \/>\n<meta property=\"og:type\" content=\"article\" \/>\n<meta property=\"og:title\" content=\"Justicia espa\u00f1ola confirma extradici\u00f3n de exjefa del Tesoro venezolana a EEUU\" \/>\n<meta property=\"og:description\" content=\"Mundo\" \/>\n<meta property=\"og:url\" content=\"https:\/\/digital58.com.ve\/site\/2021\/11\/26\/justicia-espanola-confirma-extradicion-de-exjefa-del-tesoro-venezolana-a-eeuu\/\" \/>\n<meta property=\"og:site_name\" content=\"Noticias Digital58\" \/>\n<meta property=\"article:published_time\" content=\"2021-11-26T16:22:43+00:00\" \/>\n<meta property=\"og:image\" content=\"https:\/\/digital58.com.ve\/site\/wp-content\/uploads\/2021\/11\/Claudia-Patricia-Diaz-Guillen.jpg\" \/>\n\t<meta property=\"og:image:width\" content=\"900\" \/>\n\t<meta property=\"og:image:height\" content=\"506\" \/>\n\t<meta property=\"og:image:type\" content=\"image\/jpeg\" \/>\n<meta name=\"author\" content=\"Villasmil Henry\" \/>\n<meta name=\"twitter:card\" content=\"summary_large_image\" \/>\n<meta name=\"twitter:creator\" content=\"@https:\/\/twitter.com\/villasmilhfoto\" \/>\n<meta name=\"twitter:site\" content=\"@villasmilhfoto\" \/>\n<meta name=\"twitter:label1\" content=\"Escrito por\" \/>\n\t<meta name=\"twitter:data1\" content=\"Villasmil Henry\" \/>\n\t<meta name=\"twitter:label2\" content=\"Tiempo estimado de lectura\" \/>\n\t<meta name=\"twitter:data2\" content=\"2 minutos\" \/>\n<script type=\"application\/ld+json\" class=\"yoast-schema-graph\">{\"@context\":\"https:\\\/\\\/schema.org\",\"@graph\":[{\"@type\":\"Article\",\"@id\":\"https:\\\/\\\/digital58.com.ve\\\/site\\\/2021\\\/11\\\/26\\\/justicia-espanola-confirma-extradicion-de-exjefa-del-tesoro-venezolana-a-eeuu\\\/#article\",\"isPartOf\":{\"@id\":\"https:\\\/\\\/digital58.com.ve\\\/site\\\/2021\\\/11\\\/26\\\/justicia-espanola-confirma-extradicion-de-exjefa-del-tesoro-venezolana-a-eeuu\\\/\"},\"author\":{\"name\":\"Villasmil Henry\",\"@id\":\"https:\\\/\\\/digital58.com.ve\\\/site\\\/#\\\/schema\\\/person\\\/64d1c2e4d0d4fd1b849980c4331c2951\"},\"headline\":\"Justicia espa\u00f1ola confirma extradici\u00f3n de exjefa del Tesoro venezolana a EEUU\",\"datePublished\":\"2021-11-26T16:22:43+00:00\",\"mainEntityOfPage\":{\"@id\":\"https:\\\/\\\/digital58.com.ve\\\/site\\\/2021\\\/11\\\/26\\\/justicia-espanola-confirma-extradicion-de-exjefa-del-tesoro-venezolana-a-eeuu\\\/\"},\"wordCount\":418,\"commentCount\":0,\"publisher\":{\"@id\":\"https:\\\/\\\/digital58.com.ve\\\/site\\\/#\\\/schema\\\/person\\\/64d1c2e4d0d4fd1b849980c4331c2951\"},\"image\":{\"@id\":\"https:\\\/\\\/digital58.com.ve\\\/site\\\/2021\\\/11\\\/26\\\/justicia-espanola-confirma-extradicion-de-exjefa-del-tesoro-venezolana-a-eeuu\\\/#primaryimage\"},\"thumbnailUrl\":\"https:\\\/\\\/digital58.com.ve\\\/site\\\/wp-content\\\/uploads\\\/2021\\\/11\\\/Claudia-Patricia-Diaz-Guillen.jpg\",\"keywords\":[\"Claudia Patricia D\u00edaz Guill\u00e9n\",\"Corrupci\u00f3n\",\"Espa\u00f1a\",\"Estados Unidos\",\"Extradici\u00f3n\",\"Hugo Ch\u00e1vez\",\"Raul Gorr\u00ecn\"],\"articleSection\":[\"Mundo\"],\"inLanguage\":\"es\",\"potentialAction\":[{\"@type\":\"CommentAction\",\"name\":\"Comment\",\"target\":[\"https:\\\/\\\/digital58.com.ve\\\/site\\\/2021\\\/11\\\/26\\\/justicia-espanola-confirma-extradicion-de-exjefa-del-tesoro-venezolana-a-eeuu\\\/#respond\"]}]},{\"@type\":\"WebPage\",\"@id\":\"https:\\\/\\\/digital58.com.ve\\\/site\\\/2021\\\/11\\\/26\\\/justicia-espanola-confirma-extradicion-de-exjefa-del-tesoro-venezolana-a-eeuu\\\/\",\"url\":\"https:\\\/\\\/digital58.com.ve\\\/site\\\/2021\\\/11\\\/26\\\/justicia-espanola-confirma-extradicion-de-exjefa-del-tesoro-venezolana-a-eeuu\\\/\",\"name\":\"Justicia espa\u00f1ola confirma extradici\u00f3n de exjefa del Tesoro venezolana a EEUU\",\"isPartOf\":{\"@id\":\"https:\\\/\\\/digital58.com.ve\\\/site\\\/#website\"},\"primaryImageOfPage\":{\"@id\":\"https:\\\/\\\/digital58.com.ve\\\/site\\\/2021\\\/11\\\/26\\\/justicia-espanola-confirma-extradicion-de-exjefa-del-tesoro-venezolana-a-eeuu\\\/#primaryimage\"},\"image\":{\"@id\":\"https:\\\/\\\/digital58.com.ve\\\/site\\\/2021\\\/11\\\/26\\\/justicia-espanola-confirma-extradicion-de-exjefa-del-tesoro-venezolana-a-eeuu\\\/#primaryimage\"},\"thumbnailUrl\":\"https:\\\/\\\/digital58.com.ve\\\/site\\\/wp-content\\\/uploads\\\/2021\\\/11\\\/Claudia-Patricia-Diaz-Guillen.jpg\",\"datePublished\":\"2021-11-26T16:22:43+00:00\",\"description\":\"Mundo\",\"breadcrumb\":{\"@id\":\"https:\\\/\\\/digital58.com.ve\\\/site\\\/2021\\\/11\\\/26\\\/justicia-espanola-confirma-extradicion-de-exjefa-del-tesoro-venezolana-a-eeuu\\\/#breadcrumb\"},\"inLanguage\":\"es\",\"potentialAction\":[{\"@type\":\"ReadAction\",\"target\":[\"https:\\\/\\\/digital58.com.ve\\\/site\\\/2021\\\/11\\\/26\\\/justicia-espanola-confirma-extradicion-de-exjefa-del-tesoro-venezolana-a-eeuu\\\/\"]}]},{\"@type\":\"ImageObject\",\"inLanguage\":\"es\",\"@id\":\"https:\\\/\\\/digital58.com.ve\\\/site\\\/2021\\\/11\\\/26\\\/justicia-espanola-confirma-extradicion-de-exjefa-del-tesoro-venezolana-a-eeuu\\\/#primaryimage\",\"url\":\"https:\\\/\\\/digital58.com.ve\\\/site\\\/wp-content\\\/uploads\\\/2021\\\/11\\\/Claudia-Patricia-Diaz-Guillen.jpg\",\"contentUrl\":\"https:\\\/\\\/digital58.com.ve\\\/site\\\/wp-content\\\/uploads\\\/2021\\\/11\\\/Claudia-Patricia-Diaz-Guillen.jpg\",\"width\":900,\"height\":506},{\"@type\":\"BreadcrumbList\",\"@id\":\"https:\\\/\\\/digital58.com.ve\\\/site\\\/2021\\\/11\\\/26\\\/justicia-espanola-confirma-extradicion-de-exjefa-del-tesoro-venezolana-a-eeuu\\\/#breadcrumb\",\"itemListElement\":[{\"@type\":\"ListItem\",\"position\":1,\"name\":\"Home\",\"item\":\"https:\\\/\\\/digital58.com.ve\\\/site\\\/\"},{\"@type\":\"ListItem\",\"position\":2,\"name\":\"Justicia espa\u00f1ola confirma extradici\u00f3n de exjefa del Tesoro venezolana a EEUU\"}]},{\"@type\":\"WebSite\",\"@id\":\"https:\\\/\\\/digital58.com.ve\\\/site\\\/#website\",\"url\":\"https:\\\/\\\/digital58.com.ve\\\/site\\\/\",\"name\":\"Noticias Digital58\",\"description\":\"Portal de Noticias \u00a1Periodismo web de verdad! Lanzamiento web 22.11.2005 \\\/ Maracaibo, Venezuela\",\"publisher\":{\"@id\":\"https:\\\/\\\/digital58.com.ve\\\/site\\\/#\\\/schema\\\/person\\\/64d1c2e4d0d4fd1b849980c4331c2951\"},\"alternateName\":\"ND58\",\"potentialAction\":[{\"@type\":\"SearchAction\",\"target\":{\"@type\":\"EntryPoint\",\"urlTemplate\":\"https:\\\/\\\/digital58.com.ve\\\/site\\\/?s={search_term_string}\"},\"query-input\":{\"@type\":\"PropertyValueSpecification\",\"valueRequired\":true,\"valueName\":\"search_term_string\"}}],\"inLanguage\":\"es\"},{\"@type\":[\"Person\",\"Organization\"],\"@id\":\"https:\\\/\\\/digital58.com.ve\\\/site\\\/#\\\/schema\\\/person\\\/64d1c2e4d0d4fd1b849980c4331c2951\",\"name\":\"Villasmil Henry\",\"image\":{\"@type\":\"ImageObject\",\"inLanguage\":\"es\",\"@id\":\"https:\\\/\\\/secure.gravatar.com\\\/avatar\\\/bb0c4a2fcb7970138239f7e404ea75757b1b507b28b5ce4c53fbd62d797c5a7c?s=96&d=mm&r=g\",\"url\":\"https:\\\/\\\/secure.gravatar.com\\\/avatar\\\/bb0c4a2fcb7970138239f7e404ea75757b1b507b28b5ce4c53fbd62d797c5a7c?s=96&d=mm&r=g\",\"contentUrl\":\"https:\\\/\\\/secure.gravatar.com\\\/avatar\\\/bb0c4a2fcb7970138239f7e404ea75757b1b507b28b5ce4c53fbd62d797c5a7c?s=96&d=mm&r=g\",\"caption\":\"Villasmil Henry\"},\"logo\":{\"@id\":\"https:\\\/\\\/secure.gravatar.com\\\/avatar\\\/bb0c4a2fcb7970138239f7e404ea75757b1b507b28b5ce4c53fbd62d797c5a7c?s=96&d=mm&r=g\"},\"sameAs\":[\"http:\\\/\\\/www.henryvillasmil.com.ve\",\"https:\\\/\\\/www.instagram.com\\\/villasmilhfoto\\\/\",\"https:\\\/\\\/x.com\\\/https:\\\/\\\/twitter.com\\\/villasmilhfoto\"],\"url\":\"https:\\\/\\\/digital58.com.ve\\\/site\\\/author\\\/droopy_68\\\/\"}]}<\/script>\n<!-- \/ Yoast SEO plugin. -->","yoast_head_json":{"title":"Justicia espa\u00f1ola confirma extradici\u00f3n de exjefa del Tesoro venezolana a EEUU","description":"Mundo","robots":{"index":"index","follow":"follow","max-snippet":"max-snippet:-1","max-image-preview":"max-image-preview:large","max-video-preview":"max-video-preview:-1"},"canonical":"https:\/\/digital58.com.ve\/site\/2021\/11\/26\/justicia-espanola-confirma-extradicion-de-exjefa-del-tesoro-venezolana-a-eeuu\/","og_locale":"es_ES","og_type":"article","og_title":"Justicia espa\u00f1ola confirma extradici\u00f3n de exjefa del Tesoro venezolana a EEUU","og_description":"Mundo","og_url":"https:\/\/digital58.com.ve\/site\/2021\/11\/26\/justicia-espanola-confirma-extradicion-de-exjefa-del-tesoro-venezolana-a-eeuu\/","og_site_name":"Noticias Digital58","article_published_time":"2021-11-26T16:22:43+00:00","og_image":[{"width":900,"height":506,"url":"https:\/\/digital58.com.ve\/site\/wp-content\/uploads\/2021\/11\/Claudia-Patricia-Diaz-Guillen.jpg","type":"image\/jpeg"}],"author":"Villasmil Henry","twitter_card":"summary_large_image","twitter_creator":"@https:\/\/twitter.com\/villasmilhfoto","twitter_site":"@villasmilhfoto","twitter_misc":{"Escrito por":"Villasmil Henry","Tiempo estimado de lectura":"2 minutos"},"schema":{"@context":"https:\/\/schema.org","@graph":[{"@type":"Article","@id":"https:\/\/digital58.com.ve\/site\/2021\/11\/26\/justicia-espanola-confirma-extradicion-de-exjefa-del-tesoro-venezolana-a-eeuu\/#article","isPartOf":{"@id":"https:\/\/digital58.com.ve\/site\/2021\/11\/26\/justicia-espanola-confirma-extradicion-de-exjefa-del-tesoro-venezolana-a-eeuu\/"},"author":{"name":"Villasmil Henry","@id":"https:\/\/digital58.com.ve\/site\/#\/schema\/person\/64d1c2e4d0d4fd1b849980c4331c2951"},"headline":"Justicia espa\u00f1ola confirma extradici\u00f3n de exjefa del Tesoro venezolana a EEUU","datePublished":"2021-11-26T16:22:43+00:00","mainEntityOfPage":{"@id":"https:\/\/digital58.com.ve\/site\/2021\/11\/26\/justicia-espanola-confirma-extradicion-de-exjefa-del-tesoro-venezolana-a-eeuu\/"},"wordCount":418,"commentCount":0,"publisher":{"@id":"https:\/\/digital58.com.ve\/site\/#\/schema\/person\/64d1c2e4d0d4fd1b849980c4331c2951"},"image":{"@id":"https:\/\/digital58.com.ve\/site\/2021\/11\/26\/justicia-espanola-confirma-extradicion-de-exjefa-del-tesoro-venezolana-a-eeuu\/#primaryimage"},"thumbnailUrl":"https:\/\/digital58.com.ve\/site\/wp-content\/uploads\/2021\/11\/Claudia-Patricia-Diaz-Guillen.jpg","keywords":["Claudia Patricia D\u00edaz Guill\u00e9n","Corrupci\u00f3n","Espa\u00f1a","Estados Unidos","Extradici\u00f3n","Hugo Ch\u00e1vez","Raul Gorr\u00ecn"],"articleSection":["Mundo"],"inLanguage":"es","potentialAction":[{"@type":"CommentAction","name":"Comment","target":["https:\/\/digital58.com.ve\/site\/2021\/11\/26\/justicia-espanola-confirma-extradicion-de-exjefa-del-tesoro-venezolana-a-eeuu\/#respond"]}]},{"@type":"WebPage","@id":"https:\/\/digital58.com.ve\/site\/2021\/11\/26\/justicia-espanola-confirma-extradicion-de-exjefa-del-tesoro-venezolana-a-eeuu\/","url":"https:\/\/digital58.com.ve\/site\/2021\/11\/26\/justicia-espanola-confirma-extradicion-de-exjefa-del-tesoro-venezolana-a-eeuu\/","name":"Justicia espa\u00f1ola confirma extradici\u00f3n de exjefa del Tesoro venezolana a EEUU","isPartOf":{"@id":"https:\/\/digital58.com.ve\/site\/#website"},"primaryImageOfPage":{"@id":"https:\/\/digital58.com.ve\/site\/2021\/11\/26\/justicia-espanola-confirma-extradicion-de-exjefa-del-tesoro-venezolana-a-eeuu\/#primaryimage"},"image":{"@id":"https:\/\/digital58.com.ve\/site\/2021\/11\/26\/justicia-espanola-confirma-extradicion-de-exjefa-del-tesoro-venezolana-a-eeuu\/#primaryimage"},"thumbnailUrl":"https:\/\/digital58.com.ve\/site\/wp-content\/uploads\/2021\/11\/Claudia-Patricia-Diaz-Guillen.jpg","datePublished":"2021-11-26T16:22:43+00:00","description":"Mundo","breadcrumb":{"@id":"https:\/\/digital58.com.ve\/site\/2021\/11\/26\/justicia-espanola-confirma-extradicion-de-exjefa-del-tesoro-venezolana-a-eeuu\/#breadcrumb"},"inLanguage":"es","potentialAction":[{"@type":"ReadAction","target":["https:\/\/digital58.com.ve\/site\/2021\/11\/26\/justicia-espanola-confirma-extradicion-de-exjefa-del-tesoro-venezolana-a-eeuu\/"]}]},{"@type":"ImageObject","inLanguage":"es","@id":"https:\/\/digital58.com.ve\/site\/2021\/11\/26\/justicia-espanola-confirma-extradicion-de-exjefa-del-tesoro-venezolana-a-eeuu\/#primaryimage","url":"https:\/\/digital58.com.ve\/site\/wp-content\/uploads\/2021\/11\/Claudia-Patricia-Diaz-Guillen.jpg","contentUrl":"https:\/\/digital58.com.ve\/site\/wp-content\/uploads\/2021\/11\/Claudia-Patricia-Diaz-Guillen.jpg","width":900,"height":506},{"@type":"BreadcrumbList","@id":"https:\/\/digital58.com.ve\/site\/2021\/11\/26\/justicia-espanola-confirma-extradicion-de-exjefa-del-tesoro-venezolana-a-eeuu\/#breadcrumb","itemListElement":[{"@type":"ListItem","position":1,"name":"Home","item":"https:\/\/digital58.com.ve\/site\/"},{"@type":"ListItem","position":2,"name":"Justicia espa\u00f1ola confirma extradici\u00f3n de exjefa del Tesoro venezolana a EEUU"}]},{"@type":"WebSite","@id":"https:\/\/digital58.com.ve\/site\/#website","url":"https:\/\/digital58.com.ve\/site\/","name":"Noticias Digital58","description":"Portal de Noticias \u00a1Periodismo web de verdad! Lanzamiento web 22.11.2005 \/ Maracaibo, Venezuela","publisher":{"@id":"https:\/\/digital58.com.ve\/site\/#\/schema\/person\/64d1c2e4d0d4fd1b849980c4331c2951"},"alternateName":"ND58","potentialAction":[{"@type":"SearchAction","target":{"@type":"EntryPoint","urlTemplate":"https:\/\/digital58.com.ve\/site\/?s={search_term_string}"},"query-input":{"@type":"PropertyValueSpecification","valueRequired":true,"valueName":"search_term_string"}}],"inLanguage":"es"},{"@type":["Person","Organization"],"@id":"https:\/\/digital58.com.ve\/site\/#\/schema\/person\/64d1c2e4d0d4fd1b849980c4331c2951","name":"Villasmil Henry","image":{"@type":"ImageObject","inLanguage":"es","@id":"https:\/\/secure.gravatar.com\/avatar\/bb0c4a2fcb7970138239f7e404ea75757b1b507b28b5ce4c53fbd62d797c5a7c?s=96&d=mm&r=g","url":"https:\/\/secure.gravatar.com\/avatar\/bb0c4a2fcb7970138239f7e404ea75757b1b507b28b5ce4c53fbd62d797c5a7c?s=96&d=mm&r=g","contentUrl":"https:\/\/secure.gravatar.com\/avatar\/bb0c4a2fcb7970138239f7e404ea75757b1b507b28b5ce4c53fbd62d797c5a7c?s=96&d=mm&r=g","caption":"Villasmil Henry"},"logo":{"@id":"https:\/\/secure.gravatar.com\/avatar\/bb0c4a2fcb7970138239f7e404ea75757b1b507b28b5ce4c53fbd62d797c5a7c?s=96&d=mm&r=g"},"sameAs":["http:\/\/www.henryvillasmil.com.ve","https:\/\/www.instagram.com\/villasmilhfoto\/","https:\/\/x.com\/https:\/\/twitter.com\/villasmilhfoto"],"url":"https:\/\/digital58.com.ve\/site\/author\/droopy_68\/"}]}},"uagb_featured_image_src":{"full":["https:\/\/digital58.com.ve\/site\/wp-content\/uploads\/2021\/11\/Claudia-Patricia-Diaz-Guillen.jpg",900,506,false],"thumbnail":["https:\/\/digital58.com.ve\/site\/wp-content\/uploads\/2021\/11\/Claudia-Patricia-Diaz-Guillen-150x150.jpg",150,150,true],"medium":["https:\/\/digital58.com.ve\/site\/wp-content\/uploads\/2021\/11\/Claudia-Patricia-Diaz-Guillen-300x169.jpg",300,169,true],"medium_large":["https:\/\/digital58.com.ve\/site\/wp-content\/uploads\/2021\/11\/Claudia-Patricia-Diaz-Guillen-768x432.jpg",768,432,true],"large":["https:\/\/digital58.com.ve\/site\/wp-content\/uploads\/2021\/11\/Claudia-Patricia-Diaz-Guillen.jpg",800,450,false],"1536x1536":["https:\/\/digital58.com.ve\/site\/wp-content\/uploads\/2021\/11\/Claudia-Patricia-Diaz-Guillen.jpg",900,506,false],"2048x2048":["https:\/\/digital58.com.ve\/site\/wp-content\/uploads\/2021\/11\/Claudia-Patricia-Diaz-Guillen.jpg",900,506,false],"colormag-highlighted-post":["https:\/\/digital58.com.ve\/site\/wp-content\/uploads\/2021\/11\/Claudia-Patricia-Diaz-Guillen.jpg",392,220,false],"colormag-featured-post-medium":["https:\/\/digital58.com.ve\/site\/wp-content\/uploads\/2021\/11\/Claudia-Patricia-Diaz-Guillen.jpg",365,205,false],"colormag-featured-post-small":["https:\/\/digital58.com.ve\/site\/wp-content\/uploads\/2021\/11\/Claudia-Patricia-Diaz-Guillen.jpg",130,73,false],"colormag-featured-image":["https:\/\/digital58.com.ve\/site\/wp-content\/uploads\/2021\/11\/Claudia-Patricia-Diaz-Guillen.jpg",792,445,false],"colormag-default-news":["https:\/\/digital58.com.ve\/site\/wp-content\/uploads\/2021\/11\/Claudia-Patricia-Diaz-Guillen.jpg",150,84,false],"colormag-featured-image-large":["https:\/\/digital58.com.ve\/site\/wp-content\/uploads\/2021\/11\/Claudia-Patricia-Diaz-Guillen.jpg",900,506,false]},"uagb_author_info":{"display_name":"Villasmil Henry","author_link":"https:\/\/digital58.com.ve\/site\/author\/droopy_68\/"},"uagb_comment_info":0,"uagb_excerpt":"Los magistrados, en un auto conocido este viernes, desestimaron el recurso de s\u00faplica que present\u00f3 D\u00edaz Guill\u00e9n, conocida tambi\u00e9n como","_links":{"self":[{"href":"https:\/\/digital58.com.ve\/site\/wp-json\/wp\/v2\/posts\/144931","targetHints":{"allow":["GET"]}}],"collection":[{"href":"https:\/\/digital58.com.ve\/site\/wp-json\/wp\/v2\/posts"}],"about":[{"href":"https:\/\/digital58.com.ve\/site\/wp-json\/wp\/v2\/types\/post"}],"author":[{"embeddable":true,"href":"https:\/\/digital58.com.ve\/site\/wp-json\/wp\/v2\/users\/1"}],"replies":[{"embeddable":true,"href":"https:\/\/digital58.com.ve\/site\/wp-json\/wp\/v2\/comments?post=144931"}],"version-history":[{"count":0,"href":"https:\/\/digital58.com.ve\/site\/wp-json\/wp\/v2\/posts\/144931\/revisions"}],"wp:featuredmedia":[{"embeddable":true,"href":"https:\/\/digital58.com.ve\/site\/wp-json\/wp\/v2\/media\/144932"}],"wp:attachment":[{"href":"https:\/\/digital58.com.ve\/site\/wp-json\/wp\/v2\/media?parent=144931"}],"wp:term":[{"taxonomy":"category","embeddable":true,"href":"https:\/\/digital58.com.ve\/site\/wp-json\/wp\/v2\/categories?post=144931"},{"taxonomy":"post_tag","embeddable":true,"href":"https:\/\/digital58.com.ve\/site\/wp-json\/wp\/v2\/tags?post=144931"}],"curies":[{"name":"wp","href":"https:\/\/api.w.org\/{rel}","templated":true}]}}