{"id":145197,"date":"2021-12-08T20:31:13","date_gmt":"2021-12-09T00:31:13","guid":{"rendered":"https:\/\/digital58.com.ve\/site\/?p=145197"},"modified":"2021-12-08T20:31:13","modified_gmt":"2021-12-09T00:31:13","slug":"juventud-de-pj-zulia-exige-desde-la-zona-educativa-condiciones-para-clases-presenciales","status":"publish","type":"post","link":"https:\/\/digital58.com.ve\/site\/2021\/12\/08\/juventud-de-pj-zulia-exige-desde-la-zona-educativa-condiciones-para-clases-presenciales\/","title":{"rendered":"Juventud de PJ Zulia exige desde la Zona Educativa condiciones para clases presenciales"},"content":{"rendered":"<p><a href=\"https:\/\/digital58.com.ve\/site\/wp-content\/uploads\/2021\/12\/IMG-20211208-WA0039.jpg\"><img loading=\"lazy\" decoding=\"async\" class=\"aligncenter size-full wp-image-145198\" src=\"https:\/\/digital58.com.ve\/site\/wp-content\/uploads\/2021\/12\/IMG-20211208-WA0039.jpg\" alt=\"\" width=\"1280\" height=\"720\" srcset=\"https:\/\/digital58.com.ve\/site\/wp-content\/uploads\/2021\/12\/IMG-20211208-WA0039.jpg 800w, https:\/\/digital58.com.ve\/site\/wp-content\/uploads\/2021\/12\/IMG-20211208-WA0039-300x169.jpg 300w, https:\/\/digital58.com.ve\/site\/wp-content\/uploads\/2021\/12\/IMG-20211208-WA0039-768x432.jpg 768w\" sizes=\"auto, (max-width: 1280px) 100vw, 1280px\" \/><\/a><\/p>\n<p>A pocos d\u00edas para que culmine el 2021, la juventud de Primero Justicia, preocupados por la grave situaci\u00f3n educativa en el estado Zulia y en toda Venezuela, protestaron este mi\u00e9rcoles, a las afueras de la Zona Educativa, exigiendo condiciones para clases presenciales en la Universidad del Zulia y en todos los colegios de la regi\u00f3n.<\/p>\n<p><strong>Maracaibo, Zulia, Venezuela, 08 de diciembre de 2021 (ND58).-<\/strong> En tal sentido, Andr\u00e9s Moreno, dirigente juvenil del partido aurinegro, se pregunt\u00f3 \u00ab\u00bfcu\u00e1l es el plan de gesti\u00f3n y los planes para LUZ de la reci\u00e9n designada Ministra de Educaci\u00f3n Superior, Tibisay Lucena?, al tiempo que asegur\u00f3 que \u00abla respuesta es simple: no hay plan de gesti\u00f3n, pues no les importa el futuro del pa\u00eds\u00bb.<\/p>\n<p>\u00abHoy en d\u00eda la Universidad del Zulia necesita alrededor de dos millones de d\u00f3lares para la recuperaci\u00f3n de su infraestructura luego de ser ultrajada en reiteradas oportunidades por la delincuencia y nos preguntamos d\u00f3nde est\u00e1 el plan de seguridad que prometieron y las condiciones para las clases presenciales?\u00bb, reiter\u00f3.<\/p>\n<p>Sin embargo dej\u00f3 claro que forman parte de una \u00abjuventud aguerrida, dispuesta a seguir en las calles, luchando, denunciando y protestando hasta lograr las condiciones \u00f3ptimas para seguir formando los profesionales del ma\u00f1ana\u00bb.<\/p>\n<p>Sobre la situaci\u00f3n de los colegios de Maracaibo, denunci\u00f3 que en sus visitas han corroborado que la mayor\u00eda de ellos no cumplen con lo m\u00ednimo para funcionar.<\/p>\n<p>\u00abAlgunos est\u00e1n sin electricidad, otros sin agua, otros sin ventiladores y algunos hasta sin techo. Nos vemos en la obligaci\u00f3n de exigirle al desgobierno de Maduro condiciones y condiciones no son solo vacunas\u00bb, manifest\u00f3 Moreno acompa\u00f1ado de la juventud encabezada por la Presidenta de la FCU-LUZ, Yeissel P\u00e9rez y del Secretario Juvenil del Partido, Ricardo Useche.<\/p>\n<p><strong>Redacci\u00f3n ND58 | Fuente: NDP<\/strong><br \/>\n<strong>Edici\u00f3n: Villasmil, Henry<\/strong><br \/>\n<strong>Gr\u00e1ficas: Cortes\u00eda<\/strong><\/p>\n<p>&nbsp;<\/p>\n<p>&nbsp;<\/p><div class=\"kmbfc69f28fcd71a03\" ><p style=\"text-align: center;\"><a href=\"https:\/\/t.me\/noticiasdigital58\" target=\"_blank\" rel=\"noopener\"><img class=\"aligncenter size-full wp-image-125363\" src=\"https:\/\/digital58.com.ve\/site\/wp-content\/uploads\/2021\/04\/banner-telegram-web-2021.png\" alt=\"\" width=\"600\" height=\"90\" \/><\/a><\/p><\/div><style type=\"text\/css\">\r\n@media screen and (min-width: 1201px) {\r\n.kmbfc69f28fcd71a03 {\r\ndisplay: block;\r\n}\r\n}\r\n@media screen and (min-width: 993px) and (max-width: 1200px) {\r\n.kmbfc69f28fcd71a03 {\r\ndisplay: block;\r\n}\r\n}\r\n@media screen and (min-width: 769px) and (max-width: 992px) {\r\n.kmbfc69f28fcd71a03 {\r\ndisplay: block;\r\n}\r\n}\r\n@media screen and (min-width: 768px) and (max-width: 768px) {\r\n.kmbfc69f28fcd71a03 {\r\ndisplay: block;\r\n}\r\n}\r\n@media screen and (max-width: 767px) {\r\n.kmbfc69f28fcd71a03 {\r\ndisplay: block;\r\n}\r\n}\r\n<\/style>\r\n\n<p>&nbsp;<\/p>\n<div style=\"margin-top: 0px; margin-bottom: 0px;\" class=\"sharethis-inline-share-buttons\" ><\/div>","protected":false},"excerpt":{"rendered":"<p>A pocos d\u00edas para que culmine el 2021, la juventud de Primero Justicia, preocupados por la grave situaci\u00f3n educativa en<\/p>\n","protected":false},"author":1,"featured_media":145198,"comment_status":"open","ping_status":"closed","sticky":false,"template":"","format":"standard","meta":{"colormag_page_container_layout":"default_layout","colormag_page_sidebar_layout":"default_layout","_uag_custom_page_level_css":"","footnotes":""},"categories":[14504],"tags":[26205,667,7387,73,233,2717,4296,2354,9312,32,14365,761],"class_list":["post-145197","post","type-post","status-publish","format-standard","has-post-thumbnail","hentry","category-zulia","tag-andres-moreno","tag-estudiantes","tag-jovenes","tag-maracaibo","tag-nacionales","tag-primero-justicia","tag-protestas","tag-regionales","tag-universidad-del-zulia","tag-venezuela","tag-zona-educativa","tag-zulia"],"yoast_head":"<!-- This site is optimized with the Yoast SEO plugin v27.5 - https:\/\/yoast.com\/product\/yoast-seo-wordpress\/ -->\n<title>Juventud de PJ Zulia exige desde la Zona Educativa condiciones para clases presenciales<\/title>\n<meta name=\"description\" content=\"Zulia\" \/>\n<meta name=\"robots\" content=\"index, follow, max-snippet:-1, max-image-preview:large, max-video-preview:-1\" \/>\n<link rel=\"canonical\" href=\"https:\/\/digital58.com.ve\/site\/2021\/12\/08\/juventud-de-pj-zulia-exige-desde-la-zona-educativa-condiciones-para-clases-presenciales\/\" \/>\n<meta property=\"og:locale\" content=\"es_ES\" \/>\n<meta property=\"og:type\" content=\"article\" \/>\n<meta property=\"og:title\" content=\"Juventud de PJ Zulia exige desde la Zona Educativa condiciones para clases presenciales\" \/>\n<meta property=\"og:description\" content=\"Zulia\" \/>\n<meta property=\"og:url\" content=\"https:\/\/digital58.com.ve\/site\/2021\/12\/08\/juventud-de-pj-zulia-exige-desde-la-zona-educativa-condiciones-para-clases-presenciales\/\" \/>\n<meta property=\"og:site_name\" content=\"Noticias Digital58\" \/>\n<meta property=\"article:published_time\" content=\"2021-12-09T00:31:13+00:00\" \/>\n<meta property=\"og:image\" content=\"https:\/\/digital58.com.ve\/site\/wp-content\/uploads\/2021\/12\/IMG-20211208-WA0039.jpg\" \/>\n\t<meta property=\"og:image:width\" content=\"1280\" \/>\n\t<meta property=\"og:image:height\" content=\"720\" \/>\n\t<meta property=\"og:image:type\" content=\"image\/jpeg\" \/>\n<meta name=\"author\" content=\"Villasmil Henry\" \/>\n<meta name=\"twitter:card\" content=\"summary_large_image\" \/>\n<meta name=\"twitter:creator\" content=\"@https:\/\/twitter.com\/villasmilhfoto\" \/>\n<meta name=\"twitter:site\" content=\"@villasmilhfoto\" \/>\n<meta name=\"twitter:label1\" content=\"Escrito por\" \/>\n\t<meta name=\"twitter:data1\" content=\"Villasmil Henry\" \/>\n\t<meta name=\"twitter:label2\" content=\"Tiempo estimado de lectura\" \/>\n\t<meta name=\"twitter:data2\" content=\"2 minutos\" \/>\n<script type=\"application\/ld+json\" class=\"yoast-schema-graph\">{\"@context\":\"https:\\\/\\\/schema.org\",\"@graph\":[{\"@type\":\"Article\",\"@id\":\"https:\\\/\\\/digital58.com.ve\\\/site\\\/2021\\\/12\\\/08\\\/juventud-de-pj-zulia-exige-desde-la-zona-educativa-condiciones-para-clases-presenciales\\\/#article\",\"isPartOf\":{\"@id\":\"https:\\\/\\\/digital58.com.ve\\\/site\\\/2021\\\/12\\\/08\\\/juventud-de-pj-zulia-exige-desde-la-zona-educativa-condiciones-para-clases-presenciales\\\/\"},\"author\":{\"name\":\"Villasmil Henry\",\"@id\":\"https:\\\/\\\/digital58.com.ve\\\/site\\\/#\\\/schema\\\/person\\\/64d1c2e4d0d4fd1b849980c4331c2951\"},\"headline\":\"Juventud de PJ Zulia exige desde la Zona Educativa condiciones para clases presenciales\",\"datePublished\":\"2021-12-09T00:31:13+00:00\",\"mainEntityOfPage\":{\"@id\":\"https:\\\/\\\/digital58.com.ve\\\/site\\\/2021\\\/12\\\/08\\\/juventud-de-pj-zulia-exige-desde-la-zona-educativa-condiciones-para-clases-presenciales\\\/\"},\"wordCount\":334,\"commentCount\":0,\"publisher\":{\"@id\":\"https:\\\/\\\/digital58.com.ve\\\/site\\\/#\\\/schema\\\/person\\\/64d1c2e4d0d4fd1b849980c4331c2951\"},\"image\":{\"@id\":\"https:\\\/\\\/digital58.com.ve\\\/site\\\/2021\\\/12\\\/08\\\/juventud-de-pj-zulia-exige-desde-la-zona-educativa-condiciones-para-clases-presenciales\\\/#primaryimage\"},\"thumbnailUrl\":\"https:\\\/\\\/digital58.com.ve\\\/site\\\/wp-content\\\/uploads\\\/2021\\\/12\\\/IMG-20211208-WA0039.jpg\",\"keywords\":[\"Andr\u00e9s Moreno\",\"Estudiantes\",\"J\u00f3venes\",\"Maracaibo\",\"Nacionales\",\"Primero Justicia\",\"Protestas\",\"Regionales\",\"Universidad del Zulia\",\"Venezuela\",\"Zona Educativa\",\"Zulia\"],\"articleSection\":[\"Zulia\"],\"inLanguage\":\"es\",\"potentialAction\":[{\"@type\":\"CommentAction\",\"name\":\"Comment\",\"target\":[\"https:\\\/\\\/digital58.com.ve\\\/site\\\/2021\\\/12\\\/08\\\/juventud-de-pj-zulia-exige-desde-la-zona-educativa-condiciones-para-clases-presenciales\\\/#respond\"]}]},{\"@type\":\"WebPage\",\"@id\":\"https:\\\/\\\/digital58.com.ve\\\/site\\\/2021\\\/12\\\/08\\\/juventud-de-pj-zulia-exige-desde-la-zona-educativa-condiciones-para-clases-presenciales\\\/\",\"url\":\"https:\\\/\\\/digital58.com.ve\\\/site\\\/2021\\\/12\\\/08\\\/juventud-de-pj-zulia-exige-desde-la-zona-educativa-condiciones-para-clases-presenciales\\\/\",\"name\":\"Juventud de PJ Zulia exige desde la Zona Educativa condiciones para clases presenciales\",\"isPartOf\":{\"@id\":\"https:\\\/\\\/digital58.com.ve\\\/site\\\/#website\"},\"primaryImageOfPage\":{\"@id\":\"https:\\\/\\\/digital58.com.ve\\\/site\\\/2021\\\/12\\\/08\\\/juventud-de-pj-zulia-exige-desde-la-zona-educativa-condiciones-para-clases-presenciales\\\/#primaryimage\"},\"image\":{\"@id\":\"https:\\\/\\\/digital58.com.ve\\\/site\\\/2021\\\/12\\\/08\\\/juventud-de-pj-zulia-exige-desde-la-zona-educativa-condiciones-para-clases-presenciales\\\/#primaryimage\"},\"thumbnailUrl\":\"https:\\\/\\\/digital58.com.ve\\\/site\\\/wp-content\\\/uploads\\\/2021\\\/12\\\/IMG-20211208-WA0039.jpg\",\"datePublished\":\"2021-12-09T00:31:13+00:00\",\"description\":\"Zulia\",\"breadcrumb\":{\"@id\":\"https:\\\/\\\/digital58.com.ve\\\/site\\\/2021\\\/12\\\/08\\\/juventud-de-pj-zulia-exige-desde-la-zona-educativa-condiciones-para-clases-presenciales\\\/#breadcrumb\"},\"inLanguage\":\"es\",\"potentialAction\":[{\"@type\":\"ReadAction\",\"target\":[\"https:\\\/\\\/digital58.com.ve\\\/site\\\/2021\\\/12\\\/08\\\/juventud-de-pj-zulia-exige-desde-la-zona-educativa-condiciones-para-clases-presenciales\\\/\"]}]},{\"@type\":\"ImageObject\",\"inLanguage\":\"es\",\"@id\":\"https:\\\/\\\/digital58.com.ve\\\/site\\\/2021\\\/12\\\/08\\\/juventud-de-pj-zulia-exige-desde-la-zona-educativa-condiciones-para-clases-presenciales\\\/#primaryimage\",\"url\":\"https:\\\/\\\/digital58.com.ve\\\/site\\\/wp-content\\\/uploads\\\/2021\\\/12\\\/IMG-20211208-WA0039.jpg\",\"contentUrl\":\"https:\\\/\\\/digital58.com.ve\\\/site\\\/wp-content\\\/uploads\\\/2021\\\/12\\\/IMG-20211208-WA0039.jpg\",\"width\":800,\"height\":450},{\"@type\":\"BreadcrumbList\",\"@id\":\"https:\\\/\\\/digital58.com.ve\\\/site\\\/2021\\\/12\\\/08\\\/juventud-de-pj-zulia-exige-desde-la-zona-educativa-condiciones-para-clases-presenciales\\\/#breadcrumb\",\"itemListElement\":[{\"@type\":\"ListItem\",\"position\":1,\"name\":\"Home\",\"item\":\"https:\\\/\\\/digital58.com.ve\\\/site\\\/\"},{\"@type\":\"ListItem\",\"position\":2,\"name\":\"Juventud de PJ Zulia exige desde la Zona Educativa condiciones para clases presenciales\"}]},{\"@type\":\"WebSite\",\"@id\":\"https:\\\/\\\/digital58.com.ve\\\/site\\\/#website\",\"url\":\"https:\\\/\\\/digital58.com.ve\\\/site\\\/\",\"name\":\"Noticias Digital58\",\"description\":\"Portal de Noticias \u00a1Periodismo web de verdad! Lanzamiento web 22.11.2005 \\\/ Maracaibo, Venezuela\",\"publisher\":{\"@id\":\"https:\\\/\\\/digital58.com.ve\\\/site\\\/#\\\/schema\\\/person\\\/64d1c2e4d0d4fd1b849980c4331c2951\"},\"alternateName\":\"ND58\",\"potentialAction\":[{\"@type\":\"SearchAction\",\"target\":{\"@type\":\"EntryPoint\",\"urlTemplate\":\"https:\\\/\\\/digital58.com.ve\\\/site\\\/?s={search_term_string}\"},\"query-input\":{\"@type\":\"PropertyValueSpecification\",\"valueRequired\":true,\"valueName\":\"search_term_string\"}}],\"inLanguage\":\"es\"},{\"@type\":[\"Person\",\"Organization\"],\"@id\":\"https:\\\/\\\/digital58.com.ve\\\/site\\\/#\\\/schema\\\/person\\\/64d1c2e4d0d4fd1b849980c4331c2951\",\"name\":\"Villasmil Henry\",\"image\":{\"@type\":\"ImageObject\",\"inLanguage\":\"es\",\"@id\":\"https:\\\/\\\/secure.gravatar.com\\\/avatar\\\/bb0c4a2fcb7970138239f7e404ea75757b1b507b28b5ce4c53fbd62d797c5a7c?s=96&d=mm&r=g\",\"url\":\"https:\\\/\\\/secure.gravatar.com\\\/avatar\\\/bb0c4a2fcb7970138239f7e404ea75757b1b507b28b5ce4c53fbd62d797c5a7c?s=96&d=mm&r=g\",\"contentUrl\":\"https:\\\/\\\/secure.gravatar.com\\\/avatar\\\/bb0c4a2fcb7970138239f7e404ea75757b1b507b28b5ce4c53fbd62d797c5a7c?s=96&d=mm&r=g\",\"caption\":\"Villasmil Henry\"},\"logo\":{\"@id\":\"https:\\\/\\\/secure.gravatar.com\\\/avatar\\\/bb0c4a2fcb7970138239f7e404ea75757b1b507b28b5ce4c53fbd62d797c5a7c?s=96&d=mm&r=g\"},\"sameAs\":[\"http:\\\/\\\/www.henryvillasmil.com.ve\",\"https:\\\/\\\/www.instagram.com\\\/villasmilhfoto\\\/\",\"https:\\\/\\\/x.com\\\/https:\\\/\\\/twitter.com\\\/villasmilhfoto\"],\"url\":\"https:\\\/\\\/digital58.com.ve\\\/site\\\/author\\\/droopy_68\\\/\"}]}<\/script>\n<!-- \/ Yoast SEO plugin. -->","yoast_head_json":{"title":"Juventud de PJ Zulia exige desde la Zona Educativa condiciones para clases presenciales","description":"Zulia","robots":{"index":"index","follow":"follow","max-snippet":"max-snippet:-1","max-image-preview":"max-image-preview:large","max-video-preview":"max-video-preview:-1"},"canonical":"https:\/\/digital58.com.ve\/site\/2021\/12\/08\/juventud-de-pj-zulia-exige-desde-la-zona-educativa-condiciones-para-clases-presenciales\/","og_locale":"es_ES","og_type":"article","og_title":"Juventud de PJ Zulia exige desde la Zona Educativa condiciones para clases presenciales","og_description":"Zulia","og_url":"https:\/\/digital58.com.ve\/site\/2021\/12\/08\/juventud-de-pj-zulia-exige-desde-la-zona-educativa-condiciones-para-clases-presenciales\/","og_site_name":"Noticias Digital58","article_published_time":"2021-12-09T00:31:13+00:00","og_image":[{"width":1280,"height":720,"url":"https:\/\/digital58.com.ve\/site\/wp-content\/uploads\/2021\/12\/IMG-20211208-WA0039.jpg","type":"image\/jpeg"}],"author":"Villasmil Henry","twitter_card":"summary_large_image","twitter_creator":"@https:\/\/twitter.com\/villasmilhfoto","twitter_site":"@villasmilhfoto","twitter_misc":{"Escrito por":"Villasmil Henry","Tiempo estimado de lectura":"2 minutos"},"schema":{"@context":"https:\/\/schema.org","@graph":[{"@type":"Article","@id":"https:\/\/digital58.com.ve\/site\/2021\/12\/08\/juventud-de-pj-zulia-exige-desde-la-zona-educativa-condiciones-para-clases-presenciales\/#article","isPartOf":{"@id":"https:\/\/digital58.com.ve\/site\/2021\/12\/08\/juventud-de-pj-zulia-exige-desde-la-zona-educativa-condiciones-para-clases-presenciales\/"},"author":{"name":"Villasmil Henry","@id":"https:\/\/digital58.com.ve\/site\/#\/schema\/person\/64d1c2e4d0d4fd1b849980c4331c2951"},"headline":"Juventud de PJ Zulia exige desde la Zona Educativa condiciones para clases presenciales","datePublished":"2021-12-09T00:31:13+00:00","mainEntityOfPage":{"@id":"https:\/\/digital58.com.ve\/site\/2021\/12\/08\/juventud-de-pj-zulia-exige-desde-la-zona-educativa-condiciones-para-clases-presenciales\/"},"wordCount":334,"commentCount":0,"publisher":{"@id":"https:\/\/digital58.com.ve\/site\/#\/schema\/person\/64d1c2e4d0d4fd1b849980c4331c2951"},"image":{"@id":"https:\/\/digital58.com.ve\/site\/2021\/12\/08\/juventud-de-pj-zulia-exige-desde-la-zona-educativa-condiciones-para-clases-presenciales\/#primaryimage"},"thumbnailUrl":"https:\/\/digital58.com.ve\/site\/wp-content\/uploads\/2021\/12\/IMG-20211208-WA0039.jpg","keywords":["Andr\u00e9s Moreno","Estudiantes","J\u00f3venes","Maracaibo","Nacionales","Primero Justicia","Protestas","Regionales","Universidad del Zulia","Venezuela","Zona Educativa","Zulia"],"articleSection":["Zulia"],"inLanguage":"es","potentialAction":[{"@type":"CommentAction","name":"Comment","target":["https:\/\/digital58.com.ve\/site\/2021\/12\/08\/juventud-de-pj-zulia-exige-desde-la-zona-educativa-condiciones-para-clases-presenciales\/#respond"]}]},{"@type":"WebPage","@id":"https:\/\/digital58.com.ve\/site\/2021\/12\/08\/juventud-de-pj-zulia-exige-desde-la-zona-educativa-condiciones-para-clases-presenciales\/","url":"https:\/\/digital58.com.ve\/site\/2021\/12\/08\/juventud-de-pj-zulia-exige-desde-la-zona-educativa-condiciones-para-clases-presenciales\/","name":"Juventud de PJ Zulia exige desde la Zona Educativa condiciones para clases presenciales","isPartOf":{"@id":"https:\/\/digital58.com.ve\/site\/#website"},"primaryImageOfPage":{"@id":"https:\/\/digital58.com.ve\/site\/2021\/12\/08\/juventud-de-pj-zulia-exige-desde-la-zona-educativa-condiciones-para-clases-presenciales\/#primaryimage"},"image":{"@id":"https:\/\/digital58.com.ve\/site\/2021\/12\/08\/juventud-de-pj-zulia-exige-desde-la-zona-educativa-condiciones-para-clases-presenciales\/#primaryimage"},"thumbnailUrl":"https:\/\/digital58.com.ve\/site\/wp-content\/uploads\/2021\/12\/IMG-20211208-WA0039.jpg","datePublished":"2021-12-09T00:31:13+00:00","description":"Zulia","breadcrumb":{"@id":"https:\/\/digital58.com.ve\/site\/2021\/12\/08\/juventud-de-pj-zulia-exige-desde-la-zona-educativa-condiciones-para-clases-presenciales\/#breadcrumb"},"inLanguage":"es","potentialAction":[{"@type":"ReadAction","target":["https:\/\/digital58.com.ve\/site\/2021\/12\/08\/juventud-de-pj-zulia-exige-desde-la-zona-educativa-condiciones-para-clases-presenciales\/"]}]},{"@type":"ImageObject","inLanguage":"es","@id":"https:\/\/digital58.com.ve\/site\/2021\/12\/08\/juventud-de-pj-zulia-exige-desde-la-zona-educativa-condiciones-para-clases-presenciales\/#primaryimage","url":"https:\/\/digital58.com.ve\/site\/wp-content\/uploads\/2021\/12\/IMG-20211208-WA0039.jpg","contentUrl":"https:\/\/digital58.com.ve\/site\/wp-content\/uploads\/2021\/12\/IMG-20211208-WA0039.jpg","width":800,"height":450},{"@type":"BreadcrumbList","@id":"https:\/\/digital58.com.ve\/site\/2021\/12\/08\/juventud-de-pj-zulia-exige-desde-la-zona-educativa-condiciones-para-clases-presenciales\/#breadcrumb","itemListElement":[{"@type":"ListItem","position":1,"name":"Home","item":"https:\/\/digital58.com.ve\/site\/"},{"@type":"ListItem","position":2,"name":"Juventud de PJ Zulia exige desde la Zona Educativa condiciones para clases presenciales"}]},{"@type":"WebSite","@id":"https:\/\/digital58.com.ve\/site\/#website","url":"https:\/\/digital58.com.ve\/site\/","name":"Noticias Digital58","description":"Portal de Noticias \u00a1Periodismo web de verdad! Lanzamiento web 22.11.2005 \/ Maracaibo, Venezuela","publisher":{"@id":"https:\/\/digital58.com.ve\/site\/#\/schema\/person\/64d1c2e4d0d4fd1b849980c4331c2951"},"alternateName":"ND58","potentialAction":[{"@type":"SearchAction","target":{"@type":"EntryPoint","urlTemplate":"https:\/\/digital58.com.ve\/site\/?s={search_term_string}"},"query-input":{"@type":"PropertyValueSpecification","valueRequired":true,"valueName":"search_term_string"}}],"inLanguage":"es"},{"@type":["Person","Organization"],"@id":"https:\/\/digital58.com.ve\/site\/#\/schema\/person\/64d1c2e4d0d4fd1b849980c4331c2951","name":"Villasmil Henry","image":{"@type":"ImageObject","inLanguage":"es","@id":"https:\/\/secure.gravatar.com\/avatar\/bb0c4a2fcb7970138239f7e404ea75757b1b507b28b5ce4c53fbd62d797c5a7c?s=96&d=mm&r=g","url":"https:\/\/secure.gravatar.com\/avatar\/bb0c4a2fcb7970138239f7e404ea75757b1b507b28b5ce4c53fbd62d797c5a7c?s=96&d=mm&r=g","contentUrl":"https:\/\/secure.gravatar.com\/avatar\/bb0c4a2fcb7970138239f7e404ea75757b1b507b28b5ce4c53fbd62d797c5a7c?s=96&d=mm&r=g","caption":"Villasmil Henry"},"logo":{"@id":"https:\/\/secure.gravatar.com\/avatar\/bb0c4a2fcb7970138239f7e404ea75757b1b507b28b5ce4c53fbd62d797c5a7c?s=96&d=mm&r=g"},"sameAs":["http:\/\/www.henryvillasmil.com.ve","https:\/\/www.instagram.com\/villasmilhfoto\/","https:\/\/x.com\/https:\/\/twitter.com\/villasmilhfoto"],"url":"https:\/\/digital58.com.ve\/site\/author\/droopy_68\/"}]}},"uagb_featured_image_src":{"full":["https:\/\/digital58.com.ve\/site\/wp-content\/uploads\/2021\/12\/IMG-20211208-WA0039.jpg",800,450,false],"thumbnail":["https:\/\/digital58.com.ve\/site\/wp-content\/uploads\/2021\/12\/IMG-20211208-WA0039-150x150.jpg",150,150,true],"medium":["https:\/\/digital58.com.ve\/site\/wp-content\/uploads\/2021\/12\/IMG-20211208-WA0039-300x169.jpg",300,169,true],"medium_large":["https:\/\/digital58.com.ve\/site\/wp-content\/uploads\/2021\/12\/IMG-20211208-WA0039-768x432.jpg",768,432,true],"large":["https:\/\/digital58.com.ve\/site\/wp-content\/uploads\/2021\/12\/IMG-20211208-WA0039.jpg",800,450,false],"1536x1536":["https:\/\/digital58.com.ve\/site\/wp-content\/uploads\/2021\/12\/IMG-20211208-WA0039.jpg",800,450,false],"2048x2048":["https:\/\/digital58.com.ve\/site\/wp-content\/uploads\/2021\/12\/IMG-20211208-WA0039.jpg",800,450,false],"colormag-highlighted-post":["https:\/\/digital58.com.ve\/site\/wp-content\/uploads\/2021\/12\/IMG-20211208-WA0039.jpg",392,221,false],"colormag-featured-post-medium":["https:\/\/digital58.com.ve\/site\/wp-content\/uploads\/2021\/12\/IMG-20211208-WA0039.jpg",364,205,false],"colormag-featured-post-small":["https:\/\/digital58.com.ve\/site\/wp-content\/uploads\/2021\/12\/IMG-20211208-WA0039.jpg",130,73,false],"colormag-featured-image":["https:\/\/digital58.com.ve\/site\/wp-content\/uploads\/2021\/12\/IMG-20211208-WA0039.jpg",791,445,false],"colormag-default-news":["https:\/\/digital58.com.ve\/site\/wp-content\/uploads\/2021\/12\/IMG-20211208-WA0039.jpg",150,84,false],"colormag-featured-image-large":["https:\/\/digital58.com.ve\/site\/wp-content\/uploads\/2021\/12\/IMG-20211208-WA0039.jpg",800,450,false]},"uagb_author_info":{"display_name":"Villasmil Henry","author_link":"https:\/\/digital58.com.ve\/site\/author\/droopy_68\/"},"uagb_comment_info":0,"uagb_excerpt":"A pocos d\u00edas para que culmine el 2021, la juventud de Primero Justicia, preocupados por la grave situaci\u00f3n educativa en","_links":{"self":[{"href":"https:\/\/digital58.com.ve\/site\/wp-json\/wp\/v2\/posts\/145197","targetHints":{"allow":["GET"]}}],"collection":[{"href":"https:\/\/digital58.com.ve\/site\/wp-json\/wp\/v2\/posts"}],"about":[{"href":"https:\/\/digital58.com.ve\/site\/wp-json\/wp\/v2\/types\/post"}],"author":[{"embeddable":true,"href":"https:\/\/digital58.com.ve\/site\/wp-json\/wp\/v2\/users\/1"}],"replies":[{"embeddable":true,"href":"https:\/\/digital58.com.ve\/site\/wp-json\/wp\/v2\/comments?post=145197"}],"version-history":[{"count":0,"href":"https:\/\/digital58.com.ve\/site\/wp-json\/wp\/v2\/posts\/145197\/revisions"}],"wp:featuredmedia":[{"embeddable":true,"href":"https:\/\/digital58.com.ve\/site\/wp-json\/wp\/v2\/media\/145198"}],"wp:attachment":[{"href":"https:\/\/digital58.com.ve\/site\/wp-json\/wp\/v2\/media?parent=145197"}],"wp:term":[{"taxonomy":"category","embeddable":true,"href":"https:\/\/digital58.com.ve\/site\/wp-json\/wp\/v2\/categories?post=145197"},{"taxonomy":"post_tag","embeddable":true,"href":"https:\/\/digital58.com.ve\/site\/wp-json\/wp\/v2\/tags?post=145197"}],"curies":[{"name":"wp","href":"https:\/\/api.w.org\/{rel}","templated":true}]}}