{"id":145593,"date":"2021-12-16T17:02:57","date_gmt":"2021-12-16T21:02:57","guid":{"rendered":"https:\/\/digital58.com.ve\/site\/?p=145593"},"modified":"2021-12-16T17:02:57","modified_gmt":"2021-12-16T21:02:57","slug":"toronto-y-montreal-cancelan-los-salones-del-automovil-del-2022-por-omicron","status":"publish","type":"post","link":"https:\/\/digital58.com.ve\/site\/2021\/12\/16\/toronto-y-montreal-cancelan-los-salones-del-automovil-del-2022-por-omicron\/","title":{"rendered":"Toronto y Montreal cancelan los sal\u00f3nes del autom\u00f3vil del 2022 por \u00f3micron"},"content":{"rendered":"<p><a href=\"https:\/\/digital58.com.ve\/site\/wp-content\/uploads\/2021\/12\/salon-automovil-canada.jpg\"><img loading=\"lazy\" decoding=\"async\" class=\"aligncenter size-full wp-image-145594\" src=\"https:\/\/digital58.com.ve\/site\/wp-content\/uploads\/2021\/12\/salon-automovil-canada.jpg\" alt=\"\" width=\"700\" height=\"394\" srcset=\"https:\/\/digital58.com.ve\/site\/wp-content\/uploads\/2021\/12\/salon-automovil-canada.jpg 700w, https:\/\/digital58.com.ve\/site\/wp-content\/uploads\/2021\/12\/salon-automovil-canada-300x169.jpg 300w\" sizes=\"auto, (max-width: 700px) 100vw, 700px\" \/><\/a><\/p>\n<p>Las dos principales muestras automovil\u00edsticas de Canad\u00e1, el Sal\u00f3n Internacional del Autom\u00f3vil de Canad\u00e1 de Toronto y el Sal\u00f3n Internacional del Autom\u00f3vil de Montreal, anunciaron este jueves la cancelaci\u00f3n de ambos eventos ante el aumento de los casos de la COVID-19 por la variante \u00f3micron.<\/p>\n<p><strong>Canad\u00e1, 16 de diciembre de 2021 (ND58).-<\/strong> Las dos organizaciones anunciaron la cancelaci\u00f3n de las ediciones de 2022, que se deber\u00eda haber celebrado en enero en Montreal y en febrero en Toronto, por el aumento de los casos de la COVID-19 y la decisi\u00f3n de las autoridades canadienses de limitar la capacidad de eventos.<\/p>\n<p>La \u00faltima vez que se celebraron las dos muestras fue en 2020.<\/p>\n<p>Los organizadores del sal\u00f3n de Toronto, uno de las m\u00e1s importantes de Norteam\u00e9rica, se\u00f1alaron en un comunicado que se lleg\u00f3 a esa decisi\u00f3n tras un acuerdo con los fabricantes de autom\u00f3viles.<\/p>\n<p>El anuncio se produce un d\u00eda despu\u00e9s de que las autoridades de la provincia de Ontario, donde se encuentra Toronto, decidiesen limitar la capacidad de eventos celebrados en recintos cerrados ante el r\u00e1pido aumento de los casos de la COVID-19 provocado por la variante \u00f3micron del virus.<\/p>\n<p>Ontario dijo que, a partir del s\u00e1bado, los recintos que pueden acomodar a m\u00e1s de 1.000 personas tendr\u00e1n que limitar su capacidad al 50 por ciento.<\/p>\n<p>Hoy, las autoridades sanitarias de la provincia advirtieron que en los pr\u00f3ximos d\u00edas se podr\u00edan llegar a 10.000 casos diarios, casi 10 veces m\u00e1s de los que se registraron a principios de la semana, por la variante \u00f3micron.<\/p>\n<p>El m\u00e1ximo responsable del Sal\u00f3n Internacional del Autom\u00f3vil de Canad\u00e1, Jason Campbell, declar\u00f3 que lamentaba anunciar la decisi\u00f3n pero que la \u00absalud y el bienestar\u00bb de la comunidad era la principal prioridad.<\/p>\n<p>Campbell a\u00f1adi\u00f3 que tanto el sector del autom\u00f3vil como el p\u00fablico en general hab\u00edan expresado en los pasados meses la necesidad y el compromiso con una muestra presencial pero que las condiciones obligan a cancelar el sal\u00f3n hasta 2023, cuando se cumplir\u00e1 su 50 aniversario.<\/p>\n<p><strong>Redacci\u00f3n ND58 | Fuente: EFE<\/strong><br \/>\n<strong>Edici\u00f3n: Villasmil, Henry<\/strong><br \/>\n<strong>Gr\u00e1fica: Cortes\u00eda<\/strong><\/p>\n<p>&nbsp;<\/p><div class=\"ysduu69f24198f380f\" ><p style=\"text-align: center;\"><a href=\"https:\/\/t.me\/noticiasdigital58\" target=\"_blank\" rel=\"noopener\"><img class=\"aligncenter size-full wp-image-125363\" src=\"https:\/\/digital58.com.ve\/site\/wp-content\/uploads\/2021\/04\/banner-telegram-web-2021.png\" alt=\"\" width=\"600\" height=\"90\" \/><\/a><\/p><\/div><style type=\"text\/css\">\r\n@media screen and (min-width: 1201px) {\r\n.ysduu69f24198f380f {\r\ndisplay: block;\r\n}\r\n}\r\n@media screen and (min-width: 993px) and (max-width: 1200px) {\r\n.ysduu69f24198f380f {\r\ndisplay: block;\r\n}\r\n}\r\n@media screen and (min-width: 769px) and (max-width: 992px) {\r\n.ysduu69f24198f380f {\r\ndisplay: block;\r\n}\r\n}\r\n@media screen and (min-width: 768px) and (max-width: 768px) {\r\n.ysduu69f24198f380f {\r\ndisplay: block;\r\n}\r\n}\r\n@media screen and (max-width: 767px) {\r\n.ysduu69f24198f380f {\r\ndisplay: block;\r\n}\r\n}\r\n<\/style>\r\n\n<p>&nbsp;<\/p>\n<div style=\"margin-top: 0px; margin-bottom: 0px;\" class=\"sharethis-inline-share-buttons\" ><\/div>","protected":false},"excerpt":{"rendered":"<p>Las dos principales muestras automovil\u00edsticas de Canad\u00e1, el Sal\u00f3n Internacional del Autom\u00f3vil de Canad\u00e1 de Toronto y el Sal\u00f3n Internacional<\/p>\n","protected":false},"author":1,"featured_media":145594,"comment_status":"open","ping_status":"closed","sticky":false,"template":"","format":"standard","meta":{"colormag_page_container_layout":"default_layout","colormag_page_sidebar_layout":"default_layout","_uag_custom_page_level_css":"","footnotes":""},"categories":[16451],"tags":[244,13352,13648,8,26300,13723,26301,26221],"class_list":["post-145593","post","type-post","status-publish","format-standard","has-post-thumbnail","hentry","category-mundo","tag-canada","tag-coronavirus","tag-covid-19","tag-internacionales","tag-montreal","tag-pandemia","tag-salon-internacional-del-automovil","tag-variante-omicron"],"yoast_head":"<!-- This site is optimized with the Yoast SEO plugin v27.5 - https:\/\/yoast.com\/product\/yoast-seo-wordpress\/ -->\n<title>Toronto y Montreal cancelan los sal\u00f3nes del autom\u00f3vil del 2022 por \u00f3micron<\/title>\n<meta name=\"description\" content=\"Mundo\" \/>\n<meta name=\"robots\" content=\"index, follow, max-snippet:-1, max-image-preview:large, max-video-preview:-1\" \/>\n<link rel=\"canonical\" href=\"https:\/\/digital58.com.ve\/site\/2021\/12\/16\/toronto-y-montreal-cancelan-los-salones-del-automovil-del-2022-por-omicron\/\" \/>\n<meta property=\"og:locale\" content=\"es_ES\" \/>\n<meta property=\"og:type\" content=\"article\" \/>\n<meta property=\"og:title\" content=\"Toronto y Montreal cancelan los sal\u00f3nes del autom\u00f3vil del 2022 por \u00f3micron\" \/>\n<meta property=\"og:description\" content=\"Mundo\" \/>\n<meta property=\"og:url\" content=\"https:\/\/digital58.com.ve\/site\/2021\/12\/16\/toronto-y-montreal-cancelan-los-salones-del-automovil-del-2022-por-omicron\/\" \/>\n<meta property=\"og:site_name\" content=\"Noticias Digital58\" \/>\n<meta property=\"article:published_time\" content=\"2021-12-16T21:02:57+00:00\" \/>\n<meta property=\"og:image\" content=\"https:\/\/digital58.com.ve\/site\/wp-content\/uploads\/2021\/12\/salon-automovil-canada.jpg\" \/>\n\t<meta property=\"og:image:width\" content=\"700\" \/>\n\t<meta property=\"og:image:height\" content=\"394\" \/>\n\t<meta property=\"og:image:type\" content=\"image\/jpeg\" \/>\n<meta name=\"author\" content=\"Villasmil Henry\" \/>\n<meta name=\"twitter:card\" content=\"summary_large_image\" \/>\n<meta name=\"twitter:creator\" content=\"@https:\/\/twitter.com\/villasmilhfoto\" \/>\n<meta name=\"twitter:site\" content=\"@villasmilhfoto\" \/>\n<meta name=\"twitter:label1\" content=\"Escrito por\" \/>\n\t<meta name=\"twitter:data1\" content=\"Villasmil Henry\" \/>\n\t<meta name=\"twitter:label2\" content=\"Tiempo estimado de lectura\" \/>\n\t<meta name=\"twitter:data2\" content=\"2 minutos\" \/>\n<script type=\"application\/ld+json\" class=\"yoast-schema-graph\">{\"@context\":\"https:\\\/\\\/schema.org\",\"@graph\":[{\"@type\":\"Article\",\"@id\":\"https:\\\/\\\/digital58.com.ve\\\/site\\\/2021\\\/12\\\/16\\\/toronto-y-montreal-cancelan-los-salones-del-automovil-del-2022-por-omicron\\\/#article\",\"isPartOf\":{\"@id\":\"https:\\\/\\\/digital58.com.ve\\\/site\\\/2021\\\/12\\\/16\\\/toronto-y-montreal-cancelan-los-salones-del-automovil-del-2022-por-omicron\\\/\"},\"author\":{\"name\":\"Villasmil Henry\",\"@id\":\"https:\\\/\\\/digital58.com.ve\\\/site\\\/#\\\/schema\\\/person\\\/64d1c2e4d0d4fd1b849980c4331c2951\"},\"headline\":\"Toronto y Montreal cancelan los sal\u00f3nes del autom\u00f3vil del 2022 por \u00f3micron\",\"datePublished\":\"2021-12-16T21:02:57+00:00\",\"mainEntityOfPage\":{\"@id\":\"https:\\\/\\\/digital58.com.ve\\\/site\\\/2021\\\/12\\\/16\\\/toronto-y-montreal-cancelan-los-salones-del-automovil-del-2022-por-omicron\\\/\"},\"wordCount\":383,\"commentCount\":0,\"publisher\":{\"@id\":\"https:\\\/\\\/digital58.com.ve\\\/site\\\/#\\\/schema\\\/person\\\/64d1c2e4d0d4fd1b849980c4331c2951\"},\"image\":{\"@id\":\"https:\\\/\\\/digital58.com.ve\\\/site\\\/2021\\\/12\\\/16\\\/toronto-y-montreal-cancelan-los-salones-del-automovil-del-2022-por-omicron\\\/#primaryimage\"},\"thumbnailUrl\":\"https:\\\/\\\/digital58.com.ve\\\/site\\\/wp-content\\\/uploads\\\/2021\\\/12\\\/salon-automovil-canada.jpg\",\"keywords\":[\"Canad\u00e1\",\"Coronavirus\",\"COVID-19\",\"Internacionales\",\"Montreal\",\"Pandemia\",\"Sal\u00f3n Internacional del Autom\u00f3vil\",\"Variante \u00f3micron\"],\"articleSection\":[\"Mundo\"],\"inLanguage\":\"es\",\"potentialAction\":[{\"@type\":\"CommentAction\",\"name\":\"Comment\",\"target\":[\"https:\\\/\\\/digital58.com.ve\\\/site\\\/2021\\\/12\\\/16\\\/toronto-y-montreal-cancelan-los-salones-del-automovil-del-2022-por-omicron\\\/#respond\"]}]},{\"@type\":\"WebPage\",\"@id\":\"https:\\\/\\\/digital58.com.ve\\\/site\\\/2021\\\/12\\\/16\\\/toronto-y-montreal-cancelan-los-salones-del-automovil-del-2022-por-omicron\\\/\",\"url\":\"https:\\\/\\\/digital58.com.ve\\\/site\\\/2021\\\/12\\\/16\\\/toronto-y-montreal-cancelan-los-salones-del-automovil-del-2022-por-omicron\\\/\",\"name\":\"Toronto y Montreal cancelan los sal\u00f3nes del autom\u00f3vil del 2022 por \u00f3micron\",\"isPartOf\":{\"@id\":\"https:\\\/\\\/digital58.com.ve\\\/site\\\/#website\"},\"primaryImageOfPage\":{\"@id\":\"https:\\\/\\\/digital58.com.ve\\\/site\\\/2021\\\/12\\\/16\\\/toronto-y-montreal-cancelan-los-salones-del-automovil-del-2022-por-omicron\\\/#primaryimage\"},\"image\":{\"@id\":\"https:\\\/\\\/digital58.com.ve\\\/site\\\/2021\\\/12\\\/16\\\/toronto-y-montreal-cancelan-los-salones-del-automovil-del-2022-por-omicron\\\/#primaryimage\"},\"thumbnailUrl\":\"https:\\\/\\\/digital58.com.ve\\\/site\\\/wp-content\\\/uploads\\\/2021\\\/12\\\/salon-automovil-canada.jpg\",\"datePublished\":\"2021-12-16T21:02:57+00:00\",\"description\":\"Mundo\",\"breadcrumb\":{\"@id\":\"https:\\\/\\\/digital58.com.ve\\\/site\\\/2021\\\/12\\\/16\\\/toronto-y-montreal-cancelan-los-salones-del-automovil-del-2022-por-omicron\\\/#breadcrumb\"},\"inLanguage\":\"es\",\"potentialAction\":[{\"@type\":\"ReadAction\",\"target\":[\"https:\\\/\\\/digital58.com.ve\\\/site\\\/2021\\\/12\\\/16\\\/toronto-y-montreal-cancelan-los-salones-del-automovil-del-2022-por-omicron\\\/\"]}]},{\"@type\":\"ImageObject\",\"inLanguage\":\"es\",\"@id\":\"https:\\\/\\\/digital58.com.ve\\\/site\\\/2021\\\/12\\\/16\\\/toronto-y-montreal-cancelan-los-salones-del-automovil-del-2022-por-omicron\\\/#primaryimage\",\"url\":\"https:\\\/\\\/digital58.com.ve\\\/site\\\/wp-content\\\/uploads\\\/2021\\\/12\\\/salon-automovil-canada.jpg\",\"contentUrl\":\"https:\\\/\\\/digital58.com.ve\\\/site\\\/wp-content\\\/uploads\\\/2021\\\/12\\\/salon-automovil-canada.jpg\",\"width\":700,\"height\":394},{\"@type\":\"BreadcrumbList\",\"@id\":\"https:\\\/\\\/digital58.com.ve\\\/site\\\/2021\\\/12\\\/16\\\/toronto-y-montreal-cancelan-los-salones-del-automovil-del-2022-por-omicron\\\/#breadcrumb\",\"itemListElement\":[{\"@type\":\"ListItem\",\"position\":1,\"name\":\"Home\",\"item\":\"https:\\\/\\\/digital58.com.ve\\\/site\\\/\"},{\"@type\":\"ListItem\",\"position\":2,\"name\":\"Toronto y Montreal cancelan los sal\u00f3nes del autom\u00f3vil del 2022 por \u00f3micron\"}]},{\"@type\":\"WebSite\",\"@id\":\"https:\\\/\\\/digital58.com.ve\\\/site\\\/#website\",\"url\":\"https:\\\/\\\/digital58.com.ve\\\/site\\\/\",\"name\":\"Noticias Digital58\",\"description\":\"Portal de Noticias \u00a1Periodismo web de verdad! Lanzamiento web 22.11.2005 \\\/ Maracaibo, Venezuela\",\"publisher\":{\"@id\":\"https:\\\/\\\/digital58.com.ve\\\/site\\\/#\\\/schema\\\/person\\\/64d1c2e4d0d4fd1b849980c4331c2951\"},\"alternateName\":\"ND58\",\"potentialAction\":[{\"@type\":\"SearchAction\",\"target\":{\"@type\":\"EntryPoint\",\"urlTemplate\":\"https:\\\/\\\/digital58.com.ve\\\/site\\\/?s={search_term_string}\"},\"query-input\":{\"@type\":\"PropertyValueSpecification\",\"valueRequired\":true,\"valueName\":\"search_term_string\"}}],\"inLanguage\":\"es\"},{\"@type\":[\"Person\",\"Organization\"],\"@id\":\"https:\\\/\\\/digital58.com.ve\\\/site\\\/#\\\/schema\\\/person\\\/64d1c2e4d0d4fd1b849980c4331c2951\",\"name\":\"Villasmil Henry\",\"image\":{\"@type\":\"ImageObject\",\"inLanguage\":\"es\",\"@id\":\"https:\\\/\\\/secure.gravatar.com\\\/avatar\\\/bb0c4a2fcb7970138239f7e404ea75757b1b507b28b5ce4c53fbd62d797c5a7c?s=96&d=mm&r=g\",\"url\":\"https:\\\/\\\/secure.gravatar.com\\\/avatar\\\/bb0c4a2fcb7970138239f7e404ea75757b1b507b28b5ce4c53fbd62d797c5a7c?s=96&d=mm&r=g\",\"contentUrl\":\"https:\\\/\\\/secure.gravatar.com\\\/avatar\\\/bb0c4a2fcb7970138239f7e404ea75757b1b507b28b5ce4c53fbd62d797c5a7c?s=96&d=mm&r=g\",\"caption\":\"Villasmil Henry\"},\"logo\":{\"@id\":\"https:\\\/\\\/secure.gravatar.com\\\/avatar\\\/bb0c4a2fcb7970138239f7e404ea75757b1b507b28b5ce4c53fbd62d797c5a7c?s=96&d=mm&r=g\"},\"sameAs\":[\"http:\\\/\\\/www.henryvillasmil.com.ve\",\"https:\\\/\\\/www.instagram.com\\\/villasmilhfoto\\\/\",\"https:\\\/\\\/x.com\\\/https:\\\/\\\/twitter.com\\\/villasmilhfoto\"],\"url\":\"https:\\\/\\\/digital58.com.ve\\\/site\\\/author\\\/droopy_68\\\/\"}]}<\/script>\n<!-- \/ Yoast SEO plugin. -->","yoast_head_json":{"title":"Toronto y Montreal cancelan los sal\u00f3nes del autom\u00f3vil del 2022 por \u00f3micron","description":"Mundo","robots":{"index":"index","follow":"follow","max-snippet":"max-snippet:-1","max-image-preview":"max-image-preview:large","max-video-preview":"max-video-preview:-1"},"canonical":"https:\/\/digital58.com.ve\/site\/2021\/12\/16\/toronto-y-montreal-cancelan-los-salones-del-automovil-del-2022-por-omicron\/","og_locale":"es_ES","og_type":"article","og_title":"Toronto y Montreal cancelan los sal\u00f3nes del autom\u00f3vil del 2022 por \u00f3micron","og_description":"Mundo","og_url":"https:\/\/digital58.com.ve\/site\/2021\/12\/16\/toronto-y-montreal-cancelan-los-salones-del-automovil-del-2022-por-omicron\/","og_site_name":"Noticias Digital58","article_published_time":"2021-12-16T21:02:57+00:00","og_image":[{"width":700,"height":394,"url":"https:\/\/digital58.com.ve\/site\/wp-content\/uploads\/2021\/12\/salon-automovil-canada.jpg","type":"image\/jpeg"}],"author":"Villasmil Henry","twitter_card":"summary_large_image","twitter_creator":"@https:\/\/twitter.com\/villasmilhfoto","twitter_site":"@villasmilhfoto","twitter_misc":{"Escrito por":"Villasmil Henry","Tiempo estimado de lectura":"2 minutos"},"schema":{"@context":"https:\/\/schema.org","@graph":[{"@type":"Article","@id":"https:\/\/digital58.com.ve\/site\/2021\/12\/16\/toronto-y-montreal-cancelan-los-salones-del-automovil-del-2022-por-omicron\/#article","isPartOf":{"@id":"https:\/\/digital58.com.ve\/site\/2021\/12\/16\/toronto-y-montreal-cancelan-los-salones-del-automovil-del-2022-por-omicron\/"},"author":{"name":"Villasmil Henry","@id":"https:\/\/digital58.com.ve\/site\/#\/schema\/person\/64d1c2e4d0d4fd1b849980c4331c2951"},"headline":"Toronto y Montreal cancelan los sal\u00f3nes del autom\u00f3vil del 2022 por \u00f3micron","datePublished":"2021-12-16T21:02:57+00:00","mainEntityOfPage":{"@id":"https:\/\/digital58.com.ve\/site\/2021\/12\/16\/toronto-y-montreal-cancelan-los-salones-del-automovil-del-2022-por-omicron\/"},"wordCount":383,"commentCount":0,"publisher":{"@id":"https:\/\/digital58.com.ve\/site\/#\/schema\/person\/64d1c2e4d0d4fd1b849980c4331c2951"},"image":{"@id":"https:\/\/digital58.com.ve\/site\/2021\/12\/16\/toronto-y-montreal-cancelan-los-salones-del-automovil-del-2022-por-omicron\/#primaryimage"},"thumbnailUrl":"https:\/\/digital58.com.ve\/site\/wp-content\/uploads\/2021\/12\/salon-automovil-canada.jpg","keywords":["Canad\u00e1","Coronavirus","COVID-19","Internacionales","Montreal","Pandemia","Sal\u00f3n Internacional del Autom\u00f3vil","Variante \u00f3micron"],"articleSection":["Mundo"],"inLanguage":"es","potentialAction":[{"@type":"CommentAction","name":"Comment","target":["https:\/\/digital58.com.ve\/site\/2021\/12\/16\/toronto-y-montreal-cancelan-los-salones-del-automovil-del-2022-por-omicron\/#respond"]}]},{"@type":"WebPage","@id":"https:\/\/digital58.com.ve\/site\/2021\/12\/16\/toronto-y-montreal-cancelan-los-salones-del-automovil-del-2022-por-omicron\/","url":"https:\/\/digital58.com.ve\/site\/2021\/12\/16\/toronto-y-montreal-cancelan-los-salones-del-automovil-del-2022-por-omicron\/","name":"Toronto y Montreal cancelan los sal\u00f3nes del autom\u00f3vil del 2022 por \u00f3micron","isPartOf":{"@id":"https:\/\/digital58.com.ve\/site\/#website"},"primaryImageOfPage":{"@id":"https:\/\/digital58.com.ve\/site\/2021\/12\/16\/toronto-y-montreal-cancelan-los-salones-del-automovil-del-2022-por-omicron\/#primaryimage"},"image":{"@id":"https:\/\/digital58.com.ve\/site\/2021\/12\/16\/toronto-y-montreal-cancelan-los-salones-del-automovil-del-2022-por-omicron\/#primaryimage"},"thumbnailUrl":"https:\/\/digital58.com.ve\/site\/wp-content\/uploads\/2021\/12\/salon-automovil-canada.jpg","datePublished":"2021-12-16T21:02:57+00:00","description":"Mundo","breadcrumb":{"@id":"https:\/\/digital58.com.ve\/site\/2021\/12\/16\/toronto-y-montreal-cancelan-los-salones-del-automovil-del-2022-por-omicron\/#breadcrumb"},"inLanguage":"es","potentialAction":[{"@type":"ReadAction","target":["https:\/\/digital58.com.ve\/site\/2021\/12\/16\/toronto-y-montreal-cancelan-los-salones-del-automovil-del-2022-por-omicron\/"]}]},{"@type":"ImageObject","inLanguage":"es","@id":"https:\/\/digital58.com.ve\/site\/2021\/12\/16\/toronto-y-montreal-cancelan-los-salones-del-automovil-del-2022-por-omicron\/#primaryimage","url":"https:\/\/digital58.com.ve\/site\/wp-content\/uploads\/2021\/12\/salon-automovil-canada.jpg","contentUrl":"https:\/\/digital58.com.ve\/site\/wp-content\/uploads\/2021\/12\/salon-automovil-canada.jpg","width":700,"height":394},{"@type":"BreadcrumbList","@id":"https:\/\/digital58.com.ve\/site\/2021\/12\/16\/toronto-y-montreal-cancelan-los-salones-del-automovil-del-2022-por-omicron\/#breadcrumb","itemListElement":[{"@type":"ListItem","position":1,"name":"Home","item":"https:\/\/digital58.com.ve\/site\/"},{"@type":"ListItem","position":2,"name":"Toronto y Montreal cancelan los sal\u00f3nes del autom\u00f3vil del 2022 por \u00f3micron"}]},{"@type":"WebSite","@id":"https:\/\/digital58.com.ve\/site\/#website","url":"https:\/\/digital58.com.ve\/site\/","name":"Noticias Digital58","description":"Portal de Noticias \u00a1Periodismo web de verdad! Lanzamiento web 22.11.2005 \/ Maracaibo, Venezuela","publisher":{"@id":"https:\/\/digital58.com.ve\/site\/#\/schema\/person\/64d1c2e4d0d4fd1b849980c4331c2951"},"alternateName":"ND58","potentialAction":[{"@type":"SearchAction","target":{"@type":"EntryPoint","urlTemplate":"https:\/\/digital58.com.ve\/site\/?s={search_term_string}"},"query-input":{"@type":"PropertyValueSpecification","valueRequired":true,"valueName":"search_term_string"}}],"inLanguage":"es"},{"@type":["Person","Organization"],"@id":"https:\/\/digital58.com.ve\/site\/#\/schema\/person\/64d1c2e4d0d4fd1b849980c4331c2951","name":"Villasmil Henry","image":{"@type":"ImageObject","inLanguage":"es","@id":"https:\/\/secure.gravatar.com\/avatar\/bb0c4a2fcb7970138239f7e404ea75757b1b507b28b5ce4c53fbd62d797c5a7c?s=96&d=mm&r=g","url":"https:\/\/secure.gravatar.com\/avatar\/bb0c4a2fcb7970138239f7e404ea75757b1b507b28b5ce4c53fbd62d797c5a7c?s=96&d=mm&r=g","contentUrl":"https:\/\/secure.gravatar.com\/avatar\/bb0c4a2fcb7970138239f7e404ea75757b1b507b28b5ce4c53fbd62d797c5a7c?s=96&d=mm&r=g","caption":"Villasmil Henry"},"logo":{"@id":"https:\/\/secure.gravatar.com\/avatar\/bb0c4a2fcb7970138239f7e404ea75757b1b507b28b5ce4c53fbd62d797c5a7c?s=96&d=mm&r=g"},"sameAs":["http:\/\/www.henryvillasmil.com.ve","https:\/\/www.instagram.com\/villasmilhfoto\/","https:\/\/x.com\/https:\/\/twitter.com\/villasmilhfoto"],"url":"https:\/\/digital58.com.ve\/site\/author\/droopy_68\/"}]}},"uagb_featured_image_src":{"full":["https:\/\/digital58.com.ve\/site\/wp-content\/uploads\/2021\/12\/salon-automovil-canada.jpg",700,394,false],"thumbnail":["https:\/\/digital58.com.ve\/site\/wp-content\/uploads\/2021\/12\/salon-automovil-canada-150x150.jpg",150,150,true],"medium":["https:\/\/digital58.com.ve\/site\/wp-content\/uploads\/2021\/12\/salon-automovil-canada-300x169.jpg",300,169,true],"medium_large":["https:\/\/digital58.com.ve\/site\/wp-content\/uploads\/2021\/12\/salon-automovil-canada.jpg",700,394,false],"large":["https:\/\/digital58.com.ve\/site\/wp-content\/uploads\/2021\/12\/salon-automovil-canada.jpg",700,394,false],"1536x1536":["https:\/\/digital58.com.ve\/site\/wp-content\/uploads\/2021\/12\/salon-automovil-canada.jpg",700,394,false],"2048x2048":["https:\/\/digital58.com.ve\/site\/wp-content\/uploads\/2021\/12\/salon-automovil-canada.jpg",700,394,false],"colormag-highlighted-post":["https:\/\/digital58.com.ve\/site\/wp-content\/uploads\/2021\/12\/salon-automovil-canada.jpg",392,221,false],"colormag-featured-post-medium":["https:\/\/digital58.com.ve\/site\/wp-content\/uploads\/2021\/12\/salon-automovil-canada.jpg",364,205,false],"colormag-featured-post-small":["https:\/\/digital58.com.ve\/site\/wp-content\/uploads\/2021\/12\/salon-automovil-canada.jpg",130,73,false],"colormag-featured-image":["https:\/\/digital58.com.ve\/site\/wp-content\/uploads\/2021\/12\/salon-automovil-canada.jpg",700,394,false],"colormag-default-news":["https:\/\/digital58.com.ve\/site\/wp-content\/uploads\/2021\/12\/salon-automovil-canada.jpg",150,84,false],"colormag-featured-image-large":["https:\/\/digital58.com.ve\/site\/wp-content\/uploads\/2021\/12\/salon-automovil-canada.jpg",700,394,false]},"uagb_author_info":{"display_name":"Villasmil Henry","author_link":"https:\/\/digital58.com.ve\/site\/author\/droopy_68\/"},"uagb_comment_info":0,"uagb_excerpt":"Las dos principales muestras automovil\u00edsticas de Canad\u00e1, el Sal\u00f3n Internacional del Autom\u00f3vil de Canad\u00e1 de Toronto y el Sal\u00f3n Internacional","_links":{"self":[{"href":"https:\/\/digital58.com.ve\/site\/wp-json\/wp\/v2\/posts\/145593","targetHints":{"allow":["GET"]}}],"collection":[{"href":"https:\/\/digital58.com.ve\/site\/wp-json\/wp\/v2\/posts"}],"about":[{"href":"https:\/\/digital58.com.ve\/site\/wp-json\/wp\/v2\/types\/post"}],"author":[{"embeddable":true,"href":"https:\/\/digital58.com.ve\/site\/wp-json\/wp\/v2\/users\/1"}],"replies":[{"embeddable":true,"href":"https:\/\/digital58.com.ve\/site\/wp-json\/wp\/v2\/comments?post=145593"}],"version-history":[{"count":0,"href":"https:\/\/digital58.com.ve\/site\/wp-json\/wp\/v2\/posts\/145593\/revisions"}],"wp:featuredmedia":[{"embeddable":true,"href":"https:\/\/digital58.com.ve\/site\/wp-json\/wp\/v2\/media\/145594"}],"wp:attachment":[{"href":"https:\/\/digital58.com.ve\/site\/wp-json\/wp\/v2\/media?parent=145593"}],"wp:term":[{"taxonomy":"category","embeddable":true,"href":"https:\/\/digital58.com.ve\/site\/wp-json\/wp\/v2\/categories?post=145593"},{"taxonomy":"post_tag","embeddable":true,"href":"https:\/\/digital58.com.ve\/site\/wp-json\/wp\/v2\/tags?post=145593"}],"curies":[{"name":"wp","href":"https:\/\/api.w.org\/{rel}","templated":true}]}}