{"id":146219,"date":"2022-01-09T00:00:03","date_gmt":"2022-01-09T04:00:03","guid":{"rendered":"https:\/\/digital58.com.ve\/site\/?p=146219"},"modified":"2022-01-09T00:02:36","modified_gmt":"2022-01-09T04:02:36","slug":"laliga-vinicius-reactiva-al-lider","status":"publish","type":"post","link":"https:\/\/digital58.com.ve\/site\/2022\/01\/09\/laliga-vinicius-reactiva-al-lider\/","title":{"rendered":"#LaLiga | Vin\u00edcius reactiva al l\u00edder"},"content":{"rendered":"<p><a href=\"https:\/\/digital58.com.ve\/site\/wp-content\/uploads\/2022\/01\/vinicius.jpg\"><img loading=\"lazy\" decoding=\"async\" class=\"aligncenter size-full wp-image-146220\" src=\"https:\/\/digital58.com.ve\/site\/wp-content\/uploads\/2022\/01\/vinicius.jpg\" alt=\"\" width=\"900\" height=\"600\" srcset=\"https:\/\/digital58.com.ve\/site\/wp-content\/uploads\/2022\/01\/vinicius.jpg 900w, https:\/\/digital58.com.ve\/site\/wp-content\/uploads\/2022\/01\/vinicius-300x200.jpg 300w, https:\/\/digital58.com.ve\/site\/wp-content\/uploads\/2022\/01\/vinicius-768x512.jpg 768w, https:\/\/digital58.com.ve\/site\/wp-content\/uploads\/2022\/01\/vinicius-720x480.jpg 720w, https:\/\/digital58.com.ve\/site\/wp-content\/uploads\/2022\/01\/vinicius-480x320.jpg 480w\" sizes=\"auto, (max-width: 900px) 100vw, 900px\" \/><\/a><\/p>\n<p>Con esta victoria, el Real Madrid encara la Supercopa de Espa\u00f1a (se enfrentar\u00e1 el mi\u00e9rcoles al Barcelona en semifinales) en cabeza de la tabla con ocho puntos de ventaja sobre el Sevilla, que, no obstante tiene dos partidos menos.<\/p>\n<p><strong>Madrid, Espa\u00f1a, 08 de enero de 2022 (ND58).-<\/strong>La importancia de Vin\u00edcius Junior, que puso firma a su quinto doblete como jugador del Real Madrid, reactiv\u00f3 al l\u00edder de LaLiga Santander en un partido que se desatasc\u00f3 por un pol\u00e9mico penalti que aprovech\u00f3 Karim Benzema para marcar su tanto 300, y que provoc\u00f3 la queja de un Valencia que se desplom\u00f3 en el segundo acto (4-1) y ya es el segundo equipo m\u00e1s goleado de la categor\u00eda.<\/p>\n<p>En la b\u00fasqueda por el Real Madrid de la velocidad de crucero de su primera parte del campeonato apareci\u00f3 Vin\u00edcius con un regreso sobresaliente y volvi\u00f3 la pol\u00e9mica que en numerosas ocasiones acompa\u00f1\u00f3 sus duelos ante el Valencia.<\/p>\n<p>Dominaba hasta entonces sin acierto rematador un encuentro marcado por una decisi\u00f3n rigurosa del \u00e1rbitro. A un equipo que no le hab\u00edan se\u00f1alado un solo penalti en toda la Liga, le pitaron el que menos parec\u00eda cuando Casemiro cay\u00f3 ante la presi\u00f3n de Alderete.<\/p>\n<p>El bal\u00f3n en una escuadra de Benzema cambi\u00f3 el guion del Valencia en el partido. Hasta entonces firme en defensa, cediendo cada vez m\u00e1s ante una presi\u00f3n que fue en aumento del l\u00edder hasta ese minuto 43 que dar\u00e1 tanto que hablar y que ya provoc\u00f3 un tuit pol\u00e9mico del club valenciano.<\/p>\n<p>Capacitado para el juego directo el equipo de Bordal\u00e1s, opt\u00f3 por seguir el plan que hab\u00eda dejado a cero a los de Ancelotti en el Bernab\u00e9u ante Villarreal, Osasuna o C\u00e1diz. Solo le sirvi\u00f3 en una mitad.<\/p>\n<p>La fluidez del juego del Real Madrid parte de la inspiraci\u00f3n de Kroos y Modric, que encontraron dificultades con la vigilancia de Musah, Wass y Guillam\u00f3n. Rebajado el juego coral, el \u00e9xito queda expuesto a las apariciones vertiginosas de Vin\u00edcius o el acierto de Benzema.<\/p>\n<p>A bal\u00f3n parado aparece el poder\u00edo ofensivo de Militao, pero Cillesen sac\u00f3 su testarazo. Los de Bordal\u00e1s se protegieron y para salir airosos necesitaban algo m\u00e1s que las carreras de Guedes, que ped\u00eda calma a sus compa\u00f1eros para aguantar una posesi\u00f3n que apenas les duraba.<\/p>\n<p>Ante las dificultades que reaparec\u00edan en el Bernab\u00e9u de encuentros pasados, sal\u00eda al paso Vin\u00edcius para desequilibrar con velocidad y aparecer en ataque hasta para cabecear un centro de Mendy. La falta de ritmo en el juego no fue de voluntad. El Real Madrid tuvo paciencia y esper\u00f3 su momento.<\/p>\n<p>Sin sufrir apenas exigencia defensiva, sinti\u00f3 que su momento estaba por llegar y apret\u00f3 seg\u00fan se acerc\u00f3 el descanso. Asensio pon\u00eda a prueba a Cillesen, Casemiro cabeceaba en el primer palo y el travesa\u00f1o repel\u00eda un zurdazo de Modric tras dos bellos amagos. El gol se rondaba cuando lleg\u00f3 la acci\u00f3n pol\u00e9mica del penalti.<\/p>\n<p>Ese tanto oblig\u00f3 al equipo de Bordal\u00e1s a dar un paso al frente, salir en el segundo acto a buscar al Real Madrid y pagar cara la aparici\u00f3n de espacios. Qued\u00f3 sentenciado desde dos errores individuales, el de Diakhaby tras interceptar una pared entre Benzema y \u00abVini\u00bb, que crey\u00f3 hasta el final y encontr\u00f3 el premio del gol; y el de Musah en el inicio de jugada, castigado con una r\u00e1pida transici\u00f3n, el disparo de Asensio y el doblete a placer del brasile\u00f1o.<\/p>\n<p>A la hora de partido el Real Madrid pod\u00eda pensar en la inminente Supercopa de Espa\u00f1a y la opci\u00f3n de ganar el primer t\u00edtulo de la temporada, y el Valencia se lamentaba de una endeblez impropia de un equipo de Bordal\u00e1s, con 32 tantos encajados en 20 jornadas.<\/p>\n<p>Pudo levantar el pie el equipo de Ancelotti. No Courtois, que vol\u00f3 para evitar un tanto de Wass, detuvo un claro penalti de Mendy por agarr\u00f3n al lanzamiento de Guedes, pero ya nada pudo hacer en el rechace ante el remate de cabeza del portugu\u00e9s.<\/p>\n<p>A\u00fan hubo tiempo para que Karim Benzema sumase su doblete al de Vin\u00edcius, alcanzase 301 dianas como madridista y comience a ver de cerca a la leyenda de Alfredo di St\u00e9fano para pasar a ser el tercer m\u00e1ximo goleador de la historia de un Real Madrid que se levant\u00f3 con firmeza del castigo a la relajaci\u00f3n del Coliseum Alfonso P\u00e9rez y vuelve a marcar el paso en LaLiga.<\/p>\n<p><strong>Ficha t\u00e9cnica:<\/strong><\/p>\n<p><strong>4 &#8211; Real Madrid:<\/strong> Courtois; Lucas V\u00e1zquez (Nacho, min. 87), Militao, Alaba, Mendy; Casemiro (Camavinga, min. 71), Modric (Ceballos, min. 71), Kroos; Marco Asensio, Vin\u00edcius (Fede Valverde, min. 87) y Benzema (Isco, min. 89).<\/p>\n<p><strong>1 &#8211; Valencia:<\/strong> Cillessen; Piccini (Rub\u00e9n Iranzo, min. 77), Diakhaby, Alderete, Gay\u00e0; Musah (Cheryshev, min. 66), Wass, Guillam\u00f3n, Helder Costa (Koba, min. 66; Manu Vallejo, min. 83); Guedes y Maxi G\u00f3mez (Marcos Andr\u00e9, min. 66).<\/p>\n<p><strong>Goles:<\/strong> 1-0, min. 43: Benzema, de penalti. 2-0, min. 52: Vin\u00edcius. 3-0, min. 61: Vin\u00edcius. 3-1, min. 76: Guedes. 4-1, min. 88: Benzema.<\/p>\n<p>\u00c1rbitro: Hern\u00e1ndez Hern\u00e1ndez. Amonest\u00f3 a Casemiro (min. 14), Militao (min. 26) y Mendy (min. 75) por el Real Madrid; y a Piccini (min. 51), Musah (min. 58) y Cheryshev (min. 84) por el Valencia.<\/p>\n<p><strong>Incidencias:<\/strong> Encuentro correspondiente a la vig\u00e9sima jornada de LaLiga Santander disputado en el estadio Santiago Bernab\u00e9u ante 50.000 espectadores.<\/p><div class=\"uovpd69ef6721a3b8f\" ><p style=\"text-align: center;\"><a href=\"https:\/\/t.me\/noticiasdigital58\" target=\"_blank\" rel=\"noopener\"><img class=\"aligncenter size-full wp-image-125363\" src=\"https:\/\/digital58.com.ve\/site\/wp-content\/uploads\/2021\/04\/banner-telegram-web-2021.png\" alt=\"\" width=\"600\" height=\"90\" \/><\/a><\/p><\/div><style type=\"text\/css\">\r\n@media screen and (min-width: 1201px) {\r\n.uovpd69ef6721a3b8f {\r\ndisplay: block;\r\n}\r\n}\r\n@media screen and (min-width: 993px) and (max-width: 1200px) {\r\n.uovpd69ef6721a3b8f {\r\ndisplay: block;\r\n}\r\n}\r\n@media screen and (min-width: 769px) and (max-width: 992px) {\r\n.uovpd69ef6721a3b8f {\r\ndisplay: block;\r\n}\r\n}\r\n@media screen and (min-width: 768px) and (max-width: 768px) {\r\n.uovpd69ef6721a3b8f {\r\ndisplay: block;\r\n}\r\n}\r\n@media screen and (max-width: 767px) {\r\n.uovpd69ef6721a3b8f {\r\ndisplay: block;\r\n}\r\n}\r\n<\/style>\r\n\n<p><strong>Redacci\u00f3n ND58 | Fuente: EFE<\/strong><br \/>\n<strong>Edici\u00f3n: Villasmil, Henry<\/strong><br \/>\n<strong>Gr\u00e1fica: EFE<\/strong><\/p>\n<div style=\"margin-top: 0px; margin-bottom: 0px;\" class=\"sharethis-inline-share-buttons\" ><\/div>","protected":false},"excerpt":{"rendered":"<p>Con esta victoria, el Real Madrid encara la Supercopa de Espa\u00f1a (se enfrentar\u00e1 el mi\u00e9rcoles al Barcelona en semifinales) en<\/p>\n","protected":false},"author":1,"featured_media":146220,"comment_status":"open","ping_status":"closed","sticky":false,"template":"","format":"standard","meta":{"colormag_page_container_layout":"default_layout","colormag_page_sidebar_layout":"default_layout","_uag_custom_page_level_css":"","footnotes":""},"categories":[5402],"tags":[115,1492,13,499,41,8,7311,24486,450,23598,5863,6501,6570],"class_list":["post-146219","post","type-post","status-publish","format-standard","has-post-thumbnail","hentry","category-deportes","tag-espana","tag-europa","tag-futbol","tag-futbol-espanol","tag-futbol-internacional","tag-internacionales","tag-laliga","tag-laliga-2021-2022","tag-lvbp","tag-lvbp-2021-2022","tag-madrid","tag-real-madrid-cf","tag-valencia-cf"],"yoast_head":"<!-- This site is optimized with the Yoast SEO plugin v27.4 - https:\/\/yoast.com\/product\/yoast-seo-wordpress\/ -->\n<title>#LaLiga | Vin\u00edcius reactiva al l\u00edder<\/title>\n<meta name=\"description\" content=\"Deportes\" \/>\n<meta name=\"robots\" content=\"index, follow, max-snippet:-1, max-image-preview:large, max-video-preview:-1\" \/>\n<link rel=\"canonical\" href=\"https:\/\/digital58.com.ve\/site\/2022\/01\/09\/laliga-vinicius-reactiva-al-lider\/\" \/>\n<meta property=\"og:locale\" content=\"es_ES\" \/>\n<meta property=\"og:type\" content=\"article\" \/>\n<meta property=\"og:title\" content=\"#LaLiga | Vin\u00edcius reactiva al l\u00edder\" \/>\n<meta property=\"og:description\" content=\"Deportes\" \/>\n<meta property=\"og:url\" content=\"https:\/\/digital58.com.ve\/site\/2022\/01\/09\/laliga-vinicius-reactiva-al-lider\/\" \/>\n<meta property=\"og:site_name\" content=\"Noticias Digital58\" \/>\n<meta property=\"article:published_time\" content=\"2022-01-09T04:00:03+00:00\" \/>\n<meta property=\"article:modified_time\" content=\"2022-01-09T04:02:36+00:00\" \/>\n<meta property=\"og:image\" content=\"https:\/\/digital58.com.ve\/site\/wp-content\/uploads\/2022\/01\/vinicius.jpg\" \/>\n\t<meta property=\"og:image:width\" content=\"900\" \/>\n\t<meta property=\"og:image:height\" content=\"600\" \/>\n\t<meta property=\"og:image:type\" content=\"image\/jpeg\" \/>\n<meta name=\"author\" content=\"Villasmil Henry\" \/>\n<meta name=\"twitter:card\" content=\"summary_large_image\" \/>\n<meta name=\"twitter:creator\" content=\"@https:\/\/twitter.com\/villasmilhfoto\" \/>\n<meta name=\"twitter:site\" content=\"@villasmilhfoto\" \/>\n<meta name=\"twitter:label1\" content=\"Escrito por\" \/>\n\t<meta name=\"twitter:data1\" content=\"Villasmil Henry\" \/>\n\t<meta name=\"twitter:label2\" content=\"Tiempo estimado de lectura\" \/>\n\t<meta name=\"twitter:data2\" content=\"5 minutos\" \/>\n<script type=\"application\/ld+json\" class=\"yoast-schema-graph\">{\"@context\":\"https:\\\/\\\/schema.org\",\"@graph\":[{\"@type\":\"Article\",\"@id\":\"https:\\\/\\\/digital58.com.ve\\\/site\\\/2022\\\/01\\\/09\\\/laliga-vinicius-reactiva-al-lider\\\/#article\",\"isPartOf\":{\"@id\":\"https:\\\/\\\/digital58.com.ve\\\/site\\\/2022\\\/01\\\/09\\\/laliga-vinicius-reactiva-al-lider\\\/\"},\"author\":{\"name\":\"Villasmil Henry\",\"@id\":\"https:\\\/\\\/digital58.com.ve\\\/site\\\/#\\\/schema\\\/person\\\/64d1c2e4d0d4fd1b849980c4331c2951\"},\"headline\":\"#LaLiga | Vin\u00edcius reactiva al l\u00edder\",\"datePublished\":\"2022-01-09T04:00:03+00:00\",\"dateModified\":\"2022-01-09T04:02:36+00:00\",\"mainEntityOfPage\":{\"@id\":\"https:\\\/\\\/digital58.com.ve\\\/site\\\/2022\\\/01\\\/09\\\/laliga-vinicius-reactiva-al-lider\\\/\"},\"wordCount\":935,\"commentCount\":0,\"publisher\":{\"@id\":\"https:\\\/\\\/digital58.com.ve\\\/site\\\/#\\\/schema\\\/person\\\/64d1c2e4d0d4fd1b849980c4331c2951\"},\"image\":{\"@id\":\"https:\\\/\\\/digital58.com.ve\\\/site\\\/2022\\\/01\\\/09\\\/laliga-vinicius-reactiva-al-lider\\\/#primaryimage\"},\"thumbnailUrl\":\"https:\\\/\\\/digital58.com.ve\\\/site\\\/wp-content\\\/uploads\\\/2022\\\/01\\\/vinicius.jpg\",\"keywords\":[\"Espa\u00f1a\",\"Europa\",\"F\u00fatbol\",\"F\u00fatbol Espa\u00f1ol\",\"F\u00fatbol Internacional\",\"Internacionales\",\"LaLiga\",\"Laliga 2021-2022\",\"LVBP\",\"LVBP 2021-2022\",\"Madrid\",\"Real Madrid CF\",\"Valencia CF\"],\"articleSection\":[\"Deportes\"],\"inLanguage\":\"es\",\"potentialAction\":[{\"@type\":\"CommentAction\",\"name\":\"Comment\",\"target\":[\"https:\\\/\\\/digital58.com.ve\\\/site\\\/2022\\\/01\\\/09\\\/laliga-vinicius-reactiva-al-lider\\\/#respond\"]}]},{\"@type\":\"WebPage\",\"@id\":\"https:\\\/\\\/digital58.com.ve\\\/site\\\/2022\\\/01\\\/09\\\/laliga-vinicius-reactiva-al-lider\\\/\",\"url\":\"https:\\\/\\\/digital58.com.ve\\\/site\\\/2022\\\/01\\\/09\\\/laliga-vinicius-reactiva-al-lider\\\/\",\"name\":\"#LaLiga | Vin\u00edcius reactiva al l\u00edder\",\"isPartOf\":{\"@id\":\"https:\\\/\\\/digital58.com.ve\\\/site\\\/#website\"},\"primaryImageOfPage\":{\"@id\":\"https:\\\/\\\/digital58.com.ve\\\/site\\\/2022\\\/01\\\/09\\\/laliga-vinicius-reactiva-al-lider\\\/#primaryimage\"},\"image\":{\"@id\":\"https:\\\/\\\/digital58.com.ve\\\/site\\\/2022\\\/01\\\/09\\\/laliga-vinicius-reactiva-al-lider\\\/#primaryimage\"},\"thumbnailUrl\":\"https:\\\/\\\/digital58.com.ve\\\/site\\\/wp-content\\\/uploads\\\/2022\\\/01\\\/vinicius.jpg\",\"datePublished\":\"2022-01-09T04:00:03+00:00\",\"dateModified\":\"2022-01-09T04:02:36+00:00\",\"description\":\"Deportes\",\"breadcrumb\":{\"@id\":\"https:\\\/\\\/digital58.com.ve\\\/site\\\/2022\\\/01\\\/09\\\/laliga-vinicius-reactiva-al-lider\\\/#breadcrumb\"},\"inLanguage\":\"es\",\"potentialAction\":[{\"@type\":\"ReadAction\",\"target\":[\"https:\\\/\\\/digital58.com.ve\\\/site\\\/2022\\\/01\\\/09\\\/laliga-vinicius-reactiva-al-lider\\\/\"]}]},{\"@type\":\"ImageObject\",\"inLanguage\":\"es\",\"@id\":\"https:\\\/\\\/digital58.com.ve\\\/site\\\/2022\\\/01\\\/09\\\/laliga-vinicius-reactiva-al-lider\\\/#primaryimage\",\"url\":\"https:\\\/\\\/digital58.com.ve\\\/site\\\/wp-content\\\/uploads\\\/2022\\\/01\\\/vinicius.jpg\",\"contentUrl\":\"https:\\\/\\\/digital58.com.ve\\\/site\\\/wp-content\\\/uploads\\\/2022\\\/01\\\/vinicius.jpg\",\"width\":900,\"height\":600},{\"@type\":\"BreadcrumbList\",\"@id\":\"https:\\\/\\\/digital58.com.ve\\\/site\\\/2022\\\/01\\\/09\\\/laliga-vinicius-reactiva-al-lider\\\/#breadcrumb\",\"itemListElement\":[{\"@type\":\"ListItem\",\"position\":1,\"name\":\"Home\",\"item\":\"https:\\\/\\\/digital58.com.ve\\\/site\\\/\"},{\"@type\":\"ListItem\",\"position\":2,\"name\":\"#LaLiga | Vin\u00edcius reactiva al l\u00edder\"}]},{\"@type\":\"WebSite\",\"@id\":\"https:\\\/\\\/digital58.com.ve\\\/site\\\/#website\",\"url\":\"https:\\\/\\\/digital58.com.ve\\\/site\\\/\",\"name\":\"Noticias Digital58\",\"description\":\"Portal de Noticias \u00a1Periodismo web de verdad! Lanzamiento web 22.11.2005 \\\/ Maracaibo, Venezuela\",\"publisher\":{\"@id\":\"https:\\\/\\\/digital58.com.ve\\\/site\\\/#\\\/schema\\\/person\\\/64d1c2e4d0d4fd1b849980c4331c2951\"},\"alternateName\":\"ND58\",\"potentialAction\":[{\"@type\":\"SearchAction\",\"target\":{\"@type\":\"EntryPoint\",\"urlTemplate\":\"https:\\\/\\\/digital58.com.ve\\\/site\\\/?s={search_term_string}\"},\"query-input\":{\"@type\":\"PropertyValueSpecification\",\"valueRequired\":true,\"valueName\":\"search_term_string\"}}],\"inLanguage\":\"es\"},{\"@type\":[\"Person\",\"Organization\"],\"@id\":\"https:\\\/\\\/digital58.com.ve\\\/site\\\/#\\\/schema\\\/person\\\/64d1c2e4d0d4fd1b849980c4331c2951\",\"name\":\"Villasmil Henry\",\"image\":{\"@type\":\"ImageObject\",\"inLanguage\":\"es\",\"@id\":\"https:\\\/\\\/secure.gravatar.com\\\/avatar\\\/bb0c4a2fcb7970138239f7e404ea75757b1b507b28b5ce4c53fbd62d797c5a7c?s=96&d=mm&r=g\",\"url\":\"https:\\\/\\\/secure.gravatar.com\\\/avatar\\\/bb0c4a2fcb7970138239f7e404ea75757b1b507b28b5ce4c53fbd62d797c5a7c?s=96&d=mm&r=g\",\"contentUrl\":\"https:\\\/\\\/secure.gravatar.com\\\/avatar\\\/bb0c4a2fcb7970138239f7e404ea75757b1b507b28b5ce4c53fbd62d797c5a7c?s=96&d=mm&r=g\",\"caption\":\"Villasmil Henry\"},\"logo\":{\"@id\":\"https:\\\/\\\/secure.gravatar.com\\\/avatar\\\/bb0c4a2fcb7970138239f7e404ea75757b1b507b28b5ce4c53fbd62d797c5a7c?s=96&d=mm&r=g\"},\"sameAs\":[\"http:\\\/\\\/www.henryvillasmil.com.ve\",\"https:\\\/\\\/www.instagram.com\\\/villasmilhfoto\\\/\",\"https:\\\/\\\/x.com\\\/https:\\\/\\\/twitter.com\\\/villasmilhfoto\"],\"url\":\"https:\\\/\\\/digital58.com.ve\\\/site\\\/author\\\/droopy_68\\\/\"}]}<\/script>\n<!-- \/ Yoast SEO plugin. -->","yoast_head_json":{"title":"#LaLiga | Vin\u00edcius reactiva al l\u00edder","description":"Deportes","robots":{"index":"index","follow":"follow","max-snippet":"max-snippet:-1","max-image-preview":"max-image-preview:large","max-video-preview":"max-video-preview:-1"},"canonical":"https:\/\/digital58.com.ve\/site\/2022\/01\/09\/laliga-vinicius-reactiva-al-lider\/","og_locale":"es_ES","og_type":"article","og_title":"#LaLiga | Vin\u00edcius reactiva al l\u00edder","og_description":"Deportes","og_url":"https:\/\/digital58.com.ve\/site\/2022\/01\/09\/laliga-vinicius-reactiva-al-lider\/","og_site_name":"Noticias Digital58","article_published_time":"2022-01-09T04:00:03+00:00","article_modified_time":"2022-01-09T04:02:36+00:00","og_image":[{"width":900,"height":600,"url":"https:\/\/digital58.com.ve\/site\/wp-content\/uploads\/2022\/01\/vinicius.jpg","type":"image\/jpeg"}],"author":"Villasmil Henry","twitter_card":"summary_large_image","twitter_creator":"@https:\/\/twitter.com\/villasmilhfoto","twitter_site":"@villasmilhfoto","twitter_misc":{"Escrito por":"Villasmil Henry","Tiempo estimado de lectura":"5 minutos"},"schema":{"@context":"https:\/\/schema.org","@graph":[{"@type":"Article","@id":"https:\/\/digital58.com.ve\/site\/2022\/01\/09\/laliga-vinicius-reactiva-al-lider\/#article","isPartOf":{"@id":"https:\/\/digital58.com.ve\/site\/2022\/01\/09\/laliga-vinicius-reactiva-al-lider\/"},"author":{"name":"Villasmil Henry","@id":"https:\/\/digital58.com.ve\/site\/#\/schema\/person\/64d1c2e4d0d4fd1b849980c4331c2951"},"headline":"#LaLiga | Vin\u00edcius reactiva al l\u00edder","datePublished":"2022-01-09T04:00:03+00:00","dateModified":"2022-01-09T04:02:36+00:00","mainEntityOfPage":{"@id":"https:\/\/digital58.com.ve\/site\/2022\/01\/09\/laliga-vinicius-reactiva-al-lider\/"},"wordCount":935,"commentCount":0,"publisher":{"@id":"https:\/\/digital58.com.ve\/site\/#\/schema\/person\/64d1c2e4d0d4fd1b849980c4331c2951"},"image":{"@id":"https:\/\/digital58.com.ve\/site\/2022\/01\/09\/laliga-vinicius-reactiva-al-lider\/#primaryimage"},"thumbnailUrl":"https:\/\/digital58.com.ve\/site\/wp-content\/uploads\/2022\/01\/vinicius.jpg","keywords":["Espa\u00f1a","Europa","F\u00fatbol","F\u00fatbol Espa\u00f1ol","F\u00fatbol Internacional","Internacionales","LaLiga","Laliga 2021-2022","LVBP","LVBP 2021-2022","Madrid","Real Madrid CF","Valencia CF"],"articleSection":["Deportes"],"inLanguage":"es","potentialAction":[{"@type":"CommentAction","name":"Comment","target":["https:\/\/digital58.com.ve\/site\/2022\/01\/09\/laliga-vinicius-reactiva-al-lider\/#respond"]}]},{"@type":"WebPage","@id":"https:\/\/digital58.com.ve\/site\/2022\/01\/09\/laliga-vinicius-reactiva-al-lider\/","url":"https:\/\/digital58.com.ve\/site\/2022\/01\/09\/laliga-vinicius-reactiva-al-lider\/","name":"#LaLiga | Vin\u00edcius reactiva al l\u00edder","isPartOf":{"@id":"https:\/\/digital58.com.ve\/site\/#website"},"primaryImageOfPage":{"@id":"https:\/\/digital58.com.ve\/site\/2022\/01\/09\/laliga-vinicius-reactiva-al-lider\/#primaryimage"},"image":{"@id":"https:\/\/digital58.com.ve\/site\/2022\/01\/09\/laliga-vinicius-reactiva-al-lider\/#primaryimage"},"thumbnailUrl":"https:\/\/digital58.com.ve\/site\/wp-content\/uploads\/2022\/01\/vinicius.jpg","datePublished":"2022-01-09T04:00:03+00:00","dateModified":"2022-01-09T04:02:36+00:00","description":"Deportes","breadcrumb":{"@id":"https:\/\/digital58.com.ve\/site\/2022\/01\/09\/laliga-vinicius-reactiva-al-lider\/#breadcrumb"},"inLanguage":"es","potentialAction":[{"@type":"ReadAction","target":["https:\/\/digital58.com.ve\/site\/2022\/01\/09\/laliga-vinicius-reactiva-al-lider\/"]}]},{"@type":"ImageObject","inLanguage":"es","@id":"https:\/\/digital58.com.ve\/site\/2022\/01\/09\/laliga-vinicius-reactiva-al-lider\/#primaryimage","url":"https:\/\/digital58.com.ve\/site\/wp-content\/uploads\/2022\/01\/vinicius.jpg","contentUrl":"https:\/\/digital58.com.ve\/site\/wp-content\/uploads\/2022\/01\/vinicius.jpg","width":900,"height":600},{"@type":"BreadcrumbList","@id":"https:\/\/digital58.com.ve\/site\/2022\/01\/09\/laliga-vinicius-reactiva-al-lider\/#breadcrumb","itemListElement":[{"@type":"ListItem","position":1,"name":"Home","item":"https:\/\/digital58.com.ve\/site\/"},{"@type":"ListItem","position":2,"name":"#LaLiga | Vin\u00edcius reactiva al l\u00edder"}]},{"@type":"WebSite","@id":"https:\/\/digital58.com.ve\/site\/#website","url":"https:\/\/digital58.com.ve\/site\/","name":"Noticias Digital58","description":"Portal de Noticias \u00a1Periodismo web de verdad! Lanzamiento web 22.11.2005 \/ Maracaibo, Venezuela","publisher":{"@id":"https:\/\/digital58.com.ve\/site\/#\/schema\/person\/64d1c2e4d0d4fd1b849980c4331c2951"},"alternateName":"ND58","potentialAction":[{"@type":"SearchAction","target":{"@type":"EntryPoint","urlTemplate":"https:\/\/digital58.com.ve\/site\/?s={search_term_string}"},"query-input":{"@type":"PropertyValueSpecification","valueRequired":true,"valueName":"search_term_string"}}],"inLanguage":"es"},{"@type":["Person","Organization"],"@id":"https:\/\/digital58.com.ve\/site\/#\/schema\/person\/64d1c2e4d0d4fd1b849980c4331c2951","name":"Villasmil Henry","image":{"@type":"ImageObject","inLanguage":"es","@id":"https:\/\/secure.gravatar.com\/avatar\/bb0c4a2fcb7970138239f7e404ea75757b1b507b28b5ce4c53fbd62d797c5a7c?s=96&d=mm&r=g","url":"https:\/\/secure.gravatar.com\/avatar\/bb0c4a2fcb7970138239f7e404ea75757b1b507b28b5ce4c53fbd62d797c5a7c?s=96&d=mm&r=g","contentUrl":"https:\/\/secure.gravatar.com\/avatar\/bb0c4a2fcb7970138239f7e404ea75757b1b507b28b5ce4c53fbd62d797c5a7c?s=96&d=mm&r=g","caption":"Villasmil Henry"},"logo":{"@id":"https:\/\/secure.gravatar.com\/avatar\/bb0c4a2fcb7970138239f7e404ea75757b1b507b28b5ce4c53fbd62d797c5a7c?s=96&d=mm&r=g"},"sameAs":["http:\/\/www.henryvillasmil.com.ve","https:\/\/www.instagram.com\/villasmilhfoto\/","https:\/\/x.com\/https:\/\/twitter.com\/villasmilhfoto"],"url":"https:\/\/digital58.com.ve\/site\/author\/droopy_68\/"}]}},"uagb_featured_image_src":{"full":["https:\/\/digital58.com.ve\/site\/wp-content\/uploads\/2022\/01\/vinicius.jpg",900,600,false],"thumbnail":["https:\/\/digital58.com.ve\/site\/wp-content\/uploads\/2022\/01\/vinicius-150x150.jpg",150,150,true],"medium":["https:\/\/digital58.com.ve\/site\/wp-content\/uploads\/2022\/01\/vinicius-300x200.jpg",300,200,true],"medium_large":["https:\/\/digital58.com.ve\/site\/wp-content\/uploads\/2022\/01\/vinicius-768x512.jpg",768,512,true],"large":["https:\/\/digital58.com.ve\/site\/wp-content\/uploads\/2022\/01\/vinicius.jpg",800,533,false],"1536x1536":["https:\/\/digital58.com.ve\/site\/wp-content\/uploads\/2022\/01\/vinicius.jpg",900,600,false],"2048x2048":["https:\/\/digital58.com.ve\/site\/wp-content\/uploads\/2022\/01\/vinicius.jpg",900,600,false],"colormag-highlighted-post":["https:\/\/digital58.com.ve\/site\/wp-content\/uploads\/2022\/01\/vinicius.jpg",392,261,false],"colormag-featured-post-medium":["https:\/\/digital58.com.ve\/site\/wp-content\/uploads\/2022\/01\/vinicius.jpg",308,205,false],"colormag-featured-post-small":["https:\/\/digital58.com.ve\/site\/wp-content\/uploads\/2022\/01\/vinicius.jpg",130,87,false],"colormag-featured-image":["https:\/\/digital58.com.ve\/site\/wp-content\/uploads\/2022\/01\/vinicius.jpg",668,445,false],"colormag-default-news":["https:\/\/digital58.com.ve\/site\/wp-content\/uploads\/2022\/01\/vinicius.jpg",150,100,false],"colormag-featured-image-large":["https:\/\/digital58.com.ve\/site\/wp-content\/uploads\/2022\/01\/vinicius.jpg",900,600,false]},"uagb_author_info":{"display_name":"Villasmil Henry","author_link":"https:\/\/digital58.com.ve\/site\/author\/droopy_68\/"},"uagb_comment_info":0,"uagb_excerpt":"Con esta victoria, el Real Madrid encara la Supercopa de Espa\u00f1a (se enfrentar\u00e1 el mi\u00e9rcoles al Barcelona en semifinales) en","_links":{"self":[{"href":"https:\/\/digital58.com.ve\/site\/wp-json\/wp\/v2\/posts\/146219","targetHints":{"allow":["GET"]}}],"collection":[{"href":"https:\/\/digital58.com.ve\/site\/wp-json\/wp\/v2\/posts"}],"about":[{"href":"https:\/\/digital58.com.ve\/site\/wp-json\/wp\/v2\/types\/post"}],"author":[{"embeddable":true,"href":"https:\/\/digital58.com.ve\/site\/wp-json\/wp\/v2\/users\/1"}],"replies":[{"embeddable":true,"href":"https:\/\/digital58.com.ve\/site\/wp-json\/wp\/v2\/comments?post=146219"}],"version-history":[{"count":0,"href":"https:\/\/digital58.com.ve\/site\/wp-json\/wp\/v2\/posts\/146219\/revisions"}],"wp:featuredmedia":[{"embeddable":true,"href":"https:\/\/digital58.com.ve\/site\/wp-json\/wp\/v2\/media\/146220"}],"wp:attachment":[{"href":"https:\/\/digital58.com.ve\/site\/wp-json\/wp\/v2\/media?parent=146219"}],"wp:term":[{"taxonomy":"category","embeddable":true,"href":"https:\/\/digital58.com.ve\/site\/wp-json\/wp\/v2\/categories?post=146219"},{"taxonomy":"post_tag","embeddable":true,"href":"https:\/\/digital58.com.ve\/site\/wp-json\/wp\/v2\/tags?post=146219"}],"curies":[{"name":"wp","href":"https:\/\/api.w.org\/{rel}","templated":true}]}}