{"id":146277,"date":"2022-01-10T09:48:48","date_gmt":"2022-01-10T13:48:48","guid":{"rendered":"https:\/\/digital58.com.ve\/site\/?p=146277"},"modified":"2022-01-10T09:49:41","modified_gmt":"2022-01-10T13:49:41","slug":"ecuador-anunciara-este-mes-su-plan-de-regularizacion-de-migrantes-venezolanos","status":"publish","type":"post","link":"https:\/\/digital58.com.ve\/site\/2022\/01\/10\/ecuador-anunciara-este-mes-su-plan-de-regularizacion-de-migrantes-venezolanos\/","title":{"rendered":"Ecuador anunciar\u00e1 este mes su plan de regularizaci\u00f3n de migrantes venezolanos"},"content":{"rendered":"<p><a href=\"https:\/\/digital58.com.ve\/site\/wp-content\/uploads\/2021\/02\/migrantes-venezolanos.jpg\"><img loading=\"lazy\" decoding=\"async\" class=\"aligncenter size-full wp-image-135526\" src=\"https:\/\/digital58.com.ve\/site\/wp-content\/uploads\/2021\/02\/migrantes-venezolanos.jpg\" alt=\"\" width=\"900\" height=\"675\" srcset=\"https:\/\/digital58.com.ve\/site\/wp-content\/uploads\/2021\/02\/migrantes-venezolanos.jpg 800w, https:\/\/digital58.com.ve\/site\/wp-content\/uploads\/2021\/02\/migrantes-venezolanos-300x225.jpg 300w, https:\/\/digital58.com.ve\/site\/wp-content\/uploads\/2021\/02\/migrantes-venezolanos-768x576.jpg 768w\" sizes=\"auto, (max-width: 900px) 100vw, 900px\" \/><\/a><\/p>\n<p>El Gobierno ecuatoriano tiene previsto anunciar este mes su plan de regularizaci\u00f3n para la migraci\u00f3n venezolana, un proyecto en el que se han implicado pa\u00edses donantes y Naciones Unidas para ofrecer soluciones inclusivas a m\u00e1s de medio mill\u00f3n de personas.<\/p>\n<p><strong>Internacionales, 10 de enero de 2022 (ND58).-<\/strong> \u00abEstamos a pocos d\u00edas de presentar formalmente el reglamento trabajado no solamente a nivel interno y en base a lo que el presidente Guillermo Lasso propuso al pa\u00eds, sino precisamente con la conferencia de donantes\u00bb, dijo a Efe el nuevo ministro de Exteriores de Ecuador, Juan Carlos Holgu\u00edn.<\/p>\n<p>El plan, que buscar\u00e1 ofrecer soluciones \u00aba corto y mediano plazo\u00bb, y no una \u00abnaturalizaci\u00f3n\u00bb a largo plazo, supone un cumplimiento de la promesa electoral que hizo el mandatario para resolver el problema humanitario de cientos miles de migrantes radicados en el pa\u00eds andino en los \u00faltimos cinco a\u00f1os.<\/p>\n<p>Seg\u00fan Holgu\u00edn, se trata de \u00abm\u00e1s de 500.000 personas ya establemente en el Ecuador sin regularizaci\u00f3n y que quieren hacer de Ecuador su lugar estable\u00bb.<\/p>\n<p>El plan tambi\u00e9n incluir\u00e1 soluciones a \u00abcasi 200.000 personas flotantes que van hacia el sur\u00bb, lo que ha requerido el di\u00e1logo tambi\u00e9n con los Gobierno de Colombia y Per\u00fa.<\/p>\n<p>La intenci\u00f3n es ofrecer la regularizaci\u00f3n \u00abinmediata\u00bb para aquellos que no pudieron acogerse al plan del anterior gobierno de Len\u00edn Moreno, bien por la llegada de la pandemia del coronavirus o porque sencillamente no ten\u00edan los 50 d\u00f3lares requeridos para el visado humanitario.<\/p>\n<p>Se trata, puntualiz\u00f3 el ministro, de un proceso para que \u00abaquellos ciudadanos que no estaban regularizados tengan, no solamente una perspectiva de dignidad, sino tambi\u00e9n de inclusi\u00f3n econ\u00f3mica, social y cultural a nuestro pa\u00eds\u00bb.<\/p>\n<p>Y \u00abtransparentar lo que hoy por hoy no est\u00e1 transparentado\u00bb.<\/p>\n<p>\u00abEs un reto enorme pero esa es la situaci\u00f3n que tenemos\u00bb, precis\u00f3 el ministro sin ofrecer cifras sobre el coste del proyecto, en el que pa\u00edses como Canad\u00e1, Alemania y otros de la Uni\u00f3n Europea han ofrecido su ayuda para que el plan \u00abrecoja las preocupaciones\u00bb que se ten\u00edan.<\/p>\n<p>\u00abComo decimos ac\u00e1, han ayudado con \u00abcon plata y persona\u00bb, con fondos de cooperaci\u00f3n no reembolsables, con equipos t\u00e9cnicos, y el sistema de Naciones Unidas jug\u00f3 un papel fundamental\u00bb.<\/p>\n<p>Entre los requisitos que ser\u00e1n tenidos en cuenta est\u00e1n los antecedentes penales del candidato, seg\u00fan el ministro, para quien el proyecto ofrece resolver \u00abla vulnerabilidad\u00bb de este grupo.<\/p>\n<p>\u00abAhora bien, este proceso de soluci\u00f3n no quita la problem\u00e1tica de origen que tiene la migraci\u00f3n y eso \u2014creo yo de manera muy personal\u2014 es algo que hay que empezar a discutir en la regi\u00f3n\u00bb, manifest\u00f3.<\/p>\n<p><strong>Redacci\u00f3n ND58 | Fuente: EFE<\/strong><br \/>\n<strong>Edici\u00f3n: Villasmil, Henry<\/strong><br \/>\n<strong>Gr\u00e1fica: Archivo<\/strong><\/p>\n<p>&nbsp;<\/p>\n<p>&nbsp;<\/p><div class=\"arntt69f35773b7776\" ><p style=\"text-align: center;\"><a href=\"https:\/\/t.me\/noticiasdigital58\" target=\"_blank\" rel=\"noopener\"><img class=\"aligncenter size-full wp-image-125363\" src=\"https:\/\/digital58.com.ve\/site\/wp-content\/uploads\/2021\/04\/banner-telegram-web-2021.png\" alt=\"\" width=\"600\" height=\"90\" \/><\/a><\/p><\/div><style type=\"text\/css\">\r\n@media screen and (min-width: 1201px) {\r\n.arntt69f35773b7776 {\r\ndisplay: block;\r\n}\r\n}\r\n@media screen and (min-width: 993px) and (max-width: 1200px) {\r\n.arntt69f35773b7776 {\r\ndisplay: block;\r\n}\r\n}\r\n@media screen and (min-width: 769px) and (max-width: 992px) {\r\n.arntt69f35773b7776 {\r\ndisplay: block;\r\n}\r\n}\r\n@media screen and (min-width: 768px) and (max-width: 768px) {\r\n.arntt69f35773b7776 {\r\ndisplay: block;\r\n}\r\n}\r\n@media screen and (max-width: 767px) {\r\n.arntt69f35773b7776 {\r\ndisplay: block;\r\n}\r\n}\r\n<\/style>\r\n\n<p>&nbsp;<\/p>\n<div style=\"margin-top: 0px; margin-bottom: 0px;\" class=\"sharethis-inline-share-buttons\" ><\/div>","protected":false},"excerpt":{"rendered":"<p>El Gobierno ecuatoriano tiene previsto anunciar este mes su plan de regularizaci\u00f3n para la migraci\u00f3n venezolana, un proyecto en el<\/p>\n","protected":false},"author":1,"featured_media":135526,"comment_status":"open","ping_status":"closed","sticky":false,"template":"","format":"standard","meta":{"colormag_page_container_layout":"default_layout","colormag_page_sidebar_layout":"default_layout","_uag_custom_page_level_css":"","footnotes":""},"categories":[16451],"tags":[111,22940,8,26513,14166,26512,8061,26514,8497],"class_list":["post-146277","post","type-post","status-publish","format-standard","has-post-thumbnail","hentry","category-mundo","tag-ecuador","tag-guillermo-lasso","tag-internacionales","tag-juan-carlos-holguin","tag-migrantes-venezolanos","tag-ministro-de-exteriores-de-ecuador","tag-naciones-unidas","tag-plan-de-regularizacion-de-migrantes-venezolanos","tag-venezolanos-en-el-extranjero"],"yoast_head":"<!-- This site is optimized with the Yoast SEO plugin v27.5 - https:\/\/yoast.com\/product\/yoast-seo-wordpress\/ -->\n<title>Ecuador anunciar\u00e1 este mes su plan de regularizaci\u00f3n de migrantes venezolanos<\/title>\n<meta name=\"description\" content=\"Mundo\" \/>\n<meta name=\"robots\" content=\"index, follow, max-snippet:-1, max-image-preview:large, max-video-preview:-1\" \/>\n<link rel=\"canonical\" href=\"https:\/\/digital58.com.ve\/site\/2022\/01\/10\/ecuador-anunciara-este-mes-su-plan-de-regularizacion-de-migrantes-venezolanos\/\" \/>\n<meta property=\"og:locale\" content=\"es_ES\" \/>\n<meta property=\"og:type\" content=\"article\" \/>\n<meta property=\"og:title\" content=\"Ecuador anunciar\u00e1 este mes su plan de regularizaci\u00f3n de migrantes venezolanos\" \/>\n<meta property=\"og:description\" content=\"Mundo\" \/>\n<meta property=\"og:url\" content=\"https:\/\/digital58.com.ve\/site\/2022\/01\/10\/ecuador-anunciara-este-mes-su-plan-de-regularizacion-de-migrantes-venezolanos\/\" \/>\n<meta property=\"og:site_name\" content=\"Noticias Digital58\" \/>\n<meta property=\"article:published_time\" content=\"2022-01-10T13:48:48+00:00\" \/>\n<meta property=\"article:modified_time\" content=\"2022-01-10T13:49:41+00:00\" \/>\n<meta property=\"og:image\" content=\"https:\/\/digital58.com.ve\/site\/wp-content\/uploads\/2021\/02\/migrantes-venezolanos.jpg\" \/>\n\t<meta property=\"og:image:width\" content=\"900\" \/>\n\t<meta property=\"og:image:height\" content=\"675\" \/>\n\t<meta property=\"og:image:type\" content=\"image\/jpeg\" \/>\n<meta name=\"author\" content=\"Villasmil Henry\" \/>\n<meta name=\"twitter:card\" content=\"summary_large_image\" \/>\n<meta name=\"twitter:creator\" content=\"@https:\/\/twitter.com\/villasmilhfoto\" \/>\n<meta name=\"twitter:site\" content=\"@villasmilhfoto\" \/>\n<meta name=\"twitter:label1\" content=\"Escrito por\" \/>\n\t<meta name=\"twitter:data1\" content=\"Villasmil Henry\" \/>\n\t<meta name=\"twitter:label2\" content=\"Tiempo estimado de lectura\" \/>\n\t<meta name=\"twitter:data2\" content=\"3 minutos\" \/>\n<script type=\"application\/ld+json\" class=\"yoast-schema-graph\">{\"@context\":\"https:\\\/\\\/schema.org\",\"@graph\":[{\"@type\":\"Article\",\"@id\":\"https:\\\/\\\/digital58.com.ve\\\/site\\\/2022\\\/01\\\/10\\\/ecuador-anunciara-este-mes-su-plan-de-regularizacion-de-migrantes-venezolanos\\\/#article\",\"isPartOf\":{\"@id\":\"https:\\\/\\\/digital58.com.ve\\\/site\\\/2022\\\/01\\\/10\\\/ecuador-anunciara-este-mes-su-plan-de-regularizacion-de-migrantes-venezolanos\\\/\"},\"author\":{\"name\":\"Villasmil Henry\",\"@id\":\"https:\\\/\\\/digital58.com.ve\\\/site\\\/#\\\/schema\\\/person\\\/64d1c2e4d0d4fd1b849980c4331c2951\"},\"headline\":\"Ecuador anunciar\u00e1 este mes su plan de regularizaci\u00f3n de migrantes venezolanos\",\"datePublished\":\"2022-01-10T13:48:48+00:00\",\"dateModified\":\"2022-01-10T13:49:41+00:00\",\"mainEntityOfPage\":{\"@id\":\"https:\\\/\\\/digital58.com.ve\\\/site\\\/2022\\\/01\\\/10\\\/ecuador-anunciara-este-mes-su-plan-de-regularizacion-de-migrantes-venezolanos\\\/\"},\"wordCount\":490,\"commentCount\":0,\"publisher\":{\"@id\":\"https:\\\/\\\/digital58.com.ve\\\/site\\\/#\\\/schema\\\/person\\\/64d1c2e4d0d4fd1b849980c4331c2951\"},\"image\":{\"@id\":\"https:\\\/\\\/digital58.com.ve\\\/site\\\/2022\\\/01\\\/10\\\/ecuador-anunciara-este-mes-su-plan-de-regularizacion-de-migrantes-venezolanos\\\/#primaryimage\"},\"thumbnailUrl\":\"https:\\\/\\\/digital58.com.ve\\\/site\\\/wp-content\\\/uploads\\\/2021\\\/02\\\/migrantes-venezolanos.jpg\",\"keywords\":[\"Ecuador\",\"Guillermo Lasso\",\"Internacionales\",\"Juan Carlos Holgu\u00edn\",\"Migrantes venezolanos\",\"ministro de Exteriores de Ecuador\",\"Naciones Unidas\",\"Plan de regularizaci\u00f3n de migrantes venezolanos\",\"Venezolanos en el Extranjero\"],\"articleSection\":[\"Mundo\"],\"inLanguage\":\"es\",\"potentialAction\":[{\"@type\":\"CommentAction\",\"name\":\"Comment\",\"target\":[\"https:\\\/\\\/digital58.com.ve\\\/site\\\/2022\\\/01\\\/10\\\/ecuador-anunciara-este-mes-su-plan-de-regularizacion-de-migrantes-venezolanos\\\/#respond\"]}]},{\"@type\":\"WebPage\",\"@id\":\"https:\\\/\\\/digital58.com.ve\\\/site\\\/2022\\\/01\\\/10\\\/ecuador-anunciara-este-mes-su-plan-de-regularizacion-de-migrantes-venezolanos\\\/\",\"url\":\"https:\\\/\\\/digital58.com.ve\\\/site\\\/2022\\\/01\\\/10\\\/ecuador-anunciara-este-mes-su-plan-de-regularizacion-de-migrantes-venezolanos\\\/\",\"name\":\"Ecuador anunciar\u00e1 este mes su plan de regularizaci\u00f3n de migrantes venezolanos\",\"isPartOf\":{\"@id\":\"https:\\\/\\\/digital58.com.ve\\\/site\\\/#website\"},\"primaryImageOfPage\":{\"@id\":\"https:\\\/\\\/digital58.com.ve\\\/site\\\/2022\\\/01\\\/10\\\/ecuador-anunciara-este-mes-su-plan-de-regularizacion-de-migrantes-venezolanos\\\/#primaryimage\"},\"image\":{\"@id\":\"https:\\\/\\\/digital58.com.ve\\\/site\\\/2022\\\/01\\\/10\\\/ecuador-anunciara-este-mes-su-plan-de-regularizacion-de-migrantes-venezolanos\\\/#primaryimage\"},\"thumbnailUrl\":\"https:\\\/\\\/digital58.com.ve\\\/site\\\/wp-content\\\/uploads\\\/2021\\\/02\\\/migrantes-venezolanos.jpg\",\"datePublished\":\"2022-01-10T13:48:48+00:00\",\"dateModified\":\"2022-01-10T13:49:41+00:00\",\"description\":\"Mundo\",\"breadcrumb\":{\"@id\":\"https:\\\/\\\/digital58.com.ve\\\/site\\\/2022\\\/01\\\/10\\\/ecuador-anunciara-este-mes-su-plan-de-regularizacion-de-migrantes-venezolanos\\\/#breadcrumb\"},\"inLanguage\":\"es\",\"potentialAction\":[{\"@type\":\"ReadAction\",\"target\":[\"https:\\\/\\\/digital58.com.ve\\\/site\\\/2022\\\/01\\\/10\\\/ecuador-anunciara-este-mes-su-plan-de-regularizacion-de-migrantes-venezolanos\\\/\"]}]},{\"@type\":\"ImageObject\",\"inLanguage\":\"es\",\"@id\":\"https:\\\/\\\/digital58.com.ve\\\/site\\\/2022\\\/01\\\/10\\\/ecuador-anunciara-este-mes-su-plan-de-regularizacion-de-migrantes-venezolanos\\\/#primaryimage\",\"url\":\"https:\\\/\\\/digital58.com.ve\\\/site\\\/wp-content\\\/uploads\\\/2021\\\/02\\\/migrantes-venezolanos.jpg\",\"contentUrl\":\"https:\\\/\\\/digital58.com.ve\\\/site\\\/wp-content\\\/uploads\\\/2021\\\/02\\\/migrantes-venezolanos.jpg\",\"width\":800,\"height\":600},{\"@type\":\"BreadcrumbList\",\"@id\":\"https:\\\/\\\/digital58.com.ve\\\/site\\\/2022\\\/01\\\/10\\\/ecuador-anunciara-este-mes-su-plan-de-regularizacion-de-migrantes-venezolanos\\\/#breadcrumb\",\"itemListElement\":[{\"@type\":\"ListItem\",\"position\":1,\"name\":\"Home\",\"item\":\"https:\\\/\\\/digital58.com.ve\\\/site\\\/\"},{\"@type\":\"ListItem\",\"position\":2,\"name\":\"Ecuador anunciar\u00e1 este mes su plan de regularizaci\u00f3n de migrantes venezolanos\"}]},{\"@type\":\"WebSite\",\"@id\":\"https:\\\/\\\/digital58.com.ve\\\/site\\\/#website\",\"url\":\"https:\\\/\\\/digital58.com.ve\\\/site\\\/\",\"name\":\"Noticias Digital58\",\"description\":\"Portal de Noticias \u00a1Periodismo web de verdad! Lanzamiento web 22.11.2005 \\\/ Maracaibo, Venezuela\",\"publisher\":{\"@id\":\"https:\\\/\\\/digital58.com.ve\\\/site\\\/#\\\/schema\\\/person\\\/64d1c2e4d0d4fd1b849980c4331c2951\"},\"alternateName\":\"ND58\",\"potentialAction\":[{\"@type\":\"SearchAction\",\"target\":{\"@type\":\"EntryPoint\",\"urlTemplate\":\"https:\\\/\\\/digital58.com.ve\\\/site\\\/?s={search_term_string}\"},\"query-input\":{\"@type\":\"PropertyValueSpecification\",\"valueRequired\":true,\"valueName\":\"search_term_string\"}}],\"inLanguage\":\"es\"},{\"@type\":[\"Person\",\"Organization\"],\"@id\":\"https:\\\/\\\/digital58.com.ve\\\/site\\\/#\\\/schema\\\/person\\\/64d1c2e4d0d4fd1b849980c4331c2951\",\"name\":\"Villasmil Henry\",\"image\":{\"@type\":\"ImageObject\",\"inLanguage\":\"es\",\"@id\":\"https:\\\/\\\/secure.gravatar.com\\\/avatar\\\/bb0c4a2fcb7970138239f7e404ea75757b1b507b28b5ce4c53fbd62d797c5a7c?s=96&d=mm&r=g\",\"url\":\"https:\\\/\\\/secure.gravatar.com\\\/avatar\\\/bb0c4a2fcb7970138239f7e404ea75757b1b507b28b5ce4c53fbd62d797c5a7c?s=96&d=mm&r=g\",\"contentUrl\":\"https:\\\/\\\/secure.gravatar.com\\\/avatar\\\/bb0c4a2fcb7970138239f7e404ea75757b1b507b28b5ce4c53fbd62d797c5a7c?s=96&d=mm&r=g\",\"caption\":\"Villasmil Henry\"},\"logo\":{\"@id\":\"https:\\\/\\\/secure.gravatar.com\\\/avatar\\\/bb0c4a2fcb7970138239f7e404ea75757b1b507b28b5ce4c53fbd62d797c5a7c?s=96&d=mm&r=g\"},\"sameAs\":[\"http:\\\/\\\/www.henryvillasmil.com.ve\",\"https:\\\/\\\/www.instagram.com\\\/villasmilhfoto\\\/\",\"https:\\\/\\\/x.com\\\/https:\\\/\\\/twitter.com\\\/villasmilhfoto\"],\"url\":\"https:\\\/\\\/digital58.com.ve\\\/site\\\/author\\\/droopy_68\\\/\"}]}<\/script>\n<!-- \/ Yoast SEO plugin. -->","yoast_head_json":{"title":"Ecuador anunciar\u00e1 este mes su plan de regularizaci\u00f3n de migrantes venezolanos","description":"Mundo","robots":{"index":"index","follow":"follow","max-snippet":"max-snippet:-1","max-image-preview":"max-image-preview:large","max-video-preview":"max-video-preview:-1"},"canonical":"https:\/\/digital58.com.ve\/site\/2022\/01\/10\/ecuador-anunciara-este-mes-su-plan-de-regularizacion-de-migrantes-venezolanos\/","og_locale":"es_ES","og_type":"article","og_title":"Ecuador anunciar\u00e1 este mes su plan de regularizaci\u00f3n de migrantes venezolanos","og_description":"Mundo","og_url":"https:\/\/digital58.com.ve\/site\/2022\/01\/10\/ecuador-anunciara-este-mes-su-plan-de-regularizacion-de-migrantes-venezolanos\/","og_site_name":"Noticias Digital58","article_published_time":"2022-01-10T13:48:48+00:00","article_modified_time":"2022-01-10T13:49:41+00:00","og_image":[{"width":900,"height":675,"url":"https:\/\/digital58.com.ve\/site\/wp-content\/uploads\/2021\/02\/migrantes-venezolanos.jpg","type":"image\/jpeg"}],"author":"Villasmil Henry","twitter_card":"summary_large_image","twitter_creator":"@https:\/\/twitter.com\/villasmilhfoto","twitter_site":"@villasmilhfoto","twitter_misc":{"Escrito por":"Villasmil Henry","Tiempo estimado de lectura":"3 minutos"},"schema":{"@context":"https:\/\/schema.org","@graph":[{"@type":"Article","@id":"https:\/\/digital58.com.ve\/site\/2022\/01\/10\/ecuador-anunciara-este-mes-su-plan-de-regularizacion-de-migrantes-venezolanos\/#article","isPartOf":{"@id":"https:\/\/digital58.com.ve\/site\/2022\/01\/10\/ecuador-anunciara-este-mes-su-plan-de-regularizacion-de-migrantes-venezolanos\/"},"author":{"name":"Villasmil Henry","@id":"https:\/\/digital58.com.ve\/site\/#\/schema\/person\/64d1c2e4d0d4fd1b849980c4331c2951"},"headline":"Ecuador anunciar\u00e1 este mes su plan de regularizaci\u00f3n de migrantes venezolanos","datePublished":"2022-01-10T13:48:48+00:00","dateModified":"2022-01-10T13:49:41+00:00","mainEntityOfPage":{"@id":"https:\/\/digital58.com.ve\/site\/2022\/01\/10\/ecuador-anunciara-este-mes-su-plan-de-regularizacion-de-migrantes-venezolanos\/"},"wordCount":490,"commentCount":0,"publisher":{"@id":"https:\/\/digital58.com.ve\/site\/#\/schema\/person\/64d1c2e4d0d4fd1b849980c4331c2951"},"image":{"@id":"https:\/\/digital58.com.ve\/site\/2022\/01\/10\/ecuador-anunciara-este-mes-su-plan-de-regularizacion-de-migrantes-venezolanos\/#primaryimage"},"thumbnailUrl":"https:\/\/digital58.com.ve\/site\/wp-content\/uploads\/2021\/02\/migrantes-venezolanos.jpg","keywords":["Ecuador","Guillermo Lasso","Internacionales","Juan Carlos Holgu\u00edn","Migrantes venezolanos","ministro de Exteriores de Ecuador","Naciones Unidas","Plan de regularizaci\u00f3n de migrantes venezolanos","Venezolanos en el Extranjero"],"articleSection":["Mundo"],"inLanguage":"es","potentialAction":[{"@type":"CommentAction","name":"Comment","target":["https:\/\/digital58.com.ve\/site\/2022\/01\/10\/ecuador-anunciara-este-mes-su-plan-de-regularizacion-de-migrantes-venezolanos\/#respond"]}]},{"@type":"WebPage","@id":"https:\/\/digital58.com.ve\/site\/2022\/01\/10\/ecuador-anunciara-este-mes-su-plan-de-regularizacion-de-migrantes-venezolanos\/","url":"https:\/\/digital58.com.ve\/site\/2022\/01\/10\/ecuador-anunciara-este-mes-su-plan-de-regularizacion-de-migrantes-venezolanos\/","name":"Ecuador anunciar\u00e1 este mes su plan de regularizaci\u00f3n de migrantes venezolanos","isPartOf":{"@id":"https:\/\/digital58.com.ve\/site\/#website"},"primaryImageOfPage":{"@id":"https:\/\/digital58.com.ve\/site\/2022\/01\/10\/ecuador-anunciara-este-mes-su-plan-de-regularizacion-de-migrantes-venezolanos\/#primaryimage"},"image":{"@id":"https:\/\/digital58.com.ve\/site\/2022\/01\/10\/ecuador-anunciara-este-mes-su-plan-de-regularizacion-de-migrantes-venezolanos\/#primaryimage"},"thumbnailUrl":"https:\/\/digital58.com.ve\/site\/wp-content\/uploads\/2021\/02\/migrantes-venezolanos.jpg","datePublished":"2022-01-10T13:48:48+00:00","dateModified":"2022-01-10T13:49:41+00:00","description":"Mundo","breadcrumb":{"@id":"https:\/\/digital58.com.ve\/site\/2022\/01\/10\/ecuador-anunciara-este-mes-su-plan-de-regularizacion-de-migrantes-venezolanos\/#breadcrumb"},"inLanguage":"es","potentialAction":[{"@type":"ReadAction","target":["https:\/\/digital58.com.ve\/site\/2022\/01\/10\/ecuador-anunciara-este-mes-su-plan-de-regularizacion-de-migrantes-venezolanos\/"]}]},{"@type":"ImageObject","inLanguage":"es","@id":"https:\/\/digital58.com.ve\/site\/2022\/01\/10\/ecuador-anunciara-este-mes-su-plan-de-regularizacion-de-migrantes-venezolanos\/#primaryimage","url":"https:\/\/digital58.com.ve\/site\/wp-content\/uploads\/2021\/02\/migrantes-venezolanos.jpg","contentUrl":"https:\/\/digital58.com.ve\/site\/wp-content\/uploads\/2021\/02\/migrantes-venezolanos.jpg","width":800,"height":600},{"@type":"BreadcrumbList","@id":"https:\/\/digital58.com.ve\/site\/2022\/01\/10\/ecuador-anunciara-este-mes-su-plan-de-regularizacion-de-migrantes-venezolanos\/#breadcrumb","itemListElement":[{"@type":"ListItem","position":1,"name":"Home","item":"https:\/\/digital58.com.ve\/site\/"},{"@type":"ListItem","position":2,"name":"Ecuador anunciar\u00e1 este mes su plan de regularizaci\u00f3n de migrantes venezolanos"}]},{"@type":"WebSite","@id":"https:\/\/digital58.com.ve\/site\/#website","url":"https:\/\/digital58.com.ve\/site\/","name":"Noticias Digital58","description":"Portal de Noticias \u00a1Periodismo web de verdad! Lanzamiento web 22.11.2005 \/ Maracaibo, Venezuela","publisher":{"@id":"https:\/\/digital58.com.ve\/site\/#\/schema\/person\/64d1c2e4d0d4fd1b849980c4331c2951"},"alternateName":"ND58","potentialAction":[{"@type":"SearchAction","target":{"@type":"EntryPoint","urlTemplate":"https:\/\/digital58.com.ve\/site\/?s={search_term_string}"},"query-input":{"@type":"PropertyValueSpecification","valueRequired":true,"valueName":"search_term_string"}}],"inLanguage":"es"},{"@type":["Person","Organization"],"@id":"https:\/\/digital58.com.ve\/site\/#\/schema\/person\/64d1c2e4d0d4fd1b849980c4331c2951","name":"Villasmil Henry","image":{"@type":"ImageObject","inLanguage":"es","@id":"https:\/\/secure.gravatar.com\/avatar\/bb0c4a2fcb7970138239f7e404ea75757b1b507b28b5ce4c53fbd62d797c5a7c?s=96&d=mm&r=g","url":"https:\/\/secure.gravatar.com\/avatar\/bb0c4a2fcb7970138239f7e404ea75757b1b507b28b5ce4c53fbd62d797c5a7c?s=96&d=mm&r=g","contentUrl":"https:\/\/secure.gravatar.com\/avatar\/bb0c4a2fcb7970138239f7e404ea75757b1b507b28b5ce4c53fbd62d797c5a7c?s=96&d=mm&r=g","caption":"Villasmil Henry"},"logo":{"@id":"https:\/\/secure.gravatar.com\/avatar\/bb0c4a2fcb7970138239f7e404ea75757b1b507b28b5ce4c53fbd62d797c5a7c?s=96&d=mm&r=g"},"sameAs":["http:\/\/www.henryvillasmil.com.ve","https:\/\/www.instagram.com\/villasmilhfoto\/","https:\/\/x.com\/https:\/\/twitter.com\/villasmilhfoto"],"url":"https:\/\/digital58.com.ve\/site\/author\/droopy_68\/"}]}},"uagb_featured_image_src":{"full":["https:\/\/digital58.com.ve\/site\/wp-content\/uploads\/2021\/02\/migrantes-venezolanos.jpg",800,600,false],"thumbnail":["https:\/\/digital58.com.ve\/site\/wp-content\/uploads\/2021\/02\/migrantes-venezolanos-150x150.jpg",150,150,true],"medium":["https:\/\/digital58.com.ve\/site\/wp-content\/uploads\/2021\/02\/migrantes-venezolanos-300x225.jpg",300,225,true],"medium_large":["https:\/\/digital58.com.ve\/site\/wp-content\/uploads\/2021\/02\/migrantes-venezolanos-768x576.jpg",768,576,true],"large":["https:\/\/digital58.com.ve\/site\/wp-content\/uploads\/2021\/02\/migrantes-venezolanos.jpg",800,600,false],"1536x1536":["https:\/\/digital58.com.ve\/site\/wp-content\/uploads\/2021\/02\/migrantes-venezolanos.jpg",800,600,false],"2048x2048":["https:\/\/digital58.com.ve\/site\/wp-content\/uploads\/2021\/02\/migrantes-venezolanos.jpg",800,600,false],"colormag-highlighted-post":["https:\/\/digital58.com.ve\/site\/wp-content\/uploads\/2021\/02\/migrantes-venezolanos.jpg",363,272,false],"colormag-featured-post-medium":["https:\/\/digital58.com.ve\/site\/wp-content\/uploads\/2021\/02\/migrantes-venezolanos.jpg",273,205,false],"colormag-featured-post-small":["https:\/\/digital58.com.ve\/site\/wp-content\/uploads\/2021\/02\/migrantes-venezolanos.jpg",120,90,false],"colormag-featured-image":["https:\/\/digital58.com.ve\/site\/wp-content\/uploads\/2021\/02\/migrantes-venezolanos.jpg",593,445,false],"colormag-default-news":["https:\/\/digital58.com.ve\/site\/wp-content\/uploads\/2021\/02\/migrantes-venezolanos.jpg",150,113,false],"colormag-featured-image-large":["https:\/\/digital58.com.ve\/site\/wp-content\/uploads\/2021\/02\/migrantes-venezolanos.jpg",800,600,false]},"uagb_author_info":{"display_name":"Villasmil Henry","author_link":"https:\/\/digital58.com.ve\/site\/author\/droopy_68\/"},"uagb_comment_info":0,"uagb_excerpt":"El Gobierno ecuatoriano tiene previsto anunciar este mes su plan de regularizaci\u00f3n para la migraci\u00f3n venezolana, un proyecto en el","_links":{"self":[{"href":"https:\/\/digital58.com.ve\/site\/wp-json\/wp\/v2\/posts\/146277","targetHints":{"allow":["GET"]}}],"collection":[{"href":"https:\/\/digital58.com.ve\/site\/wp-json\/wp\/v2\/posts"}],"about":[{"href":"https:\/\/digital58.com.ve\/site\/wp-json\/wp\/v2\/types\/post"}],"author":[{"embeddable":true,"href":"https:\/\/digital58.com.ve\/site\/wp-json\/wp\/v2\/users\/1"}],"replies":[{"embeddable":true,"href":"https:\/\/digital58.com.ve\/site\/wp-json\/wp\/v2\/comments?post=146277"}],"version-history":[{"count":0,"href":"https:\/\/digital58.com.ve\/site\/wp-json\/wp\/v2\/posts\/146277\/revisions"}],"wp:featuredmedia":[{"embeddable":true,"href":"https:\/\/digital58.com.ve\/site\/wp-json\/wp\/v2\/media\/135526"}],"wp:attachment":[{"href":"https:\/\/digital58.com.ve\/site\/wp-json\/wp\/v2\/media?parent=146277"}],"wp:term":[{"taxonomy":"category","embeddable":true,"href":"https:\/\/digital58.com.ve\/site\/wp-json\/wp\/v2\/categories?post=146277"},{"taxonomy":"post_tag","embeddable":true,"href":"https:\/\/digital58.com.ve\/site\/wp-json\/wp\/v2\/tags?post=146277"}],"curies":[{"name":"wp","href":"https:\/\/api.w.org\/{rel}","templated":true}]}}