{"id":146310,"date":"2022-01-10T11:51:18","date_gmt":"2022-01-10T15:51:18","guid":{"rendered":"https:\/\/digital58.com.ve\/site\/?p=146310"},"modified":"2022-01-10T11:51:18","modified_gmt":"2022-01-10T15:51:18","slug":"julio-castro-sugirio-que-se-hagan-restricciones-focales-y-no-retornar-al-esquema-7-7","status":"publish","type":"post","link":"https:\/\/digital58.com.ve\/site\/2022\/01\/10\/julio-castro-sugirio-que-se-hagan-restricciones-focales-y-no-retornar-al-esquema-7-7\/","title":{"rendered":"Julio Castro sugiri\u00f3 que se hagan restricciones focales y no retornar al esquema 7 + 7"},"content":{"rendered":"<p>Julio Castro, internista e infect\u00f3logo, sugiri\u00f3 que se hagan restricciones focales y que no se retornara al esquema 7 + 7.<\/p>\n<p>Indic\u00f3 que se deben tomar medidas de restricciones en los sitios donde aumenten los casos de Covid-19 en Venezuela pero no medidas lineales para todo el pa\u00eds como el esquema 7+7.<\/p>\n<p><img loading=\"lazy\" decoding=\"async\" class=\"aligncenter size-full wp-image-145928\" src=\"https:\/\/digital58.com.ve\/site\/wp-content\/uploads\/2022\/01\/JULIO-CASTRO-.jpg\" alt=\"\" width=\"1200\" height=\"800\" srcset=\"https:\/\/digital58.com.ve\/site\/wp-content\/uploads\/2022\/01\/JULIO-CASTRO-.jpg 800w, https:\/\/digital58.com.ve\/site\/wp-content\/uploads\/2022\/01\/JULIO-CASTRO--300x200.jpg 300w, https:\/\/digital58.com.ve\/site\/wp-content\/uploads\/2022\/01\/JULIO-CASTRO--768x512.jpg 768w, https:\/\/digital58.com.ve\/site\/wp-content\/uploads\/2022\/01\/JULIO-CASTRO--720x480.jpg 720w, https:\/\/digital58.com.ve\/site\/wp-content\/uploads\/2022\/01\/JULIO-CASTRO--480x320.jpg 480w\" sizes=\"auto, (max-width: 1200px) 100vw, 1200px\" \/><\/p>\n<p><strong>Caracas, Distrito Capital, 10 de enero, 2022 (ND58).- <\/strong>Castro resalt\u00f3 que en las encuestas mensuales que realiza, para noviembre, 60% de los adultos en Venezuela tienen dos dosis de vacunas contra la Covid-19.<\/p>\n<p>Tambi\u00e9n destac\u00f3 que pocos venezolanos tienen dosis de refuerzo.<\/p>\n<p>Asegur\u00f3 que este es el peor momento de la pandemia pero con la menor cantidad de muertos.<\/p>\n<p>\u00abEl mundo tiene en este momento un record de n\u00famero de casos\u00bb a\u00f1adi\u00f3. El infect\u00f3logo insisti\u00f3 en el aumento sincr\u00f3nico de casos en los cinco continentes.<\/p>\n<p>\u00abEsto tiene una sola explicaci\u00f3n, \u00d3micron avanz\u00f3 en el mundo entero muy r\u00e1pidamente\u00bb acot\u00f3.<\/p>\n<p>Castro enfatiz\u00f3 que el virus no se est\u00e1 debilitando con la variante \u00d3micron, solo que esta mutaci\u00f3n dio menos mortalidad, afirmando as\u00ed que pueden venir variantes que si traigan mayor mortalidad.<\/p>\n<p>\u00abNo debemos minimizar el hecho de que \u00d3micron sea menos letal, este aumento de transmisibilidad es preocupante\u00bb se\u00f1al\u00f3.<br \/>\nRecalc\u00f3 que el aumento de la transmisibilidad que trae esta variante genera tanta cantidad de enfermos que los sistemas de salud robustos en el mundo empiezan a colapsar.<\/p>\n<p>\u00abCuando hay una afluencia masiva de pacientes, la calidad de la atenci\u00f3n se deteriora y eso genera m\u00e1s mortalidad por tener las emergencia y terapias intensivas llenas, generando una carga extra en la mortalidad no asociada al virus\u00bb dijo.<\/p>\n<p>El internista explic\u00f3 que as\u00ed como apareci\u00f3 muy r\u00e1pido, probablemente desaparezca muy r\u00e1pido aproximadamente un mes m\u00e1s<\/p>\n<p>\u00abProbablemente para verano haya otra variante porque estas se producen cuando hay mayor transmisibilidad\u00bb<\/p>\n<p>Inform\u00f3 que aunque se tengan anticuerpos por vacunaci\u00f3n o infecci\u00f3n reciente, \u00d3micron tiene capacidad de evasi\u00f3n de inmunidad mayor que el resto.<\/p><div class=\"wnzzx69f0c77aafaf5\" ><p style=\"text-align: center;\"><a href=\"https:\/\/t.me\/noticiasdigital58\" target=\"_blank\" rel=\"noopener\"><img class=\"aligncenter size-full wp-image-125363\" src=\"https:\/\/digital58.com.ve\/site\/wp-content\/uploads\/2021\/04\/banner-telegram-web-2021.png\" alt=\"\" width=\"600\" height=\"90\" \/><\/a><\/p><\/div><style type=\"text\/css\">\r\n@media screen and (min-width: 1201px) {\r\n.wnzzx69f0c77aafaf5 {\r\ndisplay: block;\r\n}\r\n}\r\n@media screen and (min-width: 993px) and (max-width: 1200px) {\r\n.wnzzx69f0c77aafaf5 {\r\ndisplay: block;\r\n}\r\n}\r\n@media screen and (min-width: 769px) and (max-width: 992px) {\r\n.wnzzx69f0c77aafaf5 {\r\ndisplay: block;\r\n}\r\n}\r\n@media screen and (min-width: 768px) and (max-width: 768px) {\r\n.wnzzx69f0c77aafaf5 {\r\ndisplay: block;\r\n}\r\n}\r\n@media screen and (max-width: 767px) {\r\n.wnzzx69f0c77aafaf5 {\r\ndisplay: block;\r\n}\r\n}\r\n<\/style>\r\n\n<p><strong>Redacci\u00f3n ND58 | Fuente: Uni\u00f3n Radio<\/strong><br \/>\n<strong>Edici\u00f3n: \u00c1\u00f1ez, Caren<\/strong><br \/>\n<strong>Gr\u00e1fica: Cortes\u00eda<\/strong><\/p>\n<div style=\"margin-top: 0px; margin-bottom: 0px;\" class=\"sharethis-inline-share-buttons\" ><\/div>","protected":false},"excerpt":{"rendered":"<p>Julio Castro, internista e infect\u00f3logo, sugiri\u00f3 que se hagan restricciones focales y que no se retornara al esquema 7 +<\/p>\n","protected":false},"author":39,"featured_media":145927,"comment_status":"open","ping_status":"closed","sticky":false,"template":"","format":"standard","meta":{"colormag_page_container_layout":"default_layout","colormag_page_sidebar_layout":"default_layout","_uag_custom_page_level_css":"","footnotes":""},"categories":[5405],"tags":[13648,18363,16042,26114,550,13723,4567,2507,32],"class_list":["post-146310","post","type-post","status-publish","format-standard","has-post-thumbnail","hentry","category-salud","tag-covid-19","tag-julio-castro","tag-metodo-77","tag-omicron","tag-oms","tag-pandemia","tag-refuerzos","tag-vacuna","tag-venezuela"],"yoast_head":"<!-- This site is optimized with the Yoast SEO plugin v27.5 - https:\/\/yoast.com\/product\/yoast-seo-wordpress\/ -->\n<title>Julio Castro sugiri\u00f3 que se hagan restricciones focales y no retornar al esquema 7 + 7<\/title>\n<meta name=\"description\" content=\"Salud\" \/>\n<meta name=\"robots\" content=\"index, follow, max-snippet:-1, max-image-preview:large, max-video-preview:-1\" \/>\n<link rel=\"canonical\" href=\"https:\/\/digital58.com.ve\/site\/2022\/01\/10\/julio-castro-sugirio-que-se-hagan-restricciones-focales-y-no-retornar-al-esquema-7-7\/\" \/>\n<meta property=\"og:locale\" content=\"es_ES\" \/>\n<meta property=\"og:type\" content=\"article\" \/>\n<meta property=\"og:title\" content=\"Julio Castro sugiri\u00f3 que se hagan restricciones focales y no retornar al esquema 7 + 7\" \/>\n<meta property=\"og:description\" content=\"Salud\" \/>\n<meta property=\"og:url\" content=\"https:\/\/digital58.com.ve\/site\/2022\/01\/10\/julio-castro-sugirio-que-se-hagan-restricciones-focales-y-no-retornar-al-esquema-7-7\/\" \/>\n<meta property=\"og:site_name\" content=\"Noticias Digital58\" \/>\n<meta property=\"article:published_time\" content=\"2022-01-10T15:51:18+00:00\" \/>\n<meta property=\"og:image\" content=\"https:\/\/digital58.com.ve\/site\/wp-content\/uploads\/2022\/01\/julio-mendez-e1641296871581.jpg\" \/>\n\t<meta property=\"og:image:width\" content=\"1200\" \/>\n\t<meta property=\"og:image:height\" content=\"800\" \/>\n\t<meta property=\"og:image:type\" content=\"image\/jpeg\" \/>\n<meta name=\"author\" content=\"Caren A\u00f1ez\" \/>\n<meta name=\"twitter:card\" content=\"summary_large_image\" \/>\n<meta name=\"twitter:creator\" content=\"@carenanez\" \/>\n<meta name=\"twitter:site\" content=\"@villasmilhfoto\" \/>\n<meta name=\"twitter:label1\" content=\"Escrito por\" \/>\n\t<meta name=\"twitter:data1\" content=\"Caren A\u00f1ez\" \/>\n\t<meta name=\"twitter:label2\" content=\"Tiempo estimado de lectura\" \/>\n\t<meta name=\"twitter:data2\" content=\"2 minutos\" \/>\n<script type=\"application\/ld+json\" class=\"yoast-schema-graph\">{\"@context\":\"https:\\\/\\\/schema.org\",\"@graph\":[{\"@type\":\"Article\",\"@id\":\"https:\\\/\\\/digital58.com.ve\\\/site\\\/2022\\\/01\\\/10\\\/julio-castro-sugirio-que-se-hagan-restricciones-focales-y-no-retornar-al-esquema-7-7\\\/#article\",\"isPartOf\":{\"@id\":\"https:\\\/\\\/digital58.com.ve\\\/site\\\/2022\\\/01\\\/10\\\/julio-castro-sugirio-que-se-hagan-restricciones-focales-y-no-retornar-al-esquema-7-7\\\/\"},\"author\":{\"name\":\"Caren A\u00f1ez\",\"@id\":\"https:\\\/\\\/digital58.com.ve\\\/site\\\/#\\\/schema\\\/person\\\/38596b127602deaa13fbcd7585635238\"},\"headline\":\"Julio Castro sugiri\u00f3 que se hagan restricciones focales y no retornar al esquema 7 + 7\",\"datePublished\":\"2022-01-10T15:51:18+00:00\",\"mainEntityOfPage\":{\"@id\":\"https:\\\/\\\/digital58.com.ve\\\/site\\\/2022\\\/01\\\/10\\\/julio-castro-sugirio-que-se-hagan-restricciones-focales-y-no-retornar-al-esquema-7-7\\\/\"},\"wordCount\":361,\"commentCount\":0,\"publisher\":{\"@id\":\"https:\\\/\\\/digital58.com.ve\\\/site\\\/#\\\/schema\\\/person\\\/64d1c2e4d0d4fd1b849980c4331c2951\"},\"image\":{\"@id\":\"https:\\\/\\\/digital58.com.ve\\\/site\\\/2022\\\/01\\\/10\\\/julio-castro-sugirio-que-se-hagan-restricciones-focales-y-no-retornar-al-esquema-7-7\\\/#primaryimage\"},\"thumbnailUrl\":\"https:\\\/\\\/digital58.com.ve\\\/site\\\/wp-content\\\/uploads\\\/2022\\\/01\\\/julio-mendez-e1641296871581.jpg\",\"keywords\":[\"COVID-19\",\"Julio Castro\",\"M\u00e9todo 7+7\",\"Omicron\",\"OMS\",\"Pandemia\",\"Refuerzos\",\"Vacuna\",\"Venezuela\"],\"articleSection\":[\"Salud\"],\"inLanguage\":\"es\",\"potentialAction\":[{\"@type\":\"CommentAction\",\"name\":\"Comment\",\"target\":[\"https:\\\/\\\/digital58.com.ve\\\/site\\\/2022\\\/01\\\/10\\\/julio-castro-sugirio-que-se-hagan-restricciones-focales-y-no-retornar-al-esquema-7-7\\\/#respond\"]}]},{\"@type\":\"WebPage\",\"@id\":\"https:\\\/\\\/digital58.com.ve\\\/site\\\/2022\\\/01\\\/10\\\/julio-castro-sugirio-que-se-hagan-restricciones-focales-y-no-retornar-al-esquema-7-7\\\/\",\"url\":\"https:\\\/\\\/digital58.com.ve\\\/site\\\/2022\\\/01\\\/10\\\/julio-castro-sugirio-que-se-hagan-restricciones-focales-y-no-retornar-al-esquema-7-7\\\/\",\"name\":\"Julio Castro sugiri\u00f3 que se hagan restricciones focales y no retornar al esquema 7 + 7\",\"isPartOf\":{\"@id\":\"https:\\\/\\\/digital58.com.ve\\\/site\\\/#website\"},\"primaryImageOfPage\":{\"@id\":\"https:\\\/\\\/digital58.com.ve\\\/site\\\/2022\\\/01\\\/10\\\/julio-castro-sugirio-que-se-hagan-restricciones-focales-y-no-retornar-al-esquema-7-7\\\/#primaryimage\"},\"image\":{\"@id\":\"https:\\\/\\\/digital58.com.ve\\\/site\\\/2022\\\/01\\\/10\\\/julio-castro-sugirio-que-se-hagan-restricciones-focales-y-no-retornar-al-esquema-7-7\\\/#primaryimage\"},\"thumbnailUrl\":\"https:\\\/\\\/digital58.com.ve\\\/site\\\/wp-content\\\/uploads\\\/2022\\\/01\\\/julio-mendez-e1641296871581.jpg\",\"datePublished\":\"2022-01-10T15:51:18+00:00\",\"description\":\"Salud\",\"breadcrumb\":{\"@id\":\"https:\\\/\\\/digital58.com.ve\\\/site\\\/2022\\\/01\\\/10\\\/julio-castro-sugirio-que-se-hagan-restricciones-focales-y-no-retornar-al-esquema-7-7\\\/#breadcrumb\"},\"inLanguage\":\"es\",\"potentialAction\":[{\"@type\":\"ReadAction\",\"target\":[\"https:\\\/\\\/digital58.com.ve\\\/site\\\/2022\\\/01\\\/10\\\/julio-castro-sugirio-que-se-hagan-restricciones-focales-y-no-retornar-al-esquema-7-7\\\/\"]}]},{\"@type\":\"ImageObject\",\"inLanguage\":\"es\",\"@id\":\"https:\\\/\\\/digital58.com.ve\\\/site\\\/2022\\\/01\\\/10\\\/julio-castro-sugirio-que-se-hagan-restricciones-focales-y-no-retornar-al-esquema-7-7\\\/#primaryimage\",\"url\":\"https:\\\/\\\/digital58.com.ve\\\/site\\\/wp-content\\\/uploads\\\/2022\\\/01\\\/julio-mendez-e1641296871581.jpg\",\"contentUrl\":\"https:\\\/\\\/digital58.com.ve\\\/site\\\/wp-content\\\/uploads\\\/2022\\\/01\\\/julio-mendez-e1641296871581.jpg\",\"width\":800,\"height\":533},{\"@type\":\"BreadcrumbList\",\"@id\":\"https:\\\/\\\/digital58.com.ve\\\/site\\\/2022\\\/01\\\/10\\\/julio-castro-sugirio-que-se-hagan-restricciones-focales-y-no-retornar-al-esquema-7-7\\\/#breadcrumb\",\"itemListElement\":[{\"@type\":\"ListItem\",\"position\":1,\"name\":\"Home\",\"item\":\"https:\\\/\\\/digital58.com.ve\\\/site\\\/\"},{\"@type\":\"ListItem\",\"position\":2,\"name\":\"Julio Castro sugiri\u00f3 que se hagan restricciones focales y no retornar al esquema 7 + 7\"}]},{\"@type\":\"WebSite\",\"@id\":\"https:\\\/\\\/digital58.com.ve\\\/site\\\/#website\",\"url\":\"https:\\\/\\\/digital58.com.ve\\\/site\\\/\",\"name\":\"Noticias Digital58\",\"description\":\"Portal de Noticias \u00a1Periodismo web de verdad! Lanzamiento web 22.11.2005 \\\/ Maracaibo, Venezuela\",\"publisher\":{\"@id\":\"https:\\\/\\\/digital58.com.ve\\\/site\\\/#\\\/schema\\\/person\\\/64d1c2e4d0d4fd1b849980c4331c2951\"},\"alternateName\":\"ND58\",\"potentialAction\":[{\"@type\":\"SearchAction\",\"target\":{\"@type\":\"EntryPoint\",\"urlTemplate\":\"https:\\\/\\\/digital58.com.ve\\\/site\\\/?s={search_term_string}\"},\"query-input\":{\"@type\":\"PropertyValueSpecification\",\"valueRequired\":true,\"valueName\":\"search_term_string\"}}],\"inLanguage\":\"es\"},{\"@type\":[\"Person\",\"Organization\"],\"@id\":\"https:\\\/\\\/digital58.com.ve\\\/site\\\/#\\\/schema\\\/person\\\/64d1c2e4d0d4fd1b849980c4331c2951\",\"name\":\"Villasmil Henry\",\"image\":{\"@type\":\"ImageObject\",\"inLanguage\":\"es\",\"@id\":\"https:\\\/\\\/secure.gravatar.com\\\/avatar\\\/bb0c4a2fcb7970138239f7e404ea75757b1b507b28b5ce4c53fbd62d797c5a7c?s=96&d=mm&r=g\",\"url\":\"https:\\\/\\\/secure.gravatar.com\\\/avatar\\\/bb0c4a2fcb7970138239f7e404ea75757b1b507b28b5ce4c53fbd62d797c5a7c?s=96&d=mm&r=g\",\"contentUrl\":\"https:\\\/\\\/secure.gravatar.com\\\/avatar\\\/bb0c4a2fcb7970138239f7e404ea75757b1b507b28b5ce4c53fbd62d797c5a7c?s=96&d=mm&r=g\",\"caption\":\"Villasmil Henry\"},\"logo\":{\"@id\":\"https:\\\/\\\/secure.gravatar.com\\\/avatar\\\/bb0c4a2fcb7970138239f7e404ea75757b1b507b28b5ce4c53fbd62d797c5a7c?s=96&d=mm&r=g\"},\"sameAs\":[\"http:\\\/\\\/www.henryvillasmil.com.ve\",\"https:\\\/\\\/www.instagram.com\\\/villasmilhfoto\\\/\",\"https:\\\/\\\/x.com\\\/https:\\\/\\\/twitter.com\\\/villasmilhfoto\"]},{\"@type\":\"Person\",\"@id\":\"https:\\\/\\\/digital58.com.ve\\\/site\\\/#\\\/schema\\\/person\\\/38596b127602deaa13fbcd7585635238\",\"name\":\"Caren A\u00f1ez\",\"image\":{\"@type\":\"ImageObject\",\"inLanguage\":\"es\",\"@id\":\"https:\\\/\\\/secure.gravatar.com\\\/avatar\\\/53aadd693aa414991c9ff2f2b19c39be94d2c342463b80f5402d344911bc9782?s=96&d=mm&r=g\",\"url\":\"https:\\\/\\\/secure.gravatar.com\\\/avatar\\\/53aadd693aa414991c9ff2f2b19c39be94d2c342463b80f5402d344911bc9782?s=96&d=mm&r=g\",\"contentUrl\":\"https:\\\/\\\/secure.gravatar.com\\\/avatar\\\/53aadd693aa414991c9ff2f2b19c39be94d2c342463b80f5402d344911bc9782?s=96&d=mm&r=g\",\"caption\":\"Caren A\u00f1ez\"},\"description\":\"\ud83d\udc69\u200d\ud83c\udfa4Editora en @digital_58 \ud83d\udc69\ud83c\udffb\u200d\ud83c\udfebPeriodista musical y de entretenimiento. \ud83d\udcf8Fotografa \ud83d\udc69\ud83c\udffb\u200d\ud83d\udcbbMedia Management. \ud83d\udc69\u200d\ud83d\udc67\u200d\ud83d\udc67AspieMon 24\\\/7\",\"sameAs\":[\"https:\\\/\\\/www.instagram.com\\\/carenanez\\\/\",\"https:\\\/\\\/x.com\\\/carenanez\"],\"url\":\"https:\\\/\\\/digital58.com.ve\\\/site\\\/author\\\/carena21\\\/\"}]}<\/script>\n<!-- \/ Yoast SEO plugin. -->","yoast_head_json":{"title":"Julio Castro sugiri\u00f3 que se hagan restricciones focales y no retornar al esquema 7 + 7","description":"Salud","robots":{"index":"index","follow":"follow","max-snippet":"max-snippet:-1","max-image-preview":"max-image-preview:large","max-video-preview":"max-video-preview:-1"},"canonical":"https:\/\/digital58.com.ve\/site\/2022\/01\/10\/julio-castro-sugirio-que-se-hagan-restricciones-focales-y-no-retornar-al-esquema-7-7\/","og_locale":"es_ES","og_type":"article","og_title":"Julio Castro sugiri\u00f3 que se hagan restricciones focales y no retornar al esquema 7 + 7","og_description":"Salud","og_url":"https:\/\/digital58.com.ve\/site\/2022\/01\/10\/julio-castro-sugirio-que-se-hagan-restricciones-focales-y-no-retornar-al-esquema-7-7\/","og_site_name":"Noticias Digital58","article_published_time":"2022-01-10T15:51:18+00:00","og_image":[{"width":1200,"height":800,"url":"https:\/\/digital58.com.ve\/site\/wp-content\/uploads\/2022\/01\/julio-mendez-e1641296871581.jpg","type":"image\/jpeg"}],"author":"Caren A\u00f1ez","twitter_card":"summary_large_image","twitter_creator":"@carenanez","twitter_site":"@villasmilhfoto","twitter_misc":{"Escrito por":"Caren A\u00f1ez","Tiempo estimado de lectura":"2 minutos"},"schema":{"@context":"https:\/\/schema.org","@graph":[{"@type":"Article","@id":"https:\/\/digital58.com.ve\/site\/2022\/01\/10\/julio-castro-sugirio-que-se-hagan-restricciones-focales-y-no-retornar-al-esquema-7-7\/#article","isPartOf":{"@id":"https:\/\/digital58.com.ve\/site\/2022\/01\/10\/julio-castro-sugirio-que-se-hagan-restricciones-focales-y-no-retornar-al-esquema-7-7\/"},"author":{"name":"Caren A\u00f1ez","@id":"https:\/\/digital58.com.ve\/site\/#\/schema\/person\/38596b127602deaa13fbcd7585635238"},"headline":"Julio Castro sugiri\u00f3 que se hagan restricciones focales y no retornar al esquema 7 + 7","datePublished":"2022-01-10T15:51:18+00:00","mainEntityOfPage":{"@id":"https:\/\/digital58.com.ve\/site\/2022\/01\/10\/julio-castro-sugirio-que-se-hagan-restricciones-focales-y-no-retornar-al-esquema-7-7\/"},"wordCount":361,"commentCount":0,"publisher":{"@id":"https:\/\/digital58.com.ve\/site\/#\/schema\/person\/64d1c2e4d0d4fd1b849980c4331c2951"},"image":{"@id":"https:\/\/digital58.com.ve\/site\/2022\/01\/10\/julio-castro-sugirio-que-se-hagan-restricciones-focales-y-no-retornar-al-esquema-7-7\/#primaryimage"},"thumbnailUrl":"https:\/\/digital58.com.ve\/site\/wp-content\/uploads\/2022\/01\/julio-mendez-e1641296871581.jpg","keywords":["COVID-19","Julio Castro","M\u00e9todo 7+7","Omicron","OMS","Pandemia","Refuerzos","Vacuna","Venezuela"],"articleSection":["Salud"],"inLanguage":"es","potentialAction":[{"@type":"CommentAction","name":"Comment","target":["https:\/\/digital58.com.ve\/site\/2022\/01\/10\/julio-castro-sugirio-que-se-hagan-restricciones-focales-y-no-retornar-al-esquema-7-7\/#respond"]}]},{"@type":"WebPage","@id":"https:\/\/digital58.com.ve\/site\/2022\/01\/10\/julio-castro-sugirio-que-se-hagan-restricciones-focales-y-no-retornar-al-esquema-7-7\/","url":"https:\/\/digital58.com.ve\/site\/2022\/01\/10\/julio-castro-sugirio-que-se-hagan-restricciones-focales-y-no-retornar-al-esquema-7-7\/","name":"Julio Castro sugiri\u00f3 que se hagan restricciones focales y no retornar al esquema 7 + 7","isPartOf":{"@id":"https:\/\/digital58.com.ve\/site\/#website"},"primaryImageOfPage":{"@id":"https:\/\/digital58.com.ve\/site\/2022\/01\/10\/julio-castro-sugirio-que-se-hagan-restricciones-focales-y-no-retornar-al-esquema-7-7\/#primaryimage"},"image":{"@id":"https:\/\/digital58.com.ve\/site\/2022\/01\/10\/julio-castro-sugirio-que-se-hagan-restricciones-focales-y-no-retornar-al-esquema-7-7\/#primaryimage"},"thumbnailUrl":"https:\/\/digital58.com.ve\/site\/wp-content\/uploads\/2022\/01\/julio-mendez-e1641296871581.jpg","datePublished":"2022-01-10T15:51:18+00:00","description":"Salud","breadcrumb":{"@id":"https:\/\/digital58.com.ve\/site\/2022\/01\/10\/julio-castro-sugirio-que-se-hagan-restricciones-focales-y-no-retornar-al-esquema-7-7\/#breadcrumb"},"inLanguage":"es","potentialAction":[{"@type":"ReadAction","target":["https:\/\/digital58.com.ve\/site\/2022\/01\/10\/julio-castro-sugirio-que-se-hagan-restricciones-focales-y-no-retornar-al-esquema-7-7\/"]}]},{"@type":"ImageObject","inLanguage":"es","@id":"https:\/\/digital58.com.ve\/site\/2022\/01\/10\/julio-castro-sugirio-que-se-hagan-restricciones-focales-y-no-retornar-al-esquema-7-7\/#primaryimage","url":"https:\/\/digital58.com.ve\/site\/wp-content\/uploads\/2022\/01\/julio-mendez-e1641296871581.jpg","contentUrl":"https:\/\/digital58.com.ve\/site\/wp-content\/uploads\/2022\/01\/julio-mendez-e1641296871581.jpg","width":800,"height":533},{"@type":"BreadcrumbList","@id":"https:\/\/digital58.com.ve\/site\/2022\/01\/10\/julio-castro-sugirio-que-se-hagan-restricciones-focales-y-no-retornar-al-esquema-7-7\/#breadcrumb","itemListElement":[{"@type":"ListItem","position":1,"name":"Home","item":"https:\/\/digital58.com.ve\/site\/"},{"@type":"ListItem","position":2,"name":"Julio Castro sugiri\u00f3 que se hagan restricciones focales y no retornar al esquema 7 + 7"}]},{"@type":"WebSite","@id":"https:\/\/digital58.com.ve\/site\/#website","url":"https:\/\/digital58.com.ve\/site\/","name":"Noticias Digital58","description":"Portal de Noticias \u00a1Periodismo web de verdad! Lanzamiento web 22.11.2005 \/ Maracaibo, Venezuela","publisher":{"@id":"https:\/\/digital58.com.ve\/site\/#\/schema\/person\/64d1c2e4d0d4fd1b849980c4331c2951"},"alternateName":"ND58","potentialAction":[{"@type":"SearchAction","target":{"@type":"EntryPoint","urlTemplate":"https:\/\/digital58.com.ve\/site\/?s={search_term_string}"},"query-input":{"@type":"PropertyValueSpecification","valueRequired":true,"valueName":"search_term_string"}}],"inLanguage":"es"},{"@type":["Person","Organization"],"@id":"https:\/\/digital58.com.ve\/site\/#\/schema\/person\/64d1c2e4d0d4fd1b849980c4331c2951","name":"Villasmil Henry","image":{"@type":"ImageObject","inLanguage":"es","@id":"https:\/\/secure.gravatar.com\/avatar\/bb0c4a2fcb7970138239f7e404ea75757b1b507b28b5ce4c53fbd62d797c5a7c?s=96&d=mm&r=g","url":"https:\/\/secure.gravatar.com\/avatar\/bb0c4a2fcb7970138239f7e404ea75757b1b507b28b5ce4c53fbd62d797c5a7c?s=96&d=mm&r=g","contentUrl":"https:\/\/secure.gravatar.com\/avatar\/bb0c4a2fcb7970138239f7e404ea75757b1b507b28b5ce4c53fbd62d797c5a7c?s=96&d=mm&r=g","caption":"Villasmil Henry"},"logo":{"@id":"https:\/\/secure.gravatar.com\/avatar\/bb0c4a2fcb7970138239f7e404ea75757b1b507b28b5ce4c53fbd62d797c5a7c?s=96&d=mm&r=g"},"sameAs":["http:\/\/www.henryvillasmil.com.ve","https:\/\/www.instagram.com\/villasmilhfoto\/","https:\/\/x.com\/https:\/\/twitter.com\/villasmilhfoto"]},{"@type":"Person","@id":"https:\/\/digital58.com.ve\/site\/#\/schema\/person\/38596b127602deaa13fbcd7585635238","name":"Caren A\u00f1ez","image":{"@type":"ImageObject","inLanguage":"es","@id":"https:\/\/secure.gravatar.com\/avatar\/53aadd693aa414991c9ff2f2b19c39be94d2c342463b80f5402d344911bc9782?s=96&d=mm&r=g","url":"https:\/\/secure.gravatar.com\/avatar\/53aadd693aa414991c9ff2f2b19c39be94d2c342463b80f5402d344911bc9782?s=96&d=mm&r=g","contentUrl":"https:\/\/secure.gravatar.com\/avatar\/53aadd693aa414991c9ff2f2b19c39be94d2c342463b80f5402d344911bc9782?s=96&d=mm&r=g","caption":"Caren A\u00f1ez"},"description":"\ud83d\udc69\u200d\ud83c\udfa4Editora en @digital_58 \ud83d\udc69\ud83c\udffb\u200d\ud83c\udfebPeriodista musical y de entretenimiento. \ud83d\udcf8Fotografa \ud83d\udc69\ud83c\udffb\u200d\ud83d\udcbbMedia Management. \ud83d\udc69\u200d\ud83d\udc67\u200d\ud83d\udc67AspieMon 24\/7","sameAs":["https:\/\/www.instagram.com\/carenanez\/","https:\/\/x.com\/carenanez"],"url":"https:\/\/digital58.com.ve\/site\/author\/carena21\/"}]}},"uagb_featured_image_src":{"full":["https:\/\/digital58.com.ve\/site\/wp-content\/uploads\/2022\/01\/julio-mendez-e1641296871581.jpg",800,533,false],"thumbnail":["https:\/\/digital58.com.ve\/site\/wp-content\/uploads\/2022\/01\/julio-mendez-e1550610853431-150x150.jpg",150,150,true],"medium":["https:\/\/digital58.com.ve\/site\/wp-content\/uploads\/2022\/01\/julio-mendez-e1550610853431-300x200.jpg",300,200,true],"medium_large":["https:\/\/digital58.com.ve\/site\/wp-content\/uploads\/2022\/01\/julio-mendez-e1550610853431-768x512.jpg",768,512,true],"large":["https:\/\/digital58.com.ve\/site\/wp-content\/uploads\/2022\/01\/julio-mendez-e1550610853431-1500x1000.jpg",800,533,true],"1536x1536":["https:\/\/digital58.com.ve\/site\/wp-content\/uploads\/2022\/01\/julio-mendez-e1550610853431-1536x1024.jpg",1536,1024,true],"2048x2048":["https:\/\/digital58.com.ve\/site\/wp-content\/uploads\/2022\/01\/julio-mendez-e1641296871581.jpg",800,533,false],"colormag-highlighted-post":["https:\/\/digital58.com.ve\/site\/wp-content\/uploads\/2022\/01\/julio-mendez-e1641296871581.jpg",392,261,false],"colormag-featured-post-medium":["https:\/\/digital58.com.ve\/site\/wp-content\/uploads\/2022\/01\/julio-mendez-e1641296871581.jpg",308,205,false],"colormag-featured-post-small":["https:\/\/digital58.com.ve\/site\/wp-content\/uploads\/2022\/01\/julio-mendez-e1641296871581.jpg",130,87,false],"colormag-featured-image":["https:\/\/digital58.com.ve\/site\/wp-content\/uploads\/2022\/01\/julio-mendez-e1641296871581.jpg",668,445,false],"colormag-default-news":["https:\/\/digital58.com.ve\/site\/wp-content\/uploads\/2022\/01\/julio-mendez-e1641296871581.jpg",150,100,false],"colormag-featured-image-large":["https:\/\/digital58.com.ve\/site\/wp-content\/uploads\/2022\/01\/julio-mendez-e1641296871581.jpg",800,533,false]},"uagb_author_info":{"display_name":"Caren A\u00f1ez","author_link":"https:\/\/digital58.com.ve\/site\/author\/carena21\/"},"uagb_comment_info":0,"uagb_excerpt":"Julio Castro, internista e infect\u00f3logo, sugiri\u00f3 que se hagan restricciones focales y que no se retornara al esquema 7 +","_links":{"self":[{"href":"https:\/\/digital58.com.ve\/site\/wp-json\/wp\/v2\/posts\/146310","targetHints":{"allow":["GET"]}}],"collection":[{"href":"https:\/\/digital58.com.ve\/site\/wp-json\/wp\/v2\/posts"}],"about":[{"href":"https:\/\/digital58.com.ve\/site\/wp-json\/wp\/v2\/types\/post"}],"author":[{"embeddable":true,"href":"https:\/\/digital58.com.ve\/site\/wp-json\/wp\/v2\/users\/39"}],"replies":[{"embeddable":true,"href":"https:\/\/digital58.com.ve\/site\/wp-json\/wp\/v2\/comments?post=146310"}],"version-history":[{"count":0,"href":"https:\/\/digital58.com.ve\/site\/wp-json\/wp\/v2\/posts\/146310\/revisions"}],"wp:featuredmedia":[{"embeddable":true,"href":"https:\/\/digital58.com.ve\/site\/wp-json\/wp\/v2\/media\/145927"}],"wp:attachment":[{"href":"https:\/\/digital58.com.ve\/site\/wp-json\/wp\/v2\/media?parent=146310"}],"wp:term":[{"taxonomy":"category","embeddable":true,"href":"https:\/\/digital58.com.ve\/site\/wp-json\/wp\/v2\/categories?post=146310"},{"taxonomy":"post_tag","embeddable":true,"href":"https:\/\/digital58.com.ve\/site\/wp-json\/wp\/v2\/tags?post=146310"}],"curies":[{"name":"wp","href":"https:\/\/api.w.org\/{rel}","templated":true}]}}