{"id":146446,"date":"2022-01-12T08:57:30","date_gmt":"2022-01-12T12:57:30","guid":{"rendered":"https:\/\/digital58.com.ve\/site\/?p=146446"},"modified":"2022-01-12T08:57:30","modified_gmt":"2022-01-12T12:57:30","slug":"presidente-maduro-preve-volver-al-metodo-al-77-de-ser-necesario","status":"publish","type":"post","link":"https:\/\/digital58.com.ve\/site\/2022\/01\/12\/presidente-maduro-preve-volver-al-metodo-al-77-de-ser-necesario\/","title":{"rendered":"Presidente Maduro prev\u00e9 volver al m\u00e9todo al 7+7 de ser necesario"},"content":{"rendered":"<p><img loading=\"lazy\" decoding=\"async\" class=\"wp-image-132862 aligncenter\" src=\"https:\/\/digital58.com.ve\/site\/wp-content\/uploads\/2020\/11\/nicolas-maduro-15-11-20-300x200.jpg\" alt=\"\" width=\"674\" height=\"449\" srcset=\"https:\/\/digital58.com.ve\/site\/wp-content\/uploads\/2020\/11\/nicolas-maduro-15-11-20-300x200.jpg 300w, https:\/\/digital58.com.ve\/site\/wp-content\/uploads\/2020\/11\/nicolas-maduro-15-11-20-768x512.jpg 768w, https:\/\/digital58.com.ve\/site\/wp-content\/uploads\/2020\/11\/nicolas-maduro-15-11-20-720x480.jpg 720w, https:\/\/digital58.com.ve\/site\/wp-content\/uploads\/2020\/11\/nicolas-maduro-15-11-20-480x320.jpg 480w, https:\/\/digital58.com.ve\/site\/wp-content\/uploads\/2020\/11\/nicolas-maduro-15-11-20.jpg 800w\" sizes=\"auto, (max-width: 674px) 100vw, 674px\" \/><\/p>\n<p>El presidente Nicol\u00e1s Maduro destaca que de momento se mantendr\u00e1 el esquema 7+7 aunque no descartar\u00eda volver a la mencionada medida debido a la presencia de la variante \u00f3micron<\/p>\n<p><strong>Caracas, Venezuela, 12 de enero de 2022 (ND58).-<\/strong> En mandatario ofreci\u00f3 un balance la tarde de este martes por motivo de la COVID-19 en el pa\u00eds y las medidas para contenerlo. Asimismo manifest\u00f3 de momento se mantendr\u00e1 la flexibilizaci\u00f3n abierta hasta nuevo aviso.<\/p>\n<p>No obstante, Nicol\u00e1s Maduro advierte que de ser necesario se retomar\u00e1 la metodolog\u00eda de confinamiento y flexibilizaci\u00f3n de manera intermitente, el denominado esquema 7+7.<\/p>\n<p>Todo luego de informar que la variante \u00f3micron sigue extendi\u00e9ndose por el territorio nacional, lo que ha generado un repunte importante de los casos diarios. \u00bbHoy tenemos 570 casos a nivel nacional y m\u00e1s de cinco mil casos activos\u00bb, rese\u00f1\u00f3 Maduro.<\/p>\n<p>Por otra, el mandatario hizo un llamado a la ciudadan\u00eda a vacunarse si a\u00fan no lo ha hecho y a recibir la dosis de refuerzo. \u00abSi usted no se ha vacunado, h\u00e1galo, es seguro y est\u00e1 aprobado por las instancias m\u00e9dicas internacionales\u00bb, indic\u00f3.<\/p>\n<p>Tambi\u00e9n manifest\u00f3 \u00abEl refuerzo lo reciben los que ya han pasado seis meses de vacunarse con las dos dosis, porque pasado ese tiempo pierde su eficacia, lo han comprobado cient\u00edficamente. As\u00ed estaremos de aqu\u00ed en adelante\u00bb.<\/p>\n<p>Respecto al 7+7, Maduro enfatiz\u00f3 que al menos 10 millones de venezolanos afirmaron estar de acuerdo a que se restablezca ese m\u00e9todo en caso de que se presente un aumento sustancial de los contagios.<\/p>\n<p>\u00abSeg\u00fan la encuesta que hemos hecho en el sistema patria, m\u00e1s de 10 millones de venezolanos (72% de los que respondieron) est\u00e1n de acuerdo en volver al esquema 7+7 si es necesario\u00bb, indic\u00f3.<\/p>\n<p>\u00abEstamos poniendo las mejores vacunas del mundo, garantizadas, comprobadas y estudiadas, para generar una protecci\u00f3n inmunol\u00f3gica al pa\u00eds\u00bb, destac\u00f3.<\/p>\n<p>Asimismo, Maduro precis\u00f3 en que deben mantenerse las clases en la modalidad presencial, al menos hasta tanto el Ejecutivo determine lo contrario.<\/p><div class=\"uuvfg69f4b6ac470d3\" ><p style=\"text-align: center;\"><a href=\"https:\/\/t.me\/noticiasdigital58\" target=\"_blank\" rel=\"noopener\"><img class=\"aligncenter size-full wp-image-125363\" src=\"https:\/\/digital58.com.ve\/site\/wp-content\/uploads\/2021\/04\/banner-telegram-web-2021.png\" alt=\"\" width=\"600\" height=\"90\" \/><\/a><\/p><\/div><style type=\"text\/css\">\r\n@media screen and (min-width: 1201px) {\r\n.uuvfg69f4b6ac470d3 {\r\ndisplay: block;\r\n}\r\n}\r\n@media screen and (min-width: 993px) and (max-width: 1200px) {\r\n.uuvfg69f4b6ac470d3 {\r\ndisplay: block;\r\n}\r\n}\r\n@media screen and (min-width: 769px) and (max-width: 992px) {\r\n.uuvfg69f4b6ac470d3 {\r\ndisplay: block;\r\n}\r\n}\r\n@media screen and (min-width: 768px) and (max-width: 768px) {\r\n.uuvfg69f4b6ac470d3 {\r\ndisplay: block;\r\n}\r\n}\r\n@media screen and (max-width: 767px) {\r\n.uuvfg69f4b6ac470d3 {\r\ndisplay: block;\r\n}\r\n}\r\n<\/style>\r\n\n<p><strong>Redacci\u00f3n ND58\/Infante, V\u00edctor| Fuente: Agencias<\/strong><br \/>\n<strong>Edici\u00f3n: Villasmil, Henry<\/strong><br \/>\n<strong>Gr\u00e1fica: Archivo<\/strong><\/p>\n<div style=\"margin-top: 0px; margin-bottom: 0px;\" class=\"sharethis-inline-share-buttons\" ><\/div>","protected":false},"excerpt":{"rendered":"<p>El presidente Nicol\u00e1s Maduro destaca que de momento se mantendr\u00e1 el esquema 7+7 aunque no descartar\u00eda volver a la mencionada<\/p>\n","protected":false},"author":40,"featured_media":126727,"comment_status":"open","ping_status":"closed","sticky":false,"template":"","format":"standard","meta":{"colormag_page_container_layout":"default_layout","colormag_page_sidebar_layout":"default_layout","_uag_custom_page_level_css":"","footnotes":""},"categories":[16454],"tags":[19472,13648,24422,233,2724,26114,13723,32],"class_list":["post-146446","post","type-post","status-publish","format-standard","has-post-thumbnail","hentry","category-venezuela","tag-19472","tag-covid-19","tag-esquema-77","tag-nacionales","tag-nicolas-maduro","tag-omicron","tag-pandemia","tag-venezuela"],"yoast_head":"<!-- This site is optimized with the Yoast SEO plugin v27.5 - https:\/\/yoast.com\/product\/yoast-seo-wordpress\/ -->\n<title>Presidente Maduro prev\u00e9 volver al m\u00e9todo al 7+7 de ser necesario<\/title>\n<meta name=\"description\" content=\"Venezuela\" \/>\n<meta name=\"robots\" content=\"index, follow, max-snippet:-1, max-image-preview:large, max-video-preview:-1\" \/>\n<link rel=\"canonical\" href=\"https:\/\/digital58.com.ve\/site\/2022\/01\/12\/presidente-maduro-preve-volver-al-metodo-al-77-de-ser-necesario\/\" \/>\n<meta property=\"og:locale\" content=\"es_ES\" \/>\n<meta property=\"og:type\" content=\"article\" \/>\n<meta property=\"og:title\" content=\"Presidente Maduro prev\u00e9 volver al m\u00e9todo al 7+7 de ser necesario\" \/>\n<meta property=\"og:description\" content=\"Venezuela\" \/>\n<meta property=\"og:url\" content=\"https:\/\/digital58.com.ve\/site\/2022\/01\/12\/presidente-maduro-preve-volver-al-metodo-al-77-de-ser-necesario\/\" \/>\n<meta property=\"og:site_name\" content=\"Noticias Digital58\" \/>\n<meta property=\"article:published_time\" content=\"2022-01-12T12:57:30+00:00\" \/>\n<meta property=\"og:image\" content=\"https:\/\/digital58.com.ve\/site\/wp-content\/uploads\/2020\/09\/nicolas-maduro-09-09-20.jpg\" \/>\n\t<meta property=\"og:image:width\" content=\"900\" \/>\n\t<meta property=\"og:image:height\" content=\"600\" \/>\n\t<meta property=\"og:image:type\" content=\"image\/jpeg\" \/>\n<meta name=\"author\" content=\"Victor Infante\" \/>\n<meta name=\"twitter:card\" content=\"summary_large_image\" \/>\n<meta name=\"twitter:creator\" content=\"@Digital_58\" \/>\n<meta name=\"twitter:site\" content=\"@villasmilhfoto\" \/>\n<meta name=\"twitter:label1\" content=\"Escrito por\" \/>\n\t<meta name=\"twitter:data1\" content=\"Victor Infante\" \/>\n\t<meta name=\"twitter:label2\" content=\"Tiempo estimado de lectura\" \/>\n\t<meta name=\"twitter:data2\" content=\"2 minutos\" \/>\n<script type=\"application\/ld+json\" class=\"yoast-schema-graph\">{\"@context\":\"https:\\\/\\\/schema.org\",\"@graph\":[{\"@type\":\"Article\",\"@id\":\"https:\\\/\\\/digital58.com.ve\\\/site\\\/2022\\\/01\\\/12\\\/presidente-maduro-preve-volver-al-metodo-al-77-de-ser-necesario\\\/#article\",\"isPartOf\":{\"@id\":\"https:\\\/\\\/digital58.com.ve\\\/site\\\/2022\\\/01\\\/12\\\/presidente-maduro-preve-volver-al-metodo-al-77-de-ser-necesario\\\/\"},\"author\":{\"name\":\"Victor Infante\",\"@id\":\"https:\\\/\\\/digital58.com.ve\\\/site\\\/#\\\/schema\\\/person\\\/7c2c83fb27249d7c6f59c30c7f141381\"},\"headline\":\"Presidente Maduro prev\u00e9 volver al m\u00e9todo al 7+7 de ser necesario\",\"datePublished\":\"2022-01-12T12:57:30+00:00\",\"mainEntityOfPage\":{\"@id\":\"https:\\\/\\\/digital58.com.ve\\\/site\\\/2022\\\/01\\\/12\\\/presidente-maduro-preve-volver-al-metodo-al-77-de-ser-necesario\\\/\"},\"wordCount\":363,\"commentCount\":0,\"publisher\":{\"@id\":\"https:\\\/\\\/digital58.com.ve\\\/site\\\/#\\\/schema\\\/person\\\/64d1c2e4d0d4fd1b849980c4331c2951\"},\"image\":{\"@id\":\"https:\\\/\\\/digital58.com.ve\\\/site\\\/2022\\\/01\\\/12\\\/presidente-maduro-preve-volver-al-metodo-al-77-de-ser-necesario\\\/#primaryimage\"},\"thumbnailUrl\":\"https:\\\/\\\/digital58.com.ve\\\/site\\\/wp-content\\\/uploads\\\/2020\\\/09\\\/nicolas-maduro-09-09-20.jpg\",\"keywords\":[\"7+7\",\"COVID-19\",\"Esquema 7+7\",\"Nacionales\",\"Nicol\u00e1s Maduro\",\"Omicron\",\"Pandemia\",\"Venezuela\"],\"articleSection\":[\"Venezuela\"],\"inLanguage\":\"es\",\"potentialAction\":[{\"@type\":\"CommentAction\",\"name\":\"Comment\",\"target\":[\"https:\\\/\\\/digital58.com.ve\\\/site\\\/2022\\\/01\\\/12\\\/presidente-maduro-preve-volver-al-metodo-al-77-de-ser-necesario\\\/#respond\"]}]},{\"@type\":\"WebPage\",\"@id\":\"https:\\\/\\\/digital58.com.ve\\\/site\\\/2022\\\/01\\\/12\\\/presidente-maduro-preve-volver-al-metodo-al-77-de-ser-necesario\\\/\",\"url\":\"https:\\\/\\\/digital58.com.ve\\\/site\\\/2022\\\/01\\\/12\\\/presidente-maduro-preve-volver-al-metodo-al-77-de-ser-necesario\\\/\",\"name\":\"Presidente Maduro prev\u00e9 volver al m\u00e9todo al 7+7 de ser necesario\",\"isPartOf\":{\"@id\":\"https:\\\/\\\/digital58.com.ve\\\/site\\\/#website\"},\"primaryImageOfPage\":{\"@id\":\"https:\\\/\\\/digital58.com.ve\\\/site\\\/2022\\\/01\\\/12\\\/presidente-maduro-preve-volver-al-metodo-al-77-de-ser-necesario\\\/#primaryimage\"},\"image\":{\"@id\":\"https:\\\/\\\/digital58.com.ve\\\/site\\\/2022\\\/01\\\/12\\\/presidente-maduro-preve-volver-al-metodo-al-77-de-ser-necesario\\\/#primaryimage\"},\"thumbnailUrl\":\"https:\\\/\\\/digital58.com.ve\\\/site\\\/wp-content\\\/uploads\\\/2020\\\/09\\\/nicolas-maduro-09-09-20.jpg\",\"datePublished\":\"2022-01-12T12:57:30+00:00\",\"description\":\"Venezuela\",\"breadcrumb\":{\"@id\":\"https:\\\/\\\/digital58.com.ve\\\/site\\\/2022\\\/01\\\/12\\\/presidente-maduro-preve-volver-al-metodo-al-77-de-ser-necesario\\\/#breadcrumb\"},\"inLanguage\":\"es\",\"potentialAction\":[{\"@type\":\"ReadAction\",\"target\":[\"https:\\\/\\\/digital58.com.ve\\\/site\\\/2022\\\/01\\\/12\\\/presidente-maduro-preve-volver-al-metodo-al-77-de-ser-necesario\\\/\"]}]},{\"@type\":\"ImageObject\",\"inLanguage\":\"es\",\"@id\":\"https:\\\/\\\/digital58.com.ve\\\/site\\\/2022\\\/01\\\/12\\\/presidente-maduro-preve-volver-al-metodo-al-77-de-ser-necesario\\\/#primaryimage\",\"url\":\"https:\\\/\\\/digital58.com.ve\\\/site\\\/wp-content\\\/uploads\\\/2020\\\/09\\\/nicolas-maduro-09-09-20.jpg\",\"contentUrl\":\"https:\\\/\\\/digital58.com.ve\\\/site\\\/wp-content\\\/uploads\\\/2020\\\/09\\\/nicolas-maduro-09-09-20.jpg\",\"width\":800,\"height\":533},{\"@type\":\"BreadcrumbList\",\"@id\":\"https:\\\/\\\/digital58.com.ve\\\/site\\\/2022\\\/01\\\/12\\\/presidente-maduro-preve-volver-al-metodo-al-77-de-ser-necesario\\\/#breadcrumb\",\"itemListElement\":[{\"@type\":\"ListItem\",\"position\":1,\"name\":\"Home\",\"item\":\"https:\\\/\\\/digital58.com.ve\\\/site\\\/\"},{\"@type\":\"ListItem\",\"position\":2,\"name\":\"Presidente Maduro prev\u00e9 volver al m\u00e9todo al 7+7 de ser necesario\"}]},{\"@type\":\"WebSite\",\"@id\":\"https:\\\/\\\/digital58.com.ve\\\/site\\\/#website\",\"url\":\"https:\\\/\\\/digital58.com.ve\\\/site\\\/\",\"name\":\"Noticias Digital58\",\"description\":\"Portal de Noticias \u00a1Periodismo web de verdad! Lanzamiento web 22.11.2005 \\\/ Maracaibo, Venezuela\",\"publisher\":{\"@id\":\"https:\\\/\\\/digital58.com.ve\\\/site\\\/#\\\/schema\\\/person\\\/64d1c2e4d0d4fd1b849980c4331c2951\"},\"alternateName\":\"ND58\",\"potentialAction\":[{\"@type\":\"SearchAction\",\"target\":{\"@type\":\"EntryPoint\",\"urlTemplate\":\"https:\\\/\\\/digital58.com.ve\\\/site\\\/?s={search_term_string}\"},\"query-input\":{\"@type\":\"PropertyValueSpecification\",\"valueRequired\":true,\"valueName\":\"search_term_string\"}}],\"inLanguage\":\"es\"},{\"@type\":[\"Person\",\"Organization\"],\"@id\":\"https:\\\/\\\/digital58.com.ve\\\/site\\\/#\\\/schema\\\/person\\\/64d1c2e4d0d4fd1b849980c4331c2951\",\"name\":\"Villasmil Henry\",\"image\":{\"@type\":\"ImageObject\",\"inLanguage\":\"es\",\"@id\":\"https:\\\/\\\/secure.gravatar.com\\\/avatar\\\/bb0c4a2fcb7970138239f7e404ea75757b1b507b28b5ce4c53fbd62d797c5a7c?s=96&d=mm&r=g\",\"url\":\"https:\\\/\\\/secure.gravatar.com\\\/avatar\\\/bb0c4a2fcb7970138239f7e404ea75757b1b507b28b5ce4c53fbd62d797c5a7c?s=96&d=mm&r=g\",\"contentUrl\":\"https:\\\/\\\/secure.gravatar.com\\\/avatar\\\/bb0c4a2fcb7970138239f7e404ea75757b1b507b28b5ce4c53fbd62d797c5a7c?s=96&d=mm&r=g\",\"caption\":\"Villasmil Henry\"},\"logo\":{\"@id\":\"https:\\\/\\\/secure.gravatar.com\\\/avatar\\\/bb0c4a2fcb7970138239f7e404ea75757b1b507b28b5ce4c53fbd62d797c5a7c?s=96&d=mm&r=g\"},\"sameAs\":[\"http:\\\/\\\/www.henryvillasmil.com.ve\",\"https:\\\/\\\/www.instagram.com\\\/villasmilhfoto\\\/\",\"https:\\\/\\\/x.com\\\/https:\\\/\\\/twitter.com\\\/villasmilhfoto\"]},{\"@type\":\"Person\",\"@id\":\"https:\\\/\\\/digital58.com.ve\\\/site\\\/#\\\/schema\\\/person\\\/7c2c83fb27249d7c6f59c30c7f141381\",\"name\":\"Victor Infante\",\"image\":{\"@type\":\"ImageObject\",\"inLanguage\":\"es\",\"@id\":\"https:\\\/\\\/secure.gravatar.com\\\/avatar\\\/106ae6d84ee67222a78df20df89da71bb5069c89d1fd27272140999a3f842596?s=96&d=mm&r=g\",\"url\":\"https:\\\/\\\/secure.gravatar.com\\\/avatar\\\/106ae6d84ee67222a78df20df89da71bb5069c89d1fd27272140999a3f842596?s=96&d=mm&r=g\",\"contentUrl\":\"https:\\\/\\\/secure.gravatar.com\\\/avatar\\\/106ae6d84ee67222a78df20df89da71bb5069c89d1fd27272140999a3f842596?s=96&d=mm&r=g\",\"caption\":\"Victor Infante\"},\"url\":\"https:\\\/\\\/digital58.com.ve\\\/site\\\/author\\\/vinfante22\\\/\"}]}<\/script>\n<!-- \/ Yoast SEO plugin. -->","yoast_head_json":{"title":"Presidente Maduro prev\u00e9 volver al m\u00e9todo al 7+7 de ser necesario","description":"Venezuela","robots":{"index":"index","follow":"follow","max-snippet":"max-snippet:-1","max-image-preview":"max-image-preview:large","max-video-preview":"max-video-preview:-1"},"canonical":"https:\/\/digital58.com.ve\/site\/2022\/01\/12\/presidente-maduro-preve-volver-al-metodo-al-77-de-ser-necesario\/","og_locale":"es_ES","og_type":"article","og_title":"Presidente Maduro prev\u00e9 volver al m\u00e9todo al 7+7 de ser necesario","og_description":"Venezuela","og_url":"https:\/\/digital58.com.ve\/site\/2022\/01\/12\/presidente-maduro-preve-volver-al-metodo-al-77-de-ser-necesario\/","og_site_name":"Noticias Digital58","article_published_time":"2022-01-12T12:57:30+00:00","og_image":[{"width":900,"height":600,"url":"https:\/\/digital58.com.ve\/site\/wp-content\/uploads\/2020\/09\/nicolas-maduro-09-09-20.jpg","type":"image\/jpeg"}],"author":"Victor Infante","twitter_card":"summary_large_image","twitter_creator":"@Digital_58","twitter_site":"@villasmilhfoto","twitter_misc":{"Escrito por":"Victor Infante","Tiempo estimado de lectura":"2 minutos"},"schema":{"@context":"https:\/\/schema.org","@graph":[{"@type":"Article","@id":"https:\/\/digital58.com.ve\/site\/2022\/01\/12\/presidente-maduro-preve-volver-al-metodo-al-77-de-ser-necesario\/#article","isPartOf":{"@id":"https:\/\/digital58.com.ve\/site\/2022\/01\/12\/presidente-maduro-preve-volver-al-metodo-al-77-de-ser-necesario\/"},"author":{"name":"Victor Infante","@id":"https:\/\/digital58.com.ve\/site\/#\/schema\/person\/7c2c83fb27249d7c6f59c30c7f141381"},"headline":"Presidente Maduro prev\u00e9 volver al m\u00e9todo al 7+7 de ser necesario","datePublished":"2022-01-12T12:57:30+00:00","mainEntityOfPage":{"@id":"https:\/\/digital58.com.ve\/site\/2022\/01\/12\/presidente-maduro-preve-volver-al-metodo-al-77-de-ser-necesario\/"},"wordCount":363,"commentCount":0,"publisher":{"@id":"https:\/\/digital58.com.ve\/site\/#\/schema\/person\/64d1c2e4d0d4fd1b849980c4331c2951"},"image":{"@id":"https:\/\/digital58.com.ve\/site\/2022\/01\/12\/presidente-maduro-preve-volver-al-metodo-al-77-de-ser-necesario\/#primaryimage"},"thumbnailUrl":"https:\/\/digital58.com.ve\/site\/wp-content\/uploads\/2020\/09\/nicolas-maduro-09-09-20.jpg","keywords":["7+7","COVID-19","Esquema 7+7","Nacionales","Nicol\u00e1s Maduro","Omicron","Pandemia","Venezuela"],"articleSection":["Venezuela"],"inLanguage":"es","potentialAction":[{"@type":"CommentAction","name":"Comment","target":["https:\/\/digital58.com.ve\/site\/2022\/01\/12\/presidente-maduro-preve-volver-al-metodo-al-77-de-ser-necesario\/#respond"]}]},{"@type":"WebPage","@id":"https:\/\/digital58.com.ve\/site\/2022\/01\/12\/presidente-maduro-preve-volver-al-metodo-al-77-de-ser-necesario\/","url":"https:\/\/digital58.com.ve\/site\/2022\/01\/12\/presidente-maduro-preve-volver-al-metodo-al-77-de-ser-necesario\/","name":"Presidente Maduro prev\u00e9 volver al m\u00e9todo al 7+7 de ser necesario","isPartOf":{"@id":"https:\/\/digital58.com.ve\/site\/#website"},"primaryImageOfPage":{"@id":"https:\/\/digital58.com.ve\/site\/2022\/01\/12\/presidente-maduro-preve-volver-al-metodo-al-77-de-ser-necesario\/#primaryimage"},"image":{"@id":"https:\/\/digital58.com.ve\/site\/2022\/01\/12\/presidente-maduro-preve-volver-al-metodo-al-77-de-ser-necesario\/#primaryimage"},"thumbnailUrl":"https:\/\/digital58.com.ve\/site\/wp-content\/uploads\/2020\/09\/nicolas-maduro-09-09-20.jpg","datePublished":"2022-01-12T12:57:30+00:00","description":"Venezuela","breadcrumb":{"@id":"https:\/\/digital58.com.ve\/site\/2022\/01\/12\/presidente-maduro-preve-volver-al-metodo-al-77-de-ser-necesario\/#breadcrumb"},"inLanguage":"es","potentialAction":[{"@type":"ReadAction","target":["https:\/\/digital58.com.ve\/site\/2022\/01\/12\/presidente-maduro-preve-volver-al-metodo-al-77-de-ser-necesario\/"]}]},{"@type":"ImageObject","inLanguage":"es","@id":"https:\/\/digital58.com.ve\/site\/2022\/01\/12\/presidente-maduro-preve-volver-al-metodo-al-77-de-ser-necesario\/#primaryimage","url":"https:\/\/digital58.com.ve\/site\/wp-content\/uploads\/2020\/09\/nicolas-maduro-09-09-20.jpg","contentUrl":"https:\/\/digital58.com.ve\/site\/wp-content\/uploads\/2020\/09\/nicolas-maduro-09-09-20.jpg","width":800,"height":533},{"@type":"BreadcrumbList","@id":"https:\/\/digital58.com.ve\/site\/2022\/01\/12\/presidente-maduro-preve-volver-al-metodo-al-77-de-ser-necesario\/#breadcrumb","itemListElement":[{"@type":"ListItem","position":1,"name":"Home","item":"https:\/\/digital58.com.ve\/site\/"},{"@type":"ListItem","position":2,"name":"Presidente Maduro prev\u00e9 volver al m\u00e9todo al 7+7 de ser necesario"}]},{"@type":"WebSite","@id":"https:\/\/digital58.com.ve\/site\/#website","url":"https:\/\/digital58.com.ve\/site\/","name":"Noticias Digital58","description":"Portal de Noticias \u00a1Periodismo web de verdad! Lanzamiento web 22.11.2005 \/ Maracaibo, Venezuela","publisher":{"@id":"https:\/\/digital58.com.ve\/site\/#\/schema\/person\/64d1c2e4d0d4fd1b849980c4331c2951"},"alternateName":"ND58","potentialAction":[{"@type":"SearchAction","target":{"@type":"EntryPoint","urlTemplate":"https:\/\/digital58.com.ve\/site\/?s={search_term_string}"},"query-input":{"@type":"PropertyValueSpecification","valueRequired":true,"valueName":"search_term_string"}}],"inLanguage":"es"},{"@type":["Person","Organization"],"@id":"https:\/\/digital58.com.ve\/site\/#\/schema\/person\/64d1c2e4d0d4fd1b849980c4331c2951","name":"Villasmil Henry","image":{"@type":"ImageObject","inLanguage":"es","@id":"https:\/\/secure.gravatar.com\/avatar\/bb0c4a2fcb7970138239f7e404ea75757b1b507b28b5ce4c53fbd62d797c5a7c?s=96&d=mm&r=g","url":"https:\/\/secure.gravatar.com\/avatar\/bb0c4a2fcb7970138239f7e404ea75757b1b507b28b5ce4c53fbd62d797c5a7c?s=96&d=mm&r=g","contentUrl":"https:\/\/secure.gravatar.com\/avatar\/bb0c4a2fcb7970138239f7e404ea75757b1b507b28b5ce4c53fbd62d797c5a7c?s=96&d=mm&r=g","caption":"Villasmil Henry"},"logo":{"@id":"https:\/\/secure.gravatar.com\/avatar\/bb0c4a2fcb7970138239f7e404ea75757b1b507b28b5ce4c53fbd62d797c5a7c?s=96&d=mm&r=g"},"sameAs":["http:\/\/www.henryvillasmil.com.ve","https:\/\/www.instagram.com\/villasmilhfoto\/","https:\/\/x.com\/https:\/\/twitter.com\/villasmilhfoto"]},{"@type":"Person","@id":"https:\/\/digital58.com.ve\/site\/#\/schema\/person\/7c2c83fb27249d7c6f59c30c7f141381","name":"Victor Infante","image":{"@type":"ImageObject","inLanguage":"es","@id":"https:\/\/secure.gravatar.com\/avatar\/106ae6d84ee67222a78df20df89da71bb5069c89d1fd27272140999a3f842596?s=96&d=mm&r=g","url":"https:\/\/secure.gravatar.com\/avatar\/106ae6d84ee67222a78df20df89da71bb5069c89d1fd27272140999a3f842596?s=96&d=mm&r=g","contentUrl":"https:\/\/secure.gravatar.com\/avatar\/106ae6d84ee67222a78df20df89da71bb5069c89d1fd27272140999a3f842596?s=96&d=mm&r=g","caption":"Victor Infante"},"url":"https:\/\/digital58.com.ve\/site\/author\/vinfante22\/"}]}},"uagb_featured_image_src":{"full":["https:\/\/digital58.com.ve\/site\/wp-content\/uploads\/2020\/09\/nicolas-maduro-09-09-20.jpg",800,533,false],"thumbnail":["https:\/\/digital58.com.ve\/site\/wp-content\/uploads\/2020\/09\/nicolas-maduro-09-09-20-150x150.jpg",150,150,true],"medium":["https:\/\/digital58.com.ve\/site\/wp-content\/uploads\/2020\/09\/nicolas-maduro-09-09-20-300x200.jpg",300,200,true],"medium_large":["https:\/\/digital58.com.ve\/site\/wp-content\/uploads\/2020\/09\/nicolas-maduro-09-09-20-768x512.jpg",768,512,true],"large":["https:\/\/digital58.com.ve\/site\/wp-content\/uploads\/2020\/09\/nicolas-maduro-09-09-20.jpg",800,533,false],"1536x1536":["https:\/\/digital58.com.ve\/site\/wp-content\/uploads\/2020\/09\/nicolas-maduro-09-09-20.jpg",800,533,false],"2048x2048":["https:\/\/digital58.com.ve\/site\/wp-content\/uploads\/2020\/09\/nicolas-maduro-09-09-20.jpg",800,533,false],"colormag-highlighted-post":["https:\/\/digital58.com.ve\/site\/wp-content\/uploads\/2020\/09\/nicolas-maduro-09-09-20.jpg",392,261,false],"colormag-featured-post-medium":["https:\/\/digital58.com.ve\/site\/wp-content\/uploads\/2020\/09\/nicolas-maduro-09-09-20.jpg",308,205,false],"colormag-featured-post-small":["https:\/\/digital58.com.ve\/site\/wp-content\/uploads\/2020\/09\/nicolas-maduro-09-09-20.jpg",130,87,false],"colormag-featured-image":["https:\/\/digital58.com.ve\/site\/wp-content\/uploads\/2020\/09\/nicolas-maduro-09-09-20.jpg",668,445,false],"colormag-default-news":["https:\/\/digital58.com.ve\/site\/wp-content\/uploads\/2020\/09\/nicolas-maduro-09-09-20.jpg",150,100,false],"colormag-featured-image-large":["https:\/\/digital58.com.ve\/site\/wp-content\/uploads\/2020\/09\/nicolas-maduro-09-09-20.jpg",800,533,false]},"uagb_author_info":{"display_name":"Victor Infante","author_link":"https:\/\/digital58.com.ve\/site\/author\/vinfante22\/"},"uagb_comment_info":0,"uagb_excerpt":"El presidente Nicol\u00e1s Maduro destaca que de momento se mantendr\u00e1 el esquema 7+7 aunque no descartar\u00eda volver a la mencionada","_links":{"self":[{"href":"https:\/\/digital58.com.ve\/site\/wp-json\/wp\/v2\/posts\/146446","targetHints":{"allow":["GET"]}}],"collection":[{"href":"https:\/\/digital58.com.ve\/site\/wp-json\/wp\/v2\/posts"}],"about":[{"href":"https:\/\/digital58.com.ve\/site\/wp-json\/wp\/v2\/types\/post"}],"author":[{"embeddable":true,"href":"https:\/\/digital58.com.ve\/site\/wp-json\/wp\/v2\/users\/40"}],"replies":[{"embeddable":true,"href":"https:\/\/digital58.com.ve\/site\/wp-json\/wp\/v2\/comments?post=146446"}],"version-history":[{"count":0,"href":"https:\/\/digital58.com.ve\/site\/wp-json\/wp\/v2\/posts\/146446\/revisions"}],"wp:featuredmedia":[{"embeddable":true,"href":"https:\/\/digital58.com.ve\/site\/wp-json\/wp\/v2\/media\/126727"}],"wp:attachment":[{"href":"https:\/\/digital58.com.ve\/site\/wp-json\/wp\/v2\/media?parent=146446"}],"wp:term":[{"taxonomy":"category","embeddable":true,"href":"https:\/\/digital58.com.ve\/site\/wp-json\/wp\/v2\/categories?post=146446"},{"taxonomy":"post_tag","embeddable":true,"href":"https:\/\/digital58.com.ve\/site\/wp-json\/wp\/v2\/tags?post=146446"}],"curies":[{"name":"wp","href":"https:\/\/api.w.org\/{rel}","templated":true}]}}