{"id":146768,"date":"2022-01-15T12:21:46","date_gmt":"2022-01-15T16:21:46","guid":{"rendered":"https:\/\/digital58.com.ve\/site\/?p=146768"},"modified":"2022-01-15T12:21:46","modified_gmt":"2022-01-15T16:21:46","slug":"espana-supera-los-ocho-millones-de-casos-de-covid-19","status":"publish","type":"post","link":"https:\/\/digital58.com.ve\/site\/2022\/01\/15\/espana-supera-los-ocho-millones-de-casos-de-covid-19\/","title":{"rendered":"Espa\u00f1a supera los ocho millones de casos de COVID-19"},"content":{"rendered":"<p><a href=\"https:\/\/digital58.com.ve\/site\/wp-content\/uploads\/2020\/05\/espa\u00f1a-11.jpg\"><img loading=\"lazy\" decoding=\"async\" class=\"aligncenter size-full wp-image-98259\" src=\"https:\/\/digital58.com.ve\/site\/wp-content\/uploads\/2020\/05\/espa\u00f1a-11.jpg\" alt=\"\" width=\"1000\" height=\"541\" srcset=\"https:\/\/digital58.com.ve\/site\/wp-content\/uploads\/2020\/05\/espa\u00f1a-11.jpg 800w, https:\/\/digital58.com.ve\/site\/wp-content\/uploads\/2020\/05\/espa\u00f1a-11-300x162.jpg 300w, https:\/\/digital58.com.ve\/site\/wp-content\/uploads\/2020\/05\/espa\u00f1a-11-768x415.jpg 768w\" sizes=\"auto, (max-width: 1000px) 100vw, 1000px\" \/><\/a><br \/>\nEl 90,4 por ciento de la poblaci\u00f3n de mayores de 12 a\u00f1os ya ha recibido la pauta completa (dos dosis) y el 92,4 por ciento del total ya tienen al menos una dosis.<\/p>\n<p><strong>Espa\u00f1a, 15 de enero de 2022 (ND58).-<\/strong> Espa\u00f1a super\u00f3 los ocho millones de casos confirmados de la enfermedad del nuevo coronavirus (COVID-19), de acuerdo con las \u00faltimas cifras publicadas el viernes por la noche por el Ministerio de Sanidad.<\/p>\n<p>Seg\u00fan dicho ministerio, en total fueron 8.093.036 personas infectadas por la COVID-19, con 162.508 nuevos casos reportados en las 24 horas comprendidas desde las 14:00 (13:00 GMT) del jueves hasta la misma hora del viernes, para llegar al d\u00e9cimo lugar de los pa\u00edses con m\u00e1s casos del mundo.<\/p>\n<p>El mismo periodo se reportaron 139 muertes m\u00e1s debido al virus, con lo cual el n\u00famero de fallecidos desde el inicio de la pandemia aument\u00f3 a 90.759.<\/p>\n<p>De esta manera, Espa\u00f1a enfrenta el avance de la sexta ola de infecciones debido a la variante \u00f3micron del coronavirus, con el \u00faltimo mill\u00f3n de casos confirmados hace solo una semana, espec\u00edficamente, el siete de enero.<br \/>\nAsimismo, desde el sexto al s\u00e9ptimo mill\u00f3n de infectados apenas transcurrieron diez jornadas, lo que evidencia la alta viralidad de la variante \u00f3micron.<\/p>\n<p>Seg\u00fan el Ministerio de Sanidad, ya se han administrado 12.781.477 terceras dosis, mientras que 1.345.281 ni\u00f1os de 5 a 11 a\u00f1os ya han recibido su primera dosis, esto supone que un 40,9 por ciento de la poblaci\u00f3n menor de 12 a\u00f1os en Espa\u00f1a ya est\u00e1 vacunada, tras el inicio de la campa\u00f1a el 15 de diciembre pasado.<\/p><div class=\"yshev69f49661eb9e2\" ><p style=\"text-align: center;\"><a href=\"https:\/\/t.me\/noticiasdigital58\" target=\"_blank\" rel=\"noopener\"><img class=\"aligncenter size-full wp-image-125363\" src=\"https:\/\/digital58.com.ve\/site\/wp-content\/uploads\/2021\/04\/banner-telegram-web-2021.png\" alt=\"\" width=\"600\" height=\"90\" \/><\/a><\/p><\/div><style type=\"text\/css\">\r\n@media screen and (min-width: 1201px) {\r\n.yshev69f49661eb9e2 {\r\ndisplay: block;\r\n}\r\n}\r\n@media screen and (min-width: 993px) and (max-width: 1200px) {\r\n.yshev69f49661eb9e2 {\r\ndisplay: block;\r\n}\r\n}\r\n@media screen and (min-width: 769px) and (max-width: 992px) {\r\n.yshev69f49661eb9e2 {\r\ndisplay: block;\r\n}\r\n}\r\n@media screen and (min-width: 768px) and (max-width: 768px) {\r\n.yshev69f49661eb9e2 {\r\ndisplay: block;\r\n}\r\n}\r\n@media screen and (max-width: 767px) {\r\n.yshev69f49661eb9e2 {\r\ndisplay: block;\r\n}\r\n}\r\n<\/style>\r\n\n<p><strong>Redacci\u00f3n ND58 | Fuente: Xinhua<\/strong><br \/>\n<strong>Edici\u00f3n: Villasmil, Henry<\/strong><br \/>\n<strong>Gr\u00e1fica: Archivo<\/strong><\/p>\n<div style=\"margin-top: 0px; margin-bottom: 0px;\" class=\"sharethis-inline-share-buttons\" ><\/div>","protected":false},"excerpt":{"rendered":"<p>El 90,4 por ciento de la poblaci\u00f3n de mayores de 12 a\u00f1os ya ha recibido la pauta completa (dos dosis)<\/p>\n","protected":false},"author":1,"featured_media":98259,"comment_status":"open","ping_status":"closed","sticky":false,"template":"","format":"standard","meta":{"colormag_page_container_layout":"default_layout","colormag_page_sidebar_layout":"default_layout","_uag_custom_page_level_css":"","footnotes":""},"categories":[16451],"tags":[13352,13648,115,1492,8,26693,13723,14457,13793,26221],"class_list":["post-146768","post","type-post","status-publish","format-standard","has-post-thumbnail","hentry","category-mundo","tag-coronavirus","tag-covid-19","tag-espana","tag-europa","tag-internacionales","tag-ministerio-de-sanidad","tag-pandemia","tag-reporte-diario-covid-19","tag-sars-cov-2","tag-variante-omicron"],"yoast_head":"<!-- This site is optimized with the Yoast SEO plugin v27.5 - https:\/\/yoast.com\/product\/yoast-seo-wordpress\/ -->\n<title>Espa\u00f1a supera los ocho millones de casos de COVID-19<\/title>\n<meta name=\"description\" content=\"Mundo\" \/>\n<meta name=\"robots\" content=\"index, follow, max-snippet:-1, max-image-preview:large, max-video-preview:-1\" \/>\n<link rel=\"canonical\" href=\"https:\/\/digital58.com.ve\/site\/2022\/01\/15\/espana-supera-los-ocho-millones-de-casos-de-covid-19\/\" \/>\n<meta property=\"og:locale\" content=\"es_ES\" \/>\n<meta property=\"og:type\" content=\"article\" \/>\n<meta property=\"og:title\" content=\"Espa\u00f1a supera los ocho millones de casos de COVID-19\" \/>\n<meta property=\"og:description\" content=\"Mundo\" \/>\n<meta property=\"og:url\" content=\"https:\/\/digital58.com.ve\/site\/2022\/01\/15\/espana-supera-los-ocho-millones-de-casos-de-covid-19\/\" \/>\n<meta property=\"og:site_name\" content=\"Noticias Digital58\" \/>\n<meta property=\"article:published_time\" content=\"2022-01-15T16:21:46+00:00\" \/>\n<meta property=\"og:image\" content=\"https:\/\/digital58.com.ve\/site\/wp-content\/uploads\/2020\/05\/espa\u00f1a-11.jpg\" \/>\n\t<meta property=\"og:image:width\" content=\"1000\" \/>\n\t<meta property=\"og:image:height\" content=\"541\" \/>\n\t<meta property=\"og:image:type\" content=\"image\/jpeg\" \/>\n<meta name=\"author\" content=\"Villasmil Henry\" \/>\n<meta name=\"twitter:card\" content=\"summary_large_image\" \/>\n<meta name=\"twitter:creator\" content=\"@https:\/\/twitter.com\/villasmilhfoto\" \/>\n<meta name=\"twitter:site\" content=\"@villasmilhfoto\" \/>\n<meta name=\"twitter:label1\" content=\"Escrito por\" \/>\n\t<meta name=\"twitter:data1\" content=\"Villasmil Henry\" \/>\n\t<meta name=\"twitter:label2\" content=\"Tiempo estimado de lectura\" \/>\n\t<meta name=\"twitter:data2\" content=\"2 minutos\" \/>\n<script type=\"application\/ld+json\" class=\"yoast-schema-graph\">{\"@context\":\"https:\\\/\\\/schema.org\",\"@graph\":[{\"@type\":\"Article\",\"@id\":\"https:\\\/\\\/digital58.com.ve\\\/site\\\/2022\\\/01\\\/15\\\/espana-supera-los-ocho-millones-de-casos-de-covid-19\\\/#article\",\"isPartOf\":{\"@id\":\"https:\\\/\\\/digital58.com.ve\\\/site\\\/2022\\\/01\\\/15\\\/espana-supera-los-ocho-millones-de-casos-de-covid-19\\\/\"},\"author\":{\"name\":\"Villasmil Henry\",\"@id\":\"https:\\\/\\\/digital58.com.ve\\\/site\\\/#\\\/schema\\\/person\\\/64d1c2e4d0d4fd1b849980c4331c2951\"},\"headline\":\"Espa\u00f1a supera los ocho millones de casos de COVID-19\",\"datePublished\":\"2022-01-15T16:21:46+00:00\",\"mainEntityOfPage\":{\"@id\":\"https:\\\/\\\/digital58.com.ve\\\/site\\\/2022\\\/01\\\/15\\\/espana-supera-los-ocho-millones-de-casos-de-covid-19\\\/\"},\"wordCount\":289,\"commentCount\":0,\"publisher\":{\"@id\":\"https:\\\/\\\/digital58.com.ve\\\/site\\\/#\\\/schema\\\/person\\\/64d1c2e4d0d4fd1b849980c4331c2951\"},\"image\":{\"@id\":\"https:\\\/\\\/digital58.com.ve\\\/site\\\/2022\\\/01\\\/15\\\/espana-supera-los-ocho-millones-de-casos-de-covid-19\\\/#primaryimage\"},\"thumbnailUrl\":\"https:\\\/\\\/digital58.com.ve\\\/site\\\/wp-content\\\/uploads\\\/2020\\\/05\\\/espa\u00f1a-11.jpg\",\"keywords\":[\"Coronavirus\",\"COVID-19\",\"Espa\u00f1a\",\"Europa\",\"Internacionales\",\"Ministerio de Sanidad\",\"Pandemia\",\"Reporte Diario COVID-19\",\"SARS-CoV-2\",\"Variante \u00f3micron\"],\"articleSection\":[\"Mundo\"],\"inLanguage\":\"es\",\"potentialAction\":[{\"@type\":\"CommentAction\",\"name\":\"Comment\",\"target\":[\"https:\\\/\\\/digital58.com.ve\\\/site\\\/2022\\\/01\\\/15\\\/espana-supera-los-ocho-millones-de-casos-de-covid-19\\\/#respond\"]}]},{\"@type\":\"WebPage\",\"@id\":\"https:\\\/\\\/digital58.com.ve\\\/site\\\/2022\\\/01\\\/15\\\/espana-supera-los-ocho-millones-de-casos-de-covid-19\\\/\",\"url\":\"https:\\\/\\\/digital58.com.ve\\\/site\\\/2022\\\/01\\\/15\\\/espana-supera-los-ocho-millones-de-casos-de-covid-19\\\/\",\"name\":\"Espa\u00f1a supera los ocho millones de casos de COVID-19\",\"isPartOf\":{\"@id\":\"https:\\\/\\\/digital58.com.ve\\\/site\\\/#website\"},\"primaryImageOfPage\":{\"@id\":\"https:\\\/\\\/digital58.com.ve\\\/site\\\/2022\\\/01\\\/15\\\/espana-supera-los-ocho-millones-de-casos-de-covid-19\\\/#primaryimage\"},\"image\":{\"@id\":\"https:\\\/\\\/digital58.com.ve\\\/site\\\/2022\\\/01\\\/15\\\/espana-supera-los-ocho-millones-de-casos-de-covid-19\\\/#primaryimage\"},\"thumbnailUrl\":\"https:\\\/\\\/digital58.com.ve\\\/site\\\/wp-content\\\/uploads\\\/2020\\\/05\\\/espa\u00f1a-11.jpg\",\"datePublished\":\"2022-01-15T16:21:46+00:00\",\"description\":\"Mundo\",\"breadcrumb\":{\"@id\":\"https:\\\/\\\/digital58.com.ve\\\/site\\\/2022\\\/01\\\/15\\\/espana-supera-los-ocho-millones-de-casos-de-covid-19\\\/#breadcrumb\"},\"inLanguage\":\"es\",\"potentialAction\":[{\"@type\":\"ReadAction\",\"target\":[\"https:\\\/\\\/digital58.com.ve\\\/site\\\/2022\\\/01\\\/15\\\/espana-supera-los-ocho-millones-de-casos-de-covid-19\\\/\"]}]},{\"@type\":\"ImageObject\",\"inLanguage\":\"es\",\"@id\":\"https:\\\/\\\/digital58.com.ve\\\/site\\\/2022\\\/01\\\/15\\\/espana-supera-los-ocho-millones-de-casos-de-covid-19\\\/#primaryimage\",\"url\":\"https:\\\/\\\/digital58.com.ve\\\/site\\\/wp-content\\\/uploads\\\/2020\\\/05\\\/espa\u00f1a-11.jpg\",\"contentUrl\":\"https:\\\/\\\/digital58.com.ve\\\/site\\\/wp-content\\\/uploads\\\/2020\\\/05\\\/espa\u00f1a-11.jpg\",\"width\":800,\"height\":433},{\"@type\":\"BreadcrumbList\",\"@id\":\"https:\\\/\\\/digital58.com.ve\\\/site\\\/2022\\\/01\\\/15\\\/espana-supera-los-ocho-millones-de-casos-de-covid-19\\\/#breadcrumb\",\"itemListElement\":[{\"@type\":\"ListItem\",\"position\":1,\"name\":\"Home\",\"item\":\"https:\\\/\\\/digital58.com.ve\\\/site\\\/\"},{\"@type\":\"ListItem\",\"position\":2,\"name\":\"Espa\u00f1a supera los ocho millones de casos de COVID-19\"}]},{\"@type\":\"WebSite\",\"@id\":\"https:\\\/\\\/digital58.com.ve\\\/site\\\/#website\",\"url\":\"https:\\\/\\\/digital58.com.ve\\\/site\\\/\",\"name\":\"Noticias Digital58\",\"description\":\"Portal de Noticias \u00a1Periodismo web de verdad! Lanzamiento web 22.11.2005 \\\/ Maracaibo, Venezuela\",\"publisher\":{\"@id\":\"https:\\\/\\\/digital58.com.ve\\\/site\\\/#\\\/schema\\\/person\\\/64d1c2e4d0d4fd1b849980c4331c2951\"},\"alternateName\":\"ND58\",\"potentialAction\":[{\"@type\":\"SearchAction\",\"target\":{\"@type\":\"EntryPoint\",\"urlTemplate\":\"https:\\\/\\\/digital58.com.ve\\\/site\\\/?s={search_term_string}\"},\"query-input\":{\"@type\":\"PropertyValueSpecification\",\"valueRequired\":true,\"valueName\":\"search_term_string\"}}],\"inLanguage\":\"es\"},{\"@type\":[\"Person\",\"Organization\"],\"@id\":\"https:\\\/\\\/digital58.com.ve\\\/site\\\/#\\\/schema\\\/person\\\/64d1c2e4d0d4fd1b849980c4331c2951\",\"name\":\"Villasmil Henry\",\"image\":{\"@type\":\"ImageObject\",\"inLanguage\":\"es\",\"@id\":\"https:\\\/\\\/secure.gravatar.com\\\/avatar\\\/bb0c4a2fcb7970138239f7e404ea75757b1b507b28b5ce4c53fbd62d797c5a7c?s=96&d=mm&r=g\",\"url\":\"https:\\\/\\\/secure.gravatar.com\\\/avatar\\\/bb0c4a2fcb7970138239f7e404ea75757b1b507b28b5ce4c53fbd62d797c5a7c?s=96&d=mm&r=g\",\"contentUrl\":\"https:\\\/\\\/secure.gravatar.com\\\/avatar\\\/bb0c4a2fcb7970138239f7e404ea75757b1b507b28b5ce4c53fbd62d797c5a7c?s=96&d=mm&r=g\",\"caption\":\"Villasmil Henry\"},\"logo\":{\"@id\":\"https:\\\/\\\/secure.gravatar.com\\\/avatar\\\/bb0c4a2fcb7970138239f7e404ea75757b1b507b28b5ce4c53fbd62d797c5a7c?s=96&d=mm&r=g\"},\"sameAs\":[\"http:\\\/\\\/www.henryvillasmil.com.ve\",\"https:\\\/\\\/www.instagram.com\\\/villasmilhfoto\\\/\",\"https:\\\/\\\/x.com\\\/https:\\\/\\\/twitter.com\\\/villasmilhfoto\"],\"url\":\"https:\\\/\\\/digital58.com.ve\\\/site\\\/author\\\/droopy_68\\\/\"}]}<\/script>\n<!-- \/ Yoast SEO plugin. -->","yoast_head_json":{"title":"Espa\u00f1a supera los ocho millones de casos de COVID-19","description":"Mundo","robots":{"index":"index","follow":"follow","max-snippet":"max-snippet:-1","max-image-preview":"max-image-preview:large","max-video-preview":"max-video-preview:-1"},"canonical":"https:\/\/digital58.com.ve\/site\/2022\/01\/15\/espana-supera-los-ocho-millones-de-casos-de-covid-19\/","og_locale":"es_ES","og_type":"article","og_title":"Espa\u00f1a supera los ocho millones de casos de COVID-19","og_description":"Mundo","og_url":"https:\/\/digital58.com.ve\/site\/2022\/01\/15\/espana-supera-los-ocho-millones-de-casos-de-covid-19\/","og_site_name":"Noticias Digital58","article_published_time":"2022-01-15T16:21:46+00:00","og_image":[{"width":1000,"height":541,"url":"https:\/\/digital58.com.ve\/site\/wp-content\/uploads\/2020\/05\/espa\u00f1a-11.jpg","type":"image\/jpeg"}],"author":"Villasmil Henry","twitter_card":"summary_large_image","twitter_creator":"@https:\/\/twitter.com\/villasmilhfoto","twitter_site":"@villasmilhfoto","twitter_misc":{"Escrito por":"Villasmil Henry","Tiempo estimado de lectura":"2 minutos"},"schema":{"@context":"https:\/\/schema.org","@graph":[{"@type":"Article","@id":"https:\/\/digital58.com.ve\/site\/2022\/01\/15\/espana-supera-los-ocho-millones-de-casos-de-covid-19\/#article","isPartOf":{"@id":"https:\/\/digital58.com.ve\/site\/2022\/01\/15\/espana-supera-los-ocho-millones-de-casos-de-covid-19\/"},"author":{"name":"Villasmil Henry","@id":"https:\/\/digital58.com.ve\/site\/#\/schema\/person\/64d1c2e4d0d4fd1b849980c4331c2951"},"headline":"Espa\u00f1a supera los ocho millones de casos de COVID-19","datePublished":"2022-01-15T16:21:46+00:00","mainEntityOfPage":{"@id":"https:\/\/digital58.com.ve\/site\/2022\/01\/15\/espana-supera-los-ocho-millones-de-casos-de-covid-19\/"},"wordCount":289,"commentCount":0,"publisher":{"@id":"https:\/\/digital58.com.ve\/site\/#\/schema\/person\/64d1c2e4d0d4fd1b849980c4331c2951"},"image":{"@id":"https:\/\/digital58.com.ve\/site\/2022\/01\/15\/espana-supera-los-ocho-millones-de-casos-de-covid-19\/#primaryimage"},"thumbnailUrl":"https:\/\/digital58.com.ve\/site\/wp-content\/uploads\/2020\/05\/espa\u00f1a-11.jpg","keywords":["Coronavirus","COVID-19","Espa\u00f1a","Europa","Internacionales","Ministerio de Sanidad","Pandemia","Reporte Diario COVID-19","SARS-CoV-2","Variante \u00f3micron"],"articleSection":["Mundo"],"inLanguage":"es","potentialAction":[{"@type":"CommentAction","name":"Comment","target":["https:\/\/digital58.com.ve\/site\/2022\/01\/15\/espana-supera-los-ocho-millones-de-casos-de-covid-19\/#respond"]}]},{"@type":"WebPage","@id":"https:\/\/digital58.com.ve\/site\/2022\/01\/15\/espana-supera-los-ocho-millones-de-casos-de-covid-19\/","url":"https:\/\/digital58.com.ve\/site\/2022\/01\/15\/espana-supera-los-ocho-millones-de-casos-de-covid-19\/","name":"Espa\u00f1a supera los ocho millones de casos de COVID-19","isPartOf":{"@id":"https:\/\/digital58.com.ve\/site\/#website"},"primaryImageOfPage":{"@id":"https:\/\/digital58.com.ve\/site\/2022\/01\/15\/espana-supera-los-ocho-millones-de-casos-de-covid-19\/#primaryimage"},"image":{"@id":"https:\/\/digital58.com.ve\/site\/2022\/01\/15\/espana-supera-los-ocho-millones-de-casos-de-covid-19\/#primaryimage"},"thumbnailUrl":"https:\/\/digital58.com.ve\/site\/wp-content\/uploads\/2020\/05\/espa\u00f1a-11.jpg","datePublished":"2022-01-15T16:21:46+00:00","description":"Mundo","breadcrumb":{"@id":"https:\/\/digital58.com.ve\/site\/2022\/01\/15\/espana-supera-los-ocho-millones-de-casos-de-covid-19\/#breadcrumb"},"inLanguage":"es","potentialAction":[{"@type":"ReadAction","target":["https:\/\/digital58.com.ve\/site\/2022\/01\/15\/espana-supera-los-ocho-millones-de-casos-de-covid-19\/"]}]},{"@type":"ImageObject","inLanguage":"es","@id":"https:\/\/digital58.com.ve\/site\/2022\/01\/15\/espana-supera-los-ocho-millones-de-casos-de-covid-19\/#primaryimage","url":"https:\/\/digital58.com.ve\/site\/wp-content\/uploads\/2020\/05\/espa\u00f1a-11.jpg","contentUrl":"https:\/\/digital58.com.ve\/site\/wp-content\/uploads\/2020\/05\/espa\u00f1a-11.jpg","width":800,"height":433},{"@type":"BreadcrumbList","@id":"https:\/\/digital58.com.ve\/site\/2022\/01\/15\/espana-supera-los-ocho-millones-de-casos-de-covid-19\/#breadcrumb","itemListElement":[{"@type":"ListItem","position":1,"name":"Home","item":"https:\/\/digital58.com.ve\/site\/"},{"@type":"ListItem","position":2,"name":"Espa\u00f1a supera los ocho millones de casos de COVID-19"}]},{"@type":"WebSite","@id":"https:\/\/digital58.com.ve\/site\/#website","url":"https:\/\/digital58.com.ve\/site\/","name":"Noticias Digital58","description":"Portal de Noticias \u00a1Periodismo web de verdad! Lanzamiento web 22.11.2005 \/ Maracaibo, Venezuela","publisher":{"@id":"https:\/\/digital58.com.ve\/site\/#\/schema\/person\/64d1c2e4d0d4fd1b849980c4331c2951"},"alternateName":"ND58","potentialAction":[{"@type":"SearchAction","target":{"@type":"EntryPoint","urlTemplate":"https:\/\/digital58.com.ve\/site\/?s={search_term_string}"},"query-input":{"@type":"PropertyValueSpecification","valueRequired":true,"valueName":"search_term_string"}}],"inLanguage":"es"},{"@type":["Person","Organization"],"@id":"https:\/\/digital58.com.ve\/site\/#\/schema\/person\/64d1c2e4d0d4fd1b849980c4331c2951","name":"Villasmil Henry","image":{"@type":"ImageObject","inLanguage":"es","@id":"https:\/\/secure.gravatar.com\/avatar\/bb0c4a2fcb7970138239f7e404ea75757b1b507b28b5ce4c53fbd62d797c5a7c?s=96&d=mm&r=g","url":"https:\/\/secure.gravatar.com\/avatar\/bb0c4a2fcb7970138239f7e404ea75757b1b507b28b5ce4c53fbd62d797c5a7c?s=96&d=mm&r=g","contentUrl":"https:\/\/secure.gravatar.com\/avatar\/bb0c4a2fcb7970138239f7e404ea75757b1b507b28b5ce4c53fbd62d797c5a7c?s=96&d=mm&r=g","caption":"Villasmil Henry"},"logo":{"@id":"https:\/\/secure.gravatar.com\/avatar\/bb0c4a2fcb7970138239f7e404ea75757b1b507b28b5ce4c53fbd62d797c5a7c?s=96&d=mm&r=g"},"sameAs":["http:\/\/www.henryvillasmil.com.ve","https:\/\/www.instagram.com\/villasmilhfoto\/","https:\/\/x.com\/https:\/\/twitter.com\/villasmilhfoto"],"url":"https:\/\/digital58.com.ve\/site\/author\/droopy_68\/"}]}},"uagb_featured_image_src":{"full":["https:\/\/digital58.com.ve\/site\/wp-content\/uploads\/2020\/05\/espa\u00f1a-11.jpg",800,433,false],"thumbnail":["https:\/\/digital58.com.ve\/site\/wp-content\/uploads\/2020\/05\/espa\u00f1a-11-150x150.jpg",150,150,true],"medium":["https:\/\/digital58.com.ve\/site\/wp-content\/uploads\/2020\/05\/espa\u00f1a-11-300x162.jpg",300,162,true],"medium_large":["https:\/\/digital58.com.ve\/site\/wp-content\/uploads\/2020\/05\/espa\u00f1a-11-768x415.jpg",768,415,true],"large":["https:\/\/digital58.com.ve\/site\/wp-content\/uploads\/2020\/05\/espa\u00f1a-11.jpg",800,433,false],"1536x1536":["https:\/\/digital58.com.ve\/site\/wp-content\/uploads\/2020\/05\/espa\u00f1a-11.jpg",800,433,false],"2048x2048":["https:\/\/digital58.com.ve\/site\/wp-content\/uploads\/2020\/05\/espa\u00f1a-11.jpg",800,433,false],"colormag-highlighted-post":["https:\/\/digital58.com.ve\/site\/wp-content\/uploads\/2020\/05\/espa\u00f1a-11.jpg",392,212,false],"colormag-featured-post-medium":["https:\/\/digital58.com.ve\/site\/wp-content\/uploads\/2020\/05\/espa\u00f1a-11.jpg",379,205,false],"colormag-featured-post-small":["https:\/\/digital58.com.ve\/site\/wp-content\/uploads\/2020\/05\/espa\u00f1a-11.jpg",130,70,false],"colormag-featured-image":["https:\/\/digital58.com.ve\/site\/wp-content\/uploads\/2020\/05\/espa\u00f1a-11.jpg",800,433,false],"colormag-default-news":["https:\/\/digital58.com.ve\/site\/wp-content\/uploads\/2020\/05\/espa\u00f1a-11.jpg",150,81,false],"colormag-featured-image-large":["https:\/\/digital58.com.ve\/site\/wp-content\/uploads\/2020\/05\/espa\u00f1a-11.jpg",800,433,false]},"uagb_author_info":{"display_name":"Villasmil Henry","author_link":"https:\/\/digital58.com.ve\/site\/author\/droopy_68\/"},"uagb_comment_info":0,"uagb_excerpt":"El 90,4 por ciento de la poblaci\u00f3n de mayores de 12 a\u00f1os ya ha recibido la pauta completa (dos dosis)","_links":{"self":[{"href":"https:\/\/digital58.com.ve\/site\/wp-json\/wp\/v2\/posts\/146768","targetHints":{"allow":["GET"]}}],"collection":[{"href":"https:\/\/digital58.com.ve\/site\/wp-json\/wp\/v2\/posts"}],"about":[{"href":"https:\/\/digital58.com.ve\/site\/wp-json\/wp\/v2\/types\/post"}],"author":[{"embeddable":true,"href":"https:\/\/digital58.com.ve\/site\/wp-json\/wp\/v2\/users\/1"}],"replies":[{"embeddable":true,"href":"https:\/\/digital58.com.ve\/site\/wp-json\/wp\/v2\/comments?post=146768"}],"version-history":[{"count":0,"href":"https:\/\/digital58.com.ve\/site\/wp-json\/wp\/v2\/posts\/146768\/revisions"}],"wp:featuredmedia":[{"embeddable":true,"href":"https:\/\/digital58.com.ve\/site\/wp-json\/wp\/v2\/media\/98259"}],"wp:attachment":[{"href":"https:\/\/digital58.com.ve\/site\/wp-json\/wp\/v2\/media?parent=146768"}],"wp:term":[{"taxonomy":"category","embeddable":true,"href":"https:\/\/digital58.com.ve\/site\/wp-json\/wp\/v2\/categories?post=146768"},{"taxonomy":"post_tag","embeddable":true,"href":"https:\/\/digital58.com.ve\/site\/wp-json\/wp\/v2\/tags?post=146768"}],"curies":[{"name":"wp","href":"https:\/\/api.w.org\/{rel}","templated":true}]}}