{"id":146828,"date":"2022-01-15T22:37:53","date_gmt":"2022-01-16T02:37:53","guid":{"rendered":"https:\/\/digital58.com.ve\/site\/?p=146828"},"modified":"2022-01-15T22:37:53","modified_gmt":"2022-01-16T02:37:53","slug":"una-semana-de-copa-africana-del-color-inaugural-a-los-estadios-semi-vacios-y-las-redes-en-silencio","status":"publish","type":"post","link":"https:\/\/digital58.com.ve\/site\/2022\/01\/15\/una-semana-de-copa-africana-del-color-inaugural-a-los-estadios-semi-vacios-y-las-redes-en-silencio\/","title":{"rendered":"Una semana de Copa Africana: del color inaugural a los estadios semi vac\u00edos y las redes en silencio"},"content":{"rendered":"<p><a href=\"https:\/\/digital58.com.ve\/site\/wp-content\/uploads\/2022\/01\/copa-africa-2022.jpg\"><img loading=\"lazy\" decoding=\"async\" class=\"aligncenter size-full wp-image-146829\" src=\"https:\/\/digital58.com.ve\/site\/wp-content\/uploads\/2022\/01\/copa-africa-2022.jpg\" alt=\"\" width=\"900\" height=\"619\" srcset=\"https:\/\/digital58.com.ve\/site\/wp-content\/uploads\/2022\/01\/copa-africa-2022.jpg 900w, https:\/\/digital58.com.ve\/site\/wp-content\/uploads\/2022\/01\/copa-africa-2022-300x206.jpg 300w, https:\/\/digital58.com.ve\/site\/wp-content\/uploads\/2022\/01\/copa-africa-2022-768x528.jpg 768w\" sizes=\"auto, (max-width: 900px) 100vw, 900px\" \/><\/a><\/p>\n<p>Camer\u00fan esper\u00f3 con ansiedad su oportunidad de albergar la Copa Africana de Naciones, 50 a\u00f1os despu\u00e9s de su \u00faltima vez como anfitri\u00f3n. Pero, m\u00e1s all\u00e1 del entusiasmo notorio en las calles, los primeros d\u00edas del torneo estuvieron marcados por partidos sin demasiadas emociones y escenarios casi sin espectadores. Aunque la tendencia muestra signos de cambio.<\/p>\n<p><strong>Internacionales, 15 de enero de 2022 (ND58).-<\/strong> En las calles de Yaund\u00e9, la Copa Africana de Naciones es omnipresente. Las banderas de los 24 participantes adornan rutas, bares y edificios, en l\u00ednea con la hospitalidad de los cameruneses, que lucen orgullosos de recibir a los visitantes extranjeros.<\/p>\n<p>Las obras de los estadios tambi\u00e9n ocupan un lugar importante en los carteles de la v\u00eda p\u00fablica, as\u00ed como la figura del todopoderoso presidente Paul Biya, de 88 a\u00f1os y en el cargo desde 1982.<\/p>\n<p>La realizaci\u00f3n de la CAN era ansiada por los cameruneses, que hab\u00edan sido anfitriones del certamen por \u00faltima vez en 1972.<\/p>\n<p>Una ansiedad alimentada por dos postergaciones que alargaron la espera: el pa\u00eds deb\u00eda recibir la cita de 2019, pero esta le fue retirada por no haber cumplido a tiempo con las obras de infraestructura necesarias; aun as\u00ed, se le adjudic\u00f3 la de 2021, que se reprogram\u00f3 para inicios de 2022 por la pandemia de la COVID-19.<\/p>\n<p>Sin embargo, el entusiasmo general ha chocado con dos grandes obst\u00e1culos en la primera semana: la imagen de estadios imponentes semi vac\u00edos y la falta de goles, ambos hechos que comienzan a mostrar indicios de torcerse.<\/p>\n<p>Protocolos estrictos y precios altos, detr\u00e1s de la ausencia de p\u00fablico<\/p>\n<p>Camer\u00fan es un pa\u00eds apasionado por el f\u00fatbol y, sobre todo, por su selecci\u00f3n, los \u00abLeones Indomables\u00bb. Por eso no sorprendi\u00f3 ver una ceremonia inaugural \u2014de alta factura est\u00e9tica\u2014 con fuerte acompa\u00f1amiento del p\u00fablico y mucho color y fervor en las tribunas.<\/p>\n<p>Claro que era un d\u00eda de gala, bajo la atenta mirada de Biya, del presidente de la Confederaci\u00f3n Africana de F\u00fatbol (CAF), Patrice Motsepe; y del mandatario de la FIFA, Gianni Infantino, reprobado por buena parte de los asistentes al partido de apertura, en rechazo a los intentos del mandam\u00e1s del f\u00fatbol global para cancelar la CAN 2021.<\/p>\n<p>Camer\u00fan venci\u00f3 2-1 a Burkina Faso en el primer juego y la fiesta fue completa. Pero un pu\u00f1ado de minutos despu\u00e9s del \u00abpitazo\u00bb final, las tribunas se vaciaron y dio paso a la postal m\u00e1s repetida de la primera fecha de la fase de grupos: un estadio despoblado, aun cuando las normas impuestas por la CAF permiten hasta un 80 por ciento de asistencia en los partidos de Camer\u00fan y de hasta un 60 por ciento de asistencia en los juegos de las dem\u00e1s selecciones.<\/p>\n<p>Entre los motivos, sobresale el estricto protocolo sanitario, que exige la vacunaci\u00f3n y una prueba negativa de COVID-19 para ingresar a los escenarios (72 horas previas si es PCR y 24 si es de ant\u00edgenos). La medida choca con el escepticismo reinante entre los cameruneses, que en su mayor\u00eda se reh\u00fasan a la inmunizaci\u00f3n: en el pa\u00eds, apenas un 2,5 por ciento de los ciudadanos tiene la pauta completa, seg\u00fan las \u00faltimas cifras oficiales conocidas.<\/p>\n<p>El contraste se da con las llamadas \u00abfan zones\u00bb habilitadas en las ciudades para la reuni\u00f3n de los fan\u00e1ticos. Estos espacios, donde no rigen los protocolos, se han visto repletos de simpatizantes para observar los partidos.<\/p>\n<p>Otro motivo es el precio de las entradas, que comienzan en 3.000 francos CFA (unos 4,5 euros) y se elevan hasta los 8.000 (12 euros), cifras que se elevar\u00e1n en las instancias m\u00e1s decisivas. Se trata de valores demasiado altos para los ciudadanos de un pa\u00eds que tiene un salario m\u00ednimo de alrededor de 45.000 francos CFA (unos 68 euros).<\/p>\n<p>Consciente de que la imagen de estadios vac\u00edos perjudica el mensaje pasional y de uni\u00f3n construido por el Gobierno, las autoridades nacionales han hecho varios llamados para que la gente acompa\u00f1e los encuentros.<\/p>\n<p>Y adoptaron una medida particular: desde el lunes 17 de enero y hasta el 4 de febrero, el horario escolar se extender\u00e1 de 7:30 a 13 horas, mientras que las actividades profesionales se realizar\u00e1n de 7:30 a 14. Una decisi\u00f3n que busca liberar a las personas para que asistan a los estadios, aunque se presume insuficiente.<\/p>\n<p>Por su parte, gobiernos regionales y locales tambi\u00e9n han comenzado a implementar acciones para facilitar el transporte de las personas a los estadios. Los primeros resultados comenzaron a verse en los encuentros de la segunda fecha, que mostraron una mejor concurrencia.<\/p>\n<p><strong>La sequ\u00eda de goles marc\u00f3 la primera fecha del torneo<\/strong><\/p>\n<p>Apenas 12 tantos marcados en los primeros 12 partidos. Ese fue el saldo de la primera fecha de la fase de grupos de la CAN en Camer\u00fan, un balance pobre en comparaci\u00f3n con otros inicios del torneo.<\/p>\n<p>Al pa\u00eds, y pese a las presiones de los clubes europeos, llegaron los mejores jugadores africanos: el egipcio Mohamed Salah, el senegal\u00e9s Sadio Man\u00e9, el argelino Riyad Mahrez, el gabon\u00e9s Pierre-Emerick Aubameyang y el marfile\u00f1o S\u00e9bastien Haller, entre otros.<\/p>\n<p>Pero las redes no se inflaron a la altura de esas estrellas, al menos en la ronda inicial. Tampoco el nivel futbol\u00edstico de los equipos fue elevado.<\/p>\n<p>Esta minicrisis puede entenderse desde varios \u00e1ngulos: por un lado, es habitual que los torneos comiencen de manera lenta, mientras los equipos se adaptan al ambiente, el clima y dem\u00e1s.<\/p>\n<p>Por otra parte, para aquellos seleccionados con mayor\u00eda de jugadores en el f\u00fatbol europeo, el tiempo de preparaci\u00f3n previo al torneo fue muy breve, ya que las instituciones recibieron un permiso de la FIFA para liberar a sus elementos reci\u00e9n a partir del 3 de enero. Si a esto le sumamos que casi todas las plantillas han sufrido contagios de COVID-19 en sus filas, la puesta a punto ha sido ca\u00f3tica.<\/p>\n<p>Pero, de nuevo, hay se\u00f1ales positivas para revertir la situaci\u00f3n: en la segunda fecha, hasta el Nigeria 3-1 Sud\u00e1n, se hab\u00edan convertido 17 tantos en siete partidos.<\/p>\n<p>En la cancha, Camer\u00fan ruge, los favoritos no deslumbran y un \u00e1rbitro protagoniza un confuso episodio<\/p>\n<p>En lo estrictamente deportivo, para los anfitriones el torneo marcha sobre ruedas. Camer\u00fan logr\u00f3 dos victorias en sus primeras presentaciones, con un sufrido 2-1 sobre Burkina Faso y una goleada 4-1 ante Etiop\u00eda.<\/p>\n<p>El capit\u00e1n de los \u00abLeones Indomables\u00bb, Vincent Aboubakar, marc\u00f3 4 goles y forma una dupla temible con Karl Toko-Ekambi, autor de los dos tantos restantes.<\/p>\n<p>As\u00ed, las ilusiones de los locales de conseguir su sexta CAN crecen. M\u00e1s a\u00fan porque los grandes favoritos a\u00fan no han mostrado credenciales: la campeona vigente y principal aspirante Argelia no pudo pasar del 0-0 ante Sierra Leona; Senegal, plagado de estrellas, aunque afectado por la COVID-19, suma cuatro puntos pero sus actuaciones son muy pobres; Egipto se estren\u00f3 con derrota, anemia ofensiva y bajo nivel de Salah.<\/p>\n<p>Y equipos como Marruecos o Costa de Marfil han cumplido, pero sin brillar. En contrapartida, conjuntos como Nigeria o Gab\u00f3n, que llegaron enfrascados en problemas, comenzaron a pie firme.<\/p>\n<p>Pero la imagen m\u00e1s repetida de la primera fecha del certamen fue la de un \u00e1rbitro, el zambiano Janny Sikazwe, protagonista de un confuso y controvertido episodio en la victoria 1-0 de Mali sobre T\u00fanez.<\/p>\n<p>El juez, que supo dirigir la final de la CAN 2017 y fue mundialista en Rusia 2018, dio por terminado el partido a los 85 minutos. Cuando le hicieron notar su error, reanud\u00f3 el juego, pero solo para volver a finalizarlo de manera anticipada al minutos 89,50 esta vez sin dar el brazo a torcer. Sin tiempo de descuento en un partido que hab\u00eda tenido dos penales, una expulsi\u00f3n y seis ventanas de cambios.<\/p>\n<p>Aunque hubo un intento de recuperar algo del tiempo, T\u00fanez se rehus\u00f3 a volver al campo de juego y eligi\u00f3 presentar una queja ante la CAF, la cual fue desestimada.<\/p>\n<p>La explicaci\u00f3n extraoficial sobre el episodio fue que el colegiado habr\u00eda sufrido desorientaci\u00f3n como consecuencia de un golpe de calor, una versi\u00f3n que no ha tenido confirmaci\u00f3n. Mientras tanto, su continuidad en el torneo est\u00e1 en entredicho.<\/p>\n<p><strong>Redacci\u00f3n ND58 | Fuente: Federico Cu\u00e9 Barberena\/France24\/Reuters<\/strong><br \/>\n<strong>Edici\u00f3n: Villasmil, Henry<\/strong><br \/>\n<strong>Grafica: Reuters<\/strong><\/p>\n<p>&nbsp;<\/p>\n<p>&nbsp;<\/p><div class=\"mtyer69f4d09849ea1\" ><p style=\"text-align: center;\"><a href=\"https:\/\/t.me\/noticiasdigital58\" target=\"_blank\" rel=\"noopener\"><img class=\"aligncenter size-full wp-image-125363\" src=\"https:\/\/digital58.com.ve\/site\/wp-content\/uploads\/2021\/04\/banner-telegram-web-2021.png\" alt=\"\" width=\"600\" height=\"90\" \/><\/a><\/p><\/div><style type=\"text\/css\">\r\n@media screen and (min-width: 1201px) {\r\n.mtyer69f4d09849ea1 {\r\ndisplay: block;\r\n}\r\n}\r\n@media screen and (min-width: 993px) and (max-width: 1200px) {\r\n.mtyer69f4d09849ea1 {\r\ndisplay: block;\r\n}\r\n}\r\n@media screen and (min-width: 769px) and (max-width: 992px) {\r\n.mtyer69f4d09849ea1 {\r\ndisplay: block;\r\n}\r\n}\r\n@media screen and (min-width: 768px) and (max-width: 768px) {\r\n.mtyer69f4d09849ea1 {\r\ndisplay: block;\r\n}\r\n}\r\n@media screen and (max-width: 767px) {\r\n.mtyer69f4d09849ea1 {\r\ndisplay: block;\r\n}\r\n}\r\n<\/style>\r\n\n<p>&nbsp;<\/p>\n<div style=\"margin-top: 0px; margin-bottom: 0px;\" class=\"sharethis-inline-share-buttons\" ><\/div>","protected":false},"excerpt":{"rendered":"<p>Camer\u00fan esper\u00f3 con ansiedad su oportunidad de albergar la Copa Africana de Naciones, 50 a\u00f1os despu\u00e9s de su \u00faltima vez<\/p>\n","protected":false},"author":1,"featured_media":146829,"comment_status":"open","ping_status":"closed","sticky":false,"template":"","format":"standard","meta":{"colormag_page_container_layout":"default_layout","colormag_page_sidebar_layout":"default_layout","_uag_custom_page_level_css":"","footnotes":""},"categories":[5402],"tags":[1162,395,4319,26727,26725,26726,283,13,41,2887],"class_list":["post-146828","post","type-post","status-publish","format-standard","has-post-thumbnail","hentry","category-deportes","tag-africa","tag-caf","tag-camerun","tag-confederacion-africana-de-futbol","tag-copa-africana-de-naciones","tag-copa-africana-de-naciones-2022","tag-fifa","tag-futbol","tag-futbol-internacional","tag-internacional"],"yoast_head":"<!-- This site is optimized with the Yoast SEO plugin v27.5 - https:\/\/yoast.com\/product\/yoast-seo-wordpress\/ -->\n<title>Una semana de Copa Africana: del color inaugural a los estadios semi vac\u00edos y las redes en silencio<\/title>\n<meta name=\"description\" content=\"Deportes\" \/>\n<meta name=\"robots\" content=\"index, follow, max-snippet:-1, max-image-preview:large, max-video-preview:-1\" \/>\n<link rel=\"canonical\" href=\"https:\/\/digital58.com.ve\/site\/2022\/01\/15\/una-semana-de-copa-africana-del-color-inaugural-a-los-estadios-semi-vacios-y-las-redes-en-silencio\/\" \/>\n<meta property=\"og:locale\" content=\"es_ES\" \/>\n<meta property=\"og:type\" content=\"article\" \/>\n<meta property=\"og:title\" content=\"Una semana de Copa Africana: del color inaugural a los estadios semi vac\u00edos y las redes en silencio\" \/>\n<meta property=\"og:description\" content=\"Deportes\" \/>\n<meta property=\"og:url\" content=\"https:\/\/digital58.com.ve\/site\/2022\/01\/15\/una-semana-de-copa-africana-del-color-inaugural-a-los-estadios-semi-vacios-y-las-redes-en-silencio\/\" \/>\n<meta property=\"og:site_name\" content=\"Noticias Digital58\" \/>\n<meta property=\"article:published_time\" content=\"2022-01-16T02:37:53+00:00\" \/>\n<meta property=\"og:image\" content=\"https:\/\/digital58.com.ve\/site\/wp-content\/uploads\/2022\/01\/copa-africa-2022.jpg\" \/>\n\t<meta property=\"og:image:width\" content=\"900\" \/>\n\t<meta property=\"og:image:height\" content=\"619\" \/>\n\t<meta property=\"og:image:type\" content=\"image\/jpeg\" \/>\n<meta name=\"author\" content=\"Villasmil Henry\" \/>\n<meta name=\"twitter:card\" content=\"summary_large_image\" \/>\n<meta name=\"twitter:creator\" content=\"@https:\/\/twitter.com\/villasmilhfoto\" \/>\n<meta name=\"twitter:site\" content=\"@villasmilhfoto\" \/>\n<meta name=\"twitter:label1\" content=\"Escrito por\" \/>\n\t<meta name=\"twitter:data1\" content=\"Villasmil Henry\" \/>\n\t<meta name=\"twitter:label2\" content=\"Tiempo estimado de lectura\" \/>\n\t<meta name=\"twitter:data2\" content=\"7 minutos\" \/>\n<script type=\"application\/ld+json\" class=\"yoast-schema-graph\">{\"@context\":\"https:\\\/\\\/schema.org\",\"@graph\":[{\"@type\":\"Article\",\"@id\":\"https:\\\/\\\/digital58.com.ve\\\/site\\\/2022\\\/01\\\/15\\\/una-semana-de-copa-africana-del-color-inaugural-a-los-estadios-semi-vacios-y-las-redes-en-silencio\\\/#article\",\"isPartOf\":{\"@id\":\"https:\\\/\\\/digital58.com.ve\\\/site\\\/2022\\\/01\\\/15\\\/una-semana-de-copa-africana-del-color-inaugural-a-los-estadios-semi-vacios-y-las-redes-en-silencio\\\/\"},\"author\":{\"name\":\"Villasmil Henry\",\"@id\":\"https:\\\/\\\/digital58.com.ve\\\/site\\\/#\\\/schema\\\/person\\\/64d1c2e4d0d4fd1b849980c4331c2951\"},\"headline\":\"Una semana de Copa Africana: del color inaugural a los estadios semi vac\u00edos y las redes en silencio\",\"datePublished\":\"2022-01-16T02:37:53+00:00\",\"mainEntityOfPage\":{\"@id\":\"https:\\\/\\\/digital58.com.ve\\\/site\\\/2022\\\/01\\\/15\\\/una-semana-de-copa-africana-del-color-inaugural-a-los-estadios-semi-vacios-y-las-redes-en-silencio\\\/\"},\"wordCount\":1429,\"commentCount\":0,\"publisher\":{\"@id\":\"https:\\\/\\\/digital58.com.ve\\\/site\\\/#\\\/schema\\\/person\\\/64d1c2e4d0d4fd1b849980c4331c2951\"},\"image\":{\"@id\":\"https:\\\/\\\/digital58.com.ve\\\/site\\\/2022\\\/01\\\/15\\\/una-semana-de-copa-africana-del-color-inaugural-a-los-estadios-semi-vacios-y-las-redes-en-silencio\\\/#primaryimage\"},\"thumbnailUrl\":\"https:\\\/\\\/digital58.com.ve\\\/site\\\/wp-content\\\/uploads\\\/2022\\\/01\\\/copa-africa-2022.jpg\",\"keywords\":[\"\u00c1frica\",\"CAF\",\"Camer\u00fan\",\"Confederaci\u00f3n Africana de F\u00fatbol\",\"Copa Africana de Naciones\",\"Copa Africana de Naciones 2022\",\"Fifa\",\"F\u00fatbol\",\"F\u00fatbol Internacional\",\"Internacional\"],\"articleSection\":[\"Deportes\"],\"inLanguage\":\"es\",\"potentialAction\":[{\"@type\":\"CommentAction\",\"name\":\"Comment\",\"target\":[\"https:\\\/\\\/digital58.com.ve\\\/site\\\/2022\\\/01\\\/15\\\/una-semana-de-copa-africana-del-color-inaugural-a-los-estadios-semi-vacios-y-las-redes-en-silencio\\\/#respond\"]}]},{\"@type\":\"WebPage\",\"@id\":\"https:\\\/\\\/digital58.com.ve\\\/site\\\/2022\\\/01\\\/15\\\/una-semana-de-copa-africana-del-color-inaugural-a-los-estadios-semi-vacios-y-las-redes-en-silencio\\\/\",\"url\":\"https:\\\/\\\/digital58.com.ve\\\/site\\\/2022\\\/01\\\/15\\\/una-semana-de-copa-africana-del-color-inaugural-a-los-estadios-semi-vacios-y-las-redes-en-silencio\\\/\",\"name\":\"Una semana de Copa Africana: del color inaugural a los estadios semi vac\u00edos y las redes en silencio\",\"isPartOf\":{\"@id\":\"https:\\\/\\\/digital58.com.ve\\\/site\\\/#website\"},\"primaryImageOfPage\":{\"@id\":\"https:\\\/\\\/digital58.com.ve\\\/site\\\/2022\\\/01\\\/15\\\/una-semana-de-copa-africana-del-color-inaugural-a-los-estadios-semi-vacios-y-las-redes-en-silencio\\\/#primaryimage\"},\"image\":{\"@id\":\"https:\\\/\\\/digital58.com.ve\\\/site\\\/2022\\\/01\\\/15\\\/una-semana-de-copa-africana-del-color-inaugural-a-los-estadios-semi-vacios-y-las-redes-en-silencio\\\/#primaryimage\"},\"thumbnailUrl\":\"https:\\\/\\\/digital58.com.ve\\\/site\\\/wp-content\\\/uploads\\\/2022\\\/01\\\/copa-africa-2022.jpg\",\"datePublished\":\"2022-01-16T02:37:53+00:00\",\"description\":\"Deportes\",\"breadcrumb\":{\"@id\":\"https:\\\/\\\/digital58.com.ve\\\/site\\\/2022\\\/01\\\/15\\\/una-semana-de-copa-africana-del-color-inaugural-a-los-estadios-semi-vacios-y-las-redes-en-silencio\\\/#breadcrumb\"},\"inLanguage\":\"es\",\"potentialAction\":[{\"@type\":\"ReadAction\",\"target\":[\"https:\\\/\\\/digital58.com.ve\\\/site\\\/2022\\\/01\\\/15\\\/una-semana-de-copa-africana-del-color-inaugural-a-los-estadios-semi-vacios-y-las-redes-en-silencio\\\/\"]}]},{\"@type\":\"ImageObject\",\"inLanguage\":\"es\",\"@id\":\"https:\\\/\\\/digital58.com.ve\\\/site\\\/2022\\\/01\\\/15\\\/una-semana-de-copa-africana-del-color-inaugural-a-los-estadios-semi-vacios-y-las-redes-en-silencio\\\/#primaryimage\",\"url\":\"https:\\\/\\\/digital58.com.ve\\\/site\\\/wp-content\\\/uploads\\\/2022\\\/01\\\/copa-africa-2022.jpg\",\"contentUrl\":\"https:\\\/\\\/digital58.com.ve\\\/site\\\/wp-content\\\/uploads\\\/2022\\\/01\\\/copa-africa-2022.jpg\",\"width\":900,\"height\":619},{\"@type\":\"BreadcrumbList\",\"@id\":\"https:\\\/\\\/digital58.com.ve\\\/site\\\/2022\\\/01\\\/15\\\/una-semana-de-copa-africana-del-color-inaugural-a-los-estadios-semi-vacios-y-las-redes-en-silencio\\\/#breadcrumb\",\"itemListElement\":[{\"@type\":\"ListItem\",\"position\":1,\"name\":\"Home\",\"item\":\"https:\\\/\\\/digital58.com.ve\\\/site\\\/\"},{\"@type\":\"ListItem\",\"position\":2,\"name\":\"Una semana de Copa Africana: del color inaugural a los estadios semi vac\u00edos y las redes en silencio\"}]},{\"@type\":\"WebSite\",\"@id\":\"https:\\\/\\\/digital58.com.ve\\\/site\\\/#website\",\"url\":\"https:\\\/\\\/digital58.com.ve\\\/site\\\/\",\"name\":\"Noticias Digital58\",\"description\":\"Portal de Noticias \u00a1Periodismo web de verdad! Lanzamiento web 22.11.2005 \\\/ Maracaibo, Venezuela\",\"publisher\":{\"@id\":\"https:\\\/\\\/digital58.com.ve\\\/site\\\/#\\\/schema\\\/person\\\/64d1c2e4d0d4fd1b849980c4331c2951\"},\"alternateName\":\"ND58\",\"potentialAction\":[{\"@type\":\"SearchAction\",\"target\":{\"@type\":\"EntryPoint\",\"urlTemplate\":\"https:\\\/\\\/digital58.com.ve\\\/site\\\/?s={search_term_string}\"},\"query-input\":{\"@type\":\"PropertyValueSpecification\",\"valueRequired\":true,\"valueName\":\"search_term_string\"}}],\"inLanguage\":\"es\"},{\"@type\":[\"Person\",\"Organization\"],\"@id\":\"https:\\\/\\\/digital58.com.ve\\\/site\\\/#\\\/schema\\\/person\\\/64d1c2e4d0d4fd1b849980c4331c2951\",\"name\":\"Villasmil Henry\",\"image\":{\"@type\":\"ImageObject\",\"inLanguage\":\"es\",\"@id\":\"https:\\\/\\\/secure.gravatar.com\\\/avatar\\\/bb0c4a2fcb7970138239f7e404ea75757b1b507b28b5ce4c53fbd62d797c5a7c?s=96&d=mm&r=g\",\"url\":\"https:\\\/\\\/secure.gravatar.com\\\/avatar\\\/bb0c4a2fcb7970138239f7e404ea75757b1b507b28b5ce4c53fbd62d797c5a7c?s=96&d=mm&r=g\",\"contentUrl\":\"https:\\\/\\\/secure.gravatar.com\\\/avatar\\\/bb0c4a2fcb7970138239f7e404ea75757b1b507b28b5ce4c53fbd62d797c5a7c?s=96&d=mm&r=g\",\"caption\":\"Villasmil Henry\"},\"logo\":{\"@id\":\"https:\\\/\\\/secure.gravatar.com\\\/avatar\\\/bb0c4a2fcb7970138239f7e404ea75757b1b507b28b5ce4c53fbd62d797c5a7c?s=96&d=mm&r=g\"},\"sameAs\":[\"http:\\\/\\\/www.henryvillasmil.com.ve\",\"https:\\\/\\\/www.instagram.com\\\/villasmilhfoto\\\/\",\"https:\\\/\\\/x.com\\\/https:\\\/\\\/twitter.com\\\/villasmilhfoto\"],\"url\":\"https:\\\/\\\/digital58.com.ve\\\/site\\\/author\\\/droopy_68\\\/\"}]}<\/script>\n<!-- \/ Yoast SEO plugin. -->","yoast_head_json":{"title":"Una semana de Copa Africana: del color inaugural a los estadios semi vac\u00edos y las redes en silencio","description":"Deportes","robots":{"index":"index","follow":"follow","max-snippet":"max-snippet:-1","max-image-preview":"max-image-preview:large","max-video-preview":"max-video-preview:-1"},"canonical":"https:\/\/digital58.com.ve\/site\/2022\/01\/15\/una-semana-de-copa-africana-del-color-inaugural-a-los-estadios-semi-vacios-y-las-redes-en-silencio\/","og_locale":"es_ES","og_type":"article","og_title":"Una semana de Copa Africana: del color inaugural a los estadios semi vac\u00edos y las redes en silencio","og_description":"Deportes","og_url":"https:\/\/digital58.com.ve\/site\/2022\/01\/15\/una-semana-de-copa-africana-del-color-inaugural-a-los-estadios-semi-vacios-y-las-redes-en-silencio\/","og_site_name":"Noticias Digital58","article_published_time":"2022-01-16T02:37:53+00:00","og_image":[{"width":900,"height":619,"url":"https:\/\/digital58.com.ve\/site\/wp-content\/uploads\/2022\/01\/copa-africa-2022.jpg","type":"image\/jpeg"}],"author":"Villasmil Henry","twitter_card":"summary_large_image","twitter_creator":"@https:\/\/twitter.com\/villasmilhfoto","twitter_site":"@villasmilhfoto","twitter_misc":{"Escrito por":"Villasmil Henry","Tiempo estimado de lectura":"7 minutos"},"schema":{"@context":"https:\/\/schema.org","@graph":[{"@type":"Article","@id":"https:\/\/digital58.com.ve\/site\/2022\/01\/15\/una-semana-de-copa-africana-del-color-inaugural-a-los-estadios-semi-vacios-y-las-redes-en-silencio\/#article","isPartOf":{"@id":"https:\/\/digital58.com.ve\/site\/2022\/01\/15\/una-semana-de-copa-africana-del-color-inaugural-a-los-estadios-semi-vacios-y-las-redes-en-silencio\/"},"author":{"name":"Villasmil Henry","@id":"https:\/\/digital58.com.ve\/site\/#\/schema\/person\/64d1c2e4d0d4fd1b849980c4331c2951"},"headline":"Una semana de Copa Africana: del color inaugural a los estadios semi vac\u00edos y las redes en silencio","datePublished":"2022-01-16T02:37:53+00:00","mainEntityOfPage":{"@id":"https:\/\/digital58.com.ve\/site\/2022\/01\/15\/una-semana-de-copa-africana-del-color-inaugural-a-los-estadios-semi-vacios-y-las-redes-en-silencio\/"},"wordCount":1429,"commentCount":0,"publisher":{"@id":"https:\/\/digital58.com.ve\/site\/#\/schema\/person\/64d1c2e4d0d4fd1b849980c4331c2951"},"image":{"@id":"https:\/\/digital58.com.ve\/site\/2022\/01\/15\/una-semana-de-copa-africana-del-color-inaugural-a-los-estadios-semi-vacios-y-las-redes-en-silencio\/#primaryimage"},"thumbnailUrl":"https:\/\/digital58.com.ve\/site\/wp-content\/uploads\/2022\/01\/copa-africa-2022.jpg","keywords":["\u00c1frica","CAF","Camer\u00fan","Confederaci\u00f3n Africana de F\u00fatbol","Copa Africana de Naciones","Copa Africana de Naciones 2022","Fifa","F\u00fatbol","F\u00fatbol Internacional","Internacional"],"articleSection":["Deportes"],"inLanguage":"es","potentialAction":[{"@type":"CommentAction","name":"Comment","target":["https:\/\/digital58.com.ve\/site\/2022\/01\/15\/una-semana-de-copa-africana-del-color-inaugural-a-los-estadios-semi-vacios-y-las-redes-en-silencio\/#respond"]}]},{"@type":"WebPage","@id":"https:\/\/digital58.com.ve\/site\/2022\/01\/15\/una-semana-de-copa-africana-del-color-inaugural-a-los-estadios-semi-vacios-y-las-redes-en-silencio\/","url":"https:\/\/digital58.com.ve\/site\/2022\/01\/15\/una-semana-de-copa-africana-del-color-inaugural-a-los-estadios-semi-vacios-y-las-redes-en-silencio\/","name":"Una semana de Copa Africana: del color inaugural a los estadios semi vac\u00edos y las redes en silencio","isPartOf":{"@id":"https:\/\/digital58.com.ve\/site\/#website"},"primaryImageOfPage":{"@id":"https:\/\/digital58.com.ve\/site\/2022\/01\/15\/una-semana-de-copa-africana-del-color-inaugural-a-los-estadios-semi-vacios-y-las-redes-en-silencio\/#primaryimage"},"image":{"@id":"https:\/\/digital58.com.ve\/site\/2022\/01\/15\/una-semana-de-copa-africana-del-color-inaugural-a-los-estadios-semi-vacios-y-las-redes-en-silencio\/#primaryimage"},"thumbnailUrl":"https:\/\/digital58.com.ve\/site\/wp-content\/uploads\/2022\/01\/copa-africa-2022.jpg","datePublished":"2022-01-16T02:37:53+00:00","description":"Deportes","breadcrumb":{"@id":"https:\/\/digital58.com.ve\/site\/2022\/01\/15\/una-semana-de-copa-africana-del-color-inaugural-a-los-estadios-semi-vacios-y-las-redes-en-silencio\/#breadcrumb"},"inLanguage":"es","potentialAction":[{"@type":"ReadAction","target":["https:\/\/digital58.com.ve\/site\/2022\/01\/15\/una-semana-de-copa-africana-del-color-inaugural-a-los-estadios-semi-vacios-y-las-redes-en-silencio\/"]}]},{"@type":"ImageObject","inLanguage":"es","@id":"https:\/\/digital58.com.ve\/site\/2022\/01\/15\/una-semana-de-copa-africana-del-color-inaugural-a-los-estadios-semi-vacios-y-las-redes-en-silencio\/#primaryimage","url":"https:\/\/digital58.com.ve\/site\/wp-content\/uploads\/2022\/01\/copa-africa-2022.jpg","contentUrl":"https:\/\/digital58.com.ve\/site\/wp-content\/uploads\/2022\/01\/copa-africa-2022.jpg","width":900,"height":619},{"@type":"BreadcrumbList","@id":"https:\/\/digital58.com.ve\/site\/2022\/01\/15\/una-semana-de-copa-africana-del-color-inaugural-a-los-estadios-semi-vacios-y-las-redes-en-silencio\/#breadcrumb","itemListElement":[{"@type":"ListItem","position":1,"name":"Home","item":"https:\/\/digital58.com.ve\/site\/"},{"@type":"ListItem","position":2,"name":"Una semana de Copa Africana: del color inaugural a los estadios semi vac\u00edos y las redes en silencio"}]},{"@type":"WebSite","@id":"https:\/\/digital58.com.ve\/site\/#website","url":"https:\/\/digital58.com.ve\/site\/","name":"Noticias Digital58","description":"Portal de Noticias \u00a1Periodismo web de verdad! Lanzamiento web 22.11.2005 \/ Maracaibo, Venezuela","publisher":{"@id":"https:\/\/digital58.com.ve\/site\/#\/schema\/person\/64d1c2e4d0d4fd1b849980c4331c2951"},"alternateName":"ND58","potentialAction":[{"@type":"SearchAction","target":{"@type":"EntryPoint","urlTemplate":"https:\/\/digital58.com.ve\/site\/?s={search_term_string}"},"query-input":{"@type":"PropertyValueSpecification","valueRequired":true,"valueName":"search_term_string"}}],"inLanguage":"es"},{"@type":["Person","Organization"],"@id":"https:\/\/digital58.com.ve\/site\/#\/schema\/person\/64d1c2e4d0d4fd1b849980c4331c2951","name":"Villasmil Henry","image":{"@type":"ImageObject","inLanguage":"es","@id":"https:\/\/secure.gravatar.com\/avatar\/bb0c4a2fcb7970138239f7e404ea75757b1b507b28b5ce4c53fbd62d797c5a7c?s=96&d=mm&r=g","url":"https:\/\/secure.gravatar.com\/avatar\/bb0c4a2fcb7970138239f7e404ea75757b1b507b28b5ce4c53fbd62d797c5a7c?s=96&d=mm&r=g","contentUrl":"https:\/\/secure.gravatar.com\/avatar\/bb0c4a2fcb7970138239f7e404ea75757b1b507b28b5ce4c53fbd62d797c5a7c?s=96&d=mm&r=g","caption":"Villasmil Henry"},"logo":{"@id":"https:\/\/secure.gravatar.com\/avatar\/bb0c4a2fcb7970138239f7e404ea75757b1b507b28b5ce4c53fbd62d797c5a7c?s=96&d=mm&r=g"},"sameAs":["http:\/\/www.henryvillasmil.com.ve","https:\/\/www.instagram.com\/villasmilhfoto\/","https:\/\/x.com\/https:\/\/twitter.com\/villasmilhfoto"],"url":"https:\/\/digital58.com.ve\/site\/author\/droopy_68\/"}]}},"uagb_featured_image_src":{"full":["https:\/\/digital58.com.ve\/site\/wp-content\/uploads\/2022\/01\/copa-africa-2022.jpg",900,619,false],"thumbnail":["https:\/\/digital58.com.ve\/site\/wp-content\/uploads\/2022\/01\/copa-africa-2022-150x150.jpg",150,150,true],"medium":["https:\/\/digital58.com.ve\/site\/wp-content\/uploads\/2022\/01\/copa-africa-2022-300x206.jpg",300,206,true],"medium_large":["https:\/\/digital58.com.ve\/site\/wp-content\/uploads\/2022\/01\/copa-africa-2022-768x528.jpg",768,528,true],"large":["https:\/\/digital58.com.ve\/site\/wp-content\/uploads\/2022\/01\/copa-africa-2022.jpg",800,550,false],"1536x1536":["https:\/\/digital58.com.ve\/site\/wp-content\/uploads\/2022\/01\/copa-africa-2022.jpg",900,619,false],"2048x2048":["https:\/\/digital58.com.ve\/site\/wp-content\/uploads\/2022\/01\/copa-africa-2022.jpg",900,619,false],"colormag-highlighted-post":["https:\/\/digital58.com.ve\/site\/wp-content\/uploads\/2022\/01\/copa-africa-2022.jpg",392,270,false],"colormag-featured-post-medium":["https:\/\/digital58.com.ve\/site\/wp-content\/uploads\/2022\/01\/copa-africa-2022.jpg",298,205,false],"colormag-featured-post-small":["https:\/\/digital58.com.ve\/site\/wp-content\/uploads\/2022\/01\/copa-africa-2022.jpg",130,90,false],"colormag-featured-image":["https:\/\/digital58.com.ve\/site\/wp-content\/uploads\/2022\/01\/copa-africa-2022.jpg",647,445,false],"colormag-default-news":["https:\/\/digital58.com.ve\/site\/wp-content\/uploads\/2022\/01\/copa-africa-2022.jpg",150,103,false],"colormag-featured-image-large":["https:\/\/digital58.com.ve\/site\/wp-content\/uploads\/2022\/01\/copa-africa-2022.jpg",872,600,false]},"uagb_author_info":{"display_name":"Villasmil Henry","author_link":"https:\/\/digital58.com.ve\/site\/author\/droopy_68\/"},"uagb_comment_info":0,"uagb_excerpt":"Camer\u00fan esper\u00f3 con ansiedad su oportunidad de albergar la Copa Africana de Naciones, 50 a\u00f1os despu\u00e9s de su \u00faltima vez","_links":{"self":[{"href":"https:\/\/digital58.com.ve\/site\/wp-json\/wp\/v2\/posts\/146828","targetHints":{"allow":["GET"]}}],"collection":[{"href":"https:\/\/digital58.com.ve\/site\/wp-json\/wp\/v2\/posts"}],"about":[{"href":"https:\/\/digital58.com.ve\/site\/wp-json\/wp\/v2\/types\/post"}],"author":[{"embeddable":true,"href":"https:\/\/digital58.com.ve\/site\/wp-json\/wp\/v2\/users\/1"}],"replies":[{"embeddable":true,"href":"https:\/\/digital58.com.ve\/site\/wp-json\/wp\/v2\/comments?post=146828"}],"version-history":[{"count":0,"href":"https:\/\/digital58.com.ve\/site\/wp-json\/wp\/v2\/posts\/146828\/revisions"}],"wp:featuredmedia":[{"embeddable":true,"href":"https:\/\/digital58.com.ve\/site\/wp-json\/wp\/v2\/media\/146829"}],"wp:attachment":[{"href":"https:\/\/digital58.com.ve\/site\/wp-json\/wp\/v2\/media?parent=146828"}],"wp:term":[{"taxonomy":"category","embeddable":true,"href":"https:\/\/digital58.com.ve\/site\/wp-json\/wp\/v2\/categories?post=146828"},{"taxonomy":"post_tag","embeddable":true,"href":"https:\/\/digital58.com.ve\/site\/wp-json\/wp\/v2\/tags?post=146828"}],"curies":[{"name":"wp","href":"https:\/\/api.w.org\/{rel}","templated":true}]}}