{"id":146831,"date":"2022-01-15T22:52:40","date_gmt":"2022-01-16T02:52:40","guid":{"rendered":"https:\/\/digital58.com.ve\/site\/?p=146831"},"modified":"2022-01-15T22:52:40","modified_gmt":"2022-01-16T02:52:40","slug":"maduro-ve-preocupante-el-incremento-de-casos-de-la-covid-19-en-venezuela","status":"publish","type":"post","link":"https:\/\/digital58.com.ve\/site\/2022\/01\/15\/maduro-ve-preocupante-el-incremento-de-casos-de-la-covid-19-en-venezuela\/","title":{"rendered":"Maduro ve \u00abpreocupante\u00bb el incremento de casos de la COVID-19 en Venezuela"},"content":{"rendered":"<p><a href=\"https:\/\/digital58.com.ve\/site\/wp-content\/uploads\/2022\/01\/nicolas-maduro-myc-2.jpg\"><img loading=\"lazy\" decoding=\"async\" class=\"aligncenter size-full wp-image-146832\" src=\"https:\/\/digital58.com.ve\/site\/wp-content\/uploads\/2022\/01\/nicolas-maduro-myc-2.jpg\" alt=\"\" width=\"900\" height=\"600\" srcset=\"https:\/\/digital58.com.ve\/site\/wp-content\/uploads\/2022\/01\/nicolas-maduro-myc-2.jpg 900w, https:\/\/digital58.com.ve\/site\/wp-content\/uploads\/2022\/01\/nicolas-maduro-myc-2-300x200.jpg 300w, https:\/\/digital58.com.ve\/site\/wp-content\/uploads\/2022\/01\/nicolas-maduro-myc-2-768x512.jpg 768w, https:\/\/digital58.com.ve\/site\/wp-content\/uploads\/2022\/01\/nicolas-maduro-myc-2-720x480.jpg 720w, https:\/\/digital58.com.ve\/site\/wp-content\/uploads\/2022\/01\/nicolas-maduro-myc-2-480x320.jpg 480w\" sizes=\"auto, (max-width: 900px) 100vw, 900px\" \/><\/a><\/p>\n<p>El presidente de Venezuela, Nicol\u00e1s Maduro, expres\u00f3 este s\u00e1bado su preocupaci\u00f3n por el incremento de casos de COVID-19 en el pa\u00eds caribe\u00f1o en los \u00faltimos 15 d\u00edas.<\/p>\n<p><strong>Caracas, DC, Venezuela, 15 de enero de 2022 (ND58).-<\/strong> \u00abEn la \u00faltima semana de diciembre y primera semana de enero, Venezuela logr\u00f3 un r\u00e9cord en la disminuci\u00f3n de los casos de la COVIDd-19 y llegamos a cinco casos por 100.000 habitantes, pero despu\u00e9s se expres\u00f3 la \u00abhora loca\u00bb y hoy, 15 de enero, tengo que decir que hemos llegado a 18 casos por 100.000 habitantes\u00bb, indic\u00f3 el mandatario en la rendici\u00f3n anual de su gesti\u00f3n en el Parlamento.<\/p>\n<p>Maduro asegur\u00f3 que esto representa un \u00abcrecimiento exponencial\u00bb de contagios en Venezuela, lo que calific\u00f3 como \u00abpreocupante\u00bb, e hizo un llamamiento a los ciudadanos para que mantengan las medidas de prevenci\u00f3n y se vacunen.<\/p>\n<p>\u00abAfortunadamente, tenemos suficientes vacunas para vacunar a toda la poblaci\u00f3n venezolana mayor de dos a\u00f1os todo 2022\u00bb, afirm\u00f3.<\/p>\n<p>A\u00f1adi\u00f3 que en el pa\u00eds caribe\u00f1o se est\u00e1 inmunizado con la vacuna rusa Sputnik Light, la cubana Abdala y \u00abvarias\u00bb provenientes de China.<\/p>\n<p>\u00abAs\u00ed que vamos a cuidarnos, yo he dicho y no quiero que se manipule, que nosotros no renunciamos a las medidas de protecci\u00f3n\u00bb, apunt\u00f3.<\/p>\n<p>El mandatario orden\u00f3 una flexibilizaci\u00f3n en las medidas de cuarentena desde el 1 de noviembre que se mantiene hasta la fecha.<\/p>\n<p>Venezuela acumula 452.430 casos de cla COVIDd-19 desde el inicio de la pandemia, as\u00ed como 5.376 fallecidos.<\/p>\n<p>El mi\u00e9rcoles, el m\u00e9dico internista, infect\u00f3logo y profesor de la Universidad Central de Venezuela (UCV) Julio Castro alert\u00f3 de evidencias de \u00abalta transmisi\u00f3n\u00bb de COVID-19 en el \u00e1rea metropolitana de Caracas, por lo que pidi\u00f3 extremar las precauciones ante esta situaci\u00f3n.<\/p>\n<p>El especialista se\u00f1al\u00f3, a trav\u00e9s de su cuenta de Twitter, que muchos de estos casos podr\u00edan tratarse de la variante omicr\u00f3n, ya que se han detectado numerosos contagios en entornos multitudinarios, como fiestas, reuniones o playas.<\/p><div class=\"kitbp69f4487dd8878\" ><p style=\"text-align: center;\"><a href=\"https:\/\/t.me\/noticiasdigital58\" target=\"_blank\" rel=\"noopener\"><img class=\"aligncenter size-full wp-image-125363\" src=\"https:\/\/digital58.com.ve\/site\/wp-content\/uploads\/2021\/04\/banner-telegram-web-2021.png\" alt=\"\" width=\"600\" height=\"90\" \/><\/a><\/p><\/div><style type=\"text\/css\">\r\n@media screen and (min-width: 1201px) {\r\n.kitbp69f4487dd8878 {\r\ndisplay: block;\r\n}\r\n}\r\n@media screen and (min-width: 993px) and (max-width: 1200px) {\r\n.kitbp69f4487dd8878 {\r\ndisplay: block;\r\n}\r\n}\r\n@media screen and (min-width: 769px) and (max-width: 992px) {\r\n.kitbp69f4487dd8878 {\r\ndisplay: block;\r\n}\r\n}\r\n@media screen and (min-width: 768px) and (max-width: 768px) {\r\n.kitbp69f4487dd8878 {\r\ndisplay: block;\r\n}\r\n}\r\n@media screen and (max-width: 767px) {\r\n.kitbp69f4487dd8878 {\r\ndisplay: block;\r\n}\r\n}\r\n<\/style>\r\n\n<p><strong>Redacci\u00f3n ND58 | Fuente: EFE<\/strong><br \/>\n<strong>Edici\u00f3n: Villasmil, Henry<\/strong><br \/>\n<strong>Gr\u00e1fica: EFE<\/strong><\/p>\n<div style=\"margin-top: 0px; margin-bottom: 0px;\" class=\"sharethis-inline-share-buttons\" ><\/div>","protected":false},"excerpt":{"rendered":"<p>El presidente de Venezuela, Nicol\u00e1s Maduro, expres\u00f3 este s\u00e1bado su preocupaci\u00f3n por el incremento de casos de COVID-19 en el<\/p>\n","protected":false},"author":1,"featured_media":146832,"comment_status":"open","ping_status":"closed","sticky":false,"template":"","format":"standard","meta":{"colormag_page_container_layout":"default_layout","colormag_page_sidebar_layout":"default_layout","_uag_custom_page_level_css":"","footnotes":""},"categories":[16454],"tags":[29,13352,13648,1818,13199,233,14182,26721,13723,11941],"class_list":["post-146831","post","type-post","status-publish","format-standard","has-post-thumbnail","hentry","category-venezuela","tag-caracas","tag-coronavirus","tag-covid-19","tag-gobierno-nacional","tag-memoria-y-cuenta","tag-nacionales","tag-nicolas-maduro-moros","tag-palacio-federal-legislativo","tag-pandemia","tag-presidencia-de-venezuela"],"yoast_head":"<!-- This site is optimized with the Yoast SEO plugin v27.5 - https:\/\/yoast.com\/product\/yoast-seo-wordpress\/ -->\n<title>Maduro ve \u00abpreocupante\u00bb el incremento de casos de la COVID-19 en Venezuela<\/title>\n<meta name=\"description\" content=\"Venezuela\" \/>\n<meta name=\"robots\" content=\"index, follow, max-snippet:-1, max-image-preview:large, max-video-preview:-1\" \/>\n<link rel=\"canonical\" href=\"https:\/\/digital58.com.ve\/site\/2022\/01\/15\/maduro-ve-preocupante-el-incremento-de-casos-de-la-covid-19-en-venezuela\/\" \/>\n<meta property=\"og:locale\" content=\"es_ES\" \/>\n<meta property=\"og:type\" content=\"article\" \/>\n<meta property=\"og:title\" content=\"Maduro ve \u00abpreocupante\u00bb el incremento de casos de la COVID-19 en Venezuela\" \/>\n<meta property=\"og:description\" content=\"Venezuela\" \/>\n<meta property=\"og:url\" content=\"https:\/\/digital58.com.ve\/site\/2022\/01\/15\/maduro-ve-preocupante-el-incremento-de-casos-de-la-covid-19-en-venezuela\/\" \/>\n<meta property=\"og:site_name\" content=\"Noticias Digital58\" \/>\n<meta property=\"article:published_time\" content=\"2022-01-16T02:52:40+00:00\" \/>\n<meta property=\"og:image\" content=\"https:\/\/digital58.com.ve\/site\/wp-content\/uploads\/2022\/01\/nicolas-maduro-myc-2.jpg\" \/>\n\t<meta property=\"og:image:width\" content=\"900\" \/>\n\t<meta property=\"og:image:height\" content=\"600\" \/>\n\t<meta property=\"og:image:type\" content=\"image\/jpeg\" \/>\n<meta name=\"author\" content=\"Villasmil Henry\" \/>\n<meta name=\"twitter:card\" content=\"summary_large_image\" \/>\n<meta name=\"twitter:creator\" content=\"@https:\/\/twitter.com\/villasmilhfoto\" \/>\n<meta name=\"twitter:site\" content=\"@villasmilhfoto\" \/>\n<meta name=\"twitter:label1\" content=\"Escrito por\" \/>\n\t<meta name=\"twitter:data1\" content=\"Villasmil Henry\" \/>\n\t<meta name=\"twitter:label2\" content=\"Tiempo estimado de lectura\" \/>\n\t<meta name=\"twitter:data2\" content=\"2 minutos\" \/>\n<script type=\"application\/ld+json\" class=\"yoast-schema-graph\">{\"@context\":\"https:\\\/\\\/schema.org\",\"@graph\":[{\"@type\":\"Article\",\"@id\":\"https:\\\/\\\/digital58.com.ve\\\/site\\\/2022\\\/01\\\/15\\\/maduro-ve-preocupante-el-incremento-de-casos-de-la-covid-19-en-venezuela\\\/#article\",\"isPartOf\":{\"@id\":\"https:\\\/\\\/digital58.com.ve\\\/site\\\/2022\\\/01\\\/15\\\/maduro-ve-preocupante-el-incremento-de-casos-de-la-covid-19-en-venezuela\\\/\"},\"author\":{\"name\":\"Villasmil Henry\",\"@id\":\"https:\\\/\\\/digital58.com.ve\\\/site\\\/#\\\/schema\\\/person\\\/64d1c2e4d0d4fd1b849980c4331c2951\"},\"headline\":\"Maduro ve \u00abpreocupante\u00bb el incremento de casos de la COVID-19 en Venezuela\",\"datePublished\":\"2022-01-16T02:52:40+00:00\",\"mainEntityOfPage\":{\"@id\":\"https:\\\/\\\/digital58.com.ve\\\/site\\\/2022\\\/01\\\/15\\\/maduro-ve-preocupante-el-incremento-de-casos-de-la-covid-19-en-venezuela\\\/\"},\"wordCount\":361,\"commentCount\":1,\"publisher\":{\"@id\":\"https:\\\/\\\/digital58.com.ve\\\/site\\\/#\\\/schema\\\/person\\\/64d1c2e4d0d4fd1b849980c4331c2951\"},\"image\":{\"@id\":\"https:\\\/\\\/digital58.com.ve\\\/site\\\/2022\\\/01\\\/15\\\/maduro-ve-preocupante-el-incremento-de-casos-de-la-covid-19-en-venezuela\\\/#primaryimage\"},\"thumbnailUrl\":\"https:\\\/\\\/digital58.com.ve\\\/site\\\/wp-content\\\/uploads\\\/2022\\\/01\\\/nicolas-maduro-myc-2.jpg\",\"keywords\":[\"Caracas\",\"Coronavirus\",\"COVID-19\",\"Gobierno Nacional\",\"Memoria y cuenta\",\"Nacionales\",\"Nicol\u00e1s Maduro Moros\",\"Palacio Federal Legislativo\",\"Pandemia\",\"Presidencia de Venezuela\"],\"articleSection\":[\"Venezuela\"],\"inLanguage\":\"es\",\"potentialAction\":[{\"@type\":\"CommentAction\",\"name\":\"Comment\",\"target\":[\"https:\\\/\\\/digital58.com.ve\\\/site\\\/2022\\\/01\\\/15\\\/maduro-ve-preocupante-el-incremento-de-casos-de-la-covid-19-en-venezuela\\\/#respond\"]}]},{\"@type\":\"WebPage\",\"@id\":\"https:\\\/\\\/digital58.com.ve\\\/site\\\/2022\\\/01\\\/15\\\/maduro-ve-preocupante-el-incremento-de-casos-de-la-covid-19-en-venezuela\\\/\",\"url\":\"https:\\\/\\\/digital58.com.ve\\\/site\\\/2022\\\/01\\\/15\\\/maduro-ve-preocupante-el-incremento-de-casos-de-la-covid-19-en-venezuela\\\/\",\"name\":\"Maduro ve \u00abpreocupante\u00bb el incremento de casos de la COVID-19 en Venezuela\",\"isPartOf\":{\"@id\":\"https:\\\/\\\/digital58.com.ve\\\/site\\\/#website\"},\"primaryImageOfPage\":{\"@id\":\"https:\\\/\\\/digital58.com.ve\\\/site\\\/2022\\\/01\\\/15\\\/maduro-ve-preocupante-el-incremento-de-casos-de-la-covid-19-en-venezuela\\\/#primaryimage\"},\"image\":{\"@id\":\"https:\\\/\\\/digital58.com.ve\\\/site\\\/2022\\\/01\\\/15\\\/maduro-ve-preocupante-el-incremento-de-casos-de-la-covid-19-en-venezuela\\\/#primaryimage\"},\"thumbnailUrl\":\"https:\\\/\\\/digital58.com.ve\\\/site\\\/wp-content\\\/uploads\\\/2022\\\/01\\\/nicolas-maduro-myc-2.jpg\",\"datePublished\":\"2022-01-16T02:52:40+00:00\",\"description\":\"Venezuela\",\"breadcrumb\":{\"@id\":\"https:\\\/\\\/digital58.com.ve\\\/site\\\/2022\\\/01\\\/15\\\/maduro-ve-preocupante-el-incremento-de-casos-de-la-covid-19-en-venezuela\\\/#breadcrumb\"},\"inLanguage\":\"es\",\"potentialAction\":[{\"@type\":\"ReadAction\",\"target\":[\"https:\\\/\\\/digital58.com.ve\\\/site\\\/2022\\\/01\\\/15\\\/maduro-ve-preocupante-el-incremento-de-casos-de-la-covid-19-en-venezuela\\\/\"]}]},{\"@type\":\"ImageObject\",\"inLanguage\":\"es\",\"@id\":\"https:\\\/\\\/digital58.com.ve\\\/site\\\/2022\\\/01\\\/15\\\/maduro-ve-preocupante-el-incremento-de-casos-de-la-covid-19-en-venezuela\\\/#primaryimage\",\"url\":\"https:\\\/\\\/digital58.com.ve\\\/site\\\/wp-content\\\/uploads\\\/2022\\\/01\\\/nicolas-maduro-myc-2.jpg\",\"contentUrl\":\"https:\\\/\\\/digital58.com.ve\\\/site\\\/wp-content\\\/uploads\\\/2022\\\/01\\\/nicolas-maduro-myc-2.jpg\",\"width\":900,\"height\":600},{\"@type\":\"BreadcrumbList\",\"@id\":\"https:\\\/\\\/digital58.com.ve\\\/site\\\/2022\\\/01\\\/15\\\/maduro-ve-preocupante-el-incremento-de-casos-de-la-covid-19-en-venezuela\\\/#breadcrumb\",\"itemListElement\":[{\"@type\":\"ListItem\",\"position\":1,\"name\":\"Home\",\"item\":\"https:\\\/\\\/digital58.com.ve\\\/site\\\/\"},{\"@type\":\"ListItem\",\"position\":2,\"name\":\"Maduro ve \u00abpreocupante\u00bb el incremento de casos de la COVID-19 en Venezuela\"}]},{\"@type\":\"WebSite\",\"@id\":\"https:\\\/\\\/digital58.com.ve\\\/site\\\/#website\",\"url\":\"https:\\\/\\\/digital58.com.ve\\\/site\\\/\",\"name\":\"Noticias Digital58\",\"description\":\"Portal de Noticias \u00a1Periodismo web de verdad! Lanzamiento web 22.11.2005 \\\/ Maracaibo, Venezuela\",\"publisher\":{\"@id\":\"https:\\\/\\\/digital58.com.ve\\\/site\\\/#\\\/schema\\\/person\\\/64d1c2e4d0d4fd1b849980c4331c2951\"},\"alternateName\":\"ND58\",\"potentialAction\":[{\"@type\":\"SearchAction\",\"target\":{\"@type\":\"EntryPoint\",\"urlTemplate\":\"https:\\\/\\\/digital58.com.ve\\\/site\\\/?s={search_term_string}\"},\"query-input\":{\"@type\":\"PropertyValueSpecification\",\"valueRequired\":true,\"valueName\":\"search_term_string\"}}],\"inLanguage\":\"es\"},{\"@type\":[\"Person\",\"Organization\"],\"@id\":\"https:\\\/\\\/digital58.com.ve\\\/site\\\/#\\\/schema\\\/person\\\/64d1c2e4d0d4fd1b849980c4331c2951\",\"name\":\"Villasmil Henry\",\"image\":{\"@type\":\"ImageObject\",\"inLanguage\":\"es\",\"@id\":\"https:\\\/\\\/secure.gravatar.com\\\/avatar\\\/bb0c4a2fcb7970138239f7e404ea75757b1b507b28b5ce4c53fbd62d797c5a7c?s=96&d=mm&r=g\",\"url\":\"https:\\\/\\\/secure.gravatar.com\\\/avatar\\\/bb0c4a2fcb7970138239f7e404ea75757b1b507b28b5ce4c53fbd62d797c5a7c?s=96&d=mm&r=g\",\"contentUrl\":\"https:\\\/\\\/secure.gravatar.com\\\/avatar\\\/bb0c4a2fcb7970138239f7e404ea75757b1b507b28b5ce4c53fbd62d797c5a7c?s=96&d=mm&r=g\",\"caption\":\"Villasmil Henry\"},\"logo\":{\"@id\":\"https:\\\/\\\/secure.gravatar.com\\\/avatar\\\/bb0c4a2fcb7970138239f7e404ea75757b1b507b28b5ce4c53fbd62d797c5a7c?s=96&d=mm&r=g\"},\"sameAs\":[\"http:\\\/\\\/www.henryvillasmil.com.ve\",\"https:\\\/\\\/www.instagram.com\\\/villasmilhfoto\\\/\",\"https:\\\/\\\/x.com\\\/https:\\\/\\\/twitter.com\\\/villasmilhfoto\"],\"url\":\"https:\\\/\\\/digital58.com.ve\\\/site\\\/author\\\/droopy_68\\\/\"}]}<\/script>\n<!-- \/ Yoast SEO plugin. -->","yoast_head_json":{"title":"Maduro ve \u00abpreocupante\u00bb el incremento de casos de la COVID-19 en Venezuela","description":"Venezuela","robots":{"index":"index","follow":"follow","max-snippet":"max-snippet:-1","max-image-preview":"max-image-preview:large","max-video-preview":"max-video-preview:-1"},"canonical":"https:\/\/digital58.com.ve\/site\/2022\/01\/15\/maduro-ve-preocupante-el-incremento-de-casos-de-la-covid-19-en-venezuela\/","og_locale":"es_ES","og_type":"article","og_title":"Maduro ve \u00abpreocupante\u00bb el incremento de casos de la COVID-19 en Venezuela","og_description":"Venezuela","og_url":"https:\/\/digital58.com.ve\/site\/2022\/01\/15\/maduro-ve-preocupante-el-incremento-de-casos-de-la-covid-19-en-venezuela\/","og_site_name":"Noticias Digital58","article_published_time":"2022-01-16T02:52:40+00:00","og_image":[{"width":900,"height":600,"url":"https:\/\/digital58.com.ve\/site\/wp-content\/uploads\/2022\/01\/nicolas-maduro-myc-2.jpg","type":"image\/jpeg"}],"author":"Villasmil Henry","twitter_card":"summary_large_image","twitter_creator":"@https:\/\/twitter.com\/villasmilhfoto","twitter_site":"@villasmilhfoto","twitter_misc":{"Escrito por":"Villasmil Henry","Tiempo estimado de lectura":"2 minutos"},"schema":{"@context":"https:\/\/schema.org","@graph":[{"@type":"Article","@id":"https:\/\/digital58.com.ve\/site\/2022\/01\/15\/maduro-ve-preocupante-el-incremento-de-casos-de-la-covid-19-en-venezuela\/#article","isPartOf":{"@id":"https:\/\/digital58.com.ve\/site\/2022\/01\/15\/maduro-ve-preocupante-el-incremento-de-casos-de-la-covid-19-en-venezuela\/"},"author":{"name":"Villasmil Henry","@id":"https:\/\/digital58.com.ve\/site\/#\/schema\/person\/64d1c2e4d0d4fd1b849980c4331c2951"},"headline":"Maduro ve \u00abpreocupante\u00bb el incremento de casos de la COVID-19 en Venezuela","datePublished":"2022-01-16T02:52:40+00:00","mainEntityOfPage":{"@id":"https:\/\/digital58.com.ve\/site\/2022\/01\/15\/maduro-ve-preocupante-el-incremento-de-casos-de-la-covid-19-en-venezuela\/"},"wordCount":361,"commentCount":1,"publisher":{"@id":"https:\/\/digital58.com.ve\/site\/#\/schema\/person\/64d1c2e4d0d4fd1b849980c4331c2951"},"image":{"@id":"https:\/\/digital58.com.ve\/site\/2022\/01\/15\/maduro-ve-preocupante-el-incremento-de-casos-de-la-covid-19-en-venezuela\/#primaryimage"},"thumbnailUrl":"https:\/\/digital58.com.ve\/site\/wp-content\/uploads\/2022\/01\/nicolas-maduro-myc-2.jpg","keywords":["Caracas","Coronavirus","COVID-19","Gobierno Nacional","Memoria y cuenta","Nacionales","Nicol\u00e1s Maduro Moros","Palacio Federal Legislativo","Pandemia","Presidencia de Venezuela"],"articleSection":["Venezuela"],"inLanguage":"es","potentialAction":[{"@type":"CommentAction","name":"Comment","target":["https:\/\/digital58.com.ve\/site\/2022\/01\/15\/maduro-ve-preocupante-el-incremento-de-casos-de-la-covid-19-en-venezuela\/#respond"]}]},{"@type":"WebPage","@id":"https:\/\/digital58.com.ve\/site\/2022\/01\/15\/maduro-ve-preocupante-el-incremento-de-casos-de-la-covid-19-en-venezuela\/","url":"https:\/\/digital58.com.ve\/site\/2022\/01\/15\/maduro-ve-preocupante-el-incremento-de-casos-de-la-covid-19-en-venezuela\/","name":"Maduro ve \u00abpreocupante\u00bb el incremento de casos de la COVID-19 en Venezuela","isPartOf":{"@id":"https:\/\/digital58.com.ve\/site\/#website"},"primaryImageOfPage":{"@id":"https:\/\/digital58.com.ve\/site\/2022\/01\/15\/maduro-ve-preocupante-el-incremento-de-casos-de-la-covid-19-en-venezuela\/#primaryimage"},"image":{"@id":"https:\/\/digital58.com.ve\/site\/2022\/01\/15\/maduro-ve-preocupante-el-incremento-de-casos-de-la-covid-19-en-venezuela\/#primaryimage"},"thumbnailUrl":"https:\/\/digital58.com.ve\/site\/wp-content\/uploads\/2022\/01\/nicolas-maduro-myc-2.jpg","datePublished":"2022-01-16T02:52:40+00:00","description":"Venezuela","breadcrumb":{"@id":"https:\/\/digital58.com.ve\/site\/2022\/01\/15\/maduro-ve-preocupante-el-incremento-de-casos-de-la-covid-19-en-venezuela\/#breadcrumb"},"inLanguage":"es","potentialAction":[{"@type":"ReadAction","target":["https:\/\/digital58.com.ve\/site\/2022\/01\/15\/maduro-ve-preocupante-el-incremento-de-casos-de-la-covid-19-en-venezuela\/"]}]},{"@type":"ImageObject","inLanguage":"es","@id":"https:\/\/digital58.com.ve\/site\/2022\/01\/15\/maduro-ve-preocupante-el-incremento-de-casos-de-la-covid-19-en-venezuela\/#primaryimage","url":"https:\/\/digital58.com.ve\/site\/wp-content\/uploads\/2022\/01\/nicolas-maduro-myc-2.jpg","contentUrl":"https:\/\/digital58.com.ve\/site\/wp-content\/uploads\/2022\/01\/nicolas-maduro-myc-2.jpg","width":900,"height":600},{"@type":"BreadcrumbList","@id":"https:\/\/digital58.com.ve\/site\/2022\/01\/15\/maduro-ve-preocupante-el-incremento-de-casos-de-la-covid-19-en-venezuela\/#breadcrumb","itemListElement":[{"@type":"ListItem","position":1,"name":"Home","item":"https:\/\/digital58.com.ve\/site\/"},{"@type":"ListItem","position":2,"name":"Maduro ve \u00abpreocupante\u00bb el incremento de casos de la COVID-19 en Venezuela"}]},{"@type":"WebSite","@id":"https:\/\/digital58.com.ve\/site\/#website","url":"https:\/\/digital58.com.ve\/site\/","name":"Noticias Digital58","description":"Portal de Noticias \u00a1Periodismo web de verdad! Lanzamiento web 22.11.2005 \/ Maracaibo, Venezuela","publisher":{"@id":"https:\/\/digital58.com.ve\/site\/#\/schema\/person\/64d1c2e4d0d4fd1b849980c4331c2951"},"alternateName":"ND58","potentialAction":[{"@type":"SearchAction","target":{"@type":"EntryPoint","urlTemplate":"https:\/\/digital58.com.ve\/site\/?s={search_term_string}"},"query-input":{"@type":"PropertyValueSpecification","valueRequired":true,"valueName":"search_term_string"}}],"inLanguage":"es"},{"@type":["Person","Organization"],"@id":"https:\/\/digital58.com.ve\/site\/#\/schema\/person\/64d1c2e4d0d4fd1b849980c4331c2951","name":"Villasmil Henry","image":{"@type":"ImageObject","inLanguage":"es","@id":"https:\/\/secure.gravatar.com\/avatar\/bb0c4a2fcb7970138239f7e404ea75757b1b507b28b5ce4c53fbd62d797c5a7c?s=96&d=mm&r=g","url":"https:\/\/secure.gravatar.com\/avatar\/bb0c4a2fcb7970138239f7e404ea75757b1b507b28b5ce4c53fbd62d797c5a7c?s=96&d=mm&r=g","contentUrl":"https:\/\/secure.gravatar.com\/avatar\/bb0c4a2fcb7970138239f7e404ea75757b1b507b28b5ce4c53fbd62d797c5a7c?s=96&d=mm&r=g","caption":"Villasmil Henry"},"logo":{"@id":"https:\/\/secure.gravatar.com\/avatar\/bb0c4a2fcb7970138239f7e404ea75757b1b507b28b5ce4c53fbd62d797c5a7c?s=96&d=mm&r=g"},"sameAs":["http:\/\/www.henryvillasmil.com.ve","https:\/\/www.instagram.com\/villasmilhfoto\/","https:\/\/x.com\/https:\/\/twitter.com\/villasmilhfoto"],"url":"https:\/\/digital58.com.ve\/site\/author\/droopy_68\/"}]}},"uagb_featured_image_src":{"full":["https:\/\/digital58.com.ve\/site\/wp-content\/uploads\/2022\/01\/nicolas-maduro-myc-2.jpg",900,600,false],"thumbnail":["https:\/\/digital58.com.ve\/site\/wp-content\/uploads\/2022\/01\/nicolas-maduro-myc-2-150x150.jpg",150,150,true],"medium":["https:\/\/digital58.com.ve\/site\/wp-content\/uploads\/2022\/01\/nicolas-maduro-myc-2-300x200.jpg",300,200,true],"medium_large":["https:\/\/digital58.com.ve\/site\/wp-content\/uploads\/2022\/01\/nicolas-maduro-myc-2-768x512.jpg",768,512,true],"large":["https:\/\/digital58.com.ve\/site\/wp-content\/uploads\/2022\/01\/nicolas-maduro-myc-2.jpg",800,533,false],"1536x1536":["https:\/\/digital58.com.ve\/site\/wp-content\/uploads\/2022\/01\/nicolas-maduro-myc-2.jpg",900,600,false],"2048x2048":["https:\/\/digital58.com.ve\/site\/wp-content\/uploads\/2022\/01\/nicolas-maduro-myc-2.jpg",900,600,false],"colormag-highlighted-post":["https:\/\/digital58.com.ve\/site\/wp-content\/uploads\/2022\/01\/nicolas-maduro-myc-2.jpg",392,261,false],"colormag-featured-post-medium":["https:\/\/digital58.com.ve\/site\/wp-content\/uploads\/2022\/01\/nicolas-maduro-myc-2.jpg",308,205,false],"colormag-featured-post-small":["https:\/\/digital58.com.ve\/site\/wp-content\/uploads\/2022\/01\/nicolas-maduro-myc-2.jpg",130,87,false],"colormag-featured-image":["https:\/\/digital58.com.ve\/site\/wp-content\/uploads\/2022\/01\/nicolas-maduro-myc-2.jpg",668,445,false],"colormag-default-news":["https:\/\/digital58.com.ve\/site\/wp-content\/uploads\/2022\/01\/nicolas-maduro-myc-2.jpg",150,100,false],"colormag-featured-image-large":["https:\/\/digital58.com.ve\/site\/wp-content\/uploads\/2022\/01\/nicolas-maduro-myc-2.jpg",900,600,false]},"uagb_author_info":{"display_name":"Villasmil Henry","author_link":"https:\/\/digital58.com.ve\/site\/author\/droopy_68\/"},"uagb_comment_info":0,"uagb_excerpt":"El presidente de Venezuela, Nicol\u00e1s Maduro, expres\u00f3 este s\u00e1bado su preocupaci\u00f3n por el incremento de casos de COVID-19 en el","_links":{"self":[{"href":"https:\/\/digital58.com.ve\/site\/wp-json\/wp\/v2\/posts\/146831","targetHints":{"allow":["GET"]}}],"collection":[{"href":"https:\/\/digital58.com.ve\/site\/wp-json\/wp\/v2\/posts"}],"about":[{"href":"https:\/\/digital58.com.ve\/site\/wp-json\/wp\/v2\/types\/post"}],"author":[{"embeddable":true,"href":"https:\/\/digital58.com.ve\/site\/wp-json\/wp\/v2\/users\/1"}],"replies":[{"embeddable":true,"href":"https:\/\/digital58.com.ve\/site\/wp-json\/wp\/v2\/comments?post=146831"}],"version-history":[{"count":0,"href":"https:\/\/digital58.com.ve\/site\/wp-json\/wp\/v2\/posts\/146831\/revisions"}],"wp:featuredmedia":[{"embeddable":true,"href":"https:\/\/digital58.com.ve\/site\/wp-json\/wp\/v2\/media\/146832"}],"wp:attachment":[{"href":"https:\/\/digital58.com.ve\/site\/wp-json\/wp\/v2\/media?parent=146831"}],"wp:term":[{"taxonomy":"category","embeddable":true,"href":"https:\/\/digital58.com.ve\/site\/wp-json\/wp\/v2\/categories?post=146831"},{"taxonomy":"post_tag","embeddable":true,"href":"https:\/\/digital58.com.ve\/site\/wp-json\/wp\/v2\/tags?post=146831"}],"curies":[{"name":"wp","href":"https:\/\/api.w.org\/{rel}","templated":true}]}}