{"id":146878,"date":"2022-01-16T09:45:12","date_gmt":"2022-01-16T13:45:12","guid":{"rendered":"https:\/\/digital58.com.ve\/site\/?p=146878"},"modified":"2022-01-16T09:45:12","modified_gmt":"2022-01-16T13:45:12","slug":"china-confirma-el-primer-caso-de-la-variante-omicron-en-pekin","status":"publish","type":"post","link":"https:\/\/digital58.com.ve\/site\/2022\/01\/16\/china-confirma-el-primer-caso-de-la-variante-omicron-en-pekin\/","title":{"rendered":"China confirma el primer caso de la variante \u00f3micron en Pek\u00edn"},"content":{"rendered":"<p><img loading=\"lazy\" decoding=\"async\" class=\"wp-image-137092 aligncenter\" src=\"https:\/\/digital58.com.ve\/site\/wp-content\/uploads\/2021\/04\/covid-venezuela-300x200.jpg\" alt=\"\" width=\"595\" height=\"396\" srcset=\"https:\/\/digital58.com.ve\/site\/wp-content\/uploads\/2021\/04\/covid-venezuela-300x200.jpg 300w, https:\/\/digital58.com.ve\/site\/wp-content\/uploads\/2021\/04\/covid-venezuela-768x512.jpg 768w, https:\/\/digital58.com.ve\/site\/wp-content\/uploads\/2021\/04\/covid-venezuela-720x480.jpg 720w, https:\/\/digital58.com.ve\/site\/wp-content\/uploads\/2021\/04\/covid-venezuela-480x320.jpg 480w, https:\/\/digital58.com.ve\/site\/wp-content\/uploads\/2021\/04\/covid-venezuela.jpg 800w\" sizes=\"auto, (max-width: 595px) 100vw, 595px\" \/><\/p>\n<p>El hecho ocurre a d\u00edas de que comiencen los Juegos Ol\u00edmpicos de Invierno que se inician el 4 de febrero pr\u00f3ximo.<\/p>\n<p><b>Pek\u00edn<strong>, China, 16 de enero de 2022 (ND58).-<\/strong><\/b> La prensa china inform\u00f3 del primer caso de infecci\u00f3n local de covid-19 derivada de la variante \u00f3micron. La persona infectada vive y trabaja en el distrito de Haidian, en el noroeste de la ciudad, y no ha viajado fuera de Pek\u00edn en las \u00faltimas dos semanas.<\/p>\n<p>En este caso, el infectado experiment\u00f3 los s\u00edntomas el jueves\u00a0 13 de enero y fue sometido a pruebas de covid-19 el viernes, dijeron las autoridades en una conferencia de prensa.<\/p>\n<p>El \u00e1rea donde se encuentra la vivienda del paciente con \u00f3micron, as\u00ed como su lugar de trabajo han sido aislados y las autoridades est\u00e1n realizando pruebas masivas de detecci\u00f3n del coronavirus a las personas vinculadas a ambos lugares.<\/p>\n<p>Hasta el momento, m\u00faltiples ciudades de China han informado de infecciones por \u00f3micron. Entre ellas se encuentran Zhuhai y Zhongshan, en el sur de la provincia de Guangdong, y Tianjin, que se encuentra a 30 minutos de Pek\u00edn en tren de alta velocidad.<\/p>\n<p>Los funcionarios de todo el pa\u00eds han instado a los residentes a permanecer en sus ciudades por el a\u00f1o nuevo, en lugar de viajar a sus ciudades de origen para la celebraci\u00f3n del a\u00f1o nuevo chino.<\/p>\n<p>Hasta ahora, China ha adoptado una estricta pol\u00edtica de \u00abzero-COVID\u201d, con cierre de complejos residenciales e incluso el confinamiento de ciudades entera como ocurri\u00f3 con Xi&#8217;an cuando se descubri\u00f3 un brote local.<\/p><div class=\"mjvvf69f1f0507296b\" ><p style=\"text-align: center;\"><a href=\"https:\/\/t.me\/noticiasdigital58\" target=\"_blank\" rel=\"noopener\"><img class=\"aligncenter size-full wp-image-125363\" src=\"https:\/\/digital58.com.ve\/site\/wp-content\/uploads\/2021\/04\/banner-telegram-web-2021.png\" alt=\"\" width=\"600\" height=\"90\" \/><\/a><\/p><\/div><style type=\"text\/css\">\r\n@media screen and (min-width: 1201px) {\r\n.mjvvf69f1f0507296b {\r\ndisplay: block;\r\n}\r\n}\r\n@media screen and (min-width: 993px) and (max-width: 1200px) {\r\n.mjvvf69f1f0507296b {\r\ndisplay: block;\r\n}\r\n}\r\n@media screen and (min-width: 769px) and (max-width: 992px) {\r\n.mjvvf69f1f0507296b {\r\ndisplay: block;\r\n}\r\n}\r\n@media screen and (min-width: 768px) and (max-width: 768px) {\r\n.mjvvf69f1f0507296b {\r\ndisplay: block;\r\n}\r\n}\r\n@media screen and (max-width: 767px) {\r\n.mjvvf69f1f0507296b {\r\ndisplay: block;\r\n}\r\n}\r\n<\/style>\r\n\n<p><strong>Redacci\u00f3n ND58\/Infante, Victor | Fuente: Agencias<\/strong><br \/>\n<strong>Edici\u00f3n: Villasmil, Henry<\/strong><br \/>\n<strong>Gr\u00e1fica: Archivo<\/strong><\/p>\n<div style=\"margin-top: 0px; margin-bottom: 0px;\" class=\"sharethis-inline-share-buttons\" ><\/div>","protected":false},"excerpt":{"rendered":"<p>El hecho ocurre a d\u00edas de que comiencen los Juegos Ol\u00edmpicos de Invierno que se inician el 4 de febrero<\/p>\n","protected":false},"author":40,"featured_media":137092,"comment_status":"open","ping_status":"closed","sticky":false,"template":"","format":"standard","meta":{"colormag_page_container_layout":"default_layout","colormag_page_sidebar_layout":"default_layout","_uag_custom_page_level_css":"","footnotes":""},"categories":[16451],"tags":[1793,13648,8,26114,13723,6831,13793],"class_list":["post-146878","post","type-post","status-publish","format-standard","has-post-thumbnail","hentry","category-mundo","tag-china","tag-covid-19","tag-internacionales","tag-omicron","tag-pandemia","tag-pekin","tag-sars-cov-2"],"yoast_head":"<!-- This site is optimized with the Yoast SEO plugin v27.5 - https:\/\/yoast.com\/product\/yoast-seo-wordpress\/ -->\n<title>China confirma el primer caso de la variante \u00f3micron en Pek\u00edn<\/title>\n<meta name=\"description\" content=\"Mundo\" \/>\n<meta name=\"robots\" content=\"index, follow, max-snippet:-1, max-image-preview:large, max-video-preview:-1\" \/>\n<link rel=\"canonical\" href=\"https:\/\/digital58.com.ve\/site\/2022\/01\/16\/china-confirma-el-primer-caso-de-la-variante-omicron-en-pekin\/\" \/>\n<meta property=\"og:locale\" content=\"es_ES\" \/>\n<meta property=\"og:type\" content=\"article\" \/>\n<meta property=\"og:title\" content=\"China confirma el primer caso de la variante \u00f3micron en Pek\u00edn\" \/>\n<meta property=\"og:description\" content=\"Mundo\" \/>\n<meta property=\"og:url\" content=\"https:\/\/digital58.com.ve\/site\/2022\/01\/16\/china-confirma-el-primer-caso-de-la-variante-omicron-en-pekin\/\" \/>\n<meta property=\"og:site_name\" content=\"Noticias Digital58\" \/>\n<meta property=\"article:published_time\" content=\"2022-01-16T13:45:12+00:00\" \/>\n<meta property=\"og:image\" content=\"https:\/\/digital58.com.ve\/site\/wp-content\/uploads\/2021\/04\/covid-venezuela.jpg\" \/>\n\t<meta property=\"og:image:width\" content=\"900\" \/>\n\t<meta property=\"og:image:height\" content=\"600\" \/>\n\t<meta property=\"og:image:type\" content=\"image\/jpeg\" \/>\n<meta name=\"author\" content=\"Victor Infante\" \/>\n<meta name=\"twitter:card\" content=\"summary_large_image\" \/>\n<meta name=\"twitter:creator\" content=\"@Digital_58\" \/>\n<meta name=\"twitter:site\" content=\"@villasmilhfoto\" \/>\n<meta name=\"twitter:label1\" content=\"Escrito por\" \/>\n\t<meta name=\"twitter:data1\" content=\"Victor Infante\" \/>\n\t<meta name=\"twitter:label2\" content=\"Tiempo estimado de lectura\" \/>\n\t<meta name=\"twitter:data2\" content=\"2 minutos\" \/>\n<script type=\"application\/ld+json\" class=\"yoast-schema-graph\">{\"@context\":\"https:\\\/\\\/schema.org\",\"@graph\":[{\"@type\":\"Article\",\"@id\":\"https:\\\/\\\/digital58.com.ve\\\/site\\\/2022\\\/01\\\/16\\\/china-confirma-el-primer-caso-de-la-variante-omicron-en-pekin\\\/#article\",\"isPartOf\":{\"@id\":\"https:\\\/\\\/digital58.com.ve\\\/site\\\/2022\\\/01\\\/16\\\/china-confirma-el-primer-caso-de-la-variante-omicron-en-pekin\\\/\"},\"author\":{\"name\":\"Victor Infante\",\"@id\":\"https:\\\/\\\/digital58.com.ve\\\/site\\\/#\\\/schema\\\/person\\\/7c2c83fb27249d7c6f59c30c7f141381\"},\"headline\":\"China confirma el primer caso de la variante \u00f3micron en Pek\u00edn\",\"datePublished\":\"2022-01-16T13:45:12+00:00\",\"mainEntityOfPage\":{\"@id\":\"https:\\\/\\\/digital58.com.ve\\\/site\\\/2022\\\/01\\\/16\\\/china-confirma-el-primer-caso-de-la-variante-omicron-en-pekin\\\/\"},\"wordCount\":293,\"commentCount\":0,\"publisher\":{\"@id\":\"https:\\\/\\\/digital58.com.ve\\\/site\\\/#\\\/schema\\\/person\\\/64d1c2e4d0d4fd1b849980c4331c2951\"},\"image\":{\"@id\":\"https:\\\/\\\/digital58.com.ve\\\/site\\\/2022\\\/01\\\/16\\\/china-confirma-el-primer-caso-de-la-variante-omicron-en-pekin\\\/#primaryimage\"},\"thumbnailUrl\":\"https:\\\/\\\/digital58.com.ve\\\/site\\\/wp-content\\\/uploads\\\/2021\\\/04\\\/covid-venezuela.jpg\",\"keywords\":[\"China\",\"COVID-19\",\"Internacionales\",\"Omicron\",\"Pandemia\",\"Pek\u00edn\",\"SARS-CoV-2\"],\"articleSection\":[\"Mundo\"],\"inLanguage\":\"es\",\"potentialAction\":[{\"@type\":\"CommentAction\",\"name\":\"Comment\",\"target\":[\"https:\\\/\\\/digital58.com.ve\\\/site\\\/2022\\\/01\\\/16\\\/china-confirma-el-primer-caso-de-la-variante-omicron-en-pekin\\\/#respond\"]}]},{\"@type\":\"WebPage\",\"@id\":\"https:\\\/\\\/digital58.com.ve\\\/site\\\/2022\\\/01\\\/16\\\/china-confirma-el-primer-caso-de-la-variante-omicron-en-pekin\\\/\",\"url\":\"https:\\\/\\\/digital58.com.ve\\\/site\\\/2022\\\/01\\\/16\\\/china-confirma-el-primer-caso-de-la-variante-omicron-en-pekin\\\/\",\"name\":\"China confirma el primer caso de la variante \u00f3micron en Pek\u00edn\",\"isPartOf\":{\"@id\":\"https:\\\/\\\/digital58.com.ve\\\/site\\\/#website\"},\"primaryImageOfPage\":{\"@id\":\"https:\\\/\\\/digital58.com.ve\\\/site\\\/2022\\\/01\\\/16\\\/china-confirma-el-primer-caso-de-la-variante-omicron-en-pekin\\\/#primaryimage\"},\"image\":{\"@id\":\"https:\\\/\\\/digital58.com.ve\\\/site\\\/2022\\\/01\\\/16\\\/china-confirma-el-primer-caso-de-la-variante-omicron-en-pekin\\\/#primaryimage\"},\"thumbnailUrl\":\"https:\\\/\\\/digital58.com.ve\\\/site\\\/wp-content\\\/uploads\\\/2021\\\/04\\\/covid-venezuela.jpg\",\"datePublished\":\"2022-01-16T13:45:12+00:00\",\"description\":\"Mundo\",\"breadcrumb\":{\"@id\":\"https:\\\/\\\/digital58.com.ve\\\/site\\\/2022\\\/01\\\/16\\\/china-confirma-el-primer-caso-de-la-variante-omicron-en-pekin\\\/#breadcrumb\"},\"inLanguage\":\"es\",\"potentialAction\":[{\"@type\":\"ReadAction\",\"target\":[\"https:\\\/\\\/digital58.com.ve\\\/site\\\/2022\\\/01\\\/16\\\/china-confirma-el-primer-caso-de-la-variante-omicron-en-pekin\\\/\"]}]},{\"@type\":\"ImageObject\",\"inLanguage\":\"es\",\"@id\":\"https:\\\/\\\/digital58.com.ve\\\/site\\\/2022\\\/01\\\/16\\\/china-confirma-el-primer-caso-de-la-variante-omicron-en-pekin\\\/#primaryimage\",\"url\":\"https:\\\/\\\/digital58.com.ve\\\/site\\\/wp-content\\\/uploads\\\/2021\\\/04\\\/covid-venezuela.jpg\",\"contentUrl\":\"https:\\\/\\\/digital58.com.ve\\\/site\\\/wp-content\\\/uploads\\\/2021\\\/04\\\/covid-venezuela.jpg\",\"width\":800,\"height\":533},{\"@type\":\"BreadcrumbList\",\"@id\":\"https:\\\/\\\/digital58.com.ve\\\/site\\\/2022\\\/01\\\/16\\\/china-confirma-el-primer-caso-de-la-variante-omicron-en-pekin\\\/#breadcrumb\",\"itemListElement\":[{\"@type\":\"ListItem\",\"position\":1,\"name\":\"Home\",\"item\":\"https:\\\/\\\/digital58.com.ve\\\/site\\\/\"},{\"@type\":\"ListItem\",\"position\":2,\"name\":\"China confirma el primer caso de la variante \u00f3micron en Pek\u00edn\"}]},{\"@type\":\"WebSite\",\"@id\":\"https:\\\/\\\/digital58.com.ve\\\/site\\\/#website\",\"url\":\"https:\\\/\\\/digital58.com.ve\\\/site\\\/\",\"name\":\"Noticias Digital58\",\"description\":\"Portal de Noticias \u00a1Periodismo web de verdad! Lanzamiento web 22.11.2005 \\\/ Maracaibo, Venezuela\",\"publisher\":{\"@id\":\"https:\\\/\\\/digital58.com.ve\\\/site\\\/#\\\/schema\\\/person\\\/64d1c2e4d0d4fd1b849980c4331c2951\"},\"alternateName\":\"ND58\",\"potentialAction\":[{\"@type\":\"SearchAction\",\"target\":{\"@type\":\"EntryPoint\",\"urlTemplate\":\"https:\\\/\\\/digital58.com.ve\\\/site\\\/?s={search_term_string}\"},\"query-input\":{\"@type\":\"PropertyValueSpecification\",\"valueRequired\":true,\"valueName\":\"search_term_string\"}}],\"inLanguage\":\"es\"},{\"@type\":[\"Person\",\"Organization\"],\"@id\":\"https:\\\/\\\/digital58.com.ve\\\/site\\\/#\\\/schema\\\/person\\\/64d1c2e4d0d4fd1b849980c4331c2951\",\"name\":\"Villasmil Henry\",\"image\":{\"@type\":\"ImageObject\",\"inLanguage\":\"es\",\"@id\":\"https:\\\/\\\/secure.gravatar.com\\\/avatar\\\/bb0c4a2fcb7970138239f7e404ea75757b1b507b28b5ce4c53fbd62d797c5a7c?s=96&d=mm&r=g\",\"url\":\"https:\\\/\\\/secure.gravatar.com\\\/avatar\\\/bb0c4a2fcb7970138239f7e404ea75757b1b507b28b5ce4c53fbd62d797c5a7c?s=96&d=mm&r=g\",\"contentUrl\":\"https:\\\/\\\/secure.gravatar.com\\\/avatar\\\/bb0c4a2fcb7970138239f7e404ea75757b1b507b28b5ce4c53fbd62d797c5a7c?s=96&d=mm&r=g\",\"caption\":\"Villasmil Henry\"},\"logo\":{\"@id\":\"https:\\\/\\\/secure.gravatar.com\\\/avatar\\\/bb0c4a2fcb7970138239f7e404ea75757b1b507b28b5ce4c53fbd62d797c5a7c?s=96&d=mm&r=g\"},\"sameAs\":[\"http:\\\/\\\/www.henryvillasmil.com.ve\",\"https:\\\/\\\/www.instagram.com\\\/villasmilhfoto\\\/\",\"https:\\\/\\\/x.com\\\/https:\\\/\\\/twitter.com\\\/villasmilhfoto\"]},{\"@type\":\"Person\",\"@id\":\"https:\\\/\\\/digital58.com.ve\\\/site\\\/#\\\/schema\\\/person\\\/7c2c83fb27249d7c6f59c30c7f141381\",\"name\":\"Victor Infante\",\"image\":{\"@type\":\"ImageObject\",\"inLanguage\":\"es\",\"@id\":\"https:\\\/\\\/secure.gravatar.com\\\/avatar\\\/106ae6d84ee67222a78df20df89da71bb5069c89d1fd27272140999a3f842596?s=96&d=mm&r=g\",\"url\":\"https:\\\/\\\/secure.gravatar.com\\\/avatar\\\/106ae6d84ee67222a78df20df89da71bb5069c89d1fd27272140999a3f842596?s=96&d=mm&r=g\",\"contentUrl\":\"https:\\\/\\\/secure.gravatar.com\\\/avatar\\\/106ae6d84ee67222a78df20df89da71bb5069c89d1fd27272140999a3f842596?s=96&d=mm&r=g\",\"caption\":\"Victor Infante\"},\"url\":\"https:\\\/\\\/digital58.com.ve\\\/site\\\/author\\\/vinfante22\\\/\"}]}<\/script>\n<!-- \/ Yoast SEO plugin. -->","yoast_head_json":{"title":"China confirma el primer caso de la variante \u00f3micron en Pek\u00edn","description":"Mundo","robots":{"index":"index","follow":"follow","max-snippet":"max-snippet:-1","max-image-preview":"max-image-preview:large","max-video-preview":"max-video-preview:-1"},"canonical":"https:\/\/digital58.com.ve\/site\/2022\/01\/16\/china-confirma-el-primer-caso-de-la-variante-omicron-en-pekin\/","og_locale":"es_ES","og_type":"article","og_title":"China confirma el primer caso de la variante \u00f3micron en Pek\u00edn","og_description":"Mundo","og_url":"https:\/\/digital58.com.ve\/site\/2022\/01\/16\/china-confirma-el-primer-caso-de-la-variante-omicron-en-pekin\/","og_site_name":"Noticias Digital58","article_published_time":"2022-01-16T13:45:12+00:00","og_image":[{"width":900,"height":600,"url":"https:\/\/digital58.com.ve\/site\/wp-content\/uploads\/2021\/04\/covid-venezuela.jpg","type":"image\/jpeg"}],"author":"Victor Infante","twitter_card":"summary_large_image","twitter_creator":"@Digital_58","twitter_site":"@villasmilhfoto","twitter_misc":{"Escrito por":"Victor Infante","Tiempo estimado de lectura":"2 minutos"},"schema":{"@context":"https:\/\/schema.org","@graph":[{"@type":"Article","@id":"https:\/\/digital58.com.ve\/site\/2022\/01\/16\/china-confirma-el-primer-caso-de-la-variante-omicron-en-pekin\/#article","isPartOf":{"@id":"https:\/\/digital58.com.ve\/site\/2022\/01\/16\/china-confirma-el-primer-caso-de-la-variante-omicron-en-pekin\/"},"author":{"name":"Victor Infante","@id":"https:\/\/digital58.com.ve\/site\/#\/schema\/person\/7c2c83fb27249d7c6f59c30c7f141381"},"headline":"China confirma el primer caso de la variante \u00f3micron en Pek\u00edn","datePublished":"2022-01-16T13:45:12+00:00","mainEntityOfPage":{"@id":"https:\/\/digital58.com.ve\/site\/2022\/01\/16\/china-confirma-el-primer-caso-de-la-variante-omicron-en-pekin\/"},"wordCount":293,"commentCount":0,"publisher":{"@id":"https:\/\/digital58.com.ve\/site\/#\/schema\/person\/64d1c2e4d0d4fd1b849980c4331c2951"},"image":{"@id":"https:\/\/digital58.com.ve\/site\/2022\/01\/16\/china-confirma-el-primer-caso-de-la-variante-omicron-en-pekin\/#primaryimage"},"thumbnailUrl":"https:\/\/digital58.com.ve\/site\/wp-content\/uploads\/2021\/04\/covid-venezuela.jpg","keywords":["China","COVID-19","Internacionales","Omicron","Pandemia","Pek\u00edn","SARS-CoV-2"],"articleSection":["Mundo"],"inLanguage":"es","potentialAction":[{"@type":"CommentAction","name":"Comment","target":["https:\/\/digital58.com.ve\/site\/2022\/01\/16\/china-confirma-el-primer-caso-de-la-variante-omicron-en-pekin\/#respond"]}]},{"@type":"WebPage","@id":"https:\/\/digital58.com.ve\/site\/2022\/01\/16\/china-confirma-el-primer-caso-de-la-variante-omicron-en-pekin\/","url":"https:\/\/digital58.com.ve\/site\/2022\/01\/16\/china-confirma-el-primer-caso-de-la-variante-omicron-en-pekin\/","name":"China confirma el primer caso de la variante \u00f3micron en Pek\u00edn","isPartOf":{"@id":"https:\/\/digital58.com.ve\/site\/#website"},"primaryImageOfPage":{"@id":"https:\/\/digital58.com.ve\/site\/2022\/01\/16\/china-confirma-el-primer-caso-de-la-variante-omicron-en-pekin\/#primaryimage"},"image":{"@id":"https:\/\/digital58.com.ve\/site\/2022\/01\/16\/china-confirma-el-primer-caso-de-la-variante-omicron-en-pekin\/#primaryimage"},"thumbnailUrl":"https:\/\/digital58.com.ve\/site\/wp-content\/uploads\/2021\/04\/covid-venezuela.jpg","datePublished":"2022-01-16T13:45:12+00:00","description":"Mundo","breadcrumb":{"@id":"https:\/\/digital58.com.ve\/site\/2022\/01\/16\/china-confirma-el-primer-caso-de-la-variante-omicron-en-pekin\/#breadcrumb"},"inLanguage":"es","potentialAction":[{"@type":"ReadAction","target":["https:\/\/digital58.com.ve\/site\/2022\/01\/16\/china-confirma-el-primer-caso-de-la-variante-omicron-en-pekin\/"]}]},{"@type":"ImageObject","inLanguage":"es","@id":"https:\/\/digital58.com.ve\/site\/2022\/01\/16\/china-confirma-el-primer-caso-de-la-variante-omicron-en-pekin\/#primaryimage","url":"https:\/\/digital58.com.ve\/site\/wp-content\/uploads\/2021\/04\/covid-venezuela.jpg","contentUrl":"https:\/\/digital58.com.ve\/site\/wp-content\/uploads\/2021\/04\/covid-venezuela.jpg","width":800,"height":533},{"@type":"BreadcrumbList","@id":"https:\/\/digital58.com.ve\/site\/2022\/01\/16\/china-confirma-el-primer-caso-de-la-variante-omicron-en-pekin\/#breadcrumb","itemListElement":[{"@type":"ListItem","position":1,"name":"Home","item":"https:\/\/digital58.com.ve\/site\/"},{"@type":"ListItem","position":2,"name":"China confirma el primer caso de la variante \u00f3micron en Pek\u00edn"}]},{"@type":"WebSite","@id":"https:\/\/digital58.com.ve\/site\/#website","url":"https:\/\/digital58.com.ve\/site\/","name":"Noticias Digital58","description":"Portal de Noticias \u00a1Periodismo web de verdad! Lanzamiento web 22.11.2005 \/ Maracaibo, Venezuela","publisher":{"@id":"https:\/\/digital58.com.ve\/site\/#\/schema\/person\/64d1c2e4d0d4fd1b849980c4331c2951"},"alternateName":"ND58","potentialAction":[{"@type":"SearchAction","target":{"@type":"EntryPoint","urlTemplate":"https:\/\/digital58.com.ve\/site\/?s={search_term_string}"},"query-input":{"@type":"PropertyValueSpecification","valueRequired":true,"valueName":"search_term_string"}}],"inLanguage":"es"},{"@type":["Person","Organization"],"@id":"https:\/\/digital58.com.ve\/site\/#\/schema\/person\/64d1c2e4d0d4fd1b849980c4331c2951","name":"Villasmil Henry","image":{"@type":"ImageObject","inLanguage":"es","@id":"https:\/\/secure.gravatar.com\/avatar\/bb0c4a2fcb7970138239f7e404ea75757b1b507b28b5ce4c53fbd62d797c5a7c?s=96&d=mm&r=g","url":"https:\/\/secure.gravatar.com\/avatar\/bb0c4a2fcb7970138239f7e404ea75757b1b507b28b5ce4c53fbd62d797c5a7c?s=96&d=mm&r=g","contentUrl":"https:\/\/secure.gravatar.com\/avatar\/bb0c4a2fcb7970138239f7e404ea75757b1b507b28b5ce4c53fbd62d797c5a7c?s=96&d=mm&r=g","caption":"Villasmil Henry"},"logo":{"@id":"https:\/\/secure.gravatar.com\/avatar\/bb0c4a2fcb7970138239f7e404ea75757b1b507b28b5ce4c53fbd62d797c5a7c?s=96&d=mm&r=g"},"sameAs":["http:\/\/www.henryvillasmil.com.ve","https:\/\/www.instagram.com\/villasmilhfoto\/","https:\/\/x.com\/https:\/\/twitter.com\/villasmilhfoto"]},{"@type":"Person","@id":"https:\/\/digital58.com.ve\/site\/#\/schema\/person\/7c2c83fb27249d7c6f59c30c7f141381","name":"Victor Infante","image":{"@type":"ImageObject","inLanguage":"es","@id":"https:\/\/secure.gravatar.com\/avatar\/106ae6d84ee67222a78df20df89da71bb5069c89d1fd27272140999a3f842596?s=96&d=mm&r=g","url":"https:\/\/secure.gravatar.com\/avatar\/106ae6d84ee67222a78df20df89da71bb5069c89d1fd27272140999a3f842596?s=96&d=mm&r=g","contentUrl":"https:\/\/secure.gravatar.com\/avatar\/106ae6d84ee67222a78df20df89da71bb5069c89d1fd27272140999a3f842596?s=96&d=mm&r=g","caption":"Victor Infante"},"url":"https:\/\/digital58.com.ve\/site\/author\/vinfante22\/"}]}},"uagb_featured_image_src":{"full":["https:\/\/digital58.com.ve\/site\/wp-content\/uploads\/2021\/04\/covid-venezuela.jpg",800,533,false],"thumbnail":["https:\/\/digital58.com.ve\/site\/wp-content\/uploads\/2021\/04\/covid-venezuela-150x150.jpg",150,150,true],"medium":["https:\/\/digital58.com.ve\/site\/wp-content\/uploads\/2021\/04\/covid-venezuela-300x200.jpg",300,200,true],"medium_large":["https:\/\/digital58.com.ve\/site\/wp-content\/uploads\/2021\/04\/covid-venezuela-768x512.jpg",768,512,true],"large":["https:\/\/digital58.com.ve\/site\/wp-content\/uploads\/2021\/04\/covid-venezuela.jpg",800,533,false],"1536x1536":["https:\/\/digital58.com.ve\/site\/wp-content\/uploads\/2021\/04\/covid-venezuela.jpg",800,533,false],"2048x2048":["https:\/\/digital58.com.ve\/site\/wp-content\/uploads\/2021\/04\/covid-venezuela.jpg",800,533,false],"colormag-highlighted-post":["https:\/\/digital58.com.ve\/site\/wp-content\/uploads\/2021\/04\/covid-venezuela.jpg",392,261,false],"colormag-featured-post-medium":["https:\/\/digital58.com.ve\/site\/wp-content\/uploads\/2021\/04\/covid-venezuela.jpg",308,205,false],"colormag-featured-post-small":["https:\/\/digital58.com.ve\/site\/wp-content\/uploads\/2021\/04\/covid-venezuela.jpg",130,87,false],"colormag-featured-image":["https:\/\/digital58.com.ve\/site\/wp-content\/uploads\/2021\/04\/covid-venezuela.jpg",668,445,false],"colormag-default-news":["https:\/\/digital58.com.ve\/site\/wp-content\/uploads\/2021\/04\/covid-venezuela.jpg",150,100,false],"colormag-featured-image-large":["https:\/\/digital58.com.ve\/site\/wp-content\/uploads\/2021\/04\/covid-venezuela.jpg",800,533,false]},"uagb_author_info":{"display_name":"Victor Infante","author_link":"https:\/\/digital58.com.ve\/site\/author\/vinfante22\/"},"uagb_comment_info":0,"uagb_excerpt":"El hecho ocurre a d\u00edas de que comiencen los Juegos Ol\u00edmpicos de Invierno que se inician el 4 de febrero","_links":{"self":[{"href":"https:\/\/digital58.com.ve\/site\/wp-json\/wp\/v2\/posts\/146878","targetHints":{"allow":["GET"]}}],"collection":[{"href":"https:\/\/digital58.com.ve\/site\/wp-json\/wp\/v2\/posts"}],"about":[{"href":"https:\/\/digital58.com.ve\/site\/wp-json\/wp\/v2\/types\/post"}],"author":[{"embeddable":true,"href":"https:\/\/digital58.com.ve\/site\/wp-json\/wp\/v2\/users\/40"}],"replies":[{"embeddable":true,"href":"https:\/\/digital58.com.ve\/site\/wp-json\/wp\/v2\/comments?post=146878"}],"version-history":[{"count":0,"href":"https:\/\/digital58.com.ve\/site\/wp-json\/wp\/v2\/posts\/146878\/revisions"}],"wp:featuredmedia":[{"embeddable":true,"href":"https:\/\/digital58.com.ve\/site\/wp-json\/wp\/v2\/media\/137092"}],"wp:attachment":[{"href":"https:\/\/digital58.com.ve\/site\/wp-json\/wp\/v2\/media?parent=146878"}],"wp:term":[{"taxonomy":"category","embeddable":true,"href":"https:\/\/digital58.com.ve\/site\/wp-json\/wp\/v2\/categories?post=146878"},{"taxonomy":"post_tag","embeddable":true,"href":"https:\/\/digital58.com.ve\/site\/wp-json\/wp\/v2\/tags?post=146878"}],"curies":[{"name":"wp","href":"https:\/\/api.w.org\/{rel}","templated":true}]}}