{"id":146910,"date":"2022-01-16T14:05:10","date_gmt":"2022-01-16T18:05:10","guid":{"rendered":"https:\/\/digital58.com.ve\/site\/?p=146910"},"modified":"2022-01-16T14:05:10","modified_gmt":"2022-01-16T18:05:10","slug":"chile-reporta-por-segundo-dia-record-de-nuevos-casos-de-covid-19","status":"publish","type":"post","link":"https:\/\/digital58.com.ve\/site\/2022\/01\/16\/chile-reporta-por-segundo-dia-record-de-nuevos-casos-de-covid-19\/","title":{"rendered":"Chile reporta por segundo d\u00eda r\u00e9cord de nuevos casos de COVID-19"},"content":{"rendered":"<p><img loading=\"lazy\" decoding=\"async\" class=\"wp-image-124069 aligncenter\" src=\"https:\/\/digital58.com.ve\/site\/wp-content\/uploads\/2020\/08\/primer-reinfectado-por-COVID-19-300x169.jpg\" alt=\"\" width=\"720\" height=\"405\" srcset=\"https:\/\/digital58.com.ve\/site\/wp-content\/uploads\/2020\/08\/primer-reinfectado-por-COVID-19-300x169.jpg 300w, https:\/\/digital58.com.ve\/site\/wp-content\/uploads\/2020\/08\/primer-reinfectado-por-COVID-19-768x432.jpg 768w, https:\/\/digital58.com.ve\/site\/wp-content\/uploads\/2020\/08\/primer-reinfectado-por-COVID-19.jpg 800w\" sizes=\"auto, (max-width: 720px) 100vw, 720px\" \/><\/p>\n<p>El pa\u00eds suramericano report\u00f3 9.454 casos nuevos de coronavirus en las \u00faltimas 24 horas, lo que deja el balance total en m\u00e1s de 1,8 millones de contagios.<\/p>\n<p><strong>Chile, 16 de enero de 2022 (ND58).-<\/strong> Chile report\u00f3 este domingo 16 de enero un r\u00e9cord de nuevos contagios de coronavirus por segundo d\u00eda consecutivo, tras sumar 9.454 casos en las \u00faltimas 24 horas, lo que deja el balance total en 1,87 millones de infecciones.<\/p>\n<p>\u00abLos nuevos casos confirmados aumentaron 144 % con respecto a la semana anterior y 249 % con respecto a los \u00faltimos 14 d\u00edas\u00bb, se\u00f1al\u00f3 el Ministerio de Salud.<\/p>\n<p>Un d\u00eda antes, el pa\u00eds tambi\u00e9n anot\u00f3 un m\u00e1ximo de infectados (9.284), una cifra incluso mayor a los peores momentos de la grave segunda ola que se extendi\u00f3 entre marzo y julio de 2021 y que oblig\u00f3 a blindar las fronteras durante medio a\u00f1o y a confinar a 90 % de la poblaci\u00f3n.<\/p>\n<p>Asimismo, la tasa nacional de positividad fue de 8,91 % en las \u00faltimas 24 horas, una de las m\u00e1s altas de los \u00faltimos meses, y se sumaron 18 fallecidos a causa del virus, que elevan la cifra total de muertes a 39.394.<\/p>\n<p>Pese al avance de la variante \u00f3micron, la red hospitalaria todav\u00eda no se encuentra colapsada, aunque autoridades regionales del norte del pa\u00eds han alertado sobre la saturaci\u00f3n de algunos centros m\u00e9dicos.<\/p>\n<p>Chile ha desplegado una de las campa\u00f1as de vacunaci\u00f3n m\u00e1s eficaces del mundo y m\u00e1s de 92 % de la poblaci\u00f3n ya ha sido vacunada completamente (19 millones de personas).<\/p>\n<p>Esta semana, el gobierno comenz\u00f3 a administrar una cuarta dosis a personas inmunodeprimidas y en febrero proseguir\u00e1 con los mayores de 55 a\u00f1os<\/p><div class=\"smoqr69f32d14c0fbc\" ><p style=\"text-align: center;\"><a href=\"https:\/\/t.me\/noticiasdigital58\" target=\"_blank\" rel=\"noopener\"><img class=\"aligncenter size-full wp-image-125363\" src=\"https:\/\/digital58.com.ve\/site\/wp-content\/uploads\/2021\/04\/banner-telegram-web-2021.png\" alt=\"\" width=\"600\" height=\"90\" \/><\/a><\/p><\/div><style type=\"text\/css\">\r\n@media screen and (min-width: 1201px) {\r\n.smoqr69f32d14c0fbc {\r\ndisplay: block;\r\n}\r\n}\r\n@media screen and (min-width: 993px) and (max-width: 1200px) {\r\n.smoqr69f32d14c0fbc {\r\ndisplay: block;\r\n}\r\n}\r\n@media screen and (min-width: 769px) and (max-width: 992px) {\r\n.smoqr69f32d14c0fbc {\r\ndisplay: block;\r\n}\r\n}\r\n@media screen and (min-width: 768px) and (max-width: 768px) {\r\n.smoqr69f32d14c0fbc {\r\ndisplay: block;\r\n}\r\n}\r\n@media screen and (max-width: 767px) {\r\n.smoqr69f32d14c0fbc {\r\ndisplay: block;\r\n}\r\n}\r\n<\/style>\r\n\n<p><strong>Redacci\u00f3n ND58 | Fuente: Agencias<\/strong><br \/>\n<strong>Edici\u00f3n: Villasmil, Henry<\/strong><br \/>\n<strong>Gr\u00e1fica: Archivo<\/strong><\/p>\n<div style=\"margin-top: 0px; margin-bottom: 0px;\" class=\"sharethis-inline-share-buttons\" ><\/div>","protected":false},"excerpt":{"rendered":"<p>El pa\u00eds suramericano report\u00f3 9.454 casos nuevos de coronavirus en las \u00faltimas 24 horas, lo que deja el balance total<\/p>\n","protected":false},"author":40,"featured_media":124069,"comment_status":"open","ping_status":"closed","sticky":false,"template":"","format":"standard","meta":{"colormag_page_container_layout":"default_layout","colormag_page_sidebar_layout":"default_layout","_uag_custom_page_level_css":"","footnotes":""},"categories":[16451],"tags":[3078,109,13352,13648,8,13723,13972,13793,26221],"class_list":["post-146910","post","type-post","status-publish","format-standard","has-post-thumbnail","hentry","category-mundo","tag-america","tag-chile","tag-coronavirus","tag-covid-19","tag-internacionales","tag-pandemia","tag-reporte-diario","tag-sars-cov-2","tag-variante-omicron"],"yoast_head":"<!-- This site is optimized with the Yoast SEO plugin v27.5 - https:\/\/yoast.com\/product\/yoast-seo-wordpress\/ -->\n<title>Chile reporta por segundo d\u00eda r\u00e9cord de nuevos casos de COVID-19<\/title>\n<meta name=\"description\" content=\"Mundo\" \/>\n<meta name=\"robots\" content=\"index, follow, max-snippet:-1, max-image-preview:large, max-video-preview:-1\" \/>\n<link rel=\"canonical\" href=\"https:\/\/digital58.com.ve\/site\/2022\/01\/16\/chile-reporta-por-segundo-dia-record-de-nuevos-casos-de-covid-19\/\" \/>\n<meta property=\"og:locale\" content=\"es_ES\" \/>\n<meta property=\"og:type\" content=\"article\" \/>\n<meta property=\"og:title\" content=\"Chile reporta por segundo d\u00eda r\u00e9cord de nuevos casos de COVID-19\" \/>\n<meta property=\"og:description\" content=\"Mundo\" \/>\n<meta property=\"og:url\" content=\"https:\/\/digital58.com.ve\/site\/2022\/01\/16\/chile-reporta-por-segundo-dia-record-de-nuevos-casos-de-covid-19\/\" \/>\n<meta property=\"og:site_name\" content=\"Noticias Digital58\" \/>\n<meta property=\"article:published_time\" content=\"2022-01-16T18:05:10+00:00\" \/>\n<meta property=\"og:image\" content=\"https:\/\/digital58.com.ve\/site\/wp-content\/uploads\/2020\/08\/primer-reinfectado-por-COVID-19.jpg\" \/>\n\t<meta property=\"og:image:width\" content=\"1000\" \/>\n\t<meta property=\"og:image:height\" content=\"563\" \/>\n\t<meta property=\"og:image:type\" content=\"image\/jpeg\" \/>\n<meta name=\"author\" content=\"Victor Infante\" \/>\n<meta name=\"twitter:card\" content=\"summary_large_image\" \/>\n<meta name=\"twitter:creator\" content=\"@Digital_58\" \/>\n<meta name=\"twitter:site\" content=\"@villasmilhfoto\" \/>\n<meta name=\"twitter:label1\" content=\"Escrito por\" \/>\n\t<meta name=\"twitter:data1\" content=\"Victor Infante\" \/>\n\t<meta name=\"twitter:label2\" content=\"Tiempo estimado de lectura\" \/>\n\t<meta name=\"twitter:data2\" content=\"2 minutos\" \/>\n<script type=\"application\/ld+json\" class=\"yoast-schema-graph\">{\"@context\":\"https:\\\/\\\/schema.org\",\"@graph\":[{\"@type\":\"Article\",\"@id\":\"https:\\\/\\\/digital58.com.ve\\\/site\\\/2022\\\/01\\\/16\\\/chile-reporta-por-segundo-dia-record-de-nuevos-casos-de-covid-19\\\/#article\",\"isPartOf\":{\"@id\":\"https:\\\/\\\/digital58.com.ve\\\/site\\\/2022\\\/01\\\/16\\\/chile-reporta-por-segundo-dia-record-de-nuevos-casos-de-covid-19\\\/\"},\"author\":{\"name\":\"Victor Infante\",\"@id\":\"https:\\\/\\\/digital58.com.ve\\\/site\\\/#\\\/schema\\\/person\\\/7c2c83fb27249d7c6f59c30c7f141381\"},\"headline\":\"Chile reporta por segundo d\u00eda r\u00e9cord de nuevos casos de COVID-19\",\"datePublished\":\"2022-01-16T18:05:10+00:00\",\"mainEntityOfPage\":{\"@id\":\"https:\\\/\\\/digital58.com.ve\\\/site\\\/2022\\\/01\\\/16\\\/chile-reporta-por-segundo-dia-record-de-nuevos-casos-de-covid-19\\\/\"},\"wordCount\":301,\"commentCount\":0,\"publisher\":{\"@id\":\"https:\\\/\\\/digital58.com.ve\\\/site\\\/#\\\/schema\\\/person\\\/64d1c2e4d0d4fd1b849980c4331c2951\"},\"image\":{\"@id\":\"https:\\\/\\\/digital58.com.ve\\\/site\\\/2022\\\/01\\\/16\\\/chile-reporta-por-segundo-dia-record-de-nuevos-casos-de-covid-19\\\/#primaryimage\"},\"thumbnailUrl\":\"https:\\\/\\\/digital58.com.ve\\\/site\\\/wp-content\\\/uploads\\\/2020\\\/08\\\/primer-reinfectado-por-COVID-19.jpg\",\"keywords\":[\"Am\u00e9rica\",\"Chile\",\"Coronavirus\",\"COVID-19\",\"Internacionales\",\"Pandemia\",\"Reporte Diario\",\"SARS-CoV-2\",\"Variante \u00f3micron\"],\"articleSection\":[\"Mundo\"],\"inLanguage\":\"es\",\"potentialAction\":[{\"@type\":\"CommentAction\",\"name\":\"Comment\",\"target\":[\"https:\\\/\\\/digital58.com.ve\\\/site\\\/2022\\\/01\\\/16\\\/chile-reporta-por-segundo-dia-record-de-nuevos-casos-de-covid-19\\\/#respond\"]}]},{\"@type\":\"WebPage\",\"@id\":\"https:\\\/\\\/digital58.com.ve\\\/site\\\/2022\\\/01\\\/16\\\/chile-reporta-por-segundo-dia-record-de-nuevos-casos-de-covid-19\\\/\",\"url\":\"https:\\\/\\\/digital58.com.ve\\\/site\\\/2022\\\/01\\\/16\\\/chile-reporta-por-segundo-dia-record-de-nuevos-casos-de-covid-19\\\/\",\"name\":\"Chile reporta por segundo d\u00eda r\u00e9cord de nuevos casos de COVID-19\",\"isPartOf\":{\"@id\":\"https:\\\/\\\/digital58.com.ve\\\/site\\\/#website\"},\"primaryImageOfPage\":{\"@id\":\"https:\\\/\\\/digital58.com.ve\\\/site\\\/2022\\\/01\\\/16\\\/chile-reporta-por-segundo-dia-record-de-nuevos-casos-de-covid-19\\\/#primaryimage\"},\"image\":{\"@id\":\"https:\\\/\\\/digital58.com.ve\\\/site\\\/2022\\\/01\\\/16\\\/chile-reporta-por-segundo-dia-record-de-nuevos-casos-de-covid-19\\\/#primaryimage\"},\"thumbnailUrl\":\"https:\\\/\\\/digital58.com.ve\\\/site\\\/wp-content\\\/uploads\\\/2020\\\/08\\\/primer-reinfectado-por-COVID-19.jpg\",\"datePublished\":\"2022-01-16T18:05:10+00:00\",\"description\":\"Mundo\",\"breadcrumb\":{\"@id\":\"https:\\\/\\\/digital58.com.ve\\\/site\\\/2022\\\/01\\\/16\\\/chile-reporta-por-segundo-dia-record-de-nuevos-casos-de-covid-19\\\/#breadcrumb\"},\"inLanguage\":\"es\",\"potentialAction\":[{\"@type\":\"ReadAction\",\"target\":[\"https:\\\/\\\/digital58.com.ve\\\/site\\\/2022\\\/01\\\/16\\\/chile-reporta-por-segundo-dia-record-de-nuevos-casos-de-covid-19\\\/\"]}]},{\"@type\":\"ImageObject\",\"inLanguage\":\"es\",\"@id\":\"https:\\\/\\\/digital58.com.ve\\\/site\\\/2022\\\/01\\\/16\\\/chile-reporta-por-segundo-dia-record-de-nuevos-casos-de-covid-19\\\/#primaryimage\",\"url\":\"https:\\\/\\\/digital58.com.ve\\\/site\\\/wp-content\\\/uploads\\\/2020\\\/08\\\/primer-reinfectado-por-COVID-19.jpg\",\"contentUrl\":\"https:\\\/\\\/digital58.com.ve\\\/site\\\/wp-content\\\/uploads\\\/2020\\\/08\\\/primer-reinfectado-por-COVID-19.jpg\",\"width\":800,\"height\":450},{\"@type\":\"BreadcrumbList\",\"@id\":\"https:\\\/\\\/digital58.com.ve\\\/site\\\/2022\\\/01\\\/16\\\/chile-reporta-por-segundo-dia-record-de-nuevos-casos-de-covid-19\\\/#breadcrumb\",\"itemListElement\":[{\"@type\":\"ListItem\",\"position\":1,\"name\":\"Home\",\"item\":\"https:\\\/\\\/digital58.com.ve\\\/site\\\/\"},{\"@type\":\"ListItem\",\"position\":2,\"name\":\"Chile reporta por segundo d\u00eda r\u00e9cord de nuevos casos de COVID-19\"}]},{\"@type\":\"WebSite\",\"@id\":\"https:\\\/\\\/digital58.com.ve\\\/site\\\/#website\",\"url\":\"https:\\\/\\\/digital58.com.ve\\\/site\\\/\",\"name\":\"Noticias Digital58\",\"description\":\"Portal de Noticias \u00a1Periodismo web de verdad! Lanzamiento web 22.11.2005 \\\/ Maracaibo, Venezuela\",\"publisher\":{\"@id\":\"https:\\\/\\\/digital58.com.ve\\\/site\\\/#\\\/schema\\\/person\\\/64d1c2e4d0d4fd1b849980c4331c2951\"},\"alternateName\":\"ND58\",\"potentialAction\":[{\"@type\":\"SearchAction\",\"target\":{\"@type\":\"EntryPoint\",\"urlTemplate\":\"https:\\\/\\\/digital58.com.ve\\\/site\\\/?s={search_term_string}\"},\"query-input\":{\"@type\":\"PropertyValueSpecification\",\"valueRequired\":true,\"valueName\":\"search_term_string\"}}],\"inLanguage\":\"es\"},{\"@type\":[\"Person\",\"Organization\"],\"@id\":\"https:\\\/\\\/digital58.com.ve\\\/site\\\/#\\\/schema\\\/person\\\/64d1c2e4d0d4fd1b849980c4331c2951\",\"name\":\"Villasmil Henry\",\"image\":{\"@type\":\"ImageObject\",\"inLanguage\":\"es\",\"@id\":\"https:\\\/\\\/secure.gravatar.com\\\/avatar\\\/bb0c4a2fcb7970138239f7e404ea75757b1b507b28b5ce4c53fbd62d797c5a7c?s=96&d=mm&r=g\",\"url\":\"https:\\\/\\\/secure.gravatar.com\\\/avatar\\\/bb0c4a2fcb7970138239f7e404ea75757b1b507b28b5ce4c53fbd62d797c5a7c?s=96&d=mm&r=g\",\"contentUrl\":\"https:\\\/\\\/secure.gravatar.com\\\/avatar\\\/bb0c4a2fcb7970138239f7e404ea75757b1b507b28b5ce4c53fbd62d797c5a7c?s=96&d=mm&r=g\",\"caption\":\"Villasmil Henry\"},\"logo\":{\"@id\":\"https:\\\/\\\/secure.gravatar.com\\\/avatar\\\/bb0c4a2fcb7970138239f7e404ea75757b1b507b28b5ce4c53fbd62d797c5a7c?s=96&d=mm&r=g\"},\"sameAs\":[\"http:\\\/\\\/www.henryvillasmil.com.ve\",\"https:\\\/\\\/www.instagram.com\\\/villasmilhfoto\\\/\",\"https:\\\/\\\/x.com\\\/https:\\\/\\\/twitter.com\\\/villasmilhfoto\"]},{\"@type\":\"Person\",\"@id\":\"https:\\\/\\\/digital58.com.ve\\\/site\\\/#\\\/schema\\\/person\\\/7c2c83fb27249d7c6f59c30c7f141381\",\"name\":\"Victor Infante\",\"image\":{\"@type\":\"ImageObject\",\"inLanguage\":\"es\",\"@id\":\"https:\\\/\\\/secure.gravatar.com\\\/avatar\\\/106ae6d84ee67222a78df20df89da71bb5069c89d1fd27272140999a3f842596?s=96&d=mm&r=g\",\"url\":\"https:\\\/\\\/secure.gravatar.com\\\/avatar\\\/106ae6d84ee67222a78df20df89da71bb5069c89d1fd27272140999a3f842596?s=96&d=mm&r=g\",\"contentUrl\":\"https:\\\/\\\/secure.gravatar.com\\\/avatar\\\/106ae6d84ee67222a78df20df89da71bb5069c89d1fd27272140999a3f842596?s=96&d=mm&r=g\",\"caption\":\"Victor Infante\"},\"url\":\"https:\\\/\\\/digital58.com.ve\\\/site\\\/author\\\/vinfante22\\\/\"}]}<\/script>\n<!-- \/ Yoast SEO plugin. -->","yoast_head_json":{"title":"Chile reporta por segundo d\u00eda r\u00e9cord de nuevos casos de COVID-19","description":"Mundo","robots":{"index":"index","follow":"follow","max-snippet":"max-snippet:-1","max-image-preview":"max-image-preview:large","max-video-preview":"max-video-preview:-1"},"canonical":"https:\/\/digital58.com.ve\/site\/2022\/01\/16\/chile-reporta-por-segundo-dia-record-de-nuevos-casos-de-covid-19\/","og_locale":"es_ES","og_type":"article","og_title":"Chile reporta por segundo d\u00eda r\u00e9cord de nuevos casos de COVID-19","og_description":"Mundo","og_url":"https:\/\/digital58.com.ve\/site\/2022\/01\/16\/chile-reporta-por-segundo-dia-record-de-nuevos-casos-de-covid-19\/","og_site_name":"Noticias Digital58","article_published_time":"2022-01-16T18:05:10+00:00","og_image":[{"width":1000,"height":563,"url":"https:\/\/digital58.com.ve\/site\/wp-content\/uploads\/2020\/08\/primer-reinfectado-por-COVID-19.jpg","type":"image\/jpeg"}],"author":"Victor Infante","twitter_card":"summary_large_image","twitter_creator":"@Digital_58","twitter_site":"@villasmilhfoto","twitter_misc":{"Escrito por":"Victor Infante","Tiempo estimado de lectura":"2 minutos"},"schema":{"@context":"https:\/\/schema.org","@graph":[{"@type":"Article","@id":"https:\/\/digital58.com.ve\/site\/2022\/01\/16\/chile-reporta-por-segundo-dia-record-de-nuevos-casos-de-covid-19\/#article","isPartOf":{"@id":"https:\/\/digital58.com.ve\/site\/2022\/01\/16\/chile-reporta-por-segundo-dia-record-de-nuevos-casos-de-covid-19\/"},"author":{"name":"Victor Infante","@id":"https:\/\/digital58.com.ve\/site\/#\/schema\/person\/7c2c83fb27249d7c6f59c30c7f141381"},"headline":"Chile reporta por segundo d\u00eda r\u00e9cord de nuevos casos de COVID-19","datePublished":"2022-01-16T18:05:10+00:00","mainEntityOfPage":{"@id":"https:\/\/digital58.com.ve\/site\/2022\/01\/16\/chile-reporta-por-segundo-dia-record-de-nuevos-casos-de-covid-19\/"},"wordCount":301,"commentCount":0,"publisher":{"@id":"https:\/\/digital58.com.ve\/site\/#\/schema\/person\/64d1c2e4d0d4fd1b849980c4331c2951"},"image":{"@id":"https:\/\/digital58.com.ve\/site\/2022\/01\/16\/chile-reporta-por-segundo-dia-record-de-nuevos-casos-de-covid-19\/#primaryimage"},"thumbnailUrl":"https:\/\/digital58.com.ve\/site\/wp-content\/uploads\/2020\/08\/primer-reinfectado-por-COVID-19.jpg","keywords":["Am\u00e9rica","Chile","Coronavirus","COVID-19","Internacionales","Pandemia","Reporte Diario","SARS-CoV-2","Variante \u00f3micron"],"articleSection":["Mundo"],"inLanguage":"es","potentialAction":[{"@type":"CommentAction","name":"Comment","target":["https:\/\/digital58.com.ve\/site\/2022\/01\/16\/chile-reporta-por-segundo-dia-record-de-nuevos-casos-de-covid-19\/#respond"]}]},{"@type":"WebPage","@id":"https:\/\/digital58.com.ve\/site\/2022\/01\/16\/chile-reporta-por-segundo-dia-record-de-nuevos-casos-de-covid-19\/","url":"https:\/\/digital58.com.ve\/site\/2022\/01\/16\/chile-reporta-por-segundo-dia-record-de-nuevos-casos-de-covid-19\/","name":"Chile reporta por segundo d\u00eda r\u00e9cord de nuevos casos de COVID-19","isPartOf":{"@id":"https:\/\/digital58.com.ve\/site\/#website"},"primaryImageOfPage":{"@id":"https:\/\/digital58.com.ve\/site\/2022\/01\/16\/chile-reporta-por-segundo-dia-record-de-nuevos-casos-de-covid-19\/#primaryimage"},"image":{"@id":"https:\/\/digital58.com.ve\/site\/2022\/01\/16\/chile-reporta-por-segundo-dia-record-de-nuevos-casos-de-covid-19\/#primaryimage"},"thumbnailUrl":"https:\/\/digital58.com.ve\/site\/wp-content\/uploads\/2020\/08\/primer-reinfectado-por-COVID-19.jpg","datePublished":"2022-01-16T18:05:10+00:00","description":"Mundo","breadcrumb":{"@id":"https:\/\/digital58.com.ve\/site\/2022\/01\/16\/chile-reporta-por-segundo-dia-record-de-nuevos-casos-de-covid-19\/#breadcrumb"},"inLanguage":"es","potentialAction":[{"@type":"ReadAction","target":["https:\/\/digital58.com.ve\/site\/2022\/01\/16\/chile-reporta-por-segundo-dia-record-de-nuevos-casos-de-covid-19\/"]}]},{"@type":"ImageObject","inLanguage":"es","@id":"https:\/\/digital58.com.ve\/site\/2022\/01\/16\/chile-reporta-por-segundo-dia-record-de-nuevos-casos-de-covid-19\/#primaryimage","url":"https:\/\/digital58.com.ve\/site\/wp-content\/uploads\/2020\/08\/primer-reinfectado-por-COVID-19.jpg","contentUrl":"https:\/\/digital58.com.ve\/site\/wp-content\/uploads\/2020\/08\/primer-reinfectado-por-COVID-19.jpg","width":800,"height":450},{"@type":"BreadcrumbList","@id":"https:\/\/digital58.com.ve\/site\/2022\/01\/16\/chile-reporta-por-segundo-dia-record-de-nuevos-casos-de-covid-19\/#breadcrumb","itemListElement":[{"@type":"ListItem","position":1,"name":"Home","item":"https:\/\/digital58.com.ve\/site\/"},{"@type":"ListItem","position":2,"name":"Chile reporta por segundo d\u00eda r\u00e9cord de nuevos casos de COVID-19"}]},{"@type":"WebSite","@id":"https:\/\/digital58.com.ve\/site\/#website","url":"https:\/\/digital58.com.ve\/site\/","name":"Noticias Digital58","description":"Portal de Noticias \u00a1Periodismo web de verdad! Lanzamiento web 22.11.2005 \/ Maracaibo, Venezuela","publisher":{"@id":"https:\/\/digital58.com.ve\/site\/#\/schema\/person\/64d1c2e4d0d4fd1b849980c4331c2951"},"alternateName":"ND58","potentialAction":[{"@type":"SearchAction","target":{"@type":"EntryPoint","urlTemplate":"https:\/\/digital58.com.ve\/site\/?s={search_term_string}"},"query-input":{"@type":"PropertyValueSpecification","valueRequired":true,"valueName":"search_term_string"}}],"inLanguage":"es"},{"@type":["Person","Organization"],"@id":"https:\/\/digital58.com.ve\/site\/#\/schema\/person\/64d1c2e4d0d4fd1b849980c4331c2951","name":"Villasmil Henry","image":{"@type":"ImageObject","inLanguage":"es","@id":"https:\/\/secure.gravatar.com\/avatar\/bb0c4a2fcb7970138239f7e404ea75757b1b507b28b5ce4c53fbd62d797c5a7c?s=96&d=mm&r=g","url":"https:\/\/secure.gravatar.com\/avatar\/bb0c4a2fcb7970138239f7e404ea75757b1b507b28b5ce4c53fbd62d797c5a7c?s=96&d=mm&r=g","contentUrl":"https:\/\/secure.gravatar.com\/avatar\/bb0c4a2fcb7970138239f7e404ea75757b1b507b28b5ce4c53fbd62d797c5a7c?s=96&d=mm&r=g","caption":"Villasmil Henry"},"logo":{"@id":"https:\/\/secure.gravatar.com\/avatar\/bb0c4a2fcb7970138239f7e404ea75757b1b507b28b5ce4c53fbd62d797c5a7c?s=96&d=mm&r=g"},"sameAs":["http:\/\/www.henryvillasmil.com.ve","https:\/\/www.instagram.com\/villasmilhfoto\/","https:\/\/x.com\/https:\/\/twitter.com\/villasmilhfoto"]},{"@type":"Person","@id":"https:\/\/digital58.com.ve\/site\/#\/schema\/person\/7c2c83fb27249d7c6f59c30c7f141381","name":"Victor Infante","image":{"@type":"ImageObject","inLanguage":"es","@id":"https:\/\/secure.gravatar.com\/avatar\/106ae6d84ee67222a78df20df89da71bb5069c89d1fd27272140999a3f842596?s=96&d=mm&r=g","url":"https:\/\/secure.gravatar.com\/avatar\/106ae6d84ee67222a78df20df89da71bb5069c89d1fd27272140999a3f842596?s=96&d=mm&r=g","contentUrl":"https:\/\/secure.gravatar.com\/avatar\/106ae6d84ee67222a78df20df89da71bb5069c89d1fd27272140999a3f842596?s=96&d=mm&r=g","caption":"Victor Infante"},"url":"https:\/\/digital58.com.ve\/site\/author\/vinfante22\/"}]}},"uagb_featured_image_src":{"full":["https:\/\/digital58.com.ve\/site\/wp-content\/uploads\/2020\/08\/primer-reinfectado-por-COVID-19.jpg",800,450,false],"thumbnail":["https:\/\/digital58.com.ve\/site\/wp-content\/uploads\/2020\/08\/primer-reinfectado-por-COVID-19-150x150.jpg",150,150,true],"medium":["https:\/\/digital58.com.ve\/site\/wp-content\/uploads\/2020\/08\/primer-reinfectado-por-COVID-19-300x169.jpg",300,169,true],"medium_large":["https:\/\/digital58.com.ve\/site\/wp-content\/uploads\/2020\/08\/primer-reinfectado-por-COVID-19-768x432.jpg",768,432,true],"large":["https:\/\/digital58.com.ve\/site\/wp-content\/uploads\/2020\/08\/primer-reinfectado-por-COVID-19.jpg",800,450,false],"1536x1536":["https:\/\/digital58.com.ve\/site\/wp-content\/uploads\/2020\/08\/primer-reinfectado-por-COVID-19.jpg",800,450,false],"2048x2048":["https:\/\/digital58.com.ve\/site\/wp-content\/uploads\/2020\/08\/primer-reinfectado-por-COVID-19.jpg",800,450,false],"colormag-highlighted-post":["https:\/\/digital58.com.ve\/site\/wp-content\/uploads\/2020\/08\/primer-reinfectado-por-COVID-19.jpg",392,221,false],"colormag-featured-post-medium":["https:\/\/digital58.com.ve\/site\/wp-content\/uploads\/2020\/08\/primer-reinfectado-por-COVID-19.jpg",364,205,false],"colormag-featured-post-small":["https:\/\/digital58.com.ve\/site\/wp-content\/uploads\/2020\/08\/primer-reinfectado-por-COVID-19.jpg",130,73,false],"colormag-featured-image":["https:\/\/digital58.com.ve\/site\/wp-content\/uploads\/2020\/08\/primer-reinfectado-por-COVID-19.jpg",791,445,false],"colormag-default-news":["https:\/\/digital58.com.ve\/site\/wp-content\/uploads\/2020\/08\/primer-reinfectado-por-COVID-19.jpg",150,84,false],"colormag-featured-image-large":["https:\/\/digital58.com.ve\/site\/wp-content\/uploads\/2020\/08\/primer-reinfectado-por-COVID-19.jpg",800,450,false]},"uagb_author_info":{"display_name":"Victor Infante","author_link":"https:\/\/digital58.com.ve\/site\/author\/vinfante22\/"},"uagb_comment_info":0,"uagb_excerpt":"El pa\u00eds suramericano report\u00f3 9.454 casos nuevos de coronavirus en las \u00faltimas 24 horas, lo que deja el balance total","_links":{"self":[{"href":"https:\/\/digital58.com.ve\/site\/wp-json\/wp\/v2\/posts\/146910","targetHints":{"allow":["GET"]}}],"collection":[{"href":"https:\/\/digital58.com.ve\/site\/wp-json\/wp\/v2\/posts"}],"about":[{"href":"https:\/\/digital58.com.ve\/site\/wp-json\/wp\/v2\/types\/post"}],"author":[{"embeddable":true,"href":"https:\/\/digital58.com.ve\/site\/wp-json\/wp\/v2\/users\/40"}],"replies":[{"embeddable":true,"href":"https:\/\/digital58.com.ve\/site\/wp-json\/wp\/v2\/comments?post=146910"}],"version-history":[{"count":0,"href":"https:\/\/digital58.com.ve\/site\/wp-json\/wp\/v2\/posts\/146910\/revisions"}],"wp:featuredmedia":[{"embeddable":true,"href":"https:\/\/digital58.com.ve\/site\/wp-json\/wp\/v2\/media\/124069"}],"wp:attachment":[{"href":"https:\/\/digital58.com.ve\/site\/wp-json\/wp\/v2\/media?parent=146910"}],"wp:term":[{"taxonomy":"category","embeddable":true,"href":"https:\/\/digital58.com.ve\/site\/wp-json\/wp\/v2\/categories?post=146910"},{"taxonomy":"post_tag","embeddable":true,"href":"https:\/\/digital58.com.ve\/site\/wp-json\/wp\/v2\/tags?post=146910"}],"curies":[{"name":"wp","href":"https:\/\/api.w.org\/{rel}","templated":true}]}}