{"id":147001,"date":"2022-01-17T08:38:42","date_gmt":"2022-01-17T12:38:42","guid":{"rendered":"https:\/\/digital58.com.ve\/site\/?p=147001"},"modified":"2022-01-17T09:09:13","modified_gmt":"2022-01-17T13:09:13","slug":"julio-castro-afirmo-que-80-de-las-transmisiones-en-venezuela-son-omicron","status":"publish","type":"post","link":"https:\/\/digital58.com.ve\/site\/2022\/01\/17\/julio-castro-afirmo-que-80-de-las-transmisiones-en-venezuela-son-omicron\/","title":{"rendered":"Julio Castro afirm\u00f3 que 80 por ciento de las transmisiones en Venezuela son \u00f3micron"},"content":{"rendered":"<p><img loading=\"lazy\" decoding=\"async\" class=\"alignnone size-full wp-image-145928\" src=\"https:\/\/digital58.com.ve\/site\/wp-content\/uploads\/2022\/01\/JULIO-CASTRO-.jpg\" alt=\"\" width=\"1200\" height=\"800\" srcset=\"https:\/\/digital58.com.ve\/site\/wp-content\/uploads\/2022\/01\/JULIO-CASTRO-.jpg 800w, https:\/\/digital58.com.ve\/site\/wp-content\/uploads\/2022\/01\/JULIO-CASTRO--300x200.jpg 300w, https:\/\/digital58.com.ve\/site\/wp-content\/uploads\/2022\/01\/JULIO-CASTRO--768x512.jpg 768w, https:\/\/digital58.com.ve\/site\/wp-content\/uploads\/2022\/01\/JULIO-CASTRO--720x480.jpg 720w, https:\/\/digital58.com.ve\/site\/wp-content\/uploads\/2022\/01\/JULIO-CASTRO--480x320.jpg 480w\" sizes=\"auto, (max-width: 1200px) 100vw, 1200px\" \/><\/p>\n<p>El m\u00e9dico infect\u00f3logo, Julio Castro convers\u00f3 en su secci\u00f3n \u00abCOVID en Datos\u00bb con Shirley Varnagy acerca de los datos de \u00bfC\u00f3mo se desarrolla la variante \u00d3micron en Venezuela?<\/p>\n<p><strong>Caracas, Distrito Capital, Venezuela 17 de enero, 2022 (ND58)<\/strong>.- La variante, que lleg\u00f3 al pa\u00eds el pasado mes de diciembre y, seg\u00fan el infect\u00f3logo, \u00ab\u00f3micron est\u00e1 producida por un n\u00famero importante de mutaciones\u00bb.<\/p>\n<p>\u00abSi se tiene inmunidad previa por enfermedad o por vacuna, pareciera no ser tan eficiente el virus con esta variante\u00bb, dijo Castro.<\/p>\n<p>El doctor recalc\u00f3 que la COVID-19 con esta variante se convirti\u00f3 en \u00abun catarro muy fuerte\u00bb que va mejorando progresivamente y \u00abcasi no produce dificultad respiratoria\u00bb.<\/p>\n<p>Castro expres\u00f3 que \u00absi no hay un cambio importante en la capacidad de producci\u00f3n de vacunas, vamos a tener que lidiar con el virus un par de a\u00f1os m\u00e1s\u00bb.<\/p>\n<p>Adem\u00e1s, el galeno coment\u00f3 que \u00abcomplementar la vacunaci\u00f3n tiene que ser la meta del mundo entero para ver hacia donde se mueve el virus\u00bb.<\/p>\n<p>\u00abNecesitamos inmunidad absoluta para lograr salir del virus\u00bb dijo el m\u00e9dico.<\/p>\n<p><strong>\u00d3micron \u00bfEl fin de la pandemia? seg\u00fan Julio Castro<\/strong><\/p>\n<p>El especialista afirm\u00f3 que \u00abpuede ser que este sea el paso hacia el final\u00bb pero expres\u00f3 que \u00abhay quienes piensan que es producto del azar de las transmisiones\u00bb.<\/p>\n<p>En diciembre, seg\u00fan explic\u00f3 Castro, \u00abla evoluci\u00f3n de las ondas fue creciendo y tiene ahora implicaciones diferentes a las que hemos visto hasta ahora\u00bb.<\/p>\n<p>\u00abLas vacunas que se han administrado si protegen contra esta variante\u00bb afirm\u00f3 el m\u00e9dico y asegur\u00f3 que \u00ab\u00d3micron es m\u00e1s severo en pacientes no vacunados\u00bb.<\/p>\n<p>Tambi\u00e9n, el doctor dijo que \u00abseg\u00fan el IVIC el 80 por ciento de las transmisiones en este momento son \u00d3micron\u00bb.<\/p>\n<p><strong>Redacci\u00f3n ND58 | Fuente: Uni\u00f3n Radio<\/strong><br \/>\n<strong>Edici\u00f3n: \u00c1\u00f1ez, Caren<\/strong><br \/>\n<strong>Gr\u00e1fica: Cortes\u00eda<\/strong><\/p>\n<p>&nbsp;<\/p><div class=\"bijey69f063da4c621\" ><p style=\"text-align: center;\"><a href=\"https:\/\/t.me\/noticiasdigital58\" target=\"_blank\" rel=\"noopener\"><img class=\"aligncenter size-full wp-image-125363\" src=\"https:\/\/digital58.com.ve\/site\/wp-content\/uploads\/2021\/04\/banner-telegram-web-2021.png\" alt=\"\" width=\"600\" height=\"90\" \/><\/a><\/p><\/div><style type=\"text\/css\">\r\n@media screen and (min-width: 1201px) {\r\n.bijey69f063da4c621 {\r\ndisplay: block;\r\n}\r\n}\r\n@media screen and (min-width: 993px) and (max-width: 1200px) {\r\n.bijey69f063da4c621 {\r\ndisplay: block;\r\n}\r\n}\r\n@media screen and (min-width: 769px) and (max-width: 992px) {\r\n.bijey69f063da4c621 {\r\ndisplay: block;\r\n}\r\n}\r\n@media screen and (min-width: 768px) and (max-width: 768px) {\r\n.bijey69f063da4c621 {\r\ndisplay: block;\r\n}\r\n}\r\n@media screen and (max-width: 767px) {\r\n.bijey69f063da4c621 {\r\ndisplay: block;\r\n}\r\n}\r\n<\/style>\r\n\n<p>&nbsp;<\/p>\n<div style=\"margin-top: 0px; margin-bottom: 0px;\" class=\"sharethis-inline-share-buttons\" ><\/div>","protected":false},"excerpt":{"rendered":"<p>El m\u00e9dico infect\u00f3logo, Julio Castro convers\u00f3 en su secci\u00f3n \u00abCOVID en Datos\u00bb con Shirley Varnagy acerca de los datos de<\/p>\n","protected":false},"author":39,"featured_media":145927,"comment_status":"open","ping_status":"closed","sticky":false,"template":"","format":"standard","meta":{"colormag_page_container_layout":"default_layout","colormag_page_sidebar_layout":"default_layout","_uag_custom_page_level_css":"","footnotes":""},"categories":[5405],"tags":[13648,18363,26775,233,13723,13793,8352,26221,32,2193],"class_list":["post-147001","post","type-post","status-publish","format-standard","has-post-thumbnail","hentry","category-salud","tag-covid-19","tag-julio-castro","tag-mutaciones","tag-nacionales","tag-pandemia","tag-sars-cov-2","tag-vacunas","tag-variante-omicron","tag-venezuela","tag-virus"],"yoast_head":"<!-- This site is optimized with the Yoast SEO plugin v27.4 - https:\/\/yoast.com\/product\/yoast-seo-wordpress\/ -->\n<title>Julio Castro afirm\u00f3 que 80 por ciento de las transmisiones en Venezuela son \u00f3micron<\/title>\n<meta name=\"description\" content=\"Salud\" \/>\n<meta name=\"robots\" content=\"index, follow, max-snippet:-1, max-image-preview:large, max-video-preview:-1\" \/>\n<link rel=\"canonical\" href=\"https:\/\/digital58.com.ve\/site\/2022\/01\/17\/julio-castro-afirmo-que-80-de-las-transmisiones-en-venezuela-son-omicron\/\" \/>\n<meta property=\"og:locale\" content=\"es_ES\" \/>\n<meta property=\"og:type\" content=\"article\" \/>\n<meta property=\"og:title\" content=\"Julio Castro afirm\u00f3 que 80 por ciento de las transmisiones en Venezuela son \u00f3micron\" \/>\n<meta property=\"og:description\" content=\"Salud\" \/>\n<meta property=\"og:url\" content=\"https:\/\/digital58.com.ve\/site\/2022\/01\/17\/julio-castro-afirmo-que-80-de-las-transmisiones-en-venezuela-son-omicron\/\" \/>\n<meta property=\"og:site_name\" content=\"Noticias Digital58\" \/>\n<meta property=\"article:published_time\" content=\"2022-01-17T12:38:42+00:00\" \/>\n<meta property=\"article:modified_time\" content=\"2022-01-17T13:09:13+00:00\" \/>\n<meta property=\"og:image\" content=\"https:\/\/digital58.com.ve\/site\/wp-content\/uploads\/2022\/01\/julio-mendez-e1641296871581.jpg\" \/>\n\t<meta property=\"og:image:width\" content=\"1200\" \/>\n\t<meta property=\"og:image:height\" content=\"800\" \/>\n\t<meta property=\"og:image:type\" content=\"image\/jpeg\" \/>\n<meta name=\"author\" content=\"Caren A\u00f1ez\" \/>\n<meta name=\"twitter:card\" content=\"summary_large_image\" \/>\n<meta name=\"twitter:creator\" content=\"@carenanez\" \/>\n<meta name=\"twitter:site\" content=\"@villasmilhfoto\" \/>\n<meta name=\"twitter:label1\" content=\"Escrito por\" \/>\n\t<meta name=\"twitter:data1\" content=\"Caren A\u00f1ez\" \/>\n\t<meta name=\"twitter:label2\" content=\"Tiempo estimado de lectura\" \/>\n\t<meta name=\"twitter:data2\" content=\"2 minutos\" \/>\n<script type=\"application\/ld+json\" class=\"yoast-schema-graph\">{\"@context\":\"https:\\\/\\\/schema.org\",\"@graph\":[{\"@type\":\"Article\",\"@id\":\"https:\\\/\\\/digital58.com.ve\\\/site\\\/2022\\\/01\\\/17\\\/julio-castro-afirmo-que-80-de-las-transmisiones-en-venezuela-son-omicron\\\/#article\",\"isPartOf\":{\"@id\":\"https:\\\/\\\/digital58.com.ve\\\/site\\\/2022\\\/01\\\/17\\\/julio-castro-afirmo-que-80-de-las-transmisiones-en-venezuela-son-omicron\\\/\"},\"author\":{\"name\":\"Caren A\u00f1ez\",\"@id\":\"https:\\\/\\\/digital58.com.ve\\\/site\\\/#\\\/schema\\\/person\\\/38596b127602deaa13fbcd7585635238\"},\"headline\":\"Julio Castro afirm\u00f3 que 80 por ciento de las transmisiones en Venezuela son \u00f3micron\",\"datePublished\":\"2022-01-17T12:38:42+00:00\",\"dateModified\":\"2022-01-17T13:09:13+00:00\",\"mainEntityOfPage\":{\"@id\":\"https:\\\/\\\/digital58.com.ve\\\/site\\\/2022\\\/01\\\/17\\\/julio-castro-afirmo-que-80-de-las-transmisiones-en-venezuela-son-omicron\\\/\"},\"wordCount\":328,\"commentCount\":0,\"publisher\":{\"@id\":\"https:\\\/\\\/digital58.com.ve\\\/site\\\/#\\\/schema\\\/person\\\/64d1c2e4d0d4fd1b849980c4331c2951\"},\"image\":{\"@id\":\"https:\\\/\\\/digital58.com.ve\\\/site\\\/2022\\\/01\\\/17\\\/julio-castro-afirmo-que-80-de-las-transmisiones-en-venezuela-son-omicron\\\/#primaryimage\"},\"thumbnailUrl\":\"https:\\\/\\\/digital58.com.ve\\\/site\\\/wp-content\\\/uploads\\\/2022\\\/01\\\/julio-mendez-e1641296871581.jpg\",\"keywords\":[\"COVID-19\",\"Julio Castro\",\"Mutaciones\",\"Nacionales\",\"Pandemia\",\"SARS-CoV-2\",\"Vacunas\",\"Variante \u00f3micron\",\"Venezuela\",\"Virus\"],\"articleSection\":[\"Salud\"],\"inLanguage\":\"es\",\"potentialAction\":[{\"@type\":\"CommentAction\",\"name\":\"Comment\",\"target\":[\"https:\\\/\\\/digital58.com.ve\\\/site\\\/2022\\\/01\\\/17\\\/julio-castro-afirmo-que-80-de-las-transmisiones-en-venezuela-son-omicron\\\/#respond\"]}]},{\"@type\":\"WebPage\",\"@id\":\"https:\\\/\\\/digital58.com.ve\\\/site\\\/2022\\\/01\\\/17\\\/julio-castro-afirmo-que-80-de-las-transmisiones-en-venezuela-son-omicron\\\/\",\"url\":\"https:\\\/\\\/digital58.com.ve\\\/site\\\/2022\\\/01\\\/17\\\/julio-castro-afirmo-que-80-de-las-transmisiones-en-venezuela-son-omicron\\\/\",\"name\":\"Julio Castro afirm\u00f3 que 80 por ciento de las transmisiones en Venezuela son \u00f3micron\",\"isPartOf\":{\"@id\":\"https:\\\/\\\/digital58.com.ve\\\/site\\\/#website\"},\"primaryImageOfPage\":{\"@id\":\"https:\\\/\\\/digital58.com.ve\\\/site\\\/2022\\\/01\\\/17\\\/julio-castro-afirmo-que-80-de-las-transmisiones-en-venezuela-son-omicron\\\/#primaryimage\"},\"image\":{\"@id\":\"https:\\\/\\\/digital58.com.ve\\\/site\\\/2022\\\/01\\\/17\\\/julio-castro-afirmo-que-80-de-las-transmisiones-en-venezuela-son-omicron\\\/#primaryimage\"},\"thumbnailUrl\":\"https:\\\/\\\/digital58.com.ve\\\/site\\\/wp-content\\\/uploads\\\/2022\\\/01\\\/julio-mendez-e1641296871581.jpg\",\"datePublished\":\"2022-01-17T12:38:42+00:00\",\"dateModified\":\"2022-01-17T13:09:13+00:00\",\"description\":\"Salud\",\"breadcrumb\":{\"@id\":\"https:\\\/\\\/digital58.com.ve\\\/site\\\/2022\\\/01\\\/17\\\/julio-castro-afirmo-que-80-de-las-transmisiones-en-venezuela-son-omicron\\\/#breadcrumb\"},\"inLanguage\":\"es\",\"potentialAction\":[{\"@type\":\"ReadAction\",\"target\":[\"https:\\\/\\\/digital58.com.ve\\\/site\\\/2022\\\/01\\\/17\\\/julio-castro-afirmo-que-80-de-las-transmisiones-en-venezuela-son-omicron\\\/\"]}]},{\"@type\":\"ImageObject\",\"inLanguage\":\"es\",\"@id\":\"https:\\\/\\\/digital58.com.ve\\\/site\\\/2022\\\/01\\\/17\\\/julio-castro-afirmo-que-80-de-las-transmisiones-en-venezuela-son-omicron\\\/#primaryimage\",\"url\":\"https:\\\/\\\/digital58.com.ve\\\/site\\\/wp-content\\\/uploads\\\/2022\\\/01\\\/julio-mendez-e1641296871581.jpg\",\"contentUrl\":\"https:\\\/\\\/digital58.com.ve\\\/site\\\/wp-content\\\/uploads\\\/2022\\\/01\\\/julio-mendez-e1641296871581.jpg\",\"width\":800,\"height\":533},{\"@type\":\"BreadcrumbList\",\"@id\":\"https:\\\/\\\/digital58.com.ve\\\/site\\\/2022\\\/01\\\/17\\\/julio-castro-afirmo-que-80-de-las-transmisiones-en-venezuela-son-omicron\\\/#breadcrumb\",\"itemListElement\":[{\"@type\":\"ListItem\",\"position\":1,\"name\":\"Home\",\"item\":\"https:\\\/\\\/digital58.com.ve\\\/site\\\/\"},{\"@type\":\"ListItem\",\"position\":2,\"name\":\"Julio Castro afirm\u00f3 que 80 por ciento de las transmisiones en Venezuela son \u00f3micron\"}]},{\"@type\":\"WebSite\",\"@id\":\"https:\\\/\\\/digital58.com.ve\\\/site\\\/#website\",\"url\":\"https:\\\/\\\/digital58.com.ve\\\/site\\\/\",\"name\":\"Noticias Digital58\",\"description\":\"Portal de Noticias \u00a1Periodismo web de verdad! Lanzamiento web 22.11.2005 \\\/ Maracaibo, Venezuela\",\"publisher\":{\"@id\":\"https:\\\/\\\/digital58.com.ve\\\/site\\\/#\\\/schema\\\/person\\\/64d1c2e4d0d4fd1b849980c4331c2951\"},\"alternateName\":\"ND58\",\"potentialAction\":[{\"@type\":\"SearchAction\",\"target\":{\"@type\":\"EntryPoint\",\"urlTemplate\":\"https:\\\/\\\/digital58.com.ve\\\/site\\\/?s={search_term_string}\"},\"query-input\":{\"@type\":\"PropertyValueSpecification\",\"valueRequired\":true,\"valueName\":\"search_term_string\"}}],\"inLanguage\":\"es\"},{\"@type\":[\"Person\",\"Organization\"],\"@id\":\"https:\\\/\\\/digital58.com.ve\\\/site\\\/#\\\/schema\\\/person\\\/64d1c2e4d0d4fd1b849980c4331c2951\",\"name\":\"Villasmil Henry\",\"image\":{\"@type\":\"ImageObject\",\"inLanguage\":\"es\",\"@id\":\"https:\\\/\\\/secure.gravatar.com\\\/avatar\\\/bb0c4a2fcb7970138239f7e404ea75757b1b507b28b5ce4c53fbd62d797c5a7c?s=96&d=mm&r=g\",\"url\":\"https:\\\/\\\/secure.gravatar.com\\\/avatar\\\/bb0c4a2fcb7970138239f7e404ea75757b1b507b28b5ce4c53fbd62d797c5a7c?s=96&d=mm&r=g\",\"contentUrl\":\"https:\\\/\\\/secure.gravatar.com\\\/avatar\\\/bb0c4a2fcb7970138239f7e404ea75757b1b507b28b5ce4c53fbd62d797c5a7c?s=96&d=mm&r=g\",\"caption\":\"Villasmil Henry\"},\"logo\":{\"@id\":\"https:\\\/\\\/secure.gravatar.com\\\/avatar\\\/bb0c4a2fcb7970138239f7e404ea75757b1b507b28b5ce4c53fbd62d797c5a7c?s=96&d=mm&r=g\"},\"sameAs\":[\"http:\\\/\\\/www.henryvillasmil.com.ve\",\"https:\\\/\\\/www.instagram.com\\\/villasmilhfoto\\\/\",\"https:\\\/\\\/x.com\\\/https:\\\/\\\/twitter.com\\\/villasmilhfoto\"]},{\"@type\":\"Person\",\"@id\":\"https:\\\/\\\/digital58.com.ve\\\/site\\\/#\\\/schema\\\/person\\\/38596b127602deaa13fbcd7585635238\",\"name\":\"Caren A\u00f1ez\",\"image\":{\"@type\":\"ImageObject\",\"inLanguage\":\"es\",\"@id\":\"https:\\\/\\\/secure.gravatar.com\\\/avatar\\\/53aadd693aa414991c9ff2f2b19c39be94d2c342463b80f5402d344911bc9782?s=96&d=mm&r=g\",\"url\":\"https:\\\/\\\/secure.gravatar.com\\\/avatar\\\/53aadd693aa414991c9ff2f2b19c39be94d2c342463b80f5402d344911bc9782?s=96&d=mm&r=g\",\"contentUrl\":\"https:\\\/\\\/secure.gravatar.com\\\/avatar\\\/53aadd693aa414991c9ff2f2b19c39be94d2c342463b80f5402d344911bc9782?s=96&d=mm&r=g\",\"caption\":\"Caren A\u00f1ez\"},\"description\":\"\ud83d\udc69\u200d\ud83c\udfa4Editora en @digital_58 \ud83d\udc69\ud83c\udffb\u200d\ud83c\udfebPeriodista musical y de entretenimiento. \ud83d\udcf8Fotografa \ud83d\udc69\ud83c\udffb\u200d\ud83d\udcbbMedia Management. \ud83d\udc69\u200d\ud83d\udc67\u200d\ud83d\udc67AspieMon 24\\\/7\",\"sameAs\":[\"https:\\\/\\\/www.instagram.com\\\/carenanez\\\/\",\"https:\\\/\\\/x.com\\\/carenanez\"],\"url\":\"https:\\\/\\\/digital58.com.ve\\\/site\\\/author\\\/carena21\\\/\"}]}<\/script>\n<!-- \/ Yoast SEO plugin. -->","yoast_head_json":{"title":"Julio Castro afirm\u00f3 que 80 por ciento de las transmisiones en Venezuela son \u00f3micron","description":"Salud","robots":{"index":"index","follow":"follow","max-snippet":"max-snippet:-1","max-image-preview":"max-image-preview:large","max-video-preview":"max-video-preview:-1"},"canonical":"https:\/\/digital58.com.ve\/site\/2022\/01\/17\/julio-castro-afirmo-que-80-de-las-transmisiones-en-venezuela-son-omicron\/","og_locale":"es_ES","og_type":"article","og_title":"Julio Castro afirm\u00f3 que 80 por ciento de las transmisiones en Venezuela son \u00f3micron","og_description":"Salud","og_url":"https:\/\/digital58.com.ve\/site\/2022\/01\/17\/julio-castro-afirmo-que-80-de-las-transmisiones-en-venezuela-son-omicron\/","og_site_name":"Noticias Digital58","article_published_time":"2022-01-17T12:38:42+00:00","article_modified_time":"2022-01-17T13:09:13+00:00","og_image":[{"width":1200,"height":800,"url":"https:\/\/digital58.com.ve\/site\/wp-content\/uploads\/2022\/01\/julio-mendez-e1641296871581.jpg","type":"image\/jpeg"}],"author":"Caren A\u00f1ez","twitter_card":"summary_large_image","twitter_creator":"@carenanez","twitter_site":"@villasmilhfoto","twitter_misc":{"Escrito por":"Caren A\u00f1ez","Tiempo estimado de lectura":"2 minutos"},"schema":{"@context":"https:\/\/schema.org","@graph":[{"@type":"Article","@id":"https:\/\/digital58.com.ve\/site\/2022\/01\/17\/julio-castro-afirmo-que-80-de-las-transmisiones-en-venezuela-son-omicron\/#article","isPartOf":{"@id":"https:\/\/digital58.com.ve\/site\/2022\/01\/17\/julio-castro-afirmo-que-80-de-las-transmisiones-en-venezuela-son-omicron\/"},"author":{"name":"Caren A\u00f1ez","@id":"https:\/\/digital58.com.ve\/site\/#\/schema\/person\/38596b127602deaa13fbcd7585635238"},"headline":"Julio Castro afirm\u00f3 que 80 por ciento de las transmisiones en Venezuela son \u00f3micron","datePublished":"2022-01-17T12:38:42+00:00","dateModified":"2022-01-17T13:09:13+00:00","mainEntityOfPage":{"@id":"https:\/\/digital58.com.ve\/site\/2022\/01\/17\/julio-castro-afirmo-que-80-de-las-transmisiones-en-venezuela-son-omicron\/"},"wordCount":328,"commentCount":0,"publisher":{"@id":"https:\/\/digital58.com.ve\/site\/#\/schema\/person\/64d1c2e4d0d4fd1b849980c4331c2951"},"image":{"@id":"https:\/\/digital58.com.ve\/site\/2022\/01\/17\/julio-castro-afirmo-que-80-de-las-transmisiones-en-venezuela-son-omicron\/#primaryimage"},"thumbnailUrl":"https:\/\/digital58.com.ve\/site\/wp-content\/uploads\/2022\/01\/julio-mendez-e1641296871581.jpg","keywords":["COVID-19","Julio Castro","Mutaciones","Nacionales","Pandemia","SARS-CoV-2","Vacunas","Variante \u00f3micron","Venezuela","Virus"],"articleSection":["Salud"],"inLanguage":"es","potentialAction":[{"@type":"CommentAction","name":"Comment","target":["https:\/\/digital58.com.ve\/site\/2022\/01\/17\/julio-castro-afirmo-que-80-de-las-transmisiones-en-venezuela-son-omicron\/#respond"]}]},{"@type":"WebPage","@id":"https:\/\/digital58.com.ve\/site\/2022\/01\/17\/julio-castro-afirmo-que-80-de-las-transmisiones-en-venezuela-son-omicron\/","url":"https:\/\/digital58.com.ve\/site\/2022\/01\/17\/julio-castro-afirmo-que-80-de-las-transmisiones-en-venezuela-son-omicron\/","name":"Julio Castro afirm\u00f3 que 80 por ciento de las transmisiones en Venezuela son \u00f3micron","isPartOf":{"@id":"https:\/\/digital58.com.ve\/site\/#website"},"primaryImageOfPage":{"@id":"https:\/\/digital58.com.ve\/site\/2022\/01\/17\/julio-castro-afirmo-que-80-de-las-transmisiones-en-venezuela-son-omicron\/#primaryimage"},"image":{"@id":"https:\/\/digital58.com.ve\/site\/2022\/01\/17\/julio-castro-afirmo-que-80-de-las-transmisiones-en-venezuela-son-omicron\/#primaryimage"},"thumbnailUrl":"https:\/\/digital58.com.ve\/site\/wp-content\/uploads\/2022\/01\/julio-mendez-e1641296871581.jpg","datePublished":"2022-01-17T12:38:42+00:00","dateModified":"2022-01-17T13:09:13+00:00","description":"Salud","breadcrumb":{"@id":"https:\/\/digital58.com.ve\/site\/2022\/01\/17\/julio-castro-afirmo-que-80-de-las-transmisiones-en-venezuela-son-omicron\/#breadcrumb"},"inLanguage":"es","potentialAction":[{"@type":"ReadAction","target":["https:\/\/digital58.com.ve\/site\/2022\/01\/17\/julio-castro-afirmo-que-80-de-las-transmisiones-en-venezuela-son-omicron\/"]}]},{"@type":"ImageObject","inLanguage":"es","@id":"https:\/\/digital58.com.ve\/site\/2022\/01\/17\/julio-castro-afirmo-que-80-de-las-transmisiones-en-venezuela-son-omicron\/#primaryimage","url":"https:\/\/digital58.com.ve\/site\/wp-content\/uploads\/2022\/01\/julio-mendez-e1641296871581.jpg","contentUrl":"https:\/\/digital58.com.ve\/site\/wp-content\/uploads\/2022\/01\/julio-mendez-e1641296871581.jpg","width":800,"height":533},{"@type":"BreadcrumbList","@id":"https:\/\/digital58.com.ve\/site\/2022\/01\/17\/julio-castro-afirmo-que-80-de-las-transmisiones-en-venezuela-son-omicron\/#breadcrumb","itemListElement":[{"@type":"ListItem","position":1,"name":"Home","item":"https:\/\/digital58.com.ve\/site\/"},{"@type":"ListItem","position":2,"name":"Julio Castro afirm\u00f3 que 80 por ciento de las transmisiones en Venezuela son \u00f3micron"}]},{"@type":"WebSite","@id":"https:\/\/digital58.com.ve\/site\/#website","url":"https:\/\/digital58.com.ve\/site\/","name":"Noticias Digital58","description":"Portal de Noticias \u00a1Periodismo web de verdad! Lanzamiento web 22.11.2005 \/ Maracaibo, Venezuela","publisher":{"@id":"https:\/\/digital58.com.ve\/site\/#\/schema\/person\/64d1c2e4d0d4fd1b849980c4331c2951"},"alternateName":"ND58","potentialAction":[{"@type":"SearchAction","target":{"@type":"EntryPoint","urlTemplate":"https:\/\/digital58.com.ve\/site\/?s={search_term_string}"},"query-input":{"@type":"PropertyValueSpecification","valueRequired":true,"valueName":"search_term_string"}}],"inLanguage":"es"},{"@type":["Person","Organization"],"@id":"https:\/\/digital58.com.ve\/site\/#\/schema\/person\/64d1c2e4d0d4fd1b849980c4331c2951","name":"Villasmil Henry","image":{"@type":"ImageObject","inLanguage":"es","@id":"https:\/\/secure.gravatar.com\/avatar\/bb0c4a2fcb7970138239f7e404ea75757b1b507b28b5ce4c53fbd62d797c5a7c?s=96&d=mm&r=g","url":"https:\/\/secure.gravatar.com\/avatar\/bb0c4a2fcb7970138239f7e404ea75757b1b507b28b5ce4c53fbd62d797c5a7c?s=96&d=mm&r=g","contentUrl":"https:\/\/secure.gravatar.com\/avatar\/bb0c4a2fcb7970138239f7e404ea75757b1b507b28b5ce4c53fbd62d797c5a7c?s=96&d=mm&r=g","caption":"Villasmil Henry"},"logo":{"@id":"https:\/\/secure.gravatar.com\/avatar\/bb0c4a2fcb7970138239f7e404ea75757b1b507b28b5ce4c53fbd62d797c5a7c?s=96&d=mm&r=g"},"sameAs":["http:\/\/www.henryvillasmil.com.ve","https:\/\/www.instagram.com\/villasmilhfoto\/","https:\/\/x.com\/https:\/\/twitter.com\/villasmilhfoto"]},{"@type":"Person","@id":"https:\/\/digital58.com.ve\/site\/#\/schema\/person\/38596b127602deaa13fbcd7585635238","name":"Caren A\u00f1ez","image":{"@type":"ImageObject","inLanguage":"es","@id":"https:\/\/secure.gravatar.com\/avatar\/53aadd693aa414991c9ff2f2b19c39be94d2c342463b80f5402d344911bc9782?s=96&d=mm&r=g","url":"https:\/\/secure.gravatar.com\/avatar\/53aadd693aa414991c9ff2f2b19c39be94d2c342463b80f5402d344911bc9782?s=96&d=mm&r=g","contentUrl":"https:\/\/secure.gravatar.com\/avatar\/53aadd693aa414991c9ff2f2b19c39be94d2c342463b80f5402d344911bc9782?s=96&d=mm&r=g","caption":"Caren A\u00f1ez"},"description":"\ud83d\udc69\u200d\ud83c\udfa4Editora en @digital_58 \ud83d\udc69\ud83c\udffb\u200d\ud83c\udfebPeriodista musical y de entretenimiento. \ud83d\udcf8Fotografa \ud83d\udc69\ud83c\udffb\u200d\ud83d\udcbbMedia Management. \ud83d\udc69\u200d\ud83d\udc67\u200d\ud83d\udc67AspieMon 24\/7","sameAs":["https:\/\/www.instagram.com\/carenanez\/","https:\/\/x.com\/carenanez"],"url":"https:\/\/digital58.com.ve\/site\/author\/carena21\/"}]}},"uagb_featured_image_src":{"full":["https:\/\/digital58.com.ve\/site\/wp-content\/uploads\/2022\/01\/julio-mendez-e1641296871581.jpg",800,533,false],"thumbnail":["https:\/\/digital58.com.ve\/site\/wp-content\/uploads\/2022\/01\/julio-mendez-e1550610853431-150x150.jpg",150,150,true],"medium":["https:\/\/digital58.com.ve\/site\/wp-content\/uploads\/2022\/01\/julio-mendez-e1550610853431-300x200.jpg",300,200,true],"medium_large":["https:\/\/digital58.com.ve\/site\/wp-content\/uploads\/2022\/01\/julio-mendez-e1550610853431-768x512.jpg",768,512,true],"large":["https:\/\/digital58.com.ve\/site\/wp-content\/uploads\/2022\/01\/julio-mendez-e1550610853431-1500x1000.jpg",800,533,true],"1536x1536":["https:\/\/digital58.com.ve\/site\/wp-content\/uploads\/2022\/01\/julio-mendez-e1550610853431-1536x1024.jpg",1536,1024,true],"2048x2048":["https:\/\/digital58.com.ve\/site\/wp-content\/uploads\/2022\/01\/julio-mendez-e1641296871581.jpg",800,533,false],"colormag-highlighted-post":["https:\/\/digital58.com.ve\/site\/wp-content\/uploads\/2022\/01\/julio-mendez-e1641296871581.jpg",392,261,false],"colormag-featured-post-medium":["https:\/\/digital58.com.ve\/site\/wp-content\/uploads\/2022\/01\/julio-mendez-e1641296871581.jpg",308,205,false],"colormag-featured-post-small":["https:\/\/digital58.com.ve\/site\/wp-content\/uploads\/2022\/01\/julio-mendez-e1641296871581.jpg",130,87,false],"colormag-featured-image":["https:\/\/digital58.com.ve\/site\/wp-content\/uploads\/2022\/01\/julio-mendez-e1641296871581.jpg",668,445,false],"colormag-default-news":["https:\/\/digital58.com.ve\/site\/wp-content\/uploads\/2022\/01\/julio-mendez-e1641296871581.jpg",150,100,false],"colormag-featured-image-large":["https:\/\/digital58.com.ve\/site\/wp-content\/uploads\/2022\/01\/julio-mendez-e1641296871581.jpg",800,533,false]},"uagb_author_info":{"display_name":"Caren A\u00f1ez","author_link":"https:\/\/digital58.com.ve\/site\/author\/carena21\/"},"uagb_comment_info":0,"uagb_excerpt":"El m\u00e9dico infect\u00f3logo, Julio Castro convers\u00f3 en su secci\u00f3n \u00abCOVID en Datos\u00bb con Shirley Varnagy acerca de los datos de","_links":{"self":[{"href":"https:\/\/digital58.com.ve\/site\/wp-json\/wp\/v2\/posts\/147001","targetHints":{"allow":["GET"]}}],"collection":[{"href":"https:\/\/digital58.com.ve\/site\/wp-json\/wp\/v2\/posts"}],"about":[{"href":"https:\/\/digital58.com.ve\/site\/wp-json\/wp\/v2\/types\/post"}],"author":[{"embeddable":true,"href":"https:\/\/digital58.com.ve\/site\/wp-json\/wp\/v2\/users\/39"}],"replies":[{"embeddable":true,"href":"https:\/\/digital58.com.ve\/site\/wp-json\/wp\/v2\/comments?post=147001"}],"version-history":[{"count":0,"href":"https:\/\/digital58.com.ve\/site\/wp-json\/wp\/v2\/posts\/147001\/revisions"}],"wp:featuredmedia":[{"embeddable":true,"href":"https:\/\/digital58.com.ve\/site\/wp-json\/wp\/v2\/media\/145927"}],"wp:attachment":[{"href":"https:\/\/digital58.com.ve\/site\/wp-json\/wp\/v2\/media?parent=147001"}],"wp:term":[{"taxonomy":"category","embeddable":true,"href":"https:\/\/digital58.com.ve\/site\/wp-json\/wp\/v2\/categories?post=147001"},{"taxonomy":"post_tag","embeddable":true,"href":"https:\/\/digital58.com.ve\/site\/wp-json\/wp\/v2\/tags?post=147001"}],"curies":[{"name":"wp","href":"https:\/\/api.w.org\/{rel}","templated":true}]}}