{"id":147058,"date":"2022-01-17T13:28:04","date_gmt":"2022-01-17T17:28:04","guid":{"rendered":"https:\/\/digital58.com.ve\/site\/?p=147058"},"modified":"2022-01-17T13:28:04","modified_gmt":"2022-01-17T17:28:04","slug":"un-millon-de-personas-caen-en-la-pobreza-en-espana-por-la-covid-19-segun-oxfam","status":"publish","type":"post","link":"https:\/\/digital58.com.ve\/site\/2022\/01\/17\/un-millon-de-personas-caen-en-la-pobreza-en-espana-por-la-covid-19-segun-oxfam\/","title":{"rendered":"Un mill\u00f3n de personas caen en la pobreza en Espa\u00f1a por la COVID-19, seg\u00fan Oxfam"},"content":{"rendered":"<p><a href=\"https:\/\/digital58.com.ve\/site\/wp-content\/uploads\/2020\/04\/espa\u00f1a-14.jpg\"><img loading=\"lazy\" decoding=\"async\" class=\"aligncenter size-full wp-image-95529\" src=\"https:\/\/digital58.com.ve\/site\/wp-content\/uploads\/2020\/04\/espa\u00f1a-14.jpg\" alt=\"\" width=\"800\" height=\"533\" srcset=\"https:\/\/digital58.com.ve\/site\/wp-content\/uploads\/2020\/04\/espa\u00f1a-14.jpg 800w, https:\/\/digital58.com.ve\/site\/wp-content\/uploads\/2020\/04\/espa\u00f1a-14-300x200.jpg 300w, https:\/\/digital58.com.ve\/site\/wp-content\/uploads\/2020\/04\/espa\u00f1a-14-768x512.jpg 768w, https:\/\/digital58.com.ve\/site\/wp-content\/uploads\/2020\/04\/espa\u00f1a-14-720x480.jpg 720w, https:\/\/digital58.com.ve\/site\/wp-content\/uploads\/2020\/04\/espa\u00f1a-14-480x320.jpg 480w\" sizes=\"auto, (max-width: 800px) 100vw, 800px\" \/><\/a><\/p>\n<p>M\u00e1s de un mill\u00f3n de personas han empezado a padecer graves carencias materiales en Espa\u00f1a, seg\u00fan el informe anual de la organizaci\u00f3n Oxfam Interm\u00f3n.<\/p>\n<p><strong>Espa\u00f1a, 17 de enero de 2022 (ND58).-<\/strong> La ONG, que public\u00f3 este lunes la investigaci\u00f3n internacional \u00abLas desigualdades matan\u00bb, reclam\u00f3 al Gobierno espa\u00f1ol que ataje esta situaci\u00f3n.<\/p>\n<p>En el informe Oxfam denuncia que la riqueza de los diez hombres m\u00e1s ricos del planeta se ha duplicado, mientras que los ingresos del 99 por ciento de la humanidad se han deteriorado a causa de la COVID-19.<\/p>\n<p>En el caso de Espa\u00f1a, destaca que durante el primer a\u00f1o de pandemia (2020) m\u00e1s de un mill\u00f3n de personas pasaron a encontrarse en situaci\u00f3n de carencia material severa, con dificultades para hacer frente a gastos de suministros esenciales o comer carne dos veces a la semana.<\/p>\n<p>\u00abLa desigualdad econ\u00f3mica se ha disparado como consecuencia de la COVID 19, se ha producido un enorme aumento en la brecha entre los superricos y el resto de la humanidad, nunca antes hab\u00edamos visto esto\u00bb, explica uno de los autores del informe \u00cd\u00f1igo Mac\u00edas.<\/p>\n<p>En Espa\u00f1a, un pa\u00eds de 47,4 millones de habitantes, el Producto Interior Bruto cay\u00f3 un 10,8 por ciento ese a\u00f1o. Y el impacto econ\u00f3mico y social de la COVID-19 ha hecho aumentar en 51.000 los hogares sin ingresos.<\/p>\n<p>\u00abEst\u00e1 siendo especialmente duro para los colectivos m\u00e1s vulnerables, pero tambi\u00e9n desigual, las primeras informaciones detectan un aumento de la desigualdad salarial haciendo que la distancia entre los que m\u00e1s ganan y los que menos se ampl\u00ede\u00bb, alerta el especialista.<\/p>\n<p>Oxfam propone reforzar las pol\u00edticas de protecci\u00f3n social que durante la pandemia se han demostrado esenciales para reducir las brechas sociales en Espa\u00f1a.<\/p>\n<p>En ese sentido, menciona los expedientes de regulaci\u00f3n temporal de empleo para trabajadores de empresas afectadas por la crisis de la pandemia y el ingreso m\u00ednimo vital para las familias menos pudientes.<\/p>\n<p>Seg\u00fan la ONG, es necesario que Espa\u00f1a contin\u00fae mejorando la inversi\u00f3n en sanidad y educaci\u00f3n y garantizar una fiscalidad progresiva.<\/p>\n<p>\u00abEn Espa\u00f1a, cuando las cosas van mal, la pobreza y la desigualdad aumenta mucho y cuando las cosas van bien disminuye muy poco; (..) la austeridad durante la anterior crisis supuso un descenso continuado de la inversi\u00f3n en gasto p\u00fablico\u00bb, lamenta el investigador.<\/p>\n<p>Oxfam pide al Ejecutivo espa\u00f1ol que se utilicen los fondos de recuperaci\u00f3n de la Uni\u00f3n Europea para reducir las desigualdades, combatir los efectos del cambio clim\u00e1tico y beneficiar a la poblaci\u00f3n que se encuentra en mayor riesgo de vulnerabilidad.<\/p>\n<p><strong>Redacci\u00f3n ND58 | Fuente: EFE<\/strong><br \/>\n<strong>Edici\u00f3n: Villasmil, Henry<\/strong><br \/>\n<strong>Gr\u00e1fica: Archivo<\/strong><\/p>\n<p>&nbsp;<\/p>\n<p>&nbsp;<\/p><div class=\"kekrq69f351c36a623\" ><p style=\"text-align: center;\"><a href=\"https:\/\/t.me\/noticiasdigital58\" target=\"_blank\" rel=\"noopener\"><img class=\"aligncenter size-full wp-image-125363\" src=\"https:\/\/digital58.com.ve\/site\/wp-content\/uploads\/2021\/04\/banner-telegram-web-2021.png\" alt=\"\" width=\"600\" height=\"90\" \/><\/a><\/p><\/div><style type=\"text\/css\">\r\n@media screen and (min-width: 1201px) {\r\n.kekrq69f351c36a623 {\r\ndisplay: block;\r\n}\r\n}\r\n@media screen and (min-width: 993px) and (max-width: 1200px) {\r\n.kekrq69f351c36a623 {\r\ndisplay: block;\r\n}\r\n}\r\n@media screen and (min-width: 769px) and (max-width: 992px) {\r\n.kekrq69f351c36a623 {\r\ndisplay: block;\r\n}\r\n}\r\n@media screen and (min-width: 768px) and (max-width: 768px) {\r\n.kekrq69f351c36a623 {\r\ndisplay: block;\r\n}\r\n}\r\n@media screen and (max-width: 767px) {\r\n.kekrq69f351c36a623 {\r\ndisplay: block;\r\n}\r\n}\r\n<\/style>\r\n\n<p>&nbsp;<\/p>\n<div style=\"margin-top: 0px; margin-bottom: 0px;\" class=\"sharethis-inline-share-buttons\" ><\/div>","protected":false},"excerpt":{"rendered":"<p>M\u00e1s de un mill\u00f3n de personas han empezado a padecer graves carencias materiales en Espa\u00f1a, seg\u00fan el informe anual de<\/p>\n","protected":false},"author":1,"featured_media":95529,"comment_status":"open","ping_status":"closed","sticky":false,"template":"","format":"standard","meta":{"colormag_page_container_layout":"default_layout","colormag_page_sidebar_layout":"default_layout","_uag_custom_page_level_css":"","footnotes":""},"categories":[16451],"tags":[13352,13648,14597,115,8,6893,26784,13723,17132,13793],"class_list":["post-147058","post","type-post","status-publish","format-standard","has-post-thumbnail","hentry","category-mundo","tag-coronavirus","tag-covid-19","tag-economia-internacional","tag-espana","tag-internacionales","tag-ong","tag-oxfam-intermon","tag-pandemia","tag-pobreza","tag-sars-cov-2"],"yoast_head":"<!-- This site is optimized with the Yoast SEO plugin v27.5 - https:\/\/yoast.com\/product\/yoast-seo-wordpress\/ -->\n<title>Un mill\u00f3n de personas caen en la pobreza en Espa\u00f1a por la COVID-19, seg\u00fan Oxfam<\/title>\n<meta name=\"description\" content=\"Mundo\" \/>\n<meta name=\"robots\" content=\"index, follow, max-snippet:-1, max-image-preview:large, max-video-preview:-1\" \/>\n<link rel=\"canonical\" href=\"https:\/\/digital58.com.ve\/site\/2022\/01\/17\/un-millon-de-personas-caen-en-la-pobreza-en-espana-por-la-covid-19-segun-oxfam\/\" \/>\n<meta property=\"og:locale\" content=\"es_ES\" \/>\n<meta property=\"og:type\" content=\"article\" \/>\n<meta property=\"og:title\" content=\"Un mill\u00f3n de personas caen en la pobreza en Espa\u00f1a por la COVID-19, seg\u00fan Oxfam\" \/>\n<meta property=\"og:description\" content=\"Mundo\" \/>\n<meta property=\"og:url\" content=\"https:\/\/digital58.com.ve\/site\/2022\/01\/17\/un-millon-de-personas-caen-en-la-pobreza-en-espana-por-la-covid-19-segun-oxfam\/\" \/>\n<meta property=\"og:site_name\" content=\"Noticias Digital58\" \/>\n<meta property=\"article:published_time\" content=\"2022-01-17T17:28:04+00:00\" \/>\n<meta property=\"og:image\" content=\"https:\/\/digital58.com.ve\/site\/wp-content\/uploads\/2020\/04\/espa\u00f1a-14.jpg\" \/>\n\t<meta property=\"og:image:width\" content=\"800\" \/>\n\t<meta property=\"og:image:height\" content=\"533\" \/>\n\t<meta property=\"og:image:type\" content=\"image\/jpeg\" \/>\n<meta name=\"author\" content=\"Villasmil Henry\" \/>\n<meta name=\"twitter:card\" content=\"summary_large_image\" \/>\n<meta name=\"twitter:creator\" content=\"@https:\/\/twitter.com\/villasmilhfoto\" \/>\n<meta name=\"twitter:site\" content=\"@villasmilhfoto\" \/>\n<meta name=\"twitter:label1\" content=\"Escrito por\" \/>\n\t<meta name=\"twitter:data1\" content=\"Villasmil Henry\" \/>\n\t<meta name=\"twitter:label2\" content=\"Tiempo estimado de lectura\" \/>\n\t<meta name=\"twitter:data2\" content=\"3 minutos\" \/>\n<script type=\"application\/ld+json\" class=\"yoast-schema-graph\">{\"@context\":\"https:\\\/\\\/schema.org\",\"@graph\":[{\"@type\":\"Article\",\"@id\":\"https:\\\/\\\/digital58.com.ve\\\/site\\\/2022\\\/01\\\/17\\\/un-millon-de-personas-caen-en-la-pobreza-en-espana-por-la-covid-19-segun-oxfam\\\/#article\",\"isPartOf\":{\"@id\":\"https:\\\/\\\/digital58.com.ve\\\/site\\\/2022\\\/01\\\/17\\\/un-millon-de-personas-caen-en-la-pobreza-en-espana-por-la-covid-19-segun-oxfam\\\/\"},\"author\":{\"name\":\"Villasmil Henry\",\"@id\":\"https:\\\/\\\/digital58.com.ve\\\/site\\\/#\\\/schema\\\/person\\\/64d1c2e4d0d4fd1b849980c4331c2951\"},\"headline\":\"Un mill\u00f3n de personas caen en la pobreza en Espa\u00f1a por la COVID-19, seg\u00fan Oxfam\",\"datePublished\":\"2022-01-17T17:28:04+00:00\",\"mainEntityOfPage\":{\"@id\":\"https:\\\/\\\/digital58.com.ve\\\/site\\\/2022\\\/01\\\/17\\\/un-millon-de-personas-caen-en-la-pobreza-en-espana-por-la-covid-19-segun-oxfam\\\/\"},\"wordCount\":485,\"commentCount\":0,\"publisher\":{\"@id\":\"https:\\\/\\\/digital58.com.ve\\\/site\\\/#\\\/schema\\\/person\\\/64d1c2e4d0d4fd1b849980c4331c2951\"},\"image\":{\"@id\":\"https:\\\/\\\/digital58.com.ve\\\/site\\\/2022\\\/01\\\/17\\\/un-millon-de-personas-caen-en-la-pobreza-en-espana-por-la-covid-19-segun-oxfam\\\/#primaryimage\"},\"thumbnailUrl\":\"https:\\\/\\\/digital58.com.ve\\\/site\\\/wp-content\\\/uploads\\\/2020\\\/04\\\/espa\u00f1a-14.jpg\",\"keywords\":[\"Coronavirus\",\"COVID-19\",\"Econom\u00eda Internacional\",\"Espa\u00f1a\",\"Internacionales\",\"ONG\",\"Oxfam Interm\u00f3n\",\"Pandemia\",\"pobreza\",\"SARS-CoV-2\"],\"articleSection\":[\"Mundo\"],\"inLanguage\":\"es\",\"potentialAction\":[{\"@type\":\"CommentAction\",\"name\":\"Comment\",\"target\":[\"https:\\\/\\\/digital58.com.ve\\\/site\\\/2022\\\/01\\\/17\\\/un-millon-de-personas-caen-en-la-pobreza-en-espana-por-la-covid-19-segun-oxfam\\\/#respond\"]}]},{\"@type\":\"WebPage\",\"@id\":\"https:\\\/\\\/digital58.com.ve\\\/site\\\/2022\\\/01\\\/17\\\/un-millon-de-personas-caen-en-la-pobreza-en-espana-por-la-covid-19-segun-oxfam\\\/\",\"url\":\"https:\\\/\\\/digital58.com.ve\\\/site\\\/2022\\\/01\\\/17\\\/un-millon-de-personas-caen-en-la-pobreza-en-espana-por-la-covid-19-segun-oxfam\\\/\",\"name\":\"Un mill\u00f3n de personas caen en la pobreza en Espa\u00f1a por la COVID-19, seg\u00fan Oxfam\",\"isPartOf\":{\"@id\":\"https:\\\/\\\/digital58.com.ve\\\/site\\\/#website\"},\"primaryImageOfPage\":{\"@id\":\"https:\\\/\\\/digital58.com.ve\\\/site\\\/2022\\\/01\\\/17\\\/un-millon-de-personas-caen-en-la-pobreza-en-espana-por-la-covid-19-segun-oxfam\\\/#primaryimage\"},\"image\":{\"@id\":\"https:\\\/\\\/digital58.com.ve\\\/site\\\/2022\\\/01\\\/17\\\/un-millon-de-personas-caen-en-la-pobreza-en-espana-por-la-covid-19-segun-oxfam\\\/#primaryimage\"},\"thumbnailUrl\":\"https:\\\/\\\/digital58.com.ve\\\/site\\\/wp-content\\\/uploads\\\/2020\\\/04\\\/espa\u00f1a-14.jpg\",\"datePublished\":\"2022-01-17T17:28:04+00:00\",\"description\":\"Mundo\",\"breadcrumb\":{\"@id\":\"https:\\\/\\\/digital58.com.ve\\\/site\\\/2022\\\/01\\\/17\\\/un-millon-de-personas-caen-en-la-pobreza-en-espana-por-la-covid-19-segun-oxfam\\\/#breadcrumb\"},\"inLanguage\":\"es\",\"potentialAction\":[{\"@type\":\"ReadAction\",\"target\":[\"https:\\\/\\\/digital58.com.ve\\\/site\\\/2022\\\/01\\\/17\\\/un-millon-de-personas-caen-en-la-pobreza-en-espana-por-la-covid-19-segun-oxfam\\\/\"]}]},{\"@type\":\"ImageObject\",\"inLanguage\":\"es\",\"@id\":\"https:\\\/\\\/digital58.com.ve\\\/site\\\/2022\\\/01\\\/17\\\/un-millon-de-personas-caen-en-la-pobreza-en-espana-por-la-covid-19-segun-oxfam\\\/#primaryimage\",\"url\":\"https:\\\/\\\/digital58.com.ve\\\/site\\\/wp-content\\\/uploads\\\/2020\\\/04\\\/espa\u00f1a-14.jpg\",\"contentUrl\":\"https:\\\/\\\/digital58.com.ve\\\/site\\\/wp-content\\\/uploads\\\/2020\\\/04\\\/espa\u00f1a-14.jpg\",\"width\":800,\"height\":533},{\"@type\":\"BreadcrumbList\",\"@id\":\"https:\\\/\\\/digital58.com.ve\\\/site\\\/2022\\\/01\\\/17\\\/un-millon-de-personas-caen-en-la-pobreza-en-espana-por-la-covid-19-segun-oxfam\\\/#breadcrumb\",\"itemListElement\":[{\"@type\":\"ListItem\",\"position\":1,\"name\":\"Home\",\"item\":\"https:\\\/\\\/digital58.com.ve\\\/site\\\/\"},{\"@type\":\"ListItem\",\"position\":2,\"name\":\"Un mill\u00f3n de personas caen en la pobreza en Espa\u00f1a por la COVID-19, seg\u00fan Oxfam\"}]},{\"@type\":\"WebSite\",\"@id\":\"https:\\\/\\\/digital58.com.ve\\\/site\\\/#website\",\"url\":\"https:\\\/\\\/digital58.com.ve\\\/site\\\/\",\"name\":\"Noticias Digital58\",\"description\":\"Portal de Noticias \u00a1Periodismo web de verdad! Lanzamiento web 22.11.2005 \\\/ Maracaibo, Venezuela\",\"publisher\":{\"@id\":\"https:\\\/\\\/digital58.com.ve\\\/site\\\/#\\\/schema\\\/person\\\/64d1c2e4d0d4fd1b849980c4331c2951\"},\"alternateName\":\"ND58\",\"potentialAction\":[{\"@type\":\"SearchAction\",\"target\":{\"@type\":\"EntryPoint\",\"urlTemplate\":\"https:\\\/\\\/digital58.com.ve\\\/site\\\/?s={search_term_string}\"},\"query-input\":{\"@type\":\"PropertyValueSpecification\",\"valueRequired\":true,\"valueName\":\"search_term_string\"}}],\"inLanguage\":\"es\"},{\"@type\":[\"Person\",\"Organization\"],\"@id\":\"https:\\\/\\\/digital58.com.ve\\\/site\\\/#\\\/schema\\\/person\\\/64d1c2e4d0d4fd1b849980c4331c2951\",\"name\":\"Villasmil Henry\",\"image\":{\"@type\":\"ImageObject\",\"inLanguage\":\"es\",\"@id\":\"https:\\\/\\\/secure.gravatar.com\\\/avatar\\\/bb0c4a2fcb7970138239f7e404ea75757b1b507b28b5ce4c53fbd62d797c5a7c?s=96&d=mm&r=g\",\"url\":\"https:\\\/\\\/secure.gravatar.com\\\/avatar\\\/bb0c4a2fcb7970138239f7e404ea75757b1b507b28b5ce4c53fbd62d797c5a7c?s=96&d=mm&r=g\",\"contentUrl\":\"https:\\\/\\\/secure.gravatar.com\\\/avatar\\\/bb0c4a2fcb7970138239f7e404ea75757b1b507b28b5ce4c53fbd62d797c5a7c?s=96&d=mm&r=g\",\"caption\":\"Villasmil Henry\"},\"logo\":{\"@id\":\"https:\\\/\\\/secure.gravatar.com\\\/avatar\\\/bb0c4a2fcb7970138239f7e404ea75757b1b507b28b5ce4c53fbd62d797c5a7c?s=96&d=mm&r=g\"},\"sameAs\":[\"http:\\\/\\\/www.henryvillasmil.com.ve\",\"https:\\\/\\\/www.instagram.com\\\/villasmilhfoto\\\/\",\"https:\\\/\\\/x.com\\\/https:\\\/\\\/twitter.com\\\/villasmilhfoto\"],\"url\":\"https:\\\/\\\/digital58.com.ve\\\/site\\\/author\\\/droopy_68\\\/\"}]}<\/script>\n<!-- \/ Yoast SEO plugin. -->","yoast_head_json":{"title":"Un mill\u00f3n de personas caen en la pobreza en Espa\u00f1a por la COVID-19, seg\u00fan Oxfam","description":"Mundo","robots":{"index":"index","follow":"follow","max-snippet":"max-snippet:-1","max-image-preview":"max-image-preview:large","max-video-preview":"max-video-preview:-1"},"canonical":"https:\/\/digital58.com.ve\/site\/2022\/01\/17\/un-millon-de-personas-caen-en-la-pobreza-en-espana-por-la-covid-19-segun-oxfam\/","og_locale":"es_ES","og_type":"article","og_title":"Un mill\u00f3n de personas caen en la pobreza en Espa\u00f1a por la COVID-19, seg\u00fan Oxfam","og_description":"Mundo","og_url":"https:\/\/digital58.com.ve\/site\/2022\/01\/17\/un-millon-de-personas-caen-en-la-pobreza-en-espana-por-la-covid-19-segun-oxfam\/","og_site_name":"Noticias Digital58","article_published_time":"2022-01-17T17:28:04+00:00","og_image":[{"width":800,"height":533,"url":"https:\/\/digital58.com.ve\/site\/wp-content\/uploads\/2020\/04\/espa\u00f1a-14.jpg","type":"image\/jpeg"}],"author":"Villasmil Henry","twitter_card":"summary_large_image","twitter_creator":"@https:\/\/twitter.com\/villasmilhfoto","twitter_site":"@villasmilhfoto","twitter_misc":{"Escrito por":"Villasmil Henry","Tiempo estimado de lectura":"3 minutos"},"schema":{"@context":"https:\/\/schema.org","@graph":[{"@type":"Article","@id":"https:\/\/digital58.com.ve\/site\/2022\/01\/17\/un-millon-de-personas-caen-en-la-pobreza-en-espana-por-la-covid-19-segun-oxfam\/#article","isPartOf":{"@id":"https:\/\/digital58.com.ve\/site\/2022\/01\/17\/un-millon-de-personas-caen-en-la-pobreza-en-espana-por-la-covid-19-segun-oxfam\/"},"author":{"name":"Villasmil Henry","@id":"https:\/\/digital58.com.ve\/site\/#\/schema\/person\/64d1c2e4d0d4fd1b849980c4331c2951"},"headline":"Un mill\u00f3n de personas caen en la pobreza en Espa\u00f1a por la COVID-19, seg\u00fan Oxfam","datePublished":"2022-01-17T17:28:04+00:00","mainEntityOfPage":{"@id":"https:\/\/digital58.com.ve\/site\/2022\/01\/17\/un-millon-de-personas-caen-en-la-pobreza-en-espana-por-la-covid-19-segun-oxfam\/"},"wordCount":485,"commentCount":0,"publisher":{"@id":"https:\/\/digital58.com.ve\/site\/#\/schema\/person\/64d1c2e4d0d4fd1b849980c4331c2951"},"image":{"@id":"https:\/\/digital58.com.ve\/site\/2022\/01\/17\/un-millon-de-personas-caen-en-la-pobreza-en-espana-por-la-covid-19-segun-oxfam\/#primaryimage"},"thumbnailUrl":"https:\/\/digital58.com.ve\/site\/wp-content\/uploads\/2020\/04\/espa\u00f1a-14.jpg","keywords":["Coronavirus","COVID-19","Econom\u00eda Internacional","Espa\u00f1a","Internacionales","ONG","Oxfam Interm\u00f3n","Pandemia","pobreza","SARS-CoV-2"],"articleSection":["Mundo"],"inLanguage":"es","potentialAction":[{"@type":"CommentAction","name":"Comment","target":["https:\/\/digital58.com.ve\/site\/2022\/01\/17\/un-millon-de-personas-caen-en-la-pobreza-en-espana-por-la-covid-19-segun-oxfam\/#respond"]}]},{"@type":"WebPage","@id":"https:\/\/digital58.com.ve\/site\/2022\/01\/17\/un-millon-de-personas-caen-en-la-pobreza-en-espana-por-la-covid-19-segun-oxfam\/","url":"https:\/\/digital58.com.ve\/site\/2022\/01\/17\/un-millon-de-personas-caen-en-la-pobreza-en-espana-por-la-covid-19-segun-oxfam\/","name":"Un mill\u00f3n de personas caen en la pobreza en Espa\u00f1a por la COVID-19, seg\u00fan Oxfam","isPartOf":{"@id":"https:\/\/digital58.com.ve\/site\/#website"},"primaryImageOfPage":{"@id":"https:\/\/digital58.com.ve\/site\/2022\/01\/17\/un-millon-de-personas-caen-en-la-pobreza-en-espana-por-la-covid-19-segun-oxfam\/#primaryimage"},"image":{"@id":"https:\/\/digital58.com.ve\/site\/2022\/01\/17\/un-millon-de-personas-caen-en-la-pobreza-en-espana-por-la-covid-19-segun-oxfam\/#primaryimage"},"thumbnailUrl":"https:\/\/digital58.com.ve\/site\/wp-content\/uploads\/2020\/04\/espa\u00f1a-14.jpg","datePublished":"2022-01-17T17:28:04+00:00","description":"Mundo","breadcrumb":{"@id":"https:\/\/digital58.com.ve\/site\/2022\/01\/17\/un-millon-de-personas-caen-en-la-pobreza-en-espana-por-la-covid-19-segun-oxfam\/#breadcrumb"},"inLanguage":"es","potentialAction":[{"@type":"ReadAction","target":["https:\/\/digital58.com.ve\/site\/2022\/01\/17\/un-millon-de-personas-caen-en-la-pobreza-en-espana-por-la-covid-19-segun-oxfam\/"]}]},{"@type":"ImageObject","inLanguage":"es","@id":"https:\/\/digital58.com.ve\/site\/2022\/01\/17\/un-millon-de-personas-caen-en-la-pobreza-en-espana-por-la-covid-19-segun-oxfam\/#primaryimage","url":"https:\/\/digital58.com.ve\/site\/wp-content\/uploads\/2020\/04\/espa\u00f1a-14.jpg","contentUrl":"https:\/\/digital58.com.ve\/site\/wp-content\/uploads\/2020\/04\/espa\u00f1a-14.jpg","width":800,"height":533},{"@type":"BreadcrumbList","@id":"https:\/\/digital58.com.ve\/site\/2022\/01\/17\/un-millon-de-personas-caen-en-la-pobreza-en-espana-por-la-covid-19-segun-oxfam\/#breadcrumb","itemListElement":[{"@type":"ListItem","position":1,"name":"Home","item":"https:\/\/digital58.com.ve\/site\/"},{"@type":"ListItem","position":2,"name":"Un mill\u00f3n de personas caen en la pobreza en Espa\u00f1a por la COVID-19, seg\u00fan Oxfam"}]},{"@type":"WebSite","@id":"https:\/\/digital58.com.ve\/site\/#website","url":"https:\/\/digital58.com.ve\/site\/","name":"Noticias Digital58","description":"Portal de Noticias \u00a1Periodismo web de verdad! Lanzamiento web 22.11.2005 \/ Maracaibo, Venezuela","publisher":{"@id":"https:\/\/digital58.com.ve\/site\/#\/schema\/person\/64d1c2e4d0d4fd1b849980c4331c2951"},"alternateName":"ND58","potentialAction":[{"@type":"SearchAction","target":{"@type":"EntryPoint","urlTemplate":"https:\/\/digital58.com.ve\/site\/?s={search_term_string}"},"query-input":{"@type":"PropertyValueSpecification","valueRequired":true,"valueName":"search_term_string"}}],"inLanguage":"es"},{"@type":["Person","Organization"],"@id":"https:\/\/digital58.com.ve\/site\/#\/schema\/person\/64d1c2e4d0d4fd1b849980c4331c2951","name":"Villasmil Henry","image":{"@type":"ImageObject","inLanguage":"es","@id":"https:\/\/secure.gravatar.com\/avatar\/bb0c4a2fcb7970138239f7e404ea75757b1b507b28b5ce4c53fbd62d797c5a7c?s=96&d=mm&r=g","url":"https:\/\/secure.gravatar.com\/avatar\/bb0c4a2fcb7970138239f7e404ea75757b1b507b28b5ce4c53fbd62d797c5a7c?s=96&d=mm&r=g","contentUrl":"https:\/\/secure.gravatar.com\/avatar\/bb0c4a2fcb7970138239f7e404ea75757b1b507b28b5ce4c53fbd62d797c5a7c?s=96&d=mm&r=g","caption":"Villasmil Henry"},"logo":{"@id":"https:\/\/secure.gravatar.com\/avatar\/bb0c4a2fcb7970138239f7e404ea75757b1b507b28b5ce4c53fbd62d797c5a7c?s=96&d=mm&r=g"},"sameAs":["http:\/\/www.henryvillasmil.com.ve","https:\/\/www.instagram.com\/villasmilhfoto\/","https:\/\/x.com\/https:\/\/twitter.com\/villasmilhfoto"],"url":"https:\/\/digital58.com.ve\/site\/author\/droopy_68\/"}]}},"uagb_featured_image_src":{"full":["https:\/\/digital58.com.ve\/site\/wp-content\/uploads\/2020\/04\/espa\u00f1a-14.jpg",800,533,false],"thumbnail":["https:\/\/digital58.com.ve\/site\/wp-content\/uploads\/2020\/04\/espa\u00f1a-14-150x150.jpg",150,150,true],"medium":["https:\/\/digital58.com.ve\/site\/wp-content\/uploads\/2020\/04\/espa\u00f1a-14-300x200.jpg",300,200,true],"medium_large":["https:\/\/digital58.com.ve\/site\/wp-content\/uploads\/2020\/04\/espa\u00f1a-14-768x512.jpg",768,512,true],"large":["https:\/\/digital58.com.ve\/site\/wp-content\/uploads\/2020\/04\/espa\u00f1a-14.jpg",800,533,false],"1536x1536":["https:\/\/digital58.com.ve\/site\/wp-content\/uploads\/2020\/04\/espa\u00f1a-14.jpg",800,533,false],"2048x2048":["https:\/\/digital58.com.ve\/site\/wp-content\/uploads\/2020\/04\/espa\u00f1a-14.jpg",800,533,false],"colormag-highlighted-post":["https:\/\/digital58.com.ve\/site\/wp-content\/uploads\/2020\/04\/espa\u00f1a-14.jpg",392,261,false],"colormag-featured-post-medium":["https:\/\/digital58.com.ve\/site\/wp-content\/uploads\/2020\/04\/espa\u00f1a-14.jpg",308,205,false],"colormag-featured-post-small":["https:\/\/digital58.com.ve\/site\/wp-content\/uploads\/2020\/04\/espa\u00f1a-14.jpg",130,87,false],"colormag-featured-image":["https:\/\/digital58.com.ve\/site\/wp-content\/uploads\/2020\/04\/espa\u00f1a-14.jpg",668,445,false],"colormag-default-news":["https:\/\/digital58.com.ve\/site\/wp-content\/uploads\/2020\/04\/espa\u00f1a-14.jpg",150,100,false],"colormag-featured-image-large":["https:\/\/digital58.com.ve\/site\/wp-content\/uploads\/2020\/04\/espa\u00f1a-14.jpg",800,533,false]},"uagb_author_info":{"display_name":"Villasmil Henry","author_link":"https:\/\/digital58.com.ve\/site\/author\/droopy_68\/"},"uagb_comment_info":0,"uagb_excerpt":"M\u00e1s de un mill\u00f3n de personas han empezado a padecer graves carencias materiales en Espa\u00f1a, seg\u00fan el informe anual de","_links":{"self":[{"href":"https:\/\/digital58.com.ve\/site\/wp-json\/wp\/v2\/posts\/147058","targetHints":{"allow":["GET"]}}],"collection":[{"href":"https:\/\/digital58.com.ve\/site\/wp-json\/wp\/v2\/posts"}],"about":[{"href":"https:\/\/digital58.com.ve\/site\/wp-json\/wp\/v2\/types\/post"}],"author":[{"embeddable":true,"href":"https:\/\/digital58.com.ve\/site\/wp-json\/wp\/v2\/users\/1"}],"replies":[{"embeddable":true,"href":"https:\/\/digital58.com.ve\/site\/wp-json\/wp\/v2\/comments?post=147058"}],"version-history":[{"count":0,"href":"https:\/\/digital58.com.ve\/site\/wp-json\/wp\/v2\/posts\/147058\/revisions"}],"wp:featuredmedia":[{"embeddable":true,"href":"https:\/\/digital58.com.ve\/site\/wp-json\/wp\/v2\/media\/95529"}],"wp:attachment":[{"href":"https:\/\/digital58.com.ve\/site\/wp-json\/wp\/v2\/media?parent=147058"}],"wp:term":[{"taxonomy":"category","embeddable":true,"href":"https:\/\/digital58.com.ve\/site\/wp-json\/wp\/v2\/categories?post=147058"},{"taxonomy":"post_tag","embeddable":true,"href":"https:\/\/digital58.com.ve\/site\/wp-json\/wp\/v2\/tags?post=147058"}],"curies":[{"name":"wp","href":"https:\/\/api.w.org\/{rel}","templated":true}]}}