{"id":147059,"date":"2022-01-17T13:31:09","date_gmt":"2022-01-17T17:31:09","guid":{"rendered":"https:\/\/digital58.com.ve\/site\/?p=147059"},"modified":"2022-01-17T14:33:45","modified_gmt":"2022-01-17T18:33:45","slug":"laliga-eden-hazard-pide-irse-del-conjunto-merengue","status":"publish","type":"post","link":"https:\/\/digital58.com.ve\/site\/2022\/01\/17\/laliga-eden-hazard-pide-irse-del-conjunto-merengue\/","title":{"rendered":"#LaLiga | Eden Hazard podr\u00eda irse del conjunto \u00abMerengue\u00bb"},"content":{"rendered":"<p><img loading=\"lazy\" decoding=\"async\" class=\" wp-image-147061 aligncenter\" src=\"https:\/\/digital58.com.ve\/site\/wp-content\/uploads\/2022\/01\/Hazard-300x169.jpeg\" alt=\"\" width=\"682\" height=\"384\" srcset=\"https:\/\/digital58.com.ve\/site\/wp-content\/uploads\/2022\/01\/Hazard-300x169.jpeg 300w, https:\/\/digital58.com.ve\/site\/wp-content\/uploads\/2022\/01\/Hazard-768x432.jpeg 768w, https:\/\/digital58.com.ve\/site\/wp-content\/uploads\/2022\/01\/Hazard.jpeg 800w\" sizes=\"auto, (max-width: 682px) 100vw, 682px\" \/><\/p>\n<p>El atacante belga de 31 a\u00f1os no disput\u00f3 ni un solo minuto en la Supercopa y todav\u00eda no ha marcado ning\u00fan gol esta temporada<\/p>\n<p><strong>Internacionales, 17 de enero de 2022 (ND58).-<\/strong> La etapa de Eden Hazard en el Real Madrid podr\u00eda estar cerca de llegar a su fin. El protagonismo del futbolista belga, que vive su tercera temporada en el club blanco, sigue siendo muy discreto, y con la llegada de Carlo Ancelotti su presencia no ha mejorado mucho: apenas 16 partidos en los que Hazard ha acumulado 722 minutos.<\/p>\n<p>Eden Hazard lleg\u00f3 desde el Chelsea previo pago de 115 millones de euros tal y como apunta &#8216;Transfermarkt&#8217;, en una de las operaciones m\u00e1s ruinosas de la historia del f\u00fatbol. El atacante belga quedaba libre una temporada antes de llegar al Madrid, y la alta inversi\u00f3n llevada a cabo por el club blanco no ha obtenido su retorno en el terreno de juego.<\/p>\n<p>El belga, consigui\u00f3 en Inglaterra situarse como uno de los mejores futbolistas del planeta, pero su f\u00fatbol actual queda muy lejos de aquel nivel que le encumbr\u00f3 a ser uno pr\u00e1cticamente el mejor jugador de la Premier League. Y en vistas de que Hazard tan solo tiene 31 a\u00f1os y que no est\u00e1 contento con su situaci\u00f3n actual, podr\u00eda optar por un cambio de aires.<\/p>\n<p>El As\u00ed lo ha apuntado desde B\u00e9lgica el periodista Sacha Tavolieri, que informa de que la voluntad de Hazard es abandonar el Real Madrid, no descartando que su salida se pueda producir en este propio mercado de fichajes.<\/p>\n<p>Lo cierto es que con Karim Benzema y Vin\u00edcius como titulares fijos, el entrenador italiano siempre ha pensado en Marco Asensio o en Rodrygo como complementos en el ataque blanco, de ah\u00ed su poco protagonismo tambi\u00e9n esta temporada.<\/p>\n<p>Quedar\u00e1 por ver si Ancelotti da luz verde al traspaso de Hazard en esta ventana invernal, o por si lo contrario, prefiere contar con \u00e9l en sus filas hasta final de curso.<\/p>\n<p><strong>Redacci\u00f3n ND58\/Infante, Victor | Fuente: Agencias<\/strong><br \/>\n<strong>Edici\u00f3n: Villasmil, Henry<\/strong><br \/>\n<strong>Gr\u00e1fica: Agencia<\/strong><\/p>\n<p>&nbsp;<\/p><div class=\"bayxt69f33ea83940b\" ><p style=\"text-align: center;\"><a href=\"https:\/\/t.me\/noticiasdigital58\" target=\"_blank\" rel=\"noopener\"><img class=\"aligncenter size-full wp-image-125363\" src=\"https:\/\/digital58.com.ve\/site\/wp-content\/uploads\/2021\/04\/banner-telegram-web-2021.png\" alt=\"\" width=\"600\" height=\"90\" \/><\/a><\/p><\/div><style type=\"text\/css\">\r\n@media screen and (min-width: 1201px) {\r\n.bayxt69f33ea83940b {\r\ndisplay: block;\r\n}\r\n}\r\n@media screen and (min-width: 993px) and (max-width: 1200px) {\r\n.bayxt69f33ea83940b {\r\ndisplay: block;\r\n}\r\n}\r\n@media screen and (min-width: 769px) and (max-width: 992px) {\r\n.bayxt69f33ea83940b {\r\ndisplay: block;\r\n}\r\n}\r\n@media screen and (min-width: 768px) and (max-width: 768px) {\r\n.bayxt69f33ea83940b {\r\ndisplay: block;\r\n}\r\n}\r\n@media screen and (max-width: 767px) {\r\n.bayxt69f33ea83940b {\r\ndisplay: block;\r\n}\r\n}\r\n<\/style>\r\n\n<p>&nbsp;<\/p>\n<div style=\"margin-top: 0px; margin-bottom: 0px;\" class=\"sharethis-inline-share-buttons\" ><\/div>","protected":false},"excerpt":{"rendered":"<p>El atacante belga de 31 a\u00f1os no disput\u00f3 ni un solo minuto en la Supercopa y todav\u00eda no ha marcado<\/p>\n","protected":false},"author":40,"featured_media":147061,"comment_status":"open","ping_status":"closed","sticky":false,"template":"","format":"standard","meta":{"colormag_page_container_layout":"default_layout","colormag_page_sidebar_layout":"default_layout","_uag_custom_page_level_css":"","footnotes":""},"categories":[5402],"tags":[12353,115,13,499,13617,41,8,7311,24486,5863,426],"class_list":["post-147059","post","type-post","status-publish","format-standard","has-post-thumbnail","hentry","category-deportes","tag-eden-hazard","tag-espana","tag-futbol","tag-futbol-espanol","tag-futbol-europeo","tag-futbol-internacional","tag-internacionales","tag-laliga","tag-laliga-2021-2022","tag-madrid","tag-real-madrid"],"yoast_head":"<!-- This site is optimized with the Yoast SEO plugin v27.5 - https:\/\/yoast.com\/product\/yoast-seo-wordpress\/ -->\n<title>#LaLiga | Eden Hazard podr\u00eda irse del conjunto \u00abMerengue\u00bb<\/title>\n<meta name=\"description\" content=\"Deportes\" \/>\n<meta name=\"robots\" content=\"index, follow, max-snippet:-1, max-image-preview:large, max-video-preview:-1\" \/>\n<link rel=\"canonical\" href=\"https:\/\/digital58.com.ve\/site\/2022\/01\/17\/laliga-eden-hazard-pide-irse-del-conjunto-merengue\/\" \/>\n<meta property=\"og:locale\" content=\"es_ES\" \/>\n<meta property=\"og:type\" content=\"article\" \/>\n<meta property=\"og:title\" content=\"#LaLiga | Eden Hazard podr\u00eda irse del conjunto \u00abMerengue\u00bb\" \/>\n<meta property=\"og:description\" content=\"Deportes\" \/>\n<meta property=\"og:url\" content=\"https:\/\/digital58.com.ve\/site\/2022\/01\/17\/laliga-eden-hazard-pide-irse-del-conjunto-merengue\/\" \/>\n<meta property=\"og:site_name\" content=\"Noticias Digital58\" \/>\n<meta property=\"article:published_time\" content=\"2022-01-17T17:31:09+00:00\" \/>\n<meta property=\"article:modified_time\" content=\"2022-01-17T18:33:45+00:00\" \/>\n<meta property=\"og:image\" content=\"https:\/\/digital58.com.ve\/site\/wp-content\/uploads\/2022\/01\/Hazard.jpeg\" \/>\n\t<meta property=\"og:image:width\" content=\"1200\" \/>\n\t<meta property=\"og:image:height\" content=\"675\" \/>\n\t<meta property=\"og:image:type\" content=\"image\/jpeg\" \/>\n<meta name=\"author\" content=\"Victor Infante\" \/>\n<meta name=\"twitter:card\" content=\"summary_large_image\" \/>\n<meta name=\"twitter:creator\" content=\"@Digital_58\" \/>\n<meta name=\"twitter:site\" content=\"@villasmilhfoto\" \/>\n<meta name=\"twitter:label1\" content=\"Escrito por\" \/>\n\t<meta name=\"twitter:data1\" content=\"Victor Infante\" \/>\n\t<meta name=\"twitter:label2\" content=\"Tiempo estimado de lectura\" \/>\n\t<meta name=\"twitter:data2\" content=\"2 minutos\" \/>\n<script type=\"application\/ld+json\" class=\"yoast-schema-graph\">{\"@context\":\"https:\\\/\\\/schema.org\",\"@graph\":[{\"@type\":\"Article\",\"@id\":\"https:\\\/\\\/digital58.com.ve\\\/site\\\/2022\\\/01\\\/17\\\/laliga-eden-hazard-pide-irse-del-conjunto-merengue\\\/#article\",\"isPartOf\":{\"@id\":\"https:\\\/\\\/digital58.com.ve\\\/site\\\/2022\\\/01\\\/17\\\/laliga-eden-hazard-pide-irse-del-conjunto-merengue\\\/\"},\"author\":{\"name\":\"Victor Infante\",\"@id\":\"https:\\\/\\\/digital58.com.ve\\\/site\\\/#\\\/schema\\\/person\\\/7c2c83fb27249d7c6f59c30c7f141381\"},\"headline\":\"#LaLiga | Eden Hazard podr\u00eda irse del conjunto \u00abMerengue\u00bb\",\"datePublished\":\"2022-01-17T17:31:09+00:00\",\"dateModified\":\"2022-01-17T18:33:45+00:00\",\"mainEntityOfPage\":{\"@id\":\"https:\\\/\\\/digital58.com.ve\\\/site\\\/2022\\\/01\\\/17\\\/laliga-eden-hazard-pide-irse-del-conjunto-merengue\\\/\"},\"wordCount\":360,\"commentCount\":0,\"publisher\":{\"@id\":\"https:\\\/\\\/digital58.com.ve\\\/site\\\/#\\\/schema\\\/person\\\/64d1c2e4d0d4fd1b849980c4331c2951\"},\"image\":{\"@id\":\"https:\\\/\\\/digital58.com.ve\\\/site\\\/2022\\\/01\\\/17\\\/laliga-eden-hazard-pide-irse-del-conjunto-merengue\\\/#primaryimage\"},\"thumbnailUrl\":\"https:\\\/\\\/digital58.com.ve\\\/site\\\/wp-content\\\/uploads\\\/2022\\\/01\\\/Hazard.jpeg\",\"keywords\":[\"Eden Hazard\",\"Espa\u00f1a\",\"F\u00fatbol\",\"F\u00fatbol Espa\u00f1ol\",\"F\u00fatbol Europeo\",\"F\u00fatbol Internacional\",\"Internacionales\",\"LaLiga\",\"Laliga 2021-2022\",\"Madrid\",\"Real Madrid\"],\"articleSection\":[\"Deportes\"],\"inLanguage\":\"es\",\"potentialAction\":[{\"@type\":\"CommentAction\",\"name\":\"Comment\",\"target\":[\"https:\\\/\\\/digital58.com.ve\\\/site\\\/2022\\\/01\\\/17\\\/laliga-eden-hazard-pide-irse-del-conjunto-merengue\\\/#respond\"]}]},{\"@type\":\"WebPage\",\"@id\":\"https:\\\/\\\/digital58.com.ve\\\/site\\\/2022\\\/01\\\/17\\\/laliga-eden-hazard-pide-irse-del-conjunto-merengue\\\/\",\"url\":\"https:\\\/\\\/digital58.com.ve\\\/site\\\/2022\\\/01\\\/17\\\/laliga-eden-hazard-pide-irse-del-conjunto-merengue\\\/\",\"name\":\"#LaLiga | Eden Hazard podr\u00eda irse del conjunto \u00abMerengue\u00bb\",\"isPartOf\":{\"@id\":\"https:\\\/\\\/digital58.com.ve\\\/site\\\/#website\"},\"primaryImageOfPage\":{\"@id\":\"https:\\\/\\\/digital58.com.ve\\\/site\\\/2022\\\/01\\\/17\\\/laliga-eden-hazard-pide-irse-del-conjunto-merengue\\\/#primaryimage\"},\"image\":{\"@id\":\"https:\\\/\\\/digital58.com.ve\\\/site\\\/2022\\\/01\\\/17\\\/laliga-eden-hazard-pide-irse-del-conjunto-merengue\\\/#primaryimage\"},\"thumbnailUrl\":\"https:\\\/\\\/digital58.com.ve\\\/site\\\/wp-content\\\/uploads\\\/2022\\\/01\\\/Hazard.jpeg\",\"datePublished\":\"2022-01-17T17:31:09+00:00\",\"dateModified\":\"2022-01-17T18:33:45+00:00\",\"description\":\"Deportes\",\"breadcrumb\":{\"@id\":\"https:\\\/\\\/digital58.com.ve\\\/site\\\/2022\\\/01\\\/17\\\/laliga-eden-hazard-pide-irse-del-conjunto-merengue\\\/#breadcrumb\"},\"inLanguage\":\"es\",\"potentialAction\":[{\"@type\":\"ReadAction\",\"target\":[\"https:\\\/\\\/digital58.com.ve\\\/site\\\/2022\\\/01\\\/17\\\/laliga-eden-hazard-pide-irse-del-conjunto-merengue\\\/\"]}]},{\"@type\":\"ImageObject\",\"inLanguage\":\"es\",\"@id\":\"https:\\\/\\\/digital58.com.ve\\\/site\\\/2022\\\/01\\\/17\\\/laliga-eden-hazard-pide-irse-del-conjunto-merengue\\\/#primaryimage\",\"url\":\"https:\\\/\\\/digital58.com.ve\\\/site\\\/wp-content\\\/uploads\\\/2022\\\/01\\\/Hazard.jpeg\",\"contentUrl\":\"https:\\\/\\\/digital58.com.ve\\\/site\\\/wp-content\\\/uploads\\\/2022\\\/01\\\/Hazard.jpeg\",\"width\":800,\"height\":450},{\"@type\":\"BreadcrumbList\",\"@id\":\"https:\\\/\\\/digital58.com.ve\\\/site\\\/2022\\\/01\\\/17\\\/laliga-eden-hazard-pide-irse-del-conjunto-merengue\\\/#breadcrumb\",\"itemListElement\":[{\"@type\":\"ListItem\",\"position\":1,\"name\":\"Home\",\"item\":\"https:\\\/\\\/digital58.com.ve\\\/site\\\/\"},{\"@type\":\"ListItem\",\"position\":2,\"name\":\"#LaLiga | Eden Hazard podr\u00eda irse del conjunto \u00abMerengue\u00bb\"}]},{\"@type\":\"WebSite\",\"@id\":\"https:\\\/\\\/digital58.com.ve\\\/site\\\/#website\",\"url\":\"https:\\\/\\\/digital58.com.ve\\\/site\\\/\",\"name\":\"Noticias Digital58\",\"description\":\"Portal de Noticias \u00a1Periodismo web de verdad! Lanzamiento web 22.11.2005 \\\/ Maracaibo, Venezuela\",\"publisher\":{\"@id\":\"https:\\\/\\\/digital58.com.ve\\\/site\\\/#\\\/schema\\\/person\\\/64d1c2e4d0d4fd1b849980c4331c2951\"},\"alternateName\":\"ND58\",\"potentialAction\":[{\"@type\":\"SearchAction\",\"target\":{\"@type\":\"EntryPoint\",\"urlTemplate\":\"https:\\\/\\\/digital58.com.ve\\\/site\\\/?s={search_term_string}\"},\"query-input\":{\"@type\":\"PropertyValueSpecification\",\"valueRequired\":true,\"valueName\":\"search_term_string\"}}],\"inLanguage\":\"es\"},{\"@type\":[\"Person\",\"Organization\"],\"@id\":\"https:\\\/\\\/digital58.com.ve\\\/site\\\/#\\\/schema\\\/person\\\/64d1c2e4d0d4fd1b849980c4331c2951\",\"name\":\"Villasmil Henry\",\"image\":{\"@type\":\"ImageObject\",\"inLanguage\":\"es\",\"@id\":\"https:\\\/\\\/secure.gravatar.com\\\/avatar\\\/bb0c4a2fcb7970138239f7e404ea75757b1b507b28b5ce4c53fbd62d797c5a7c?s=96&d=mm&r=g\",\"url\":\"https:\\\/\\\/secure.gravatar.com\\\/avatar\\\/bb0c4a2fcb7970138239f7e404ea75757b1b507b28b5ce4c53fbd62d797c5a7c?s=96&d=mm&r=g\",\"contentUrl\":\"https:\\\/\\\/secure.gravatar.com\\\/avatar\\\/bb0c4a2fcb7970138239f7e404ea75757b1b507b28b5ce4c53fbd62d797c5a7c?s=96&d=mm&r=g\",\"caption\":\"Villasmil Henry\"},\"logo\":{\"@id\":\"https:\\\/\\\/secure.gravatar.com\\\/avatar\\\/bb0c4a2fcb7970138239f7e404ea75757b1b507b28b5ce4c53fbd62d797c5a7c?s=96&d=mm&r=g\"},\"sameAs\":[\"http:\\\/\\\/www.henryvillasmil.com.ve\",\"https:\\\/\\\/www.instagram.com\\\/villasmilhfoto\\\/\",\"https:\\\/\\\/x.com\\\/https:\\\/\\\/twitter.com\\\/villasmilhfoto\"]},{\"@type\":\"Person\",\"@id\":\"https:\\\/\\\/digital58.com.ve\\\/site\\\/#\\\/schema\\\/person\\\/7c2c83fb27249d7c6f59c30c7f141381\",\"name\":\"Victor Infante\",\"image\":{\"@type\":\"ImageObject\",\"inLanguage\":\"es\",\"@id\":\"https:\\\/\\\/secure.gravatar.com\\\/avatar\\\/106ae6d84ee67222a78df20df89da71bb5069c89d1fd27272140999a3f842596?s=96&d=mm&r=g\",\"url\":\"https:\\\/\\\/secure.gravatar.com\\\/avatar\\\/106ae6d84ee67222a78df20df89da71bb5069c89d1fd27272140999a3f842596?s=96&d=mm&r=g\",\"contentUrl\":\"https:\\\/\\\/secure.gravatar.com\\\/avatar\\\/106ae6d84ee67222a78df20df89da71bb5069c89d1fd27272140999a3f842596?s=96&d=mm&r=g\",\"caption\":\"Victor Infante\"},\"url\":\"https:\\\/\\\/digital58.com.ve\\\/site\\\/author\\\/vinfante22\\\/\"}]}<\/script>\n<!-- \/ Yoast SEO plugin. -->","yoast_head_json":{"title":"#LaLiga | Eden Hazard podr\u00eda irse del conjunto \u00abMerengue\u00bb","description":"Deportes","robots":{"index":"index","follow":"follow","max-snippet":"max-snippet:-1","max-image-preview":"max-image-preview:large","max-video-preview":"max-video-preview:-1"},"canonical":"https:\/\/digital58.com.ve\/site\/2022\/01\/17\/laliga-eden-hazard-pide-irse-del-conjunto-merengue\/","og_locale":"es_ES","og_type":"article","og_title":"#LaLiga | Eden Hazard podr\u00eda irse del conjunto \u00abMerengue\u00bb","og_description":"Deportes","og_url":"https:\/\/digital58.com.ve\/site\/2022\/01\/17\/laliga-eden-hazard-pide-irse-del-conjunto-merengue\/","og_site_name":"Noticias Digital58","article_published_time":"2022-01-17T17:31:09+00:00","article_modified_time":"2022-01-17T18:33:45+00:00","og_image":[{"width":1200,"height":675,"url":"https:\/\/digital58.com.ve\/site\/wp-content\/uploads\/2022\/01\/Hazard.jpeg","type":"image\/jpeg"}],"author":"Victor Infante","twitter_card":"summary_large_image","twitter_creator":"@Digital_58","twitter_site":"@villasmilhfoto","twitter_misc":{"Escrito por":"Victor Infante","Tiempo estimado de lectura":"2 minutos"},"schema":{"@context":"https:\/\/schema.org","@graph":[{"@type":"Article","@id":"https:\/\/digital58.com.ve\/site\/2022\/01\/17\/laliga-eden-hazard-pide-irse-del-conjunto-merengue\/#article","isPartOf":{"@id":"https:\/\/digital58.com.ve\/site\/2022\/01\/17\/laliga-eden-hazard-pide-irse-del-conjunto-merengue\/"},"author":{"name":"Victor Infante","@id":"https:\/\/digital58.com.ve\/site\/#\/schema\/person\/7c2c83fb27249d7c6f59c30c7f141381"},"headline":"#LaLiga | Eden Hazard podr\u00eda irse del conjunto \u00abMerengue\u00bb","datePublished":"2022-01-17T17:31:09+00:00","dateModified":"2022-01-17T18:33:45+00:00","mainEntityOfPage":{"@id":"https:\/\/digital58.com.ve\/site\/2022\/01\/17\/laliga-eden-hazard-pide-irse-del-conjunto-merengue\/"},"wordCount":360,"commentCount":0,"publisher":{"@id":"https:\/\/digital58.com.ve\/site\/#\/schema\/person\/64d1c2e4d0d4fd1b849980c4331c2951"},"image":{"@id":"https:\/\/digital58.com.ve\/site\/2022\/01\/17\/laliga-eden-hazard-pide-irse-del-conjunto-merengue\/#primaryimage"},"thumbnailUrl":"https:\/\/digital58.com.ve\/site\/wp-content\/uploads\/2022\/01\/Hazard.jpeg","keywords":["Eden Hazard","Espa\u00f1a","F\u00fatbol","F\u00fatbol Espa\u00f1ol","F\u00fatbol Europeo","F\u00fatbol Internacional","Internacionales","LaLiga","Laliga 2021-2022","Madrid","Real Madrid"],"articleSection":["Deportes"],"inLanguage":"es","potentialAction":[{"@type":"CommentAction","name":"Comment","target":["https:\/\/digital58.com.ve\/site\/2022\/01\/17\/laliga-eden-hazard-pide-irse-del-conjunto-merengue\/#respond"]}]},{"@type":"WebPage","@id":"https:\/\/digital58.com.ve\/site\/2022\/01\/17\/laliga-eden-hazard-pide-irse-del-conjunto-merengue\/","url":"https:\/\/digital58.com.ve\/site\/2022\/01\/17\/laliga-eden-hazard-pide-irse-del-conjunto-merengue\/","name":"#LaLiga | Eden Hazard podr\u00eda irse del conjunto \u00abMerengue\u00bb","isPartOf":{"@id":"https:\/\/digital58.com.ve\/site\/#website"},"primaryImageOfPage":{"@id":"https:\/\/digital58.com.ve\/site\/2022\/01\/17\/laliga-eden-hazard-pide-irse-del-conjunto-merengue\/#primaryimage"},"image":{"@id":"https:\/\/digital58.com.ve\/site\/2022\/01\/17\/laliga-eden-hazard-pide-irse-del-conjunto-merengue\/#primaryimage"},"thumbnailUrl":"https:\/\/digital58.com.ve\/site\/wp-content\/uploads\/2022\/01\/Hazard.jpeg","datePublished":"2022-01-17T17:31:09+00:00","dateModified":"2022-01-17T18:33:45+00:00","description":"Deportes","breadcrumb":{"@id":"https:\/\/digital58.com.ve\/site\/2022\/01\/17\/laliga-eden-hazard-pide-irse-del-conjunto-merengue\/#breadcrumb"},"inLanguage":"es","potentialAction":[{"@type":"ReadAction","target":["https:\/\/digital58.com.ve\/site\/2022\/01\/17\/laliga-eden-hazard-pide-irse-del-conjunto-merengue\/"]}]},{"@type":"ImageObject","inLanguage":"es","@id":"https:\/\/digital58.com.ve\/site\/2022\/01\/17\/laliga-eden-hazard-pide-irse-del-conjunto-merengue\/#primaryimage","url":"https:\/\/digital58.com.ve\/site\/wp-content\/uploads\/2022\/01\/Hazard.jpeg","contentUrl":"https:\/\/digital58.com.ve\/site\/wp-content\/uploads\/2022\/01\/Hazard.jpeg","width":800,"height":450},{"@type":"BreadcrumbList","@id":"https:\/\/digital58.com.ve\/site\/2022\/01\/17\/laliga-eden-hazard-pide-irse-del-conjunto-merengue\/#breadcrumb","itemListElement":[{"@type":"ListItem","position":1,"name":"Home","item":"https:\/\/digital58.com.ve\/site\/"},{"@type":"ListItem","position":2,"name":"#LaLiga | Eden Hazard podr\u00eda irse del conjunto \u00abMerengue\u00bb"}]},{"@type":"WebSite","@id":"https:\/\/digital58.com.ve\/site\/#website","url":"https:\/\/digital58.com.ve\/site\/","name":"Noticias Digital58","description":"Portal de Noticias \u00a1Periodismo web de verdad! Lanzamiento web 22.11.2005 \/ Maracaibo, Venezuela","publisher":{"@id":"https:\/\/digital58.com.ve\/site\/#\/schema\/person\/64d1c2e4d0d4fd1b849980c4331c2951"},"alternateName":"ND58","potentialAction":[{"@type":"SearchAction","target":{"@type":"EntryPoint","urlTemplate":"https:\/\/digital58.com.ve\/site\/?s={search_term_string}"},"query-input":{"@type":"PropertyValueSpecification","valueRequired":true,"valueName":"search_term_string"}}],"inLanguage":"es"},{"@type":["Person","Organization"],"@id":"https:\/\/digital58.com.ve\/site\/#\/schema\/person\/64d1c2e4d0d4fd1b849980c4331c2951","name":"Villasmil Henry","image":{"@type":"ImageObject","inLanguage":"es","@id":"https:\/\/secure.gravatar.com\/avatar\/bb0c4a2fcb7970138239f7e404ea75757b1b507b28b5ce4c53fbd62d797c5a7c?s=96&d=mm&r=g","url":"https:\/\/secure.gravatar.com\/avatar\/bb0c4a2fcb7970138239f7e404ea75757b1b507b28b5ce4c53fbd62d797c5a7c?s=96&d=mm&r=g","contentUrl":"https:\/\/secure.gravatar.com\/avatar\/bb0c4a2fcb7970138239f7e404ea75757b1b507b28b5ce4c53fbd62d797c5a7c?s=96&d=mm&r=g","caption":"Villasmil Henry"},"logo":{"@id":"https:\/\/secure.gravatar.com\/avatar\/bb0c4a2fcb7970138239f7e404ea75757b1b507b28b5ce4c53fbd62d797c5a7c?s=96&d=mm&r=g"},"sameAs":["http:\/\/www.henryvillasmil.com.ve","https:\/\/www.instagram.com\/villasmilhfoto\/","https:\/\/x.com\/https:\/\/twitter.com\/villasmilhfoto"]},{"@type":"Person","@id":"https:\/\/digital58.com.ve\/site\/#\/schema\/person\/7c2c83fb27249d7c6f59c30c7f141381","name":"Victor Infante","image":{"@type":"ImageObject","inLanguage":"es","@id":"https:\/\/secure.gravatar.com\/avatar\/106ae6d84ee67222a78df20df89da71bb5069c89d1fd27272140999a3f842596?s=96&d=mm&r=g","url":"https:\/\/secure.gravatar.com\/avatar\/106ae6d84ee67222a78df20df89da71bb5069c89d1fd27272140999a3f842596?s=96&d=mm&r=g","contentUrl":"https:\/\/secure.gravatar.com\/avatar\/106ae6d84ee67222a78df20df89da71bb5069c89d1fd27272140999a3f842596?s=96&d=mm&r=g","caption":"Victor Infante"},"url":"https:\/\/digital58.com.ve\/site\/author\/vinfante22\/"}]}},"uagb_featured_image_src":{"full":["https:\/\/digital58.com.ve\/site\/wp-content\/uploads\/2022\/01\/Hazard.jpeg",800,450,false],"thumbnail":["https:\/\/digital58.com.ve\/site\/wp-content\/uploads\/2022\/01\/Hazard-150x150.jpeg",150,150,true],"medium":["https:\/\/digital58.com.ve\/site\/wp-content\/uploads\/2022\/01\/Hazard-300x169.jpeg",300,169,true],"medium_large":["https:\/\/digital58.com.ve\/site\/wp-content\/uploads\/2022\/01\/Hazard-768x432.jpeg",768,432,true],"large":["https:\/\/digital58.com.ve\/site\/wp-content\/uploads\/2022\/01\/Hazard.jpeg",800,450,false],"1536x1536":["https:\/\/digital58.com.ve\/site\/wp-content\/uploads\/2022\/01\/Hazard.jpeg",800,450,false],"2048x2048":["https:\/\/digital58.com.ve\/site\/wp-content\/uploads\/2022\/01\/Hazard.jpeg",800,450,false],"colormag-highlighted-post":["https:\/\/digital58.com.ve\/site\/wp-content\/uploads\/2022\/01\/Hazard.jpeg",392,221,false],"colormag-featured-post-medium":["https:\/\/digital58.com.ve\/site\/wp-content\/uploads\/2022\/01\/Hazard.jpeg",364,205,false],"colormag-featured-post-small":["https:\/\/digital58.com.ve\/site\/wp-content\/uploads\/2022\/01\/Hazard.jpeg",130,73,false],"colormag-featured-image":["https:\/\/digital58.com.ve\/site\/wp-content\/uploads\/2022\/01\/Hazard.jpeg",791,445,false],"colormag-default-news":["https:\/\/digital58.com.ve\/site\/wp-content\/uploads\/2022\/01\/Hazard.jpeg",150,84,false],"colormag-featured-image-large":["https:\/\/digital58.com.ve\/site\/wp-content\/uploads\/2022\/01\/Hazard.jpeg",800,450,false]},"uagb_author_info":{"display_name":"Victor Infante","author_link":"https:\/\/digital58.com.ve\/site\/author\/vinfante22\/"},"uagb_comment_info":0,"uagb_excerpt":"El atacante belga de 31 a\u00f1os no disput\u00f3 ni un solo minuto en la Supercopa y todav\u00eda no ha marcado","_links":{"self":[{"href":"https:\/\/digital58.com.ve\/site\/wp-json\/wp\/v2\/posts\/147059","targetHints":{"allow":["GET"]}}],"collection":[{"href":"https:\/\/digital58.com.ve\/site\/wp-json\/wp\/v2\/posts"}],"about":[{"href":"https:\/\/digital58.com.ve\/site\/wp-json\/wp\/v2\/types\/post"}],"author":[{"embeddable":true,"href":"https:\/\/digital58.com.ve\/site\/wp-json\/wp\/v2\/users\/40"}],"replies":[{"embeddable":true,"href":"https:\/\/digital58.com.ve\/site\/wp-json\/wp\/v2\/comments?post=147059"}],"version-history":[{"count":0,"href":"https:\/\/digital58.com.ve\/site\/wp-json\/wp\/v2\/posts\/147059\/revisions"}],"wp:featuredmedia":[{"embeddable":true,"href":"https:\/\/digital58.com.ve\/site\/wp-json\/wp\/v2\/media\/147061"}],"wp:attachment":[{"href":"https:\/\/digital58.com.ve\/site\/wp-json\/wp\/v2\/media?parent=147059"}],"wp:term":[{"taxonomy":"category","embeddable":true,"href":"https:\/\/digital58.com.ve\/site\/wp-json\/wp\/v2\/categories?post=147059"},{"taxonomy":"post_tag","embeddable":true,"href":"https:\/\/digital58.com.ve\/site\/wp-json\/wp\/v2\/tags?post=147059"}],"curies":[{"name":"wp","href":"https:\/\/api.w.org\/{rel}","templated":true}]}}