{"id":147266,"date":"2022-01-19T11:21:21","date_gmt":"2022-01-19T15:21:21","guid":{"rendered":"https:\/\/digital58.com.ve\/site\/?p=147266"},"modified":"2022-01-19T11:22:51","modified_gmt":"2022-01-19T15:22:51","slug":"gobierno-de-ecuador-declara-en-alerta-roja-a-quito-por-la-covid-19","status":"publish","type":"post","link":"https:\/\/digital58.com.ve\/site\/2022\/01\/19\/gobierno-de-ecuador-declara-en-alerta-roja-a-quito-por-la-covid-19\/","title":{"rendered":"Gobierno de Ecuador declara en alerta roja a Quito por la COVID-19"},"content":{"rendered":"<p><img loading=\"lazy\" decoding=\"async\" class=\"wp-image-147274 aligncenter\" src=\"https:\/\/digital58.com.ve\/site\/wp-content\/uploads\/2022\/01\/Ecuador-Coronavirus-300x168.jpg\" alt=\"\" width=\"601\" height=\"336\" srcset=\"https:\/\/digital58.com.ve\/site\/wp-content\/uploads\/2022\/01\/Ecuador-Coronavirus-300x168.jpg 300w, https:\/\/digital58.com.ve\/site\/wp-content\/uploads\/2022\/01\/Ecuador-Coronavirus-768x431.jpg 768w, https:\/\/digital58.com.ve\/site\/wp-content\/uploads\/2022\/01\/Ecuador-Coronavirus.jpg 1024w\" sizes=\"auto, (max-width: 601px) 100vw, 601px\" \/><\/p>\n<p>La decisi\u00f3n de la alerta roja regir\u00e1 desde el 18 al 25 de enero y ser\u00e1 revisada o ratificada el pr\u00f3ximo martes tras conocerse el informe epidemiol\u00f3gico de la Secretar\u00eda de Salud<\/p>\n<p><strong>Quito. Ecuador, 19 de enero de 2022 (ND58).-<\/strong> La capital de Ecuador, entra en alerta roja debido al desmedido aumento de casos por causa de la COVID-19, as\u00ed lo inform\u00f3 la Alcald\u00eda de la ciudad, que con la medida busca reforzar medidas para controlar el avance de los contagios en la ciudad<\/p>\n<p>\u00abPara precautelar la vida y salud de los quite\u00f1os, declaramos a Quito en alerta roja. Reforzaremos los controles para el cumplimiento de medidas de bioseguridad y aforos. La vacunaci\u00f3n es prioridad para la ciudad hasta alcanzar el 100 % de la inmunidad\u00bb, indic\u00f3 el alcalde de Quito, Santiago Guarderas, en su cuenta de Twitter.<\/p>\n<p>La decisi\u00f3n fue tomada cerca de la medianoche del martes, y se fundamenta en el aumento en un 187% de casos desde la pen\u00faltima semana de diciembre pasado a la primera de enero. \u00abSe espera que la tendencia siga al alza\u00bb, afirma un comunicado de la alcald\u00eda.<\/p>\n<p><strong>ROZAN LOS 6.000 CASOS<\/strong><\/p>\n<p>El Ayuntamiento detalla en el escrito que en la primera semana de este a\u00f1o se han reportado 5.836 contagios, una cifra \u00abcomparable a los momentos m\u00e1s dif\u00edciles en olas anteriores, tal y como ocurri\u00f3 en el pico de enero de 2021, y en la ola de abril y mayo de 2021\u00bb.<\/p>\n<p>Seg\u00fan el Municipio, se ha evidenciado un aumento importante de casos en el estrato poblacional de ni\u00f1os y adolescentes entre 10 y 19 a\u00f1os de edad.<\/p>\n<p>\u00abDesde menos de un caso por cada 100.000 habitantes registrado a finales de noviembre e inicios de diciembre, a 9,6 casos por cada 100.000 habitantes en la primera semana de 2022\u00bb, indic\u00f3.<\/p>\n<p><strong>MEDIDAS IMPLEMENTADAS<\/strong><\/p>\n<p>Entre las nuevas previsiones recomendadas por el cambio de alerta de la naranja a la roja, destacan analizar que los establecimientos educativos municipales se mantengan en la en la modalidad virtual hasta fin del quimestre, as\u00ed como impulsar la vacunaci\u00f3n de los docentes y estudiantes.<\/p>\n<p>Adem\u00e1s, el Comit\u00e9 de Emergencias Metropolitano exhorta al Ministerio de Trabajo a reducir las jornadas presenciales laborales ante la alta concentraci\u00f3n de entidades p\u00fablicas en Quito.<\/p>\n<p>Asimismo, en cuanto al transporte p\u00fablico, se mantiene el aforo del 50% en horas pico (06:00am &#8211; 09:30am, y 4:00pm, &#8211; 9:00pm) y del 75% en horas nocturnas; as\u00ed como, reforzar el cumplimiento de ventilaci\u00f3n cruzada, control de carn\u00e9 de vacunaci\u00f3n y limpieza permanente.<\/p>\n<p>Adem\u00e1s, se realizar\u00e1n controles aleatorios en las unidades de transporte para el correcto uso de las mascarillas. De igual manera la Alcald\u00eda exhort\u00f3 al Ministerio de Salud para que realice campa\u00f1as de vacunaci\u00f3n en sectores perif\u00e9ricos y rurales del \u00e1rea metropolitana, y de vacunaci\u00f3n al sector productivo y hotelero.<\/p>\n<p><strong>CIFRAS EN EL PA\u00cdS<\/strong><\/p>\n<p>Seg\u00fan el Ministerio de Salud, Ecuador registr\u00f3 el martes 9.628 nuevos casos de contagio de COVID-19 y acumul\u00f3 639.135 positivos durante la pandemia.<\/p>\n<p>El informe sobre las muertes confirmadas por COVID-19 aument\u00f3 a 24.320 durante la pandemia, 5 m\u00e1s que el reporte del lunes, a los que se suma la cifra 9.917 fallecidos \u00abprobables\u00bb, para un total de 34.237 decesos.<\/p>\n<p>La provincia andina de Pichincha, cuya capital es Quito, acumula la mayor cantidad de casos con 223.708 positivos, 2.291 m\u00e1s que el registro del lunes; por su parte la provincia de Guayas, cuya capital es Guayaquil, inform\u00f3 107.817 positivos (2.169 adicionales).<\/p>\n<p>El reporte diario sobre el plan de vacunaci\u00f3n contra la COVID-19 en Ecuador, con corte al 17 de enero, precisaba que se hab\u00edan aplicado 29.107.463 dosis, de las que 14.004.500 corresponden a primeras dosis, 13.112.246 a segundas dosis y 1.990.717 de refuerzo.<\/p>\n<p>&nbsp;<\/p><div class=\"thqef69f1a870e241b\" ><p style=\"text-align: center;\"><a href=\"https:\/\/t.me\/noticiasdigital58\" target=\"_blank\" rel=\"noopener\"><img class=\"aligncenter size-full wp-image-125363\" src=\"https:\/\/digital58.com.ve\/site\/wp-content\/uploads\/2021\/04\/banner-telegram-web-2021.png\" alt=\"\" width=\"600\" height=\"90\" \/><\/a><\/p><\/div><style type=\"text\/css\">\r\n@media screen and (min-width: 1201px) {\r\n.thqef69f1a870e241b {\r\ndisplay: block;\r\n}\r\n}\r\n@media screen and (min-width: 993px) and (max-width: 1200px) {\r\n.thqef69f1a870e241b {\r\ndisplay: block;\r\n}\r\n}\r\n@media screen and (min-width: 769px) and (max-width: 992px) {\r\n.thqef69f1a870e241b {\r\ndisplay: block;\r\n}\r\n}\r\n@media screen and (min-width: 768px) and (max-width: 768px) {\r\n.thqef69f1a870e241b {\r\ndisplay: block;\r\n}\r\n}\r\n@media screen and (max-width: 767px) {\r\n.thqef69f1a870e241b {\r\ndisplay: block;\r\n}\r\n}\r\n<\/style>\r\n\n<p><strong>Redacci\u00f3n ND58\/Infante, V\u00edctor | Fuente: EFE<\/strong><br \/>\n<strong>Edici\u00f3n: Villasmil, Henry<\/strong><br \/>\n<strong>Gr\u00e1fica: Cortes\u00eda<\/strong><\/p>\n<div style=\"margin-top: 0px; margin-bottom: 0px;\" class=\"sharethis-inline-share-buttons\" ><\/div>","protected":false},"excerpt":{"rendered":"<p>La decisi\u00f3n de la alerta roja regir\u00e1 desde el 18 al 25 de enero y ser\u00e1 revisada o ratificada el<\/p>\n","protected":false},"author":40,"featured_media":147275,"comment_status":"open","ping_status":"closed","sticky":false,"template":"","format":"standard","meta":{"colormag_page_container_layout":"default_layout","colormag_page_sidebar_layout":"default_layout","_uag_custom_page_level_css":"","footnotes":""},"categories":[16451],"tags":[1896,13352,13648,111,8,13723,26221],"class_list":["post-147266","post","type-post","status-publish","format-standard","has-post-thumbnail","hentry","category-mundo","tag-alerta-roja","tag-coronavirus","tag-covid-19","tag-ecuador","tag-internacionales","tag-pandemia","tag-variante-omicron"],"yoast_head":"<!-- This site is optimized with the Yoast SEO plugin v27.5 - https:\/\/yoast.com\/product\/yoast-seo-wordpress\/ -->\n<title>Gobierno de Ecuador declara en alerta roja a Quito por la COVID-19<\/title>\n<meta name=\"description\" content=\"Mundo\" \/>\n<meta name=\"robots\" content=\"index, follow, max-snippet:-1, max-image-preview:large, max-video-preview:-1\" \/>\n<link rel=\"canonical\" href=\"https:\/\/digital58.com.ve\/site\/2022\/01\/19\/gobierno-de-ecuador-declara-en-alerta-roja-a-quito-por-la-covid-19\/\" \/>\n<meta property=\"og:locale\" content=\"es_ES\" \/>\n<meta property=\"og:type\" content=\"article\" \/>\n<meta property=\"og:title\" content=\"Gobierno de Ecuador declara en alerta roja a Quito por la COVID-19\" \/>\n<meta property=\"og:description\" content=\"Mundo\" \/>\n<meta property=\"og:url\" content=\"https:\/\/digital58.com.ve\/site\/2022\/01\/19\/gobierno-de-ecuador-declara-en-alerta-roja-a-quito-por-la-covid-19\/\" \/>\n<meta property=\"og:site_name\" content=\"Noticias Digital58\" \/>\n<meta property=\"article:published_time\" content=\"2022-01-19T15:21:21+00:00\" \/>\n<meta property=\"article:modified_time\" content=\"2022-01-19T15:22:51+00:00\" \/>\n<meta property=\"og:image\" content=\"https:\/\/digital58.com.ve\/site\/wp-content\/uploads\/2022\/01\/Ecuador-Covid-e1642605621543.jpg\" \/>\n\t<meta property=\"og:image:width\" content=\"1220\" \/>\n\t<meta property=\"og:image:height\" content=\"813\" \/>\n\t<meta property=\"og:image:type\" content=\"image\/jpeg\" \/>\n<meta name=\"author\" content=\"Victor Infante\" \/>\n<meta name=\"twitter:card\" content=\"summary_large_image\" \/>\n<meta name=\"twitter:creator\" content=\"@Digital_58\" \/>\n<meta name=\"twitter:site\" content=\"@villasmilhfoto\" \/>\n<meta name=\"twitter:label1\" content=\"Escrito por\" \/>\n\t<meta name=\"twitter:data1\" content=\"Victor Infante\" \/>\n\t<meta name=\"twitter:label2\" content=\"Tiempo estimado de lectura\" \/>\n\t<meta name=\"twitter:data2\" content=\"4 minutos\" \/>\n<script type=\"application\/ld+json\" class=\"yoast-schema-graph\">{\"@context\":\"https:\\\/\\\/schema.org\",\"@graph\":[{\"@type\":\"Article\",\"@id\":\"https:\\\/\\\/digital58.com.ve\\\/site\\\/2022\\\/01\\\/19\\\/gobierno-de-ecuador-declara-en-alerta-roja-a-quito-por-la-covid-19\\\/#article\",\"isPartOf\":{\"@id\":\"https:\\\/\\\/digital58.com.ve\\\/site\\\/2022\\\/01\\\/19\\\/gobierno-de-ecuador-declara-en-alerta-roja-a-quito-por-la-covid-19\\\/\"},\"author\":{\"name\":\"Victor Infante\",\"@id\":\"https:\\\/\\\/digital58.com.ve\\\/site\\\/#\\\/schema\\\/person\\\/7c2c83fb27249d7c6f59c30c7f141381\"},\"headline\":\"Gobierno de Ecuador declara en alerta roja a Quito por la COVID-19\",\"datePublished\":\"2022-01-19T15:21:21+00:00\",\"dateModified\":\"2022-01-19T15:22:51+00:00\",\"mainEntityOfPage\":{\"@id\":\"https:\\\/\\\/digital58.com.ve\\\/site\\\/2022\\\/01\\\/19\\\/gobierno-de-ecuador-declara-en-alerta-roja-a-quito-por-la-covid-19\\\/\"},\"wordCount\":643,\"commentCount\":0,\"publisher\":{\"@id\":\"https:\\\/\\\/digital58.com.ve\\\/site\\\/#\\\/schema\\\/person\\\/64d1c2e4d0d4fd1b849980c4331c2951\"},\"image\":{\"@id\":\"https:\\\/\\\/digital58.com.ve\\\/site\\\/2022\\\/01\\\/19\\\/gobierno-de-ecuador-declara-en-alerta-roja-a-quito-por-la-covid-19\\\/#primaryimage\"},\"thumbnailUrl\":\"https:\\\/\\\/digital58.com.ve\\\/site\\\/wp-content\\\/uploads\\\/2022\\\/01\\\/Ecuador-Covid-e1642605621543.jpg\",\"keywords\":[\"Alerta Roja\",\"Coronavirus\",\"COVID-19\",\"Ecuador\",\"Internacionales\",\"Pandemia\",\"Variante \u00f3micron\"],\"articleSection\":[\"Mundo\"],\"inLanguage\":\"es\",\"potentialAction\":[{\"@type\":\"CommentAction\",\"name\":\"Comment\",\"target\":[\"https:\\\/\\\/digital58.com.ve\\\/site\\\/2022\\\/01\\\/19\\\/gobierno-de-ecuador-declara-en-alerta-roja-a-quito-por-la-covid-19\\\/#respond\"]}]},{\"@type\":\"WebPage\",\"@id\":\"https:\\\/\\\/digital58.com.ve\\\/site\\\/2022\\\/01\\\/19\\\/gobierno-de-ecuador-declara-en-alerta-roja-a-quito-por-la-covid-19\\\/\",\"url\":\"https:\\\/\\\/digital58.com.ve\\\/site\\\/2022\\\/01\\\/19\\\/gobierno-de-ecuador-declara-en-alerta-roja-a-quito-por-la-covid-19\\\/\",\"name\":\"Gobierno de Ecuador declara en alerta roja a Quito por la COVID-19\",\"isPartOf\":{\"@id\":\"https:\\\/\\\/digital58.com.ve\\\/site\\\/#website\"},\"primaryImageOfPage\":{\"@id\":\"https:\\\/\\\/digital58.com.ve\\\/site\\\/2022\\\/01\\\/19\\\/gobierno-de-ecuador-declara-en-alerta-roja-a-quito-por-la-covid-19\\\/#primaryimage\"},\"image\":{\"@id\":\"https:\\\/\\\/digital58.com.ve\\\/site\\\/2022\\\/01\\\/19\\\/gobierno-de-ecuador-declara-en-alerta-roja-a-quito-por-la-covid-19\\\/#primaryimage\"},\"thumbnailUrl\":\"https:\\\/\\\/digital58.com.ve\\\/site\\\/wp-content\\\/uploads\\\/2022\\\/01\\\/Ecuador-Covid-e1642605621543.jpg\",\"datePublished\":\"2022-01-19T15:21:21+00:00\",\"dateModified\":\"2022-01-19T15:22:51+00:00\",\"description\":\"Mundo\",\"breadcrumb\":{\"@id\":\"https:\\\/\\\/digital58.com.ve\\\/site\\\/2022\\\/01\\\/19\\\/gobierno-de-ecuador-declara-en-alerta-roja-a-quito-por-la-covid-19\\\/#breadcrumb\"},\"inLanguage\":\"es\",\"potentialAction\":[{\"@type\":\"ReadAction\",\"target\":[\"https:\\\/\\\/digital58.com.ve\\\/site\\\/2022\\\/01\\\/19\\\/gobierno-de-ecuador-declara-en-alerta-roja-a-quito-por-la-covid-19\\\/\"]}]},{\"@type\":\"ImageObject\",\"inLanguage\":\"es\",\"@id\":\"https:\\\/\\\/digital58.com.ve\\\/site\\\/2022\\\/01\\\/19\\\/gobierno-de-ecuador-declara-en-alerta-roja-a-quito-por-la-covid-19\\\/#primaryimage\",\"url\":\"https:\\\/\\\/digital58.com.ve\\\/site\\\/wp-content\\\/uploads\\\/2022\\\/01\\\/Ecuador-Covid-e1642605621543.jpg\",\"contentUrl\":\"https:\\\/\\\/digital58.com.ve\\\/site\\\/wp-content\\\/uploads\\\/2022\\\/01\\\/Ecuador-Covid-e1642605621543.jpg\",\"width\":800,\"height\":533},{\"@type\":\"BreadcrumbList\",\"@id\":\"https:\\\/\\\/digital58.com.ve\\\/site\\\/2022\\\/01\\\/19\\\/gobierno-de-ecuador-declara-en-alerta-roja-a-quito-por-la-covid-19\\\/#breadcrumb\",\"itemListElement\":[{\"@type\":\"ListItem\",\"position\":1,\"name\":\"Home\",\"item\":\"https:\\\/\\\/digital58.com.ve\\\/site\\\/\"},{\"@type\":\"ListItem\",\"position\":2,\"name\":\"Gobierno de Ecuador declara en alerta roja a Quito por la COVID-19\"}]},{\"@type\":\"WebSite\",\"@id\":\"https:\\\/\\\/digital58.com.ve\\\/site\\\/#website\",\"url\":\"https:\\\/\\\/digital58.com.ve\\\/site\\\/\",\"name\":\"Noticias Digital58\",\"description\":\"Portal de Noticias \u00a1Periodismo web de verdad! Lanzamiento web 22.11.2005 \\\/ Maracaibo, Venezuela\",\"publisher\":{\"@id\":\"https:\\\/\\\/digital58.com.ve\\\/site\\\/#\\\/schema\\\/person\\\/64d1c2e4d0d4fd1b849980c4331c2951\"},\"alternateName\":\"ND58\",\"potentialAction\":[{\"@type\":\"SearchAction\",\"target\":{\"@type\":\"EntryPoint\",\"urlTemplate\":\"https:\\\/\\\/digital58.com.ve\\\/site\\\/?s={search_term_string}\"},\"query-input\":{\"@type\":\"PropertyValueSpecification\",\"valueRequired\":true,\"valueName\":\"search_term_string\"}}],\"inLanguage\":\"es\"},{\"@type\":[\"Person\",\"Organization\"],\"@id\":\"https:\\\/\\\/digital58.com.ve\\\/site\\\/#\\\/schema\\\/person\\\/64d1c2e4d0d4fd1b849980c4331c2951\",\"name\":\"Villasmil Henry\",\"image\":{\"@type\":\"ImageObject\",\"inLanguage\":\"es\",\"@id\":\"https:\\\/\\\/secure.gravatar.com\\\/avatar\\\/bb0c4a2fcb7970138239f7e404ea75757b1b507b28b5ce4c53fbd62d797c5a7c?s=96&d=mm&r=g\",\"url\":\"https:\\\/\\\/secure.gravatar.com\\\/avatar\\\/bb0c4a2fcb7970138239f7e404ea75757b1b507b28b5ce4c53fbd62d797c5a7c?s=96&d=mm&r=g\",\"contentUrl\":\"https:\\\/\\\/secure.gravatar.com\\\/avatar\\\/bb0c4a2fcb7970138239f7e404ea75757b1b507b28b5ce4c53fbd62d797c5a7c?s=96&d=mm&r=g\",\"caption\":\"Villasmil Henry\"},\"logo\":{\"@id\":\"https:\\\/\\\/secure.gravatar.com\\\/avatar\\\/bb0c4a2fcb7970138239f7e404ea75757b1b507b28b5ce4c53fbd62d797c5a7c?s=96&d=mm&r=g\"},\"sameAs\":[\"http:\\\/\\\/www.henryvillasmil.com.ve\",\"https:\\\/\\\/www.instagram.com\\\/villasmilhfoto\\\/\",\"https:\\\/\\\/x.com\\\/https:\\\/\\\/twitter.com\\\/villasmilhfoto\"]},{\"@type\":\"Person\",\"@id\":\"https:\\\/\\\/digital58.com.ve\\\/site\\\/#\\\/schema\\\/person\\\/7c2c83fb27249d7c6f59c30c7f141381\",\"name\":\"Victor Infante\",\"image\":{\"@type\":\"ImageObject\",\"inLanguage\":\"es\",\"@id\":\"https:\\\/\\\/secure.gravatar.com\\\/avatar\\\/106ae6d84ee67222a78df20df89da71bb5069c89d1fd27272140999a3f842596?s=96&d=mm&r=g\",\"url\":\"https:\\\/\\\/secure.gravatar.com\\\/avatar\\\/106ae6d84ee67222a78df20df89da71bb5069c89d1fd27272140999a3f842596?s=96&d=mm&r=g\",\"contentUrl\":\"https:\\\/\\\/secure.gravatar.com\\\/avatar\\\/106ae6d84ee67222a78df20df89da71bb5069c89d1fd27272140999a3f842596?s=96&d=mm&r=g\",\"caption\":\"Victor Infante\"},\"url\":\"https:\\\/\\\/digital58.com.ve\\\/site\\\/author\\\/vinfante22\\\/\"}]}<\/script>\n<!-- \/ Yoast SEO plugin. -->","yoast_head_json":{"title":"Gobierno de Ecuador declara en alerta roja a Quito por la COVID-19","description":"Mundo","robots":{"index":"index","follow":"follow","max-snippet":"max-snippet:-1","max-image-preview":"max-image-preview:large","max-video-preview":"max-video-preview:-1"},"canonical":"https:\/\/digital58.com.ve\/site\/2022\/01\/19\/gobierno-de-ecuador-declara-en-alerta-roja-a-quito-por-la-covid-19\/","og_locale":"es_ES","og_type":"article","og_title":"Gobierno de Ecuador declara en alerta roja a Quito por la COVID-19","og_description":"Mundo","og_url":"https:\/\/digital58.com.ve\/site\/2022\/01\/19\/gobierno-de-ecuador-declara-en-alerta-roja-a-quito-por-la-covid-19\/","og_site_name":"Noticias Digital58","article_published_time":"2022-01-19T15:21:21+00:00","article_modified_time":"2022-01-19T15:22:51+00:00","og_image":[{"width":1220,"height":813,"url":"https:\/\/digital58.com.ve\/site\/wp-content\/uploads\/2022\/01\/Ecuador-Covid-e1642605621543.jpg","type":"image\/jpeg"}],"author":"Victor Infante","twitter_card":"summary_large_image","twitter_creator":"@Digital_58","twitter_site":"@villasmilhfoto","twitter_misc":{"Escrito por":"Victor Infante","Tiempo estimado de lectura":"4 minutos"},"schema":{"@context":"https:\/\/schema.org","@graph":[{"@type":"Article","@id":"https:\/\/digital58.com.ve\/site\/2022\/01\/19\/gobierno-de-ecuador-declara-en-alerta-roja-a-quito-por-la-covid-19\/#article","isPartOf":{"@id":"https:\/\/digital58.com.ve\/site\/2022\/01\/19\/gobierno-de-ecuador-declara-en-alerta-roja-a-quito-por-la-covid-19\/"},"author":{"name":"Victor Infante","@id":"https:\/\/digital58.com.ve\/site\/#\/schema\/person\/7c2c83fb27249d7c6f59c30c7f141381"},"headline":"Gobierno de Ecuador declara en alerta roja a Quito por la COVID-19","datePublished":"2022-01-19T15:21:21+00:00","dateModified":"2022-01-19T15:22:51+00:00","mainEntityOfPage":{"@id":"https:\/\/digital58.com.ve\/site\/2022\/01\/19\/gobierno-de-ecuador-declara-en-alerta-roja-a-quito-por-la-covid-19\/"},"wordCount":643,"commentCount":0,"publisher":{"@id":"https:\/\/digital58.com.ve\/site\/#\/schema\/person\/64d1c2e4d0d4fd1b849980c4331c2951"},"image":{"@id":"https:\/\/digital58.com.ve\/site\/2022\/01\/19\/gobierno-de-ecuador-declara-en-alerta-roja-a-quito-por-la-covid-19\/#primaryimage"},"thumbnailUrl":"https:\/\/digital58.com.ve\/site\/wp-content\/uploads\/2022\/01\/Ecuador-Covid-e1642605621543.jpg","keywords":["Alerta Roja","Coronavirus","COVID-19","Ecuador","Internacionales","Pandemia","Variante \u00f3micron"],"articleSection":["Mundo"],"inLanguage":"es","potentialAction":[{"@type":"CommentAction","name":"Comment","target":["https:\/\/digital58.com.ve\/site\/2022\/01\/19\/gobierno-de-ecuador-declara-en-alerta-roja-a-quito-por-la-covid-19\/#respond"]}]},{"@type":"WebPage","@id":"https:\/\/digital58.com.ve\/site\/2022\/01\/19\/gobierno-de-ecuador-declara-en-alerta-roja-a-quito-por-la-covid-19\/","url":"https:\/\/digital58.com.ve\/site\/2022\/01\/19\/gobierno-de-ecuador-declara-en-alerta-roja-a-quito-por-la-covid-19\/","name":"Gobierno de Ecuador declara en alerta roja a Quito por la COVID-19","isPartOf":{"@id":"https:\/\/digital58.com.ve\/site\/#website"},"primaryImageOfPage":{"@id":"https:\/\/digital58.com.ve\/site\/2022\/01\/19\/gobierno-de-ecuador-declara-en-alerta-roja-a-quito-por-la-covid-19\/#primaryimage"},"image":{"@id":"https:\/\/digital58.com.ve\/site\/2022\/01\/19\/gobierno-de-ecuador-declara-en-alerta-roja-a-quito-por-la-covid-19\/#primaryimage"},"thumbnailUrl":"https:\/\/digital58.com.ve\/site\/wp-content\/uploads\/2022\/01\/Ecuador-Covid-e1642605621543.jpg","datePublished":"2022-01-19T15:21:21+00:00","dateModified":"2022-01-19T15:22:51+00:00","description":"Mundo","breadcrumb":{"@id":"https:\/\/digital58.com.ve\/site\/2022\/01\/19\/gobierno-de-ecuador-declara-en-alerta-roja-a-quito-por-la-covid-19\/#breadcrumb"},"inLanguage":"es","potentialAction":[{"@type":"ReadAction","target":["https:\/\/digital58.com.ve\/site\/2022\/01\/19\/gobierno-de-ecuador-declara-en-alerta-roja-a-quito-por-la-covid-19\/"]}]},{"@type":"ImageObject","inLanguage":"es","@id":"https:\/\/digital58.com.ve\/site\/2022\/01\/19\/gobierno-de-ecuador-declara-en-alerta-roja-a-quito-por-la-covid-19\/#primaryimage","url":"https:\/\/digital58.com.ve\/site\/wp-content\/uploads\/2022\/01\/Ecuador-Covid-e1642605621543.jpg","contentUrl":"https:\/\/digital58.com.ve\/site\/wp-content\/uploads\/2022\/01\/Ecuador-Covid-e1642605621543.jpg","width":800,"height":533},{"@type":"BreadcrumbList","@id":"https:\/\/digital58.com.ve\/site\/2022\/01\/19\/gobierno-de-ecuador-declara-en-alerta-roja-a-quito-por-la-covid-19\/#breadcrumb","itemListElement":[{"@type":"ListItem","position":1,"name":"Home","item":"https:\/\/digital58.com.ve\/site\/"},{"@type":"ListItem","position":2,"name":"Gobierno de Ecuador declara en alerta roja a Quito por la COVID-19"}]},{"@type":"WebSite","@id":"https:\/\/digital58.com.ve\/site\/#website","url":"https:\/\/digital58.com.ve\/site\/","name":"Noticias Digital58","description":"Portal de Noticias \u00a1Periodismo web de verdad! Lanzamiento web 22.11.2005 \/ Maracaibo, Venezuela","publisher":{"@id":"https:\/\/digital58.com.ve\/site\/#\/schema\/person\/64d1c2e4d0d4fd1b849980c4331c2951"},"alternateName":"ND58","potentialAction":[{"@type":"SearchAction","target":{"@type":"EntryPoint","urlTemplate":"https:\/\/digital58.com.ve\/site\/?s={search_term_string}"},"query-input":{"@type":"PropertyValueSpecification","valueRequired":true,"valueName":"search_term_string"}}],"inLanguage":"es"},{"@type":["Person","Organization"],"@id":"https:\/\/digital58.com.ve\/site\/#\/schema\/person\/64d1c2e4d0d4fd1b849980c4331c2951","name":"Villasmil Henry","image":{"@type":"ImageObject","inLanguage":"es","@id":"https:\/\/secure.gravatar.com\/avatar\/bb0c4a2fcb7970138239f7e404ea75757b1b507b28b5ce4c53fbd62d797c5a7c?s=96&d=mm&r=g","url":"https:\/\/secure.gravatar.com\/avatar\/bb0c4a2fcb7970138239f7e404ea75757b1b507b28b5ce4c53fbd62d797c5a7c?s=96&d=mm&r=g","contentUrl":"https:\/\/secure.gravatar.com\/avatar\/bb0c4a2fcb7970138239f7e404ea75757b1b507b28b5ce4c53fbd62d797c5a7c?s=96&d=mm&r=g","caption":"Villasmil Henry"},"logo":{"@id":"https:\/\/secure.gravatar.com\/avatar\/bb0c4a2fcb7970138239f7e404ea75757b1b507b28b5ce4c53fbd62d797c5a7c?s=96&d=mm&r=g"},"sameAs":["http:\/\/www.henryvillasmil.com.ve","https:\/\/www.instagram.com\/villasmilhfoto\/","https:\/\/x.com\/https:\/\/twitter.com\/villasmilhfoto"]},{"@type":"Person","@id":"https:\/\/digital58.com.ve\/site\/#\/schema\/person\/7c2c83fb27249d7c6f59c30c7f141381","name":"Victor Infante","image":{"@type":"ImageObject","inLanguage":"es","@id":"https:\/\/secure.gravatar.com\/avatar\/106ae6d84ee67222a78df20df89da71bb5069c89d1fd27272140999a3f842596?s=96&d=mm&r=g","url":"https:\/\/secure.gravatar.com\/avatar\/106ae6d84ee67222a78df20df89da71bb5069c89d1fd27272140999a3f842596?s=96&d=mm&r=g","contentUrl":"https:\/\/secure.gravatar.com\/avatar\/106ae6d84ee67222a78df20df89da71bb5069c89d1fd27272140999a3f842596?s=96&d=mm&r=g","caption":"Victor Infante"},"url":"https:\/\/digital58.com.ve\/site\/author\/vinfante22\/"}]}},"uagb_featured_image_src":{"full":["https:\/\/digital58.com.ve\/site\/wp-content\/uploads\/2022\/01\/Ecuador-Covid-e1642605621543.jpg",800,533,false],"thumbnail":["https:\/\/digital58.com.ve\/site\/wp-content\/uploads\/2022\/01\/Ecuador-Covid-150x150.jpg",150,150,true],"medium":["https:\/\/digital58.com.ve\/site\/wp-content\/uploads\/2022\/01\/Ecuador-Covid-300x200.jpg",300,200,true],"medium_large":["https:\/\/digital58.com.ve\/site\/wp-content\/uploads\/2022\/01\/Ecuador-Covid-768x512.jpg",768,512,true],"large":["https:\/\/digital58.com.ve\/site\/wp-content\/uploads\/2022\/01\/Ecuador-Covid-1500x1000.jpg",800,533,true],"1536x1536":["https:\/\/digital58.com.ve\/site\/wp-content\/uploads\/2022\/01\/Ecuador-Covid-1536x1024.jpg",1536,1024,true],"2048x2048":["https:\/\/digital58.com.ve\/site\/wp-content\/uploads\/2022\/01\/Ecuador-Covid-e1642605621543.jpg",800,533,false],"colormag-highlighted-post":["https:\/\/digital58.com.ve\/site\/wp-content\/uploads\/2022\/01\/Ecuador-Covid-e1642605621543.jpg",392,261,false],"colormag-featured-post-medium":["https:\/\/digital58.com.ve\/site\/wp-content\/uploads\/2022\/01\/Ecuador-Covid-e1642605621543.jpg",308,205,false],"colormag-featured-post-small":["https:\/\/digital58.com.ve\/site\/wp-content\/uploads\/2022\/01\/Ecuador-Covid-e1642605621543.jpg",130,87,false],"colormag-featured-image":["https:\/\/digital58.com.ve\/site\/wp-content\/uploads\/2022\/01\/Ecuador-Covid-e1642605621543.jpg",668,445,false],"colormag-default-news":["https:\/\/digital58.com.ve\/site\/wp-content\/uploads\/2022\/01\/Ecuador-Covid-e1642605621543.jpg",150,100,false],"colormag-featured-image-large":["https:\/\/digital58.com.ve\/site\/wp-content\/uploads\/2022\/01\/Ecuador-Covid-e1642605621543.jpg",800,533,false]},"uagb_author_info":{"display_name":"Victor Infante","author_link":"https:\/\/digital58.com.ve\/site\/author\/vinfante22\/"},"uagb_comment_info":0,"uagb_excerpt":"La decisi\u00f3n de la alerta roja regir\u00e1 desde el 18 al 25 de enero y ser\u00e1 revisada o ratificada el","_links":{"self":[{"href":"https:\/\/digital58.com.ve\/site\/wp-json\/wp\/v2\/posts\/147266","targetHints":{"allow":["GET"]}}],"collection":[{"href":"https:\/\/digital58.com.ve\/site\/wp-json\/wp\/v2\/posts"}],"about":[{"href":"https:\/\/digital58.com.ve\/site\/wp-json\/wp\/v2\/types\/post"}],"author":[{"embeddable":true,"href":"https:\/\/digital58.com.ve\/site\/wp-json\/wp\/v2\/users\/40"}],"replies":[{"embeddable":true,"href":"https:\/\/digital58.com.ve\/site\/wp-json\/wp\/v2\/comments?post=147266"}],"version-history":[{"count":0,"href":"https:\/\/digital58.com.ve\/site\/wp-json\/wp\/v2\/posts\/147266\/revisions"}],"wp:featuredmedia":[{"embeddable":true,"href":"https:\/\/digital58.com.ve\/site\/wp-json\/wp\/v2\/media\/147275"}],"wp:attachment":[{"href":"https:\/\/digital58.com.ve\/site\/wp-json\/wp\/v2\/media?parent=147266"}],"wp:term":[{"taxonomy":"category","embeddable":true,"href":"https:\/\/digital58.com.ve\/site\/wp-json\/wp\/v2\/categories?post=147266"},{"taxonomy":"post_tag","embeddable":true,"href":"https:\/\/digital58.com.ve\/site\/wp-json\/wp\/v2\/tags?post=147266"}],"curies":[{"name":"wp","href":"https:\/\/api.w.org\/{rel}","templated":true}]}}