{"id":147500,"date":"2022-01-23T16:17:26","date_gmt":"2022-01-23T20:17:26","guid":{"rendered":"https:\/\/digital58.com.ve\/site\/?p=147500"},"modified":"2022-01-23T16:17:26","modified_gmt":"2022-01-23T20:17:26","slug":"amazonas-contaran-su-historia-en-las-noches-de-venevision","status":"publish","type":"post","link":"https:\/\/digital58.com.ve\/site\/2022\/01\/23\/amazonas-contaran-su-historia-en-las-noches-de-venevision\/","title":{"rendered":"\u00abAmazonas\u00bb contar\u00e1n su historia en las noches de Venevisi\u00f3n"},"content":{"rendered":"<p><a href=\"https:\/\/digital58.com.ve\/site\/wp-content\/uploads\/2022\/01\/las-amazonas-2.jpg\"><img loading=\"lazy\" decoding=\"async\" class=\"size-full wp-image-147502\" src=\"https:\/\/digital58.com.ve\/site\/wp-content\/uploads\/2022\/01\/las-amazonas-2.jpg\" alt=\"\" width=\"900\" height=\"687\" srcset=\"https:\/\/digital58.com.ve\/site\/wp-content\/uploads\/2022\/01\/las-amazonas-2.jpg 900w, https:\/\/digital58.com.ve\/site\/wp-content\/uploads\/2022\/01\/las-amazonas-2-300x229.jpg 300w, https:\/\/digital58.com.ve\/site\/wp-content\/uploads\/2022\/01\/las-amazonas-2-768x586.jpg 768w\" sizes=\"auto, (max-width: 900px) 100vw, 900px\" \/><\/a><\/p>\n<p>De vuelta a la pantalla la telenovela venezolana producida y emitida por Venevision en 1985, se convirti\u00f3 en uno de los grandes \u00e9xitos televisivos de los a\u00f1os 80 en el pa\u00eds.<\/p>\n<p><strong>Caracas, DC, Venezuela, 23 de enero de 2022 (ND58).-<\/strong> Venevisi\u00f3n transmitir\u00e1 la exitosa obra dram\u00e1tica \u00abAmazonas\u00bb a partir de este lunes 24 de enero, a las 10:00 p.m., como parte de un ciclo especial de grandes telenovelas , todo un cl\u00e1sico de la televisi\u00f3n venezolana , que protagonizaron la siempre recordada Hilda Carrero y Eduardo Serrano en una historia original de C\u00e9sar Miguel Rond\u00f3n.<\/p>\n<p>Un elenco de primeras figuras tambi\u00e9n dio vida a la historia, en roles estelares, entre quienes destacan Corina Azopardo, Julio Alc\u00e1zar, Alba Roversi, Tony Rodr\u00edguez, la primera actriz Eva Blanco, Jos\u00e9 Oliva, Miryam Ochoa, Fernando Flores, Flor N\u00fa\u00f1ez y Rene\u00e9 de Pall\u00e1s, entre otros reconocidos histriones.<\/p>\n<p>Las incidencias de \u00abAmazonas\u00bb comienzan cuando Emiro Lizarraga, un vendedor de quesos en la modesta regi\u00f3n de Valle de la Pascua, por influencias de un amigo se hace capataz de la Hacienda de Don Servando Urdaneta, un rico hombre de la capital.<\/p>\n<p>Un tiempo despu\u00e9s, Don Servando se ve acorralado de deudas y a punto de grandes embargos de todos sus bienes. Resuelven que, para salvar el Haras \u00abLas Amazonas\u00bb , lo pondr\u00e1 a nombre de Emiro Lizarraga, firmando a la vez un documento de venta y devoluci\u00f3n a su propio due\u00f1o.<\/p>\n<p><a href=\"https:\/\/digital58.com.ve\/site\/wp-content\/uploads\/2022\/01\/las-amazonas.jpg\"><img loading=\"lazy\" decoding=\"async\" class=\"aligncenter size-full wp-image-147503\" src=\"https:\/\/digital58.com.ve\/site\/wp-content\/uploads\/2022\/01\/las-amazonas.jpg\" alt=\"\" width=\"900\" height=\"611\" srcset=\"https:\/\/digital58.com.ve\/site\/wp-content\/uploads\/2022\/01\/las-amazonas.jpg 900w, https:\/\/digital58.com.ve\/site\/wp-content\/uploads\/2022\/01\/las-amazonas-300x204.jpg 300w, https:\/\/digital58.com.ve\/site\/wp-content\/uploads\/2022\/01\/las-amazonas-768x521.jpg 768w\" sizes=\"auto, (max-width: 900px) 100vw, 900px\" \/><\/a><br \/>\nDon Servando se ausenta del pa\u00eds y deja que le quiten varias propiedades, pero logra salvar el Haras. Cuando regresa, Emiro le dice que \u00e9l se quedar\u00e1 con el Haras.\u00a0 Don Servando sufre un infarto y pierde la vida. Emiro que siempre ha estado enamorado de Isabel, ya viuda la hace su esposa y asume como hija suya la ni\u00f1a que Isabel da a luz de su esposo difunto.<\/p>\n<p>Fernando Urdaneta, hermano menor de Don Servando, vive en Par\u00eds cuando todo esto sucede y no sabe casi nada de la vida y muerte de su hermano. Todo eso ocurri\u00f3 hace veinticinco a\u00f1os. Hoy, Emiro es un hombre millonario, viudo de Isabel que le dej\u00f3 dos hijas m\u00e1s. Nadie ha descubierto jam\u00e1s que la hija mayor no es suya.<\/p>\n<p>Emiro quiere casar a Isabel con Carmelo, a Carolina con el arquitecto Fernando y a Elo\u00edsa con el rico joven Roberto, pero estas tres mujeres se enamoran de otros hombres. Isabel de Rodrigo Izaguirre, divorciado con dos hijas.<\/p>\n<p><a href=\"https:\/\/digital58.com.ve\/site\/wp-content\/uploads\/2022\/01\/las-amazonas-3.jpg\"><img loading=\"lazy\" decoding=\"async\" class=\"size-full wp-image-147504\" src=\"https:\/\/digital58.com.ve\/site\/wp-content\/uploads\/2022\/01\/las-amazonas-3.jpg\" alt=\"\" width=\"900\" height=\"889\" srcset=\"https:\/\/digital58.com.ve\/site\/wp-content\/uploads\/2022\/01\/las-amazonas-3.jpg 607w, https:\/\/digital58.com.ve\/site\/wp-content\/uploads\/2022\/01\/las-amazonas-3-300x296.jpg 300w, https:\/\/digital58.com.ve\/site\/wp-content\/uploads\/2022\/01\/las-amazonas-3-768x759.jpg 768w\" sizes=\"auto, (max-width: 900px) 100vw, 900px\" \/><\/a><\/p>\n<p>Carolina se enamora de Don Francisco Urdaneta, arquitecto famoso. Francisco es enemigo de don Emiro y su amor por Carolina es un problema. Elo\u00edsa se enamora y se escapa con Dar\u00edo, un pe\u00f3n de la hacienda de su padre\u2026<\/p>\n<p>Son tres amazonas que luchan desesperadamente por su felicidad.<\/p>\n<p><strong>Redacci\u00f3n ND58 | Fuente: NDP<\/strong><br \/>\n<strong>Edici\u00f3n: Villasmil, Henry<\/strong><br \/>\n<strong>Gr\u00e1fica: Cortes\u00eda<\/strong><\/p>\n<p>&nbsp;<\/p>\n<p>&nbsp;<\/p><div class=\"vihxu69f460028f353\" ><p style=\"text-align: center;\"><a href=\"https:\/\/t.me\/noticiasdigital58\" target=\"_blank\" rel=\"noopener\"><img class=\"aligncenter size-full wp-image-125363\" src=\"https:\/\/digital58.com.ve\/site\/wp-content\/uploads\/2021\/04\/banner-telegram-web-2021.png\" alt=\"\" width=\"600\" height=\"90\" \/><\/a><\/p><\/div><style type=\"text\/css\">\r\n@media screen and (min-width: 1201px) {\r\n.vihxu69f460028f353 {\r\ndisplay: block;\r\n}\r\n}\r\n@media screen and (min-width: 993px) and (max-width: 1200px) {\r\n.vihxu69f460028f353 {\r\ndisplay: block;\r\n}\r\n}\r\n@media screen and (min-width: 769px) and (max-width: 992px) {\r\n.vihxu69f460028f353 {\r\ndisplay: block;\r\n}\r\n}\r\n@media screen and (min-width: 768px) and (max-width: 768px) {\r\n.vihxu69f460028f353 {\r\ndisplay: block;\r\n}\r\n}\r\n@media screen and (max-width: 767px) {\r\n.vihxu69f460028f353 {\r\ndisplay: block;\r\n}\r\n}\r\n<\/style>\r\n\n<p>&nbsp;<\/p>\n<div style=\"margin-top: 0px; margin-bottom: 0px;\" class=\"sharethis-inline-share-buttons\" ><\/div>","protected":false},"excerpt":{"rendered":"<p>De vuelta a la pantalla la telenovela venezolana producida y emitida por Venevision en 1985, se convirti\u00f3 en uno de<\/p>\n","protected":false},"author":1,"featured_media":147503,"comment_status":"open","ping_status":"closed","sticky":false,"template":"","format":"standard","meta":{"colormag_page_container_layout":"default_layout","colormag_page_sidebar_layout":"default_layout","_uag_custom_page_level_css":"","footnotes":""},"categories":[1],"tags":[50,26912,233,2125,134,2143,32],"class_list":["post-147500","post","type-post","status-publish","format-standard","has-post-thumbnail","hentry","category-fama","tag-entretenimiento","tag-las-amazonas","tag-nacionales","tag-telenovelas","tag-tv","tag-venevision","tag-venezuela"],"yoast_head":"<!-- This site is optimized with the Yoast SEO plugin v27.5 - https:\/\/yoast.com\/product\/yoast-seo-wordpress\/ -->\n<title>\u00abAmazonas\u00bb contar\u00e1n su historia en las noches de Venevisi\u00f3n<\/title>\n<meta name=\"description\" content=\"Fama\" \/>\n<meta name=\"robots\" content=\"index, follow, max-snippet:-1, max-image-preview:large, max-video-preview:-1\" \/>\n<link rel=\"canonical\" href=\"https:\/\/digital58.com.ve\/site\/2022\/01\/23\/amazonas-contaran-su-historia-en-las-noches-de-venevision\/\" \/>\n<meta property=\"og:locale\" content=\"es_ES\" \/>\n<meta property=\"og:type\" content=\"article\" \/>\n<meta property=\"og:title\" content=\"\u00abAmazonas\u00bb contar\u00e1n su historia en las noches de Venevisi\u00f3n\" \/>\n<meta property=\"og:description\" content=\"Fama\" \/>\n<meta property=\"og:url\" content=\"https:\/\/digital58.com.ve\/site\/2022\/01\/23\/amazonas-contaran-su-historia-en-las-noches-de-venevision\/\" \/>\n<meta property=\"og:site_name\" content=\"Noticias Digital58\" \/>\n<meta property=\"article:published_time\" content=\"2022-01-23T20:17:26+00:00\" \/>\n<meta property=\"og:image\" content=\"https:\/\/digital58.com.ve\/site\/wp-content\/uploads\/2022\/01\/las-amazonas.jpg\" \/>\n\t<meta property=\"og:image:width\" content=\"900\" \/>\n\t<meta property=\"og:image:height\" content=\"611\" \/>\n\t<meta property=\"og:image:type\" content=\"image\/jpeg\" \/>\n<meta name=\"author\" content=\"Villasmil Henry\" \/>\n<meta name=\"twitter:card\" content=\"summary_large_image\" \/>\n<meta name=\"twitter:creator\" content=\"@https:\/\/twitter.com\/villasmilhfoto\" \/>\n<meta name=\"twitter:site\" content=\"@villasmilhfoto\" \/>\n<meta name=\"twitter:label1\" content=\"Escrito por\" \/>\n\t<meta name=\"twitter:data1\" content=\"Villasmil Henry\" \/>\n\t<meta name=\"twitter:label2\" content=\"Tiempo estimado de lectura\" \/>\n\t<meta name=\"twitter:data2\" content=\"3 minutos\" \/>\n<script type=\"application\/ld+json\" class=\"yoast-schema-graph\">{\"@context\":\"https:\\\/\\\/schema.org\",\"@graph\":[{\"@type\":\"Article\",\"@id\":\"https:\\\/\\\/digital58.com.ve\\\/site\\\/2022\\\/01\\\/23\\\/amazonas-contaran-su-historia-en-las-noches-de-venevision\\\/#article\",\"isPartOf\":{\"@id\":\"https:\\\/\\\/digital58.com.ve\\\/site\\\/2022\\\/01\\\/23\\\/amazonas-contaran-su-historia-en-las-noches-de-venevision\\\/\"},\"author\":{\"name\":\"Villasmil Henry\",\"@id\":\"https:\\\/\\\/digital58.com.ve\\\/site\\\/#\\\/schema\\\/person\\\/64d1c2e4d0d4fd1b849980c4331c2951\"},\"headline\":\"\u00abAmazonas\u00bb contar\u00e1n su historia en las noches de Venevisi\u00f3n\",\"datePublished\":\"2022-01-23T20:17:26+00:00\",\"mainEntityOfPage\":{\"@id\":\"https:\\\/\\\/digital58.com.ve\\\/site\\\/2022\\\/01\\\/23\\\/amazonas-contaran-su-historia-en-las-noches-de-venevision\\\/\"},\"wordCount\":494,\"commentCount\":1,\"publisher\":{\"@id\":\"https:\\\/\\\/digital58.com.ve\\\/site\\\/#\\\/schema\\\/person\\\/64d1c2e4d0d4fd1b849980c4331c2951\"},\"image\":{\"@id\":\"https:\\\/\\\/digital58.com.ve\\\/site\\\/2022\\\/01\\\/23\\\/amazonas-contaran-su-historia-en-las-noches-de-venevision\\\/#primaryimage\"},\"thumbnailUrl\":\"https:\\\/\\\/digital58.com.ve\\\/site\\\/wp-content\\\/uploads\\\/2022\\\/01\\\/las-amazonas.jpg\",\"keywords\":[\"Entretenimiento\",\"Las Amazonas\",\"Nacionales\",\"Telenovelas\",\"TV\",\"Venevisi\u00f3n\",\"Venezuela\"],\"articleSection\":[\"Fama\"],\"inLanguage\":\"es\",\"potentialAction\":[{\"@type\":\"CommentAction\",\"name\":\"Comment\",\"target\":[\"https:\\\/\\\/digital58.com.ve\\\/site\\\/2022\\\/01\\\/23\\\/amazonas-contaran-su-historia-en-las-noches-de-venevision\\\/#respond\"]}]},{\"@type\":\"WebPage\",\"@id\":\"https:\\\/\\\/digital58.com.ve\\\/site\\\/2022\\\/01\\\/23\\\/amazonas-contaran-su-historia-en-las-noches-de-venevision\\\/\",\"url\":\"https:\\\/\\\/digital58.com.ve\\\/site\\\/2022\\\/01\\\/23\\\/amazonas-contaran-su-historia-en-las-noches-de-venevision\\\/\",\"name\":\"\u00abAmazonas\u00bb contar\u00e1n su historia en las noches de Venevisi\u00f3n\",\"isPartOf\":{\"@id\":\"https:\\\/\\\/digital58.com.ve\\\/site\\\/#website\"},\"primaryImageOfPage\":{\"@id\":\"https:\\\/\\\/digital58.com.ve\\\/site\\\/2022\\\/01\\\/23\\\/amazonas-contaran-su-historia-en-las-noches-de-venevision\\\/#primaryimage\"},\"image\":{\"@id\":\"https:\\\/\\\/digital58.com.ve\\\/site\\\/2022\\\/01\\\/23\\\/amazonas-contaran-su-historia-en-las-noches-de-venevision\\\/#primaryimage\"},\"thumbnailUrl\":\"https:\\\/\\\/digital58.com.ve\\\/site\\\/wp-content\\\/uploads\\\/2022\\\/01\\\/las-amazonas.jpg\",\"datePublished\":\"2022-01-23T20:17:26+00:00\",\"description\":\"Fama\",\"breadcrumb\":{\"@id\":\"https:\\\/\\\/digital58.com.ve\\\/site\\\/2022\\\/01\\\/23\\\/amazonas-contaran-su-historia-en-las-noches-de-venevision\\\/#breadcrumb\"},\"inLanguage\":\"es\",\"potentialAction\":[{\"@type\":\"ReadAction\",\"target\":[\"https:\\\/\\\/digital58.com.ve\\\/site\\\/2022\\\/01\\\/23\\\/amazonas-contaran-su-historia-en-las-noches-de-venevision\\\/\"]}]},{\"@type\":\"ImageObject\",\"inLanguage\":\"es\",\"@id\":\"https:\\\/\\\/digital58.com.ve\\\/site\\\/2022\\\/01\\\/23\\\/amazonas-contaran-su-historia-en-las-noches-de-venevision\\\/#primaryimage\",\"url\":\"https:\\\/\\\/digital58.com.ve\\\/site\\\/wp-content\\\/uploads\\\/2022\\\/01\\\/las-amazonas.jpg\",\"contentUrl\":\"https:\\\/\\\/digital58.com.ve\\\/site\\\/wp-content\\\/uploads\\\/2022\\\/01\\\/las-amazonas.jpg\",\"width\":900,\"height\":611},{\"@type\":\"BreadcrumbList\",\"@id\":\"https:\\\/\\\/digital58.com.ve\\\/site\\\/2022\\\/01\\\/23\\\/amazonas-contaran-su-historia-en-las-noches-de-venevision\\\/#breadcrumb\",\"itemListElement\":[{\"@type\":\"ListItem\",\"position\":1,\"name\":\"Home\",\"item\":\"https:\\\/\\\/digital58.com.ve\\\/site\\\/\"},{\"@type\":\"ListItem\",\"position\":2,\"name\":\"\u00abAmazonas\u00bb contar\u00e1n su historia en las noches de Venevisi\u00f3n\"}]},{\"@type\":\"WebSite\",\"@id\":\"https:\\\/\\\/digital58.com.ve\\\/site\\\/#website\",\"url\":\"https:\\\/\\\/digital58.com.ve\\\/site\\\/\",\"name\":\"Noticias Digital58\",\"description\":\"Portal de Noticias \u00a1Periodismo web de verdad! Lanzamiento web 22.11.2005 \\\/ Maracaibo, Venezuela\",\"publisher\":{\"@id\":\"https:\\\/\\\/digital58.com.ve\\\/site\\\/#\\\/schema\\\/person\\\/64d1c2e4d0d4fd1b849980c4331c2951\"},\"alternateName\":\"ND58\",\"potentialAction\":[{\"@type\":\"SearchAction\",\"target\":{\"@type\":\"EntryPoint\",\"urlTemplate\":\"https:\\\/\\\/digital58.com.ve\\\/site\\\/?s={search_term_string}\"},\"query-input\":{\"@type\":\"PropertyValueSpecification\",\"valueRequired\":true,\"valueName\":\"search_term_string\"}}],\"inLanguage\":\"es\"},{\"@type\":[\"Person\",\"Organization\"],\"@id\":\"https:\\\/\\\/digital58.com.ve\\\/site\\\/#\\\/schema\\\/person\\\/64d1c2e4d0d4fd1b849980c4331c2951\",\"name\":\"Villasmil Henry\",\"image\":{\"@type\":\"ImageObject\",\"inLanguage\":\"es\",\"@id\":\"https:\\\/\\\/secure.gravatar.com\\\/avatar\\\/bb0c4a2fcb7970138239f7e404ea75757b1b507b28b5ce4c53fbd62d797c5a7c?s=96&d=mm&r=g\",\"url\":\"https:\\\/\\\/secure.gravatar.com\\\/avatar\\\/bb0c4a2fcb7970138239f7e404ea75757b1b507b28b5ce4c53fbd62d797c5a7c?s=96&d=mm&r=g\",\"contentUrl\":\"https:\\\/\\\/secure.gravatar.com\\\/avatar\\\/bb0c4a2fcb7970138239f7e404ea75757b1b507b28b5ce4c53fbd62d797c5a7c?s=96&d=mm&r=g\",\"caption\":\"Villasmil Henry\"},\"logo\":{\"@id\":\"https:\\\/\\\/secure.gravatar.com\\\/avatar\\\/bb0c4a2fcb7970138239f7e404ea75757b1b507b28b5ce4c53fbd62d797c5a7c?s=96&d=mm&r=g\"},\"sameAs\":[\"http:\\\/\\\/www.henryvillasmil.com.ve\",\"https:\\\/\\\/www.instagram.com\\\/villasmilhfoto\\\/\",\"https:\\\/\\\/x.com\\\/https:\\\/\\\/twitter.com\\\/villasmilhfoto\"],\"url\":\"https:\\\/\\\/digital58.com.ve\\\/site\\\/author\\\/droopy_68\\\/\"}]}<\/script>\n<!-- \/ Yoast SEO plugin. -->","yoast_head_json":{"title":"\u00abAmazonas\u00bb contar\u00e1n su historia en las noches de Venevisi\u00f3n","description":"Fama","robots":{"index":"index","follow":"follow","max-snippet":"max-snippet:-1","max-image-preview":"max-image-preview:large","max-video-preview":"max-video-preview:-1"},"canonical":"https:\/\/digital58.com.ve\/site\/2022\/01\/23\/amazonas-contaran-su-historia-en-las-noches-de-venevision\/","og_locale":"es_ES","og_type":"article","og_title":"\u00abAmazonas\u00bb contar\u00e1n su historia en las noches de Venevisi\u00f3n","og_description":"Fama","og_url":"https:\/\/digital58.com.ve\/site\/2022\/01\/23\/amazonas-contaran-su-historia-en-las-noches-de-venevision\/","og_site_name":"Noticias Digital58","article_published_time":"2022-01-23T20:17:26+00:00","og_image":[{"width":900,"height":611,"url":"https:\/\/digital58.com.ve\/site\/wp-content\/uploads\/2022\/01\/las-amazonas.jpg","type":"image\/jpeg"}],"author":"Villasmil Henry","twitter_card":"summary_large_image","twitter_creator":"@https:\/\/twitter.com\/villasmilhfoto","twitter_site":"@villasmilhfoto","twitter_misc":{"Escrito por":"Villasmil Henry","Tiempo estimado de lectura":"3 minutos"},"schema":{"@context":"https:\/\/schema.org","@graph":[{"@type":"Article","@id":"https:\/\/digital58.com.ve\/site\/2022\/01\/23\/amazonas-contaran-su-historia-en-las-noches-de-venevision\/#article","isPartOf":{"@id":"https:\/\/digital58.com.ve\/site\/2022\/01\/23\/amazonas-contaran-su-historia-en-las-noches-de-venevision\/"},"author":{"name":"Villasmil Henry","@id":"https:\/\/digital58.com.ve\/site\/#\/schema\/person\/64d1c2e4d0d4fd1b849980c4331c2951"},"headline":"\u00abAmazonas\u00bb contar\u00e1n su historia en las noches de Venevisi\u00f3n","datePublished":"2022-01-23T20:17:26+00:00","mainEntityOfPage":{"@id":"https:\/\/digital58.com.ve\/site\/2022\/01\/23\/amazonas-contaran-su-historia-en-las-noches-de-venevision\/"},"wordCount":494,"commentCount":1,"publisher":{"@id":"https:\/\/digital58.com.ve\/site\/#\/schema\/person\/64d1c2e4d0d4fd1b849980c4331c2951"},"image":{"@id":"https:\/\/digital58.com.ve\/site\/2022\/01\/23\/amazonas-contaran-su-historia-en-las-noches-de-venevision\/#primaryimage"},"thumbnailUrl":"https:\/\/digital58.com.ve\/site\/wp-content\/uploads\/2022\/01\/las-amazonas.jpg","keywords":["Entretenimiento","Las Amazonas","Nacionales","Telenovelas","TV","Venevisi\u00f3n","Venezuela"],"articleSection":["Fama"],"inLanguage":"es","potentialAction":[{"@type":"CommentAction","name":"Comment","target":["https:\/\/digital58.com.ve\/site\/2022\/01\/23\/amazonas-contaran-su-historia-en-las-noches-de-venevision\/#respond"]}]},{"@type":"WebPage","@id":"https:\/\/digital58.com.ve\/site\/2022\/01\/23\/amazonas-contaran-su-historia-en-las-noches-de-venevision\/","url":"https:\/\/digital58.com.ve\/site\/2022\/01\/23\/amazonas-contaran-su-historia-en-las-noches-de-venevision\/","name":"\u00abAmazonas\u00bb contar\u00e1n su historia en las noches de Venevisi\u00f3n","isPartOf":{"@id":"https:\/\/digital58.com.ve\/site\/#website"},"primaryImageOfPage":{"@id":"https:\/\/digital58.com.ve\/site\/2022\/01\/23\/amazonas-contaran-su-historia-en-las-noches-de-venevision\/#primaryimage"},"image":{"@id":"https:\/\/digital58.com.ve\/site\/2022\/01\/23\/amazonas-contaran-su-historia-en-las-noches-de-venevision\/#primaryimage"},"thumbnailUrl":"https:\/\/digital58.com.ve\/site\/wp-content\/uploads\/2022\/01\/las-amazonas.jpg","datePublished":"2022-01-23T20:17:26+00:00","description":"Fama","breadcrumb":{"@id":"https:\/\/digital58.com.ve\/site\/2022\/01\/23\/amazonas-contaran-su-historia-en-las-noches-de-venevision\/#breadcrumb"},"inLanguage":"es","potentialAction":[{"@type":"ReadAction","target":["https:\/\/digital58.com.ve\/site\/2022\/01\/23\/amazonas-contaran-su-historia-en-las-noches-de-venevision\/"]}]},{"@type":"ImageObject","inLanguage":"es","@id":"https:\/\/digital58.com.ve\/site\/2022\/01\/23\/amazonas-contaran-su-historia-en-las-noches-de-venevision\/#primaryimage","url":"https:\/\/digital58.com.ve\/site\/wp-content\/uploads\/2022\/01\/las-amazonas.jpg","contentUrl":"https:\/\/digital58.com.ve\/site\/wp-content\/uploads\/2022\/01\/las-amazonas.jpg","width":900,"height":611},{"@type":"BreadcrumbList","@id":"https:\/\/digital58.com.ve\/site\/2022\/01\/23\/amazonas-contaran-su-historia-en-las-noches-de-venevision\/#breadcrumb","itemListElement":[{"@type":"ListItem","position":1,"name":"Home","item":"https:\/\/digital58.com.ve\/site\/"},{"@type":"ListItem","position":2,"name":"\u00abAmazonas\u00bb contar\u00e1n su historia en las noches de Venevisi\u00f3n"}]},{"@type":"WebSite","@id":"https:\/\/digital58.com.ve\/site\/#website","url":"https:\/\/digital58.com.ve\/site\/","name":"Noticias Digital58","description":"Portal de Noticias \u00a1Periodismo web de verdad! Lanzamiento web 22.11.2005 \/ Maracaibo, Venezuela","publisher":{"@id":"https:\/\/digital58.com.ve\/site\/#\/schema\/person\/64d1c2e4d0d4fd1b849980c4331c2951"},"alternateName":"ND58","potentialAction":[{"@type":"SearchAction","target":{"@type":"EntryPoint","urlTemplate":"https:\/\/digital58.com.ve\/site\/?s={search_term_string}"},"query-input":{"@type":"PropertyValueSpecification","valueRequired":true,"valueName":"search_term_string"}}],"inLanguage":"es"},{"@type":["Person","Organization"],"@id":"https:\/\/digital58.com.ve\/site\/#\/schema\/person\/64d1c2e4d0d4fd1b849980c4331c2951","name":"Villasmil Henry","image":{"@type":"ImageObject","inLanguage":"es","@id":"https:\/\/secure.gravatar.com\/avatar\/bb0c4a2fcb7970138239f7e404ea75757b1b507b28b5ce4c53fbd62d797c5a7c?s=96&d=mm&r=g","url":"https:\/\/secure.gravatar.com\/avatar\/bb0c4a2fcb7970138239f7e404ea75757b1b507b28b5ce4c53fbd62d797c5a7c?s=96&d=mm&r=g","contentUrl":"https:\/\/secure.gravatar.com\/avatar\/bb0c4a2fcb7970138239f7e404ea75757b1b507b28b5ce4c53fbd62d797c5a7c?s=96&d=mm&r=g","caption":"Villasmil Henry"},"logo":{"@id":"https:\/\/secure.gravatar.com\/avatar\/bb0c4a2fcb7970138239f7e404ea75757b1b507b28b5ce4c53fbd62d797c5a7c?s=96&d=mm&r=g"},"sameAs":["http:\/\/www.henryvillasmil.com.ve","https:\/\/www.instagram.com\/villasmilhfoto\/","https:\/\/x.com\/https:\/\/twitter.com\/villasmilhfoto"],"url":"https:\/\/digital58.com.ve\/site\/author\/droopy_68\/"}]}},"uagb_featured_image_src":{"full":["https:\/\/digital58.com.ve\/site\/wp-content\/uploads\/2022\/01\/las-amazonas.jpg",900,611,false],"thumbnail":["https:\/\/digital58.com.ve\/site\/wp-content\/uploads\/2022\/01\/las-amazonas-150x150.jpg",150,150,true],"medium":["https:\/\/digital58.com.ve\/site\/wp-content\/uploads\/2022\/01\/las-amazonas-300x204.jpg",300,204,true],"medium_large":["https:\/\/digital58.com.ve\/site\/wp-content\/uploads\/2022\/01\/las-amazonas-768x521.jpg",768,521,true],"large":["https:\/\/digital58.com.ve\/site\/wp-content\/uploads\/2022\/01\/las-amazonas.jpg",800,543,false],"1536x1536":["https:\/\/digital58.com.ve\/site\/wp-content\/uploads\/2022\/01\/las-amazonas.jpg",900,611,false],"2048x2048":["https:\/\/digital58.com.ve\/site\/wp-content\/uploads\/2022\/01\/las-amazonas.jpg",900,611,false],"colormag-highlighted-post":["https:\/\/digital58.com.ve\/site\/wp-content\/uploads\/2022\/01\/las-amazonas.jpg",392,266,false],"colormag-featured-post-medium":["https:\/\/digital58.com.ve\/site\/wp-content\/uploads\/2022\/01\/las-amazonas.jpg",302,205,false],"colormag-featured-post-small":["https:\/\/digital58.com.ve\/site\/wp-content\/uploads\/2022\/01\/las-amazonas.jpg",130,88,false],"colormag-featured-image":["https:\/\/digital58.com.ve\/site\/wp-content\/uploads\/2022\/01\/las-amazonas.jpg",655,445,false],"colormag-default-news":["https:\/\/digital58.com.ve\/site\/wp-content\/uploads\/2022\/01\/las-amazonas.jpg",150,102,false],"colormag-featured-image-large":["https:\/\/digital58.com.ve\/site\/wp-content\/uploads\/2022\/01\/las-amazonas.jpg",884,600,false]},"uagb_author_info":{"display_name":"Villasmil Henry","author_link":"https:\/\/digital58.com.ve\/site\/author\/droopy_68\/"},"uagb_comment_info":1,"uagb_excerpt":"De vuelta a la pantalla la telenovela venezolana producida y emitida por Venevision en 1985, se convirti\u00f3 en uno de","_links":{"self":[{"href":"https:\/\/digital58.com.ve\/site\/wp-json\/wp\/v2\/posts\/147500","targetHints":{"allow":["GET"]}}],"collection":[{"href":"https:\/\/digital58.com.ve\/site\/wp-json\/wp\/v2\/posts"}],"about":[{"href":"https:\/\/digital58.com.ve\/site\/wp-json\/wp\/v2\/types\/post"}],"author":[{"embeddable":true,"href":"https:\/\/digital58.com.ve\/site\/wp-json\/wp\/v2\/users\/1"}],"replies":[{"embeddable":true,"href":"https:\/\/digital58.com.ve\/site\/wp-json\/wp\/v2\/comments?post=147500"}],"version-history":[{"count":0,"href":"https:\/\/digital58.com.ve\/site\/wp-json\/wp\/v2\/posts\/147500\/revisions"}],"wp:featuredmedia":[{"embeddable":true,"href":"https:\/\/digital58.com.ve\/site\/wp-json\/wp\/v2\/media\/147503"}],"wp:attachment":[{"href":"https:\/\/digital58.com.ve\/site\/wp-json\/wp\/v2\/media?parent=147500"}],"wp:term":[{"taxonomy":"category","embeddable":true,"href":"https:\/\/digital58.com.ve\/site\/wp-json\/wp\/v2\/categories?post=147500"},{"taxonomy":"post_tag","embeddable":true,"href":"https:\/\/digital58.com.ve\/site\/wp-json\/wp\/v2\/tags?post=147500"}],"curies":[{"name":"wp","href":"https:\/\/api.w.org\/{rel}","templated":true}]}}