{"id":147557,"date":"2022-01-23T21:00:39","date_gmt":"2022-01-24T01:00:39","guid":{"rendered":"https:\/\/digital58.com.ve\/site\/?p=147557"},"modified":"2022-01-23T21:00:39","modified_gmt":"2022-01-24T01:00:39","slug":"tras-llevar-calma-a-kazajistan-la-otsc-refuerza-la-frontera-con-afganistan","status":"publish","type":"post","link":"https:\/\/digital58.com.ve\/site\/2022\/01\/23\/tras-llevar-calma-a-kazajistan-la-otsc-refuerza-la-frontera-con-afganistan\/","title":{"rendered":"Tras llevar calma a Kazajist\u00e1n, la OTSC refuerza la frontera con Afganist\u00e1n"},"content":{"rendered":"<p><a href=\"https:\/\/digital58.com.ve\/site\/wp-content\/uploads\/2022\/01\/OTSC.jpg\"><img loading=\"lazy\" decoding=\"async\" class=\"aligncenter size-full wp-image-147558\" src=\"https:\/\/digital58.com.ve\/site\/wp-content\/uploads\/2022\/01\/OTSC.jpg\" alt=\"\" width=\"900\" height=\"600\" srcset=\"https:\/\/digital58.com.ve\/site\/wp-content\/uploads\/2022\/01\/OTSC.jpg 900w, https:\/\/digital58.com.ve\/site\/wp-content\/uploads\/2022\/01\/OTSC-300x200.jpg 300w, https:\/\/digital58.com.ve\/site\/wp-content\/uploads\/2022\/01\/OTSC-768x512.jpg 768w, https:\/\/digital58.com.ve\/site\/wp-content\/uploads\/2022\/01\/OTSC-720x480.jpg 720w, https:\/\/digital58.com.ve\/site\/wp-content\/uploads\/2022\/01\/OTSC-480x320.jpg 480w\" sizes=\"auto, (max-width: 900px) 100vw, 900px\" \/><\/a><\/p>\n<p>Seg\u00fan Stanislav Zas, tras la retirada de las tropas estadounidenses de Afganist\u00e1n, se ha creado una situaci\u00f3n muy dif\u00edcil y la crisis humanitaria sigue desarroll\u00e1ndose. Seg\u00fan las estimaciones de la ONU, cerca de nueve millones de personas pasan hambre all\u00ed, y casi la mitad de la poblaci\u00f3n est\u00e1 desnutrida.<\/p>\n<p><strong>Internacionales, 23 de enero de 2022 (ND58).-<\/strong> Siguen existiendo amenazas terroristas y de tr\u00e1fico de drogas desde el territorio de Afganist\u00e1n. Por eso, la Organizaci\u00f3n del Tratado de Seguridad Colectiva (OTSC) est\u00e1 trabajando para reforzar sus fronteras meridionales.<\/p>\n<p>En primer lugar, la frontera tayiko-afgana. As\u00ed lo declar\u00f3 el secretario general de la OTSC, Stanislav Zas.<\/p>\n<p>Seg\u00fan Zas, la profundizaci\u00f3n de esta crisis conducir\u00e1 inevitablemente a un aumento de la actividad de diversas bandas y grupos terroristas, que tambi\u00e9n pueden amenazar a los Estados de la Organizaci\u00f3n del Tratado de Seguridad Colectiva.<\/p>\n<p>La OTSC no es una organizaci\u00f3n humanitaria, se\u00f1al\u00f3 Zas, pero al mismo tiempo, \u00abnuestros pa\u00edses apoyan bilateralmente para hacer frente a esta crisis humanitaria\u00bb.<\/p>\n<p>La Organizaci\u00f3n del Tratado de Seguridad Colectiva fue creada en 1992 para \u00abreforzar la paz, la seguridad y la estabilidad internacionales y regionales, defendiendo, sobre una base colectiva, la independencia, la integridad territorial y la soberan\u00eda de los Estados miembros\u00bb.<\/p>\n<p>La primera misi\u00f3n de las fuerzas de paz de la OTSC se concret\u00f3 este a\u00f1o, en Kazajist\u00e1n, luego de 30 a\u00f1os de la fundaci\u00f3n de la organizaci\u00f3n.<\/p>\n<p><strong>La Organizaci\u00f3n del Tratado de Seguridad Colectiva (OTSC)<\/strong><\/p>\n<p>La Organizaci\u00f3n del Tratado de Seguridad Colectiva (OTSC) es una alianza militar que se rige por el Tratado de Taskent de 1992 y que entr\u00f3 en vigor en 1994.<\/p>\n<p>La estructura constituye un sistema de defensa colectiva integrado por Armenia, Bielorrusia, Kazajist\u00e1n, Kirguist\u00e1n, Rusia y Tayikist\u00e1n, y un contingente combinado de fuerzas pacificadoras de 3.600 tropas.<\/p>\n<p>La carta de la OTSC reafirma la abstenci\u00f3n del uso o la amenaza de la fuerza para resolver conflictos mutuos, as\u00ed como la obligaci\u00f3n de socorrer a los aliados contra agresiones en caso de que sea invocado por uno de los estados miembros.<\/p>\n<p><strong>Redacci\u00f3n ND58 | Fuente: Agencias<\/strong><br \/>\n<strong>Edici\u00f3n: Villasmil, Henry<\/strong><br \/>\n<strong>Gr\u00e1fica: AP Photo \/ Vladimir Tretyakov<\/strong><\/p>\n<p>&nbsp;<\/p>\n<p>&nbsp;<\/p><div class=\"ucgqx69ee555879026\" ><p style=\"text-align: center;\"><a href=\"https:\/\/t.me\/noticiasdigital58\" target=\"_blank\" rel=\"noopener\"><img class=\"aligncenter size-full wp-image-125363\" src=\"https:\/\/digital58.com.ve\/site\/wp-content\/uploads\/2021\/04\/banner-telegram-web-2021.png\" alt=\"\" width=\"600\" height=\"90\" \/><\/a><\/p><\/div><style type=\"text\/css\">\r\n@media screen and (min-width: 1201px) {\r\n.ucgqx69ee555879026 {\r\ndisplay: block;\r\n}\r\n}\r\n@media screen and (min-width: 993px) and (max-width: 1200px) {\r\n.ucgqx69ee555879026 {\r\ndisplay: block;\r\n}\r\n}\r\n@media screen and (min-width: 769px) and (max-width: 992px) {\r\n.ucgqx69ee555879026 {\r\ndisplay: block;\r\n}\r\n}\r\n@media screen and (min-width: 768px) and (max-width: 768px) {\r\n.ucgqx69ee555879026 {\r\ndisplay: block;\r\n}\r\n}\r\n@media screen and (max-width: 767px) {\r\n.ucgqx69ee555879026 {\r\ndisplay: block;\r\n}\r\n}\r\n<\/style>\r\n\n<p>&nbsp;<\/p>\n<div style=\"margin-top: 0px; margin-bottom: 0px;\" class=\"sharethis-inline-share-buttons\" ><\/div>","protected":false},"excerpt":{"rendered":"<p>Seg\u00fan Stanislav Zas, tras la retirada de las tropas estadounidenses de Afganist\u00e1n, se ha creado una situaci\u00f3n muy dif\u00edcil y<\/p>\n","protected":false},"author":1,"featured_media":147558,"comment_status":"open","ping_status":"closed","sticky":false,"template":"","format":"standard","meta":{"colormag_page_container_layout":"default_layout","colormag_page_sidebar_layout":"default_layout","_uag_custom_page_level_css":"","footnotes":""},"categories":[16451],"tags":[14718,18076,26958,8,25435,1592,26956,26957,26955,22189],"class_list":["post-147557","post","type-post","status-publish","format-standard","has-post-thumbnail","hentry","category-mundo","tag-afganistan","tag-conflictos-belicos","tag-frontera-tayiko-afgana","tag-internacionales","tag-kazajistan","tag-onu","tag-otsc","tag-secretario-general-de-la-otsc","tag-stanislav-zas","tag-tropas-estadounidenses"],"yoast_head":"<!-- This site is optimized with the Yoast SEO plugin v27.4 - https:\/\/yoast.com\/product\/yoast-seo-wordpress\/ -->\n<title>Tras llevar calma a Kazajist\u00e1n, la OTSC refuerza la frontera con Afganist\u00e1n<\/title>\n<meta name=\"description\" content=\"Mundo\" \/>\n<meta name=\"robots\" content=\"index, follow, max-snippet:-1, max-image-preview:large, max-video-preview:-1\" \/>\n<link rel=\"canonical\" href=\"https:\/\/digital58.com.ve\/site\/2022\/01\/23\/tras-llevar-calma-a-kazajistan-la-otsc-refuerza-la-frontera-con-afganistan\/\" \/>\n<meta property=\"og:locale\" content=\"es_ES\" \/>\n<meta property=\"og:type\" content=\"article\" \/>\n<meta property=\"og:title\" content=\"Tras llevar calma a Kazajist\u00e1n, la OTSC refuerza la frontera con Afganist\u00e1n\" \/>\n<meta property=\"og:description\" content=\"Mundo\" \/>\n<meta property=\"og:url\" content=\"https:\/\/digital58.com.ve\/site\/2022\/01\/23\/tras-llevar-calma-a-kazajistan-la-otsc-refuerza-la-frontera-con-afganistan\/\" \/>\n<meta property=\"og:site_name\" content=\"Noticias Digital58\" \/>\n<meta property=\"article:published_time\" content=\"2022-01-24T01:00:39+00:00\" \/>\n<meta property=\"og:image\" content=\"https:\/\/digital58.com.ve\/site\/wp-content\/uploads\/2022\/01\/OTSC.jpg\" \/>\n\t<meta property=\"og:image:width\" content=\"900\" \/>\n\t<meta property=\"og:image:height\" content=\"600\" \/>\n\t<meta property=\"og:image:type\" content=\"image\/jpeg\" \/>\n<meta name=\"author\" content=\"Villasmil Henry\" \/>\n<meta name=\"twitter:card\" content=\"summary_large_image\" \/>\n<meta name=\"twitter:creator\" content=\"@https:\/\/twitter.com\/villasmilhfoto\" \/>\n<meta name=\"twitter:site\" content=\"@villasmilhfoto\" \/>\n<meta name=\"twitter:label1\" content=\"Escrito por\" \/>\n\t<meta name=\"twitter:data1\" content=\"Villasmil Henry\" \/>\n\t<meta name=\"twitter:label2\" content=\"Tiempo estimado de lectura\" \/>\n\t<meta name=\"twitter:data2\" content=\"2 minutos\" \/>\n<script type=\"application\/ld+json\" class=\"yoast-schema-graph\">{\"@context\":\"https:\\\/\\\/schema.org\",\"@graph\":[{\"@type\":\"Article\",\"@id\":\"https:\\\/\\\/digital58.com.ve\\\/site\\\/2022\\\/01\\\/23\\\/tras-llevar-calma-a-kazajistan-la-otsc-refuerza-la-frontera-con-afganistan\\\/#article\",\"isPartOf\":{\"@id\":\"https:\\\/\\\/digital58.com.ve\\\/site\\\/2022\\\/01\\\/23\\\/tras-llevar-calma-a-kazajistan-la-otsc-refuerza-la-frontera-con-afganistan\\\/\"},\"author\":{\"name\":\"Villasmil Henry\",\"@id\":\"https:\\\/\\\/digital58.com.ve\\\/site\\\/#\\\/schema\\\/person\\\/64d1c2e4d0d4fd1b849980c4331c2951\"},\"headline\":\"Tras llevar calma a Kazajist\u00e1n, la OTSC refuerza la frontera con Afganist\u00e1n\",\"datePublished\":\"2022-01-24T01:00:39+00:00\",\"mainEntityOfPage\":{\"@id\":\"https:\\\/\\\/digital58.com.ve\\\/site\\\/2022\\\/01\\\/23\\\/tras-llevar-calma-a-kazajistan-la-otsc-refuerza-la-frontera-con-afganistan\\\/\"},\"wordCount\":396,\"commentCount\":0,\"publisher\":{\"@id\":\"https:\\\/\\\/digital58.com.ve\\\/site\\\/#\\\/schema\\\/person\\\/64d1c2e4d0d4fd1b849980c4331c2951\"},\"image\":{\"@id\":\"https:\\\/\\\/digital58.com.ve\\\/site\\\/2022\\\/01\\\/23\\\/tras-llevar-calma-a-kazajistan-la-otsc-refuerza-la-frontera-con-afganistan\\\/#primaryimage\"},\"thumbnailUrl\":\"https:\\\/\\\/digital58.com.ve\\\/site\\\/wp-content\\\/uploads\\\/2022\\\/01\\\/OTSC.jpg\",\"keywords\":[\"Afganist\u00e1n\",\"Conflictos b\u00e9licos\",\"Frontera tayiko-afgana\",\"Internacionales\",\"Kazajist\u00e1n\",\"ONU\",\"OTSC\",\"secretario general de la OTSC\",\"Stanislav Zas\",\"Tropas estadounidenses\"],\"articleSection\":[\"Mundo\"],\"inLanguage\":\"es\",\"potentialAction\":[{\"@type\":\"CommentAction\",\"name\":\"Comment\",\"target\":[\"https:\\\/\\\/digital58.com.ve\\\/site\\\/2022\\\/01\\\/23\\\/tras-llevar-calma-a-kazajistan-la-otsc-refuerza-la-frontera-con-afganistan\\\/#respond\"]}]},{\"@type\":\"WebPage\",\"@id\":\"https:\\\/\\\/digital58.com.ve\\\/site\\\/2022\\\/01\\\/23\\\/tras-llevar-calma-a-kazajistan-la-otsc-refuerza-la-frontera-con-afganistan\\\/\",\"url\":\"https:\\\/\\\/digital58.com.ve\\\/site\\\/2022\\\/01\\\/23\\\/tras-llevar-calma-a-kazajistan-la-otsc-refuerza-la-frontera-con-afganistan\\\/\",\"name\":\"Tras llevar calma a Kazajist\u00e1n, la OTSC refuerza la frontera con Afganist\u00e1n\",\"isPartOf\":{\"@id\":\"https:\\\/\\\/digital58.com.ve\\\/site\\\/#website\"},\"primaryImageOfPage\":{\"@id\":\"https:\\\/\\\/digital58.com.ve\\\/site\\\/2022\\\/01\\\/23\\\/tras-llevar-calma-a-kazajistan-la-otsc-refuerza-la-frontera-con-afganistan\\\/#primaryimage\"},\"image\":{\"@id\":\"https:\\\/\\\/digital58.com.ve\\\/site\\\/2022\\\/01\\\/23\\\/tras-llevar-calma-a-kazajistan-la-otsc-refuerza-la-frontera-con-afganistan\\\/#primaryimage\"},\"thumbnailUrl\":\"https:\\\/\\\/digital58.com.ve\\\/site\\\/wp-content\\\/uploads\\\/2022\\\/01\\\/OTSC.jpg\",\"datePublished\":\"2022-01-24T01:00:39+00:00\",\"description\":\"Mundo\",\"breadcrumb\":{\"@id\":\"https:\\\/\\\/digital58.com.ve\\\/site\\\/2022\\\/01\\\/23\\\/tras-llevar-calma-a-kazajistan-la-otsc-refuerza-la-frontera-con-afganistan\\\/#breadcrumb\"},\"inLanguage\":\"es\",\"potentialAction\":[{\"@type\":\"ReadAction\",\"target\":[\"https:\\\/\\\/digital58.com.ve\\\/site\\\/2022\\\/01\\\/23\\\/tras-llevar-calma-a-kazajistan-la-otsc-refuerza-la-frontera-con-afganistan\\\/\"]}]},{\"@type\":\"ImageObject\",\"inLanguage\":\"es\",\"@id\":\"https:\\\/\\\/digital58.com.ve\\\/site\\\/2022\\\/01\\\/23\\\/tras-llevar-calma-a-kazajistan-la-otsc-refuerza-la-frontera-con-afganistan\\\/#primaryimage\",\"url\":\"https:\\\/\\\/digital58.com.ve\\\/site\\\/wp-content\\\/uploads\\\/2022\\\/01\\\/OTSC.jpg\",\"contentUrl\":\"https:\\\/\\\/digital58.com.ve\\\/site\\\/wp-content\\\/uploads\\\/2022\\\/01\\\/OTSC.jpg\",\"width\":900,\"height\":600},{\"@type\":\"BreadcrumbList\",\"@id\":\"https:\\\/\\\/digital58.com.ve\\\/site\\\/2022\\\/01\\\/23\\\/tras-llevar-calma-a-kazajistan-la-otsc-refuerza-la-frontera-con-afganistan\\\/#breadcrumb\",\"itemListElement\":[{\"@type\":\"ListItem\",\"position\":1,\"name\":\"Home\",\"item\":\"https:\\\/\\\/digital58.com.ve\\\/site\\\/\"},{\"@type\":\"ListItem\",\"position\":2,\"name\":\"Tras llevar calma a Kazajist\u00e1n, la OTSC refuerza la frontera con Afganist\u00e1n\"}]},{\"@type\":\"WebSite\",\"@id\":\"https:\\\/\\\/digital58.com.ve\\\/site\\\/#website\",\"url\":\"https:\\\/\\\/digital58.com.ve\\\/site\\\/\",\"name\":\"Noticias Digital58\",\"description\":\"Portal de Noticias \u00a1Periodismo web de verdad! Lanzamiento web 22.11.2005 \\\/ Maracaibo, Venezuela\",\"publisher\":{\"@id\":\"https:\\\/\\\/digital58.com.ve\\\/site\\\/#\\\/schema\\\/person\\\/64d1c2e4d0d4fd1b849980c4331c2951\"},\"alternateName\":\"ND58\",\"potentialAction\":[{\"@type\":\"SearchAction\",\"target\":{\"@type\":\"EntryPoint\",\"urlTemplate\":\"https:\\\/\\\/digital58.com.ve\\\/site\\\/?s={search_term_string}\"},\"query-input\":{\"@type\":\"PropertyValueSpecification\",\"valueRequired\":true,\"valueName\":\"search_term_string\"}}],\"inLanguage\":\"es\"},{\"@type\":[\"Person\",\"Organization\"],\"@id\":\"https:\\\/\\\/digital58.com.ve\\\/site\\\/#\\\/schema\\\/person\\\/64d1c2e4d0d4fd1b849980c4331c2951\",\"name\":\"Villasmil Henry\",\"image\":{\"@type\":\"ImageObject\",\"inLanguage\":\"es\",\"@id\":\"https:\\\/\\\/secure.gravatar.com\\\/avatar\\\/bb0c4a2fcb7970138239f7e404ea75757b1b507b28b5ce4c53fbd62d797c5a7c?s=96&d=mm&r=g\",\"url\":\"https:\\\/\\\/secure.gravatar.com\\\/avatar\\\/bb0c4a2fcb7970138239f7e404ea75757b1b507b28b5ce4c53fbd62d797c5a7c?s=96&d=mm&r=g\",\"contentUrl\":\"https:\\\/\\\/secure.gravatar.com\\\/avatar\\\/bb0c4a2fcb7970138239f7e404ea75757b1b507b28b5ce4c53fbd62d797c5a7c?s=96&d=mm&r=g\",\"caption\":\"Villasmil Henry\"},\"logo\":{\"@id\":\"https:\\\/\\\/secure.gravatar.com\\\/avatar\\\/bb0c4a2fcb7970138239f7e404ea75757b1b507b28b5ce4c53fbd62d797c5a7c?s=96&d=mm&r=g\"},\"sameAs\":[\"http:\\\/\\\/www.henryvillasmil.com.ve\",\"https:\\\/\\\/www.instagram.com\\\/villasmilhfoto\\\/\",\"https:\\\/\\\/x.com\\\/https:\\\/\\\/twitter.com\\\/villasmilhfoto\"],\"url\":\"https:\\\/\\\/digital58.com.ve\\\/site\\\/author\\\/droopy_68\\\/\"}]}<\/script>\n<!-- \/ Yoast SEO plugin. -->","yoast_head_json":{"title":"Tras llevar calma a Kazajist\u00e1n, la OTSC refuerza la frontera con Afganist\u00e1n","description":"Mundo","robots":{"index":"index","follow":"follow","max-snippet":"max-snippet:-1","max-image-preview":"max-image-preview:large","max-video-preview":"max-video-preview:-1"},"canonical":"https:\/\/digital58.com.ve\/site\/2022\/01\/23\/tras-llevar-calma-a-kazajistan-la-otsc-refuerza-la-frontera-con-afganistan\/","og_locale":"es_ES","og_type":"article","og_title":"Tras llevar calma a Kazajist\u00e1n, la OTSC refuerza la frontera con Afganist\u00e1n","og_description":"Mundo","og_url":"https:\/\/digital58.com.ve\/site\/2022\/01\/23\/tras-llevar-calma-a-kazajistan-la-otsc-refuerza-la-frontera-con-afganistan\/","og_site_name":"Noticias Digital58","article_published_time":"2022-01-24T01:00:39+00:00","og_image":[{"width":900,"height":600,"url":"https:\/\/digital58.com.ve\/site\/wp-content\/uploads\/2022\/01\/OTSC.jpg","type":"image\/jpeg"}],"author":"Villasmil Henry","twitter_card":"summary_large_image","twitter_creator":"@https:\/\/twitter.com\/villasmilhfoto","twitter_site":"@villasmilhfoto","twitter_misc":{"Escrito por":"Villasmil Henry","Tiempo estimado de lectura":"2 minutos"},"schema":{"@context":"https:\/\/schema.org","@graph":[{"@type":"Article","@id":"https:\/\/digital58.com.ve\/site\/2022\/01\/23\/tras-llevar-calma-a-kazajistan-la-otsc-refuerza-la-frontera-con-afganistan\/#article","isPartOf":{"@id":"https:\/\/digital58.com.ve\/site\/2022\/01\/23\/tras-llevar-calma-a-kazajistan-la-otsc-refuerza-la-frontera-con-afganistan\/"},"author":{"name":"Villasmil Henry","@id":"https:\/\/digital58.com.ve\/site\/#\/schema\/person\/64d1c2e4d0d4fd1b849980c4331c2951"},"headline":"Tras llevar calma a Kazajist\u00e1n, la OTSC refuerza la frontera con Afganist\u00e1n","datePublished":"2022-01-24T01:00:39+00:00","mainEntityOfPage":{"@id":"https:\/\/digital58.com.ve\/site\/2022\/01\/23\/tras-llevar-calma-a-kazajistan-la-otsc-refuerza-la-frontera-con-afganistan\/"},"wordCount":396,"commentCount":0,"publisher":{"@id":"https:\/\/digital58.com.ve\/site\/#\/schema\/person\/64d1c2e4d0d4fd1b849980c4331c2951"},"image":{"@id":"https:\/\/digital58.com.ve\/site\/2022\/01\/23\/tras-llevar-calma-a-kazajistan-la-otsc-refuerza-la-frontera-con-afganistan\/#primaryimage"},"thumbnailUrl":"https:\/\/digital58.com.ve\/site\/wp-content\/uploads\/2022\/01\/OTSC.jpg","keywords":["Afganist\u00e1n","Conflictos b\u00e9licos","Frontera tayiko-afgana","Internacionales","Kazajist\u00e1n","ONU","OTSC","secretario general de la OTSC","Stanislav Zas","Tropas estadounidenses"],"articleSection":["Mundo"],"inLanguage":"es","potentialAction":[{"@type":"CommentAction","name":"Comment","target":["https:\/\/digital58.com.ve\/site\/2022\/01\/23\/tras-llevar-calma-a-kazajistan-la-otsc-refuerza-la-frontera-con-afganistan\/#respond"]}]},{"@type":"WebPage","@id":"https:\/\/digital58.com.ve\/site\/2022\/01\/23\/tras-llevar-calma-a-kazajistan-la-otsc-refuerza-la-frontera-con-afganistan\/","url":"https:\/\/digital58.com.ve\/site\/2022\/01\/23\/tras-llevar-calma-a-kazajistan-la-otsc-refuerza-la-frontera-con-afganistan\/","name":"Tras llevar calma a Kazajist\u00e1n, la OTSC refuerza la frontera con Afganist\u00e1n","isPartOf":{"@id":"https:\/\/digital58.com.ve\/site\/#website"},"primaryImageOfPage":{"@id":"https:\/\/digital58.com.ve\/site\/2022\/01\/23\/tras-llevar-calma-a-kazajistan-la-otsc-refuerza-la-frontera-con-afganistan\/#primaryimage"},"image":{"@id":"https:\/\/digital58.com.ve\/site\/2022\/01\/23\/tras-llevar-calma-a-kazajistan-la-otsc-refuerza-la-frontera-con-afganistan\/#primaryimage"},"thumbnailUrl":"https:\/\/digital58.com.ve\/site\/wp-content\/uploads\/2022\/01\/OTSC.jpg","datePublished":"2022-01-24T01:00:39+00:00","description":"Mundo","breadcrumb":{"@id":"https:\/\/digital58.com.ve\/site\/2022\/01\/23\/tras-llevar-calma-a-kazajistan-la-otsc-refuerza-la-frontera-con-afganistan\/#breadcrumb"},"inLanguage":"es","potentialAction":[{"@type":"ReadAction","target":["https:\/\/digital58.com.ve\/site\/2022\/01\/23\/tras-llevar-calma-a-kazajistan-la-otsc-refuerza-la-frontera-con-afganistan\/"]}]},{"@type":"ImageObject","inLanguage":"es","@id":"https:\/\/digital58.com.ve\/site\/2022\/01\/23\/tras-llevar-calma-a-kazajistan-la-otsc-refuerza-la-frontera-con-afganistan\/#primaryimage","url":"https:\/\/digital58.com.ve\/site\/wp-content\/uploads\/2022\/01\/OTSC.jpg","contentUrl":"https:\/\/digital58.com.ve\/site\/wp-content\/uploads\/2022\/01\/OTSC.jpg","width":900,"height":600},{"@type":"BreadcrumbList","@id":"https:\/\/digital58.com.ve\/site\/2022\/01\/23\/tras-llevar-calma-a-kazajistan-la-otsc-refuerza-la-frontera-con-afganistan\/#breadcrumb","itemListElement":[{"@type":"ListItem","position":1,"name":"Home","item":"https:\/\/digital58.com.ve\/site\/"},{"@type":"ListItem","position":2,"name":"Tras llevar calma a Kazajist\u00e1n, la OTSC refuerza la frontera con Afganist\u00e1n"}]},{"@type":"WebSite","@id":"https:\/\/digital58.com.ve\/site\/#website","url":"https:\/\/digital58.com.ve\/site\/","name":"Noticias Digital58","description":"Portal de Noticias \u00a1Periodismo web de verdad! Lanzamiento web 22.11.2005 \/ Maracaibo, Venezuela","publisher":{"@id":"https:\/\/digital58.com.ve\/site\/#\/schema\/person\/64d1c2e4d0d4fd1b849980c4331c2951"},"alternateName":"ND58","potentialAction":[{"@type":"SearchAction","target":{"@type":"EntryPoint","urlTemplate":"https:\/\/digital58.com.ve\/site\/?s={search_term_string}"},"query-input":{"@type":"PropertyValueSpecification","valueRequired":true,"valueName":"search_term_string"}}],"inLanguage":"es"},{"@type":["Person","Organization"],"@id":"https:\/\/digital58.com.ve\/site\/#\/schema\/person\/64d1c2e4d0d4fd1b849980c4331c2951","name":"Villasmil Henry","image":{"@type":"ImageObject","inLanguage":"es","@id":"https:\/\/secure.gravatar.com\/avatar\/bb0c4a2fcb7970138239f7e404ea75757b1b507b28b5ce4c53fbd62d797c5a7c?s=96&d=mm&r=g","url":"https:\/\/secure.gravatar.com\/avatar\/bb0c4a2fcb7970138239f7e404ea75757b1b507b28b5ce4c53fbd62d797c5a7c?s=96&d=mm&r=g","contentUrl":"https:\/\/secure.gravatar.com\/avatar\/bb0c4a2fcb7970138239f7e404ea75757b1b507b28b5ce4c53fbd62d797c5a7c?s=96&d=mm&r=g","caption":"Villasmil Henry"},"logo":{"@id":"https:\/\/secure.gravatar.com\/avatar\/bb0c4a2fcb7970138239f7e404ea75757b1b507b28b5ce4c53fbd62d797c5a7c?s=96&d=mm&r=g"},"sameAs":["http:\/\/www.henryvillasmil.com.ve","https:\/\/www.instagram.com\/villasmilhfoto\/","https:\/\/x.com\/https:\/\/twitter.com\/villasmilhfoto"],"url":"https:\/\/digital58.com.ve\/site\/author\/droopy_68\/"}]}},"uagb_featured_image_src":{"full":["https:\/\/digital58.com.ve\/site\/wp-content\/uploads\/2022\/01\/OTSC.jpg",900,600,false],"thumbnail":["https:\/\/digital58.com.ve\/site\/wp-content\/uploads\/2022\/01\/OTSC-150x150.jpg",150,150,true],"medium":["https:\/\/digital58.com.ve\/site\/wp-content\/uploads\/2022\/01\/OTSC-300x200.jpg",300,200,true],"medium_large":["https:\/\/digital58.com.ve\/site\/wp-content\/uploads\/2022\/01\/OTSC-768x512.jpg",768,512,true],"large":["https:\/\/digital58.com.ve\/site\/wp-content\/uploads\/2022\/01\/OTSC.jpg",800,533,false],"1536x1536":["https:\/\/digital58.com.ve\/site\/wp-content\/uploads\/2022\/01\/OTSC.jpg",900,600,false],"2048x2048":["https:\/\/digital58.com.ve\/site\/wp-content\/uploads\/2022\/01\/OTSC.jpg",900,600,false],"colormag-highlighted-post":["https:\/\/digital58.com.ve\/site\/wp-content\/uploads\/2022\/01\/OTSC.jpg",392,261,false],"colormag-featured-post-medium":["https:\/\/digital58.com.ve\/site\/wp-content\/uploads\/2022\/01\/OTSC.jpg",308,205,false],"colormag-featured-post-small":["https:\/\/digital58.com.ve\/site\/wp-content\/uploads\/2022\/01\/OTSC.jpg",130,87,false],"colormag-featured-image":["https:\/\/digital58.com.ve\/site\/wp-content\/uploads\/2022\/01\/OTSC.jpg",668,445,false],"colormag-default-news":["https:\/\/digital58.com.ve\/site\/wp-content\/uploads\/2022\/01\/OTSC.jpg",150,100,false],"colormag-featured-image-large":["https:\/\/digital58.com.ve\/site\/wp-content\/uploads\/2022\/01\/OTSC.jpg",900,600,false]},"uagb_author_info":{"display_name":"Villasmil Henry","author_link":"https:\/\/digital58.com.ve\/site\/author\/droopy_68\/"},"uagb_comment_info":0,"uagb_excerpt":"Seg\u00fan Stanislav Zas, tras la retirada de las tropas estadounidenses de Afganist\u00e1n, se ha creado una situaci\u00f3n muy dif\u00edcil y","_links":{"self":[{"href":"https:\/\/digital58.com.ve\/site\/wp-json\/wp\/v2\/posts\/147557","targetHints":{"allow":["GET"]}}],"collection":[{"href":"https:\/\/digital58.com.ve\/site\/wp-json\/wp\/v2\/posts"}],"about":[{"href":"https:\/\/digital58.com.ve\/site\/wp-json\/wp\/v2\/types\/post"}],"author":[{"embeddable":true,"href":"https:\/\/digital58.com.ve\/site\/wp-json\/wp\/v2\/users\/1"}],"replies":[{"embeddable":true,"href":"https:\/\/digital58.com.ve\/site\/wp-json\/wp\/v2\/comments?post=147557"}],"version-history":[{"count":0,"href":"https:\/\/digital58.com.ve\/site\/wp-json\/wp\/v2\/posts\/147557\/revisions"}],"wp:featuredmedia":[{"embeddable":true,"href":"https:\/\/digital58.com.ve\/site\/wp-json\/wp\/v2\/media\/147558"}],"wp:attachment":[{"href":"https:\/\/digital58.com.ve\/site\/wp-json\/wp\/v2\/media?parent=147557"}],"wp:term":[{"taxonomy":"category","embeddable":true,"href":"https:\/\/digital58.com.ve\/site\/wp-json\/wp\/v2\/categories?post=147557"},{"taxonomy":"post_tag","embeddable":true,"href":"https:\/\/digital58.com.ve\/site\/wp-json\/wp\/v2\/tags?post=147557"}],"curies":[{"name":"wp","href":"https:\/\/api.w.org\/{rel}","templated":true}]}}