{"id":147593,"date":"2022-01-23T23:46:31","date_gmt":"2022-01-24T03:46:31","guid":{"rendered":"https:\/\/digital58.com.ve\/site\/?p=147593"},"modified":"2022-01-23T23:46:31","modified_gmt":"2022-01-24T03:46:31","slug":"laliga-frenkie-de-jong-rescata-el-barca-en-vitoria","status":"publish","type":"post","link":"https:\/\/digital58.com.ve\/site\/2022\/01\/23\/laliga-frenkie-de-jong-rescata-el-barca-en-vitoria\/","title":{"rendered":"#LaLiga | Frenkie de Jong rescata el Bar\u00e7a en Vitoria"},"content":{"rendered":"<p><a href=\"https:\/\/digital58.com.ve\/site\/wp-content\/uploads\/2022\/01\/barcelona.jpg\"><img loading=\"lazy\" decoding=\"async\" class=\"aligncenter size-full wp-image-147594\" src=\"https:\/\/digital58.com.ve\/site\/wp-content\/uploads\/2022\/01\/barcelona.jpg\" alt=\"\" width=\"900\" height=\"600\" srcset=\"https:\/\/digital58.com.ve\/site\/wp-content\/uploads\/2022\/01\/barcelona.jpg 900w, https:\/\/digital58.com.ve\/site\/wp-content\/uploads\/2022\/01\/barcelona-300x200.jpg 300w, https:\/\/digital58.com.ve\/site\/wp-content\/uploads\/2022\/01\/barcelona-768x512.jpg 768w, https:\/\/digital58.com.ve\/site\/wp-content\/uploads\/2022\/01\/barcelona-720x480.jpg 720w, https:\/\/digital58.com.ve\/site\/wp-content\/uploads\/2022\/01\/barcelona-480x320.jpg 480w\" sizes=\"auto, (max-width: 900px) 100vw, 900px\" \/><\/a><\/p>\n<p>Con este triunfo el conjunto catal\u00e1n se acerc\u00f3 a los puestos de Liga de Campeones, mientras que el Alav\u00e9s se qued\u00f3 en la zona de descenso.<\/p>\n<p><strong>Espa\u00f1a, 23 de enero de 2022 (ND58).-<\/strong> Un gol de Frenkie de Jong en el minuto 87 rescat\u00f3 al Barcelona en Vitoria ante un Alav\u00e9s que le puso en muchas dificultades, en un partido que se abri\u00f3 en la segunda mitad, en la que llegaron las ocasiones para ambos equipos.<\/p>\n<p>El holand\u00e9s aprovech\u00f3 una dejada de Ferr\u00e1n Torres para batir a Fernando Pacheco y desequilibrar la balanza cuando parec\u00eda que el partido iba a acabar en empate.<\/p>\n<p>Comenz\u00f3 el Barcelona cumpliendo el gui\u00f3n previsto. Llev\u00f3 la voz cantante del partido y tuvo las primeras llegadas al \u00e1rea de un Alav\u00e9s que estuvo bien plantado sin sufrir.<\/p>\n<p>Los de Jos\u00e9 Luis Mendilibar apretaron en varias salidas de los azulgranas en busca de r\u00e9ditos y los encontraron en una comprometida p\u00e9rdida de bal\u00f3n de Sergi Busquets que corrigieron los de Xavi Hern\u00e1ndez con un buen repliegue para evitar sustos.<\/p>\n<p>El primer aviso serio lo dio Luuk de Jong a los 13 minutos con una semivolea tras un pase de Pedri Gonz\u00e1lez que el holand\u00e9s no pudo dirigir a porter\u00eda.<\/p>\n<p>Tom\u00f3 riesgos el Bar\u00e7a ante la presi\u00f3n de un Alav\u00e9s din\u00e1mico y con tensi\u00f3n, que eligi\u00f3 los momentos en los que apretaba a su rival y confiado en la destrucci\u00f3n del planteamiento de los azulgranas, que insistieron en el juego por las bandas.<\/p>\n<p>De hecho, ante los problemas que tuvieron sus hombres apost\u00f3 por permutar a Abde y Ferr\u00e1n Torres y el marroqu\u00ed encontr\u00f3 algo m\u00e1s de profundidad que no tuvo por la izquierda.<\/p>\n<p>Fue media hora en la que el Bar\u00e7a lleg\u00f3 poco y el Alav\u00e9s no pis\u00f3 \u00e1rea y se limit\u00f3 a esperar errores de su rival. Otra de las balas de los locales fueron las jugadas de estrategia, una faceta en la que la defensa azulgrana no se siente c\u00f3moda, pero sali\u00f3 airosa en las pocas ocasiones que hubo.<\/p>\n<p>La primera mitad se cerr\u00f3 con un cabalgada de Luis Rioja que cedi\u00f3 a Pere Pons en un contragolpe albiazul, pero \u00e9ste no logr\u00f3 pegarle con potencia a un bal\u00f3n que sali\u00f3 centrado y atrap\u00f3 Ter Stegen sin problemas.<\/p>\n<p>El Bar\u00e7a sali\u00f3 con m\u00e1s br\u00edo tras el descanso y se aproxim\u00f3 con m\u00e1s peligro a la meta loca que en los primeros 45 minutos, pero no logr\u00f3 rematar. S\u00ed lo hizo Pere Pons en la respuesta del conjunto vitoriano, pero su disparo, de espaldas a porter\u00eda, se pase\u00f3 por delante de la meta barcelonista.<\/p>\n<p>El partido se abri\u00f3 m\u00e1s y los dos equipos llegaron con facilidad hasta el \u00e1rea contraria, pero de nuevo fue el bal\u00f3n parado el que dio mejores resultados al Bar\u00e7a.<\/p>\n<p>En el minuto 63 lleg\u00f3 la ocasi\u00f3n m\u00e1s clara en una jugada de estrategia que no pudo rematar a la red Luuk de Jong, en boca de gol, al encontrarse con un gran Fernando Pacheco, que evit\u00f3 el primer tanto del partido.<\/p>\n<p>El Barcelona cambi\u00f3 el chip respecto al primer tiempo y afil\u00f3 el colmillo en busca de la victoria con un juego m\u00e1s ofensivo, pero el Alav\u00e9s no se amilan\u00f3 y rond\u00f3 el territorio de Ter Stegen, hasta el punto de pedir penalti al colegiado tras una ca\u00edda de Tom\u00e1s Pina en el minuto 74.<\/p>\n<p>Jason Remeseiro, muy activo durante todo el duelo por la banda derecha, encontr\u00f3 a Joselu Mato en una de sus internadas, pero el gallego no encontr\u00f3 puerta en un gran remate de cabeza, que se fue desviado cuando Mendizorroza cantaba el gol.<\/p>\n<p>Cuando parec\u00eda que el duelo iba a acabar en empate apareci\u00f3 Frenkie de Jong para rescatar tres puntos de oro para el Barcelona. El holand\u00e9s solo tuvo que empujar una cesi\u00f3n de Ferr\u00e1n Torres, que tir\u00f3 un desmarque milim\u00e9trico dentro del \u00e1rea para recibir un pase de Jordi Alba y ceder el gol a su compa\u00f1ero.<\/p>\n<p>El Alav\u00e9s tuvo la \u00faltima en el tiempo a\u00f1adido para igualar el choque en un saque de esquina, pero atrap\u00f3 el esf\u00e9rico Ter Stegen, bien colocado.<\/p>\n<p><strong>Ficha t\u00e9cnica:<\/strong><\/p>\n<p><strong>0 &#8211; Alav\u00e9s:<\/strong> Pacheco; Mart\u00edn, Laguardia, Lejeune, Javi L\u00f3pez; Jason, Pina (Moya, min. 87), Escalante, Pons (Miguel, min. 71), Rioja (\u00c9dgar, min. 90); y Joselu.<\/p>\n<p><strong>1 &#8211; Barcelona:<\/strong> Ter Stegen; Dest, Piqu\u00e9, Araujo, Jordi Alba; Sergio Busquet, Pedri (Lenglet, min. 90), F. De Jong; Abde (Nico, min. 71), Ferr\u00e1n Torres y Luuk de Jong (Jutgl\u00e1, min. 84).<\/p>\n<p><strong>Gol:<\/strong> 0-1, min. 87: F. De Jong<\/p>\n<p><strong>\u00c1rbitro:<\/strong> Figueroa V\u00e1zquez. Expuls\u00f3 con tarjeta roja al t\u00e9cnico local Mendilibar (min. 91).<\/p>\n<p><strong>Incidencias:<\/strong> Partido correspondiente a la vig\u00e9sima segunda jornada de la LaLiga Santander disputado en Mendizorroza ante 14.056 espectadores, seg\u00fan datos facilitados por el Alav\u00e9s.<\/p>\n<p><strong>Redacci\u00f3n ND58 | Fuente: EFE<\/strong><br \/>\n<strong>Edici\u00f3n: Villasmil, Henry<\/strong><br \/>\n<strong>Gr\u00e1fica: EFE<\/strong><\/p>\n<p>&nbsp;<\/p>\n<p>&nbsp;<\/p><div class=\"ddmhm69ef7a0f75cdd\" ><p style=\"text-align: center;\"><a href=\"https:\/\/t.me\/noticiasdigital58\" target=\"_blank\" rel=\"noopener\"><img class=\"aligncenter size-full wp-image-125363\" src=\"https:\/\/digital58.com.ve\/site\/wp-content\/uploads\/2021\/04\/banner-telegram-web-2021.png\" alt=\"\" width=\"600\" height=\"90\" \/><\/a><\/p><\/div><style type=\"text\/css\">\r\n@media screen and (min-width: 1201px) {\r\n.ddmhm69ef7a0f75cdd {\r\ndisplay: block;\r\n}\r\n}\r\n@media screen and (min-width: 993px) and (max-width: 1200px) {\r\n.ddmhm69ef7a0f75cdd {\r\ndisplay: block;\r\n}\r\n}\r\n@media screen and (min-width: 769px) and (max-width: 992px) {\r\n.ddmhm69ef7a0f75cdd {\r\ndisplay: block;\r\n}\r\n}\r\n@media screen and (min-width: 768px) and (max-width: 768px) {\r\n.ddmhm69ef7a0f75cdd {\r\ndisplay: block;\r\n}\r\n}\r\n@media screen and (max-width: 767px) {\r\n.ddmhm69ef7a0f75cdd {\r\ndisplay: block;\r\n}\r\n}\r\n<\/style>\r\n\n<p>&nbsp;<\/p>\n<div style=\"margin-top: 0px; margin-bottom: 0px;\" class=\"sharethis-inline-share-buttons\" ><\/div>","protected":false},"excerpt":{"rendered":"<p>Con este triunfo el conjunto catal\u00e1n se acerc\u00f3 a los puestos de Liga de Campeones, mientras que el Alav\u00e9s se<\/p>\n","protected":false},"author":1,"featured_media":147594,"comment_status":"open","ping_status":"closed","sticky":false,"template":"","format":"standard","meta":{"colormag_page_container_layout":"default_layout","colormag_page_sidebar_layout":"default_layout","_uag_custom_page_level_css":"","footnotes":""},"categories":[5402],"tags":[596,12676,115,1492,13,499,8,7311,24486],"class_list":["post-147593","post","type-post","status-publish","format-standard","has-post-thumbnail","hentry","category-deportes","tag-barcelona-futbol-club","tag-deportivo-alaves","tag-espana","tag-europa","tag-futbol","tag-futbol-espanol","tag-internacionales","tag-laliga","tag-laliga-2021-2022"],"yoast_head":"<!-- This site is optimized with the Yoast SEO plugin v27.4 - https:\/\/yoast.com\/product\/yoast-seo-wordpress\/ -->\n<title>#LaLiga | Frenkie de Jong rescata el Bar\u00e7a en Vitoria<\/title>\n<meta name=\"description\" content=\"Deportes\" \/>\n<meta name=\"robots\" content=\"index, follow, max-snippet:-1, max-image-preview:large, max-video-preview:-1\" \/>\n<link rel=\"canonical\" href=\"https:\/\/digital58.com.ve\/site\/2022\/01\/23\/laliga-frenkie-de-jong-rescata-el-barca-en-vitoria\/\" \/>\n<meta property=\"og:locale\" content=\"es_ES\" \/>\n<meta property=\"og:type\" content=\"article\" \/>\n<meta property=\"og:title\" content=\"#LaLiga | Frenkie de Jong rescata el Bar\u00e7a en Vitoria\" \/>\n<meta property=\"og:description\" content=\"Deportes\" \/>\n<meta property=\"og:url\" content=\"https:\/\/digital58.com.ve\/site\/2022\/01\/23\/laliga-frenkie-de-jong-rescata-el-barca-en-vitoria\/\" \/>\n<meta property=\"og:site_name\" content=\"Noticias Digital58\" \/>\n<meta property=\"article:published_time\" content=\"2022-01-24T03:46:31+00:00\" \/>\n<meta property=\"og:image\" content=\"https:\/\/digital58.com.ve\/site\/wp-content\/uploads\/2022\/01\/barcelona.jpg\" \/>\n\t<meta property=\"og:image:width\" content=\"900\" \/>\n\t<meta property=\"og:image:height\" content=\"600\" \/>\n\t<meta property=\"og:image:type\" content=\"image\/jpeg\" \/>\n<meta name=\"author\" content=\"Villasmil Henry\" \/>\n<meta name=\"twitter:card\" content=\"summary_large_image\" \/>\n<meta name=\"twitter:creator\" content=\"@https:\/\/twitter.com\/villasmilhfoto\" \/>\n<meta name=\"twitter:site\" content=\"@villasmilhfoto\" \/>\n<meta name=\"twitter:label1\" content=\"Escrito por\" \/>\n\t<meta name=\"twitter:data1\" content=\"Villasmil Henry\" \/>\n\t<meta name=\"twitter:label2\" content=\"Tiempo estimado de lectura\" \/>\n\t<meta name=\"twitter:data2\" content=\"4 minutos\" \/>\n<script type=\"application\/ld+json\" class=\"yoast-schema-graph\">{\"@context\":\"https:\\\/\\\/schema.org\",\"@graph\":[{\"@type\":\"Article\",\"@id\":\"https:\\\/\\\/digital58.com.ve\\\/site\\\/2022\\\/01\\\/23\\\/laliga-frenkie-de-jong-rescata-el-barca-en-vitoria\\\/#article\",\"isPartOf\":{\"@id\":\"https:\\\/\\\/digital58.com.ve\\\/site\\\/2022\\\/01\\\/23\\\/laliga-frenkie-de-jong-rescata-el-barca-en-vitoria\\\/\"},\"author\":{\"name\":\"Villasmil Henry\",\"@id\":\"https:\\\/\\\/digital58.com.ve\\\/site\\\/#\\\/schema\\\/person\\\/64d1c2e4d0d4fd1b849980c4331c2951\"},\"headline\":\"#LaLiga | Frenkie de Jong rescata el Bar\u00e7a en Vitoria\",\"datePublished\":\"2022-01-24T03:46:31+00:00\",\"mainEntityOfPage\":{\"@id\":\"https:\\\/\\\/digital58.com.ve\\\/site\\\/2022\\\/01\\\/23\\\/laliga-frenkie-de-jong-rescata-el-barca-en-vitoria\\\/\"},\"wordCount\":851,\"commentCount\":0,\"publisher\":{\"@id\":\"https:\\\/\\\/digital58.com.ve\\\/site\\\/#\\\/schema\\\/person\\\/64d1c2e4d0d4fd1b849980c4331c2951\"},\"image\":{\"@id\":\"https:\\\/\\\/digital58.com.ve\\\/site\\\/2022\\\/01\\\/23\\\/laliga-frenkie-de-jong-rescata-el-barca-en-vitoria\\\/#primaryimage\"},\"thumbnailUrl\":\"https:\\\/\\\/digital58.com.ve\\\/site\\\/wp-content\\\/uploads\\\/2022\\\/01\\\/barcelona.jpg\",\"keywords\":[\"Barcelona F\u00fatbol Club\",\"Deportivo Alav\u00e9s\",\"Espa\u00f1a\",\"Europa\",\"F\u00fatbol\",\"F\u00fatbol Espa\u00f1ol\",\"Internacionales\",\"LaLiga\",\"Laliga 2021-2022\"],\"articleSection\":[\"Deportes\"],\"inLanguage\":\"es\",\"potentialAction\":[{\"@type\":\"CommentAction\",\"name\":\"Comment\",\"target\":[\"https:\\\/\\\/digital58.com.ve\\\/site\\\/2022\\\/01\\\/23\\\/laliga-frenkie-de-jong-rescata-el-barca-en-vitoria\\\/#respond\"]}]},{\"@type\":\"WebPage\",\"@id\":\"https:\\\/\\\/digital58.com.ve\\\/site\\\/2022\\\/01\\\/23\\\/laliga-frenkie-de-jong-rescata-el-barca-en-vitoria\\\/\",\"url\":\"https:\\\/\\\/digital58.com.ve\\\/site\\\/2022\\\/01\\\/23\\\/laliga-frenkie-de-jong-rescata-el-barca-en-vitoria\\\/\",\"name\":\"#LaLiga | Frenkie de Jong rescata el Bar\u00e7a en Vitoria\",\"isPartOf\":{\"@id\":\"https:\\\/\\\/digital58.com.ve\\\/site\\\/#website\"},\"primaryImageOfPage\":{\"@id\":\"https:\\\/\\\/digital58.com.ve\\\/site\\\/2022\\\/01\\\/23\\\/laliga-frenkie-de-jong-rescata-el-barca-en-vitoria\\\/#primaryimage\"},\"image\":{\"@id\":\"https:\\\/\\\/digital58.com.ve\\\/site\\\/2022\\\/01\\\/23\\\/laliga-frenkie-de-jong-rescata-el-barca-en-vitoria\\\/#primaryimage\"},\"thumbnailUrl\":\"https:\\\/\\\/digital58.com.ve\\\/site\\\/wp-content\\\/uploads\\\/2022\\\/01\\\/barcelona.jpg\",\"datePublished\":\"2022-01-24T03:46:31+00:00\",\"description\":\"Deportes\",\"breadcrumb\":{\"@id\":\"https:\\\/\\\/digital58.com.ve\\\/site\\\/2022\\\/01\\\/23\\\/laliga-frenkie-de-jong-rescata-el-barca-en-vitoria\\\/#breadcrumb\"},\"inLanguage\":\"es\",\"potentialAction\":[{\"@type\":\"ReadAction\",\"target\":[\"https:\\\/\\\/digital58.com.ve\\\/site\\\/2022\\\/01\\\/23\\\/laliga-frenkie-de-jong-rescata-el-barca-en-vitoria\\\/\"]}]},{\"@type\":\"ImageObject\",\"inLanguage\":\"es\",\"@id\":\"https:\\\/\\\/digital58.com.ve\\\/site\\\/2022\\\/01\\\/23\\\/laliga-frenkie-de-jong-rescata-el-barca-en-vitoria\\\/#primaryimage\",\"url\":\"https:\\\/\\\/digital58.com.ve\\\/site\\\/wp-content\\\/uploads\\\/2022\\\/01\\\/barcelona.jpg\",\"contentUrl\":\"https:\\\/\\\/digital58.com.ve\\\/site\\\/wp-content\\\/uploads\\\/2022\\\/01\\\/barcelona.jpg\",\"width\":900,\"height\":600},{\"@type\":\"BreadcrumbList\",\"@id\":\"https:\\\/\\\/digital58.com.ve\\\/site\\\/2022\\\/01\\\/23\\\/laliga-frenkie-de-jong-rescata-el-barca-en-vitoria\\\/#breadcrumb\",\"itemListElement\":[{\"@type\":\"ListItem\",\"position\":1,\"name\":\"Home\",\"item\":\"https:\\\/\\\/digital58.com.ve\\\/site\\\/\"},{\"@type\":\"ListItem\",\"position\":2,\"name\":\"#LaLiga | Frenkie de Jong rescata el Bar\u00e7a en Vitoria\"}]},{\"@type\":\"WebSite\",\"@id\":\"https:\\\/\\\/digital58.com.ve\\\/site\\\/#website\",\"url\":\"https:\\\/\\\/digital58.com.ve\\\/site\\\/\",\"name\":\"Noticias Digital58\",\"description\":\"Portal de Noticias \u00a1Periodismo web de verdad! Lanzamiento web 22.11.2005 \\\/ Maracaibo, Venezuela\",\"publisher\":{\"@id\":\"https:\\\/\\\/digital58.com.ve\\\/site\\\/#\\\/schema\\\/person\\\/64d1c2e4d0d4fd1b849980c4331c2951\"},\"alternateName\":\"ND58\",\"potentialAction\":[{\"@type\":\"SearchAction\",\"target\":{\"@type\":\"EntryPoint\",\"urlTemplate\":\"https:\\\/\\\/digital58.com.ve\\\/site\\\/?s={search_term_string}\"},\"query-input\":{\"@type\":\"PropertyValueSpecification\",\"valueRequired\":true,\"valueName\":\"search_term_string\"}}],\"inLanguage\":\"es\"},{\"@type\":[\"Person\",\"Organization\"],\"@id\":\"https:\\\/\\\/digital58.com.ve\\\/site\\\/#\\\/schema\\\/person\\\/64d1c2e4d0d4fd1b849980c4331c2951\",\"name\":\"Villasmil Henry\",\"image\":{\"@type\":\"ImageObject\",\"inLanguage\":\"es\",\"@id\":\"https:\\\/\\\/secure.gravatar.com\\\/avatar\\\/bb0c4a2fcb7970138239f7e404ea75757b1b507b28b5ce4c53fbd62d797c5a7c?s=96&d=mm&r=g\",\"url\":\"https:\\\/\\\/secure.gravatar.com\\\/avatar\\\/bb0c4a2fcb7970138239f7e404ea75757b1b507b28b5ce4c53fbd62d797c5a7c?s=96&d=mm&r=g\",\"contentUrl\":\"https:\\\/\\\/secure.gravatar.com\\\/avatar\\\/bb0c4a2fcb7970138239f7e404ea75757b1b507b28b5ce4c53fbd62d797c5a7c?s=96&d=mm&r=g\",\"caption\":\"Villasmil Henry\"},\"logo\":{\"@id\":\"https:\\\/\\\/secure.gravatar.com\\\/avatar\\\/bb0c4a2fcb7970138239f7e404ea75757b1b507b28b5ce4c53fbd62d797c5a7c?s=96&d=mm&r=g\"},\"sameAs\":[\"http:\\\/\\\/www.henryvillasmil.com.ve\",\"https:\\\/\\\/www.instagram.com\\\/villasmilhfoto\\\/\",\"https:\\\/\\\/x.com\\\/https:\\\/\\\/twitter.com\\\/villasmilhfoto\"],\"url\":\"https:\\\/\\\/digital58.com.ve\\\/site\\\/author\\\/droopy_68\\\/\"}]}<\/script>\n<!-- \/ Yoast SEO plugin. -->","yoast_head_json":{"title":"#LaLiga | Frenkie de Jong rescata el Bar\u00e7a en Vitoria","description":"Deportes","robots":{"index":"index","follow":"follow","max-snippet":"max-snippet:-1","max-image-preview":"max-image-preview:large","max-video-preview":"max-video-preview:-1"},"canonical":"https:\/\/digital58.com.ve\/site\/2022\/01\/23\/laliga-frenkie-de-jong-rescata-el-barca-en-vitoria\/","og_locale":"es_ES","og_type":"article","og_title":"#LaLiga | Frenkie de Jong rescata el Bar\u00e7a en Vitoria","og_description":"Deportes","og_url":"https:\/\/digital58.com.ve\/site\/2022\/01\/23\/laliga-frenkie-de-jong-rescata-el-barca-en-vitoria\/","og_site_name":"Noticias Digital58","article_published_time":"2022-01-24T03:46:31+00:00","og_image":[{"width":900,"height":600,"url":"https:\/\/digital58.com.ve\/site\/wp-content\/uploads\/2022\/01\/barcelona.jpg","type":"image\/jpeg"}],"author":"Villasmil Henry","twitter_card":"summary_large_image","twitter_creator":"@https:\/\/twitter.com\/villasmilhfoto","twitter_site":"@villasmilhfoto","twitter_misc":{"Escrito por":"Villasmil Henry","Tiempo estimado de lectura":"4 minutos"},"schema":{"@context":"https:\/\/schema.org","@graph":[{"@type":"Article","@id":"https:\/\/digital58.com.ve\/site\/2022\/01\/23\/laliga-frenkie-de-jong-rescata-el-barca-en-vitoria\/#article","isPartOf":{"@id":"https:\/\/digital58.com.ve\/site\/2022\/01\/23\/laliga-frenkie-de-jong-rescata-el-barca-en-vitoria\/"},"author":{"name":"Villasmil Henry","@id":"https:\/\/digital58.com.ve\/site\/#\/schema\/person\/64d1c2e4d0d4fd1b849980c4331c2951"},"headline":"#LaLiga | Frenkie de Jong rescata el Bar\u00e7a en Vitoria","datePublished":"2022-01-24T03:46:31+00:00","mainEntityOfPage":{"@id":"https:\/\/digital58.com.ve\/site\/2022\/01\/23\/laliga-frenkie-de-jong-rescata-el-barca-en-vitoria\/"},"wordCount":851,"commentCount":0,"publisher":{"@id":"https:\/\/digital58.com.ve\/site\/#\/schema\/person\/64d1c2e4d0d4fd1b849980c4331c2951"},"image":{"@id":"https:\/\/digital58.com.ve\/site\/2022\/01\/23\/laliga-frenkie-de-jong-rescata-el-barca-en-vitoria\/#primaryimage"},"thumbnailUrl":"https:\/\/digital58.com.ve\/site\/wp-content\/uploads\/2022\/01\/barcelona.jpg","keywords":["Barcelona F\u00fatbol Club","Deportivo Alav\u00e9s","Espa\u00f1a","Europa","F\u00fatbol","F\u00fatbol Espa\u00f1ol","Internacionales","LaLiga","Laliga 2021-2022"],"articleSection":["Deportes"],"inLanguage":"es","potentialAction":[{"@type":"CommentAction","name":"Comment","target":["https:\/\/digital58.com.ve\/site\/2022\/01\/23\/laliga-frenkie-de-jong-rescata-el-barca-en-vitoria\/#respond"]}]},{"@type":"WebPage","@id":"https:\/\/digital58.com.ve\/site\/2022\/01\/23\/laliga-frenkie-de-jong-rescata-el-barca-en-vitoria\/","url":"https:\/\/digital58.com.ve\/site\/2022\/01\/23\/laliga-frenkie-de-jong-rescata-el-barca-en-vitoria\/","name":"#LaLiga | Frenkie de Jong rescata el Bar\u00e7a en Vitoria","isPartOf":{"@id":"https:\/\/digital58.com.ve\/site\/#website"},"primaryImageOfPage":{"@id":"https:\/\/digital58.com.ve\/site\/2022\/01\/23\/laliga-frenkie-de-jong-rescata-el-barca-en-vitoria\/#primaryimage"},"image":{"@id":"https:\/\/digital58.com.ve\/site\/2022\/01\/23\/laliga-frenkie-de-jong-rescata-el-barca-en-vitoria\/#primaryimage"},"thumbnailUrl":"https:\/\/digital58.com.ve\/site\/wp-content\/uploads\/2022\/01\/barcelona.jpg","datePublished":"2022-01-24T03:46:31+00:00","description":"Deportes","breadcrumb":{"@id":"https:\/\/digital58.com.ve\/site\/2022\/01\/23\/laliga-frenkie-de-jong-rescata-el-barca-en-vitoria\/#breadcrumb"},"inLanguage":"es","potentialAction":[{"@type":"ReadAction","target":["https:\/\/digital58.com.ve\/site\/2022\/01\/23\/laliga-frenkie-de-jong-rescata-el-barca-en-vitoria\/"]}]},{"@type":"ImageObject","inLanguage":"es","@id":"https:\/\/digital58.com.ve\/site\/2022\/01\/23\/laliga-frenkie-de-jong-rescata-el-barca-en-vitoria\/#primaryimage","url":"https:\/\/digital58.com.ve\/site\/wp-content\/uploads\/2022\/01\/barcelona.jpg","contentUrl":"https:\/\/digital58.com.ve\/site\/wp-content\/uploads\/2022\/01\/barcelona.jpg","width":900,"height":600},{"@type":"BreadcrumbList","@id":"https:\/\/digital58.com.ve\/site\/2022\/01\/23\/laliga-frenkie-de-jong-rescata-el-barca-en-vitoria\/#breadcrumb","itemListElement":[{"@type":"ListItem","position":1,"name":"Home","item":"https:\/\/digital58.com.ve\/site\/"},{"@type":"ListItem","position":2,"name":"#LaLiga | Frenkie de Jong rescata el Bar\u00e7a en Vitoria"}]},{"@type":"WebSite","@id":"https:\/\/digital58.com.ve\/site\/#website","url":"https:\/\/digital58.com.ve\/site\/","name":"Noticias Digital58","description":"Portal de Noticias \u00a1Periodismo web de verdad! Lanzamiento web 22.11.2005 \/ Maracaibo, Venezuela","publisher":{"@id":"https:\/\/digital58.com.ve\/site\/#\/schema\/person\/64d1c2e4d0d4fd1b849980c4331c2951"},"alternateName":"ND58","potentialAction":[{"@type":"SearchAction","target":{"@type":"EntryPoint","urlTemplate":"https:\/\/digital58.com.ve\/site\/?s={search_term_string}"},"query-input":{"@type":"PropertyValueSpecification","valueRequired":true,"valueName":"search_term_string"}}],"inLanguage":"es"},{"@type":["Person","Organization"],"@id":"https:\/\/digital58.com.ve\/site\/#\/schema\/person\/64d1c2e4d0d4fd1b849980c4331c2951","name":"Villasmil Henry","image":{"@type":"ImageObject","inLanguage":"es","@id":"https:\/\/secure.gravatar.com\/avatar\/bb0c4a2fcb7970138239f7e404ea75757b1b507b28b5ce4c53fbd62d797c5a7c?s=96&d=mm&r=g","url":"https:\/\/secure.gravatar.com\/avatar\/bb0c4a2fcb7970138239f7e404ea75757b1b507b28b5ce4c53fbd62d797c5a7c?s=96&d=mm&r=g","contentUrl":"https:\/\/secure.gravatar.com\/avatar\/bb0c4a2fcb7970138239f7e404ea75757b1b507b28b5ce4c53fbd62d797c5a7c?s=96&d=mm&r=g","caption":"Villasmil Henry"},"logo":{"@id":"https:\/\/secure.gravatar.com\/avatar\/bb0c4a2fcb7970138239f7e404ea75757b1b507b28b5ce4c53fbd62d797c5a7c?s=96&d=mm&r=g"},"sameAs":["http:\/\/www.henryvillasmil.com.ve","https:\/\/www.instagram.com\/villasmilhfoto\/","https:\/\/x.com\/https:\/\/twitter.com\/villasmilhfoto"],"url":"https:\/\/digital58.com.ve\/site\/author\/droopy_68\/"}]}},"uagb_featured_image_src":{"full":["https:\/\/digital58.com.ve\/site\/wp-content\/uploads\/2022\/01\/barcelona.jpg",900,600,false],"thumbnail":["https:\/\/digital58.com.ve\/site\/wp-content\/uploads\/2022\/01\/barcelona-150x150.jpg",150,150,true],"medium":["https:\/\/digital58.com.ve\/site\/wp-content\/uploads\/2022\/01\/barcelona-300x200.jpg",300,200,true],"medium_large":["https:\/\/digital58.com.ve\/site\/wp-content\/uploads\/2022\/01\/barcelona-768x512.jpg",768,512,true],"large":["https:\/\/digital58.com.ve\/site\/wp-content\/uploads\/2022\/01\/barcelona.jpg",800,533,false],"1536x1536":["https:\/\/digital58.com.ve\/site\/wp-content\/uploads\/2022\/01\/barcelona.jpg",900,600,false],"2048x2048":["https:\/\/digital58.com.ve\/site\/wp-content\/uploads\/2022\/01\/barcelona.jpg",900,600,false],"colormag-highlighted-post":["https:\/\/digital58.com.ve\/site\/wp-content\/uploads\/2022\/01\/barcelona.jpg",392,261,false],"colormag-featured-post-medium":["https:\/\/digital58.com.ve\/site\/wp-content\/uploads\/2022\/01\/barcelona.jpg",308,205,false],"colormag-featured-post-small":["https:\/\/digital58.com.ve\/site\/wp-content\/uploads\/2022\/01\/barcelona.jpg",130,87,false],"colormag-featured-image":["https:\/\/digital58.com.ve\/site\/wp-content\/uploads\/2022\/01\/barcelona.jpg",668,445,false],"colormag-default-news":["https:\/\/digital58.com.ve\/site\/wp-content\/uploads\/2022\/01\/barcelona.jpg",150,100,false],"colormag-featured-image-large":["https:\/\/digital58.com.ve\/site\/wp-content\/uploads\/2022\/01\/barcelona.jpg",900,600,false]},"uagb_author_info":{"display_name":"Villasmil Henry","author_link":"https:\/\/digital58.com.ve\/site\/author\/droopy_68\/"},"uagb_comment_info":0,"uagb_excerpt":"Con este triunfo el conjunto catal\u00e1n se acerc\u00f3 a los puestos de Liga de Campeones, mientras que el Alav\u00e9s se","_links":{"self":[{"href":"https:\/\/digital58.com.ve\/site\/wp-json\/wp\/v2\/posts\/147593","targetHints":{"allow":["GET"]}}],"collection":[{"href":"https:\/\/digital58.com.ve\/site\/wp-json\/wp\/v2\/posts"}],"about":[{"href":"https:\/\/digital58.com.ve\/site\/wp-json\/wp\/v2\/types\/post"}],"author":[{"embeddable":true,"href":"https:\/\/digital58.com.ve\/site\/wp-json\/wp\/v2\/users\/1"}],"replies":[{"embeddable":true,"href":"https:\/\/digital58.com.ve\/site\/wp-json\/wp\/v2\/comments?post=147593"}],"version-history":[{"count":0,"href":"https:\/\/digital58.com.ve\/site\/wp-json\/wp\/v2\/posts\/147593\/revisions"}],"wp:featuredmedia":[{"embeddable":true,"href":"https:\/\/digital58.com.ve\/site\/wp-json\/wp\/v2\/media\/147594"}],"wp:attachment":[{"href":"https:\/\/digital58.com.ve\/site\/wp-json\/wp\/v2\/media?parent=147593"}],"wp:term":[{"taxonomy":"category","embeddable":true,"href":"https:\/\/digital58.com.ve\/site\/wp-json\/wp\/v2\/categories?post=147593"},{"taxonomy":"post_tag","embeddable":true,"href":"https:\/\/digital58.com.ve\/site\/wp-json\/wp\/v2\/tags?post=147593"}],"curies":[{"name":"wp","href":"https:\/\/api.w.org\/{rel}","templated":true}]}}