{"id":147636,"date":"2022-01-24T09:27:14","date_gmt":"2022-01-24T13:27:14","guid":{"rendered":"https:\/\/digital58.com.ve\/site\/?p=147636"},"modified":"2022-01-24T09:27:14","modified_gmt":"2022-01-24T13:27:14","slug":"muere-el-disenador-thierry-mugler-a-los-73-anos","status":"publish","type":"post","link":"https:\/\/digital58.com.ve\/site\/2022\/01\/24\/muere-el-disenador-thierry-mugler-a-los-73-anos\/","title":{"rendered":"Muere el dise\u00f1ador Thierry Mugler a los 73 a\u00f1os"},"content":{"rendered":"<p><img loading=\"lazy\" decoding=\"async\" class=\"alignnone size-full wp-image-147638\" src=\"https:\/\/digital58.com.ve\/site\/wp-content\/uploads\/2022\/01\/mugleer.jpg\" alt=\"\" width=\"1020\" height=\"573\" srcset=\"https:\/\/digital58.com.ve\/site\/wp-content\/uploads\/2022\/01\/mugleer.jpg 1020w, https:\/\/digital58.com.ve\/site\/wp-content\/uploads\/2022\/01\/mugleer-300x169.jpg 300w, https:\/\/digital58.com.ve\/site\/wp-content\/uploads\/2022\/01\/mugleer-768x431.jpg 768w\" sizes=\"auto, (max-width: 1020px) 100vw, 1020px\" \/> El dise\u00f1ador franc\u00e9s Manfred Thierry Mugler, creador ic\u00f3nico de las dos \u00faltimas d\u00e9cadas del siglo XX, ha fallecido inesperadamente a los 73 a\u00f1os, seg\u00fan hizo saber su marca hom\u00f3nima en redes sociales durante la pasada madrugada.<\/p>\n<p><strong>Par\u00eds, Francia, 24 de enero de 2022 (ND58).-<\/strong> \u00abCon una profunda tristeza, la Casa Mugler anuncia la muerte del se\u00f1or Manfred Thierry Mugler. Un visionario cuya imaginaci\u00f3n como costurero, perfumista y creador de im\u00e1genes dio poder a la gente en todo el mundo para ser m\u00e1s atrevidos y so\u00f1ar m\u00e1s cada d\u00eda\u00bb, escribi\u00f3 la marca junto a una foto del dise\u00f1ador en su juventud.<\/p>\n<p>El agente del dise\u00f1ador precis\u00f3 al diario Le Monde que la muerte se debi\u00f3 a causas naturales, y que Mugler ten\u00eda a\u00fan proyectos y colaboraciones en marcha, algunos de los cuales iban a ser anunciados a principios de esta semana.<\/p>\n<p>Mugler fue un pionero en el dise\u00f1o y marc\u00f3 la moda con sus creaciones teatrales, sus monos rob\u00f3ticos y sus arriesgados vestidos, que parec\u00edan recrear un estilo de ciencia ficci\u00f3n, ambici\u00f3n que plasm\u00f3 en el teatro donde tuvo varios escarceos.<\/p>\n<p>Tambi\u00e9n tuvo un papel importante en el vestuario de estrellas como Michael Jackson, Madonna y Lady Gaga, y contribuy\u00f3 a propulsar la carrera de top models de los a\u00f1os 90 como Naomi Campbell, Claudia Schiffer o Linda Evangelista.<\/p>\n<p><strong>Su perfume \u00abAngel\u00bb es uno de los m\u00e1s vendidos de la historia.<\/strong><img loading=\"lazy\" decoding=\"async\" class=\"alignnone size-full wp-image-147641\" src=\"https:\/\/digital58.com.ve\/site\/wp-content\/uploads\/2022\/01\/angel.jpg\" alt=\"\" width=\"1000\" height=\"1000\" srcset=\"https:\/\/digital58.com.ve\/site\/wp-content\/uploads\/2022\/01\/angel.jpg 600w, https:\/\/digital58.com.ve\/site\/wp-content\/uploads\/2022\/01\/angel-300x300.jpg 300w, https:\/\/digital58.com.ve\/site\/wp-content\/uploads\/2022\/01\/angel-150x150.jpg 150w, https:\/\/digital58.com.ve\/site\/wp-content\/uploads\/2022\/01\/angel-768x768.jpg 768w\" sizes=\"auto, (max-width: 1000px) 100vw, 1000px\" \/><\/p>\n<p>Tras haber declinado ofertas como la de dirigir el dise\u00f1o de Dior, Mugler decidi\u00f3 retirarse de la cabeza de su propia marca en 2003, ahora en manos del grupo L\u2019Or\u00e9al.<\/p>\n<p>Parad\u00f3jicamente, la muerte del creador llega en plena Semana de la Moda parisina, entre el final de las presentaciones de moda masculina y el inicio este lunes de los desfiles de Alta Costura.<\/p>\n<p>En los \u00faltimos a\u00f1os, Mugler hab\u00eda sido objeto de una gran exposici\u00f3n retrospectiva de su obra, que arranc\u00f3 en Montreal en 2019 y fue viajando por varios pa\u00edses, el \u00faltimo de ellos Par\u00eds, en octubre de 2021.<\/p><div class=\"xupup69efc15a27afd\" ><p style=\"text-align: center;\"><a href=\"https:\/\/t.me\/noticiasdigital58\" target=\"_blank\" rel=\"noopener\"><img class=\"aligncenter size-full wp-image-125363\" src=\"https:\/\/digital58.com.ve\/site\/wp-content\/uploads\/2021\/04\/banner-telegram-web-2021.png\" alt=\"\" width=\"600\" height=\"90\" \/><\/a><\/p><\/div><style type=\"text\/css\">\r\n@media screen and (min-width: 1201px) {\r\n.xupup69efc15a27afd {\r\ndisplay: block;\r\n}\r\n}\r\n@media screen and (min-width: 993px) and (max-width: 1200px) {\r\n.xupup69efc15a27afd {\r\ndisplay: block;\r\n}\r\n}\r\n@media screen and (min-width: 769px) and (max-width: 992px) {\r\n.xupup69efc15a27afd {\r\ndisplay: block;\r\n}\r\n}\r\n@media screen and (min-width: 768px) and (max-width: 768px) {\r\n.xupup69efc15a27afd {\r\ndisplay: block;\r\n}\r\n}\r\n@media screen and (max-width: 767px) {\r\n.xupup69efc15a27afd {\r\ndisplay: block;\r\n}\r\n}\r\n<\/style>\r\n\n<p><strong>Redacci\u00f3n ND58 | Fuente: EFE<\/strong><br \/>\n<strong>Edici\u00f3n: \u00c1\u00f1ez, Caren<\/strong><br \/>\n<strong>Gr\u00e1fica: Cortes\u00eda<\/strong><\/p>\n<div style=\"margin-top: 0px; margin-bottom: 0px;\" class=\"sharethis-inline-share-buttons\" ><\/div>","protected":false},"excerpt":{"rendered":"<p>El dise\u00f1ador franc\u00e9s Manfred Thierry Mugler, creador ic\u00f3nico de las dos \u00faltimas d\u00e9cadas del siglo XX, ha fallecido inesperadamente a<\/p>\n","protected":false},"author":39,"featured_media":147639,"comment_status":"open","ping_status":"closed","sticky":false,"template":"","format":"standard","meta":{"colormag_page_container_layout":"default_layout","colormag_page_sidebar_layout":"default_layout","_uag_custom_page_level_css":"","footnotes":""},"categories":[6646],"tags":[11587,26989,10744,962,1130,26988,985,383,6053],"class_list":["post-147636","post","type-post","status-publish","format-standard","has-post-thumbnail","hentry","category-moda","tag-alta-costura","tag-angel","tag-disenador","tag-lady-gaga","tag-madonna","tag-manfred-thierry-mugler","tag-michael-jackson","tag-moda","tag-perfume"],"yoast_head":"<!-- This site is optimized with the Yoast SEO plugin v27.4 - https:\/\/yoast.com\/product\/yoast-seo-wordpress\/ -->\n<title>Muere el dise\u00f1ador Thierry Mugler a los 73 a\u00f1os<\/title>\n<meta name=\"description\" content=\"Moda\" \/>\n<meta name=\"robots\" content=\"index, follow, max-snippet:-1, max-image-preview:large, max-video-preview:-1\" \/>\n<link rel=\"canonical\" href=\"https:\/\/digital58.com.ve\/site\/2022\/01\/24\/muere-el-disenador-thierry-mugler-a-los-73-anos\/\" \/>\n<meta property=\"og:locale\" content=\"es_ES\" \/>\n<meta property=\"og:type\" content=\"article\" \/>\n<meta property=\"og:title\" content=\"Muere el dise\u00f1ador Thierry Mugler a los 73 a\u00f1os\" \/>\n<meta property=\"og:description\" content=\"Moda\" \/>\n<meta property=\"og:url\" content=\"https:\/\/digital58.com.ve\/site\/2022\/01\/24\/muere-el-disenador-thierry-mugler-a-los-73-anos\/\" \/>\n<meta property=\"og:site_name\" content=\"Noticias Digital58\" \/>\n<meta property=\"article:published_time\" content=\"2022-01-24T13:27:14+00:00\" \/>\n<meta property=\"og:image\" content=\"https:\/\/digital58.com.ve\/site\/wp-content\/uploads\/2022\/01\/mugler.jpg\" \/>\n\t<meta property=\"og:image:width\" content=\"275\" \/>\n\t<meta property=\"og:image:height\" content=\"183\" \/>\n\t<meta property=\"og:image:type\" content=\"image\/jpeg\" \/>\n<meta name=\"author\" content=\"Caren A\u00f1ez\" \/>\n<meta name=\"twitter:card\" content=\"summary_large_image\" \/>\n<meta name=\"twitter:creator\" content=\"@carenanez\" \/>\n<meta name=\"twitter:site\" content=\"@villasmilhfoto\" \/>\n<meta name=\"twitter:label1\" content=\"Escrito por\" \/>\n\t<meta name=\"twitter:data1\" content=\"Caren A\u00f1ez\" \/>\n\t<meta name=\"twitter:label2\" content=\"Tiempo estimado de lectura\" \/>\n\t<meta name=\"twitter:data2\" content=\"2 minutos\" \/>\n<script type=\"application\/ld+json\" class=\"yoast-schema-graph\">{\"@context\":\"https:\\\/\\\/schema.org\",\"@graph\":[{\"@type\":\"Article\",\"@id\":\"https:\\\/\\\/digital58.com.ve\\\/site\\\/2022\\\/01\\\/24\\\/muere-el-disenador-thierry-mugler-a-los-73-anos\\\/#article\",\"isPartOf\":{\"@id\":\"https:\\\/\\\/digital58.com.ve\\\/site\\\/2022\\\/01\\\/24\\\/muere-el-disenador-thierry-mugler-a-los-73-anos\\\/\"},\"author\":{\"name\":\"Caren A\u00f1ez\",\"@id\":\"https:\\\/\\\/digital58.com.ve\\\/site\\\/#\\\/schema\\\/person\\\/38596b127602deaa13fbcd7585635238\"},\"headline\":\"Muere el dise\u00f1ador Thierry Mugler a los 73 a\u00f1os\",\"datePublished\":\"2022-01-24T13:27:14+00:00\",\"mainEntityOfPage\":{\"@id\":\"https:\\\/\\\/digital58.com.ve\\\/site\\\/2022\\\/01\\\/24\\\/muere-el-disenador-thierry-mugler-a-los-73-anos\\\/\"},\"wordCount\":383,\"commentCount\":0,\"publisher\":{\"@id\":\"https:\\\/\\\/digital58.com.ve\\\/site\\\/#\\\/schema\\\/person\\\/64d1c2e4d0d4fd1b849980c4331c2951\"},\"image\":{\"@id\":\"https:\\\/\\\/digital58.com.ve\\\/site\\\/2022\\\/01\\\/24\\\/muere-el-disenador-thierry-mugler-a-los-73-anos\\\/#primaryimage\"},\"thumbnailUrl\":\"https:\\\/\\\/digital58.com.ve\\\/site\\\/wp-content\\\/uploads\\\/2022\\\/01\\\/mugler.jpg\",\"keywords\":[\"Alta Costura\",\"Angel\",\"dise\u00f1ador\",\"Lady Gaga\",\"Madonna\",\"Manfred Thierry Mugler\",\"Michael Jackson\",\"Moda\",\"Perfume\"],\"articleSection\":[\"Moda\"],\"inLanguage\":\"es\",\"potentialAction\":[{\"@type\":\"CommentAction\",\"name\":\"Comment\",\"target\":[\"https:\\\/\\\/digital58.com.ve\\\/site\\\/2022\\\/01\\\/24\\\/muere-el-disenador-thierry-mugler-a-los-73-anos\\\/#respond\"]}]},{\"@type\":\"WebPage\",\"@id\":\"https:\\\/\\\/digital58.com.ve\\\/site\\\/2022\\\/01\\\/24\\\/muere-el-disenador-thierry-mugler-a-los-73-anos\\\/\",\"url\":\"https:\\\/\\\/digital58.com.ve\\\/site\\\/2022\\\/01\\\/24\\\/muere-el-disenador-thierry-mugler-a-los-73-anos\\\/\",\"name\":\"Muere el dise\u00f1ador Thierry Mugler a los 73 a\u00f1os\",\"isPartOf\":{\"@id\":\"https:\\\/\\\/digital58.com.ve\\\/site\\\/#website\"},\"primaryImageOfPage\":{\"@id\":\"https:\\\/\\\/digital58.com.ve\\\/site\\\/2022\\\/01\\\/24\\\/muere-el-disenador-thierry-mugler-a-los-73-anos\\\/#primaryimage\"},\"image\":{\"@id\":\"https:\\\/\\\/digital58.com.ve\\\/site\\\/2022\\\/01\\\/24\\\/muere-el-disenador-thierry-mugler-a-los-73-anos\\\/#primaryimage\"},\"thumbnailUrl\":\"https:\\\/\\\/digital58.com.ve\\\/site\\\/wp-content\\\/uploads\\\/2022\\\/01\\\/mugler.jpg\",\"datePublished\":\"2022-01-24T13:27:14+00:00\",\"description\":\"Moda\",\"breadcrumb\":{\"@id\":\"https:\\\/\\\/digital58.com.ve\\\/site\\\/2022\\\/01\\\/24\\\/muere-el-disenador-thierry-mugler-a-los-73-anos\\\/#breadcrumb\"},\"inLanguage\":\"es\",\"potentialAction\":[{\"@type\":\"ReadAction\",\"target\":[\"https:\\\/\\\/digital58.com.ve\\\/site\\\/2022\\\/01\\\/24\\\/muere-el-disenador-thierry-mugler-a-los-73-anos\\\/\"]}]},{\"@type\":\"ImageObject\",\"inLanguage\":\"es\",\"@id\":\"https:\\\/\\\/digital58.com.ve\\\/site\\\/2022\\\/01\\\/24\\\/muere-el-disenador-thierry-mugler-a-los-73-anos\\\/#primaryimage\",\"url\":\"https:\\\/\\\/digital58.com.ve\\\/site\\\/wp-content\\\/uploads\\\/2022\\\/01\\\/mugler.jpg\",\"contentUrl\":\"https:\\\/\\\/digital58.com.ve\\\/site\\\/wp-content\\\/uploads\\\/2022\\\/01\\\/mugler.jpg\",\"width\":275,\"height\":183},{\"@type\":\"BreadcrumbList\",\"@id\":\"https:\\\/\\\/digital58.com.ve\\\/site\\\/2022\\\/01\\\/24\\\/muere-el-disenador-thierry-mugler-a-los-73-anos\\\/#breadcrumb\",\"itemListElement\":[{\"@type\":\"ListItem\",\"position\":1,\"name\":\"Home\",\"item\":\"https:\\\/\\\/digital58.com.ve\\\/site\\\/\"},{\"@type\":\"ListItem\",\"position\":2,\"name\":\"Muere el dise\u00f1ador Thierry Mugler a los 73 a\u00f1os\"}]},{\"@type\":\"WebSite\",\"@id\":\"https:\\\/\\\/digital58.com.ve\\\/site\\\/#website\",\"url\":\"https:\\\/\\\/digital58.com.ve\\\/site\\\/\",\"name\":\"Noticias Digital58\",\"description\":\"Portal de Noticias \u00a1Periodismo web de verdad! Lanzamiento web 22.11.2005 \\\/ Maracaibo, Venezuela\",\"publisher\":{\"@id\":\"https:\\\/\\\/digital58.com.ve\\\/site\\\/#\\\/schema\\\/person\\\/64d1c2e4d0d4fd1b849980c4331c2951\"},\"alternateName\":\"ND58\",\"potentialAction\":[{\"@type\":\"SearchAction\",\"target\":{\"@type\":\"EntryPoint\",\"urlTemplate\":\"https:\\\/\\\/digital58.com.ve\\\/site\\\/?s={search_term_string}\"},\"query-input\":{\"@type\":\"PropertyValueSpecification\",\"valueRequired\":true,\"valueName\":\"search_term_string\"}}],\"inLanguage\":\"es\"},{\"@type\":[\"Person\",\"Organization\"],\"@id\":\"https:\\\/\\\/digital58.com.ve\\\/site\\\/#\\\/schema\\\/person\\\/64d1c2e4d0d4fd1b849980c4331c2951\",\"name\":\"Villasmil Henry\",\"image\":{\"@type\":\"ImageObject\",\"inLanguage\":\"es\",\"@id\":\"https:\\\/\\\/secure.gravatar.com\\\/avatar\\\/bb0c4a2fcb7970138239f7e404ea75757b1b507b28b5ce4c53fbd62d797c5a7c?s=96&d=mm&r=g\",\"url\":\"https:\\\/\\\/secure.gravatar.com\\\/avatar\\\/bb0c4a2fcb7970138239f7e404ea75757b1b507b28b5ce4c53fbd62d797c5a7c?s=96&d=mm&r=g\",\"contentUrl\":\"https:\\\/\\\/secure.gravatar.com\\\/avatar\\\/bb0c4a2fcb7970138239f7e404ea75757b1b507b28b5ce4c53fbd62d797c5a7c?s=96&d=mm&r=g\",\"caption\":\"Villasmil Henry\"},\"logo\":{\"@id\":\"https:\\\/\\\/secure.gravatar.com\\\/avatar\\\/bb0c4a2fcb7970138239f7e404ea75757b1b507b28b5ce4c53fbd62d797c5a7c?s=96&d=mm&r=g\"},\"sameAs\":[\"http:\\\/\\\/www.henryvillasmil.com.ve\",\"https:\\\/\\\/www.instagram.com\\\/villasmilhfoto\\\/\",\"https:\\\/\\\/x.com\\\/https:\\\/\\\/twitter.com\\\/villasmilhfoto\"]},{\"@type\":\"Person\",\"@id\":\"https:\\\/\\\/digital58.com.ve\\\/site\\\/#\\\/schema\\\/person\\\/38596b127602deaa13fbcd7585635238\",\"name\":\"Caren A\u00f1ez\",\"image\":{\"@type\":\"ImageObject\",\"inLanguage\":\"es\",\"@id\":\"https:\\\/\\\/secure.gravatar.com\\\/avatar\\\/53aadd693aa414991c9ff2f2b19c39be94d2c342463b80f5402d344911bc9782?s=96&d=mm&r=g\",\"url\":\"https:\\\/\\\/secure.gravatar.com\\\/avatar\\\/53aadd693aa414991c9ff2f2b19c39be94d2c342463b80f5402d344911bc9782?s=96&d=mm&r=g\",\"contentUrl\":\"https:\\\/\\\/secure.gravatar.com\\\/avatar\\\/53aadd693aa414991c9ff2f2b19c39be94d2c342463b80f5402d344911bc9782?s=96&d=mm&r=g\",\"caption\":\"Caren A\u00f1ez\"},\"description\":\"\ud83d\udc69\u200d\ud83c\udfa4Editora en @digital_58 \ud83d\udc69\ud83c\udffb\u200d\ud83c\udfebPeriodista musical y de entretenimiento. \ud83d\udcf8Fotografa \ud83d\udc69\ud83c\udffb\u200d\ud83d\udcbbMedia Management. \ud83d\udc69\u200d\ud83d\udc67\u200d\ud83d\udc67AspieMon 24\\\/7\",\"sameAs\":[\"https:\\\/\\\/www.instagram.com\\\/carenanez\\\/\",\"https:\\\/\\\/x.com\\\/carenanez\"],\"url\":\"https:\\\/\\\/digital58.com.ve\\\/site\\\/author\\\/carena21\\\/\"}]}<\/script>\n<!-- \/ Yoast SEO plugin. -->","yoast_head_json":{"title":"Muere el dise\u00f1ador Thierry Mugler a los 73 a\u00f1os","description":"Moda","robots":{"index":"index","follow":"follow","max-snippet":"max-snippet:-1","max-image-preview":"max-image-preview:large","max-video-preview":"max-video-preview:-1"},"canonical":"https:\/\/digital58.com.ve\/site\/2022\/01\/24\/muere-el-disenador-thierry-mugler-a-los-73-anos\/","og_locale":"es_ES","og_type":"article","og_title":"Muere el dise\u00f1ador Thierry Mugler a los 73 a\u00f1os","og_description":"Moda","og_url":"https:\/\/digital58.com.ve\/site\/2022\/01\/24\/muere-el-disenador-thierry-mugler-a-los-73-anos\/","og_site_name":"Noticias Digital58","article_published_time":"2022-01-24T13:27:14+00:00","og_image":[{"width":275,"height":183,"url":"https:\/\/digital58.com.ve\/site\/wp-content\/uploads\/2022\/01\/mugler.jpg","type":"image\/jpeg"}],"author":"Caren A\u00f1ez","twitter_card":"summary_large_image","twitter_creator":"@carenanez","twitter_site":"@villasmilhfoto","twitter_misc":{"Escrito por":"Caren A\u00f1ez","Tiempo estimado de lectura":"2 minutos"},"schema":{"@context":"https:\/\/schema.org","@graph":[{"@type":"Article","@id":"https:\/\/digital58.com.ve\/site\/2022\/01\/24\/muere-el-disenador-thierry-mugler-a-los-73-anos\/#article","isPartOf":{"@id":"https:\/\/digital58.com.ve\/site\/2022\/01\/24\/muere-el-disenador-thierry-mugler-a-los-73-anos\/"},"author":{"name":"Caren A\u00f1ez","@id":"https:\/\/digital58.com.ve\/site\/#\/schema\/person\/38596b127602deaa13fbcd7585635238"},"headline":"Muere el dise\u00f1ador Thierry Mugler a los 73 a\u00f1os","datePublished":"2022-01-24T13:27:14+00:00","mainEntityOfPage":{"@id":"https:\/\/digital58.com.ve\/site\/2022\/01\/24\/muere-el-disenador-thierry-mugler-a-los-73-anos\/"},"wordCount":383,"commentCount":0,"publisher":{"@id":"https:\/\/digital58.com.ve\/site\/#\/schema\/person\/64d1c2e4d0d4fd1b849980c4331c2951"},"image":{"@id":"https:\/\/digital58.com.ve\/site\/2022\/01\/24\/muere-el-disenador-thierry-mugler-a-los-73-anos\/#primaryimage"},"thumbnailUrl":"https:\/\/digital58.com.ve\/site\/wp-content\/uploads\/2022\/01\/mugler.jpg","keywords":["Alta Costura","Angel","dise\u00f1ador","Lady Gaga","Madonna","Manfred Thierry Mugler","Michael Jackson","Moda","Perfume"],"articleSection":["Moda"],"inLanguage":"es","potentialAction":[{"@type":"CommentAction","name":"Comment","target":["https:\/\/digital58.com.ve\/site\/2022\/01\/24\/muere-el-disenador-thierry-mugler-a-los-73-anos\/#respond"]}]},{"@type":"WebPage","@id":"https:\/\/digital58.com.ve\/site\/2022\/01\/24\/muere-el-disenador-thierry-mugler-a-los-73-anos\/","url":"https:\/\/digital58.com.ve\/site\/2022\/01\/24\/muere-el-disenador-thierry-mugler-a-los-73-anos\/","name":"Muere el dise\u00f1ador Thierry Mugler a los 73 a\u00f1os","isPartOf":{"@id":"https:\/\/digital58.com.ve\/site\/#website"},"primaryImageOfPage":{"@id":"https:\/\/digital58.com.ve\/site\/2022\/01\/24\/muere-el-disenador-thierry-mugler-a-los-73-anos\/#primaryimage"},"image":{"@id":"https:\/\/digital58.com.ve\/site\/2022\/01\/24\/muere-el-disenador-thierry-mugler-a-los-73-anos\/#primaryimage"},"thumbnailUrl":"https:\/\/digital58.com.ve\/site\/wp-content\/uploads\/2022\/01\/mugler.jpg","datePublished":"2022-01-24T13:27:14+00:00","description":"Moda","breadcrumb":{"@id":"https:\/\/digital58.com.ve\/site\/2022\/01\/24\/muere-el-disenador-thierry-mugler-a-los-73-anos\/#breadcrumb"},"inLanguage":"es","potentialAction":[{"@type":"ReadAction","target":["https:\/\/digital58.com.ve\/site\/2022\/01\/24\/muere-el-disenador-thierry-mugler-a-los-73-anos\/"]}]},{"@type":"ImageObject","inLanguage":"es","@id":"https:\/\/digital58.com.ve\/site\/2022\/01\/24\/muere-el-disenador-thierry-mugler-a-los-73-anos\/#primaryimage","url":"https:\/\/digital58.com.ve\/site\/wp-content\/uploads\/2022\/01\/mugler.jpg","contentUrl":"https:\/\/digital58.com.ve\/site\/wp-content\/uploads\/2022\/01\/mugler.jpg","width":275,"height":183},{"@type":"BreadcrumbList","@id":"https:\/\/digital58.com.ve\/site\/2022\/01\/24\/muere-el-disenador-thierry-mugler-a-los-73-anos\/#breadcrumb","itemListElement":[{"@type":"ListItem","position":1,"name":"Home","item":"https:\/\/digital58.com.ve\/site\/"},{"@type":"ListItem","position":2,"name":"Muere el dise\u00f1ador Thierry Mugler a los 73 a\u00f1os"}]},{"@type":"WebSite","@id":"https:\/\/digital58.com.ve\/site\/#website","url":"https:\/\/digital58.com.ve\/site\/","name":"Noticias Digital58","description":"Portal de Noticias \u00a1Periodismo web de verdad! Lanzamiento web 22.11.2005 \/ Maracaibo, Venezuela","publisher":{"@id":"https:\/\/digital58.com.ve\/site\/#\/schema\/person\/64d1c2e4d0d4fd1b849980c4331c2951"},"alternateName":"ND58","potentialAction":[{"@type":"SearchAction","target":{"@type":"EntryPoint","urlTemplate":"https:\/\/digital58.com.ve\/site\/?s={search_term_string}"},"query-input":{"@type":"PropertyValueSpecification","valueRequired":true,"valueName":"search_term_string"}}],"inLanguage":"es"},{"@type":["Person","Organization"],"@id":"https:\/\/digital58.com.ve\/site\/#\/schema\/person\/64d1c2e4d0d4fd1b849980c4331c2951","name":"Villasmil Henry","image":{"@type":"ImageObject","inLanguage":"es","@id":"https:\/\/secure.gravatar.com\/avatar\/bb0c4a2fcb7970138239f7e404ea75757b1b507b28b5ce4c53fbd62d797c5a7c?s=96&d=mm&r=g","url":"https:\/\/secure.gravatar.com\/avatar\/bb0c4a2fcb7970138239f7e404ea75757b1b507b28b5ce4c53fbd62d797c5a7c?s=96&d=mm&r=g","contentUrl":"https:\/\/secure.gravatar.com\/avatar\/bb0c4a2fcb7970138239f7e404ea75757b1b507b28b5ce4c53fbd62d797c5a7c?s=96&d=mm&r=g","caption":"Villasmil Henry"},"logo":{"@id":"https:\/\/secure.gravatar.com\/avatar\/bb0c4a2fcb7970138239f7e404ea75757b1b507b28b5ce4c53fbd62d797c5a7c?s=96&d=mm&r=g"},"sameAs":["http:\/\/www.henryvillasmil.com.ve","https:\/\/www.instagram.com\/villasmilhfoto\/","https:\/\/x.com\/https:\/\/twitter.com\/villasmilhfoto"]},{"@type":"Person","@id":"https:\/\/digital58.com.ve\/site\/#\/schema\/person\/38596b127602deaa13fbcd7585635238","name":"Caren A\u00f1ez","image":{"@type":"ImageObject","inLanguage":"es","@id":"https:\/\/secure.gravatar.com\/avatar\/53aadd693aa414991c9ff2f2b19c39be94d2c342463b80f5402d344911bc9782?s=96&d=mm&r=g","url":"https:\/\/secure.gravatar.com\/avatar\/53aadd693aa414991c9ff2f2b19c39be94d2c342463b80f5402d344911bc9782?s=96&d=mm&r=g","contentUrl":"https:\/\/secure.gravatar.com\/avatar\/53aadd693aa414991c9ff2f2b19c39be94d2c342463b80f5402d344911bc9782?s=96&d=mm&r=g","caption":"Caren A\u00f1ez"},"description":"\ud83d\udc69\u200d\ud83c\udfa4Editora en @digital_58 \ud83d\udc69\ud83c\udffb\u200d\ud83c\udfebPeriodista musical y de entretenimiento. \ud83d\udcf8Fotografa \ud83d\udc69\ud83c\udffb\u200d\ud83d\udcbbMedia Management. \ud83d\udc69\u200d\ud83d\udc67\u200d\ud83d\udc67AspieMon 24\/7","sameAs":["https:\/\/www.instagram.com\/carenanez\/","https:\/\/x.com\/carenanez"],"url":"https:\/\/digital58.com.ve\/site\/author\/carena21\/"}]}},"uagb_featured_image_src":{"full":["https:\/\/digital58.com.ve\/site\/wp-content\/uploads\/2022\/01\/mugler.jpg",275,183,false],"thumbnail":["https:\/\/digital58.com.ve\/site\/wp-content\/uploads\/2022\/01\/mugler-150x150.jpg",150,150,true],"medium":["https:\/\/digital58.com.ve\/site\/wp-content\/uploads\/2022\/01\/mugler.jpg",275,183,false],"medium_large":["https:\/\/digital58.com.ve\/site\/wp-content\/uploads\/2022\/01\/mugler.jpg",275,183,false],"large":["https:\/\/digital58.com.ve\/site\/wp-content\/uploads\/2022\/01\/mugler.jpg",275,183,false],"1536x1536":["https:\/\/digital58.com.ve\/site\/wp-content\/uploads\/2022\/01\/mugler.jpg",275,183,false],"2048x2048":["https:\/\/digital58.com.ve\/site\/wp-content\/uploads\/2022\/01\/mugler.jpg",275,183,false],"colormag-highlighted-post":["https:\/\/digital58.com.ve\/site\/wp-content\/uploads\/2022\/01\/mugler.jpg",275,183,false],"colormag-featured-post-medium":["https:\/\/digital58.com.ve\/site\/wp-content\/uploads\/2022\/01\/mugler.jpg",275,183,false],"colormag-featured-post-small":["https:\/\/digital58.com.ve\/site\/wp-content\/uploads\/2022\/01\/mugler.jpg",130,87,false],"colormag-featured-image":["https:\/\/digital58.com.ve\/site\/wp-content\/uploads\/2022\/01\/mugler.jpg",275,183,false],"colormag-default-news":["https:\/\/digital58.com.ve\/site\/wp-content\/uploads\/2022\/01\/mugler.jpg",150,100,false],"colormag-featured-image-large":["https:\/\/digital58.com.ve\/site\/wp-content\/uploads\/2022\/01\/mugler.jpg",275,183,false]},"uagb_author_info":{"display_name":"Caren A\u00f1ez","author_link":"https:\/\/digital58.com.ve\/site\/author\/carena21\/"},"uagb_comment_info":0,"uagb_excerpt":"El dise\u00f1ador franc\u00e9s Manfred Thierry Mugler, creador ic\u00f3nico de las dos \u00faltimas d\u00e9cadas del siglo XX, ha fallecido inesperadamente a","_links":{"self":[{"href":"https:\/\/digital58.com.ve\/site\/wp-json\/wp\/v2\/posts\/147636","targetHints":{"allow":["GET"]}}],"collection":[{"href":"https:\/\/digital58.com.ve\/site\/wp-json\/wp\/v2\/posts"}],"about":[{"href":"https:\/\/digital58.com.ve\/site\/wp-json\/wp\/v2\/types\/post"}],"author":[{"embeddable":true,"href":"https:\/\/digital58.com.ve\/site\/wp-json\/wp\/v2\/users\/39"}],"replies":[{"embeddable":true,"href":"https:\/\/digital58.com.ve\/site\/wp-json\/wp\/v2\/comments?post=147636"}],"version-history":[{"count":0,"href":"https:\/\/digital58.com.ve\/site\/wp-json\/wp\/v2\/posts\/147636\/revisions"}],"wp:featuredmedia":[{"embeddable":true,"href":"https:\/\/digital58.com.ve\/site\/wp-json\/wp\/v2\/media\/147639"}],"wp:attachment":[{"href":"https:\/\/digital58.com.ve\/site\/wp-json\/wp\/v2\/media?parent=147636"}],"wp:term":[{"taxonomy":"category","embeddable":true,"href":"https:\/\/digital58.com.ve\/site\/wp-json\/wp\/v2\/categories?post=147636"},{"taxonomy":"post_tag","embeddable":true,"href":"https:\/\/digital58.com.ve\/site\/wp-json\/wp\/v2\/tags?post=147636"}],"curies":[{"name":"wp","href":"https:\/\/api.w.org\/{rel}","templated":true}]}}