{"id":148226,"date":"2022-02-04T09:31:34","date_gmt":"2022-02-04T13:31:34","guid":{"rendered":"https:\/\/digital58.com.ve\/site\/?p=148226"},"modified":"2022-02-04T09:31:34","modified_gmt":"2022-02-04T13:31:34","slug":"pekin-inaugura-los-juegos-olimpicos-de-invierno-2022","status":"publish","type":"post","link":"https:\/\/digital58.com.ve\/site\/2022\/02\/04\/pekin-inaugura-los-juegos-olimpicos-de-invierno-2022\/","title":{"rendered":"Pek\u00edn inaugura los Juegos Ol\u00edmpicos de Invierno 2022"},"content":{"rendered":"<p><img loading=\"lazy\" decoding=\"async\" class=\"wp-image-148227 aligncenter\" src=\"https:\/\/digital58.com.ve\/site\/wp-content\/uploads\/2022\/02\/pekin-2022-300x169.jpg\" alt=\"\" width=\"745\" height=\"420\" srcset=\"https:\/\/digital58.com.ve\/site\/wp-content\/uploads\/2022\/02\/pekin-2022-300x169.jpg 300w, https:\/\/digital58.com.ve\/site\/wp-content\/uploads\/2022\/02\/pekin-2022-768x432.jpg 768w, https:\/\/digital58.com.ve\/site\/wp-content\/uploads\/2022\/02\/pekin-2022.jpg 1200w\" sizes=\"auto, (max-width: 745px) 100vw, 745px\" \/><\/p>\n<p>La ceremonia de apertura de los Juegos Ol\u00edmpicos de Invierno 2022 en Pek\u00edn, el 4 de febrero de 2022.<\/p>\n<p><strong>Pek\u00edn, China, 4 de febrero de 2022 (ND58).-<\/strong> Uno de los mayores eventos deportivos arranca este viernes en Pek\u00edn, que acoge este a\u00f1o los Juegos Ol\u00edmpicos de Invierno.<\/p>\n<p>La ceremonia de apertura tiene lugar en el Estadio Nacional de la capital china, marcando el comienzo oficial del evento con un impresionante espect\u00e1culo de m\u00fasica, bailes y fuegos artificiales.<\/p>\n<p>Los juegos se celebran desde el 4 hasta el 20 de febrero y culminar\u00e1n con la ceremonia de clausura en el mismo estadio para entregar la bandera ol\u00edmpica a los anfitriones de la pr\u00f3xima edici\u00f3n de las Olimpiadas de invierno de 2026, los alcaldes de las ciudades italianas de Mil\u00e1n y Cortina-D&#8217;Ampezzo.<\/p>\n<p>Los atletas de todo el mundo competir\u00e1n en 15 modalidades deportivas de invierno. Latinoam\u00e9rica cuenta con 23 representantes en disciplinas como esqu\u00ed alpino, esqu\u00ed acrob\u00e1tico y esqu\u00ed de fondo.<\/p>\n<p>Entre ellos se encuentra la ecuatoriana Sarah Escobar, que hace historia en Pek\u00edn al convertirse en la primera mujer de su pa\u00eds en participar en los Juegos Ol\u00edmpicos de Invierno, y el mexicano Donovan Carrillo, el primer patinador art\u00edstico de la naci\u00f3n en competir en el evento en 30 a\u00f1os.<\/p>\n<p>Antes de la ceremonia inaugural, la jornada estuvo marcada por dos partidos de hockey sobre hielo femenino, las primeras tres rondas de la prueba por equipos en patinaje art\u00edstico y la fase de grupos de dobles mixtos de curling.<\/p>\n<p>Adem\u00e1s de Pek\u00edn, que acoge los deportes de hielo, las competiciones tendr\u00e1n lugar en Yanqing, un suburbio situado a 75 kil\u00f3metros de la capital donde se desarrollar\u00e1n los eventos de esqu\u00ed alpino y de trineos, y en Zhangjiakou, que albergar\u00e1 la mayor\u00eda de las disciplinas de esqu\u00ed y snowboard, incluyendo el esqu\u00ed acrob\u00e1tico, esqu\u00ed de fondo, saltos, combinada n\u00f3rdica y biatl\u00f3n.<\/p>\n<p>La mascota de estos Juegos Ol\u00edmpicos es el oso panda Bing Dwen Dwen, vestido de un caparaz\u00f3n de hielo que le ayuda a estar a la altura de los atletas en los deportes de invierno. En chino, \u00abbing\u00bb significa hielo y simboliza la pureza y fuerza, mientras que \u00abdwen dwen\u00bb se traduce como robusto y en\u00e9rgico y simboliza a los ni\u00f1os.<\/p>\n<p>&nbsp;<\/p><div class=\"rcmkg69f1f036d0b88\" ><p style=\"text-align: center;\"><a href=\"https:\/\/t.me\/noticiasdigital58\" target=\"_blank\" rel=\"noopener\"><img class=\"aligncenter size-full wp-image-125363\" src=\"https:\/\/digital58.com.ve\/site\/wp-content\/uploads\/2021\/04\/banner-telegram-web-2021.png\" alt=\"\" width=\"600\" height=\"90\" \/><\/a><\/p><\/div><style type=\"text\/css\">\r\n@media screen and (min-width: 1201px) {\r\n.rcmkg69f1f036d0b88 {\r\ndisplay: block;\r\n}\r\n}\r\n@media screen and (min-width: 993px) and (max-width: 1200px) {\r\n.rcmkg69f1f036d0b88 {\r\ndisplay: block;\r\n}\r\n}\r\n@media screen and (min-width: 769px) and (max-width: 992px) {\r\n.rcmkg69f1f036d0b88 {\r\ndisplay: block;\r\n}\r\n}\r\n@media screen and (min-width: 768px) and (max-width: 768px) {\r\n.rcmkg69f1f036d0b88 {\r\ndisplay: block;\r\n}\r\n}\r\n@media screen and (max-width: 767px) {\r\n.rcmkg69f1f036d0b88 {\r\ndisplay: block;\r\n}\r\n}\r\n<\/style>\r\n\n<p><strong>Redacci\u00f3n ND58\/Infante, V\u00edctor | Fuente: RT<\/strong><br \/>\n<strong>Edici\u00f3n: Villasmil, Henry<\/strong><br \/>\n<strong>Gr\u00e1fica: Cortes\u00eda<\/strong><\/p>\n<div style=\"margin-top: 0px; margin-bottom: 0px;\" class=\"sharethis-inline-share-buttons\" ><\/div>","protected":false},"excerpt":{"rendered":"<p>La ceremonia de apertura de los Juegos Ol\u00edmpicos de Invierno 2022 en Pek\u00edn, el 4 de febrero de 2022. Pek\u00edn,<\/p>\n","protected":false},"author":40,"featured_media":148228,"comment_status":"open","ping_status":"closed","sticky":false,"template":"","format":"standard","meta":{"colormag_page_container_layout":"default_layout","colormag_page_sidebar_layout":"default_layout","_uag_custom_page_level_css":"","footnotes":""},"categories":[5402],"tags":[1793,3,8,1335,27142,6831],"class_list":["post-148226","post","type-post","status-publish","format-standard","has-post-thumbnail","hentry","category-deportes","tag-china","tag-deportes","tag-internacionales","tag-juegos-olimpicos","tag-juegos-olimpicos-de-invierno","tag-pekin"],"yoast_head":"<!-- This site is optimized with the Yoast SEO plugin v27.5 - https:\/\/yoast.com\/product\/yoast-seo-wordpress\/ -->\n<title>Pek\u00edn inaugura los Juegos Ol\u00edmpicos de Invierno 2022<\/title>\n<meta name=\"description\" content=\"Deportes\" \/>\n<meta name=\"robots\" content=\"index, follow, max-snippet:-1, max-image-preview:large, max-video-preview:-1\" \/>\n<link rel=\"canonical\" href=\"https:\/\/digital58.com.ve\/site\/2022\/02\/04\/pekin-inaugura-los-juegos-olimpicos-de-invierno-2022\/\" \/>\n<meta property=\"og:locale\" content=\"es_ES\" \/>\n<meta property=\"og:type\" content=\"article\" \/>\n<meta property=\"og:title\" content=\"Pek\u00edn inaugura los Juegos Ol\u00edmpicos de Invierno 2022\" \/>\n<meta property=\"og:description\" content=\"Deportes\" \/>\n<meta property=\"og:url\" content=\"https:\/\/digital58.com.ve\/site\/2022\/02\/04\/pekin-inaugura-los-juegos-olimpicos-de-invierno-2022\/\" \/>\n<meta property=\"og:site_name\" content=\"Noticias Digital58\" \/>\n<meta property=\"article:published_time\" content=\"2022-02-04T13:31:34+00:00\" \/>\n<meta property=\"og:image\" content=\"https:\/\/digital58.com.ve\/site\/wp-content\/uploads\/2022\/02\/ceremonia-Pekin1.jpg\" \/>\n\t<meta property=\"og:image:width\" content=\"1024\" \/>\n\t<meta property=\"og:image:height\" content=\"576\" \/>\n\t<meta property=\"og:image:type\" content=\"image\/jpeg\" \/>\n<meta name=\"author\" content=\"Victor Infante\" \/>\n<meta name=\"twitter:card\" content=\"summary_large_image\" \/>\n<meta name=\"twitter:creator\" content=\"@Digital_58\" \/>\n<meta name=\"twitter:site\" content=\"@villasmilhfoto\" \/>\n<meta name=\"twitter:label1\" content=\"Escrito por\" \/>\n\t<meta name=\"twitter:data1\" content=\"Victor Infante\" \/>\n\t<meta name=\"twitter:label2\" content=\"Tiempo estimado de lectura\" \/>\n\t<meta name=\"twitter:data2\" content=\"2 minutos\" \/>\n<script type=\"application\/ld+json\" class=\"yoast-schema-graph\">{\"@context\":\"https:\\\/\\\/schema.org\",\"@graph\":[{\"@type\":\"Article\",\"@id\":\"https:\\\/\\\/digital58.com.ve\\\/site\\\/2022\\\/02\\\/04\\\/pekin-inaugura-los-juegos-olimpicos-de-invierno-2022\\\/#article\",\"isPartOf\":{\"@id\":\"https:\\\/\\\/digital58.com.ve\\\/site\\\/2022\\\/02\\\/04\\\/pekin-inaugura-los-juegos-olimpicos-de-invierno-2022\\\/\"},\"author\":{\"name\":\"Victor Infante\",\"@id\":\"https:\\\/\\\/digital58.com.ve\\\/site\\\/#\\\/schema\\\/person\\\/7c2c83fb27249d7c6f59c30c7f141381\"},\"headline\":\"Pek\u00edn inaugura los Juegos Ol\u00edmpicos de Invierno 2022\",\"datePublished\":\"2022-02-04T13:31:34+00:00\",\"mainEntityOfPage\":{\"@id\":\"https:\\\/\\\/digital58.com.ve\\\/site\\\/2022\\\/02\\\/04\\\/pekin-inaugura-los-juegos-olimpicos-de-invierno-2022\\\/\"},\"wordCount\":421,\"commentCount\":0,\"publisher\":{\"@id\":\"https:\\\/\\\/digital58.com.ve\\\/site\\\/#\\\/schema\\\/person\\\/64d1c2e4d0d4fd1b849980c4331c2951\"},\"image\":{\"@id\":\"https:\\\/\\\/digital58.com.ve\\\/site\\\/2022\\\/02\\\/04\\\/pekin-inaugura-los-juegos-olimpicos-de-invierno-2022\\\/#primaryimage\"},\"thumbnailUrl\":\"https:\\\/\\\/digital58.com.ve\\\/site\\\/wp-content\\\/uploads\\\/2022\\\/02\\\/ceremonia-Pekin1.jpg\",\"keywords\":[\"China\",\"Deportes\",\"Internacionales\",\"Juegos Ol\u00edmpicos\",\"Juegos Ol\u00edmpicos de Invierno\",\"Pek\u00edn\"],\"articleSection\":[\"Deportes\"],\"inLanguage\":\"es\",\"potentialAction\":[{\"@type\":\"CommentAction\",\"name\":\"Comment\",\"target\":[\"https:\\\/\\\/digital58.com.ve\\\/site\\\/2022\\\/02\\\/04\\\/pekin-inaugura-los-juegos-olimpicos-de-invierno-2022\\\/#respond\"]}]},{\"@type\":\"WebPage\",\"@id\":\"https:\\\/\\\/digital58.com.ve\\\/site\\\/2022\\\/02\\\/04\\\/pekin-inaugura-los-juegos-olimpicos-de-invierno-2022\\\/\",\"url\":\"https:\\\/\\\/digital58.com.ve\\\/site\\\/2022\\\/02\\\/04\\\/pekin-inaugura-los-juegos-olimpicos-de-invierno-2022\\\/\",\"name\":\"Pek\u00edn inaugura los Juegos Ol\u00edmpicos de Invierno 2022\",\"isPartOf\":{\"@id\":\"https:\\\/\\\/digital58.com.ve\\\/site\\\/#website\"},\"primaryImageOfPage\":{\"@id\":\"https:\\\/\\\/digital58.com.ve\\\/site\\\/2022\\\/02\\\/04\\\/pekin-inaugura-los-juegos-olimpicos-de-invierno-2022\\\/#primaryimage\"},\"image\":{\"@id\":\"https:\\\/\\\/digital58.com.ve\\\/site\\\/2022\\\/02\\\/04\\\/pekin-inaugura-los-juegos-olimpicos-de-invierno-2022\\\/#primaryimage\"},\"thumbnailUrl\":\"https:\\\/\\\/digital58.com.ve\\\/site\\\/wp-content\\\/uploads\\\/2022\\\/02\\\/ceremonia-Pekin1.jpg\",\"datePublished\":\"2022-02-04T13:31:34+00:00\",\"description\":\"Deportes\",\"breadcrumb\":{\"@id\":\"https:\\\/\\\/digital58.com.ve\\\/site\\\/2022\\\/02\\\/04\\\/pekin-inaugura-los-juegos-olimpicos-de-invierno-2022\\\/#breadcrumb\"},\"inLanguage\":\"es\",\"potentialAction\":[{\"@type\":\"ReadAction\",\"target\":[\"https:\\\/\\\/digital58.com.ve\\\/site\\\/2022\\\/02\\\/04\\\/pekin-inaugura-los-juegos-olimpicos-de-invierno-2022\\\/\"]}]},{\"@type\":\"ImageObject\",\"inLanguage\":\"es\",\"@id\":\"https:\\\/\\\/digital58.com.ve\\\/site\\\/2022\\\/02\\\/04\\\/pekin-inaugura-los-juegos-olimpicos-de-invierno-2022\\\/#primaryimage\",\"url\":\"https:\\\/\\\/digital58.com.ve\\\/site\\\/wp-content\\\/uploads\\\/2022\\\/02\\\/ceremonia-Pekin1.jpg\",\"contentUrl\":\"https:\\\/\\\/digital58.com.ve\\\/site\\\/wp-content\\\/uploads\\\/2022\\\/02\\\/ceremonia-Pekin1.jpg\",\"width\":1024,\"height\":576},{\"@type\":\"BreadcrumbList\",\"@id\":\"https:\\\/\\\/digital58.com.ve\\\/site\\\/2022\\\/02\\\/04\\\/pekin-inaugura-los-juegos-olimpicos-de-invierno-2022\\\/#breadcrumb\",\"itemListElement\":[{\"@type\":\"ListItem\",\"position\":1,\"name\":\"Home\",\"item\":\"https:\\\/\\\/digital58.com.ve\\\/site\\\/\"},{\"@type\":\"ListItem\",\"position\":2,\"name\":\"Pek\u00edn inaugura los Juegos Ol\u00edmpicos de Invierno 2022\"}]},{\"@type\":\"WebSite\",\"@id\":\"https:\\\/\\\/digital58.com.ve\\\/site\\\/#website\",\"url\":\"https:\\\/\\\/digital58.com.ve\\\/site\\\/\",\"name\":\"Noticias Digital58\",\"description\":\"Portal de Noticias \u00a1Periodismo web de verdad! Lanzamiento web 22.11.2005 \\\/ Maracaibo, Venezuela\",\"publisher\":{\"@id\":\"https:\\\/\\\/digital58.com.ve\\\/site\\\/#\\\/schema\\\/person\\\/64d1c2e4d0d4fd1b849980c4331c2951\"},\"alternateName\":\"ND58\",\"potentialAction\":[{\"@type\":\"SearchAction\",\"target\":{\"@type\":\"EntryPoint\",\"urlTemplate\":\"https:\\\/\\\/digital58.com.ve\\\/site\\\/?s={search_term_string}\"},\"query-input\":{\"@type\":\"PropertyValueSpecification\",\"valueRequired\":true,\"valueName\":\"search_term_string\"}}],\"inLanguage\":\"es\"},{\"@type\":[\"Person\",\"Organization\"],\"@id\":\"https:\\\/\\\/digital58.com.ve\\\/site\\\/#\\\/schema\\\/person\\\/64d1c2e4d0d4fd1b849980c4331c2951\",\"name\":\"Villasmil Henry\",\"image\":{\"@type\":\"ImageObject\",\"inLanguage\":\"es\",\"@id\":\"https:\\\/\\\/secure.gravatar.com\\\/avatar\\\/bb0c4a2fcb7970138239f7e404ea75757b1b507b28b5ce4c53fbd62d797c5a7c?s=96&d=mm&r=g\",\"url\":\"https:\\\/\\\/secure.gravatar.com\\\/avatar\\\/bb0c4a2fcb7970138239f7e404ea75757b1b507b28b5ce4c53fbd62d797c5a7c?s=96&d=mm&r=g\",\"contentUrl\":\"https:\\\/\\\/secure.gravatar.com\\\/avatar\\\/bb0c4a2fcb7970138239f7e404ea75757b1b507b28b5ce4c53fbd62d797c5a7c?s=96&d=mm&r=g\",\"caption\":\"Villasmil Henry\"},\"logo\":{\"@id\":\"https:\\\/\\\/secure.gravatar.com\\\/avatar\\\/bb0c4a2fcb7970138239f7e404ea75757b1b507b28b5ce4c53fbd62d797c5a7c?s=96&d=mm&r=g\"},\"sameAs\":[\"http:\\\/\\\/www.henryvillasmil.com.ve\",\"https:\\\/\\\/www.instagram.com\\\/villasmilhfoto\\\/\",\"https:\\\/\\\/x.com\\\/https:\\\/\\\/twitter.com\\\/villasmilhfoto\"]},{\"@type\":\"Person\",\"@id\":\"https:\\\/\\\/digital58.com.ve\\\/site\\\/#\\\/schema\\\/person\\\/7c2c83fb27249d7c6f59c30c7f141381\",\"name\":\"Victor Infante\",\"image\":{\"@type\":\"ImageObject\",\"inLanguage\":\"es\",\"@id\":\"https:\\\/\\\/secure.gravatar.com\\\/avatar\\\/106ae6d84ee67222a78df20df89da71bb5069c89d1fd27272140999a3f842596?s=96&d=mm&r=g\",\"url\":\"https:\\\/\\\/secure.gravatar.com\\\/avatar\\\/106ae6d84ee67222a78df20df89da71bb5069c89d1fd27272140999a3f842596?s=96&d=mm&r=g\",\"contentUrl\":\"https:\\\/\\\/secure.gravatar.com\\\/avatar\\\/106ae6d84ee67222a78df20df89da71bb5069c89d1fd27272140999a3f842596?s=96&d=mm&r=g\",\"caption\":\"Victor Infante\"},\"url\":\"https:\\\/\\\/digital58.com.ve\\\/site\\\/author\\\/vinfante22\\\/\"}]}<\/script>\n<!-- \/ Yoast SEO plugin. -->","yoast_head_json":{"title":"Pek\u00edn inaugura los Juegos Ol\u00edmpicos de Invierno 2022","description":"Deportes","robots":{"index":"index","follow":"follow","max-snippet":"max-snippet:-1","max-image-preview":"max-image-preview:large","max-video-preview":"max-video-preview:-1"},"canonical":"https:\/\/digital58.com.ve\/site\/2022\/02\/04\/pekin-inaugura-los-juegos-olimpicos-de-invierno-2022\/","og_locale":"es_ES","og_type":"article","og_title":"Pek\u00edn inaugura los Juegos Ol\u00edmpicos de Invierno 2022","og_description":"Deportes","og_url":"https:\/\/digital58.com.ve\/site\/2022\/02\/04\/pekin-inaugura-los-juegos-olimpicos-de-invierno-2022\/","og_site_name":"Noticias Digital58","article_published_time":"2022-02-04T13:31:34+00:00","og_image":[{"width":1024,"height":576,"url":"https:\/\/digital58.com.ve\/site\/wp-content\/uploads\/2022\/02\/ceremonia-Pekin1.jpg","type":"image\/jpeg"}],"author":"Victor Infante","twitter_card":"summary_large_image","twitter_creator":"@Digital_58","twitter_site":"@villasmilhfoto","twitter_misc":{"Escrito por":"Victor Infante","Tiempo estimado de lectura":"2 minutos"},"schema":{"@context":"https:\/\/schema.org","@graph":[{"@type":"Article","@id":"https:\/\/digital58.com.ve\/site\/2022\/02\/04\/pekin-inaugura-los-juegos-olimpicos-de-invierno-2022\/#article","isPartOf":{"@id":"https:\/\/digital58.com.ve\/site\/2022\/02\/04\/pekin-inaugura-los-juegos-olimpicos-de-invierno-2022\/"},"author":{"name":"Victor Infante","@id":"https:\/\/digital58.com.ve\/site\/#\/schema\/person\/7c2c83fb27249d7c6f59c30c7f141381"},"headline":"Pek\u00edn inaugura los Juegos Ol\u00edmpicos de Invierno 2022","datePublished":"2022-02-04T13:31:34+00:00","mainEntityOfPage":{"@id":"https:\/\/digital58.com.ve\/site\/2022\/02\/04\/pekin-inaugura-los-juegos-olimpicos-de-invierno-2022\/"},"wordCount":421,"commentCount":0,"publisher":{"@id":"https:\/\/digital58.com.ve\/site\/#\/schema\/person\/64d1c2e4d0d4fd1b849980c4331c2951"},"image":{"@id":"https:\/\/digital58.com.ve\/site\/2022\/02\/04\/pekin-inaugura-los-juegos-olimpicos-de-invierno-2022\/#primaryimage"},"thumbnailUrl":"https:\/\/digital58.com.ve\/site\/wp-content\/uploads\/2022\/02\/ceremonia-Pekin1.jpg","keywords":["China","Deportes","Internacionales","Juegos Ol\u00edmpicos","Juegos Ol\u00edmpicos de Invierno","Pek\u00edn"],"articleSection":["Deportes"],"inLanguage":"es","potentialAction":[{"@type":"CommentAction","name":"Comment","target":["https:\/\/digital58.com.ve\/site\/2022\/02\/04\/pekin-inaugura-los-juegos-olimpicos-de-invierno-2022\/#respond"]}]},{"@type":"WebPage","@id":"https:\/\/digital58.com.ve\/site\/2022\/02\/04\/pekin-inaugura-los-juegos-olimpicos-de-invierno-2022\/","url":"https:\/\/digital58.com.ve\/site\/2022\/02\/04\/pekin-inaugura-los-juegos-olimpicos-de-invierno-2022\/","name":"Pek\u00edn inaugura los Juegos Ol\u00edmpicos de Invierno 2022","isPartOf":{"@id":"https:\/\/digital58.com.ve\/site\/#website"},"primaryImageOfPage":{"@id":"https:\/\/digital58.com.ve\/site\/2022\/02\/04\/pekin-inaugura-los-juegos-olimpicos-de-invierno-2022\/#primaryimage"},"image":{"@id":"https:\/\/digital58.com.ve\/site\/2022\/02\/04\/pekin-inaugura-los-juegos-olimpicos-de-invierno-2022\/#primaryimage"},"thumbnailUrl":"https:\/\/digital58.com.ve\/site\/wp-content\/uploads\/2022\/02\/ceremonia-Pekin1.jpg","datePublished":"2022-02-04T13:31:34+00:00","description":"Deportes","breadcrumb":{"@id":"https:\/\/digital58.com.ve\/site\/2022\/02\/04\/pekin-inaugura-los-juegos-olimpicos-de-invierno-2022\/#breadcrumb"},"inLanguage":"es","potentialAction":[{"@type":"ReadAction","target":["https:\/\/digital58.com.ve\/site\/2022\/02\/04\/pekin-inaugura-los-juegos-olimpicos-de-invierno-2022\/"]}]},{"@type":"ImageObject","inLanguage":"es","@id":"https:\/\/digital58.com.ve\/site\/2022\/02\/04\/pekin-inaugura-los-juegos-olimpicos-de-invierno-2022\/#primaryimage","url":"https:\/\/digital58.com.ve\/site\/wp-content\/uploads\/2022\/02\/ceremonia-Pekin1.jpg","contentUrl":"https:\/\/digital58.com.ve\/site\/wp-content\/uploads\/2022\/02\/ceremonia-Pekin1.jpg","width":1024,"height":576},{"@type":"BreadcrumbList","@id":"https:\/\/digital58.com.ve\/site\/2022\/02\/04\/pekin-inaugura-los-juegos-olimpicos-de-invierno-2022\/#breadcrumb","itemListElement":[{"@type":"ListItem","position":1,"name":"Home","item":"https:\/\/digital58.com.ve\/site\/"},{"@type":"ListItem","position":2,"name":"Pek\u00edn inaugura los Juegos Ol\u00edmpicos de Invierno 2022"}]},{"@type":"WebSite","@id":"https:\/\/digital58.com.ve\/site\/#website","url":"https:\/\/digital58.com.ve\/site\/","name":"Noticias Digital58","description":"Portal de Noticias \u00a1Periodismo web de verdad! Lanzamiento web 22.11.2005 \/ Maracaibo, Venezuela","publisher":{"@id":"https:\/\/digital58.com.ve\/site\/#\/schema\/person\/64d1c2e4d0d4fd1b849980c4331c2951"},"alternateName":"ND58","potentialAction":[{"@type":"SearchAction","target":{"@type":"EntryPoint","urlTemplate":"https:\/\/digital58.com.ve\/site\/?s={search_term_string}"},"query-input":{"@type":"PropertyValueSpecification","valueRequired":true,"valueName":"search_term_string"}}],"inLanguage":"es"},{"@type":["Person","Organization"],"@id":"https:\/\/digital58.com.ve\/site\/#\/schema\/person\/64d1c2e4d0d4fd1b849980c4331c2951","name":"Villasmil Henry","image":{"@type":"ImageObject","inLanguage":"es","@id":"https:\/\/secure.gravatar.com\/avatar\/bb0c4a2fcb7970138239f7e404ea75757b1b507b28b5ce4c53fbd62d797c5a7c?s=96&d=mm&r=g","url":"https:\/\/secure.gravatar.com\/avatar\/bb0c4a2fcb7970138239f7e404ea75757b1b507b28b5ce4c53fbd62d797c5a7c?s=96&d=mm&r=g","contentUrl":"https:\/\/secure.gravatar.com\/avatar\/bb0c4a2fcb7970138239f7e404ea75757b1b507b28b5ce4c53fbd62d797c5a7c?s=96&d=mm&r=g","caption":"Villasmil Henry"},"logo":{"@id":"https:\/\/secure.gravatar.com\/avatar\/bb0c4a2fcb7970138239f7e404ea75757b1b507b28b5ce4c53fbd62d797c5a7c?s=96&d=mm&r=g"},"sameAs":["http:\/\/www.henryvillasmil.com.ve","https:\/\/www.instagram.com\/villasmilhfoto\/","https:\/\/x.com\/https:\/\/twitter.com\/villasmilhfoto"]},{"@type":"Person","@id":"https:\/\/digital58.com.ve\/site\/#\/schema\/person\/7c2c83fb27249d7c6f59c30c7f141381","name":"Victor Infante","image":{"@type":"ImageObject","inLanguage":"es","@id":"https:\/\/secure.gravatar.com\/avatar\/106ae6d84ee67222a78df20df89da71bb5069c89d1fd27272140999a3f842596?s=96&d=mm&r=g","url":"https:\/\/secure.gravatar.com\/avatar\/106ae6d84ee67222a78df20df89da71bb5069c89d1fd27272140999a3f842596?s=96&d=mm&r=g","contentUrl":"https:\/\/secure.gravatar.com\/avatar\/106ae6d84ee67222a78df20df89da71bb5069c89d1fd27272140999a3f842596?s=96&d=mm&r=g","caption":"Victor Infante"},"url":"https:\/\/digital58.com.ve\/site\/author\/vinfante22\/"}]}},"uagb_featured_image_src":{"full":["https:\/\/digital58.com.ve\/site\/wp-content\/uploads\/2022\/02\/ceremonia-Pekin1.jpg",1024,576,false],"thumbnail":["https:\/\/digital58.com.ve\/site\/wp-content\/uploads\/2022\/02\/ceremonia-Pekin1-150x150.jpg",150,150,true],"medium":["https:\/\/digital58.com.ve\/site\/wp-content\/uploads\/2022\/02\/ceremonia-Pekin1-300x169.jpg",300,169,true],"medium_large":["https:\/\/digital58.com.ve\/site\/wp-content\/uploads\/2022\/02\/ceremonia-Pekin1-768x432.jpg",768,432,true],"large":["https:\/\/digital58.com.ve\/site\/wp-content\/uploads\/2022\/02\/ceremonia-Pekin1.jpg",800,450,false],"1536x1536":["https:\/\/digital58.com.ve\/site\/wp-content\/uploads\/2022\/02\/ceremonia-Pekin1.jpg",1024,576,false],"2048x2048":["https:\/\/digital58.com.ve\/site\/wp-content\/uploads\/2022\/02\/ceremonia-Pekin1.jpg",1024,576,false],"colormag-highlighted-post":["https:\/\/digital58.com.ve\/site\/wp-content\/uploads\/2022\/02\/ceremonia-Pekin1.jpg",392,221,false],"colormag-featured-post-medium":["https:\/\/digital58.com.ve\/site\/wp-content\/uploads\/2022\/02\/ceremonia-Pekin1.jpg",364,205,false],"colormag-featured-post-small":["https:\/\/digital58.com.ve\/site\/wp-content\/uploads\/2022\/02\/ceremonia-Pekin1.jpg",130,73,false],"colormag-featured-image":["https:\/\/digital58.com.ve\/site\/wp-content\/uploads\/2022\/02\/ceremonia-Pekin1.jpg",791,445,false],"colormag-default-news":["https:\/\/digital58.com.ve\/site\/wp-content\/uploads\/2022\/02\/ceremonia-Pekin1.jpg",150,84,false],"colormag-featured-image-large":["https:\/\/digital58.com.ve\/site\/wp-content\/uploads\/2022\/02\/ceremonia-Pekin1.jpg",1024,576,false]},"uagb_author_info":{"display_name":"Victor Infante","author_link":"https:\/\/digital58.com.ve\/site\/author\/vinfante22\/"},"uagb_comment_info":0,"uagb_excerpt":"La ceremonia de apertura de los Juegos Ol\u00edmpicos de Invierno 2022 en Pek\u00edn, el 4 de febrero de 2022. Pek\u00edn,","_links":{"self":[{"href":"https:\/\/digital58.com.ve\/site\/wp-json\/wp\/v2\/posts\/148226","targetHints":{"allow":["GET"]}}],"collection":[{"href":"https:\/\/digital58.com.ve\/site\/wp-json\/wp\/v2\/posts"}],"about":[{"href":"https:\/\/digital58.com.ve\/site\/wp-json\/wp\/v2\/types\/post"}],"author":[{"embeddable":true,"href":"https:\/\/digital58.com.ve\/site\/wp-json\/wp\/v2\/users\/40"}],"replies":[{"embeddable":true,"href":"https:\/\/digital58.com.ve\/site\/wp-json\/wp\/v2\/comments?post=148226"}],"version-history":[{"count":0,"href":"https:\/\/digital58.com.ve\/site\/wp-json\/wp\/v2\/posts\/148226\/revisions"}],"wp:featuredmedia":[{"embeddable":true,"href":"https:\/\/digital58.com.ve\/site\/wp-json\/wp\/v2\/media\/148228"}],"wp:attachment":[{"href":"https:\/\/digital58.com.ve\/site\/wp-json\/wp\/v2\/media?parent=148226"}],"wp:term":[{"taxonomy":"category","embeddable":true,"href":"https:\/\/digital58.com.ve\/site\/wp-json\/wp\/v2\/categories?post=148226"},{"taxonomy":"post_tag","embeddable":true,"href":"https:\/\/digital58.com.ve\/site\/wp-json\/wp\/v2\/tags?post=148226"}],"curies":[{"name":"wp","href":"https:\/\/api.w.org\/{rel}","templated":true}]}}