{"id":148238,"date":"2022-02-04T12:12:31","date_gmt":"2022-02-04T16:12:31","guid":{"rendered":"https:\/\/digital58.com.ve\/site\/?p=148238"},"modified":"2022-02-04T12:12:31","modified_gmt":"2022-02-04T16:12:31","slug":"conmemoran-en-venezuela-los-30-anos-de-la-rebelion-civico-militar-encabezada-por-hugo-chavez","status":"publish","type":"post","link":"https:\/\/digital58.com.ve\/site\/2022\/02\/04\/conmemoran-en-venezuela-los-30-anos-de-la-rebelion-civico-militar-encabezada-por-hugo-chavez\/","title":{"rendered":"Conmemoran en Venezuela los 30 a\u00f1os de la rebeli\u00f3n c\u00edvico militar encabezada por Hugo Ch\u00e1vez"},"content":{"rendered":"<p><a href=\"https:\/\/digital58.com.ve\/site\/wp-content\/uploads\/2022\/02\/chavez.jpg\"><img loading=\"lazy\" decoding=\"async\" class=\"size-full wp-image-148247\" src=\"https:\/\/digital58.com.ve\/site\/wp-content\/uploads\/2022\/02\/chavez.jpg\" alt=\"\" width=\"900\" height=\"592\" srcset=\"https:\/\/digital58.com.ve\/site\/wp-content\/uploads\/2022\/02\/chavez.jpg 900w, https:\/\/digital58.com.ve\/site\/wp-content\/uploads\/2022\/02\/chavez-300x197.jpg 300w, https:\/\/digital58.com.ve\/site\/wp-content\/uploads\/2022\/02\/chavez-768x505.jpg 768w\" sizes=\"auto, (max-width: 900px) 100vw, 900px\" \/><\/a><\/p>\n<p>A unas horas de cumplirse los 30 a\u00f1os del acontecimiento, la Asamblea Nacional exhort\u00f3 a las dem\u00e1s instituciones del Estado a realizar actividades que enaltezcan la memoria hist\u00f3rica en torno a los hechos del 4 de febrero.<\/p>\n<p><strong>Caracas, DC, Venezuela, 04 de febrero de 2022 (ND58).-<\/strong> La Asamblea Nacional de Venezuela aprob\u00f3 un acuerdo oficial para conmemorar los 30 a\u00f1os de la rebeli\u00f3n c\u00edvico militar antiimperialista que encabez\u00f3, en 1992, el fallecido presidente Hugo Ch\u00e1vez y que marc\u00f3 el punto de partida de una nueva etapa hist\u00f3rica en este pa\u00eds.<\/p>\n<p>El jefe de la fracci\u00f3n oficialista en el parlamento nacional, Diosdado Cabello, participante de la rebeli\u00f3n de 1992, rechaz\u00f3 que al alzamiento se le denomine \u00abgolpe de Estado\u00bb y destac\u00f3 que, desde su g\u00e9nesis, el movimiento armado tuvo vocaci\u00f3n popular y antiimperialista.<\/p>\n<p>Adem\u00e1s, apunt\u00f3 que, a su juicio, \u00abno hay golpe de Estado en el mundo que no est\u00e9 dirigido por Estados Unidos\u00bb.<\/p>\n<p>\u00abUn d\u00eda como hoy saldr\u00edamos indoblegables y rebeldes contra el imperialismo, los Estados Unidos y el neoliberalismo: He aqu\u00ed una prueba, 30 a\u00f1os despu\u00e9s, seguimos en contra del imperialismo y hemos dado muestras de ello\u00bb, asever\u00f3 Cabello.<\/p>\n<p>Por su parte, el presidente venezolano, Nicol\u00e1s Maduro, encabez\u00f3 esta noche otro acto conmemorativo alusivo a los 30 a\u00f1os del evento hist\u00f3rico y asegur\u00f3 que \u00abaquella madrugada del 4 de febrero de 1992, Venezuela vivi\u00f3 el estremecimiento pol\u00edtico y espiritual m\u00e1s grande que se haya conocido desde la \u00e9poca de la independencia\u00bb.<\/p>\n<p>Respecto a los hechos del 4 de febrero, Maduro resalt\u00f3 que fue el pueblo de Venezuela quien se alz\u00f3 en las calles, por primera vez en Am\u00e9rica Latina, contra el sometimiento pol\u00edtico y econ\u00f3mico del imperialismo estadounidense a las naciones y pueblos de la regi\u00f3n.<\/p>\n<p>Agradeci\u00f3 a quienes, hace 30 a\u00f1os, desde las filas militares y civiles \u00abechaban el miedo a la espalda, y se lanzaban a salvar la patria, aquella juventud comprendi\u00f3 que eran ellos o no era nadie, era ese momento o no era nunca\u00bb.<\/p>\n<p><strong>Redacci\u00f3n ND58 | Fuente: Xinhua<\/strong><br \/>\n<strong>Edici\u00f3n: Villasmil, Henry<\/strong><br \/>\n<strong>Gr\u00e1fica: Xinhua\/Marcos Salgado<\/strong><\/p>\n<p>&nbsp;<\/p>\n<p>&nbsp;<\/p><div class=\"ehzzk69ec525f55253\" ><p style=\"text-align: center;\"><a href=\"https:\/\/t.me\/noticiasdigital58\" target=\"_blank\" rel=\"noopener\"><img class=\"aligncenter size-full wp-image-125363\" src=\"https:\/\/digital58.com.ve\/site\/wp-content\/uploads\/2021\/04\/banner-telegram-web-2021.png\" alt=\"\" width=\"600\" height=\"90\" \/><\/a><\/p><\/div><style type=\"text\/css\">\r\n@media screen and (min-width: 1201px) {\r\n.ehzzk69ec525f55253 {\r\ndisplay: block;\r\n}\r\n}\r\n@media screen and (min-width: 993px) and (max-width: 1200px) {\r\n.ehzzk69ec525f55253 {\r\ndisplay: block;\r\n}\r\n}\r\n@media screen and (min-width: 769px) and (max-width: 992px) {\r\n.ehzzk69ec525f55253 {\r\ndisplay: block;\r\n}\r\n}\r\n@media screen and (min-width: 768px) and (max-width: 768px) {\r\n.ehzzk69ec525f55253 {\r\ndisplay: block;\r\n}\r\n}\r\n@media screen and (max-width: 767px) {\r\n.ehzzk69ec525f55253 {\r\ndisplay: block;\r\n}\r\n}\r\n<\/style>\r\n\n<p>&nbsp;<\/p>\n<div style=\"margin-top: 0px; margin-bottom: 0px;\" class=\"sharethis-inline-share-buttons\" ><\/div>","protected":false},"excerpt":{"rendered":"<p>A unas horas de cumplirse los 30 a\u00f1os del acontecimiento, la Asamblea Nacional exhort\u00f3 a las dem\u00e1s instituciones del Estado<\/p>\n","protected":false},"author":1,"featured_media":148247,"comment_status":"open","ping_status":"closed","sticky":false,"template":"","format":"standard","meta":{"colormag_page_container_layout":"default_layout","colormag_page_sidebar_layout":"default_layout","_uag_custom_page_level_css":"","footnotes":""},"categories":[16454],"tags":[23043,11948,29,2719,16438,19785,233,14182,2733,27160],"class_list":["post-148238","post","type-post","status-publish","format-standard","has-post-thumbnail","hentry","category-venezuela","tag-4-de-febrero","tag-asamblea-nacional-de-venezuela","tag-caracas","tag-diosdado-cabello","tag-golpe-de-estado","tag-hugo-chavez-frias","tag-nacionales","tag-nicolas-maduro-moros","tag-psuv","tag-rebelion-civico-militar"],"yoast_head":"<!-- This site is optimized with the Yoast SEO plugin v27.4 - https:\/\/yoast.com\/product\/yoast-seo-wordpress\/ -->\n<title>Conmemoran en Venezuela los 30 a\u00f1os de la rebeli\u00f3n c\u00edvico militar encabezada por Hugo Ch\u00e1vez<\/title>\n<meta name=\"description\" content=\"Venezuela\" \/>\n<meta name=\"robots\" content=\"index, follow, max-snippet:-1, max-image-preview:large, max-video-preview:-1\" \/>\n<link rel=\"canonical\" href=\"https:\/\/digital58.com.ve\/site\/2022\/02\/04\/conmemoran-en-venezuela-los-30-anos-de-la-rebelion-civico-militar-encabezada-por-hugo-chavez\/\" \/>\n<meta property=\"og:locale\" content=\"es_ES\" \/>\n<meta property=\"og:type\" content=\"article\" \/>\n<meta property=\"og:title\" content=\"Conmemoran en Venezuela los 30 a\u00f1os de la rebeli\u00f3n c\u00edvico militar encabezada por Hugo Ch\u00e1vez\" \/>\n<meta property=\"og:description\" content=\"Venezuela\" \/>\n<meta property=\"og:url\" content=\"https:\/\/digital58.com.ve\/site\/2022\/02\/04\/conmemoran-en-venezuela-los-30-anos-de-la-rebelion-civico-militar-encabezada-por-hugo-chavez\/\" \/>\n<meta property=\"og:site_name\" content=\"Noticias Digital58\" \/>\n<meta property=\"article:published_time\" content=\"2022-02-04T16:12:31+00:00\" \/>\n<meta property=\"og:image\" content=\"https:\/\/digital58.com.ve\/site\/wp-content\/uploads\/2022\/02\/chavez.jpg\" \/>\n\t<meta property=\"og:image:width\" content=\"900\" \/>\n\t<meta property=\"og:image:height\" content=\"592\" \/>\n\t<meta property=\"og:image:type\" content=\"image\/jpeg\" \/>\n<meta name=\"author\" content=\"Villasmil Henry\" \/>\n<meta name=\"twitter:card\" content=\"summary_large_image\" \/>\n<meta name=\"twitter:creator\" content=\"@https:\/\/twitter.com\/villasmilhfoto\" \/>\n<meta name=\"twitter:site\" content=\"@villasmilhfoto\" \/>\n<meta name=\"twitter:label1\" content=\"Escrito por\" \/>\n\t<meta name=\"twitter:data1\" content=\"Villasmil Henry\" \/>\n\t<meta name=\"twitter:label2\" content=\"Tiempo estimado de lectura\" \/>\n\t<meta name=\"twitter:data2\" content=\"2 minutos\" \/>\n<script type=\"application\/ld+json\" class=\"yoast-schema-graph\">{\"@context\":\"https:\\\/\\\/schema.org\",\"@graph\":[{\"@type\":\"Article\",\"@id\":\"https:\\\/\\\/digital58.com.ve\\\/site\\\/2022\\\/02\\\/04\\\/conmemoran-en-venezuela-los-30-anos-de-la-rebelion-civico-militar-encabezada-por-hugo-chavez\\\/#article\",\"isPartOf\":{\"@id\":\"https:\\\/\\\/digital58.com.ve\\\/site\\\/2022\\\/02\\\/04\\\/conmemoran-en-venezuela-los-30-anos-de-la-rebelion-civico-militar-encabezada-por-hugo-chavez\\\/\"},\"author\":{\"name\":\"Villasmil Henry\",\"@id\":\"https:\\\/\\\/digital58.com.ve\\\/site\\\/#\\\/schema\\\/person\\\/64d1c2e4d0d4fd1b849980c4331c2951\"},\"headline\":\"Conmemoran en Venezuela los 30 a\u00f1os de la rebeli\u00f3n c\u00edvico militar encabezada por Hugo Ch\u00e1vez\",\"datePublished\":\"2022-02-04T16:12:31+00:00\",\"mainEntityOfPage\":{\"@id\":\"https:\\\/\\\/digital58.com.ve\\\/site\\\/2022\\\/02\\\/04\\\/conmemoran-en-venezuela-los-30-anos-de-la-rebelion-civico-militar-encabezada-por-hugo-chavez\\\/\"},\"wordCount\":380,\"commentCount\":0,\"publisher\":{\"@id\":\"https:\\\/\\\/digital58.com.ve\\\/site\\\/#\\\/schema\\\/person\\\/64d1c2e4d0d4fd1b849980c4331c2951\"},\"image\":{\"@id\":\"https:\\\/\\\/digital58.com.ve\\\/site\\\/2022\\\/02\\\/04\\\/conmemoran-en-venezuela-los-30-anos-de-la-rebelion-civico-militar-encabezada-por-hugo-chavez\\\/#primaryimage\"},\"thumbnailUrl\":\"https:\\\/\\\/digital58.com.ve\\\/site\\\/wp-content\\\/uploads\\\/2022\\\/02\\\/chavez.jpg\",\"keywords\":[\"4 de Febrero\",\"Asamblea Nacional de Venezuela\",\"Caracas\",\"Diosdado Cabello\",\"Golpe de Estado\",\"Hugo Ch\u00e1vez Fr\u00edas\",\"Nacionales\",\"Nicol\u00e1s Maduro Moros\",\"PSUV\",\"Rebeli\u00f3n c\u00edvico militar\"],\"articleSection\":[\"Venezuela\"],\"inLanguage\":\"es\",\"potentialAction\":[{\"@type\":\"CommentAction\",\"name\":\"Comment\",\"target\":[\"https:\\\/\\\/digital58.com.ve\\\/site\\\/2022\\\/02\\\/04\\\/conmemoran-en-venezuela-los-30-anos-de-la-rebelion-civico-militar-encabezada-por-hugo-chavez\\\/#respond\"]}]},{\"@type\":\"WebPage\",\"@id\":\"https:\\\/\\\/digital58.com.ve\\\/site\\\/2022\\\/02\\\/04\\\/conmemoran-en-venezuela-los-30-anos-de-la-rebelion-civico-militar-encabezada-por-hugo-chavez\\\/\",\"url\":\"https:\\\/\\\/digital58.com.ve\\\/site\\\/2022\\\/02\\\/04\\\/conmemoran-en-venezuela-los-30-anos-de-la-rebelion-civico-militar-encabezada-por-hugo-chavez\\\/\",\"name\":\"Conmemoran en Venezuela los 30 a\u00f1os de la rebeli\u00f3n c\u00edvico militar encabezada por Hugo Ch\u00e1vez\",\"isPartOf\":{\"@id\":\"https:\\\/\\\/digital58.com.ve\\\/site\\\/#website\"},\"primaryImageOfPage\":{\"@id\":\"https:\\\/\\\/digital58.com.ve\\\/site\\\/2022\\\/02\\\/04\\\/conmemoran-en-venezuela-los-30-anos-de-la-rebelion-civico-militar-encabezada-por-hugo-chavez\\\/#primaryimage\"},\"image\":{\"@id\":\"https:\\\/\\\/digital58.com.ve\\\/site\\\/2022\\\/02\\\/04\\\/conmemoran-en-venezuela-los-30-anos-de-la-rebelion-civico-militar-encabezada-por-hugo-chavez\\\/#primaryimage\"},\"thumbnailUrl\":\"https:\\\/\\\/digital58.com.ve\\\/site\\\/wp-content\\\/uploads\\\/2022\\\/02\\\/chavez.jpg\",\"datePublished\":\"2022-02-04T16:12:31+00:00\",\"description\":\"Venezuela\",\"breadcrumb\":{\"@id\":\"https:\\\/\\\/digital58.com.ve\\\/site\\\/2022\\\/02\\\/04\\\/conmemoran-en-venezuela-los-30-anos-de-la-rebelion-civico-militar-encabezada-por-hugo-chavez\\\/#breadcrumb\"},\"inLanguage\":\"es\",\"potentialAction\":[{\"@type\":\"ReadAction\",\"target\":[\"https:\\\/\\\/digital58.com.ve\\\/site\\\/2022\\\/02\\\/04\\\/conmemoran-en-venezuela-los-30-anos-de-la-rebelion-civico-militar-encabezada-por-hugo-chavez\\\/\"]}]},{\"@type\":\"ImageObject\",\"inLanguage\":\"es\",\"@id\":\"https:\\\/\\\/digital58.com.ve\\\/site\\\/2022\\\/02\\\/04\\\/conmemoran-en-venezuela-los-30-anos-de-la-rebelion-civico-militar-encabezada-por-hugo-chavez\\\/#primaryimage\",\"url\":\"https:\\\/\\\/digital58.com.ve\\\/site\\\/wp-content\\\/uploads\\\/2022\\\/02\\\/chavez.jpg\",\"contentUrl\":\"https:\\\/\\\/digital58.com.ve\\\/site\\\/wp-content\\\/uploads\\\/2022\\\/02\\\/chavez.jpg\",\"width\":900,\"height\":592,\"caption\":\"(211004) -- CARACAS, 4 octubre, 2021 (Xinhua) -- Una persona sostiene una pintura del expresidente venezolano, Hugo Ch\u00e1vez, durante una marcha en el marco del D\u00eda Mundial del H\u00e1bitat, en Caracas, Venezuela, el 4 de octubre de 2021. La Organizaci\u00f3n de las Naciones Unidas design\u00f3 el primer lunes de octubre de cada a\u00f1o como D\u00eda Mundial del H\u00e1bitat con el objetivo de reflexionar sobre el estado de los h\u00e1bitats y sobre el derecho b\u00e1sico de todos a una vivienda adecuada. El tema de este a\u00f1o es \\\"Acelerar la acci\u00f3n urbana para un mundo libre de carbono.\\\" (Xinhua\\\/Marcos Salgado) (ms) (rtg) (ra) (vf)\"},{\"@type\":\"BreadcrumbList\",\"@id\":\"https:\\\/\\\/digital58.com.ve\\\/site\\\/2022\\\/02\\\/04\\\/conmemoran-en-venezuela-los-30-anos-de-la-rebelion-civico-militar-encabezada-por-hugo-chavez\\\/#breadcrumb\",\"itemListElement\":[{\"@type\":\"ListItem\",\"position\":1,\"name\":\"Home\",\"item\":\"https:\\\/\\\/digital58.com.ve\\\/site\\\/\"},{\"@type\":\"ListItem\",\"position\":2,\"name\":\"Conmemoran en Venezuela los 30 a\u00f1os de la rebeli\u00f3n c\u00edvico militar encabezada por Hugo Ch\u00e1vez\"}]},{\"@type\":\"WebSite\",\"@id\":\"https:\\\/\\\/digital58.com.ve\\\/site\\\/#website\",\"url\":\"https:\\\/\\\/digital58.com.ve\\\/site\\\/\",\"name\":\"Noticias Digital58\",\"description\":\"Portal de Noticias \u00a1Periodismo web de verdad! Lanzamiento web 22.11.2005 \\\/ Maracaibo, Venezuela\",\"publisher\":{\"@id\":\"https:\\\/\\\/digital58.com.ve\\\/site\\\/#\\\/schema\\\/person\\\/64d1c2e4d0d4fd1b849980c4331c2951\"},\"alternateName\":\"ND58\",\"potentialAction\":[{\"@type\":\"SearchAction\",\"target\":{\"@type\":\"EntryPoint\",\"urlTemplate\":\"https:\\\/\\\/digital58.com.ve\\\/site\\\/?s={search_term_string}\"},\"query-input\":{\"@type\":\"PropertyValueSpecification\",\"valueRequired\":true,\"valueName\":\"search_term_string\"}}],\"inLanguage\":\"es\"},{\"@type\":[\"Person\",\"Organization\"],\"@id\":\"https:\\\/\\\/digital58.com.ve\\\/site\\\/#\\\/schema\\\/person\\\/64d1c2e4d0d4fd1b849980c4331c2951\",\"name\":\"Villasmil Henry\",\"image\":{\"@type\":\"ImageObject\",\"inLanguage\":\"es\",\"@id\":\"https:\\\/\\\/secure.gravatar.com\\\/avatar\\\/bb0c4a2fcb7970138239f7e404ea75757b1b507b28b5ce4c53fbd62d797c5a7c?s=96&d=mm&r=g\",\"url\":\"https:\\\/\\\/secure.gravatar.com\\\/avatar\\\/bb0c4a2fcb7970138239f7e404ea75757b1b507b28b5ce4c53fbd62d797c5a7c?s=96&d=mm&r=g\",\"contentUrl\":\"https:\\\/\\\/secure.gravatar.com\\\/avatar\\\/bb0c4a2fcb7970138239f7e404ea75757b1b507b28b5ce4c53fbd62d797c5a7c?s=96&d=mm&r=g\",\"caption\":\"Villasmil Henry\"},\"logo\":{\"@id\":\"https:\\\/\\\/secure.gravatar.com\\\/avatar\\\/bb0c4a2fcb7970138239f7e404ea75757b1b507b28b5ce4c53fbd62d797c5a7c?s=96&d=mm&r=g\"},\"sameAs\":[\"http:\\\/\\\/www.henryvillasmil.com.ve\",\"https:\\\/\\\/www.instagram.com\\\/villasmilhfoto\\\/\",\"https:\\\/\\\/x.com\\\/https:\\\/\\\/twitter.com\\\/villasmilhfoto\"],\"url\":\"https:\\\/\\\/digital58.com.ve\\\/site\\\/author\\\/droopy_68\\\/\"}]}<\/script>\n<!-- \/ Yoast SEO plugin. -->","yoast_head_json":{"title":"Conmemoran en Venezuela los 30 a\u00f1os de la rebeli\u00f3n c\u00edvico militar encabezada por Hugo Ch\u00e1vez","description":"Venezuela","robots":{"index":"index","follow":"follow","max-snippet":"max-snippet:-1","max-image-preview":"max-image-preview:large","max-video-preview":"max-video-preview:-1"},"canonical":"https:\/\/digital58.com.ve\/site\/2022\/02\/04\/conmemoran-en-venezuela-los-30-anos-de-la-rebelion-civico-militar-encabezada-por-hugo-chavez\/","og_locale":"es_ES","og_type":"article","og_title":"Conmemoran en Venezuela los 30 a\u00f1os de la rebeli\u00f3n c\u00edvico militar encabezada por Hugo Ch\u00e1vez","og_description":"Venezuela","og_url":"https:\/\/digital58.com.ve\/site\/2022\/02\/04\/conmemoran-en-venezuela-los-30-anos-de-la-rebelion-civico-militar-encabezada-por-hugo-chavez\/","og_site_name":"Noticias Digital58","article_published_time":"2022-02-04T16:12:31+00:00","og_image":[{"width":900,"height":592,"url":"https:\/\/digital58.com.ve\/site\/wp-content\/uploads\/2022\/02\/chavez.jpg","type":"image\/jpeg"}],"author":"Villasmil Henry","twitter_card":"summary_large_image","twitter_creator":"@https:\/\/twitter.com\/villasmilhfoto","twitter_site":"@villasmilhfoto","twitter_misc":{"Escrito por":"Villasmil Henry","Tiempo estimado de lectura":"2 minutos"},"schema":{"@context":"https:\/\/schema.org","@graph":[{"@type":"Article","@id":"https:\/\/digital58.com.ve\/site\/2022\/02\/04\/conmemoran-en-venezuela-los-30-anos-de-la-rebelion-civico-militar-encabezada-por-hugo-chavez\/#article","isPartOf":{"@id":"https:\/\/digital58.com.ve\/site\/2022\/02\/04\/conmemoran-en-venezuela-los-30-anos-de-la-rebelion-civico-militar-encabezada-por-hugo-chavez\/"},"author":{"name":"Villasmil Henry","@id":"https:\/\/digital58.com.ve\/site\/#\/schema\/person\/64d1c2e4d0d4fd1b849980c4331c2951"},"headline":"Conmemoran en Venezuela los 30 a\u00f1os de la rebeli\u00f3n c\u00edvico militar encabezada por Hugo Ch\u00e1vez","datePublished":"2022-02-04T16:12:31+00:00","mainEntityOfPage":{"@id":"https:\/\/digital58.com.ve\/site\/2022\/02\/04\/conmemoran-en-venezuela-los-30-anos-de-la-rebelion-civico-militar-encabezada-por-hugo-chavez\/"},"wordCount":380,"commentCount":0,"publisher":{"@id":"https:\/\/digital58.com.ve\/site\/#\/schema\/person\/64d1c2e4d0d4fd1b849980c4331c2951"},"image":{"@id":"https:\/\/digital58.com.ve\/site\/2022\/02\/04\/conmemoran-en-venezuela-los-30-anos-de-la-rebelion-civico-militar-encabezada-por-hugo-chavez\/#primaryimage"},"thumbnailUrl":"https:\/\/digital58.com.ve\/site\/wp-content\/uploads\/2022\/02\/chavez.jpg","keywords":["4 de Febrero","Asamblea Nacional de Venezuela","Caracas","Diosdado Cabello","Golpe de Estado","Hugo Ch\u00e1vez Fr\u00edas","Nacionales","Nicol\u00e1s Maduro Moros","PSUV","Rebeli\u00f3n c\u00edvico militar"],"articleSection":["Venezuela"],"inLanguage":"es","potentialAction":[{"@type":"CommentAction","name":"Comment","target":["https:\/\/digital58.com.ve\/site\/2022\/02\/04\/conmemoran-en-venezuela-los-30-anos-de-la-rebelion-civico-militar-encabezada-por-hugo-chavez\/#respond"]}]},{"@type":"WebPage","@id":"https:\/\/digital58.com.ve\/site\/2022\/02\/04\/conmemoran-en-venezuela-los-30-anos-de-la-rebelion-civico-militar-encabezada-por-hugo-chavez\/","url":"https:\/\/digital58.com.ve\/site\/2022\/02\/04\/conmemoran-en-venezuela-los-30-anos-de-la-rebelion-civico-militar-encabezada-por-hugo-chavez\/","name":"Conmemoran en Venezuela los 30 a\u00f1os de la rebeli\u00f3n c\u00edvico militar encabezada por Hugo Ch\u00e1vez","isPartOf":{"@id":"https:\/\/digital58.com.ve\/site\/#website"},"primaryImageOfPage":{"@id":"https:\/\/digital58.com.ve\/site\/2022\/02\/04\/conmemoran-en-venezuela-los-30-anos-de-la-rebelion-civico-militar-encabezada-por-hugo-chavez\/#primaryimage"},"image":{"@id":"https:\/\/digital58.com.ve\/site\/2022\/02\/04\/conmemoran-en-venezuela-los-30-anos-de-la-rebelion-civico-militar-encabezada-por-hugo-chavez\/#primaryimage"},"thumbnailUrl":"https:\/\/digital58.com.ve\/site\/wp-content\/uploads\/2022\/02\/chavez.jpg","datePublished":"2022-02-04T16:12:31+00:00","description":"Venezuela","breadcrumb":{"@id":"https:\/\/digital58.com.ve\/site\/2022\/02\/04\/conmemoran-en-venezuela-los-30-anos-de-la-rebelion-civico-militar-encabezada-por-hugo-chavez\/#breadcrumb"},"inLanguage":"es","potentialAction":[{"@type":"ReadAction","target":["https:\/\/digital58.com.ve\/site\/2022\/02\/04\/conmemoran-en-venezuela-los-30-anos-de-la-rebelion-civico-militar-encabezada-por-hugo-chavez\/"]}]},{"@type":"ImageObject","inLanguage":"es","@id":"https:\/\/digital58.com.ve\/site\/2022\/02\/04\/conmemoran-en-venezuela-los-30-anos-de-la-rebelion-civico-militar-encabezada-por-hugo-chavez\/#primaryimage","url":"https:\/\/digital58.com.ve\/site\/wp-content\/uploads\/2022\/02\/chavez.jpg","contentUrl":"https:\/\/digital58.com.ve\/site\/wp-content\/uploads\/2022\/02\/chavez.jpg","width":900,"height":592,"caption":"(211004) -- CARACAS, 4 octubre, 2021 (Xinhua) -- Una persona sostiene una pintura del expresidente venezolano, Hugo Ch\u00e1vez, durante una marcha en el marco del D\u00eda Mundial del H\u00e1bitat, en Caracas, Venezuela, el 4 de octubre de 2021. La Organizaci\u00f3n de las Naciones Unidas design\u00f3 el primer lunes de octubre de cada a\u00f1o como D\u00eda Mundial del H\u00e1bitat con el objetivo de reflexionar sobre el estado de los h\u00e1bitats y sobre el derecho b\u00e1sico de todos a una vivienda adecuada. El tema de este a\u00f1o es \"Acelerar la acci\u00f3n urbana para un mundo libre de carbono.\" (Xinhua\/Marcos Salgado) (ms) (rtg) (ra) (vf)"},{"@type":"BreadcrumbList","@id":"https:\/\/digital58.com.ve\/site\/2022\/02\/04\/conmemoran-en-venezuela-los-30-anos-de-la-rebelion-civico-militar-encabezada-por-hugo-chavez\/#breadcrumb","itemListElement":[{"@type":"ListItem","position":1,"name":"Home","item":"https:\/\/digital58.com.ve\/site\/"},{"@type":"ListItem","position":2,"name":"Conmemoran en Venezuela los 30 a\u00f1os de la rebeli\u00f3n c\u00edvico militar encabezada por Hugo Ch\u00e1vez"}]},{"@type":"WebSite","@id":"https:\/\/digital58.com.ve\/site\/#website","url":"https:\/\/digital58.com.ve\/site\/","name":"Noticias Digital58","description":"Portal de Noticias \u00a1Periodismo web de verdad! Lanzamiento web 22.11.2005 \/ Maracaibo, Venezuela","publisher":{"@id":"https:\/\/digital58.com.ve\/site\/#\/schema\/person\/64d1c2e4d0d4fd1b849980c4331c2951"},"alternateName":"ND58","potentialAction":[{"@type":"SearchAction","target":{"@type":"EntryPoint","urlTemplate":"https:\/\/digital58.com.ve\/site\/?s={search_term_string}"},"query-input":{"@type":"PropertyValueSpecification","valueRequired":true,"valueName":"search_term_string"}}],"inLanguage":"es"},{"@type":["Person","Organization"],"@id":"https:\/\/digital58.com.ve\/site\/#\/schema\/person\/64d1c2e4d0d4fd1b849980c4331c2951","name":"Villasmil Henry","image":{"@type":"ImageObject","inLanguage":"es","@id":"https:\/\/secure.gravatar.com\/avatar\/bb0c4a2fcb7970138239f7e404ea75757b1b507b28b5ce4c53fbd62d797c5a7c?s=96&d=mm&r=g","url":"https:\/\/secure.gravatar.com\/avatar\/bb0c4a2fcb7970138239f7e404ea75757b1b507b28b5ce4c53fbd62d797c5a7c?s=96&d=mm&r=g","contentUrl":"https:\/\/secure.gravatar.com\/avatar\/bb0c4a2fcb7970138239f7e404ea75757b1b507b28b5ce4c53fbd62d797c5a7c?s=96&d=mm&r=g","caption":"Villasmil Henry"},"logo":{"@id":"https:\/\/secure.gravatar.com\/avatar\/bb0c4a2fcb7970138239f7e404ea75757b1b507b28b5ce4c53fbd62d797c5a7c?s=96&d=mm&r=g"},"sameAs":["http:\/\/www.henryvillasmil.com.ve","https:\/\/www.instagram.com\/villasmilhfoto\/","https:\/\/x.com\/https:\/\/twitter.com\/villasmilhfoto"],"url":"https:\/\/digital58.com.ve\/site\/author\/droopy_68\/"}]}},"uagb_featured_image_src":{"full":["https:\/\/digital58.com.ve\/site\/wp-content\/uploads\/2022\/02\/chavez.jpg",900,592,false],"thumbnail":["https:\/\/digital58.com.ve\/site\/wp-content\/uploads\/2022\/02\/chavez-150x150.jpg",150,150,true],"medium":["https:\/\/digital58.com.ve\/site\/wp-content\/uploads\/2022\/02\/chavez-300x197.jpg",300,197,true],"medium_large":["https:\/\/digital58.com.ve\/site\/wp-content\/uploads\/2022\/02\/chavez-768x505.jpg",768,505,true],"large":["https:\/\/digital58.com.ve\/site\/wp-content\/uploads\/2022\/02\/chavez.jpg",800,526,false],"1536x1536":["https:\/\/digital58.com.ve\/site\/wp-content\/uploads\/2022\/02\/chavez.jpg",900,592,false],"2048x2048":["https:\/\/digital58.com.ve\/site\/wp-content\/uploads\/2022\/02\/chavez.jpg",900,592,false],"colormag-highlighted-post":["https:\/\/digital58.com.ve\/site\/wp-content\/uploads\/2022\/02\/chavez.jpg",392,258,false],"colormag-featured-post-medium":["https:\/\/digital58.com.ve\/site\/wp-content\/uploads\/2022\/02\/chavez.jpg",312,205,false],"colormag-featured-post-small":["https:\/\/digital58.com.ve\/site\/wp-content\/uploads\/2022\/02\/chavez.jpg",130,86,false],"colormag-featured-image":["https:\/\/digital58.com.ve\/site\/wp-content\/uploads\/2022\/02\/chavez.jpg",677,445,false],"colormag-default-news":["https:\/\/digital58.com.ve\/site\/wp-content\/uploads\/2022\/02\/chavez.jpg",150,99,false],"colormag-featured-image-large":["https:\/\/digital58.com.ve\/site\/wp-content\/uploads\/2022\/02\/chavez.jpg",900,592,false]},"uagb_author_info":{"display_name":"Villasmil Henry","author_link":"https:\/\/digital58.com.ve\/site\/author\/droopy_68\/"},"uagb_comment_info":0,"uagb_excerpt":"A unas horas de cumplirse los 30 a\u00f1os del acontecimiento, la Asamblea Nacional exhort\u00f3 a las dem\u00e1s instituciones del Estado","_links":{"self":[{"href":"https:\/\/digital58.com.ve\/site\/wp-json\/wp\/v2\/posts\/148238","targetHints":{"allow":["GET"]}}],"collection":[{"href":"https:\/\/digital58.com.ve\/site\/wp-json\/wp\/v2\/posts"}],"about":[{"href":"https:\/\/digital58.com.ve\/site\/wp-json\/wp\/v2\/types\/post"}],"author":[{"embeddable":true,"href":"https:\/\/digital58.com.ve\/site\/wp-json\/wp\/v2\/users\/1"}],"replies":[{"embeddable":true,"href":"https:\/\/digital58.com.ve\/site\/wp-json\/wp\/v2\/comments?post=148238"}],"version-history":[{"count":0,"href":"https:\/\/digital58.com.ve\/site\/wp-json\/wp\/v2\/posts\/148238\/revisions"}],"wp:featuredmedia":[{"embeddable":true,"href":"https:\/\/digital58.com.ve\/site\/wp-json\/wp\/v2\/media\/148247"}],"wp:attachment":[{"href":"https:\/\/digital58.com.ve\/site\/wp-json\/wp\/v2\/media?parent=148238"}],"wp:term":[{"taxonomy":"category","embeddable":true,"href":"https:\/\/digital58.com.ve\/site\/wp-json\/wp\/v2\/categories?post=148238"},{"taxonomy":"post_tag","embeddable":true,"href":"https:\/\/digital58.com.ve\/site\/wp-json\/wp\/v2\/tags?post=148238"}],"curies":[{"name":"wp","href":"https:\/\/api.w.org\/{rel}","templated":true}]}}