{"id":148332,"date":"2022-02-07T09:47:42","date_gmt":"2022-02-07T13:47:42","guid":{"rendered":"https:\/\/digital58.com.ve\/site\/?p=148332"},"modified":"2022-02-07T09:47:42","modified_gmt":"2022-02-07T13:47:42","slug":"psuv-zulia-inicio-jornada-nacional-de-debate-y-reflexion-3r-nets","status":"publish","type":"post","link":"https:\/\/digital58.com.ve\/site\/2022\/02\/07\/psuv-zulia-inicio-jornada-nacional-de-debate-y-reflexion-3r-nets\/","title":{"rendered":"PSUV Zulia inici\u00f3 Jornada Nacional de Debate y Reflexi\u00f3n 3R.Nets"},"content":{"rendered":"<p><a href=\"https:\/\/digital58.com.ve\/site\/wp-content\/uploads\/2022\/02\/psuv-zulia.jpg\"><img loading=\"lazy\" decoding=\"async\" class=\"aligncenter size-full wp-image-148333\" src=\"https:\/\/digital58.com.ve\/site\/wp-content\/uploads\/2022\/02\/psuv-zulia.jpg\" alt=\"\" width=\"900\" height=\"408\" srcset=\"https:\/\/digital58.com.ve\/site\/wp-content\/uploads\/2022\/02\/psuv-zulia.jpg 900w, https:\/\/digital58.com.ve\/site\/wp-content\/uploads\/2022\/02\/psuv-zulia-300x136.jpg 300w, https:\/\/digital58.com.ve\/site\/wp-content\/uploads\/2022\/02\/psuv-zulia-768x348.jpg 768w\" sizes=\"auto, (max-width: 900px) 100vw, 900px\" \/><\/a><\/p>\n<p>\u00abLa\u00a0 jornada formativa se extender\u00e1n hacia los municipios zulianos hasta llegar a las bases del PSUV para consolidar el proceso revolucionario y hacerlo irreversible en pro del desarrollo de la naci\u00f3n\u00bb, asever\u00f3 la diputada Damelis Ch\u00e1vez.<\/p>\n<p><strong>San Francisco, Zulia, Venezuela, 07 de febrero de 2022 (ND58).-<\/strong> Este domingo 6 de febrero en los espacios del N\u00facleo Universitario Gral. Almidien Moreno Acosta sede la UNERMB en el municipio San Francisco la diputada Damelis Ch\u00e1vez, Coordinadora Regional de Formaci\u00f3n Pol\u00edtica y Socialista del Partido Socialista Unido de Venezuela para el estado Zulia cumpliendo orientaciones del Presidente Nicol\u00e1s Maduro encabez\u00f3 la Jornada Nacional de Debate y Reflexi\u00f3n dirigida a la militancia regional de la organizaci\u00f3n pol\u00edtica m\u00e1s grande del pa\u00eds en aras de afianzar el llamado a las 3R. Nets en la poblaci\u00f3n zuliana, (Resistencia, Renacimiento y Revolucionar).<\/p>\n<p>Durante la instalaci\u00f3n de la actividad formativa Damelis Ch\u00e1vez estuvo acompa\u00f1ada por el Dr. Rixio Romero P\u00e9rez, Decano del Sistema Nacional de Formaci\u00f3n Sim\u00f3n Rodr\u00edguez del PSUV, el Diputado Juan Garc\u00eda, Comisionado de Agitaci\u00f3n, Propaganda y Comunicaci\u00f3n del PSUV en el Zulia, adem\u00e1s de Diputados a la Asamblea Nacional, Legisladores del CLEZ representantes de los Movimientos Sociales, entre otros dirigentes quienes debatieron las premisas planteadas por el l\u00edder nacional del partido y Presidente venezolano a fin de escuchar al pueblo y brindarle herramientas para continuar avanzando hacia la prosperidad social en medio de los grandes obst\u00e1culos que aplican sectores de la derecha a Venezuela.<\/p>\n<p>Al respecto, la parlamentaria explic\u00f3 que dados los resultados electorales adversos en el Zulia del pasado 21 de noviembre es importante debatir junto a la militancia y el pueblo los desaciertos y enrumbar los objetivos de trabajo en funcionar de garantizar la paz y el porvenir de la regi\u00f3n, afectada por el bloqueo, sabotaje y ataque sistem\u00e1tico de los personajes que representan a la derecha y son dirigidos desde los Estados Unidos.<\/p>\n<p>\u00abEstamos llamados a escuchar al pueblo y darle fe y esperanza con formaci\u00f3n, sin formaci\u00f3n no hay transformaci\u00f3n y por eso es que hay que profundizar en las 3R, debemos mantener una contin\u00faa formaci\u00f3n para poder superar las dificultades y solucionar los problemas de la gente\u00bb, asever\u00f3 la Coordinadora de Formaci\u00f3n Pol\u00edtica y Socialista del PSUV Zulia.<\/p>\n<p><strong>Redacci\u00f3n ND58 | Fuente: APC-PSUV<\/strong><br \/>\n<strong>Edici\u00f3n: Villasmil, Henry<\/strong><br \/>\n<strong>Gr\u00e1fica: Cortes\u00eda<\/strong><\/p>\n<p>&nbsp;<\/p>\n<p>&nbsp;<\/p><div class=\"bzsxo69f1ecc7e8df1\" ><p style=\"text-align: center;\"><a href=\"https:\/\/t.me\/noticiasdigital58\" target=\"_blank\" rel=\"noopener\"><img class=\"aligncenter size-full wp-image-125363\" src=\"https:\/\/digital58.com.ve\/site\/wp-content\/uploads\/2021\/04\/banner-telegram-web-2021.png\" alt=\"\" width=\"600\" height=\"90\" \/><\/a><\/p><\/div><style type=\"text\/css\">\r\n@media screen and (min-width: 1201px) {\r\n.bzsxo69f1ecc7e8df1 {\r\ndisplay: block;\r\n}\r\n}\r\n@media screen and (min-width: 993px) and (max-width: 1200px) {\r\n.bzsxo69f1ecc7e8df1 {\r\ndisplay: block;\r\n}\r\n}\r\n@media screen and (min-width: 769px) and (max-width: 992px) {\r\n.bzsxo69f1ecc7e8df1 {\r\ndisplay: block;\r\n}\r\n}\r\n@media screen and (min-width: 768px) and (max-width: 768px) {\r\n.bzsxo69f1ecc7e8df1 {\r\ndisplay: block;\r\n}\r\n}\r\n@media screen and (max-width: 767px) {\r\n.bzsxo69f1ecc7e8df1 {\r\ndisplay: block;\r\n}\r\n}\r\n<\/style>\r\n\n<p>&nbsp;<\/p>\n<div style=\"margin-top: 0px; margin-bottom: 0px;\" class=\"sharethis-inline-share-buttons\" ><\/div>","protected":false},"excerpt":{"rendered":"<p>\u00abLa\u00a0 jornada formativa se extender\u00e1n hacia los municipios zulianos hasta llegar a las bases del PSUV para consolidar el proceso<\/p>\n","protected":false},"author":1,"featured_media":148333,"comment_status":"open","ping_status":"closed","sticky":false,"template":"","format":"standard","meta":{"colormag_page_container_layout":"default_layout","colormag_page_sidebar_layout":"default_layout","_uag_custom_page_level_css":"","footnotes":""},"categories":[14504],"tags":[27184,27185,5816,233,11058,27183,2354],"class_list":["post-148332","post","type-post","status-publish","format-standard","has-post-thumbnail","hentry","category-zulia","tag-diputada-damelis-chavez","tag-jornada-nacional-de-debate-y-reflexion","tag-municipio-san-francisco","tag-nacionales","tag-partidos-politicos","tag-psuv-zulia","tag-regionales"],"yoast_head":"<!-- This site is optimized with the Yoast SEO plugin v27.5 - https:\/\/yoast.com\/product\/yoast-seo-wordpress\/ -->\n<title>PSUV Zulia inici\u00f3 Jornada Nacional de Debate y Reflexi\u00f3n 3R.Nets<\/title>\n<meta name=\"description\" content=\"Zulia\" \/>\n<meta name=\"robots\" content=\"index, follow, max-snippet:-1, max-image-preview:large, max-video-preview:-1\" \/>\n<link rel=\"canonical\" href=\"https:\/\/digital58.com.ve\/site\/2022\/02\/07\/psuv-zulia-inicio-jornada-nacional-de-debate-y-reflexion-3r-nets\/\" \/>\n<meta property=\"og:locale\" content=\"es_ES\" \/>\n<meta property=\"og:type\" content=\"article\" \/>\n<meta property=\"og:title\" content=\"PSUV Zulia inici\u00f3 Jornada Nacional de Debate y Reflexi\u00f3n 3R.Nets\" \/>\n<meta property=\"og:description\" content=\"Zulia\" \/>\n<meta property=\"og:url\" content=\"https:\/\/digital58.com.ve\/site\/2022\/02\/07\/psuv-zulia-inicio-jornada-nacional-de-debate-y-reflexion-3r-nets\/\" \/>\n<meta property=\"og:site_name\" content=\"Noticias Digital58\" \/>\n<meta property=\"article:published_time\" content=\"2022-02-07T13:47:42+00:00\" \/>\n<meta property=\"og:image\" content=\"https:\/\/digital58.com.ve\/site\/wp-content\/uploads\/2022\/02\/psuv-zulia.jpg\" \/>\n\t<meta property=\"og:image:width\" content=\"900\" \/>\n\t<meta property=\"og:image:height\" content=\"408\" \/>\n\t<meta property=\"og:image:type\" content=\"image\/jpeg\" \/>\n<meta name=\"author\" content=\"Villasmil Henry\" \/>\n<meta name=\"twitter:card\" content=\"summary_large_image\" \/>\n<meta name=\"twitter:creator\" content=\"@https:\/\/twitter.com\/villasmilhfoto\" \/>\n<meta name=\"twitter:site\" content=\"@villasmilhfoto\" \/>\n<meta name=\"twitter:label1\" content=\"Escrito por\" \/>\n\t<meta name=\"twitter:data1\" content=\"Villasmil Henry\" \/>\n\t<meta name=\"twitter:label2\" content=\"Tiempo estimado de lectura\" \/>\n\t<meta name=\"twitter:data2\" content=\"2 minutos\" \/>\n<script type=\"application\/ld+json\" class=\"yoast-schema-graph\">{\"@context\":\"https:\\\/\\\/schema.org\",\"@graph\":[{\"@type\":\"Article\",\"@id\":\"https:\\\/\\\/digital58.com.ve\\\/site\\\/2022\\\/02\\\/07\\\/psuv-zulia-inicio-jornada-nacional-de-debate-y-reflexion-3r-nets\\\/#article\",\"isPartOf\":{\"@id\":\"https:\\\/\\\/digital58.com.ve\\\/site\\\/2022\\\/02\\\/07\\\/psuv-zulia-inicio-jornada-nacional-de-debate-y-reflexion-3r-nets\\\/\"},\"author\":{\"name\":\"Villasmil Henry\",\"@id\":\"https:\\\/\\\/digital58.com.ve\\\/site\\\/#\\\/schema\\\/person\\\/64d1c2e4d0d4fd1b849980c4331c2951\"},\"headline\":\"PSUV Zulia inici\u00f3 Jornada Nacional de Debate y Reflexi\u00f3n 3R.Nets\",\"datePublished\":\"2022-02-07T13:47:42+00:00\",\"mainEntityOfPage\":{\"@id\":\"https:\\\/\\\/digital58.com.ve\\\/site\\\/2022\\\/02\\\/07\\\/psuv-zulia-inicio-jornada-nacional-de-debate-y-reflexion-3r-nets\\\/\"},\"wordCount\":429,\"commentCount\":0,\"publisher\":{\"@id\":\"https:\\\/\\\/digital58.com.ve\\\/site\\\/#\\\/schema\\\/person\\\/64d1c2e4d0d4fd1b849980c4331c2951\"},\"image\":{\"@id\":\"https:\\\/\\\/digital58.com.ve\\\/site\\\/2022\\\/02\\\/07\\\/psuv-zulia-inicio-jornada-nacional-de-debate-y-reflexion-3r-nets\\\/#primaryimage\"},\"thumbnailUrl\":\"https:\\\/\\\/digital58.com.ve\\\/site\\\/wp-content\\\/uploads\\\/2022\\\/02\\\/psuv-zulia.jpg\",\"keywords\":[\"diputada Damelis Ch\u00e1vez\",\"Jornada Nacional de Debate y Reflexi\u00f3n\",\"Municipio San Francisco\",\"Nacionales\",\"Partidos Pol\u00edticos\",\"PSUV Zulia\",\"Regionales\"],\"articleSection\":[\"Zulia\"],\"inLanguage\":\"es\",\"potentialAction\":[{\"@type\":\"CommentAction\",\"name\":\"Comment\",\"target\":[\"https:\\\/\\\/digital58.com.ve\\\/site\\\/2022\\\/02\\\/07\\\/psuv-zulia-inicio-jornada-nacional-de-debate-y-reflexion-3r-nets\\\/#respond\"]}]},{\"@type\":\"WebPage\",\"@id\":\"https:\\\/\\\/digital58.com.ve\\\/site\\\/2022\\\/02\\\/07\\\/psuv-zulia-inicio-jornada-nacional-de-debate-y-reflexion-3r-nets\\\/\",\"url\":\"https:\\\/\\\/digital58.com.ve\\\/site\\\/2022\\\/02\\\/07\\\/psuv-zulia-inicio-jornada-nacional-de-debate-y-reflexion-3r-nets\\\/\",\"name\":\"PSUV Zulia inici\u00f3 Jornada Nacional de Debate y Reflexi\u00f3n 3R.Nets\",\"isPartOf\":{\"@id\":\"https:\\\/\\\/digital58.com.ve\\\/site\\\/#website\"},\"primaryImageOfPage\":{\"@id\":\"https:\\\/\\\/digital58.com.ve\\\/site\\\/2022\\\/02\\\/07\\\/psuv-zulia-inicio-jornada-nacional-de-debate-y-reflexion-3r-nets\\\/#primaryimage\"},\"image\":{\"@id\":\"https:\\\/\\\/digital58.com.ve\\\/site\\\/2022\\\/02\\\/07\\\/psuv-zulia-inicio-jornada-nacional-de-debate-y-reflexion-3r-nets\\\/#primaryimage\"},\"thumbnailUrl\":\"https:\\\/\\\/digital58.com.ve\\\/site\\\/wp-content\\\/uploads\\\/2022\\\/02\\\/psuv-zulia.jpg\",\"datePublished\":\"2022-02-07T13:47:42+00:00\",\"description\":\"Zulia\",\"breadcrumb\":{\"@id\":\"https:\\\/\\\/digital58.com.ve\\\/site\\\/2022\\\/02\\\/07\\\/psuv-zulia-inicio-jornada-nacional-de-debate-y-reflexion-3r-nets\\\/#breadcrumb\"},\"inLanguage\":\"es\",\"potentialAction\":[{\"@type\":\"ReadAction\",\"target\":[\"https:\\\/\\\/digital58.com.ve\\\/site\\\/2022\\\/02\\\/07\\\/psuv-zulia-inicio-jornada-nacional-de-debate-y-reflexion-3r-nets\\\/\"]}]},{\"@type\":\"ImageObject\",\"inLanguage\":\"es\",\"@id\":\"https:\\\/\\\/digital58.com.ve\\\/site\\\/2022\\\/02\\\/07\\\/psuv-zulia-inicio-jornada-nacional-de-debate-y-reflexion-3r-nets\\\/#primaryimage\",\"url\":\"https:\\\/\\\/digital58.com.ve\\\/site\\\/wp-content\\\/uploads\\\/2022\\\/02\\\/psuv-zulia.jpg\",\"contentUrl\":\"https:\\\/\\\/digital58.com.ve\\\/site\\\/wp-content\\\/uploads\\\/2022\\\/02\\\/psuv-zulia.jpg\",\"width\":900,\"height\":408},{\"@type\":\"BreadcrumbList\",\"@id\":\"https:\\\/\\\/digital58.com.ve\\\/site\\\/2022\\\/02\\\/07\\\/psuv-zulia-inicio-jornada-nacional-de-debate-y-reflexion-3r-nets\\\/#breadcrumb\",\"itemListElement\":[{\"@type\":\"ListItem\",\"position\":1,\"name\":\"Home\",\"item\":\"https:\\\/\\\/digital58.com.ve\\\/site\\\/\"},{\"@type\":\"ListItem\",\"position\":2,\"name\":\"PSUV Zulia inici\u00f3 Jornada Nacional de Debate y Reflexi\u00f3n 3R.Nets\"}]},{\"@type\":\"WebSite\",\"@id\":\"https:\\\/\\\/digital58.com.ve\\\/site\\\/#website\",\"url\":\"https:\\\/\\\/digital58.com.ve\\\/site\\\/\",\"name\":\"Noticias Digital58\",\"description\":\"Portal de Noticias \u00a1Periodismo web de verdad! Lanzamiento web 22.11.2005 \\\/ Maracaibo, Venezuela\",\"publisher\":{\"@id\":\"https:\\\/\\\/digital58.com.ve\\\/site\\\/#\\\/schema\\\/person\\\/64d1c2e4d0d4fd1b849980c4331c2951\"},\"alternateName\":\"ND58\",\"potentialAction\":[{\"@type\":\"SearchAction\",\"target\":{\"@type\":\"EntryPoint\",\"urlTemplate\":\"https:\\\/\\\/digital58.com.ve\\\/site\\\/?s={search_term_string}\"},\"query-input\":{\"@type\":\"PropertyValueSpecification\",\"valueRequired\":true,\"valueName\":\"search_term_string\"}}],\"inLanguage\":\"es\"},{\"@type\":[\"Person\",\"Organization\"],\"@id\":\"https:\\\/\\\/digital58.com.ve\\\/site\\\/#\\\/schema\\\/person\\\/64d1c2e4d0d4fd1b849980c4331c2951\",\"name\":\"Villasmil Henry\",\"image\":{\"@type\":\"ImageObject\",\"inLanguage\":\"es\",\"@id\":\"https:\\\/\\\/secure.gravatar.com\\\/avatar\\\/bb0c4a2fcb7970138239f7e404ea75757b1b507b28b5ce4c53fbd62d797c5a7c?s=96&d=mm&r=g\",\"url\":\"https:\\\/\\\/secure.gravatar.com\\\/avatar\\\/bb0c4a2fcb7970138239f7e404ea75757b1b507b28b5ce4c53fbd62d797c5a7c?s=96&d=mm&r=g\",\"contentUrl\":\"https:\\\/\\\/secure.gravatar.com\\\/avatar\\\/bb0c4a2fcb7970138239f7e404ea75757b1b507b28b5ce4c53fbd62d797c5a7c?s=96&d=mm&r=g\",\"caption\":\"Villasmil Henry\"},\"logo\":{\"@id\":\"https:\\\/\\\/secure.gravatar.com\\\/avatar\\\/bb0c4a2fcb7970138239f7e404ea75757b1b507b28b5ce4c53fbd62d797c5a7c?s=96&d=mm&r=g\"},\"sameAs\":[\"http:\\\/\\\/www.henryvillasmil.com.ve\",\"https:\\\/\\\/www.instagram.com\\\/villasmilhfoto\\\/\",\"https:\\\/\\\/x.com\\\/https:\\\/\\\/twitter.com\\\/villasmilhfoto\"],\"url\":\"https:\\\/\\\/digital58.com.ve\\\/site\\\/author\\\/droopy_68\\\/\"}]}<\/script>\n<!-- \/ Yoast SEO plugin. -->","yoast_head_json":{"title":"PSUV Zulia inici\u00f3 Jornada Nacional de Debate y Reflexi\u00f3n 3R.Nets","description":"Zulia","robots":{"index":"index","follow":"follow","max-snippet":"max-snippet:-1","max-image-preview":"max-image-preview:large","max-video-preview":"max-video-preview:-1"},"canonical":"https:\/\/digital58.com.ve\/site\/2022\/02\/07\/psuv-zulia-inicio-jornada-nacional-de-debate-y-reflexion-3r-nets\/","og_locale":"es_ES","og_type":"article","og_title":"PSUV Zulia inici\u00f3 Jornada Nacional de Debate y Reflexi\u00f3n 3R.Nets","og_description":"Zulia","og_url":"https:\/\/digital58.com.ve\/site\/2022\/02\/07\/psuv-zulia-inicio-jornada-nacional-de-debate-y-reflexion-3r-nets\/","og_site_name":"Noticias Digital58","article_published_time":"2022-02-07T13:47:42+00:00","og_image":[{"width":900,"height":408,"url":"https:\/\/digital58.com.ve\/site\/wp-content\/uploads\/2022\/02\/psuv-zulia.jpg","type":"image\/jpeg"}],"author":"Villasmil Henry","twitter_card":"summary_large_image","twitter_creator":"@https:\/\/twitter.com\/villasmilhfoto","twitter_site":"@villasmilhfoto","twitter_misc":{"Escrito por":"Villasmil Henry","Tiempo estimado de lectura":"2 minutos"},"schema":{"@context":"https:\/\/schema.org","@graph":[{"@type":"Article","@id":"https:\/\/digital58.com.ve\/site\/2022\/02\/07\/psuv-zulia-inicio-jornada-nacional-de-debate-y-reflexion-3r-nets\/#article","isPartOf":{"@id":"https:\/\/digital58.com.ve\/site\/2022\/02\/07\/psuv-zulia-inicio-jornada-nacional-de-debate-y-reflexion-3r-nets\/"},"author":{"name":"Villasmil Henry","@id":"https:\/\/digital58.com.ve\/site\/#\/schema\/person\/64d1c2e4d0d4fd1b849980c4331c2951"},"headline":"PSUV Zulia inici\u00f3 Jornada Nacional de Debate y Reflexi\u00f3n 3R.Nets","datePublished":"2022-02-07T13:47:42+00:00","mainEntityOfPage":{"@id":"https:\/\/digital58.com.ve\/site\/2022\/02\/07\/psuv-zulia-inicio-jornada-nacional-de-debate-y-reflexion-3r-nets\/"},"wordCount":429,"commentCount":0,"publisher":{"@id":"https:\/\/digital58.com.ve\/site\/#\/schema\/person\/64d1c2e4d0d4fd1b849980c4331c2951"},"image":{"@id":"https:\/\/digital58.com.ve\/site\/2022\/02\/07\/psuv-zulia-inicio-jornada-nacional-de-debate-y-reflexion-3r-nets\/#primaryimage"},"thumbnailUrl":"https:\/\/digital58.com.ve\/site\/wp-content\/uploads\/2022\/02\/psuv-zulia.jpg","keywords":["diputada Damelis Ch\u00e1vez","Jornada Nacional de Debate y Reflexi\u00f3n","Municipio San Francisco","Nacionales","Partidos Pol\u00edticos","PSUV Zulia","Regionales"],"articleSection":["Zulia"],"inLanguage":"es","potentialAction":[{"@type":"CommentAction","name":"Comment","target":["https:\/\/digital58.com.ve\/site\/2022\/02\/07\/psuv-zulia-inicio-jornada-nacional-de-debate-y-reflexion-3r-nets\/#respond"]}]},{"@type":"WebPage","@id":"https:\/\/digital58.com.ve\/site\/2022\/02\/07\/psuv-zulia-inicio-jornada-nacional-de-debate-y-reflexion-3r-nets\/","url":"https:\/\/digital58.com.ve\/site\/2022\/02\/07\/psuv-zulia-inicio-jornada-nacional-de-debate-y-reflexion-3r-nets\/","name":"PSUV Zulia inici\u00f3 Jornada Nacional de Debate y Reflexi\u00f3n 3R.Nets","isPartOf":{"@id":"https:\/\/digital58.com.ve\/site\/#website"},"primaryImageOfPage":{"@id":"https:\/\/digital58.com.ve\/site\/2022\/02\/07\/psuv-zulia-inicio-jornada-nacional-de-debate-y-reflexion-3r-nets\/#primaryimage"},"image":{"@id":"https:\/\/digital58.com.ve\/site\/2022\/02\/07\/psuv-zulia-inicio-jornada-nacional-de-debate-y-reflexion-3r-nets\/#primaryimage"},"thumbnailUrl":"https:\/\/digital58.com.ve\/site\/wp-content\/uploads\/2022\/02\/psuv-zulia.jpg","datePublished":"2022-02-07T13:47:42+00:00","description":"Zulia","breadcrumb":{"@id":"https:\/\/digital58.com.ve\/site\/2022\/02\/07\/psuv-zulia-inicio-jornada-nacional-de-debate-y-reflexion-3r-nets\/#breadcrumb"},"inLanguage":"es","potentialAction":[{"@type":"ReadAction","target":["https:\/\/digital58.com.ve\/site\/2022\/02\/07\/psuv-zulia-inicio-jornada-nacional-de-debate-y-reflexion-3r-nets\/"]}]},{"@type":"ImageObject","inLanguage":"es","@id":"https:\/\/digital58.com.ve\/site\/2022\/02\/07\/psuv-zulia-inicio-jornada-nacional-de-debate-y-reflexion-3r-nets\/#primaryimage","url":"https:\/\/digital58.com.ve\/site\/wp-content\/uploads\/2022\/02\/psuv-zulia.jpg","contentUrl":"https:\/\/digital58.com.ve\/site\/wp-content\/uploads\/2022\/02\/psuv-zulia.jpg","width":900,"height":408},{"@type":"BreadcrumbList","@id":"https:\/\/digital58.com.ve\/site\/2022\/02\/07\/psuv-zulia-inicio-jornada-nacional-de-debate-y-reflexion-3r-nets\/#breadcrumb","itemListElement":[{"@type":"ListItem","position":1,"name":"Home","item":"https:\/\/digital58.com.ve\/site\/"},{"@type":"ListItem","position":2,"name":"PSUV Zulia inici\u00f3 Jornada Nacional de Debate y Reflexi\u00f3n 3R.Nets"}]},{"@type":"WebSite","@id":"https:\/\/digital58.com.ve\/site\/#website","url":"https:\/\/digital58.com.ve\/site\/","name":"Noticias Digital58","description":"Portal de Noticias \u00a1Periodismo web de verdad! Lanzamiento web 22.11.2005 \/ Maracaibo, Venezuela","publisher":{"@id":"https:\/\/digital58.com.ve\/site\/#\/schema\/person\/64d1c2e4d0d4fd1b849980c4331c2951"},"alternateName":"ND58","potentialAction":[{"@type":"SearchAction","target":{"@type":"EntryPoint","urlTemplate":"https:\/\/digital58.com.ve\/site\/?s={search_term_string}"},"query-input":{"@type":"PropertyValueSpecification","valueRequired":true,"valueName":"search_term_string"}}],"inLanguage":"es"},{"@type":["Person","Organization"],"@id":"https:\/\/digital58.com.ve\/site\/#\/schema\/person\/64d1c2e4d0d4fd1b849980c4331c2951","name":"Villasmil Henry","image":{"@type":"ImageObject","inLanguage":"es","@id":"https:\/\/secure.gravatar.com\/avatar\/bb0c4a2fcb7970138239f7e404ea75757b1b507b28b5ce4c53fbd62d797c5a7c?s=96&d=mm&r=g","url":"https:\/\/secure.gravatar.com\/avatar\/bb0c4a2fcb7970138239f7e404ea75757b1b507b28b5ce4c53fbd62d797c5a7c?s=96&d=mm&r=g","contentUrl":"https:\/\/secure.gravatar.com\/avatar\/bb0c4a2fcb7970138239f7e404ea75757b1b507b28b5ce4c53fbd62d797c5a7c?s=96&d=mm&r=g","caption":"Villasmil Henry"},"logo":{"@id":"https:\/\/secure.gravatar.com\/avatar\/bb0c4a2fcb7970138239f7e404ea75757b1b507b28b5ce4c53fbd62d797c5a7c?s=96&d=mm&r=g"},"sameAs":["http:\/\/www.henryvillasmil.com.ve","https:\/\/www.instagram.com\/villasmilhfoto\/","https:\/\/x.com\/https:\/\/twitter.com\/villasmilhfoto"],"url":"https:\/\/digital58.com.ve\/site\/author\/droopy_68\/"}]}},"uagb_featured_image_src":{"full":["https:\/\/digital58.com.ve\/site\/wp-content\/uploads\/2022\/02\/psuv-zulia.jpg",900,408,false],"thumbnail":["https:\/\/digital58.com.ve\/site\/wp-content\/uploads\/2022\/02\/psuv-zulia-150x150.jpg",150,150,true],"medium":["https:\/\/digital58.com.ve\/site\/wp-content\/uploads\/2022\/02\/psuv-zulia-300x136.jpg",300,136,true],"medium_large":["https:\/\/digital58.com.ve\/site\/wp-content\/uploads\/2022\/02\/psuv-zulia-768x348.jpg",768,348,true],"large":["https:\/\/digital58.com.ve\/site\/wp-content\/uploads\/2022\/02\/psuv-zulia.jpg",800,363,false],"1536x1536":["https:\/\/digital58.com.ve\/site\/wp-content\/uploads\/2022\/02\/psuv-zulia.jpg",900,408,false],"2048x2048":["https:\/\/digital58.com.ve\/site\/wp-content\/uploads\/2022\/02\/psuv-zulia.jpg",900,408,false],"colormag-highlighted-post":["https:\/\/digital58.com.ve\/site\/wp-content\/uploads\/2022\/02\/psuv-zulia.jpg",392,178,false],"colormag-featured-post-medium":["https:\/\/digital58.com.ve\/site\/wp-content\/uploads\/2022\/02\/psuv-zulia.jpg",390,177,false],"colormag-featured-post-small":["https:\/\/digital58.com.ve\/site\/wp-content\/uploads\/2022\/02\/psuv-zulia.jpg",130,59,false],"colormag-featured-image":["https:\/\/digital58.com.ve\/site\/wp-content\/uploads\/2022\/02\/psuv-zulia.jpg",800,363,false],"colormag-default-news":["https:\/\/digital58.com.ve\/site\/wp-content\/uploads\/2022\/02\/psuv-zulia.jpg",150,68,false],"colormag-featured-image-large":["https:\/\/digital58.com.ve\/site\/wp-content\/uploads\/2022\/02\/psuv-zulia.jpg",900,408,false]},"uagb_author_info":{"display_name":"Villasmil Henry","author_link":"https:\/\/digital58.com.ve\/site\/author\/droopy_68\/"},"uagb_comment_info":0,"uagb_excerpt":"\u00abLa\u00a0 jornada formativa se extender\u00e1n hacia los municipios zulianos hasta llegar a las bases del PSUV para consolidar el proceso","_links":{"self":[{"href":"https:\/\/digital58.com.ve\/site\/wp-json\/wp\/v2\/posts\/148332","targetHints":{"allow":["GET"]}}],"collection":[{"href":"https:\/\/digital58.com.ve\/site\/wp-json\/wp\/v2\/posts"}],"about":[{"href":"https:\/\/digital58.com.ve\/site\/wp-json\/wp\/v2\/types\/post"}],"author":[{"embeddable":true,"href":"https:\/\/digital58.com.ve\/site\/wp-json\/wp\/v2\/users\/1"}],"replies":[{"embeddable":true,"href":"https:\/\/digital58.com.ve\/site\/wp-json\/wp\/v2\/comments?post=148332"}],"version-history":[{"count":0,"href":"https:\/\/digital58.com.ve\/site\/wp-json\/wp\/v2\/posts\/148332\/revisions"}],"wp:featuredmedia":[{"embeddable":true,"href":"https:\/\/digital58.com.ve\/site\/wp-json\/wp\/v2\/media\/148333"}],"wp:attachment":[{"href":"https:\/\/digital58.com.ve\/site\/wp-json\/wp\/v2\/media?parent=148332"}],"wp:term":[{"taxonomy":"category","embeddable":true,"href":"https:\/\/digital58.com.ve\/site\/wp-json\/wp\/v2\/categories?post=148332"},{"taxonomy":"post_tag","embeddable":true,"href":"https:\/\/digital58.com.ve\/site\/wp-json\/wp\/v2\/tags?post=148332"}],"curies":[{"name":"wp","href":"https:\/\/api.w.org\/{rel}","templated":true}]}}