{"id":148442,"date":"2022-02-09T09:30:39","date_gmt":"2022-02-09T13:30:39","guid":{"rendered":"https:\/\/digital58.com.ve\/site\/?p=148442"},"modified":"2022-02-09T10:51:05","modified_gmt":"2022-02-09T14:51:05","slug":"roman-camacho-muerte-de-el-koki-es-duro-golpe-para-la-banda-pero-todavia-queda-el-vampi-y-el-garbis","status":"publish","type":"post","link":"https:\/\/digital58.com.ve\/site\/2022\/02\/09\/roman-camacho-muerte-de-el-koki-es-duro-golpe-para-la-banda-pero-todavia-queda-el-vampi-y-el-garbis\/","title":{"rendered":"Rom\u00e1n Camacho: muerte de \u00abEl Koki\u00bb es duro golpe para la banda pero todav\u00eda queda \u00abEl Vampi\u00bb y \u00abEl Garbis\u00bb."},"content":{"rendered":"<p><img loading=\"lazy\" decoding=\"async\" class=\"alignnone size-full wp-image-148445\" src=\"https:\/\/digital58.com.ve\/site\/wp-content\/uploads\/2022\/02\/el-coqui.jpg\" alt=\"\" width=\"800\" height=\"530\" srcset=\"https:\/\/digital58.com.ve\/site\/wp-content\/uploads\/2022\/02\/el-coqui.jpg 800w, https:\/\/digital58.com.ve\/site\/wp-content\/uploads\/2022\/02\/el-coqui-300x199.jpg 300w, https:\/\/digital58.com.ve\/site\/wp-content\/uploads\/2022\/02\/el-coqui-768x509.jpg 768w\" sizes=\"auto, (max-width: 800px) 100vw, 800px\" \/><\/p>\n<p>Rom\u00e1n Camacho, periodista de la fuente sucesos, asegur\u00f3 que la muerte de \u00abEl Koki\u00bb, cabecilla de la banda de la Cota 905, es un duro golpe para esta pero todav\u00eda queda \u00abEl Vampi\u00bb y \u00abEl Garbis\u00bb.<\/p>\n<p><strong>Caracas, DC, Venezuela, 9 de febrero, 2022 (ND58).-<\/strong> El periodista record\u00f3 que la muerte de \u00abEl Koki\u00bb en La Arenera, Aragua, se da tras el operativo mixto Indio Guaicaipuro II, donde participaron todos los organismos de seguridad del Estado.<\/p>\n<p>\u00abLas informaciones de la muerte de Carlos Revete, alias \u00abEl Koki\u00bb, se dan en la ma\u00f1ana del 8 de febrero cuando los organismos de seguridad entran a la zona de La Arenera y se produce el enfrentamiento donde este es abatido\u00bb a\u00f1adi\u00f3.<\/p>\n<p>Destac\u00f3 que el\u00a0cuerpo de Revete llega a la morgue horas despu\u00e9s y que la informaci\u00f3n de su muerte se valida cuando el ministro, Remigio Ceballos confirma la identidad del criminal.<\/p>\n<p>Camacho indic\u00f3 que\u00a0el escepticismo sobre la muerte de \u00abEl Koki\u00bb seguir\u00e1 hasta que salgan las fotos, \u00abigual que sucedi\u00f3 con \u00d3scar P\u00e9rez\u00bb.<\/p>\n<p>Resalt\u00f3 que se habla de cuatro o cinco criminales que murieron en el enfrentamiento adem\u00e1s de Revete y que no han sido identificados.<\/p>\n<p>\u00abAyer se rumoraba que hab\u00edan detenidos siendo interrogados, tambi\u00e9n hubo tres polic\u00edas heridos el domingo\u00bb acot\u00f3.<\/p>\n<p>El periodista insisti\u00f3 en que todo esto indica que \u00abEl Koki\u00bb, cuando sali\u00f3 de la Cota, ya era aliado de El Conejo y por eso se va a Aragua.<\/p>\n<p>Tambi\u00e9n explic\u00f3 que\u00a0no hay orden de captura para el alcalde del municipio Santos Michelena en Aragua pero si investigaciones\u00a0por fotograf\u00edas vinculadas a \u00abEl Koki\u00bb.<\/p><div class=\"kpxge69f2f2284522c\" ><p style=\"text-align: center;\"><a href=\"https:\/\/t.me\/noticiasdigital58\" target=\"_blank\" rel=\"noopener\"><img class=\"aligncenter size-full wp-image-125363\" src=\"https:\/\/digital58.com.ve\/site\/wp-content\/uploads\/2021\/04\/banner-telegram-web-2021.png\" alt=\"\" width=\"600\" height=\"90\" \/><\/a><\/p><\/div><style type=\"text\/css\">\r\n@media screen and (min-width: 1201px) {\r\n.kpxge69f2f2284522c {\r\ndisplay: block;\r\n}\r\n}\r\n@media screen and (min-width: 993px) and (max-width: 1200px) {\r\n.kpxge69f2f2284522c {\r\ndisplay: block;\r\n}\r\n}\r\n@media screen and (min-width: 769px) and (max-width: 992px) {\r\n.kpxge69f2f2284522c {\r\ndisplay: block;\r\n}\r\n}\r\n@media screen and (min-width: 768px) and (max-width: 768px) {\r\n.kpxge69f2f2284522c {\r\ndisplay: block;\r\n}\r\n}\r\n@media screen and (max-width: 767px) {\r\n.kpxge69f2f2284522c {\r\ndisplay: block;\r\n}\r\n}\r\n<\/style>\r\n\n<p><strong>Redacci\u00f3n ND58 | Fuente: Uni\u00f3n Radio<\/strong><br \/>\n<strong>Edici\u00f3n: \u00c1\u00f1ez, Caren<\/strong><br \/>\n<strong>Gr\u00e1fica: Cortes\u00eda<\/strong><\/p>\n<div class=\"sharedaddy sd-sharing-enabled\"><\/div>\n<div style=\"margin-top: 0px; margin-bottom: 0px;\" class=\"sharethis-inline-share-buttons\" ><\/div>","protected":false},"excerpt":{"rendered":"<p>Rom\u00e1n Camacho, periodista de la fuente sucesos, asegur\u00f3 que la muerte de \u00abEl Koki\u00bb, cabecilla de la banda de la<\/p>\n","protected":false},"author":39,"featured_media":148443,"comment_status":"open","ping_status":"closed","sticky":false,"template":"","format":"standard","meta":{"colormag_page_container_layout":"default_layout","colormag_page_sidebar_layout":"default_layout","_uag_custom_page_level_css":"","footnotes":""},"categories":[13765],"tags":[4153,29,27215,24908,27213,27214,27216,27217,233,12147,16926,20038,23975,32],"class_list":["post-148442","post","type-post","status-publish","format-standard","has-post-thumbnail","hentry","category-sucesos","tag-aragua","tag-caracas","tag-carlos-revete","tag-el-koki","tag-el-garbis","tag-el-vampi","tag-la-arenera","tag-la-cota","tag-nacionales","tag-oscar-perez","tag-remigio-ceballos","tag-roman-camacho","tag-sucesos-nacionales","tag-venezuela"],"yoast_head":"<!-- This site is optimized with the Yoast SEO plugin v27.5 - https:\/\/yoast.com\/product\/yoast-seo-wordpress\/ -->\n<title>Rom\u00e1n Camacho: muerte de \u00abEl Koki\u00bb es duro golpe para la banda pero todav\u00eda queda \u00abEl Vampi\u00bb y \u00abEl Garbis\u00bb.<\/title>\n<meta name=\"description\" content=\"Sucesos\" \/>\n<meta name=\"robots\" content=\"index, follow, max-snippet:-1, max-image-preview:large, max-video-preview:-1\" \/>\n<link rel=\"canonical\" href=\"https:\/\/digital58.com.ve\/site\/2022\/02\/09\/roman-camacho-muerte-de-el-koki-es-duro-golpe-para-la-banda-pero-todavia-queda-el-vampi-y-el-garbis\/\" \/>\n<meta property=\"og:locale\" content=\"es_ES\" \/>\n<meta property=\"og:type\" content=\"article\" \/>\n<meta property=\"og:title\" content=\"Rom\u00e1n Camacho: muerte de \u00abEl Koki\u00bb es duro golpe para la banda pero todav\u00eda queda \u00abEl Vampi\u00bb y \u00abEl Garbis\u00bb.\" \/>\n<meta property=\"og:description\" content=\"Sucesos\" \/>\n<meta property=\"og:url\" content=\"https:\/\/digital58.com.ve\/site\/2022\/02\/09\/roman-camacho-muerte-de-el-koki-es-duro-golpe-para-la-banda-pero-todavia-queda-el-vampi-y-el-garbis\/\" \/>\n<meta property=\"og:site_name\" content=\"Noticias Digital58\" \/>\n<meta property=\"article:published_time\" content=\"2022-02-09T13:30:39+00:00\" \/>\n<meta property=\"article:modified_time\" content=\"2022-02-09T14:51:05+00:00\" \/>\n<meta property=\"og:image\" content=\"https:\/\/digital58.com.ve\/site\/wp-content\/uploads\/2022\/02\/carlos-luis-revete-koki.jpg\" \/>\n\t<meta property=\"og:image:width\" content=\"1200\" \/>\n\t<meta property=\"og:image:height\" content=\"800\" \/>\n\t<meta property=\"og:image:type\" content=\"image\/jpeg\" \/>\n<meta name=\"author\" content=\"Caren A\u00f1ez\" \/>\n<meta name=\"twitter:card\" content=\"summary_large_image\" \/>\n<meta name=\"twitter:creator\" content=\"@carenanez\" \/>\n<meta name=\"twitter:site\" content=\"@villasmilhfoto\" \/>\n<meta name=\"twitter:label1\" content=\"Escrito por\" \/>\n\t<meta name=\"twitter:data1\" content=\"Caren A\u00f1ez\" \/>\n\t<meta name=\"twitter:label2\" content=\"Tiempo estimado de lectura\" \/>\n\t<meta name=\"twitter:data2\" content=\"2 minutos\" \/>\n<script type=\"application\/ld+json\" class=\"yoast-schema-graph\">{\"@context\":\"https:\\\/\\\/schema.org\",\"@graph\":[{\"@type\":\"Article\",\"@id\":\"https:\\\/\\\/digital58.com.ve\\\/site\\\/2022\\\/02\\\/09\\\/roman-camacho-muerte-de-el-koki-es-duro-golpe-para-la-banda-pero-todavia-queda-el-vampi-y-el-garbis\\\/#article\",\"isPartOf\":{\"@id\":\"https:\\\/\\\/digital58.com.ve\\\/site\\\/2022\\\/02\\\/09\\\/roman-camacho-muerte-de-el-koki-es-duro-golpe-para-la-banda-pero-todavia-queda-el-vampi-y-el-garbis\\\/\"},\"author\":{\"name\":\"Caren A\u00f1ez\",\"@id\":\"https:\\\/\\\/digital58.com.ve\\\/site\\\/#\\\/schema\\\/person\\\/38596b127602deaa13fbcd7585635238\"},\"headline\":\"Rom\u00e1n Camacho: muerte de \u00abEl Koki\u00bb es duro golpe para la banda pero todav\u00eda queda \u00abEl Vampi\u00bb y \u00abEl Garbis\u00bb.\",\"datePublished\":\"2022-02-09T13:30:39+00:00\",\"dateModified\":\"2022-02-09T14:51:05+00:00\",\"mainEntityOfPage\":{\"@id\":\"https:\\\/\\\/digital58.com.ve\\\/site\\\/2022\\\/02\\\/09\\\/roman-camacho-muerte-de-el-koki-es-duro-golpe-para-la-banda-pero-todavia-queda-el-vampi-y-el-garbis\\\/\"},\"wordCount\":312,\"commentCount\":0,\"publisher\":{\"@id\":\"https:\\\/\\\/digital58.com.ve\\\/site\\\/#\\\/schema\\\/person\\\/64d1c2e4d0d4fd1b849980c4331c2951\"},\"image\":{\"@id\":\"https:\\\/\\\/digital58.com.ve\\\/site\\\/2022\\\/02\\\/09\\\/roman-camacho-muerte-de-el-koki-es-duro-golpe-para-la-banda-pero-todavia-queda-el-vampi-y-el-garbis\\\/#primaryimage\"},\"thumbnailUrl\":\"https:\\\/\\\/digital58.com.ve\\\/site\\\/wp-content\\\/uploads\\\/2022\\\/02\\\/carlos-luis-revete-koki.jpg\",\"keywords\":[\"Aragua\",\"Caracas\",\"Carlos Revete\",\"El \\\"Koki\\\"\",\"El Garbis\",\"El Vampi\",\"La Arenera\",\"La Cota\",\"Nacionales\",\"\u00d3scar P\u00e9rez\",\"Remigio Ceballos\",\"Rom\u00e1n Camacho\",\"Sucesos Nacionales\",\"Venezuela\"],\"articleSection\":[\"Sucesos\"],\"inLanguage\":\"es\",\"potentialAction\":[{\"@type\":\"CommentAction\",\"name\":\"Comment\",\"target\":[\"https:\\\/\\\/digital58.com.ve\\\/site\\\/2022\\\/02\\\/09\\\/roman-camacho-muerte-de-el-koki-es-duro-golpe-para-la-banda-pero-todavia-queda-el-vampi-y-el-garbis\\\/#respond\"]}]},{\"@type\":\"WebPage\",\"@id\":\"https:\\\/\\\/digital58.com.ve\\\/site\\\/2022\\\/02\\\/09\\\/roman-camacho-muerte-de-el-koki-es-duro-golpe-para-la-banda-pero-todavia-queda-el-vampi-y-el-garbis\\\/\",\"url\":\"https:\\\/\\\/digital58.com.ve\\\/site\\\/2022\\\/02\\\/09\\\/roman-camacho-muerte-de-el-koki-es-duro-golpe-para-la-banda-pero-todavia-queda-el-vampi-y-el-garbis\\\/\",\"name\":\"Rom\u00e1n Camacho: muerte de \u00abEl Koki\u00bb es duro golpe para la banda pero todav\u00eda queda \u00abEl Vampi\u00bb y \u00abEl Garbis\u00bb.\",\"isPartOf\":{\"@id\":\"https:\\\/\\\/digital58.com.ve\\\/site\\\/#website\"},\"primaryImageOfPage\":{\"@id\":\"https:\\\/\\\/digital58.com.ve\\\/site\\\/2022\\\/02\\\/09\\\/roman-camacho-muerte-de-el-koki-es-duro-golpe-para-la-banda-pero-todavia-queda-el-vampi-y-el-garbis\\\/#primaryimage\"},\"image\":{\"@id\":\"https:\\\/\\\/digital58.com.ve\\\/site\\\/2022\\\/02\\\/09\\\/roman-camacho-muerte-de-el-koki-es-duro-golpe-para-la-banda-pero-todavia-queda-el-vampi-y-el-garbis\\\/#primaryimage\"},\"thumbnailUrl\":\"https:\\\/\\\/digital58.com.ve\\\/site\\\/wp-content\\\/uploads\\\/2022\\\/02\\\/carlos-luis-revete-koki.jpg\",\"datePublished\":\"2022-02-09T13:30:39+00:00\",\"dateModified\":\"2022-02-09T14:51:05+00:00\",\"description\":\"Sucesos\",\"breadcrumb\":{\"@id\":\"https:\\\/\\\/digital58.com.ve\\\/site\\\/2022\\\/02\\\/09\\\/roman-camacho-muerte-de-el-koki-es-duro-golpe-para-la-banda-pero-todavia-queda-el-vampi-y-el-garbis\\\/#breadcrumb\"},\"inLanguage\":\"es\",\"potentialAction\":[{\"@type\":\"ReadAction\",\"target\":[\"https:\\\/\\\/digital58.com.ve\\\/site\\\/2022\\\/02\\\/09\\\/roman-camacho-muerte-de-el-koki-es-duro-golpe-para-la-banda-pero-todavia-queda-el-vampi-y-el-garbis\\\/\"]}]},{\"@type\":\"ImageObject\",\"inLanguage\":\"es\",\"@id\":\"https:\\\/\\\/digital58.com.ve\\\/site\\\/2022\\\/02\\\/09\\\/roman-camacho-muerte-de-el-koki-es-duro-golpe-para-la-banda-pero-todavia-queda-el-vampi-y-el-garbis\\\/#primaryimage\",\"url\":\"https:\\\/\\\/digital58.com.ve\\\/site\\\/wp-content\\\/uploads\\\/2022\\\/02\\\/carlos-luis-revete-koki.jpg\",\"contentUrl\":\"https:\\\/\\\/digital58.com.ve\\\/site\\\/wp-content\\\/uploads\\\/2022\\\/02\\\/carlos-luis-revete-koki.jpg\",\"width\":900,\"height\":600},{\"@type\":\"BreadcrumbList\",\"@id\":\"https:\\\/\\\/digital58.com.ve\\\/site\\\/2022\\\/02\\\/09\\\/roman-camacho-muerte-de-el-koki-es-duro-golpe-para-la-banda-pero-todavia-queda-el-vampi-y-el-garbis\\\/#breadcrumb\",\"itemListElement\":[{\"@type\":\"ListItem\",\"position\":1,\"name\":\"Home\",\"item\":\"https:\\\/\\\/digital58.com.ve\\\/site\\\/\"},{\"@type\":\"ListItem\",\"position\":2,\"name\":\"Rom\u00e1n Camacho: muerte de \u00abEl Koki\u00bb es duro golpe para la banda pero todav\u00eda queda \u00abEl Vampi\u00bb y \u00abEl Garbis\u00bb.\"}]},{\"@type\":\"WebSite\",\"@id\":\"https:\\\/\\\/digital58.com.ve\\\/site\\\/#website\",\"url\":\"https:\\\/\\\/digital58.com.ve\\\/site\\\/\",\"name\":\"Noticias Digital58\",\"description\":\"Portal de Noticias \u00a1Periodismo web de verdad! Lanzamiento web 22.11.2005 \\\/ Maracaibo, Venezuela\",\"publisher\":{\"@id\":\"https:\\\/\\\/digital58.com.ve\\\/site\\\/#\\\/schema\\\/person\\\/64d1c2e4d0d4fd1b849980c4331c2951\"},\"alternateName\":\"ND58\",\"potentialAction\":[{\"@type\":\"SearchAction\",\"target\":{\"@type\":\"EntryPoint\",\"urlTemplate\":\"https:\\\/\\\/digital58.com.ve\\\/site\\\/?s={search_term_string}\"},\"query-input\":{\"@type\":\"PropertyValueSpecification\",\"valueRequired\":true,\"valueName\":\"search_term_string\"}}],\"inLanguage\":\"es\"},{\"@type\":[\"Person\",\"Organization\"],\"@id\":\"https:\\\/\\\/digital58.com.ve\\\/site\\\/#\\\/schema\\\/person\\\/64d1c2e4d0d4fd1b849980c4331c2951\",\"name\":\"Villasmil Henry\",\"image\":{\"@type\":\"ImageObject\",\"inLanguage\":\"es\",\"@id\":\"https:\\\/\\\/secure.gravatar.com\\\/avatar\\\/bb0c4a2fcb7970138239f7e404ea75757b1b507b28b5ce4c53fbd62d797c5a7c?s=96&d=mm&r=g\",\"url\":\"https:\\\/\\\/secure.gravatar.com\\\/avatar\\\/bb0c4a2fcb7970138239f7e404ea75757b1b507b28b5ce4c53fbd62d797c5a7c?s=96&d=mm&r=g\",\"contentUrl\":\"https:\\\/\\\/secure.gravatar.com\\\/avatar\\\/bb0c4a2fcb7970138239f7e404ea75757b1b507b28b5ce4c53fbd62d797c5a7c?s=96&d=mm&r=g\",\"caption\":\"Villasmil Henry\"},\"logo\":{\"@id\":\"https:\\\/\\\/secure.gravatar.com\\\/avatar\\\/bb0c4a2fcb7970138239f7e404ea75757b1b507b28b5ce4c53fbd62d797c5a7c?s=96&d=mm&r=g\"},\"sameAs\":[\"http:\\\/\\\/www.henryvillasmil.com.ve\",\"https:\\\/\\\/www.instagram.com\\\/villasmilhfoto\\\/\",\"https:\\\/\\\/x.com\\\/https:\\\/\\\/twitter.com\\\/villasmilhfoto\"]},{\"@type\":\"Person\",\"@id\":\"https:\\\/\\\/digital58.com.ve\\\/site\\\/#\\\/schema\\\/person\\\/38596b127602deaa13fbcd7585635238\",\"name\":\"Caren A\u00f1ez\",\"image\":{\"@type\":\"ImageObject\",\"inLanguage\":\"es\",\"@id\":\"https:\\\/\\\/secure.gravatar.com\\\/avatar\\\/53aadd693aa414991c9ff2f2b19c39be94d2c342463b80f5402d344911bc9782?s=96&d=mm&r=g\",\"url\":\"https:\\\/\\\/secure.gravatar.com\\\/avatar\\\/53aadd693aa414991c9ff2f2b19c39be94d2c342463b80f5402d344911bc9782?s=96&d=mm&r=g\",\"contentUrl\":\"https:\\\/\\\/secure.gravatar.com\\\/avatar\\\/53aadd693aa414991c9ff2f2b19c39be94d2c342463b80f5402d344911bc9782?s=96&d=mm&r=g\",\"caption\":\"Caren A\u00f1ez\"},\"description\":\"\ud83d\udc69\u200d\ud83c\udfa4Editora en @digital_58 \ud83d\udc69\ud83c\udffb\u200d\ud83c\udfebPeriodista musical y de entretenimiento. \ud83d\udcf8Fotografa \ud83d\udc69\ud83c\udffb\u200d\ud83d\udcbbMedia Management. \ud83d\udc69\u200d\ud83d\udc67\u200d\ud83d\udc67AspieMon 24\\\/7\",\"sameAs\":[\"https:\\\/\\\/www.instagram.com\\\/carenanez\\\/\",\"https:\\\/\\\/x.com\\\/carenanez\"],\"url\":\"https:\\\/\\\/digital58.com.ve\\\/site\\\/author\\\/carena21\\\/\"}]}<\/script>\n<!-- \/ Yoast SEO plugin. -->","yoast_head_json":{"title":"Rom\u00e1n Camacho: muerte de \u00abEl Koki\u00bb es duro golpe para la banda pero todav\u00eda queda \u00abEl Vampi\u00bb y \u00abEl Garbis\u00bb.","description":"Sucesos","robots":{"index":"index","follow":"follow","max-snippet":"max-snippet:-1","max-image-preview":"max-image-preview:large","max-video-preview":"max-video-preview:-1"},"canonical":"https:\/\/digital58.com.ve\/site\/2022\/02\/09\/roman-camacho-muerte-de-el-koki-es-duro-golpe-para-la-banda-pero-todavia-queda-el-vampi-y-el-garbis\/","og_locale":"es_ES","og_type":"article","og_title":"Rom\u00e1n Camacho: muerte de \u00abEl Koki\u00bb es duro golpe para la banda pero todav\u00eda queda \u00abEl Vampi\u00bb y \u00abEl Garbis\u00bb.","og_description":"Sucesos","og_url":"https:\/\/digital58.com.ve\/site\/2022\/02\/09\/roman-camacho-muerte-de-el-koki-es-duro-golpe-para-la-banda-pero-todavia-queda-el-vampi-y-el-garbis\/","og_site_name":"Noticias Digital58","article_published_time":"2022-02-09T13:30:39+00:00","article_modified_time":"2022-02-09T14:51:05+00:00","og_image":[{"width":1200,"height":800,"url":"https:\/\/digital58.com.ve\/site\/wp-content\/uploads\/2022\/02\/carlos-luis-revete-koki.jpg","type":"image\/jpeg"}],"author":"Caren A\u00f1ez","twitter_card":"summary_large_image","twitter_creator":"@carenanez","twitter_site":"@villasmilhfoto","twitter_misc":{"Escrito por":"Caren A\u00f1ez","Tiempo estimado de lectura":"2 minutos"},"schema":{"@context":"https:\/\/schema.org","@graph":[{"@type":"Article","@id":"https:\/\/digital58.com.ve\/site\/2022\/02\/09\/roman-camacho-muerte-de-el-koki-es-duro-golpe-para-la-banda-pero-todavia-queda-el-vampi-y-el-garbis\/#article","isPartOf":{"@id":"https:\/\/digital58.com.ve\/site\/2022\/02\/09\/roman-camacho-muerte-de-el-koki-es-duro-golpe-para-la-banda-pero-todavia-queda-el-vampi-y-el-garbis\/"},"author":{"name":"Caren A\u00f1ez","@id":"https:\/\/digital58.com.ve\/site\/#\/schema\/person\/38596b127602deaa13fbcd7585635238"},"headline":"Rom\u00e1n Camacho: muerte de \u00abEl Koki\u00bb es duro golpe para la banda pero todav\u00eda queda \u00abEl Vampi\u00bb y \u00abEl Garbis\u00bb.","datePublished":"2022-02-09T13:30:39+00:00","dateModified":"2022-02-09T14:51:05+00:00","mainEntityOfPage":{"@id":"https:\/\/digital58.com.ve\/site\/2022\/02\/09\/roman-camacho-muerte-de-el-koki-es-duro-golpe-para-la-banda-pero-todavia-queda-el-vampi-y-el-garbis\/"},"wordCount":312,"commentCount":0,"publisher":{"@id":"https:\/\/digital58.com.ve\/site\/#\/schema\/person\/64d1c2e4d0d4fd1b849980c4331c2951"},"image":{"@id":"https:\/\/digital58.com.ve\/site\/2022\/02\/09\/roman-camacho-muerte-de-el-koki-es-duro-golpe-para-la-banda-pero-todavia-queda-el-vampi-y-el-garbis\/#primaryimage"},"thumbnailUrl":"https:\/\/digital58.com.ve\/site\/wp-content\/uploads\/2022\/02\/carlos-luis-revete-koki.jpg","keywords":["Aragua","Caracas","Carlos Revete","El \"Koki\"","El Garbis","El Vampi","La Arenera","La Cota","Nacionales","\u00d3scar P\u00e9rez","Remigio Ceballos","Rom\u00e1n Camacho","Sucesos Nacionales","Venezuela"],"articleSection":["Sucesos"],"inLanguage":"es","potentialAction":[{"@type":"CommentAction","name":"Comment","target":["https:\/\/digital58.com.ve\/site\/2022\/02\/09\/roman-camacho-muerte-de-el-koki-es-duro-golpe-para-la-banda-pero-todavia-queda-el-vampi-y-el-garbis\/#respond"]}]},{"@type":"WebPage","@id":"https:\/\/digital58.com.ve\/site\/2022\/02\/09\/roman-camacho-muerte-de-el-koki-es-duro-golpe-para-la-banda-pero-todavia-queda-el-vampi-y-el-garbis\/","url":"https:\/\/digital58.com.ve\/site\/2022\/02\/09\/roman-camacho-muerte-de-el-koki-es-duro-golpe-para-la-banda-pero-todavia-queda-el-vampi-y-el-garbis\/","name":"Rom\u00e1n Camacho: muerte de \u00abEl Koki\u00bb es duro golpe para la banda pero todav\u00eda queda \u00abEl Vampi\u00bb y \u00abEl Garbis\u00bb.","isPartOf":{"@id":"https:\/\/digital58.com.ve\/site\/#website"},"primaryImageOfPage":{"@id":"https:\/\/digital58.com.ve\/site\/2022\/02\/09\/roman-camacho-muerte-de-el-koki-es-duro-golpe-para-la-banda-pero-todavia-queda-el-vampi-y-el-garbis\/#primaryimage"},"image":{"@id":"https:\/\/digital58.com.ve\/site\/2022\/02\/09\/roman-camacho-muerte-de-el-koki-es-duro-golpe-para-la-banda-pero-todavia-queda-el-vampi-y-el-garbis\/#primaryimage"},"thumbnailUrl":"https:\/\/digital58.com.ve\/site\/wp-content\/uploads\/2022\/02\/carlos-luis-revete-koki.jpg","datePublished":"2022-02-09T13:30:39+00:00","dateModified":"2022-02-09T14:51:05+00:00","description":"Sucesos","breadcrumb":{"@id":"https:\/\/digital58.com.ve\/site\/2022\/02\/09\/roman-camacho-muerte-de-el-koki-es-duro-golpe-para-la-banda-pero-todavia-queda-el-vampi-y-el-garbis\/#breadcrumb"},"inLanguage":"es","potentialAction":[{"@type":"ReadAction","target":["https:\/\/digital58.com.ve\/site\/2022\/02\/09\/roman-camacho-muerte-de-el-koki-es-duro-golpe-para-la-banda-pero-todavia-queda-el-vampi-y-el-garbis\/"]}]},{"@type":"ImageObject","inLanguage":"es","@id":"https:\/\/digital58.com.ve\/site\/2022\/02\/09\/roman-camacho-muerte-de-el-koki-es-duro-golpe-para-la-banda-pero-todavia-queda-el-vampi-y-el-garbis\/#primaryimage","url":"https:\/\/digital58.com.ve\/site\/wp-content\/uploads\/2022\/02\/carlos-luis-revete-koki.jpg","contentUrl":"https:\/\/digital58.com.ve\/site\/wp-content\/uploads\/2022\/02\/carlos-luis-revete-koki.jpg","width":900,"height":600},{"@type":"BreadcrumbList","@id":"https:\/\/digital58.com.ve\/site\/2022\/02\/09\/roman-camacho-muerte-de-el-koki-es-duro-golpe-para-la-banda-pero-todavia-queda-el-vampi-y-el-garbis\/#breadcrumb","itemListElement":[{"@type":"ListItem","position":1,"name":"Home","item":"https:\/\/digital58.com.ve\/site\/"},{"@type":"ListItem","position":2,"name":"Rom\u00e1n Camacho: muerte de \u00abEl Koki\u00bb es duro golpe para la banda pero todav\u00eda queda \u00abEl Vampi\u00bb y \u00abEl Garbis\u00bb."}]},{"@type":"WebSite","@id":"https:\/\/digital58.com.ve\/site\/#website","url":"https:\/\/digital58.com.ve\/site\/","name":"Noticias Digital58","description":"Portal de Noticias \u00a1Periodismo web de verdad! Lanzamiento web 22.11.2005 \/ Maracaibo, Venezuela","publisher":{"@id":"https:\/\/digital58.com.ve\/site\/#\/schema\/person\/64d1c2e4d0d4fd1b849980c4331c2951"},"alternateName":"ND58","potentialAction":[{"@type":"SearchAction","target":{"@type":"EntryPoint","urlTemplate":"https:\/\/digital58.com.ve\/site\/?s={search_term_string}"},"query-input":{"@type":"PropertyValueSpecification","valueRequired":true,"valueName":"search_term_string"}}],"inLanguage":"es"},{"@type":["Person","Organization"],"@id":"https:\/\/digital58.com.ve\/site\/#\/schema\/person\/64d1c2e4d0d4fd1b849980c4331c2951","name":"Villasmil Henry","image":{"@type":"ImageObject","inLanguage":"es","@id":"https:\/\/secure.gravatar.com\/avatar\/bb0c4a2fcb7970138239f7e404ea75757b1b507b28b5ce4c53fbd62d797c5a7c?s=96&d=mm&r=g","url":"https:\/\/secure.gravatar.com\/avatar\/bb0c4a2fcb7970138239f7e404ea75757b1b507b28b5ce4c53fbd62d797c5a7c?s=96&d=mm&r=g","contentUrl":"https:\/\/secure.gravatar.com\/avatar\/bb0c4a2fcb7970138239f7e404ea75757b1b507b28b5ce4c53fbd62d797c5a7c?s=96&d=mm&r=g","caption":"Villasmil Henry"},"logo":{"@id":"https:\/\/secure.gravatar.com\/avatar\/bb0c4a2fcb7970138239f7e404ea75757b1b507b28b5ce4c53fbd62d797c5a7c?s=96&d=mm&r=g"},"sameAs":["http:\/\/www.henryvillasmil.com.ve","https:\/\/www.instagram.com\/villasmilhfoto\/","https:\/\/x.com\/https:\/\/twitter.com\/villasmilhfoto"]},{"@type":"Person","@id":"https:\/\/digital58.com.ve\/site\/#\/schema\/person\/38596b127602deaa13fbcd7585635238","name":"Caren A\u00f1ez","image":{"@type":"ImageObject","inLanguage":"es","@id":"https:\/\/secure.gravatar.com\/avatar\/53aadd693aa414991c9ff2f2b19c39be94d2c342463b80f5402d344911bc9782?s=96&d=mm&r=g","url":"https:\/\/secure.gravatar.com\/avatar\/53aadd693aa414991c9ff2f2b19c39be94d2c342463b80f5402d344911bc9782?s=96&d=mm&r=g","contentUrl":"https:\/\/secure.gravatar.com\/avatar\/53aadd693aa414991c9ff2f2b19c39be94d2c342463b80f5402d344911bc9782?s=96&d=mm&r=g","caption":"Caren A\u00f1ez"},"description":"\ud83d\udc69\u200d\ud83c\udfa4Editora en @digital_58 \ud83d\udc69\ud83c\udffb\u200d\ud83c\udfebPeriodista musical y de entretenimiento. \ud83d\udcf8Fotografa \ud83d\udc69\ud83c\udffb\u200d\ud83d\udcbbMedia Management. \ud83d\udc69\u200d\ud83d\udc67\u200d\ud83d\udc67AspieMon 24\/7","sameAs":["https:\/\/www.instagram.com\/carenanez\/","https:\/\/x.com\/carenanez"],"url":"https:\/\/digital58.com.ve\/site\/author\/carena21\/"}]}},"uagb_featured_image_src":{"full":["https:\/\/digital58.com.ve\/site\/wp-content\/uploads\/2022\/02\/carlos-luis-revete-koki.jpg",900,600,false],"thumbnail":["https:\/\/digital58.com.ve\/site\/wp-content\/uploads\/2022\/02\/carlos-luis-revete-koki-150x150.jpg",150,150,true],"medium":["https:\/\/digital58.com.ve\/site\/wp-content\/uploads\/2022\/02\/carlos-luis-revete-koki-300x200.jpg",300,200,true],"medium_large":["https:\/\/digital58.com.ve\/site\/wp-content\/uploads\/2022\/02\/carlos-luis-revete-koki-768x512.jpg",768,512,true],"large":["https:\/\/digital58.com.ve\/site\/wp-content\/uploads\/2022\/02\/carlos-luis-revete-koki.jpg",800,533,false],"1536x1536":["https:\/\/digital58.com.ve\/site\/wp-content\/uploads\/2022\/02\/carlos-luis-revete-koki.jpg",900,600,false],"2048x2048":["https:\/\/digital58.com.ve\/site\/wp-content\/uploads\/2022\/02\/carlos-luis-revete-koki.jpg",900,600,false],"colormag-highlighted-post":["https:\/\/digital58.com.ve\/site\/wp-content\/uploads\/2022\/02\/carlos-luis-revete-koki.jpg",392,261,false],"colormag-featured-post-medium":["https:\/\/digital58.com.ve\/site\/wp-content\/uploads\/2022\/02\/carlos-luis-revete-koki.jpg",308,205,false],"colormag-featured-post-small":["https:\/\/digital58.com.ve\/site\/wp-content\/uploads\/2022\/02\/carlos-luis-revete-koki.jpg",130,87,false],"colormag-featured-image":["https:\/\/digital58.com.ve\/site\/wp-content\/uploads\/2022\/02\/carlos-luis-revete-koki.jpg",668,445,false],"colormag-default-news":["https:\/\/digital58.com.ve\/site\/wp-content\/uploads\/2022\/02\/carlos-luis-revete-koki.jpg",150,100,false],"colormag-featured-image-large":["https:\/\/digital58.com.ve\/site\/wp-content\/uploads\/2022\/02\/carlos-luis-revete-koki.jpg",900,600,false]},"uagb_author_info":{"display_name":"Caren A\u00f1ez","author_link":"https:\/\/digital58.com.ve\/site\/author\/carena21\/"},"uagb_comment_info":0,"uagb_excerpt":"Rom\u00e1n Camacho, periodista de la fuente sucesos, asegur\u00f3 que la muerte de \u00abEl Koki\u00bb, cabecilla de la banda de la","_links":{"self":[{"href":"https:\/\/digital58.com.ve\/site\/wp-json\/wp\/v2\/posts\/148442","targetHints":{"allow":["GET"]}}],"collection":[{"href":"https:\/\/digital58.com.ve\/site\/wp-json\/wp\/v2\/posts"}],"about":[{"href":"https:\/\/digital58.com.ve\/site\/wp-json\/wp\/v2\/types\/post"}],"author":[{"embeddable":true,"href":"https:\/\/digital58.com.ve\/site\/wp-json\/wp\/v2\/users\/39"}],"replies":[{"embeddable":true,"href":"https:\/\/digital58.com.ve\/site\/wp-json\/wp\/v2\/comments?post=148442"}],"version-history":[{"count":0,"href":"https:\/\/digital58.com.ve\/site\/wp-json\/wp\/v2\/posts\/148442\/revisions"}],"wp:featuredmedia":[{"embeddable":true,"href":"https:\/\/digital58.com.ve\/site\/wp-json\/wp\/v2\/media\/148443"}],"wp:attachment":[{"href":"https:\/\/digital58.com.ve\/site\/wp-json\/wp\/v2\/media?parent=148442"}],"wp:term":[{"taxonomy":"category","embeddable":true,"href":"https:\/\/digital58.com.ve\/site\/wp-json\/wp\/v2\/categories?post=148442"},{"taxonomy":"post_tag","embeddable":true,"href":"https:\/\/digital58.com.ve\/site\/wp-json\/wp\/v2\/tags?post=148442"}],"curies":[{"name":"wp","href":"https:\/\/api.w.org\/{rel}","templated":true}]}}