{"id":148487,"date":"2022-02-09T22:18:21","date_gmt":"2022-02-10T02:18:21","guid":{"rendered":"https:\/\/digital58.com.ve\/site\/?p=148487"},"modified":"2022-02-09T22:18:21","modified_gmt":"2022-02-10T02:18:21","slug":"entrega-de-el-nacional-a-cabello-culmina-anos-de-persecucion-segun-el-ipi","status":"publish","type":"post","link":"https:\/\/digital58.com.ve\/site\/2022\/02\/09\/entrega-de-el-nacional-a-cabello-culmina-anos-de-persecucion-segun-el-ipi\/","title":{"rendered":"Entrega de El Nacional a Cabello culmina a\u00f1os de \u00abpersecuci\u00f3n\u00bb, seg\u00fan el IPI"},"content":{"rendered":"<p><a href=\"https:\/\/digital58.com.ve\/site\/wp-content\/uploads\/2022\/02\/el-nacional.jpg\"><img loading=\"lazy\" decoding=\"async\" class=\"aligncenter size-full wp-image-148488\" src=\"https:\/\/digital58.com.ve\/site\/wp-content\/uploads\/2022\/02\/el-nacional.jpg\" alt=\"\" width=\"900\" height=\"503\" srcset=\"https:\/\/digital58.com.ve\/site\/wp-content\/uploads\/2022\/02\/el-nacional.jpg 900w, https:\/\/digital58.com.ve\/site\/wp-content\/uploads\/2022\/02\/el-nacional-300x168.jpg 300w, https:\/\/digital58.com.ve\/site\/wp-content\/uploads\/2022\/02\/el-nacional-768x429.jpg 768w\" sizes=\"auto, (max-width: 900px) 100vw, 900px\" \/><\/a><\/p>\n<p>El Instituto Internacional de Prensa (IPI) denunci\u00f3 este mi\u00e9rcoles \u00abla intolerancia del r\u00e9gimen venezolano contra los medios libres\u00bb tras la adjudicaci\u00f3n de la sede del diario El Nacional a Diosdado Cabello, n\u00famero dos del Gobierno.<\/p>\n<p><strong>Caracas, DC, Venezuela, 09 de febrero de 2022 (ND58).-<\/strong> \u00abLa transferencia de la sede de El Nacional a Diosdado Cabello es una culminaci\u00f3n rid\u00edcula e indignante de un hostigamiento y persecuci\u00f3n dirigido durante a\u00f1os hacia este peri\u00f3dico\u00bb, se\u00f1al\u00f3 en declaraciones a Efe en Viena el director adjunto del IPI, Scott Griffen.<\/p>\n<p>La Justicia venezolana entreg\u00f3 este lunes la sede de El Nacional a Diosdado Cabello, primer vicepresidente del Partido Socialista Unido de Venezuela (PSUV), como parte de una compensaci\u00f3n por \u00abgrave da\u00f1o moral\u00bb tras una demanda del pol\u00edtico contra ese medio.<\/p>\n<p>\u00ab\u00bfQu\u00e9 podr\u00eda ser m\u00e1s simb\u00f3lico que la toma literal de la propiedad de El Nacional por parte de una de las manos derechas de Nicol\u00e1s Maduro (presidente venezolano)?\u00bb, a\u00f1adi\u00f3 Griffen, quien afirm\u00f3 que este caso \u00abno tiene nada que ver con la justicia\u00bb.<\/p>\n<p>La compensaci\u00f3n, ordenada por el Tribunal Supremo de Justicia (TSJ), tambi\u00e9n incluye el pago de 13,4 millones de d\u00f3lares.<\/p>\n<p>La sede ya estaba embargada desde mayo del a\u00f1o pasado tras una denuncia presentada en 2015 por Cabello contra el diario venezolano por publicar un art\u00edculo sobre un reportaje del peri\u00f3dico espa\u00f1ol ABC que lo vinculaba con el narcotr\u00e1fico.<\/p>\n<p>Desde El Nacional denuncian que la sede se ha entregado \u00absin ninguna competencia ni subasta\u00bb y que esta decisi\u00f3n es otro de \u00ablos atropellos del chavismo en contra de la prensa independiente\u00bb.<\/p>\n<p>El IPI es una red mundial de editores y propietarios de medios de comunicaci\u00f3n, con sede en Viena.<\/p>\n<p><strong>Redacci\u00f3n ND58 | Fuente: EFE<\/strong><br \/>\n<strong>Edici\u00f3n: Villasmil, Henry<\/strong><br \/>\n<strong>Gr\u00e1fica: Archivo<\/strong><\/p>\n<p>&nbsp;<\/p>\n<p>&nbsp;<\/p><div class=\"rjzqm69eedc2ee04e5\" ><p style=\"text-align: center;\"><a href=\"https:\/\/t.me\/noticiasdigital58\" target=\"_blank\" rel=\"noopener\"><img class=\"aligncenter size-full wp-image-125363\" src=\"https:\/\/digital58.com.ve\/site\/wp-content\/uploads\/2021\/04\/banner-telegram-web-2021.png\" alt=\"\" width=\"600\" height=\"90\" \/><\/a><\/p><\/div><style type=\"text\/css\">\r\n@media screen and (min-width: 1201px) {\r\n.rjzqm69eedc2ee04e5 {\r\ndisplay: block;\r\n}\r\n}\r\n@media screen and (min-width: 993px) and (max-width: 1200px) {\r\n.rjzqm69eedc2ee04e5 {\r\ndisplay: block;\r\n}\r\n}\r\n@media screen and (min-width: 769px) and (max-width: 992px) {\r\n.rjzqm69eedc2ee04e5 {\r\ndisplay: block;\r\n}\r\n}\r\n@media screen and (min-width: 768px) and (max-width: 768px) {\r\n.rjzqm69eedc2ee04e5 {\r\ndisplay: block;\r\n}\r\n}\r\n@media screen and (max-width: 767px) {\r\n.rjzqm69eedc2ee04e5 {\r\ndisplay: block;\r\n}\r\n}\r\n<\/style>\r\n\n<p>&nbsp;<\/p>\n<div style=\"margin-top: 0px; margin-bottom: 0px;\" class=\"sharethis-inline-share-buttons\" ><\/div>","protected":false},"excerpt":{"rendered":"<p>El Instituto Internacional de Prensa (IPI) denunci\u00f3 este mi\u00e9rcoles \u00abla intolerancia del r\u00e9gimen venezolano contra los medios libres\u00bb tras la<\/p>\n","protected":false},"author":1,"featured_media":148488,"comment_status":"open","ping_status":"closed","sticky":false,"template":"","format":"standard","meta":{"colormag_page_container_layout":"default_layout","colormag_page_sidebar_layout":"default_layout","_uag_custom_page_level_css":"","footnotes":""},"categories":[16454],"tags":[29,11979,13752,2719,27233,233,13712,27234,14038],"class_list":["post-148487","post","type-post","status-publish","format-standard","has-post-thumbnail","hentry","category-venezuela","tag-caracas","tag-chavismo","tag-diario-el-nacional","tag-diosdado-cabello","tag-instituto-internacional-de-prensa","tag-nacionales","tag-partido-socialista-unido-de-venezuela","tag-scott-griffen","tag-tribunal-supremo-de-justicia"],"yoast_head":"<!-- This site is optimized with the Yoast SEO plugin v27.4 - https:\/\/yoast.com\/product\/yoast-seo-wordpress\/ -->\n<title>Entrega de El Nacional a Cabello culmina a\u00f1os de \u00abpersecuci\u00f3n\u00bb, seg\u00fan el IPI<\/title>\n<meta name=\"description\" content=\"Venezuela\" \/>\n<meta name=\"robots\" content=\"index, follow, max-snippet:-1, max-image-preview:large, max-video-preview:-1\" \/>\n<link rel=\"canonical\" href=\"https:\/\/digital58.com.ve\/site\/2022\/02\/09\/entrega-de-el-nacional-a-cabello-culmina-anos-de-persecucion-segun-el-ipi\/\" \/>\n<meta property=\"og:locale\" content=\"es_ES\" \/>\n<meta property=\"og:type\" content=\"article\" \/>\n<meta property=\"og:title\" content=\"Entrega de El Nacional a Cabello culmina a\u00f1os de \u00abpersecuci\u00f3n\u00bb, seg\u00fan el IPI\" \/>\n<meta property=\"og:description\" content=\"Venezuela\" \/>\n<meta property=\"og:url\" content=\"https:\/\/digital58.com.ve\/site\/2022\/02\/09\/entrega-de-el-nacional-a-cabello-culmina-anos-de-persecucion-segun-el-ipi\/\" \/>\n<meta property=\"og:site_name\" content=\"Noticias Digital58\" \/>\n<meta property=\"article:published_time\" content=\"2022-02-10T02:18:21+00:00\" \/>\n<meta property=\"og:image\" content=\"https:\/\/digital58.com.ve\/site\/wp-content\/uploads\/2022\/02\/el-nacional.jpg\" \/>\n\t<meta property=\"og:image:width\" content=\"900\" \/>\n\t<meta property=\"og:image:height\" content=\"503\" \/>\n\t<meta property=\"og:image:type\" content=\"image\/jpeg\" \/>\n<meta name=\"author\" content=\"Villasmil Henry\" \/>\n<meta name=\"twitter:card\" content=\"summary_large_image\" \/>\n<meta name=\"twitter:creator\" content=\"@https:\/\/twitter.com\/villasmilhfoto\" \/>\n<meta name=\"twitter:site\" content=\"@villasmilhfoto\" \/>\n<meta name=\"twitter:label1\" content=\"Escrito por\" \/>\n\t<meta name=\"twitter:data1\" content=\"Villasmil Henry\" \/>\n\t<meta name=\"twitter:label2\" content=\"Tiempo estimado de lectura\" \/>\n\t<meta name=\"twitter:data2\" content=\"2 minutos\" \/>\n<script type=\"application\/ld+json\" class=\"yoast-schema-graph\">{\"@context\":\"https:\\\/\\\/schema.org\",\"@graph\":[{\"@type\":\"Article\",\"@id\":\"https:\\\/\\\/digital58.com.ve\\\/site\\\/2022\\\/02\\\/09\\\/entrega-de-el-nacional-a-cabello-culmina-anos-de-persecucion-segun-el-ipi\\\/#article\",\"isPartOf\":{\"@id\":\"https:\\\/\\\/digital58.com.ve\\\/site\\\/2022\\\/02\\\/09\\\/entrega-de-el-nacional-a-cabello-culmina-anos-de-persecucion-segun-el-ipi\\\/\"},\"author\":{\"name\":\"Villasmil Henry\",\"@id\":\"https:\\\/\\\/digital58.com.ve\\\/site\\\/#\\\/schema\\\/person\\\/64d1c2e4d0d4fd1b849980c4331c2951\"},\"headline\":\"Entrega de El Nacional a Cabello culmina a\u00f1os de \u00abpersecuci\u00f3n\u00bb, seg\u00fan el IPI\",\"datePublished\":\"2022-02-10T02:18:21+00:00\",\"mainEntityOfPage\":{\"@id\":\"https:\\\/\\\/digital58.com.ve\\\/site\\\/2022\\\/02\\\/09\\\/entrega-de-el-nacional-a-cabello-culmina-anos-de-persecucion-segun-el-ipi\\\/\"},\"wordCount\":333,\"commentCount\":0,\"publisher\":{\"@id\":\"https:\\\/\\\/digital58.com.ve\\\/site\\\/#\\\/schema\\\/person\\\/64d1c2e4d0d4fd1b849980c4331c2951\"},\"image\":{\"@id\":\"https:\\\/\\\/digital58.com.ve\\\/site\\\/2022\\\/02\\\/09\\\/entrega-de-el-nacional-a-cabello-culmina-anos-de-persecucion-segun-el-ipi\\\/#primaryimage\"},\"thumbnailUrl\":\"https:\\\/\\\/digital58.com.ve\\\/site\\\/wp-content\\\/uploads\\\/2022\\\/02\\\/el-nacional.jpg\",\"keywords\":[\"Caracas\",\"Chavismo\",\"Diario El Nacional\",\"Diosdado Cabello\",\"Instituto Internacional de Prensa\",\"Nacionales\",\"Partido Socialista Unido de Venezuela\",\"Scott Griffen\",\"Tribunal Supremo de Justicia\"],\"articleSection\":[\"Venezuela\"],\"inLanguage\":\"es\",\"potentialAction\":[{\"@type\":\"CommentAction\",\"name\":\"Comment\",\"target\":[\"https:\\\/\\\/digital58.com.ve\\\/site\\\/2022\\\/02\\\/09\\\/entrega-de-el-nacional-a-cabello-culmina-anos-de-persecucion-segun-el-ipi\\\/#respond\"]}]},{\"@type\":\"WebPage\",\"@id\":\"https:\\\/\\\/digital58.com.ve\\\/site\\\/2022\\\/02\\\/09\\\/entrega-de-el-nacional-a-cabello-culmina-anos-de-persecucion-segun-el-ipi\\\/\",\"url\":\"https:\\\/\\\/digital58.com.ve\\\/site\\\/2022\\\/02\\\/09\\\/entrega-de-el-nacional-a-cabello-culmina-anos-de-persecucion-segun-el-ipi\\\/\",\"name\":\"Entrega de El Nacional a Cabello culmina a\u00f1os de \u00abpersecuci\u00f3n\u00bb, seg\u00fan el IPI\",\"isPartOf\":{\"@id\":\"https:\\\/\\\/digital58.com.ve\\\/site\\\/#website\"},\"primaryImageOfPage\":{\"@id\":\"https:\\\/\\\/digital58.com.ve\\\/site\\\/2022\\\/02\\\/09\\\/entrega-de-el-nacional-a-cabello-culmina-anos-de-persecucion-segun-el-ipi\\\/#primaryimage\"},\"image\":{\"@id\":\"https:\\\/\\\/digital58.com.ve\\\/site\\\/2022\\\/02\\\/09\\\/entrega-de-el-nacional-a-cabello-culmina-anos-de-persecucion-segun-el-ipi\\\/#primaryimage\"},\"thumbnailUrl\":\"https:\\\/\\\/digital58.com.ve\\\/site\\\/wp-content\\\/uploads\\\/2022\\\/02\\\/el-nacional.jpg\",\"datePublished\":\"2022-02-10T02:18:21+00:00\",\"description\":\"Venezuela\",\"breadcrumb\":{\"@id\":\"https:\\\/\\\/digital58.com.ve\\\/site\\\/2022\\\/02\\\/09\\\/entrega-de-el-nacional-a-cabello-culmina-anos-de-persecucion-segun-el-ipi\\\/#breadcrumb\"},\"inLanguage\":\"es\",\"potentialAction\":[{\"@type\":\"ReadAction\",\"target\":[\"https:\\\/\\\/digital58.com.ve\\\/site\\\/2022\\\/02\\\/09\\\/entrega-de-el-nacional-a-cabello-culmina-anos-de-persecucion-segun-el-ipi\\\/\"]}]},{\"@type\":\"ImageObject\",\"inLanguage\":\"es\",\"@id\":\"https:\\\/\\\/digital58.com.ve\\\/site\\\/2022\\\/02\\\/09\\\/entrega-de-el-nacional-a-cabello-culmina-anos-de-persecucion-segun-el-ipi\\\/#primaryimage\",\"url\":\"https:\\\/\\\/digital58.com.ve\\\/site\\\/wp-content\\\/uploads\\\/2022\\\/02\\\/el-nacional.jpg\",\"contentUrl\":\"https:\\\/\\\/digital58.com.ve\\\/site\\\/wp-content\\\/uploads\\\/2022\\\/02\\\/el-nacional.jpg\",\"width\":900,\"height\":503},{\"@type\":\"BreadcrumbList\",\"@id\":\"https:\\\/\\\/digital58.com.ve\\\/site\\\/2022\\\/02\\\/09\\\/entrega-de-el-nacional-a-cabello-culmina-anos-de-persecucion-segun-el-ipi\\\/#breadcrumb\",\"itemListElement\":[{\"@type\":\"ListItem\",\"position\":1,\"name\":\"Home\",\"item\":\"https:\\\/\\\/digital58.com.ve\\\/site\\\/\"},{\"@type\":\"ListItem\",\"position\":2,\"name\":\"Entrega de El Nacional a Cabello culmina a\u00f1os de \u00abpersecuci\u00f3n\u00bb, seg\u00fan el IPI\"}]},{\"@type\":\"WebSite\",\"@id\":\"https:\\\/\\\/digital58.com.ve\\\/site\\\/#website\",\"url\":\"https:\\\/\\\/digital58.com.ve\\\/site\\\/\",\"name\":\"Noticias Digital58\",\"description\":\"Portal de Noticias \u00a1Periodismo web de verdad! Lanzamiento web 22.11.2005 \\\/ Maracaibo, Venezuela\",\"publisher\":{\"@id\":\"https:\\\/\\\/digital58.com.ve\\\/site\\\/#\\\/schema\\\/person\\\/64d1c2e4d0d4fd1b849980c4331c2951\"},\"alternateName\":\"ND58\",\"potentialAction\":[{\"@type\":\"SearchAction\",\"target\":{\"@type\":\"EntryPoint\",\"urlTemplate\":\"https:\\\/\\\/digital58.com.ve\\\/site\\\/?s={search_term_string}\"},\"query-input\":{\"@type\":\"PropertyValueSpecification\",\"valueRequired\":true,\"valueName\":\"search_term_string\"}}],\"inLanguage\":\"es\"},{\"@type\":[\"Person\",\"Organization\"],\"@id\":\"https:\\\/\\\/digital58.com.ve\\\/site\\\/#\\\/schema\\\/person\\\/64d1c2e4d0d4fd1b849980c4331c2951\",\"name\":\"Villasmil Henry\",\"image\":{\"@type\":\"ImageObject\",\"inLanguage\":\"es\",\"@id\":\"https:\\\/\\\/secure.gravatar.com\\\/avatar\\\/bb0c4a2fcb7970138239f7e404ea75757b1b507b28b5ce4c53fbd62d797c5a7c?s=96&d=mm&r=g\",\"url\":\"https:\\\/\\\/secure.gravatar.com\\\/avatar\\\/bb0c4a2fcb7970138239f7e404ea75757b1b507b28b5ce4c53fbd62d797c5a7c?s=96&d=mm&r=g\",\"contentUrl\":\"https:\\\/\\\/secure.gravatar.com\\\/avatar\\\/bb0c4a2fcb7970138239f7e404ea75757b1b507b28b5ce4c53fbd62d797c5a7c?s=96&d=mm&r=g\",\"caption\":\"Villasmil Henry\"},\"logo\":{\"@id\":\"https:\\\/\\\/secure.gravatar.com\\\/avatar\\\/bb0c4a2fcb7970138239f7e404ea75757b1b507b28b5ce4c53fbd62d797c5a7c?s=96&d=mm&r=g\"},\"sameAs\":[\"http:\\\/\\\/www.henryvillasmil.com.ve\",\"https:\\\/\\\/www.instagram.com\\\/villasmilhfoto\\\/\",\"https:\\\/\\\/x.com\\\/https:\\\/\\\/twitter.com\\\/villasmilhfoto\"],\"url\":\"https:\\\/\\\/digital58.com.ve\\\/site\\\/author\\\/droopy_68\\\/\"}]}<\/script>\n<!-- \/ Yoast SEO plugin. -->","yoast_head_json":{"title":"Entrega de El Nacional a Cabello culmina a\u00f1os de \u00abpersecuci\u00f3n\u00bb, seg\u00fan el IPI","description":"Venezuela","robots":{"index":"index","follow":"follow","max-snippet":"max-snippet:-1","max-image-preview":"max-image-preview:large","max-video-preview":"max-video-preview:-1"},"canonical":"https:\/\/digital58.com.ve\/site\/2022\/02\/09\/entrega-de-el-nacional-a-cabello-culmina-anos-de-persecucion-segun-el-ipi\/","og_locale":"es_ES","og_type":"article","og_title":"Entrega de El Nacional a Cabello culmina a\u00f1os de \u00abpersecuci\u00f3n\u00bb, seg\u00fan el IPI","og_description":"Venezuela","og_url":"https:\/\/digital58.com.ve\/site\/2022\/02\/09\/entrega-de-el-nacional-a-cabello-culmina-anos-de-persecucion-segun-el-ipi\/","og_site_name":"Noticias Digital58","article_published_time":"2022-02-10T02:18:21+00:00","og_image":[{"width":900,"height":503,"url":"https:\/\/digital58.com.ve\/site\/wp-content\/uploads\/2022\/02\/el-nacional.jpg","type":"image\/jpeg"}],"author":"Villasmil Henry","twitter_card":"summary_large_image","twitter_creator":"@https:\/\/twitter.com\/villasmilhfoto","twitter_site":"@villasmilhfoto","twitter_misc":{"Escrito por":"Villasmil Henry","Tiempo estimado de lectura":"2 minutos"},"schema":{"@context":"https:\/\/schema.org","@graph":[{"@type":"Article","@id":"https:\/\/digital58.com.ve\/site\/2022\/02\/09\/entrega-de-el-nacional-a-cabello-culmina-anos-de-persecucion-segun-el-ipi\/#article","isPartOf":{"@id":"https:\/\/digital58.com.ve\/site\/2022\/02\/09\/entrega-de-el-nacional-a-cabello-culmina-anos-de-persecucion-segun-el-ipi\/"},"author":{"name":"Villasmil Henry","@id":"https:\/\/digital58.com.ve\/site\/#\/schema\/person\/64d1c2e4d0d4fd1b849980c4331c2951"},"headline":"Entrega de El Nacional a Cabello culmina a\u00f1os de \u00abpersecuci\u00f3n\u00bb, seg\u00fan el IPI","datePublished":"2022-02-10T02:18:21+00:00","mainEntityOfPage":{"@id":"https:\/\/digital58.com.ve\/site\/2022\/02\/09\/entrega-de-el-nacional-a-cabello-culmina-anos-de-persecucion-segun-el-ipi\/"},"wordCount":333,"commentCount":0,"publisher":{"@id":"https:\/\/digital58.com.ve\/site\/#\/schema\/person\/64d1c2e4d0d4fd1b849980c4331c2951"},"image":{"@id":"https:\/\/digital58.com.ve\/site\/2022\/02\/09\/entrega-de-el-nacional-a-cabello-culmina-anos-de-persecucion-segun-el-ipi\/#primaryimage"},"thumbnailUrl":"https:\/\/digital58.com.ve\/site\/wp-content\/uploads\/2022\/02\/el-nacional.jpg","keywords":["Caracas","Chavismo","Diario El Nacional","Diosdado Cabello","Instituto Internacional de Prensa","Nacionales","Partido Socialista Unido de Venezuela","Scott Griffen","Tribunal Supremo de Justicia"],"articleSection":["Venezuela"],"inLanguage":"es","potentialAction":[{"@type":"CommentAction","name":"Comment","target":["https:\/\/digital58.com.ve\/site\/2022\/02\/09\/entrega-de-el-nacional-a-cabello-culmina-anos-de-persecucion-segun-el-ipi\/#respond"]}]},{"@type":"WebPage","@id":"https:\/\/digital58.com.ve\/site\/2022\/02\/09\/entrega-de-el-nacional-a-cabello-culmina-anos-de-persecucion-segun-el-ipi\/","url":"https:\/\/digital58.com.ve\/site\/2022\/02\/09\/entrega-de-el-nacional-a-cabello-culmina-anos-de-persecucion-segun-el-ipi\/","name":"Entrega de El Nacional a Cabello culmina a\u00f1os de \u00abpersecuci\u00f3n\u00bb, seg\u00fan el IPI","isPartOf":{"@id":"https:\/\/digital58.com.ve\/site\/#website"},"primaryImageOfPage":{"@id":"https:\/\/digital58.com.ve\/site\/2022\/02\/09\/entrega-de-el-nacional-a-cabello-culmina-anos-de-persecucion-segun-el-ipi\/#primaryimage"},"image":{"@id":"https:\/\/digital58.com.ve\/site\/2022\/02\/09\/entrega-de-el-nacional-a-cabello-culmina-anos-de-persecucion-segun-el-ipi\/#primaryimage"},"thumbnailUrl":"https:\/\/digital58.com.ve\/site\/wp-content\/uploads\/2022\/02\/el-nacional.jpg","datePublished":"2022-02-10T02:18:21+00:00","description":"Venezuela","breadcrumb":{"@id":"https:\/\/digital58.com.ve\/site\/2022\/02\/09\/entrega-de-el-nacional-a-cabello-culmina-anos-de-persecucion-segun-el-ipi\/#breadcrumb"},"inLanguage":"es","potentialAction":[{"@type":"ReadAction","target":["https:\/\/digital58.com.ve\/site\/2022\/02\/09\/entrega-de-el-nacional-a-cabello-culmina-anos-de-persecucion-segun-el-ipi\/"]}]},{"@type":"ImageObject","inLanguage":"es","@id":"https:\/\/digital58.com.ve\/site\/2022\/02\/09\/entrega-de-el-nacional-a-cabello-culmina-anos-de-persecucion-segun-el-ipi\/#primaryimage","url":"https:\/\/digital58.com.ve\/site\/wp-content\/uploads\/2022\/02\/el-nacional.jpg","contentUrl":"https:\/\/digital58.com.ve\/site\/wp-content\/uploads\/2022\/02\/el-nacional.jpg","width":900,"height":503},{"@type":"BreadcrumbList","@id":"https:\/\/digital58.com.ve\/site\/2022\/02\/09\/entrega-de-el-nacional-a-cabello-culmina-anos-de-persecucion-segun-el-ipi\/#breadcrumb","itemListElement":[{"@type":"ListItem","position":1,"name":"Home","item":"https:\/\/digital58.com.ve\/site\/"},{"@type":"ListItem","position":2,"name":"Entrega de El Nacional a Cabello culmina a\u00f1os de \u00abpersecuci\u00f3n\u00bb, seg\u00fan el IPI"}]},{"@type":"WebSite","@id":"https:\/\/digital58.com.ve\/site\/#website","url":"https:\/\/digital58.com.ve\/site\/","name":"Noticias Digital58","description":"Portal de Noticias \u00a1Periodismo web de verdad! Lanzamiento web 22.11.2005 \/ Maracaibo, Venezuela","publisher":{"@id":"https:\/\/digital58.com.ve\/site\/#\/schema\/person\/64d1c2e4d0d4fd1b849980c4331c2951"},"alternateName":"ND58","potentialAction":[{"@type":"SearchAction","target":{"@type":"EntryPoint","urlTemplate":"https:\/\/digital58.com.ve\/site\/?s={search_term_string}"},"query-input":{"@type":"PropertyValueSpecification","valueRequired":true,"valueName":"search_term_string"}}],"inLanguage":"es"},{"@type":["Person","Organization"],"@id":"https:\/\/digital58.com.ve\/site\/#\/schema\/person\/64d1c2e4d0d4fd1b849980c4331c2951","name":"Villasmil Henry","image":{"@type":"ImageObject","inLanguage":"es","@id":"https:\/\/secure.gravatar.com\/avatar\/bb0c4a2fcb7970138239f7e404ea75757b1b507b28b5ce4c53fbd62d797c5a7c?s=96&d=mm&r=g","url":"https:\/\/secure.gravatar.com\/avatar\/bb0c4a2fcb7970138239f7e404ea75757b1b507b28b5ce4c53fbd62d797c5a7c?s=96&d=mm&r=g","contentUrl":"https:\/\/secure.gravatar.com\/avatar\/bb0c4a2fcb7970138239f7e404ea75757b1b507b28b5ce4c53fbd62d797c5a7c?s=96&d=mm&r=g","caption":"Villasmil Henry"},"logo":{"@id":"https:\/\/secure.gravatar.com\/avatar\/bb0c4a2fcb7970138239f7e404ea75757b1b507b28b5ce4c53fbd62d797c5a7c?s=96&d=mm&r=g"},"sameAs":["http:\/\/www.henryvillasmil.com.ve","https:\/\/www.instagram.com\/villasmilhfoto\/","https:\/\/x.com\/https:\/\/twitter.com\/villasmilhfoto"],"url":"https:\/\/digital58.com.ve\/site\/author\/droopy_68\/"}]}},"uagb_featured_image_src":{"full":["https:\/\/digital58.com.ve\/site\/wp-content\/uploads\/2022\/02\/el-nacional.jpg",900,503,false],"thumbnail":["https:\/\/digital58.com.ve\/site\/wp-content\/uploads\/2022\/02\/el-nacional-150x150.jpg",150,150,true],"medium":["https:\/\/digital58.com.ve\/site\/wp-content\/uploads\/2022\/02\/el-nacional-300x168.jpg",300,168,true],"medium_large":["https:\/\/digital58.com.ve\/site\/wp-content\/uploads\/2022\/02\/el-nacional-768x429.jpg",768,429,true],"large":["https:\/\/digital58.com.ve\/site\/wp-content\/uploads\/2022\/02\/el-nacional.jpg",800,447,false],"1536x1536":["https:\/\/digital58.com.ve\/site\/wp-content\/uploads\/2022\/02\/el-nacional.jpg",900,503,false],"2048x2048":["https:\/\/digital58.com.ve\/site\/wp-content\/uploads\/2022\/02\/el-nacional.jpg",900,503,false],"colormag-highlighted-post":["https:\/\/digital58.com.ve\/site\/wp-content\/uploads\/2022\/02\/el-nacional.jpg",392,219,false],"colormag-featured-post-medium":["https:\/\/digital58.com.ve\/site\/wp-content\/uploads\/2022\/02\/el-nacional.jpg",367,205,false],"colormag-featured-post-small":["https:\/\/digital58.com.ve\/site\/wp-content\/uploads\/2022\/02\/el-nacional.jpg",130,73,false],"colormag-featured-image":["https:\/\/digital58.com.ve\/site\/wp-content\/uploads\/2022\/02\/el-nacional.jpg",796,445,false],"colormag-default-news":["https:\/\/digital58.com.ve\/site\/wp-content\/uploads\/2022\/02\/el-nacional.jpg",150,84,false],"colormag-featured-image-large":["https:\/\/digital58.com.ve\/site\/wp-content\/uploads\/2022\/02\/el-nacional.jpg",900,503,false]},"uagb_author_info":{"display_name":"Villasmil Henry","author_link":"https:\/\/digital58.com.ve\/site\/author\/droopy_68\/"},"uagb_comment_info":0,"uagb_excerpt":"El Instituto Internacional de Prensa (IPI) denunci\u00f3 este mi\u00e9rcoles \u00abla intolerancia del r\u00e9gimen venezolano contra los medios libres\u00bb tras la","_links":{"self":[{"href":"https:\/\/digital58.com.ve\/site\/wp-json\/wp\/v2\/posts\/148487","targetHints":{"allow":["GET"]}}],"collection":[{"href":"https:\/\/digital58.com.ve\/site\/wp-json\/wp\/v2\/posts"}],"about":[{"href":"https:\/\/digital58.com.ve\/site\/wp-json\/wp\/v2\/types\/post"}],"author":[{"embeddable":true,"href":"https:\/\/digital58.com.ve\/site\/wp-json\/wp\/v2\/users\/1"}],"replies":[{"embeddable":true,"href":"https:\/\/digital58.com.ve\/site\/wp-json\/wp\/v2\/comments?post=148487"}],"version-history":[{"count":0,"href":"https:\/\/digital58.com.ve\/site\/wp-json\/wp\/v2\/posts\/148487\/revisions"}],"wp:featuredmedia":[{"embeddable":true,"href":"https:\/\/digital58.com.ve\/site\/wp-json\/wp\/v2\/media\/148488"}],"wp:attachment":[{"href":"https:\/\/digital58.com.ve\/site\/wp-json\/wp\/v2\/media?parent=148487"}],"wp:term":[{"taxonomy":"category","embeddable":true,"href":"https:\/\/digital58.com.ve\/site\/wp-json\/wp\/v2\/categories?post=148487"},{"taxonomy":"post_tag","embeddable":true,"href":"https:\/\/digital58.com.ve\/site\/wp-json\/wp\/v2\/tags?post=148487"}],"curies":[{"name":"wp","href":"https:\/\/api.w.org\/{rel}","templated":true}]}}