{"id":148673,"date":"2022-02-15T10:40:13","date_gmt":"2022-02-15T14:40:13","guid":{"rendered":"https:\/\/digital58.com.ve\/site\/?p=148673"},"modified":"2022-02-15T10:40:13","modified_gmt":"2022-02-15T14:40:13","slug":"djokovic-dice-que-prefiere-no-jugar-en-los-torneos-donde-le-obliguen-a-estar-vacunado-contra-el-covid-19","status":"publish","type":"post","link":"https:\/\/digital58.com.ve\/site\/2022\/02\/15\/djokovic-dice-que-prefiere-no-jugar-en-los-torneos-donde-le-obliguen-a-estar-vacunado-contra-el-covid-19\/","title":{"rendered":"Djokovic dice que prefiere no jugar en los torneos donde le obliguen a estar vacunado contra el COVID-19"},"content":{"rendered":"<p><img loading=\"lazy\" decoding=\"async\" class=\"wp-image-146624 aligncenter\" src=\"https:\/\/digital58.com.ve\/site\/wp-content\/uploads\/2022\/01\/Djokovic-300x232.jpg\" alt=\"\" width=\"729\" height=\"563\" srcset=\"https:\/\/digital58.com.ve\/site\/wp-content\/uploads\/2022\/01\/Djokovic-300x232.jpg 300w, https:\/\/digital58.com.ve\/site\/wp-content\/uploads\/2022\/01\/Djokovic-768x594.jpg 768w, https:\/\/digital58.com.ve\/site\/wp-content\/uploads\/2022\/01\/Djokovic.jpg 776w\" sizes=\"auto, (max-width: 729px) 100vw, 729px\" \/><\/p>\n<p>No obstante, el tenista serbio reconoci\u00f3 que tiene la mente abierta ante la posibilidad de vacunarse en el futuro<\/p>\n<p><strong>Internacionales, 15 de febrero de 2022(ND58).-<\/strong> El tenista serbio Novak Djokovic ha declarado en una reciente entrevista con la BBC que preferir\u00eda perderse futuros trofeos antes que verse obligado a vacunarse contra el COVID-19.<\/p>\n<p>Ante la pregunta de si sacrificar\u00eda competencias como el Campeonato de Wimbledon y el Abierto de Francia por su postura sobre la vacunaci\u00f3n, Djokovic afirm\u00f3 que s\u00ed, que ese es el precio que est\u00e1 \u00abdispuesto a pagar\u00bb.<\/p>\n<p>El 20 veces ganador del Grand Slam y actual n\u00famero uno en el ranking de la Asociaci\u00f3n de Tenistas Profesionales (ATP) estuvo en el punto de mira despu\u00e9s de que contrajera la enfermedad y se le negara la entrada a Australia por no cumplir con los requisitos de vacunaci\u00f3n del pa\u00eds oce\u00e1nico, del cual finalmente fue deportado tras haberle cancelado la visa en dos ocasiones.<\/p>\n<p>\u00abMe entristeci\u00f3 y decepcion\u00f3 mucho c\u00f3mo terminaron las cosas para m\u00ed en Australia, no fue f\u00e1cil\u00bb, dijo Djokovic, subrayando que nunca ha estado en contra de la vacunaci\u00f3n, pero que siempre ha apoyado \u00abla libertad de decidir lo que te pones en el cuerpo\u00bb.<\/p>\n<p>Ante la posibilidad de ser vacunado en el futuro, el tenista reconoci\u00f3 que tiene la mente abierta, ya que \u00abtodo el mundo intenta esforzarse para manejar el virus y ver si, con suerte, este termina\u00bb.<\/p>\n<p>Djokovic agreg\u00f3 que esperaba que cambiaran los requisitos de vacunaci\u00f3n en ciertos torneos y que desea poder jugar \u00abmuchos a\u00f1os m\u00e1s\u00bb.<\/p>\n<p>No obstante, tambi\u00e9n confirm\u00f3 que estaba dispuesto a renunciar a la oportunidad de convertirse estad\u00edsticamente en el mejor tenista masculino de todos los tiempos.<\/p>\n<p><strong>\u00ab<\/strong><strong>M\u00c1S IMPORTANTE QUE CUALQUIER T\u00cdTULO<\/strong><strong>\u00bb<\/strong><\/p>\n<p>Su principal rival, Rafael Nadal, gan\u00f3 en enero el Abierto de Australia y se convirti\u00f3 en el primer tenista de la historia en amasar 21 triunfos del Grand Slam.<\/p>\n<p>Aun as\u00ed, Djokovic dijo que los principios de la toma de decisiones sobre su cuerpo \u00abson m\u00e1s importantes que cualquier t\u00edtulo o cualquier otra cosa\u00bb.<\/p>\n<p>El tenista se encuentra actualmente en Belgrado, Serbia, donde se prepara para disputar el ATP 500 de Dub\u00e1i, en los Emiratos \u00c1rabes Unidos, que se jugar\u00e1 entre el 21 y el 26 de febrero. A diferencia de otros torneos, all\u00ed no se le exigir\u00e1 el certificado de vacunaci\u00f3n contra el COVID-19.<\/p>\n<p>&nbsp;<\/p><div class=\"dexhc69f3ab7e4aea1\" ><p style=\"text-align: center;\"><a href=\"https:\/\/t.me\/noticiasdigital58\" target=\"_blank\" rel=\"noopener\"><img class=\"aligncenter size-full wp-image-125363\" src=\"https:\/\/digital58.com.ve\/site\/wp-content\/uploads\/2021\/04\/banner-telegram-web-2021.png\" alt=\"\" width=\"600\" height=\"90\" \/><\/a><\/p><\/div><style type=\"text\/css\">\r\n@media screen and (min-width: 1201px) {\r\n.dexhc69f3ab7e4aea1 {\r\ndisplay: block;\r\n}\r\n}\r\n@media screen and (min-width: 993px) and (max-width: 1200px) {\r\n.dexhc69f3ab7e4aea1 {\r\ndisplay: block;\r\n}\r\n}\r\n@media screen and (min-width: 769px) and (max-width: 992px) {\r\n.dexhc69f3ab7e4aea1 {\r\ndisplay: block;\r\n}\r\n}\r\n@media screen and (min-width: 768px) and (max-width: 768px) {\r\n.dexhc69f3ab7e4aea1 {\r\ndisplay: block;\r\n}\r\n}\r\n@media screen and (max-width: 767px) {\r\n.dexhc69f3ab7e4aea1 {\r\ndisplay: block;\r\n}\r\n}\r\n<\/style>\r\n\n<p><strong>Redacci\u00f3n ND58\/Infante, V\u00edctor | Fuente: RT<\/strong><br \/>\n<strong>Edici\u00f3n: Villasmil, Henry<\/strong><br \/>\n<strong>Gr\u00e1fica: Archivo<\/strong><\/p>\n<div style=\"margin-top: 0px; margin-bottom: 0px;\" class=\"sharethis-inline-share-buttons\" ><\/div>","protected":false},"excerpt":{"rendered":"<p>No obstante, el tenista serbio reconoci\u00f3 que tiene la mente abierta ante la posibilidad de vacunarse en el futuro Internacionales,<\/p>\n","protected":false},"author":40,"featured_media":146042,"comment_status":"open","ping_status":"closed","sticky":false,"template":"","format":"standard","meta":{"colormag_page_container_layout":"default_layout","colormag_page_sidebar_layout":"default_layout","_uag_custom_page_level_css":"","footnotes":""},"categories":[5402],"tags":[13352,13648,323,14534,325,326,6003],"class_list":["post-148673","post","type-post","status-publish","format-standard","has-post-thumbnail","hentry","category-deportes","tag-coronavirus","tag-covid-19","tag-novak-djokovic","tag-polemica","tag-tenis","tag-tenis-internacional","tag-vacunacion"],"yoast_head":"<!-- This site is optimized with the Yoast SEO plugin v27.5 - https:\/\/yoast.com\/product\/yoast-seo-wordpress\/ -->\n<title>Djokovic dice que prefiere no jugar en los torneos donde le obliguen a estar vacunado contra el COVID-19<\/title>\n<meta name=\"description\" content=\"Deportes\" \/>\n<meta name=\"robots\" content=\"index, follow, max-snippet:-1, max-image-preview:large, max-video-preview:-1\" \/>\n<link rel=\"canonical\" href=\"https:\/\/digital58.com.ve\/site\/2022\/02\/15\/djokovic-dice-que-prefiere-no-jugar-en-los-torneos-donde-le-obliguen-a-estar-vacunado-contra-el-covid-19\/\" \/>\n<meta property=\"og:locale\" content=\"es_ES\" \/>\n<meta property=\"og:type\" content=\"article\" \/>\n<meta property=\"og:title\" content=\"Djokovic dice que prefiere no jugar en los torneos donde le obliguen a estar vacunado contra el COVID-19\" \/>\n<meta property=\"og:description\" content=\"Deportes\" \/>\n<meta property=\"og:url\" content=\"https:\/\/digital58.com.ve\/site\/2022\/02\/15\/djokovic-dice-que-prefiere-no-jugar-en-los-torneos-donde-le-obliguen-a-estar-vacunado-contra-el-covid-19\/\" \/>\n<meta property=\"og:site_name\" content=\"Noticias Digital58\" \/>\n<meta property=\"article:published_time\" content=\"2022-02-15T14:40:13+00:00\" \/>\n<meta property=\"og:image\" content=\"https:\/\/digital58.com.ve\/site\/wp-content\/uploads\/2022\/01\/skynews-novak-djokovic-of-serbia_5511030-e1641399864172.jpg\" \/>\n\t<meta property=\"og:image:width\" content=\"1200\" \/>\n\t<meta property=\"og:image:height\" content=\"675\" \/>\n\t<meta property=\"og:image:type\" content=\"image\/jpeg\" \/>\n<meta name=\"author\" content=\"Victor Infante\" \/>\n<meta name=\"twitter:card\" content=\"summary_large_image\" \/>\n<meta name=\"twitter:creator\" content=\"@Digital_58\" \/>\n<meta name=\"twitter:site\" content=\"@villasmilhfoto\" \/>\n<meta name=\"twitter:label1\" content=\"Escrito por\" \/>\n\t<meta name=\"twitter:data1\" content=\"Victor Infante\" \/>\n\t<meta name=\"twitter:label2\" content=\"Tiempo estimado de lectura\" \/>\n\t<meta name=\"twitter:data2\" content=\"3 minutos\" \/>\n<script type=\"application\/ld+json\" class=\"yoast-schema-graph\">{\"@context\":\"https:\\\/\\\/schema.org\",\"@graph\":[{\"@type\":\"Article\",\"@id\":\"https:\\\/\\\/digital58.com.ve\\\/site\\\/2022\\\/02\\\/15\\\/djokovic-dice-que-prefiere-no-jugar-en-los-torneos-donde-le-obliguen-a-estar-vacunado-contra-el-covid-19\\\/#article\",\"isPartOf\":{\"@id\":\"https:\\\/\\\/digital58.com.ve\\\/site\\\/2022\\\/02\\\/15\\\/djokovic-dice-que-prefiere-no-jugar-en-los-torneos-donde-le-obliguen-a-estar-vacunado-contra-el-covid-19\\\/\"},\"author\":{\"name\":\"Victor Infante\",\"@id\":\"https:\\\/\\\/digital58.com.ve\\\/site\\\/#\\\/schema\\\/person\\\/7c2c83fb27249d7c6f59c30c7f141381\"},\"headline\":\"Djokovic dice que prefiere no jugar en los torneos donde le obliguen a estar vacunado contra el COVID-19\",\"datePublished\":\"2022-02-15T14:40:13+00:00\",\"mainEntityOfPage\":{\"@id\":\"https:\\\/\\\/digital58.com.ve\\\/site\\\/2022\\\/02\\\/15\\\/djokovic-dice-que-prefiere-no-jugar-en-los-torneos-donde-le-obliguen-a-estar-vacunado-contra-el-covid-19\\\/\"},\"wordCount\":441,\"commentCount\":0,\"publisher\":{\"@id\":\"https:\\\/\\\/digital58.com.ve\\\/site\\\/#\\\/schema\\\/person\\\/64d1c2e4d0d4fd1b849980c4331c2951\"},\"image\":{\"@id\":\"https:\\\/\\\/digital58.com.ve\\\/site\\\/2022\\\/02\\\/15\\\/djokovic-dice-que-prefiere-no-jugar-en-los-torneos-donde-le-obliguen-a-estar-vacunado-contra-el-covid-19\\\/#primaryimage\"},\"thumbnailUrl\":\"https:\\\/\\\/digital58.com.ve\\\/site\\\/wp-content\\\/uploads\\\/2022\\\/01\\\/skynews-novak-djokovic-of-serbia_5511030-e1641399864172.jpg\",\"keywords\":[\"Coronavirus\",\"COVID-19\",\"Novak Djokovic\",\"Pol\u00e9mica\",\"Tenis\",\"Tenis internacional\",\"Vacunaci\u00f3n\"],\"articleSection\":[\"Deportes\"],\"inLanguage\":\"es\",\"potentialAction\":[{\"@type\":\"CommentAction\",\"name\":\"Comment\",\"target\":[\"https:\\\/\\\/digital58.com.ve\\\/site\\\/2022\\\/02\\\/15\\\/djokovic-dice-que-prefiere-no-jugar-en-los-torneos-donde-le-obliguen-a-estar-vacunado-contra-el-covid-19\\\/#respond\"]}]},{\"@type\":\"WebPage\",\"@id\":\"https:\\\/\\\/digital58.com.ve\\\/site\\\/2022\\\/02\\\/15\\\/djokovic-dice-que-prefiere-no-jugar-en-los-torneos-donde-le-obliguen-a-estar-vacunado-contra-el-covid-19\\\/\",\"url\":\"https:\\\/\\\/digital58.com.ve\\\/site\\\/2022\\\/02\\\/15\\\/djokovic-dice-que-prefiere-no-jugar-en-los-torneos-donde-le-obliguen-a-estar-vacunado-contra-el-covid-19\\\/\",\"name\":\"Djokovic dice que prefiere no jugar en los torneos donde le obliguen a estar vacunado contra el COVID-19\",\"isPartOf\":{\"@id\":\"https:\\\/\\\/digital58.com.ve\\\/site\\\/#website\"},\"primaryImageOfPage\":{\"@id\":\"https:\\\/\\\/digital58.com.ve\\\/site\\\/2022\\\/02\\\/15\\\/djokovic-dice-que-prefiere-no-jugar-en-los-torneos-donde-le-obliguen-a-estar-vacunado-contra-el-covid-19\\\/#primaryimage\"},\"image\":{\"@id\":\"https:\\\/\\\/digital58.com.ve\\\/site\\\/2022\\\/02\\\/15\\\/djokovic-dice-que-prefiere-no-jugar-en-los-torneos-donde-le-obliguen-a-estar-vacunado-contra-el-covid-19\\\/#primaryimage\"},\"thumbnailUrl\":\"https:\\\/\\\/digital58.com.ve\\\/site\\\/wp-content\\\/uploads\\\/2022\\\/01\\\/skynews-novak-djokovic-of-serbia_5511030-e1641399864172.jpg\",\"datePublished\":\"2022-02-15T14:40:13+00:00\",\"description\":\"Deportes\",\"breadcrumb\":{\"@id\":\"https:\\\/\\\/digital58.com.ve\\\/site\\\/2022\\\/02\\\/15\\\/djokovic-dice-que-prefiere-no-jugar-en-los-torneos-donde-le-obliguen-a-estar-vacunado-contra-el-covid-19\\\/#breadcrumb\"},\"inLanguage\":\"es\",\"potentialAction\":[{\"@type\":\"ReadAction\",\"target\":[\"https:\\\/\\\/digital58.com.ve\\\/site\\\/2022\\\/02\\\/15\\\/djokovic-dice-que-prefiere-no-jugar-en-los-torneos-donde-le-obliguen-a-estar-vacunado-contra-el-covid-19\\\/\"]}]},{\"@type\":\"ImageObject\",\"inLanguage\":\"es\",\"@id\":\"https:\\\/\\\/digital58.com.ve\\\/site\\\/2022\\\/02\\\/15\\\/djokovic-dice-que-prefiere-no-jugar-en-los-torneos-donde-le-obliguen-a-estar-vacunado-contra-el-covid-19\\\/#primaryimage\",\"url\":\"https:\\\/\\\/digital58.com.ve\\\/site\\\/wp-content\\\/uploads\\\/2022\\\/01\\\/skynews-novak-djokovic-of-serbia_5511030-e1641399864172.jpg\",\"contentUrl\":\"https:\\\/\\\/digital58.com.ve\\\/site\\\/wp-content\\\/uploads\\\/2022\\\/01\\\/skynews-novak-djokovic-of-serbia_5511030-e1641399864172.jpg\",\"width\":800,\"height\":450},{\"@type\":\"BreadcrumbList\",\"@id\":\"https:\\\/\\\/digital58.com.ve\\\/site\\\/2022\\\/02\\\/15\\\/djokovic-dice-que-prefiere-no-jugar-en-los-torneos-donde-le-obliguen-a-estar-vacunado-contra-el-covid-19\\\/#breadcrumb\",\"itemListElement\":[{\"@type\":\"ListItem\",\"position\":1,\"name\":\"Home\",\"item\":\"https:\\\/\\\/digital58.com.ve\\\/site\\\/\"},{\"@type\":\"ListItem\",\"position\":2,\"name\":\"Djokovic dice que prefiere no jugar en los torneos donde le obliguen a estar vacunado contra el COVID-19\"}]},{\"@type\":\"WebSite\",\"@id\":\"https:\\\/\\\/digital58.com.ve\\\/site\\\/#website\",\"url\":\"https:\\\/\\\/digital58.com.ve\\\/site\\\/\",\"name\":\"Noticias Digital58\",\"description\":\"Portal de Noticias \u00a1Periodismo web de verdad! Lanzamiento web 22.11.2005 \\\/ Maracaibo, Venezuela\",\"publisher\":{\"@id\":\"https:\\\/\\\/digital58.com.ve\\\/site\\\/#\\\/schema\\\/person\\\/64d1c2e4d0d4fd1b849980c4331c2951\"},\"alternateName\":\"ND58\",\"potentialAction\":[{\"@type\":\"SearchAction\",\"target\":{\"@type\":\"EntryPoint\",\"urlTemplate\":\"https:\\\/\\\/digital58.com.ve\\\/site\\\/?s={search_term_string}\"},\"query-input\":{\"@type\":\"PropertyValueSpecification\",\"valueRequired\":true,\"valueName\":\"search_term_string\"}}],\"inLanguage\":\"es\"},{\"@type\":[\"Person\",\"Organization\"],\"@id\":\"https:\\\/\\\/digital58.com.ve\\\/site\\\/#\\\/schema\\\/person\\\/64d1c2e4d0d4fd1b849980c4331c2951\",\"name\":\"Villasmil Henry\",\"image\":{\"@type\":\"ImageObject\",\"inLanguage\":\"es\",\"@id\":\"https:\\\/\\\/secure.gravatar.com\\\/avatar\\\/bb0c4a2fcb7970138239f7e404ea75757b1b507b28b5ce4c53fbd62d797c5a7c?s=96&d=mm&r=g\",\"url\":\"https:\\\/\\\/secure.gravatar.com\\\/avatar\\\/bb0c4a2fcb7970138239f7e404ea75757b1b507b28b5ce4c53fbd62d797c5a7c?s=96&d=mm&r=g\",\"contentUrl\":\"https:\\\/\\\/secure.gravatar.com\\\/avatar\\\/bb0c4a2fcb7970138239f7e404ea75757b1b507b28b5ce4c53fbd62d797c5a7c?s=96&d=mm&r=g\",\"caption\":\"Villasmil Henry\"},\"logo\":{\"@id\":\"https:\\\/\\\/secure.gravatar.com\\\/avatar\\\/bb0c4a2fcb7970138239f7e404ea75757b1b507b28b5ce4c53fbd62d797c5a7c?s=96&d=mm&r=g\"},\"sameAs\":[\"http:\\\/\\\/www.henryvillasmil.com.ve\",\"https:\\\/\\\/www.instagram.com\\\/villasmilhfoto\\\/\",\"https:\\\/\\\/x.com\\\/https:\\\/\\\/twitter.com\\\/villasmilhfoto\"]},{\"@type\":\"Person\",\"@id\":\"https:\\\/\\\/digital58.com.ve\\\/site\\\/#\\\/schema\\\/person\\\/7c2c83fb27249d7c6f59c30c7f141381\",\"name\":\"Victor Infante\",\"image\":{\"@type\":\"ImageObject\",\"inLanguage\":\"es\",\"@id\":\"https:\\\/\\\/secure.gravatar.com\\\/avatar\\\/106ae6d84ee67222a78df20df89da71bb5069c89d1fd27272140999a3f842596?s=96&d=mm&r=g\",\"url\":\"https:\\\/\\\/secure.gravatar.com\\\/avatar\\\/106ae6d84ee67222a78df20df89da71bb5069c89d1fd27272140999a3f842596?s=96&d=mm&r=g\",\"contentUrl\":\"https:\\\/\\\/secure.gravatar.com\\\/avatar\\\/106ae6d84ee67222a78df20df89da71bb5069c89d1fd27272140999a3f842596?s=96&d=mm&r=g\",\"caption\":\"Victor Infante\"},\"url\":\"https:\\\/\\\/digital58.com.ve\\\/site\\\/author\\\/vinfante22\\\/\"}]}<\/script>\n<!-- \/ Yoast SEO plugin. -->","yoast_head_json":{"title":"Djokovic dice que prefiere no jugar en los torneos donde le obliguen a estar vacunado contra el COVID-19","description":"Deportes","robots":{"index":"index","follow":"follow","max-snippet":"max-snippet:-1","max-image-preview":"max-image-preview:large","max-video-preview":"max-video-preview:-1"},"canonical":"https:\/\/digital58.com.ve\/site\/2022\/02\/15\/djokovic-dice-que-prefiere-no-jugar-en-los-torneos-donde-le-obliguen-a-estar-vacunado-contra-el-covid-19\/","og_locale":"es_ES","og_type":"article","og_title":"Djokovic dice que prefiere no jugar en los torneos donde le obliguen a estar vacunado contra el COVID-19","og_description":"Deportes","og_url":"https:\/\/digital58.com.ve\/site\/2022\/02\/15\/djokovic-dice-que-prefiere-no-jugar-en-los-torneos-donde-le-obliguen-a-estar-vacunado-contra-el-covid-19\/","og_site_name":"Noticias Digital58","article_published_time":"2022-02-15T14:40:13+00:00","og_image":[{"width":1200,"height":675,"url":"https:\/\/digital58.com.ve\/site\/wp-content\/uploads\/2022\/01\/skynews-novak-djokovic-of-serbia_5511030-e1641399864172.jpg","type":"image\/jpeg"}],"author":"Victor Infante","twitter_card":"summary_large_image","twitter_creator":"@Digital_58","twitter_site":"@villasmilhfoto","twitter_misc":{"Escrito por":"Victor Infante","Tiempo estimado de lectura":"3 minutos"},"schema":{"@context":"https:\/\/schema.org","@graph":[{"@type":"Article","@id":"https:\/\/digital58.com.ve\/site\/2022\/02\/15\/djokovic-dice-que-prefiere-no-jugar-en-los-torneos-donde-le-obliguen-a-estar-vacunado-contra-el-covid-19\/#article","isPartOf":{"@id":"https:\/\/digital58.com.ve\/site\/2022\/02\/15\/djokovic-dice-que-prefiere-no-jugar-en-los-torneos-donde-le-obliguen-a-estar-vacunado-contra-el-covid-19\/"},"author":{"name":"Victor Infante","@id":"https:\/\/digital58.com.ve\/site\/#\/schema\/person\/7c2c83fb27249d7c6f59c30c7f141381"},"headline":"Djokovic dice que prefiere no jugar en los torneos donde le obliguen a estar vacunado contra el COVID-19","datePublished":"2022-02-15T14:40:13+00:00","mainEntityOfPage":{"@id":"https:\/\/digital58.com.ve\/site\/2022\/02\/15\/djokovic-dice-que-prefiere-no-jugar-en-los-torneos-donde-le-obliguen-a-estar-vacunado-contra-el-covid-19\/"},"wordCount":441,"commentCount":0,"publisher":{"@id":"https:\/\/digital58.com.ve\/site\/#\/schema\/person\/64d1c2e4d0d4fd1b849980c4331c2951"},"image":{"@id":"https:\/\/digital58.com.ve\/site\/2022\/02\/15\/djokovic-dice-que-prefiere-no-jugar-en-los-torneos-donde-le-obliguen-a-estar-vacunado-contra-el-covid-19\/#primaryimage"},"thumbnailUrl":"https:\/\/digital58.com.ve\/site\/wp-content\/uploads\/2022\/01\/skynews-novak-djokovic-of-serbia_5511030-e1641399864172.jpg","keywords":["Coronavirus","COVID-19","Novak Djokovic","Pol\u00e9mica","Tenis","Tenis internacional","Vacunaci\u00f3n"],"articleSection":["Deportes"],"inLanguage":"es","potentialAction":[{"@type":"CommentAction","name":"Comment","target":["https:\/\/digital58.com.ve\/site\/2022\/02\/15\/djokovic-dice-que-prefiere-no-jugar-en-los-torneos-donde-le-obliguen-a-estar-vacunado-contra-el-covid-19\/#respond"]}]},{"@type":"WebPage","@id":"https:\/\/digital58.com.ve\/site\/2022\/02\/15\/djokovic-dice-que-prefiere-no-jugar-en-los-torneos-donde-le-obliguen-a-estar-vacunado-contra-el-covid-19\/","url":"https:\/\/digital58.com.ve\/site\/2022\/02\/15\/djokovic-dice-que-prefiere-no-jugar-en-los-torneos-donde-le-obliguen-a-estar-vacunado-contra-el-covid-19\/","name":"Djokovic dice que prefiere no jugar en los torneos donde le obliguen a estar vacunado contra el COVID-19","isPartOf":{"@id":"https:\/\/digital58.com.ve\/site\/#website"},"primaryImageOfPage":{"@id":"https:\/\/digital58.com.ve\/site\/2022\/02\/15\/djokovic-dice-que-prefiere-no-jugar-en-los-torneos-donde-le-obliguen-a-estar-vacunado-contra-el-covid-19\/#primaryimage"},"image":{"@id":"https:\/\/digital58.com.ve\/site\/2022\/02\/15\/djokovic-dice-que-prefiere-no-jugar-en-los-torneos-donde-le-obliguen-a-estar-vacunado-contra-el-covid-19\/#primaryimage"},"thumbnailUrl":"https:\/\/digital58.com.ve\/site\/wp-content\/uploads\/2022\/01\/skynews-novak-djokovic-of-serbia_5511030-e1641399864172.jpg","datePublished":"2022-02-15T14:40:13+00:00","description":"Deportes","breadcrumb":{"@id":"https:\/\/digital58.com.ve\/site\/2022\/02\/15\/djokovic-dice-que-prefiere-no-jugar-en-los-torneos-donde-le-obliguen-a-estar-vacunado-contra-el-covid-19\/#breadcrumb"},"inLanguage":"es","potentialAction":[{"@type":"ReadAction","target":["https:\/\/digital58.com.ve\/site\/2022\/02\/15\/djokovic-dice-que-prefiere-no-jugar-en-los-torneos-donde-le-obliguen-a-estar-vacunado-contra-el-covid-19\/"]}]},{"@type":"ImageObject","inLanguage":"es","@id":"https:\/\/digital58.com.ve\/site\/2022\/02\/15\/djokovic-dice-que-prefiere-no-jugar-en-los-torneos-donde-le-obliguen-a-estar-vacunado-contra-el-covid-19\/#primaryimage","url":"https:\/\/digital58.com.ve\/site\/wp-content\/uploads\/2022\/01\/skynews-novak-djokovic-of-serbia_5511030-e1641399864172.jpg","contentUrl":"https:\/\/digital58.com.ve\/site\/wp-content\/uploads\/2022\/01\/skynews-novak-djokovic-of-serbia_5511030-e1641399864172.jpg","width":800,"height":450},{"@type":"BreadcrumbList","@id":"https:\/\/digital58.com.ve\/site\/2022\/02\/15\/djokovic-dice-que-prefiere-no-jugar-en-los-torneos-donde-le-obliguen-a-estar-vacunado-contra-el-covid-19\/#breadcrumb","itemListElement":[{"@type":"ListItem","position":1,"name":"Home","item":"https:\/\/digital58.com.ve\/site\/"},{"@type":"ListItem","position":2,"name":"Djokovic dice que prefiere no jugar en los torneos donde le obliguen a estar vacunado contra el COVID-19"}]},{"@type":"WebSite","@id":"https:\/\/digital58.com.ve\/site\/#website","url":"https:\/\/digital58.com.ve\/site\/","name":"Noticias Digital58","description":"Portal de Noticias \u00a1Periodismo web de verdad! Lanzamiento web 22.11.2005 \/ Maracaibo, Venezuela","publisher":{"@id":"https:\/\/digital58.com.ve\/site\/#\/schema\/person\/64d1c2e4d0d4fd1b849980c4331c2951"},"alternateName":"ND58","potentialAction":[{"@type":"SearchAction","target":{"@type":"EntryPoint","urlTemplate":"https:\/\/digital58.com.ve\/site\/?s={search_term_string}"},"query-input":{"@type":"PropertyValueSpecification","valueRequired":true,"valueName":"search_term_string"}}],"inLanguage":"es"},{"@type":["Person","Organization"],"@id":"https:\/\/digital58.com.ve\/site\/#\/schema\/person\/64d1c2e4d0d4fd1b849980c4331c2951","name":"Villasmil Henry","image":{"@type":"ImageObject","inLanguage":"es","@id":"https:\/\/secure.gravatar.com\/avatar\/bb0c4a2fcb7970138239f7e404ea75757b1b507b28b5ce4c53fbd62d797c5a7c?s=96&d=mm&r=g","url":"https:\/\/secure.gravatar.com\/avatar\/bb0c4a2fcb7970138239f7e404ea75757b1b507b28b5ce4c53fbd62d797c5a7c?s=96&d=mm&r=g","contentUrl":"https:\/\/secure.gravatar.com\/avatar\/bb0c4a2fcb7970138239f7e404ea75757b1b507b28b5ce4c53fbd62d797c5a7c?s=96&d=mm&r=g","caption":"Villasmil Henry"},"logo":{"@id":"https:\/\/secure.gravatar.com\/avatar\/bb0c4a2fcb7970138239f7e404ea75757b1b507b28b5ce4c53fbd62d797c5a7c?s=96&d=mm&r=g"},"sameAs":["http:\/\/www.henryvillasmil.com.ve","https:\/\/www.instagram.com\/villasmilhfoto\/","https:\/\/x.com\/https:\/\/twitter.com\/villasmilhfoto"]},{"@type":"Person","@id":"https:\/\/digital58.com.ve\/site\/#\/schema\/person\/7c2c83fb27249d7c6f59c30c7f141381","name":"Victor Infante","image":{"@type":"ImageObject","inLanguage":"es","@id":"https:\/\/secure.gravatar.com\/avatar\/106ae6d84ee67222a78df20df89da71bb5069c89d1fd27272140999a3f842596?s=96&d=mm&r=g","url":"https:\/\/secure.gravatar.com\/avatar\/106ae6d84ee67222a78df20df89da71bb5069c89d1fd27272140999a3f842596?s=96&d=mm&r=g","contentUrl":"https:\/\/secure.gravatar.com\/avatar\/106ae6d84ee67222a78df20df89da71bb5069c89d1fd27272140999a3f842596?s=96&d=mm&r=g","caption":"Victor Infante"},"url":"https:\/\/digital58.com.ve\/site\/author\/vinfante22\/"}]}},"uagb_featured_image_src":{"full":["https:\/\/digital58.com.ve\/site\/wp-content\/uploads\/2022\/01\/skynews-novak-djokovic-of-serbia_5511030-e1641399864172.jpg",800,450,false],"thumbnail":["https:\/\/digital58.com.ve\/site\/wp-content\/uploads\/2022\/01\/skynews-novak-djokovic-of-serbia_5511030-150x150.jpg",150,150,true],"medium":["https:\/\/digital58.com.ve\/site\/wp-content\/uploads\/2022\/01\/skynews-novak-djokovic-of-serbia_5511030-300x169.jpg",300,169,true],"medium_large":["https:\/\/digital58.com.ve\/site\/wp-content\/uploads\/2022\/01\/skynews-novak-djokovic-of-serbia_5511030-768x432.jpg",768,432,true],"large":["https:\/\/digital58.com.ve\/site\/wp-content\/uploads\/2022\/01\/skynews-novak-djokovic-of-serbia_5511030-1500x844.jpg",800,450,true],"1536x1536":["https:\/\/digital58.com.ve\/site\/wp-content\/uploads\/2022\/01\/skynews-novak-djokovic-of-serbia_5511030-1536x864.jpg",1536,864,true],"2048x2048":["https:\/\/digital58.com.ve\/site\/wp-content\/uploads\/2022\/01\/skynews-novak-djokovic-of-serbia_5511030-e1641399864172.jpg",800,450,false],"colormag-highlighted-post":["https:\/\/digital58.com.ve\/site\/wp-content\/uploads\/2022\/01\/skynews-novak-djokovic-of-serbia_5511030-e1641399864172.jpg",392,221,false],"colormag-featured-post-medium":["https:\/\/digital58.com.ve\/site\/wp-content\/uploads\/2022\/01\/skynews-novak-djokovic-of-serbia_5511030-e1641399864172.jpg",364,205,false],"colormag-featured-post-small":["https:\/\/digital58.com.ve\/site\/wp-content\/uploads\/2022\/01\/skynews-novak-djokovic-of-serbia_5511030-e1641399864172.jpg",130,73,false],"colormag-featured-image":["https:\/\/digital58.com.ve\/site\/wp-content\/uploads\/2022\/01\/skynews-novak-djokovic-of-serbia_5511030-e1641399864172.jpg",791,445,false],"colormag-default-news":["https:\/\/digital58.com.ve\/site\/wp-content\/uploads\/2022\/01\/skynews-novak-djokovic-of-serbia_5511030-e1641399864172.jpg",150,84,false],"colormag-featured-image-large":["https:\/\/digital58.com.ve\/site\/wp-content\/uploads\/2022\/01\/skynews-novak-djokovic-of-serbia_5511030-e1641399864172.jpg",800,450,false]},"uagb_author_info":{"display_name":"Victor Infante","author_link":"https:\/\/digital58.com.ve\/site\/author\/vinfante22\/"},"uagb_comment_info":0,"uagb_excerpt":"No obstante, el tenista serbio reconoci\u00f3 que tiene la mente abierta ante la posibilidad de vacunarse en el futuro Internacionales,","_links":{"self":[{"href":"https:\/\/digital58.com.ve\/site\/wp-json\/wp\/v2\/posts\/148673","targetHints":{"allow":["GET"]}}],"collection":[{"href":"https:\/\/digital58.com.ve\/site\/wp-json\/wp\/v2\/posts"}],"about":[{"href":"https:\/\/digital58.com.ve\/site\/wp-json\/wp\/v2\/types\/post"}],"author":[{"embeddable":true,"href":"https:\/\/digital58.com.ve\/site\/wp-json\/wp\/v2\/users\/40"}],"replies":[{"embeddable":true,"href":"https:\/\/digital58.com.ve\/site\/wp-json\/wp\/v2\/comments?post=148673"}],"version-history":[{"count":0,"href":"https:\/\/digital58.com.ve\/site\/wp-json\/wp\/v2\/posts\/148673\/revisions"}],"wp:featuredmedia":[{"embeddable":true,"href":"https:\/\/digital58.com.ve\/site\/wp-json\/wp\/v2\/media\/146042"}],"wp:attachment":[{"href":"https:\/\/digital58.com.ve\/site\/wp-json\/wp\/v2\/media?parent=148673"}],"wp:term":[{"taxonomy":"category","embeddable":true,"href":"https:\/\/digital58.com.ve\/site\/wp-json\/wp\/v2\/categories?post=148673"},{"taxonomy":"post_tag","embeddable":true,"href":"https:\/\/digital58.com.ve\/site\/wp-json\/wp\/v2\/tags?post=148673"}],"curies":[{"name":"wp","href":"https:\/\/api.w.org\/{rel}","templated":true}]}}