{"id":148832,"date":"2022-02-17T21:39:05","date_gmt":"2022-02-18T01:39:05","guid":{"rendered":"https:\/\/digital58.com.ve\/site\/?p=148832"},"modified":"2022-02-17T21:39:05","modified_gmt":"2022-02-18T01:39:05","slug":"costa-rica-solicitara-visa-a-los-venezolanos-desde-el-proximo-lunes","status":"publish","type":"post","link":"https:\/\/digital58.com.ve\/site\/2022\/02\/17\/costa-rica-solicitara-visa-a-los-venezolanos-desde-el-proximo-lunes\/","title":{"rendered":"Costa Rica solicitar\u00e1 visa a los venezolanos desde el pr\u00f3ximo lunes"},"content":{"rendered":"<p><a href=\"https:\/\/digital58.com.ve\/site\/wp-content\/uploads\/2022\/02\/visa-costa-rica.jpg\"><img loading=\"lazy\" decoding=\"async\" class=\"aligncenter size-full wp-image-148839\" src=\"https:\/\/digital58.com.ve\/site\/wp-content\/uploads\/2022\/02\/visa-costa-rica.jpg\" alt=\"\" width=\"900\" height=\"540\" srcset=\"https:\/\/digital58.com.ve\/site\/wp-content\/uploads\/2022\/02\/visa-costa-rica.jpg 900w, https:\/\/digital58.com.ve\/site\/wp-content\/uploads\/2022\/02\/visa-costa-rica-300x180.jpg 300w, https:\/\/digital58.com.ve\/site\/wp-content\/uploads\/2022\/02\/visa-costa-rica-768x461.jpg 768w\" sizes=\"auto, (max-width: 900px) 100vw, 900px\" \/><\/a><\/p>\n<p>Los venezolanos deber\u00e1n tramitar una visa consultada ante los consulados de Costa Rica acreditados en el exterior, y \u00fanicamente en casos de emergencia o fuerza mayor, los c\u00f3nsules costarricenses estar\u00e1n autorizados a emitir directamente la visa sin necesidad de consulta a la Direcci\u00f3n de Migraci\u00f3n.<\/p>\n<p><strong>Internacionales, 17 de febrero de 2022 (ND58).-<\/strong> Costa Rica anunci\u00f3 este jueves que a partir del pr\u00f3ximo lunes solicitar\u00e1 visa a los venezolanos, lo que considera una herramienta para garantizar una migraci\u00f3n ordenada y segura.<\/p>\n<p>\u00abLa Direcci\u00f3n General de Migraci\u00f3n y Extranjer\u00eda, trabaja bajo los principios del Pacto Mundial para una migraci\u00f3n ordenada, segura, regular y sobre todo digna, comprometida con el otorgamiento de visas, para generar un procedimiento que priorice el ingreso de personas con vinculo en primer grado de consanguinidad y desde nuestros Consulados visas consulares para emergencias e inter\u00e9s p\u00fablico\u00bb, indica un comunicado oficial.<\/p>\n<p>La entidad indic\u00f3 que esta decisi\u00f3n fue comunicada a la embajadora de Venezuela en Costa Rica, Mar\u00eda Far\u00eda, \u00abcon el fin de procurar la protecci\u00f3n de la poblaci\u00f3n venezolana\u00bb que ya se encuentra en el pa\u00eds, as\u00ed como \u00abpara aplicar el proceso de acuerdo a la regulaci\u00f3n actual que permitir\u00e1 a la Embajada presentar visas ante la instituci\u00f3n\u00bb.<\/p>\n<p>Far\u00eda, embajadora designada por Juan Guaid\u00f3, a quien Costa Rica reconoce como presidente de Venezuela, dijo en sus redes sociales que \u00abrespeta\u00bb la decisi\u00f3n del Gobierno costarricense y reiter\u00f3 la voluntad de colaborar en la b\u00fasqueda de que \u00abla migraci\u00f3n venezolana sea ordenada y segura\u00bb.<\/p>\n<p>\u00abTodas las acciones tienen el prop\u00f3sito de minimizar los riesgos y adversidades que enfrentan quienes huyen de la dictadura de Nicol\u00e1s Maduro\u00bb, expres\u00f3 Far\u00eda.<\/p>\n<p>La embajadora dijo que llevar\u00e1 a cabo una campa\u00f1a de informaci\u00f3n y agradeci\u00f3 a las autoridades de Costa Rica por la solidaridad que han mostrado en los \u00faltimos a\u00f1os hacia los migrantes venezolanos y por las \u00abfavorables resoluciones que contribuyen a la regularizaci\u00f3n\u00bb de los venezolanos.<\/p>\n<p>La Direcci\u00f3n de Migraci\u00f3n de Costa Rica explic\u00f3 que la solicitud de visa es una acci\u00f3n que pretende \u00abordenar y regular la migraci\u00f3n desde la salida de sus pa\u00edses de origen, ya sea para fines de tr\u00e1nsito o destino en Costa Rica\u00bb.<\/p>\n<p>La entidad tambi\u00e9n anunci\u00f3 que Costa Rica solicitar\u00e1 visa de tr\u00e1nsito para los cubanos y nicarag\u00fcenses que lleguen a los aeropuertos costarricenses, con el fin de \u00abasegurar que las distintas aerol\u00edneas con destino a Europa y Estados Unidos puedan trasladar a estas personas extranjeras de forma segura\u00bb.<\/p>\n<p>\u00abLos cambios en la pol\u00edtica migratoria a nivel mundial han provocado diferencias en la din\u00e1mica de movilidad de estas nacionalidades, a trav\u00e9s de las distintas fronteras a\u00e9reas, terrestres y mar\u00edtimas, por los cuales, otros pa\u00edses han adoptado la solicitud de visa\u00bb, explic\u00f3 la Direcci\u00f3n de Migraci\u00f3n.<\/p><div class=\"cvofu69f215e54186a\" ><p style=\"text-align: center;\"><a href=\"https:\/\/t.me\/noticiasdigital58\" target=\"_blank\" rel=\"noopener\"><img class=\"aligncenter size-full wp-image-125363\" src=\"https:\/\/digital58.com.ve\/site\/wp-content\/uploads\/2021\/04\/banner-telegram-web-2021.png\" alt=\"\" width=\"600\" height=\"90\" \/><\/a><\/p><\/div><style type=\"text\/css\">\r\n@media screen and (min-width: 1201px) {\r\n.cvofu69f215e54186a {\r\ndisplay: block;\r\n}\r\n}\r\n@media screen and (min-width: 993px) and (max-width: 1200px) {\r\n.cvofu69f215e54186a {\r\ndisplay: block;\r\n}\r\n}\r\n@media screen and (min-width: 769px) and (max-width: 992px) {\r\n.cvofu69f215e54186a {\r\ndisplay: block;\r\n}\r\n}\r\n@media screen and (min-width: 768px) and (max-width: 768px) {\r\n.cvofu69f215e54186a {\r\ndisplay: block;\r\n}\r\n}\r\n@media screen and (max-width: 767px) {\r\n.cvofu69f215e54186a {\r\ndisplay: block;\r\n}\r\n}\r\n<\/style>\r\n\n<p><strong>Redacci\u00f3n ND58 | Fuente: EFE<\/strong><br \/>\n<strong>Edici\u00f3n: Villasmil, Henry<\/strong><br \/>\n<strong>Gr\u00e1fica: Archivo<\/strong><\/p>\n<div style=\"margin-top: 0px; margin-bottom: 0px;\" class=\"sharethis-inline-share-buttons\" ><\/div>","protected":false},"excerpt":{"rendered":"<p>Los venezolanos deber\u00e1n tramitar una visa consultada ante los consulados de Costa Rica acreditados en el exterior, y \u00fanicamente en<\/p>\n","protected":false},"author":1,"featured_media":148839,"comment_status":"open","ping_status":"closed","sticky":false,"template":"","format":"standard","meta":{"colormag_page_container_layout":"default_layout","colormag_page_sidebar_layout":"default_layout","_uag_custom_page_level_css":"","footnotes":""},"categories":[16451],"tags":[280,27358,8,14166,32,27357],"class_list":["post-148832","post","type-post","status-publish","format-standard","has-post-thumbnail","hentry","category-mundo","tag-costa-rica","tag-direccion-de-migracion","tag-internacionales","tag-migrantes-venezolanos","tag-venezuela","tag-visado-costarricense"],"yoast_head":"<!-- This site is optimized with the Yoast SEO plugin v27.5 - https:\/\/yoast.com\/product\/yoast-seo-wordpress\/ -->\n<title>Costa Rica solicitar\u00e1 visa a los venezolanos desde el pr\u00f3ximo lunes<\/title>\n<meta name=\"description\" content=\"Mundo\" \/>\n<meta name=\"robots\" content=\"index, follow, max-snippet:-1, max-image-preview:large, max-video-preview:-1\" \/>\n<link rel=\"canonical\" href=\"https:\/\/digital58.com.ve\/site\/2022\/02\/17\/costa-rica-solicitara-visa-a-los-venezolanos-desde-el-proximo-lunes\/\" \/>\n<meta property=\"og:locale\" content=\"es_ES\" \/>\n<meta property=\"og:type\" content=\"article\" \/>\n<meta property=\"og:title\" content=\"Costa Rica solicitar\u00e1 visa a los venezolanos desde el pr\u00f3ximo lunes\" \/>\n<meta property=\"og:description\" content=\"Mundo\" \/>\n<meta property=\"og:url\" content=\"https:\/\/digital58.com.ve\/site\/2022\/02\/17\/costa-rica-solicitara-visa-a-los-venezolanos-desde-el-proximo-lunes\/\" \/>\n<meta property=\"og:site_name\" content=\"Noticias Digital58\" \/>\n<meta property=\"article:published_time\" content=\"2022-02-18T01:39:05+00:00\" \/>\n<meta property=\"og:image\" content=\"https:\/\/digital58.com.ve\/site\/wp-content\/uploads\/2022\/02\/visa-costa-rica.jpg\" \/>\n\t<meta property=\"og:image:width\" content=\"900\" \/>\n\t<meta property=\"og:image:height\" content=\"540\" \/>\n\t<meta property=\"og:image:type\" content=\"image\/jpeg\" \/>\n<meta name=\"author\" content=\"Villasmil Henry\" \/>\n<meta name=\"twitter:card\" content=\"summary_large_image\" \/>\n<meta name=\"twitter:creator\" content=\"@https:\/\/twitter.com\/villasmilhfoto\" \/>\n<meta name=\"twitter:site\" content=\"@villasmilhfoto\" \/>\n<meta name=\"twitter:label1\" content=\"Escrito por\" \/>\n\t<meta name=\"twitter:data1\" content=\"Villasmil Henry\" \/>\n\t<meta name=\"twitter:label2\" content=\"Tiempo estimado de lectura\" \/>\n\t<meta name=\"twitter:data2\" content=\"3 minutos\" \/>\n<script type=\"application\/ld+json\" class=\"yoast-schema-graph\">{\"@context\":\"https:\\\/\\\/schema.org\",\"@graph\":[{\"@type\":\"Article\",\"@id\":\"https:\\\/\\\/digital58.com.ve\\\/site\\\/2022\\\/02\\\/17\\\/costa-rica-solicitara-visa-a-los-venezolanos-desde-el-proximo-lunes\\\/#article\",\"isPartOf\":{\"@id\":\"https:\\\/\\\/digital58.com.ve\\\/site\\\/2022\\\/02\\\/17\\\/costa-rica-solicitara-visa-a-los-venezolanos-desde-el-proximo-lunes\\\/\"},\"author\":{\"name\":\"Villasmil Henry\",\"@id\":\"https:\\\/\\\/digital58.com.ve\\\/site\\\/#\\\/schema\\\/person\\\/64d1c2e4d0d4fd1b849980c4331c2951\"},\"headline\":\"Costa Rica solicitar\u00e1 visa a los venezolanos desde el pr\u00f3ximo lunes\",\"datePublished\":\"2022-02-18T01:39:05+00:00\",\"mainEntityOfPage\":{\"@id\":\"https:\\\/\\\/digital58.com.ve\\\/site\\\/2022\\\/02\\\/17\\\/costa-rica-solicitara-visa-a-los-venezolanos-desde-el-proximo-lunes\\\/\"},\"wordCount\":523,\"commentCount\":0,\"publisher\":{\"@id\":\"https:\\\/\\\/digital58.com.ve\\\/site\\\/#\\\/schema\\\/person\\\/64d1c2e4d0d4fd1b849980c4331c2951\"},\"image\":{\"@id\":\"https:\\\/\\\/digital58.com.ve\\\/site\\\/2022\\\/02\\\/17\\\/costa-rica-solicitara-visa-a-los-venezolanos-desde-el-proximo-lunes\\\/#primaryimage\"},\"thumbnailUrl\":\"https:\\\/\\\/digital58.com.ve\\\/site\\\/wp-content\\\/uploads\\\/2022\\\/02\\\/visa-costa-rica.jpg\",\"keywords\":[\"Costa Rica\",\"Direcci\u00f3n de Migraci\u00f3n\",\"Internacionales\",\"Migrantes venezolanos\",\"Venezuela\",\"Visado costarricense\"],\"articleSection\":[\"Mundo\"],\"inLanguage\":\"es\",\"potentialAction\":[{\"@type\":\"CommentAction\",\"name\":\"Comment\",\"target\":[\"https:\\\/\\\/digital58.com.ve\\\/site\\\/2022\\\/02\\\/17\\\/costa-rica-solicitara-visa-a-los-venezolanos-desde-el-proximo-lunes\\\/#respond\"]}]},{\"@type\":\"WebPage\",\"@id\":\"https:\\\/\\\/digital58.com.ve\\\/site\\\/2022\\\/02\\\/17\\\/costa-rica-solicitara-visa-a-los-venezolanos-desde-el-proximo-lunes\\\/\",\"url\":\"https:\\\/\\\/digital58.com.ve\\\/site\\\/2022\\\/02\\\/17\\\/costa-rica-solicitara-visa-a-los-venezolanos-desde-el-proximo-lunes\\\/\",\"name\":\"Costa Rica solicitar\u00e1 visa a los venezolanos desde el pr\u00f3ximo lunes\",\"isPartOf\":{\"@id\":\"https:\\\/\\\/digital58.com.ve\\\/site\\\/#website\"},\"primaryImageOfPage\":{\"@id\":\"https:\\\/\\\/digital58.com.ve\\\/site\\\/2022\\\/02\\\/17\\\/costa-rica-solicitara-visa-a-los-venezolanos-desde-el-proximo-lunes\\\/#primaryimage\"},\"image\":{\"@id\":\"https:\\\/\\\/digital58.com.ve\\\/site\\\/2022\\\/02\\\/17\\\/costa-rica-solicitara-visa-a-los-venezolanos-desde-el-proximo-lunes\\\/#primaryimage\"},\"thumbnailUrl\":\"https:\\\/\\\/digital58.com.ve\\\/site\\\/wp-content\\\/uploads\\\/2022\\\/02\\\/visa-costa-rica.jpg\",\"datePublished\":\"2022-02-18T01:39:05+00:00\",\"description\":\"Mundo\",\"breadcrumb\":{\"@id\":\"https:\\\/\\\/digital58.com.ve\\\/site\\\/2022\\\/02\\\/17\\\/costa-rica-solicitara-visa-a-los-venezolanos-desde-el-proximo-lunes\\\/#breadcrumb\"},\"inLanguage\":\"es\",\"potentialAction\":[{\"@type\":\"ReadAction\",\"target\":[\"https:\\\/\\\/digital58.com.ve\\\/site\\\/2022\\\/02\\\/17\\\/costa-rica-solicitara-visa-a-los-venezolanos-desde-el-proximo-lunes\\\/\"]}]},{\"@type\":\"ImageObject\",\"inLanguage\":\"es\",\"@id\":\"https:\\\/\\\/digital58.com.ve\\\/site\\\/2022\\\/02\\\/17\\\/costa-rica-solicitara-visa-a-los-venezolanos-desde-el-proximo-lunes\\\/#primaryimage\",\"url\":\"https:\\\/\\\/digital58.com.ve\\\/site\\\/wp-content\\\/uploads\\\/2022\\\/02\\\/visa-costa-rica.jpg\",\"contentUrl\":\"https:\\\/\\\/digital58.com.ve\\\/site\\\/wp-content\\\/uploads\\\/2022\\\/02\\\/visa-costa-rica.jpg\",\"width\":900,\"height\":540},{\"@type\":\"BreadcrumbList\",\"@id\":\"https:\\\/\\\/digital58.com.ve\\\/site\\\/2022\\\/02\\\/17\\\/costa-rica-solicitara-visa-a-los-venezolanos-desde-el-proximo-lunes\\\/#breadcrumb\",\"itemListElement\":[{\"@type\":\"ListItem\",\"position\":1,\"name\":\"Home\",\"item\":\"https:\\\/\\\/digital58.com.ve\\\/site\\\/\"},{\"@type\":\"ListItem\",\"position\":2,\"name\":\"Costa Rica solicitar\u00e1 visa a los venezolanos desde el pr\u00f3ximo lunes\"}]},{\"@type\":\"WebSite\",\"@id\":\"https:\\\/\\\/digital58.com.ve\\\/site\\\/#website\",\"url\":\"https:\\\/\\\/digital58.com.ve\\\/site\\\/\",\"name\":\"Noticias Digital58\",\"description\":\"Portal de Noticias \u00a1Periodismo web de verdad! Lanzamiento web 22.11.2005 \\\/ Maracaibo, Venezuela\",\"publisher\":{\"@id\":\"https:\\\/\\\/digital58.com.ve\\\/site\\\/#\\\/schema\\\/person\\\/64d1c2e4d0d4fd1b849980c4331c2951\"},\"alternateName\":\"ND58\",\"potentialAction\":[{\"@type\":\"SearchAction\",\"target\":{\"@type\":\"EntryPoint\",\"urlTemplate\":\"https:\\\/\\\/digital58.com.ve\\\/site\\\/?s={search_term_string}\"},\"query-input\":{\"@type\":\"PropertyValueSpecification\",\"valueRequired\":true,\"valueName\":\"search_term_string\"}}],\"inLanguage\":\"es\"},{\"@type\":[\"Person\",\"Organization\"],\"@id\":\"https:\\\/\\\/digital58.com.ve\\\/site\\\/#\\\/schema\\\/person\\\/64d1c2e4d0d4fd1b849980c4331c2951\",\"name\":\"Villasmil Henry\",\"image\":{\"@type\":\"ImageObject\",\"inLanguage\":\"es\",\"@id\":\"https:\\\/\\\/secure.gravatar.com\\\/avatar\\\/bb0c4a2fcb7970138239f7e404ea75757b1b507b28b5ce4c53fbd62d797c5a7c?s=96&d=mm&r=g\",\"url\":\"https:\\\/\\\/secure.gravatar.com\\\/avatar\\\/bb0c4a2fcb7970138239f7e404ea75757b1b507b28b5ce4c53fbd62d797c5a7c?s=96&d=mm&r=g\",\"contentUrl\":\"https:\\\/\\\/secure.gravatar.com\\\/avatar\\\/bb0c4a2fcb7970138239f7e404ea75757b1b507b28b5ce4c53fbd62d797c5a7c?s=96&d=mm&r=g\",\"caption\":\"Villasmil Henry\"},\"logo\":{\"@id\":\"https:\\\/\\\/secure.gravatar.com\\\/avatar\\\/bb0c4a2fcb7970138239f7e404ea75757b1b507b28b5ce4c53fbd62d797c5a7c?s=96&d=mm&r=g\"},\"sameAs\":[\"http:\\\/\\\/www.henryvillasmil.com.ve\",\"https:\\\/\\\/www.instagram.com\\\/villasmilhfoto\\\/\",\"https:\\\/\\\/x.com\\\/https:\\\/\\\/twitter.com\\\/villasmilhfoto\"],\"url\":\"https:\\\/\\\/digital58.com.ve\\\/site\\\/author\\\/droopy_68\\\/\"}]}<\/script>\n<!-- \/ Yoast SEO plugin. -->","yoast_head_json":{"title":"Costa Rica solicitar\u00e1 visa a los venezolanos desde el pr\u00f3ximo lunes","description":"Mundo","robots":{"index":"index","follow":"follow","max-snippet":"max-snippet:-1","max-image-preview":"max-image-preview:large","max-video-preview":"max-video-preview:-1"},"canonical":"https:\/\/digital58.com.ve\/site\/2022\/02\/17\/costa-rica-solicitara-visa-a-los-venezolanos-desde-el-proximo-lunes\/","og_locale":"es_ES","og_type":"article","og_title":"Costa Rica solicitar\u00e1 visa a los venezolanos desde el pr\u00f3ximo lunes","og_description":"Mundo","og_url":"https:\/\/digital58.com.ve\/site\/2022\/02\/17\/costa-rica-solicitara-visa-a-los-venezolanos-desde-el-proximo-lunes\/","og_site_name":"Noticias Digital58","article_published_time":"2022-02-18T01:39:05+00:00","og_image":[{"width":900,"height":540,"url":"https:\/\/digital58.com.ve\/site\/wp-content\/uploads\/2022\/02\/visa-costa-rica.jpg","type":"image\/jpeg"}],"author":"Villasmil Henry","twitter_card":"summary_large_image","twitter_creator":"@https:\/\/twitter.com\/villasmilhfoto","twitter_site":"@villasmilhfoto","twitter_misc":{"Escrito por":"Villasmil Henry","Tiempo estimado de lectura":"3 minutos"},"schema":{"@context":"https:\/\/schema.org","@graph":[{"@type":"Article","@id":"https:\/\/digital58.com.ve\/site\/2022\/02\/17\/costa-rica-solicitara-visa-a-los-venezolanos-desde-el-proximo-lunes\/#article","isPartOf":{"@id":"https:\/\/digital58.com.ve\/site\/2022\/02\/17\/costa-rica-solicitara-visa-a-los-venezolanos-desde-el-proximo-lunes\/"},"author":{"name":"Villasmil Henry","@id":"https:\/\/digital58.com.ve\/site\/#\/schema\/person\/64d1c2e4d0d4fd1b849980c4331c2951"},"headline":"Costa Rica solicitar\u00e1 visa a los venezolanos desde el pr\u00f3ximo lunes","datePublished":"2022-02-18T01:39:05+00:00","mainEntityOfPage":{"@id":"https:\/\/digital58.com.ve\/site\/2022\/02\/17\/costa-rica-solicitara-visa-a-los-venezolanos-desde-el-proximo-lunes\/"},"wordCount":523,"commentCount":0,"publisher":{"@id":"https:\/\/digital58.com.ve\/site\/#\/schema\/person\/64d1c2e4d0d4fd1b849980c4331c2951"},"image":{"@id":"https:\/\/digital58.com.ve\/site\/2022\/02\/17\/costa-rica-solicitara-visa-a-los-venezolanos-desde-el-proximo-lunes\/#primaryimage"},"thumbnailUrl":"https:\/\/digital58.com.ve\/site\/wp-content\/uploads\/2022\/02\/visa-costa-rica.jpg","keywords":["Costa Rica","Direcci\u00f3n de Migraci\u00f3n","Internacionales","Migrantes venezolanos","Venezuela","Visado costarricense"],"articleSection":["Mundo"],"inLanguage":"es","potentialAction":[{"@type":"CommentAction","name":"Comment","target":["https:\/\/digital58.com.ve\/site\/2022\/02\/17\/costa-rica-solicitara-visa-a-los-venezolanos-desde-el-proximo-lunes\/#respond"]}]},{"@type":"WebPage","@id":"https:\/\/digital58.com.ve\/site\/2022\/02\/17\/costa-rica-solicitara-visa-a-los-venezolanos-desde-el-proximo-lunes\/","url":"https:\/\/digital58.com.ve\/site\/2022\/02\/17\/costa-rica-solicitara-visa-a-los-venezolanos-desde-el-proximo-lunes\/","name":"Costa Rica solicitar\u00e1 visa a los venezolanos desde el pr\u00f3ximo lunes","isPartOf":{"@id":"https:\/\/digital58.com.ve\/site\/#website"},"primaryImageOfPage":{"@id":"https:\/\/digital58.com.ve\/site\/2022\/02\/17\/costa-rica-solicitara-visa-a-los-venezolanos-desde-el-proximo-lunes\/#primaryimage"},"image":{"@id":"https:\/\/digital58.com.ve\/site\/2022\/02\/17\/costa-rica-solicitara-visa-a-los-venezolanos-desde-el-proximo-lunes\/#primaryimage"},"thumbnailUrl":"https:\/\/digital58.com.ve\/site\/wp-content\/uploads\/2022\/02\/visa-costa-rica.jpg","datePublished":"2022-02-18T01:39:05+00:00","description":"Mundo","breadcrumb":{"@id":"https:\/\/digital58.com.ve\/site\/2022\/02\/17\/costa-rica-solicitara-visa-a-los-venezolanos-desde-el-proximo-lunes\/#breadcrumb"},"inLanguage":"es","potentialAction":[{"@type":"ReadAction","target":["https:\/\/digital58.com.ve\/site\/2022\/02\/17\/costa-rica-solicitara-visa-a-los-venezolanos-desde-el-proximo-lunes\/"]}]},{"@type":"ImageObject","inLanguage":"es","@id":"https:\/\/digital58.com.ve\/site\/2022\/02\/17\/costa-rica-solicitara-visa-a-los-venezolanos-desde-el-proximo-lunes\/#primaryimage","url":"https:\/\/digital58.com.ve\/site\/wp-content\/uploads\/2022\/02\/visa-costa-rica.jpg","contentUrl":"https:\/\/digital58.com.ve\/site\/wp-content\/uploads\/2022\/02\/visa-costa-rica.jpg","width":900,"height":540},{"@type":"BreadcrumbList","@id":"https:\/\/digital58.com.ve\/site\/2022\/02\/17\/costa-rica-solicitara-visa-a-los-venezolanos-desde-el-proximo-lunes\/#breadcrumb","itemListElement":[{"@type":"ListItem","position":1,"name":"Home","item":"https:\/\/digital58.com.ve\/site\/"},{"@type":"ListItem","position":2,"name":"Costa Rica solicitar\u00e1 visa a los venezolanos desde el pr\u00f3ximo lunes"}]},{"@type":"WebSite","@id":"https:\/\/digital58.com.ve\/site\/#website","url":"https:\/\/digital58.com.ve\/site\/","name":"Noticias Digital58","description":"Portal de Noticias \u00a1Periodismo web de verdad! Lanzamiento web 22.11.2005 \/ Maracaibo, Venezuela","publisher":{"@id":"https:\/\/digital58.com.ve\/site\/#\/schema\/person\/64d1c2e4d0d4fd1b849980c4331c2951"},"alternateName":"ND58","potentialAction":[{"@type":"SearchAction","target":{"@type":"EntryPoint","urlTemplate":"https:\/\/digital58.com.ve\/site\/?s={search_term_string}"},"query-input":{"@type":"PropertyValueSpecification","valueRequired":true,"valueName":"search_term_string"}}],"inLanguage":"es"},{"@type":["Person","Organization"],"@id":"https:\/\/digital58.com.ve\/site\/#\/schema\/person\/64d1c2e4d0d4fd1b849980c4331c2951","name":"Villasmil Henry","image":{"@type":"ImageObject","inLanguage":"es","@id":"https:\/\/secure.gravatar.com\/avatar\/bb0c4a2fcb7970138239f7e404ea75757b1b507b28b5ce4c53fbd62d797c5a7c?s=96&d=mm&r=g","url":"https:\/\/secure.gravatar.com\/avatar\/bb0c4a2fcb7970138239f7e404ea75757b1b507b28b5ce4c53fbd62d797c5a7c?s=96&d=mm&r=g","contentUrl":"https:\/\/secure.gravatar.com\/avatar\/bb0c4a2fcb7970138239f7e404ea75757b1b507b28b5ce4c53fbd62d797c5a7c?s=96&d=mm&r=g","caption":"Villasmil Henry"},"logo":{"@id":"https:\/\/secure.gravatar.com\/avatar\/bb0c4a2fcb7970138239f7e404ea75757b1b507b28b5ce4c53fbd62d797c5a7c?s=96&d=mm&r=g"},"sameAs":["http:\/\/www.henryvillasmil.com.ve","https:\/\/www.instagram.com\/villasmilhfoto\/","https:\/\/x.com\/https:\/\/twitter.com\/villasmilhfoto"],"url":"https:\/\/digital58.com.ve\/site\/author\/droopy_68\/"}]}},"uagb_featured_image_src":{"full":["https:\/\/digital58.com.ve\/site\/wp-content\/uploads\/2022\/02\/visa-costa-rica.jpg",900,540,false],"thumbnail":["https:\/\/digital58.com.ve\/site\/wp-content\/uploads\/2022\/02\/visa-costa-rica-150x150.jpg",150,150,true],"medium":["https:\/\/digital58.com.ve\/site\/wp-content\/uploads\/2022\/02\/visa-costa-rica-300x180.jpg",300,180,true],"medium_large":["https:\/\/digital58.com.ve\/site\/wp-content\/uploads\/2022\/02\/visa-costa-rica-768x461.jpg",768,461,true],"large":["https:\/\/digital58.com.ve\/site\/wp-content\/uploads\/2022\/02\/visa-costa-rica.jpg",800,480,false],"1536x1536":["https:\/\/digital58.com.ve\/site\/wp-content\/uploads\/2022\/02\/visa-costa-rica.jpg",900,540,false],"2048x2048":["https:\/\/digital58.com.ve\/site\/wp-content\/uploads\/2022\/02\/visa-costa-rica.jpg",900,540,false],"colormag-highlighted-post":["https:\/\/digital58.com.ve\/site\/wp-content\/uploads\/2022\/02\/visa-costa-rica.jpg",392,235,false],"colormag-featured-post-medium":["https:\/\/digital58.com.ve\/site\/wp-content\/uploads\/2022\/02\/visa-costa-rica.jpg",342,205,false],"colormag-featured-post-small":["https:\/\/digital58.com.ve\/site\/wp-content\/uploads\/2022\/02\/visa-costa-rica.jpg",130,78,false],"colormag-featured-image":["https:\/\/digital58.com.ve\/site\/wp-content\/uploads\/2022\/02\/visa-costa-rica.jpg",742,445,false],"colormag-default-news":["https:\/\/digital58.com.ve\/site\/wp-content\/uploads\/2022\/02\/visa-costa-rica.jpg",150,90,false],"colormag-featured-image-large":["https:\/\/digital58.com.ve\/site\/wp-content\/uploads\/2022\/02\/visa-costa-rica.jpg",900,540,false]},"uagb_author_info":{"display_name":"Villasmil Henry","author_link":"https:\/\/digital58.com.ve\/site\/author\/droopy_68\/"},"uagb_comment_info":0,"uagb_excerpt":"Los venezolanos deber\u00e1n tramitar una visa consultada ante los consulados de Costa Rica acreditados en el exterior, y \u00fanicamente en","_links":{"self":[{"href":"https:\/\/digital58.com.ve\/site\/wp-json\/wp\/v2\/posts\/148832","targetHints":{"allow":["GET"]}}],"collection":[{"href":"https:\/\/digital58.com.ve\/site\/wp-json\/wp\/v2\/posts"}],"about":[{"href":"https:\/\/digital58.com.ve\/site\/wp-json\/wp\/v2\/types\/post"}],"author":[{"embeddable":true,"href":"https:\/\/digital58.com.ve\/site\/wp-json\/wp\/v2\/users\/1"}],"replies":[{"embeddable":true,"href":"https:\/\/digital58.com.ve\/site\/wp-json\/wp\/v2\/comments?post=148832"}],"version-history":[{"count":0,"href":"https:\/\/digital58.com.ve\/site\/wp-json\/wp\/v2\/posts\/148832\/revisions"}],"wp:featuredmedia":[{"embeddable":true,"href":"https:\/\/digital58.com.ve\/site\/wp-json\/wp\/v2\/media\/148839"}],"wp:attachment":[{"href":"https:\/\/digital58.com.ve\/site\/wp-json\/wp\/v2\/media?parent=148832"}],"wp:term":[{"taxonomy":"category","embeddable":true,"href":"https:\/\/digital58.com.ve\/site\/wp-json\/wp\/v2\/categories?post=148832"},{"taxonomy":"post_tag","embeddable":true,"href":"https:\/\/digital58.com.ve\/site\/wp-json\/wp\/v2\/tags?post=148832"}],"curies":[{"name":"wp","href":"https:\/\/api.w.org\/{rel}","templated":true}]}}