{"id":148859,"date":"2022-02-17T23:46:36","date_gmt":"2022-02-18T03:46:36","guid":{"rendered":"https:\/\/digital58.com.ve\/site\/?p=148859"},"modified":"2022-02-17T23:46:36","modified_gmt":"2022-02-18T03:46:36","slug":"zulia-reubicacion-en-zona-de-subsidencia-y-falta-de-equipos-pesquero-fueron-los-temas-a-exponer-en-el-concejo-municipal-lagunillas","status":"publish","type":"post","link":"https:\/\/digital58.com.ve\/site\/2022\/02\/17\/zulia-reubicacion-en-zona-de-subsidencia-y-falta-de-equipos-pesquero-fueron-los-temas-a-exponer-en-el-concejo-municipal-lagunillas\/","title":{"rendered":"#Zulia | Reubicaci\u00f3n en zona de subsidencia y falta de equipos pesquero fueron los temas a exponer en el Concejo Municipal Lagunillas"},"content":{"rendered":"<p><a href=\"https:\/\/digital58.com.ve\/site\/wp-content\/uploads\/2022\/02\/lagunillas.jpg\"><img loading=\"lazy\" decoding=\"async\" class=\"aligncenter size-full wp-image-148860\" src=\"https:\/\/digital58.com.ve\/site\/wp-content\/uploads\/2022\/02\/lagunillas.jpg\" alt=\"\" width=\"720\" height=\"537\" srcset=\"https:\/\/digital58.com.ve\/site\/wp-content\/uploads\/2022\/02\/lagunillas.jpg 720w, https:\/\/digital58.com.ve\/site\/wp-content\/uploads\/2022\/02\/lagunillas-300x224.jpg 300w\" sizes=\"auto, (max-width: 720px) 100vw, 720px\" \/><\/a><\/p>\n<p>El presidente de la C\u00e1mara Municipal Carlosman Leal y los ediles que conformaron la sesi\u00f3n, expresaron que la ciudadan\u00eda tiene voz en este hemiciclo con el fin de exponer sus problemas para encontrar una respuesta inmediata ante sus situaciones<\/p>\n<p><strong>Ciudad Ojeda, Zulia, Venezuela, 17 de febrero de 2022 (ND58).-<\/strong> Este 15 de febrero se efectu\u00f3 la sesi\u00f3n donde el tema principal fue el derecho de palabra de los ciudadanos Arle Contreras y Pablo Quiroz donde expusieron sus casos ante los concejales para hallar una soluci\u00f3n al entorno de la problem\u00e1tica expuestas<\/p>\n<p>Contreras expuso el caso de la reubicaci\u00f3n de la zona de subsidencia, el cual desde varios a\u00f1os han luchado por la reubicaci\u00f3n de los habitantes de dicho lugar, por ser un sitio de alto riesgo para ser habitada<\/p>\n<p>El concejal Luis Martinez expres\u00f3 ante la sugerencia del se\u00f1or Contreras que el proceso de reubicar de los habitantes de la referida zona debe ser planteado a Ducolsa con el fin de plantearle la reubicaci\u00f3n de dichas personas ya que se encuentran en zona de peligro.<\/p>\n<p>Por otra parte, Pablo Quiroz manifest\u00f3 el problema de los pescadores del \u00abCa\u00f1o la O\u00bb, ya que dicho trabajadores no cuenta con recursos para sus embarcaciones y elementos de trabajos y la asignaci\u00f3n de estaci\u00f3n de servicios para reparar dichas unidades pesqueras.<\/p>\n<p>Los concejales Javier Africano quien preside la Comisi\u00f3n Permanente de Administraci\u00f3n y Servicios en conjunto con la edil Kristal M\u00e9ndez quien es la presidente de la Comisi\u00f3n de Asuntos Sociales quienes trabajar\u00e1n en conjunto para dar respuesta inmediata ante dicha solicitud.<\/p>\n<p><strong>Redacci\u00f3n ND58 | Fuente: Concejo Municipal Lagunillas<\/strong><br \/>\n<strong>Edici\u00f3n: Villasmil, Henry<\/strong><br \/>\n<strong>Gr\u00e1fica: Cortes\u00eda<\/strong><\/p>\n<p>&nbsp;<\/p>\n<p>&nbsp;<\/p><div class=\"fteyz69edc73177cf9\" ><p style=\"text-align: center;\"><a href=\"https:\/\/t.me\/noticiasdigital58\" target=\"_blank\" rel=\"noopener\"><img class=\"aligncenter size-full wp-image-125363\" src=\"https:\/\/digital58.com.ve\/site\/wp-content\/uploads\/2021\/04\/banner-telegram-web-2021.png\" alt=\"\" width=\"600\" height=\"90\" \/><\/a><\/p><\/div><style type=\"text\/css\">\r\n@media screen and (min-width: 1201px) {\r\n.fteyz69edc73177cf9 {\r\ndisplay: block;\r\n}\r\n}\r\n@media screen and (min-width: 993px) and (max-width: 1200px) {\r\n.fteyz69edc73177cf9 {\r\ndisplay: block;\r\n}\r\n}\r\n@media screen and (min-width: 769px) and (max-width: 992px) {\r\n.fteyz69edc73177cf9 {\r\ndisplay: block;\r\n}\r\n}\r\n@media screen and (min-width: 768px) and (max-width: 768px) {\r\n.fteyz69edc73177cf9 {\r\ndisplay: block;\r\n}\r\n}\r\n@media screen and (max-width: 767px) {\r\n.fteyz69edc73177cf9 {\r\ndisplay: block;\r\n}\r\n}\r\n<\/style>\r\n\n<p>&nbsp;<\/p>\n<div style=\"margin-top: 0px; margin-bottom: 0px;\" class=\"sharethis-inline-share-buttons\" ><\/div>","protected":false},"excerpt":{"rendered":"<p>El presidente de la C\u00e1mara Municipal Carlosman Leal y los ediles que conformaron la sesi\u00f3n, expresaron que la ciudadan\u00eda tiene<\/p>\n","protected":false},"author":1,"featured_media":148860,"comment_status":"open","ping_status":"closed","sticky":false,"template":"","format":"standard","meta":{"colormag_page_container_layout":"default_layout","colormag_page_sidebar_layout":"default_layout","_uag_custom_page_level_css":"","footnotes":""},"categories":[14504],"tags":[27366,162,27365,14098,233,2354,32],"class_list":["post-148859","post","type-post","status-publish","format-standard","has-post-thumbnail","hentry","category-zulia","tag-carlosman-leal","tag-ciudad-ojeda","tag-concejo-municipal-lagunillas","tag-municipio-lagunillas","tag-nacionales","tag-regionales","tag-venezuela"],"yoast_head":"<!-- This site is optimized with the Yoast SEO plugin v27.4 - https:\/\/yoast.com\/product\/yoast-seo-wordpress\/ -->\n<title>#Zulia | Reubicaci\u00f3n en zona de subsidencia y falta de equipos pesquero fueron los temas a exponer en el Concejo Municipal Lagunillas<\/title>\n<meta name=\"description\" content=\"Zulia\" \/>\n<meta name=\"robots\" content=\"index, follow, max-snippet:-1, max-image-preview:large, max-video-preview:-1\" \/>\n<link rel=\"canonical\" href=\"https:\/\/digital58.com.ve\/site\/2022\/02\/17\/zulia-reubicacion-en-zona-de-subsidencia-y-falta-de-equipos-pesquero-fueron-los-temas-a-exponer-en-el-concejo-municipal-lagunillas\/\" \/>\n<meta property=\"og:locale\" content=\"es_ES\" \/>\n<meta property=\"og:type\" content=\"article\" \/>\n<meta property=\"og:title\" content=\"#Zulia | Reubicaci\u00f3n en zona de subsidencia y falta de equipos pesquero fueron los temas a exponer en el Concejo Municipal Lagunillas\" \/>\n<meta property=\"og:description\" content=\"Zulia\" \/>\n<meta property=\"og:url\" content=\"https:\/\/digital58.com.ve\/site\/2022\/02\/17\/zulia-reubicacion-en-zona-de-subsidencia-y-falta-de-equipos-pesquero-fueron-los-temas-a-exponer-en-el-concejo-municipal-lagunillas\/\" \/>\n<meta property=\"og:site_name\" content=\"Noticias Digital58\" \/>\n<meta property=\"article:published_time\" content=\"2022-02-18T03:46:36+00:00\" \/>\n<meta property=\"og:image\" content=\"https:\/\/digital58.com.ve\/site\/wp-content\/uploads\/2022\/02\/lagunillas.jpg\" \/>\n\t<meta property=\"og:image:width\" content=\"720\" \/>\n\t<meta property=\"og:image:height\" content=\"537\" \/>\n\t<meta property=\"og:image:type\" content=\"image\/jpeg\" \/>\n<meta name=\"author\" content=\"Villasmil Henry\" \/>\n<meta name=\"twitter:card\" content=\"summary_large_image\" \/>\n<meta name=\"twitter:creator\" content=\"@https:\/\/twitter.com\/villasmilhfoto\" \/>\n<meta name=\"twitter:site\" content=\"@villasmilhfoto\" \/>\n<meta name=\"twitter:label1\" content=\"Escrito por\" \/>\n\t<meta name=\"twitter:data1\" content=\"Villasmil Henry\" \/>\n\t<meta name=\"twitter:label2\" content=\"Tiempo estimado de lectura\" \/>\n\t<meta name=\"twitter:data2\" content=\"2 minutos\" \/>\n<script type=\"application\/ld+json\" class=\"yoast-schema-graph\">{\"@context\":\"https:\\\/\\\/schema.org\",\"@graph\":[{\"@type\":\"Article\",\"@id\":\"https:\\\/\\\/digital58.com.ve\\\/site\\\/2022\\\/02\\\/17\\\/zulia-reubicacion-en-zona-de-subsidencia-y-falta-de-equipos-pesquero-fueron-los-temas-a-exponer-en-el-concejo-municipal-lagunillas\\\/#article\",\"isPartOf\":{\"@id\":\"https:\\\/\\\/digital58.com.ve\\\/site\\\/2022\\\/02\\\/17\\\/zulia-reubicacion-en-zona-de-subsidencia-y-falta-de-equipos-pesquero-fueron-los-temas-a-exponer-en-el-concejo-municipal-lagunillas\\\/\"},\"author\":{\"name\":\"Villasmil Henry\",\"@id\":\"https:\\\/\\\/digital58.com.ve\\\/site\\\/#\\\/schema\\\/person\\\/64d1c2e4d0d4fd1b849980c4331c2951\"},\"headline\":\"#Zulia | Reubicaci\u00f3n en zona de subsidencia y falta de equipos pesquero fueron los temas a exponer en el Concejo Municipal Lagunillas\",\"datePublished\":\"2022-02-18T03:46:36+00:00\",\"mainEntityOfPage\":{\"@id\":\"https:\\\/\\\/digital58.com.ve\\\/site\\\/2022\\\/02\\\/17\\\/zulia-reubicacion-en-zona-de-subsidencia-y-falta-de-equipos-pesquero-fueron-los-temas-a-exponer-en-el-concejo-municipal-lagunillas\\\/\"},\"wordCount\":315,\"commentCount\":0,\"publisher\":{\"@id\":\"https:\\\/\\\/digital58.com.ve\\\/site\\\/#\\\/schema\\\/person\\\/64d1c2e4d0d4fd1b849980c4331c2951\"},\"image\":{\"@id\":\"https:\\\/\\\/digital58.com.ve\\\/site\\\/2022\\\/02\\\/17\\\/zulia-reubicacion-en-zona-de-subsidencia-y-falta-de-equipos-pesquero-fueron-los-temas-a-exponer-en-el-concejo-municipal-lagunillas\\\/#primaryimage\"},\"thumbnailUrl\":\"https:\\\/\\\/digital58.com.ve\\\/site\\\/wp-content\\\/uploads\\\/2022\\\/02\\\/lagunillas.jpg\",\"keywords\":[\"Carlosman Leal\",\"Ciudad Ojeda\",\"Concejo Municipal Lagunillas\",\"Municipio Lagunillas\",\"Nacionales\",\"Regionales\",\"Venezuela\"],\"articleSection\":[\"Zulia\"],\"inLanguage\":\"es\",\"potentialAction\":[{\"@type\":\"CommentAction\",\"name\":\"Comment\",\"target\":[\"https:\\\/\\\/digital58.com.ve\\\/site\\\/2022\\\/02\\\/17\\\/zulia-reubicacion-en-zona-de-subsidencia-y-falta-de-equipos-pesquero-fueron-los-temas-a-exponer-en-el-concejo-municipal-lagunillas\\\/#respond\"]}]},{\"@type\":\"WebPage\",\"@id\":\"https:\\\/\\\/digital58.com.ve\\\/site\\\/2022\\\/02\\\/17\\\/zulia-reubicacion-en-zona-de-subsidencia-y-falta-de-equipos-pesquero-fueron-los-temas-a-exponer-en-el-concejo-municipal-lagunillas\\\/\",\"url\":\"https:\\\/\\\/digital58.com.ve\\\/site\\\/2022\\\/02\\\/17\\\/zulia-reubicacion-en-zona-de-subsidencia-y-falta-de-equipos-pesquero-fueron-los-temas-a-exponer-en-el-concejo-municipal-lagunillas\\\/\",\"name\":\"#Zulia | Reubicaci\u00f3n en zona de subsidencia y falta de equipos pesquero fueron los temas a exponer en el Concejo Municipal Lagunillas\",\"isPartOf\":{\"@id\":\"https:\\\/\\\/digital58.com.ve\\\/site\\\/#website\"},\"primaryImageOfPage\":{\"@id\":\"https:\\\/\\\/digital58.com.ve\\\/site\\\/2022\\\/02\\\/17\\\/zulia-reubicacion-en-zona-de-subsidencia-y-falta-de-equipos-pesquero-fueron-los-temas-a-exponer-en-el-concejo-municipal-lagunillas\\\/#primaryimage\"},\"image\":{\"@id\":\"https:\\\/\\\/digital58.com.ve\\\/site\\\/2022\\\/02\\\/17\\\/zulia-reubicacion-en-zona-de-subsidencia-y-falta-de-equipos-pesquero-fueron-los-temas-a-exponer-en-el-concejo-municipal-lagunillas\\\/#primaryimage\"},\"thumbnailUrl\":\"https:\\\/\\\/digital58.com.ve\\\/site\\\/wp-content\\\/uploads\\\/2022\\\/02\\\/lagunillas.jpg\",\"datePublished\":\"2022-02-18T03:46:36+00:00\",\"description\":\"Zulia\",\"breadcrumb\":{\"@id\":\"https:\\\/\\\/digital58.com.ve\\\/site\\\/2022\\\/02\\\/17\\\/zulia-reubicacion-en-zona-de-subsidencia-y-falta-de-equipos-pesquero-fueron-los-temas-a-exponer-en-el-concejo-municipal-lagunillas\\\/#breadcrumb\"},\"inLanguage\":\"es\",\"potentialAction\":[{\"@type\":\"ReadAction\",\"target\":[\"https:\\\/\\\/digital58.com.ve\\\/site\\\/2022\\\/02\\\/17\\\/zulia-reubicacion-en-zona-de-subsidencia-y-falta-de-equipos-pesquero-fueron-los-temas-a-exponer-en-el-concejo-municipal-lagunillas\\\/\"]}]},{\"@type\":\"ImageObject\",\"inLanguage\":\"es\",\"@id\":\"https:\\\/\\\/digital58.com.ve\\\/site\\\/2022\\\/02\\\/17\\\/zulia-reubicacion-en-zona-de-subsidencia-y-falta-de-equipos-pesquero-fueron-los-temas-a-exponer-en-el-concejo-municipal-lagunillas\\\/#primaryimage\",\"url\":\"https:\\\/\\\/digital58.com.ve\\\/site\\\/wp-content\\\/uploads\\\/2022\\\/02\\\/lagunillas.jpg\",\"contentUrl\":\"https:\\\/\\\/digital58.com.ve\\\/site\\\/wp-content\\\/uploads\\\/2022\\\/02\\\/lagunillas.jpg\",\"width\":720,\"height\":537},{\"@type\":\"BreadcrumbList\",\"@id\":\"https:\\\/\\\/digital58.com.ve\\\/site\\\/2022\\\/02\\\/17\\\/zulia-reubicacion-en-zona-de-subsidencia-y-falta-de-equipos-pesquero-fueron-los-temas-a-exponer-en-el-concejo-municipal-lagunillas\\\/#breadcrumb\",\"itemListElement\":[{\"@type\":\"ListItem\",\"position\":1,\"name\":\"Home\",\"item\":\"https:\\\/\\\/digital58.com.ve\\\/site\\\/\"},{\"@type\":\"ListItem\",\"position\":2,\"name\":\"#Zulia | Reubicaci\u00f3n en zona de subsidencia y falta de equipos pesquero fueron los temas a exponer en el Concejo Municipal Lagunillas\"}]},{\"@type\":\"WebSite\",\"@id\":\"https:\\\/\\\/digital58.com.ve\\\/site\\\/#website\",\"url\":\"https:\\\/\\\/digital58.com.ve\\\/site\\\/\",\"name\":\"Noticias Digital58\",\"description\":\"Portal de Noticias \u00a1Periodismo web de verdad! Lanzamiento web 22.11.2005 \\\/ Maracaibo, Venezuela\",\"publisher\":{\"@id\":\"https:\\\/\\\/digital58.com.ve\\\/site\\\/#\\\/schema\\\/person\\\/64d1c2e4d0d4fd1b849980c4331c2951\"},\"alternateName\":\"ND58\",\"potentialAction\":[{\"@type\":\"SearchAction\",\"target\":{\"@type\":\"EntryPoint\",\"urlTemplate\":\"https:\\\/\\\/digital58.com.ve\\\/site\\\/?s={search_term_string}\"},\"query-input\":{\"@type\":\"PropertyValueSpecification\",\"valueRequired\":true,\"valueName\":\"search_term_string\"}}],\"inLanguage\":\"es\"},{\"@type\":[\"Person\",\"Organization\"],\"@id\":\"https:\\\/\\\/digital58.com.ve\\\/site\\\/#\\\/schema\\\/person\\\/64d1c2e4d0d4fd1b849980c4331c2951\",\"name\":\"Villasmil Henry\",\"image\":{\"@type\":\"ImageObject\",\"inLanguage\":\"es\",\"@id\":\"https:\\\/\\\/secure.gravatar.com\\\/avatar\\\/bb0c4a2fcb7970138239f7e404ea75757b1b507b28b5ce4c53fbd62d797c5a7c?s=96&d=mm&r=g\",\"url\":\"https:\\\/\\\/secure.gravatar.com\\\/avatar\\\/bb0c4a2fcb7970138239f7e404ea75757b1b507b28b5ce4c53fbd62d797c5a7c?s=96&d=mm&r=g\",\"contentUrl\":\"https:\\\/\\\/secure.gravatar.com\\\/avatar\\\/bb0c4a2fcb7970138239f7e404ea75757b1b507b28b5ce4c53fbd62d797c5a7c?s=96&d=mm&r=g\",\"caption\":\"Villasmil Henry\"},\"logo\":{\"@id\":\"https:\\\/\\\/secure.gravatar.com\\\/avatar\\\/bb0c4a2fcb7970138239f7e404ea75757b1b507b28b5ce4c53fbd62d797c5a7c?s=96&d=mm&r=g\"},\"sameAs\":[\"http:\\\/\\\/www.henryvillasmil.com.ve\",\"https:\\\/\\\/www.instagram.com\\\/villasmilhfoto\\\/\",\"https:\\\/\\\/x.com\\\/https:\\\/\\\/twitter.com\\\/villasmilhfoto\"],\"url\":\"https:\\\/\\\/digital58.com.ve\\\/site\\\/author\\\/droopy_68\\\/\"}]}<\/script>\n<!-- \/ Yoast SEO plugin. -->","yoast_head_json":{"title":"#Zulia | Reubicaci\u00f3n en zona de subsidencia y falta de equipos pesquero fueron los temas a exponer en el Concejo Municipal Lagunillas","description":"Zulia","robots":{"index":"index","follow":"follow","max-snippet":"max-snippet:-1","max-image-preview":"max-image-preview:large","max-video-preview":"max-video-preview:-1"},"canonical":"https:\/\/digital58.com.ve\/site\/2022\/02\/17\/zulia-reubicacion-en-zona-de-subsidencia-y-falta-de-equipos-pesquero-fueron-los-temas-a-exponer-en-el-concejo-municipal-lagunillas\/","og_locale":"es_ES","og_type":"article","og_title":"#Zulia | Reubicaci\u00f3n en zona de subsidencia y falta de equipos pesquero fueron los temas a exponer en el Concejo Municipal Lagunillas","og_description":"Zulia","og_url":"https:\/\/digital58.com.ve\/site\/2022\/02\/17\/zulia-reubicacion-en-zona-de-subsidencia-y-falta-de-equipos-pesquero-fueron-los-temas-a-exponer-en-el-concejo-municipal-lagunillas\/","og_site_name":"Noticias Digital58","article_published_time":"2022-02-18T03:46:36+00:00","og_image":[{"width":720,"height":537,"url":"https:\/\/digital58.com.ve\/site\/wp-content\/uploads\/2022\/02\/lagunillas.jpg","type":"image\/jpeg"}],"author":"Villasmil Henry","twitter_card":"summary_large_image","twitter_creator":"@https:\/\/twitter.com\/villasmilhfoto","twitter_site":"@villasmilhfoto","twitter_misc":{"Escrito por":"Villasmil Henry","Tiempo estimado de lectura":"2 minutos"},"schema":{"@context":"https:\/\/schema.org","@graph":[{"@type":"Article","@id":"https:\/\/digital58.com.ve\/site\/2022\/02\/17\/zulia-reubicacion-en-zona-de-subsidencia-y-falta-de-equipos-pesquero-fueron-los-temas-a-exponer-en-el-concejo-municipal-lagunillas\/#article","isPartOf":{"@id":"https:\/\/digital58.com.ve\/site\/2022\/02\/17\/zulia-reubicacion-en-zona-de-subsidencia-y-falta-de-equipos-pesquero-fueron-los-temas-a-exponer-en-el-concejo-municipal-lagunillas\/"},"author":{"name":"Villasmil Henry","@id":"https:\/\/digital58.com.ve\/site\/#\/schema\/person\/64d1c2e4d0d4fd1b849980c4331c2951"},"headline":"#Zulia | Reubicaci\u00f3n en zona de subsidencia y falta de equipos pesquero fueron los temas a exponer en el Concejo Municipal Lagunillas","datePublished":"2022-02-18T03:46:36+00:00","mainEntityOfPage":{"@id":"https:\/\/digital58.com.ve\/site\/2022\/02\/17\/zulia-reubicacion-en-zona-de-subsidencia-y-falta-de-equipos-pesquero-fueron-los-temas-a-exponer-en-el-concejo-municipal-lagunillas\/"},"wordCount":315,"commentCount":0,"publisher":{"@id":"https:\/\/digital58.com.ve\/site\/#\/schema\/person\/64d1c2e4d0d4fd1b849980c4331c2951"},"image":{"@id":"https:\/\/digital58.com.ve\/site\/2022\/02\/17\/zulia-reubicacion-en-zona-de-subsidencia-y-falta-de-equipos-pesquero-fueron-los-temas-a-exponer-en-el-concejo-municipal-lagunillas\/#primaryimage"},"thumbnailUrl":"https:\/\/digital58.com.ve\/site\/wp-content\/uploads\/2022\/02\/lagunillas.jpg","keywords":["Carlosman Leal","Ciudad Ojeda","Concejo Municipal Lagunillas","Municipio Lagunillas","Nacionales","Regionales","Venezuela"],"articleSection":["Zulia"],"inLanguage":"es","potentialAction":[{"@type":"CommentAction","name":"Comment","target":["https:\/\/digital58.com.ve\/site\/2022\/02\/17\/zulia-reubicacion-en-zona-de-subsidencia-y-falta-de-equipos-pesquero-fueron-los-temas-a-exponer-en-el-concejo-municipal-lagunillas\/#respond"]}]},{"@type":"WebPage","@id":"https:\/\/digital58.com.ve\/site\/2022\/02\/17\/zulia-reubicacion-en-zona-de-subsidencia-y-falta-de-equipos-pesquero-fueron-los-temas-a-exponer-en-el-concejo-municipal-lagunillas\/","url":"https:\/\/digital58.com.ve\/site\/2022\/02\/17\/zulia-reubicacion-en-zona-de-subsidencia-y-falta-de-equipos-pesquero-fueron-los-temas-a-exponer-en-el-concejo-municipal-lagunillas\/","name":"#Zulia | Reubicaci\u00f3n en zona de subsidencia y falta de equipos pesquero fueron los temas a exponer en el Concejo Municipal Lagunillas","isPartOf":{"@id":"https:\/\/digital58.com.ve\/site\/#website"},"primaryImageOfPage":{"@id":"https:\/\/digital58.com.ve\/site\/2022\/02\/17\/zulia-reubicacion-en-zona-de-subsidencia-y-falta-de-equipos-pesquero-fueron-los-temas-a-exponer-en-el-concejo-municipal-lagunillas\/#primaryimage"},"image":{"@id":"https:\/\/digital58.com.ve\/site\/2022\/02\/17\/zulia-reubicacion-en-zona-de-subsidencia-y-falta-de-equipos-pesquero-fueron-los-temas-a-exponer-en-el-concejo-municipal-lagunillas\/#primaryimage"},"thumbnailUrl":"https:\/\/digital58.com.ve\/site\/wp-content\/uploads\/2022\/02\/lagunillas.jpg","datePublished":"2022-02-18T03:46:36+00:00","description":"Zulia","breadcrumb":{"@id":"https:\/\/digital58.com.ve\/site\/2022\/02\/17\/zulia-reubicacion-en-zona-de-subsidencia-y-falta-de-equipos-pesquero-fueron-los-temas-a-exponer-en-el-concejo-municipal-lagunillas\/#breadcrumb"},"inLanguage":"es","potentialAction":[{"@type":"ReadAction","target":["https:\/\/digital58.com.ve\/site\/2022\/02\/17\/zulia-reubicacion-en-zona-de-subsidencia-y-falta-de-equipos-pesquero-fueron-los-temas-a-exponer-en-el-concejo-municipal-lagunillas\/"]}]},{"@type":"ImageObject","inLanguage":"es","@id":"https:\/\/digital58.com.ve\/site\/2022\/02\/17\/zulia-reubicacion-en-zona-de-subsidencia-y-falta-de-equipos-pesquero-fueron-los-temas-a-exponer-en-el-concejo-municipal-lagunillas\/#primaryimage","url":"https:\/\/digital58.com.ve\/site\/wp-content\/uploads\/2022\/02\/lagunillas.jpg","contentUrl":"https:\/\/digital58.com.ve\/site\/wp-content\/uploads\/2022\/02\/lagunillas.jpg","width":720,"height":537},{"@type":"BreadcrumbList","@id":"https:\/\/digital58.com.ve\/site\/2022\/02\/17\/zulia-reubicacion-en-zona-de-subsidencia-y-falta-de-equipos-pesquero-fueron-los-temas-a-exponer-en-el-concejo-municipal-lagunillas\/#breadcrumb","itemListElement":[{"@type":"ListItem","position":1,"name":"Home","item":"https:\/\/digital58.com.ve\/site\/"},{"@type":"ListItem","position":2,"name":"#Zulia | Reubicaci\u00f3n en zona de subsidencia y falta de equipos pesquero fueron los temas a exponer en el Concejo Municipal Lagunillas"}]},{"@type":"WebSite","@id":"https:\/\/digital58.com.ve\/site\/#website","url":"https:\/\/digital58.com.ve\/site\/","name":"Noticias Digital58","description":"Portal de Noticias \u00a1Periodismo web de verdad! Lanzamiento web 22.11.2005 \/ Maracaibo, Venezuela","publisher":{"@id":"https:\/\/digital58.com.ve\/site\/#\/schema\/person\/64d1c2e4d0d4fd1b849980c4331c2951"},"alternateName":"ND58","potentialAction":[{"@type":"SearchAction","target":{"@type":"EntryPoint","urlTemplate":"https:\/\/digital58.com.ve\/site\/?s={search_term_string}"},"query-input":{"@type":"PropertyValueSpecification","valueRequired":true,"valueName":"search_term_string"}}],"inLanguage":"es"},{"@type":["Person","Organization"],"@id":"https:\/\/digital58.com.ve\/site\/#\/schema\/person\/64d1c2e4d0d4fd1b849980c4331c2951","name":"Villasmil Henry","image":{"@type":"ImageObject","inLanguage":"es","@id":"https:\/\/secure.gravatar.com\/avatar\/bb0c4a2fcb7970138239f7e404ea75757b1b507b28b5ce4c53fbd62d797c5a7c?s=96&d=mm&r=g","url":"https:\/\/secure.gravatar.com\/avatar\/bb0c4a2fcb7970138239f7e404ea75757b1b507b28b5ce4c53fbd62d797c5a7c?s=96&d=mm&r=g","contentUrl":"https:\/\/secure.gravatar.com\/avatar\/bb0c4a2fcb7970138239f7e404ea75757b1b507b28b5ce4c53fbd62d797c5a7c?s=96&d=mm&r=g","caption":"Villasmil Henry"},"logo":{"@id":"https:\/\/secure.gravatar.com\/avatar\/bb0c4a2fcb7970138239f7e404ea75757b1b507b28b5ce4c53fbd62d797c5a7c?s=96&d=mm&r=g"},"sameAs":["http:\/\/www.henryvillasmil.com.ve","https:\/\/www.instagram.com\/villasmilhfoto\/","https:\/\/x.com\/https:\/\/twitter.com\/villasmilhfoto"],"url":"https:\/\/digital58.com.ve\/site\/author\/droopy_68\/"}]}},"uagb_featured_image_src":{"full":["https:\/\/digital58.com.ve\/site\/wp-content\/uploads\/2022\/02\/lagunillas.jpg",720,537,false],"thumbnail":["https:\/\/digital58.com.ve\/site\/wp-content\/uploads\/2022\/02\/lagunillas-150x150.jpg",150,150,true],"medium":["https:\/\/digital58.com.ve\/site\/wp-content\/uploads\/2022\/02\/lagunillas-300x224.jpg",300,224,true],"medium_large":["https:\/\/digital58.com.ve\/site\/wp-content\/uploads\/2022\/02\/lagunillas.jpg",720,537,false],"large":["https:\/\/digital58.com.ve\/site\/wp-content\/uploads\/2022\/02\/lagunillas.jpg",720,537,false],"1536x1536":["https:\/\/digital58.com.ve\/site\/wp-content\/uploads\/2022\/02\/lagunillas.jpg",720,537,false],"2048x2048":["https:\/\/digital58.com.ve\/site\/wp-content\/uploads\/2022\/02\/lagunillas.jpg",720,537,false],"colormag-highlighted-post":["https:\/\/digital58.com.ve\/site\/wp-content\/uploads\/2022\/02\/lagunillas.jpg",365,272,false],"colormag-featured-post-medium":["https:\/\/digital58.com.ve\/site\/wp-content\/uploads\/2022\/02\/lagunillas.jpg",275,205,false],"colormag-featured-post-small":["https:\/\/digital58.com.ve\/site\/wp-content\/uploads\/2022\/02\/lagunillas.jpg",121,90,false],"colormag-featured-image":["https:\/\/digital58.com.ve\/site\/wp-content\/uploads\/2022\/02\/lagunillas.jpg",597,445,false],"colormag-default-news":["https:\/\/digital58.com.ve\/site\/wp-content\/uploads\/2022\/02\/lagunillas.jpg",150,112,false],"colormag-featured-image-large":["https:\/\/digital58.com.ve\/site\/wp-content\/uploads\/2022\/02\/lagunillas.jpg",720,537,false]},"uagb_author_info":{"display_name":"Villasmil Henry","author_link":"https:\/\/digital58.com.ve\/site\/author\/droopy_68\/"},"uagb_comment_info":0,"uagb_excerpt":"El presidente de la C\u00e1mara Municipal Carlosman Leal y los ediles que conformaron la sesi\u00f3n, expresaron que la ciudadan\u00eda tiene","_links":{"self":[{"href":"https:\/\/digital58.com.ve\/site\/wp-json\/wp\/v2\/posts\/148859","targetHints":{"allow":["GET"]}}],"collection":[{"href":"https:\/\/digital58.com.ve\/site\/wp-json\/wp\/v2\/posts"}],"about":[{"href":"https:\/\/digital58.com.ve\/site\/wp-json\/wp\/v2\/types\/post"}],"author":[{"embeddable":true,"href":"https:\/\/digital58.com.ve\/site\/wp-json\/wp\/v2\/users\/1"}],"replies":[{"embeddable":true,"href":"https:\/\/digital58.com.ve\/site\/wp-json\/wp\/v2\/comments?post=148859"}],"version-history":[{"count":0,"href":"https:\/\/digital58.com.ve\/site\/wp-json\/wp\/v2\/posts\/148859\/revisions"}],"wp:featuredmedia":[{"embeddable":true,"href":"https:\/\/digital58.com.ve\/site\/wp-json\/wp\/v2\/media\/148860"}],"wp:attachment":[{"href":"https:\/\/digital58.com.ve\/site\/wp-json\/wp\/v2\/media?parent=148859"}],"wp:term":[{"taxonomy":"category","embeddable":true,"href":"https:\/\/digital58.com.ve\/site\/wp-json\/wp\/v2\/categories?post=148859"},{"taxonomy":"post_tag","embeddable":true,"href":"https:\/\/digital58.com.ve\/site\/wp-json\/wp\/v2\/tags?post=148859"}],"curies":[{"name":"wp","href":"https:\/\/api.w.org\/{rel}","templated":true}]}}