{"id":148950,"date":"2022-02-18T17:39:35","date_gmt":"2022-02-18T21:39:35","guid":{"rendered":"https:\/\/digital58.com.ve\/site\/?p=148950"},"modified":"2022-02-18T17:40:57","modified_gmt":"2022-02-18T21:40:57","slug":"alevalen-presenta-su-nueva-propuesta-musical-con-imponente-concierto-en-maracaibo","status":"publish","type":"post","link":"https:\/\/digital58.com.ve\/site\/2022\/02\/18\/alevalen-presenta-su-nueva-propuesta-musical-con-imponente-concierto-en-maracaibo\/","title":{"rendered":"Alevalen presenta su nueva propuesta musical con imponente concierto en Maracaibo"},"content":{"rendered":"<p><a href=\"https:\/\/digital58.com.ve\/site\/wp-content\/uploads\/2022\/02\/ale-7.jpg\"><img loading=\"lazy\" decoding=\"async\" class=\"aligncenter size-full wp-image-148951\" src=\"https:\/\/digital58.com.ve\/site\/wp-content\/uploads\/2022\/02\/ale-7.jpg\" alt=\"\" width=\"900\" height=\"600\" srcset=\"https:\/\/digital58.com.ve\/site\/wp-content\/uploads\/2022\/02\/ale-7.jpg 900w, https:\/\/digital58.com.ve\/site\/wp-content\/uploads\/2022\/02\/ale-7-300x200.jpg 300w, https:\/\/digital58.com.ve\/site\/wp-content\/uploads\/2022\/02\/ale-7-768x512.jpg 768w, https:\/\/digital58.com.ve\/site\/wp-content\/uploads\/2022\/02\/ale-7-720x480.jpg 720w, https:\/\/digital58.com.ve\/site\/wp-content\/uploads\/2022\/02\/ale-7-480x320.jpg 480w\" sizes=\"auto, (max-width: 900px) 100vw, 900px\" \/><\/a><\/p>\n<p>La s\u00faper talentosa maracaibera dispens\u00f3 minutos antes de su espectaculo musical, un ameno encuentro con la prensa zuliana en la sala baja del Teatro Baralt.<\/p>\n<p><strong>Maracaibo, Zulia, Venezuela, 18 de febrero de 2022 (ND58).-<\/strong> Luego de su lanzamiento como solista en el a\u00f1o 2020 con el \u00e9xito \u00abEquivocado\u00bb, Alejandra Valentina A\u00f1ez \u2014Alevalen\u2014, ofreci\u00f3 en su natal Maracaibo un repertorio musical que forma parte de su primera placa discogr\u00e1fica.<\/p>\n<p>Los asistentes al fastuoso Teatro Baralt quedaron impresionados con el despliegue t\u00e9cnico y tecnol\u00f3gico, amen de una impecable producci\u00f3n donde la joven derroch\u00f3 talento y pudo cautivar a su seguidores, amigos y medios de comunicaci\u00f3n.<\/p>\n<p><a href=\"https:\/\/digital58.com.ve\/site\/wp-content\/uploads\/2022\/02\/ale-2.jpg\"><img loading=\"lazy\" decoding=\"async\" class=\"aligncenter size-full wp-image-148956\" src=\"https:\/\/digital58.com.ve\/site\/wp-content\/uploads\/2022\/02\/ale-2.jpg\" alt=\"\" width=\"900\" height=\"602\" srcset=\"https:\/\/digital58.com.ve\/site\/wp-content\/uploads\/2022\/02\/ale-2.jpg 900w, https:\/\/digital58.com.ve\/site\/wp-content\/uploads\/2022\/02\/ale-2-300x201.jpg 300w, https:\/\/digital58.com.ve\/site\/wp-content\/uploads\/2022\/02\/ale-2-768x514.jpg 768w, https:\/\/digital58.com.ve\/site\/wp-content\/uploads\/2022\/02\/ale-2-480x320.jpg 480w\" sizes=\"auto, (max-width: 900px) 100vw, 900px\" \/><\/a><br \/>\nEl espect\u00e1culo musical \u2014<em>Showcase<\/em>\u2014, que dur\u00f3 poco mas de una hora, inici\u00f3 con los sencillos \u00abLento\u00bb, \u00abSola\u00bb y \u00abEquivocado\u00bb, para posteriormente dar paso a su m\u00e1s reciente producci\u00f3n \u00abMala Fama\u00bb y \u00abUn beso\u00bb, este \u00faltimo, posicionado en el primer puesto de la cartelera urbana del Monitor Latino.<\/p>\n<p><strong>Invitados a la fiesta<\/strong><\/p>\n<p>Alevalen comparti\u00f3 escenario con Pablo Rodr\u00edguez, con quien interpret\u00f3 el tema \u00abMi momento\u00bb, as\u00ed mismo junto a su profesora de canto \u2014Ana Belisario\u2014 cant\u00f3 el \u00e9xito \u00abPerd\u00f3n, Perd\u00f3n\u00bb del d\u00fao mexicano Ha-Ash,<\/p>\n<p><a href=\"https:\/\/digital58.com.ve\/site\/wp-content\/uploads\/2022\/02\/ale-4.jpg\"><img loading=\"lazy\" decoding=\"async\" class=\"aligncenter size-full wp-image-148954\" src=\"https:\/\/digital58.com.ve\/site\/wp-content\/uploads\/2022\/02\/ale-4.jpg\" alt=\"\" width=\"600\" height=\"900\" srcset=\"https:\/\/digital58.com.ve\/site\/wp-content\/uploads\/2022\/02\/ale-4.jpg 400w, https:\/\/digital58.com.ve\/site\/wp-content\/uploads\/2022\/02\/ale-4-200x300.jpg 200w\" sizes=\"auto, (max-width: 600px) 100vw, 600px\" \/><\/a><\/p>\n<p>La joven promesa del genero urbano homenaje\u00f3 a la reconocida artista argentina Tini Stoessel con las canciones \u00abSer mejor\u00bb de la serie \u00abVioletta\u00bb y \u00abLet it go\u00bb perteneciente a la banda sonora de la pel\u00edcula \u00abFrozen\u00bb<\/p>\n<p>Con su particular propuesta musical urbana Alevalen cerr\u00f3 el <em>show<\/em> en compa\u00f1\u00eda de sus admiradoras m\u00e1s peque\u00f1as, ni\u00f1as que decidieron bailar y cantar con la int\u00e9rprete entre los aplausos del p\u00fablico.<\/p>\n<p><a href=\"https:\/\/digital58.com.ve\/site\/wp-content\/uploads\/2022\/02\/ale-5.jpg\"><img loading=\"lazy\" decoding=\"async\" class=\"aligncenter size-full wp-image-148953\" src=\"https:\/\/digital58.com.ve\/site\/wp-content\/uploads\/2022\/02\/ale-5.jpg\" alt=\"\" width=\"900\" height=\"565\" srcset=\"https:\/\/digital58.com.ve\/site\/wp-content\/uploads\/2022\/02\/ale-5.jpg 900w, https:\/\/digital58.com.ve\/site\/wp-content\/uploads\/2022\/02\/ale-5-300x188.jpg 300w, https:\/\/digital58.com.ve\/site\/wp-content\/uploads\/2022\/02\/ale-5-768x482.jpg 768w\" sizes=\"auto, (max-width: 900px) 100vw, 900px\" \/><\/a><br \/>\nAntes de dar inicio al musical, Alevalen habl\u00f3 sobre el deseo de convertirse en cantante. Y es que desde hace muchos a\u00f1os, intent\u00f3 concursar en reinados de bellezas, pero al momento de demostrar un talento \u2014el canto\u2014 se dio cuenta que realmente quer\u00eda dedicarse a la m\u00fasica.<\/p>\n<p>Adem\u00e1s la interprete quiere llevar su <em>showcase<\/em> a la capital.<\/p>\n<p><a href=\"https:\/\/digital58.com.ve\/site\/wp-content\/uploads\/2022\/02\/ale-3.jpg\"><img loading=\"lazy\" decoding=\"async\" class=\"aligncenter size-full wp-image-148955\" src=\"https:\/\/digital58.com.ve\/site\/wp-content\/uploads\/2022\/02\/ale-3.jpg\" alt=\"\" width=\"900\" height=\"600\" srcset=\"https:\/\/digital58.com.ve\/site\/wp-content\/uploads\/2022\/02\/ale-3.jpg 900w, https:\/\/digital58.com.ve\/site\/wp-content\/uploads\/2022\/02\/ale-3-300x200.jpg 300w, https:\/\/digital58.com.ve\/site\/wp-content\/uploads\/2022\/02\/ale-3-768x512.jpg 768w, https:\/\/digital58.com.ve\/site\/wp-content\/uploads\/2022\/02\/ale-3-720x480.jpg 720w, https:\/\/digital58.com.ve\/site\/wp-content\/uploads\/2022\/02\/ale-3-480x320.jpg 480w\" sizes=\"auto, (max-width: 900px) 100vw, 900px\" \/><\/a><\/p>\n<p>\u00abDe ac\u00e1 soy \u2014Maracaibo\u2014 y no es por nada pero nosotros los \u00abmarabinos\u00bb somos los mejores. Amo a mi gente, mi tierra y lo que somos. As\u00ed como lo puedo hacer aqu\u00ed, lo har\u00eda en Suiza o cualquier pa\u00eds. Si lo haces con amor y ganas lo vas a lograr donde est\u00e9s\u00bb, afirm\u00f3.<\/p>\n<p><strong>Nacho<\/strong><\/p>\n<p>Vale destacar, que Alevalen abrir\u00e1 el concierto del reconocido cantante Nacho, que tendr\u00e1 cita el pr\u00f3ximo 2 de abril en San Francisco, estado Zulia.<\/p>\n<p><a href=\"https:\/\/digital58.com.ve\/site\/wp-content\/uploads\/2022\/02\/ale-6.jpg\"><img loading=\"lazy\" decoding=\"async\" class=\"aligncenter size-full wp-image-148952\" src=\"https:\/\/digital58.com.ve\/site\/wp-content\/uploads\/2022\/02\/ale-6.jpg\" alt=\"\" width=\"900\" height=\"588\" srcset=\"https:\/\/digital58.com.ve\/site\/wp-content\/uploads\/2022\/02\/ale-6.jpg 900w, https:\/\/digital58.com.ve\/site\/wp-content\/uploads\/2022\/02\/ale-6-300x196.jpg 300w, https:\/\/digital58.com.ve\/site\/wp-content\/uploads\/2022\/02\/ale-6-768x502.jpg 768w\" sizes=\"auto, (max-width: 900px) 100vw, 900px\" \/><\/a><br \/>\n\u00abMe siento muy feliz, muy bendecida por la oportunidad. Debo de aprovecharlo y dar lo mejor de m\u00ed. Adem\u00e1s, entre la selecci\u00f3n de temas de ese d\u00eda cantar\u00e9 una canci\u00f3n de \u00e9l. Es una admirable tener un artista de esa magnitud ac\u00e1 en la ciudad\u00bb, coment\u00f3.<\/p>\n<p>Alevalen tambi\u00e9n expres\u00f3:\u00a0 \u00abLas mujeres tenemos un campo musical dif\u00edcil de enfrentar pero no imposible de lograr\u00bb, al tiempo que fijo posici\u00f3n sobre la denigraci\u00f3n femenina en el g\u00e9nero urbano. \u00abNunca cantar\u00eda algo que denigre a lo que yo soy, una mujer\u00bb.<\/p>\n<p><a href=\"https:\/\/digital58.com.ve\/site\/wp-content\/uploads\/2022\/02\/ale.jpg\"><img loading=\"lazy\" decoding=\"async\" class=\"aligncenter size-full wp-image-148957\" src=\"https:\/\/digital58.com.ve\/site\/wp-content\/uploads\/2022\/02\/ale.jpg\" alt=\"\" width=\"900\" height=\"600\" srcset=\"https:\/\/digital58.com.ve\/site\/wp-content\/uploads\/2022\/02\/ale.jpg 900w, https:\/\/digital58.com.ve\/site\/wp-content\/uploads\/2022\/02\/ale-300x200.jpg 300w, https:\/\/digital58.com.ve\/site\/wp-content\/uploads\/2022\/02\/ale-768x512.jpg 768w, https:\/\/digital58.com.ve\/site\/wp-content\/uploads\/2022\/02\/ale-720x480.jpg 720w, https:\/\/digital58.com.ve\/site\/wp-content\/uploads\/2022\/02\/ale-480x320.jpg 480w\" sizes=\"auto, (max-width: 900px) 100vw, 900px\" \/><\/a><br \/>\nLa maracaibera confes\u00f3 que le\u00a0 gustar\u00eda compartir escenario con artistas como; Corina Smith, Farina y Karol G, y trabajar en colaboraciones con los artistas Daddy Yankee, Nicky Jam y Don Omar.<\/p>\n<p>Finalmente la artista dej\u00f3 un mensaje motivador. \u00abAtr\u00e9vanse, hagan lo que quieren y sinceramente tengan a su lado a personas que los quieren y los apoyan. Uno, porque uno cree que se las sabe todas pero cada d\u00eda es un nuevo para aprender, y dos, si lo quieres lo suficiente lo vas a lograr\u00bb.<\/p>\n<div class=\"lyte-wrapper\" title=\"Alevalen presenta su nueva propuesta musical con imponente concierto en Maracaibo\" style=\"width:640px;max-width:100%;margin:5px auto;\"><div class=\"lyMe\" id=\"WYL__y7eYsubDqs\" itemprop=\"video\" itemscope itemtype=\"https:\/\/schema.org\/VideoObject\"><div><meta itemprop=\"thumbnailUrl\" content=\"https:\/\/i.ytimg.com\/vi\/_y7eYsubDqs\/hqdefault.jpg\" \/><meta itemprop=\"embedURL\" content=\"https:\/\/www.youtube.com\/embed\/_y7eYsubDqs\" \/><meta itemprop=\"duration\" content=\"PT56S\" \/><meta itemprop=\"uploadDate\" content=\"2022-02-18T21:26:30Z\" \/><\/div><div id=\"lyte__y7eYsubDqs\" data-src=\"https:\/\/i.ytimg.com\/vi\/_y7eYsubDqs\/hqdefault.jpg\" class=\"pL\"><div class=\"tC\"><div class=\"tT\" itemprop=\"name\">Alevalen presenta su nueva propuesta musical con imponente concierto en Maracaibo<\/div><\/div><div class=\"play\"><\/div><div class=\"ctrl\"><div class=\"Lctrl\"><\/div><div class=\"Rctrl\"><\/div><\/div><\/div><noscript><a href=\"https:\/\/youtu.be\/_y7eYsubDqs\" rel=\"nofollow\"><img loading=\"lazy\" decoding=\"async\" src=\"https:\/\/i.ytimg.com\/vi\/_y7eYsubDqs\/0.jpg\" alt=\"Alevalen presenta su nueva propuesta musical con imponente concierto en Maracaibo\" width=\"640\" height=\"340\" \/><br \/>Ver este video en YouTube<\/a><\/noscript><meta itemprop=\"description\" content=\"La s\u00faper talentosa maracaibera dispens\u00f3 minutos antes de su espectacular musical, un ameno encuentro con la prensa zuliana en la sala baja del Teatro Baralt. Leer aqu\u00ed: https:\/\/digital58.com.ve\/site\/2022\/02\/18\/alevalen-presenta-su-nueva-propuesta-musical-con-imponente-concierto-en-maracaibo\/\"><\/div><\/div><div class=\"lL\" style=\"max-width:100%;width:640px;margin:5px auto;\"><\/div><\/p>\n<p><strong>Redacci\u00f3n ND58<\/strong><br \/>\n<strong>Edici\u00f3n: Villasmil, Henry<\/strong><br \/>\n<strong>Gr\u00e1ficas: @villasmilhfoto<\/strong><\/p>\n<p>&nbsp;<\/p>\n<p>&nbsp;<\/p>\n<p>&nbsp;<\/p>\n<p>&nbsp;<\/p>\n<p>&nbsp;<\/p>\n<p>&nbsp;<\/p>\n<p>&nbsp;<\/p>\n<p>&nbsp;<\/p>\n<p>&nbsp;<\/p><div class=\"zjulc69efe240927ad\" ><p style=\"text-align: center;\"><a href=\"https:\/\/t.me\/noticiasdigital58\" target=\"_blank\" rel=\"noopener\"><img class=\"aligncenter size-full wp-image-125363\" src=\"https:\/\/digital58.com.ve\/site\/wp-content\/uploads\/2021\/04\/banner-telegram-web-2021.png\" alt=\"\" width=\"600\" height=\"90\" \/><\/a><\/p><\/div><style type=\"text\/css\">\r\n@media screen and (min-width: 1201px) {\r\n.zjulc69efe240927ad {\r\ndisplay: block;\r\n}\r\n}\r\n@media screen and (min-width: 993px) and (max-width: 1200px) {\r\n.zjulc69efe240927ad {\r\ndisplay: block;\r\n}\r\n}\r\n@media screen and (min-width: 769px) and (max-width: 992px) {\r\n.zjulc69efe240927ad {\r\ndisplay: block;\r\n}\r\n}\r\n@media screen and (min-width: 768px) and (max-width: 768px) {\r\n.zjulc69efe240927ad {\r\ndisplay: block;\r\n}\r\n}\r\n@media screen and (max-width: 767px) {\r\n.zjulc69efe240927ad {\r\ndisplay: block;\r\n}\r\n}\r\n<\/style>\r\n\n<p>&nbsp;<\/p>\n<div class=\"notranslate\" style=\"all: initial;\"><\/div>\n<div style=\"margin-top: 0px; margin-bottom: 0px;\" class=\"sharethis-inline-share-buttons\" ><\/div>","protected":false},"excerpt":{"rendered":"<p>La s\u00faper talentosa maracaibera dispens\u00f3 minutos antes de su espectaculo musical, un ameno encuentro con la prensa zuliana en la<\/p>\n","protected":false},"author":1,"featured_media":148956,"comment_status":"open","ping_status":"closed","sticky":false,"template":"","format":"standard","meta":{"colormag_page_container_layout":"default_layout","colormag_page_sidebar_layout":"default_layout","_uag_custom_page_level_css":"","footnotes":""},"categories":[5414],"tags":[17568,78,50,3044,25822,2759,73,61,233,97,32,761],"class_list":["post-148950","post","type-post","status-publish","format-standard","has-post-thumbnail","hentry","category-talento_nacional","tag-alevalen","tag-cantantes","tag-entretenimiento","tag-genero-urbano","tag-lanzamiento-musicales","tag-mala-fama","tag-maracaibo","tag-musica","tag-nacionales","tag-teatro-baralt","tag-venezuela","tag-zulia"],"yoast_head":"<!-- This site is optimized with the Yoast SEO plugin v27.4 - https:\/\/yoast.com\/product\/yoast-seo-wordpress\/ -->\n<title>Alevalen presenta su nueva propuesta musical con imponente concierto en Maracaibo<\/title>\n<meta name=\"description\" content=\"Talento Nacional\" \/>\n<meta name=\"robots\" content=\"index, follow, max-snippet:-1, max-image-preview:large, max-video-preview:-1\" \/>\n<link rel=\"canonical\" href=\"https:\/\/digital58.com.ve\/site\/2022\/02\/18\/alevalen-presenta-su-nueva-propuesta-musical-con-imponente-concierto-en-maracaibo\/\" \/>\n<meta property=\"og:locale\" content=\"es_ES\" \/>\n<meta property=\"og:type\" content=\"article\" \/>\n<meta property=\"og:title\" content=\"Alevalen presenta su nueva propuesta musical con imponente concierto en Maracaibo\" \/>\n<meta property=\"og:description\" content=\"Talento Nacional\" \/>\n<meta property=\"og:url\" content=\"https:\/\/digital58.com.ve\/site\/2022\/02\/18\/alevalen-presenta-su-nueva-propuesta-musical-con-imponente-concierto-en-maracaibo\/\" \/>\n<meta property=\"og:site_name\" content=\"Noticias Digital58\" \/>\n<meta property=\"article:published_time\" content=\"2022-02-18T21:39:35+00:00\" \/>\n<meta property=\"article:modified_time\" content=\"2022-02-18T21:40:57+00:00\" \/>\n<meta property=\"og:image\" content=\"https:\/\/digital58.com.ve\/site\/wp-content\/uploads\/2022\/02\/ale-2.jpg\" \/>\n\t<meta property=\"og:image:width\" content=\"900\" \/>\n\t<meta property=\"og:image:height\" content=\"602\" \/>\n\t<meta property=\"og:image:type\" content=\"image\/jpeg\" \/>\n<meta name=\"author\" content=\"Villasmil Henry\" \/>\n<meta name=\"twitter:card\" content=\"summary_large_image\" \/>\n<meta name=\"twitter:creator\" content=\"@https:\/\/twitter.com\/villasmilhfoto\" \/>\n<meta name=\"twitter:site\" content=\"@villasmilhfoto\" \/>\n<meta name=\"twitter:label1\" content=\"Escrito por\" \/>\n\t<meta name=\"twitter:data1\" content=\"Villasmil Henry\" \/>\n\t<meta name=\"twitter:label2\" content=\"Tiempo estimado de lectura\" \/>\n\t<meta name=\"twitter:data2\" content=\"5 minutos\" \/>\n<script type=\"application\/ld+json\" class=\"yoast-schema-graph\">{\"@context\":\"https:\\\/\\\/schema.org\",\"@graph\":[{\"@type\":\"Article\",\"@id\":\"https:\\\/\\\/digital58.com.ve\\\/site\\\/2022\\\/02\\\/18\\\/alevalen-presenta-su-nueva-propuesta-musical-con-imponente-concierto-en-maracaibo\\\/#article\",\"isPartOf\":{\"@id\":\"https:\\\/\\\/digital58.com.ve\\\/site\\\/2022\\\/02\\\/18\\\/alevalen-presenta-su-nueva-propuesta-musical-con-imponente-concierto-en-maracaibo\\\/\"},\"author\":{\"name\":\"Villasmil Henry\",\"@id\":\"https:\\\/\\\/digital58.com.ve\\\/site\\\/#\\\/schema\\\/person\\\/64d1c2e4d0d4fd1b849980c4331c2951\"},\"headline\":\"Alevalen presenta su nueva propuesta musical con imponente concierto en Maracaibo\",\"datePublished\":\"2022-02-18T21:39:35+00:00\",\"dateModified\":\"2022-02-18T21:40:57+00:00\",\"mainEntityOfPage\":{\"@id\":\"https:\\\/\\\/digital58.com.ve\\\/site\\\/2022\\\/02\\\/18\\\/alevalen-presenta-su-nueva-propuesta-musical-con-imponente-concierto-en-maracaibo\\\/\"},\"wordCount\":639,\"commentCount\":0,\"publisher\":{\"@id\":\"https:\\\/\\\/digital58.com.ve\\\/site\\\/#\\\/schema\\\/person\\\/64d1c2e4d0d4fd1b849980c4331c2951\"},\"image\":{\"@id\":\"https:\\\/\\\/digital58.com.ve\\\/site\\\/2022\\\/02\\\/18\\\/alevalen-presenta-su-nueva-propuesta-musical-con-imponente-concierto-en-maracaibo\\\/#primaryimage\"},\"thumbnailUrl\":\"https:\\\/\\\/digital58.com.ve\\\/site\\\/wp-content\\\/uploads\\\/2022\\\/02\\\/ale-2.jpg\",\"keywords\":[\"Alevalen\",\"Cantantes\",\"Entretenimiento\",\"G\u00e9nero Urbano\",\"Lanzamiento musicales\",\"Mala Fama\",\"Maracaibo\",\"M\u00fasica\",\"Nacionales\",\"Teatro Baralt\",\"Venezuela\",\"Zulia\"],\"articleSection\":[\"Talento Nacional\"],\"inLanguage\":\"es\",\"potentialAction\":[{\"@type\":\"CommentAction\",\"name\":\"Comment\",\"target\":[\"https:\\\/\\\/digital58.com.ve\\\/site\\\/2022\\\/02\\\/18\\\/alevalen-presenta-su-nueva-propuesta-musical-con-imponente-concierto-en-maracaibo\\\/#respond\"]}]},{\"@type\":\"WebPage\",\"@id\":\"https:\\\/\\\/digital58.com.ve\\\/site\\\/2022\\\/02\\\/18\\\/alevalen-presenta-su-nueva-propuesta-musical-con-imponente-concierto-en-maracaibo\\\/\",\"url\":\"https:\\\/\\\/digital58.com.ve\\\/site\\\/2022\\\/02\\\/18\\\/alevalen-presenta-su-nueva-propuesta-musical-con-imponente-concierto-en-maracaibo\\\/\",\"name\":\"Alevalen presenta su nueva propuesta musical con imponente concierto en Maracaibo\",\"isPartOf\":{\"@id\":\"https:\\\/\\\/digital58.com.ve\\\/site\\\/#website\"},\"primaryImageOfPage\":{\"@id\":\"https:\\\/\\\/digital58.com.ve\\\/site\\\/2022\\\/02\\\/18\\\/alevalen-presenta-su-nueva-propuesta-musical-con-imponente-concierto-en-maracaibo\\\/#primaryimage\"},\"image\":{\"@id\":\"https:\\\/\\\/digital58.com.ve\\\/site\\\/2022\\\/02\\\/18\\\/alevalen-presenta-su-nueva-propuesta-musical-con-imponente-concierto-en-maracaibo\\\/#primaryimage\"},\"thumbnailUrl\":\"https:\\\/\\\/digital58.com.ve\\\/site\\\/wp-content\\\/uploads\\\/2022\\\/02\\\/ale-2.jpg\",\"datePublished\":\"2022-02-18T21:39:35+00:00\",\"dateModified\":\"2022-02-18T21:40:57+00:00\",\"description\":\"Talento Nacional\",\"breadcrumb\":{\"@id\":\"https:\\\/\\\/digital58.com.ve\\\/site\\\/2022\\\/02\\\/18\\\/alevalen-presenta-su-nueva-propuesta-musical-con-imponente-concierto-en-maracaibo\\\/#breadcrumb\"},\"inLanguage\":\"es\",\"potentialAction\":[{\"@type\":\"ReadAction\",\"target\":[\"https:\\\/\\\/digital58.com.ve\\\/site\\\/2022\\\/02\\\/18\\\/alevalen-presenta-su-nueva-propuesta-musical-con-imponente-concierto-en-maracaibo\\\/\"]}]},{\"@type\":\"ImageObject\",\"inLanguage\":\"es\",\"@id\":\"https:\\\/\\\/digital58.com.ve\\\/site\\\/2022\\\/02\\\/18\\\/alevalen-presenta-su-nueva-propuesta-musical-con-imponente-concierto-en-maracaibo\\\/#primaryimage\",\"url\":\"https:\\\/\\\/digital58.com.ve\\\/site\\\/wp-content\\\/uploads\\\/2022\\\/02\\\/ale-2.jpg\",\"contentUrl\":\"https:\\\/\\\/digital58.com.ve\\\/site\\\/wp-content\\\/uploads\\\/2022\\\/02\\\/ale-2.jpg\",\"width\":900,\"height\":602},{\"@type\":\"BreadcrumbList\",\"@id\":\"https:\\\/\\\/digital58.com.ve\\\/site\\\/2022\\\/02\\\/18\\\/alevalen-presenta-su-nueva-propuesta-musical-con-imponente-concierto-en-maracaibo\\\/#breadcrumb\",\"itemListElement\":[{\"@type\":\"ListItem\",\"position\":1,\"name\":\"Home\",\"item\":\"https:\\\/\\\/digital58.com.ve\\\/site\\\/\"},{\"@type\":\"ListItem\",\"position\":2,\"name\":\"Alevalen presenta su nueva propuesta musical con imponente concierto en Maracaibo\"}]},{\"@type\":\"WebSite\",\"@id\":\"https:\\\/\\\/digital58.com.ve\\\/site\\\/#website\",\"url\":\"https:\\\/\\\/digital58.com.ve\\\/site\\\/\",\"name\":\"Noticias Digital58\",\"description\":\"Portal de Noticias \u00a1Periodismo web de verdad! Lanzamiento web 22.11.2005 \\\/ Maracaibo, Venezuela\",\"publisher\":{\"@id\":\"https:\\\/\\\/digital58.com.ve\\\/site\\\/#\\\/schema\\\/person\\\/64d1c2e4d0d4fd1b849980c4331c2951\"},\"alternateName\":\"ND58\",\"potentialAction\":[{\"@type\":\"SearchAction\",\"target\":{\"@type\":\"EntryPoint\",\"urlTemplate\":\"https:\\\/\\\/digital58.com.ve\\\/site\\\/?s={search_term_string}\"},\"query-input\":{\"@type\":\"PropertyValueSpecification\",\"valueRequired\":true,\"valueName\":\"search_term_string\"}}],\"inLanguage\":\"es\"},{\"@type\":[\"Person\",\"Organization\"],\"@id\":\"https:\\\/\\\/digital58.com.ve\\\/site\\\/#\\\/schema\\\/person\\\/64d1c2e4d0d4fd1b849980c4331c2951\",\"name\":\"Villasmil Henry\",\"image\":{\"@type\":\"ImageObject\",\"inLanguage\":\"es\",\"@id\":\"https:\\\/\\\/secure.gravatar.com\\\/avatar\\\/bb0c4a2fcb7970138239f7e404ea75757b1b507b28b5ce4c53fbd62d797c5a7c?s=96&d=mm&r=g\",\"url\":\"https:\\\/\\\/secure.gravatar.com\\\/avatar\\\/bb0c4a2fcb7970138239f7e404ea75757b1b507b28b5ce4c53fbd62d797c5a7c?s=96&d=mm&r=g\",\"contentUrl\":\"https:\\\/\\\/secure.gravatar.com\\\/avatar\\\/bb0c4a2fcb7970138239f7e404ea75757b1b507b28b5ce4c53fbd62d797c5a7c?s=96&d=mm&r=g\",\"caption\":\"Villasmil Henry\"},\"logo\":{\"@id\":\"https:\\\/\\\/secure.gravatar.com\\\/avatar\\\/bb0c4a2fcb7970138239f7e404ea75757b1b507b28b5ce4c53fbd62d797c5a7c?s=96&d=mm&r=g\"},\"sameAs\":[\"http:\\\/\\\/www.henryvillasmil.com.ve\",\"https:\\\/\\\/www.instagram.com\\\/villasmilhfoto\\\/\",\"https:\\\/\\\/x.com\\\/https:\\\/\\\/twitter.com\\\/villasmilhfoto\"],\"url\":\"https:\\\/\\\/digital58.com.ve\\\/site\\\/author\\\/droopy_68\\\/\"}]}<\/script>\n<!-- \/ Yoast SEO plugin. -->","yoast_head_json":{"title":"Alevalen presenta su nueva propuesta musical con imponente concierto en Maracaibo","description":"Talento Nacional","robots":{"index":"index","follow":"follow","max-snippet":"max-snippet:-1","max-image-preview":"max-image-preview:large","max-video-preview":"max-video-preview:-1"},"canonical":"https:\/\/digital58.com.ve\/site\/2022\/02\/18\/alevalen-presenta-su-nueva-propuesta-musical-con-imponente-concierto-en-maracaibo\/","og_locale":"es_ES","og_type":"article","og_title":"Alevalen presenta su nueva propuesta musical con imponente concierto en Maracaibo","og_description":"Talento Nacional","og_url":"https:\/\/digital58.com.ve\/site\/2022\/02\/18\/alevalen-presenta-su-nueva-propuesta-musical-con-imponente-concierto-en-maracaibo\/","og_site_name":"Noticias Digital58","article_published_time":"2022-02-18T21:39:35+00:00","article_modified_time":"2022-02-18T21:40:57+00:00","og_image":[{"width":900,"height":602,"url":"https:\/\/digital58.com.ve\/site\/wp-content\/uploads\/2022\/02\/ale-2.jpg","type":"image\/jpeg"}],"author":"Villasmil Henry","twitter_card":"summary_large_image","twitter_creator":"@https:\/\/twitter.com\/villasmilhfoto","twitter_site":"@villasmilhfoto","twitter_misc":{"Escrito por":"Villasmil Henry","Tiempo estimado de lectura":"5 minutos"},"schema":{"@context":"https:\/\/schema.org","@graph":[{"@type":"Article","@id":"https:\/\/digital58.com.ve\/site\/2022\/02\/18\/alevalen-presenta-su-nueva-propuesta-musical-con-imponente-concierto-en-maracaibo\/#article","isPartOf":{"@id":"https:\/\/digital58.com.ve\/site\/2022\/02\/18\/alevalen-presenta-su-nueva-propuesta-musical-con-imponente-concierto-en-maracaibo\/"},"author":{"name":"Villasmil Henry","@id":"https:\/\/digital58.com.ve\/site\/#\/schema\/person\/64d1c2e4d0d4fd1b849980c4331c2951"},"headline":"Alevalen presenta su nueva propuesta musical con imponente concierto en Maracaibo","datePublished":"2022-02-18T21:39:35+00:00","dateModified":"2022-02-18T21:40:57+00:00","mainEntityOfPage":{"@id":"https:\/\/digital58.com.ve\/site\/2022\/02\/18\/alevalen-presenta-su-nueva-propuesta-musical-con-imponente-concierto-en-maracaibo\/"},"wordCount":639,"commentCount":0,"publisher":{"@id":"https:\/\/digital58.com.ve\/site\/#\/schema\/person\/64d1c2e4d0d4fd1b849980c4331c2951"},"image":{"@id":"https:\/\/digital58.com.ve\/site\/2022\/02\/18\/alevalen-presenta-su-nueva-propuesta-musical-con-imponente-concierto-en-maracaibo\/#primaryimage"},"thumbnailUrl":"https:\/\/digital58.com.ve\/site\/wp-content\/uploads\/2022\/02\/ale-2.jpg","keywords":["Alevalen","Cantantes","Entretenimiento","G\u00e9nero Urbano","Lanzamiento musicales","Mala Fama","Maracaibo","M\u00fasica","Nacionales","Teatro Baralt","Venezuela","Zulia"],"articleSection":["Talento Nacional"],"inLanguage":"es","potentialAction":[{"@type":"CommentAction","name":"Comment","target":["https:\/\/digital58.com.ve\/site\/2022\/02\/18\/alevalen-presenta-su-nueva-propuesta-musical-con-imponente-concierto-en-maracaibo\/#respond"]}]},{"@type":"WebPage","@id":"https:\/\/digital58.com.ve\/site\/2022\/02\/18\/alevalen-presenta-su-nueva-propuesta-musical-con-imponente-concierto-en-maracaibo\/","url":"https:\/\/digital58.com.ve\/site\/2022\/02\/18\/alevalen-presenta-su-nueva-propuesta-musical-con-imponente-concierto-en-maracaibo\/","name":"Alevalen presenta su nueva propuesta musical con imponente concierto en Maracaibo","isPartOf":{"@id":"https:\/\/digital58.com.ve\/site\/#website"},"primaryImageOfPage":{"@id":"https:\/\/digital58.com.ve\/site\/2022\/02\/18\/alevalen-presenta-su-nueva-propuesta-musical-con-imponente-concierto-en-maracaibo\/#primaryimage"},"image":{"@id":"https:\/\/digital58.com.ve\/site\/2022\/02\/18\/alevalen-presenta-su-nueva-propuesta-musical-con-imponente-concierto-en-maracaibo\/#primaryimage"},"thumbnailUrl":"https:\/\/digital58.com.ve\/site\/wp-content\/uploads\/2022\/02\/ale-2.jpg","datePublished":"2022-02-18T21:39:35+00:00","dateModified":"2022-02-18T21:40:57+00:00","description":"Talento Nacional","breadcrumb":{"@id":"https:\/\/digital58.com.ve\/site\/2022\/02\/18\/alevalen-presenta-su-nueva-propuesta-musical-con-imponente-concierto-en-maracaibo\/#breadcrumb"},"inLanguage":"es","potentialAction":[{"@type":"ReadAction","target":["https:\/\/digital58.com.ve\/site\/2022\/02\/18\/alevalen-presenta-su-nueva-propuesta-musical-con-imponente-concierto-en-maracaibo\/"]}]},{"@type":"ImageObject","inLanguage":"es","@id":"https:\/\/digital58.com.ve\/site\/2022\/02\/18\/alevalen-presenta-su-nueva-propuesta-musical-con-imponente-concierto-en-maracaibo\/#primaryimage","url":"https:\/\/digital58.com.ve\/site\/wp-content\/uploads\/2022\/02\/ale-2.jpg","contentUrl":"https:\/\/digital58.com.ve\/site\/wp-content\/uploads\/2022\/02\/ale-2.jpg","width":900,"height":602},{"@type":"BreadcrumbList","@id":"https:\/\/digital58.com.ve\/site\/2022\/02\/18\/alevalen-presenta-su-nueva-propuesta-musical-con-imponente-concierto-en-maracaibo\/#breadcrumb","itemListElement":[{"@type":"ListItem","position":1,"name":"Home","item":"https:\/\/digital58.com.ve\/site\/"},{"@type":"ListItem","position":2,"name":"Alevalen presenta su nueva propuesta musical con imponente concierto en Maracaibo"}]},{"@type":"WebSite","@id":"https:\/\/digital58.com.ve\/site\/#website","url":"https:\/\/digital58.com.ve\/site\/","name":"Noticias Digital58","description":"Portal de Noticias \u00a1Periodismo web de verdad! Lanzamiento web 22.11.2005 \/ Maracaibo, Venezuela","publisher":{"@id":"https:\/\/digital58.com.ve\/site\/#\/schema\/person\/64d1c2e4d0d4fd1b849980c4331c2951"},"alternateName":"ND58","potentialAction":[{"@type":"SearchAction","target":{"@type":"EntryPoint","urlTemplate":"https:\/\/digital58.com.ve\/site\/?s={search_term_string}"},"query-input":{"@type":"PropertyValueSpecification","valueRequired":true,"valueName":"search_term_string"}}],"inLanguage":"es"},{"@type":["Person","Organization"],"@id":"https:\/\/digital58.com.ve\/site\/#\/schema\/person\/64d1c2e4d0d4fd1b849980c4331c2951","name":"Villasmil Henry","image":{"@type":"ImageObject","inLanguage":"es","@id":"https:\/\/secure.gravatar.com\/avatar\/bb0c4a2fcb7970138239f7e404ea75757b1b507b28b5ce4c53fbd62d797c5a7c?s=96&d=mm&r=g","url":"https:\/\/secure.gravatar.com\/avatar\/bb0c4a2fcb7970138239f7e404ea75757b1b507b28b5ce4c53fbd62d797c5a7c?s=96&d=mm&r=g","contentUrl":"https:\/\/secure.gravatar.com\/avatar\/bb0c4a2fcb7970138239f7e404ea75757b1b507b28b5ce4c53fbd62d797c5a7c?s=96&d=mm&r=g","caption":"Villasmil Henry"},"logo":{"@id":"https:\/\/secure.gravatar.com\/avatar\/bb0c4a2fcb7970138239f7e404ea75757b1b507b28b5ce4c53fbd62d797c5a7c?s=96&d=mm&r=g"},"sameAs":["http:\/\/www.henryvillasmil.com.ve","https:\/\/www.instagram.com\/villasmilhfoto\/","https:\/\/x.com\/https:\/\/twitter.com\/villasmilhfoto"],"url":"https:\/\/digital58.com.ve\/site\/author\/droopy_68\/"}]}},"uagb_featured_image_src":{"full":["https:\/\/digital58.com.ve\/site\/wp-content\/uploads\/2022\/02\/ale-2.jpg",900,602,false],"thumbnail":["https:\/\/digital58.com.ve\/site\/wp-content\/uploads\/2022\/02\/ale-2-150x150.jpg",150,150,true],"medium":["https:\/\/digital58.com.ve\/site\/wp-content\/uploads\/2022\/02\/ale-2-300x201.jpg",300,201,true],"medium_large":["https:\/\/digital58.com.ve\/site\/wp-content\/uploads\/2022\/02\/ale-2-768x514.jpg",768,514,true],"large":["https:\/\/digital58.com.ve\/site\/wp-content\/uploads\/2022\/02\/ale-2.jpg",800,535,false],"1536x1536":["https:\/\/digital58.com.ve\/site\/wp-content\/uploads\/2022\/02\/ale-2.jpg",900,602,false],"2048x2048":["https:\/\/digital58.com.ve\/site\/wp-content\/uploads\/2022\/02\/ale-2.jpg",900,602,false],"colormag-highlighted-post":["https:\/\/digital58.com.ve\/site\/wp-content\/uploads\/2022\/02\/ale-2.jpg",392,262,false],"colormag-featured-post-medium":["https:\/\/digital58.com.ve\/site\/wp-content\/uploads\/2022\/02\/ale-2.jpg",306,205,false],"colormag-featured-post-small":["https:\/\/digital58.com.ve\/site\/wp-content\/uploads\/2022\/02\/ale-2.jpg",130,87,false],"colormag-featured-image":["https:\/\/digital58.com.ve\/site\/wp-content\/uploads\/2022\/02\/ale-2.jpg",665,445,false],"colormag-default-news":["https:\/\/digital58.com.ve\/site\/wp-content\/uploads\/2022\/02\/ale-2.jpg",150,100,false],"colormag-featured-image-large":["https:\/\/digital58.com.ve\/site\/wp-content\/uploads\/2022\/02\/ale-2.jpg",897,600,false]},"uagb_author_info":{"display_name":"Villasmil Henry","author_link":"https:\/\/digital58.com.ve\/site\/author\/droopy_68\/"},"uagb_comment_info":0,"uagb_excerpt":"La s\u00faper talentosa maracaibera dispens\u00f3 minutos antes de su espectaculo musical, un ameno encuentro con la prensa zuliana en la","_links":{"self":[{"href":"https:\/\/digital58.com.ve\/site\/wp-json\/wp\/v2\/posts\/148950","targetHints":{"allow":["GET"]}}],"collection":[{"href":"https:\/\/digital58.com.ve\/site\/wp-json\/wp\/v2\/posts"}],"about":[{"href":"https:\/\/digital58.com.ve\/site\/wp-json\/wp\/v2\/types\/post"}],"author":[{"embeddable":true,"href":"https:\/\/digital58.com.ve\/site\/wp-json\/wp\/v2\/users\/1"}],"replies":[{"embeddable":true,"href":"https:\/\/digital58.com.ve\/site\/wp-json\/wp\/v2\/comments?post=148950"}],"version-history":[{"count":0,"href":"https:\/\/digital58.com.ve\/site\/wp-json\/wp\/v2\/posts\/148950\/revisions"}],"wp:featuredmedia":[{"embeddable":true,"href":"https:\/\/digital58.com.ve\/site\/wp-json\/wp\/v2\/media\/148956"}],"wp:attachment":[{"href":"https:\/\/digital58.com.ve\/site\/wp-json\/wp\/v2\/media?parent=148950"}],"wp:term":[{"taxonomy":"category","embeddable":true,"href":"https:\/\/digital58.com.ve\/site\/wp-json\/wp\/v2\/categories?post=148950"},{"taxonomy":"post_tag","embeddable":true,"href":"https:\/\/digital58.com.ve\/site\/wp-json\/wp\/v2\/tags?post=148950"}],"curies":[{"name":"wp","href":"https:\/\/api.w.org\/{rel}","templated":true}]}}