{"id":149183,"date":"2022-02-22T13:25:29","date_gmt":"2022-02-22T17:25:29","guid":{"rendered":"https:\/\/digital58.com.ve\/site\/?p=149183"},"modified":"2022-02-22T13:25:29","modified_gmt":"2022-02-22T17:25:29","slug":"tyson-fury-confirma-pelea-contra-dillian-whyte-por-titulo-de-los-pesos-pesados-del-cmb","status":"publish","type":"post","link":"https:\/\/digital58.com.ve\/site\/2022\/02\/22\/tyson-fury-confirma-pelea-contra-dillian-whyte-por-titulo-de-los-pesos-pesados-del-cmb\/","title":{"rendered":"Tyson Fury confirma pelea contra Dillian Whyte por t\u00edtulo de los pesos pesados del CMB"},"content":{"rendered":"<p><img loading=\"lazy\" decoding=\"async\" class=\"wp-image-149185 aligncenter\" src=\"https:\/\/digital58.com.ve\/site\/wp-content\/uploads\/2022\/02\/Tyson-Fury-300x165.jpg\" alt=\"\" width=\"757\" height=\"416\" srcset=\"https:\/\/digital58.com.ve\/site\/wp-content\/uploads\/2022\/02\/Tyson-Fury-300x165.jpg 300w, https:\/\/digital58.com.ve\/site\/wp-content\/uploads\/2022\/02\/Tyson-Fury-1000x550.jpg 1000w, https:\/\/digital58.com.ve\/site\/wp-content\/uploads\/2022\/02\/Tyson-Fury-768x422.jpg 768w, https:\/\/digital58.com.ve\/site\/wp-content\/uploads\/2022\/02\/Tyson-Fury.jpg 900w\" sizes=\"auto, (max-width: 757px) 100vw, 757px\" \/><\/p>\n<p>Se espera que el combate tenga lugar el pr\u00f3ximo 23 de abril en el estadio de Wembley, en Londres<\/p>\n<p><strong>Inglaterra, 22 de febrero de 2022 (ND58).-<\/strong> El boxeador brit\u00e1nico Dillian Whyte firm\u00f3 este lunes pocas horas antes de la fecha l\u00edmite el contrato para la pelea por el t\u00edtulo de los pesos pesados del Consejo Mundial de Boxeo (CMB), que defiende su compatriota y campe\u00f3n invicto Tyson Fury, seg\u00fan informaron a ESPN fuentes cercanas al asunto.<\/p>\n<p>Aunque faltan por solucionar algunos flecos relacionados con el documento, la firma de Whyte pone fin a semanas de incertidumbre y meses de largas negociaciones.<\/p>\n<p>En enero, la empresa copromotora de Fury, Queensberry Promotions, se hizo con los derechos del combate con un compromiso de m\u00e1s de 41 millones de d\u00f3lares.<\/p>\n<p>El \u00abrey gitano\u00bb tiene derecho a embolsarse m\u00e1s de 29,5 millones de d\u00f3lares, mientras que &#8216;Bodysnatcher&#8217; cobrar\u00e1 m\u00e1s de 7,3 millones. Adem\u00e1s, el ganador recibir\u00e1 una bonificaci\u00f3n de unos 4,1 millones de d\u00f3lares.<\/p>\n<p>&nbsp;<\/p><div class=\"paxea69eef80153c9d\" ><p style=\"text-align: center;\"><a href=\"https:\/\/t.me\/noticiasdigital58\" target=\"_blank\" rel=\"noopener\"><img class=\"aligncenter size-full wp-image-125363\" src=\"https:\/\/digital58.com.ve\/site\/wp-content\/uploads\/2021\/04\/banner-telegram-web-2021.png\" alt=\"\" width=\"600\" height=\"90\" \/><\/a><\/p><\/div><style type=\"text\/css\">\r\n@media screen and (min-width: 1201px) {\r\n.paxea69eef80153c9d {\r\ndisplay: block;\r\n}\r\n}\r\n@media screen and (min-width: 993px) and (max-width: 1200px) {\r\n.paxea69eef80153c9d {\r\ndisplay: block;\r\n}\r\n}\r\n@media screen and (min-width: 769px) and (max-width: 992px) {\r\n.paxea69eef80153c9d {\r\ndisplay: block;\r\n}\r\n}\r\n@media screen and (min-width: 768px) and (max-width: 768px) {\r\n.paxea69eef80153c9d {\r\ndisplay: block;\r\n}\r\n}\r\n@media screen and (max-width: 767px) {\r\n.paxea69eef80153c9d {\r\ndisplay: block;\r\n}\r\n}\r\n<\/style>\r\n\n<p><strong>Redacci\u00f3n ND58\/Infante, V\u00edctor | Fuente: Agencia<\/strong><br \/>\n<strong>Edici\u00f3n: Villasmil, Henry<\/strong><br \/>\n<strong>Gr\u00e1fica: Cortes\u00eda<\/strong><\/p>\n<div style=\"margin-top: 0px; margin-bottom: 0px;\" class=\"sharethis-inline-share-buttons\" ><\/div>","protected":false},"excerpt":{"rendered":"<p>Se espera que el combate tenga lugar el pr\u00f3ximo 23 de abril en el estadio de Wembley, en Londres Inglaterra,<\/p>\n","protected":false},"author":40,"featured_media":149184,"comment_status":"open","ping_status":"closed","sticky":false,"template":"","format":"standard","meta":{"colormag_page_container_layout":"default_layout","colormag_page_sidebar_layout":"default_layout","_uag_custom_page_level_css":"","footnotes":""},"categories":[5402],"tags":[27500,340,27502,6659,27501,113,8,13591],"class_list":["post-149183","post","type-post","status-publish","format-standard","has-post-thumbnail","hentry","category-deportes","tag-boxeadores","tag-boxeo","tag-campeon-mundial","tag-cmb","tag-dillian-whyte","tag-inglaterra","tag-internacionales","tag-tyson-fury"],"yoast_head":"<!-- This site is optimized with the Yoast SEO plugin v27.4 - https:\/\/yoast.com\/product\/yoast-seo-wordpress\/ -->\n<title>Tyson Fury confirma pelea contra Dillian Whyte por t\u00edtulo de los pesos pesados del CMB<\/title>\n<meta name=\"description\" content=\"Deportes\" \/>\n<meta name=\"robots\" content=\"index, follow, max-snippet:-1, max-image-preview:large, max-video-preview:-1\" \/>\n<link rel=\"canonical\" href=\"https:\/\/digital58.com.ve\/site\/2022\/02\/22\/tyson-fury-confirma-pelea-contra-dillian-whyte-por-titulo-de-los-pesos-pesados-del-cmb\/\" \/>\n<meta property=\"og:locale\" content=\"es_ES\" \/>\n<meta property=\"og:type\" content=\"article\" \/>\n<meta property=\"og:title\" content=\"Tyson Fury confirma pelea contra Dillian Whyte por t\u00edtulo de los pesos pesados del CMB\" \/>\n<meta property=\"og:description\" content=\"Deportes\" \/>\n<meta property=\"og:url\" content=\"https:\/\/digital58.com.ve\/site\/2022\/02\/22\/tyson-fury-confirma-pelea-contra-dillian-whyte-por-titulo-de-los-pesos-pesados-del-cmb\/\" \/>\n<meta property=\"og:site_name\" content=\"Noticias Digital58\" \/>\n<meta property=\"article:published_time\" content=\"2022-02-22T17:25:29+00:00\" \/>\n<meta property=\"og:image\" content=\"https:\/\/digital58.com.ve\/site\/wp-content\/uploads\/2022\/02\/Tyson-Fury-Boxeador.jpg\" \/>\n\t<meta property=\"og:image:width\" content=\"1104\" \/>\n\t<meta property=\"og:image:height\" content=\"622\" \/>\n\t<meta property=\"og:image:type\" content=\"image\/jpeg\" \/>\n<meta name=\"author\" content=\"Victor Infante\" \/>\n<meta name=\"twitter:card\" content=\"summary_large_image\" \/>\n<meta name=\"twitter:creator\" content=\"@Digital_58\" \/>\n<meta name=\"twitter:site\" content=\"@villasmilhfoto\" \/>\n<meta name=\"twitter:label1\" content=\"Escrito por\" \/>\n\t<meta name=\"twitter:data1\" content=\"Victor Infante\" \/>\n\t<meta name=\"twitter:label2\" content=\"Tiempo estimado de lectura\" \/>\n\t<meta name=\"twitter:data2\" content=\"1 minuto\" \/>\n<script type=\"application\/ld+json\" class=\"yoast-schema-graph\">{\"@context\":\"https:\\\/\\\/schema.org\",\"@graph\":[{\"@type\":\"Article\",\"@id\":\"https:\\\/\\\/digital58.com.ve\\\/site\\\/2022\\\/02\\\/22\\\/tyson-fury-confirma-pelea-contra-dillian-whyte-por-titulo-de-los-pesos-pesados-del-cmb\\\/#article\",\"isPartOf\":{\"@id\":\"https:\\\/\\\/digital58.com.ve\\\/site\\\/2022\\\/02\\\/22\\\/tyson-fury-confirma-pelea-contra-dillian-whyte-por-titulo-de-los-pesos-pesados-del-cmb\\\/\"},\"author\":{\"name\":\"Victor Infante\",\"@id\":\"https:\\\/\\\/digital58.com.ve\\\/site\\\/#\\\/schema\\\/person\\\/7c2c83fb27249d7c6f59c30c7f141381\"},\"headline\":\"Tyson Fury confirma pelea contra Dillian Whyte por t\u00edtulo de los pesos pesados del CMB\",\"datePublished\":\"2022-02-22T17:25:29+00:00\",\"mainEntityOfPage\":{\"@id\":\"https:\\\/\\\/digital58.com.ve\\\/site\\\/2022\\\/02\\\/22\\\/tyson-fury-confirma-pelea-contra-dillian-whyte-por-titulo-de-los-pesos-pesados-del-cmb\\\/\"},\"wordCount\":201,\"commentCount\":0,\"publisher\":{\"@id\":\"https:\\\/\\\/digital58.com.ve\\\/site\\\/#\\\/schema\\\/person\\\/64d1c2e4d0d4fd1b849980c4331c2951\"},\"image\":{\"@id\":\"https:\\\/\\\/digital58.com.ve\\\/site\\\/2022\\\/02\\\/22\\\/tyson-fury-confirma-pelea-contra-dillian-whyte-por-titulo-de-los-pesos-pesados-del-cmb\\\/#primaryimage\"},\"thumbnailUrl\":\"https:\\\/\\\/digital58.com.ve\\\/site\\\/wp-content\\\/uploads\\\/2022\\\/02\\\/Tyson-Fury-Boxeador.jpg\",\"keywords\":[\"Boxeadores\",\"Boxeo\",\"Campe\u00f3n Mundial\",\"CMB\",\"Dillian Whyte\",\"Inglaterra\",\"Internacionales\",\"Tyson Fury\"],\"articleSection\":[\"Deportes\"],\"inLanguage\":\"es\",\"potentialAction\":[{\"@type\":\"CommentAction\",\"name\":\"Comment\",\"target\":[\"https:\\\/\\\/digital58.com.ve\\\/site\\\/2022\\\/02\\\/22\\\/tyson-fury-confirma-pelea-contra-dillian-whyte-por-titulo-de-los-pesos-pesados-del-cmb\\\/#respond\"]}]},{\"@type\":\"WebPage\",\"@id\":\"https:\\\/\\\/digital58.com.ve\\\/site\\\/2022\\\/02\\\/22\\\/tyson-fury-confirma-pelea-contra-dillian-whyte-por-titulo-de-los-pesos-pesados-del-cmb\\\/\",\"url\":\"https:\\\/\\\/digital58.com.ve\\\/site\\\/2022\\\/02\\\/22\\\/tyson-fury-confirma-pelea-contra-dillian-whyte-por-titulo-de-los-pesos-pesados-del-cmb\\\/\",\"name\":\"Tyson Fury confirma pelea contra Dillian Whyte por t\u00edtulo de los pesos pesados del CMB\",\"isPartOf\":{\"@id\":\"https:\\\/\\\/digital58.com.ve\\\/site\\\/#website\"},\"primaryImageOfPage\":{\"@id\":\"https:\\\/\\\/digital58.com.ve\\\/site\\\/2022\\\/02\\\/22\\\/tyson-fury-confirma-pelea-contra-dillian-whyte-por-titulo-de-los-pesos-pesados-del-cmb\\\/#primaryimage\"},\"image\":{\"@id\":\"https:\\\/\\\/digital58.com.ve\\\/site\\\/2022\\\/02\\\/22\\\/tyson-fury-confirma-pelea-contra-dillian-whyte-por-titulo-de-los-pesos-pesados-del-cmb\\\/#primaryimage\"},\"thumbnailUrl\":\"https:\\\/\\\/digital58.com.ve\\\/site\\\/wp-content\\\/uploads\\\/2022\\\/02\\\/Tyson-Fury-Boxeador.jpg\",\"datePublished\":\"2022-02-22T17:25:29+00:00\",\"description\":\"Deportes\",\"breadcrumb\":{\"@id\":\"https:\\\/\\\/digital58.com.ve\\\/site\\\/2022\\\/02\\\/22\\\/tyson-fury-confirma-pelea-contra-dillian-whyte-por-titulo-de-los-pesos-pesados-del-cmb\\\/#breadcrumb\"},\"inLanguage\":\"es\",\"potentialAction\":[{\"@type\":\"ReadAction\",\"target\":[\"https:\\\/\\\/digital58.com.ve\\\/site\\\/2022\\\/02\\\/22\\\/tyson-fury-confirma-pelea-contra-dillian-whyte-por-titulo-de-los-pesos-pesados-del-cmb\\\/\"]}]},{\"@type\":\"ImageObject\",\"inLanguage\":\"es\",\"@id\":\"https:\\\/\\\/digital58.com.ve\\\/site\\\/2022\\\/02\\\/22\\\/tyson-fury-confirma-pelea-contra-dillian-whyte-por-titulo-de-los-pesos-pesados-del-cmb\\\/#primaryimage\",\"url\":\"https:\\\/\\\/digital58.com.ve\\\/site\\\/wp-content\\\/uploads\\\/2022\\\/02\\\/Tyson-Fury-Boxeador.jpg\",\"contentUrl\":\"https:\\\/\\\/digital58.com.ve\\\/site\\\/wp-content\\\/uploads\\\/2022\\\/02\\\/Tyson-Fury-Boxeador.jpg\",\"width\":900,\"height\":507},{\"@type\":\"BreadcrumbList\",\"@id\":\"https:\\\/\\\/digital58.com.ve\\\/site\\\/2022\\\/02\\\/22\\\/tyson-fury-confirma-pelea-contra-dillian-whyte-por-titulo-de-los-pesos-pesados-del-cmb\\\/#breadcrumb\",\"itemListElement\":[{\"@type\":\"ListItem\",\"position\":1,\"name\":\"Home\",\"item\":\"https:\\\/\\\/digital58.com.ve\\\/site\\\/\"},{\"@type\":\"ListItem\",\"position\":2,\"name\":\"Tyson Fury confirma pelea contra Dillian Whyte por t\u00edtulo de los pesos pesados del CMB\"}]},{\"@type\":\"WebSite\",\"@id\":\"https:\\\/\\\/digital58.com.ve\\\/site\\\/#website\",\"url\":\"https:\\\/\\\/digital58.com.ve\\\/site\\\/\",\"name\":\"Noticias Digital58\",\"description\":\"Portal de Noticias \u00a1Periodismo web de verdad! Lanzamiento web 22.11.2005 \\\/ Maracaibo, Venezuela\",\"publisher\":{\"@id\":\"https:\\\/\\\/digital58.com.ve\\\/site\\\/#\\\/schema\\\/person\\\/64d1c2e4d0d4fd1b849980c4331c2951\"},\"alternateName\":\"ND58\",\"potentialAction\":[{\"@type\":\"SearchAction\",\"target\":{\"@type\":\"EntryPoint\",\"urlTemplate\":\"https:\\\/\\\/digital58.com.ve\\\/site\\\/?s={search_term_string}\"},\"query-input\":{\"@type\":\"PropertyValueSpecification\",\"valueRequired\":true,\"valueName\":\"search_term_string\"}}],\"inLanguage\":\"es\"},{\"@type\":[\"Person\",\"Organization\"],\"@id\":\"https:\\\/\\\/digital58.com.ve\\\/site\\\/#\\\/schema\\\/person\\\/64d1c2e4d0d4fd1b849980c4331c2951\",\"name\":\"Villasmil Henry\",\"image\":{\"@type\":\"ImageObject\",\"inLanguage\":\"es\",\"@id\":\"https:\\\/\\\/secure.gravatar.com\\\/avatar\\\/bb0c4a2fcb7970138239f7e404ea75757b1b507b28b5ce4c53fbd62d797c5a7c?s=96&d=mm&r=g\",\"url\":\"https:\\\/\\\/secure.gravatar.com\\\/avatar\\\/bb0c4a2fcb7970138239f7e404ea75757b1b507b28b5ce4c53fbd62d797c5a7c?s=96&d=mm&r=g\",\"contentUrl\":\"https:\\\/\\\/secure.gravatar.com\\\/avatar\\\/bb0c4a2fcb7970138239f7e404ea75757b1b507b28b5ce4c53fbd62d797c5a7c?s=96&d=mm&r=g\",\"caption\":\"Villasmil Henry\"},\"logo\":{\"@id\":\"https:\\\/\\\/secure.gravatar.com\\\/avatar\\\/bb0c4a2fcb7970138239f7e404ea75757b1b507b28b5ce4c53fbd62d797c5a7c?s=96&d=mm&r=g\"},\"sameAs\":[\"http:\\\/\\\/www.henryvillasmil.com.ve\",\"https:\\\/\\\/www.instagram.com\\\/villasmilhfoto\\\/\",\"https:\\\/\\\/x.com\\\/https:\\\/\\\/twitter.com\\\/villasmilhfoto\"]},{\"@type\":\"Person\",\"@id\":\"https:\\\/\\\/digital58.com.ve\\\/site\\\/#\\\/schema\\\/person\\\/7c2c83fb27249d7c6f59c30c7f141381\",\"name\":\"Victor Infante\",\"image\":{\"@type\":\"ImageObject\",\"inLanguage\":\"es\",\"@id\":\"https:\\\/\\\/secure.gravatar.com\\\/avatar\\\/106ae6d84ee67222a78df20df89da71bb5069c89d1fd27272140999a3f842596?s=96&d=mm&r=g\",\"url\":\"https:\\\/\\\/secure.gravatar.com\\\/avatar\\\/106ae6d84ee67222a78df20df89da71bb5069c89d1fd27272140999a3f842596?s=96&d=mm&r=g\",\"contentUrl\":\"https:\\\/\\\/secure.gravatar.com\\\/avatar\\\/106ae6d84ee67222a78df20df89da71bb5069c89d1fd27272140999a3f842596?s=96&d=mm&r=g\",\"caption\":\"Victor Infante\"},\"url\":\"https:\\\/\\\/digital58.com.ve\\\/site\\\/author\\\/vinfante22\\\/\"}]}<\/script>\n<!-- \/ Yoast SEO plugin. -->","yoast_head_json":{"title":"Tyson Fury confirma pelea contra Dillian Whyte por t\u00edtulo de los pesos pesados del CMB","description":"Deportes","robots":{"index":"index","follow":"follow","max-snippet":"max-snippet:-1","max-image-preview":"max-image-preview:large","max-video-preview":"max-video-preview:-1"},"canonical":"https:\/\/digital58.com.ve\/site\/2022\/02\/22\/tyson-fury-confirma-pelea-contra-dillian-whyte-por-titulo-de-los-pesos-pesados-del-cmb\/","og_locale":"es_ES","og_type":"article","og_title":"Tyson Fury confirma pelea contra Dillian Whyte por t\u00edtulo de los pesos pesados del CMB","og_description":"Deportes","og_url":"https:\/\/digital58.com.ve\/site\/2022\/02\/22\/tyson-fury-confirma-pelea-contra-dillian-whyte-por-titulo-de-los-pesos-pesados-del-cmb\/","og_site_name":"Noticias Digital58","article_published_time":"2022-02-22T17:25:29+00:00","og_image":[{"width":1104,"height":622,"url":"https:\/\/digital58.com.ve\/site\/wp-content\/uploads\/2022\/02\/Tyson-Fury-Boxeador.jpg","type":"image\/jpeg"}],"author":"Victor Infante","twitter_card":"summary_large_image","twitter_creator":"@Digital_58","twitter_site":"@villasmilhfoto","twitter_misc":{"Escrito por":"Victor Infante","Tiempo estimado de lectura":"1 minuto"},"schema":{"@context":"https:\/\/schema.org","@graph":[{"@type":"Article","@id":"https:\/\/digital58.com.ve\/site\/2022\/02\/22\/tyson-fury-confirma-pelea-contra-dillian-whyte-por-titulo-de-los-pesos-pesados-del-cmb\/#article","isPartOf":{"@id":"https:\/\/digital58.com.ve\/site\/2022\/02\/22\/tyson-fury-confirma-pelea-contra-dillian-whyte-por-titulo-de-los-pesos-pesados-del-cmb\/"},"author":{"name":"Victor Infante","@id":"https:\/\/digital58.com.ve\/site\/#\/schema\/person\/7c2c83fb27249d7c6f59c30c7f141381"},"headline":"Tyson Fury confirma pelea contra Dillian Whyte por t\u00edtulo de los pesos pesados del CMB","datePublished":"2022-02-22T17:25:29+00:00","mainEntityOfPage":{"@id":"https:\/\/digital58.com.ve\/site\/2022\/02\/22\/tyson-fury-confirma-pelea-contra-dillian-whyte-por-titulo-de-los-pesos-pesados-del-cmb\/"},"wordCount":201,"commentCount":0,"publisher":{"@id":"https:\/\/digital58.com.ve\/site\/#\/schema\/person\/64d1c2e4d0d4fd1b849980c4331c2951"},"image":{"@id":"https:\/\/digital58.com.ve\/site\/2022\/02\/22\/tyson-fury-confirma-pelea-contra-dillian-whyte-por-titulo-de-los-pesos-pesados-del-cmb\/#primaryimage"},"thumbnailUrl":"https:\/\/digital58.com.ve\/site\/wp-content\/uploads\/2022\/02\/Tyson-Fury-Boxeador.jpg","keywords":["Boxeadores","Boxeo","Campe\u00f3n Mundial","CMB","Dillian Whyte","Inglaterra","Internacionales","Tyson Fury"],"articleSection":["Deportes"],"inLanguage":"es","potentialAction":[{"@type":"CommentAction","name":"Comment","target":["https:\/\/digital58.com.ve\/site\/2022\/02\/22\/tyson-fury-confirma-pelea-contra-dillian-whyte-por-titulo-de-los-pesos-pesados-del-cmb\/#respond"]}]},{"@type":"WebPage","@id":"https:\/\/digital58.com.ve\/site\/2022\/02\/22\/tyson-fury-confirma-pelea-contra-dillian-whyte-por-titulo-de-los-pesos-pesados-del-cmb\/","url":"https:\/\/digital58.com.ve\/site\/2022\/02\/22\/tyson-fury-confirma-pelea-contra-dillian-whyte-por-titulo-de-los-pesos-pesados-del-cmb\/","name":"Tyson Fury confirma pelea contra Dillian Whyte por t\u00edtulo de los pesos pesados del CMB","isPartOf":{"@id":"https:\/\/digital58.com.ve\/site\/#website"},"primaryImageOfPage":{"@id":"https:\/\/digital58.com.ve\/site\/2022\/02\/22\/tyson-fury-confirma-pelea-contra-dillian-whyte-por-titulo-de-los-pesos-pesados-del-cmb\/#primaryimage"},"image":{"@id":"https:\/\/digital58.com.ve\/site\/2022\/02\/22\/tyson-fury-confirma-pelea-contra-dillian-whyte-por-titulo-de-los-pesos-pesados-del-cmb\/#primaryimage"},"thumbnailUrl":"https:\/\/digital58.com.ve\/site\/wp-content\/uploads\/2022\/02\/Tyson-Fury-Boxeador.jpg","datePublished":"2022-02-22T17:25:29+00:00","description":"Deportes","breadcrumb":{"@id":"https:\/\/digital58.com.ve\/site\/2022\/02\/22\/tyson-fury-confirma-pelea-contra-dillian-whyte-por-titulo-de-los-pesos-pesados-del-cmb\/#breadcrumb"},"inLanguage":"es","potentialAction":[{"@type":"ReadAction","target":["https:\/\/digital58.com.ve\/site\/2022\/02\/22\/tyson-fury-confirma-pelea-contra-dillian-whyte-por-titulo-de-los-pesos-pesados-del-cmb\/"]}]},{"@type":"ImageObject","inLanguage":"es","@id":"https:\/\/digital58.com.ve\/site\/2022\/02\/22\/tyson-fury-confirma-pelea-contra-dillian-whyte-por-titulo-de-los-pesos-pesados-del-cmb\/#primaryimage","url":"https:\/\/digital58.com.ve\/site\/wp-content\/uploads\/2022\/02\/Tyson-Fury-Boxeador.jpg","contentUrl":"https:\/\/digital58.com.ve\/site\/wp-content\/uploads\/2022\/02\/Tyson-Fury-Boxeador.jpg","width":900,"height":507},{"@type":"BreadcrumbList","@id":"https:\/\/digital58.com.ve\/site\/2022\/02\/22\/tyson-fury-confirma-pelea-contra-dillian-whyte-por-titulo-de-los-pesos-pesados-del-cmb\/#breadcrumb","itemListElement":[{"@type":"ListItem","position":1,"name":"Home","item":"https:\/\/digital58.com.ve\/site\/"},{"@type":"ListItem","position":2,"name":"Tyson Fury confirma pelea contra Dillian Whyte por t\u00edtulo de los pesos pesados del CMB"}]},{"@type":"WebSite","@id":"https:\/\/digital58.com.ve\/site\/#website","url":"https:\/\/digital58.com.ve\/site\/","name":"Noticias Digital58","description":"Portal de Noticias \u00a1Periodismo web de verdad! Lanzamiento web 22.11.2005 \/ Maracaibo, Venezuela","publisher":{"@id":"https:\/\/digital58.com.ve\/site\/#\/schema\/person\/64d1c2e4d0d4fd1b849980c4331c2951"},"alternateName":"ND58","potentialAction":[{"@type":"SearchAction","target":{"@type":"EntryPoint","urlTemplate":"https:\/\/digital58.com.ve\/site\/?s={search_term_string}"},"query-input":{"@type":"PropertyValueSpecification","valueRequired":true,"valueName":"search_term_string"}}],"inLanguage":"es"},{"@type":["Person","Organization"],"@id":"https:\/\/digital58.com.ve\/site\/#\/schema\/person\/64d1c2e4d0d4fd1b849980c4331c2951","name":"Villasmil Henry","image":{"@type":"ImageObject","inLanguage":"es","@id":"https:\/\/secure.gravatar.com\/avatar\/bb0c4a2fcb7970138239f7e404ea75757b1b507b28b5ce4c53fbd62d797c5a7c?s=96&d=mm&r=g","url":"https:\/\/secure.gravatar.com\/avatar\/bb0c4a2fcb7970138239f7e404ea75757b1b507b28b5ce4c53fbd62d797c5a7c?s=96&d=mm&r=g","contentUrl":"https:\/\/secure.gravatar.com\/avatar\/bb0c4a2fcb7970138239f7e404ea75757b1b507b28b5ce4c53fbd62d797c5a7c?s=96&d=mm&r=g","caption":"Villasmil Henry"},"logo":{"@id":"https:\/\/secure.gravatar.com\/avatar\/bb0c4a2fcb7970138239f7e404ea75757b1b507b28b5ce4c53fbd62d797c5a7c?s=96&d=mm&r=g"},"sameAs":["http:\/\/www.henryvillasmil.com.ve","https:\/\/www.instagram.com\/villasmilhfoto\/","https:\/\/x.com\/https:\/\/twitter.com\/villasmilhfoto"]},{"@type":"Person","@id":"https:\/\/digital58.com.ve\/site\/#\/schema\/person\/7c2c83fb27249d7c6f59c30c7f141381","name":"Victor Infante","image":{"@type":"ImageObject","inLanguage":"es","@id":"https:\/\/secure.gravatar.com\/avatar\/106ae6d84ee67222a78df20df89da71bb5069c89d1fd27272140999a3f842596?s=96&d=mm&r=g","url":"https:\/\/secure.gravatar.com\/avatar\/106ae6d84ee67222a78df20df89da71bb5069c89d1fd27272140999a3f842596?s=96&d=mm&r=g","contentUrl":"https:\/\/secure.gravatar.com\/avatar\/106ae6d84ee67222a78df20df89da71bb5069c89d1fd27272140999a3f842596?s=96&d=mm&r=g","caption":"Victor Infante"},"url":"https:\/\/digital58.com.ve\/site\/author\/vinfante22\/"}]}},"uagb_featured_image_src":{"full":["https:\/\/digital58.com.ve\/site\/wp-content\/uploads\/2022\/02\/Tyson-Fury-Boxeador.jpg",900,507,false],"thumbnail":["https:\/\/digital58.com.ve\/site\/wp-content\/uploads\/2022\/02\/Tyson-Fury-Boxeador-150x150.jpg",150,150,true],"medium":["https:\/\/digital58.com.ve\/site\/wp-content\/uploads\/2022\/02\/Tyson-Fury-Boxeador-300x169.jpg",300,169,true],"medium_large":["https:\/\/digital58.com.ve\/site\/wp-content\/uploads\/2022\/02\/Tyson-Fury-Boxeador-768x433.jpg",768,433,true],"large":["https:\/\/digital58.com.ve\/site\/wp-content\/uploads\/2022\/02\/Tyson-Fury-Boxeador-1000x563.jpg",800,450,true],"1536x1536":["https:\/\/digital58.com.ve\/site\/wp-content\/uploads\/2022\/02\/Tyson-Fury-Boxeador.jpg",900,507,false],"2048x2048":["https:\/\/digital58.com.ve\/site\/wp-content\/uploads\/2022\/02\/Tyson-Fury-Boxeador.jpg",900,507,false],"colormag-highlighted-post":["https:\/\/digital58.com.ve\/site\/wp-content\/uploads\/2022\/02\/Tyson-Fury-Boxeador.jpg",392,221,false],"colormag-featured-post-medium":["https:\/\/digital58.com.ve\/site\/wp-content\/uploads\/2022\/02\/Tyson-Fury-Boxeador.jpg",364,205,false],"colormag-featured-post-small":["https:\/\/digital58.com.ve\/site\/wp-content\/uploads\/2022\/02\/Tyson-Fury-Boxeador.jpg",130,73,false],"colormag-featured-image":["https:\/\/digital58.com.ve\/site\/wp-content\/uploads\/2022\/02\/Tyson-Fury-Boxeador.jpg",790,445,false],"colormag-default-news":["https:\/\/digital58.com.ve\/site\/wp-content\/uploads\/2022\/02\/Tyson-Fury-Boxeador.jpg",150,85,false],"colormag-featured-image-large":["https:\/\/digital58.com.ve\/site\/wp-content\/uploads\/2022\/02\/Tyson-Fury-Boxeador.jpg",900,507,false]},"uagb_author_info":{"display_name":"Victor Infante","author_link":"https:\/\/digital58.com.ve\/site\/author\/vinfante22\/"},"uagb_comment_info":0,"uagb_excerpt":"Se espera que el combate tenga lugar el pr\u00f3ximo 23 de abril en el estadio de Wembley, en Londres Inglaterra,","_links":{"self":[{"href":"https:\/\/digital58.com.ve\/site\/wp-json\/wp\/v2\/posts\/149183","targetHints":{"allow":["GET"]}}],"collection":[{"href":"https:\/\/digital58.com.ve\/site\/wp-json\/wp\/v2\/posts"}],"about":[{"href":"https:\/\/digital58.com.ve\/site\/wp-json\/wp\/v2\/types\/post"}],"author":[{"embeddable":true,"href":"https:\/\/digital58.com.ve\/site\/wp-json\/wp\/v2\/users\/40"}],"replies":[{"embeddable":true,"href":"https:\/\/digital58.com.ve\/site\/wp-json\/wp\/v2\/comments?post=149183"}],"version-history":[{"count":0,"href":"https:\/\/digital58.com.ve\/site\/wp-json\/wp\/v2\/posts\/149183\/revisions"}],"wp:featuredmedia":[{"embeddable":true,"href":"https:\/\/digital58.com.ve\/site\/wp-json\/wp\/v2\/media\/149184"}],"wp:attachment":[{"href":"https:\/\/digital58.com.ve\/site\/wp-json\/wp\/v2\/media?parent=149183"}],"wp:term":[{"taxonomy":"category","embeddable":true,"href":"https:\/\/digital58.com.ve\/site\/wp-json\/wp\/v2\/categories?post=149183"},{"taxonomy":"post_tag","embeddable":true,"href":"https:\/\/digital58.com.ve\/site\/wp-json\/wp\/v2\/tags?post=149183"}],"curies":[{"name":"wp","href":"https:\/\/api.w.org\/{rel}","templated":true}]}}