{"id":149257,"date":"2022-02-25T08:42:05","date_gmt":"2022-02-25T12:42:05","guid":{"rendered":"https:\/\/digital58.com.ve\/site\/?p=149257"},"modified":"2022-02-25T08:42:05","modified_gmt":"2022-02-25T12:42:05","slug":"venezuela-reporta-387-casos-y-un-deceso-a-causa-de-la-covid-19","status":"publish","type":"post","link":"https:\/\/digital58.com.ve\/site\/2022\/02\/25\/venezuela-reporta-387-casos-y-un-deceso-a-causa-de-la-covid-19\/","title":{"rendered":"Venezuela reporta 387 casos y un deceso a causa de la COVID-19"},"content":{"rendered":"<p><img loading=\"lazy\" decoding=\"async\" class=\" wp-image-140743 aligncenter\" src=\"https:\/\/digital58.com.ve\/site\/wp-content\/uploads\/2021\/07\/covid-vzla-21-300x200.jpg\" alt=\"\" width=\"782\" height=\"520\" srcset=\"https:\/\/digital58.com.ve\/site\/wp-content\/uploads\/2021\/07\/covid-vzla-21-300x200.jpg 300w, https:\/\/digital58.com.ve\/site\/wp-content\/uploads\/2021\/07\/covid-vzla-21-768x512.jpg 768w, https:\/\/digital58.com.ve\/site\/wp-content\/uploads\/2021\/07\/covid-vzla-21-720x480.jpg 720w, https:\/\/digital58.com.ve\/site\/wp-content\/uploads\/2021\/07\/covid-vzla-21-480x320.jpg 480w, https:\/\/digital58.com.ve\/site\/wp-content\/uploads\/2021\/07\/covid-vzla-21.jpg 900w\" sizes=\"auto, (max-width: 782px) 100vw, 782px\" \/><\/p>\n<p>El estado Zulia, lidera por segundo d\u00eda la lista de contagios de coronavirus al reportar 138 nuevos casos<\/p>\n<p><strong>Caracas, DC, Venezuela, 25 de febrero de 2022 (ND58).-<\/strong> En las \u00faltimas 24 horas las autoridades venezolanas registraron un fallecido por la COVID-19, con lo que la cifra de muertes desde el inicio de la pandemia alcanz\u00f3 5.625, inform\u00f3 este jueves la vicepresidenta ejecutiva, Delcy Rodr\u00edguez.<\/p>\n<p>\u00abLamentamos informar que en las \u00faltimas horas una mujer de 66 a\u00f1os falleci\u00f3 a causa de la COVID-19 en el estado La Guaira\u00bb, escribi\u00f3 la funcionaria en su cuenta en Twitter.<\/p>\n<p>Adem\u00e1s, Rodr\u00edguez detall\u00f3 que en las \u00faltimas horas se detectaron 387 nuevos contagios en Venezuela, 384 por transmisi\u00f3n comunitaria y 3 \u00abinternacionales\u00bb provenientes de Turqu\u00eda.<\/p>\n<p>La lista de casos comunitarios est\u00e1 encabezada por Zulia, con 138 nuevos contagios, le sigue Aragua con 35, Trujillo y Yaracuy con 32 en cada uno, Sucre con 30, Miranda y Caracas con 18 en cada estado, Amazonas con 14 y Lara con 13.<\/p>\n<p>Siguen en el listado los estados Falc\u00f3n, con nueve, T\u00e1chira y Gu\u00e1rico con siete cada uno, La Guaira con seis, Nueva Esparta con cinco, Cojedes y Apure con cuatro cada estado, Anzo\u00e1tegui y Bol\u00edvar con tres cada uno, Portuguesa y M\u00e9rida con dos en cada entidad y Monagas y Barinas con un nuevo contagio.<\/p>\n<p>&nbsp;<\/p><div class=\"drywn69f3ffc56e480\" ><p style=\"text-align: center;\"><a href=\"https:\/\/t.me\/noticiasdigital58\" target=\"_blank\" rel=\"noopener\"><img class=\"aligncenter size-full wp-image-125363\" src=\"https:\/\/digital58.com.ve\/site\/wp-content\/uploads\/2021\/04\/banner-telegram-web-2021.png\" alt=\"\" width=\"600\" height=\"90\" \/><\/a><\/p><\/div><style type=\"text\/css\">\r\n@media screen and (min-width: 1201px) {\r\n.drywn69f3ffc56e480 {\r\ndisplay: block;\r\n}\r\n}\r\n@media screen and (min-width: 993px) and (max-width: 1200px) {\r\n.drywn69f3ffc56e480 {\r\ndisplay: block;\r\n}\r\n}\r\n@media screen and (min-width: 769px) and (max-width: 992px) {\r\n.drywn69f3ffc56e480 {\r\ndisplay: block;\r\n}\r\n}\r\n@media screen and (min-width: 768px) and (max-width: 768px) {\r\n.drywn69f3ffc56e480 {\r\ndisplay: block;\r\n}\r\n}\r\n@media screen and (max-width: 767px) {\r\n.drywn69f3ffc56e480 {\r\ndisplay: block;\r\n}\r\n}\r\n<\/style>\r\n\n<p><strong>Redacci\u00f3n ND58 | Fuente: EFE<\/strong><br \/>\n<strong>Edici\u00f3n: Villasmil, Henry<\/strong><br \/>\n<strong>Gr\u00e1fica: Archivo<\/strong><\/p>\n<div style=\"margin-top: 0px; margin-bottom: 0px;\" class=\"sharethis-inline-share-buttons\" ><\/div>","protected":false},"excerpt":{"rendered":"<p>El estado Zulia, lidera por segundo d\u00eda la lista de contagios de coronavirus al reportar 138 nuevos casos Caracas, DC,<\/p>\n","protected":false},"author":40,"featured_media":140914,"comment_status":"open","ping_status":"closed","sticky":false,"template":"","format":"standard","meta":{"colormag_page_container_layout":"default_layout","colormag_page_sidebar_layout":"default_layout","_uag_custom_page_level_css":"","footnotes":""},"categories":[16454],"tags":[22092,13352,13648,4276,11386,233,13972,13793],"class_list":["post-149257","post","type-post","status-publish","format-standard","has-post-thumbnail","hentry","category-venezuela","tag-contagios","tag-coronavirus","tag-covid-19","tag-decesos","tag-delcy-rodriguez","tag-nacionales","tag-reporte-diario","tag-sars-cov-2"],"yoast_head":"<!-- This site is optimized with the Yoast SEO plugin v27.5 - https:\/\/yoast.com\/product\/yoast-seo-wordpress\/ -->\n<title>Venezuela reporta 387 casos y un deceso a causa de la COVID-19<\/title>\n<meta name=\"description\" content=\"Venezuela\" \/>\n<meta name=\"robots\" content=\"index, follow, max-snippet:-1, max-image-preview:large, max-video-preview:-1\" \/>\n<link rel=\"canonical\" href=\"https:\/\/digital58.com.ve\/site\/2022\/02\/25\/venezuela-reporta-387-casos-y-un-deceso-a-causa-de-la-covid-19\/\" \/>\n<meta property=\"og:locale\" content=\"es_ES\" \/>\n<meta property=\"og:type\" content=\"article\" \/>\n<meta property=\"og:title\" content=\"Venezuela reporta 387 casos y un deceso a causa de la COVID-19\" \/>\n<meta property=\"og:description\" content=\"Venezuela\" \/>\n<meta property=\"og:url\" content=\"https:\/\/digital58.com.ve\/site\/2022\/02\/25\/venezuela-reporta-387-casos-y-un-deceso-a-causa-de-la-covid-19\/\" \/>\n<meta property=\"og:site_name\" content=\"Noticias Digital58\" \/>\n<meta property=\"article:published_time\" content=\"2022-02-25T12:42:05+00:00\" \/>\n<meta property=\"og:image\" content=\"https:\/\/digital58.com.ve\/site\/wp-content\/uploads\/2021\/07\/venezuela-covid.jpg\" \/>\n\t<meta property=\"og:image:width\" content=\"900\" \/>\n\t<meta property=\"og:image:height\" content=\"600\" \/>\n\t<meta property=\"og:image:type\" content=\"image\/jpeg\" \/>\n<meta name=\"author\" content=\"Victor Infante\" \/>\n<meta name=\"twitter:card\" content=\"summary_large_image\" \/>\n<meta name=\"twitter:creator\" content=\"@Digital_58\" \/>\n<meta name=\"twitter:site\" content=\"@villasmilhfoto\" \/>\n<meta name=\"twitter:label1\" content=\"Escrito por\" \/>\n\t<meta name=\"twitter:data1\" content=\"Victor Infante\" \/>\n\t<meta name=\"twitter:label2\" content=\"Tiempo estimado de lectura\" \/>\n\t<meta name=\"twitter:data2\" content=\"2 minutos\" \/>\n<script type=\"application\/ld+json\" class=\"yoast-schema-graph\">{\"@context\":\"https:\\\/\\\/schema.org\",\"@graph\":[{\"@type\":\"Article\",\"@id\":\"https:\\\/\\\/digital58.com.ve\\\/site\\\/2022\\\/02\\\/25\\\/venezuela-reporta-387-casos-y-un-deceso-a-causa-de-la-covid-19\\\/#article\",\"isPartOf\":{\"@id\":\"https:\\\/\\\/digital58.com.ve\\\/site\\\/2022\\\/02\\\/25\\\/venezuela-reporta-387-casos-y-un-deceso-a-causa-de-la-covid-19\\\/\"},\"author\":{\"name\":\"Victor Infante\",\"@id\":\"https:\\\/\\\/digital58.com.ve\\\/site\\\/#\\\/schema\\\/person\\\/7c2c83fb27249d7c6f59c30c7f141381\"},\"headline\":\"Venezuela reporta 387 casos y un deceso a causa de la COVID-19\",\"datePublished\":\"2022-02-25T12:42:05+00:00\",\"mainEntityOfPage\":{\"@id\":\"https:\\\/\\\/digital58.com.ve\\\/site\\\/2022\\\/02\\\/25\\\/venezuela-reporta-387-casos-y-un-deceso-a-causa-de-la-covid-19\\\/\"},\"wordCount\":240,\"commentCount\":0,\"publisher\":{\"@id\":\"https:\\\/\\\/digital58.com.ve\\\/site\\\/#\\\/schema\\\/person\\\/64d1c2e4d0d4fd1b849980c4331c2951\"},\"image\":{\"@id\":\"https:\\\/\\\/digital58.com.ve\\\/site\\\/2022\\\/02\\\/25\\\/venezuela-reporta-387-casos-y-un-deceso-a-causa-de-la-covid-19\\\/#primaryimage\"},\"thumbnailUrl\":\"https:\\\/\\\/digital58.com.ve\\\/site\\\/wp-content\\\/uploads\\\/2021\\\/07\\\/venezuela-covid.jpg\",\"keywords\":[\"Contagios\",\"Coronavirus\",\"COVID-19\",\"Decesos\",\"Delcy Rodr\u00edguez\",\"Nacionales\",\"Reporte Diario\",\"SARS-CoV-2\"],\"articleSection\":[\"Venezuela\"],\"inLanguage\":\"es\",\"potentialAction\":[{\"@type\":\"CommentAction\",\"name\":\"Comment\",\"target\":[\"https:\\\/\\\/digital58.com.ve\\\/site\\\/2022\\\/02\\\/25\\\/venezuela-reporta-387-casos-y-un-deceso-a-causa-de-la-covid-19\\\/#respond\"]}]},{\"@type\":\"WebPage\",\"@id\":\"https:\\\/\\\/digital58.com.ve\\\/site\\\/2022\\\/02\\\/25\\\/venezuela-reporta-387-casos-y-un-deceso-a-causa-de-la-covid-19\\\/\",\"url\":\"https:\\\/\\\/digital58.com.ve\\\/site\\\/2022\\\/02\\\/25\\\/venezuela-reporta-387-casos-y-un-deceso-a-causa-de-la-covid-19\\\/\",\"name\":\"Venezuela reporta 387 casos y un deceso a causa de la COVID-19\",\"isPartOf\":{\"@id\":\"https:\\\/\\\/digital58.com.ve\\\/site\\\/#website\"},\"primaryImageOfPage\":{\"@id\":\"https:\\\/\\\/digital58.com.ve\\\/site\\\/2022\\\/02\\\/25\\\/venezuela-reporta-387-casos-y-un-deceso-a-causa-de-la-covid-19\\\/#primaryimage\"},\"image\":{\"@id\":\"https:\\\/\\\/digital58.com.ve\\\/site\\\/2022\\\/02\\\/25\\\/venezuela-reporta-387-casos-y-un-deceso-a-causa-de-la-covid-19\\\/#primaryimage\"},\"thumbnailUrl\":\"https:\\\/\\\/digital58.com.ve\\\/site\\\/wp-content\\\/uploads\\\/2021\\\/07\\\/venezuela-covid.jpg\",\"datePublished\":\"2022-02-25T12:42:05+00:00\",\"description\":\"Venezuela\",\"breadcrumb\":{\"@id\":\"https:\\\/\\\/digital58.com.ve\\\/site\\\/2022\\\/02\\\/25\\\/venezuela-reporta-387-casos-y-un-deceso-a-causa-de-la-covid-19\\\/#breadcrumb\"},\"inLanguage\":\"es\",\"potentialAction\":[{\"@type\":\"ReadAction\",\"target\":[\"https:\\\/\\\/digital58.com.ve\\\/site\\\/2022\\\/02\\\/25\\\/venezuela-reporta-387-casos-y-un-deceso-a-causa-de-la-covid-19\\\/\"]}]},{\"@type\":\"ImageObject\",\"inLanguage\":\"es\",\"@id\":\"https:\\\/\\\/digital58.com.ve\\\/site\\\/2022\\\/02\\\/25\\\/venezuela-reporta-387-casos-y-un-deceso-a-causa-de-la-covid-19\\\/#primaryimage\",\"url\":\"https:\\\/\\\/digital58.com.ve\\\/site\\\/wp-content\\\/uploads\\\/2021\\\/07\\\/venezuela-covid.jpg\",\"contentUrl\":\"https:\\\/\\\/digital58.com.ve\\\/site\\\/wp-content\\\/uploads\\\/2021\\\/07\\\/venezuela-covid.jpg\",\"width\":900,\"height\":600},{\"@type\":\"BreadcrumbList\",\"@id\":\"https:\\\/\\\/digital58.com.ve\\\/site\\\/2022\\\/02\\\/25\\\/venezuela-reporta-387-casos-y-un-deceso-a-causa-de-la-covid-19\\\/#breadcrumb\",\"itemListElement\":[{\"@type\":\"ListItem\",\"position\":1,\"name\":\"Home\",\"item\":\"https:\\\/\\\/digital58.com.ve\\\/site\\\/\"},{\"@type\":\"ListItem\",\"position\":2,\"name\":\"Venezuela reporta 387 casos y un deceso a causa de la COVID-19\"}]},{\"@type\":\"WebSite\",\"@id\":\"https:\\\/\\\/digital58.com.ve\\\/site\\\/#website\",\"url\":\"https:\\\/\\\/digital58.com.ve\\\/site\\\/\",\"name\":\"Noticias Digital58\",\"description\":\"Portal de Noticias \u00a1Periodismo web de verdad! Lanzamiento web 22.11.2005 \\\/ Maracaibo, Venezuela\",\"publisher\":{\"@id\":\"https:\\\/\\\/digital58.com.ve\\\/site\\\/#\\\/schema\\\/person\\\/64d1c2e4d0d4fd1b849980c4331c2951\"},\"alternateName\":\"ND58\",\"potentialAction\":[{\"@type\":\"SearchAction\",\"target\":{\"@type\":\"EntryPoint\",\"urlTemplate\":\"https:\\\/\\\/digital58.com.ve\\\/site\\\/?s={search_term_string}\"},\"query-input\":{\"@type\":\"PropertyValueSpecification\",\"valueRequired\":true,\"valueName\":\"search_term_string\"}}],\"inLanguage\":\"es\"},{\"@type\":[\"Person\",\"Organization\"],\"@id\":\"https:\\\/\\\/digital58.com.ve\\\/site\\\/#\\\/schema\\\/person\\\/64d1c2e4d0d4fd1b849980c4331c2951\",\"name\":\"Villasmil Henry\",\"image\":{\"@type\":\"ImageObject\",\"inLanguage\":\"es\",\"@id\":\"https:\\\/\\\/secure.gravatar.com\\\/avatar\\\/bb0c4a2fcb7970138239f7e404ea75757b1b507b28b5ce4c53fbd62d797c5a7c?s=96&d=mm&r=g\",\"url\":\"https:\\\/\\\/secure.gravatar.com\\\/avatar\\\/bb0c4a2fcb7970138239f7e404ea75757b1b507b28b5ce4c53fbd62d797c5a7c?s=96&d=mm&r=g\",\"contentUrl\":\"https:\\\/\\\/secure.gravatar.com\\\/avatar\\\/bb0c4a2fcb7970138239f7e404ea75757b1b507b28b5ce4c53fbd62d797c5a7c?s=96&d=mm&r=g\",\"caption\":\"Villasmil Henry\"},\"logo\":{\"@id\":\"https:\\\/\\\/secure.gravatar.com\\\/avatar\\\/bb0c4a2fcb7970138239f7e404ea75757b1b507b28b5ce4c53fbd62d797c5a7c?s=96&d=mm&r=g\"},\"sameAs\":[\"http:\\\/\\\/www.henryvillasmil.com.ve\",\"https:\\\/\\\/www.instagram.com\\\/villasmilhfoto\\\/\",\"https:\\\/\\\/x.com\\\/https:\\\/\\\/twitter.com\\\/villasmilhfoto\"]},{\"@type\":\"Person\",\"@id\":\"https:\\\/\\\/digital58.com.ve\\\/site\\\/#\\\/schema\\\/person\\\/7c2c83fb27249d7c6f59c30c7f141381\",\"name\":\"Victor Infante\",\"image\":{\"@type\":\"ImageObject\",\"inLanguage\":\"es\",\"@id\":\"https:\\\/\\\/secure.gravatar.com\\\/avatar\\\/106ae6d84ee67222a78df20df89da71bb5069c89d1fd27272140999a3f842596?s=96&d=mm&r=g\",\"url\":\"https:\\\/\\\/secure.gravatar.com\\\/avatar\\\/106ae6d84ee67222a78df20df89da71bb5069c89d1fd27272140999a3f842596?s=96&d=mm&r=g\",\"contentUrl\":\"https:\\\/\\\/secure.gravatar.com\\\/avatar\\\/106ae6d84ee67222a78df20df89da71bb5069c89d1fd27272140999a3f842596?s=96&d=mm&r=g\",\"caption\":\"Victor Infante\"},\"url\":\"https:\\\/\\\/digital58.com.ve\\\/site\\\/author\\\/vinfante22\\\/\"}]}<\/script>\n<!-- \/ Yoast SEO plugin. -->","yoast_head_json":{"title":"Venezuela reporta 387 casos y un deceso a causa de la COVID-19","description":"Venezuela","robots":{"index":"index","follow":"follow","max-snippet":"max-snippet:-1","max-image-preview":"max-image-preview:large","max-video-preview":"max-video-preview:-1"},"canonical":"https:\/\/digital58.com.ve\/site\/2022\/02\/25\/venezuela-reporta-387-casos-y-un-deceso-a-causa-de-la-covid-19\/","og_locale":"es_ES","og_type":"article","og_title":"Venezuela reporta 387 casos y un deceso a causa de la COVID-19","og_description":"Venezuela","og_url":"https:\/\/digital58.com.ve\/site\/2022\/02\/25\/venezuela-reporta-387-casos-y-un-deceso-a-causa-de-la-covid-19\/","og_site_name":"Noticias Digital58","article_published_time":"2022-02-25T12:42:05+00:00","og_image":[{"width":900,"height":600,"url":"https:\/\/digital58.com.ve\/site\/wp-content\/uploads\/2021\/07\/venezuela-covid.jpg","type":"image\/jpeg"}],"author":"Victor Infante","twitter_card":"summary_large_image","twitter_creator":"@Digital_58","twitter_site":"@villasmilhfoto","twitter_misc":{"Escrito por":"Victor Infante","Tiempo estimado de lectura":"2 minutos"},"schema":{"@context":"https:\/\/schema.org","@graph":[{"@type":"Article","@id":"https:\/\/digital58.com.ve\/site\/2022\/02\/25\/venezuela-reporta-387-casos-y-un-deceso-a-causa-de-la-covid-19\/#article","isPartOf":{"@id":"https:\/\/digital58.com.ve\/site\/2022\/02\/25\/venezuela-reporta-387-casos-y-un-deceso-a-causa-de-la-covid-19\/"},"author":{"name":"Victor Infante","@id":"https:\/\/digital58.com.ve\/site\/#\/schema\/person\/7c2c83fb27249d7c6f59c30c7f141381"},"headline":"Venezuela reporta 387 casos y un deceso a causa de la COVID-19","datePublished":"2022-02-25T12:42:05+00:00","mainEntityOfPage":{"@id":"https:\/\/digital58.com.ve\/site\/2022\/02\/25\/venezuela-reporta-387-casos-y-un-deceso-a-causa-de-la-covid-19\/"},"wordCount":240,"commentCount":0,"publisher":{"@id":"https:\/\/digital58.com.ve\/site\/#\/schema\/person\/64d1c2e4d0d4fd1b849980c4331c2951"},"image":{"@id":"https:\/\/digital58.com.ve\/site\/2022\/02\/25\/venezuela-reporta-387-casos-y-un-deceso-a-causa-de-la-covid-19\/#primaryimage"},"thumbnailUrl":"https:\/\/digital58.com.ve\/site\/wp-content\/uploads\/2021\/07\/venezuela-covid.jpg","keywords":["Contagios","Coronavirus","COVID-19","Decesos","Delcy Rodr\u00edguez","Nacionales","Reporte Diario","SARS-CoV-2"],"articleSection":["Venezuela"],"inLanguage":"es","potentialAction":[{"@type":"CommentAction","name":"Comment","target":["https:\/\/digital58.com.ve\/site\/2022\/02\/25\/venezuela-reporta-387-casos-y-un-deceso-a-causa-de-la-covid-19\/#respond"]}]},{"@type":"WebPage","@id":"https:\/\/digital58.com.ve\/site\/2022\/02\/25\/venezuela-reporta-387-casos-y-un-deceso-a-causa-de-la-covid-19\/","url":"https:\/\/digital58.com.ve\/site\/2022\/02\/25\/venezuela-reporta-387-casos-y-un-deceso-a-causa-de-la-covid-19\/","name":"Venezuela reporta 387 casos y un deceso a causa de la COVID-19","isPartOf":{"@id":"https:\/\/digital58.com.ve\/site\/#website"},"primaryImageOfPage":{"@id":"https:\/\/digital58.com.ve\/site\/2022\/02\/25\/venezuela-reporta-387-casos-y-un-deceso-a-causa-de-la-covid-19\/#primaryimage"},"image":{"@id":"https:\/\/digital58.com.ve\/site\/2022\/02\/25\/venezuela-reporta-387-casos-y-un-deceso-a-causa-de-la-covid-19\/#primaryimage"},"thumbnailUrl":"https:\/\/digital58.com.ve\/site\/wp-content\/uploads\/2021\/07\/venezuela-covid.jpg","datePublished":"2022-02-25T12:42:05+00:00","description":"Venezuela","breadcrumb":{"@id":"https:\/\/digital58.com.ve\/site\/2022\/02\/25\/venezuela-reporta-387-casos-y-un-deceso-a-causa-de-la-covid-19\/#breadcrumb"},"inLanguage":"es","potentialAction":[{"@type":"ReadAction","target":["https:\/\/digital58.com.ve\/site\/2022\/02\/25\/venezuela-reporta-387-casos-y-un-deceso-a-causa-de-la-covid-19\/"]}]},{"@type":"ImageObject","inLanguage":"es","@id":"https:\/\/digital58.com.ve\/site\/2022\/02\/25\/venezuela-reporta-387-casos-y-un-deceso-a-causa-de-la-covid-19\/#primaryimage","url":"https:\/\/digital58.com.ve\/site\/wp-content\/uploads\/2021\/07\/venezuela-covid.jpg","contentUrl":"https:\/\/digital58.com.ve\/site\/wp-content\/uploads\/2021\/07\/venezuela-covid.jpg","width":900,"height":600},{"@type":"BreadcrumbList","@id":"https:\/\/digital58.com.ve\/site\/2022\/02\/25\/venezuela-reporta-387-casos-y-un-deceso-a-causa-de-la-covid-19\/#breadcrumb","itemListElement":[{"@type":"ListItem","position":1,"name":"Home","item":"https:\/\/digital58.com.ve\/site\/"},{"@type":"ListItem","position":2,"name":"Venezuela reporta 387 casos y un deceso a causa de la COVID-19"}]},{"@type":"WebSite","@id":"https:\/\/digital58.com.ve\/site\/#website","url":"https:\/\/digital58.com.ve\/site\/","name":"Noticias Digital58","description":"Portal de Noticias \u00a1Periodismo web de verdad! Lanzamiento web 22.11.2005 \/ Maracaibo, Venezuela","publisher":{"@id":"https:\/\/digital58.com.ve\/site\/#\/schema\/person\/64d1c2e4d0d4fd1b849980c4331c2951"},"alternateName":"ND58","potentialAction":[{"@type":"SearchAction","target":{"@type":"EntryPoint","urlTemplate":"https:\/\/digital58.com.ve\/site\/?s={search_term_string}"},"query-input":{"@type":"PropertyValueSpecification","valueRequired":true,"valueName":"search_term_string"}}],"inLanguage":"es"},{"@type":["Person","Organization"],"@id":"https:\/\/digital58.com.ve\/site\/#\/schema\/person\/64d1c2e4d0d4fd1b849980c4331c2951","name":"Villasmil Henry","image":{"@type":"ImageObject","inLanguage":"es","@id":"https:\/\/secure.gravatar.com\/avatar\/bb0c4a2fcb7970138239f7e404ea75757b1b507b28b5ce4c53fbd62d797c5a7c?s=96&d=mm&r=g","url":"https:\/\/secure.gravatar.com\/avatar\/bb0c4a2fcb7970138239f7e404ea75757b1b507b28b5ce4c53fbd62d797c5a7c?s=96&d=mm&r=g","contentUrl":"https:\/\/secure.gravatar.com\/avatar\/bb0c4a2fcb7970138239f7e404ea75757b1b507b28b5ce4c53fbd62d797c5a7c?s=96&d=mm&r=g","caption":"Villasmil Henry"},"logo":{"@id":"https:\/\/secure.gravatar.com\/avatar\/bb0c4a2fcb7970138239f7e404ea75757b1b507b28b5ce4c53fbd62d797c5a7c?s=96&d=mm&r=g"},"sameAs":["http:\/\/www.henryvillasmil.com.ve","https:\/\/www.instagram.com\/villasmilhfoto\/","https:\/\/x.com\/https:\/\/twitter.com\/villasmilhfoto"]},{"@type":"Person","@id":"https:\/\/digital58.com.ve\/site\/#\/schema\/person\/7c2c83fb27249d7c6f59c30c7f141381","name":"Victor Infante","image":{"@type":"ImageObject","inLanguage":"es","@id":"https:\/\/secure.gravatar.com\/avatar\/106ae6d84ee67222a78df20df89da71bb5069c89d1fd27272140999a3f842596?s=96&d=mm&r=g","url":"https:\/\/secure.gravatar.com\/avatar\/106ae6d84ee67222a78df20df89da71bb5069c89d1fd27272140999a3f842596?s=96&d=mm&r=g","contentUrl":"https:\/\/secure.gravatar.com\/avatar\/106ae6d84ee67222a78df20df89da71bb5069c89d1fd27272140999a3f842596?s=96&d=mm&r=g","caption":"Victor Infante"},"url":"https:\/\/digital58.com.ve\/site\/author\/vinfante22\/"}]}},"uagb_featured_image_src":{"full":["https:\/\/digital58.com.ve\/site\/wp-content\/uploads\/2021\/07\/venezuela-covid.jpg",900,600,false],"thumbnail":["https:\/\/digital58.com.ve\/site\/wp-content\/uploads\/2021\/07\/venezuela-covid-150x150.jpg",150,150,true],"medium":["https:\/\/digital58.com.ve\/site\/wp-content\/uploads\/2021\/07\/venezuela-covid-300x200.jpg",300,200,true],"medium_large":["https:\/\/digital58.com.ve\/site\/wp-content\/uploads\/2021\/07\/venezuela-covid-768x512.jpg",768,512,true],"large":["https:\/\/digital58.com.ve\/site\/wp-content\/uploads\/2021\/07\/venezuela-covid.jpg",800,533,false],"1536x1536":["https:\/\/digital58.com.ve\/site\/wp-content\/uploads\/2021\/07\/venezuela-covid.jpg",900,600,false],"2048x2048":["https:\/\/digital58.com.ve\/site\/wp-content\/uploads\/2021\/07\/venezuela-covid.jpg",900,600,false],"colormag-highlighted-post":["https:\/\/digital58.com.ve\/site\/wp-content\/uploads\/2021\/07\/venezuela-covid.jpg",392,261,false],"colormag-featured-post-medium":["https:\/\/digital58.com.ve\/site\/wp-content\/uploads\/2021\/07\/venezuela-covid.jpg",308,205,false],"colormag-featured-post-small":["https:\/\/digital58.com.ve\/site\/wp-content\/uploads\/2021\/07\/venezuela-covid.jpg",130,87,false],"colormag-featured-image":["https:\/\/digital58.com.ve\/site\/wp-content\/uploads\/2021\/07\/venezuela-covid.jpg",668,445,false],"colormag-default-news":["https:\/\/digital58.com.ve\/site\/wp-content\/uploads\/2021\/07\/venezuela-covid.jpg",150,100,false],"colormag-featured-image-large":["https:\/\/digital58.com.ve\/site\/wp-content\/uploads\/2021\/07\/venezuela-covid.jpg",900,600,false]},"uagb_author_info":{"display_name":"Victor Infante","author_link":"https:\/\/digital58.com.ve\/site\/author\/vinfante22\/"},"uagb_comment_info":0,"uagb_excerpt":"El estado Zulia, lidera por segundo d\u00eda la lista de contagios de coronavirus al reportar 138 nuevos casos Caracas, DC,","_links":{"self":[{"href":"https:\/\/digital58.com.ve\/site\/wp-json\/wp\/v2\/posts\/149257","targetHints":{"allow":["GET"]}}],"collection":[{"href":"https:\/\/digital58.com.ve\/site\/wp-json\/wp\/v2\/posts"}],"about":[{"href":"https:\/\/digital58.com.ve\/site\/wp-json\/wp\/v2\/types\/post"}],"author":[{"embeddable":true,"href":"https:\/\/digital58.com.ve\/site\/wp-json\/wp\/v2\/users\/40"}],"replies":[{"embeddable":true,"href":"https:\/\/digital58.com.ve\/site\/wp-json\/wp\/v2\/comments?post=149257"}],"version-history":[{"count":0,"href":"https:\/\/digital58.com.ve\/site\/wp-json\/wp\/v2\/posts\/149257\/revisions"}],"wp:featuredmedia":[{"embeddable":true,"href":"https:\/\/digital58.com.ve\/site\/wp-json\/wp\/v2\/media\/140914"}],"wp:attachment":[{"href":"https:\/\/digital58.com.ve\/site\/wp-json\/wp\/v2\/media?parent=149257"}],"wp:term":[{"taxonomy":"category","embeddable":true,"href":"https:\/\/digital58.com.ve\/site\/wp-json\/wp\/v2\/categories?post=149257"},{"taxonomy":"post_tag","embeddable":true,"href":"https:\/\/digital58.com.ve\/site\/wp-json\/wp\/v2\/tags?post=149257"}],"curies":[{"name":"wp","href":"https:\/\/api.w.org\/{rel}","templated":true}]}}