{"id":149310,"date":"2022-02-26T09:24:54","date_gmt":"2022-02-26T13:24:54","guid":{"rendered":"https:\/\/digital58.com.ve\/site\/?p=149310"},"modified":"2022-02-26T09:24:54","modified_gmt":"2022-02-26T13:24:54","slug":"aumenta-el-numero-de-fallecidos-a-198-por-guerra-rusa-en-ucrania","status":"publish","type":"post","link":"https:\/\/digital58.com.ve\/site\/2022\/02\/26\/aumenta-el-numero-de-fallecidos-a-198-por-guerra-rusa-en-ucrania\/","title":{"rendered":"Aumenta el n\u00famero de fallecidos a 198 por guerra rusa en Ucrania"},"content":{"rendered":"<p><img loading=\"lazy\" decoding=\"async\" class=\"wp-image-149311 aligncenter\" src=\"https:\/\/digital58.com.ve\/site\/wp-content\/uploads\/2022\/02\/Soldados-300x169.jpg\" alt=\"\" width=\"806\" height=\"454\" srcset=\"https:\/\/digital58.com.ve\/site\/wp-content\/uploads\/2022\/02\/Soldados-300x169.jpg 300w, https:\/\/digital58.com.ve\/site\/wp-content\/uploads\/2022\/02\/Soldados-1000x563.jpg 1000w, https:\/\/digital58.com.ve\/site\/wp-content\/uploads\/2022\/02\/Soldados-768x432.jpg 768w, https:\/\/digital58.com.ve\/site\/wp-content\/uploads\/2022\/02\/Soldados.jpg 1024w\" sizes=\"auto, (max-width: 806px) 100vw, 806px\" \/><\/p>\n<p>Ucrania registr\u00f3 hoy en al menos 198 los muertos ucranianos por la guerra que lanz\u00f3 Rusia el jueves pasado contra el pa\u00eds, seg\u00fan el ministro de Sanidad de Ucrania, V\u00edktor Liashko<\/p>\n<p><strong>Ucrania, 26 de febrero de 2022 (ND58).-<\/strong> \u00abLamentablemente, seg\u00fan datos operativos, tenemos 198 muertos, entre ellos 3 ni\u00f1os, y 1.115 heridos, 33 de los cuales son menores de edad\u00bb, afirm\u00f3 el ministro de Sanidad de Ucrania, V\u00edktor Liashk\u00f3, en su cuenta de Facebook, este s\u00e1bado.<\/p>\n<p>Se trata del segundo parte de fallecidos que publica el Gobierno ucraniano tras el que anunci\u00f3 el jueves por la noche el presidente Volod\u00edmir Zelenski, cuando dijo que hab\u00eda tras el primer d\u00eda de la ofensiva militar rusa 137 fallecidos.<\/p>\n<p>El ministro de Sanidad denuncio que las tropas rusas, a las que calific\u00f3 de terroristas, han \u00abdisparado deliberadamente contra ambulancias\u00bb, y sugiri\u00f3 la entrega de chalecos antibalas al personal m\u00e9dico.<\/p>\n<p>Liashko asegur\u00f3 que \u00abel sistema m\u00e9dico sigue funcionando, el ministerio por su parte hace lo posible e imposible para conseguir todo lo necesario para los hospitales\u00bb.<\/p>\n<p>Record\u00f3 que, pese a la guerra, el coronavirus \u00abno se ha ido a ning\u00fan lado\u00bb, por lo que los pacientes ingresados en las unidades de cuidados intensivo \u00absiguen necesitando ox\u00edgeno\u00bb.<\/p>\n<p>\u00abY no importa que los ocupantes interfieran en estos esfuerzos, tratamos de llevar r\u00e1pidamente ox\u00edgeno a los hospitales, organizar la log\u00edstica para que cada paciente reciba ayuda\u00bb, a\u00f1adi\u00f3.<\/p>\n<p>Por su parte, el asesor del presidente ucraniano, Mykhailo Podoliak, inform\u00f3 hoy en el primer parte militar del d\u00eda que las bajas rusas ascienden a los 3.500, mientras que 200 efectivos fueron apresados.<\/p>\n<p>\u00abSi mostramos a estas personas que vinieron a Ucrania a matar, Rusia entender\u00e1 lo que est\u00e1 haciendo en Ucrania\u00bb, afirm\u00f3.<\/p>\n<p>&nbsp;<\/p><div class=\"gcmrt69f723fcc9fb9\" ><p style=\"text-align: center;\"><a href=\"https:\/\/t.me\/noticiasdigital58\" target=\"_blank\" rel=\"noopener\"><img class=\"aligncenter size-full wp-image-125363\" src=\"https:\/\/digital58.com.ve\/site\/wp-content\/uploads\/2021\/04\/banner-telegram-web-2021.png\" alt=\"\" width=\"600\" height=\"90\" \/><\/a><\/p><\/div><style type=\"text\/css\">\r\n@media screen and (min-width: 1201px) {\r\n.gcmrt69f723fcc9fb9 {\r\ndisplay: block;\r\n}\r\n}\r\n@media screen and (min-width: 993px) and (max-width: 1200px) {\r\n.gcmrt69f723fcc9fb9 {\r\ndisplay: block;\r\n}\r\n}\r\n@media screen and (min-width: 769px) and (max-width: 992px) {\r\n.gcmrt69f723fcc9fb9 {\r\ndisplay: block;\r\n}\r\n}\r\n@media screen and (min-width: 768px) and (max-width: 768px) {\r\n.gcmrt69f723fcc9fb9 {\r\ndisplay: block;\r\n}\r\n}\r\n@media screen and (max-width: 767px) {\r\n.gcmrt69f723fcc9fb9 {\r\ndisplay: block;\r\n}\r\n}\r\n<\/style>\r\n\n<p><strong>Redacci\u00f3n ND58\/Infante, V\u00edctor | Fuente: DW<\/strong><br \/>\n<strong>Edici\u00f3n: Villasmil, Henry<\/strong><br \/>\n<strong>Gr\u00e1fica: Cortes\u00eda<\/strong><\/p>\n<div style=\"margin-top: 0px; margin-bottom: 0px;\" class=\"sharethis-inline-share-buttons\" ><\/div>","protected":false},"excerpt":{"rendered":"<p>Ucrania registr\u00f3 hoy en al menos 198 los muertos ucranianos por la guerra que lanz\u00f3 Rusia el jueves pasado contra<\/p>\n","protected":false},"author":40,"featured_media":149313,"comment_status":"open","ping_status":"closed","sticky":false,"template":"","format":"standard","meta":{"colormag_page_container_layout":"default_layout","colormag_page_sidebar_layout":"default_layout","_uag_custom_page_level_css":"","footnotes":""},"categories":[16451],"tags":[27224,8,7423,1943,172,179,27534],"class_list":["post-149310","post","type-post","status-publish","format-standard","has-post-thumbnail","hentry","category-mundo","tag-guerra","tag-internacionales","tag-muertos","tag-putin","tag-rusia","tag-ucrania","tag-zelenski"],"yoast_head":"<!-- This site is optimized with the Yoast SEO plugin v27.5 - https:\/\/yoast.com\/product\/yoast-seo-wordpress\/ -->\n<title>Aumenta el n\u00famero de fallecidos a 198 por guerra rusa en Ucrania<\/title>\n<meta name=\"description\" content=\"Mundo\" \/>\n<meta name=\"robots\" content=\"index, follow, max-snippet:-1, max-image-preview:large, max-video-preview:-1\" \/>\n<link rel=\"canonical\" href=\"https:\/\/digital58.com.ve\/site\/2022\/02\/26\/aumenta-el-numero-de-fallecidos-a-198-por-guerra-rusa-en-ucrania\/\" \/>\n<meta property=\"og:locale\" content=\"es_ES\" \/>\n<meta property=\"og:type\" content=\"article\" \/>\n<meta property=\"og:title\" content=\"Aumenta el n\u00famero de fallecidos a 198 por guerra rusa en Ucrania\" \/>\n<meta property=\"og:description\" content=\"Mundo\" \/>\n<meta property=\"og:url\" content=\"https:\/\/digital58.com.ve\/site\/2022\/02\/26\/aumenta-el-numero-de-fallecidos-a-198-por-guerra-rusa-en-ucrania\/\" \/>\n<meta property=\"og:site_name\" content=\"Noticias Digital58\" \/>\n<meta property=\"article:published_time\" content=\"2022-02-26T13:24:54+00:00\" \/>\n<meta property=\"og:image\" content=\"https:\/\/digital58.com.ve\/site\/wp-content\/uploads\/2022\/02\/Guerra-Ucrania-Rusia.jpeg\" \/>\n\t<meta property=\"og:image:width\" content=\"1250\" \/>\n\t<meta property=\"og:image:height\" content=\"793\" \/>\n\t<meta property=\"og:image:type\" content=\"image\/jpeg\" \/>\n<meta name=\"author\" content=\"Victor Infante\" \/>\n<meta name=\"twitter:card\" content=\"summary_large_image\" \/>\n<meta name=\"twitter:creator\" content=\"@Digital_58\" \/>\n<meta name=\"twitter:site\" content=\"@villasmilhfoto\" \/>\n<meta name=\"twitter:label1\" content=\"Escrito por\" \/>\n\t<meta name=\"twitter:data1\" content=\"Victor Infante\" \/>\n\t<meta name=\"twitter:label2\" content=\"Tiempo estimado de lectura\" \/>\n\t<meta name=\"twitter:data2\" content=\"2 minutos\" \/>\n<script type=\"application\/ld+json\" class=\"yoast-schema-graph\">{\"@context\":\"https:\\\/\\\/schema.org\",\"@graph\":[{\"@type\":\"Article\",\"@id\":\"https:\\\/\\\/digital58.com.ve\\\/site\\\/2022\\\/02\\\/26\\\/aumenta-el-numero-de-fallecidos-a-198-por-guerra-rusa-en-ucrania\\\/#article\",\"isPartOf\":{\"@id\":\"https:\\\/\\\/digital58.com.ve\\\/site\\\/2022\\\/02\\\/26\\\/aumenta-el-numero-de-fallecidos-a-198-por-guerra-rusa-en-ucrania\\\/\"},\"author\":{\"name\":\"Victor Infante\",\"@id\":\"https:\\\/\\\/digital58.com.ve\\\/site\\\/#\\\/schema\\\/person\\\/7c2c83fb27249d7c6f59c30c7f141381\"},\"headline\":\"Aumenta el n\u00famero de fallecidos a 198 por guerra rusa en Ucrania\",\"datePublished\":\"2022-02-26T13:24:54+00:00\",\"mainEntityOfPage\":{\"@id\":\"https:\\\/\\\/digital58.com.ve\\\/site\\\/2022\\\/02\\\/26\\\/aumenta-el-numero-de-fallecidos-a-198-por-guerra-rusa-en-ucrania\\\/\"},\"wordCount\":322,\"commentCount\":0,\"publisher\":{\"@id\":\"https:\\\/\\\/digital58.com.ve\\\/site\\\/#\\\/schema\\\/person\\\/64d1c2e4d0d4fd1b849980c4331c2951\"},\"image\":{\"@id\":\"https:\\\/\\\/digital58.com.ve\\\/site\\\/2022\\\/02\\\/26\\\/aumenta-el-numero-de-fallecidos-a-198-por-guerra-rusa-en-ucrania\\\/#primaryimage\"},\"thumbnailUrl\":\"https:\\\/\\\/digital58.com.ve\\\/site\\\/wp-content\\\/uploads\\\/2022\\\/02\\\/Guerra-Ucrania-Rusia.jpeg\",\"keywords\":[\"guerra\",\"Internacionales\",\"Muertos\",\"Putin\",\"Rusia\",\"Ucrania\",\"Zelenski\"],\"articleSection\":[\"Mundo\"],\"inLanguage\":\"es\",\"potentialAction\":[{\"@type\":\"CommentAction\",\"name\":\"Comment\",\"target\":[\"https:\\\/\\\/digital58.com.ve\\\/site\\\/2022\\\/02\\\/26\\\/aumenta-el-numero-de-fallecidos-a-198-por-guerra-rusa-en-ucrania\\\/#respond\"]}]},{\"@type\":\"WebPage\",\"@id\":\"https:\\\/\\\/digital58.com.ve\\\/site\\\/2022\\\/02\\\/26\\\/aumenta-el-numero-de-fallecidos-a-198-por-guerra-rusa-en-ucrania\\\/\",\"url\":\"https:\\\/\\\/digital58.com.ve\\\/site\\\/2022\\\/02\\\/26\\\/aumenta-el-numero-de-fallecidos-a-198-por-guerra-rusa-en-ucrania\\\/\",\"name\":\"Aumenta el n\u00famero de fallecidos a 198 por guerra rusa en Ucrania\",\"isPartOf\":{\"@id\":\"https:\\\/\\\/digital58.com.ve\\\/site\\\/#website\"},\"primaryImageOfPage\":{\"@id\":\"https:\\\/\\\/digital58.com.ve\\\/site\\\/2022\\\/02\\\/26\\\/aumenta-el-numero-de-fallecidos-a-198-por-guerra-rusa-en-ucrania\\\/#primaryimage\"},\"image\":{\"@id\":\"https:\\\/\\\/digital58.com.ve\\\/site\\\/2022\\\/02\\\/26\\\/aumenta-el-numero-de-fallecidos-a-198-por-guerra-rusa-en-ucrania\\\/#primaryimage\"},\"thumbnailUrl\":\"https:\\\/\\\/digital58.com.ve\\\/site\\\/wp-content\\\/uploads\\\/2022\\\/02\\\/Guerra-Ucrania-Rusia.jpeg\",\"datePublished\":\"2022-02-26T13:24:54+00:00\",\"description\":\"Mundo\",\"breadcrumb\":{\"@id\":\"https:\\\/\\\/digital58.com.ve\\\/site\\\/2022\\\/02\\\/26\\\/aumenta-el-numero-de-fallecidos-a-198-por-guerra-rusa-en-ucrania\\\/#breadcrumb\"},\"inLanguage\":\"es\",\"potentialAction\":[{\"@type\":\"ReadAction\",\"target\":[\"https:\\\/\\\/digital58.com.ve\\\/site\\\/2022\\\/02\\\/26\\\/aumenta-el-numero-de-fallecidos-a-198-por-guerra-rusa-en-ucrania\\\/\"]}]},{\"@type\":\"ImageObject\",\"inLanguage\":\"es\",\"@id\":\"https:\\\/\\\/digital58.com.ve\\\/site\\\/2022\\\/02\\\/26\\\/aumenta-el-numero-de-fallecidos-a-198-por-guerra-rusa-en-ucrania\\\/#primaryimage\",\"url\":\"https:\\\/\\\/digital58.com.ve\\\/site\\\/wp-content\\\/uploads\\\/2022\\\/02\\\/Guerra-Ucrania-Rusia.jpeg\",\"contentUrl\":\"https:\\\/\\\/digital58.com.ve\\\/site\\\/wp-content\\\/uploads\\\/2022\\\/02\\\/Guerra-Ucrania-Rusia.jpeg\",\"width\":900,\"height\":571,\"caption\":\"Kiev (Ukraine), 25\\\/02\\\/2022.- Aftermath of an overnight shelling at a residential area in Kiev, Ukraine, 25 February 2022. Russian troops entered Ukraine on 24 February prompting the country's president to declare martial law. (Rusia, Ucrania) EFE\\\/EPA\\\/SERGEY DOLZHENKO\"},{\"@type\":\"BreadcrumbList\",\"@id\":\"https:\\\/\\\/digital58.com.ve\\\/site\\\/2022\\\/02\\\/26\\\/aumenta-el-numero-de-fallecidos-a-198-por-guerra-rusa-en-ucrania\\\/#breadcrumb\",\"itemListElement\":[{\"@type\":\"ListItem\",\"position\":1,\"name\":\"Home\",\"item\":\"https:\\\/\\\/digital58.com.ve\\\/site\\\/\"},{\"@type\":\"ListItem\",\"position\":2,\"name\":\"Aumenta el n\u00famero de fallecidos a 198 por guerra rusa en Ucrania\"}]},{\"@type\":\"WebSite\",\"@id\":\"https:\\\/\\\/digital58.com.ve\\\/site\\\/#website\",\"url\":\"https:\\\/\\\/digital58.com.ve\\\/site\\\/\",\"name\":\"Noticias Digital58\",\"description\":\"Portal de Noticias \u00a1Periodismo web de verdad! Lanzamiento web 22.11.2005 \\\/ Maracaibo, Venezuela\",\"publisher\":{\"@id\":\"https:\\\/\\\/digital58.com.ve\\\/site\\\/#\\\/schema\\\/person\\\/64d1c2e4d0d4fd1b849980c4331c2951\"},\"alternateName\":\"ND58\",\"potentialAction\":[{\"@type\":\"SearchAction\",\"target\":{\"@type\":\"EntryPoint\",\"urlTemplate\":\"https:\\\/\\\/digital58.com.ve\\\/site\\\/?s={search_term_string}\"},\"query-input\":{\"@type\":\"PropertyValueSpecification\",\"valueRequired\":true,\"valueName\":\"search_term_string\"}}],\"inLanguage\":\"es\"},{\"@type\":[\"Person\",\"Organization\"],\"@id\":\"https:\\\/\\\/digital58.com.ve\\\/site\\\/#\\\/schema\\\/person\\\/64d1c2e4d0d4fd1b849980c4331c2951\",\"name\":\"Villasmil Henry\",\"image\":{\"@type\":\"ImageObject\",\"inLanguage\":\"es\",\"@id\":\"https:\\\/\\\/secure.gravatar.com\\\/avatar\\\/bb0c4a2fcb7970138239f7e404ea75757b1b507b28b5ce4c53fbd62d797c5a7c?s=96&d=mm&r=g\",\"url\":\"https:\\\/\\\/secure.gravatar.com\\\/avatar\\\/bb0c4a2fcb7970138239f7e404ea75757b1b507b28b5ce4c53fbd62d797c5a7c?s=96&d=mm&r=g\",\"contentUrl\":\"https:\\\/\\\/secure.gravatar.com\\\/avatar\\\/bb0c4a2fcb7970138239f7e404ea75757b1b507b28b5ce4c53fbd62d797c5a7c?s=96&d=mm&r=g\",\"caption\":\"Villasmil Henry\"},\"logo\":{\"@id\":\"https:\\\/\\\/secure.gravatar.com\\\/avatar\\\/bb0c4a2fcb7970138239f7e404ea75757b1b507b28b5ce4c53fbd62d797c5a7c?s=96&d=mm&r=g\"},\"sameAs\":[\"http:\\\/\\\/www.henryvillasmil.com.ve\",\"https:\\\/\\\/www.instagram.com\\\/villasmilhfoto\\\/\",\"https:\\\/\\\/x.com\\\/https:\\\/\\\/twitter.com\\\/villasmilhfoto\"]},{\"@type\":\"Person\",\"@id\":\"https:\\\/\\\/digital58.com.ve\\\/site\\\/#\\\/schema\\\/person\\\/7c2c83fb27249d7c6f59c30c7f141381\",\"name\":\"Victor Infante\",\"image\":{\"@type\":\"ImageObject\",\"inLanguage\":\"es\",\"@id\":\"https:\\\/\\\/secure.gravatar.com\\\/avatar\\\/106ae6d84ee67222a78df20df89da71bb5069c89d1fd27272140999a3f842596?s=96&d=mm&r=g\",\"url\":\"https:\\\/\\\/secure.gravatar.com\\\/avatar\\\/106ae6d84ee67222a78df20df89da71bb5069c89d1fd27272140999a3f842596?s=96&d=mm&r=g\",\"contentUrl\":\"https:\\\/\\\/secure.gravatar.com\\\/avatar\\\/106ae6d84ee67222a78df20df89da71bb5069c89d1fd27272140999a3f842596?s=96&d=mm&r=g\",\"caption\":\"Victor Infante\"},\"url\":\"https:\\\/\\\/digital58.com.ve\\\/site\\\/author\\\/vinfante22\\\/\"}]}<\/script>\n<!-- \/ Yoast SEO plugin. -->","yoast_head_json":{"title":"Aumenta el n\u00famero de fallecidos a 198 por guerra rusa en Ucrania","description":"Mundo","robots":{"index":"index","follow":"follow","max-snippet":"max-snippet:-1","max-image-preview":"max-image-preview:large","max-video-preview":"max-video-preview:-1"},"canonical":"https:\/\/digital58.com.ve\/site\/2022\/02\/26\/aumenta-el-numero-de-fallecidos-a-198-por-guerra-rusa-en-ucrania\/","og_locale":"es_ES","og_type":"article","og_title":"Aumenta el n\u00famero de fallecidos a 198 por guerra rusa en Ucrania","og_description":"Mundo","og_url":"https:\/\/digital58.com.ve\/site\/2022\/02\/26\/aumenta-el-numero-de-fallecidos-a-198-por-guerra-rusa-en-ucrania\/","og_site_name":"Noticias Digital58","article_published_time":"2022-02-26T13:24:54+00:00","og_image":[{"width":1250,"height":793,"url":"https:\/\/digital58.com.ve\/site\/wp-content\/uploads\/2022\/02\/Guerra-Ucrania-Rusia.jpeg","type":"image\/jpeg"}],"author":"Victor Infante","twitter_card":"summary_large_image","twitter_creator":"@Digital_58","twitter_site":"@villasmilhfoto","twitter_misc":{"Escrito por":"Victor Infante","Tiempo estimado de lectura":"2 minutos"},"schema":{"@context":"https:\/\/schema.org","@graph":[{"@type":"Article","@id":"https:\/\/digital58.com.ve\/site\/2022\/02\/26\/aumenta-el-numero-de-fallecidos-a-198-por-guerra-rusa-en-ucrania\/#article","isPartOf":{"@id":"https:\/\/digital58.com.ve\/site\/2022\/02\/26\/aumenta-el-numero-de-fallecidos-a-198-por-guerra-rusa-en-ucrania\/"},"author":{"name":"Victor Infante","@id":"https:\/\/digital58.com.ve\/site\/#\/schema\/person\/7c2c83fb27249d7c6f59c30c7f141381"},"headline":"Aumenta el n\u00famero de fallecidos a 198 por guerra rusa en Ucrania","datePublished":"2022-02-26T13:24:54+00:00","mainEntityOfPage":{"@id":"https:\/\/digital58.com.ve\/site\/2022\/02\/26\/aumenta-el-numero-de-fallecidos-a-198-por-guerra-rusa-en-ucrania\/"},"wordCount":322,"commentCount":0,"publisher":{"@id":"https:\/\/digital58.com.ve\/site\/#\/schema\/person\/64d1c2e4d0d4fd1b849980c4331c2951"},"image":{"@id":"https:\/\/digital58.com.ve\/site\/2022\/02\/26\/aumenta-el-numero-de-fallecidos-a-198-por-guerra-rusa-en-ucrania\/#primaryimage"},"thumbnailUrl":"https:\/\/digital58.com.ve\/site\/wp-content\/uploads\/2022\/02\/Guerra-Ucrania-Rusia.jpeg","keywords":["guerra","Internacionales","Muertos","Putin","Rusia","Ucrania","Zelenski"],"articleSection":["Mundo"],"inLanguage":"es","potentialAction":[{"@type":"CommentAction","name":"Comment","target":["https:\/\/digital58.com.ve\/site\/2022\/02\/26\/aumenta-el-numero-de-fallecidos-a-198-por-guerra-rusa-en-ucrania\/#respond"]}]},{"@type":"WebPage","@id":"https:\/\/digital58.com.ve\/site\/2022\/02\/26\/aumenta-el-numero-de-fallecidos-a-198-por-guerra-rusa-en-ucrania\/","url":"https:\/\/digital58.com.ve\/site\/2022\/02\/26\/aumenta-el-numero-de-fallecidos-a-198-por-guerra-rusa-en-ucrania\/","name":"Aumenta el n\u00famero de fallecidos a 198 por guerra rusa en Ucrania","isPartOf":{"@id":"https:\/\/digital58.com.ve\/site\/#website"},"primaryImageOfPage":{"@id":"https:\/\/digital58.com.ve\/site\/2022\/02\/26\/aumenta-el-numero-de-fallecidos-a-198-por-guerra-rusa-en-ucrania\/#primaryimage"},"image":{"@id":"https:\/\/digital58.com.ve\/site\/2022\/02\/26\/aumenta-el-numero-de-fallecidos-a-198-por-guerra-rusa-en-ucrania\/#primaryimage"},"thumbnailUrl":"https:\/\/digital58.com.ve\/site\/wp-content\/uploads\/2022\/02\/Guerra-Ucrania-Rusia.jpeg","datePublished":"2022-02-26T13:24:54+00:00","description":"Mundo","breadcrumb":{"@id":"https:\/\/digital58.com.ve\/site\/2022\/02\/26\/aumenta-el-numero-de-fallecidos-a-198-por-guerra-rusa-en-ucrania\/#breadcrumb"},"inLanguage":"es","potentialAction":[{"@type":"ReadAction","target":["https:\/\/digital58.com.ve\/site\/2022\/02\/26\/aumenta-el-numero-de-fallecidos-a-198-por-guerra-rusa-en-ucrania\/"]}]},{"@type":"ImageObject","inLanguage":"es","@id":"https:\/\/digital58.com.ve\/site\/2022\/02\/26\/aumenta-el-numero-de-fallecidos-a-198-por-guerra-rusa-en-ucrania\/#primaryimage","url":"https:\/\/digital58.com.ve\/site\/wp-content\/uploads\/2022\/02\/Guerra-Ucrania-Rusia.jpeg","contentUrl":"https:\/\/digital58.com.ve\/site\/wp-content\/uploads\/2022\/02\/Guerra-Ucrania-Rusia.jpeg","width":900,"height":571,"caption":"Kiev (Ukraine), 25\/02\/2022.- Aftermath of an overnight shelling at a residential area in Kiev, Ukraine, 25 February 2022. Russian troops entered Ukraine on 24 February prompting the country's president to declare martial law. (Rusia, Ucrania) EFE\/EPA\/SERGEY DOLZHENKO"},{"@type":"BreadcrumbList","@id":"https:\/\/digital58.com.ve\/site\/2022\/02\/26\/aumenta-el-numero-de-fallecidos-a-198-por-guerra-rusa-en-ucrania\/#breadcrumb","itemListElement":[{"@type":"ListItem","position":1,"name":"Home","item":"https:\/\/digital58.com.ve\/site\/"},{"@type":"ListItem","position":2,"name":"Aumenta el n\u00famero de fallecidos a 198 por guerra rusa en Ucrania"}]},{"@type":"WebSite","@id":"https:\/\/digital58.com.ve\/site\/#website","url":"https:\/\/digital58.com.ve\/site\/","name":"Noticias Digital58","description":"Portal de Noticias \u00a1Periodismo web de verdad! Lanzamiento web 22.11.2005 \/ Maracaibo, Venezuela","publisher":{"@id":"https:\/\/digital58.com.ve\/site\/#\/schema\/person\/64d1c2e4d0d4fd1b849980c4331c2951"},"alternateName":"ND58","potentialAction":[{"@type":"SearchAction","target":{"@type":"EntryPoint","urlTemplate":"https:\/\/digital58.com.ve\/site\/?s={search_term_string}"},"query-input":{"@type":"PropertyValueSpecification","valueRequired":true,"valueName":"search_term_string"}}],"inLanguage":"es"},{"@type":["Person","Organization"],"@id":"https:\/\/digital58.com.ve\/site\/#\/schema\/person\/64d1c2e4d0d4fd1b849980c4331c2951","name":"Villasmil Henry","image":{"@type":"ImageObject","inLanguage":"es","@id":"https:\/\/secure.gravatar.com\/avatar\/bb0c4a2fcb7970138239f7e404ea75757b1b507b28b5ce4c53fbd62d797c5a7c?s=96&d=mm&r=g","url":"https:\/\/secure.gravatar.com\/avatar\/bb0c4a2fcb7970138239f7e404ea75757b1b507b28b5ce4c53fbd62d797c5a7c?s=96&d=mm&r=g","contentUrl":"https:\/\/secure.gravatar.com\/avatar\/bb0c4a2fcb7970138239f7e404ea75757b1b507b28b5ce4c53fbd62d797c5a7c?s=96&d=mm&r=g","caption":"Villasmil Henry"},"logo":{"@id":"https:\/\/secure.gravatar.com\/avatar\/bb0c4a2fcb7970138239f7e404ea75757b1b507b28b5ce4c53fbd62d797c5a7c?s=96&d=mm&r=g"},"sameAs":["http:\/\/www.henryvillasmil.com.ve","https:\/\/www.instagram.com\/villasmilhfoto\/","https:\/\/x.com\/https:\/\/twitter.com\/villasmilhfoto"]},{"@type":"Person","@id":"https:\/\/digital58.com.ve\/site\/#\/schema\/person\/7c2c83fb27249d7c6f59c30c7f141381","name":"Victor Infante","image":{"@type":"ImageObject","inLanguage":"es","@id":"https:\/\/secure.gravatar.com\/avatar\/106ae6d84ee67222a78df20df89da71bb5069c89d1fd27272140999a3f842596?s=96&d=mm&r=g","url":"https:\/\/secure.gravatar.com\/avatar\/106ae6d84ee67222a78df20df89da71bb5069c89d1fd27272140999a3f842596?s=96&d=mm&r=g","contentUrl":"https:\/\/secure.gravatar.com\/avatar\/106ae6d84ee67222a78df20df89da71bb5069c89d1fd27272140999a3f842596?s=96&d=mm&r=g","caption":"Victor Infante"},"url":"https:\/\/digital58.com.ve\/site\/author\/vinfante22\/"}]}},"uagb_featured_image_src":{"full":["https:\/\/digital58.com.ve\/site\/wp-content\/uploads\/2022\/02\/Guerra-Ucrania-Rusia.jpeg",900,571,false],"thumbnail":["https:\/\/digital58.com.ve\/site\/wp-content\/uploads\/2022\/02\/Guerra-Ucrania-Rusia-150x150.jpeg",150,150,true],"medium":["https:\/\/digital58.com.ve\/site\/wp-content\/uploads\/2022\/02\/Guerra-Ucrania-Rusia-300x190.jpeg",300,190,true],"medium_large":["https:\/\/digital58.com.ve\/site\/wp-content\/uploads\/2022\/02\/Guerra-Ucrania-Rusia-768x487.jpeg",768,487,true],"large":["https:\/\/digital58.com.ve\/site\/wp-content\/uploads\/2022\/02\/Guerra-Ucrania-Rusia-1000x634.jpeg",800,507,true],"1536x1536":["https:\/\/digital58.com.ve\/site\/wp-content\/uploads\/2022\/02\/Guerra-Ucrania-Rusia.jpeg",900,571,false],"2048x2048":["https:\/\/digital58.com.ve\/site\/wp-content\/uploads\/2022\/02\/Guerra-Ucrania-Rusia.jpeg",900,571,false],"colormag-highlighted-post":["https:\/\/digital58.com.ve\/site\/wp-content\/uploads\/2022\/02\/Guerra-Ucrania-Rusia.jpeg",392,249,false],"colormag-featured-post-medium":["https:\/\/digital58.com.ve\/site\/wp-content\/uploads\/2022\/02\/Guerra-Ucrania-Rusia.jpeg",323,205,false],"colormag-featured-post-small":["https:\/\/digital58.com.ve\/site\/wp-content\/uploads\/2022\/02\/Guerra-Ucrania-Rusia.jpeg",130,82,false],"colormag-featured-image":["https:\/\/digital58.com.ve\/site\/wp-content\/uploads\/2022\/02\/Guerra-Ucrania-Rusia.jpeg",701,445,false],"colormag-default-news":["https:\/\/digital58.com.ve\/site\/wp-content\/uploads\/2022\/02\/Guerra-Ucrania-Rusia.jpeg",150,95,false],"colormag-featured-image-large":["https:\/\/digital58.com.ve\/site\/wp-content\/uploads\/2022\/02\/Guerra-Ucrania-Rusia.jpeg",900,571,false]},"uagb_author_info":{"display_name":"Victor Infante","author_link":"https:\/\/digital58.com.ve\/site\/author\/vinfante22\/"},"uagb_comment_info":0,"uagb_excerpt":"Ucrania registr\u00f3 hoy en al menos 198 los muertos ucranianos por la guerra que lanz\u00f3 Rusia el jueves pasado contra","_links":{"self":[{"href":"https:\/\/digital58.com.ve\/site\/wp-json\/wp\/v2\/posts\/149310","targetHints":{"allow":["GET"]}}],"collection":[{"href":"https:\/\/digital58.com.ve\/site\/wp-json\/wp\/v2\/posts"}],"about":[{"href":"https:\/\/digital58.com.ve\/site\/wp-json\/wp\/v2\/types\/post"}],"author":[{"embeddable":true,"href":"https:\/\/digital58.com.ve\/site\/wp-json\/wp\/v2\/users\/40"}],"replies":[{"embeddable":true,"href":"https:\/\/digital58.com.ve\/site\/wp-json\/wp\/v2\/comments?post=149310"}],"version-history":[{"count":0,"href":"https:\/\/digital58.com.ve\/site\/wp-json\/wp\/v2\/posts\/149310\/revisions"}],"wp:featuredmedia":[{"embeddable":true,"href":"https:\/\/digital58.com.ve\/site\/wp-json\/wp\/v2\/media\/149313"}],"wp:attachment":[{"href":"https:\/\/digital58.com.ve\/site\/wp-json\/wp\/v2\/media?parent=149310"}],"wp:term":[{"taxonomy":"category","embeddable":true,"href":"https:\/\/digital58.com.ve\/site\/wp-json\/wp\/v2\/categories?post=149310"},{"taxonomy":"post_tag","embeddable":true,"href":"https:\/\/digital58.com.ve\/site\/wp-json\/wp\/v2\/tags?post=149310"}],"curies":[{"name":"wp","href":"https:\/\/api.w.org\/{rel}","templated":true}]}}