{"id":149671,"date":"2022-03-07T10:07:24","date_gmt":"2022-03-07T14:07:24","guid":{"rendered":"https:\/\/digital58.com.ve\/site\/?p=149671"},"modified":"2022-03-07T10:07:24","modified_gmt":"2022-03-07T14:07:24","slug":"cientificos-revelan-un-vinculo-causal-entre-el-grupo-sanguineo-y-los-casos-graves-de-covid-19","status":"publish","type":"post","link":"https:\/\/digital58.com.ve\/site\/2022\/03\/07\/cientificos-revelan-un-vinculo-causal-entre-el-grupo-sanguineo-y-los-casos-graves-de-covid-19\/","title":{"rendered":"Cient\u00edficos revelan un v\u00ednculo causal entre el grupo sangu\u00edneo y los casos graves de COVID-19"},"content":{"rendered":"<p><img loading=\"lazy\" decoding=\"async\" class=\" wp-image-143879 aligncenter\" src=\"https:\/\/digital58.com.ve\/site\/wp-content\/uploads\/2021\/10\/covidtest-300x180.jpg\" alt=\"\" width=\"660\" height=\"396\" srcset=\"https:\/\/digital58.com.ve\/site\/wp-content\/uploads\/2021\/10\/covidtest-300x180.jpg 300w, https:\/\/digital58.com.ve\/site\/wp-content\/uploads\/2021\/10\/covidtest-768x461.jpg 768w, https:\/\/digital58.com.ve\/site\/wp-content\/uploads\/2021\/10\/covidtest.jpg 930w\" sizes=\"auto, (max-width: 660px) 100vw, 660px\" \/><\/p>\n<p>Adem\u00e1s, los investigadores identificaron seis prote\u00ednas relacionadas con un curso severo de la enfermedad y ocho que podr\u00edan proteger contra una afecci\u00f3n grave<\/p>\n<p><strong>Internacionales, 07 de marzo de 2022 (ND58).-<\/strong> Un nuevo estudio, publicado en la revista PLOS Genetics, revel\u00f3 una visi\u00f3n m\u00e1s clara sobre la relaci\u00f3n entre el grupo sangu\u00edneo de los pacientes y la gravedad de la enfermedad del COVID-19.<\/p>\n<p>Durante el primer a\u00f1o de la pandemia, estudios sugirieron que las personas con sangre tipo A ten\u00edan un mayor riesgo de padecer complicaciones m\u00e1s severas al contraer el coronavirus que otras. Ahora, un grupo de investigadores ha encontrado una posible explicaci\u00f3n.<\/p>\n<p>En esta ocasi\u00f3n, los cient\u00edficos utilizaron la aleatorizaci\u00f3n mendeliana, un m\u00e9todo epidemiol\u00f3gico para comparar las relaciones causales entre los factores de riesgo (en este caso, altos niveles de prote\u00ednas sangu\u00edneas individuales) y las variantes gen\u00e9ticas relacionadas con el resultado de la enfermedad (COVID-19 grave).<\/p>\n<p>\u00abLa causalidad entre la exposici\u00f3n y la enfermedad se puede establecer porque las variantes gen\u00e9ticas heredadas de padres a hijos se asignan aleatoriamente en la concepci\u00f3n, de forma similar a como un ensayo controlado aleatorio asigna a las personas a grupos\u00bb, explica Vincent Millischer de la Universidad M\u00e9dica de Viena.<\/p>\n<p>Seg\u00fan Millischer, en este estudio los grupos se definen por su propensi\u00f3n gen\u00e9tica a diferentes niveles de prote\u00edna en la sangre, \u00ablo que permite evaluar la direcci\u00f3n causal de los niveles altos de prote\u00edna en la sangre hasta la gravedad de la enfermedad del COVID-19, al tiempo que excluye la influencia de factores ambientales\u00bb.<\/p>\n<p>Uno de los principales hallazgos de la investigaci\u00f3n fue una relaci\u00f3n causal entre la gravedad del COVID-19 y una enzima conocida como ABO, que determina el tipo de sangre de las personas, lo que, seg\u00fan los especialistas, sugiere que los grupos sangu\u00edneos juegan un papel clave en el desarrollo de una enfermedad grave o leve.<\/p>\n<p>Sin embargo, Christopher H\u00fcbel del King&#8217;s College London, coautor del estudio, se\u00f1al\u00f3 que este \u00abno establece una conexi\u00f3n entre el grupo sangu\u00edneo exacto y el riesgo de un curso severo de COVID-19\u00bb, pero \u00abcomo investigaciones anteriores han encontrado que la proporci\u00f3n de personas con tipo de sangre A es mayor en pacientes con COVID-19, esto sugiere que el tipo A es el candidato m\u00e1s probable para estudios de seguimiento\u00bb.<\/p>\n<p>Adem\u00e1s, los investigadores identificaron seis prote\u00ednas causalmente relacionadas con un curso severo de la enfermedad y ocho que podr\u00edan proteger contra una afecci\u00f3n grave.<\/p>\n<p>Seg\u00fan los cient\u00edficos, el estudio podr\u00eda ser una plataforma para poder desarrollar nuevos m\u00e9todos de tratamiento y posiblemente terapias preventivas.<\/p>\n<p>&nbsp;<\/p><div class=\"oobxn69f3e452c2da8\" ><p style=\"text-align: center;\"><a href=\"https:\/\/t.me\/noticiasdigital58\" target=\"_blank\" rel=\"noopener\"><img class=\"aligncenter size-full wp-image-125363\" src=\"https:\/\/digital58.com.ve\/site\/wp-content\/uploads\/2021\/04\/banner-telegram-web-2021.png\" alt=\"\" width=\"600\" height=\"90\" \/><\/a><\/p><\/div><style type=\"text\/css\">\r\n@media screen and (min-width: 1201px) {\r\n.oobxn69f3e452c2da8 {\r\ndisplay: block;\r\n}\r\n}\r\n@media screen and (min-width: 993px) and (max-width: 1200px) {\r\n.oobxn69f3e452c2da8 {\r\ndisplay: block;\r\n}\r\n}\r\n@media screen and (min-width: 769px) and (max-width: 992px) {\r\n.oobxn69f3e452c2da8 {\r\ndisplay: block;\r\n}\r\n}\r\n@media screen and (min-width: 768px) and (max-width: 768px) {\r\n.oobxn69f3e452c2da8 {\r\ndisplay: block;\r\n}\r\n}\r\n@media screen and (max-width: 767px) {\r\n.oobxn69f3e452c2da8 {\r\ndisplay: block;\r\n}\r\n}\r\n<\/style>\r\n\n<p><strong>Redacci\u00f3n ND58 | Fuente: RT<\/strong><br \/>\n<strong>Edici\u00f3n: Villasmil, Henry<\/strong><br \/>\n<strong>Gr\u00e1fica: Archivo<\/strong><\/p>\n<div style=\"margin-top: 0px; margin-bottom: 0px;\" class=\"sharethis-inline-share-buttons\" ><\/div>","protected":false},"excerpt":{"rendered":"<p>Adem\u00e1s, los investigadores identificaron seis prote\u00ednas relacionadas con un curso severo de la enfermedad y ocho que podr\u00edan proteger contra<\/p>\n","protected":false},"author":40,"featured_media":144968,"comment_status":"open","ping_status":"closed","sticky":false,"template":"","format":"standard","meta":{"colormag_page_container_layout":"default_layout","colormag_page_sidebar_layout":"default_layout","_uag_custom_page_level_css":"","footnotes":""},"categories":[5405],"tags":[13352,13648,1892,8,269,13793],"class_list":["post-149671","post","type-post","status-publish","format-standard","has-post-thumbnail","hentry","category-salud","tag-coronavirus","tag-covid-19","tag-estudios","tag-internacionales","tag-salud","tag-sars-cov-2"],"yoast_head":"<!-- This site is optimized with the Yoast SEO plugin v27.5 - https:\/\/yoast.com\/product\/yoast-seo-wordpress\/ -->\n<title>Cient\u00edficos revelan un v\u00ednculo causal entre el grupo sangu\u00edneo y los casos graves de COVID-19<\/title>\n<meta name=\"description\" content=\"Salud\" \/>\n<meta name=\"robots\" content=\"index, follow, max-snippet:-1, max-image-preview:large, max-video-preview:-1\" \/>\n<link rel=\"canonical\" href=\"https:\/\/digital58.com.ve\/site\/2022\/03\/07\/cientificos-revelan-un-vinculo-causal-entre-el-grupo-sanguineo-y-los-casos-graves-de-covid-19\/\" \/>\n<meta property=\"og:locale\" content=\"es_ES\" \/>\n<meta property=\"og:type\" content=\"article\" \/>\n<meta property=\"og:title\" content=\"Cient\u00edficos revelan un v\u00ednculo causal entre el grupo sangu\u00edneo y los casos graves de COVID-19\" \/>\n<meta property=\"og:description\" content=\"Salud\" \/>\n<meta property=\"og:url\" content=\"https:\/\/digital58.com.ve\/site\/2022\/03\/07\/cientificos-revelan-un-vinculo-causal-entre-el-grupo-sanguineo-y-los-casos-graves-de-covid-19\/\" \/>\n<meta property=\"og:site_name\" content=\"Noticias Digital58\" \/>\n<meta property=\"article:published_time\" content=\"2022-03-07T14:07:24+00:00\" \/>\n<meta property=\"og:image\" content=\"https:\/\/digital58.com.ve\/site\/wp-content\/uploads\/2021\/11\/nueva-cepa-covid.jpg\" \/>\n\t<meta property=\"og:image:width\" content=\"900\" \/>\n\t<meta property=\"og:image:height\" content=\"600\" \/>\n\t<meta property=\"og:image:type\" content=\"image\/jpeg\" \/>\n<meta name=\"author\" content=\"Victor Infante\" \/>\n<meta name=\"twitter:card\" content=\"summary_large_image\" \/>\n<meta name=\"twitter:creator\" content=\"@Digital_58\" \/>\n<meta name=\"twitter:site\" content=\"@villasmilhfoto\" \/>\n<meta name=\"twitter:label1\" content=\"Escrito por\" \/>\n\t<meta name=\"twitter:data1\" content=\"Victor Infante\" \/>\n\t<meta name=\"twitter:label2\" content=\"Tiempo estimado de lectura\" \/>\n\t<meta name=\"twitter:data2\" content=\"3 minutos\" \/>\n<script type=\"application\/ld+json\" class=\"yoast-schema-graph\">{\"@context\":\"https:\\\/\\\/schema.org\",\"@graph\":[{\"@type\":\"Article\",\"@id\":\"https:\\\/\\\/digital58.com.ve\\\/site\\\/2022\\\/03\\\/07\\\/cientificos-revelan-un-vinculo-causal-entre-el-grupo-sanguineo-y-los-casos-graves-de-covid-19\\\/#article\",\"isPartOf\":{\"@id\":\"https:\\\/\\\/digital58.com.ve\\\/site\\\/2022\\\/03\\\/07\\\/cientificos-revelan-un-vinculo-causal-entre-el-grupo-sanguineo-y-los-casos-graves-de-covid-19\\\/\"},\"author\":{\"name\":\"Victor Infante\",\"@id\":\"https:\\\/\\\/digital58.com.ve\\\/site\\\/#\\\/schema\\\/person\\\/7c2c83fb27249d7c6f59c30c7f141381\"},\"headline\":\"Cient\u00edficos revelan un v\u00ednculo causal entre el grupo sangu\u00edneo y los casos graves de COVID-19\",\"datePublished\":\"2022-03-07T14:07:24+00:00\",\"mainEntityOfPage\":{\"@id\":\"https:\\\/\\\/digital58.com.ve\\\/site\\\/2022\\\/03\\\/07\\\/cientificos-revelan-un-vinculo-causal-entre-el-grupo-sanguineo-y-los-casos-graves-de-covid-19\\\/\"},\"wordCount\":498,\"commentCount\":0,\"publisher\":{\"@id\":\"https:\\\/\\\/digital58.com.ve\\\/site\\\/#\\\/schema\\\/person\\\/64d1c2e4d0d4fd1b849980c4331c2951\"},\"image\":{\"@id\":\"https:\\\/\\\/digital58.com.ve\\\/site\\\/2022\\\/03\\\/07\\\/cientificos-revelan-un-vinculo-causal-entre-el-grupo-sanguineo-y-los-casos-graves-de-covid-19\\\/#primaryimage\"},\"thumbnailUrl\":\"https:\\\/\\\/digital58.com.ve\\\/site\\\/wp-content\\\/uploads\\\/2021\\\/11\\\/nueva-cepa-covid.jpg\",\"keywords\":[\"Coronavirus\",\"COVID-19\",\"Estudios\",\"Internacionales\",\"Salud\",\"SARS-CoV-2\"],\"articleSection\":[\"Salud\"],\"inLanguage\":\"es\",\"potentialAction\":[{\"@type\":\"CommentAction\",\"name\":\"Comment\",\"target\":[\"https:\\\/\\\/digital58.com.ve\\\/site\\\/2022\\\/03\\\/07\\\/cientificos-revelan-un-vinculo-causal-entre-el-grupo-sanguineo-y-los-casos-graves-de-covid-19\\\/#respond\"]}]},{\"@type\":\"WebPage\",\"@id\":\"https:\\\/\\\/digital58.com.ve\\\/site\\\/2022\\\/03\\\/07\\\/cientificos-revelan-un-vinculo-causal-entre-el-grupo-sanguineo-y-los-casos-graves-de-covid-19\\\/\",\"url\":\"https:\\\/\\\/digital58.com.ve\\\/site\\\/2022\\\/03\\\/07\\\/cientificos-revelan-un-vinculo-causal-entre-el-grupo-sanguineo-y-los-casos-graves-de-covid-19\\\/\",\"name\":\"Cient\u00edficos revelan un v\u00ednculo causal entre el grupo sangu\u00edneo y los casos graves de COVID-19\",\"isPartOf\":{\"@id\":\"https:\\\/\\\/digital58.com.ve\\\/site\\\/#website\"},\"primaryImageOfPage\":{\"@id\":\"https:\\\/\\\/digital58.com.ve\\\/site\\\/2022\\\/03\\\/07\\\/cientificos-revelan-un-vinculo-causal-entre-el-grupo-sanguineo-y-los-casos-graves-de-covid-19\\\/#primaryimage\"},\"image\":{\"@id\":\"https:\\\/\\\/digital58.com.ve\\\/site\\\/2022\\\/03\\\/07\\\/cientificos-revelan-un-vinculo-causal-entre-el-grupo-sanguineo-y-los-casos-graves-de-covid-19\\\/#primaryimage\"},\"thumbnailUrl\":\"https:\\\/\\\/digital58.com.ve\\\/site\\\/wp-content\\\/uploads\\\/2021\\\/11\\\/nueva-cepa-covid.jpg\",\"datePublished\":\"2022-03-07T14:07:24+00:00\",\"description\":\"Salud\",\"breadcrumb\":{\"@id\":\"https:\\\/\\\/digital58.com.ve\\\/site\\\/2022\\\/03\\\/07\\\/cientificos-revelan-un-vinculo-causal-entre-el-grupo-sanguineo-y-los-casos-graves-de-covid-19\\\/#breadcrumb\"},\"inLanguage\":\"es\",\"potentialAction\":[{\"@type\":\"ReadAction\",\"target\":[\"https:\\\/\\\/digital58.com.ve\\\/site\\\/2022\\\/03\\\/07\\\/cientificos-revelan-un-vinculo-causal-entre-el-grupo-sanguineo-y-los-casos-graves-de-covid-19\\\/\"]}]},{\"@type\":\"ImageObject\",\"inLanguage\":\"es\",\"@id\":\"https:\\\/\\\/digital58.com.ve\\\/site\\\/2022\\\/03\\\/07\\\/cientificos-revelan-un-vinculo-causal-entre-el-grupo-sanguineo-y-los-casos-graves-de-covid-19\\\/#primaryimage\",\"url\":\"https:\\\/\\\/digital58.com.ve\\\/site\\\/wp-content\\\/uploads\\\/2021\\\/11\\\/nueva-cepa-covid.jpg\",\"contentUrl\":\"https:\\\/\\\/digital58.com.ve\\\/site\\\/wp-content\\\/uploads\\\/2021\\\/11\\\/nueva-cepa-covid.jpg\",\"width\":900,\"height\":600},{\"@type\":\"BreadcrumbList\",\"@id\":\"https:\\\/\\\/digital58.com.ve\\\/site\\\/2022\\\/03\\\/07\\\/cientificos-revelan-un-vinculo-causal-entre-el-grupo-sanguineo-y-los-casos-graves-de-covid-19\\\/#breadcrumb\",\"itemListElement\":[{\"@type\":\"ListItem\",\"position\":1,\"name\":\"Home\",\"item\":\"https:\\\/\\\/digital58.com.ve\\\/site\\\/\"},{\"@type\":\"ListItem\",\"position\":2,\"name\":\"Cient\u00edficos revelan un v\u00ednculo causal entre el grupo sangu\u00edneo y los casos graves de COVID-19\"}]},{\"@type\":\"WebSite\",\"@id\":\"https:\\\/\\\/digital58.com.ve\\\/site\\\/#website\",\"url\":\"https:\\\/\\\/digital58.com.ve\\\/site\\\/\",\"name\":\"Noticias Digital58\",\"description\":\"Portal de Noticias \u00a1Periodismo web de verdad! Lanzamiento web 22.11.2005 \\\/ Maracaibo, Venezuela\",\"publisher\":{\"@id\":\"https:\\\/\\\/digital58.com.ve\\\/site\\\/#\\\/schema\\\/person\\\/64d1c2e4d0d4fd1b849980c4331c2951\"},\"alternateName\":\"ND58\",\"potentialAction\":[{\"@type\":\"SearchAction\",\"target\":{\"@type\":\"EntryPoint\",\"urlTemplate\":\"https:\\\/\\\/digital58.com.ve\\\/site\\\/?s={search_term_string}\"},\"query-input\":{\"@type\":\"PropertyValueSpecification\",\"valueRequired\":true,\"valueName\":\"search_term_string\"}}],\"inLanguage\":\"es\"},{\"@type\":[\"Person\",\"Organization\"],\"@id\":\"https:\\\/\\\/digital58.com.ve\\\/site\\\/#\\\/schema\\\/person\\\/64d1c2e4d0d4fd1b849980c4331c2951\",\"name\":\"Villasmil Henry\",\"image\":{\"@type\":\"ImageObject\",\"inLanguage\":\"es\",\"@id\":\"https:\\\/\\\/secure.gravatar.com\\\/avatar\\\/bb0c4a2fcb7970138239f7e404ea75757b1b507b28b5ce4c53fbd62d797c5a7c?s=96&d=mm&r=g\",\"url\":\"https:\\\/\\\/secure.gravatar.com\\\/avatar\\\/bb0c4a2fcb7970138239f7e404ea75757b1b507b28b5ce4c53fbd62d797c5a7c?s=96&d=mm&r=g\",\"contentUrl\":\"https:\\\/\\\/secure.gravatar.com\\\/avatar\\\/bb0c4a2fcb7970138239f7e404ea75757b1b507b28b5ce4c53fbd62d797c5a7c?s=96&d=mm&r=g\",\"caption\":\"Villasmil Henry\"},\"logo\":{\"@id\":\"https:\\\/\\\/secure.gravatar.com\\\/avatar\\\/bb0c4a2fcb7970138239f7e404ea75757b1b507b28b5ce4c53fbd62d797c5a7c?s=96&d=mm&r=g\"},\"sameAs\":[\"http:\\\/\\\/www.henryvillasmil.com.ve\",\"https:\\\/\\\/www.instagram.com\\\/villasmilhfoto\\\/\",\"https:\\\/\\\/x.com\\\/https:\\\/\\\/twitter.com\\\/villasmilhfoto\"]},{\"@type\":\"Person\",\"@id\":\"https:\\\/\\\/digital58.com.ve\\\/site\\\/#\\\/schema\\\/person\\\/7c2c83fb27249d7c6f59c30c7f141381\",\"name\":\"Victor Infante\",\"image\":{\"@type\":\"ImageObject\",\"inLanguage\":\"es\",\"@id\":\"https:\\\/\\\/secure.gravatar.com\\\/avatar\\\/106ae6d84ee67222a78df20df89da71bb5069c89d1fd27272140999a3f842596?s=96&d=mm&r=g\",\"url\":\"https:\\\/\\\/secure.gravatar.com\\\/avatar\\\/106ae6d84ee67222a78df20df89da71bb5069c89d1fd27272140999a3f842596?s=96&d=mm&r=g\",\"contentUrl\":\"https:\\\/\\\/secure.gravatar.com\\\/avatar\\\/106ae6d84ee67222a78df20df89da71bb5069c89d1fd27272140999a3f842596?s=96&d=mm&r=g\",\"caption\":\"Victor Infante\"},\"url\":\"https:\\\/\\\/digital58.com.ve\\\/site\\\/author\\\/vinfante22\\\/\"}]}<\/script>\n<!-- \/ Yoast SEO plugin. -->","yoast_head_json":{"title":"Cient\u00edficos revelan un v\u00ednculo causal entre el grupo sangu\u00edneo y los casos graves de COVID-19","description":"Salud","robots":{"index":"index","follow":"follow","max-snippet":"max-snippet:-1","max-image-preview":"max-image-preview:large","max-video-preview":"max-video-preview:-1"},"canonical":"https:\/\/digital58.com.ve\/site\/2022\/03\/07\/cientificos-revelan-un-vinculo-causal-entre-el-grupo-sanguineo-y-los-casos-graves-de-covid-19\/","og_locale":"es_ES","og_type":"article","og_title":"Cient\u00edficos revelan un v\u00ednculo causal entre el grupo sangu\u00edneo y los casos graves de COVID-19","og_description":"Salud","og_url":"https:\/\/digital58.com.ve\/site\/2022\/03\/07\/cientificos-revelan-un-vinculo-causal-entre-el-grupo-sanguineo-y-los-casos-graves-de-covid-19\/","og_site_name":"Noticias Digital58","article_published_time":"2022-03-07T14:07:24+00:00","og_image":[{"width":900,"height":600,"url":"https:\/\/digital58.com.ve\/site\/wp-content\/uploads\/2021\/11\/nueva-cepa-covid.jpg","type":"image\/jpeg"}],"author":"Victor Infante","twitter_card":"summary_large_image","twitter_creator":"@Digital_58","twitter_site":"@villasmilhfoto","twitter_misc":{"Escrito por":"Victor Infante","Tiempo estimado de lectura":"3 minutos"},"schema":{"@context":"https:\/\/schema.org","@graph":[{"@type":"Article","@id":"https:\/\/digital58.com.ve\/site\/2022\/03\/07\/cientificos-revelan-un-vinculo-causal-entre-el-grupo-sanguineo-y-los-casos-graves-de-covid-19\/#article","isPartOf":{"@id":"https:\/\/digital58.com.ve\/site\/2022\/03\/07\/cientificos-revelan-un-vinculo-causal-entre-el-grupo-sanguineo-y-los-casos-graves-de-covid-19\/"},"author":{"name":"Victor Infante","@id":"https:\/\/digital58.com.ve\/site\/#\/schema\/person\/7c2c83fb27249d7c6f59c30c7f141381"},"headline":"Cient\u00edficos revelan un v\u00ednculo causal entre el grupo sangu\u00edneo y los casos graves de COVID-19","datePublished":"2022-03-07T14:07:24+00:00","mainEntityOfPage":{"@id":"https:\/\/digital58.com.ve\/site\/2022\/03\/07\/cientificos-revelan-un-vinculo-causal-entre-el-grupo-sanguineo-y-los-casos-graves-de-covid-19\/"},"wordCount":498,"commentCount":0,"publisher":{"@id":"https:\/\/digital58.com.ve\/site\/#\/schema\/person\/64d1c2e4d0d4fd1b849980c4331c2951"},"image":{"@id":"https:\/\/digital58.com.ve\/site\/2022\/03\/07\/cientificos-revelan-un-vinculo-causal-entre-el-grupo-sanguineo-y-los-casos-graves-de-covid-19\/#primaryimage"},"thumbnailUrl":"https:\/\/digital58.com.ve\/site\/wp-content\/uploads\/2021\/11\/nueva-cepa-covid.jpg","keywords":["Coronavirus","COVID-19","Estudios","Internacionales","Salud","SARS-CoV-2"],"articleSection":["Salud"],"inLanguage":"es","potentialAction":[{"@type":"CommentAction","name":"Comment","target":["https:\/\/digital58.com.ve\/site\/2022\/03\/07\/cientificos-revelan-un-vinculo-causal-entre-el-grupo-sanguineo-y-los-casos-graves-de-covid-19\/#respond"]}]},{"@type":"WebPage","@id":"https:\/\/digital58.com.ve\/site\/2022\/03\/07\/cientificos-revelan-un-vinculo-causal-entre-el-grupo-sanguineo-y-los-casos-graves-de-covid-19\/","url":"https:\/\/digital58.com.ve\/site\/2022\/03\/07\/cientificos-revelan-un-vinculo-causal-entre-el-grupo-sanguineo-y-los-casos-graves-de-covid-19\/","name":"Cient\u00edficos revelan un v\u00ednculo causal entre el grupo sangu\u00edneo y los casos graves de COVID-19","isPartOf":{"@id":"https:\/\/digital58.com.ve\/site\/#website"},"primaryImageOfPage":{"@id":"https:\/\/digital58.com.ve\/site\/2022\/03\/07\/cientificos-revelan-un-vinculo-causal-entre-el-grupo-sanguineo-y-los-casos-graves-de-covid-19\/#primaryimage"},"image":{"@id":"https:\/\/digital58.com.ve\/site\/2022\/03\/07\/cientificos-revelan-un-vinculo-causal-entre-el-grupo-sanguineo-y-los-casos-graves-de-covid-19\/#primaryimage"},"thumbnailUrl":"https:\/\/digital58.com.ve\/site\/wp-content\/uploads\/2021\/11\/nueva-cepa-covid.jpg","datePublished":"2022-03-07T14:07:24+00:00","description":"Salud","breadcrumb":{"@id":"https:\/\/digital58.com.ve\/site\/2022\/03\/07\/cientificos-revelan-un-vinculo-causal-entre-el-grupo-sanguineo-y-los-casos-graves-de-covid-19\/#breadcrumb"},"inLanguage":"es","potentialAction":[{"@type":"ReadAction","target":["https:\/\/digital58.com.ve\/site\/2022\/03\/07\/cientificos-revelan-un-vinculo-causal-entre-el-grupo-sanguineo-y-los-casos-graves-de-covid-19\/"]}]},{"@type":"ImageObject","inLanguage":"es","@id":"https:\/\/digital58.com.ve\/site\/2022\/03\/07\/cientificos-revelan-un-vinculo-causal-entre-el-grupo-sanguineo-y-los-casos-graves-de-covid-19\/#primaryimage","url":"https:\/\/digital58.com.ve\/site\/wp-content\/uploads\/2021\/11\/nueva-cepa-covid.jpg","contentUrl":"https:\/\/digital58.com.ve\/site\/wp-content\/uploads\/2021\/11\/nueva-cepa-covid.jpg","width":900,"height":600},{"@type":"BreadcrumbList","@id":"https:\/\/digital58.com.ve\/site\/2022\/03\/07\/cientificos-revelan-un-vinculo-causal-entre-el-grupo-sanguineo-y-los-casos-graves-de-covid-19\/#breadcrumb","itemListElement":[{"@type":"ListItem","position":1,"name":"Home","item":"https:\/\/digital58.com.ve\/site\/"},{"@type":"ListItem","position":2,"name":"Cient\u00edficos revelan un v\u00ednculo causal entre el grupo sangu\u00edneo y los casos graves de COVID-19"}]},{"@type":"WebSite","@id":"https:\/\/digital58.com.ve\/site\/#website","url":"https:\/\/digital58.com.ve\/site\/","name":"Noticias Digital58","description":"Portal de Noticias \u00a1Periodismo web de verdad! Lanzamiento web 22.11.2005 \/ Maracaibo, Venezuela","publisher":{"@id":"https:\/\/digital58.com.ve\/site\/#\/schema\/person\/64d1c2e4d0d4fd1b849980c4331c2951"},"alternateName":"ND58","potentialAction":[{"@type":"SearchAction","target":{"@type":"EntryPoint","urlTemplate":"https:\/\/digital58.com.ve\/site\/?s={search_term_string}"},"query-input":{"@type":"PropertyValueSpecification","valueRequired":true,"valueName":"search_term_string"}}],"inLanguage":"es"},{"@type":["Person","Organization"],"@id":"https:\/\/digital58.com.ve\/site\/#\/schema\/person\/64d1c2e4d0d4fd1b849980c4331c2951","name":"Villasmil Henry","image":{"@type":"ImageObject","inLanguage":"es","@id":"https:\/\/secure.gravatar.com\/avatar\/bb0c4a2fcb7970138239f7e404ea75757b1b507b28b5ce4c53fbd62d797c5a7c?s=96&d=mm&r=g","url":"https:\/\/secure.gravatar.com\/avatar\/bb0c4a2fcb7970138239f7e404ea75757b1b507b28b5ce4c53fbd62d797c5a7c?s=96&d=mm&r=g","contentUrl":"https:\/\/secure.gravatar.com\/avatar\/bb0c4a2fcb7970138239f7e404ea75757b1b507b28b5ce4c53fbd62d797c5a7c?s=96&d=mm&r=g","caption":"Villasmil Henry"},"logo":{"@id":"https:\/\/secure.gravatar.com\/avatar\/bb0c4a2fcb7970138239f7e404ea75757b1b507b28b5ce4c53fbd62d797c5a7c?s=96&d=mm&r=g"},"sameAs":["http:\/\/www.henryvillasmil.com.ve","https:\/\/www.instagram.com\/villasmilhfoto\/","https:\/\/x.com\/https:\/\/twitter.com\/villasmilhfoto"]},{"@type":"Person","@id":"https:\/\/digital58.com.ve\/site\/#\/schema\/person\/7c2c83fb27249d7c6f59c30c7f141381","name":"Victor Infante","image":{"@type":"ImageObject","inLanguage":"es","@id":"https:\/\/secure.gravatar.com\/avatar\/106ae6d84ee67222a78df20df89da71bb5069c89d1fd27272140999a3f842596?s=96&d=mm&r=g","url":"https:\/\/secure.gravatar.com\/avatar\/106ae6d84ee67222a78df20df89da71bb5069c89d1fd27272140999a3f842596?s=96&d=mm&r=g","contentUrl":"https:\/\/secure.gravatar.com\/avatar\/106ae6d84ee67222a78df20df89da71bb5069c89d1fd27272140999a3f842596?s=96&d=mm&r=g","caption":"Victor Infante"},"url":"https:\/\/digital58.com.ve\/site\/author\/vinfante22\/"}]}},"uagb_featured_image_src":{"full":["https:\/\/digital58.com.ve\/site\/wp-content\/uploads\/2021\/11\/nueva-cepa-covid.jpg",900,600,false],"thumbnail":["https:\/\/digital58.com.ve\/site\/wp-content\/uploads\/2021\/11\/nueva-cepa-covid-150x150.jpg",150,150,true],"medium":["https:\/\/digital58.com.ve\/site\/wp-content\/uploads\/2021\/11\/nueva-cepa-covid-300x200.jpg",300,200,true],"medium_large":["https:\/\/digital58.com.ve\/site\/wp-content\/uploads\/2021\/11\/nueva-cepa-covid-768x512.jpg",768,512,true],"large":["https:\/\/digital58.com.ve\/site\/wp-content\/uploads\/2021\/11\/nueva-cepa-covid.jpg",800,533,false],"1536x1536":["https:\/\/digital58.com.ve\/site\/wp-content\/uploads\/2021\/11\/nueva-cepa-covid.jpg",900,600,false],"2048x2048":["https:\/\/digital58.com.ve\/site\/wp-content\/uploads\/2021\/11\/nueva-cepa-covid.jpg",900,600,false],"colormag-highlighted-post":["https:\/\/digital58.com.ve\/site\/wp-content\/uploads\/2021\/11\/nueva-cepa-covid.jpg",392,261,false],"colormag-featured-post-medium":["https:\/\/digital58.com.ve\/site\/wp-content\/uploads\/2021\/11\/nueva-cepa-covid.jpg",308,205,false],"colormag-featured-post-small":["https:\/\/digital58.com.ve\/site\/wp-content\/uploads\/2021\/11\/nueva-cepa-covid.jpg",130,87,false],"colormag-featured-image":["https:\/\/digital58.com.ve\/site\/wp-content\/uploads\/2021\/11\/nueva-cepa-covid.jpg",668,445,false],"colormag-default-news":["https:\/\/digital58.com.ve\/site\/wp-content\/uploads\/2021\/11\/nueva-cepa-covid.jpg",150,100,false],"colormag-featured-image-large":["https:\/\/digital58.com.ve\/site\/wp-content\/uploads\/2021\/11\/nueva-cepa-covid.jpg",900,600,false]},"uagb_author_info":{"display_name":"Victor Infante","author_link":"https:\/\/digital58.com.ve\/site\/author\/vinfante22\/"},"uagb_comment_info":0,"uagb_excerpt":"Adem\u00e1s, los investigadores identificaron seis prote\u00ednas relacionadas con un curso severo de la enfermedad y ocho que podr\u00edan proteger contra","_links":{"self":[{"href":"https:\/\/digital58.com.ve\/site\/wp-json\/wp\/v2\/posts\/149671","targetHints":{"allow":["GET"]}}],"collection":[{"href":"https:\/\/digital58.com.ve\/site\/wp-json\/wp\/v2\/posts"}],"about":[{"href":"https:\/\/digital58.com.ve\/site\/wp-json\/wp\/v2\/types\/post"}],"author":[{"embeddable":true,"href":"https:\/\/digital58.com.ve\/site\/wp-json\/wp\/v2\/users\/40"}],"replies":[{"embeddable":true,"href":"https:\/\/digital58.com.ve\/site\/wp-json\/wp\/v2\/comments?post=149671"}],"version-history":[{"count":0,"href":"https:\/\/digital58.com.ve\/site\/wp-json\/wp\/v2\/posts\/149671\/revisions"}],"wp:featuredmedia":[{"embeddable":true,"href":"https:\/\/digital58.com.ve\/site\/wp-json\/wp\/v2\/media\/144968"}],"wp:attachment":[{"href":"https:\/\/digital58.com.ve\/site\/wp-json\/wp\/v2\/media?parent=149671"}],"wp:term":[{"taxonomy":"category","embeddable":true,"href":"https:\/\/digital58.com.ve\/site\/wp-json\/wp\/v2\/categories?post=149671"},{"taxonomy":"post_tag","embeddable":true,"href":"https:\/\/digital58.com.ve\/site\/wp-json\/wp\/v2\/tags?post=149671"}],"curies":[{"name":"wp","href":"https:\/\/api.w.org\/{rel}","templated":true}]}}