{"id":149771,"date":"2022-03-10T09:19:22","date_gmt":"2022-03-10T13:19:22","guid":{"rendered":"https:\/\/digital58.com.ve\/site\/?p=149771"},"modified":"2022-03-10T09:19:22","modified_gmt":"2022-03-10T13:19:22","slug":"acnur-registra-23-millones-de-refugiados-ucranianos-por-la-guerra","status":"publish","type":"post","link":"https:\/\/digital58.com.ve\/site\/2022\/03\/10\/acnur-registra-23-millones-de-refugiados-ucranianos-por-la-guerra\/","title":{"rendered":"ACNUR registra 2,3 millones de refugiados ucranianos por la guerra"},"content":{"rendered":"<p><img loading=\"lazy\" decoding=\"async\" class=\" wp-image-149772 aligncenter\" src=\"https:\/\/digital58.com.ve\/site\/wp-content\/uploads\/2022\/03\/ACNUR-300x225.jpg\" alt=\"\" width=\"700\" height=\"525\" srcset=\"https:\/\/digital58.com.ve\/site\/wp-content\/uploads\/2022\/03\/ACNUR-300x225.jpg 300w, https:\/\/digital58.com.ve\/site\/wp-content\/uploads\/2022\/03\/ACNUR-1000x750.jpg 1000w, https:\/\/digital58.com.ve\/site\/wp-content\/uploads\/2022\/03\/ACNUR-768x576.jpg 768w, https:\/\/digital58.com.ve\/site\/wp-content\/uploads\/2022\/03\/ACNUR.jpg 1200w\" sizes=\"auto, (max-width: 700px) 100vw, 700px\" \/><\/p>\n<p>La crisis de refugiados es la peor que vive Europa desde la Segunda Guerra Mundial<\/p>\n<p><strong>Ginebra, Suiza, 10 de marzo de 2022 (ND58).-<\/strong> Los ucranianos que se han visto obligados a huir a otros pa\u00edses a consecuencia de la invasi\u00f3n rusa en las dos primeras semanas de conflicto se elevan a 2,31 millones, inform\u00f3 hoy la Agencia de las Naciones Unidas para los Refugiados (ACNUR).<\/p>\n<p>Polonia acoge a 1,4 millones de estos refugiados, mientras que 214.000 se encuentran en Hungr\u00eda, 165.000 en Eslovaquia, 97.000 en Rusia, 84.000 en Ruman\u00eda y 82.000 en Moldavia, de acuerdo con las estad\u00edsticas que actualiza a diario la agencia de la ONU.<\/p>\n<p>A estas cifras se debe sumar un n\u00famero no confirmado de desplazados internos en territorio ucraniano, que ya en los primeros d\u00edas del conflicto se cifraba en m\u00e1s de un mill\u00f3n de personas.<\/p>\n<p>El alto comisionado de la ONU para los refugiados, Filippo Grandi, quien visit\u00f3 recientemente Polonia, Ruman\u00eda y Hungr\u00eda, agradeci\u00f3 en d\u00edas pasados la respuesta europea a la crisis.<\/p>\n<p>\u00abEs imperativo que la comunidad internacional contin\u00fae apoyando esta respuesta a los refugiados y ayude a las comunidades de acogida, particularmente en Moldavia\u00bb, afirm\u00f3. EFE.<\/p>\n<p>&nbsp;<\/p><div class=\"xbxgc69f5a735bd2d3\" ><p style=\"text-align: center;\"><a href=\"https:\/\/t.me\/noticiasdigital58\" target=\"_blank\" rel=\"noopener\"><img class=\"aligncenter size-full wp-image-125363\" src=\"https:\/\/digital58.com.ve\/site\/wp-content\/uploads\/2021\/04\/banner-telegram-web-2021.png\" alt=\"\" width=\"600\" height=\"90\" \/><\/a><\/p><\/div><style type=\"text\/css\">\r\n@media screen and (min-width: 1201px) {\r\n.xbxgc69f5a735bd2d3 {\r\ndisplay: block;\r\n}\r\n}\r\n@media screen and (min-width: 993px) and (max-width: 1200px) {\r\n.xbxgc69f5a735bd2d3 {\r\ndisplay: block;\r\n}\r\n}\r\n@media screen and (min-width: 769px) and (max-width: 992px) {\r\n.xbxgc69f5a735bd2d3 {\r\ndisplay: block;\r\n}\r\n}\r\n@media screen and (min-width: 768px) and (max-width: 768px) {\r\n.xbxgc69f5a735bd2d3 {\r\ndisplay: block;\r\n}\r\n}\r\n@media screen and (max-width: 767px) {\r\n.xbxgc69f5a735bd2d3 {\r\ndisplay: block;\r\n}\r\n}\r\n<\/style>\r\n\n<p><strong>Redacci\u00f3n ND58 | Fuente: EFE<\/strong><br \/>\n<strong>Edici\u00f3n: Villasmil, Henry<\/strong><br \/>\n<strong>Gr\u00e1fica: Cortes\u00eda<\/strong><\/p>\n<div style=\"margin-top: 0px; margin-bottom: 0px;\" class=\"sharethis-inline-share-buttons\" ><\/div>","protected":false},"excerpt":{"rendered":"<p>La crisis de refugiados es la peor que vive Europa desde la Segunda Guerra Mundial Ginebra, Suiza, 10 de marzo<\/p>\n","protected":false},"author":40,"featured_media":149772,"comment_status":"open","ping_status":"closed","sticky":false,"template":"","format":"standard","meta":{"colormag_page_container_layout":"default_layout","colormag_page_sidebar_layout":"default_layout","_uag_custom_page_level_css":"","footnotes":""},"categories":[16451],"tags":[4670,27224,8,7704,172,179],"class_list":["post-149771","post","type-post","status-publish","format-standard","has-post-thumbnail","hentry","category-mundo","tag-acnur","tag-guerra","tag-internacionales","tag-refugiados","tag-rusia","tag-ucrania"],"yoast_head":"<!-- This site is optimized with the Yoast SEO plugin v27.5 - https:\/\/yoast.com\/product\/yoast-seo-wordpress\/ -->\n<title>ACNUR registra 2,3 millones de refugiados ucranianos por la guerra<\/title>\n<meta name=\"description\" content=\"Mundo\" \/>\n<meta name=\"robots\" content=\"index, follow, max-snippet:-1, max-image-preview:large, max-video-preview:-1\" \/>\n<link rel=\"canonical\" href=\"https:\/\/digital58.com.ve\/site\/2022\/03\/10\/acnur-registra-23-millones-de-refugiados-ucranianos-por-la-guerra\/\" \/>\n<meta property=\"og:locale\" content=\"es_ES\" \/>\n<meta property=\"og:type\" content=\"article\" \/>\n<meta property=\"og:title\" content=\"ACNUR registra 2,3 millones de refugiados ucranianos por la guerra\" \/>\n<meta property=\"og:description\" content=\"Mundo\" \/>\n<meta property=\"og:url\" content=\"https:\/\/digital58.com.ve\/site\/2022\/03\/10\/acnur-registra-23-millones-de-refugiados-ucranianos-por-la-guerra\/\" \/>\n<meta property=\"og:site_name\" content=\"Noticias Digital58\" \/>\n<meta property=\"article:published_time\" content=\"2022-03-10T13:19:22+00:00\" \/>\n<meta property=\"og:image\" content=\"https:\/\/digital58.com.ve\/site\/wp-content\/uploads\/2022\/03\/ACNUR.jpg\" \/>\n\t<meta property=\"og:image:width\" content=\"1200\" \/>\n\t<meta property=\"og:image:height\" content=\"900\" \/>\n\t<meta property=\"og:image:type\" content=\"image\/jpeg\" \/>\n<meta name=\"author\" content=\"Victor Infante\" \/>\n<meta name=\"twitter:card\" content=\"summary_large_image\" \/>\n<meta name=\"twitter:creator\" content=\"@Digital_58\" \/>\n<meta name=\"twitter:site\" content=\"@villasmilhfoto\" \/>\n<meta name=\"twitter:label1\" content=\"Escrito por\" \/>\n\t<meta name=\"twitter:data1\" content=\"Victor Infante\" \/>\n\t<meta name=\"twitter:label2\" content=\"Tiempo estimado de lectura\" \/>\n\t<meta name=\"twitter:data2\" content=\"2 minutos\" \/>\n<script type=\"application\/ld+json\" class=\"yoast-schema-graph\">{\"@context\":\"https:\\\/\\\/schema.org\",\"@graph\":[{\"@type\":\"Article\",\"@id\":\"https:\\\/\\\/digital58.com.ve\\\/site\\\/2022\\\/03\\\/10\\\/acnur-registra-23-millones-de-refugiados-ucranianos-por-la-guerra\\\/#article\",\"isPartOf\":{\"@id\":\"https:\\\/\\\/digital58.com.ve\\\/site\\\/2022\\\/03\\\/10\\\/acnur-registra-23-millones-de-refugiados-ucranianos-por-la-guerra\\\/\"},\"author\":{\"name\":\"Victor Infante\",\"@id\":\"https:\\\/\\\/digital58.com.ve\\\/site\\\/#\\\/schema\\\/person\\\/7c2c83fb27249d7c6f59c30c7f141381\"},\"headline\":\"ACNUR registra 2,3 millones de refugiados ucranianos por la guerra\",\"datePublished\":\"2022-03-10T13:19:22+00:00\",\"mainEntityOfPage\":{\"@id\":\"https:\\\/\\\/digital58.com.ve\\\/site\\\/2022\\\/03\\\/10\\\/acnur-registra-23-millones-de-refugiados-ucranianos-por-la-guerra\\\/\"},\"wordCount\":221,\"commentCount\":0,\"publisher\":{\"@id\":\"https:\\\/\\\/digital58.com.ve\\\/site\\\/#\\\/schema\\\/person\\\/64d1c2e4d0d4fd1b849980c4331c2951\"},\"image\":{\"@id\":\"https:\\\/\\\/digital58.com.ve\\\/site\\\/2022\\\/03\\\/10\\\/acnur-registra-23-millones-de-refugiados-ucranianos-por-la-guerra\\\/#primaryimage\"},\"thumbnailUrl\":\"https:\\\/\\\/digital58.com.ve\\\/site\\\/wp-content\\\/uploads\\\/2022\\\/03\\\/ACNUR.jpg\",\"keywords\":[\"ACNUR\",\"guerra\",\"Internacionales\",\"Refugiados\",\"Rusia\",\"Ucrania\"],\"articleSection\":[\"Mundo\"],\"inLanguage\":\"es\",\"potentialAction\":[{\"@type\":\"CommentAction\",\"name\":\"Comment\",\"target\":[\"https:\\\/\\\/digital58.com.ve\\\/site\\\/2022\\\/03\\\/10\\\/acnur-registra-23-millones-de-refugiados-ucranianos-por-la-guerra\\\/#respond\"]}]},{\"@type\":\"WebPage\",\"@id\":\"https:\\\/\\\/digital58.com.ve\\\/site\\\/2022\\\/03\\\/10\\\/acnur-registra-23-millones-de-refugiados-ucranianos-por-la-guerra\\\/\",\"url\":\"https:\\\/\\\/digital58.com.ve\\\/site\\\/2022\\\/03\\\/10\\\/acnur-registra-23-millones-de-refugiados-ucranianos-por-la-guerra\\\/\",\"name\":\"ACNUR registra 2,3 millones de refugiados ucranianos por la guerra\",\"isPartOf\":{\"@id\":\"https:\\\/\\\/digital58.com.ve\\\/site\\\/#website\"},\"primaryImageOfPage\":{\"@id\":\"https:\\\/\\\/digital58.com.ve\\\/site\\\/2022\\\/03\\\/10\\\/acnur-registra-23-millones-de-refugiados-ucranianos-por-la-guerra\\\/#primaryimage\"},\"image\":{\"@id\":\"https:\\\/\\\/digital58.com.ve\\\/site\\\/2022\\\/03\\\/10\\\/acnur-registra-23-millones-de-refugiados-ucranianos-por-la-guerra\\\/#primaryimage\"},\"thumbnailUrl\":\"https:\\\/\\\/digital58.com.ve\\\/site\\\/wp-content\\\/uploads\\\/2022\\\/03\\\/ACNUR.jpg\",\"datePublished\":\"2022-03-10T13:19:22+00:00\",\"description\":\"Mundo\",\"breadcrumb\":{\"@id\":\"https:\\\/\\\/digital58.com.ve\\\/site\\\/2022\\\/03\\\/10\\\/acnur-registra-23-millones-de-refugiados-ucranianos-por-la-guerra\\\/#breadcrumb\"},\"inLanguage\":\"es\",\"potentialAction\":[{\"@type\":\"ReadAction\",\"target\":[\"https:\\\/\\\/digital58.com.ve\\\/site\\\/2022\\\/03\\\/10\\\/acnur-registra-23-millones-de-refugiados-ucranianos-por-la-guerra\\\/\"]}]},{\"@type\":\"ImageObject\",\"inLanguage\":\"es\",\"@id\":\"https:\\\/\\\/digital58.com.ve\\\/site\\\/2022\\\/03\\\/10\\\/acnur-registra-23-millones-de-refugiados-ucranianos-por-la-guerra\\\/#primaryimage\",\"url\":\"https:\\\/\\\/digital58.com.ve\\\/site\\\/wp-content\\\/uploads\\\/2022\\\/03\\\/ACNUR.jpg\",\"contentUrl\":\"https:\\\/\\\/digital58.com.ve\\\/site\\\/wp-content\\\/uploads\\\/2022\\\/03\\\/ACNUR.jpg\",\"width\":1200,\"height\":900},{\"@type\":\"BreadcrumbList\",\"@id\":\"https:\\\/\\\/digital58.com.ve\\\/site\\\/2022\\\/03\\\/10\\\/acnur-registra-23-millones-de-refugiados-ucranianos-por-la-guerra\\\/#breadcrumb\",\"itemListElement\":[{\"@type\":\"ListItem\",\"position\":1,\"name\":\"Home\",\"item\":\"https:\\\/\\\/digital58.com.ve\\\/site\\\/\"},{\"@type\":\"ListItem\",\"position\":2,\"name\":\"ACNUR registra 2,3 millones de refugiados ucranianos por la guerra\"}]},{\"@type\":\"WebSite\",\"@id\":\"https:\\\/\\\/digital58.com.ve\\\/site\\\/#website\",\"url\":\"https:\\\/\\\/digital58.com.ve\\\/site\\\/\",\"name\":\"Noticias Digital58\",\"description\":\"Portal de Noticias \u00a1Periodismo web de verdad! Lanzamiento web 22.11.2005 \\\/ Maracaibo, Venezuela\",\"publisher\":{\"@id\":\"https:\\\/\\\/digital58.com.ve\\\/site\\\/#\\\/schema\\\/person\\\/64d1c2e4d0d4fd1b849980c4331c2951\"},\"alternateName\":\"ND58\",\"potentialAction\":[{\"@type\":\"SearchAction\",\"target\":{\"@type\":\"EntryPoint\",\"urlTemplate\":\"https:\\\/\\\/digital58.com.ve\\\/site\\\/?s={search_term_string}\"},\"query-input\":{\"@type\":\"PropertyValueSpecification\",\"valueRequired\":true,\"valueName\":\"search_term_string\"}}],\"inLanguage\":\"es\"},{\"@type\":[\"Person\",\"Organization\"],\"@id\":\"https:\\\/\\\/digital58.com.ve\\\/site\\\/#\\\/schema\\\/person\\\/64d1c2e4d0d4fd1b849980c4331c2951\",\"name\":\"Villasmil Henry\",\"image\":{\"@type\":\"ImageObject\",\"inLanguage\":\"es\",\"@id\":\"https:\\\/\\\/secure.gravatar.com\\\/avatar\\\/bb0c4a2fcb7970138239f7e404ea75757b1b507b28b5ce4c53fbd62d797c5a7c?s=96&d=mm&r=g\",\"url\":\"https:\\\/\\\/secure.gravatar.com\\\/avatar\\\/bb0c4a2fcb7970138239f7e404ea75757b1b507b28b5ce4c53fbd62d797c5a7c?s=96&d=mm&r=g\",\"contentUrl\":\"https:\\\/\\\/secure.gravatar.com\\\/avatar\\\/bb0c4a2fcb7970138239f7e404ea75757b1b507b28b5ce4c53fbd62d797c5a7c?s=96&d=mm&r=g\",\"caption\":\"Villasmil Henry\"},\"logo\":{\"@id\":\"https:\\\/\\\/secure.gravatar.com\\\/avatar\\\/bb0c4a2fcb7970138239f7e404ea75757b1b507b28b5ce4c53fbd62d797c5a7c?s=96&d=mm&r=g\"},\"sameAs\":[\"http:\\\/\\\/www.henryvillasmil.com.ve\",\"https:\\\/\\\/www.instagram.com\\\/villasmilhfoto\\\/\",\"https:\\\/\\\/x.com\\\/https:\\\/\\\/twitter.com\\\/villasmilhfoto\"]},{\"@type\":\"Person\",\"@id\":\"https:\\\/\\\/digital58.com.ve\\\/site\\\/#\\\/schema\\\/person\\\/7c2c83fb27249d7c6f59c30c7f141381\",\"name\":\"Victor Infante\",\"image\":{\"@type\":\"ImageObject\",\"inLanguage\":\"es\",\"@id\":\"https:\\\/\\\/secure.gravatar.com\\\/avatar\\\/106ae6d84ee67222a78df20df89da71bb5069c89d1fd27272140999a3f842596?s=96&d=mm&r=g\",\"url\":\"https:\\\/\\\/secure.gravatar.com\\\/avatar\\\/106ae6d84ee67222a78df20df89da71bb5069c89d1fd27272140999a3f842596?s=96&d=mm&r=g\",\"contentUrl\":\"https:\\\/\\\/secure.gravatar.com\\\/avatar\\\/106ae6d84ee67222a78df20df89da71bb5069c89d1fd27272140999a3f842596?s=96&d=mm&r=g\",\"caption\":\"Victor Infante\"},\"url\":\"https:\\\/\\\/digital58.com.ve\\\/site\\\/author\\\/vinfante22\\\/\"}]}<\/script>\n<!-- \/ Yoast SEO plugin. -->","yoast_head_json":{"title":"ACNUR registra 2,3 millones de refugiados ucranianos por la guerra","description":"Mundo","robots":{"index":"index","follow":"follow","max-snippet":"max-snippet:-1","max-image-preview":"max-image-preview:large","max-video-preview":"max-video-preview:-1"},"canonical":"https:\/\/digital58.com.ve\/site\/2022\/03\/10\/acnur-registra-23-millones-de-refugiados-ucranianos-por-la-guerra\/","og_locale":"es_ES","og_type":"article","og_title":"ACNUR registra 2,3 millones de refugiados ucranianos por la guerra","og_description":"Mundo","og_url":"https:\/\/digital58.com.ve\/site\/2022\/03\/10\/acnur-registra-23-millones-de-refugiados-ucranianos-por-la-guerra\/","og_site_name":"Noticias Digital58","article_published_time":"2022-03-10T13:19:22+00:00","og_image":[{"width":1200,"height":900,"url":"https:\/\/digital58.com.ve\/site\/wp-content\/uploads\/2022\/03\/ACNUR.jpg","type":"image\/jpeg"}],"author":"Victor Infante","twitter_card":"summary_large_image","twitter_creator":"@Digital_58","twitter_site":"@villasmilhfoto","twitter_misc":{"Escrito por":"Victor Infante","Tiempo estimado de lectura":"2 minutos"},"schema":{"@context":"https:\/\/schema.org","@graph":[{"@type":"Article","@id":"https:\/\/digital58.com.ve\/site\/2022\/03\/10\/acnur-registra-23-millones-de-refugiados-ucranianos-por-la-guerra\/#article","isPartOf":{"@id":"https:\/\/digital58.com.ve\/site\/2022\/03\/10\/acnur-registra-23-millones-de-refugiados-ucranianos-por-la-guerra\/"},"author":{"name":"Victor Infante","@id":"https:\/\/digital58.com.ve\/site\/#\/schema\/person\/7c2c83fb27249d7c6f59c30c7f141381"},"headline":"ACNUR registra 2,3 millones de refugiados ucranianos por la guerra","datePublished":"2022-03-10T13:19:22+00:00","mainEntityOfPage":{"@id":"https:\/\/digital58.com.ve\/site\/2022\/03\/10\/acnur-registra-23-millones-de-refugiados-ucranianos-por-la-guerra\/"},"wordCount":221,"commentCount":0,"publisher":{"@id":"https:\/\/digital58.com.ve\/site\/#\/schema\/person\/64d1c2e4d0d4fd1b849980c4331c2951"},"image":{"@id":"https:\/\/digital58.com.ve\/site\/2022\/03\/10\/acnur-registra-23-millones-de-refugiados-ucranianos-por-la-guerra\/#primaryimage"},"thumbnailUrl":"https:\/\/digital58.com.ve\/site\/wp-content\/uploads\/2022\/03\/ACNUR.jpg","keywords":["ACNUR","guerra","Internacionales","Refugiados","Rusia","Ucrania"],"articleSection":["Mundo"],"inLanguage":"es","potentialAction":[{"@type":"CommentAction","name":"Comment","target":["https:\/\/digital58.com.ve\/site\/2022\/03\/10\/acnur-registra-23-millones-de-refugiados-ucranianos-por-la-guerra\/#respond"]}]},{"@type":"WebPage","@id":"https:\/\/digital58.com.ve\/site\/2022\/03\/10\/acnur-registra-23-millones-de-refugiados-ucranianos-por-la-guerra\/","url":"https:\/\/digital58.com.ve\/site\/2022\/03\/10\/acnur-registra-23-millones-de-refugiados-ucranianos-por-la-guerra\/","name":"ACNUR registra 2,3 millones de refugiados ucranianos por la guerra","isPartOf":{"@id":"https:\/\/digital58.com.ve\/site\/#website"},"primaryImageOfPage":{"@id":"https:\/\/digital58.com.ve\/site\/2022\/03\/10\/acnur-registra-23-millones-de-refugiados-ucranianos-por-la-guerra\/#primaryimage"},"image":{"@id":"https:\/\/digital58.com.ve\/site\/2022\/03\/10\/acnur-registra-23-millones-de-refugiados-ucranianos-por-la-guerra\/#primaryimage"},"thumbnailUrl":"https:\/\/digital58.com.ve\/site\/wp-content\/uploads\/2022\/03\/ACNUR.jpg","datePublished":"2022-03-10T13:19:22+00:00","description":"Mundo","breadcrumb":{"@id":"https:\/\/digital58.com.ve\/site\/2022\/03\/10\/acnur-registra-23-millones-de-refugiados-ucranianos-por-la-guerra\/#breadcrumb"},"inLanguage":"es","potentialAction":[{"@type":"ReadAction","target":["https:\/\/digital58.com.ve\/site\/2022\/03\/10\/acnur-registra-23-millones-de-refugiados-ucranianos-por-la-guerra\/"]}]},{"@type":"ImageObject","inLanguage":"es","@id":"https:\/\/digital58.com.ve\/site\/2022\/03\/10\/acnur-registra-23-millones-de-refugiados-ucranianos-por-la-guerra\/#primaryimage","url":"https:\/\/digital58.com.ve\/site\/wp-content\/uploads\/2022\/03\/ACNUR.jpg","contentUrl":"https:\/\/digital58.com.ve\/site\/wp-content\/uploads\/2022\/03\/ACNUR.jpg","width":1200,"height":900},{"@type":"BreadcrumbList","@id":"https:\/\/digital58.com.ve\/site\/2022\/03\/10\/acnur-registra-23-millones-de-refugiados-ucranianos-por-la-guerra\/#breadcrumb","itemListElement":[{"@type":"ListItem","position":1,"name":"Home","item":"https:\/\/digital58.com.ve\/site\/"},{"@type":"ListItem","position":2,"name":"ACNUR registra 2,3 millones de refugiados ucranianos por la guerra"}]},{"@type":"WebSite","@id":"https:\/\/digital58.com.ve\/site\/#website","url":"https:\/\/digital58.com.ve\/site\/","name":"Noticias Digital58","description":"Portal de Noticias \u00a1Periodismo web de verdad! Lanzamiento web 22.11.2005 \/ Maracaibo, Venezuela","publisher":{"@id":"https:\/\/digital58.com.ve\/site\/#\/schema\/person\/64d1c2e4d0d4fd1b849980c4331c2951"},"alternateName":"ND58","potentialAction":[{"@type":"SearchAction","target":{"@type":"EntryPoint","urlTemplate":"https:\/\/digital58.com.ve\/site\/?s={search_term_string}"},"query-input":{"@type":"PropertyValueSpecification","valueRequired":true,"valueName":"search_term_string"}}],"inLanguage":"es"},{"@type":["Person","Organization"],"@id":"https:\/\/digital58.com.ve\/site\/#\/schema\/person\/64d1c2e4d0d4fd1b849980c4331c2951","name":"Villasmil Henry","image":{"@type":"ImageObject","inLanguage":"es","@id":"https:\/\/secure.gravatar.com\/avatar\/bb0c4a2fcb7970138239f7e404ea75757b1b507b28b5ce4c53fbd62d797c5a7c?s=96&d=mm&r=g","url":"https:\/\/secure.gravatar.com\/avatar\/bb0c4a2fcb7970138239f7e404ea75757b1b507b28b5ce4c53fbd62d797c5a7c?s=96&d=mm&r=g","contentUrl":"https:\/\/secure.gravatar.com\/avatar\/bb0c4a2fcb7970138239f7e404ea75757b1b507b28b5ce4c53fbd62d797c5a7c?s=96&d=mm&r=g","caption":"Villasmil Henry"},"logo":{"@id":"https:\/\/secure.gravatar.com\/avatar\/bb0c4a2fcb7970138239f7e404ea75757b1b507b28b5ce4c53fbd62d797c5a7c?s=96&d=mm&r=g"},"sameAs":["http:\/\/www.henryvillasmil.com.ve","https:\/\/www.instagram.com\/villasmilhfoto\/","https:\/\/x.com\/https:\/\/twitter.com\/villasmilhfoto"]},{"@type":"Person","@id":"https:\/\/digital58.com.ve\/site\/#\/schema\/person\/7c2c83fb27249d7c6f59c30c7f141381","name":"Victor Infante","image":{"@type":"ImageObject","inLanguage":"es","@id":"https:\/\/secure.gravatar.com\/avatar\/106ae6d84ee67222a78df20df89da71bb5069c89d1fd27272140999a3f842596?s=96&d=mm&r=g","url":"https:\/\/secure.gravatar.com\/avatar\/106ae6d84ee67222a78df20df89da71bb5069c89d1fd27272140999a3f842596?s=96&d=mm&r=g","contentUrl":"https:\/\/secure.gravatar.com\/avatar\/106ae6d84ee67222a78df20df89da71bb5069c89d1fd27272140999a3f842596?s=96&d=mm&r=g","caption":"Victor Infante"},"url":"https:\/\/digital58.com.ve\/site\/author\/vinfante22\/"}]}},"uagb_featured_image_src":{"full":["https:\/\/digital58.com.ve\/site\/wp-content\/uploads\/2022\/03\/ACNUR.jpg",1200,900,false],"thumbnail":["https:\/\/digital58.com.ve\/site\/wp-content\/uploads\/2022\/03\/ACNUR-150x150.jpg",150,150,true],"medium":["https:\/\/digital58.com.ve\/site\/wp-content\/uploads\/2022\/03\/ACNUR-300x225.jpg",300,225,true],"medium_large":["https:\/\/digital58.com.ve\/site\/wp-content\/uploads\/2022\/03\/ACNUR-768x576.jpg",768,576,true],"large":["https:\/\/digital58.com.ve\/site\/wp-content\/uploads\/2022\/03\/ACNUR-1000x750.jpg",800,600,true],"1536x1536":["https:\/\/digital58.com.ve\/site\/wp-content\/uploads\/2022\/03\/ACNUR.jpg",1200,900,false],"2048x2048":["https:\/\/digital58.com.ve\/site\/wp-content\/uploads\/2022\/03\/ACNUR.jpg",1200,900,false],"colormag-highlighted-post":["https:\/\/digital58.com.ve\/site\/wp-content\/uploads\/2022\/03\/ACNUR.jpg",363,272,false],"colormag-featured-post-medium":["https:\/\/digital58.com.ve\/site\/wp-content\/uploads\/2022\/03\/ACNUR.jpg",273,205,false],"colormag-featured-post-small":["https:\/\/digital58.com.ve\/site\/wp-content\/uploads\/2022\/03\/ACNUR.jpg",120,90,false],"colormag-featured-image":["https:\/\/digital58.com.ve\/site\/wp-content\/uploads\/2022\/03\/ACNUR.jpg",593,445,false],"colormag-default-news":["https:\/\/digital58.com.ve\/site\/wp-content\/uploads\/2022\/03\/ACNUR.jpg",150,113,false],"colormag-featured-image-large":["https:\/\/digital58.com.ve\/site\/wp-content\/uploads\/2022\/03\/ACNUR.jpg",800,600,false]},"uagb_author_info":{"display_name":"Victor Infante","author_link":"https:\/\/digital58.com.ve\/site\/author\/vinfante22\/"},"uagb_comment_info":0,"uagb_excerpt":"La crisis de refugiados es la peor que vive Europa desde la Segunda Guerra Mundial Ginebra, Suiza, 10 de marzo","_links":{"self":[{"href":"https:\/\/digital58.com.ve\/site\/wp-json\/wp\/v2\/posts\/149771","targetHints":{"allow":["GET"]}}],"collection":[{"href":"https:\/\/digital58.com.ve\/site\/wp-json\/wp\/v2\/posts"}],"about":[{"href":"https:\/\/digital58.com.ve\/site\/wp-json\/wp\/v2\/types\/post"}],"author":[{"embeddable":true,"href":"https:\/\/digital58.com.ve\/site\/wp-json\/wp\/v2\/users\/40"}],"replies":[{"embeddable":true,"href":"https:\/\/digital58.com.ve\/site\/wp-json\/wp\/v2\/comments?post=149771"}],"version-history":[{"count":0,"href":"https:\/\/digital58.com.ve\/site\/wp-json\/wp\/v2\/posts\/149771\/revisions"}],"wp:featuredmedia":[{"embeddable":true,"href":"https:\/\/digital58.com.ve\/site\/wp-json\/wp\/v2\/media\/149772"}],"wp:attachment":[{"href":"https:\/\/digital58.com.ve\/site\/wp-json\/wp\/v2\/media?parent=149771"}],"wp:term":[{"taxonomy":"category","embeddable":true,"href":"https:\/\/digital58.com.ve\/site\/wp-json\/wp\/v2\/categories?post=149771"},{"taxonomy":"post_tag","embeddable":true,"href":"https:\/\/digital58.com.ve\/site\/wp-json\/wp\/v2\/tags?post=149771"}],"curies":[{"name":"wp","href":"https:\/\/api.w.org\/{rel}","templated":true}]}}