{"id":149999,"date":"2022-03-15T10:29:14","date_gmt":"2022-03-15T14:29:14","guid":{"rendered":"https:\/\/digital58.com.ve\/site\/?p=149999"},"modified":"2022-03-15T10:29:14","modified_gmt":"2022-03-15T14:29:14","slug":"ataque-por-fuego-israeli-deja-dos-palestinos-muertos-en-cisjordania","status":"publish","type":"post","link":"https:\/\/digital58.com.ve\/site\/2022\/03\/15\/ataque-por-fuego-israeli-deja-dos-palestinos-muertos-en-cisjordania\/","title":{"rendered":"Ataque por fuego israel\u00ed deja dos palestinos muertos en Cisjordania"},"content":{"rendered":"<p><img loading=\"lazy\" decoding=\"async\" class=\"wp-image-150000 aligncenter\" src=\"https:\/\/digital58.com.ve\/site\/wp-content\/uploads\/2022\/03\/Palestina-Israel-300x195.jpg\" alt=\"\" width=\"677\" height=\"440\" srcset=\"https:\/\/digital58.com.ve\/site\/wp-content\/uploads\/2022\/03\/Palestina-Israel-300x195.jpg 300w, https:\/\/digital58.com.ve\/site\/wp-content\/uploads\/2022\/03\/Palestina-Israel-768x500.jpg 768w, https:\/\/digital58.com.ve\/site\/wp-content\/uploads\/2022\/03\/Palestina-Israel.jpg 980w\" sizes=\"auto, (max-width: 677px) 100vw, 677px\" \/><\/p>\n<p>Dos j\u00f3venes palestinos murieron hoy por disparos de las fuerzas de seguridad israel\u00edes durante una serie de redadas en Cisjordania ocupada, informaron hoy fuentes oficiales de ambas partes<\/p>\n<p><strong>Cisjordania, 15 de marzo de 2022 (ND58).-<\/strong> Seg\u00fan informa este martes la agencia oficial de noticias palestina Wafa, el menor, identificado como Nader Haytham Rayan, recibi\u00f3 m\u00faltiples disparos en la cabeza, el pecho, el est\u00f3mago y la mano y muri\u00f3 inmediatamente, mientras que otros tres j\u00f3venes recibieron heridas de bala y fueron trasladados a un hospital cercano.<\/p>\n<p>La Polic\u00eda de Fronteras israel\u00ed inform\u00f3 de que sus fuerzas llevaron a cabo una operaci\u00f3n de arresto, en la que detuvieron a un hombre \u00absospechoso de actividades terroristas\u00bb y en posesi\u00f3n de un rifle, y tras la cual fueron atacadas por residentes de la zona a los que dispersaron con disparos.<\/p>\n<p>\u00abCuando las fuerzas abandonaron el campo de refugiados, comenzaron violentos disturbios que incluyeron el lanzamiento de explosivos y piedras y diversos objetos contra los polic\u00edas\u00bb, inform\u00f3 en un comunicado, que precis\u00f3 adem\u00e1s que el joven fallecido estaba armado y abri\u00f3 fuego contra las fuerzas de seguridad, que respondieron con disparos.<\/p>\n<p>El segundo incidente tuvo lugar en el campo de refugiados de Qalandia, al norte de Jerusal\u00e9n, donde un joven muri\u00f3 por disparos de soldados israel\u00edes durante otra redada.<\/p>\n<p>Su fallecimiento fue confirmado por el Ministerio de Sanidad de la Autoridad Nacional Palestina (ANP), que lo identific\u00f3 como Alaa Shaham, de unos 20 a\u00f1os, e inform\u00f3 adem\u00e1s de que otros seis j\u00f3venes sufrieron heridas de bala y fueron trasladados a un hospital de la ciudad cisjordana de Ramala.<\/p>\n<p>Seg\u00fan Wafa, estos incidentes tuvieron lugar durante una serie de redadas por parte de las fuerzas de seguridad israel\u00edes en m\u00faltiples ciudades cisjordanas, en las que al menos 20 palestinos fueron detenidos y decenas resultaron heridos producto de enfrentamientos con soldados y polic\u00edas israel\u00edes.<\/p>\n<p>&nbsp;<\/p><div class=\"ovrwl69edb39de7245\" ><p style=\"text-align: center;\"><a href=\"https:\/\/t.me\/noticiasdigital58\" target=\"_blank\" rel=\"noopener\"><img class=\"aligncenter size-full wp-image-125363\" src=\"https:\/\/digital58.com.ve\/site\/wp-content\/uploads\/2021\/04\/banner-telegram-web-2021.png\" alt=\"\" width=\"600\" height=\"90\" \/><\/a><\/p><\/div><style type=\"text\/css\">\r\n@media screen and (min-width: 1201px) {\r\n.ovrwl69edb39de7245 {\r\ndisplay: block;\r\n}\r\n}\r\n@media screen and (min-width: 993px) and (max-width: 1200px) {\r\n.ovrwl69edb39de7245 {\r\ndisplay: block;\r\n}\r\n}\r\n@media screen and (min-width: 769px) and (max-width: 992px) {\r\n.ovrwl69edb39de7245 {\r\ndisplay: block;\r\n}\r\n}\r\n@media screen and (min-width: 768px) and (max-width: 768px) {\r\n.ovrwl69edb39de7245 {\r\ndisplay: block;\r\n}\r\n}\r\n@media screen and (max-width: 767px) {\r\n.ovrwl69edb39de7245 {\r\ndisplay: block;\r\n}\r\n}\r\n<\/style>\r\n\n<p><strong>Redacci\u00f3n ND58 | Fuente: DW<\/strong><br \/>\n<strong>Edici\u00f3n: Villasmil, Henry<\/strong><br \/>\n<strong>Gr\u00e1fica: Cortes\u00ed<\/strong>a<\/p>\n<div style=\"margin-top: 0px; margin-bottom: 0px;\" class=\"sharethis-inline-share-buttons\" ><\/div>","protected":false},"excerpt":{"rendered":"<p>Dos j\u00f3venes palestinos murieron hoy por disparos de las fuerzas de seguridad israel\u00edes durante una serie de redadas en Cisjordania<\/p>\n","protected":false},"author":40,"featured_media":150001,"comment_status":"open","ping_status":"closed","sticky":false,"template":"","format":"standard","meta":{"colormag_page_container_layout":"default_layout","colormag_page_sidebar_layout":"default_layout","_uag_custom_page_level_css":"","footnotes":""},"categories":[13765],"tags":[21911,27700,7798,7423,27701,4277,21277],"class_list":["post-149999","post","type-post","status-publish","format-standard","has-post-thumbnail","hentry","category-sucesos","tag-ataques","tag-cisjordania","tag-israel","tag-muertos","tag-palestinos","tag-sucesos","tag-sucesos-internacionales"],"yoast_head":"<!-- This site is optimized with the Yoast SEO plugin v27.4 - https:\/\/yoast.com\/product\/yoast-seo-wordpress\/ -->\n<title>Ataque por fuego israel\u00ed deja dos palestinos muertos en Cisjordania<\/title>\n<meta name=\"description\" content=\"Sucesos\" \/>\n<meta name=\"robots\" content=\"index, follow, max-snippet:-1, max-image-preview:large, max-video-preview:-1\" \/>\n<link rel=\"canonical\" href=\"https:\/\/digital58.com.ve\/site\/2022\/03\/15\/ataque-por-fuego-israeli-deja-dos-palestinos-muertos-en-cisjordania\/\" \/>\n<meta property=\"og:locale\" content=\"es_ES\" \/>\n<meta property=\"og:type\" content=\"article\" \/>\n<meta property=\"og:title\" content=\"Ataque por fuego israel\u00ed deja dos palestinos muertos en Cisjordania\" \/>\n<meta property=\"og:description\" content=\"Sucesos\" \/>\n<meta property=\"og:url\" content=\"https:\/\/digital58.com.ve\/site\/2022\/03\/15\/ataque-por-fuego-israeli-deja-dos-palestinos-muertos-en-cisjordania\/\" \/>\n<meta property=\"og:site_name\" content=\"Noticias Digital58\" \/>\n<meta property=\"article:published_time\" content=\"2022-03-15T14:29:14+00:00\" \/>\n<meta property=\"og:image\" content=\"https:\/\/digital58.com.ve\/site\/wp-content\/uploads\/2022\/03\/Palestina-ataques.jpeg\" \/>\n\t<meta property=\"og:image:width\" content=\"990\" \/>\n\t<meta property=\"og:image:height\" content=\"742\" \/>\n\t<meta property=\"og:image:type\" content=\"image\/jpeg\" \/>\n<meta name=\"author\" content=\"Victor Infante\" \/>\n<meta name=\"twitter:card\" content=\"summary_large_image\" \/>\n<meta name=\"twitter:creator\" content=\"@Digital_58\" \/>\n<meta name=\"twitter:site\" content=\"@villasmilhfoto\" \/>\n<meta name=\"twitter:label1\" content=\"Escrito por\" \/>\n\t<meta name=\"twitter:data1\" content=\"Victor Infante\" \/>\n\t<meta name=\"twitter:label2\" content=\"Tiempo estimado de lectura\" \/>\n\t<meta name=\"twitter:data2\" content=\"2 minutos\" \/>\n<script type=\"application\/ld+json\" class=\"yoast-schema-graph\">{\"@context\":\"https:\\\/\\\/schema.org\",\"@graph\":[{\"@type\":\"Article\",\"@id\":\"https:\\\/\\\/digital58.com.ve\\\/site\\\/2022\\\/03\\\/15\\\/ataque-por-fuego-israeli-deja-dos-palestinos-muertos-en-cisjordania\\\/#article\",\"isPartOf\":{\"@id\":\"https:\\\/\\\/digital58.com.ve\\\/site\\\/2022\\\/03\\\/15\\\/ataque-por-fuego-israeli-deja-dos-palestinos-muertos-en-cisjordania\\\/\"},\"author\":{\"name\":\"Victor Infante\",\"@id\":\"https:\\\/\\\/digital58.com.ve\\\/site\\\/#\\\/schema\\\/person\\\/7c2c83fb27249d7c6f59c30c7f141381\"},\"headline\":\"Ataque por fuego israel\u00ed deja dos palestinos muertos en Cisjordania\",\"datePublished\":\"2022-03-15T14:29:14+00:00\",\"mainEntityOfPage\":{\"@id\":\"https:\\\/\\\/digital58.com.ve\\\/site\\\/2022\\\/03\\\/15\\\/ataque-por-fuego-israeli-deja-dos-palestinos-muertos-en-cisjordania\\\/\"},\"wordCount\":349,\"commentCount\":0,\"publisher\":{\"@id\":\"https:\\\/\\\/digital58.com.ve\\\/site\\\/#\\\/schema\\\/person\\\/64d1c2e4d0d4fd1b849980c4331c2951\"},\"image\":{\"@id\":\"https:\\\/\\\/digital58.com.ve\\\/site\\\/2022\\\/03\\\/15\\\/ataque-por-fuego-israeli-deja-dos-palestinos-muertos-en-cisjordania\\\/#primaryimage\"},\"thumbnailUrl\":\"https:\\\/\\\/digital58.com.ve\\\/site\\\/wp-content\\\/uploads\\\/2022\\\/03\\\/Palestina-ataques.jpeg\",\"keywords\":[\"Ataques\",\"Cisjordania\",\"Israel\",\"Muertos\",\"palestinos\",\"Sucesos\",\"Sucesos internacionales\"],\"articleSection\":[\"Sucesos\"],\"inLanguage\":\"es\",\"potentialAction\":[{\"@type\":\"CommentAction\",\"name\":\"Comment\",\"target\":[\"https:\\\/\\\/digital58.com.ve\\\/site\\\/2022\\\/03\\\/15\\\/ataque-por-fuego-israeli-deja-dos-palestinos-muertos-en-cisjordania\\\/#respond\"]}]},{\"@type\":\"WebPage\",\"@id\":\"https:\\\/\\\/digital58.com.ve\\\/site\\\/2022\\\/03\\\/15\\\/ataque-por-fuego-israeli-deja-dos-palestinos-muertos-en-cisjordania\\\/\",\"url\":\"https:\\\/\\\/digital58.com.ve\\\/site\\\/2022\\\/03\\\/15\\\/ataque-por-fuego-israeli-deja-dos-palestinos-muertos-en-cisjordania\\\/\",\"name\":\"Ataque por fuego israel\u00ed deja dos palestinos muertos en Cisjordania\",\"isPartOf\":{\"@id\":\"https:\\\/\\\/digital58.com.ve\\\/site\\\/#website\"},\"primaryImageOfPage\":{\"@id\":\"https:\\\/\\\/digital58.com.ve\\\/site\\\/2022\\\/03\\\/15\\\/ataque-por-fuego-israeli-deja-dos-palestinos-muertos-en-cisjordania\\\/#primaryimage\"},\"image\":{\"@id\":\"https:\\\/\\\/digital58.com.ve\\\/site\\\/2022\\\/03\\\/15\\\/ataque-por-fuego-israeli-deja-dos-palestinos-muertos-en-cisjordania\\\/#primaryimage\"},\"thumbnailUrl\":\"https:\\\/\\\/digital58.com.ve\\\/site\\\/wp-content\\\/uploads\\\/2022\\\/03\\\/Palestina-ataques.jpeg\",\"datePublished\":\"2022-03-15T14:29:14+00:00\",\"description\":\"Sucesos\",\"breadcrumb\":{\"@id\":\"https:\\\/\\\/digital58.com.ve\\\/site\\\/2022\\\/03\\\/15\\\/ataque-por-fuego-israeli-deja-dos-palestinos-muertos-en-cisjordania\\\/#breadcrumb\"},\"inLanguage\":\"es\",\"potentialAction\":[{\"@type\":\"ReadAction\",\"target\":[\"https:\\\/\\\/digital58.com.ve\\\/site\\\/2022\\\/03\\\/15\\\/ataque-por-fuego-israeli-deja-dos-palestinos-muertos-en-cisjordania\\\/\"]}]},{\"@type\":\"ImageObject\",\"inLanguage\":\"es\",\"@id\":\"https:\\\/\\\/digital58.com.ve\\\/site\\\/2022\\\/03\\\/15\\\/ataque-por-fuego-israeli-deja-dos-palestinos-muertos-en-cisjordania\\\/#primaryimage\",\"url\":\"https:\\\/\\\/digital58.com.ve\\\/site\\\/wp-content\\\/uploads\\\/2022\\\/03\\\/Palestina-ataques.jpeg\",\"contentUrl\":\"https:\\\/\\\/digital58.com.ve\\\/site\\\/wp-content\\\/uploads\\\/2022\\\/03\\\/Palestina-ataques.jpeg\",\"width\":990,\"height\":742},{\"@type\":\"BreadcrumbList\",\"@id\":\"https:\\\/\\\/digital58.com.ve\\\/site\\\/2022\\\/03\\\/15\\\/ataque-por-fuego-israeli-deja-dos-palestinos-muertos-en-cisjordania\\\/#breadcrumb\",\"itemListElement\":[{\"@type\":\"ListItem\",\"position\":1,\"name\":\"Home\",\"item\":\"https:\\\/\\\/digital58.com.ve\\\/site\\\/\"},{\"@type\":\"ListItem\",\"position\":2,\"name\":\"Ataque por fuego israel\u00ed deja dos palestinos muertos en Cisjordania\"}]},{\"@type\":\"WebSite\",\"@id\":\"https:\\\/\\\/digital58.com.ve\\\/site\\\/#website\",\"url\":\"https:\\\/\\\/digital58.com.ve\\\/site\\\/\",\"name\":\"Noticias Digital58\",\"description\":\"Portal de Noticias \u00a1Periodismo web de verdad! Lanzamiento web 22.11.2005 \\\/ Maracaibo, Venezuela\",\"publisher\":{\"@id\":\"https:\\\/\\\/digital58.com.ve\\\/site\\\/#\\\/schema\\\/person\\\/64d1c2e4d0d4fd1b849980c4331c2951\"},\"alternateName\":\"ND58\",\"potentialAction\":[{\"@type\":\"SearchAction\",\"target\":{\"@type\":\"EntryPoint\",\"urlTemplate\":\"https:\\\/\\\/digital58.com.ve\\\/site\\\/?s={search_term_string}\"},\"query-input\":{\"@type\":\"PropertyValueSpecification\",\"valueRequired\":true,\"valueName\":\"search_term_string\"}}],\"inLanguage\":\"es\"},{\"@type\":[\"Person\",\"Organization\"],\"@id\":\"https:\\\/\\\/digital58.com.ve\\\/site\\\/#\\\/schema\\\/person\\\/64d1c2e4d0d4fd1b849980c4331c2951\",\"name\":\"Villasmil Henry\",\"image\":{\"@type\":\"ImageObject\",\"inLanguage\":\"es\",\"@id\":\"https:\\\/\\\/secure.gravatar.com\\\/avatar\\\/bb0c4a2fcb7970138239f7e404ea75757b1b507b28b5ce4c53fbd62d797c5a7c?s=96&d=mm&r=g\",\"url\":\"https:\\\/\\\/secure.gravatar.com\\\/avatar\\\/bb0c4a2fcb7970138239f7e404ea75757b1b507b28b5ce4c53fbd62d797c5a7c?s=96&d=mm&r=g\",\"contentUrl\":\"https:\\\/\\\/secure.gravatar.com\\\/avatar\\\/bb0c4a2fcb7970138239f7e404ea75757b1b507b28b5ce4c53fbd62d797c5a7c?s=96&d=mm&r=g\",\"caption\":\"Villasmil Henry\"},\"logo\":{\"@id\":\"https:\\\/\\\/secure.gravatar.com\\\/avatar\\\/bb0c4a2fcb7970138239f7e404ea75757b1b507b28b5ce4c53fbd62d797c5a7c?s=96&d=mm&r=g\"},\"sameAs\":[\"http:\\\/\\\/www.henryvillasmil.com.ve\",\"https:\\\/\\\/www.instagram.com\\\/villasmilhfoto\\\/\",\"https:\\\/\\\/x.com\\\/https:\\\/\\\/twitter.com\\\/villasmilhfoto\"]},{\"@type\":\"Person\",\"@id\":\"https:\\\/\\\/digital58.com.ve\\\/site\\\/#\\\/schema\\\/person\\\/7c2c83fb27249d7c6f59c30c7f141381\",\"name\":\"Victor Infante\",\"image\":{\"@type\":\"ImageObject\",\"inLanguage\":\"es\",\"@id\":\"https:\\\/\\\/secure.gravatar.com\\\/avatar\\\/106ae6d84ee67222a78df20df89da71bb5069c89d1fd27272140999a3f842596?s=96&d=mm&r=g\",\"url\":\"https:\\\/\\\/secure.gravatar.com\\\/avatar\\\/106ae6d84ee67222a78df20df89da71bb5069c89d1fd27272140999a3f842596?s=96&d=mm&r=g\",\"contentUrl\":\"https:\\\/\\\/secure.gravatar.com\\\/avatar\\\/106ae6d84ee67222a78df20df89da71bb5069c89d1fd27272140999a3f842596?s=96&d=mm&r=g\",\"caption\":\"Victor Infante\"},\"url\":\"https:\\\/\\\/digital58.com.ve\\\/site\\\/author\\\/vinfante22\\\/\"}]}<\/script>\n<!-- \/ Yoast SEO plugin. -->","yoast_head_json":{"title":"Ataque por fuego israel\u00ed deja dos palestinos muertos en Cisjordania","description":"Sucesos","robots":{"index":"index","follow":"follow","max-snippet":"max-snippet:-1","max-image-preview":"max-image-preview:large","max-video-preview":"max-video-preview:-1"},"canonical":"https:\/\/digital58.com.ve\/site\/2022\/03\/15\/ataque-por-fuego-israeli-deja-dos-palestinos-muertos-en-cisjordania\/","og_locale":"es_ES","og_type":"article","og_title":"Ataque por fuego israel\u00ed deja dos palestinos muertos en Cisjordania","og_description":"Sucesos","og_url":"https:\/\/digital58.com.ve\/site\/2022\/03\/15\/ataque-por-fuego-israeli-deja-dos-palestinos-muertos-en-cisjordania\/","og_site_name":"Noticias Digital58","article_published_time":"2022-03-15T14:29:14+00:00","og_image":[{"width":990,"height":742,"url":"https:\/\/digital58.com.ve\/site\/wp-content\/uploads\/2022\/03\/Palestina-ataques.jpeg","type":"image\/jpeg"}],"author":"Victor Infante","twitter_card":"summary_large_image","twitter_creator":"@Digital_58","twitter_site":"@villasmilhfoto","twitter_misc":{"Escrito por":"Victor Infante","Tiempo estimado de lectura":"2 minutos"},"schema":{"@context":"https:\/\/schema.org","@graph":[{"@type":"Article","@id":"https:\/\/digital58.com.ve\/site\/2022\/03\/15\/ataque-por-fuego-israeli-deja-dos-palestinos-muertos-en-cisjordania\/#article","isPartOf":{"@id":"https:\/\/digital58.com.ve\/site\/2022\/03\/15\/ataque-por-fuego-israeli-deja-dos-palestinos-muertos-en-cisjordania\/"},"author":{"name":"Victor Infante","@id":"https:\/\/digital58.com.ve\/site\/#\/schema\/person\/7c2c83fb27249d7c6f59c30c7f141381"},"headline":"Ataque por fuego israel\u00ed deja dos palestinos muertos en Cisjordania","datePublished":"2022-03-15T14:29:14+00:00","mainEntityOfPage":{"@id":"https:\/\/digital58.com.ve\/site\/2022\/03\/15\/ataque-por-fuego-israeli-deja-dos-palestinos-muertos-en-cisjordania\/"},"wordCount":349,"commentCount":0,"publisher":{"@id":"https:\/\/digital58.com.ve\/site\/#\/schema\/person\/64d1c2e4d0d4fd1b849980c4331c2951"},"image":{"@id":"https:\/\/digital58.com.ve\/site\/2022\/03\/15\/ataque-por-fuego-israeli-deja-dos-palestinos-muertos-en-cisjordania\/#primaryimage"},"thumbnailUrl":"https:\/\/digital58.com.ve\/site\/wp-content\/uploads\/2022\/03\/Palestina-ataques.jpeg","keywords":["Ataques","Cisjordania","Israel","Muertos","palestinos","Sucesos","Sucesos internacionales"],"articleSection":["Sucesos"],"inLanguage":"es","potentialAction":[{"@type":"CommentAction","name":"Comment","target":["https:\/\/digital58.com.ve\/site\/2022\/03\/15\/ataque-por-fuego-israeli-deja-dos-palestinos-muertos-en-cisjordania\/#respond"]}]},{"@type":"WebPage","@id":"https:\/\/digital58.com.ve\/site\/2022\/03\/15\/ataque-por-fuego-israeli-deja-dos-palestinos-muertos-en-cisjordania\/","url":"https:\/\/digital58.com.ve\/site\/2022\/03\/15\/ataque-por-fuego-israeli-deja-dos-palestinos-muertos-en-cisjordania\/","name":"Ataque por fuego israel\u00ed deja dos palestinos muertos en Cisjordania","isPartOf":{"@id":"https:\/\/digital58.com.ve\/site\/#website"},"primaryImageOfPage":{"@id":"https:\/\/digital58.com.ve\/site\/2022\/03\/15\/ataque-por-fuego-israeli-deja-dos-palestinos-muertos-en-cisjordania\/#primaryimage"},"image":{"@id":"https:\/\/digital58.com.ve\/site\/2022\/03\/15\/ataque-por-fuego-israeli-deja-dos-palestinos-muertos-en-cisjordania\/#primaryimage"},"thumbnailUrl":"https:\/\/digital58.com.ve\/site\/wp-content\/uploads\/2022\/03\/Palestina-ataques.jpeg","datePublished":"2022-03-15T14:29:14+00:00","description":"Sucesos","breadcrumb":{"@id":"https:\/\/digital58.com.ve\/site\/2022\/03\/15\/ataque-por-fuego-israeli-deja-dos-palestinos-muertos-en-cisjordania\/#breadcrumb"},"inLanguage":"es","potentialAction":[{"@type":"ReadAction","target":["https:\/\/digital58.com.ve\/site\/2022\/03\/15\/ataque-por-fuego-israeli-deja-dos-palestinos-muertos-en-cisjordania\/"]}]},{"@type":"ImageObject","inLanguage":"es","@id":"https:\/\/digital58.com.ve\/site\/2022\/03\/15\/ataque-por-fuego-israeli-deja-dos-palestinos-muertos-en-cisjordania\/#primaryimage","url":"https:\/\/digital58.com.ve\/site\/wp-content\/uploads\/2022\/03\/Palestina-ataques.jpeg","contentUrl":"https:\/\/digital58.com.ve\/site\/wp-content\/uploads\/2022\/03\/Palestina-ataques.jpeg","width":990,"height":742},{"@type":"BreadcrumbList","@id":"https:\/\/digital58.com.ve\/site\/2022\/03\/15\/ataque-por-fuego-israeli-deja-dos-palestinos-muertos-en-cisjordania\/#breadcrumb","itemListElement":[{"@type":"ListItem","position":1,"name":"Home","item":"https:\/\/digital58.com.ve\/site\/"},{"@type":"ListItem","position":2,"name":"Ataque por fuego israel\u00ed deja dos palestinos muertos en Cisjordania"}]},{"@type":"WebSite","@id":"https:\/\/digital58.com.ve\/site\/#website","url":"https:\/\/digital58.com.ve\/site\/","name":"Noticias Digital58","description":"Portal de Noticias \u00a1Periodismo web de verdad! Lanzamiento web 22.11.2005 \/ Maracaibo, Venezuela","publisher":{"@id":"https:\/\/digital58.com.ve\/site\/#\/schema\/person\/64d1c2e4d0d4fd1b849980c4331c2951"},"alternateName":"ND58","potentialAction":[{"@type":"SearchAction","target":{"@type":"EntryPoint","urlTemplate":"https:\/\/digital58.com.ve\/site\/?s={search_term_string}"},"query-input":{"@type":"PropertyValueSpecification","valueRequired":true,"valueName":"search_term_string"}}],"inLanguage":"es"},{"@type":["Person","Organization"],"@id":"https:\/\/digital58.com.ve\/site\/#\/schema\/person\/64d1c2e4d0d4fd1b849980c4331c2951","name":"Villasmil Henry","image":{"@type":"ImageObject","inLanguage":"es","@id":"https:\/\/secure.gravatar.com\/avatar\/bb0c4a2fcb7970138239f7e404ea75757b1b507b28b5ce4c53fbd62d797c5a7c?s=96&d=mm&r=g","url":"https:\/\/secure.gravatar.com\/avatar\/bb0c4a2fcb7970138239f7e404ea75757b1b507b28b5ce4c53fbd62d797c5a7c?s=96&d=mm&r=g","contentUrl":"https:\/\/secure.gravatar.com\/avatar\/bb0c4a2fcb7970138239f7e404ea75757b1b507b28b5ce4c53fbd62d797c5a7c?s=96&d=mm&r=g","caption":"Villasmil Henry"},"logo":{"@id":"https:\/\/secure.gravatar.com\/avatar\/bb0c4a2fcb7970138239f7e404ea75757b1b507b28b5ce4c53fbd62d797c5a7c?s=96&d=mm&r=g"},"sameAs":["http:\/\/www.henryvillasmil.com.ve","https:\/\/www.instagram.com\/villasmilhfoto\/","https:\/\/x.com\/https:\/\/twitter.com\/villasmilhfoto"]},{"@type":"Person","@id":"https:\/\/digital58.com.ve\/site\/#\/schema\/person\/7c2c83fb27249d7c6f59c30c7f141381","name":"Victor Infante","image":{"@type":"ImageObject","inLanguage":"es","@id":"https:\/\/secure.gravatar.com\/avatar\/106ae6d84ee67222a78df20df89da71bb5069c89d1fd27272140999a3f842596?s=96&d=mm&r=g","url":"https:\/\/secure.gravatar.com\/avatar\/106ae6d84ee67222a78df20df89da71bb5069c89d1fd27272140999a3f842596?s=96&d=mm&r=g","contentUrl":"https:\/\/secure.gravatar.com\/avatar\/106ae6d84ee67222a78df20df89da71bb5069c89d1fd27272140999a3f842596?s=96&d=mm&r=g","caption":"Victor Infante"},"url":"https:\/\/digital58.com.ve\/site\/author\/vinfante22\/"}]}},"uagb_featured_image_src":{"full":["https:\/\/digital58.com.ve\/site\/wp-content\/uploads\/2022\/03\/Palestina-ataques.jpeg",990,742,false],"thumbnail":["https:\/\/digital58.com.ve\/site\/wp-content\/uploads\/2022\/03\/Palestina-ataques-150x150.jpeg",150,150,true],"medium":["https:\/\/digital58.com.ve\/site\/wp-content\/uploads\/2022\/03\/Palestina-ataques-300x225.jpeg",300,225,true],"medium_large":["https:\/\/digital58.com.ve\/site\/wp-content\/uploads\/2022\/03\/Palestina-ataques-768x576.jpeg",768,576,true],"large":["https:\/\/digital58.com.ve\/site\/wp-content\/uploads\/2022\/03\/Palestina-ataques.jpeg",800,600,false],"1536x1536":["https:\/\/digital58.com.ve\/site\/wp-content\/uploads\/2022\/03\/Palestina-ataques.jpeg",990,742,false],"2048x2048":["https:\/\/digital58.com.ve\/site\/wp-content\/uploads\/2022\/03\/Palestina-ataques.jpeg",990,742,false],"colormag-highlighted-post":["https:\/\/digital58.com.ve\/site\/wp-content\/uploads\/2022\/03\/Palestina-ataques.jpeg",363,272,false],"colormag-featured-post-medium":["https:\/\/digital58.com.ve\/site\/wp-content\/uploads\/2022\/03\/Palestina-ataques.jpeg",274,205,false],"colormag-featured-post-small":["https:\/\/digital58.com.ve\/site\/wp-content\/uploads\/2022\/03\/Palestina-ataques.jpeg",120,90,false],"colormag-featured-image":["https:\/\/digital58.com.ve\/site\/wp-content\/uploads\/2022\/03\/Palestina-ataques.jpeg",594,445,false],"colormag-default-news":["https:\/\/digital58.com.ve\/site\/wp-content\/uploads\/2022\/03\/Palestina-ataques.jpeg",150,112,false],"colormag-featured-image-large":["https:\/\/digital58.com.ve\/site\/wp-content\/uploads\/2022\/03\/Palestina-ataques.jpeg",801,600,false]},"uagb_author_info":{"display_name":"Victor Infante","author_link":"https:\/\/digital58.com.ve\/site\/author\/vinfante22\/"},"uagb_comment_info":0,"uagb_excerpt":"Dos j\u00f3venes palestinos murieron hoy por disparos de las fuerzas de seguridad israel\u00edes durante una serie de redadas en Cisjordania","_links":{"self":[{"href":"https:\/\/digital58.com.ve\/site\/wp-json\/wp\/v2\/posts\/149999","targetHints":{"allow":["GET"]}}],"collection":[{"href":"https:\/\/digital58.com.ve\/site\/wp-json\/wp\/v2\/posts"}],"about":[{"href":"https:\/\/digital58.com.ve\/site\/wp-json\/wp\/v2\/types\/post"}],"author":[{"embeddable":true,"href":"https:\/\/digital58.com.ve\/site\/wp-json\/wp\/v2\/users\/40"}],"replies":[{"embeddable":true,"href":"https:\/\/digital58.com.ve\/site\/wp-json\/wp\/v2\/comments?post=149999"}],"version-history":[{"count":0,"href":"https:\/\/digital58.com.ve\/site\/wp-json\/wp\/v2\/posts\/149999\/revisions"}],"wp:featuredmedia":[{"embeddable":true,"href":"https:\/\/digital58.com.ve\/site\/wp-json\/wp\/v2\/media\/150001"}],"wp:attachment":[{"href":"https:\/\/digital58.com.ve\/site\/wp-json\/wp\/v2\/media?parent=149999"}],"wp:term":[{"taxonomy":"category","embeddable":true,"href":"https:\/\/digital58.com.ve\/site\/wp-json\/wp\/v2\/categories?post=149999"},{"taxonomy":"post_tag","embeddable":true,"href":"https:\/\/digital58.com.ve\/site\/wp-json\/wp\/v2\/tags?post=149999"}],"curies":[{"name":"wp","href":"https:\/\/api.w.org\/{rel}","templated":true}]}}