{"id":150098,"date":"2022-03-16T15:59:23","date_gmt":"2022-03-16T19:59:23","guid":{"rendered":"https:\/\/digital58.com.ve\/site\/?p=150098"},"modified":"2022-03-16T15:59:23","modified_gmt":"2022-03-16T19:59:23","slug":"mercados-populares-san-francisco-atiende-a-mas-de-dos-mil-500-familias-de-la-parroquia-los-cortijos","status":"publish","type":"post","link":"https:\/\/digital58.com.ve\/site\/2022\/03\/16\/mercados-populares-san-francisco-atiende-a-mas-de-dos-mil-500-familias-de-la-parroquia-los-cortijos\/","title":{"rendered":"Mercados Populares San Francisco atiende a m\u00e1s de dos mil 500 familias de la parroquia Los Cortijos"},"content":{"rendered":"<p><a href=\"https:\/\/digital58.com.ve\/site\/wp-content\/uploads\/2022\/03\/photo_2022-03-16_15-56-56.jpg\"><img loading=\"lazy\" decoding=\"async\" class=\"aligncenter size-full wp-image-150099\" src=\"https:\/\/digital58.com.ve\/site\/wp-content\/uploads\/2022\/03\/photo_2022-03-16_15-56-56.jpg\" alt=\"\" width=\"1040\" height=\"468\" srcset=\"https:\/\/digital58.com.ve\/site\/wp-content\/uploads\/2022\/03\/photo_2022-03-16_15-56-56.jpg 1040w, https:\/\/digital58.com.ve\/site\/wp-content\/uploads\/2022\/03\/photo_2022-03-16_15-56-56-300x135.jpg 300w, https:\/\/digital58.com.ve\/site\/wp-content\/uploads\/2022\/03\/photo_2022-03-16_15-56-56-1000x450.jpg 1000w, https:\/\/digital58.com.ve\/site\/wp-content\/uploads\/2022\/03\/photo_2022-03-16_15-56-56-768x346.jpg 768w\" sizes=\"auto, (max-width: 1040px) 100vw, 1040px\" \/><\/a><\/p>\n<p>Una nueva jornada de Mercados Populares San Francisco se realiz\u00f3 esta vez en la parroquia Los Cortijos, en la cancha del sector Andr\u00e9s Bello, donde fueron beneficiadas alrededor de dos mil 500 personas.<\/p>\n<p><strong>San Francisco, Zulia, Venezuela, 16 de marzo de 2022 (ND58).-<\/strong> El alcalde Gustavo Fern\u00e1ndez y la primera dama del municipio Franciela N\u00fa\u00f1ez acompa\u00f1aron a los habitantes de esa parroquia que se consideraban abandonados por las anteriores gestiones.<\/p>\n<p>De igual manera, se efectu\u00f3 una jornada social que cont\u00f3 con vacunaci\u00f3n y desparasitaci\u00f3n para ni\u00f1os y adultos.<br \/>\nFern\u00e1ndez indic\u00f3 que este tipo de jornadas se continuar\u00e1 realizando de la mano del gobernador del Zulia, Manuel Rosales Guerrero, en las cuales se le est\u00e1 ofreciendo a la poblaci\u00f3n productos de alta calidad, a precios accesibles, d\u00e1ndole prioridad a personas discapacitadas y de la tercera edad.<\/p>\n<p>El alcalde sure\u00f1o destac\u00f3 que \u00abla gente est\u00e1 esperanzada, con la confianza puesta en su gobierno municipal y, de la mano del gobernador Manuel Rosales, tienen la certeza de que seguiremos llevando bienestar a todos los sanfranciscanos\u00bb.<\/p>\n<p>Los beneficiados como la se\u00f1ora Vilma Delgado, habitante del sector, manifest\u00f3 estar muy satisfecha con esta jornada, pues no solo logr\u00f3 abastecerse, sino tambi\u00e9n hacer una petici\u00f3n para una silla de ruedas.<\/p>\n<p>De igual manera, Lilibeth Leal, del sector Los Manantiales 1, indic\u00f3 que \u00abme da gusto que el Gobernador y el Alcalde tomen en cuenta a Los Cortijos, porque est\u00e1bamos abandonados por los anteriores gobernantes y ahora se nota que les duele San Francisco\u00bb.<\/p>\n<p>Estos Mercados Populares San Francisco se est\u00e1n llevando a cabo cada fin de semana en las parroquias del municipio, con venta de alimentos y jornadas sociales para satisfacer las necesidades de los sanfranciscanos.<\/p><div class=\"pofdq69f4402f8151d\" ><p style=\"text-align: center;\"><a href=\"https:\/\/t.me\/noticiasdigital58\" target=\"_blank\" rel=\"noopener\"><img class=\"aligncenter size-full wp-image-125363\" src=\"https:\/\/digital58.com.ve\/site\/wp-content\/uploads\/2021\/04\/banner-telegram-web-2021.png\" alt=\"\" width=\"600\" height=\"90\" \/><\/a><\/p><\/div><style type=\"text\/css\">\r\n@media screen and (min-width: 1201px) {\r\n.pofdq69f4402f8151d {\r\ndisplay: block;\r\n}\r\n}\r\n@media screen and (min-width: 993px) and (max-width: 1200px) {\r\n.pofdq69f4402f8151d {\r\ndisplay: block;\r\n}\r\n}\r\n@media screen and (min-width: 769px) and (max-width: 992px) {\r\n.pofdq69f4402f8151d {\r\ndisplay: block;\r\n}\r\n}\r\n@media screen and (min-width: 768px) and (max-width: 768px) {\r\n.pofdq69f4402f8151d {\r\ndisplay: block;\r\n}\r\n}\r\n@media screen and (max-width: 767px) {\r\n.pofdq69f4402f8151d {\r\ndisplay: block;\r\n}\r\n}\r\n<\/style>\r\n\n<p><strong>Redacci\u00f3n ND58 | Fuente: Prensa ADSF<\/strong><br \/>\n<strong>Edici\u00f3n: Villasmil, Henry<\/strong><br \/>\n<strong>Gr\u00e1fica: Cortes\u00eda Prensa ADSF<\/strong><\/p>\n<div style=\"margin-top: 0px; margin-bottom: 0px;\" class=\"sharethis-inline-share-buttons\" ><\/div>","protected":false},"excerpt":{"rendered":"<p>Una nueva jornada de Mercados Populares San Francisco se realiz\u00f3 esta vez en la parroquia Los Cortijos, en la cancha<\/p>\n","protected":false},"author":1,"featured_media":150099,"comment_status":"open","ping_status":"closed","sticky":false,"template":"","format":"standard","meta":{"colormag_page_container_layout":"default_layout","colormag_page_sidebar_layout":"default_layout","_uag_custom_page_level_css":"","footnotes":""},"categories":[14504],"tags":[4205,13579,26001,27724,5816,233,23910,2354,27725,32],"class_list":["post-150098","post","type-post","status-publish","format-standard","has-post-thumbnail","hentry","category-zulia","tag-alcaldia-de-san-francisco","tag-gobierno-del-zulia","tag-gustavo-fernandez","tag-mercados-populares-san-francisco","tag-municipio-san-francisco","tag-nacionales","tag-parroquia-los-cortijos","tag-regionales","tag-sector-andres-bello","tag-venezuela"],"yoast_head":"<!-- This site is optimized with the Yoast SEO plugin v27.5 - https:\/\/yoast.com\/product\/yoast-seo-wordpress\/ -->\n<title>Mercados Populares San Francisco atiende a m\u00e1s de dos mil 500 familias de la parroquia Los Cortijos<\/title>\n<meta name=\"description\" content=\"Zulia\" \/>\n<meta name=\"robots\" content=\"index, follow, max-snippet:-1, max-image-preview:large, max-video-preview:-1\" \/>\n<link rel=\"canonical\" href=\"https:\/\/digital58.com.ve\/site\/2022\/03\/16\/mercados-populares-san-francisco-atiende-a-mas-de-dos-mil-500-familias-de-la-parroquia-los-cortijos\/\" \/>\n<meta property=\"og:locale\" content=\"es_ES\" \/>\n<meta property=\"og:type\" content=\"article\" \/>\n<meta property=\"og:title\" content=\"Mercados Populares San Francisco atiende a m\u00e1s de dos mil 500 familias de la parroquia Los Cortijos\" \/>\n<meta property=\"og:description\" content=\"Zulia\" \/>\n<meta property=\"og:url\" content=\"https:\/\/digital58.com.ve\/site\/2022\/03\/16\/mercados-populares-san-francisco-atiende-a-mas-de-dos-mil-500-familias-de-la-parroquia-los-cortijos\/\" \/>\n<meta property=\"og:site_name\" content=\"Noticias Digital58\" \/>\n<meta property=\"article:published_time\" content=\"2022-03-16T19:59:23+00:00\" \/>\n<meta property=\"og:image\" content=\"https:\/\/digital58.com.ve\/site\/wp-content\/uploads\/2022\/03\/photo_2022-03-16_15-56-56.jpg\" \/>\n\t<meta property=\"og:image:width\" content=\"1040\" \/>\n\t<meta property=\"og:image:height\" content=\"468\" \/>\n\t<meta property=\"og:image:type\" content=\"image\/jpeg\" \/>\n<meta name=\"author\" content=\"Villasmil Henry\" \/>\n<meta name=\"twitter:card\" content=\"summary_large_image\" \/>\n<meta name=\"twitter:creator\" content=\"@https:\/\/twitter.com\/villasmilhfoto\" \/>\n<meta name=\"twitter:site\" content=\"@villasmilhfoto\" \/>\n<meta name=\"twitter:label1\" content=\"Escrito por\" \/>\n\t<meta name=\"twitter:data1\" content=\"Villasmil Henry\" \/>\n\t<meta name=\"twitter:label2\" content=\"Tiempo estimado de lectura\" \/>\n\t<meta name=\"twitter:data2\" content=\"2 minutos\" \/>\n<script type=\"application\/ld+json\" class=\"yoast-schema-graph\">{\"@context\":\"https:\\\/\\\/schema.org\",\"@graph\":[{\"@type\":\"Article\",\"@id\":\"https:\\\/\\\/digital58.com.ve\\\/site\\\/2022\\\/03\\\/16\\\/mercados-populares-san-francisco-atiende-a-mas-de-dos-mil-500-familias-de-la-parroquia-los-cortijos\\\/#article\",\"isPartOf\":{\"@id\":\"https:\\\/\\\/digital58.com.ve\\\/site\\\/2022\\\/03\\\/16\\\/mercados-populares-san-francisco-atiende-a-mas-de-dos-mil-500-familias-de-la-parroquia-los-cortijos\\\/\"},\"author\":{\"name\":\"Villasmil Henry\",\"@id\":\"https:\\\/\\\/digital58.com.ve\\\/site\\\/#\\\/schema\\\/person\\\/64d1c2e4d0d4fd1b849980c4331c2951\"},\"headline\":\"Mercados Populares San Francisco atiende a m\u00e1s de dos mil 500 familias de la parroquia Los Cortijos\",\"datePublished\":\"2022-03-16T19:59:23+00:00\",\"mainEntityOfPage\":{\"@id\":\"https:\\\/\\\/digital58.com.ve\\\/site\\\/2022\\\/03\\\/16\\\/mercados-populares-san-francisco-atiende-a-mas-de-dos-mil-500-familias-de-la-parroquia-los-cortijos\\\/\"},\"wordCount\":326,\"commentCount\":0,\"publisher\":{\"@id\":\"https:\\\/\\\/digital58.com.ve\\\/site\\\/#\\\/schema\\\/person\\\/64d1c2e4d0d4fd1b849980c4331c2951\"},\"image\":{\"@id\":\"https:\\\/\\\/digital58.com.ve\\\/site\\\/2022\\\/03\\\/16\\\/mercados-populares-san-francisco-atiende-a-mas-de-dos-mil-500-familias-de-la-parroquia-los-cortijos\\\/#primaryimage\"},\"thumbnailUrl\":\"https:\\\/\\\/digital58.com.ve\\\/site\\\/wp-content\\\/uploads\\\/2022\\\/03\\\/photo_2022-03-16_15-56-56.jpg\",\"keywords\":[\"Alcald\u00eda de San Francisco\",\"Gobierno del Zulia\",\"Gustavo Fern\u00e1ndez\",\"Mercados Populares San Francisco\",\"Municipio San Francisco\",\"Nacionales\",\"Parroquia Los Cortijos\",\"Regionales\",\"Sector Andr\u00e9s Bello\",\"Venezuela\"],\"articleSection\":[\"Zulia\"],\"inLanguage\":\"es\",\"potentialAction\":[{\"@type\":\"CommentAction\",\"name\":\"Comment\",\"target\":[\"https:\\\/\\\/digital58.com.ve\\\/site\\\/2022\\\/03\\\/16\\\/mercados-populares-san-francisco-atiende-a-mas-de-dos-mil-500-familias-de-la-parroquia-los-cortijos\\\/#respond\"]}]},{\"@type\":\"WebPage\",\"@id\":\"https:\\\/\\\/digital58.com.ve\\\/site\\\/2022\\\/03\\\/16\\\/mercados-populares-san-francisco-atiende-a-mas-de-dos-mil-500-familias-de-la-parroquia-los-cortijos\\\/\",\"url\":\"https:\\\/\\\/digital58.com.ve\\\/site\\\/2022\\\/03\\\/16\\\/mercados-populares-san-francisco-atiende-a-mas-de-dos-mil-500-familias-de-la-parroquia-los-cortijos\\\/\",\"name\":\"Mercados Populares San Francisco atiende a m\u00e1s de dos mil 500 familias de la parroquia Los Cortijos\",\"isPartOf\":{\"@id\":\"https:\\\/\\\/digital58.com.ve\\\/site\\\/#website\"},\"primaryImageOfPage\":{\"@id\":\"https:\\\/\\\/digital58.com.ve\\\/site\\\/2022\\\/03\\\/16\\\/mercados-populares-san-francisco-atiende-a-mas-de-dos-mil-500-familias-de-la-parroquia-los-cortijos\\\/#primaryimage\"},\"image\":{\"@id\":\"https:\\\/\\\/digital58.com.ve\\\/site\\\/2022\\\/03\\\/16\\\/mercados-populares-san-francisco-atiende-a-mas-de-dos-mil-500-familias-de-la-parroquia-los-cortijos\\\/#primaryimage\"},\"thumbnailUrl\":\"https:\\\/\\\/digital58.com.ve\\\/site\\\/wp-content\\\/uploads\\\/2022\\\/03\\\/photo_2022-03-16_15-56-56.jpg\",\"datePublished\":\"2022-03-16T19:59:23+00:00\",\"description\":\"Zulia\",\"breadcrumb\":{\"@id\":\"https:\\\/\\\/digital58.com.ve\\\/site\\\/2022\\\/03\\\/16\\\/mercados-populares-san-francisco-atiende-a-mas-de-dos-mil-500-familias-de-la-parroquia-los-cortijos\\\/#breadcrumb\"},\"inLanguage\":\"es\",\"potentialAction\":[{\"@type\":\"ReadAction\",\"target\":[\"https:\\\/\\\/digital58.com.ve\\\/site\\\/2022\\\/03\\\/16\\\/mercados-populares-san-francisco-atiende-a-mas-de-dos-mil-500-familias-de-la-parroquia-los-cortijos\\\/\"]}]},{\"@type\":\"ImageObject\",\"inLanguage\":\"es\",\"@id\":\"https:\\\/\\\/digital58.com.ve\\\/site\\\/2022\\\/03\\\/16\\\/mercados-populares-san-francisco-atiende-a-mas-de-dos-mil-500-familias-de-la-parroquia-los-cortijos\\\/#primaryimage\",\"url\":\"https:\\\/\\\/digital58.com.ve\\\/site\\\/wp-content\\\/uploads\\\/2022\\\/03\\\/photo_2022-03-16_15-56-56.jpg\",\"contentUrl\":\"https:\\\/\\\/digital58.com.ve\\\/site\\\/wp-content\\\/uploads\\\/2022\\\/03\\\/photo_2022-03-16_15-56-56.jpg\",\"width\":1040,\"height\":468},{\"@type\":\"BreadcrumbList\",\"@id\":\"https:\\\/\\\/digital58.com.ve\\\/site\\\/2022\\\/03\\\/16\\\/mercados-populares-san-francisco-atiende-a-mas-de-dos-mil-500-familias-de-la-parroquia-los-cortijos\\\/#breadcrumb\",\"itemListElement\":[{\"@type\":\"ListItem\",\"position\":1,\"name\":\"Home\",\"item\":\"https:\\\/\\\/digital58.com.ve\\\/site\\\/\"},{\"@type\":\"ListItem\",\"position\":2,\"name\":\"Mercados Populares San Francisco atiende a m\u00e1s de dos mil 500 familias de la parroquia Los Cortijos\"}]},{\"@type\":\"WebSite\",\"@id\":\"https:\\\/\\\/digital58.com.ve\\\/site\\\/#website\",\"url\":\"https:\\\/\\\/digital58.com.ve\\\/site\\\/\",\"name\":\"Noticias Digital58\",\"description\":\"Portal de Noticias \u00a1Periodismo web de verdad! Lanzamiento web 22.11.2005 \\\/ Maracaibo, Venezuela\",\"publisher\":{\"@id\":\"https:\\\/\\\/digital58.com.ve\\\/site\\\/#\\\/schema\\\/person\\\/64d1c2e4d0d4fd1b849980c4331c2951\"},\"alternateName\":\"ND58\",\"potentialAction\":[{\"@type\":\"SearchAction\",\"target\":{\"@type\":\"EntryPoint\",\"urlTemplate\":\"https:\\\/\\\/digital58.com.ve\\\/site\\\/?s={search_term_string}\"},\"query-input\":{\"@type\":\"PropertyValueSpecification\",\"valueRequired\":true,\"valueName\":\"search_term_string\"}}],\"inLanguage\":\"es\"},{\"@type\":[\"Person\",\"Organization\"],\"@id\":\"https:\\\/\\\/digital58.com.ve\\\/site\\\/#\\\/schema\\\/person\\\/64d1c2e4d0d4fd1b849980c4331c2951\",\"name\":\"Villasmil Henry\",\"image\":{\"@type\":\"ImageObject\",\"inLanguage\":\"es\",\"@id\":\"https:\\\/\\\/secure.gravatar.com\\\/avatar\\\/bb0c4a2fcb7970138239f7e404ea75757b1b507b28b5ce4c53fbd62d797c5a7c?s=96&d=mm&r=g\",\"url\":\"https:\\\/\\\/secure.gravatar.com\\\/avatar\\\/bb0c4a2fcb7970138239f7e404ea75757b1b507b28b5ce4c53fbd62d797c5a7c?s=96&d=mm&r=g\",\"contentUrl\":\"https:\\\/\\\/secure.gravatar.com\\\/avatar\\\/bb0c4a2fcb7970138239f7e404ea75757b1b507b28b5ce4c53fbd62d797c5a7c?s=96&d=mm&r=g\",\"caption\":\"Villasmil Henry\"},\"logo\":{\"@id\":\"https:\\\/\\\/secure.gravatar.com\\\/avatar\\\/bb0c4a2fcb7970138239f7e404ea75757b1b507b28b5ce4c53fbd62d797c5a7c?s=96&d=mm&r=g\"},\"sameAs\":[\"http:\\\/\\\/www.henryvillasmil.com.ve\",\"https:\\\/\\\/www.instagram.com\\\/villasmilhfoto\\\/\",\"https:\\\/\\\/x.com\\\/https:\\\/\\\/twitter.com\\\/villasmilhfoto\"],\"url\":\"https:\\\/\\\/digital58.com.ve\\\/site\\\/author\\\/droopy_68\\\/\"}]}<\/script>\n<!-- \/ Yoast SEO plugin. -->","yoast_head_json":{"title":"Mercados Populares San Francisco atiende a m\u00e1s de dos mil 500 familias de la parroquia Los Cortijos","description":"Zulia","robots":{"index":"index","follow":"follow","max-snippet":"max-snippet:-1","max-image-preview":"max-image-preview:large","max-video-preview":"max-video-preview:-1"},"canonical":"https:\/\/digital58.com.ve\/site\/2022\/03\/16\/mercados-populares-san-francisco-atiende-a-mas-de-dos-mil-500-familias-de-la-parroquia-los-cortijos\/","og_locale":"es_ES","og_type":"article","og_title":"Mercados Populares San Francisco atiende a m\u00e1s de dos mil 500 familias de la parroquia Los Cortijos","og_description":"Zulia","og_url":"https:\/\/digital58.com.ve\/site\/2022\/03\/16\/mercados-populares-san-francisco-atiende-a-mas-de-dos-mil-500-familias-de-la-parroquia-los-cortijos\/","og_site_name":"Noticias Digital58","article_published_time":"2022-03-16T19:59:23+00:00","og_image":[{"width":1040,"height":468,"url":"https:\/\/digital58.com.ve\/site\/wp-content\/uploads\/2022\/03\/photo_2022-03-16_15-56-56.jpg","type":"image\/jpeg"}],"author":"Villasmil Henry","twitter_card":"summary_large_image","twitter_creator":"@https:\/\/twitter.com\/villasmilhfoto","twitter_site":"@villasmilhfoto","twitter_misc":{"Escrito por":"Villasmil Henry","Tiempo estimado de lectura":"2 minutos"},"schema":{"@context":"https:\/\/schema.org","@graph":[{"@type":"Article","@id":"https:\/\/digital58.com.ve\/site\/2022\/03\/16\/mercados-populares-san-francisco-atiende-a-mas-de-dos-mil-500-familias-de-la-parroquia-los-cortijos\/#article","isPartOf":{"@id":"https:\/\/digital58.com.ve\/site\/2022\/03\/16\/mercados-populares-san-francisco-atiende-a-mas-de-dos-mil-500-familias-de-la-parroquia-los-cortijos\/"},"author":{"name":"Villasmil Henry","@id":"https:\/\/digital58.com.ve\/site\/#\/schema\/person\/64d1c2e4d0d4fd1b849980c4331c2951"},"headline":"Mercados Populares San Francisco atiende a m\u00e1s de dos mil 500 familias de la parroquia Los Cortijos","datePublished":"2022-03-16T19:59:23+00:00","mainEntityOfPage":{"@id":"https:\/\/digital58.com.ve\/site\/2022\/03\/16\/mercados-populares-san-francisco-atiende-a-mas-de-dos-mil-500-familias-de-la-parroquia-los-cortijos\/"},"wordCount":326,"commentCount":0,"publisher":{"@id":"https:\/\/digital58.com.ve\/site\/#\/schema\/person\/64d1c2e4d0d4fd1b849980c4331c2951"},"image":{"@id":"https:\/\/digital58.com.ve\/site\/2022\/03\/16\/mercados-populares-san-francisco-atiende-a-mas-de-dos-mil-500-familias-de-la-parroquia-los-cortijos\/#primaryimage"},"thumbnailUrl":"https:\/\/digital58.com.ve\/site\/wp-content\/uploads\/2022\/03\/photo_2022-03-16_15-56-56.jpg","keywords":["Alcald\u00eda de San Francisco","Gobierno del Zulia","Gustavo Fern\u00e1ndez","Mercados Populares San Francisco","Municipio San Francisco","Nacionales","Parroquia Los Cortijos","Regionales","Sector Andr\u00e9s Bello","Venezuela"],"articleSection":["Zulia"],"inLanguage":"es","potentialAction":[{"@type":"CommentAction","name":"Comment","target":["https:\/\/digital58.com.ve\/site\/2022\/03\/16\/mercados-populares-san-francisco-atiende-a-mas-de-dos-mil-500-familias-de-la-parroquia-los-cortijos\/#respond"]}]},{"@type":"WebPage","@id":"https:\/\/digital58.com.ve\/site\/2022\/03\/16\/mercados-populares-san-francisco-atiende-a-mas-de-dos-mil-500-familias-de-la-parroquia-los-cortijos\/","url":"https:\/\/digital58.com.ve\/site\/2022\/03\/16\/mercados-populares-san-francisco-atiende-a-mas-de-dos-mil-500-familias-de-la-parroquia-los-cortijos\/","name":"Mercados Populares San Francisco atiende a m\u00e1s de dos mil 500 familias de la parroquia Los Cortijos","isPartOf":{"@id":"https:\/\/digital58.com.ve\/site\/#website"},"primaryImageOfPage":{"@id":"https:\/\/digital58.com.ve\/site\/2022\/03\/16\/mercados-populares-san-francisco-atiende-a-mas-de-dos-mil-500-familias-de-la-parroquia-los-cortijos\/#primaryimage"},"image":{"@id":"https:\/\/digital58.com.ve\/site\/2022\/03\/16\/mercados-populares-san-francisco-atiende-a-mas-de-dos-mil-500-familias-de-la-parroquia-los-cortijos\/#primaryimage"},"thumbnailUrl":"https:\/\/digital58.com.ve\/site\/wp-content\/uploads\/2022\/03\/photo_2022-03-16_15-56-56.jpg","datePublished":"2022-03-16T19:59:23+00:00","description":"Zulia","breadcrumb":{"@id":"https:\/\/digital58.com.ve\/site\/2022\/03\/16\/mercados-populares-san-francisco-atiende-a-mas-de-dos-mil-500-familias-de-la-parroquia-los-cortijos\/#breadcrumb"},"inLanguage":"es","potentialAction":[{"@type":"ReadAction","target":["https:\/\/digital58.com.ve\/site\/2022\/03\/16\/mercados-populares-san-francisco-atiende-a-mas-de-dos-mil-500-familias-de-la-parroquia-los-cortijos\/"]}]},{"@type":"ImageObject","inLanguage":"es","@id":"https:\/\/digital58.com.ve\/site\/2022\/03\/16\/mercados-populares-san-francisco-atiende-a-mas-de-dos-mil-500-familias-de-la-parroquia-los-cortijos\/#primaryimage","url":"https:\/\/digital58.com.ve\/site\/wp-content\/uploads\/2022\/03\/photo_2022-03-16_15-56-56.jpg","contentUrl":"https:\/\/digital58.com.ve\/site\/wp-content\/uploads\/2022\/03\/photo_2022-03-16_15-56-56.jpg","width":1040,"height":468},{"@type":"BreadcrumbList","@id":"https:\/\/digital58.com.ve\/site\/2022\/03\/16\/mercados-populares-san-francisco-atiende-a-mas-de-dos-mil-500-familias-de-la-parroquia-los-cortijos\/#breadcrumb","itemListElement":[{"@type":"ListItem","position":1,"name":"Home","item":"https:\/\/digital58.com.ve\/site\/"},{"@type":"ListItem","position":2,"name":"Mercados Populares San Francisco atiende a m\u00e1s de dos mil 500 familias de la parroquia Los Cortijos"}]},{"@type":"WebSite","@id":"https:\/\/digital58.com.ve\/site\/#website","url":"https:\/\/digital58.com.ve\/site\/","name":"Noticias Digital58","description":"Portal de Noticias \u00a1Periodismo web de verdad! Lanzamiento web 22.11.2005 \/ Maracaibo, Venezuela","publisher":{"@id":"https:\/\/digital58.com.ve\/site\/#\/schema\/person\/64d1c2e4d0d4fd1b849980c4331c2951"},"alternateName":"ND58","potentialAction":[{"@type":"SearchAction","target":{"@type":"EntryPoint","urlTemplate":"https:\/\/digital58.com.ve\/site\/?s={search_term_string}"},"query-input":{"@type":"PropertyValueSpecification","valueRequired":true,"valueName":"search_term_string"}}],"inLanguage":"es"},{"@type":["Person","Organization"],"@id":"https:\/\/digital58.com.ve\/site\/#\/schema\/person\/64d1c2e4d0d4fd1b849980c4331c2951","name":"Villasmil Henry","image":{"@type":"ImageObject","inLanguage":"es","@id":"https:\/\/secure.gravatar.com\/avatar\/bb0c4a2fcb7970138239f7e404ea75757b1b507b28b5ce4c53fbd62d797c5a7c?s=96&d=mm&r=g","url":"https:\/\/secure.gravatar.com\/avatar\/bb0c4a2fcb7970138239f7e404ea75757b1b507b28b5ce4c53fbd62d797c5a7c?s=96&d=mm&r=g","contentUrl":"https:\/\/secure.gravatar.com\/avatar\/bb0c4a2fcb7970138239f7e404ea75757b1b507b28b5ce4c53fbd62d797c5a7c?s=96&d=mm&r=g","caption":"Villasmil Henry"},"logo":{"@id":"https:\/\/secure.gravatar.com\/avatar\/bb0c4a2fcb7970138239f7e404ea75757b1b507b28b5ce4c53fbd62d797c5a7c?s=96&d=mm&r=g"},"sameAs":["http:\/\/www.henryvillasmil.com.ve","https:\/\/www.instagram.com\/villasmilhfoto\/","https:\/\/x.com\/https:\/\/twitter.com\/villasmilhfoto"],"url":"https:\/\/digital58.com.ve\/site\/author\/droopy_68\/"}]}},"uagb_featured_image_src":{"full":["https:\/\/digital58.com.ve\/site\/wp-content\/uploads\/2022\/03\/photo_2022-03-16_15-56-56.jpg",1040,468,false],"thumbnail":["https:\/\/digital58.com.ve\/site\/wp-content\/uploads\/2022\/03\/photo_2022-03-16_15-56-56-150x150.jpg",150,150,true],"medium":["https:\/\/digital58.com.ve\/site\/wp-content\/uploads\/2022\/03\/photo_2022-03-16_15-56-56-300x135.jpg",300,135,true],"medium_large":["https:\/\/digital58.com.ve\/site\/wp-content\/uploads\/2022\/03\/photo_2022-03-16_15-56-56-768x346.jpg",768,346,true],"large":["https:\/\/digital58.com.ve\/site\/wp-content\/uploads\/2022\/03\/photo_2022-03-16_15-56-56-1000x450.jpg",800,360,true],"1536x1536":["https:\/\/digital58.com.ve\/site\/wp-content\/uploads\/2022\/03\/photo_2022-03-16_15-56-56.jpg",1040,468,false],"2048x2048":["https:\/\/digital58.com.ve\/site\/wp-content\/uploads\/2022\/03\/photo_2022-03-16_15-56-56.jpg",1040,468,false],"colormag-highlighted-post":["https:\/\/digital58.com.ve\/site\/wp-content\/uploads\/2022\/03\/photo_2022-03-16_15-56-56.jpg",392,176,false],"colormag-featured-post-medium":["https:\/\/digital58.com.ve\/site\/wp-content\/uploads\/2022\/03\/photo_2022-03-16_15-56-56.jpg",390,176,false],"colormag-featured-post-small":["https:\/\/digital58.com.ve\/site\/wp-content\/uploads\/2022\/03\/photo_2022-03-16_15-56-56.jpg",130,59,false],"colormag-featured-image":["https:\/\/digital58.com.ve\/site\/wp-content\/uploads\/2022\/03\/photo_2022-03-16_15-56-56.jpg",800,360,false],"colormag-default-news":["https:\/\/digital58.com.ve\/site\/wp-content\/uploads\/2022\/03\/photo_2022-03-16_15-56-56.jpg",150,68,false],"colormag-featured-image-large":["https:\/\/digital58.com.ve\/site\/wp-content\/uploads\/2022\/03\/photo_2022-03-16_15-56-56.jpg",1040,468,false]},"uagb_author_info":{"display_name":"Villasmil Henry","author_link":"https:\/\/digital58.com.ve\/site\/author\/droopy_68\/"},"uagb_comment_info":0,"uagb_excerpt":"Una nueva jornada de Mercados Populares San Francisco se realiz\u00f3 esta vez en la parroquia Los Cortijos, en la cancha","_links":{"self":[{"href":"https:\/\/digital58.com.ve\/site\/wp-json\/wp\/v2\/posts\/150098","targetHints":{"allow":["GET"]}}],"collection":[{"href":"https:\/\/digital58.com.ve\/site\/wp-json\/wp\/v2\/posts"}],"about":[{"href":"https:\/\/digital58.com.ve\/site\/wp-json\/wp\/v2\/types\/post"}],"author":[{"embeddable":true,"href":"https:\/\/digital58.com.ve\/site\/wp-json\/wp\/v2\/users\/1"}],"replies":[{"embeddable":true,"href":"https:\/\/digital58.com.ve\/site\/wp-json\/wp\/v2\/comments?post=150098"}],"version-history":[{"count":0,"href":"https:\/\/digital58.com.ve\/site\/wp-json\/wp\/v2\/posts\/150098\/revisions"}],"wp:featuredmedia":[{"embeddable":true,"href":"https:\/\/digital58.com.ve\/site\/wp-json\/wp\/v2\/media\/150099"}],"wp:attachment":[{"href":"https:\/\/digital58.com.ve\/site\/wp-json\/wp\/v2\/media?parent=150098"}],"wp:term":[{"taxonomy":"category","embeddable":true,"href":"https:\/\/digital58.com.ve\/site\/wp-json\/wp\/v2\/categories?post=150098"},{"taxonomy":"post_tag","embeddable":true,"href":"https:\/\/digital58.com.ve\/site\/wp-json\/wp\/v2\/tags?post=150098"}],"curies":[{"name":"wp","href":"https:\/\/api.w.org\/{rel}","templated":true}]}}