{"id":150115,"date":"2022-03-16T17:13:29","date_gmt":"2022-03-16T21:13:29","guid":{"rendered":"https:\/\/digital58.com.ve\/site\/?p=150115"},"modified":"2022-03-16T17:13:29","modified_gmt":"2022-03-16T21:13:29","slug":"consejo-legislativo-del-estado-zulia-entrega-orden-ana-maria-campos-a-eveling-trejo-de-rosales","status":"publish","type":"post","link":"https:\/\/digital58.com.ve\/site\/2022\/03\/16\/consejo-legislativo-del-estado-zulia-entrega-orden-ana-maria-campos-a-eveling-trejo-de-rosales\/","title":{"rendered":"Consejo Legislativo del Estado Zulia entrega Orden Ana Mar\u00eda Campos a Eveling Trejo de Rosales"},"content":{"rendered":"<p><a href=\"https:\/\/digital58.com.ve\/site\/wp-content\/uploads\/2022\/03\/IMG-20220316-WA0090.jpg\"><img loading=\"lazy\" decoding=\"async\" class=\"aligncenter size-full wp-image-150117\" src=\"https:\/\/digital58.com.ve\/site\/wp-content\/uploads\/2022\/03\/IMG-20220316-WA0090.jpg\" alt=\"\" width=\"1024\" height=\"768\" srcset=\"https:\/\/digital58.com.ve\/site\/wp-content\/uploads\/2022\/03\/IMG-20220316-WA0090.jpg 1024w, https:\/\/digital58.com.ve\/site\/wp-content\/uploads\/2022\/03\/IMG-20220316-WA0090-300x225.jpg 300w, https:\/\/digital58.com.ve\/site\/wp-content\/uploads\/2022\/03\/IMG-20220316-WA0090-1000x750.jpg 1000w, https:\/\/digital58.com.ve\/site\/wp-content\/uploads\/2022\/03\/IMG-20220316-WA0090-768x576.jpg 768w\" sizes=\"auto, (max-width: 1024px) 100vw, 1024px\" \/><\/a><\/p>\n<p>En el acto protocolar como homenaje a la digna representante de la libertad zuliana se entregaron ofrendas florales por la Gobernaci\u00f3n del Estado Zulia, el poder legislativo y el movimiento estudiantil representado por la Federaci\u00f3n de Centros de Estudiantes de LUZ.<\/p>\n<p><strong>Maracaibo, Zulia, Venezuela, 16 de marzo de 2022 (ND58).-<\/strong> La Primera Dama del Estado Zulia, Eveling Trejo de Rosales junto a otras destacadas figuras femeninas de la regi\u00f3n zuliana recibieron la Orden Ana Mar\u00eda Campos, quien fue una hero\u00edna en la Guerra de Independencia de Venezuela perteneciente al bando Libertador.<\/p>\n<p>Los actos enmarcados en el Mes de la Mujer iniciaron con una eucarist\u00eda en la Catedral de Maracaibo donde posteriormente se realiz\u00f3 una caminata encabezada por la Presidenta del Consejo Legislativo Iraida Villasmil, las legisladoras y la Primera Dama del estado, Eveling Trejo de Rosales hasta el Pante\u00f3n Regional donde se encuentran los restos de la hero\u00edna zuliana.<\/p>\n<p><a href=\"https:\/\/digital58.com.ve\/site\/wp-content\/uploads\/2022\/03\/IMG-20220316-WA0088.jpg\"><img loading=\"lazy\" decoding=\"async\" class=\"aligncenter size-full wp-image-150116\" src=\"https:\/\/digital58.com.ve\/site\/wp-content\/uploads\/2022\/03\/IMG-20220316-WA0088.jpg\" alt=\"\" width=\"974\" height=\"730\" srcset=\"https:\/\/digital58.com.ve\/site\/wp-content\/uploads\/2022\/03\/IMG-20220316-WA0088.jpg 974w, https:\/\/digital58.com.ve\/site\/wp-content\/uploads\/2022\/03\/IMG-20220316-WA0088-300x225.jpg 300w, https:\/\/digital58.com.ve\/site\/wp-content\/uploads\/2022\/03\/IMG-20220316-WA0088-768x576.jpg 768w\" sizes=\"auto, (max-width: 974px) 100vw, 974px\" \/><\/a><\/p>\n<p>La Sesi\u00f3n Solemne con motivo al \u00abD\u00eda Internacional de la Mujer\u00bb donde la oradora de orden fue la C\u00f3nsul de Suiza en la ciudad de Maracaibo Amaya Briner. La actividad inici\u00f3 con el conferimiento de la Orden Ana Mar\u00eda Campos a 18 mujeres de la regi\u00f3n, entre ellas la Primera Dama del Estado Eveling Trejo de Rosales.<\/p>\n<p><a href=\"https:\/\/digital58.com.ve\/site\/wp-content\/uploads\/2022\/03\/IMG-20220316-WA0089.jpg\"><img loading=\"lazy\" decoding=\"async\" class=\"aligncenter size-full wp-image-150118\" src=\"https:\/\/digital58.com.ve\/site\/wp-content\/uploads\/2022\/03\/IMG-20220316-WA0089.jpg\" alt=\"\" width=\"768\" height=\"581\" srcset=\"https:\/\/digital58.com.ve\/site\/wp-content\/uploads\/2022\/03\/IMG-20220316-WA0089.jpg 768w, https:\/\/digital58.com.ve\/site\/wp-content\/uploads\/2022\/03\/IMG-20220316-WA0089-300x227.jpg 300w\" sizes=\"auto, (max-width: 768px) 100vw, 768px\" \/><\/a><\/p>\n<p>\u00abSomos mujeres que con esfuerzo, empe\u00f1o y voluntad hemos ido ocupando espacios que nos hemos ganado con tes\u00f3n. Es importante destacar que el hecho de tener el don de ser dadoras de vida nos hace ocupar un rol muy importante en nuestra sociedad y ahora como protagonistas de cambio queremos devolverle al estado el protagonismo que debe ocupar la familia. Es un reto que tenemos como mujeres\u00bb, dijo la Presidenta de la Fundaci\u00f3n Ni\u00f1o Zuliano.<\/p>\n<p>Entre las mujeres condecoradas tambi\u00e9n hay figuras de la sociedad civil, la pol\u00edtica, la religi\u00f3n, organizaciones no gubernamentales, entre otras.<\/p>\n<p><strong>Redacci\u00f3n ND58 | Fuente: NDP<\/strong><br \/>\n<strong>Edici\u00f3n: Villasmil, Henry<\/strong><br \/>\n<strong>Gr\u00e1fica: Cortes\u00eda<\/strong><\/p>\n<p>&nbsp;<\/p>\n<p>&nbsp;<\/p><div class=\"tugbp69f4aa31ebf42\" ><p style=\"text-align: center;\"><a href=\"https:\/\/t.me\/noticiasdigital58\" target=\"_blank\" rel=\"noopener\"><img class=\"aligncenter size-full wp-image-125363\" src=\"https:\/\/digital58.com.ve\/site\/wp-content\/uploads\/2021\/04\/banner-telegram-web-2021.png\" alt=\"\" width=\"600\" height=\"90\" \/><\/a><\/p><\/div><style type=\"text\/css\">\r\n@media screen and (min-width: 1201px) {\r\n.tugbp69f4aa31ebf42 {\r\ndisplay: block;\r\n}\r\n}\r\n@media screen and (min-width: 993px) and (max-width: 1200px) {\r\n.tugbp69f4aa31ebf42 {\r\ndisplay: block;\r\n}\r\n}\r\n@media screen and (min-width: 769px) and (max-width: 992px) {\r\n.tugbp69f4aa31ebf42 {\r\ndisplay: block;\r\n}\r\n}\r\n@media screen and (min-width: 768px) and (max-width: 768px) {\r\n.tugbp69f4aa31ebf42 {\r\ndisplay: block;\r\n}\r\n}\r\n@media screen and (max-width: 767px) {\r\n.tugbp69f4aa31ebf42 {\r\ndisplay: block;\r\n}\r\n}\r\n<\/style>\r\n\n<p>&nbsp;<\/p>\n<div style=\"margin-top: 0px; margin-bottom: 0px;\" class=\"sharethis-inline-share-buttons\" ><\/div>","protected":false},"excerpt":{"rendered":"<p>En el acto protocolar como homenaje a la digna representante de la libertad zuliana se entregaron ofrendas florales por la<\/p>\n","protected":false},"author":1,"featured_media":150118,"comment_status":"open","ping_status":"closed","sticky":false,"template":"","format":"standard","meta":{"colormag_page_container_layout":"default_layout","colormag_page_sidebar_layout":"default_layout","_uag_custom_page_level_css":"","footnotes":""},"categories":[14504],"tags":[26997,19406,1322,6313,73,6696,233,27733,27734,2354,27735,32],"class_list":["post-150115","post","type-post","status-publish","format-standard","has-post-thumbnail","hentry","category-zulia","tag-catedral-de-maracaibo","tag-consejo-legislativo-del-estado-zulia","tag-dia-internacional-de-la-mujer","tag-eveling-trejo-de-rosales","tag-maracaibo","tag-mes-de-la-mujer","tag-nacionales","tag-orden-ana-maria-campos","tag-primera-dama-del-estado-zulia","tag-regionales","tag-sesion-solemne","tag-venezuela"],"yoast_head":"<!-- This site is optimized with the Yoast SEO plugin v27.5 - https:\/\/yoast.com\/product\/yoast-seo-wordpress\/ -->\n<title>Consejo Legislativo del Estado Zulia entrega Orden Ana Mar\u00eda Campos a Eveling Trejo de Rosales<\/title>\n<meta name=\"description\" content=\"Zulia\" \/>\n<meta name=\"robots\" content=\"index, follow, max-snippet:-1, max-image-preview:large, max-video-preview:-1\" \/>\n<link rel=\"canonical\" href=\"https:\/\/digital58.com.ve\/site\/2022\/03\/16\/consejo-legislativo-del-estado-zulia-entrega-orden-ana-maria-campos-a-eveling-trejo-de-rosales\/\" \/>\n<meta property=\"og:locale\" content=\"es_ES\" \/>\n<meta property=\"og:type\" content=\"article\" \/>\n<meta property=\"og:title\" content=\"Consejo Legislativo del Estado Zulia entrega Orden Ana Mar\u00eda Campos a Eveling Trejo de Rosales\" \/>\n<meta property=\"og:description\" content=\"Zulia\" \/>\n<meta property=\"og:url\" content=\"https:\/\/digital58.com.ve\/site\/2022\/03\/16\/consejo-legislativo-del-estado-zulia-entrega-orden-ana-maria-campos-a-eveling-trejo-de-rosales\/\" \/>\n<meta property=\"og:site_name\" content=\"Noticias Digital58\" \/>\n<meta property=\"article:published_time\" content=\"2022-03-16T21:13:29+00:00\" \/>\n<meta property=\"og:image\" content=\"https:\/\/digital58.com.ve\/site\/wp-content\/uploads\/2022\/03\/IMG-20220316-WA0089.jpg\" \/>\n\t<meta property=\"og:image:width\" content=\"768\" \/>\n\t<meta property=\"og:image:height\" content=\"581\" \/>\n\t<meta property=\"og:image:type\" content=\"image\/jpeg\" \/>\n<meta name=\"author\" content=\"Villasmil Henry\" \/>\n<meta name=\"twitter:card\" content=\"summary_large_image\" \/>\n<meta name=\"twitter:creator\" content=\"@https:\/\/twitter.com\/villasmilhfoto\" \/>\n<meta name=\"twitter:site\" content=\"@villasmilhfoto\" \/>\n<meta name=\"twitter:label1\" content=\"Escrito por\" \/>\n\t<meta name=\"twitter:data1\" content=\"Villasmil Henry\" \/>\n\t<meta name=\"twitter:label2\" content=\"Tiempo estimado de lectura\" \/>\n\t<meta name=\"twitter:data2\" content=\"3 minutos\" \/>\n<script type=\"application\/ld+json\" class=\"yoast-schema-graph\">{\"@context\":\"https:\\\/\\\/schema.org\",\"@graph\":[{\"@type\":\"Article\",\"@id\":\"https:\\\/\\\/digital58.com.ve\\\/site\\\/2022\\\/03\\\/16\\\/consejo-legislativo-del-estado-zulia-entrega-orden-ana-maria-campos-a-eveling-trejo-de-rosales\\\/#article\",\"isPartOf\":{\"@id\":\"https:\\\/\\\/digital58.com.ve\\\/site\\\/2022\\\/03\\\/16\\\/consejo-legislativo-del-estado-zulia-entrega-orden-ana-maria-campos-a-eveling-trejo-de-rosales\\\/\"},\"author\":{\"name\":\"Villasmil Henry\",\"@id\":\"https:\\\/\\\/digital58.com.ve\\\/site\\\/#\\\/schema\\\/person\\\/64d1c2e4d0d4fd1b849980c4331c2951\"},\"headline\":\"Consejo Legislativo del Estado Zulia entrega Orden Ana Mar\u00eda Campos a Eveling Trejo de Rosales\",\"datePublished\":\"2022-03-16T21:13:29+00:00\",\"mainEntityOfPage\":{\"@id\":\"https:\\\/\\\/digital58.com.ve\\\/site\\\/2022\\\/03\\\/16\\\/consejo-legislativo-del-estado-zulia-entrega-orden-ana-maria-campos-a-eveling-trejo-de-rosales\\\/\"},\"wordCount\":351,\"commentCount\":0,\"publisher\":{\"@id\":\"https:\\\/\\\/digital58.com.ve\\\/site\\\/#\\\/schema\\\/person\\\/64d1c2e4d0d4fd1b849980c4331c2951\"},\"image\":{\"@id\":\"https:\\\/\\\/digital58.com.ve\\\/site\\\/2022\\\/03\\\/16\\\/consejo-legislativo-del-estado-zulia-entrega-orden-ana-maria-campos-a-eveling-trejo-de-rosales\\\/#primaryimage\"},\"thumbnailUrl\":\"https:\\\/\\\/digital58.com.ve\\\/site\\\/wp-content\\\/uploads\\\/2022\\\/03\\\/IMG-20220316-WA0089.jpg\",\"keywords\":[\"Catedral de Maracaibo\",\"Consejo Legislativo del estado Zulia\",\"D\u00eda Internacional de la Mujer\",\"Eveling Trejo de Rosales\",\"Maracaibo\",\"Mes de la Mujer\",\"Nacionales\",\"Orden Ana Mar\u00eda Campos\",\"Primera Dama del Estado Zulia\",\"Regionales\",\"Sesi\u00f3n Solemne\",\"Venezuela\"],\"articleSection\":[\"Zulia\"],\"inLanguage\":\"es\",\"potentialAction\":[{\"@type\":\"CommentAction\",\"name\":\"Comment\",\"target\":[\"https:\\\/\\\/digital58.com.ve\\\/site\\\/2022\\\/03\\\/16\\\/consejo-legislativo-del-estado-zulia-entrega-orden-ana-maria-campos-a-eveling-trejo-de-rosales\\\/#respond\"]}]},{\"@type\":\"WebPage\",\"@id\":\"https:\\\/\\\/digital58.com.ve\\\/site\\\/2022\\\/03\\\/16\\\/consejo-legislativo-del-estado-zulia-entrega-orden-ana-maria-campos-a-eveling-trejo-de-rosales\\\/\",\"url\":\"https:\\\/\\\/digital58.com.ve\\\/site\\\/2022\\\/03\\\/16\\\/consejo-legislativo-del-estado-zulia-entrega-orden-ana-maria-campos-a-eveling-trejo-de-rosales\\\/\",\"name\":\"Consejo Legislativo del Estado Zulia entrega Orden Ana Mar\u00eda Campos a Eveling Trejo de Rosales\",\"isPartOf\":{\"@id\":\"https:\\\/\\\/digital58.com.ve\\\/site\\\/#website\"},\"primaryImageOfPage\":{\"@id\":\"https:\\\/\\\/digital58.com.ve\\\/site\\\/2022\\\/03\\\/16\\\/consejo-legislativo-del-estado-zulia-entrega-orden-ana-maria-campos-a-eveling-trejo-de-rosales\\\/#primaryimage\"},\"image\":{\"@id\":\"https:\\\/\\\/digital58.com.ve\\\/site\\\/2022\\\/03\\\/16\\\/consejo-legislativo-del-estado-zulia-entrega-orden-ana-maria-campos-a-eveling-trejo-de-rosales\\\/#primaryimage\"},\"thumbnailUrl\":\"https:\\\/\\\/digital58.com.ve\\\/site\\\/wp-content\\\/uploads\\\/2022\\\/03\\\/IMG-20220316-WA0089.jpg\",\"datePublished\":\"2022-03-16T21:13:29+00:00\",\"description\":\"Zulia\",\"breadcrumb\":{\"@id\":\"https:\\\/\\\/digital58.com.ve\\\/site\\\/2022\\\/03\\\/16\\\/consejo-legislativo-del-estado-zulia-entrega-orden-ana-maria-campos-a-eveling-trejo-de-rosales\\\/#breadcrumb\"},\"inLanguage\":\"es\",\"potentialAction\":[{\"@type\":\"ReadAction\",\"target\":[\"https:\\\/\\\/digital58.com.ve\\\/site\\\/2022\\\/03\\\/16\\\/consejo-legislativo-del-estado-zulia-entrega-orden-ana-maria-campos-a-eveling-trejo-de-rosales\\\/\"]}]},{\"@type\":\"ImageObject\",\"inLanguage\":\"es\",\"@id\":\"https:\\\/\\\/digital58.com.ve\\\/site\\\/2022\\\/03\\\/16\\\/consejo-legislativo-del-estado-zulia-entrega-orden-ana-maria-campos-a-eveling-trejo-de-rosales\\\/#primaryimage\",\"url\":\"https:\\\/\\\/digital58.com.ve\\\/site\\\/wp-content\\\/uploads\\\/2022\\\/03\\\/IMG-20220316-WA0089.jpg\",\"contentUrl\":\"https:\\\/\\\/digital58.com.ve\\\/site\\\/wp-content\\\/uploads\\\/2022\\\/03\\\/IMG-20220316-WA0089.jpg\",\"width\":768,\"height\":581},{\"@type\":\"BreadcrumbList\",\"@id\":\"https:\\\/\\\/digital58.com.ve\\\/site\\\/2022\\\/03\\\/16\\\/consejo-legislativo-del-estado-zulia-entrega-orden-ana-maria-campos-a-eveling-trejo-de-rosales\\\/#breadcrumb\",\"itemListElement\":[{\"@type\":\"ListItem\",\"position\":1,\"name\":\"Home\",\"item\":\"https:\\\/\\\/digital58.com.ve\\\/site\\\/\"},{\"@type\":\"ListItem\",\"position\":2,\"name\":\"Consejo Legislativo del Estado Zulia entrega Orden Ana Mar\u00eda Campos a Eveling Trejo de Rosales\"}]},{\"@type\":\"WebSite\",\"@id\":\"https:\\\/\\\/digital58.com.ve\\\/site\\\/#website\",\"url\":\"https:\\\/\\\/digital58.com.ve\\\/site\\\/\",\"name\":\"Noticias Digital58\",\"description\":\"Portal de Noticias \u00a1Periodismo web de verdad! Lanzamiento web 22.11.2005 \\\/ Maracaibo, Venezuela\",\"publisher\":{\"@id\":\"https:\\\/\\\/digital58.com.ve\\\/site\\\/#\\\/schema\\\/person\\\/64d1c2e4d0d4fd1b849980c4331c2951\"},\"alternateName\":\"ND58\",\"potentialAction\":[{\"@type\":\"SearchAction\",\"target\":{\"@type\":\"EntryPoint\",\"urlTemplate\":\"https:\\\/\\\/digital58.com.ve\\\/site\\\/?s={search_term_string}\"},\"query-input\":{\"@type\":\"PropertyValueSpecification\",\"valueRequired\":true,\"valueName\":\"search_term_string\"}}],\"inLanguage\":\"es\"},{\"@type\":[\"Person\",\"Organization\"],\"@id\":\"https:\\\/\\\/digital58.com.ve\\\/site\\\/#\\\/schema\\\/person\\\/64d1c2e4d0d4fd1b849980c4331c2951\",\"name\":\"Villasmil Henry\",\"image\":{\"@type\":\"ImageObject\",\"inLanguage\":\"es\",\"@id\":\"https:\\\/\\\/secure.gravatar.com\\\/avatar\\\/bb0c4a2fcb7970138239f7e404ea75757b1b507b28b5ce4c53fbd62d797c5a7c?s=96&d=mm&r=g\",\"url\":\"https:\\\/\\\/secure.gravatar.com\\\/avatar\\\/bb0c4a2fcb7970138239f7e404ea75757b1b507b28b5ce4c53fbd62d797c5a7c?s=96&d=mm&r=g\",\"contentUrl\":\"https:\\\/\\\/secure.gravatar.com\\\/avatar\\\/bb0c4a2fcb7970138239f7e404ea75757b1b507b28b5ce4c53fbd62d797c5a7c?s=96&d=mm&r=g\",\"caption\":\"Villasmil Henry\"},\"logo\":{\"@id\":\"https:\\\/\\\/secure.gravatar.com\\\/avatar\\\/bb0c4a2fcb7970138239f7e404ea75757b1b507b28b5ce4c53fbd62d797c5a7c?s=96&d=mm&r=g\"},\"sameAs\":[\"http:\\\/\\\/www.henryvillasmil.com.ve\",\"https:\\\/\\\/www.instagram.com\\\/villasmilhfoto\\\/\",\"https:\\\/\\\/x.com\\\/https:\\\/\\\/twitter.com\\\/villasmilhfoto\"],\"url\":\"https:\\\/\\\/digital58.com.ve\\\/site\\\/author\\\/droopy_68\\\/\"}]}<\/script>\n<!-- \/ Yoast SEO plugin. -->","yoast_head_json":{"title":"Consejo Legislativo del Estado Zulia entrega Orden Ana Mar\u00eda Campos a Eveling Trejo de Rosales","description":"Zulia","robots":{"index":"index","follow":"follow","max-snippet":"max-snippet:-1","max-image-preview":"max-image-preview:large","max-video-preview":"max-video-preview:-1"},"canonical":"https:\/\/digital58.com.ve\/site\/2022\/03\/16\/consejo-legislativo-del-estado-zulia-entrega-orden-ana-maria-campos-a-eveling-trejo-de-rosales\/","og_locale":"es_ES","og_type":"article","og_title":"Consejo Legislativo del Estado Zulia entrega Orden Ana Mar\u00eda Campos a Eveling Trejo de Rosales","og_description":"Zulia","og_url":"https:\/\/digital58.com.ve\/site\/2022\/03\/16\/consejo-legislativo-del-estado-zulia-entrega-orden-ana-maria-campos-a-eveling-trejo-de-rosales\/","og_site_name":"Noticias Digital58","article_published_time":"2022-03-16T21:13:29+00:00","og_image":[{"width":768,"height":581,"url":"https:\/\/digital58.com.ve\/site\/wp-content\/uploads\/2022\/03\/IMG-20220316-WA0089.jpg","type":"image\/jpeg"}],"author":"Villasmil Henry","twitter_card":"summary_large_image","twitter_creator":"@https:\/\/twitter.com\/villasmilhfoto","twitter_site":"@villasmilhfoto","twitter_misc":{"Escrito por":"Villasmil Henry","Tiempo estimado de lectura":"3 minutos"},"schema":{"@context":"https:\/\/schema.org","@graph":[{"@type":"Article","@id":"https:\/\/digital58.com.ve\/site\/2022\/03\/16\/consejo-legislativo-del-estado-zulia-entrega-orden-ana-maria-campos-a-eveling-trejo-de-rosales\/#article","isPartOf":{"@id":"https:\/\/digital58.com.ve\/site\/2022\/03\/16\/consejo-legislativo-del-estado-zulia-entrega-orden-ana-maria-campos-a-eveling-trejo-de-rosales\/"},"author":{"name":"Villasmil Henry","@id":"https:\/\/digital58.com.ve\/site\/#\/schema\/person\/64d1c2e4d0d4fd1b849980c4331c2951"},"headline":"Consejo Legislativo del Estado Zulia entrega Orden Ana Mar\u00eda Campos a Eveling Trejo de Rosales","datePublished":"2022-03-16T21:13:29+00:00","mainEntityOfPage":{"@id":"https:\/\/digital58.com.ve\/site\/2022\/03\/16\/consejo-legislativo-del-estado-zulia-entrega-orden-ana-maria-campos-a-eveling-trejo-de-rosales\/"},"wordCount":351,"commentCount":0,"publisher":{"@id":"https:\/\/digital58.com.ve\/site\/#\/schema\/person\/64d1c2e4d0d4fd1b849980c4331c2951"},"image":{"@id":"https:\/\/digital58.com.ve\/site\/2022\/03\/16\/consejo-legislativo-del-estado-zulia-entrega-orden-ana-maria-campos-a-eveling-trejo-de-rosales\/#primaryimage"},"thumbnailUrl":"https:\/\/digital58.com.ve\/site\/wp-content\/uploads\/2022\/03\/IMG-20220316-WA0089.jpg","keywords":["Catedral de Maracaibo","Consejo Legislativo del estado Zulia","D\u00eda Internacional de la Mujer","Eveling Trejo de Rosales","Maracaibo","Mes de la Mujer","Nacionales","Orden Ana Mar\u00eda Campos","Primera Dama del Estado Zulia","Regionales","Sesi\u00f3n Solemne","Venezuela"],"articleSection":["Zulia"],"inLanguage":"es","potentialAction":[{"@type":"CommentAction","name":"Comment","target":["https:\/\/digital58.com.ve\/site\/2022\/03\/16\/consejo-legislativo-del-estado-zulia-entrega-orden-ana-maria-campos-a-eveling-trejo-de-rosales\/#respond"]}]},{"@type":"WebPage","@id":"https:\/\/digital58.com.ve\/site\/2022\/03\/16\/consejo-legislativo-del-estado-zulia-entrega-orden-ana-maria-campos-a-eveling-trejo-de-rosales\/","url":"https:\/\/digital58.com.ve\/site\/2022\/03\/16\/consejo-legislativo-del-estado-zulia-entrega-orden-ana-maria-campos-a-eveling-trejo-de-rosales\/","name":"Consejo Legislativo del Estado Zulia entrega Orden Ana Mar\u00eda Campos a Eveling Trejo de Rosales","isPartOf":{"@id":"https:\/\/digital58.com.ve\/site\/#website"},"primaryImageOfPage":{"@id":"https:\/\/digital58.com.ve\/site\/2022\/03\/16\/consejo-legislativo-del-estado-zulia-entrega-orden-ana-maria-campos-a-eveling-trejo-de-rosales\/#primaryimage"},"image":{"@id":"https:\/\/digital58.com.ve\/site\/2022\/03\/16\/consejo-legislativo-del-estado-zulia-entrega-orden-ana-maria-campos-a-eveling-trejo-de-rosales\/#primaryimage"},"thumbnailUrl":"https:\/\/digital58.com.ve\/site\/wp-content\/uploads\/2022\/03\/IMG-20220316-WA0089.jpg","datePublished":"2022-03-16T21:13:29+00:00","description":"Zulia","breadcrumb":{"@id":"https:\/\/digital58.com.ve\/site\/2022\/03\/16\/consejo-legislativo-del-estado-zulia-entrega-orden-ana-maria-campos-a-eveling-trejo-de-rosales\/#breadcrumb"},"inLanguage":"es","potentialAction":[{"@type":"ReadAction","target":["https:\/\/digital58.com.ve\/site\/2022\/03\/16\/consejo-legislativo-del-estado-zulia-entrega-orden-ana-maria-campos-a-eveling-trejo-de-rosales\/"]}]},{"@type":"ImageObject","inLanguage":"es","@id":"https:\/\/digital58.com.ve\/site\/2022\/03\/16\/consejo-legislativo-del-estado-zulia-entrega-orden-ana-maria-campos-a-eveling-trejo-de-rosales\/#primaryimage","url":"https:\/\/digital58.com.ve\/site\/wp-content\/uploads\/2022\/03\/IMG-20220316-WA0089.jpg","contentUrl":"https:\/\/digital58.com.ve\/site\/wp-content\/uploads\/2022\/03\/IMG-20220316-WA0089.jpg","width":768,"height":581},{"@type":"BreadcrumbList","@id":"https:\/\/digital58.com.ve\/site\/2022\/03\/16\/consejo-legislativo-del-estado-zulia-entrega-orden-ana-maria-campos-a-eveling-trejo-de-rosales\/#breadcrumb","itemListElement":[{"@type":"ListItem","position":1,"name":"Home","item":"https:\/\/digital58.com.ve\/site\/"},{"@type":"ListItem","position":2,"name":"Consejo Legislativo del Estado Zulia entrega Orden Ana Mar\u00eda Campos a Eveling Trejo de Rosales"}]},{"@type":"WebSite","@id":"https:\/\/digital58.com.ve\/site\/#website","url":"https:\/\/digital58.com.ve\/site\/","name":"Noticias Digital58","description":"Portal de Noticias \u00a1Periodismo web de verdad! Lanzamiento web 22.11.2005 \/ Maracaibo, Venezuela","publisher":{"@id":"https:\/\/digital58.com.ve\/site\/#\/schema\/person\/64d1c2e4d0d4fd1b849980c4331c2951"},"alternateName":"ND58","potentialAction":[{"@type":"SearchAction","target":{"@type":"EntryPoint","urlTemplate":"https:\/\/digital58.com.ve\/site\/?s={search_term_string}"},"query-input":{"@type":"PropertyValueSpecification","valueRequired":true,"valueName":"search_term_string"}}],"inLanguage":"es"},{"@type":["Person","Organization"],"@id":"https:\/\/digital58.com.ve\/site\/#\/schema\/person\/64d1c2e4d0d4fd1b849980c4331c2951","name":"Villasmil Henry","image":{"@type":"ImageObject","inLanguage":"es","@id":"https:\/\/secure.gravatar.com\/avatar\/bb0c4a2fcb7970138239f7e404ea75757b1b507b28b5ce4c53fbd62d797c5a7c?s=96&d=mm&r=g","url":"https:\/\/secure.gravatar.com\/avatar\/bb0c4a2fcb7970138239f7e404ea75757b1b507b28b5ce4c53fbd62d797c5a7c?s=96&d=mm&r=g","contentUrl":"https:\/\/secure.gravatar.com\/avatar\/bb0c4a2fcb7970138239f7e404ea75757b1b507b28b5ce4c53fbd62d797c5a7c?s=96&d=mm&r=g","caption":"Villasmil Henry"},"logo":{"@id":"https:\/\/secure.gravatar.com\/avatar\/bb0c4a2fcb7970138239f7e404ea75757b1b507b28b5ce4c53fbd62d797c5a7c?s=96&d=mm&r=g"},"sameAs":["http:\/\/www.henryvillasmil.com.ve","https:\/\/www.instagram.com\/villasmilhfoto\/","https:\/\/x.com\/https:\/\/twitter.com\/villasmilhfoto"],"url":"https:\/\/digital58.com.ve\/site\/author\/droopy_68\/"}]}},"uagb_featured_image_src":{"full":["https:\/\/digital58.com.ve\/site\/wp-content\/uploads\/2022\/03\/IMG-20220316-WA0089.jpg",768,581,false],"thumbnail":["https:\/\/digital58.com.ve\/site\/wp-content\/uploads\/2022\/03\/IMG-20220316-WA0089-150x150.jpg",150,150,true],"medium":["https:\/\/digital58.com.ve\/site\/wp-content\/uploads\/2022\/03\/IMG-20220316-WA0089-300x227.jpg",300,227,true],"medium_large":["https:\/\/digital58.com.ve\/site\/wp-content\/uploads\/2022\/03\/IMG-20220316-WA0089.jpg",768,581,false],"large":["https:\/\/digital58.com.ve\/site\/wp-content\/uploads\/2022\/03\/IMG-20220316-WA0089.jpg",768,581,false],"1536x1536":["https:\/\/digital58.com.ve\/site\/wp-content\/uploads\/2022\/03\/IMG-20220316-WA0089.jpg",768,581,false],"2048x2048":["https:\/\/digital58.com.ve\/site\/wp-content\/uploads\/2022\/03\/IMG-20220316-WA0089.jpg",768,581,false],"colormag-highlighted-post":["https:\/\/digital58.com.ve\/site\/wp-content\/uploads\/2022\/03\/IMG-20220316-WA0089.jpg",360,272,false],"colormag-featured-post-medium":["https:\/\/digital58.com.ve\/site\/wp-content\/uploads\/2022\/03\/IMG-20220316-WA0089.jpg",271,205,false],"colormag-featured-post-small":["https:\/\/digital58.com.ve\/site\/wp-content\/uploads\/2022\/03\/IMG-20220316-WA0089.jpg",119,90,false],"colormag-featured-image":["https:\/\/digital58.com.ve\/site\/wp-content\/uploads\/2022\/03\/IMG-20220316-WA0089.jpg",588,445,false],"colormag-default-news":["https:\/\/digital58.com.ve\/site\/wp-content\/uploads\/2022\/03\/IMG-20220316-WA0089.jpg",150,113,false],"colormag-featured-image-large":["https:\/\/digital58.com.ve\/site\/wp-content\/uploads\/2022\/03\/IMG-20220316-WA0089.jpg",768,581,false]},"uagb_author_info":{"display_name":"Villasmil Henry","author_link":"https:\/\/digital58.com.ve\/site\/author\/droopy_68\/"},"uagb_comment_info":0,"uagb_excerpt":"En el acto protocolar como homenaje a la digna representante de la libertad zuliana se entregaron ofrendas florales por la","_links":{"self":[{"href":"https:\/\/digital58.com.ve\/site\/wp-json\/wp\/v2\/posts\/150115","targetHints":{"allow":["GET"]}}],"collection":[{"href":"https:\/\/digital58.com.ve\/site\/wp-json\/wp\/v2\/posts"}],"about":[{"href":"https:\/\/digital58.com.ve\/site\/wp-json\/wp\/v2\/types\/post"}],"author":[{"embeddable":true,"href":"https:\/\/digital58.com.ve\/site\/wp-json\/wp\/v2\/users\/1"}],"replies":[{"embeddable":true,"href":"https:\/\/digital58.com.ve\/site\/wp-json\/wp\/v2\/comments?post=150115"}],"version-history":[{"count":0,"href":"https:\/\/digital58.com.ve\/site\/wp-json\/wp\/v2\/posts\/150115\/revisions"}],"wp:featuredmedia":[{"embeddable":true,"href":"https:\/\/digital58.com.ve\/site\/wp-json\/wp\/v2\/media\/150118"}],"wp:attachment":[{"href":"https:\/\/digital58.com.ve\/site\/wp-json\/wp\/v2\/media?parent=150115"}],"wp:term":[{"taxonomy":"category","embeddable":true,"href":"https:\/\/digital58.com.ve\/site\/wp-json\/wp\/v2\/categories?post=150115"},{"taxonomy":"post_tag","embeddable":true,"href":"https:\/\/digital58.com.ve\/site\/wp-json\/wp\/v2\/tags?post=150115"}],"curies":[{"name":"wp","href":"https:\/\/api.w.org\/{rel}","templated":true}]}}